{"id":1393,"date":"2019-05-01T09:58:11","date_gmt":"2019-05-01T07:58:11","guid":{"rendered":"http:\/\/www.deanreed.de\/AmericanRebel\/vk\/?p=1393"},"modified":"2019-05-01T18:11:21","modified_gmt":"2019-05-01T16:11:21","slug":"mayday","status":"publish","type":"post","link":"https:\/\/www.deanreed.de\/AmericanRebel\/vk\/mayday\/","title":{"rendered":"&#8211; Mayday"},"content":{"rendered":"<table width=\"663\">\n<tbody>\n<tr>\n<td><a href=\"http:\/\/www.deanreed.de\/AmericanRebel\/2017\/?p=15038\" target=\"_blank\" rel=\"noopener noreferrer\">Volkskorrespondent<\/a><\/p>\n<h4>Lupo<br \/>\n<span style=\"color: #ffffff;\">.<\/span><\/h4>\n<h2><strong>Mayday <\/strong><\/h2>\n<\/td>\n<td><img loading=\"lazy\" class=\" wp-image-446 alignright\" src=\"http:\/\/www.deanreed.de\/AmericanRebel\/vk\/wp-content\/uploads\/2018\/07\/VK_end-768x768-300x300.png\" alt=\"\" width=\"116\" height=\"116\" srcset=\"https:\/\/www.deanreed.de\/AmericanRebel\/vk\/wp-content\/uploads\/2018\/07\/VK_end-768x768-300x300.png 300w, https:\/\/www.deanreed.de\/AmericanRebel\/vk\/wp-content\/uploads\/2018\/07\/VK_end-768x768-150x150.png 150w, https:\/\/www.deanreed.de\/AmericanRebel\/vk\/wp-content\/uploads\/2018\/07\/VK_end-768x768.png 768w\" sizes=\"(max-width: 116px) 100vw, 116px\" \/><\/td>\n<\/tr>\n<\/tbody>\n<\/table>\n<div id=\"attachment_1337\" style=\"width: 110px\" class=\"wp-caption alignleft\"><img aria-describedby=\"caption-attachment-1337\" loading=\"lazy\" class=\"size-full wp-image-1337\" src=\"http:\/\/www.deanreed.de\/AmericanRebel\/vk\/wp-content\/uploads\/2033\/01\/Lupo_klein.jpg\" alt=\"\" width=\"100\" height=\"150\" \/><p id=\"caption-attachment-1337\" class=\"wp-caption-text\"><span style=\"color: #808080;\">Lupo<\/span><\/p><\/div>\n<p style=\"text-align: justify;\"><strong>Mayday ist das internationale Rufzeichen f\u00fcr Not. Wenn zum 1. Mai in diesem Jahr, einmal rund um den Globus, die Arbeiterklasse marschiert um ihre Forderungen zu stellen, reicht dieses von artigen Dingen bis hin zur Wut. Wut \u00fcber die Globalisierung der Kapitalisten, der Ware Arbeitskraft mit den billigsten L\u00f6hnen und die Spaltung der Arbeiterklasse. Und so grassiert eine gnadenlose Arbeitshetze in den Fabriken.<\/strong><\/p>\n<p style=\"text-align: justify;\">Es wurde festgestellt, dass in diesem Land die psychischen Erkrankungen der Erwerbst\u00e4tigen an erster Stelle f\u00fcr Fehltage steht. Angstzust\u00e4nde plagen die Kollegen\/innen vor Fehler zu machen und Entlassungen. Dazwischen m\u00fcssen viele noch das t\u00e4gliche Mobbing ihrer Vorgesetzten ertragen. Statt Solidarit\u00e4t, hetzt &#8222;jeder gegen jeden&#8220; um beim Chef zu gl\u00e4nzen. Auf der Strecke bleiben menschliche Wracks, die fr\u00fchzeitig vor der Rente den L\u00f6ffel abgeben und somit bei der staatlichen Rentenkasse reichlich Einsparung gew\u00e4hrleisten. Zynisch wird von der \u00dcberalterung der Gesellschaft geredet. Doch da\u00df die meisten Erwerbst\u00e4tigen diese Rente gar nicht erreichen, davon, h\u00f6rt man kein Wort.<\/p>\n<div id=\"attachment_1401\" style=\"width: 290px\" class=\"wp-caption alignright\"><img aria-describedby=\"caption-attachment-1401\" loading=\"lazy\" class=\" wp-image-1401\" src=\"http:\/\/www.deanreed.de\/AmericanRebel\/vk\/wp-content\/uploads\/2019\/05\/gzu-300x225.jpg\" alt=\"\" width=\"280\" height=\"211\" srcset=\"https:\/\/www.deanreed.de\/AmericanRebel\/vk\/wp-content\/uploads\/2019\/05\/gzu-300x225.jpg 300w, https:\/\/www.deanreed.de\/AmericanRebel\/vk\/wp-content\/uploads\/2019\/05\/gzu.jpg 670w\" sizes=\"(max-width: 280px) 100vw, 280px\" \/><p id=\"caption-attachment-1401\" class=\"wp-caption-text\"><span style=\"color: #808080;\">Mobbing am Arbeitsplatz &#8211; statt Solidarit\u00e4t. Bild: YouTube<\/span><\/p><\/div>\n<p style=\"text-align: justify;\">Diese unhaltbaren Zust\u00e4nde unter den Kollegen\/-innen werden gern unter den Teppich gefegt, besonders von den Reformisten und Revisionisten in ihren Erkl\u00e4rungen zum 1. Mai. Da werden von artige Forderungen oder wirre Theorien aufgetischt, doch von den wahren Problemen dringt nichts in ihre Studierstuben und L\u00fcgenfabriken, denn leidende Proleten gibt es f\u00fcr sie schlichtweg nicht. Meist wird mit viel Tamtam, Bratwurst, Bier und Krawallmusik, zwecks Bet\u00e4ubung der Sinne, aufgewartet. Es werden &#8222;Sonntagsreden&#8220; gehalten und mit viel Gebr\u00fcll aus den Verst\u00e4rkeranlagen untermalt. Und so zieht der Prolet mit der Faust in der Tasche wieder nach Hause oder bleibt gleich ganz auf dem Sofa. Viel Papier wird auch verkauft und verteilt, wie z. B. die Maizeitung des DGB oder f\u00fcr 2,50 \u20ac oder die Rote Fahne der MLPD zum 1. Mai. Die tr\u00e4gt in diesem Jahr den Titel: &#8222;1. Mai 2019: MLPD-Arbeiterpartei der Zukunft&#8220;. Waschmittelwerbung ist noch besser als dieser hohle Spruch. Sollen die Arbeiter warten bis zur Zukunft, wenn sie mal als Arbeiter was zu sagen haben? Am sogenannten St. Nimmerleinstag?<\/p>\n<p style=\"text-align: justify;\"><img loading=\"lazy\" class=\" wp-image-1415 alignleft\" src=\"http:\/\/www.deanreed.de\/AmericanRebel\/vk\/wp-content\/uploads\/2019\/05\/er-225x300.jpg\" alt=\"\" width=\"213\" height=\"284\" srcset=\"https:\/\/www.deanreed.de\/AmericanRebel\/vk\/wp-content\/uploads\/2019\/05\/er-225x300.jpg 225w, https:\/\/www.deanreed.de\/AmericanRebel\/vk\/wp-content\/uploads\/2019\/05\/er.jpg 619w\" sizes=\"(max-width: 213px) 100vw, 213px\" \/>Nun hat Lisa G\u00e4rtner, ein Spr\u00f6ssling der aus der &#8222;Engel-Dynastie&#8220;, eine &#8222;Ausarbeitung&#8220; zur Frage der Diktatur des Proletariats in der aktuellen Maizeitung publiziert. Wie oben geschildert, leiden die Arbeitenden an Angst in den Betrieben. Doch sie greift die angebliche Angst die unter der Diktatur des Proletariats wie sie zurzeit von Lenin und Stalin in der Sowjetunion herrschte, als vergleich auf. Angst im Kapitalismus, Angst im Sozialismus, welch wonniger Zustand f\u00fcr die Kapitalisten. So kann nach ihrer Idee beruhigt weiterhin ausgebeutet werden.<\/p>\n<p style=\"text-align: justify;\">Die Phantastereien der Lisa G\u00e4rtner sollen nun den Eindruck erwecken, die Diktatur des Proletariats k\u00f6nne als Medizin in den Betrieben dieser Republik wirken. So wie bei Amazon, den Krankenh\u00e4usern oder Ford. Doch bislang wirken dort nur reformistische und revisionistische Kr\u00e4fte, also v\u00f6llig harmlos f\u00fcr die Herrschenden. Die Geschichte der Arbeiterbewegung ist eine Geschichte von Klassenk\u00e4mpfen. Und diese, unsere Geschichte, hat zum Beispiel bei VW in den 70er Jahren dazu gef\u00fchrt, dass mit der Parole &#8222;VW geh\u00f6rt uns&#8220;, also die Eigentumsfrage, das Verwaltungshochhaus in Wolfsburg gest\u00fcrmt wurde und die Bonzen verjagt wurden. Ein anders Blatt ist dabei, dass die Porsche-Sippe bei VW danach vollst\u00e4ndig die Macht \u00fcbernommen hat. Deswegen, weil die Sozen bei VW gnadenlos mit Arbeitsverboten, Folter in Brasilien und Erschie\u00dfungen in China aufger\u00e4umt haben. Davon kein Wort von Lisa G\u00e4rtner. Diese traurige Heldin der Arbeit blendet die K\u00e4mpfe der Arbeiterklasse aus und m\u00f6chte uns den Stempel dieser Million\u00e4rspartei MLPD aufdr\u00fccken. Schade um den abgeholzten Baum f\u00fcr das Glanzpapier der MLPD-Maizeitung!<\/p>\n<p style=\"text-align: center;\"><span style=\"font-size: 10pt;\">_____________________________________________________________________________<\/span><\/p>\n<p style=\"text-align: center;\"><span style=\"font-size: 10pt;\">F\u00fcr den Inhalt dieses Artikels ist ausschlie\u00dflich die Autorin bzw. der Autor verantwortlich.<\/span><br \/>\n<span style=\"font-size: 10pt;\">Ver\u00f6ffentlichungen sind nur angeschlossenen Medien der Gruppe-Volkskorrespondenz gestattet.<\/span><\/p>\n","protected":false},"excerpt":{"rendered":"<p>Volkskorrespondent Lupo . Mayday Mayday ist das internationale Rufzeichen f\u00fcr Not. Wenn zum 1. Mai in diesem Jahr, einmal rund um den Globus, die Arbeiterklasse marschiert um ihre Forderungen zu stellen, reicht dieses von artigen Dingen bis hin zur Wut. [&hellip;]<a class=\"more-link\" href=\"https:\/\/www.deanreed.de\/AmericanRebel\/vk\/mayday\/\">&darr; Lese den Rest von diesem Eintrag&#8230;<\/a><\/p>\n","protected":false},"author":2,"featured_media":0,"comment_status":"closed","ping_status":"closed","sticky":false,"template":"","format":"standard","meta":[],"categories":[1,14],"tags":[],"yoast_head":"<!-- This site is optimized with the Yoast SEO plugin v17.5 - https:\/\/yoast.com\/wordpress\/plugins\/seo\/ -->\n<title>- Mayday - Volkskorrespondenz<\/title>\n<meta name=\"robots\" content=\"index, follow, max-snippet:-1, max-image-preview:large, max-video-preview:-1\" \/>\n<link rel=\"canonical\" href=\"http:\/\/www.deanreed.de\/AmericanRebel\/vk\/mayday\/\" \/>\n<meta property=\"og:locale\" content=\"de_DE\" \/>\n<meta property=\"og:type\" content=\"article\" \/>\n<meta property=\"og:title\" content=\"- Mayday - Volkskorrespondenz\" \/>\n<meta property=\"og:description\" content=\"Volkskorrespondent Lupo . Mayday Mayday ist das internationale Rufzeichen f\u00fcr Not. Wenn zum 1. Mai in diesem Jahr, einmal rund um den Globus, die Arbeiterklasse marschiert um ihre Forderungen zu stellen, reicht dieses von artigen Dingen bis hin zur Wut. [&hellip;]&darr; Lese den Rest von diesem Eintrag...\" \/>\n<meta property=\"og:url\" content=\"http:\/\/www.deanreed.de\/AmericanRebel\/vk\/mayday\/\" \/>\n<meta property=\"og:site_name\" content=\"Volkskorrespondenz\" \/>\n<meta property=\"article:published_time\" content=\"2019-05-01T07:58:11+00:00\" \/>\n<meta property=\"article:modified_time\" content=\"2019-05-01T16:11:21+00:00\" \/>\n<meta property=\"og:image\" content=\"http:\/\/www.deanreed.de\/AmericanRebel\/vk\/wp-content\/uploads\/2018\/07\/VK_end-768x768-300x300.png\" \/>\n<meta name=\"twitter:card\" content=\"summary_large_image\" \/>\n<meta name=\"twitter:label1\" content=\"Verfasst von\" \/>\n\t<meta name=\"twitter:data1\" content=\"Fiete\" \/>\n\t<meta name=\"twitter:label2\" content=\"Gesch\u00e4tzte Lesezeit\" \/>\n\t<meta name=\"twitter:data2\" content=\"3\u00a0Minuten\" \/>\n<script type=\"application\/ld+json\" class=\"yoast-schema-graph\">{\"@context\":\"https:\/\/schema.org\",\"@graph\":[{\"@type\":\"WebSite\",\"@id\":\"http:\/\/www.deanreed.de\/AmericanRebel\/vk\/#website\",\"url\":\"http:\/\/www.deanreed.de\/AmericanRebel\/vk\/\",\"name\":\"Volkskorrespondenz\",\"description\":\"Leser\/innen schreiben selber\",\"potentialAction\":[{\"@type\":\"SearchAction\",\"target\":{\"@type\":\"EntryPoint\",\"urlTemplate\":\"http:\/\/www.deanreed.de\/AmericanRebel\/vk\/?s={search_term_string}\"},\"query-input\":\"required name=search_term_string\"}],\"inLanguage\":\"de\"},{\"@type\":\"ImageObject\",\"@id\":\"http:\/\/www.deanreed.de\/AmericanRebel\/vk\/mayday\/#primaryimage\",\"inLanguage\":\"de\",\"url\":\"http:\/\/www.deanreed.de\/AmericanRebel\/vk\/wp-content\/uploads\/2018\/07\/VK_end-768x768-300x300.png\",\"contentUrl\":\"http:\/\/www.deanreed.de\/AmericanRebel\/vk\/wp-content\/uploads\/2018\/07\/VK_end-768x768-300x300.png\"},{\"@type\":\"WebPage\",\"@id\":\"http:\/\/www.deanreed.de\/AmericanRebel\/vk\/mayday\/#webpage\",\"url\":\"http:\/\/www.deanreed.de\/AmericanRebel\/vk\/mayday\/\",\"name\":\"- Mayday - Volkskorrespondenz\",\"isPartOf\":{\"@id\":\"http:\/\/www.deanreed.de\/AmericanRebel\/vk\/#website\"},\"primaryImageOfPage\":{\"@id\":\"http:\/\/www.deanreed.de\/AmericanRebel\/vk\/mayday\/#primaryimage\"},\"datePublished\":\"2019-05-01T07:58:11+00:00\",\"dateModified\":\"2019-05-01T16:11:21+00:00\",\"author\":{\"@id\":\"http:\/\/www.deanreed.de\/AmericanRebel\/vk\/#\/schema\/person\/0e6b12a10e7a787c6a7c19ecd1ad5785\"},\"breadcrumb\":{\"@id\":\"http:\/\/www.deanreed.de\/AmericanRebel\/vk\/mayday\/#breadcrumb\"},\"inLanguage\":\"de\",\"potentialAction\":[{\"@type\":\"ReadAction\",\"target\":[\"http:\/\/www.deanreed.de\/AmericanRebel\/vk\/mayday\/\"]}]},{\"@type\":\"BreadcrumbList\",\"@id\":\"http:\/\/www.deanreed.de\/AmericanRebel\/vk\/mayday\/#breadcrumb\",\"itemListElement\":[{\"@type\":\"ListItem\",\"position\":1,\"name\":\"Startseite\",\"item\":\"http:\/\/www.deanreed.de\/AmericanRebel\/vk\/\"},{\"@type\":\"ListItem\",\"position\":2,\"name\":\"&#8211; Mayday\"}]},{\"@type\":\"Person\",\"@id\":\"http:\/\/www.deanreed.de\/AmericanRebel\/vk\/#\/schema\/person\/0e6b12a10e7a787c6a7c19ecd1ad5785\",\"name\":\"Fiete\",\"url\":\"https:\/\/www.deanreed.de\/AmericanRebel\/vk\/author\/redaktion\/\"}]}<\/script>\n<!-- \/ Yoast SEO plugin. -->","yoast_head_json":{"title":"- Mayday - Volkskorrespondenz","robots":{"index":"index","follow":"follow","max-snippet":"max-snippet:-1","max-image-preview":"max-image-preview:large","max-video-preview":"max-video-preview:-1"},"canonical":"http:\/\/www.deanreed.de\/AmericanRebel\/vk\/mayday\/","og_locale":"de_DE","og_type":"article","og_title":"- Mayday - Volkskorrespondenz","og_description":"Volkskorrespondent Lupo . Mayday Mayday ist das internationale Rufzeichen f\u00fcr Not. Wenn zum 1. Mai in diesem Jahr, einmal rund um den Globus, die Arbeiterklasse marschiert um ihre Forderungen zu stellen, reicht dieses von artigen Dingen bis hin zur Wut. [&hellip;]&darr; Lese den Rest von diesem Eintrag...","og_url":"http:\/\/www.deanreed.de\/AmericanRebel\/vk\/mayday\/","og_site_name":"Volkskorrespondenz","article_published_time":"2019-05-01T07:58:11+00:00","article_modified_time":"2019-05-01T16:11:21+00:00","og_image":[{"url":"http:\/\/www.deanreed.de\/AmericanRebel\/vk\/wp-content\/uploads\/2018\/07\/VK_end-768x768-300x300.png"}],"twitter_card":"summary_large_image","twitter_misc":{"Verfasst von":"Fiete","Gesch\u00e4tzte Lesezeit":"3\u00a0Minuten"},"schema":{"@context":"https:\/\/schema.org","@graph":[{"@type":"WebSite","@id":"http:\/\/www.deanreed.de\/AmericanRebel\/vk\/#website","url":"http:\/\/www.deanreed.de\/AmericanRebel\/vk\/","name":"Volkskorrespondenz","description":"Leser\/innen schreiben selber","potentialAction":[{"@type":"SearchAction","target":{"@type":"EntryPoint","urlTemplate":"http:\/\/www.deanreed.de\/AmericanRebel\/vk\/?s={search_term_string}"},"query-input":"required name=search_term_string"}],"inLanguage":"de"},{"@type":"ImageObject","@id":"http:\/\/www.deanreed.de\/AmericanRebel\/vk\/mayday\/#primaryimage","inLanguage":"de","url":"http:\/\/www.deanreed.de\/AmericanRebel\/vk\/wp-content\/uploads\/2018\/07\/VK_end-768x768-300x300.png","contentUrl":"http:\/\/www.deanreed.de\/AmericanRebel\/vk\/wp-content\/uploads\/2018\/07\/VK_end-768x768-300x300.png"},{"@type":"WebPage","@id":"http:\/\/www.deanreed.de\/AmericanRebel\/vk\/mayday\/#webpage","url":"http:\/\/www.deanreed.de\/AmericanRebel\/vk\/mayday\/","name":"- Mayday - Volkskorrespondenz","isPartOf":{"@id":"http:\/\/www.deanreed.de\/AmericanRebel\/vk\/#website"},"primaryImageOfPage":{"@id":"http:\/\/www.deanreed.de\/AmericanRebel\/vk\/mayday\/#primaryimage"},"datePublished":"2019-05-01T07:58:11+00:00","dateModified":"2019-05-01T16:11:21+00:00","author":{"@id":"http:\/\/www.deanreed.de\/AmericanRebel\/vk\/#\/schema\/person\/0e6b12a10e7a787c6a7c19ecd1ad5785"},"breadcrumb":{"@id":"http:\/\/www.deanreed.de\/AmericanRebel\/vk\/mayday\/#breadcrumb"},"inLanguage":"de","potentialAction":[{"@type":"ReadAction","target":["http:\/\/www.deanreed.de\/AmericanRebel\/vk\/mayday\/"]}]},{"@type":"BreadcrumbList","@id":"http:\/\/www.deanreed.de\/AmericanRebel\/vk\/mayday\/#breadcrumb","itemListElement":[{"@type":"ListItem","position":1,"name":"Startseite","item":"http:\/\/www.deanreed.de\/AmericanRebel\/vk\/"},{"@type":"ListItem","position":2,"name":"&#8211; Mayday"}]},{"@type":"Person","@id":"http:\/\/www.deanreed.de\/AmericanRebel\/vk\/#\/schema\/person\/0e6b12a10e7a787c6a7c19ecd1ad5785","name":"Fiete","url":"https:\/\/www.deanreed.de\/AmericanRebel\/vk\/author\/redaktion\/"}]}},"_links":{"self":[{"href":"https:\/\/www.deanreed.de\/AmericanRebel\/vk\/wp-json\/wp\/v2\/posts\/1393"}],"collection":[{"href":"https:\/\/www.deanreed.de\/AmericanRebel\/vk\/wp-json\/wp\/v2\/posts"}],"about":[{"href":"https:\/\/www.deanreed.de\/AmericanRebel\/vk\/wp-json\/wp\/v2\/types\/post"}],"author":[{"embeddable":true,"href":"https:\/\/www.deanreed.de\/AmericanRebel\/vk\/wp-json\/wp\/v2\/users\/2"}],"replies":[{"embeddable":true,"href":"https:\/\/www.deanreed.de\/AmericanRebel\/vk\/wp-json\/wp\/v2\/comments?post=1393"}],"version-history":[{"count":14,"href":"https:\/\/www.deanreed.de\/AmericanRebel\/vk\/wp-json\/wp\/v2\/posts\/1393\/revisions"}],"predecessor-version":[{"id":1418,"href":"https:\/\/www.deanreed.de\/AmericanRebel\/vk\/wp-json\/wp\/v2\/posts\/1393\/revisions\/1418"}],"wp:attachment":[{"href":"https:\/\/www.deanreed.de\/AmericanRebel\/vk\/wp-json\/wp\/v2\/media?parent=1393"}],"wp:term":[{"taxonomy":"category","embeddable":true,"href":"https:\/\/www.deanreed.de\/AmericanRebel\/vk\/wp-json\/wp\/v2\/categories?post=1393"},{"taxonomy":"post_tag","embeddable":true,"href":"https:\/\/www.deanreed.de\/AmericanRebel\/vk\/wp-json\/wp\/v2\/tags?post=1393"}],"curies":[{"name":"wp","href":"https:\/\/api.w.org\/{rel}","templated":true}]}}