{"id":1962,"date":"2020-01-16T00:25:30","date_gmt":"2020-01-15T23:25:30","guid":{"rendered":"http:\/\/www.deanreed.de\/AmericanRebel\/ml\/?p=1962"},"modified":"2020-01-23T12:29:35","modified_gmt":"2020-01-23T11:29:35","slug":"1962-2","status":"publish","type":"post","link":"https:\/\/www.deanreed.de\/AmericanRebel\/ml\/1962-2\/","title":{"rendered":"&#8211; Grundsatzerkl\u00e4rung von ARBEIT-ZUKUNFT"},"content":{"rendered":"<p><span style=\"font-size: 14pt;\"><strong>Neuerscheinung<\/strong><\/span><\/p>\n<p><img loading=\"lazy\" class=\"alignnone wp-image-1963\" src=\"http:\/\/www.deanreed.de\/AmericanRebel\/ml\/wp-content\/uploads\/2020\/01\/Grundsatzerkla\u0308rung--300x169.png\" alt=\"\" width=\"737\" height=\"415\" srcset=\"https:\/\/www.deanreed.de\/AmericanRebel\/ml\/wp-content\/uploads\/2020\/01\/Grundsatzerkla\u0308rung--300x169.png 300w, https:\/\/www.deanreed.de\/AmericanRebel\/ml\/wp-content\/uploads\/2020\/01\/Grundsatzerkla\u0308rung--1024x576.png 1024w, https:\/\/www.deanreed.de\/AmericanRebel\/ml\/wp-content\/uploads\/2020\/01\/Grundsatzerkla\u0308rung--768x432.png 768w, https:\/\/www.deanreed.de\/AmericanRebel\/ml\/wp-content\/uploads\/2020\/01\/Grundsatzerkla\u0308rung-.png 1400w\" sizes=\"(max-width: 737px) 100vw, 737px\" \/><\/p>\n<div class=\"_2cuy _3dgx _2vxa\"><span class=\"_4yxo\">\u00a0<\/span><\/div>\n<div class=\"_2cuy _3dgx _2vxa\" style=\"text-align: justify;\"><span class=\"_4yxo\" style=\"font-size: 14pt;\">Die Grundsatzerkl\u00e4rung der Organisation f\u00fcr den Aufbau einer Kommunistischen Arbeiterpartei Deutschlands<\/span><\/div>\n<div class=\"_2cuy _3dgx _2vxa\" style=\"text-align: justify;\">\n<p><span style=\"font-size: 14pt;\">enth\u00e4lt eine Einsch\u00e4tzung der aktuellen Situation, der tiefen Krise dieser Gesellschaft. Damit verbunden werden Rassismus und Faschismus sowie die wachsende Kriegsgefahr grunds\u00e4tzlich betrachtet. Es folgt ein Abschnitt \u00fcber der Lage der Arbeiterklasse und ihre Aufgaben sowie unsere Anschauungen, wie das Fehlen einer Kommunistischen Arbeiterpartei \u00fcber<span class=\"text_exposed_show\">wunden werden kann.<\/span><\/span><\/p>\n<p><span class=\"_4yxp\" style=\"font-size: 14pt;\">Brosch\u00fcre mit 24 Seiten, 1,00 Euro, zuz\u00fcglich 1,70 Euro Porto und Verpackung (Bei Mehrfachbestellungen wird nur einmal Porto berechnet.)<\/span><\/p>\n<\/div>\n<div class=\"text_exposed_show\">\n<div class=\"_2cuy _3dgx _2vxa\" style=\"text-align: justify;\">\n<p><span class=\"_4yxp\" style=\"font-size: 14pt;\">Bestellungen an: <\/span><span class=\"_4yxp\" style=\"font-size: 14pt;\">Verlag AZ, Postfach 401051, 70410 Stuttgart oder an <\/span><a href=\"mailto:info@arbeit-zukunft.de\" target=\"_blank\" rel=\"noopener noreferrer\"><span class=\"_4yxp\" style=\"font-size: 14pt;\">info@arbeit-zukunft.de<\/span><\/a><\/p>\n<\/div>\n<\/div>\n","protected":false},"excerpt":{"rendered":"<p>Neuerscheinung \u00a0 Die Grundsatzerkl\u00e4rung der Organisation f\u00fcr den Aufbau einer Kommunistischen Arbeiterpartei Deutschlands enth\u00e4lt eine Einsch\u00e4tzung der aktuellen Situation, der tiefen Krise dieser Gesellschaft. Damit verbunden werden Rassismus und Faschismus sowie die wachsende Kriegsgefahr grunds\u00e4tzlich betrachtet. Es folgt ein Abschnitt [&hellip;]<a class=\"more-link\" href=\"https:\/\/www.deanreed.de\/AmericanRebel\/ml\/1962-2\/\">&darr; Lese den Rest von diesem Eintrag&#8230;<\/a><\/p>\n","protected":false},"author":2,"featured_media":0,"comment_status":"open","ping_status":"open","sticky":false,"template":"","format":"standard","meta":[],"categories":[1],"tags":[],"yoast_head":"<!-- This site is optimized with the Yoast SEO plugin v14.9 - https:\/\/yoast.com\/wordpress\/plugins\/seo\/ -->\n<title>- Grundsatzerkl\u00e4rung von ARBEIT-ZUKUNFT - Einheit<\/title>\n<meta name=\"robots\" content=\"index, follow, max-snippet:-1, max-image-preview:large, max-video-preview:-1\" \/>\n<link rel=\"canonical\" href=\"http:\/\/www.deanreed.de\/AmericanRebel\/ml\/1962-2\/\" \/>\n<meta property=\"og:locale\" content=\"de_DE\" \/>\n<meta property=\"og:type\" content=\"article\" \/>\n<meta property=\"og:title\" content=\"- Grundsatzerkl\u00e4rung von ARBEIT-ZUKUNFT - Einheit\" \/>\n<meta property=\"og:description\" content=\"Neuerscheinung \u00a0 Die Grundsatzerkl\u00e4rung der Organisation f\u00fcr den Aufbau einer Kommunistischen Arbeiterpartei Deutschlands enth\u00e4lt eine Einsch\u00e4tzung der aktuellen Situation, der tiefen Krise dieser Gesellschaft. Damit verbunden werden Rassismus und Faschismus sowie die wachsende Kriegsgefahr grunds\u00e4tzlich betrachtet. Es folgt ein Abschnitt [&hellip;]&darr; Lese den Rest von diesem Eintrag...\" \/>\n<meta property=\"og:url\" content=\"http:\/\/www.deanreed.de\/AmericanRebel\/ml\/1962-2\/\" \/>\n<meta property=\"og:site_name\" content=\"Einheit\" \/>\n<meta property=\"article:published_time\" content=\"2020-01-15T23:25:30+00:00\" \/>\n<meta property=\"article:modified_time\" content=\"2020-01-23T11:29:35+00:00\" \/>\n<meta property=\"og:image\" content=\"http:\/\/www.deanreed.de\/AmericanRebel\/ml\/wp-content\/uploads\/2020\/01\/Grundsatzerkla\u0308rung--300x169.png\" \/>\n<meta name=\"twitter:card\" content=\"summary_large_image\" \/>\n<script type=\"application\/ld+json\" class=\"yoast-schema-graph\">{\"@context\":\"https:\/\/schema.org\",\"@graph\":[{\"@type\":\"WebSite\",\"@id\":\"https:\/\/www.deanreed.de\/AmericanRebel\/ml\/#website\",\"url\":\"https:\/\/www.deanreed.de\/AmericanRebel\/ml\/\",\"name\":\"Einheit\",\"description\":\"Forum zur F\\u00f6rderung der Einheit der Marxisten-Leninisten\",\"potentialAction\":[{\"@type\":\"SearchAction\",\"target\":\"https:\/\/www.deanreed.de\/AmericanRebel\/ml\/?s={search_term_string}\",\"query-input\":\"required name=search_term_string\"}],\"inLanguage\":\"de\"},{\"@type\":\"ImageObject\",\"@id\":\"http:\/\/www.deanreed.de\/AmericanRebel\/ml\/1962-2\/#primaryimage\",\"inLanguage\":\"de\",\"url\":\"http:\/\/www.deanreed.de\/AmericanRebel\/ml\/wp-content\/uploads\/2020\/01\/Grundsatzerkla\\u0308rung--300x169.png\"},{\"@type\":\"WebPage\",\"@id\":\"http:\/\/www.deanreed.de\/AmericanRebel\/ml\/1962-2\/#webpage\",\"url\":\"http:\/\/www.deanreed.de\/AmericanRebel\/ml\/1962-2\/\",\"name\":\"- Grundsatzerkl\\u00e4rung von ARBEIT-ZUKUNFT - Einheit\",\"isPartOf\":{\"@id\":\"https:\/\/www.deanreed.de\/AmericanRebel\/ml\/#website\"},\"primaryImageOfPage\":{\"@id\":\"http:\/\/www.deanreed.de\/AmericanRebel\/ml\/1962-2\/#primaryimage\"},\"datePublished\":\"2020-01-15T23:25:30+00:00\",\"dateModified\":\"2020-01-23T11:29:35+00:00\",\"author\":{\"@id\":\"https:\/\/www.deanreed.de\/AmericanRebel\/ml\/#\/schema\/person\/99ac9674144165cd8225fa146e9dc3ae\"},\"inLanguage\":\"de\",\"potentialAction\":[{\"@type\":\"ReadAction\",\"target\":[\"http:\/\/www.deanreed.de\/AmericanRebel\/ml\/1962-2\/\"]}]},{\"@type\":\"Person\",\"@id\":\"https:\/\/www.deanreed.de\/AmericanRebel\/ml\/#\/schema\/person\/99ac9674144165cd8225fa146e9dc3ae\",\"name\":\"Redaktion\"}]}<\/script>\n<!-- \/ Yoast SEO plugin. -->","_links":{"self":[{"href":"https:\/\/www.deanreed.de\/AmericanRebel\/ml\/wp-json\/wp\/v2\/posts\/1962"}],"collection":[{"href":"https:\/\/www.deanreed.de\/AmericanRebel\/ml\/wp-json\/wp\/v2\/posts"}],"about":[{"href":"https:\/\/www.deanreed.de\/AmericanRebel\/ml\/wp-json\/wp\/v2\/types\/post"}],"author":[{"embeddable":true,"href":"https:\/\/www.deanreed.de\/AmericanRebel\/ml\/wp-json\/wp\/v2\/users\/2"}],"replies":[{"embeddable":true,"href":"https:\/\/www.deanreed.de\/AmericanRebel\/ml\/wp-json\/wp\/v2\/comments?post=1962"}],"version-history":[{"count":5,"href":"https:\/\/www.deanreed.de\/AmericanRebel\/ml\/wp-json\/wp\/v2\/posts\/1962\/revisions"}],"predecessor-version":[{"id":1969,"href":"https:\/\/www.deanreed.de\/AmericanRebel\/ml\/wp-json\/wp\/v2\/posts\/1962\/revisions\/1969"}],"wp:attachment":[{"href":"https:\/\/www.deanreed.de\/AmericanRebel\/ml\/wp-json\/wp\/v2\/media?parent=1962"}],"wp:term":[{"taxonomy":"category","embeddable":true,"href":"https:\/\/www.deanreed.de\/AmericanRebel\/ml\/wp-json\/wp\/v2\/categories?post=1962"},{"taxonomy":"post_tag","embeddable":true,"href":"https:\/\/www.deanreed.de\/AmericanRebel\/ml\/wp-json\/wp\/v2\/tags?post=1962"}],"curies":[{"name":"wp","href":"https:\/\/api.w.org\/{rel}","templated":true}]}}