{"id":1906,"date":"2019-04-08T00:33:21","date_gmt":"2019-04-07T22:33:21","guid":{"rendered":"http:\/\/www.deanreed.de\/AmericanRebel\/elcantor\/?p=1906"},"modified":"2019-04-08T17:37:11","modified_gmt":"2019-04-08T15:37:11","slug":"antideutsche-tahya-falastin-lang-lebe-palaestina","status":"publish","type":"post","link":"https:\/\/www.deanreed.de\/AmericanRebel\/elcantor\/antideutsche-tahya-falastin-lang-lebe-palaestina\/","title":{"rendered":"&#8211; Antideutsche \/ Tahya Falastin\u00ab (Lang lebe Pal\u00e4stina)"},"content":{"rendered":"<div class=\"entry\">\n<h4>Fiete Jensen<\/h4>\n<h2 class=\"title style-scope ytd-video-primary-info-renderer\">Antideutsche \/ Tahya Falastin\u00ab (Lang lebe Pal\u00e4stina)<\/h2>\n<div id=\"attachment_1907\" style=\"width: 110px\" class=\"wp-caption alignleft\"><img aria-describedby=\"caption-attachment-1907\" loading=\"lazy\" class=\"size-full wp-image-1907\" src=\"http:\/\/www.deanreed.de\/AmericanRebel\/elcantor\/wp-content\/uploads\/2019\/04\/Fiete_Jensen.png\" alt=\"\" width=\"100\" height=\"150\" \/><p id=\"caption-attachment-1907\" class=\"wp-caption-text\"><span style=\"color: #808080;\">Fiete Jensen<\/span><\/p><\/div>\n<p class=\"title style-scope ytd-video-primary-info-renderer\" style=\"text-align: justify;\"><strong>Die Musiker Kaveh und Thawra produzierte vor Kurzem diesen Rap und stellte ihn im Januar ins Netz. Es ist schon rech ungew\u00f6hnlich \u00fcber die Tseudolinke Bewegung einen Rap zu schreiben, doch sie haben den Antideutschen einen Song gewidmet um damit ihre Solidarit\u00e4t mit Pal\u00e4stina deutlich zu machen.<\/strong><\/p>\n<p class=\"title style-scope ytd-video-primary-info-renderer\" style=\"text-align: justify;\">Das Video wurde in den ersten drei Wochen \u00fcber 24.000 und bis zum 30. Januar mehr als 125.000 angeklickt. Und im Internet massiv angegriffen. Die Folge war u. a. die Ausladung Thawras von einem Kurdistansolidarit\u00e4tsfestival.<\/p>\n<p style=\"text-align: justify;\">Abschiebungsforderungen gegen die beiden Musiker und die Gleichsetztung mit Nazis waren die h\u00e4ufigsten Hetzkommentare unter dem Artikel, dabei war nicht immer deutlich, ob die KommentatorInnen aus dem rechtspopulistischem oder antideutschen Spektrum stammen. Wenn es um Muslime oder solche, die daf\u00fcr gehalten werden, geht, verschwimmen die Unterschiede von Rechtspopulismus und Antideutschtum zunehmend. Gegen Thawra wird von den Kommentatoren nicht nur mit rassistischen \u00c4u\u00dferungen Stimmung gemacht, sondern auch mit sexistischen, ein Kommentar lautet: \u201eWas ich f\u00fcr die Pali-Nazi-Schlampe, die sich Thawra nennt, vorschlage, ist leider nicht jugendfrei.\u201c Das von antideutschen Kommentatoren, die sich sonst gerne als antisexistisch darstellen. Die Kommentare unter dem Song richten sich dabei jedoch nicht nur gegen die beiden, sondern auch gegen gl\u00e4ubige Muslima, so kommentiert ein Youtuber mit dem Namen \u201eTheodor Herzl\u201c: \u201eich hasse eure fromme Schwestern wirklich!\u201c<\/p>\n<p style=\"text-align: justify;\">Der traurige H\u00f6hepunkt der Stimmungsmache war allerdings die Ausladung Thawras von einem Kurdistansolidarit\u00e4tskonzert, bei dem sie eigentlich auftreten sollte. Sie selbst kommentierte die Ausladung\u00a0mit klaren Worten: \u201eDie Ausladung ist Ausdruck dieser Feigheit von der ich eben gesprochen habe. Sie haben auch gesagt, dass sie sich nicht gegen mich stellen wollen, sondern einfach keinen Streit wollen, bisher gibt es allerdings kein Statement, ich hoffe, dass das sich noch \u00e4ndert. Allerdings ist das Schweigen immer auch eine Positionierung an der Seite der St\u00e4rkeren, der Unterdr\u00fccker.\u201c<\/p>\n<p style=\"text-align: justify;\">Dass es aber nicht nur Hetze gab, zeigte die Rapperin Ruken Serhildan, die nach Thawras Ausladung ebenfalls ihren Auftritt absagte, auch Albino &amp; Holger Burner zeigten sich solidarisch und luden Thawra ein auf ihrer Tour aufzutreten.\u00a0 Als Linke und SozialistInnen ist es unsere Aufgabe den antiimperialistischen GenossInnen beizuspringen und ein deutliches Zeichen gegen deren Hetze zu setzen. Das bedeutet nicht nur uns verst\u00e4rkt mit der antideutschen Ideologie auseinanderzusetzen und diese als kriegstreiberisch zu entlarven, sondern auch klare Statements gegen die rassistisch und sexistische Ideologie zu setzen.<\/p>\n<p style=\"text-align: center;\"><span style=\"font-size: 16pt;\"><strong>Antideutsche <\/strong><\/span><span style=\"font-size: 16pt;\"><strong>\/ Tahya Falastin\u00ab (Lang lebe Pal\u00e4stina)<\/strong><\/span><span style=\"font-size: 16pt;\"><strong>\u00a0<\/strong><\/span><\/p>\n<\/div>\n<div class=\"lyte-wrapper fourthree\" title=\"Antideutsche \/ Tahya Falastin - Thawra &amp;amp; Kaveh (ReUp)\" style=\"width:480px;max-width:100%;margin:5px auto;\"><div class=\"lyMe\" id=\"WYL_snZu6a8dphA\"><div id=\"lyte_snZu6a8dphA\" data-src=\"https:\/\/www.deanreed.de\/AmericanRebel\/elcantor\/wp-content\/plugins\/wp-youtube-lyte\/lyteCache.php?origThumbUrl=https%3A%2F%2Fi.ytimg.com%2Fvi%2FsnZu6a8dphA%2Fhqdefault.jpg\" class=\"pL\"><div class=\"tC\"><div class=\"tT\">Antideutsche \/ Tahya Falastin - Thawra &amp; Kaveh (ReUp)<\/div><\/div><div class=\"play\"><\/div><div class=\"ctrl\"><div class=\"Lctrl\"><\/div><div class=\"Rctrl\"><\/div><\/div><\/div><noscript><a href=\"https:\/\/youtu.be\/snZu6a8dphA\"><img src=\"https:\/\/www.deanreed.de\/AmericanRebel\/elcantor\/wp-content\/plugins\/wp-youtube-lyte\/lyteCache.php?origThumbUrl=https%3A%2F%2Fi.ytimg.com%2Fvi%2FsnZu6a8dphA%2F0.jpg\" alt=\"Antideutsche \/ Tahya Falastin - Thawra &amp;amp; Kaveh (ReUp)\" width=\"480\" height=\"340\" \/><br \/>Dieses Video auf YouTube ansehen<\/a><\/noscript><\/div><\/div><div class=\"lL\" style=\"max-width:100%;width:480px;margin:5px auto;\"><\/div><\/p>\n<p style=\"text-align: justify;\"><div class=\"hide-this-part-wrap\"><div class=\"hide-this-part-more\" id=\"hide-this-part-0\" morelink-text=\"Liedtext\">Liedtext \u00bb<\/div><div class=\"hide-this-part\" status=\"invisible\"><\/p>\n<p style=\"text-align: justify;\">Intro [Kaveh]:\u2028 Dieser Track handelt von den Antideutschen. Antideutsche z\u00e4hlen sich selbst zur radikalen Linken und der Antifa. Viele Linke, die sich selbst nicht als Antideutsche sehen, benutzen trotzdem antideutsche Argumente. Antideutsche solidarisieren sich unkritisch mit Israel und den USA. F\u00fcr sie ist Antizionismus gleichbedeutend mit Antisemitismus.<\/p>\n<p style=\"text-align: center;\">1. Strophe [Thawra]<br \/>\nIch hasse Antideutsche sehen alle schei\u00dfe aus<br \/>\nmit ihren Stars and Stripes und ihrem Wei\u00df und Blau<br \/>\nSie finden Panzer geil und IDF und seine Fraun<br \/>\nDer deutsche Staat als Feind interessiert keine Sau<br \/>\nHaram, diese Tiere feiern Shuja3ya<br \/>\nSie lieben den Tod, sie sind \u00fcbelst kultiviert<br \/>\nSie lieben Israel,<br \/>\ndenn ihr Geist ist okkupiert<br \/>\nSie hassen linke Juden und verbieten die Kufiyyeh<br \/>\nUnd sie sagen US-Drohnen ist Antifa<br \/>\nHaben Komplexe wegen Opa in Stalingrad<br \/>\nSind f\u00fcr Zivilisation gegen den Islam<br \/>\nFordern deshalb die Atombombe auf den Iran<br \/>\nManche wollen dass wir unsere Feindschaft beenden<br \/>\nDoch ich brauch keine Querfront um f\u00fcr Freiheit zu k\u00e4mpfen<br \/>\nMir gehts gut,<br \/>\ndenn die Str\u00f6mung wird bald verschwinden:<br \/>\nAntideutsche sind keine Linken.<\/p>\n<p style=\"text-align: justify;\">Hook [Thawra, dann Kaveh]:\u2028Tahya Falastin, tahya Falastin\u2028Kein Frieden mit dem Besatzungsregime\u2028Tahya Falastin, tahya Falastin\u2028Rote Fahnen \u00fcber Ghazza und Jenin!\u2028Freiheit f\u00fcr Falastin, Freiheit f\u00fcr Falastin\u2028Kein Frieden mit dem Apartheidregime\u2028Freiheit f\u00fcr Falastin, Freiheit f\u00fcr Falastin\u2028Rote Fahnen \u00fcber al-Quds und Tal Abib!<\/p>\n<p style=\"text-align: justify;\">2. Strophe [Kaveh]<\/p>\n<p style=\"text-align: justify;\">Ihre Ideologie geht \u00fcber Leichen und verursacht Tote\u2028Falastin ist f\u00fcr sie reine Turban- oder Burkazone\u2028F\u00fcr Antiimperialisten w\u00fcnschen sie sich Tourverbote\u2028Ihre Organe hei\u00dfen Jungle World und Ruhrbarone\u2028Konkret, Bahamas oder Achse des Guten\u2028Die Empathie ist hinter ihrer Maske verblutet\u2028Ich w\u00fcrds ja gerne sachte versuchen\u2028Doch muss ich ihre Menschenverachtung verfluchen\u2028Sie freuen sich, wenn Israel das Land zerbombt\u2028Es sichert seine Kolonie dadurch, dass die Panzer kommen\u2028Egal ob von der Osten-Sacken oder BAK Shalom:\u2028Ihre K\u00f6pfe sind so hohl wie n leerer Pappkarton\u2028V\u00f6llig verloren wie ein entgleister Nachtwaggon\u2028Feiern sie Israel als w\u00e4re es ein Marathon\u2028Die Antideutschen, sie lieben die Routine\u2028Sie sind feige und bekriegen die Muslime\u2028F\u00fcr mich sind diese Heuchler deutsch hoch 4\u2028Warum gibt es denn nur so viele Pseudos hier\u2028Ich geb n Schei\u00df drauf, dass ich euch schockier\u2028nur weil ich die Produkte Israels boykottier.<\/p>\n<p style=\"text-align: justify;\">Bridge [Thawra]<br \/>\nIch hasse Antideutsche sehen alle schei\u00dfe aus\u2028Ich hasse Antideutsche sehen alle schei\u00dfe aus\u2028Ich hasse Antideutsche sehen alle schei\u00dfe aus\u2028Und wenn du Antideutscher bist hasse ich dich auch.<\/p>\n<p style=\"text-align: justify;\">3. Strophe [Thawra]<br \/>\nWas was, ihr wollt h\u00f6ren dass ich die Hamas hass?\u2028Alter die sind gr\u00fcn und nicht rot also wie passt das?\u2028Keine Angst die Hamas hasse ich sehr\u2028Nur Antideutsche hass ich noch mehr\u2028Nennen meine Br\u00fcder Pali oder Ali\u2028Musel, Ziegenficker, gr\u00fcner Nazi\u2028Ich sag zu ihnen Kartoffel, Michel, oder Almani\u2028Denn sie sind nur Deutsche ohne anti, wallahi\u2028Und sie hassen meine frommen Schwestern\u2028Ce qu-ils veulent, c\u2019est des lois racistes fran\u00e7aises, n\u2019est-ce pas?\u2028Hijab h\u00e4sslich, Ausziehn besser\u2028Werde westlich, ukthi \u2013 khlass\u2028Zuletzt, Br\u00fcder und Schwestern, ich hoff wir haben Einigkeit\u2028Die j\u00fcdische Verschw\u00f6rung ist ne L\u00fcge, mancher f\u00e4llt drauf rein\u2028Aber wenn du wirklich Juden hasst, du feiges Schwein\u2028K\u00f6nn wir nur Feinde sein, dann komm heraus und k\u00e4mpf allein.<br \/>\nHook<\/p>\n<p style=\"text-align: justify;\">4. Strophe [Kaveh]<br \/>\nH\u00e4sslich wie Pepsi und Cola, Henryk M. Broder\u2028fragt sich wann Israel Gaza endlich erobert\u2028Menschlich so boshaft, entsetzliche Ohnmacht\u2028\u201eBoykott Israel!\u201c aus dem Gef\u00e4ngnis die Botschaft\u2028Martin Niewendick aka Roni87\u2028w\u00fcrde wenn er k\u00f6nnte mich und meine Homies abschieben\u2028Er liebt die IDF und ist flei\u00dfig am Schie\u00dfen\u2028Halt deine Fresse Junge und rei\u00df dich am Riemen!\u2028Henryk Broder und Gregor Gysi sind ein cooles Paar\u2028Alles ist easy, denn es gibt ja die USA\u2028Sie sch\u00fctzen mit Bomben und notfalls sogar nuklear\u2028Gaza verblutet, deshalb wars f\u00fcr sie ein gutes Jahr\u2028In euren Clubs wie im About Blank\u2028lasst ihr alle, die ein Kufiya-Tuch tragen, nicht rein\u2028Ihr wollt uns eure Frustration aufdr\u00e4ngen\u2028Steckt alle Kanaken in eine Schublade hinein\u2028Es gibt zu wenige Linke in Deutschland, die wegen der Toten leiden\u2028Denn viele hierzulande h\u00fcllen sich in gro\u00dfes Schweigen\u2028Ihnen ist egal wie die toten Personen hei\u00dfen\u2028Denn sie machen lieber Karriere, wollen ganz nach oben steigen\u2028Ihr seid krank und habt Angst wie Eliten\u2028An Mitgef\u00fchl so sparsam wie ne Bank mit Krediten\u2028Am liebsten wollt ihr unsere Ansicht verbieten\u2028In Wirklichkeit seid ihr die wahren Antisemiten. <\/div><!-- .hide-this-part --><\/div><!-- hide-this-part-wrap --><\/p>\n<p><img loading=\"lazy\" class=\" wp-image-1911 aligncenter\" src=\"http:\/\/www.deanreed.de\/AmericanRebel\/elcantor\/wp-content\/uploads\/2019\/04\/444-300x111.jpg\" alt=\"\" width=\"579\" height=\"214\" srcset=\"https:\/\/www.deanreed.de\/AmericanRebel\/elcantor\/wp-content\/uploads\/2019\/04\/444-300x111.jpg 300w, https:\/\/www.deanreed.de\/AmericanRebel\/elcantor\/wp-content\/uploads\/2019\/04\/444-768x284.jpg 768w, https:\/\/www.deanreed.de\/AmericanRebel\/elcantor\/wp-content\/uploads\/2019\/04\/444.jpg 851w\" sizes=\"(max-width: 579px) 100vw, 579px\" \/><\/p>\n<p><span style=\"color: #ffffff;\">.<br \/>\n<span style=\"color: #333333; font-size: 10pt;\">Quellen: You Tube und &#8222;Die Freiheitsliebe&#8220;<\/span><\/span><br \/>\n<a href=\"http:\/\/www.deanreed.de\/AmericanRebel\/2017\/?cat=78\" target=\"_blank\" rel=\"noopener noreferrer\"><span style=\"font-size: 10pt;\">Weitere Artikel von Fiete Jensen<\/span><\/a><br \/>\n<span style=\"color: #ffffff;\">.<\/span><\/p>\n<div class=\"entry\"><strong><em>Lest dazu auch meinen Artikel:<\/em><\/strong><\/div>\n<div class=\"entry\"><\/div>\n<div>\n<blockquote class=\"wp-embedded-content\" data-secret=\"uIxxGBHZF7\"><p><a href=\"http:\/\/www.deanreed.de\/AmericanRebel\/2017\/?p=12057\"> &#8211; Wie die Antideutschen ticken<\/a><\/p><\/blockquote>\n<p><iframe class=\"wp-embedded-content\" sandbox=\"allow-scripts\" security=\"restricted\" style=\"position: absolute; clip: rect(1px, 1px, 1px, 1px);\" src=\"http:\/\/www.deanreed.de\/AmericanRebel\/2017\/?p=12057&#038;embed=true#?secret=uIxxGBHZF7\" data-secret=\"uIxxGBHZF7\" width=\"500\" height=\"282\" title=\"&#8222; &#8211; Wie die Antideutschen ticken&#8220; &#8212; Onlinezeitung AmericanRebel\" frameborder=\"0\" marginwidth=\"0\" marginheight=\"0\" scrolling=\"no\"><\/iframe><\/p>\n<\/div>\n<blockquote>\n<p style=\"text-align: center;\"><span style=\"font-size: 10pt; color: #000000;\">F\u00fcr den Inhalt dieses Artikels ist der Autor bzw. die Autorin verantwortlich.<br \/>\nDabei muss es sich nicht grunds\u00e4tzlich um die Meinung der Redaktion handeln.<\/span><\/p>\n<table width=\"100%\" align=\"center\">\n<tbody>\n<tr>\n<td style=\"text-align: justify;\"><img loading=\"lazy\" class=\"size-full wp-image-7516 aligncenter\" src=\"http:\/\/www.deanreed.de\/AmericanRebel\/2017\/wp-content\/uploads\/2018\/10\/88x31.png\" alt=\"\" width=\"88\" height=\"31\" \/><\/td>\n<td style=\"text-align: justify; font-size: 10pt;\"><a href=\"https:\/\/creativecommons.org\/licenses\/by-nc-nd\/4.0\/\" target=\"_blank\" rel=\"license noopener noreferrer\">Dieses Werk ist lizenziert unter einer Creative Commons Namensnennung &#8211; <br \/>\nNicht kommerziell &#8211; Keine Bearbeitungen 4.0 International Lizenz.<\/a><\/td>\n<\/tr>\n<tr>\n<td>\n<form action=\"https:\/\/www.paypal.com\/cgi-bin\/webscr\" method=\"post\" target=\"_top\"><input alt=\"Jetzt einfach, schnell und sicher online bezahlen \u2013 mit PayPal.\" name=\"submit\" src=\"https:\/\/www.paypalobjects.com\/de_DE\/DE\/i\/btn\/btn_donateCC_LG.gif\" type=\"image\" \/><\/form>\n<\/td>\n<td><span style=\"color: #993300;\"><strong>Auch linker Journalismus ist nicht kostenlos<br \/>\nund auch kleine Spenden k\u00f6nnen helfen Gro\u00dfes zu ver\u00f6ffentlichen!<\/strong><\/span><\/td>\n<\/tr>\n<\/tbody>\n<\/table>\n<div style=\"margin-left: 10px;\"><a title=\"zur Startseite\" href=\"http:\/\/www.ElCantor.de\/\"><img loading=\"lazy\" class=\"alignleft\" src=\"http:\/\/www.deanreed.de\/AmericanRebel\/2017\/wp-content\/uploads\/2017\/03\/back_ar.png\" alt=\"zur\u00fcck zur Startseite\" width=\"156\" height=\"15\" \/><\/a><\/div>\n<div style=\"margin-right: 10px;\"><a href=\"https:\/\/www.facebook.com\/groups\/1683837971860223\/permalink\/1987214344855916\/\" target=\"_blank\" rel=\"noopener noreferrer\"><img loading=\"lazy\" class=\"alignright\" src=\"http:\/\/www.deanreed.de\/AmericanRebel\/2017\/wp-content\/uploads\/2017\/03\/ar_zu_fb.png\" alt=\"hier geht es zur Facebook Diskussionsgruppe\" width=\"353\" height=\"15\" \/><\/a><\/div>\n<p style=\"text-align: center;\"><a href=\"http:\/\/www.deanreed.de\/AmericanRebel\/elcantor\/?p=1790#respond\" target=\"_blank\" rel=\"noopener noreferrer\"><img loading=\"lazy\" class=\"aligncenter\" src=\"http:\/\/www.deanreed.de\/AmericanRebel\/2017\/wp-content\/uploads\/2017\/03\/ar_kommentar-1.png\" alt=\"Sag uns deine Meinung zum Artikel mit einem Kommentar\/Leserbrief\" width=\"627\" height=\"20\" \/><\/a><\/p>\n<\/blockquote>\n","protected":false},"excerpt":{"rendered":"<p>Fiete Jensen Antideutsche \/ Tahya Falastin\u00ab (Lang lebe Pal\u00e4stina) Die Musiker Kaveh und Thawra produzierte vor Kurzem diesen Rap und stellte ihn im Januar ins Netz. Es ist schon rech ungew\u00f6hnlich \u00fcber die Tseudolinke Bewegung einen Rap zu schreiben, doch [&hellip;]<a class=\"more-link\" href=\"https:\/\/www.deanreed.de\/AmericanRebel\/elcantor\/antideutsche-tahya-falastin-lang-lebe-palaestina\/\">&darr; Lese den Rest von diesem Eintrag&#8230;<\/a><\/p>\n","protected":false},"author":3,"featured_media":0,"comment_status":"open","ping_status":"open","sticky":false,"template":"","format":"standard","meta":[],"categories":[1,84],"tags":[],"yoast_head":"<!-- This site is optimized with the Yoast SEO plugin v17.5 - https:\/\/yoast.com\/wordpress\/plugins\/seo\/ -->\n<title>- Antideutsche \/ Tahya Falastin\u00ab (Lang lebe Pal\u00e4stina) - El Cantor<\/title>\n<meta name=\"robots\" content=\"index, follow, max-snippet:-1, max-image-preview:large, max-video-preview:-1\" \/>\n<link rel=\"canonical\" href=\"https:\/\/www.deanreed.de\/AmericanRebel\/elcantor\/antideutsche-tahya-falastin-lang-lebe-palaestina\/\" \/>\n<meta property=\"og:locale\" content=\"de_DE\" \/>\n<meta property=\"og:type\" content=\"article\" \/>\n<meta property=\"og:title\" content=\"- Antideutsche \/ Tahya Falastin\u00ab (Lang lebe Pal\u00e4stina) - El Cantor\" \/>\n<meta property=\"og:description\" content=\"Fiete Jensen Antideutsche \/ Tahya Falastin\u00ab (Lang lebe Pal\u00e4stina) Die Musiker Kaveh und Thawra produzierte vor Kurzem diesen Rap und stellte ihn im Januar ins Netz. Es ist schon rech ungew\u00f6hnlich \u00fcber die Tseudolinke Bewegung einen Rap zu schreiben, doch [&hellip;]&darr; Lese den Rest von diesem Eintrag...\" \/>\n<meta property=\"og:url\" content=\"https:\/\/www.deanreed.de\/AmericanRebel\/elcantor\/antideutsche-tahya-falastin-lang-lebe-palaestina\/\" \/>\n<meta property=\"og:site_name\" content=\"El Cantor\" \/>\n<meta property=\"article:published_time\" content=\"2019-04-07T22:33:21+00:00\" \/>\n<meta property=\"article:modified_time\" content=\"2019-04-08T15:37:11+00:00\" \/>\n<meta property=\"og:image\" content=\"http:\/\/www.deanreed.de\/AmericanRebel\/elcantor\/wp-content\/uploads\/2019\/04\/Fiete_Jensen.png\" \/>\n<meta name=\"twitter:card\" content=\"summary_large_image\" \/>\n<meta name=\"twitter:label1\" content=\"Verfasst von\" \/>\n\t<meta name=\"twitter:data1\" content=\"Nicolino\" \/>\n\t<meta name=\"twitter:label2\" content=\"Gesch\u00e4tzte Lesezeit\" \/>\n\t<meta name=\"twitter:data2\" content=\"6\u00a0Minuten\" \/>\n<script type=\"application\/ld+json\" class=\"yoast-schema-graph\">{\"@context\":\"https:\/\/schema.org\",\"@graph\":[{\"@type\":\"WebSite\",\"@id\":\"http:\/\/www.deanreed.de\/AmericanRebel\/elcantor\/#website\",\"url\":\"http:\/\/www.deanreed.de\/AmericanRebel\/elcantor\/\",\"name\":\"El Cantor\",\"description\":\"Mit der Gitarre f\\u00fcr Frieden, Gerechtigkeit und das Recht auf ein Leben ohne Ausbeutung\",\"potentialAction\":[{\"@type\":\"SearchAction\",\"target\":{\"@type\":\"EntryPoint\",\"urlTemplate\":\"http:\/\/www.deanreed.de\/AmericanRebel\/elcantor\/?s={search_term_string}\"},\"query-input\":\"required name=search_term_string\"}],\"inLanguage\":\"de\"},{\"@type\":\"ImageObject\",\"@id\":\"https:\/\/www.deanreed.de\/AmericanRebel\/elcantor\/antideutsche-tahya-falastin-lang-lebe-palaestina\/#primaryimage\",\"inLanguage\":\"de\",\"url\":\"http:\/\/www.deanreed.de\/AmericanRebel\/elcantor\/wp-content\/uploads\/2019\/04\/Fiete_Jensen.png\",\"contentUrl\":\"http:\/\/www.deanreed.de\/AmericanRebel\/elcantor\/wp-content\/uploads\/2019\/04\/Fiete_Jensen.png\"},{\"@type\":\"WebPage\",\"@id\":\"https:\/\/www.deanreed.de\/AmericanRebel\/elcantor\/antideutsche-tahya-falastin-lang-lebe-palaestina\/#webpage\",\"url\":\"https:\/\/www.deanreed.de\/AmericanRebel\/elcantor\/antideutsche-tahya-falastin-lang-lebe-palaestina\/\",\"name\":\"- Antideutsche \/ Tahya Falastin\\u00ab (Lang lebe Pal\\u00e4stina) - El Cantor\",\"isPartOf\":{\"@id\":\"http:\/\/www.deanreed.de\/AmericanRebel\/elcantor\/#website\"},\"primaryImageOfPage\":{\"@id\":\"https:\/\/www.deanreed.de\/AmericanRebel\/elcantor\/antideutsche-tahya-falastin-lang-lebe-palaestina\/#primaryimage\"},\"datePublished\":\"2019-04-07T22:33:21+00:00\",\"dateModified\":\"2019-04-08T15:37:11+00:00\",\"author\":{\"@id\":\"http:\/\/www.deanreed.de\/AmericanRebel\/elcantor\/#\/schema\/person\/9e161ae26783202cec7e4d0733914b40\"},\"breadcrumb\":{\"@id\":\"https:\/\/www.deanreed.de\/AmericanRebel\/elcantor\/antideutsche-tahya-falastin-lang-lebe-palaestina\/#breadcrumb\"},\"inLanguage\":\"de\",\"potentialAction\":[{\"@type\":\"ReadAction\",\"target\":[\"https:\/\/www.deanreed.de\/AmericanRebel\/elcantor\/antideutsche-tahya-falastin-lang-lebe-palaestina\/\"]}]},{\"@type\":\"BreadcrumbList\",\"@id\":\"https:\/\/www.deanreed.de\/AmericanRebel\/elcantor\/antideutsche-tahya-falastin-lang-lebe-palaestina\/#breadcrumb\",\"itemListElement\":[{\"@type\":\"ListItem\",\"position\":1,\"name\":\"Startseite\",\"item\":\"http:\/\/www.deanreed.de\/AmericanRebel\/elcantor\/\"},{\"@type\":\"ListItem\",\"position\":2,\"name\":\"&#8211; Antideutsche \/ Tahya Falastin\\u00ab (Lang lebe Pal\\u00e4stina)\"}]},{\"@type\":\"Person\",\"@id\":\"http:\/\/www.deanreed.de\/AmericanRebel\/elcantor\/#\/schema\/person\/9e161ae26783202cec7e4d0733914b40\",\"name\":\"Nicolino\",\"url\":\"https:\/\/www.deanreed.de\/AmericanRebel\/elcantor\/author\/nicolino\/\"}]}<\/script>\n<!-- \/ Yoast SEO plugin. -->","yoast_head_json":{"title":"- Antideutsche \/ Tahya Falastin\u00ab (Lang lebe Pal\u00e4stina) - El Cantor","robots":{"index":"index","follow":"follow","max-snippet":"max-snippet:-1","max-image-preview":"max-image-preview:large","max-video-preview":"max-video-preview:-1"},"canonical":"https:\/\/www.deanreed.de\/AmericanRebel\/elcantor\/antideutsche-tahya-falastin-lang-lebe-palaestina\/","og_locale":"de_DE","og_type":"article","og_title":"- Antideutsche \/ Tahya Falastin\u00ab (Lang lebe Pal\u00e4stina) - El Cantor","og_description":"Fiete Jensen Antideutsche \/ Tahya Falastin\u00ab (Lang lebe Pal\u00e4stina) Die Musiker Kaveh und Thawra produzierte vor Kurzem diesen Rap und stellte ihn im Januar ins Netz. Es ist schon rech ungew\u00f6hnlich \u00fcber die Tseudolinke Bewegung einen Rap zu schreiben, doch [&hellip;]&darr; Lese den Rest von diesem Eintrag...","og_url":"https:\/\/www.deanreed.de\/AmericanRebel\/elcantor\/antideutsche-tahya-falastin-lang-lebe-palaestina\/","og_site_name":"El Cantor","article_published_time":"2019-04-07T22:33:21+00:00","article_modified_time":"2019-04-08T15:37:11+00:00","og_image":[{"url":"http:\/\/www.deanreed.de\/AmericanRebel\/elcantor\/wp-content\/uploads\/2019\/04\/Fiete_Jensen.png"}],"twitter_card":"summary_large_image","twitter_misc":{"Verfasst von":"Nicolino","Gesch\u00e4tzte Lesezeit":"6\u00a0Minuten"},"schema":{"@context":"https:\/\/schema.org","@graph":[{"@type":"WebSite","@id":"http:\/\/www.deanreed.de\/AmericanRebel\/elcantor\/#website","url":"http:\/\/www.deanreed.de\/AmericanRebel\/elcantor\/","name":"El Cantor","description":"Mit der Gitarre f\u00fcr Frieden, Gerechtigkeit und das Recht auf ein Leben ohne Ausbeutung","potentialAction":[{"@type":"SearchAction","target":{"@type":"EntryPoint","urlTemplate":"http:\/\/www.deanreed.de\/AmericanRebel\/elcantor\/?s={search_term_string}"},"query-input":"required name=search_term_string"}],"inLanguage":"de"},{"@type":"ImageObject","@id":"https:\/\/www.deanreed.de\/AmericanRebel\/elcantor\/antideutsche-tahya-falastin-lang-lebe-palaestina\/#primaryimage","inLanguage":"de","url":"http:\/\/www.deanreed.de\/AmericanRebel\/elcantor\/wp-content\/uploads\/2019\/04\/Fiete_Jensen.png","contentUrl":"http:\/\/www.deanreed.de\/AmericanRebel\/elcantor\/wp-content\/uploads\/2019\/04\/Fiete_Jensen.png"},{"@type":"WebPage","@id":"https:\/\/www.deanreed.de\/AmericanRebel\/elcantor\/antideutsche-tahya-falastin-lang-lebe-palaestina\/#webpage","url":"https:\/\/www.deanreed.de\/AmericanRebel\/elcantor\/antideutsche-tahya-falastin-lang-lebe-palaestina\/","name":"- Antideutsche \/ Tahya Falastin\u00ab (Lang lebe Pal\u00e4stina) - El Cantor","isPartOf":{"@id":"http:\/\/www.deanreed.de\/AmericanRebel\/elcantor\/#website"},"primaryImageOfPage":{"@id":"https:\/\/www.deanreed.de\/AmericanRebel\/elcantor\/antideutsche-tahya-falastin-lang-lebe-palaestina\/#primaryimage"},"datePublished":"2019-04-07T22:33:21+00:00","dateModified":"2019-04-08T15:37:11+00:00","author":{"@id":"http:\/\/www.deanreed.de\/AmericanRebel\/elcantor\/#\/schema\/person\/9e161ae26783202cec7e4d0733914b40"},"breadcrumb":{"@id":"https:\/\/www.deanreed.de\/AmericanRebel\/elcantor\/antideutsche-tahya-falastin-lang-lebe-palaestina\/#breadcrumb"},"inLanguage":"de","potentialAction":[{"@type":"ReadAction","target":["https:\/\/www.deanreed.de\/AmericanRebel\/elcantor\/antideutsche-tahya-falastin-lang-lebe-palaestina\/"]}]},{"@type":"BreadcrumbList","@id":"https:\/\/www.deanreed.de\/AmericanRebel\/elcantor\/antideutsche-tahya-falastin-lang-lebe-palaestina\/#breadcrumb","itemListElement":[{"@type":"ListItem","position":1,"name":"Startseite","item":"http:\/\/www.deanreed.de\/AmericanRebel\/elcantor\/"},{"@type":"ListItem","position":2,"name":"&#8211; Antideutsche \/ Tahya Falastin\u00ab (Lang lebe Pal\u00e4stina)"}]},{"@type":"Person","@id":"http:\/\/www.deanreed.de\/AmericanRebel\/elcantor\/#\/schema\/person\/9e161ae26783202cec7e4d0733914b40","name":"Nicolino","url":"https:\/\/www.deanreed.de\/AmericanRebel\/elcantor\/author\/nicolino\/"}]}},"_links":{"self":[{"href":"https:\/\/www.deanreed.de\/AmericanRebel\/elcantor\/wp-json\/wp\/v2\/posts\/1906"}],"collection":[{"href":"https:\/\/www.deanreed.de\/AmericanRebel\/elcantor\/wp-json\/wp\/v2\/posts"}],"about":[{"href":"https:\/\/www.deanreed.de\/AmericanRebel\/elcantor\/wp-json\/wp\/v2\/types\/post"}],"author":[{"embeddable":true,"href":"https:\/\/www.deanreed.de\/AmericanRebel\/elcantor\/wp-json\/wp\/v2\/users\/3"}],"replies":[{"embeddable":true,"href":"https:\/\/www.deanreed.de\/AmericanRebel\/elcantor\/wp-json\/wp\/v2\/comments?post=1906"}],"version-history":[{"count":13,"href":"https:\/\/www.deanreed.de\/AmericanRebel\/elcantor\/wp-json\/wp\/v2\/posts\/1906\/revisions"}],"predecessor-version":[{"id":1922,"href":"https:\/\/www.deanreed.de\/AmericanRebel\/elcantor\/wp-json\/wp\/v2\/posts\/1906\/revisions\/1922"}],"wp:attachment":[{"href":"https:\/\/www.deanreed.de\/AmericanRebel\/elcantor\/wp-json\/wp\/v2\/media?parent=1906"}],"wp:term":[{"taxonomy":"category","embeddable":true,"href":"https:\/\/www.deanreed.de\/AmericanRebel\/elcantor\/wp-json\/wp\/v2\/categories?post=1906"},{"taxonomy":"post_tag","embeddable":true,"href":"https:\/\/www.deanreed.de\/AmericanRebel\/elcantor\/wp-json\/wp\/v2\/tags?post=1906"}],"curies":[{"name":"wp","href":"https:\/\/api.w.org\/{rel}","templated":true}]}}