{"id":1862,"date":"2019-04-02T19:16:52","date_gmt":"2019-04-02T17:16:52","guid":{"rendered":"http:\/\/www.deanreed.de\/AmericanRebel\/elcantor\/?p=1862"},"modified":"2019-09-11T03:37:24","modified_gmt":"2019-09-11T01:37:24","slug":"kind-mutter-mensch","status":"publish","type":"post","link":"https:\/\/www.deanreed.de\/AmericanRebel\/elcantor\/kind-mutter-mensch\/","title":{"rendered":"&#8211; Kind, Mutter Mensch"},"content":{"rendered":"<div class=\"entry\">\n<h4>Nico Diener<\/h4>\n<h2 class=\"title style-scope ytd-video-primary-info-renderer\" style=\"text-align: justify;\"><strong>Kind, Mutter, Mensch<\/strong><\/h2>\n<div id=\"attachment_400\" style=\"width: 110px\" class=\"wp-caption alignleft\"><img aria-describedby=\"caption-attachment-400\" loading=\"lazy\" class=\"size-full wp-image-400\" src=\"http:\/\/www.deanreed.de\/AmericanRebel\/elcantor\/wp-content\/uploads\/2018\/09\/Nico_Diener_Tagesshow.jpg\" alt=\"\" width=\"100\" height=\"150\" \/><p id=\"caption-attachment-400\" class=\"wp-caption-text\"><span style=\"color: #808080;\">Nico Diener<\/span><\/p><\/div>\n<p style=\"text-align: justify;\"><strong>&#8222;Hab mich mal an einem eigenen Lied und Text versucht&#8220;. Schrieb Ella Schwarz 2016 bescheiden auf Youtube<\/strong><\/p>\n<p style=\"text-align: justify;\">Ella Schwarz, ausgebildete Altenpflegerin und talentierte S\u00e4ngerin aus dem Voigtland. Tourt nun schon seit drei Jahren mit ihren Freund Scott duch die Republik. Und was sie uns mit ihren zarten und aufr\u00fcttelnden Lieder sagen will, ist immer das Gleiche:<\/p>\n<p style=\"text-align: justify;\"><strong>&#8222;Bleibt stark, mutig und eurer Selbst bewusst. Auch wenn dir viele Menschen versuchen einzureden, dass du nicht genug bist. Du bist mehr als das, du bist einzigartig und wertvoll.<\/strong><br \/>\n<strong>Trau dich, Dinge zu hinterfragen. Trau dich, auch mal nein zu sagen.&#8220;<\/strong><\/p>\n<p style=\"text-align: justify;\">Noch berichten die Zeitungenund das Fernsehen nicht \u00fcber Ella, aber das wird sich \u00e4ndern! Sie wird eine der ganz wertvollen und wichtigen Menschen in der deutschen Liedermacher\/innenszene \u2013 Sie ist eine von uns!<\/p>\n<p style=\"text-align: justify;\">Mit ihrem Lied \u201eKind. Mutter. Mensch.\u201c macht sie sich zum Sprachrohr alter Menschen und beschreibt die Gef\u00fchle einer alten Frau, in einer Altenpflegeeinrichtung.<\/p>\n<\/div>\n<div class=\"lyte-wrapper fourthree\" title=\"Elisabeth Schwarz - Kind, Mutter, Mensch\" style=\"width:480px;max-width:100%;margin:5px auto;\"><div class=\"lyMe\" id=\"WYL_bFkseCMcQbk\"><div id=\"lyte_bFkseCMcQbk\" data-src=\"https:\/\/www.deanreed.de\/AmericanRebel\/elcantor\/wp-content\/plugins\/wp-youtube-lyte\/lyteCache.php?origThumbUrl=https%3A%2F%2Fi.ytimg.com%2Fvi%2FbFkseCMcQbk%2Fhqdefault.jpg\" class=\"pL\"><div class=\"tC\"><div class=\"tT\">Elisabeth Schwarz - Kind, Mutter, Mensch<\/div><\/div><div class=\"play\"><\/div><div class=\"ctrl\"><div class=\"Lctrl\"><\/div><div class=\"Rctrl\"><\/div><\/div><\/div><noscript><a href=\"https:\/\/youtu.be\/bFkseCMcQbk\"><img src=\"https:\/\/www.deanreed.de\/AmericanRebel\/elcantor\/wp-content\/plugins\/wp-youtube-lyte\/lyteCache.php?origThumbUrl=https%3A%2F%2Fi.ytimg.com%2Fvi%2FbFkseCMcQbk%2F0.jpg\" alt=\"Elisabeth Schwarz - Kind, Mutter, Mensch\" width=\"480\" height=\"340\" \/><br \/>Dieses Video auf YouTube ansehen<\/a><\/noscript><\/div><\/div><div class=\"lL\" style=\"max-width:100%;width:480px;margin:5px auto;\"><\/div><\/p>\n<p style=\"text-align: center;\"><div class=\"hide-this-part-wrap\"><div class=\"hide-this-part-more\" id=\"hide-this-part-0\" morelink-text=\"Liedtext\">Liedtext \u00bb<\/div><div class=\"hide-this-part\" status=\"invisible\"><br \/>\n&#8222;Die Stunden verstreichen<br \/>\nAm Endeden Tage<br \/>\nDie Tapete ver\u00e4ndert sich nicht<\/p>\n<p style=\"text-align: center;\">Die Augen, die gleichen,<br \/>\nStellen sich diese Frage<br \/>\nWas denkst du und was bin ich, f\u00fcr Dich?<\/p>\n<p style=\"text-align: center;\">Du kommst in mein Zimmer,<br \/>\nBin nicht mehr alleine<br \/>\nDoch merk ich, du bist nicht gern hier<br \/>\nNach ein paar Minuten, verl\u00e4sst du mich wieder<br \/>\nGehst schnell, ohne Worte zur T\u00fcr<\/p>\n<p style=\"text-align: center;\">Hinter meinen Augen bin ich noch 18<br \/>\nBin Kind, bin Mutter, bin Mensch<br \/>\nAuch, wenn meine Beine, nicht mehr viel taugen<br \/>\nBin ich Kind, bin ich Mutter, bin Mensch<\/p>\n<p style=\"text-align: center;\">Mein Mund der ist leise<br \/>\nMein Herz schreit nach Liebe<br \/>\nIch wei\u00df doch, du hast keine Zeit<br \/>\nGedanken ziehen Kreise<br \/>\nOft denk ich an Kriege<br \/>\nUnd an eure Gleichg\u00fcltigkeit<\/p>\n<p style=\"text-align: center;\">Tag t\u00e4glich frag ich mich<br \/>\nWie geht es meinen Kindern?<br \/>\nUnd ob sie wohl jeden Tag lachen?<br \/>\nAuch stellt sich die Frage:<br \/>\nBin ich ihnen wichtig?<br \/>\nUnd ob sie sich auf den Weg machen\u2026<\/p>\n<p style=\"text-align: center;\">Hinter meinen Augen bin ich noch 18<br \/>\nBin Kind, bin Mutter, bin Mensch<br \/>\nAuch, wenn meine Beine, nicht mehr viel taugen<br \/>\nBin ich Kind, bin ich Mutter, bin ich Mensch<br \/>\nAuch ich sprang durch Wiesen,<br \/>\ntrank Wein aus der Flasche im Wind<br \/>\nAls Mutter, als Mensch<\/p>\n<p style=\"text-align: center;\">Lachen und tanzen, das Leben genie\u00dfen<br \/>\nWie ein Kind, wie ne Mutter, wie ein Mensch<\/p>\n<p style=\"text-align: center;\">H\u00e4tte niemals erwartet<br \/>\nDas ich mal hier sitze<br \/>\nAlleine mit all meinem Leid<br \/>\nIch f\u00fchl mich entartet<br \/>\nMein Leben ne Skizze<br \/>\nIch wei\u00df doch, du hast keine Zeit<\/p>\n<p style=\"text-align: center;\">Auch, wenn ich jetzt alt bin<br \/>\nBl\u00fchen in mir noch Blumen<br \/>\nbrauch Sonne, brauch W\u00e4rme, brauch Licht<\/p>\n<p style=\"text-align: center;\">Ich wei\u00df ich bin langsam<br \/>\nDoch lass mich nicht ruhen<br \/>\nZeit und Liebe, mehr brauch ich nicht<\/p>\n<p style=\"text-align: center;\">Hinter meinen Augen bin ich noch 18<br \/>\nBin Kind, bin Mutter, bin Mensch<br \/>\nAuch, wenn meine Beine, nicht mehr viel taugen<br \/>\nBin ich Kind, bin ich Mutter, bin ich Mensch<br \/>\nAuch ich sprang durch Wiesen,<br \/>\ntrank Wein aus der Flasche im Wind<br \/>\nAls Mutter, als Mensch<\/p>\n<p style=\"text-align: center;\">Lachen und tanzen, das Leben genie\u00dfen<br \/>\nWie ein Kind, wie ne Mutter, wie ein Mensch<br \/>\nWie ein Kind, wie ne Mutter, wie ein Mensch<br \/>\nWie ein Kind, wie ne Mutter, wie ein Mensch&#8220; <\/div><!-- .hide-this-part --><\/div><!-- hide-this-part-wrap --><br \/>\n<a href=\"https:\/\/www.youtube.com\/results?search_query=Ella+Schwarz\" target=\"_blank\" rel=\"noopener noreferrer\"><span style=\"font-size: 14pt;\"><em><strong>Mehr von Ella Schwarz<\/strong><\/em><\/span><\/a><\/p>\n<p><span style=\"color: #ffffff;\">.<\/span><\/p>\n<p>&nbsp;<\/p>\n<p style=\"text-align: left;\"><span style=\"font-size: 14pt;\"><em><strong>Lest dazu auch:<\/strong><\/em><\/span><\/p>\n<blockquote class=\"wp-embedded-content\" data-secret=\"GXMrT6kdUl\"><p><a href=\"http:\/\/www.deanreed.de\/AmericanRebel\/2017\/?p=14503\"> &#8211; Pflege am Limit &#8211; Des Kapitals Lieblingskind droht zu kollabieren<\/a><\/p><\/blockquote>\n<p><iframe title=\"&#8222; &#8211; Pflege am Limit &#8211; Des Kapitals Lieblingskind droht zu kollabieren&#8220; &#8212; Onlinezeitung AmericanRebel\" class=\"wp-embedded-content\" sandbox=\"allow-scripts\" security=\"restricted\" style=\"position: absolute; clip: rect(1px, 1px, 1px, 1px);\" src=\"http:\/\/www.deanreed.de\/AmericanRebel\/2017\/?p=14503&#038;embed=true#?secret=GXMrT6kdUl\" data-secret=\"GXMrT6kdUl\" width=\"500\" height=\"282\" frameborder=\"0\" marginwidth=\"0\" marginheight=\"0\" scrolling=\"no\"><\/iframe><\/p>\n<p><span style=\"color: #ffffff;\">.<\/span><\/p>\n<blockquote>\n<p style=\"text-align: center;\"><span style=\"font-size: 10pt; color: #000000;\">F\u00fcr den Inhalt dieses Artikels ist der Autor bzw. die Autorin verantwortlich.<br \/>\nDabei muss es sich nicht grunds\u00e4tzlich um die Meinung der Redaktion handeln.<\/span><\/p>\n<table width=\"100%\" align=\"center\">\n<tbody>\n<tr>\n<td style=\"text-align: justify;\"><img loading=\"lazy\" class=\"size-full wp-image-7516 aligncenter\" src=\"http:\/\/www.deanreed.de\/AmericanRebel\/2017\/wp-content\/uploads\/2018\/10\/88x31.png\" alt=\"\" width=\"88\" height=\"31\" \/><\/td>\n<td style=\"text-align: justify; font-size: 10pt;\"><a href=\"https:\/\/creativecommons.org\/licenses\/by-nc-nd\/4.0\/\" target=\"_blank\" rel=\"license noopener noreferrer\">Dieses Werk ist lizenziert unter einer Creative Commons Namensnennung &#8211; <br \/>\nNicht kommerziell &#8211; Keine Bearbeitungen 4.0 International Lizenz.<\/a><\/td>\n<\/tr>\n<tr>\n<td>\n<form action=\"https:\/\/www.paypal.com\/cgi-bin\/webscr\" method=\"post\" target=\"_top\"><input alt=\"Jetzt einfach, schnell und sicher online bezahlen \u2013 mit PayPal.\" name=\"submit\" src=\"https:\/\/www.paypalobjects.com\/de_DE\/DE\/i\/btn\/btn_donateCC_LG.gif\" type=\"image\" \/><\/form>\n<\/td>\n<td><span style=\"color: #993300;\"><strong>Auch linker Journalismus ist nicht kostenlos<br \/>\nund auch kleine Spenden k\u00f6nnen helfen Gro\u00dfes zu ver\u00f6ffentlichen!<\/strong><\/span><\/td>\n<\/tr>\n<\/tbody>\n<\/table>\n<div style=\"margin-left: 10px;\"><a title=\"zur Startseite\" href=\"http:\/\/www.ElCantor.de\/\"><img loading=\"lazy\" class=\"alignleft\" src=\"http:\/\/www.deanreed.de\/AmericanRebel\/2017\/wp-content\/uploads\/2017\/03\/back_ar.png\" alt=\"zur\u00fcck zur Startseite\" width=\"156\" height=\"15\" \/><\/a><\/div>\n<div style=\"margin-right: 10px;\"><a href=\"https:\/\/www.facebook.com\/groups\/1683837971860223\/permalink\/1987214344855916\/\" target=\"_blank\" rel=\"noopener noreferrer\"><img loading=\"lazy\" class=\"alignright\" src=\"http:\/\/www.deanreed.de\/AmericanRebel\/2017\/wp-content\/uploads\/2017\/03\/ar_zu_fb.png\" alt=\"hier geht es zur Facebook Diskussionsgruppe\" width=\"353\" height=\"15\" \/><\/a><\/div>\n<p style=\"text-align: center;\"><a href=\"http:\/\/www.deanreed.de\/AmericanRebel\/elcantor\/?p=1790#respond\" target=\"_blank\" rel=\"noopener noreferrer\"><img loading=\"lazy\" class=\"aligncenter\" src=\"http:\/\/www.deanreed.de\/AmericanRebel\/2017\/wp-content\/uploads\/2017\/03\/ar_kommentar-1.png\" alt=\"Sag uns deine Meinung zum Artikel mit einem Kommentar\/Leserbrief\" width=\"627\" height=\"20\" \/><\/a><\/p>\n<\/blockquote>\n","protected":false},"excerpt":{"rendered":"<p>Nico Diener Kind, Mutter, Mensch &#8222;Hab mich mal an einem eigenen Lied und Text versucht&#8220;. Schrieb Ella Schwarz 2016 bescheiden auf Youtube Ella Schwarz, ausgebildete Altenpflegerin und talentierte S\u00e4ngerin aus dem Voigtland. Tourt nun schon seit drei Jahren mit ihren [&hellip;]<a class=\"more-link\" href=\"https:\/\/www.deanreed.de\/AmericanRebel\/elcantor\/kind-mutter-mensch\/\">&darr; Lese den Rest von diesem Eintrag&#8230;<\/a><\/p>\n","protected":false},"author":3,"featured_media":0,"comment_status":"open","ping_status":"open","sticky":false,"template":"","format":"standard","meta":[],"categories":[1,83],"tags":[],"yoast_head":"<!-- This site is optimized with the Yoast SEO plugin v17.5 - https:\/\/yoast.com\/wordpress\/plugins\/seo\/ -->\n<title>- Kind, Mutter Mensch - El Cantor<\/title>\n<meta name=\"robots\" content=\"index, follow, max-snippet:-1, max-image-preview:large, max-video-preview:-1\" \/>\n<link rel=\"canonical\" href=\"https:\/\/www.deanreed.de\/AmericanRebel\/elcantor\/kind-mutter-mensch\/\" \/>\n<meta property=\"og:locale\" content=\"de_DE\" \/>\n<meta property=\"og:type\" content=\"article\" \/>\n<meta property=\"og:title\" content=\"- Kind, Mutter Mensch - El Cantor\" \/>\n<meta property=\"og:description\" content=\"Nico Diener Kind, Mutter, Mensch &#8222;Hab mich mal an einem eigenen Lied und Text versucht&#8220;. Schrieb Ella Schwarz 2016 bescheiden auf Youtube Ella Schwarz, ausgebildete Altenpflegerin und talentierte S\u00e4ngerin aus dem Voigtland. Tourt nun schon seit drei Jahren mit ihren [&hellip;]&darr; Lese den Rest von diesem Eintrag...\" \/>\n<meta property=\"og:url\" content=\"https:\/\/www.deanreed.de\/AmericanRebel\/elcantor\/kind-mutter-mensch\/\" \/>\n<meta property=\"og:site_name\" content=\"El Cantor\" \/>\n<meta property=\"article:published_time\" content=\"2019-04-02T17:16:52+00:00\" \/>\n<meta property=\"article:modified_time\" content=\"2019-09-11T01:37:24+00:00\" \/>\n<meta property=\"og:image\" content=\"http:\/\/www.deanreed.de\/AmericanRebel\/elcantor\/wp-content\/uploads\/2018\/09\/Nico_Diener_Tagesshow.jpg\" \/>\n<meta name=\"twitter:card\" content=\"summary_large_image\" \/>\n<meta name=\"twitter:label1\" content=\"Verfasst von\" \/>\n\t<meta name=\"twitter:data1\" content=\"Nicolino\" \/>\n\t<meta name=\"twitter:label2\" content=\"Gesch\u00e4tzte Lesezeit\" \/>\n\t<meta name=\"twitter:data2\" content=\"3\u00a0Minuten\" \/>\n<script type=\"application\/ld+json\" class=\"yoast-schema-graph\">{\"@context\":\"https:\/\/schema.org\",\"@graph\":[{\"@type\":\"WebSite\",\"@id\":\"https:\/\/www.deanreed.de\/AmericanRebel\/elcantor\/#website\",\"url\":\"https:\/\/www.deanreed.de\/AmericanRebel\/elcantor\/\",\"name\":\"El Cantor\",\"description\":\"Mit der Gitarre f\\u00fcr Frieden, Gerechtigkeit und das Recht auf ein Leben ohne Ausbeutung\",\"potentialAction\":[{\"@type\":\"SearchAction\",\"target\":{\"@type\":\"EntryPoint\",\"urlTemplate\":\"https:\/\/www.deanreed.de\/AmericanRebel\/elcantor\/?s={search_term_string}\"},\"query-input\":\"required name=search_term_string\"}],\"inLanguage\":\"de\"},{\"@type\":\"ImageObject\",\"@id\":\"https:\/\/www.deanreed.de\/AmericanRebel\/elcantor\/kind-mutter-mensch\/#primaryimage\",\"inLanguage\":\"de\",\"url\":\"http:\/\/www.deanreed.de\/AmericanRebel\/elcantor\/wp-content\/uploads\/2018\/09\/Nico_Diener_Tagesshow.jpg\",\"contentUrl\":\"http:\/\/www.deanreed.de\/AmericanRebel\/elcantor\/wp-content\/uploads\/2018\/09\/Nico_Diener_Tagesshow.jpg\"},{\"@type\":\"WebPage\",\"@id\":\"https:\/\/www.deanreed.de\/AmericanRebel\/elcantor\/kind-mutter-mensch\/#webpage\",\"url\":\"https:\/\/www.deanreed.de\/AmericanRebel\/elcantor\/kind-mutter-mensch\/\",\"name\":\"- Kind, Mutter Mensch - El Cantor\",\"isPartOf\":{\"@id\":\"https:\/\/www.deanreed.de\/AmericanRebel\/elcantor\/#website\"},\"primaryImageOfPage\":{\"@id\":\"https:\/\/www.deanreed.de\/AmericanRebel\/elcantor\/kind-mutter-mensch\/#primaryimage\"},\"datePublished\":\"2019-04-02T17:16:52+00:00\",\"dateModified\":\"2019-09-11T01:37:24+00:00\",\"author\":{\"@id\":\"https:\/\/www.deanreed.de\/AmericanRebel\/elcantor\/#\/schema\/person\/9e161ae26783202cec7e4d0733914b40\"},\"breadcrumb\":{\"@id\":\"https:\/\/www.deanreed.de\/AmericanRebel\/elcantor\/kind-mutter-mensch\/#breadcrumb\"},\"inLanguage\":\"de\",\"potentialAction\":[{\"@type\":\"ReadAction\",\"target\":[\"https:\/\/www.deanreed.de\/AmericanRebel\/elcantor\/kind-mutter-mensch\/\"]}]},{\"@type\":\"BreadcrumbList\",\"@id\":\"https:\/\/www.deanreed.de\/AmericanRebel\/elcantor\/kind-mutter-mensch\/#breadcrumb\",\"itemListElement\":[{\"@type\":\"ListItem\",\"position\":1,\"name\":\"Startseite\",\"item\":\"https:\/\/www.deanreed.de\/AmericanRebel\/elcantor\/\"},{\"@type\":\"ListItem\",\"position\":2,\"name\":\"&#8211; Kind, Mutter Mensch\"}]},{\"@type\":\"Person\",\"@id\":\"https:\/\/www.deanreed.de\/AmericanRebel\/elcantor\/#\/schema\/person\/9e161ae26783202cec7e4d0733914b40\",\"name\":\"Nicolino\",\"url\":\"https:\/\/www.deanreed.de\/AmericanRebel\/elcantor\/author\/nicolino\/\"}]}<\/script>\n<!-- \/ Yoast SEO plugin. -->","yoast_head_json":{"title":"- Kind, Mutter Mensch - El Cantor","robots":{"index":"index","follow":"follow","max-snippet":"max-snippet:-1","max-image-preview":"max-image-preview:large","max-video-preview":"max-video-preview:-1"},"canonical":"https:\/\/www.deanreed.de\/AmericanRebel\/elcantor\/kind-mutter-mensch\/","og_locale":"de_DE","og_type":"article","og_title":"- Kind, Mutter Mensch - El Cantor","og_description":"Nico Diener Kind, Mutter, Mensch &#8222;Hab mich mal an einem eigenen Lied und Text versucht&#8220;. Schrieb Ella Schwarz 2016 bescheiden auf Youtube Ella Schwarz, ausgebildete Altenpflegerin und talentierte S\u00e4ngerin aus dem Voigtland. Tourt nun schon seit drei Jahren mit ihren [&hellip;]&darr; Lese den Rest von diesem Eintrag...","og_url":"https:\/\/www.deanreed.de\/AmericanRebel\/elcantor\/kind-mutter-mensch\/","og_site_name":"El Cantor","article_published_time":"2019-04-02T17:16:52+00:00","article_modified_time":"2019-09-11T01:37:24+00:00","og_image":[{"url":"http:\/\/www.deanreed.de\/AmericanRebel\/elcantor\/wp-content\/uploads\/2018\/09\/Nico_Diener_Tagesshow.jpg"}],"twitter_card":"summary_large_image","twitter_misc":{"Verfasst von":"Nicolino","Gesch\u00e4tzte Lesezeit":"3\u00a0Minuten"},"schema":{"@context":"https:\/\/schema.org","@graph":[{"@type":"WebSite","@id":"https:\/\/www.deanreed.de\/AmericanRebel\/elcantor\/#website","url":"https:\/\/www.deanreed.de\/AmericanRebel\/elcantor\/","name":"El Cantor","description":"Mit der Gitarre f\u00fcr Frieden, Gerechtigkeit und das Recht auf ein Leben ohne Ausbeutung","potentialAction":[{"@type":"SearchAction","target":{"@type":"EntryPoint","urlTemplate":"https:\/\/www.deanreed.de\/AmericanRebel\/elcantor\/?s={search_term_string}"},"query-input":"required name=search_term_string"}],"inLanguage":"de"},{"@type":"ImageObject","@id":"https:\/\/www.deanreed.de\/AmericanRebel\/elcantor\/kind-mutter-mensch\/#primaryimage","inLanguage":"de","url":"http:\/\/www.deanreed.de\/AmericanRebel\/elcantor\/wp-content\/uploads\/2018\/09\/Nico_Diener_Tagesshow.jpg","contentUrl":"http:\/\/www.deanreed.de\/AmericanRebel\/elcantor\/wp-content\/uploads\/2018\/09\/Nico_Diener_Tagesshow.jpg"},{"@type":"WebPage","@id":"https:\/\/www.deanreed.de\/AmericanRebel\/elcantor\/kind-mutter-mensch\/#webpage","url":"https:\/\/www.deanreed.de\/AmericanRebel\/elcantor\/kind-mutter-mensch\/","name":"- Kind, Mutter Mensch - El Cantor","isPartOf":{"@id":"https:\/\/www.deanreed.de\/AmericanRebel\/elcantor\/#website"},"primaryImageOfPage":{"@id":"https:\/\/www.deanreed.de\/AmericanRebel\/elcantor\/kind-mutter-mensch\/#primaryimage"},"datePublished":"2019-04-02T17:16:52+00:00","dateModified":"2019-09-11T01:37:24+00:00","author":{"@id":"https:\/\/www.deanreed.de\/AmericanRebel\/elcantor\/#\/schema\/person\/9e161ae26783202cec7e4d0733914b40"},"breadcrumb":{"@id":"https:\/\/www.deanreed.de\/AmericanRebel\/elcantor\/kind-mutter-mensch\/#breadcrumb"},"inLanguage":"de","potentialAction":[{"@type":"ReadAction","target":["https:\/\/www.deanreed.de\/AmericanRebel\/elcantor\/kind-mutter-mensch\/"]}]},{"@type":"BreadcrumbList","@id":"https:\/\/www.deanreed.de\/AmericanRebel\/elcantor\/kind-mutter-mensch\/#breadcrumb","itemListElement":[{"@type":"ListItem","position":1,"name":"Startseite","item":"https:\/\/www.deanreed.de\/AmericanRebel\/elcantor\/"},{"@type":"ListItem","position":2,"name":"&#8211; Kind, Mutter Mensch"}]},{"@type":"Person","@id":"https:\/\/www.deanreed.de\/AmericanRebel\/elcantor\/#\/schema\/person\/9e161ae26783202cec7e4d0733914b40","name":"Nicolino","url":"https:\/\/www.deanreed.de\/AmericanRebel\/elcantor\/author\/nicolino\/"}]}},"_links":{"self":[{"href":"https:\/\/www.deanreed.de\/AmericanRebel\/elcantor\/wp-json\/wp\/v2\/posts\/1862"}],"collection":[{"href":"https:\/\/www.deanreed.de\/AmericanRebel\/elcantor\/wp-json\/wp\/v2\/posts"}],"about":[{"href":"https:\/\/www.deanreed.de\/AmericanRebel\/elcantor\/wp-json\/wp\/v2\/types\/post"}],"author":[{"embeddable":true,"href":"https:\/\/www.deanreed.de\/AmericanRebel\/elcantor\/wp-json\/wp\/v2\/users\/3"}],"replies":[{"embeddable":true,"href":"https:\/\/www.deanreed.de\/AmericanRebel\/elcantor\/wp-json\/wp\/v2\/comments?post=1862"}],"version-history":[{"count":31,"href":"https:\/\/www.deanreed.de\/AmericanRebel\/elcantor\/wp-json\/wp\/v2\/posts\/1862\/revisions"}],"predecessor-version":[{"id":2315,"href":"https:\/\/www.deanreed.de\/AmericanRebel\/elcantor\/wp-json\/wp\/v2\/posts\/1862\/revisions\/2315"}],"wp:attachment":[{"href":"https:\/\/www.deanreed.de\/AmericanRebel\/elcantor\/wp-json\/wp\/v2\/media?parent=1862"}],"wp:term":[{"taxonomy":"category","embeddable":true,"href":"https:\/\/www.deanreed.de\/AmericanRebel\/elcantor\/wp-json\/wp\/v2\/categories?post=1862"},{"taxonomy":"post_tag","embeddable":true,"href":"https:\/\/www.deanreed.de\/AmericanRebel\/elcantor\/wp-json\/wp\/v2\/tags?post=1862"}],"curies":[{"name":"wp","href":"https:\/\/api.w.org\/{rel}","templated":true}]}}