{"id":1116,"date":"2017-11-22T00:00:07","date_gmt":"2017-11-21T23:00:07","guid":{"rendered":"http:\/\/www.deanreed.de\/AmericanRebel\/elcantor\/?p=1116"},"modified":"2017-11-29T15:32:41","modified_gmt":"2017-11-29T14:32:41","slug":"mariela-cando","status":"publish","type":"post","link":"https:\/\/www.deanreed.de\/AmericanRebel\/elcantor\/mariela-cando\/","title":{"rendered":"&#8211; Mariela Condo &#8211; Die Stimme Ecuadors"},"content":{"rendered":"<h4>Nico Diener<\/h4>\n<h2><strong>Die Stimme Ecuadors<\/strong><\/h2>\n<h4>Mariela Condo, erstmals in Deutschland<\/h4>\n<div id=\"attachment_161\" style=\"width: 110px\" class=\"wp-caption alignleft\"><img aria-describedby=\"caption-attachment-161\" loading=\"lazy\" class=\"size-full wp-image-161\" src=\"http:\/\/www.deanreed.de\/AmericanRebel\/2017\/wp-content\/uploads\/2017\/02\/Nico_Diener_alles.jpg\" alt=\"\" width=\"100\" height=\"150\" \/><p id=\"caption-attachment-161\" class=\"wp-caption-text\"><span style=\"color: #808080;\">Nico Diener<\/span><\/p><\/div>\n<p style=\"text-align: justify;\"><strong>Mariela Condo aus Ecuador, eine der au\u00dfergew\u00f6hnlichsten Stimmen des neuen Gesangs Lateinamerikas, wird von der internationalen Presse als K\u00fcnstlerin betrachtet die in die Fu\u00dfstapfen von Chabuca Granda, Violetta Parra, Mercedes Sosa, Marta G\u00f3mez und Lila Downs getreten ist. Nun gibt die 35 j\u00e4hrige ihr erstes Konzert in Berlin. Auf Einladung von <a href=\"https:\/\/www.redheadmusic.de\/\" target=\"_blank\" rel=\"noopener\">RedHeadMusic &#8211; die kulturlobbyisten<\/a> wird sie am Freitag, 26. Januar 2018, zu ihrem ersten Deutschlandkonzert in der WABE in Berlin auftreten.\u00a0Zusammen mit den Musikern\u00a0<a class=\"profileLink\" href=\"https:\/\/www.facebook.com\/willan.farinango?fref=mentions\" data-hovercard=\"\/ajax\/hovercard\/user.php?id=1334535596&amp;extragetparams=%7B%22fref%22%3A%22mentions%22%7D\" data-hovercard-prefer-more-content-show=\"1\">Willan Farinango<\/a>\u00a0an der Gitarre und Christian Fischer am Bass wird es ganz sicher ein einmaliger, magischer Abend werden.\u00a0<\/strong><\/p>\n<p style=\"text-align: justify;\">Die S\u00e4ngerin, Autorin und Komponistin wurde 1983 in Cacha-Puruh\u00e1, einer indigenen Gemeinschaft in der Provinz Chimborazo, im s\u00fcdlichen Hochland von Ecuador geboren. In diesem historischem Ort der traditionellen S\u00e4nger wuchs sie auf und entwickelte sich und ihre Gesangsstimme schnell zu einem gern geh\u00f6rten Teil der heimatlichen Gesellschaft.<\/p>\n<div id=\"attachment_1132\" style=\"width: 349px\" class=\"wp-caption alignright\"><img aria-describedby=\"caption-attachment-1132\" loading=\"lazy\" class=\" wp-image-1132\" src=\"http:\/\/www.deanreed.de\/AmericanRebel\/elcantor\/wp-content\/uploads\/2015\/11\/MC_01-270x300.jpg\" alt=\"\" width=\"339\" height=\"377\" srcset=\"https:\/\/www.deanreed.de\/AmericanRebel\/elcantor\/wp-content\/uploads\/2015\/11\/MC_01-270x300.jpg 270w, https:\/\/www.deanreed.de\/AmericanRebel\/elcantor\/wp-content\/uploads\/2015\/11\/MC_01-768x852.jpg 768w, https:\/\/www.deanreed.de\/AmericanRebel\/elcantor\/wp-content\/uploads\/2015\/11\/MC_01-923x1024.jpg 923w, https:\/\/www.deanreed.de\/AmericanRebel\/elcantor\/wp-content\/uploads\/2015\/11\/MC_01.jpg 1262w\" sizes=\"(max-width: 339px) 100vw, 339px\" \/><p id=\"caption-attachment-1132\" class=\"wp-caption-text\"><span style=\"color: #808080;\">Mariela Condo<\/span><\/p><\/div>\n<p style=\"text-align: justify;\">Sie verbrachte ihr noch junges Leben zwischen verschiedenen kulturellen Aktivit\u00e4ten wie Liederabenden, musikalischen Begegnungen mit anderen K\u00fcnstler\/innen, und dem Schaffen und Vortragen von Kinderkantaten. Die Teilnahme als Mitglied verschiedener Chorgruppen hat ihre Stimme und ihre musikalische Pers\u00f6nlichkeit entschieden gepr\u00e4gt haben.<\/p>\n<p style=\"text-align: justify;\">Sp\u00e4ter widmet sie sich dem Schreiben und Schreiben von Luft-, Regen- und Windliedern und wurde zu einer der bekanntesten Liedschreiberin Ecuadors. Sie studierte an der <a href=\"https:\/\/en.wikipedia.org\/wiki\/Universidad_San_Francisco_de_Quito\" target=\"_blank\" rel=\"noopener\">San Francisco University of Quito<\/a> (Quito. Ecuador) Musik uns bildete sich im Rahmen eines internationalen Programms am <a href=\"https:\/\/de.wikipedia.org\/wiki\/Berklee_College_of_Music\" target=\"_blank\" rel=\"noopener\">Berklee College of Music<\/a> in Boston (USA) weiter.<\/p>\n<p style=\"text-align: justify;\">Im Februar 2016 nimmt Mariela Condo am &#8222;Festival WOMAD&#8220;, einer der wichtigsten von Peter Gabriel organisierten musikalischen Treffen in der Welt, teil. Im selben Jahr unternahm sie eine sehr erfolgreiche Tournee durch Peru, Chile, Argentinien, Uruguay und Mexiko, wo sie das Publikum aus verschiedenen Kontexten und Zeitaltern faszinierte. Im Mai 2016 reiste Mariela nach Mexiko, um am &#8222;Internationalen Festival von Tlalpan&#8220; teilzunehmen. Sie beschloss bis November in Mexiko zu bleiben und dort zu leben, zu arbeiten und sich weiter zu bilden. Deshalb nahm nimmt an mehreren Pr\u00e4sentationen in verschiedenen St\u00e4dten teil, darunter eine Pr\u00e4sentation im Gro\u00dfen Z\u00f3calo von Mexiko-Stadt und tauschte sich mit mehreren K\u00fcnstlern\/innen aus, die ihre k\u00fcnstlerische Arbeit tiefgreifend beeinflussen, aus. Doch schon mu\u00dfte sie wieder auf Reisen gehen: Mariela wurde im August 2016 als Hauptk\u00fcnstlerin des &#8222;Kulturfestivals Ecuadors in Frankreich&#8220; ausgezeichnet, der j\u00e4hrlich im Rahmen eines F\u00f6rderungsprogramms des Staates Ecuador von der Botschaft von Ecuadors organisiert wird. Im Januar 2017 nahm sie in Lissabon (Portugal) an dem Festival &#8222;Can\u00e7\u00f5es Para Uma Festa&#8220; teil, die in jedem Jahr in Europa zur ibero-amerikanischen Kulturhauptstadt wird.<br \/>\n<span style=\"color: #ffffff;\">.<\/span><\/p>\n<p><strong>Preise und Ehrungen<\/strong><\/p>\n<p style=\"text-align: justify;\">Mariela hat B\u00fchnen mit vom Volk geliebten und bewunderten K\u00fcnstlern wie Lila Downs aus Mexiko, Martha G\u00f3mez aus Kolumbien, Victoria Villalobos und Omar Camino aus Peru, Beto G\u00f3mez und Aar\u00f3n Cruz aus Mexiko und Juan Quintero aus Argentinien geteilt. Sie hat Ecuador bei mehreren internationalen Festivals wie dem &#8222;XVIII Festival Internazionale di Poes\u00eda (2002)&#8220; in Genua (Italien), vertreten. Mariela war Teil der offiziellen Zeremonie der UNESCO f\u00fcr die Erkl\u00e4rung als kulturelles Erbe der Menschheit zu Qhapac \u00d1an (Camino del Inca), in Cusco, Peru (2014).\u00a0 Und sie war Gastk\u00fcnstlerin auf der Messe &#8222;Expo Milano 2015&#8220; und im &#8222;Encuentro de Cantautores&#8220; in Lima (Peru). Im M\u00e4rz 2012 wurde sie mit dem Cultural Merit Award &#8222;Bicentennial Medal&#8220; des Kulturministeriums von Ecuador ausgezeichnet. Im November 2013 wurde ihm der Preis &#8222;Canci\u00f3n Imprescindible&#8220; verliehen, ein Preis, der von Radio P\u00fablica del Ecuador verliehen wird.<br \/>\n<span style=\"color: #ffffff;\">.<\/span><\/p>\n<p><strong>Ver\u00f6ffentlichungen<\/strong><\/p>\n<div id=\"attachment_1177\" style=\"width: 220px\" class=\"wp-caption alignright\"><img aria-describedby=\"caption-attachment-1177\" loading=\"lazy\" class=\" wp-image-1177\" src=\"http:\/\/www.deanreed.de\/AmericanRebel\/elcantor\/wp-content\/uploads\/2015\/11\/m0-300x300.jpeg\" alt=\"\" width=\"210\" height=\"210\" srcset=\"https:\/\/www.deanreed.de\/AmericanRebel\/elcantor\/wp-content\/uploads\/2015\/11\/m0-300x300.jpeg 300w, https:\/\/www.deanreed.de\/AmericanRebel\/elcantor\/wp-content\/uploads\/2015\/11\/m0-150x150.jpeg 150w, https:\/\/www.deanreed.de\/AmericanRebel\/elcantor\/wp-content\/uploads\/2015\/11\/m0.jpeg 640w\" sizes=\"(max-width: 210px) 100vw, 210px\" \/><p id=\"caption-attachment-1177\" class=\"wp-caption-text\"><span style=\"color: #808080;\">CD Shuk Shimi, Waranka Shimi<\/span><\/p><\/div>\n<p style=\"text-align: justify;\">Im Jahr 2007 machte er sein erstes Album mit dem Titel &#8222;Shuk Shimi, Waranka Shimi (Eine Stimme, tausend Stimmen)&#8220;, das unver\u00f6ffentlichte Songs in Kichwa, einer indigenen Sprache der Andenregion, kompiliert.<br \/>\n2013 realisierte er zusammen mit dem Musikproduzenten Daniel Orejuela und dem Plattenlabel ALLA aus Deutschland sein zweites Album mit unver\u00f6ffentlichten Songs &#8222;Vengo a Ver&#8220;, mit dem sie mehrere L\u00e4nder in Amerika und Europa bereiste. Vor kurzem pr\u00e4sentierte sie ihren neuen musikalischen Vorschlag &#8222;Pinceladas&#8220;, mit dem sie eine musikalische Tour durch Lateinamerika unternahm.<\/p>\n<p><span style=\"color: #ffffff;\">.<\/span><\/p>\n<p>&nbsp;<\/p>\n<p>&nbsp;<\/p>\n<p style=\"text-align: center;\"><strong>Letra de Somos<\/strong><br \/>\nvon Mariela Condo, Juan Quintero und Beto G\u00f3mez<\/p>\n<p style=\"text-align: center;\"><div class=\"lyte-wrapper fourthree\" title=\"Mariela Condo - Somos\" style=\"width:480px;max-width:100%;margin:5px auto;\"><div class=\"lyMe\" id=\"WYL_Mar_sMr2nh8\"><div id=\"lyte_Mar_sMr2nh8\" data-src=\"https:\/\/www.deanreed.de\/AmericanRebel\/elcantor\/wp-content\/plugins\/wp-youtube-lyte\/lyteCache.php?origThumbUrl=https%3A%2F%2Fi.ytimg.com%2Fvi%2FMar_sMr2nh8%2Fhqdefault.jpg\" class=\"pL\"><div class=\"tC\"><div class=\"tT\">Mariela Condo - Somos<\/div><\/div><div class=\"play\"><\/div><div class=\"ctrl\"><div class=\"Lctrl\"><\/div><div class=\"Rctrl\"><\/div><\/div><\/div><noscript><a href=\"https:\/\/youtu.be\/Mar_sMr2nh8\"><img src=\"https:\/\/www.deanreed.de\/AmericanRebel\/elcantor\/wp-content\/plugins\/wp-youtube-lyte\/lyteCache.php?origThumbUrl=https%3A%2F%2Fi.ytimg.com%2Fvi%2FMar_sMr2nh8%2F0.jpg\" alt=\"Mariela Condo - Somos\" width=\"480\" height=\"340\" \/><br \/>Dieses Video auf YouTube ansehen<\/a><\/noscript><\/div><\/div><div class=\"lL\" style=\"max-width:100%;width:480px;margin:5px auto;\"><\/div><\/p>\n<p style=\"text-align: center;\"><strong>Text<\/strong> (\u00dcbersetzung wird noch verbessert)<\/p>\n<table width=\"770\">\n<tbody>\n<tr>\n<td style=\"vertical-align: top;\">Somos el suspiro de un ayer,<br \/>\nflor que desmay\u00f3,<br \/>\nbeso que se fue\u2026<br \/>\nSomos el abrazo de un adi\u00f3s,<br \/>\nviento que bail\u00f3,<br \/>\nd\u00eda que la noche apag\u00f3\u2026<br \/>\nNo lloremos este adi\u00f3s,<br \/>\nmira lejos que la vida corre,<br \/>\nvuela alto,<br \/>\nel tiempo la luna y el sol<br \/>\nsanar\u00e1 la ausencia que hoy dejamos,<br \/>\nvuela lejos\u2026.<br \/>\n<span style=\"color: #ffffff;\">.<\/span><br \/>\nCantos que se teje sin prisi\u00f3n,<br \/>\nalas del viento,<br \/>\nbrisa de un querer<br \/>\nSomos el abrazo de un adi\u00f3s,<br \/>\nviento que bail\u00f3,<br \/>\nd\u00eda que la noche apag\u00f3\u2026<br \/>\nNo lloremos este adi\u00f3s,<br \/>\nmira lejos que la vida corre,<br \/>\nvuela alto,<br \/>\nel tiempo la luna y el sol<br \/>\nsanar\u00e1 la ausencia que hoy dejamos,<br \/>\nvuela lejos\u2026<br \/>\n<span style=\"color: #ffffff;\">.<\/span><br \/>\nSomos el suspiro de un ayer,<br \/>\nflor que desmay\u00f3,<br \/>\nbeso que se fue\u2026<br \/>\nSomos el abrazo de un adi\u00f3s,<br \/>\nviento que bail\u00f3,<br \/>\nd\u00eda que la noche apag\u00f3\u2026<br \/>\nNo lloremos este adi\u00f3s,<br \/>\nmira lejos que la vida corre,<br \/>\nvuela alto,<br \/>\nel tiempo la luna y el sol<br \/>\nsanar\u00e1 la ausencia que hoy dejamos,<br \/>\nvuela lejos\u2026<\/p>\n<p class=\"mxm-lyrics__content \"><span style=\"font-family: georgia,palatino,serif; font-size: 12pt;\">\u00a0<\/span><\/p>\n<\/td>\n<td style=\"vertical-align: top;\">Wir sind der Seufzer eines Gestrigen,<br \/>\nBlume, die ohnm\u00e4chtig wurde,<br \/>\nKuss, der ging \u2026<br \/>\nWir sind die Umarmung eines Abschieds,<br \/>\nder Wind, der tanzte,<br \/>\nTag in dieser Nacht abgeschaltet \u2026<br \/>\nLasst uns nicht auf Wiedersehen weinen,<br \/>\nschau weg, dass das Leben l\u00e4uft,<br \/>\nhoch fliegen,<br \/>\ndas Wetter der Mond und die Sonne<br \/>\nheilt die Abwesenheit,<br \/>\ndie wir heute verlassen,<br \/>\nweg fliegen \u2026<br \/>\nLieder, die ohne Gef\u00e4ngnis gewebt werden,<br \/>\nFl\u00fcgel des Windes,<br \/>\nBrise eines Wollens \u2026<br \/>\n<span style=\"color: #ffffff;\">.<\/span><br \/>\nWir sind die Umarmung eines Abschieds,<br \/>\nder Wind, der tanzte,<br \/>\nTag in dieser Nacht abgeschaltet \u2026<br \/>\nLasst uns nicht auf Wiedersehen weinen,<br \/>\nschau weg, dass das Leben l\u00e4uft,<br \/>\nhoch fliegen,<br \/>\ndas Wetter der Mond und die Sonne<br \/>\nheilt die Abwesenheit,<br \/>\ndie wir heute verlassen,<br \/>\nweg fliegen \u2026<br \/>\n<span style=\"color: #ffffff;\">.<\/span><br \/>\nWir sind der Seufzer eines Gestrigen,<br \/>\nBlume, die ohnm\u00e4chtig wurde,<br \/>\nKuss, der ging \u2026<br \/>\nWir sind die Umarmung eines Abschieds,<br \/>\nder Wind, der tanzte,<br \/>\nTag in dieser Nacht abgeschaltet \u2026<br \/>\nLasst uns nicht auf Wiedersehen weinen,<br \/>\nschau weg, dass das Leben l\u00e4uft,<br \/>\nhoch fliegen,<br \/>\ndas Wetter der Mond und die Sonne<br \/>\nheilt die Abwesenheit,<br \/>\ndie wir heute verlassen,<br \/>\nweg fliegen \u2026<br \/>\n<span style=\"color: #ffffff;\">.<\/span><\/td>\n<\/tr>\n<\/tbody>\n<\/table>\n<blockquote>\n<p style=\"text-align: center;\"><strong>Einige Konzertank\u00fcndigungen von Mariela Condo<\/strong><\/p>\n<p><img loading=\"lazy\" class=\"wp-image-1178 aligncenter\" src=\"http:\/\/www.deanreed.de\/AmericanRebel\/elcantor\/wp-content\/uploads\/2015\/11\/m1-300x100.jpg\" alt=\"\" width=\"699\" height=\"233\" srcset=\"https:\/\/www.deanreed.de\/AmericanRebel\/elcantor\/wp-content\/uploads\/2015\/11\/m1-300x100.jpg 300w, https:\/\/www.deanreed.de\/AmericanRebel\/elcantor\/wp-content\/uploads\/2015\/11\/m1.jpg 614w\" sizes=\"(max-width: 699px) 100vw, 699px\" \/><\/p>\n<p><img loading=\"lazy\" class=\"wp-image-1179 aligncenter\" src=\"http:\/\/www.deanreed.de\/AmericanRebel\/elcantor\/wp-content\/uploads\/2015\/11\/m2-300x188.jpg\" alt=\"\" width=\"703\" height=\"440\" srcset=\"https:\/\/www.deanreed.de\/AmericanRebel\/elcantor\/wp-content\/uploads\/2015\/11\/m2-300x188.jpg 300w, https:\/\/www.deanreed.de\/AmericanRebel\/elcantor\/wp-content\/uploads\/2015\/11\/m2.jpg 392w\" sizes=\"(max-width: 703px) 100vw, 703px\" \/><\/p>\n<p><img loading=\"lazy\" class=\"wp-image-1180 aligncenter\" src=\"http:\/\/www.deanreed.de\/AmericanRebel\/elcantor\/wp-content\/uploads\/2015\/11\/m4-300x174.jpg\" alt=\"\" width=\"703\" height=\"408\" srcset=\"https:\/\/www.deanreed.de\/AmericanRebel\/elcantor\/wp-content\/uploads\/2015\/11\/m4-300x174.jpg 300w, https:\/\/www.deanreed.de\/AmericanRebel\/elcantor\/wp-content\/uploads\/2015\/11\/m4-768x446.jpg 768w, https:\/\/www.deanreed.de\/AmericanRebel\/elcantor\/wp-content\/uploads\/2015\/11\/m4.jpg 900w\" sizes=\"(max-width: 703px) 100vw, 703px\" \/><\/p>\n<p style=\"text-align: center;\"><img loading=\"lazy\" class=\"alignnone wp-image-1189\" src=\"http:\/\/www.deanreed.de\/AmericanRebel\/elcantor\/wp-content\/uploads\/2015\/11\/m3A-300x187.jpg\" alt=\"\" width=\"703\" height=\"438\" srcset=\"https:\/\/www.deanreed.de\/AmericanRebel\/elcantor\/wp-content\/uploads\/2015\/11\/m3A-300x187.jpg 300w, https:\/\/www.deanreed.de\/AmericanRebel\/elcantor\/wp-content\/uploads\/2015\/11\/m3A-768x479.jpg 768w, https:\/\/www.deanreed.de\/AmericanRebel\/elcantor\/wp-content\/uploads\/2015\/11\/m3A.jpg 913w\" sizes=\"(max-width: 703px) 100vw, 703px\" \/><\/p>\n<p><img loading=\"lazy\" class=\"wp-image-1182 aligncenter\" src=\"http:\/\/www.deanreed.de\/AmericanRebel\/elcantor\/wp-content\/uploads\/2015\/11\/m5-300x200.png\" alt=\"\" width=\"701\" height=\"467\" srcset=\"https:\/\/www.deanreed.de\/AmericanRebel\/elcantor\/wp-content\/uploads\/2015\/11\/m5-300x200.png 300w, https:\/\/www.deanreed.de\/AmericanRebel\/elcantor\/wp-content\/uploads\/2015\/11\/m5.png 640w\" sizes=\"(max-width: 701px) 100vw, 701px\" \/><\/p>\n<p><img loading=\"lazy\" class=\"wp-image-1183 aligncenter\" src=\"http:\/\/www.deanreed.de\/AmericanRebel\/elcantor\/wp-content\/uploads\/2015\/11\/m6-300x156.png\" alt=\"\" width=\"702\" height=\"365\" srcset=\"https:\/\/www.deanreed.de\/AmericanRebel\/elcantor\/wp-content\/uploads\/2015\/11\/m6-300x156.png 300w, https:\/\/www.deanreed.de\/AmericanRebel\/elcantor\/wp-content\/uploads\/2015\/11\/m6-768x399.png 768w, https:\/\/www.deanreed.de\/AmericanRebel\/elcantor\/wp-content\/uploads\/2015\/11\/m6.png 770w\" sizes=\"(max-width: 702px) 100vw, 702px\" \/><\/p>\n<p><img loading=\"lazy\" class=\"wp-image-1184 aligncenter\" src=\"http:\/\/www.deanreed.de\/AmericanRebel\/elcantor\/wp-content\/uploads\/2015\/11\/m7-300x128.jpg\" alt=\"\" width=\"705\" height=\"301\" srcset=\"https:\/\/www.deanreed.de\/AmericanRebel\/elcantor\/wp-content\/uploads\/2015\/11\/m7-300x128.jpg 300w, https:\/\/www.deanreed.de\/AmericanRebel\/elcantor\/wp-content\/uploads\/2015\/11\/m7.jpg 550w\" sizes=\"(max-width: 705px) 100vw, 705px\" \/><\/p>\n<p style=\"text-align: center;\"><img loading=\"lazy\" class=\"alignnone wp-image-1103\" src=\"http:\/\/www.deanreed.de\/AmericanRebel\/elcantor\/wp-content\/uploads\/2017\/11\/Condo-300x214.jpg\" alt=\"\" width=\"707\" height=\"504\" srcset=\"https:\/\/www.deanreed.de\/AmericanRebel\/elcantor\/wp-content\/uploads\/2017\/11\/Condo-300x214.jpg 300w, https:\/\/www.deanreed.de\/AmericanRebel\/elcantor\/wp-content\/uploads\/2017\/11\/Condo-768x548.jpg 768w, https:\/\/www.deanreed.de\/AmericanRebel\/elcantor\/wp-content\/uploads\/2017\/11\/Condo-1024x730.jpg 1024w, https:\/\/www.deanreed.de\/AmericanRebel\/elcantor\/wp-content\/uploads\/2017\/11\/Condo.jpg 1772w\" sizes=\"(max-width: 707px) 100vw, 707px\" \/><\/p>\n<\/blockquote>\n<p><span style=\"color: #ffffff;\">.<\/span><\/p>\n<blockquote><p><img loading=\"lazy\" class=\"size-full wp-image-1168 alignleft\" src=\"http:\/\/www.deanreed.de\/AmericanRebel\/elcantor\/wp-content\/uploads\/2015\/11\/88x31.png\" alt=\"\" width=\"88\" height=\"31\" \/><span style=\"font-size: 10pt;\">Dieses Werk ist unter einer <strong>Creative Commons-Lizenz<\/strong> (<a href=\"https:\/\/creativecommons.org\/licenses\/by-nc-nd\/4.0\/deed.de\" rel=\"license\">Namensnennung &#8211; Nicht kommerziell &#8211; Keine Bearbeitungen 4.0 International<\/a>) lizensiert. Unter Einhaltung der Lizenzbedingungen darf es weiter verbreitet und vervielf\u00e4ltigt werden.<\/span><\/p><\/blockquote>\n<p><a href=\"https:\/\/www.facebook.com\/groups\/1683837971860223\/permalink\/2075021956075154\/\" target=\"_blank\" rel=\"noopener\"><img loading=\"lazy\" class=\"alignright wp-image-243\" src=\"http:\/\/www.deanreed.de\/AmericanRebel\/elcantor\/wp-content\/uploads\/2017\/09\/ar_zu_fb.png\" alt=\"hier geht es zur Facebook-Diskussionsgruppe\" width=\"353\" height=\"15\" srcset=\"https:\/\/www.deanreed.de\/AmericanRebel\/elcantor\/wp-content\/uploads\/2017\/09\/ar_zu_fb.png 470w, https:\/\/www.deanreed.de\/AmericanRebel\/elcantor\/wp-content\/uploads\/2017\/09\/ar_zu_fb-300x13.png 300w\" sizes=\"(max-width: 353px) 100vw, 353px\" \/><\/a><a href=\"http:\/\/www.elcantor.de\"><img loading=\"lazy\" class=\"alignleft wp-image-237\" src=\"http:\/\/www.deanreed.de\/AmericanRebel\/elcantor\/wp-content\/uploads\/2017\/09\/back_ar.png\" alt=\"zur\u00fcck zur Startseite\" width=\"156\" height=\"15\" \/><\/a><br \/>\n<a href=\"http:\/\/www.deanreed.de\/AmericanRebel\/elcantor\/?p=39#respond\"><img loading=\"lazy\" class=\"alignright wp-image-234 size-full\" src=\"http:\/\/www.deanreed.de\/AmericanRebel\/elcantor\/wp-content\/uploads\/2017\/09\/ar_kommentar.png\" alt=\"Sag uns deine Meinung zum Artikel mit einem Kommentar\/Leserbrief\" width=\"690\" height=\"22\" srcset=\"https:\/\/www.deanreed.de\/AmericanRebel\/elcantor\/wp-content\/uploads\/2017\/09\/ar_kommentar.png 690w, https:\/\/www.deanreed.de\/AmericanRebel\/elcantor\/wp-content\/uploads\/2017\/09\/ar_kommentar-300x10.png 300w\" sizes=\"(max-width: 690px) 100vw, 690px\" \/><\/a><\/p>\n","protected":false},"excerpt":{"rendered":"<p>Nico Diener Die Stimme Ecuadors Mariela Condo, erstmals in Deutschland Mariela Condo aus Ecuador, eine der au\u00dfergew\u00f6hnlichsten Stimmen des neuen Gesangs Lateinamerikas, wird von der internationalen Presse als K\u00fcnstlerin betrachtet die in die Fu\u00dfstapfen von Chabuca Granda, Violetta Parra, Mercedes [&hellip;]<a class=\"more-link\" href=\"https:\/\/www.deanreed.de\/AmericanRebel\/elcantor\/mariela-cando\/\">&darr; Lese den Rest von diesem Eintrag&#8230;<\/a><\/p>\n","protected":false},"author":3,"featured_media":0,"comment_status":"open","ping_status":"open","sticky":false,"template":"","format":"standard","meta":[],"categories":[32,33],"tags":[],"yoast_head":"<!-- This site is optimized with the Yoast SEO plugin v17.5 - https:\/\/yoast.com\/wordpress\/plugins\/seo\/ -->\n<title>- Mariela Condo - Die Stimme Ecuadors - El Cantor<\/title>\n<meta name=\"robots\" content=\"index, follow, max-snippet:-1, max-image-preview:large, max-video-preview:-1\" \/>\n<link rel=\"canonical\" href=\"http:\/\/www.deanreed.de\/AmericanRebel\/elcantor\/mariela-cando\/\" \/>\n<meta property=\"og:locale\" content=\"de_DE\" \/>\n<meta property=\"og:type\" content=\"article\" \/>\n<meta property=\"og:title\" content=\"- Mariela Condo - Die Stimme Ecuadors - El Cantor\" \/>\n<meta property=\"og:description\" content=\"Nico Diener Die Stimme Ecuadors Mariela Condo, erstmals in Deutschland Mariela Condo aus Ecuador, eine der au\u00dfergew\u00f6hnlichsten Stimmen des neuen Gesangs Lateinamerikas, wird von der internationalen Presse als K\u00fcnstlerin betrachtet die in die Fu\u00dfstapfen von Chabuca Granda, Violetta Parra, Mercedes [&hellip;]&darr; Lese den Rest von diesem Eintrag...\" \/>\n<meta property=\"og:url\" content=\"http:\/\/www.deanreed.de\/AmericanRebel\/elcantor\/mariela-cando\/\" \/>\n<meta property=\"og:site_name\" content=\"El Cantor\" \/>\n<meta property=\"article:published_time\" content=\"2017-11-21T23:00:07+00:00\" \/>\n<meta property=\"article:modified_time\" content=\"2017-11-29T14:32:41+00:00\" \/>\n<meta property=\"og:image\" content=\"http:\/\/www.deanreed.de\/AmericanRebel\/2017\/wp-content\/uploads\/2017\/02\/Nico_Diener_alles.jpg\" \/>\n<meta name=\"twitter:card\" content=\"summary_large_image\" \/>\n<meta name=\"twitter:label1\" content=\"Verfasst von\" \/>\n\t<meta name=\"twitter:data1\" content=\"Nicolino\" \/>\n\t<meta name=\"twitter:label2\" content=\"Gesch\u00e4tzte Lesezeit\" \/>\n\t<meta name=\"twitter:data2\" content=\"6\u00a0Minuten\" \/>\n<script type=\"application\/ld+json\" class=\"yoast-schema-graph\">{\"@context\":\"https:\/\/schema.org\",\"@graph\":[{\"@type\":\"WebSite\",\"@id\":\"http:\/\/www.deanreed.de\/AmericanRebel\/elcantor\/#website\",\"url\":\"http:\/\/www.deanreed.de\/AmericanRebel\/elcantor\/\",\"name\":\"El Cantor\",\"description\":\"Mit der Gitarre f\\u00fcr Frieden, Gerechtigkeit und das Recht auf ein Leben ohne Ausbeutung\",\"potentialAction\":[{\"@type\":\"SearchAction\",\"target\":{\"@type\":\"EntryPoint\",\"urlTemplate\":\"http:\/\/www.deanreed.de\/AmericanRebel\/elcantor\/?s={search_term_string}\"},\"query-input\":\"required name=search_term_string\"}],\"inLanguage\":\"de\"},{\"@type\":\"ImageObject\",\"@id\":\"http:\/\/www.deanreed.de\/AmericanRebel\/elcantor\/mariela-cando\/#primaryimage\",\"inLanguage\":\"de\",\"url\":\"http:\/\/www.deanreed.de\/AmericanRebel\/2017\/wp-content\/uploads\/2017\/02\/Nico_Diener_alles.jpg\",\"contentUrl\":\"http:\/\/www.deanreed.de\/AmericanRebel\/2017\/wp-content\/uploads\/2017\/02\/Nico_Diener_alles.jpg\"},{\"@type\":\"WebPage\",\"@id\":\"http:\/\/www.deanreed.de\/AmericanRebel\/elcantor\/mariela-cando\/#webpage\",\"url\":\"http:\/\/www.deanreed.de\/AmericanRebel\/elcantor\/mariela-cando\/\",\"name\":\"- Mariela Condo - Die Stimme Ecuadors - El Cantor\",\"isPartOf\":{\"@id\":\"http:\/\/www.deanreed.de\/AmericanRebel\/elcantor\/#website\"},\"primaryImageOfPage\":{\"@id\":\"http:\/\/www.deanreed.de\/AmericanRebel\/elcantor\/mariela-cando\/#primaryimage\"},\"datePublished\":\"2017-11-21T23:00:07+00:00\",\"dateModified\":\"2017-11-29T14:32:41+00:00\",\"author\":{\"@id\":\"http:\/\/www.deanreed.de\/AmericanRebel\/elcantor\/#\/schema\/person\/9e161ae26783202cec7e4d0733914b40\"},\"breadcrumb\":{\"@id\":\"http:\/\/www.deanreed.de\/AmericanRebel\/elcantor\/mariela-cando\/#breadcrumb\"},\"inLanguage\":\"de\",\"potentialAction\":[{\"@type\":\"ReadAction\",\"target\":[\"http:\/\/www.deanreed.de\/AmericanRebel\/elcantor\/mariela-cando\/\"]}]},{\"@type\":\"BreadcrumbList\",\"@id\":\"http:\/\/www.deanreed.de\/AmericanRebel\/elcantor\/mariela-cando\/#breadcrumb\",\"itemListElement\":[{\"@type\":\"ListItem\",\"position\":1,\"name\":\"Startseite\",\"item\":\"http:\/\/www.deanreed.de\/AmericanRebel\/elcantor\/\"},{\"@type\":\"ListItem\",\"position\":2,\"name\":\"&#8211; Mariela Condo &#8211; Die Stimme Ecuadors\"}]},{\"@type\":\"Person\",\"@id\":\"http:\/\/www.deanreed.de\/AmericanRebel\/elcantor\/#\/schema\/person\/9e161ae26783202cec7e4d0733914b40\",\"name\":\"Nicolino\",\"url\":\"https:\/\/www.deanreed.de\/AmericanRebel\/elcantor\/author\/nicolino\/\"}]}<\/script>\n<!-- \/ Yoast SEO plugin. -->","yoast_head_json":{"title":"- Mariela Condo - Die Stimme Ecuadors - El Cantor","robots":{"index":"index","follow":"follow","max-snippet":"max-snippet:-1","max-image-preview":"max-image-preview:large","max-video-preview":"max-video-preview:-1"},"canonical":"http:\/\/www.deanreed.de\/AmericanRebel\/elcantor\/mariela-cando\/","og_locale":"de_DE","og_type":"article","og_title":"- Mariela Condo - Die Stimme Ecuadors - El Cantor","og_description":"Nico Diener Die Stimme Ecuadors Mariela Condo, erstmals in Deutschland Mariela Condo aus Ecuador, eine der au\u00dfergew\u00f6hnlichsten Stimmen des neuen Gesangs Lateinamerikas, wird von der internationalen Presse als K\u00fcnstlerin betrachtet die in die Fu\u00dfstapfen von Chabuca Granda, Violetta Parra, Mercedes [&hellip;]&darr; Lese den Rest von diesem Eintrag...","og_url":"http:\/\/www.deanreed.de\/AmericanRebel\/elcantor\/mariela-cando\/","og_site_name":"El Cantor","article_published_time":"2017-11-21T23:00:07+00:00","article_modified_time":"2017-11-29T14:32:41+00:00","og_image":[{"url":"http:\/\/www.deanreed.de\/AmericanRebel\/2017\/wp-content\/uploads\/2017\/02\/Nico_Diener_alles.jpg"}],"twitter_card":"summary_large_image","twitter_misc":{"Verfasst von":"Nicolino","Gesch\u00e4tzte Lesezeit":"6\u00a0Minuten"},"schema":{"@context":"https:\/\/schema.org","@graph":[{"@type":"WebSite","@id":"http:\/\/www.deanreed.de\/AmericanRebel\/elcantor\/#website","url":"http:\/\/www.deanreed.de\/AmericanRebel\/elcantor\/","name":"El Cantor","description":"Mit der Gitarre f\u00fcr Frieden, Gerechtigkeit und das Recht auf ein Leben ohne Ausbeutung","potentialAction":[{"@type":"SearchAction","target":{"@type":"EntryPoint","urlTemplate":"http:\/\/www.deanreed.de\/AmericanRebel\/elcantor\/?s={search_term_string}"},"query-input":"required name=search_term_string"}],"inLanguage":"de"},{"@type":"ImageObject","@id":"http:\/\/www.deanreed.de\/AmericanRebel\/elcantor\/mariela-cando\/#primaryimage","inLanguage":"de","url":"http:\/\/www.deanreed.de\/AmericanRebel\/2017\/wp-content\/uploads\/2017\/02\/Nico_Diener_alles.jpg","contentUrl":"http:\/\/www.deanreed.de\/AmericanRebel\/2017\/wp-content\/uploads\/2017\/02\/Nico_Diener_alles.jpg"},{"@type":"WebPage","@id":"http:\/\/www.deanreed.de\/AmericanRebel\/elcantor\/mariela-cando\/#webpage","url":"http:\/\/www.deanreed.de\/AmericanRebel\/elcantor\/mariela-cando\/","name":"- Mariela Condo - Die Stimme Ecuadors - El Cantor","isPartOf":{"@id":"http:\/\/www.deanreed.de\/AmericanRebel\/elcantor\/#website"},"primaryImageOfPage":{"@id":"http:\/\/www.deanreed.de\/AmericanRebel\/elcantor\/mariela-cando\/#primaryimage"},"datePublished":"2017-11-21T23:00:07+00:00","dateModified":"2017-11-29T14:32:41+00:00","author":{"@id":"http:\/\/www.deanreed.de\/AmericanRebel\/elcantor\/#\/schema\/person\/9e161ae26783202cec7e4d0733914b40"},"breadcrumb":{"@id":"http:\/\/www.deanreed.de\/AmericanRebel\/elcantor\/mariela-cando\/#breadcrumb"},"inLanguage":"de","potentialAction":[{"@type":"ReadAction","target":["http:\/\/www.deanreed.de\/AmericanRebel\/elcantor\/mariela-cando\/"]}]},{"@type":"BreadcrumbList","@id":"http:\/\/www.deanreed.de\/AmericanRebel\/elcantor\/mariela-cando\/#breadcrumb","itemListElement":[{"@type":"ListItem","position":1,"name":"Startseite","item":"http:\/\/www.deanreed.de\/AmericanRebel\/elcantor\/"},{"@type":"ListItem","position":2,"name":"&#8211; Mariela Condo &#8211; Die Stimme Ecuadors"}]},{"@type":"Person","@id":"http:\/\/www.deanreed.de\/AmericanRebel\/elcantor\/#\/schema\/person\/9e161ae26783202cec7e4d0733914b40","name":"Nicolino","url":"https:\/\/www.deanreed.de\/AmericanRebel\/elcantor\/author\/nicolino\/"}]}},"_links":{"self":[{"href":"https:\/\/www.deanreed.de\/AmericanRebel\/elcantor\/wp-json\/wp\/v2\/posts\/1116"}],"collection":[{"href":"https:\/\/www.deanreed.de\/AmericanRebel\/elcantor\/wp-json\/wp\/v2\/posts"}],"about":[{"href":"https:\/\/www.deanreed.de\/AmericanRebel\/elcantor\/wp-json\/wp\/v2\/types\/post"}],"author":[{"embeddable":true,"href":"https:\/\/www.deanreed.de\/AmericanRebel\/elcantor\/wp-json\/wp\/v2\/users\/3"}],"replies":[{"embeddable":true,"href":"https:\/\/www.deanreed.de\/AmericanRebel\/elcantor\/wp-json\/wp\/v2\/comments?post=1116"}],"version-history":[{"count":58,"href":"https:\/\/www.deanreed.de\/AmericanRebel\/elcantor\/wp-json\/wp\/v2\/posts\/1116\/revisions"}],"predecessor-version":[{"id":1214,"href":"https:\/\/www.deanreed.de\/AmericanRebel\/elcantor\/wp-json\/wp\/v2\/posts\/1116\/revisions\/1214"}],"wp:attachment":[{"href":"https:\/\/www.deanreed.de\/AmericanRebel\/elcantor\/wp-json\/wp\/v2\/media?parent=1116"}],"wp:term":[{"taxonomy":"category","embeddable":true,"href":"https:\/\/www.deanreed.de\/AmericanRebel\/elcantor\/wp-json\/wp\/v2\/categories?post=1116"},{"taxonomy":"post_tag","embeddable":true,"href":"https:\/\/www.deanreed.de\/AmericanRebel\/elcantor\/wp-json\/wp\/v2\/tags?post=1116"}],"curies":[{"name":"wp","href":"https:\/\/api.w.org\/{rel}","templated":true}]}}