{"id":1080,"date":"2017-11-20T21:48:26","date_gmt":"2017-11-20T20:48:26","guid":{"rendered":"http:\/\/www.deanreed.de\/AmericanRebel\/elcantor\/?p=1080"},"modified":"2017-11-22T11:22:23","modified_gmt":"2017-11-22T10:22:23","slug":"1080","status":"publish","type":"post","link":"https:\/\/www.deanreed.de\/AmericanRebel\/elcantor\/1080\/","title":{"rendered":"&#8211; Brei \u00fcbt Haltung"},"content":{"rendered":"<h4>Frank Burkhard<\/h4>\n<h2>Brei \u00fcbt Haltung<\/h2>\n<h4>Der Kinofilm \u00bbSilly \u2013 Frei von Angst\u00ab<br \/>\n<strong><span style=\"color: #ffffff;\"> .<\/span><br \/>\n<\/strong><\/h4>\n<div id=\"attachment_1082\" style=\"width: 110px\" class=\"wp-caption alignleft\"><img aria-describedby=\"caption-attachment-1082\" loading=\"lazy\" class=\"size-full wp-image-1082\" src=\"http:\/\/www.deanreed.de\/AmericanRebel\/elcantor\/wp-content\/uploads\/2017\/11\/Frank_Burkhard.jpg\" alt=\"\" width=\"100\" height=\"150\" \/><p id=\"caption-attachment-1082\" class=\"wp-caption-text\"><span style=\"color: #808080;\">Frank Burkhard<\/span><\/p><\/div>\n<p class=\"wp-caption-text\" style=\"text-align: justify;\"><strong>Von den Fans der ersten Stunde, damals Anh\u00e4nger genannt, sind wohl noch einige dabei, von den Gr\u00fcndern der Ostrockband \u00bbFamilie Silly\u00ab niemand mehr. Vier Jahre nach der Gr\u00fcndung nannte die Gruppe sich 1982 nur noch Silly (von englisch: albern). Frontfrau Tamara Danz war nicht nur mit ihrer Bierfrisur stilbildend. Der 1986 dazugesto\u00dfene Gitarrist Uwe Hassbecker f\u00fchrte Biermanns Satz von der \u00bblanghaarigen Trauer der Jugend\u00ab ad absurdum. Und der angenehm verr\u00fcckte Schlagzeuger Mike Schafmeier sang 1981 \u00bbDer letzte Kunde\u00ab, was der Band erstmals einen Platz in der DDR-Jahreshitparade bescherte.<\/strong><\/p>\n<p class=\"wp-caption-text\" style=\"text-align: justify;\">Von Schafmeier, dem 1984 die Band MTS zur Familie wurde, ist nicht die Rede im neuen Kinofilm \u00fcber Silly, der auch nur zum Teil in Vergangenheit schwelgt \u2013 etwa mit Reminiszenzen an die 1996 verstorbene Tamara Danz. 2006 fand die Band eine in musi-<\/p>\n<div id=\"attachment_1081\" style=\"width: 479px\" class=\"wp-caption alignright\"><img aria-describedby=\"caption-attachment-1081\" loading=\"lazy\" class=\" wp-image-1081\" src=\"http:\/\/www.deanreed.de\/AmericanRebel\/elcantor\/wp-content\/uploads\/2017\/11\/fb_s-300x176.jpg\" alt=\"\" width=\"469\" height=\"275\" srcset=\"https:\/\/www.deanreed.de\/AmericanRebel\/elcantor\/wp-content\/uploads\/2017\/11\/fb_s-300x176.jpg 300w, https:\/\/www.deanreed.de\/AmericanRebel\/elcantor\/wp-content\/uploads\/2017\/11\/fb_s.jpg 700w\" sizes=\"(max-width: 469px) 100vw, 469px\" \/><p id=\"caption-attachment-1081\" class=\"wp-caption-text\"><span style=\"color: #808080; font-size: 10pt;\">Ein H\u00f6hepunkt ist noch keine Sternstunde (Gruppenbild mit Anna Loos, 2.v.l.)<\/span><br \/><span style=\"color: #808080; font-size: 10pt;\">Foto: Ben Wolf\/ Arsenal Filmverleih<\/span><\/p><\/div>\n<p style=\"text-align: justify;\">kalischer Hinsicht w\u00fcrdige Nachfolgerin; Anna Loos macht in diesem Film aber nicht den Eindruck, dass sie ihrer Vorg\u00e4ngerin in puncto Haltung zu gesellschaftlichen Fragen das Wasser reichen k\u00f6nnte. Ihre Texte sind zu unreflektiert, ihre \u00c4u\u00dfe- rungen zu Band und Musik bleiben im Ungef\u00e4hren. Das ist ein Handicap des Films \u00bbSilly \u2013 Frei von Angst\u00ab, den Regisseur Sven Halfar nach seinem TV-Film \u00bbWutf\u00e4nger\u00ab \u00fcber die Sillys nun in die Kinos gebracht hat. Er ist dicht an seinen Prota- gonisten, l\u00e4sst den Zu- schauer aber nichts Neues entdecken (Ritchie Barton und Uwe Hassbecker formulieren ihr Verh\u00e4ltnis zu Tamara und zueinander auch nicht zum ersten Mal).<\/p>\n<p style=\"text-align: justify;\">Filmisch ist das Werk auf dem Niveau einer langgezogenen TV-Reportage, die auch noch zerredet wird. Die Handkamera suggeriert N\u00e4he, aber vermittelt nur Stimmungen in Einzelsituationen. Man erf\u00e4hrt wenig \u00fcber Bandmitglieder und noch weniger \u00fcber Gastmusiker wie Hassbeckers Sohn Daniel, deren Ansichten man gern geh\u00f6rt h\u00e4tte. Sebastian Krumbiegels Gastauftritt bei einem Konzert ist in dem Film ein H\u00f6hepunkt, doch keine Sternstunde.<\/p>\n<p style=\"text-align: justify;\">Wer diesen Brei aus Interviews, Kabbeleien, Studioproben und Musikschnipseln (kaum l\u00e4nger als 60 Sekunden) wirklich braucht, ist fraglich. Fans (und Anh\u00e4nger) werden das alles schon aus TV-Interviews kennen, und neuen, j\u00fcngeren Zuschauer wird dieser Film Sillys Musik kaum nahebringen.<\/p>\n<p style=\"text-align: justify;\"><span style=\"color: #ffffff;\">.<\/span><br \/>\nErstver\u00f6ffentlichung \u00bb<a href=\"https:\/\/www.jungewelt.de\/\" target=\"_blank\" rel=\"noopener\">Junge Welt<\/a>\u00bb, 18. November 2017. Ver\u00f6ffentlichung mit freundlicher Genehmigung des Autors.<br \/>\n<span style=\"color: #ffffff;\">.<\/span><\/p>\n<p><a title=\"zur Startseite\" href=\"http:\/\/www.americanrebel.de\/\"><img loading=\"lazy\" class=\"alignleft wp-image-1682\" src=\"http:\/\/1.1.1.3\/bmi\/www.deanreed.de\/AmericanRebel\/2017\/wp-content\/uploads\/2017\/03\/back_ar.png\" alt=\"zur\u00fcck zur Startseite\" width=\"156\" height=\"15\" \/><\/a><a href=\"https:\/\/www.facebook.com\/groups\/1683837971860223\/permalink\/2074459326131417\/\" target=\"_blank\" rel=\"noopener\"><img loading=\"lazy\" class=\"alignright wp-image-1676\" src=\"http:\/\/1.1.1.1\/bmi\/www.deanreed.de\/AmericanRebel\/2017\/wp-content\/uploads\/2017\/03\/ar_zu_fb.png\" sizes=\"(max-width: 353px) 100vw, 353px\" srcset=\"http:\/\/www.deanreed.de\/AmericanRebel\/2017\/wp-content\/uploads\/2017\/03\/ar_zu_fb.png 470w, http:\/\/www.deanreed.de\/AmericanRebel\/2017\/wp-content\/uploads\/2017\/03\/ar_zu_fb-300x13.png 300w\" alt=\"\" width=\"353\" height=\"15\" \/><\/a><\/p>\n<p><a href=\"http:\/\/www.deanreed.de\/AmericanRebel\/elcantor\/?p=1080#respondmericanRebel\/2017\/?p=2914#respond\" target=\"_blank\" rel=\"noopener noreferrer\"><strong><img loading=\"lazy\" class=\"alignright wp-image-1688\" src=\"http:\/\/1.1.1.5\/bmi\/www.deanreed.de\/AmericanRebel\/2017\/wp-content\/uploads\/2017\/03\/ar_kommentar-1.png\" alt=\"Sag uns deine Meinung zum Artikel mit einem Kommentar\/Leserbrief\" width=\"627\" height=\"20\" \/><\/strong><\/a><\/p>\n","protected":false},"excerpt":{"rendered":"<p>Frank Burkhard Brei \u00fcbt Haltung Der Kinofilm \u00bbSilly \u2013 Frei von Angst\u00ab . Von den Fans der ersten Stunde, damals Anh\u00e4nger genannt, sind wohl noch einige dabei, von den Gr\u00fcndern der Ostrockband \u00bbFamilie Silly\u00ab niemand mehr. Vier Jahre nach der [&hellip;]<a class=\"more-link\" href=\"https:\/\/www.deanreed.de\/AmericanRebel\/elcantor\/1080\/\">&darr; Lese den Rest von diesem Eintrag&#8230;<\/a><\/p>\n","protected":false},"author":3,"featured_media":0,"comment_status":"open","ping_status":"open","sticky":false,"template":"","format":"standard","meta":[],"categories":[31],"tags":[],"yoast_head":"<!-- This site is optimized with the Yoast SEO plugin v17.5 - https:\/\/yoast.com\/wordpress\/plugins\/seo\/ -->\n<title>- Brei \u00fcbt Haltung - El Cantor<\/title>\n<meta name=\"robots\" content=\"index, follow, max-snippet:-1, max-image-preview:large, max-video-preview:-1\" \/>\n<link rel=\"canonical\" href=\"http:\/\/www.deanreed.de\/AmericanRebel\/elcantor\/1080\/\" \/>\n<meta property=\"og:locale\" content=\"de_DE\" \/>\n<meta property=\"og:type\" content=\"article\" \/>\n<meta property=\"og:title\" content=\"- Brei \u00fcbt Haltung - El Cantor\" \/>\n<meta property=\"og:description\" content=\"Frank Burkhard Brei \u00fcbt Haltung Der Kinofilm \u00bbSilly \u2013 Frei von Angst\u00ab . Von den Fans der ersten Stunde, damals Anh\u00e4nger genannt, sind wohl noch einige dabei, von den Gr\u00fcndern der Ostrockband \u00bbFamilie Silly\u00ab niemand mehr. Vier Jahre nach der [&hellip;]&darr; Lese den Rest von diesem Eintrag...\" \/>\n<meta property=\"og:url\" content=\"http:\/\/www.deanreed.de\/AmericanRebel\/elcantor\/1080\/\" \/>\n<meta property=\"og:site_name\" content=\"El Cantor\" \/>\n<meta property=\"article:published_time\" content=\"2017-11-20T20:48:26+00:00\" \/>\n<meta property=\"article:modified_time\" content=\"2017-11-22T10:22:23+00:00\" \/>\n<meta property=\"og:image\" content=\"http:\/\/www.deanreed.de\/AmericanRebel\/elcantor\/wp-content\/uploads\/2017\/11\/Frank_Burkhard.jpg\" \/>\n<meta name=\"twitter:card\" content=\"summary_large_image\" \/>\n<meta name=\"twitter:label1\" content=\"Verfasst von\" \/>\n\t<meta name=\"twitter:data1\" content=\"Nicolino\" \/>\n\t<meta name=\"twitter:label2\" content=\"Gesch\u00e4tzte Lesezeit\" \/>\n\t<meta name=\"twitter:data2\" content=\"2\u00a0Minuten\" \/>\n<script type=\"application\/ld+json\" class=\"yoast-schema-graph\">{\"@context\":\"https:\/\/schema.org\",\"@graph\":[{\"@type\":\"WebSite\",\"@id\":\"https:\/\/www.deanreed.de\/AmericanRebel\/elcantor\/#website\",\"url\":\"https:\/\/www.deanreed.de\/AmericanRebel\/elcantor\/\",\"name\":\"El Cantor\",\"description\":\"Mit der Gitarre f\\u00fcr Frieden, Gerechtigkeit und das Recht auf ein Leben ohne Ausbeutung\",\"potentialAction\":[{\"@type\":\"SearchAction\",\"target\":{\"@type\":\"EntryPoint\",\"urlTemplate\":\"https:\/\/www.deanreed.de\/AmericanRebel\/elcantor\/?s={search_term_string}\"},\"query-input\":\"required name=search_term_string\"}],\"inLanguage\":\"de\"},{\"@type\":\"ImageObject\",\"@id\":\"http:\/\/www.deanreed.de\/AmericanRebel\/elcantor\/1080\/#primaryimage\",\"inLanguage\":\"de\",\"url\":\"http:\/\/www.deanreed.de\/AmericanRebel\/elcantor\/wp-content\/uploads\/2017\/11\/Frank_Burkhard.jpg\",\"contentUrl\":\"http:\/\/www.deanreed.de\/AmericanRebel\/elcantor\/wp-content\/uploads\/2017\/11\/Frank_Burkhard.jpg\"},{\"@type\":\"WebPage\",\"@id\":\"http:\/\/www.deanreed.de\/AmericanRebel\/elcantor\/1080\/#webpage\",\"url\":\"http:\/\/www.deanreed.de\/AmericanRebel\/elcantor\/1080\/\",\"name\":\"- Brei \\u00fcbt Haltung - El Cantor\",\"isPartOf\":{\"@id\":\"https:\/\/www.deanreed.de\/AmericanRebel\/elcantor\/#website\"},\"primaryImageOfPage\":{\"@id\":\"http:\/\/www.deanreed.de\/AmericanRebel\/elcantor\/1080\/#primaryimage\"},\"datePublished\":\"2017-11-20T20:48:26+00:00\",\"dateModified\":\"2017-11-22T10:22:23+00:00\",\"author\":{\"@id\":\"https:\/\/www.deanreed.de\/AmericanRebel\/elcantor\/#\/schema\/person\/9e161ae26783202cec7e4d0733914b40\"},\"breadcrumb\":{\"@id\":\"http:\/\/www.deanreed.de\/AmericanRebel\/elcantor\/1080\/#breadcrumb\"},\"inLanguage\":\"de\",\"potentialAction\":[{\"@type\":\"ReadAction\",\"target\":[\"http:\/\/www.deanreed.de\/AmericanRebel\/elcantor\/1080\/\"]}]},{\"@type\":\"BreadcrumbList\",\"@id\":\"http:\/\/www.deanreed.de\/AmericanRebel\/elcantor\/1080\/#breadcrumb\",\"itemListElement\":[{\"@type\":\"ListItem\",\"position\":1,\"name\":\"Startseite\",\"item\":\"https:\/\/www.deanreed.de\/AmericanRebel\/elcantor\/\"},{\"@type\":\"ListItem\",\"position\":2,\"name\":\"&#8211; Brei \\u00fcbt Haltung\"}]},{\"@type\":\"Person\",\"@id\":\"https:\/\/www.deanreed.de\/AmericanRebel\/elcantor\/#\/schema\/person\/9e161ae26783202cec7e4d0733914b40\",\"name\":\"Nicolino\",\"url\":\"https:\/\/www.deanreed.de\/AmericanRebel\/elcantor\/author\/nicolino\/\"}]}<\/script>\n<!-- \/ Yoast SEO plugin. -->","yoast_head_json":{"title":"- Brei \u00fcbt Haltung - El Cantor","robots":{"index":"index","follow":"follow","max-snippet":"max-snippet:-1","max-image-preview":"max-image-preview:large","max-video-preview":"max-video-preview:-1"},"canonical":"http:\/\/www.deanreed.de\/AmericanRebel\/elcantor\/1080\/","og_locale":"de_DE","og_type":"article","og_title":"- Brei \u00fcbt Haltung - El Cantor","og_description":"Frank Burkhard Brei \u00fcbt Haltung Der Kinofilm \u00bbSilly \u2013 Frei von Angst\u00ab . Von den Fans der ersten Stunde, damals Anh\u00e4nger genannt, sind wohl noch einige dabei, von den Gr\u00fcndern der Ostrockband \u00bbFamilie Silly\u00ab niemand mehr. Vier Jahre nach der [&hellip;]&darr; Lese den Rest von diesem Eintrag...","og_url":"http:\/\/www.deanreed.de\/AmericanRebel\/elcantor\/1080\/","og_site_name":"El Cantor","article_published_time":"2017-11-20T20:48:26+00:00","article_modified_time":"2017-11-22T10:22:23+00:00","og_image":[{"url":"http:\/\/www.deanreed.de\/AmericanRebel\/elcantor\/wp-content\/uploads\/2017\/11\/Frank_Burkhard.jpg"}],"twitter_card":"summary_large_image","twitter_misc":{"Verfasst von":"Nicolino","Gesch\u00e4tzte Lesezeit":"2\u00a0Minuten"},"schema":{"@context":"https:\/\/schema.org","@graph":[{"@type":"WebSite","@id":"https:\/\/www.deanreed.de\/AmericanRebel\/elcantor\/#website","url":"https:\/\/www.deanreed.de\/AmericanRebel\/elcantor\/","name":"El Cantor","description":"Mit der Gitarre f\u00fcr Frieden, Gerechtigkeit und das Recht auf ein Leben ohne Ausbeutung","potentialAction":[{"@type":"SearchAction","target":{"@type":"EntryPoint","urlTemplate":"https:\/\/www.deanreed.de\/AmericanRebel\/elcantor\/?s={search_term_string}"},"query-input":"required name=search_term_string"}],"inLanguage":"de"},{"@type":"ImageObject","@id":"http:\/\/www.deanreed.de\/AmericanRebel\/elcantor\/1080\/#primaryimage","inLanguage":"de","url":"http:\/\/www.deanreed.de\/AmericanRebel\/elcantor\/wp-content\/uploads\/2017\/11\/Frank_Burkhard.jpg","contentUrl":"http:\/\/www.deanreed.de\/AmericanRebel\/elcantor\/wp-content\/uploads\/2017\/11\/Frank_Burkhard.jpg"},{"@type":"WebPage","@id":"http:\/\/www.deanreed.de\/AmericanRebel\/elcantor\/1080\/#webpage","url":"http:\/\/www.deanreed.de\/AmericanRebel\/elcantor\/1080\/","name":"- Brei \u00fcbt Haltung - El Cantor","isPartOf":{"@id":"https:\/\/www.deanreed.de\/AmericanRebel\/elcantor\/#website"},"primaryImageOfPage":{"@id":"http:\/\/www.deanreed.de\/AmericanRebel\/elcantor\/1080\/#primaryimage"},"datePublished":"2017-11-20T20:48:26+00:00","dateModified":"2017-11-22T10:22:23+00:00","author":{"@id":"https:\/\/www.deanreed.de\/AmericanRebel\/elcantor\/#\/schema\/person\/9e161ae26783202cec7e4d0733914b40"},"breadcrumb":{"@id":"http:\/\/www.deanreed.de\/AmericanRebel\/elcantor\/1080\/#breadcrumb"},"inLanguage":"de","potentialAction":[{"@type":"ReadAction","target":["http:\/\/www.deanreed.de\/AmericanRebel\/elcantor\/1080\/"]}]},{"@type":"BreadcrumbList","@id":"http:\/\/www.deanreed.de\/AmericanRebel\/elcantor\/1080\/#breadcrumb","itemListElement":[{"@type":"ListItem","position":1,"name":"Startseite","item":"https:\/\/www.deanreed.de\/AmericanRebel\/elcantor\/"},{"@type":"ListItem","position":2,"name":"&#8211; Brei \u00fcbt Haltung"}]},{"@type":"Person","@id":"https:\/\/www.deanreed.de\/AmericanRebel\/elcantor\/#\/schema\/person\/9e161ae26783202cec7e4d0733914b40","name":"Nicolino","url":"https:\/\/www.deanreed.de\/AmericanRebel\/elcantor\/author\/nicolino\/"}]}},"_links":{"self":[{"href":"https:\/\/www.deanreed.de\/AmericanRebel\/elcantor\/wp-json\/wp\/v2\/posts\/1080"}],"collection":[{"href":"https:\/\/www.deanreed.de\/AmericanRebel\/elcantor\/wp-json\/wp\/v2\/posts"}],"about":[{"href":"https:\/\/www.deanreed.de\/AmericanRebel\/elcantor\/wp-json\/wp\/v2\/types\/post"}],"author":[{"embeddable":true,"href":"https:\/\/www.deanreed.de\/AmericanRebel\/elcantor\/wp-json\/wp\/v2\/users\/3"}],"replies":[{"embeddable":true,"href":"https:\/\/www.deanreed.de\/AmericanRebel\/elcantor\/wp-json\/wp\/v2\/comments?post=1080"}],"version-history":[{"count":16,"href":"https:\/\/www.deanreed.de\/AmericanRebel\/elcantor\/wp-json\/wp\/v2\/posts\/1080\/revisions"}],"predecessor-version":[{"id":1203,"href":"https:\/\/www.deanreed.de\/AmericanRebel\/elcantor\/wp-json\/wp\/v2\/posts\/1080\/revisions\/1203"}],"wp:attachment":[{"href":"https:\/\/www.deanreed.de\/AmericanRebel\/elcantor\/wp-json\/wp\/v2\/media?parent=1080"}],"wp:term":[{"taxonomy":"category","embeddable":true,"href":"https:\/\/www.deanreed.de\/AmericanRebel\/elcantor\/wp-json\/wp\/v2\/categories?post=1080"},{"taxonomy":"post_tag","embeddable":true,"href":"https:\/\/www.deanreed.de\/AmericanRebel\/elcantor\/wp-json\/wp\/v2\/tags?post=1080"}],"curies":[{"name":"wp","href":"https:\/\/api.w.org\/{rel}","templated":true}]}}