{"id":3594,"date":"2026-03-14T13:29:48","date_gmt":"2026-03-14T12:29:48","guid":{"rendered":"https:\/\/www.deanreed.de\/AmericanRebel\/ak\/?p=3594"},"modified":"2026-03-14T13:29:48","modified_gmt":"2026-03-14T12:29:48","slug":"vw-baut-50-000-stellen-ab-waehrend-die-konzernspitze-millionen-kassiert","status":"publish","type":"post","link":"https:\/\/www.deanreed.de\/AmericanRebel\/ak\/vw-baut-50-000-stellen-ab-waehrend-die-konzernspitze-millionen-kassiert\/","title":{"rendered":"VW baut 50.000 Stellen ab w\u00e4hrend die Konzernspitze Millionen kassiert"},"content":{"rendered":"<blockquote><p><span style=\"font-size: 12pt; font-family: verdana, geneva, sans-serif;\"><span style=\"color: #808080;\"><em><strong>Redaktion \u2013 14. Oktober 2025<\/strong><br \/>\n<\/em><\/span><\/span><\/p><\/blockquote>\n<p style=\"text-align: justify;\" data-start=\"204\" data-end=\"424\"><strong><span style=\"font-size: 14pt; font-family: verdana, geneva, sans-serif; color: #000000;\">W\u00e4hrend Volkswagen zehntausende Arbeitspl\u00e4tze streichen will, sichert sich die Konzernspitze Millionenboni. Der geplante Abbau von 50.000 Stellen zeigt erneut, wer im Kapitalismus die Krise bezahlen soll. Gleichzeitig r\u00fcckt sogar die Umstellung von Autowerken auf R\u00fcstungsproduktion in den Bereich des M\u00f6glichen. F\u00fcr die Arbeiter bei VW stellt sich damit eine grundlegende Frage: Arbeitspl\u00e4tze oder Kriegswirtschaft?<\/span><\/strong><\/p>\n<p style=\"text-align: justify;\" data-start=\"204\" data-end=\"424\"><span style=\"font-size: 14pt; font-family: verdana, geneva, sans-serif; color: #000000;\">Der Volkswagen Konzern k\u00fcndigt einen massiven Stellenabbau an. Bis zum Jahr 2030 sollen insgesamt 50.000 Arbeitspl\u00e4tze verschwinden. Gleichzeitig kassieren die Mitglieder des Vorstandes Bonuszahlungen in Millionenh\u00f6he.<\/span><\/p>\n<p style=\"text-align: justify;\" data-start=\"426\" data-end=\"634\"><span style=\"font-size: 14pt; font-family: verdana, geneva, sans-serif; color: #000000;\">Diese Entwicklung zeigt erneut den Widerspruch des kapitalistischen Systems. Wenn Gewinne sinken, sollen die Arbeiter bezahlen. Wenn Geld vorhanden ist, landet es bei der Konzernspitze und bei den Aktion\u00e4ren.<\/span><\/p>\n<h3 style=\"text-align: justify;\" data-section-id=\"e8pbg7\" data-start=\"636\" data-end=\"676\"><span style=\"font-size: 14pt; font-family: verdana, geneva, sans-serif; color: #000000;\">Zehntausende Arbeitspl\u00e4tze in Gefahr<\/span><\/h3>\n<p style=\"text-align: justify;\" data-start=\"678\" data-end=\"906\"><span style=\"font-size: 14pt; font-family: verdana, geneva, sans-serif; color: #000000;\">Noch Ende 2024 hatte sich Volkswagen mit der Gewerkschaft IG Metall auf den Abbau von 35.000 Stellen geeinigt. Nun erkl\u00e4rte Konzernchef Oliver Blume in einem Brief an die Aktion\u00e4re, dass die Zahl auf 50.000 erh\u00f6ht werden soll.<\/span><\/p>\n<p style=\"text-align: justify;\" data-start=\"908\" data-end=\"1057\"><span style=\"font-size: 14pt; font-family: verdana, geneva, sans-serif; color: #000000;\">Vor allem Arbeiter der Kernmarke Volkswagen sind betroffen. Schon in den letzten Jahren kam es in mehreren Werken zu Stellenabbau und Entlassungen.<\/span><\/p>\n<p style=\"text-align: justify;\" data-start=\"1059\" data-end=\"1328\"><span style=\"font-size: 14pt; font-family: verdana, geneva, sans-serif; color: #000000;\">Der Vorstand begr\u00fcndet diesen Schritt mit sinkenden Gewinnen. Der Nettogewinn des Konzerns brach im Jahr 2025 um 44,3 Prozent ein. Er fiel von 12,4 Milliarden Euro im Jahr 2024 auf 6,9 Milliarden Euro. Das ist der niedrigste Gewinn seit dem Diesel Skandal im Jahr 2016.<br \/>\n<span style=\"color: #ffffff;\">.<\/span><br \/>\n<\/span><span style=\"font-size: 14pt; font-family: verdana, geneva, sans-serif; color: #000000;\">Wirtschaftskrise als Vorwand<\/span><\/p>\n<p style=\"text-align: justify;\" data-start=\"1364\" data-end=\"1593\"><span style=\"font-size: 14pt; font-family: verdana, geneva, sans-serif; color: #000000;\">Der Finanzchef Arno Antlitz erkl\u00e4rt die schlechteren Zahlen mit politischen Spannungen in der Welt. Als Beispiel nennt er Strafz\u00f6lle der USA. Diese sollen den Konzern im vergangenen Jahr rund 2,9 Milliarden Euro gekostet haben.<\/span><\/p>\n<p style=\"text-align: justify;\" data-start=\"1595\" data-end=\"1755\"><span style=\"font-size: 14pt; font-family: verdana, geneva, sans-serif; color: #000000;\">Besonders stark traf es auch die Tochterfirma Porsche. Ihr Gewinn brach um mehr als 90 Prozent ein. Nach Steuern blieben nur noch etwa 310 Millionen Euro \u00fcbrig.<\/span><\/p>\n<p style=\"text-align: justify;\" data-start=\"1757\" data-end=\"1953\"><span style=\"font-size: 14pt; font-family: verdana, geneva, sans-serif; color: #000000;\">Doch selbst innerhalb des Konzerns gibt es Zweifel an den offiziellen Erkl\u00e4rungen. Berichten zufolge wurden Kosten in das neue Jahr verschoben. Gleichzeitig wurden Lagerbest\u00e4nde stark reduziert.<\/span><\/p>\n<p style=\"text-align: justify;\" data-start=\"1955\" data-end=\"2145\"><span style=\"font-size: 14pt; font-family: verdana, geneva, sans-serif; color: #000000;\">Au\u00dferdem verkaufte der Konzern Forderungen fr\u00fchzeitig an Finanzfirmen, um schnell Geld in die Kasse zu bekommen. Auf diese Weise tauchten pl\u00f6tzlich 6,4 Milliarden Euro an freien Mitteln auf.<br \/>\n<span style=\"color: #ffffff;\">.<\/span><\/span><\/p>\n<h3 style=\"text-align: justify;\" data-section-id=\"dv3zab\" data-start=\"2147\" data-end=\"2187\"><span style=\"font-size: 14pt; font-family: verdana, geneva, sans-serif; color: #000000;\">Millionen Boni f\u00fcr die Konzernspitze<\/span><\/h3>\n<p style=\"text-align: justify;\" data-start=\"2189\" data-end=\"2345\"><span style=\"font-size: 14pt; font-family: verdana, geneva, sans-serif; color: #000000;\">Gerade diese Zahl ist entscheidend f\u00fcr die Bezahlung der Vorst\u00e4nde. Die H\u00f6he ihrer Boni h\u00e4ngt unter anderem von den verf\u00fcgbaren Geldmitteln im Konzern ab.<\/span><\/p>\n<p style=\"text-align: justify;\" data-start=\"2347\" data-end=\"2500\"><span style=\"font-size: 14pt; font-family: verdana, geneva, sans-serif; color: #000000;\">Mit dem neuen Wert wird nun die h\u00f6chste Bonusstufe erreicht. F\u00fcr jedes Mitglied des Vorstandes kann das bis zu 1,75 Millionen Euro zus\u00e4tzlich bedeuten.<\/span><\/p>\n<p style=\"text-align: justify;\" data-start=\"2502\" data-end=\"2618\"><span style=\"font-size: 14pt; font-family: verdana, geneva, sans-serif; color: #000000;\">W\u00e4hrend also zehntausende Arbeitspl\u00e4tze gestrichen werden sollen, sichert sich die Konzernspitze Millionenzahlungen.<\/span><\/p>\n<h3 style=\"text-align: justify;\" data-section-id=\"5tcrb5\" data-start=\"2620\" data-end=\"2654\"><span style=\"font-size: 14pt; font-family: verdana, geneva, sans-serif; color: #000000;\">Besch\u00e4ftigte sollen verzichten<\/span><\/h3>\n<p style=\"text-align: justify;\" data-start=\"2656\" data-end=\"2849\"><span style=\"font-size: 14pt; font-family: verdana, geneva, sans-serif; color: #000000;\">Auch die Arbeiter fordern eine Sonderzahlung. Der Vorstand reagierte darauf mit einem Gutachten von Anw\u00e4lten. Darin hei\u00dft es, eine solche Zahlung sei vor einer Betriebsratswahl nicht m\u00f6glich.<\/span><\/p>\n<p style=\"text-align: justify;\" data-start=\"2851\" data-end=\"3003\"><span style=\"font-size: 14pt; font-family: verdana, geneva, sans-serif; color: #000000;\">Der Betriebsrat spricht von einer Verz\u00f6gerungstaktik. In fr\u00fcheren Jahren seien Sonderzahlungen trotz anstehender Wahlen problemlos beschlossen worden.<\/span><\/p>\n<p style=\"text-align: justify;\" data-start=\"3005\" data-end=\"3227\"><span style=\"font-size: 14pt; font-family: verdana, geneva, sans-serif; color: #000000;\">Am Ende versprach der Konzern den Besch\u00e4ftigten eine einmalige Zahlung von etwa 4.800 Euro. Gleichzeitig k\u00fcndigte die Leitung jedoch an, zuk\u00fcnftige Boni zu k\u00fcrzen. Auch der \u00fcbliche Mai Bonus soll vorerst gestrichen werden.<br \/>\n<span style=\"color: #ffffff;\">.<\/span><\/span><\/p>\n<h3 style=\"text-align: justify;\" data-section-id=\"1v6i58c\" data-start=\"3229\" data-end=\"3273\"><span style=\"font-size: 14pt; font-family: verdana, geneva, sans-serif; color: #000000;\">Werke zwischen Schlie\u00dfung und Aufr\u00fcstung<\/span><\/h3>\n<p style=\"text-align: justify;\" data-start=\"3275\" data-end=\"3503\"><span style=\"font-size: 14pt; font-family: verdana, geneva, sans-serif; color: #000000;\">Noch gr\u00f6\u00dfere Sorgen bereitet vielen Besch\u00e4ftigten der geplante Stellenabbau. Allein bei Volkswagen sollen 35.000 Arbeitspl\u00e4tze verschwinden. Weitere 15.000 Stellen stehen bei Porsche und der Softwarefirma Cariad auf dem Spiel.<\/span><\/p>\n<p style=\"text-align: justify;\" data-start=\"3505\" data-end=\"3753\"><span style=\"font-size: 14pt; font-family: verdana, geneva, sans-serif; color: #000000;\">Der Betriebsrat stimmte diesem Plan zu, weil damit angeblich Werksschlie\u00dfungen verhindert werden sollten. Doch inzwischen stellt der Vorstand auch das wieder in Frage. Konzernchef Blume erkl\u00e4rte offen, man werde sich auch die Werke genauer ansehen.<\/span><\/p>\n<p style=\"text-align: justify;\" data-start=\"3755\" data-end=\"3976\"><span style=\"font-size: 14pt; font-family: verdana, geneva, sans-serif; color: #000000;\">Besonders im Blick steht das Werk in Osnabr\u00fcck. Dort wird sogar \u00fcber eine Umstellung auf die Produktion milit\u00e4rischer Fahrzeuge gesprochen. Vertreter des R\u00fcstungskonzerns Rheinmetall sollen das Werk bereits besucht haben.<br \/>\n<span style=\"color: #ffffff;\">.<\/span><\/span><\/p>\n<h3 style=\"text-align: justify;\" data-section-id=\"1ongonb\" data-start=\"3978\" data-end=\"4021\"><span style=\"font-size: 14pt; font-family: verdana, geneva, sans-serif; color: #000000;\">R\u00fcstungsproduktion statt sichere Arbeit<\/span><\/h3>\n<p style=\"text-align: justify;\" data-start=\"4023\" data-end=\"4215\"><span style=\"font-size: 14pt; font-family: verdana, geneva, sans-serif; color: #000000;\">Damit wird deutlich, wohin die Entwicklung im Kapitalismus f\u00fchrt. W\u00e4hrend Arbeiter um ihre Arbeitspl\u00e4tze f\u00fcrchten m\u00fcssen, wird gleichzeitig die Produktion f\u00fcr Krieg und Aufr\u00fcstung ausgebaut.<\/span><\/p>\n<p style=\"text-align: justify;\" data-start=\"4217\" data-end=\"4364\"><span style=\"font-size: 14pt; font-family: verdana, geneva, sans-serif; color: #000000;\">F\u00fcr die Besch\u00e4ftigten bedeutet das eine bittere Wahl. Entweder sie verlieren ihre Arbeit oder sie sollen Fahrzeuge f\u00fcr milit\u00e4rische Zwecke bauen.<\/span><\/p>\n<p style=\"text-align: justify;\" data-start=\"4366\" data-end=\"4569\"><span style=\"font-size: 14pt; font-family: verdana, geneva, sans-serif; color: #000000;\">Aus marxistisch leninistischer Sicht zeigt dieser Konflikt den wahren Charakter der gro\u00dfen Konzerne. Sie handeln nicht im Interesse der Arbeiter oder der Gesellschaft. Ihr einziges Ziel ist der Profit.<\/span><\/p>\n<p style=\"text-align: justify;\" data-start=\"4571\" data-end=\"4780\" data-is-last-node=\"\" data-is-only-node=\"\"><span style=\"font-size: 14pt; font-family: verdana, geneva, sans-serif; color: #000000;\">Deshalb kann der Kampf gegen Stellenabbau, Sozialabbau und Kriegsproduktion nur erfolgreich sein, wenn die Arbeiter ihre Interessen selbst in die Hand nehmen und gemeinsam gegen die Macht der Konzerne k\u00e4mpfen.<\/span><\/p>\n<p><span style=\"font-family: verdana, geneva, sans-serif; font-size: 12pt; color: #000000;\"><span style=\"font-size: 6pt; color: #ffffff;\">.<\/span><br \/>\nEine Weiterver\u00f6ffentlichung des Textes ist gem\u00e4\u00df einer <a style=\"color: #000000;\" href=\"https:\/\/creativecommons.org\/licenses\/by-nc-sa\/4.0\/deed.de\">Creative Commons 4.0 International Lizenz<\/a> ausdr\u00fccklich erw\u00fcnscht. (Unter gleichen Bedingungen: unkommerziell, Nennung der <a style=\"color: #000000;\" href=\"http:\/\/derwegzurpartei.de\/\">verlinkten Quelle<\/a> (\u00bbDer Weg zur Partei\u00ab) mit Erscheinungsdatum).<\/span><\/p>\n<p>&nbsp;<\/p>\n","protected":false},"excerpt":{"rendered":"<div class=\"mh-excerpt\"><p>Redaktion \u2013 14. Oktober 2025 W\u00e4hrend Volkswagen zehntausende Arbeitspl\u00e4tze streichen will, sichert sich die Konzernspitze Millionenboni. Der geplante Abbau von 50.000 Stellen zeigt erneut, wer <a class=\"mh-excerpt-more\" href=\"https:\/\/www.deanreed.de\/AmericanRebel\/ak\/vw-baut-50-000-stellen-ab-waehrend-die-konzernspitze-millionen-kassiert\/\" title=\"VW baut 50.000 Stellen ab w\u00e4hrend die Konzernspitze Millionen kassiert\">[&#8230;]<\/a><\/p>\n<\/div>","protected":false},"author":4,"featured_media":3595,"comment_status":"open","ping_status":"open","sticky":false,"template":"","format":"standard","meta":{"footnotes":""},"categories":[1],"tags":[840,657,841,552,839,141,483,198,131],"class_list":["post-3594","post","type-post","status-publish","format-standard","has-post-thumbnail","hentry","category-allgemein","tag-igmetall","tag-kapitalismus","tag-konzernmacht","tag-rotermorgen","tag-ruestungswirtschaft","tag-arbeiterkampf","tag-klassenkampf","tag-stellenabbau","tag-vw"],"yoast_head":"<!-- This site is optimized with the Yoast SEO plugin v26.2 - https:\/\/yoast.com\/wordpress\/plugins\/seo\/ -->\n<title>VW baut 50.000 Stellen ab w\u00e4hrend die Konzernspitze Millionen kassiert - Roter Morgen<\/title>\n<meta name=\"robots\" content=\"index, follow, max-snippet:-1, max-image-preview:large, max-video-preview:-1\" \/>\n<link rel=\"canonical\" href=\"http:\/\/www.deanreed.de\/AmericanRebel\/ak\/vw-baut-50-000-stellen-ab-waehrend-die-konzernspitze-millionen-kassiert\/\" \/>\n<meta property=\"og:locale\" content=\"de_DE\" \/>\n<meta property=\"og:type\" content=\"article\" \/>\n<meta property=\"og:title\" content=\"VW baut 50.000 Stellen ab w\u00e4hrend die Konzernspitze Millionen kassiert - Roter Morgen\" \/>\n<meta property=\"og:description\" content=\"Redaktion \u2013 14. Oktober 2025 W\u00e4hrend Volkswagen zehntausende Arbeitspl\u00e4tze streichen will, sichert sich die Konzernspitze Millionenboni. Der geplante Abbau von 50.000 Stellen zeigt erneut, wer [...]\" \/>\n<meta property=\"og:url\" content=\"http:\/\/www.deanreed.de\/AmericanRebel\/ak\/vw-baut-50-000-stellen-ab-waehrend-die-konzernspitze-millionen-kassiert\/\" \/>\n<meta property=\"og:site_name\" content=\"Roter Morgen\" \/>\n<meta property=\"article:published_time\" content=\"2026-03-14T12:29:48+00:00\" \/>\n<meta property=\"og:image\" content=\"http:\/\/www.deanreed.de\/AmericanRebel\/ak\/wp-content\/uploads\/2026\/03\/5d7c037f-9af7-4fc7-88e0-d2195b1c5a00-1024x683.png\" \/>\n\t<meta property=\"og:image:width\" content=\"1024\" \/>\n\t<meta property=\"og:image:height\" content=\"683\" \/>\n\t<meta property=\"og:image:type\" content=\"image\/png\" \/>\n<meta name=\"author\" content=\"Redaktion\" \/>\n<meta name=\"twitter:card\" content=\"summary_large_image\" \/>\n<meta name=\"twitter:label1\" content=\"Verfasst von\" \/>\n\t<meta name=\"twitter:data1\" content=\"Redaktion\" \/>\n\t<meta name=\"twitter:label2\" content=\"Gesch\u00e4tzte Lesezeit\" \/>\n\t<meta name=\"twitter:data2\" content=\"5\u00a0Minuten\" \/>\n<script type=\"application\/ld+json\" class=\"yoast-schema-graph\">{\"@context\":\"https:\/\/schema.org\",\"@graph\":[{\"@type\":\"WebPage\",\"@id\":\"http:\/\/www.deanreed.de\/AmericanRebel\/ak\/vw-baut-50-000-stellen-ab-waehrend-die-konzernspitze-millionen-kassiert\/\",\"url\":\"http:\/\/www.deanreed.de\/AmericanRebel\/ak\/vw-baut-50-000-stellen-ab-waehrend-die-konzernspitze-millionen-kassiert\/\",\"name\":\"VW baut 50.000 Stellen ab w\u00e4hrend die Konzernspitze Millionen kassiert - Roter Morgen\",\"isPartOf\":{\"@id\":\"https:\/\/www.deanreed.de\/AmericanRebel\/ak\/#website\"},\"primaryImageOfPage\":{\"@id\":\"http:\/\/www.deanreed.de\/AmericanRebel\/ak\/vw-baut-50-000-stellen-ab-waehrend-die-konzernspitze-millionen-kassiert\/#primaryimage\"},\"image\":{\"@id\":\"http:\/\/www.deanreed.de\/AmericanRebel\/ak\/vw-baut-50-000-stellen-ab-waehrend-die-konzernspitze-millionen-kassiert\/#primaryimage\"},\"thumbnailUrl\":\"https:\/\/www.deanreed.de\/AmericanRebel\/ak\/wp-content\/uploads\/2026\/03\/5d7c037f-9af7-4fc7-88e0-d2195b1c5a00.png\",\"datePublished\":\"2026-03-14T12:29:48+00:00\",\"author\":{\"@id\":\"https:\/\/www.deanreed.de\/AmericanRebel\/ak\/#\/schema\/person\/1735e67eea57aea7611c691f571924c3\"},\"breadcrumb\":{\"@id\":\"http:\/\/www.deanreed.de\/AmericanRebel\/ak\/vw-baut-50-000-stellen-ab-waehrend-die-konzernspitze-millionen-kassiert\/#breadcrumb\"},\"inLanguage\":\"de\",\"potentialAction\":[{\"@type\":\"ReadAction\",\"target\":[\"http:\/\/www.deanreed.de\/AmericanRebel\/ak\/vw-baut-50-000-stellen-ab-waehrend-die-konzernspitze-millionen-kassiert\/\"]}]},{\"@type\":\"ImageObject\",\"inLanguage\":\"de\",\"@id\":\"http:\/\/www.deanreed.de\/AmericanRebel\/ak\/vw-baut-50-000-stellen-ab-waehrend-die-konzernspitze-millionen-kassiert\/#primaryimage\",\"url\":\"https:\/\/www.deanreed.de\/AmericanRebel\/ak\/wp-content\/uploads\/2026\/03\/5d7c037f-9af7-4fc7-88e0-d2195b1c5a00.png\",\"contentUrl\":\"https:\/\/www.deanreed.de\/AmericanRebel\/ak\/wp-content\/uploads\/2026\/03\/5d7c037f-9af7-4fc7-88e0-d2195b1c5a00.png\",\"width\":1536,\"height\":1024,\"caption\":\"Arbeitspl\u00e4tze oder Kriegswirtschaft? | Karrikatur RoterMorgen 2026\"},{\"@type\":\"BreadcrumbList\",\"@id\":\"http:\/\/www.deanreed.de\/AmericanRebel\/ak\/vw-baut-50-000-stellen-ab-waehrend-die-konzernspitze-millionen-kassiert\/#breadcrumb\",\"itemListElement\":[{\"@type\":\"ListItem\",\"position\":1,\"name\":\"Startseite\",\"item\":\"https:\/\/www.deanreed.de\/AmericanRebel\/ak\/\"},{\"@type\":\"ListItem\",\"position\":2,\"name\":\"VW baut 50.000 Stellen ab w\u00e4hrend die Konzernspitze Millionen kassiert\"}]},{\"@type\":\"WebSite\",\"@id\":\"https:\/\/www.deanreed.de\/AmericanRebel\/ak\/#website\",\"url\":\"https:\/\/www.deanreed.de\/AmericanRebel\/ak\/\",\"name\":\"Roter Morgen\",\"description\":\"Der Weg zur Partei\",\"potentialAction\":[{\"@type\":\"SearchAction\",\"target\":{\"@type\":\"EntryPoint\",\"urlTemplate\":\"https:\/\/www.deanreed.de\/AmericanRebel\/ak\/?s={search_term_string}\"},\"query-input\":{\"@type\":\"PropertyValueSpecification\",\"valueRequired\":true,\"valueName\":\"search_term_string\"}}],\"inLanguage\":\"de\"},{\"@type\":\"Person\",\"@id\":\"https:\/\/www.deanreed.de\/AmericanRebel\/ak\/#\/schema\/person\/1735e67eea57aea7611c691f571924c3\",\"name\":\"Redaktion\",\"url\":\"https:\/\/www.deanreed.de\/AmericanRebel\/ak\/author\/redaktion\/\"}]}<\/script>\n<!-- \/ Yoast SEO plugin. -->","yoast_head_json":{"title":"VW baut 50.000 Stellen ab w\u00e4hrend die Konzernspitze Millionen kassiert - Roter Morgen","robots":{"index":"index","follow":"follow","max-snippet":"max-snippet:-1","max-image-preview":"max-image-preview:large","max-video-preview":"max-video-preview:-1"},"canonical":"http:\/\/www.deanreed.de\/AmericanRebel\/ak\/vw-baut-50-000-stellen-ab-waehrend-die-konzernspitze-millionen-kassiert\/","og_locale":"de_DE","og_type":"article","og_title":"VW baut 50.000 Stellen ab w\u00e4hrend die Konzernspitze Millionen kassiert - Roter Morgen","og_description":"Redaktion \u2013 14. Oktober 2025 W\u00e4hrend Volkswagen zehntausende Arbeitspl\u00e4tze streichen will, sichert sich die Konzernspitze Millionenboni. Der geplante Abbau von 50.000 Stellen zeigt erneut, wer [...]","og_url":"http:\/\/www.deanreed.de\/AmericanRebel\/ak\/vw-baut-50-000-stellen-ab-waehrend-die-konzernspitze-millionen-kassiert\/","og_site_name":"Roter Morgen","article_published_time":"2026-03-14T12:29:48+00:00","og_image":[{"width":1024,"height":683,"url":"http:\/\/www.deanreed.de\/AmericanRebel\/ak\/wp-content\/uploads\/2026\/03\/5d7c037f-9af7-4fc7-88e0-d2195b1c5a00-1024x683.png","type":"image\/png"}],"author":"Redaktion","twitter_card":"summary_large_image","twitter_misc":{"Verfasst von":"Redaktion","Gesch\u00e4tzte Lesezeit":"5\u00a0Minuten"},"schema":{"@context":"https:\/\/schema.org","@graph":[{"@type":"WebPage","@id":"http:\/\/www.deanreed.de\/AmericanRebel\/ak\/vw-baut-50-000-stellen-ab-waehrend-die-konzernspitze-millionen-kassiert\/","url":"http:\/\/www.deanreed.de\/AmericanRebel\/ak\/vw-baut-50-000-stellen-ab-waehrend-die-konzernspitze-millionen-kassiert\/","name":"VW baut 50.000 Stellen ab w\u00e4hrend die Konzernspitze Millionen kassiert - Roter Morgen","isPartOf":{"@id":"https:\/\/www.deanreed.de\/AmericanRebel\/ak\/#website"},"primaryImageOfPage":{"@id":"http:\/\/www.deanreed.de\/AmericanRebel\/ak\/vw-baut-50-000-stellen-ab-waehrend-die-konzernspitze-millionen-kassiert\/#primaryimage"},"image":{"@id":"http:\/\/www.deanreed.de\/AmericanRebel\/ak\/vw-baut-50-000-stellen-ab-waehrend-die-konzernspitze-millionen-kassiert\/#primaryimage"},"thumbnailUrl":"https:\/\/www.deanreed.de\/AmericanRebel\/ak\/wp-content\/uploads\/2026\/03\/5d7c037f-9af7-4fc7-88e0-d2195b1c5a00.png","datePublished":"2026-03-14T12:29:48+00:00","author":{"@id":"https:\/\/www.deanreed.de\/AmericanRebel\/ak\/#\/schema\/person\/1735e67eea57aea7611c691f571924c3"},"breadcrumb":{"@id":"http:\/\/www.deanreed.de\/AmericanRebel\/ak\/vw-baut-50-000-stellen-ab-waehrend-die-konzernspitze-millionen-kassiert\/#breadcrumb"},"inLanguage":"de","potentialAction":[{"@type":"ReadAction","target":["http:\/\/www.deanreed.de\/AmericanRebel\/ak\/vw-baut-50-000-stellen-ab-waehrend-die-konzernspitze-millionen-kassiert\/"]}]},{"@type":"ImageObject","inLanguage":"de","@id":"http:\/\/www.deanreed.de\/AmericanRebel\/ak\/vw-baut-50-000-stellen-ab-waehrend-die-konzernspitze-millionen-kassiert\/#primaryimage","url":"https:\/\/www.deanreed.de\/AmericanRebel\/ak\/wp-content\/uploads\/2026\/03\/5d7c037f-9af7-4fc7-88e0-d2195b1c5a00.png","contentUrl":"https:\/\/www.deanreed.de\/AmericanRebel\/ak\/wp-content\/uploads\/2026\/03\/5d7c037f-9af7-4fc7-88e0-d2195b1c5a00.png","width":1536,"height":1024,"caption":"Arbeitspl\u00e4tze oder Kriegswirtschaft? | Karrikatur RoterMorgen 2026"},{"@type":"BreadcrumbList","@id":"http:\/\/www.deanreed.de\/AmericanRebel\/ak\/vw-baut-50-000-stellen-ab-waehrend-die-konzernspitze-millionen-kassiert\/#breadcrumb","itemListElement":[{"@type":"ListItem","position":1,"name":"Startseite","item":"https:\/\/www.deanreed.de\/AmericanRebel\/ak\/"},{"@type":"ListItem","position":2,"name":"VW baut 50.000 Stellen ab w\u00e4hrend die Konzernspitze Millionen kassiert"}]},{"@type":"WebSite","@id":"https:\/\/www.deanreed.de\/AmericanRebel\/ak\/#website","url":"https:\/\/www.deanreed.de\/AmericanRebel\/ak\/","name":"Roter Morgen","description":"Der Weg zur Partei","potentialAction":[{"@type":"SearchAction","target":{"@type":"EntryPoint","urlTemplate":"https:\/\/www.deanreed.de\/AmericanRebel\/ak\/?s={search_term_string}"},"query-input":{"@type":"PropertyValueSpecification","valueRequired":true,"valueName":"search_term_string"}}],"inLanguage":"de"},{"@type":"Person","@id":"https:\/\/www.deanreed.de\/AmericanRebel\/ak\/#\/schema\/person\/1735e67eea57aea7611c691f571924c3","name":"Redaktion","url":"https:\/\/www.deanreed.de\/AmericanRebel\/ak\/author\/redaktion\/"}]}},"_links":{"self":[{"href":"https:\/\/www.deanreed.de\/AmericanRebel\/ak\/wp-json\/wp\/v2\/posts\/3594","targetHints":{"allow":["GET"]}}],"collection":[{"href":"https:\/\/www.deanreed.de\/AmericanRebel\/ak\/wp-json\/wp\/v2\/posts"}],"about":[{"href":"https:\/\/www.deanreed.de\/AmericanRebel\/ak\/wp-json\/wp\/v2\/types\/post"}],"author":[{"embeddable":true,"href":"https:\/\/www.deanreed.de\/AmericanRebel\/ak\/wp-json\/wp\/v2\/users\/4"}],"replies":[{"embeddable":true,"href":"https:\/\/www.deanreed.de\/AmericanRebel\/ak\/wp-json\/wp\/v2\/comments?post=3594"}],"version-history":[{"count":1,"href":"https:\/\/www.deanreed.de\/AmericanRebel\/ak\/wp-json\/wp\/v2\/posts\/3594\/revisions"}],"predecessor-version":[{"id":3596,"href":"https:\/\/www.deanreed.de\/AmericanRebel\/ak\/wp-json\/wp\/v2\/posts\/3594\/revisions\/3596"}],"wp:featuredmedia":[{"embeddable":true,"href":"https:\/\/www.deanreed.de\/AmericanRebel\/ak\/wp-json\/wp\/v2\/media\/3595"}],"wp:attachment":[{"href":"https:\/\/www.deanreed.de\/AmericanRebel\/ak\/wp-json\/wp\/v2\/media?parent=3594"}],"wp:term":[{"taxonomy":"category","embeddable":true,"href":"https:\/\/www.deanreed.de\/AmericanRebel\/ak\/wp-json\/wp\/v2\/categories?post=3594"},{"taxonomy":"post_tag","embeddable":true,"href":"https:\/\/www.deanreed.de\/AmericanRebel\/ak\/wp-json\/wp\/v2\/tags?post=3594"}],"curies":[{"name":"wp","href":"https:\/\/api.w.org\/{rel}","templated":true}]}}