{"id":3584,"date":"2026-03-12T09:50:42","date_gmt":"2026-03-12T08:50:42","guid":{"rendered":"https:\/\/www.deanreed.de\/AmericanRebel\/ak\/?p=3584"},"modified":"2026-03-13T09:58:38","modified_gmt":"2026-03-13T08:58:38","slug":"deutschland-rueckt-auf-in-der-welt-des-waffenhandels","status":"publish","type":"post","link":"https:\/\/www.deanreed.de\/AmericanRebel\/ak\/deutschland-rueckt-auf-in-der-welt-des-waffenhandels\/","title":{"rendered":"Deutschland r\u00fcckt auf in der Welt des Waffenhandels"},"content":{"rendered":"<blockquote><p><span style=\"font-size: 12pt; font-family: verdana, geneva, sans-serif;\"><span style=\"color: #808080;\"><em><strong>Redaktion \u2013 12. Oktober 2025<\/strong><br \/>\n<\/em><\/span><\/span><\/p><\/blockquote>\n<p style=\"text-align: justify;\" data-start=\"195\" data-end=\"475\"><strong><span style=\"font-size: 14pt; font-family: verdana, geneva, sans-serif;\">Deutschland hat seine Rolle als Waffenexporteur in den letzten Jahren stark ausgebaut. In der Zeit von 2021 bis 2025 r\u00fcckte die Bundesrepublik in der weltweiten Rangliste der gr\u00f6\u00dften Waffenverk\u00e4ufer vom f\u00fcnften auf den vierten Platz vor. Damit \u00fcberholte Deutschland sogar China.<\/span><\/strong><\/p>\n<p style=\"text-align: justify;\" data-start=\"477\" data-end=\"846\"><span style=\"font-size: 14pt; font-family: verdana, geneva, sans-serif;\">Diese Zahlen stammen aus einem Bericht des Stockholmer Friedensforschungsinstituts SIPRI. Demnach entfielen in diesem Zeitraum 5,7 Prozent der weltweiten Waffenverk\u00e4ufe auf Deutschland. Gegen\u00fcber den Jahren 2016 bis 2020 stiegen die deutschen Ausfuhren von schweren Waffen um 15 Prozent. Weltweit nahm der Handel mit solchen Waffen im selben Zeitraum um 9,2 Prozent zu.<br \/>\n<span style=\"color: #ffffff;\">.<\/span><\/span><\/p>\n<h3 style=\"text-align: justify;\" data-section-id=\"2tno81\" data-start=\"848\" data-end=\"883\"><span style=\"font-size: 14pt; font-family: verdana, geneva, sans-serif;\">Europa als wichtigster Abnehmer<\/span><\/h3>\n<p style=\"text-align: justify;\" data-start=\"885\" data-end=\"1131\"><span style=\"font-size: 14pt; font-family: verdana, geneva, sans-serif;\">Der gr\u00f6\u00dfte Teil deutscher Waffen bleibt inzwischen in Europa. Rund 41 Prozent aller Lieferungen gingen in europ\u00e4ische Staaten. Etwa ein Drittel der Lieferungen ging in den Nahen Osten. Weitere 17 Prozent wurden nach Asien und Ozeanien verkauft.<\/span><\/p>\n<p style=\"text-align: justify;\" data-start=\"1133\" data-end=\"1327\"><span style=\"font-size: 14pt; font-family: verdana, geneva, sans-serif;\">Besonders deutlich zeigt sich die Rolle Deutschlands im Krieg in der Ukraine. Fast ein Viertel der deutschen Waffenlieferungen, rund 24 Prozent, wurden als Milit\u00e4rhilfe an die Ukraine geschickt.<br \/>\n<span style=\"color: #ffffff;\">.<\/span><\/span><\/p>\n<h3 style=\"text-align: justify;\" data-section-id=\"1smd76n\" data-start=\"1329\" data-end=\"1367\"><span style=\"font-size: 14pt; font-family: verdana, geneva, sans-serif;\">Auch Deutschland r\u00fcstet massiv auf<\/span><\/h3>\n<p style=\"text-align: justify;\" data-start=\"1369\" data-end=\"1619\"><span style=\"font-size: 14pt; font-family: verdana, geneva, sans-serif;\">Nicht nur die Ausfuhr, auch die Einfuhr von Waffen ist stark gestiegen. Deutschland kaufte in der Zeit von 2021 bis 2025 mehr als zehnmal so viele schwere Waffen wie in der vorherigen F\u00fcnfjahresperiode. Das entspricht einem Anstieg von 914 Prozent.<\/span><\/p>\n<p style=\"text-align: justify;\" data-start=\"1621\" data-end=\"1751\"><span style=\"font-size: 14pt; font-family: verdana, geneva, sans-serif;\">Zu diesen schweren Waffen z\u00e4hlen unter anderem Kampfflugzeuge, Drohnen, Milit\u00e4rhubschrauber, Kriegsschiffe, Panzer und Artillerie.<\/span><\/p>\n<p style=\"text-align: justify;\" data-start=\"1753\" data-end=\"1954\"><span style=\"font-size: 14pt; font-family: verdana, geneva, sans-serif;\">Auch andere europ\u00e4ische Staaten steigerten ihre Waffenverk\u00e4ufe stark. Besonders Polen und Italien weiteten ihre Ausfuhren aus. Italien geh\u00f6rt inzwischen zu den sechs gr\u00f6\u00dften Waffenexporteuren der Welt.<br \/>\n<span style=\"color: #ffffff;\">.<\/span><\/span><\/p>\n<h3 style=\"text-align: justify;\" data-section-id=\"1q2691e\" data-start=\"1956\" data-end=\"1994\"><span style=\"font-size: 14pt; font-family: verdana, geneva, sans-serif;\">Europa wird zum gro\u00dfen Waffenmarkt<\/span><\/h3>\n<p style=\"text-align: justify;\" data-start=\"1996\" data-end=\"2255\"><span style=\"font-size: 14pt; font-family: verdana, geneva, sans-serif;\">Der Krieg in der Ukraine und die wachsenden Spannungen zwischen den gro\u00dfen M\u00e4chten treiben die Aufr\u00fcstung in Europa voran. Viele Regierungen erh\u00f6hen ihre Milit\u00e4rausgaben massiv. Gleichzeitig w\u00e4chst die Unsicherheit \u00fcber die Rolle der USA innerhalb der NATO.<\/span><\/p>\n<p style=\"text-align: justify;\" data-start=\"2257\" data-end=\"2542\"><span style=\"font-size: 14pt; font-family: verdana, geneva, sans-serif;\">Die Folgen sind deutlich sichtbar. Die Waffenexporte der Staaten der Europ\u00e4ischen Union stiegen um 36 Prozent. Gleichzeitig haben sich die Waffenimporte der europ\u00e4ischen L\u00e4nder sogar verdreifacht. Inzwischen geht rund ein Drittel aller weltweit gehandelten schweren Waffen nach Europa.<br \/>\n<span style=\"color: #ffffff;\">.<\/span><\/span><\/p>\n<h3 style=\"text-align: justify;\" data-section-id=\"lh4mr1\" data-start=\"2544\" data-end=\"2571\"><span style=\"font-size: 14pt; font-family: verdana, geneva, sans-serif;\">Die USA bleiben f\u00fchrend<\/span><\/h3>\n<p style=\"text-align: justify;\" data-start=\"2573\" data-end=\"2799\"><span style=\"font-size: 14pt; font-family: verdana, geneva, sans-serif;\">Die Vereinigten Staaten bleiben mit gro\u00dfem Abstand der wichtigste Waffenexporteur der Welt. Ihr Anteil an den weltweiten Verk\u00e4ufen stieg von 36 auf 42 Prozent. Auch der Umfang der amerikanischen Lieferungen nahm deutlich zu.<\/span><\/p>\n<p style=\"text-align: justify;\" data-start=\"2801\" data-end=\"2939\"><span style=\"font-size: 14pt; font-family: verdana, geneva, sans-serif;\">Russland bleibt zwar der drittgr\u00f6\u00dfte Exporteur, doch seine Ausfuhren brachen stark ein. Zwischen 2021 und 2025 sanken sie um 64 Prozent.<\/span><\/p>\n<p style=\"text-align: justify;\" data-start=\"2941\" data-end=\"3191\"><span style=\"font-size: 14pt; font-family: verdana, geneva, sans-serif;\">China liegt inzwischen auf dem f\u00fcnften Platz hinter Deutschland. W\u00e4hrend die chinesischen Waffenexporte leicht zunahmen, verringerte das Land gleichzeitig seine Waffenimporte stark. Das zeigt, dass China seine eigene R\u00fcstungsindustrie weiter ausbaut.<br \/>\n<span style=\"color: #ffffff;\">.<\/span><\/span><\/p>\n<h3 style=\"text-align: justify;\" data-section-id=\"1141yz9\" data-start=\"3193\" data-end=\"3237\"><span style=\"font-size: 14pt; font-family: verdana, geneva, sans-serif;\">Aufr\u00fcstung im Dienst der gro\u00dfen Konzerne<\/span><\/h3>\n<p style=\"text-align: justify;\" data-start=\"3239\" data-end=\"3456\"><span style=\"font-size: 14pt; font-family: verdana, geneva, sans-serif;\">Aus marxistisch leninistischer Sicht zeigt diese Entwicklung deutlich den Charakter des heutigen Kapitalismus. Die gro\u00dfen M\u00e4chte treiben die Aufr\u00fcstung voran, weil die R\u00fcstungsindustrie gewaltige Profite verspricht.<\/span><\/p>\n<p style=\"text-align: justify;\" data-start=\"3458\" data-end=\"3638\"><span style=\"font-size: 14pt; font-family: verdana, geneva, sans-serif;\">W\u00e4hrend Millionen Menschen unter steigenden Preisen, sozialen K\u00fcrzungen und unsicheren Arbeitsverh\u00e4ltnissen leiden, flie\u00dfen immer gr\u00f6\u00dfere Summen in Panzer, Flugzeuge und Raketen.<\/span><\/p>\n<p style=\"text-align: justify;\" data-start=\"3640\" data-end=\"3978\"><span style=\"font-size: 14pt; font-family: verdana, geneva, sans-serif;\">Die wachsenden Waffenexporte Deutschlands sind daher kein Zufall. Sie sind Teil einer Politik, die den Interessen gro\u00dfer Konzerne und milit\u00e4rischer B\u00fcndnisse dient. F\u00fcr die arbeitende Bev\u00f6lkerung bedeutet diese Entwicklung jedoch vor allem eines: mehr Aufr\u00fcstung, gr\u00f6\u00dfere Kriegsgefahr und neue Belastungen durch steigende Milit\u00e4rausgaben.<\/span><\/p>\n<p style=\"text-align: justify;\" data-start=\"3980\" data-end=\"4090\" data-is-last-node=\"\" data-is-only-node=\"\"><span style=\"font-size: 14pt; font-family: verdana, geneva, sans-serif;\">Der Kampf f\u00fcr Frieden, Abr\u00fcstung und soziale Rechte bleibt deshalb eine zentrale Aufgabe der Arbeiterbewegung.<\/span><\/p>\n<p>&nbsp;<\/p>\n<p style=\"text-align: justify;\"><span style=\"font-family: verdana, geneva, sans-serif; font-size: 12pt; color: #000000;\">Eine Weiterver\u00f6ffentlichung des Textes ist gem\u00e4\u00df einer <a style=\"color: #000000;\" href=\"https:\/\/creativecommons.org\/licenses\/by-nc-sa\/4.0\/deed.de\">Creative Commons 4.0 International Lizenz<\/a> ausdr\u00fccklich erw\u00fcnscht. (Unter gleichen Bedingungen: unkommerziell, Nennung der <a style=\"color: #000000;\" href=\"http:\/\/derwegzurpartei.de\/\">verlinkten Quelle<\/a> (\u00bbDer Weg zur Partei\u00ab) mit Erscheinungsdatum).<\/span><\/p>\n<p>&nbsp;<\/p>\n","protected":false},"excerpt":{"rendered":"<div class=\"mh-excerpt\"><p>Redaktion \u2013 12. Oktober 2025 Deutschland hat seine Rolle als Waffenexporteur in den letzten Jahren stark ausgebaut. In der Zeit von 2021 bis 2025 r\u00fcckte <a class=\"mh-excerpt-more\" href=\"https:\/\/www.deanreed.de\/AmericanRebel\/ak\/deutschland-rueckt-auf-in-der-welt-des-waffenhandels\/\" title=\"Deutschland r\u00fcckt auf in der Welt des Waffenhandels\">[&#8230;]<\/a><\/p>\n<\/div>","protected":false},"author":4,"featured_media":3585,"comment_status":"open","ping_status":"open","sticky":false,"template":"","format":"standard","meta":{"footnotes":""},"categories":[1],"tags":[838,653,657,837,748,573,552,836,690],"class_list":["post-3584","post","type-post","status-publish","format-standard","has-post-thumbnail","hentry","category-allgemein","tag-friedenskampf","tag-imperialismus","tag-kapitalismus","tag-kriegswirtschaft","tag-militarisierung","tag-nato","tag-rotermorgen","tag-ruestungsexporte","tag-ukrainekrieg"],"yoast_head":"<!-- This site is optimized with the Yoast SEO plugin v26.2 - https:\/\/yoast.com\/wordpress\/plugins\/seo\/ -->\n<title>Deutschland r\u00fcckt auf in der Welt des Waffenhandels - Roter Morgen<\/title>\n<meta name=\"robots\" content=\"index, follow, max-snippet:-1, max-image-preview:large, max-video-preview:-1\" \/>\n<link rel=\"canonical\" href=\"https:\/\/www.deanreed.de\/AmericanRebel\/ak\/deutschland-rueckt-auf-in-der-welt-des-waffenhandels\/\" \/>\n<meta property=\"og:locale\" content=\"de_DE\" \/>\n<meta property=\"og:type\" content=\"article\" \/>\n<meta property=\"og:title\" content=\"Deutschland r\u00fcckt auf in der Welt des Waffenhandels - Roter Morgen\" \/>\n<meta property=\"og:description\" content=\"Redaktion \u2013 12. Oktober 2025 Deutschland hat seine Rolle als Waffenexporteur in den letzten Jahren stark ausgebaut. In der Zeit von 2021 bis 2025 r\u00fcckte [...]\" \/>\n<meta property=\"og:url\" content=\"https:\/\/www.deanreed.de\/AmericanRebel\/ak\/deutschland-rueckt-auf-in-der-welt-des-waffenhandels\/\" \/>\n<meta property=\"og:site_name\" content=\"Roter Morgen\" \/>\n<meta property=\"article:published_time\" content=\"2026-03-12T08:50:42+00:00\" \/>\n<meta property=\"article:modified_time\" content=\"2026-03-13T08:58:38+00:00\" \/>\n<meta property=\"og:image\" content=\"https:\/\/www.deanreed.de\/AmericanRebel\/ak\/wp-content\/uploads\/2026\/03\/vbbfb.jpg\" \/>\n\t<meta property=\"og:image:width\" content=\"678\" \/>\n\t<meta property=\"og:image:height\" content=\"381\" \/>\n\t<meta property=\"og:image:type\" content=\"image\/jpeg\" \/>\n<meta name=\"author\" content=\"Redaktion\" \/>\n<meta name=\"twitter:card\" content=\"summary_large_image\" \/>\n<meta name=\"twitter:label1\" content=\"Verfasst von\" \/>\n\t<meta name=\"twitter:data1\" content=\"Redaktion\" \/>\n\t<meta name=\"twitter:label2\" content=\"Gesch\u00e4tzte Lesezeit\" \/>\n\t<meta name=\"twitter:data2\" content=\"4\u00a0Minuten\" \/>\n<script type=\"application\/ld+json\" class=\"yoast-schema-graph\">{\"@context\":\"https:\/\/schema.org\",\"@graph\":[{\"@type\":\"WebPage\",\"@id\":\"https:\/\/www.deanreed.de\/AmericanRebel\/ak\/deutschland-rueckt-auf-in-der-welt-des-waffenhandels\/\",\"url\":\"https:\/\/www.deanreed.de\/AmericanRebel\/ak\/deutschland-rueckt-auf-in-der-welt-des-waffenhandels\/\",\"name\":\"Deutschland r\u00fcckt auf in der Welt des Waffenhandels - Roter Morgen\",\"isPartOf\":{\"@id\":\"https:\/\/www.deanreed.de\/AmericanRebel\/ak\/#website\"},\"primaryImageOfPage\":{\"@id\":\"https:\/\/www.deanreed.de\/AmericanRebel\/ak\/deutschland-rueckt-auf-in-der-welt-des-waffenhandels\/#primaryimage\"},\"image\":{\"@id\":\"https:\/\/www.deanreed.de\/AmericanRebel\/ak\/deutschland-rueckt-auf-in-der-welt-des-waffenhandels\/#primaryimage\"},\"thumbnailUrl\":\"https:\/\/www.deanreed.de\/AmericanRebel\/ak\/wp-content\/uploads\/2026\/03\/vbbfb.jpg\",\"datePublished\":\"2026-03-12T08:50:42+00:00\",\"dateModified\":\"2026-03-13T08:58:38+00:00\",\"author\":{\"@id\":\"https:\/\/www.deanreed.de\/AmericanRebel\/ak\/#\/schema\/person\/1735e67eea57aea7611c691f571924c3\"},\"breadcrumb\":{\"@id\":\"https:\/\/www.deanreed.de\/AmericanRebel\/ak\/deutschland-rueckt-auf-in-der-welt-des-waffenhandels\/#breadcrumb\"},\"inLanguage\":\"de\",\"potentialAction\":[{\"@type\":\"ReadAction\",\"target\":[\"https:\/\/www.deanreed.de\/AmericanRebel\/ak\/deutschland-rueckt-auf-in-der-welt-des-waffenhandels\/\"]}]},{\"@type\":\"ImageObject\",\"inLanguage\":\"de\",\"@id\":\"https:\/\/www.deanreed.de\/AmericanRebel\/ak\/deutschland-rueckt-auf-in-der-welt-des-waffenhandels\/#primaryimage\",\"url\":\"https:\/\/www.deanreed.de\/AmericanRebel\/ak\/wp-content\/uploads\/2026\/03\/vbbfb.jpg\",\"contentUrl\":\"https:\/\/www.deanreed.de\/AmericanRebel\/ak\/wp-content\/uploads\/2026\/03\/vbbfb.jpg\",\"width\":678,\"height\":381},{\"@type\":\"BreadcrumbList\",\"@id\":\"https:\/\/www.deanreed.de\/AmericanRebel\/ak\/deutschland-rueckt-auf-in-der-welt-des-waffenhandels\/#breadcrumb\",\"itemListElement\":[{\"@type\":\"ListItem\",\"position\":1,\"name\":\"Startseite\",\"item\":\"https:\/\/www.deanreed.de\/AmericanRebel\/ak\/\"},{\"@type\":\"ListItem\",\"position\":2,\"name\":\"Deutschland r\u00fcckt auf in der Welt des Waffenhandels\"}]},{\"@type\":\"WebSite\",\"@id\":\"https:\/\/www.deanreed.de\/AmericanRebel\/ak\/#website\",\"url\":\"https:\/\/www.deanreed.de\/AmericanRebel\/ak\/\",\"name\":\"Roter Morgen\",\"description\":\"Der Weg zur Partei\",\"potentialAction\":[{\"@type\":\"SearchAction\",\"target\":{\"@type\":\"EntryPoint\",\"urlTemplate\":\"https:\/\/www.deanreed.de\/AmericanRebel\/ak\/?s={search_term_string}\"},\"query-input\":{\"@type\":\"PropertyValueSpecification\",\"valueRequired\":true,\"valueName\":\"search_term_string\"}}],\"inLanguage\":\"de\"},{\"@type\":\"Person\",\"@id\":\"https:\/\/www.deanreed.de\/AmericanRebel\/ak\/#\/schema\/person\/1735e67eea57aea7611c691f571924c3\",\"name\":\"Redaktion\",\"url\":\"https:\/\/www.deanreed.de\/AmericanRebel\/ak\/author\/redaktion\/\"}]}<\/script>\n<!-- \/ Yoast SEO plugin. -->","yoast_head_json":{"title":"Deutschland r\u00fcckt auf in der Welt des Waffenhandels - Roter Morgen","robots":{"index":"index","follow":"follow","max-snippet":"max-snippet:-1","max-image-preview":"max-image-preview:large","max-video-preview":"max-video-preview:-1"},"canonical":"https:\/\/www.deanreed.de\/AmericanRebel\/ak\/deutschland-rueckt-auf-in-der-welt-des-waffenhandels\/","og_locale":"de_DE","og_type":"article","og_title":"Deutschland r\u00fcckt auf in der Welt des Waffenhandels - Roter Morgen","og_description":"Redaktion \u2013 12. Oktober 2025 Deutschland hat seine Rolle als Waffenexporteur in den letzten Jahren stark ausgebaut. In der Zeit von 2021 bis 2025 r\u00fcckte [...]","og_url":"https:\/\/www.deanreed.de\/AmericanRebel\/ak\/deutschland-rueckt-auf-in-der-welt-des-waffenhandels\/","og_site_name":"Roter Morgen","article_published_time":"2026-03-12T08:50:42+00:00","article_modified_time":"2026-03-13T08:58:38+00:00","og_image":[{"width":678,"height":381,"url":"https:\/\/www.deanreed.de\/AmericanRebel\/ak\/wp-content\/uploads\/2026\/03\/vbbfb.jpg","type":"image\/jpeg"}],"author":"Redaktion","twitter_card":"summary_large_image","twitter_misc":{"Verfasst von":"Redaktion","Gesch\u00e4tzte Lesezeit":"4\u00a0Minuten"},"schema":{"@context":"https:\/\/schema.org","@graph":[{"@type":"WebPage","@id":"https:\/\/www.deanreed.de\/AmericanRebel\/ak\/deutschland-rueckt-auf-in-der-welt-des-waffenhandels\/","url":"https:\/\/www.deanreed.de\/AmericanRebel\/ak\/deutschland-rueckt-auf-in-der-welt-des-waffenhandels\/","name":"Deutschland r\u00fcckt auf in der Welt des Waffenhandels - Roter Morgen","isPartOf":{"@id":"https:\/\/www.deanreed.de\/AmericanRebel\/ak\/#website"},"primaryImageOfPage":{"@id":"https:\/\/www.deanreed.de\/AmericanRebel\/ak\/deutschland-rueckt-auf-in-der-welt-des-waffenhandels\/#primaryimage"},"image":{"@id":"https:\/\/www.deanreed.de\/AmericanRebel\/ak\/deutschland-rueckt-auf-in-der-welt-des-waffenhandels\/#primaryimage"},"thumbnailUrl":"https:\/\/www.deanreed.de\/AmericanRebel\/ak\/wp-content\/uploads\/2026\/03\/vbbfb.jpg","datePublished":"2026-03-12T08:50:42+00:00","dateModified":"2026-03-13T08:58:38+00:00","author":{"@id":"https:\/\/www.deanreed.de\/AmericanRebel\/ak\/#\/schema\/person\/1735e67eea57aea7611c691f571924c3"},"breadcrumb":{"@id":"https:\/\/www.deanreed.de\/AmericanRebel\/ak\/deutschland-rueckt-auf-in-der-welt-des-waffenhandels\/#breadcrumb"},"inLanguage":"de","potentialAction":[{"@type":"ReadAction","target":["https:\/\/www.deanreed.de\/AmericanRebel\/ak\/deutschland-rueckt-auf-in-der-welt-des-waffenhandels\/"]}]},{"@type":"ImageObject","inLanguage":"de","@id":"https:\/\/www.deanreed.de\/AmericanRebel\/ak\/deutschland-rueckt-auf-in-der-welt-des-waffenhandels\/#primaryimage","url":"https:\/\/www.deanreed.de\/AmericanRebel\/ak\/wp-content\/uploads\/2026\/03\/vbbfb.jpg","contentUrl":"https:\/\/www.deanreed.de\/AmericanRebel\/ak\/wp-content\/uploads\/2026\/03\/vbbfb.jpg","width":678,"height":381},{"@type":"BreadcrumbList","@id":"https:\/\/www.deanreed.de\/AmericanRebel\/ak\/deutschland-rueckt-auf-in-der-welt-des-waffenhandels\/#breadcrumb","itemListElement":[{"@type":"ListItem","position":1,"name":"Startseite","item":"https:\/\/www.deanreed.de\/AmericanRebel\/ak\/"},{"@type":"ListItem","position":2,"name":"Deutschland r\u00fcckt auf in der Welt des Waffenhandels"}]},{"@type":"WebSite","@id":"https:\/\/www.deanreed.de\/AmericanRebel\/ak\/#website","url":"https:\/\/www.deanreed.de\/AmericanRebel\/ak\/","name":"Roter Morgen","description":"Der Weg zur Partei","potentialAction":[{"@type":"SearchAction","target":{"@type":"EntryPoint","urlTemplate":"https:\/\/www.deanreed.de\/AmericanRebel\/ak\/?s={search_term_string}"},"query-input":{"@type":"PropertyValueSpecification","valueRequired":true,"valueName":"search_term_string"}}],"inLanguage":"de"},{"@type":"Person","@id":"https:\/\/www.deanreed.de\/AmericanRebel\/ak\/#\/schema\/person\/1735e67eea57aea7611c691f571924c3","name":"Redaktion","url":"https:\/\/www.deanreed.de\/AmericanRebel\/ak\/author\/redaktion\/"}]}},"_links":{"self":[{"href":"https:\/\/www.deanreed.de\/AmericanRebel\/ak\/wp-json\/wp\/v2\/posts\/3584","targetHints":{"allow":["GET"]}}],"collection":[{"href":"https:\/\/www.deanreed.de\/AmericanRebel\/ak\/wp-json\/wp\/v2\/posts"}],"about":[{"href":"https:\/\/www.deanreed.de\/AmericanRebel\/ak\/wp-json\/wp\/v2\/types\/post"}],"author":[{"embeddable":true,"href":"https:\/\/www.deanreed.de\/AmericanRebel\/ak\/wp-json\/wp\/v2\/users\/4"}],"replies":[{"embeddable":true,"href":"https:\/\/www.deanreed.de\/AmericanRebel\/ak\/wp-json\/wp\/v2\/comments?post=3584"}],"version-history":[{"count":4,"href":"https:\/\/www.deanreed.de\/AmericanRebel\/ak\/wp-json\/wp\/v2\/posts\/3584\/revisions"}],"predecessor-version":[{"id":3589,"href":"https:\/\/www.deanreed.de\/AmericanRebel\/ak\/wp-json\/wp\/v2\/posts\/3584\/revisions\/3589"}],"wp:featuredmedia":[{"embeddable":true,"href":"https:\/\/www.deanreed.de\/AmericanRebel\/ak\/wp-json\/wp\/v2\/media\/3585"}],"wp:attachment":[{"href":"https:\/\/www.deanreed.de\/AmericanRebel\/ak\/wp-json\/wp\/v2\/media?parent=3584"}],"wp:term":[{"taxonomy":"category","embeddable":true,"href":"https:\/\/www.deanreed.de\/AmericanRebel\/ak\/wp-json\/wp\/v2\/categories?post=3584"},{"taxonomy":"post_tag","embeddable":true,"href":"https:\/\/www.deanreed.de\/AmericanRebel\/ak\/wp-json\/wp\/v2\/tags?post=3584"}],"curies":[{"name":"wp","href":"https:\/\/api.w.org\/{rel}","templated":true}]}}