{"id":3575,"date":"2026-03-10T12:41:58","date_gmt":"2026-03-10T11:41:58","guid":{"rendered":"https:\/\/www.deanreed.de\/AmericanRebel\/ak\/?p=3575"},"modified":"2026-03-13T18:34:50","modified_gmt":"2026-03-13T17:34:50","slug":"gruene-bleiben-an-der-macht-politik-fuer-konzerne-treibt-rechtsentwicklung-voran","status":"publish","type":"post","link":"https:\/\/www.deanreed.de\/AmericanRebel\/ak\/gruene-bleiben-an-der-macht-politik-fuer-konzerne-treibt-rechtsentwicklung-voran\/","title":{"rendered":"Gr\u00fcne bleiben an der Macht \u2013 Politik f\u00fcr Konzerne treibt Rechtsentwicklung voran"},"content":{"rendered":"<blockquote><p><span style=\"font-size: 12pt; font-family: verdana, geneva, sans-serif;\"><span style=\"color: #808080;\"><em><strong>Redaktion RoterMorgen \u2013 10. M\u00e4rz 2026<\/strong><\/em><\/span><\/span><\/p><\/blockquote>\n<p style=\"text-align: justify;\" data-start=\"226\" data-end=\"530\"><strong><span style=\"font-size: 14pt; color: #000000; font-family: verdana, geneva, sans-serif;\">Bei der Landtagswahl in Baden W\u00fcrttemberg bleiben die Gr\u00fcnen st\u00e4rkste Kraft. Doch hinter dem Wahlsieg steht keine Politik f\u00fcr Arbeiter und einfache Menschen. Seit Jahren betreibt die Landesregierung eine Politik im Dienst der Konzerne. Das treibt Unzufriedenheit und st\u00e4rkt rechte Kr\u00e4fte.<\/span><\/strong><\/p>\n<p style=\"text-align: justify;\" data-start=\"561\" data-end=\"802\"><span style=\"font-size: 14pt; color: #000000; font-family: verdana, geneva, sans-serif;\">Die Gr\u00fcnen haben die Landtagswahl in Baden W\u00fcrttemberg gewonnen. Mit 30,2 Prozent der Stimmen liegen sie knapp vor der CDU mit 29,7 Prozent. Der fr\u00fchere Bundesminister Cem \u00d6zdemir soll nun h\u00f6chstwahrscheinlich neuer Ministerpr\u00e4sident werden.<\/span><\/p>\n<p style=\"text-align: justify;\" data-start=\"804\" data-end=\"1120\"><span style=\"font-size: 14pt; color: #000000; font-family: verdana, geneva, sans-serif;\">Der bisherige Ministerpr\u00e4sident Winfried Kretschmann trat nicht mehr als Spitzenkandidat an. Seit 2011 stand er an der Spitze der Landesregierung und formte die Gr\u00fcnen zu einer festen Regierungspartei des b\u00fcrgerlichen Staates. Zun\u00e4chst regierten sie mit der SPD, sp\u00e4ter zehn Jahre lang mit der CDU als Juniorpartner.<\/span><\/p>\n<p style=\"text-align: justify;\" data-start=\"1122\" data-end=\"1278\"><span style=\"font-size: 14pt; color: #000000; font-family: verdana, geneva, sans-serif;\">Mit den Jahren r\u00fcckte die Politik der Gr\u00fcnen immer weiter nach rechts. Die Partei pr\u00e4sentiert sich heute offen als Vertreter der Interessen gro\u00dfer Konzerne.<\/span><\/p>\n<p style=\"text-align: justify;\" data-start=\"1280\" data-end=\"1655\"><span style=\"font-size: 14pt; color: #000000; font-family: verdana, geneva, sans-serif;\">Besonders deutlich zeigt sich das in der Politik f\u00fcr die Autoindustrie. In Baden W\u00fcrttemberg sitzen m\u00e4chtige Konzerne wie Mercedes, Porsche, Bosch oder ZF. Die Landesregierung setzte sich deshalb daf\u00fcr ein, das geplante Ende des Verbrennungsmotors in der Europ\u00e4ischen Union aufzuweichen. Ende 2025 k\u00fcndigte die EU nach Druck aus Deutschland an, das Verbot ab 2035 zu lockern.<\/span><\/p>\n<p style=\"text-align: justify;\" data-start=\"1657\" data-end=\"1985\"><span style=\"font-size: 14pt; color: #000000; font-family: verdana, geneva, sans-serif;\">Gleichzeitig geraten viele dieser Konzerne in wirtschaftliche Schwierigkeiten. Sinkende Ums\u00e4tze und Gewinne f\u00fchren zu massiven Angriffen auf Arbeitspl\u00e4tze. Der Konzern Bosch k\u00fcndigte bereits an, ein Werk bis 2028 zu schlie\u00dfen und die Produktion nach Thailand zu verlagern. Zehntausende Stellen sollen bis 2030 gestrichen werden.<\/span><\/p>\n<p style=\"text-align: justify;\" data-start=\"1987\" data-end=\"2251\"><span style=\"font-size: 14pt; color: #000000; font-family: verdana, geneva, sans-serif;\">Die Antwort der Landesregierung zeigt klar, auf welcher Seite sie steht. Kretschmann erkl\u00e4rte offen, er sei nie Pazifist gewesen und wolle die R\u00fcstungsindustrie im Land ausbauen. Fabriken und Besch\u00e4ftigte aus der Autoindustrie sollen in Zukunft Waffen produzieren.<\/span><\/p>\n<p style=\"text-align: justify;\" data-start=\"2253\" data-end=\"2524\"><span style=\"font-size: 14pt; color: #000000; font-family: verdana, geneva, sans-serif;\">F\u00fcr Marxisten Leninisten zeigt sich hier der wahre Charakter der Gr\u00fcnen. Sie vertreten nicht die Interessen der Bev\u00f6lkerung, sondern die Bed\u00fcrfnisse der gro\u00dfen Konzerne. Wenn die Profite der Autoindustrie sinken, sollen neue Profite mit Waffenproduktion gesichert werden.<\/span><\/p>\n<p style=\"text-align: justify;\" data-start=\"2526\" data-end=\"2853\"><span style=\"font-size: 14pt; color: #000000; font-family: verdana, geneva, sans-serif;\">Auch der Wahlkampf zeigte den Charakter der b\u00fcrgerlichen Politik. Kurz vor der Wahl sorgten Videoaufnahmen des CDU Spitzenkandidaten Manuel Hagel f\u00fcr Aufsehen. In einem alten Fernsehbeitrag \u00e4u\u00dferte er sich in unangemessener Weise \u00fcber eine minderj\u00e4hrige Sch\u00fclerin. Die CDU sprach von einer gezielten Schmutzkampagne der Gr\u00fcnen.<\/span><\/p>\n<p style=\"text-align: justify;\" data-start=\"2855\" data-end=\"3079\"><span style=\"font-size: 14pt; color: #000000; font-family: verdana, geneva, sans-serif;\"><img loading=\"lazy\" decoding=\"async\" class=\" wp-image-3579 alignright\" src=\"http:\/\/www.deanreed.de\/AmericanRebel\/ak\/wp-content\/uploads\/2026\/03\/ddgzrzzuu-300x165.jpg\" alt=\"\" width=\"427\" height=\"235\" srcset=\"https:\/\/www.deanreed.de\/AmericanRebel\/ak\/wp-content\/uploads\/2026\/03\/ddgzrzzuu-300x165.jpg 300w, https:\/\/www.deanreed.de\/AmericanRebel\/ak\/wp-content\/uploads\/2026\/03\/ddgzrzzuu-768x423.jpg 768w, https:\/\/www.deanreed.de\/AmericanRebel\/ak\/wp-content\/uploads\/2026\/03\/ddgzrzzuu.jpg 829w\" sizes=\"auto, (max-width: 427px) 100vw, 427px\" \/>Am Ende blieb das Rennen zwischen CDU und Gr\u00fcnen \u00e4u\u00dferst knapp. Beide Parteien verloren oder gewannen nur wenige Prozentpunkte. Gleichzeitig konnte die AfD ihr Ergebnis deut-lich steigern und kam auf 18,8 Prozent der Stimmen.<\/span><\/p>\n<p style=\"text-align: justify;\" data-start=\"3081\" data-end=\"3340\"><span style=\"font-size: 14pt; color: #000000; font-family: verdana, geneva, sans-serif;\">Die SPD erlitt ein historisch schlechtes Ergebnis. Mit nur 5,5 Prozent liegt sie knapp \u00fcber der F\u00fcnf Prozent Grenze. Die FDP flog erstmals seit Gr\u00fcndung des Bundeslandes 1952 aus dem Landtag. Auch die Linkspartei scheiterte trotz leichter Zugewinne am Einzug.<\/span><\/p>\n<p style=\"text-align: justify;\" data-start=\"3342\" data-end=\"3627\"><span style=\"font-size: 14pt; color: #000000; font-family: verdana, geneva, sans-serif;\">Diese Entwicklung zeigt die tiefe Krise der b\u00fcrgerlichen Parteien. Viele Menschen sind unzufrieden mit steigenden Preisen, unsicheren Arbeitspl\u00e4tzen und einer Politik im Interesse der Konzerne. Doch keine der gro\u00dfen Parteien bietet eine wirkliche L\u00f6sung f\u00fcr die arbeitende Bev\u00f6lkerung.<\/span><\/p>\n<p style=\"text-align: justify;\" data-start=\"3629\" data-end=\"3887\"><span style=\"font-size: 14pt; color: #000000; font-family: verdana, geneva, sans-serif;\">Selbst innerhalb der Gr\u00fcnen gibt es Kritik. Die Jugendorganisation forderte nach der Wahl eine st\u00e4rker soziale Politik. \u00d6zdemir wies diese Forderungen jedoch sofort zur\u00fcck. Er erkl\u00e4rte offen, dass die Gr\u00fcnen in Baden W\u00fcrttemberg ihren eigenen Kurs verfolgen.<\/span><\/p>\n<p style=\"text-align: justify;\" data-start=\"3889\" data-end=\"4118\"><span style=\"font-size: 14pt; color: #000000; font-family: verdana, geneva, sans-serif;\">F\u00fcr Marxisten Leninisten ist klar: Weder Gr\u00fcne noch CDU oder SPD vertreten die Interessen der Arbeiterklasse. Solange die gro\u00dfen Konzerne und Banken die Macht besitzen, wird die Politik weiter im Interesse des Kapitals betrieben.<\/span><\/p>\n<p style=\"text-align: justify;\" data-start=\"4120\" data-end=\"4391\" data-is-last-node=\"\" data-is-only-node=\"\"><span style=\"font-size: 14pt; color: #000000; font-family: verdana, geneva, sans-serif;\">Die wachsende Unzufriedenheit zeigt jedoch auch, dass immer mehr Menschen sp\u00fcren, dass dieses System ihnen keine Zukunft bietet. Die Aufgabe der fortschrittlichen Kr\u00e4fte besteht darin, diese Unzufriedenheit in bewussten Kampf f\u00fcr eine gerechte Gesellschaft zu verwandeln.<br \/>\n<span style=\"font-size: 16pt; color: #ffffff;\"><span style=\"font-size: 12pt;\">.<\/span><br \/>\n<\/span><\/span><span style=\"font-family: verdana, geneva, sans-serif; font-size: 12pt; color: #000000;\">Eine Weiterver\u00f6ffentlichung des Textes ist gem\u00e4\u00df einer <a style=\"color: #000000;\" href=\"https:\/\/creativecommons.org\/licenses\/by-nc-sa\/4.0\/deed.de\">Creative Commons 4.0 International Lizenz<\/a> ausdr\u00fccklich erw\u00fcnscht. (Unter gleichen Bedingungen: unkommerziell, Nennung der <a style=\"color: #000000;\" href=\"http:\/\/derwegzurpartei.de\/\">verlinkten Quelle<\/a> (\u00bbRoter Morgen\u00ab) mit Erscheinungsdatum).<\/span><\/p>\n<p><strong><span style=\"font-size: 14pt; font-family: verdana, geneva, sans-serif;\"><em>Lest dazu auch:<\/em><\/span><\/strong><\/p>\n<p class=\"tdb-title-text\"><span style=\"font-family: verdana, geneva, sans-serif; font-size: 14pt;\"><strong>Vorzeigemigrant Cem \u00d6zdemir:<br \/>\nTeil des System, Teil des Problems<\/strong><\/span><strong><span style=\"font-size: 14pt; font-family: verdana, geneva, sans-serif;\"><em><br \/>\n<a href=\"https:\/\/perspektive-online.net\/2026\/03\/cem-oezdemir-vorzeigemigrant\/\"><img loading=\"lazy\" decoding=\"async\" class=\"alignnone  wp-image-3592\" src=\"http:\/\/www.deanreed.de\/AmericanRebel\/ak\/wp-content\/uploads\/2026\/03\/51931574241_56e59c990e_k-1-300x200.jpg\" alt=\"\" width=\"374\" height=\"249\" srcset=\"https:\/\/www.deanreed.de\/AmericanRebel\/ak\/wp-content\/uploads\/2026\/03\/51931574241_56e59c990e_k-1-300x200.jpg 300w, https:\/\/www.deanreed.de\/AmericanRebel\/ak\/wp-content\/uploads\/2026\/03\/51931574241_56e59c990e_k-1-1024x683.jpg 1024w, https:\/\/www.deanreed.de\/AmericanRebel\/ak\/wp-content\/uploads\/2026\/03\/51931574241_56e59c990e_k-1-768x512.jpg 768w, https:\/\/www.deanreed.de\/AmericanRebel\/ak\/wp-content\/uploads\/2026\/03\/51931574241_56e59c990e_k-1-1536x1024.jpg 1536w, https:\/\/www.deanreed.de\/AmericanRebel\/ak\/wp-content\/uploads\/2026\/03\/51931574241_56e59c990e_k-1.jpg 2048w\" sizes=\"auto, (max-width: 374px) 100vw, 374px\" \/><\/a><\/em><\/span><\/strong><\/p>\n","protected":false},"excerpt":{"rendered":"<div class=\"mh-excerpt\"><p>Redaktion RoterMorgen \u2013 10. M\u00e4rz 2026 Bei der Landtagswahl in Baden W\u00fcrttemberg bleiben die Gr\u00fcnen st\u00e4rkste Kraft. Doch hinter dem Wahlsieg steht keine Politik f\u00fcr <a class=\"mh-excerpt-more\" href=\"https:\/\/www.deanreed.de\/AmericanRebel\/ak\/gruene-bleiben-an-der-macht-politik-fuer-konzerne-treibt-rechtsentwicklung-voran\/\" title=\"Gr\u00fcne bleiben an der Macht \u2013 Politik f\u00fcr Konzerne treibt Rechtsentwicklung voran\">[&#8230;]<\/a><\/p>\n<\/div>","protected":false},"author":4,"featured_media":3576,"comment_status":"open","ping_status":"open","sticky":false,"template":"","format":"standard","meta":{"footnotes":""},"categories":[1],"tags":[604,834,831,833,835,832,552,562,154],"class_list":["post-3575","post","type-post","status-publish","format-standard","has-post-thumbnail","hentry","category-allgemein","tag-afd","tag-autoindustrie","tag-badenwuerttemberg","tag-gruene","tag-klassenpolitik","tag-landtagswahl","tag-rotermorgen","tag-ruestungsindustrie","tag-spd"],"yoast_head":"<!-- This site is optimized with the Yoast SEO plugin v26.2 - https:\/\/yoast.com\/wordpress\/plugins\/seo\/ -->\n<title>Gr\u00fcne bleiben an der Macht \u2013 Politik f\u00fcr Konzerne treibt Rechtsentwicklung voran - Roter Morgen<\/title>\n<meta name=\"robots\" content=\"index, follow, max-snippet:-1, max-image-preview:large, max-video-preview:-1\" \/>\n<link rel=\"canonical\" href=\"https:\/\/www.deanreed.de\/AmericanRebel\/ak\/gruene-bleiben-an-der-macht-politik-fuer-konzerne-treibt-rechtsentwicklung-voran\/\" \/>\n<meta property=\"og:locale\" content=\"de_DE\" \/>\n<meta property=\"og:type\" content=\"article\" \/>\n<meta property=\"og:title\" content=\"Gr\u00fcne bleiben an der Macht \u2013 Politik f\u00fcr Konzerne treibt Rechtsentwicklung voran - Roter Morgen\" \/>\n<meta property=\"og:description\" content=\"Redaktion RoterMorgen \u2013 10. M\u00e4rz 2026 Bei der Landtagswahl in Baden W\u00fcrttemberg bleiben die Gr\u00fcnen st\u00e4rkste Kraft. Doch hinter dem Wahlsieg steht keine Politik f\u00fcr [...]\" \/>\n<meta property=\"og:url\" content=\"https:\/\/www.deanreed.de\/AmericanRebel\/ak\/gruene-bleiben-an-der-macht-politik-fuer-konzerne-treibt-rechtsentwicklung-voran\/\" \/>\n<meta property=\"og:site_name\" content=\"Roter Morgen\" \/>\n<meta property=\"article:published_time\" content=\"2026-03-10T11:41:58+00:00\" \/>\n<meta property=\"article:modified_time\" content=\"2026-03-13T17:34:50+00:00\" \/>\n<meta property=\"og:image\" content=\"https:\/\/www.deanreed.de\/AmericanRebel\/ak\/wp-content\/uploads\/2026\/03\/ewr67.jpg\" \/>\n\t<meta property=\"og:image:width\" content=\"678\" \/>\n\t<meta property=\"og:image:height\" content=\"381\" \/>\n\t<meta property=\"og:image:type\" content=\"image\/jpeg\" \/>\n<meta name=\"author\" content=\"Redaktion\" \/>\n<meta name=\"twitter:card\" content=\"summary_large_image\" \/>\n<meta name=\"twitter:label1\" content=\"Verfasst von\" \/>\n\t<meta name=\"twitter:data1\" content=\"Redaktion\" \/>\n\t<meta name=\"twitter:label2\" content=\"Gesch\u00e4tzte Lesezeit\" \/>\n\t<meta name=\"twitter:data2\" content=\"5\u00a0Minuten\" \/>\n<script type=\"application\/ld+json\" class=\"yoast-schema-graph\">{\"@context\":\"https:\/\/schema.org\",\"@graph\":[{\"@type\":\"WebPage\",\"@id\":\"https:\/\/www.deanreed.de\/AmericanRebel\/ak\/gruene-bleiben-an-der-macht-politik-fuer-konzerne-treibt-rechtsentwicklung-voran\/\",\"url\":\"https:\/\/www.deanreed.de\/AmericanRebel\/ak\/gruene-bleiben-an-der-macht-politik-fuer-konzerne-treibt-rechtsentwicklung-voran\/\",\"name\":\"Gr\u00fcne bleiben an der Macht \u2013 Politik f\u00fcr Konzerne treibt Rechtsentwicklung voran - Roter Morgen\",\"isPartOf\":{\"@id\":\"https:\/\/www.deanreed.de\/AmericanRebel\/ak\/#website\"},\"primaryImageOfPage\":{\"@id\":\"https:\/\/www.deanreed.de\/AmericanRebel\/ak\/gruene-bleiben-an-der-macht-politik-fuer-konzerne-treibt-rechtsentwicklung-voran\/#primaryimage\"},\"image\":{\"@id\":\"https:\/\/www.deanreed.de\/AmericanRebel\/ak\/gruene-bleiben-an-der-macht-politik-fuer-konzerne-treibt-rechtsentwicklung-voran\/#primaryimage\"},\"thumbnailUrl\":\"https:\/\/www.deanreed.de\/AmericanRebel\/ak\/wp-content\/uploads\/2026\/03\/ewr67.jpg\",\"datePublished\":\"2026-03-10T11:41:58+00:00\",\"dateModified\":\"2026-03-13T17:34:50+00:00\",\"author\":{\"@id\":\"https:\/\/www.deanreed.de\/AmericanRebel\/ak\/#\/schema\/person\/1735e67eea57aea7611c691f571924c3\"},\"breadcrumb\":{\"@id\":\"https:\/\/www.deanreed.de\/AmericanRebel\/ak\/gruene-bleiben-an-der-macht-politik-fuer-konzerne-treibt-rechtsentwicklung-voran\/#breadcrumb\"},\"inLanguage\":\"de\",\"potentialAction\":[{\"@type\":\"ReadAction\",\"target\":[\"https:\/\/www.deanreed.de\/AmericanRebel\/ak\/gruene-bleiben-an-der-macht-politik-fuer-konzerne-treibt-rechtsentwicklung-voran\/\"]}]},{\"@type\":\"ImageObject\",\"inLanguage\":\"de\",\"@id\":\"https:\/\/www.deanreed.de\/AmericanRebel\/ak\/gruene-bleiben-an-der-macht-politik-fuer-konzerne-treibt-rechtsentwicklung-voran\/#primaryimage\",\"url\":\"https:\/\/www.deanreed.de\/AmericanRebel\/ak\/wp-content\/uploads\/2026\/03\/ewr67.jpg\",\"contentUrl\":\"https:\/\/www.deanreed.de\/AmericanRebel\/ak\/wp-content\/uploads\/2026\/03\/ewr67.jpg\",\"width\":678,\"height\":381,\"caption\":\"Cem \u00d6zdemir | Foto: Heinrich-B\u00f6ll-Stiftung, CC BY-SA 2.0\"},{\"@type\":\"BreadcrumbList\",\"@id\":\"https:\/\/www.deanreed.de\/AmericanRebel\/ak\/gruene-bleiben-an-der-macht-politik-fuer-konzerne-treibt-rechtsentwicklung-voran\/#breadcrumb\",\"itemListElement\":[{\"@type\":\"ListItem\",\"position\":1,\"name\":\"Startseite\",\"item\":\"https:\/\/www.deanreed.de\/AmericanRebel\/ak\/\"},{\"@type\":\"ListItem\",\"position\":2,\"name\":\"Gr\u00fcne bleiben an der Macht \u2013 Politik f\u00fcr Konzerne treibt Rechtsentwicklung voran\"}]},{\"@type\":\"WebSite\",\"@id\":\"https:\/\/www.deanreed.de\/AmericanRebel\/ak\/#website\",\"url\":\"https:\/\/www.deanreed.de\/AmericanRebel\/ak\/\",\"name\":\"Roter Morgen\",\"description\":\"Der Weg zur Partei\",\"potentialAction\":[{\"@type\":\"SearchAction\",\"target\":{\"@type\":\"EntryPoint\",\"urlTemplate\":\"https:\/\/www.deanreed.de\/AmericanRebel\/ak\/?s={search_term_string}\"},\"query-input\":{\"@type\":\"PropertyValueSpecification\",\"valueRequired\":true,\"valueName\":\"search_term_string\"}}],\"inLanguage\":\"de\"},{\"@type\":\"Person\",\"@id\":\"https:\/\/www.deanreed.de\/AmericanRebel\/ak\/#\/schema\/person\/1735e67eea57aea7611c691f571924c3\",\"name\":\"Redaktion\",\"url\":\"https:\/\/www.deanreed.de\/AmericanRebel\/ak\/author\/redaktion\/\"}]}<\/script>\n<!-- \/ Yoast SEO plugin. -->","yoast_head_json":{"title":"Gr\u00fcne bleiben an der Macht \u2013 Politik f\u00fcr Konzerne treibt Rechtsentwicklung voran - Roter Morgen","robots":{"index":"index","follow":"follow","max-snippet":"max-snippet:-1","max-image-preview":"max-image-preview:large","max-video-preview":"max-video-preview:-1"},"canonical":"https:\/\/www.deanreed.de\/AmericanRebel\/ak\/gruene-bleiben-an-der-macht-politik-fuer-konzerne-treibt-rechtsentwicklung-voran\/","og_locale":"de_DE","og_type":"article","og_title":"Gr\u00fcne bleiben an der Macht \u2013 Politik f\u00fcr Konzerne treibt Rechtsentwicklung voran - Roter Morgen","og_description":"Redaktion RoterMorgen \u2013 10. M\u00e4rz 2026 Bei der Landtagswahl in Baden W\u00fcrttemberg bleiben die Gr\u00fcnen st\u00e4rkste Kraft. Doch hinter dem Wahlsieg steht keine Politik f\u00fcr [...]","og_url":"https:\/\/www.deanreed.de\/AmericanRebel\/ak\/gruene-bleiben-an-der-macht-politik-fuer-konzerne-treibt-rechtsentwicklung-voran\/","og_site_name":"Roter Morgen","article_published_time":"2026-03-10T11:41:58+00:00","article_modified_time":"2026-03-13T17:34:50+00:00","og_image":[{"width":678,"height":381,"url":"https:\/\/www.deanreed.de\/AmericanRebel\/ak\/wp-content\/uploads\/2026\/03\/ewr67.jpg","type":"image\/jpeg"}],"author":"Redaktion","twitter_card":"summary_large_image","twitter_misc":{"Verfasst von":"Redaktion","Gesch\u00e4tzte Lesezeit":"5\u00a0Minuten"},"schema":{"@context":"https:\/\/schema.org","@graph":[{"@type":"WebPage","@id":"https:\/\/www.deanreed.de\/AmericanRebel\/ak\/gruene-bleiben-an-der-macht-politik-fuer-konzerne-treibt-rechtsentwicklung-voran\/","url":"https:\/\/www.deanreed.de\/AmericanRebel\/ak\/gruene-bleiben-an-der-macht-politik-fuer-konzerne-treibt-rechtsentwicklung-voran\/","name":"Gr\u00fcne bleiben an der Macht \u2013 Politik f\u00fcr Konzerne treibt Rechtsentwicklung voran - Roter Morgen","isPartOf":{"@id":"https:\/\/www.deanreed.de\/AmericanRebel\/ak\/#website"},"primaryImageOfPage":{"@id":"https:\/\/www.deanreed.de\/AmericanRebel\/ak\/gruene-bleiben-an-der-macht-politik-fuer-konzerne-treibt-rechtsentwicklung-voran\/#primaryimage"},"image":{"@id":"https:\/\/www.deanreed.de\/AmericanRebel\/ak\/gruene-bleiben-an-der-macht-politik-fuer-konzerne-treibt-rechtsentwicklung-voran\/#primaryimage"},"thumbnailUrl":"https:\/\/www.deanreed.de\/AmericanRebel\/ak\/wp-content\/uploads\/2026\/03\/ewr67.jpg","datePublished":"2026-03-10T11:41:58+00:00","dateModified":"2026-03-13T17:34:50+00:00","author":{"@id":"https:\/\/www.deanreed.de\/AmericanRebel\/ak\/#\/schema\/person\/1735e67eea57aea7611c691f571924c3"},"breadcrumb":{"@id":"https:\/\/www.deanreed.de\/AmericanRebel\/ak\/gruene-bleiben-an-der-macht-politik-fuer-konzerne-treibt-rechtsentwicklung-voran\/#breadcrumb"},"inLanguage":"de","potentialAction":[{"@type":"ReadAction","target":["https:\/\/www.deanreed.de\/AmericanRebel\/ak\/gruene-bleiben-an-der-macht-politik-fuer-konzerne-treibt-rechtsentwicklung-voran\/"]}]},{"@type":"ImageObject","inLanguage":"de","@id":"https:\/\/www.deanreed.de\/AmericanRebel\/ak\/gruene-bleiben-an-der-macht-politik-fuer-konzerne-treibt-rechtsentwicklung-voran\/#primaryimage","url":"https:\/\/www.deanreed.de\/AmericanRebel\/ak\/wp-content\/uploads\/2026\/03\/ewr67.jpg","contentUrl":"https:\/\/www.deanreed.de\/AmericanRebel\/ak\/wp-content\/uploads\/2026\/03\/ewr67.jpg","width":678,"height":381,"caption":"Cem \u00d6zdemir | Foto: Heinrich-B\u00f6ll-Stiftung, CC BY-SA 2.0"},{"@type":"BreadcrumbList","@id":"https:\/\/www.deanreed.de\/AmericanRebel\/ak\/gruene-bleiben-an-der-macht-politik-fuer-konzerne-treibt-rechtsentwicklung-voran\/#breadcrumb","itemListElement":[{"@type":"ListItem","position":1,"name":"Startseite","item":"https:\/\/www.deanreed.de\/AmericanRebel\/ak\/"},{"@type":"ListItem","position":2,"name":"Gr\u00fcne bleiben an der Macht \u2013 Politik f\u00fcr Konzerne treibt Rechtsentwicklung voran"}]},{"@type":"WebSite","@id":"https:\/\/www.deanreed.de\/AmericanRebel\/ak\/#website","url":"https:\/\/www.deanreed.de\/AmericanRebel\/ak\/","name":"Roter Morgen","description":"Der Weg zur Partei","potentialAction":[{"@type":"SearchAction","target":{"@type":"EntryPoint","urlTemplate":"https:\/\/www.deanreed.de\/AmericanRebel\/ak\/?s={search_term_string}"},"query-input":{"@type":"PropertyValueSpecification","valueRequired":true,"valueName":"search_term_string"}}],"inLanguage":"de"},{"@type":"Person","@id":"https:\/\/www.deanreed.de\/AmericanRebel\/ak\/#\/schema\/person\/1735e67eea57aea7611c691f571924c3","name":"Redaktion","url":"https:\/\/www.deanreed.de\/AmericanRebel\/ak\/author\/redaktion\/"}]}},"_links":{"self":[{"href":"https:\/\/www.deanreed.de\/AmericanRebel\/ak\/wp-json\/wp\/v2\/posts\/3575","targetHints":{"allow":["GET"]}}],"collection":[{"href":"https:\/\/www.deanreed.de\/AmericanRebel\/ak\/wp-json\/wp\/v2\/posts"}],"about":[{"href":"https:\/\/www.deanreed.de\/AmericanRebel\/ak\/wp-json\/wp\/v2\/types\/post"}],"author":[{"embeddable":true,"href":"https:\/\/www.deanreed.de\/AmericanRebel\/ak\/wp-json\/wp\/v2\/users\/4"}],"replies":[{"embeddable":true,"href":"https:\/\/www.deanreed.de\/AmericanRebel\/ak\/wp-json\/wp\/v2\/comments?post=3575"}],"version-history":[{"count":8,"href":"https:\/\/www.deanreed.de\/AmericanRebel\/ak\/wp-json\/wp\/v2\/posts\/3575\/revisions"}],"predecessor-version":[{"id":3593,"href":"https:\/\/www.deanreed.de\/AmericanRebel\/ak\/wp-json\/wp\/v2\/posts\/3575\/revisions\/3593"}],"wp:featuredmedia":[{"embeddable":true,"href":"https:\/\/www.deanreed.de\/AmericanRebel\/ak\/wp-json\/wp\/v2\/media\/3576"}],"wp:attachment":[{"href":"https:\/\/www.deanreed.de\/AmericanRebel\/ak\/wp-json\/wp\/v2\/media?parent=3575"}],"wp:term":[{"taxonomy":"category","embeddable":true,"href":"https:\/\/www.deanreed.de\/AmericanRebel\/ak\/wp-json\/wp\/v2\/categories?post=3575"},{"taxonomy":"post_tag","embeddable":true,"href":"https:\/\/www.deanreed.de\/AmericanRebel\/ak\/wp-json\/wp\/v2\/tags?post=3575"}],"curies":[{"name":"wp","href":"https:\/\/api.w.org\/{rel}","templated":true}]}}