{"id":3567,"date":"2026-03-09T13:53:26","date_gmt":"2026-03-09T12:53:26","guid":{"rendered":"https:\/\/www.deanreed.de\/AmericanRebel\/ak\/?p=3567"},"modified":"2026-03-09T14:04:45","modified_gmt":"2026-03-09T13:04:45","slug":"8-maerz-frauenbefreiung-ist-klassenkampf","status":"publish","type":"post","link":"https:\/\/www.deanreed.de\/AmericanRebel\/ak\/8-maerz-frauenbefreiung-ist-klassenkampf\/","title":{"rendered":"8. M\u00e4rz \u2013 Frauenbefreiung ist Klassenkampf"},"content":{"rendered":"<blockquote><p><span style=\"font-size: 12pt; font-family: verdana, geneva, sans-serif;\"><span style=\"color: #808080;\"><em><strong>Redaktion RoterMorgen \u2013 9. M\u00e4rz 2026<\/strong><\/em><\/span><\/span><\/p><\/blockquote>\n<p style=\"text-align: justify;\" data-start=\"48\" data-end=\"504\"><strong><span style=\"font-size: 14pt; font-family: verdana, geneva, sans-serif;\">Am 7. und 8. M\u00e4rz gingen in vielen St\u00e4dten Deutschlands tausende Menschen zum Internationalen Frauenkampftag auf die Stra\u00dfe. Demonstrationen fanden unter anderem in Hamburg, K\u00f6ln, Berlin, Hannover, Leipzig und vielen weiteren St\u00e4dten statt. Themen wie Krieg, soziale Krise, internationale Solidarit\u00e4t und Frauenbefreiung standen im Mittelpunkt. Gleichzeitig kam es an mehreren Orten zu Angriffen von Faschisten sowie zu Polizeigewalt gegen Demonstrierende.<\/span><\/strong><\/p>\n<p style=\"text-align: justify;\" data-start=\"506\" data-end=\"980\"><span style=\"font-size: 14pt; font-family: verdana, geneva, sans-serif;\">Der Internationale Frauenkampftag hat seine Wurzeln in der revolution\u00e4ren Arbeiterbewegung. Vor \u00fcber hundert Jahren wurde er von der deutschen Kommunistin <strong data-start=\"661\" data-end=\"702\"><span class=\"hover:entity-accent entity-underline inline cursor-pointer align-baseline\"><span class=\"whitespace-normal\">Clara Zetkin<\/span><\/span><\/strong> vorgeschlagen. Bereits 1910 brachte sie auf der internationalen Konferenz sozialistischer Frauen die Idee eines gemeinsamen Kampftages der Arbeiterinnen ein. Im Jahr 1921 legte eine internationale Konferenz kommunistischer Frauen schlie\u00dflich den 8. M\u00e4rz als festen Termin fest.<\/span><\/p>\n<figure id=\"attachment_3570\" aria-describedby=\"caption-attachment-3570\" style=\"width: 276px\" class=\"wp-caption alignright\"><img loading=\"lazy\" decoding=\"async\" class=\" wp-image-3570\" src=\"http:\/\/www.deanreed.de\/AmericanRebel\/ak\/wp-content\/uploads\/2026\/03\/a4eabfaf-5d52-4139-b664-5f39a6450f27-200x300.png\" alt=\"\" width=\"276\" height=\"414\" srcset=\"https:\/\/www.deanreed.de\/AmericanRebel\/ak\/wp-content\/uploads\/2026\/03\/a4eabfaf-5d52-4139-b664-5f39a6450f27-200x300.png 200w, https:\/\/www.deanreed.de\/AmericanRebel\/ak\/wp-content\/uploads\/2026\/03\/a4eabfaf-5d52-4139-b664-5f39a6450f27-683x1024.png 683w, https:\/\/www.deanreed.de\/AmericanRebel\/ak\/wp-content\/uploads\/2026\/03\/a4eabfaf-5d52-4139-b664-5f39a6450f27-768x1152.png 768w, https:\/\/www.deanreed.de\/AmericanRebel\/ak\/wp-content\/uploads\/2026\/03\/a4eabfaf-5d52-4139-b664-5f39a6450f27.png 1024w\" sizes=\"auto, (max-width: 276px) 100vw, 276px\" \/><figcaption id=\"caption-attachment-3570\" class=\"wp-caption-text\">Clara Zetkin<\/figcaption><\/figure>\n<p style=\"text-align: justify;\" data-start=\"982\" data-end=\"1337\"><span style=\"font-size: 14pt;\"><span style=\"font-family: verdana, geneva, sans-serif;\">Der 8. M\u00e4rz entstand also nicht als symbolischer Feiertag, sondern als Kampftag der Arbeiterinnen gegen Ausbeutung, Unterdr\u00fcckung und Krieg. Auch wenn sich die rechtliche Lage von Frauen in vielen L\u00e4ndern seitdem verbessert hat, bleibt die grundlegende Ursache der Unterdr\u00fcckung bestehen: das kapitalistische System und das mit ihm verbundene Patriarchat.<br \/>\n<span style=\"font-size: 16pt; color: #ffffff;\">.<\/span><br \/>\n<\/span><strong><span style=\"font-family: verdana, geneva, sans-serif;\">Tausende auf den Stra\u00dfen<\/span><\/strong><\/span><\/p>\n<p style=\"text-align: justify;\" data-start=\"1369\" data-end=\"1619\"><span style=\"font-size: 14pt; font-family: verdana, geneva, sans-serif;\">In Hamburg beteiligten sich am Nachmittag \u00fcber 15.000 Menschen an einer Demonstration. Gefordert wurden unter anderem ein Stopp der Aufr\u00fcstung, bessere und verl\u00e4ssliche Betreuung f\u00fcr Kinder und Pflegebed\u00fcrftige sowie eine menschenw\u00fcrdige Asylpolitik.<\/span><\/p>\n<p style=\"text-align: justify;\" data-start=\"1621\" data-end=\"2044\"><span style=\"font-size: 14pt; font-family: verdana, geneva, sans-serif;\">Auch in Hannover gingen \u00fcber 10.000 Menschen unter dem Motto \u201eWir k\u00e4mpfen bis wir frei sind\u201c auf die Stra\u00dfe. In K\u00f6ln beteiligten sich rund 18.000 Menschen an einer Demonstration am Nachmittag des 8. M\u00e4rz. In Berlin nahmen zun\u00e4chst \u00fcber 30.000 Menschen an einer Demonstration des Deutschen Gewerkschaftsbundes teil. Am Abend zogen mehrere tausend Menschen bei einer revolution\u00e4ren Demonstration durch Kreuzberg und Neuk\u00f6lln.<\/span><\/p>\n<p style=\"text-align: justify;\" data-start=\"2046\" data-end=\"2214\"><span style=\"font-size: 14pt; font-family: verdana, geneva, sans-serif;\">Viele Veranstaltungen zeigten deutlich: F\u00fcr immer mehr Menschen geh\u00f6rt der Kampf f\u00fcr Frauenrechte untrennbar zum Kampf gegen Krieg, soziale Ungleichheit und Ausbeutung.<br \/>\n<span style=\"color: #ffffff; font-size: 16pt;\">.<\/span><br \/>\n<\/span><strong><span style=\"font-size: 14pt; font-family: verdana, geneva, sans-serif;\">Internationalistische Solidarit\u00e4t<\/span><\/strong><\/p>\n<p style=\"text-align: justify;\" data-start=\"2255\" data-end=\"2705\"><span style=\"font-size: 14pt; font-family: verdana, geneva, sans-serif;\">Ein wichtiger Bestandteil vieler Demonstrationen war die internationale Solidarit\u00e4t. Auf zahlreichen Kundgebungen wurde die Freilassung der deutschen Journalistin <strong data-start=\"2418\" data-end=\"2459\"><span class=\"hover:entity-accent entity-underline inline cursor-pointer align-baseline\"><span class=\"whitespace-normal\">Eva Michelmann<\/span><\/span><\/strong> gefordert. Sie wurde zusammen mit ihrem Kollegen Ahmed Polad in der syrischen Stadt <strong data-start=\"2544\" data-end=\"2585\"><span class=\"hover:entity-accent entity-underline inline cursor-pointer align-baseline\"><span class=\"whitespace-normal\">Ar-Raqqa<\/span><\/span><\/strong> entf\u00fchrt, als beide \u00fcber Angriffe auf die kurdische Region <strong data-start=\"2645\" data-end=\"2686\"><span class=\"hover:entity-accent entity-underline inline cursor-pointer align-baseline\"><span class=\"whitespace-normal\">Rojava<\/span><\/span><\/strong> berichten wollten.<\/span><\/p>\n<p style=\"text-align: justify;\" data-start=\"2707\" data-end=\"3053\"><span style=\"font-size: 14pt; font-family: verdana, geneva, sans-serif;\">Die Verteidigung der Frauenrevolution in Rojava spielte auf vielen Demonstrationen eine wichtige Rolle. In Frankfurt formierte sich ein revolution\u00e4rer Block unter der kurdischen Parole \u201eJin, Jiyan, Azad\u00ee\u201c \u2013 \u201eFrau, Leben, Freiheit\u201c. Transparente verbanden den Kampf der Frauen in Kurdistan mit den K\u00e4mpfen in Pal\u00e4stina und anderen Teilen der Welt.<\/span><\/p>\n<p style=\"text-align: justify;\" data-start=\"3055\" data-end=\"3416\"><span style=\"font-size: 14pt; font-family: verdana, geneva, sans-serif;\">Auch in Wuppertal stand der internationale Charakter des Frauenkampfes im Mittelpunkt. Dort beteiligten sich etwa 150 Menschen an einer Demonstration, bei der kurdische, pal\u00e4stinensische und iranische Frauen Redebeitr\u00e4ge hielten. Unter der Parole \u201eFrauen k\u00e4mpfen international gegen Faschismus, Krieg und Kapital\u201c zog der Demonstrationszug durch die Innenstadt.<\/span><\/p>\n<p style=\"text-align: justify;\" data-start=\"3418\" data-end=\"3632\"><span style=\"font-size: 14pt; font-family: verdana, geneva, sans-serif;\">Diese internationalistische Perspektive geh\u00f6rt seit jeher zum marxistisch-leninistischen Verst\u00e4ndnis des Frauenkampfes: Die Befreiung der Frau kann nur weltweit und gemeinsam mit der Arbeiterklasse erreicht werden.<br \/>\n<span style=\"color: #ffffff; font-size: 16pt;\">.<\/span><br \/>\n<\/span><strong><span style=\"font-size: 14pt; font-family: verdana, geneva, sans-serif;\">Angriffe von Faschisten<\/span><\/strong><\/p>\n<p style=\"text-align: justify;\" data-start=\"3663\" data-end=\"3993\"><span style=\"font-size: 14pt; font-family: verdana, geneva, sans-serif;\">In mehreren St\u00e4dten kam es zu Angriffen durch Faschisten. In Freiburg wurde eine sozialistische Demonstration am Abend des 7. M\u00e4rz mehrfach gest\u00f6rt. W\u00e4hrend der Abschlusskundgebung bel\u00e4stigten mehrere M\u00e4nner Teilnehmerinnen und Teilnehmer, beleidigten sie als \u201eZecken\u201c, wurden handgreiflich und zeigten schlie\u00dflich den Hitlergru\u00df.<\/span><\/p>\n<p style=\"text-align: justify;\" data-start=\"3995\" data-end=\"4170\"><span style=\"font-size: 14pt; font-family: verdana, geneva, sans-serif;\">Die anwesende Polizei griff zun\u00e4chst nicht ein. Eine Rednerin erkl\u00e4rte sp\u00e4ter, solche Vorf\u00e4lle zeigten, warum der Kampf gegen Faschismus und Frauenfeindlichkeit notwendig sei.<\/span><\/p>\n<p style=\"text-align: justify;\" data-start=\"4172\" data-end=\"4406\"><span style=\"font-size: 14pt; font-family: verdana, geneva, sans-serif;\">Auch in Halle (Saale) kam es zu Provokationen durch Faschisten. Zwei M\u00e4nner beschimpften eine Demonstration mit etwa 100 Teilnehmern frauenfeindlich und zeigten ebenfalls den Hitlergru\u00df. Sie wurden sp\u00e4ter von der Polizei festgenommen.<br \/>\n<span style=\"color: #ffffff; font-size: 16pt;\">.<\/span><br \/>\n<\/span><strong><span style=\"font-size: 14pt; font-family: verdana, geneva, sans-serif;\">Polizeigewalt gegen Demonstrierende<\/span><\/strong><\/p>\n<p style=\"text-align: justify;\" data-start=\"4449\" data-end=\"4777\"><span style=\"font-size: 14pt; font-family: verdana, geneva, sans-serif;\">Neben faschistischen Angriffen kam es auch zu Polizeigewalt. In Halle hielten Polizisten nach dem Ende einer Demonstration mehrere abreisende Teilnehmer fest. Dabei wurden Menschen gegen eine Stra\u00dfenbahn gedr\u00fcckt. Als Demonstrierende Solidarit\u00e4t zeigten und eine spontane Kundgebung bildeten, riefen sie: \u201eDu bist nicht allein!\u201c<\/span><\/p>\n<p style=\"text-align: justify;\" data-start=\"4779\" data-end=\"5154\"><span style=\"font-size: 14pt; font-family: verdana, geneva, sans-serif;\">Auch bei einer Demonstration in Freiburg am 8. M\u00e4rz mit \u00fcber 2.000 Teilnehmern griff die Polizei ein, nachdem von einem Geb\u00e4ude ein Transparent entrollt worden war. Demonstrierende stellten sich solidarisch um die Betroffenen. Die Polizei setzte daraufhin Pfefferspray ein, schubste Menschen und schlug mit F\u00e4usten zu. Eine Person wurde am Nacken festgehalten und geschlagen.<\/span><\/p>\n<p style=\"text-align: justify;\" data-start=\"5156\" data-end=\"5367\"><span style=\"font-size: 14pt; font-family: verdana, geneva, sans-serif;\">Solche Vorf\u00e4lle zeigen f\u00fcr viele Teilnehmer erneut, dass der Staat nicht neutral ist. Aus marxistisch-leninistischer Sicht dient er in erster Linie der Aufrechterhaltung der bestehenden kapitalistischen Ordnung.<br \/>\n<span style=\"font-size: 16pt; color: #ffffff;\">.<\/span><br \/>\n<\/span><strong><span style=\"font-size: 14pt; font-family: verdana, geneva, sans-serif;\">Frauenkampf und Klassenkampf<\/span><\/strong><\/p>\n<p style=\"text-align: justify;\" data-start=\"5403\" data-end=\"5761\"><span style=\"font-size: 14pt; font-family: verdana, geneva, sans-serif;\">In vielen St\u00e4dten verbanden sozialistische und kommunistische Gruppen den Frauenkampftag ausdr\u00fccklich mit klassenk\u00e4mpferischen Forderungen. In Leipzig riefen mehrere Organisationen zu einer revolution\u00e4ren Demonstration auf, an der \u00fcber 400 Menschen teilnahmen. Dort wurde die Parole gerufen: \u201eDieser Staat sch\u00fctzt mich nicht, meine Schwestern sch\u00fctzen mich.\u201c<\/span><\/p>\n<p style=\"text-align: justify;\" data-start=\"5763\" data-end=\"5993\"><span style=\"font-size: 14pt; font-family: verdana, geneva, sans-serif;\">Auch in Rosenheim gingen Revolution\u00e4re unter dem Motto \u201eWir k\u00f6nnen uns nur selbst befreien\u201c auf die Stra\u00dfe. Sie betonten, dass echte Gleichberechtigung nur durch eine grundlegende Ver\u00e4nderung der Gesellschaft erreicht werden kann.<\/span><\/p>\n<p style=\"text-align: justify;\" data-start=\"5995\" data-end=\"6413\"><span style=\"font-size: 14pt; font-family: verdana, geneva, sans-serif;\">Aus marxistisch-leninistischer Sicht ist die Unterdr\u00fcckung der Frau eng mit der Klassenherrschaft verbunden. Kapitalismus und Patriarchat st\u00fctzen sich gegenseitig: Frauen leisten oft schlecht bezahlte Arbeit, \u00fcbernehmen einen gro\u00dfen Teil der unbezahlten Haus- und Pflegearbeit und sind besonders stark von Armut betroffen. Gleichzeitig werden ihre Rechte immer wieder angegriffen, wenn wirtschaftliche Krisen zunehmen.<br \/>\n<span style=\"color: #ffffff; font-size: 16pt;\">.<\/span><br \/>\n<\/span><strong><span style=\"font-size: 14pt; font-family: verdana, geneva, sans-serif;\">Der Kampf geht weiter<\/span><\/strong><\/p>\n<p style=\"text-align: justify;\" data-start=\"6442\" data-end=\"6636\"><span style=\"font-size: 14pt; font-family: verdana, geneva, sans-serif;\">Zum Abschluss des Frauenkampftages wurden in mehreren St\u00e4dten Frauenstreiks angek\u00fcndigt. F\u00fcr den 9. M\u00e4rz waren weitere Kundgebungen und Demonstrationen geplant, unter anderem in K\u00f6ln und Berlin.<\/span><\/p>\n<p style=\"text-align: justify;\" data-start=\"6638\" data-end=\"6943\"><span style=\"font-size: 14pt; font-family: verdana, geneva, sans-serif;\">Der 8. M\u00e4rz bleibt damit ein Tag des Widerstands und der Solidarit\u00e4t. F\u00fcr Marxisten-Leninisten ist klar: Die Befreiung der Frau kann nicht vollst\u00e4ndig innerhalb des kapitalistischen Systems erreicht werden. Sie ist Teil des gemeinsamen Kampfes der Arbeiterklasse gegen Ausbeutung, Krieg und Unterdr\u00fcckung.<\/span><\/p>\n<p style=\"text-align: justify;\" data-start=\"6945\" data-end=\"7154\" data-is-last-node=\"\" data-is-only-node=\"\"><strong><span style=\"font-size: 14pt; font-family: verdana, geneva, sans-serif;\">Der Internationale Frauenkampftag erinnert deshalb jedes Jahr daran, dass echte Gleichberechtigung nur durch gesellschaftliche Ver\u00e4nderung m\u00f6glich ist \u2013 durch Solidarit\u00e4t, Organisation und gemeinsamen Kampf.<\/span><\/strong><\/p>\n<p style=\"text-align: justify;\" data-start=\"6945\" data-end=\"7154\" data-is-last-node=\"\" data-is-only-node=\"\"><span style=\"font-family: verdana, geneva, sans-serif; font-size: 14pt; color: #000000;\"><span style=\"font-size: 16pt; color: #ffffff;\">.<\/span><br \/>\n<\/span><span style=\"font-family: verdana, geneva, sans-serif; font-size: 12pt; color: #000000;\">Eine Weiterver\u00f6ffentlichung des Textes ist gem\u00e4\u00df einer <a style=\"color: #000000;\" href=\"https:\/\/creativecommons.org\/licenses\/by-nc-sa\/4.0\/deed.de\">Creative Commons 4.0 International Lizenz<\/a> ausdr\u00fccklich erw\u00fcnscht. (Unter gleichen Bedingungen: unkommerziell, Nennung der <a style=\"color: #000000;\" href=\"http:\/\/derwegzurpartei.de\/\">verlinkten Quelle<\/a> (\u00bbRoter Morgen\u00ab) mit Erscheinungsdatum).<\/span><\/p>\n<p>&nbsp;<\/p>\n","protected":false},"excerpt":{"rendered":"<div class=\"mh-excerpt\"><p>Redaktion RoterMorgen \u2013 9. M\u00e4rz 2026 Am 7. und 8. M\u00e4rz gingen in vielen St\u00e4dten Deutschlands tausende Menschen zum Internationalen Frauenkampftag auf die Stra\u00dfe. Demonstrationen <a class=\"mh-excerpt-more\" href=\"https:\/\/www.deanreed.de\/AmericanRebel\/ak\/8-maerz-frauenbefreiung-ist-klassenkampf\/\" title=\"8. M\u00e4rz \u2013 Frauenbefreiung ist Klassenkampf\">[&#8230;]<\/a><\/p>\n<\/div>","protected":false},"author":4,"featured_media":3568,"comment_status":"open","ping_status":"open","sticky":false,"template":"","format":"standard","meta":{"footnotes":""},"categories":[1],"tags":[827,830,828,826,829,552,457,483,524],"class_list":["post-3567","post","type-post","status-publish","format-standard","has-post-thumbnail","hentry","category-allgemein","tag-8maerz","tag-arbeiterbewegung","tag-frauenbefreiung","tag-frauenkampftag","tag-gegenkriegundfaschismus","tag-rotermorgen","tag-internationalismus","tag-klassenkampf","tag-solidaritaet"],"yoast_head":"<!-- This site is optimized with the Yoast SEO plugin v26.2 - https:\/\/yoast.com\/wordpress\/plugins\/seo\/ -->\n<title>8. M\u00e4rz \u2013 Frauenbefreiung ist Klassenkampf - Roter Morgen<\/title>\n<meta name=\"robots\" content=\"index, follow, max-snippet:-1, max-image-preview:large, max-video-preview:-1\" \/>\n<link rel=\"canonical\" href=\"https:\/\/www.deanreed.de\/AmericanRebel\/ak\/8-maerz-frauenbefreiung-ist-klassenkampf\/\" \/>\n<meta property=\"og:locale\" content=\"de_DE\" \/>\n<meta property=\"og:type\" content=\"article\" \/>\n<meta property=\"og:title\" content=\"8. M\u00e4rz \u2013 Frauenbefreiung ist Klassenkampf - Roter Morgen\" \/>\n<meta property=\"og:description\" content=\"Redaktion RoterMorgen \u2013 9. M\u00e4rz 2026 Am 7. und 8. M\u00e4rz gingen in vielen St\u00e4dten Deutschlands tausende Menschen zum Internationalen Frauenkampftag auf die Stra\u00dfe. Demonstrationen [...]\" \/>\n<meta property=\"og:url\" content=\"https:\/\/www.deanreed.de\/AmericanRebel\/ak\/8-maerz-frauenbefreiung-ist-klassenkampf\/\" \/>\n<meta property=\"og:site_name\" content=\"Roter Morgen\" \/>\n<meta property=\"article:published_time\" content=\"2026-03-09T12:53:26+00:00\" \/>\n<meta property=\"article:modified_time\" content=\"2026-03-09T13:04:45+00:00\" \/>\n<meta property=\"og:image\" content=\"https:\/\/www.deanreed.de\/AmericanRebel\/ak\/wp-content\/uploads\/2026\/03\/jkoo.jpg\" \/>\n\t<meta property=\"og:image:width\" content=\"678\" \/>\n\t<meta property=\"og:image:height\" content=\"380\" \/>\n\t<meta property=\"og:image:type\" content=\"image\/jpeg\" \/>\n<meta name=\"author\" content=\"Redaktion\" \/>\n<meta name=\"twitter:card\" content=\"summary_large_image\" \/>\n<meta name=\"twitter:label1\" content=\"Verfasst von\" \/>\n\t<meta name=\"twitter:data1\" content=\"Redaktion\" \/>\n\t<meta name=\"twitter:label2\" content=\"Gesch\u00e4tzte Lesezeit\" \/>\n\t<meta name=\"twitter:data2\" content=\"6\u00a0Minuten\" \/>\n<script type=\"application\/ld+json\" class=\"yoast-schema-graph\">{\"@context\":\"https:\/\/schema.org\",\"@graph\":[{\"@type\":\"WebPage\",\"@id\":\"https:\/\/www.deanreed.de\/AmericanRebel\/ak\/8-maerz-frauenbefreiung-ist-klassenkampf\/\",\"url\":\"https:\/\/www.deanreed.de\/AmericanRebel\/ak\/8-maerz-frauenbefreiung-ist-klassenkampf\/\",\"name\":\"8. M\u00e4rz \u2013 Frauenbefreiung ist Klassenkampf - Roter Morgen\",\"isPartOf\":{\"@id\":\"https:\/\/www.deanreed.de\/AmericanRebel\/ak\/#website\"},\"primaryImageOfPage\":{\"@id\":\"https:\/\/www.deanreed.de\/AmericanRebel\/ak\/8-maerz-frauenbefreiung-ist-klassenkampf\/#primaryimage\"},\"image\":{\"@id\":\"https:\/\/www.deanreed.de\/AmericanRebel\/ak\/8-maerz-frauenbefreiung-ist-klassenkampf\/#primaryimage\"},\"thumbnailUrl\":\"https:\/\/www.deanreed.de\/AmericanRebel\/ak\/wp-content\/uploads\/2026\/03\/jkoo.jpg\",\"datePublished\":\"2026-03-09T12:53:26+00:00\",\"dateModified\":\"2026-03-09T13:04:45+00:00\",\"author\":{\"@id\":\"https:\/\/www.deanreed.de\/AmericanRebel\/ak\/#\/schema\/person\/1735e67eea57aea7611c691f571924c3\"},\"breadcrumb\":{\"@id\":\"https:\/\/www.deanreed.de\/AmericanRebel\/ak\/8-maerz-frauenbefreiung-ist-klassenkampf\/#breadcrumb\"},\"inLanguage\":\"de\",\"potentialAction\":[{\"@type\":\"ReadAction\",\"target\":[\"https:\/\/www.deanreed.de\/AmericanRebel\/ak\/8-maerz-frauenbefreiung-ist-klassenkampf\/\"]}]},{\"@type\":\"ImageObject\",\"inLanguage\":\"de\",\"@id\":\"https:\/\/www.deanreed.de\/AmericanRebel\/ak\/8-maerz-frauenbefreiung-ist-klassenkampf\/#primaryimage\",\"url\":\"https:\/\/www.deanreed.de\/AmericanRebel\/ak\/wp-content\/uploads\/2026\/03\/jkoo.jpg\",\"contentUrl\":\"https:\/\/www.deanreed.de\/AmericanRebel\/ak\/wp-content\/uploads\/2026\/03\/jkoo.jpg\",\"width\":678,\"height\":380,\"caption\":\"Leipzig 8. M\u00e4rz 2026 | Perspektive Online, CC BY-NC-SA 4.0\"},{\"@type\":\"BreadcrumbList\",\"@id\":\"https:\/\/www.deanreed.de\/AmericanRebel\/ak\/8-maerz-frauenbefreiung-ist-klassenkampf\/#breadcrumb\",\"itemListElement\":[{\"@type\":\"ListItem\",\"position\":1,\"name\":\"Startseite\",\"item\":\"https:\/\/www.deanreed.de\/AmericanRebel\/ak\/\"},{\"@type\":\"ListItem\",\"position\":2,\"name\":\"8. M\u00e4rz \u2013 Frauenbefreiung ist Klassenkampf\"}]},{\"@type\":\"WebSite\",\"@id\":\"https:\/\/www.deanreed.de\/AmericanRebel\/ak\/#website\",\"url\":\"https:\/\/www.deanreed.de\/AmericanRebel\/ak\/\",\"name\":\"Roter Morgen\",\"description\":\"Der Weg zur Partei\",\"potentialAction\":[{\"@type\":\"SearchAction\",\"target\":{\"@type\":\"EntryPoint\",\"urlTemplate\":\"https:\/\/www.deanreed.de\/AmericanRebel\/ak\/?s={search_term_string}\"},\"query-input\":{\"@type\":\"PropertyValueSpecification\",\"valueRequired\":true,\"valueName\":\"search_term_string\"}}],\"inLanguage\":\"de\"},{\"@type\":\"Person\",\"@id\":\"https:\/\/www.deanreed.de\/AmericanRebel\/ak\/#\/schema\/person\/1735e67eea57aea7611c691f571924c3\",\"name\":\"Redaktion\",\"url\":\"https:\/\/www.deanreed.de\/AmericanRebel\/ak\/author\/redaktion\/\"}]}<\/script>\n<!-- \/ Yoast SEO plugin. -->","yoast_head_json":{"title":"8. M\u00e4rz \u2013 Frauenbefreiung ist Klassenkampf - Roter Morgen","robots":{"index":"index","follow":"follow","max-snippet":"max-snippet:-1","max-image-preview":"max-image-preview:large","max-video-preview":"max-video-preview:-1"},"canonical":"https:\/\/www.deanreed.de\/AmericanRebel\/ak\/8-maerz-frauenbefreiung-ist-klassenkampf\/","og_locale":"de_DE","og_type":"article","og_title":"8. M\u00e4rz \u2013 Frauenbefreiung ist Klassenkampf - Roter Morgen","og_description":"Redaktion RoterMorgen \u2013 9. M\u00e4rz 2026 Am 7. und 8. M\u00e4rz gingen in vielen St\u00e4dten Deutschlands tausende Menschen zum Internationalen Frauenkampftag auf die Stra\u00dfe. Demonstrationen [...]","og_url":"https:\/\/www.deanreed.de\/AmericanRebel\/ak\/8-maerz-frauenbefreiung-ist-klassenkampf\/","og_site_name":"Roter Morgen","article_published_time":"2026-03-09T12:53:26+00:00","article_modified_time":"2026-03-09T13:04:45+00:00","og_image":[{"width":678,"height":380,"url":"https:\/\/www.deanreed.de\/AmericanRebel\/ak\/wp-content\/uploads\/2026\/03\/jkoo.jpg","type":"image\/jpeg"}],"author":"Redaktion","twitter_card":"summary_large_image","twitter_misc":{"Verfasst von":"Redaktion","Gesch\u00e4tzte Lesezeit":"6\u00a0Minuten"},"schema":{"@context":"https:\/\/schema.org","@graph":[{"@type":"WebPage","@id":"https:\/\/www.deanreed.de\/AmericanRebel\/ak\/8-maerz-frauenbefreiung-ist-klassenkampf\/","url":"https:\/\/www.deanreed.de\/AmericanRebel\/ak\/8-maerz-frauenbefreiung-ist-klassenkampf\/","name":"8. M\u00e4rz \u2013 Frauenbefreiung ist Klassenkampf - Roter Morgen","isPartOf":{"@id":"https:\/\/www.deanreed.de\/AmericanRebel\/ak\/#website"},"primaryImageOfPage":{"@id":"https:\/\/www.deanreed.de\/AmericanRebel\/ak\/8-maerz-frauenbefreiung-ist-klassenkampf\/#primaryimage"},"image":{"@id":"https:\/\/www.deanreed.de\/AmericanRebel\/ak\/8-maerz-frauenbefreiung-ist-klassenkampf\/#primaryimage"},"thumbnailUrl":"https:\/\/www.deanreed.de\/AmericanRebel\/ak\/wp-content\/uploads\/2026\/03\/jkoo.jpg","datePublished":"2026-03-09T12:53:26+00:00","dateModified":"2026-03-09T13:04:45+00:00","author":{"@id":"https:\/\/www.deanreed.de\/AmericanRebel\/ak\/#\/schema\/person\/1735e67eea57aea7611c691f571924c3"},"breadcrumb":{"@id":"https:\/\/www.deanreed.de\/AmericanRebel\/ak\/8-maerz-frauenbefreiung-ist-klassenkampf\/#breadcrumb"},"inLanguage":"de","potentialAction":[{"@type":"ReadAction","target":["https:\/\/www.deanreed.de\/AmericanRebel\/ak\/8-maerz-frauenbefreiung-ist-klassenkampf\/"]}]},{"@type":"ImageObject","inLanguage":"de","@id":"https:\/\/www.deanreed.de\/AmericanRebel\/ak\/8-maerz-frauenbefreiung-ist-klassenkampf\/#primaryimage","url":"https:\/\/www.deanreed.de\/AmericanRebel\/ak\/wp-content\/uploads\/2026\/03\/jkoo.jpg","contentUrl":"https:\/\/www.deanreed.de\/AmericanRebel\/ak\/wp-content\/uploads\/2026\/03\/jkoo.jpg","width":678,"height":380,"caption":"Leipzig 8. M\u00e4rz 2026 | Perspektive Online, CC BY-NC-SA 4.0"},{"@type":"BreadcrumbList","@id":"https:\/\/www.deanreed.de\/AmericanRebel\/ak\/8-maerz-frauenbefreiung-ist-klassenkampf\/#breadcrumb","itemListElement":[{"@type":"ListItem","position":1,"name":"Startseite","item":"https:\/\/www.deanreed.de\/AmericanRebel\/ak\/"},{"@type":"ListItem","position":2,"name":"8. M\u00e4rz \u2013 Frauenbefreiung ist Klassenkampf"}]},{"@type":"WebSite","@id":"https:\/\/www.deanreed.de\/AmericanRebel\/ak\/#website","url":"https:\/\/www.deanreed.de\/AmericanRebel\/ak\/","name":"Roter Morgen","description":"Der Weg zur Partei","potentialAction":[{"@type":"SearchAction","target":{"@type":"EntryPoint","urlTemplate":"https:\/\/www.deanreed.de\/AmericanRebel\/ak\/?s={search_term_string}"},"query-input":{"@type":"PropertyValueSpecification","valueRequired":true,"valueName":"search_term_string"}}],"inLanguage":"de"},{"@type":"Person","@id":"https:\/\/www.deanreed.de\/AmericanRebel\/ak\/#\/schema\/person\/1735e67eea57aea7611c691f571924c3","name":"Redaktion","url":"https:\/\/www.deanreed.de\/AmericanRebel\/ak\/author\/redaktion\/"}]}},"_links":{"self":[{"href":"https:\/\/www.deanreed.de\/AmericanRebel\/ak\/wp-json\/wp\/v2\/posts\/3567","targetHints":{"allow":["GET"]}}],"collection":[{"href":"https:\/\/www.deanreed.de\/AmericanRebel\/ak\/wp-json\/wp\/v2\/posts"}],"about":[{"href":"https:\/\/www.deanreed.de\/AmericanRebel\/ak\/wp-json\/wp\/v2\/types\/post"}],"author":[{"embeddable":true,"href":"https:\/\/www.deanreed.de\/AmericanRebel\/ak\/wp-json\/wp\/v2\/users\/4"}],"replies":[{"embeddable":true,"href":"https:\/\/www.deanreed.de\/AmericanRebel\/ak\/wp-json\/wp\/v2\/comments?post=3567"}],"version-history":[{"count":5,"href":"https:\/\/www.deanreed.de\/AmericanRebel\/ak\/wp-json\/wp\/v2\/posts\/3567\/revisions"}],"predecessor-version":[{"id":3574,"href":"https:\/\/www.deanreed.de\/AmericanRebel\/ak\/wp-json\/wp\/v2\/posts\/3567\/revisions\/3574"}],"wp:featuredmedia":[{"embeddable":true,"href":"https:\/\/www.deanreed.de\/AmericanRebel\/ak\/wp-json\/wp\/v2\/media\/3568"}],"wp:attachment":[{"href":"https:\/\/www.deanreed.de\/AmericanRebel\/ak\/wp-json\/wp\/v2\/media?parent=3567"}],"wp:term":[{"taxonomy":"category","embeddable":true,"href":"https:\/\/www.deanreed.de\/AmericanRebel\/ak\/wp-json\/wp\/v2\/categories?post=3567"},{"taxonomy":"post_tag","embeddable":true,"href":"https:\/\/www.deanreed.de\/AmericanRebel\/ak\/wp-json\/wp\/v2\/tags?post=3567"}],"curies":[{"name":"wp","href":"https:\/\/api.w.org\/{rel}","templated":true}]}}