{"id":3447,"date":"2025-10-14T01:10:42","date_gmt":"2025-10-13T23:10:42","guid":{"rendered":"https:\/\/www.deanreed.de\/AmericanRebel\/ak\/?p=3447"},"modified":"2025-10-15T01:16:37","modified_gmt":"2025-10-14T23:16:37","slug":"naechste-runde-der-rachejustiz-budapest-prozess-gegen-sieben-antifas-ab-4-november","status":"publish","type":"post","link":"https:\/\/www.deanreed.de\/AmericanRebel\/ak\/naechste-runde-der-rachejustiz-budapest-prozess-gegen-sieben-antifas-ab-4-november\/","title":{"rendered":"N\u00e4chste Runde der Rachejustiz: Budapest-Prozess gegen sieben Antifas ab 4. November"},"content":{"rendered":"<blockquote><p><span style=\"font-size: 12pt; font-family: verdana, geneva, sans-serif;\"><span style=\"color: #808080;\"><em><strong>Bundesvorstand Rote Hilfe e.V. \u2013 14. Oktober 2025<\/strong><br \/>\n<\/em><\/span><\/span><\/p><\/blockquote>\n<p style=\"text-align: justify;\"><strong><span style=\"color: #000000; font-size: 14pt; font-family: verdana, geneva, sans-serif;\">Ab dem 4. November stehen sieben Aktivisten im Zusammenhang mit dem sogenannten \u201eBudapest-Komplex\u201c und dem Antifa-Ost-Verfahren vor dem <span class=\"caps\">OLG<\/span> Dresden. Die Anklage st\u00fctzt sich auf konstruierte Vorw\u00fcrfe, vage Indizien und politische Deutungsmuster \u2013 und markiert einen weiteren H\u00f6hepunkt staatlicher Repressionspolitik gegen antifaschistisches\u00a0Engagement.<\/span><\/strong><\/p>\n<p style=\"text-align: justify;\"><span style=\"color: #000000; font-size: 14pt; font-family: verdana, geneva, sans-serif;\">In wenigen Wochen startet der zweite Prozess vor einem deutschen Gericht im sogenannten Budapest-Komplex: Ab dem 4. November 2025 findet die Hauptverhandlung gegen sieben Antifaschisten vor dem Oberlandesgericht (<span class=\"caps\">OLG<\/span>) Dresden statt. Zus\u00e4tzlich zu den Vorf\u00e4llen in Budapest 2023 enth\u00e4lt die Anklageschrift noch Vorw\u00fcrfe aus dem sogenannten Antifa-Ost-Komplex.<\/span><\/p>\n<p style=\"text-align: justify;\"><span style=\"color: #000000; font-size: 14pt; font-family: verdana, geneva, sans-serif;\">Konkret geht es in der jetzigen Anklage in Dresden zum einen um den Budapest-Komplex, eine seit nunmehr zweieinhalb Jahren andauernde internationale Hetzjagd auf Antifaschisten. Im Februar 2023 fand in Budapest der europaweit gr\u00f6\u00dfte <span class=\"caps\">NS<\/span>-verherrlichende Nazi-Aufmarsch \u201eTag der Ehre\u201c statt, der vom ungarischen Staat wohlwollend geduldet, aber jedes Jahr von antifaschistischen Gegenprotesten begleitet wird. Am Rand der Veranstaltung kam es zu k\u00f6rperlichen Auseinandersetzungen, bei denen mehrere Nazis verletzt wurden. Seitdem f\u00fchren ungarische und deutsche Beh\u00f6rden eine gemeinsame Verfolgungsoffensive gegen Antifaschist*innen mit zahlreichen Verhaftungen, Prozessen und Verurteilungen zu hohen Haftstrafen.<\/span><\/p>\n<p style=\"text-align: justify;\"><span style=\"color: #000000; font-size: 14pt; font-family: verdana, geneva, sans-serif;\">Zum anderen werden k\u00f6rperliche Auseinandersetzungen aus verschiedenen s\u00e4chsischen und th\u00fcringischen St\u00e4dten angef\u00fchrt, die die staatlichen Beh\u00f6rden als Antifa-Ost-Komplex verfolgen. Auch hier waren in den letzten Jahren bereits mehrere Antifaschist*innen zu mehrj\u00e4hrigen Gef\u00e4ngnisstrafen verurteilt worden, darunter Lina zu f\u00fcnf Jahren und drei Monaten.<\/span><\/p>\n<p style=\"text-align: justify;\"><span style=\"color: #000000; font-size: 14pt; font-family: verdana, geneva, sans-serif;\">Im Mittelpunkt der Anklage gegen Johann, Paul, Henry, Tobias, Thomas, Melissa und Julian vor dem sogenannten Staatsschutzsenat des <span class=\"caps\">OLG<\/span> Dresden steht erneut die staatliche Konstruktion einer \u201ekriminellen Vereinigung\u201c nach \u00a7 129 StGB. Dieser Gummiparagraf wird staatlicherseits gerne bem\u00fcht, um linke Strukturen zu durchleuchten und zu kriminalisieren, indem bereits politische Vernetzung und pers\u00f6nliche Kontakte Aktivist*innen zu Verd\u00e4chtigen machen. Hinzu kommen noch weitere Vorw\u00fcrfe wie gef\u00e4hrliche K\u00f6rperverletzung, Sachbesch\u00e4digung, Diebstahl und weitere, die meist nur einzelnen Angeklagten zur Last gelegt werden, aber den Prozess zeitlich und finanziell aufbl\u00e4hen. Und erneut bringt die Bundesanwaltschaft gleich mehrfach den absurden Vorwurf des versuchten Mordes ein, obwohl sie damit im Prozess gegen Hanna eine klare Niederlage erlitten hat \u2013 abgesehen davon, dass die Zust\u00e4ndigkeit der Bundesanwaltschaft und damit auch die eines <span class=\"caps\">OLG<\/span> f\u00fcr diese k\u00f6rperliche Auseinandersetzungen im Ausland ohnehin sehr umstritten ist.<\/span><\/p>\n<p style=\"text-align: justify;\"><span style=\"color: #000000; font-size: 14pt; font-family: verdana, geneva, sans-serif;\">Das Pilotverfahren gegen die N\u00fcrnberger Aktivistin gab in vielerlei Hinsicht die Gangart vor: Vor allem wurde deutlich, dass die Justiz keine stichhaltigen Beweise ben\u00f6tigt, um langj\u00e4hrige Haftstrafen gegen Antifaschist*innen zu verh\u00e4ngen und daf\u00fcr auch vor der Verwertung ungarischer \u201eGerichtsergebnisse\u201c nicht zur\u00fcckschreckt. Am 26. September 2025 hatte das <span class=\"caps\">OLG<\/span> M\u00fcnchen Hanna zu f\u00fcnf Jahren Gef\u00e4ngnis verurteilt \u2013 und das, obwohl es nur widerspr\u00fcchliche Indizien und unwissenschaftliche \u201eGutachten\u201c gab.<\/span><\/p>\n<p style=\"text-align: justify;\"><span style=\"color: #000000; font-size: 14pt; font-family: verdana, geneva, sans-serif;\">Im Prozess gegen Johann, Paul, Henry, Tobias, Thomas, Melissa und Julian vor dem <span class=\"caps\">OLG<\/span> Dresden sind bereits rund 70 Verhandlungstage bis Juli 2026 terminiert, rund 60 weitere sollen sich bis Sommer 2027 anschlie\u00dfen. Damit verspricht es einer der umfangreichsten Gro\u00dfprozesse gegen Antifaschisten seit Jahrzehnten zu werden. Zus\u00e4tzlich wird f\u00fcr die kommenden Monate der Prozessauftakt gegen weitere sechs Antifaschist*innen vor dem <span class=\"caps\">OLG<\/span> D\u00fcsseldorf erwartet, die hier vor allem im Zusammenhang mit dem Budapest-Komplex verfolgt werden. Dar\u00fcber hinaus drohen die Beh\u00f6rden auch gegen Menschen als Unterst\u00fctzer vorzugehen, die sie verd\u00e4chtigen, sich illegal solidarisch gezeigt zu haben.<\/span><\/p>\n<blockquote>\n<p style=\"text-align: justify;\"><span style=\"color: #000000; font-size: 14pt; font-family: verdana, geneva, sans-serif;\">\u201eDie Justizmaschinerie l\u00e4uft auf Hochtouren, sperrt immer neue Aktivisten ein und zerrt sie vor Gericht, um die antifaschistische Bewegung einzusch\u00fcchtern\u201c, erkl\u00e4rte Hartmut Br\u00fcckner vom Bundesvorstand der Roten Hilfe e. V. \u201eDie Zahl der Antifaschist*innen in deutschen Gef\u00e4ngnissen hat einen neuen H\u00f6chststand erreicht. Damit sendet der Staat ein deutliches Signal: Engagierter Antifaschismus, der \u00fcber Lippenbekenntnisse hinausgeht, wird unnachsichtig verfolgt. In seiner Repressionsoffensive n\u00e4hert sich die Bundesregierung der Riege rechter Regierungen weltweit an, die Antifaschismus per se verbieten wollen.\u201c Abschlie\u00dfend erg\u00e4nzte er: \u201eUmso n\u00f6tiger ist Solidarit\u00e4t f\u00fcr die Betroffenen: Wir als Rote Hilfe e. V. stehen an der Seite der Angeklagten und fordern die sofortige Freilassung aller gefangenen Antifas! Wir sind alle Antifa!\u201c<\/span><\/p>\n<\/blockquote>\n<p>&nbsp;<\/p>\n<p style=\"text-align: center;\">_____________________________________________________<\/p>\n<div class=\"row\">\n<div class=\"col-xs-22 offset-xs-1 offset-sm-4 col-sm-16 mb-xs-2 mb-md-5\">\n<div class=\"body-type\">\n<p style=\"text-align: justify;\"><strong><span style=\"font-size: 14pt; color: #000000; font-family: verdana, geneva, sans-serif;\">Solidarit\u00e4t verbindet<\/span><\/strong><\/p>\n<p style=\"text-align: justify;\"><span style=\"font-size: 14pt; color: #000000; font-family: verdana, geneva, sans-serif;\"><img loading=\"lazy\" decoding=\"async\" class=\"size-full wp-image-3454 alignleft\" src=\"http:\/\/www.deanreed.de\/AmericanRebel\/ak\/wp-content\/uploads\/2025\/10\/e34rb-1.jpg\" alt=\"\" width=\"200\" height=\"200\" srcset=\"https:\/\/www.deanreed.de\/AmericanRebel\/ak\/wp-content\/uploads\/2025\/10\/e34rb-1.jpg 200w, https:\/\/www.deanreed.de\/AmericanRebel\/ak\/wp-content\/uploads\/2025\/10\/e34rb-1-150x150.jpg 150w\" sizes=\"auto, (max-width: 200px) 100vw, 200px\" \/>Die Rote Hilfe <span class=\"abbr\">e.\u202fV.<\/span> setzt sich aus Personen zusammen, die sich alle der politischen Linken zugeh\u00f6rig f\u00fchlen. Wir sind <strong>politisch und finanziell unabh\u00e4ngig<\/strong>, arbeiten <strong>str\u00f6mungs\u00fcbergreifend<\/strong> zusammen und haben ein pluralistisches Selbstverst\u00e4ndnis. Unser Anspruch ist es, im Fall von staatlicher Repression gegen Einzelne oder die linke Bewegung insgesamt t\u00e4tig zu werden und Solidarit\u00e4t zu organisieren. Bei allen m\u00f6glichen Differenzen innerhalb der Linken: <strong>Im Fall von Angriffen stehen wir zusammen!<\/strong><\/span><\/p>\n<p style=\"text-align: justify;\"><a href=\"https:\/\/rote-hilfe.de\/ueber-uns\/wer-ist-die-rote-hilfe\" target=\"_blank\" rel=\"noopener\"><span style=\"font-size: 14pt; color: #000000; font-family: verdana, geneva, sans-serif;\">weiter &gt;&gt;&gt;&gt;<\/span><\/a><\/p>\n<\/div>\n<\/div>\n<\/div>\n<p>&nbsp;<\/p>\n","protected":false},"excerpt":{"rendered":"<div class=\"mh-excerpt\"><p>Bundesvorstand Rote Hilfe e.V. \u2013 14. Oktober 2025 Ab dem 4. November stehen sieben Aktivisten im Zusammenhang mit dem sogenannten \u201eBudapest-Komplex\u201c und dem Antifa-Ost-Verfahren vor <a class=\"mh-excerpt-more\" href=\"https:\/\/www.deanreed.de\/AmericanRebel\/ak\/naechste-runde-der-rachejustiz-budapest-prozess-gegen-sieben-antifas-ab-4-november\/\" title=\"N\u00e4chste Runde der Rachejustiz: Budapest-Prozess gegen sieben Antifas ab 4. November\">[&#8230;]<\/a><\/p>\n<\/div>","protected":false},"author":4,"featured_media":3448,"comment_status":"open","ping_status":"open","sticky":false,"template":"","format":"standard","meta":{"footnotes":""},"categories":[1],"tags":[768,767,771,772,769,773,552,732,770],"class_list":["post-3447","post","type-post","status-publish","format-standard","has-post-thumbnail","hentry","category-allgemein","tag-antifaost","tag-budapestkomplex","tag-freiheitfuerantifas","tag-keinekriminalisierungvonantifaschismus","tag-olgdresden","tag-rotehilfe","tag-rotermorgen","tag-solidaritaetstattrepression","tag-stopptrepression"],"yoast_head":"<!-- This site is optimized with the Yoast SEO plugin v26.2 - https:\/\/yoast.com\/wordpress\/plugins\/seo\/ -->\n<title>N\u00e4chste Runde der Rachejustiz: Budapest-Prozess gegen sieben Antifas ab 4. November - Roter Morgen<\/title>\n<meta name=\"robots\" content=\"index, follow, max-snippet:-1, max-image-preview:large, max-video-preview:-1\" \/>\n<link rel=\"canonical\" href=\"https:\/\/www.deanreed.de\/AmericanRebel\/ak\/naechste-runde-der-rachejustiz-budapest-prozess-gegen-sieben-antifas-ab-4-november\/\" \/>\n<meta property=\"og:locale\" content=\"de_DE\" \/>\n<meta property=\"og:type\" content=\"article\" \/>\n<meta property=\"og:title\" content=\"N\u00e4chste Runde der Rachejustiz: Budapest-Prozess gegen sieben Antifas ab 4. November - Roter Morgen\" \/>\n<meta property=\"og:description\" content=\"Bundesvorstand Rote Hilfe e.V. \u2013 14. Oktober 2025 Ab dem 4. November stehen sieben Aktivisten im Zusammenhang mit dem sogenannten \u201eBudapest-Komplex\u201c und dem Antifa-Ost-Verfahren vor [...]\" \/>\n<meta property=\"og:url\" content=\"https:\/\/www.deanreed.de\/AmericanRebel\/ak\/naechste-runde-der-rachejustiz-budapest-prozess-gegen-sieben-antifas-ab-4-november\/\" \/>\n<meta property=\"og:site_name\" content=\"Roter Morgen\" \/>\n<meta property=\"article:published_time\" content=\"2025-10-13T23:10:42+00:00\" \/>\n<meta property=\"article:modified_time\" content=\"2025-10-14T23:16:37+00:00\" \/>\n<meta property=\"og:image\" content=\"https:\/\/www.deanreed.de\/AmericanRebel\/ak\/wp-content\/uploads\/2025\/10\/Rote-Hilfe-NEWs.png\" \/>\n\t<meta property=\"og:image:width\" content=\"678\" \/>\n\t<meta property=\"og:image:height\" content=\"381\" \/>\n\t<meta property=\"og:image:type\" content=\"image\/png\" \/>\n<meta name=\"author\" content=\"Redaktion\" \/>\n<meta name=\"twitter:card\" content=\"summary_large_image\" \/>\n<meta name=\"twitter:label1\" content=\"Verfasst von\" \/>\n\t<meta name=\"twitter:data1\" content=\"Redaktion\" \/>\n\t<meta name=\"twitter:label2\" content=\"Gesch\u00e4tzte Lesezeit\" \/>\n\t<meta name=\"twitter:data2\" content=\"4\u00a0Minuten\" \/>\n<script type=\"application\/ld+json\" class=\"yoast-schema-graph\">{\"@context\":\"https:\/\/schema.org\",\"@graph\":[{\"@type\":\"WebPage\",\"@id\":\"https:\/\/www.deanreed.de\/AmericanRebel\/ak\/naechste-runde-der-rachejustiz-budapest-prozess-gegen-sieben-antifas-ab-4-november\/\",\"url\":\"https:\/\/www.deanreed.de\/AmericanRebel\/ak\/naechste-runde-der-rachejustiz-budapest-prozess-gegen-sieben-antifas-ab-4-november\/\",\"name\":\"N\u00e4chste Runde der Rachejustiz: Budapest-Prozess gegen sieben Antifas ab 4. November - Roter Morgen\",\"isPartOf\":{\"@id\":\"https:\/\/www.deanreed.de\/AmericanRebel\/ak\/#website\"},\"primaryImageOfPage\":{\"@id\":\"https:\/\/www.deanreed.de\/AmericanRebel\/ak\/naechste-runde-der-rachejustiz-budapest-prozess-gegen-sieben-antifas-ab-4-november\/#primaryimage\"},\"image\":{\"@id\":\"https:\/\/www.deanreed.de\/AmericanRebel\/ak\/naechste-runde-der-rachejustiz-budapest-prozess-gegen-sieben-antifas-ab-4-november\/#primaryimage\"},\"thumbnailUrl\":\"https:\/\/www.deanreed.de\/AmericanRebel\/ak\/wp-content\/uploads\/2025\/10\/Rote-Hilfe-NEWs.png\",\"datePublished\":\"2025-10-13T23:10:42+00:00\",\"dateModified\":\"2025-10-14T23:16:37+00:00\",\"author\":{\"@id\":\"https:\/\/www.deanreed.de\/AmericanRebel\/ak\/#\/schema\/person\/1735e67eea57aea7611c691f571924c3\"},\"breadcrumb\":{\"@id\":\"https:\/\/www.deanreed.de\/AmericanRebel\/ak\/naechste-runde-der-rachejustiz-budapest-prozess-gegen-sieben-antifas-ab-4-november\/#breadcrumb\"},\"inLanguage\":\"de\",\"potentialAction\":[{\"@type\":\"ReadAction\",\"target\":[\"https:\/\/www.deanreed.de\/AmericanRebel\/ak\/naechste-runde-der-rachejustiz-budapest-prozess-gegen-sieben-antifas-ab-4-november\/\"]}]},{\"@type\":\"ImageObject\",\"inLanguage\":\"de\",\"@id\":\"https:\/\/www.deanreed.de\/AmericanRebel\/ak\/naechste-runde-der-rachejustiz-budapest-prozess-gegen-sieben-antifas-ab-4-november\/#primaryimage\",\"url\":\"https:\/\/www.deanreed.de\/AmericanRebel\/ak\/wp-content\/uploads\/2025\/10\/Rote-Hilfe-NEWs.png\",\"contentUrl\":\"https:\/\/www.deanreed.de\/AmericanRebel\/ak\/wp-content\/uploads\/2025\/10\/Rote-Hilfe-NEWs.png\",\"width\":678,\"height\":381},{\"@type\":\"BreadcrumbList\",\"@id\":\"https:\/\/www.deanreed.de\/AmericanRebel\/ak\/naechste-runde-der-rachejustiz-budapest-prozess-gegen-sieben-antifas-ab-4-november\/#breadcrumb\",\"itemListElement\":[{\"@type\":\"ListItem\",\"position\":1,\"name\":\"Startseite\",\"item\":\"https:\/\/www.deanreed.de\/AmericanRebel\/ak\/\"},{\"@type\":\"ListItem\",\"position\":2,\"name\":\"N\u00e4chste Runde der Rachejustiz: Budapest-Prozess gegen sieben Antifas ab 4. November\"}]},{\"@type\":\"WebSite\",\"@id\":\"https:\/\/www.deanreed.de\/AmericanRebel\/ak\/#website\",\"url\":\"https:\/\/www.deanreed.de\/AmericanRebel\/ak\/\",\"name\":\"Roter Morgen\",\"description\":\"Der Weg zur Partei\",\"potentialAction\":[{\"@type\":\"SearchAction\",\"target\":{\"@type\":\"EntryPoint\",\"urlTemplate\":\"https:\/\/www.deanreed.de\/AmericanRebel\/ak\/?s={search_term_string}\"},\"query-input\":{\"@type\":\"PropertyValueSpecification\",\"valueRequired\":true,\"valueName\":\"search_term_string\"}}],\"inLanguage\":\"de\"},{\"@type\":\"Person\",\"@id\":\"https:\/\/www.deanreed.de\/AmericanRebel\/ak\/#\/schema\/person\/1735e67eea57aea7611c691f571924c3\",\"name\":\"Redaktion\",\"url\":\"https:\/\/www.deanreed.de\/AmericanRebel\/ak\/author\/redaktion\/\"}]}<\/script>\n<!-- \/ Yoast SEO plugin. -->","yoast_head_json":{"title":"N\u00e4chste Runde der Rachejustiz: Budapest-Prozess gegen sieben Antifas ab 4. November - Roter Morgen","robots":{"index":"index","follow":"follow","max-snippet":"max-snippet:-1","max-image-preview":"max-image-preview:large","max-video-preview":"max-video-preview:-1"},"canonical":"https:\/\/www.deanreed.de\/AmericanRebel\/ak\/naechste-runde-der-rachejustiz-budapest-prozess-gegen-sieben-antifas-ab-4-november\/","og_locale":"de_DE","og_type":"article","og_title":"N\u00e4chste Runde der Rachejustiz: Budapest-Prozess gegen sieben Antifas ab 4. November - Roter Morgen","og_description":"Bundesvorstand Rote Hilfe e.V. \u2013 14. Oktober 2025 Ab dem 4. November stehen sieben Aktivisten im Zusammenhang mit dem sogenannten \u201eBudapest-Komplex\u201c und dem Antifa-Ost-Verfahren vor [...]","og_url":"https:\/\/www.deanreed.de\/AmericanRebel\/ak\/naechste-runde-der-rachejustiz-budapest-prozess-gegen-sieben-antifas-ab-4-november\/","og_site_name":"Roter Morgen","article_published_time":"2025-10-13T23:10:42+00:00","article_modified_time":"2025-10-14T23:16:37+00:00","og_image":[{"width":678,"height":381,"url":"https:\/\/www.deanreed.de\/AmericanRebel\/ak\/wp-content\/uploads\/2025\/10\/Rote-Hilfe-NEWs.png","type":"image\/png"}],"author":"Redaktion","twitter_card":"summary_large_image","twitter_misc":{"Verfasst von":"Redaktion","Gesch\u00e4tzte Lesezeit":"4\u00a0Minuten"},"schema":{"@context":"https:\/\/schema.org","@graph":[{"@type":"WebPage","@id":"https:\/\/www.deanreed.de\/AmericanRebel\/ak\/naechste-runde-der-rachejustiz-budapest-prozess-gegen-sieben-antifas-ab-4-november\/","url":"https:\/\/www.deanreed.de\/AmericanRebel\/ak\/naechste-runde-der-rachejustiz-budapest-prozess-gegen-sieben-antifas-ab-4-november\/","name":"N\u00e4chste Runde der Rachejustiz: Budapest-Prozess gegen sieben Antifas ab 4. November - Roter Morgen","isPartOf":{"@id":"https:\/\/www.deanreed.de\/AmericanRebel\/ak\/#website"},"primaryImageOfPage":{"@id":"https:\/\/www.deanreed.de\/AmericanRebel\/ak\/naechste-runde-der-rachejustiz-budapest-prozess-gegen-sieben-antifas-ab-4-november\/#primaryimage"},"image":{"@id":"https:\/\/www.deanreed.de\/AmericanRebel\/ak\/naechste-runde-der-rachejustiz-budapest-prozess-gegen-sieben-antifas-ab-4-november\/#primaryimage"},"thumbnailUrl":"https:\/\/www.deanreed.de\/AmericanRebel\/ak\/wp-content\/uploads\/2025\/10\/Rote-Hilfe-NEWs.png","datePublished":"2025-10-13T23:10:42+00:00","dateModified":"2025-10-14T23:16:37+00:00","author":{"@id":"https:\/\/www.deanreed.de\/AmericanRebel\/ak\/#\/schema\/person\/1735e67eea57aea7611c691f571924c3"},"breadcrumb":{"@id":"https:\/\/www.deanreed.de\/AmericanRebel\/ak\/naechste-runde-der-rachejustiz-budapest-prozess-gegen-sieben-antifas-ab-4-november\/#breadcrumb"},"inLanguage":"de","potentialAction":[{"@type":"ReadAction","target":["https:\/\/www.deanreed.de\/AmericanRebel\/ak\/naechste-runde-der-rachejustiz-budapest-prozess-gegen-sieben-antifas-ab-4-november\/"]}]},{"@type":"ImageObject","inLanguage":"de","@id":"https:\/\/www.deanreed.de\/AmericanRebel\/ak\/naechste-runde-der-rachejustiz-budapest-prozess-gegen-sieben-antifas-ab-4-november\/#primaryimage","url":"https:\/\/www.deanreed.de\/AmericanRebel\/ak\/wp-content\/uploads\/2025\/10\/Rote-Hilfe-NEWs.png","contentUrl":"https:\/\/www.deanreed.de\/AmericanRebel\/ak\/wp-content\/uploads\/2025\/10\/Rote-Hilfe-NEWs.png","width":678,"height":381},{"@type":"BreadcrumbList","@id":"https:\/\/www.deanreed.de\/AmericanRebel\/ak\/naechste-runde-der-rachejustiz-budapest-prozess-gegen-sieben-antifas-ab-4-november\/#breadcrumb","itemListElement":[{"@type":"ListItem","position":1,"name":"Startseite","item":"https:\/\/www.deanreed.de\/AmericanRebel\/ak\/"},{"@type":"ListItem","position":2,"name":"N\u00e4chste Runde der Rachejustiz: Budapest-Prozess gegen sieben Antifas ab 4. November"}]},{"@type":"WebSite","@id":"https:\/\/www.deanreed.de\/AmericanRebel\/ak\/#website","url":"https:\/\/www.deanreed.de\/AmericanRebel\/ak\/","name":"Roter Morgen","description":"Der Weg zur Partei","potentialAction":[{"@type":"SearchAction","target":{"@type":"EntryPoint","urlTemplate":"https:\/\/www.deanreed.de\/AmericanRebel\/ak\/?s={search_term_string}"},"query-input":{"@type":"PropertyValueSpecification","valueRequired":true,"valueName":"search_term_string"}}],"inLanguage":"de"},{"@type":"Person","@id":"https:\/\/www.deanreed.de\/AmericanRebel\/ak\/#\/schema\/person\/1735e67eea57aea7611c691f571924c3","name":"Redaktion","url":"https:\/\/www.deanreed.de\/AmericanRebel\/ak\/author\/redaktion\/"}]}},"_links":{"self":[{"href":"https:\/\/www.deanreed.de\/AmericanRebel\/ak\/wp-json\/wp\/v2\/posts\/3447","targetHints":{"allow":["GET"]}}],"collection":[{"href":"https:\/\/www.deanreed.de\/AmericanRebel\/ak\/wp-json\/wp\/v2\/posts"}],"about":[{"href":"https:\/\/www.deanreed.de\/AmericanRebel\/ak\/wp-json\/wp\/v2\/types\/post"}],"author":[{"embeddable":true,"href":"https:\/\/www.deanreed.de\/AmericanRebel\/ak\/wp-json\/wp\/v2\/users\/4"}],"replies":[{"embeddable":true,"href":"https:\/\/www.deanreed.de\/AmericanRebel\/ak\/wp-json\/wp\/v2\/comments?post=3447"}],"version-history":[{"count":6,"href":"https:\/\/www.deanreed.de\/AmericanRebel\/ak\/wp-json\/wp\/v2\/posts\/3447\/revisions"}],"predecessor-version":[{"id":3455,"href":"https:\/\/www.deanreed.de\/AmericanRebel\/ak\/wp-json\/wp\/v2\/posts\/3447\/revisions\/3455"}],"wp:featuredmedia":[{"embeddable":true,"href":"https:\/\/www.deanreed.de\/AmericanRebel\/ak\/wp-json\/wp\/v2\/media\/3448"}],"wp:attachment":[{"href":"https:\/\/www.deanreed.de\/AmericanRebel\/ak\/wp-json\/wp\/v2\/media?parent=3447"}],"wp:term":[{"taxonomy":"category","embeddable":true,"href":"https:\/\/www.deanreed.de\/AmericanRebel\/ak\/wp-json\/wp\/v2\/categories?post=3447"},{"taxonomy":"post_tag","embeddable":true,"href":"https:\/\/www.deanreed.de\/AmericanRebel\/ak\/wp-json\/wp\/v2\/tags?post=3447"}],"curies":[{"name":"wp","href":"https:\/\/api.w.org\/{rel}","templated":true}]}}