{"id":3233,"date":"2025-08-28T14:30:33","date_gmt":"2025-08-28T12:30:33","guid":{"rendered":"https:\/\/www.deanreed.de\/AmericanRebel\/ak\/?p=3233"},"modified":"2025-08-28T15:33:11","modified_gmt":"2025-08-28T13:33:11","slug":"wehrpflicht-unter-imperialistischer-flagge-kein-dienst-fuer-die-nato-sondern-fuer-den-klassenkampf","status":"publish","type":"post","link":"https:\/\/www.deanreed.de\/AmericanRebel\/ak\/wehrpflicht-unter-imperialistischer-flagge-kein-dienst-fuer-die-nato-sondern-fuer-den-klassenkampf\/","title":{"rendered":"Wehrpflicht unter imperialistischer Flagge: Kein Dienst f\u00fcr die NATO \u2013 sondern f\u00fcr den Klassenkampf!"},"content":{"rendered":"<blockquote><p><span style=\"font-size: 12pt; font-family: verdana, geneva, sans-serif;\"><span style=\"color: #808080;\"><em><strong>Redaktion DerRevolution\u00e4r \u2013 28. August 2025<\/strong><br \/>\n<\/em><\/span><\/span><\/p><\/blockquote>\n<p style=\"text-align: justify;\"><span style=\"font-size: 14pt;\"><strong><span style=\"font-family: verdana, geneva, sans-serif; color: #800000;\"><br \/>\nDie Bundeswehr r\u00fcstet auf \u2013 gegen wen?<\/span><\/strong><\/span><\/p>\n<p style=\"text-align: justify;\"><span style=\"font-size: 14pt;\"><strong><span style=\"font-family: verdana, geneva, sans-serif; color: #000000;\">W\u00e4hrend Kanzler Merz und Verteidigungsminister Pistorius Hand in Hand marschieren, macht sich der deutsche Imperialismus bereit zur n\u00e4chsten Runde der Kriegsvorbereitung. Offiziell nennt sich das Ganze \u201eNeuer Wehrdienst\u201c, doch dahinter verbirgt sich eine gro\u00dfangelegte Rekrutierungsoffensive zur Sicherung deutscher Gro\u00dfmachtinteressen im Rahmen von NATO und EU. 80.000 zus\u00e4tzliche Soldaten sollen her \u2013 nicht etwa zur Landesverteidigung, sondern zur imperialistischen Kriegf\u00fchrung weltweit.<br \/>\n<\/span><\/strong><span style=\"font-family: verdana, geneva, sans-serif; color: #000000;\"><span style=\"color: #ffffff;\">.<\/span><\/span><strong><span style=\"font-family: verdana, geneva, sans-serif; color: #000000;\"><br \/>\n<\/span><\/strong><\/span><span style=\"font-family: verdana, geneva, sans-serif; font-size: 14pt; color: #000000;\"><strong>Freiwilligkeit als Tarnung \u2013<br \/>\nZwangsdienst als Perspektive<\/strong><\/span><\/p>\n<p style=\"text-align: justify;\"><span style=\"font-family: verdana, geneva, sans-serif; font-size: 14pt; color: #000000;\">Zun\u00e4chst soll ein Fragebogen an alle 18-j\u00e4hrigen M\u00e4nner geschickt werden, um deren \u201eInteresse\u201c am Dienst in der Bundeswehr zu ermitteln. Frauen d\u00fcrfen ihn \u201efreiwillig\u201c ausf\u00fcllen. Doch schon ab 2028 soll es eine verpflichtende Musterung geben \u2013 ein Generalangriff auf die Jugend, unter dem Vorwand \u201eSicherheit\u201c und \u201eVerantwortung\u201c. Die Bourgeoisie braucht Kanonenfutter \u2013 und hat l\u00e4ngst erkannt, dass ihr imperialistischer Kurs mit Freiwilligen allein nicht durchzusetzen ist.<br \/>\n<span style=\"color: #ffffff; font-size: 16pt;\">.<\/span><br \/>\n<strong>Proletarische Jugend, erlernt das Waffenhandwerk \u2013<br \/>\naber gegen wen?<\/strong><\/span><\/p>\n<p style=\"text-align: justify;\"><span style=\"font-family: verdana, geneva, sans-serif; font-size: 14pt; color: #000000;\">Wir Kommunisten stehen nicht prinzipiell gegen den milit\u00e4rischen Drill. Im Gegenteil: Die marxistisch-leninistische Bewegung hat immer betont, dass die Arbeiterklasse in der Lage sein muss, sich gegen die Gewalt der herrschenden Klasse zu verteidigen. Unsere Parole lautet deshalb: <em>\u201eProletarische Jugend, erlernt das Waffenhandwerk!\u201c<\/em> \u2013 nicht im Dienst der NATO, sondern im Dienst der Revolution!<\/span><\/p>\n<p style=\"text-align: justify;\"><span style=\"font-family: verdana, geneva, sans-serif; font-size: 14pt; color: #000000;\">Denn eines ist klar: Wird die Arbeiterklasse in Bewegung kommen, wird der kapitalistische Staat nicht z\u00f6gern, jeden Aufstand blutig niederzuschlagen. Die Bourgeoisie wird ihre Macht nicht freiwillig aufgeben. Jede ernsthafte revolution\u00e4re Bewegung muss daher wissen, wie mit Waffen umzugehen ist. Doch daf\u00fcr brauchen wir keine Bundeswehr, sondern eine revolution\u00e4re Ausbildung unter proletarischer Kontrolle.<br \/>\n<\/span><span style=\"font-family: verdana, geneva, sans-serif; font-size: 14pt; color: #000000;\"><span style=\"font-size: 16pt; color: #ffffff;\">.<\/span><br \/>\n<strong>Die Bundeswehr \u2013 Durchsetzt von Faschisten,<br \/>\ngest\u00fctzt von Sozialdemokraten<\/strong><\/span><\/p>\n<p style=\"text-align: justify;\"><span style=\"font-family: verdana, geneva, sans-serif; font-size: 14pt; color: #000000;\">W\u00e4hrend Pistorius von \u201eVerantwortung\u201c spricht, kommen immer neue Enth\u00fcllungen \u00fcber rechtsextreme Netzwerke innerhalb der Bundeswehr ans Licht. 97 Soldaten wurden allein 2024 wegen rechtsextremer Aktivit\u00e4ten entlassen \u2013 vermutlich nur die Spitze des Eisbergs. Einige dieser M\u00e4nner hatten Zugang zu Waffen, arbeiteten als Ausbilder. Der b\u00fcrgerliche Staat spricht von \u201eEinzelf\u00e4llen\u201c, doch wir wissen: Es ist System. Der Reaktion\u00e4r im Tarnanzug geh\u00f6rt l\u00e4ngst zum Kernbestand der deutschen Armee.<\/span><\/p>\n<p style=\"text-align: justify;\"><span style=\"font-family: verdana, geneva, sans-serif; font-size: 14pt; color: #000000;\">Und was macht die SPD? Sie liefert die Stimmen, um diesen Moloch weiter aufzur\u00fcsten \u2013 w\u00e4hrend die CDU den Kurs bestimmt. Wer heute noch glaubt, zwischen Sozialdemokratie und b\u00fcrgerlicher Rechten g\u00e4be es einen grundlegenden Unterschied, verkennt die Realit\u00e4t: Es ist eine Einheitsfront des Imperialismus, der sich gegen das eigene Volk richtet.<br \/>\n<span style=\"color: #ffffff; font-size: 16pt;\">.<\/span><br \/>\n<strong>Wir sagen Nein:<br \/>\nKein Soldat f\u00fcr die Kapitalistenklasse!<\/strong><\/span><\/p>\n<p style=\"text-align: justify;\"><span style=\"font-family: verdana, geneva, sans-serif; font-size: 14pt; color: #000000;\">Die Kommunisten lehnen den neuen Wehrdienst entschieden ab \u2013 nicht weil sie Pazifisten w\u00e4ren, sondern weil sie wissen, wem dieser Dienst gilt. Die Bundeswehr k\u00e4mpft nicht f\u00fcr das Volk, sondern f\u00fcr Profite. Sie verteidigt nicht die Heimat, sondern die Interessen von R\u00fcstungskonzernen, Banken und Monopolen. Ihre Auslandseins\u00e4tze in Mali, am Horn von Afrika oder im Baltikum zeigen, worum es geht: Zugriff auf Rohstoffe, Handelsrouten und geopolitische Einflusszonen.<br \/>\n<span style=\"font-size: 16pt; color: #ffffff;\">.<\/span><br \/>\n<strong>Die Alternative: Roter Klassenkampf<br \/>\nstatt schwarz-rot-olivgr\u00fcner Zwangsrekrutierung<\/strong><\/span><\/p>\n<p style=\"text-align: justify;\"><span style=\"font-family: verdana, geneva, sans-serif; font-size: 14pt; color: #000000;\">Was wir brauchen, ist nicht mehr Bundeswehr, sondern mehr Klassenbewusstsein! Die Jugend muss nicht zum Befehlsempf\u00e4nger imperialistischer Kriegsherren werden \u2013 sondern zur Avantgarde des revolution\u00e4ren Kampfes gegen Kapital und Staat.<\/span><\/p>\n<p style=\"text-align: justify;\"><span style=\"font-family: verdana, geneva, sans-serif; font-size: 14pt; color: #000000;\">Wir rufen die revolution\u00e4re Jugend auf:<\/span><\/p>\n<ul style=\"text-align: justify;\">\n<li><span style=\"font-family: verdana, geneva, sans-serif; font-size: 14pt; color: #000000;\"><strong>Verweigert den Dienst f\u00fcr NATO und BRD-Imperialismus!<\/strong><\/span><\/li>\n<li><span style=\"font-family: verdana, geneva, sans-serif; font-size: 14pt; color: #000000;\"><strong>Bildet euch politisch und technisch \u2013 lernt, wie man sich organisiert!<\/strong><\/span><\/li>\n<li><span style=\"font-family: verdana, geneva, sans-serif; font-size: 14pt; color: #000000;\"><strong>Verbindet antimilitaristischen Widerstand mit dem Aufbau einer revolution\u00e4ren Bewegung!<\/strong><\/span><\/li>\n<\/ul>\n<p style=\"text-align: justify;\"><span style=\"font-family: verdana, geneva, sans-serif; font-size: 14pt; color: #000000;\"><span style=\"font-size: 10pt; color: #ffffff;\">.<\/span><br \/>\nDenn:<\/span><\/p>\n<blockquote><p><span style=\"font-family: verdana, geneva, sans-serif; font-size: 14pt; color: #000000;\"><strong><em>Nur der Sturz des Kapitalismus bringt Frieden \u2013 alles andere ist T\u00e4uschung.<\/em><\/strong><\/span><\/p><\/blockquote>\n<p style=\"text-align: justify;\"><span style=\"font-family: verdana, geneva, sans-serif; font-size: 14pt; color: #000000;\"><strong>Kampf dem imperialistischen Wehrdienst! <\/strong><\/span><\/p>\n<p style=\"text-align: justify;\"><span style=\"font-family: verdana, geneva, sans-serif; font-size: 14pt; color: #000000;\"><strong>Krieg dem imperialistischen Krieg \u2013 Hoch die internationale Solidarit\u00e4t! <\/strong><\/span><\/p>\n<p style=\"text-align: justify;\"><span style=\"font-family: verdana, geneva, sans-serif; font-size: 14pt; color: #000000;\"><strong>F\u00fcr eine sozialistische Zukunft ohne Ausbeutung, Krieg und Unterdr\u00fcckung!<\/strong><\/span><\/p>\n<p style=\"text-align: justify;\" align=\"justify\"><span style=\"font-size: 14pt; font-family: verdana, geneva, sans-serif; color: #000000;\"><br \/>\n<span style=\"font-size: 18pt; color: #ffffff;\">.<\/span><br \/>\n<span style=\"font-size: 12pt;\">Dieser Artikel erschien erstmals heute auf <a href=\"https:\/\/www.der-revolutionaer.de\/\" target=\"_blank\" rel=\"noopener\">DerRevolution\u00e4r<\/a>, wir danken de Redaktionsgenossen f\u00fcr ihre gute Arbeit.<\/span><\/span><\/p>\n<p>&nbsp;<\/p>\n","protected":false},"excerpt":{"rendered":"<div class=\"mh-excerpt\"><p>Redaktion DerRevolution\u00e4r \u2013 28. August 2025 Die Bundeswehr r\u00fcstet auf \u2013 gegen wen? W\u00e4hrend Kanzler Merz und Verteidigungsminister Pistorius Hand in Hand marschieren, macht sich <a class=\"mh-excerpt-more\" href=\"https:\/\/www.deanreed.de\/AmericanRebel\/ak\/wehrpflicht-unter-imperialistischer-flagge-kein-dienst-fuer-die-nato-sondern-fuer-den-klassenkampf\/\" title=\"Wehrpflicht unter imperialistischer Flagge: Kein Dienst f\u00fcr die NATO \u2013 sondern f\u00fcr den Klassenkampf!\">[&#8230;]<\/a><\/p>\n<\/div>","protected":false},"author":4,"featured_media":3234,"comment_status":"open","ping_status":"open","sticky":false,"template":"","format":"standard","meta":{"footnotes":""},"categories":[1],"tags":[671,555,653,672,573,552,670,483,537],"class_list":["post-3233","post","type-post","status-publish","format-standard","has-post-thumbnail","hentry","category-allgemein","tag-antimilitarismus","tag-bundeswehr","tag-imperialismus","tag-jugendkaempft","tag-nato","tag-rotermorgen","tag-wehrdienst","tag-klassenkampf","tag-revolution"],"yoast_head":"<!-- This site is optimized with the Yoast SEO plugin v26.2 - https:\/\/yoast.com\/wordpress\/plugins\/seo\/ -->\n<title>Wehrpflicht unter imperialistischer Flagge: Kein Dienst f\u00fcr die NATO \u2013 sondern f\u00fcr den Klassenkampf! - Roter Morgen<\/title>\n<meta name=\"robots\" content=\"index, follow, max-snippet:-1, max-image-preview:large, max-video-preview:-1\" \/>\n<link rel=\"canonical\" href=\"https:\/\/www.deanreed.de\/AmericanRebel\/ak\/wehrpflicht-unter-imperialistischer-flagge-kein-dienst-fuer-die-nato-sondern-fuer-den-klassenkampf\/\" \/>\n<meta property=\"og:locale\" content=\"de_DE\" \/>\n<meta property=\"og:type\" content=\"article\" \/>\n<meta property=\"og:title\" content=\"Wehrpflicht unter imperialistischer Flagge: Kein Dienst f\u00fcr die NATO \u2013 sondern f\u00fcr den Klassenkampf! - Roter Morgen\" \/>\n<meta property=\"og:description\" content=\"Redaktion DerRevolution\u00e4r \u2013 28. August 2025 Die Bundeswehr r\u00fcstet auf \u2013 gegen wen? W\u00e4hrend Kanzler Merz und Verteidigungsminister Pistorius Hand in Hand marschieren, macht sich [...]\" \/>\n<meta property=\"og:url\" content=\"https:\/\/www.deanreed.de\/AmericanRebel\/ak\/wehrpflicht-unter-imperialistischer-flagge-kein-dienst-fuer-die-nato-sondern-fuer-den-klassenkampf\/\" \/>\n<meta property=\"og:site_name\" content=\"Roter Morgen\" \/>\n<meta property=\"article:published_time\" content=\"2025-08-28T12:30:33+00:00\" \/>\n<meta property=\"article:modified_time\" content=\"2025-08-28T13:33:11+00:00\" \/>\n<meta property=\"og:image\" content=\"https:\/\/www.deanreed.de\/AmericanRebel\/ak\/wp-content\/uploads\/2025\/08\/ghu.png\" \/>\n\t<meta property=\"og:image:width\" content=\"678\" \/>\n\t<meta property=\"og:image:height\" content=\"381\" \/>\n\t<meta property=\"og:image:type\" content=\"image\/png\" \/>\n<meta name=\"author\" content=\"Redaktion\" \/>\n<meta name=\"twitter:card\" content=\"summary_large_image\" \/>\n<meta name=\"twitter:label1\" content=\"Verfasst von\" \/>\n\t<meta name=\"twitter:data1\" content=\"Redaktion\" \/>\n\t<meta name=\"twitter:label2\" content=\"Gesch\u00e4tzte Lesezeit\" \/>\n\t<meta name=\"twitter:data2\" content=\"4\u00a0Minuten\" \/>\n<script type=\"application\/ld+json\" class=\"yoast-schema-graph\">{\"@context\":\"https:\/\/schema.org\",\"@graph\":[{\"@type\":\"WebPage\",\"@id\":\"https:\/\/www.deanreed.de\/AmericanRebel\/ak\/wehrpflicht-unter-imperialistischer-flagge-kein-dienst-fuer-die-nato-sondern-fuer-den-klassenkampf\/\",\"url\":\"https:\/\/www.deanreed.de\/AmericanRebel\/ak\/wehrpflicht-unter-imperialistischer-flagge-kein-dienst-fuer-die-nato-sondern-fuer-den-klassenkampf\/\",\"name\":\"Wehrpflicht unter imperialistischer Flagge: Kein Dienst f\u00fcr die NATO \u2013 sondern f\u00fcr den Klassenkampf! - Roter Morgen\",\"isPartOf\":{\"@id\":\"https:\/\/www.deanreed.de\/AmericanRebel\/ak\/#website\"},\"primaryImageOfPage\":{\"@id\":\"https:\/\/www.deanreed.de\/AmericanRebel\/ak\/wehrpflicht-unter-imperialistischer-flagge-kein-dienst-fuer-die-nato-sondern-fuer-den-klassenkampf\/#primaryimage\"},\"image\":{\"@id\":\"https:\/\/www.deanreed.de\/AmericanRebel\/ak\/wehrpflicht-unter-imperialistischer-flagge-kein-dienst-fuer-die-nato-sondern-fuer-den-klassenkampf\/#primaryimage\"},\"thumbnailUrl\":\"https:\/\/www.deanreed.de\/AmericanRebel\/ak\/wp-content\/uploads\/2025\/08\/ghu.png\",\"datePublished\":\"2025-08-28T12:30:33+00:00\",\"dateModified\":\"2025-08-28T13:33:11+00:00\",\"author\":{\"@id\":\"https:\/\/www.deanreed.de\/AmericanRebel\/ak\/#\/schema\/person\/1735e67eea57aea7611c691f571924c3\"},\"breadcrumb\":{\"@id\":\"https:\/\/www.deanreed.de\/AmericanRebel\/ak\/wehrpflicht-unter-imperialistischer-flagge-kein-dienst-fuer-die-nato-sondern-fuer-den-klassenkampf\/#breadcrumb\"},\"inLanguage\":\"de\",\"potentialAction\":[{\"@type\":\"ReadAction\",\"target\":[\"https:\/\/www.deanreed.de\/AmericanRebel\/ak\/wehrpflicht-unter-imperialistischer-flagge-kein-dienst-fuer-die-nato-sondern-fuer-den-klassenkampf\/\"]}]},{\"@type\":\"ImageObject\",\"inLanguage\":\"de\",\"@id\":\"https:\/\/www.deanreed.de\/AmericanRebel\/ak\/wehrpflicht-unter-imperialistischer-flagge-kein-dienst-fuer-die-nato-sondern-fuer-den-klassenkampf\/#primaryimage\",\"url\":\"https:\/\/www.deanreed.de\/AmericanRebel\/ak\/wp-content\/uploads\/2025\/08\/ghu.png\",\"contentUrl\":\"https:\/\/www.deanreed.de\/AmericanRebel\/ak\/wp-content\/uploads\/2025\/08\/ghu.png\",\"width\":678,\"height\":381,\"caption\":\"Die ersten deutschen Wehrpflichtigen seit dem Ende des Zweiten Weltkriegs wurden am 19. Mai 1957 verpflichtet. 70 Jahre sp\u00e4ter soll die Musterung f\u00fcr den \u00bbneuen Wehrdienst\u00ab beginnen | Bild: \u00a9 Heinrich Schreiber 2025 (KI-generiert)\"},{\"@type\":\"BreadcrumbList\",\"@id\":\"https:\/\/www.deanreed.de\/AmericanRebel\/ak\/wehrpflicht-unter-imperialistischer-flagge-kein-dienst-fuer-die-nato-sondern-fuer-den-klassenkampf\/#breadcrumb\",\"itemListElement\":[{\"@type\":\"ListItem\",\"position\":1,\"name\":\"Startseite\",\"item\":\"https:\/\/www.deanreed.de\/AmericanRebel\/ak\/\"},{\"@type\":\"ListItem\",\"position\":2,\"name\":\"Wehrpflicht unter imperialistischer Flagge: Kein Dienst f\u00fcr die NATO \u2013 sondern f\u00fcr den Klassenkampf!\"}]},{\"@type\":\"WebSite\",\"@id\":\"https:\/\/www.deanreed.de\/AmericanRebel\/ak\/#website\",\"url\":\"https:\/\/www.deanreed.de\/AmericanRebel\/ak\/\",\"name\":\"Roter Morgen\",\"description\":\"Der Weg zur Partei\",\"potentialAction\":[{\"@type\":\"SearchAction\",\"target\":{\"@type\":\"EntryPoint\",\"urlTemplate\":\"https:\/\/www.deanreed.de\/AmericanRebel\/ak\/?s={search_term_string}\"},\"query-input\":{\"@type\":\"PropertyValueSpecification\",\"valueRequired\":true,\"valueName\":\"search_term_string\"}}],\"inLanguage\":\"de\"},{\"@type\":\"Person\",\"@id\":\"https:\/\/www.deanreed.de\/AmericanRebel\/ak\/#\/schema\/person\/1735e67eea57aea7611c691f571924c3\",\"name\":\"Redaktion\",\"url\":\"https:\/\/www.deanreed.de\/AmericanRebel\/ak\/author\/redaktion\/\"}]}<\/script>\n<!-- \/ Yoast SEO plugin. -->","yoast_head_json":{"title":"Wehrpflicht unter imperialistischer Flagge: Kein Dienst f\u00fcr die NATO \u2013 sondern f\u00fcr den Klassenkampf! - Roter Morgen","robots":{"index":"index","follow":"follow","max-snippet":"max-snippet:-1","max-image-preview":"max-image-preview:large","max-video-preview":"max-video-preview:-1"},"canonical":"https:\/\/www.deanreed.de\/AmericanRebel\/ak\/wehrpflicht-unter-imperialistischer-flagge-kein-dienst-fuer-die-nato-sondern-fuer-den-klassenkampf\/","og_locale":"de_DE","og_type":"article","og_title":"Wehrpflicht unter imperialistischer Flagge: Kein Dienst f\u00fcr die NATO \u2013 sondern f\u00fcr den Klassenkampf! - Roter Morgen","og_description":"Redaktion DerRevolution\u00e4r \u2013 28. August 2025 Die Bundeswehr r\u00fcstet auf \u2013 gegen wen? W\u00e4hrend Kanzler Merz und Verteidigungsminister Pistorius Hand in Hand marschieren, macht sich [...]","og_url":"https:\/\/www.deanreed.de\/AmericanRebel\/ak\/wehrpflicht-unter-imperialistischer-flagge-kein-dienst-fuer-die-nato-sondern-fuer-den-klassenkampf\/","og_site_name":"Roter Morgen","article_published_time":"2025-08-28T12:30:33+00:00","article_modified_time":"2025-08-28T13:33:11+00:00","og_image":[{"width":678,"height":381,"url":"https:\/\/www.deanreed.de\/AmericanRebel\/ak\/wp-content\/uploads\/2025\/08\/ghu.png","type":"image\/png"}],"author":"Redaktion","twitter_card":"summary_large_image","twitter_misc":{"Verfasst von":"Redaktion","Gesch\u00e4tzte Lesezeit":"4\u00a0Minuten"},"schema":{"@context":"https:\/\/schema.org","@graph":[{"@type":"WebPage","@id":"https:\/\/www.deanreed.de\/AmericanRebel\/ak\/wehrpflicht-unter-imperialistischer-flagge-kein-dienst-fuer-die-nato-sondern-fuer-den-klassenkampf\/","url":"https:\/\/www.deanreed.de\/AmericanRebel\/ak\/wehrpflicht-unter-imperialistischer-flagge-kein-dienst-fuer-die-nato-sondern-fuer-den-klassenkampf\/","name":"Wehrpflicht unter imperialistischer Flagge: Kein Dienst f\u00fcr die NATO \u2013 sondern f\u00fcr den Klassenkampf! - Roter Morgen","isPartOf":{"@id":"https:\/\/www.deanreed.de\/AmericanRebel\/ak\/#website"},"primaryImageOfPage":{"@id":"https:\/\/www.deanreed.de\/AmericanRebel\/ak\/wehrpflicht-unter-imperialistischer-flagge-kein-dienst-fuer-die-nato-sondern-fuer-den-klassenkampf\/#primaryimage"},"image":{"@id":"https:\/\/www.deanreed.de\/AmericanRebel\/ak\/wehrpflicht-unter-imperialistischer-flagge-kein-dienst-fuer-die-nato-sondern-fuer-den-klassenkampf\/#primaryimage"},"thumbnailUrl":"https:\/\/www.deanreed.de\/AmericanRebel\/ak\/wp-content\/uploads\/2025\/08\/ghu.png","datePublished":"2025-08-28T12:30:33+00:00","dateModified":"2025-08-28T13:33:11+00:00","author":{"@id":"https:\/\/www.deanreed.de\/AmericanRebel\/ak\/#\/schema\/person\/1735e67eea57aea7611c691f571924c3"},"breadcrumb":{"@id":"https:\/\/www.deanreed.de\/AmericanRebel\/ak\/wehrpflicht-unter-imperialistischer-flagge-kein-dienst-fuer-die-nato-sondern-fuer-den-klassenkampf\/#breadcrumb"},"inLanguage":"de","potentialAction":[{"@type":"ReadAction","target":["https:\/\/www.deanreed.de\/AmericanRebel\/ak\/wehrpflicht-unter-imperialistischer-flagge-kein-dienst-fuer-die-nato-sondern-fuer-den-klassenkampf\/"]}]},{"@type":"ImageObject","inLanguage":"de","@id":"https:\/\/www.deanreed.de\/AmericanRebel\/ak\/wehrpflicht-unter-imperialistischer-flagge-kein-dienst-fuer-die-nato-sondern-fuer-den-klassenkampf\/#primaryimage","url":"https:\/\/www.deanreed.de\/AmericanRebel\/ak\/wp-content\/uploads\/2025\/08\/ghu.png","contentUrl":"https:\/\/www.deanreed.de\/AmericanRebel\/ak\/wp-content\/uploads\/2025\/08\/ghu.png","width":678,"height":381,"caption":"Die ersten deutschen Wehrpflichtigen seit dem Ende des Zweiten Weltkriegs wurden am 19. Mai 1957 verpflichtet. 70 Jahre sp\u00e4ter soll die Musterung f\u00fcr den \u00bbneuen Wehrdienst\u00ab beginnen | Bild: \u00a9 Heinrich Schreiber 2025 (KI-generiert)"},{"@type":"BreadcrumbList","@id":"https:\/\/www.deanreed.de\/AmericanRebel\/ak\/wehrpflicht-unter-imperialistischer-flagge-kein-dienst-fuer-die-nato-sondern-fuer-den-klassenkampf\/#breadcrumb","itemListElement":[{"@type":"ListItem","position":1,"name":"Startseite","item":"https:\/\/www.deanreed.de\/AmericanRebel\/ak\/"},{"@type":"ListItem","position":2,"name":"Wehrpflicht unter imperialistischer Flagge: Kein Dienst f\u00fcr die NATO \u2013 sondern f\u00fcr den Klassenkampf!"}]},{"@type":"WebSite","@id":"https:\/\/www.deanreed.de\/AmericanRebel\/ak\/#website","url":"https:\/\/www.deanreed.de\/AmericanRebel\/ak\/","name":"Roter Morgen","description":"Der Weg zur Partei","potentialAction":[{"@type":"SearchAction","target":{"@type":"EntryPoint","urlTemplate":"https:\/\/www.deanreed.de\/AmericanRebel\/ak\/?s={search_term_string}"},"query-input":{"@type":"PropertyValueSpecification","valueRequired":true,"valueName":"search_term_string"}}],"inLanguage":"de"},{"@type":"Person","@id":"https:\/\/www.deanreed.de\/AmericanRebel\/ak\/#\/schema\/person\/1735e67eea57aea7611c691f571924c3","name":"Redaktion","url":"https:\/\/www.deanreed.de\/AmericanRebel\/ak\/author\/redaktion\/"}]}},"_links":{"self":[{"href":"https:\/\/www.deanreed.de\/AmericanRebel\/ak\/wp-json\/wp\/v2\/posts\/3233","targetHints":{"allow":["GET"]}}],"collection":[{"href":"https:\/\/www.deanreed.de\/AmericanRebel\/ak\/wp-json\/wp\/v2\/posts"}],"about":[{"href":"https:\/\/www.deanreed.de\/AmericanRebel\/ak\/wp-json\/wp\/v2\/types\/post"}],"author":[{"embeddable":true,"href":"https:\/\/www.deanreed.de\/AmericanRebel\/ak\/wp-json\/wp\/v2\/users\/4"}],"replies":[{"embeddable":true,"href":"https:\/\/www.deanreed.de\/AmericanRebel\/ak\/wp-json\/wp\/v2\/comments?post=3233"}],"version-history":[{"count":3,"href":"https:\/\/www.deanreed.de\/AmericanRebel\/ak\/wp-json\/wp\/v2\/posts\/3233\/revisions"}],"predecessor-version":[{"id":3238,"href":"https:\/\/www.deanreed.de\/AmericanRebel\/ak\/wp-json\/wp\/v2\/posts\/3233\/revisions\/3238"}],"wp:featuredmedia":[{"embeddable":true,"href":"https:\/\/www.deanreed.de\/AmericanRebel\/ak\/wp-json\/wp\/v2\/media\/3234"}],"wp:attachment":[{"href":"https:\/\/www.deanreed.de\/AmericanRebel\/ak\/wp-json\/wp\/v2\/media?parent=3233"}],"wp:term":[{"taxonomy":"category","embeddable":true,"href":"https:\/\/www.deanreed.de\/AmericanRebel\/ak\/wp-json\/wp\/v2\/categories?post=3233"},{"taxonomy":"post_tag","embeddable":true,"href":"https:\/\/www.deanreed.de\/AmericanRebel\/ak\/wp-json\/wp\/v2\/tags?post=3233"}],"curies":[{"name":"wp","href":"https:\/\/api.w.org\/{rel}","templated":true}]}}