{"id":3082,"date":"2025-02-28T19:16:05","date_gmt":"2025-02-28T18:16:05","guid":{"rendered":"http:\/\/www.deanreed.de\/AmericanRebel\/ak\/?p=3082"},"modified":"2025-03-02T13:18:58","modified_gmt":"2025-03-02T12:18:58","slug":"aufruf-von-abdullah-oecalan-fuer-frieden-und-eine-demokratische-gesellschaft","status":"publish","type":"post","link":"https:\/\/www.deanreed.de\/AmericanRebel\/ak\/aufruf-von-abdullah-oecalan-fuer-frieden-und-eine-demokratische-gesellschaft\/","title":{"rendered":"Aufruf von Abdullah \u00d6calan f\u00fcr Frieden und eine demokratische Gesellschaft"},"content":{"rendered":"<blockquote><p><span style=\"font-size: 12pt; font-family: verdana, geneva, sans-serif;\"><span style=\"color: #808080;\"><em><strong>Redaktion \u2013 27. Februar 2025<\/strong><br \/>\n<\/em><\/span><\/span><\/p><\/blockquote>\n<p style=\"text-align: justify;\"><strong><span style=\"font-size: 12pt; font-family: verdana, geneva, sans-serif; color: #000000;\">Eine Delegation der kurdischen DEM-Partei hat heute, am 28. Februar 2025 auf einer Pressekonferenz im Elit World Hotel in Istanbul den mit Spannung erwarteten Aufruf von Abdullah \u00d6calan ver\u00f6ffentlicht. Die Erkl\u00e4rung wurde zun\u00e4chst auf Kurdisch von dem abgesetzten B\u00fcrgermeister Ahmet T\u00fcrk aus M\u00eard\u00een <\/span><\/strong><span style=\"font-size: 12pt; font-family: verdana, geneva, sans-serif; color: #000000;\">(t\u00fcrk. Mardin)<\/span><strong><span style=\"font-size: 12pt; font-family: verdana, geneva, sans-serif; color: #000000;\"> und anschlie\u00dfend auf T\u00fcrkisch von der DEM-Abgeordneten Pervin Buldan verlesen und von zahlreichen Anwesenden mit Applaus kommentiert.<\/span><\/strong><\/p>\n<figure id=\"attachment_3089\" aria-describedby=\"caption-attachment-3089\" style=\"width: 651px\" class=\"wp-caption aligncenter\"><img loading=\"lazy\" decoding=\"async\" class=\" wp-image-3089\" src=\"http:\/\/www.deanreed.de\/AmericanRebel\/ak\/wp-content\/uploads\/2025\/02\/sddd-300x106.jpg\" alt=\"\" width=\"651\" height=\"230\" srcset=\"https:\/\/www.deanreed.de\/AmericanRebel\/ak\/wp-content\/uploads\/2025\/02\/sddd-300x106.jpg 300w, https:\/\/www.deanreed.de\/AmericanRebel\/ak\/wp-content\/uploads\/2025\/02\/sddd-768x271.jpg 768w, https:\/\/www.deanreed.de\/AmericanRebel\/ak\/wp-content\/uploads\/2025\/02\/sddd.jpg 986w\" sizes=\"auto, (max-width: 651px) 100vw, 651px\" \/><figcaption id=\"caption-attachment-3089\" class=\"wp-caption-text\">Die Imrali-Delegation der DEM-Partei auf der Pressekonferenz am 28. Februar 2025 in Istanbul<\/figcaption><\/figure>\n<p style=\"text-align: justify;\"><span style=\"color: #000000;\"><em><span style=\"font-family: verdana, geneva, sans-serif; font-size: 12pt;\">Der Aufruf von Abdullah \u00d6calan vom 25. Februar 2025 lautet:<\/span><\/em><\/span><\/p>\n<blockquote>\n<p style=\"text-align: justify;\"><span style=\"font-family: verdana, geneva, sans-serif; font-size: 12pt; color: #000000;\"><strong>Aufruf f\u00fcr Frieden und eine demokratische Gesellschaft<\/strong><\/span><\/p>\n<p style=\"text-align: justify;\"><span style=\"font-family: verdana, geneva, sans-serif; font-size: 12pt; color: #000000;\">Die PKK wurde im 20. Jahrhundert gegr\u00fcndet, in der gewaltt\u00e4tigsten Epoche der Menschheitsgeschichte mit zwei Weltkriegen, im Schatten der Erfahrung des Realsozialismus und des Kalten Krieges auf der ganzen Welt. Die v\u00f6llige Leugnung der kurdischen Realit\u00e4t, die Einschr\u00e4nkung der Grundrechte und -freiheiten \u2013 insbesondere der Meinungsfreiheit \u2013 spielten eine bedeutende Rolle bei ihrer Entstehung und Entwicklung.<\/span><\/p>\n<p style=\"text-align: justify;\"><span style=\"font-family: verdana, geneva, sans-serif; font-size: 12pt; color: #000000;\">Die PKK stand hinsichtlich ihrer angenommenen Theorie, ihres Programms, ihrer Strategie und ihrer Taktik unter dem starken Einfluss der Realit\u00e4ten des Jahrhunderts und des Systems des Realsozialismus. In den 1990er Jahren f\u00fchrten der Zusammenbruch des Realsozialismus aufgrund interner Dynamiken, die Aufl\u00f6sung der Leugnung der kurdischen Identit\u00e4t im Land und Verbesserungen der Meinungsfreiheit zu einer Schw\u00e4chung der grundlegenden Bedeutung der PKK und zu einer \u00fcberm\u00e4\u00dfigen Wiederholung.\u00a0Wie ihresgleichen hat auch sie ihre Lebensdauer erreicht \u2013 dies erfordert eine Aufl\u00f6sung.<\/span><\/p>\n<p style=\"text-align: justify;\"><span style=\"font-family: verdana, geneva, sans-serif; font-size: 12pt; color: #000000;\">In ihrer \u00fcber tausendj\u00e4hrigen gemeinsamen Geschichte waren die Beziehungen zwischen T\u00fcrk:innen und Kurd:innen durch gegenseitige Zusammenarbeit und B\u00fcndnisse gepr\u00e4gt. T\u00fcrk:innen und Kurd:innen hielten es f\u00fcr unerl\u00e4sslich, in diesem freiwilligen B\u00fcndnis zu bleiben, um ihre Existenz zu sichern und gegen Hegemonialm\u00e4chte zu \u00fcberleben.<\/span><\/p>\n<p style=\"text-align: justify;\"><span style=\"font-family: verdana, geneva, sans-serif; font-size: 12pt; color: #000000;\">Die letzten zweihundert Jahre der kapitalistischen Moderne waren vor allem von dem Ziel gepr\u00e4gt, dieses B\u00fcndnis zu brechen. Die beteiligten Kr\u00e4fte haben im Einklang mit ihren klassenbasierten Interessen eine Schl\u00fcsselrolle bei der F\u00f6rderung dieses Ziels gespielt. Durch monistische Interpretationen der Republik hat sich dieser Prozess beschleunigt. Heute besteht die Hauptaufgabe darin, die historische Beziehung, die \u00e4u\u00dferst fragil geworden ist, neu zu strukturieren, ohne dabei die Ber\u00fccksichtigung von \u00dcberzeugungen im Geiste der Geschwisterlichkeit auszuschlie\u00dfen.<\/span><\/p>\n<p style=\"text-align: justify;\"><span style=\"font-family: verdana, geneva, sans-serif; font-size: 12pt; color: #000000;\">Die Notwendigkeit einer demokratischen Gesellschaft ist unumg\u00e4nglich. Die PKK, die l\u00e4ngste und umfangreichste Aufstandsbewegung und bewaffnete Bewegung in der Geschichte der Republik, fand eine soziale Basis und Unterst\u00fctzung und wurde in erster Linie durch die Tatsache inspiriert, dass die Kan\u00e4le der demokratischen Politik verschlossen waren.<\/span><\/p>\n<p style=\"text-align: justify;\"><span style=\"font-family: verdana, geneva, sans-serif; font-size: 12pt; color: #000000;\">Das unvermeidliche Ergebnis der extremen nationalistischen Abweichungen \u2013 wie ein separater Nationalstaat, eine F\u00f6deration, Verwaltungsautonomie oder kulturalistische L\u00f6sungen \u2013 ist keine Antwort auf die historische Soziologie der Gesellschaft.<\/span><\/p>\n<p style=\"text-align: justify;\"><span style=\"font-family: verdana, geneva, sans-serif; font-size: 12pt; color: #000000;\">Respekt f\u00fcr Identit\u00e4ten, freie Selbstdarstellung und demokratische Selbstorganisation jedes einzelnen Gesellschaftsteils auf der Grundlage ihrer eigenen sozio\u00f6konomischen und politischen Strukturen sind nur durch die Existenz einer demokratischen Gesellschaft und eines politischen Raums m\u00f6glich.<\/span><\/p>\n<p style=\"text-align: justify;\"><span style=\"font-family: verdana, geneva, sans-serif; font-size: 12pt; color: #000000;\">Das zweite Jahrhundert der Republik kann nur dann eine dauerhafte und geschwisterliche Kontinuit\u00e4t erreichen und sichern, wenn es von Demokratie gekr\u00f6nt ist. Es gibt keine Alternative zur Demokratie bei der Verfolgung und Verwirklichung eines politischen Systems. Der demokratische Konsens ist der grundlegende Weg.<\/span><\/p>\n<p style=\"text-align: justify;\"><span style=\"font-family: verdana, geneva, sans-serif; font-size: 12pt; color: #000000;\">Im Einklang mit dieser Realit\u00e4t muss eine Sprache der Epoche des Friedens und der demokratischen Gesellschaft entwickelt werden.<\/span><\/p>\n<p style=\"text-align: justify;\"><span style=\"font-family: verdana, geneva, sans-serif; font-size: 12pt; color: #000000;\">Der Aufruf von Herrn Devlet Bah\u00e7eli, zusammen mit dem vom Herrn Pr\u00e4sidenten ge\u00e4u\u00dferten Willen und den positiven Reaktionen der anderen politischen Parteien darauf, hat ein Umfeld geschaffen, in dem ich einen Aufruf zur Niederlegung der Waffen mache, und ich \u00fcbernehme die historische Verantwortung f\u00fcr diesen Aufruf.<\/span><\/p>\n<p style=\"text-align: justify;\"><span style=\"font-family: verdana, geneva, sans-serif; font-size: 12pt; color: #000000;\">Beruft euren Kongress ein und fasst einen Beschluss zur Integration in den Staat und die Gesellschaft, wie es jede moderne Gesellschaft und Partei, die nicht zur Aufl\u00f6sung gezwungen wurde, freiwillig tun w\u00fcrde; alle Gruppen m\u00fcssen ihre Waffen niederlegen und die PKK muss sich aufl\u00f6sen. Ich gr\u00fc\u00dfe alle, die an das Zusammenleben glauben und meinen Aufruf beherzigen.<\/span><\/p>\n<p style=\"text-align: justify;\"><span style=\"font-family: verdana, geneva, sans-serif; font-size: 12pt; color: #000000;\">25. Februar 2025, Abdullah \u00d6calan&#8220;<br \/>\n<\/span><\/p>\n<\/blockquote>\n<p style=\"text-align: justify;\"><span style=\"font-family: verdana, geneva, sans-serif; font-size: 12pt; color: #000000;\"><span style=\"color: #ffffff;\">.<\/span><br \/>\nWir betrachten den Weg des Genossen \u00d6calan und der PKK mit gemischten Gef\u00fchlen und werden das weitere Vorgehen und die Strategie der kurdischen Genossen weiter kritisch begleiten. Vorerst verweisen wir auf eine aktuelle Ausarbeitung zur Einsch\u00e4tzung der Werke \u00d6calans und der Strategie der PKK.<br \/>\n<span style=\"color: #ffffff;\">.<\/span><\/span><\/p>\n<p style=\"text-align: justify;\"><span style=\"font-size: 14pt; font-family: verdana, geneva, sans-serif; color: #993300;\"><strong>Die Irrt\u00fcmer des Genossen Abdullah \u00d6calan \u2013<br \/>\nWarum ist Abdullah \u00d6calan kein Marxist-Leninist?<br \/>\n<\/strong><\/span><\/p>\n<p style=\"text-align: justify;\"><span style=\"font-size: 12pt; font-family: verdana, geneva, sans-serif; color: #000000;\"><strong>Am 29. Juni 2024 j\u00e4hrte sich zum 25. Mal die Verurteilung des f\u00fchrenden kurdischen Befreiungsk\u00e4mpfers Abdullah \u00d6calans zur Todesstrafe durch die t\u00fcrkische Justiz. Der Prozess fand auf der Gef\u00e4ngnisinsel Imrali statt, auf der \u00d6calan bewacht von \u00fcber 1. 000 Soldaten 10 Jahre als Einzelgefangener sa\u00df, so viel Angst haben Faschisten vor einem Mann, den sie f\u00fcr einen Revolution\u00e4r halten, dann kamen drei weitere politische Gefangenen hinzu. Alle sitzen in Einzelhaft. 2002 kam die faschistische Bourgeoisie der EU entgegen, sie schaffte die Todesstrafe ab und \u00e4nderte die von \u00d6calan in eine versch\u00e4rfte lebenslange Haft um, so dass jede M\u00f6glichkeit auf vorzeitige Entlassung ausgeschlossen bleibt. Er existiert unter \u00e4u\u00dferst unmenschlichen Bedingungen, der Europ\u00e4ische Gerichtshof f\u00fcr Menschenrechte hat sich 2013 auf die Seite \u00d6calans gestellt, 2015 forderten 50 Nobelpreistr\u00e4ger die Beendigung der Isolationshaft. <\/strong><\/span><\/p>\n<p style=\"text-align: justify;\"><span style=\"font-size: 12pt; font-family: verdana, geneva, sans-serif; color: #000000;\">Abdullah \u00d6calan wurde am 4. April 1948 im Dorf Amara geboren. Er absolvierte die Berufsschule f\u00fcr das Katasterwesen und arbeitete in jungen Jahren zun\u00e4chst als Beamter, studierte Jura an der Uni Istanbul und wechselte dann zur Fakult\u00e4t der Politikwissenschaft der Uni Ankara. Die t\u00fcrkische Linke lehnte es ab, die Kurdenfrage zu thematisieren, so dass er eine eigene Gruppe mit dem Leitmotiv \u2018<em>Kurdistan ist eine Kolonie<\/em>\u2018 gr\u00fcnden musste. 1973 formulierte sein Kampfgenosse Pirs f\u00fcr die kurdische Emanzipationskonzeption einen Schl\u00fcsselsatz: \u201c<em>Die Befreiung des t\u00fcrkischen Volkes h\u00e4ngt von der Befreiung des kurdischen Volkes ab<\/em>\u201c. In der T\u00fcrkei ist die kurdische Sprache offiziell verboten. Im Sommer 1978 erschien das fundamental-programmatische \u2018<em>Manifest<\/em>\u2018, eine Art Kompass f\u00fcr den Weg der Revolution in Kurdistan. Im November 1978, rief er im kurdischen Dorf Fis die Gr\u00fcndung der PKK aus: Der Arbeiterpartei Kurdistans. Der Milit\u00e4rputsch von 1980 lie\u00df den Stab \u00d6calan au\u00dfer t\u00fcrkischen Landes gehen. Fast 20 Jahre unterrichtete er die PKK-Mitglieder politisch und milit\u00e4risch, wobei die politische Ausrichtung Vorrang besa\u00df. Gleichwohl befasste er sich mit Volkskriegskonzepten gegen den t\u00fcrkischen Faschismus. Eine Frontbildung mit der t\u00fcrkischen Linken kam nicht zustande, aber am 15. August 1984 ist die erste milit\u00e4rische Operation zu verzeichnen: Ein \u00dcberfall auf zwei t\u00fcrkische Milit\u00e4rposten. Der kurdische Befreiungskrieg entwickelte sich Anfang der 90er Jahre auf eine neue Stufe, zusammengefasst in \u00d6calans Worte: \u2018<em>Die Zeit der Auferstehung ist vollendet, jetzt geht es um die Befreiung<\/em>\u2018. Und mit dieser meinte er vor allem die Befreiung nicht der Proletin, sondern abstrakt der Frau. Der Klassenkampf und die Dialektik von Revolution und Konterrevolution verschwanden vom Horizont des Sozialismus. 1997 erschien sein Buch mit dem unwissenschaftlichen Titel: \u2018<em>Den Mann t\u00f6ten<\/em>\u2018! Die Auseinandersetzung mit dem Zusammenbruch des Sozialimperialismus, in der Sowjetunion und ihren den RGW-L\u00e4ndern bewirkte bei ihm eine theoretische Wendung zum Negativen. Er selbst sah es positiv als Befreiung vom dogmatischen Denken. Das Problem bestand darin, dass hinter der Blendung durch die trotz des <\/span><span style=\"font-size: 12pt; font-family: verdana, geneva, sans-serif; color: #000000;\">Verrats ab 1956 intakt gebliebenen theoretischen Fundamente des Marxismus-Leninismus ihnen gegen\u00fcber gegenteilig gehandelt wurde, auch wenn der Inhalt konterrevolution\u00e4r war, alles war die Fortsetzung des Werkes von Lenin. Gorbatschow berief sich heuchlerisch auf Lenins Texte der NEP-Periode. Es schlug nach dem Kollaps ab 1990 im linken Lager die Stunde der Besserwisser, die alles neu ausgestalten wollten und die Fundamente von 1917 gleich mit in den Container warfen.<\/span><\/p>\n<figure id=\"attachment_3085\" aria-describedby=\"caption-attachment-3085\" style=\"width: 598px\" class=\"wp-caption aligncenter\"><img loading=\"lazy\" decoding=\"async\" class=\" wp-image-3085\" src=\"http:\/\/www.deanreed.de\/AmericanRebel\/ak\/wp-content\/uploads\/2025\/02\/yyx-300x169.jpg\" alt=\"\" width=\"598\" height=\"337\" srcset=\"https:\/\/www.deanreed.de\/AmericanRebel\/ak\/wp-content\/uploads\/2025\/02\/yyx-300x169.jpg 300w, https:\/\/www.deanreed.de\/AmericanRebel\/ak\/wp-content\/uploads\/2025\/02\/yyx.jpg 640w\" sizes=\"auto, (max-width: 598px) 100vw, 598px\" \/><figcaption id=\"caption-attachment-3085\" class=\"wp-caption-text\">Abdullah \u00d6calan bei einem Prozess im Jahre 2015<\/figcaption><\/figure>\n<p style=\"text-align: justify;\"><span style=\"font-size: 12pt; font-family: verdana, geneva, sans-serif; color: #000000;\">Wir kommen jetzt zum theoretischen Teil \u00d6calans, werfen einige Schlaglichter auf seine Aberrationen, um dann mit seiner Biografie bis zum Terrorurteil vom 29. Juni 1999 fortzufahren.<\/span><\/p>\n<p style=\"text-align: justify;\"><span style=\"font-size: 12pt; font-family: verdana, geneva, sans-serif; color: #000000;\">\u00d6calan war als Seele der kurdischen Emanzipation fortw\u00e4hrend mit der Abfassung umfangreicher theoretischer Schriften befass. Dieses setzte er in der Haft fort. Seine Schriften wurden zum Teil in \u00fcber 20 Sprachen \u00fcbersetzt. Es ist festzustellen, dass sozialistische Fundamente marxistisch-leninistischer Substanz des \u00d6fteren verw\u00e4ssert wurden. Nicht immer werden die Dialektik von Revolution und Konterrevolution und die proletarische Klassenkampftheorie zu Grunde bzw. richtig zu Grunde gelegt. Dann findet man in diesen Werken bizarre Bl\u00fcten, nett zu lesen, aber unwissenschaftlich. Dabei p\u00f6belt \u00d6calan p\u00f6belt von Zeit zu Zeit gegen die Klassiker des Marxismus-Leninismus. Sauberste wissenschaftliche Werke, insbesondere gesellschaftswissenschaftliche, in Gef\u00e4ngnissen, hier sogar unter Bedingungen der Isolationsfolter, zu verfassen, ist sicher nicht einfach. Eine Koryph\u00e4e wie Rosa Luxemburg hat in einer Gef\u00e4ngnisschrift die Oktoberrevolution harsch kritisiert, nach ihrer Entlassung aus dem Knast, jetzt bestens mit Material versorgt, erkannte sie ihren Humbug. Diese Schrift wurde zu ihren Lebzeiten nie ver\u00f6ffentlicht, nach ihrem Tod perfide-revisionistisch gegen den Leninismus verwandt. Lenin hielt uns an, von den Massen zu lernen, bis zu einem gewissen Grad mit ihnen verschmelzen, das ist unser spezifisches Lernmilieu, Aug und Ohr an den Massen, w\u00e4hrend der Bourgeois zu Hause sitzt, komfortabler als \u00d6calan, aber ebenso isoliert wie er, in seinem Studierzimmer hockt und Massenfeindliches, Volksfeindliches nur verzapfen kann.\u00a0 \u00d6calan hat auf Imrali keine Augen und keine Ohren. Humbug ist daher auch \u00d6calans Frauen- und Jugendschrulle, sein Matriarchatskult. Ganz pauschal die Frauen und die Jugend m\u00fcssen es richten, nicht die proletarische Trias: Landproletarierin, kleine B\u00e4uerin, Arbeiterin \/ Landarbeiter, kleiner Bauer, Arbeiter \/ Landarbeiterjugend, kleinb\u00e4uerliche Jugend, Arbeiterjugend, denn die Frauen und die Jugend werden vom Patriarchat unterdr\u00fcckt. Erst die feministische Bewegung, so spukt es in seinem Kopf herum, h\u00e4tte uns dazu gebracht, \u00fcber den sexistischen Charakter von Umweltzerst\u00f6rung, Kriegen, Macht und Herrschaft nachzudenken, die Wissenschaft sei sexistisch<sup>1<\/sup>. Das kommt bei der kleinb\u00fcrgerlichen linken Studentenschaft gut an. Der b\u00fcrgerliche Feminismus, der Begriff jineoloji (Wissenschaft der Frau), erst habe uns auf den richtigen wissenschaftlichen Weg gebracht, auf den Hund des Sexismus. Oder nehmen wir die Brosch\u00fcre: \u2018<em>Den dominanten Mann t\u00f6ten und ver\u00e4ndern<\/em>\u2018. T\u00f6ten und ver\u00e4ndern!! Was f\u00fcr eine bizarre Logik! Das hat im Marxismus-Leninismus nichts zu suchen und hat auch nichts mit der Befreiung vom dogmatischen Denken zu tun. \u00d6calan meint undogmatisch zu denken, wobei er verga\u00df, dass es eine Schrift von Engels aus den Jahren 1851\/52 gibt: \u2018<em>Revolution und Konterrevolution in Deutschland<\/em>\u2018. Revolution und Konterrevolution &#8211; das ist fundamental: Revolution und Konterrevolution, diese Dialektik ist grundlegend. An dieser brechen sich \u00d6calans Pauschalisierungen die Z\u00e4hne aus. Lenin sei nach ihm dicht an eine richtige Definition von Staat und Gesellschaft herangekommen. Das ist wissenschaftlich ganz unpr\u00e4zise, denn Lenin hat eine richtige Definition von der b\u00fcrgerlichen Gesellschaft und vom b\u00fcrgerlichen Staat gegeben, den Zusammenbruch der SU kann man ihm nicht in die Schuhe schieben. Die Gesellschaft war f\u00fcr ihn das Produkt des wechselseitigen Handelns der Individuen und der Staat eine Maschine zur Klassenunterdr\u00fcckung. Engels und Lenin h\u00e4tten nicht erkl\u00e4rt, wie der Staat entstand<sup>2<\/sup>. Oh doch, das haben sie: Engels in seiner Schrift \u00fcber \u2018<em>Ludwig Feuerbach und der Ausgang der klassischen deutschen Philosophie<\/em>\u2018 im IV. Teil (MEW 21, 300 \u2013 303). Lenin spricht in seiner Vorlesung \u2018<em>\u00dcber den Staat<\/em>\u2018 von einer \u00dcberschussproduktion \u00fcber den gesellschaftlich notwendigen Lebensmitteln hinaus, so dass unproduktive Regierungsspezialisten leben k\u00f6nnen. Und \u00d6calan selbst: <em>Der Staat lauert \u00fcberall wie ein verborgener Gott in der Gesellschaft<\/em>. Staat = Gott &#8211; ein R\u00fcckschritt hinter den Marxismus-Leninismus: <strong>Der Staat ist eine Maschine zur Klassenunterdr\u00fcckung<\/strong>. Er bewertet folgerichtig die modernen b\u00fcrgerlichen Wissenschaftler negativer als die sumerischen Priester, Allah ist f\u00fcr ihn ein Ma\u00df f\u00fcr die wahre G\u00f6ttlichkeit. Allah sei der erste Begriff von Gesellschaft, f\u00fcr Lenin ist Allah geistiger Fusel, mit dem der Sklave sein Sklavendasein bet\u00e4ubt. Wir schreiben doch Texte gegen den Kapitalismus f\u00fcr dessen Einsturz, wir schreiben doch nicht gegen einen b\u00f6sartigen Gott an. (Eine Kleinigkeit am Rande: Der Verlag, der bei den \u00d6calan-Ausgaben recht schlampig gearbeitet hat, in \u2018<em>Jenseits von Staat, Macht und Gewalt<\/em>\u2018 fehlt im Personenregister eine ganze Seite, ein Sprung von Hiob auf Thomas Morus liegt vor, gebraucht bei Jahreszahlenangaben kontextgem\u00e4\u00df der religi\u00f6sen Formel: \u00a0v. Chr.).<\/span><\/p>\n<p style=\"text-align: justify;\"><span style=\"font-size: 12pt; font-family: verdana, geneva, sans-serif; color: #000000;\">\u00d6calan jubelt dem Marxismus-Leninismus eine linearhistorische Entwicklungskonzeption unter, w\u00e4hrend doch Lenin von einer spiralf\u00f6rmigen Entwicklung spricht, das Fr\u00fchere wird auf sp\u00e4terer Stufe anders wiedergegeben. Falsch ist \u00d6calans undogmatische Behauptung, der Kapitalismus habe sich nicht historisch zwangsl\u00e4ufig aus dem Feudalismus entwickelt<sup>4<\/sup>, der Marxismus habe durch seine Zwangsl\u00e4ufigkeitsthese einen Riesen(!) Beitrag zum Kapitalismus geleistet. Das ist ungeheuerlich und haneb\u00fcchen! Geleugnet wird das Gesetz der Negation der Negation. Der Kapitalismus negiert zwangsl\u00e4ufig den Feudalismus, der Sozialismus den Kapitalismus. \u00a0Hier spricht Marx direkt von der Negation der Negation<sup>5<\/sup>. Frei von Dogmatismus behauptet \u00d6calan der Kapitalismus sei kein Schicksal, es h\u00e4tte auch anders kommen k\u00f6nnen. \u00a0Er belehrt die Klassiker, dass gesellschaftliche Dynamiken anders ablaufen. Man k\u00f6nne sie nicht nur mit Basis und \u00dcberbau erkl\u00e4ren, das sei zu simpel. Jetzt ist der Platz da f\u00fcr allerhand Unsinn: F\u00fcr einen verborgenen Gott, f\u00fcr die Gleichstellung einer kapitalistischen Ausbeuterhure, einer Bordellhure mit einer doppelt geschundenen Arbeiterin (Fabrik und Haushalt) Die theoretische Odyssee des Herrn \u00d6calan kann beginnen.<\/span><\/p>\n<p style=\"text-align: justify;\"><span style=\"font-size: 12pt; font-family: verdana, geneva, sans-serif; color: #000000;\">Wir kennen den beliebten Kunstgriff der linken Phantasten mit marxistisch-leninistischen Make-Up: Es sei komplizierter als die simple Basis \u00dcberbau Schablone. Wenn wurzellose linke kleinb\u00fcrgerliche Intellektuelle das h\u00f6ren, werden sie geradezu hippelig.\u00a0 Was bieten ihnen die philosophischen Modepuppen an? \u201cMan kommt einer L\u00f6sung n\u00e4her, wenn man die Entwicklung der historischen Gesellschaftssysteme nicht mit zwingenden Gesetzen, sondern mit dem jeweiligen ideologischen, politischen und moralischen Kampfstil der Zeit in Zusammenhang bringt. Der Mensch sei sowohl als Individuum als auch in gesellschaftlichen Zusammenh\u00e4ngen sehr flexibel und in der Lage Ver\u00e4nderungen schnell umzusetzen. Die strengen Gesetzlichkeiten die man bei physikalischen, chemischen und biologischen Ph\u00e4nomenen beobachtet, gelten eben nur im Rahmen von Physik, Chemie und Biologie. F\u00fcr alles andere sind die menschliche Intelligenz und die Gesellschaft entscheidend<sup>6<\/sup>. Nicht nur, dass \u00d6calan ausschlie\u00dflich im \u00dcberbau herumstochert, er rei\u00dft eine der gr\u00f6\u00dften Errungenschaften des Marxismus-Leninismus ein, dass die Wissenschaft von der Geschichte der Gesellschaft trotz aller Kompliziertheit der Erscheinungen des gesellschaftlichen Lebens zu einer genauso exakten Wissenschaft werden kann wie sagen wir, die Biologie, zu einer Wissenschaft \u00a0\u00a0imstande ist, die Entwicklungsgesetze in der Praxis auszunutzen<sup>7<\/sup>. Lenin hatte die Natur- und die Gesellschaftsdialektik aneinander festgeknebelt: In der Mechanik Wirkung und Gegenwirkung, in der Gesellschaftswissenschaft Klassenkampf<sup>8<\/sup>.<\/span><\/p>\n<p style=\"text-align: justify;\"><span style=\"font-size: 12pt; font-family: verdana, geneva, sans-serif; color: #000000;\">Nat\u00fcrlich muss \u00d6calan auch am Manifest rumm\u00e4keln: Bei Marx und Engels hei\u00dft es: Die Bourgeoisie, wo sie zur Herrschaft gekommen, hat alle feudalen, patriarchalischen, idyllischen Verh\u00e4ltnisse zerst\u00f6rt<sup>9<\/sup>. Das sei aber keine revolution\u00e4re Tat der Bourgeoisie, meint der \u201crote\u201c Kurde. Marx und Engels platzierten jedoch vor dem Zerst\u00f6rungssatz folgenden: Die Bourgeoisie hat in der Geschichte eine h\u00f6chst revolution\u00e4re Rolle gespielt. Nach \u00d6calans Auslegung sind diese Ausf\u00fchrungen der Gesellschaftsfeinde Marx und Engels gegen jede Menschlichkeit gerichtet, sie berauben der Gesellschaft jeden Schutz. Er begreift nicht, dass es um die v\u00f6llige Vernichtung der Bourgeoisie geht. Sie hat die buntscheckigen Feudalbande, die den Menschen an seinen nat\u00fcrlichen Vorgesetzten kn\u00fcpften, unbarmherzig zerrissen und kein anderes Band zwischen Menschen und Mensch \u00fcbriggelassen als das nackte Interesse, als die gef\u00fchllose \u201ebare Zahlung&#8220;<sup>10<\/sup>. Diese Nacktheit ist revolution\u00e4r, eine Notwendigkeit, dass die proletarischen Totengr\u00e4ber aktiv werden. k\u00f6nnen. Der Kapitalismus habe die Ketten der Frauen (\u201cKanarienv\u00f6gel im K\u00e4fig\u201c) verst\u00e4rkt. Die Revolution beginnt mit der Jugend und den Frauen und sie endet jung und feminin.<\/span><\/p>\n<p style=\"text-align: justify;\"><span style=\"font-size: 12pt; font-family: verdana, geneva, sans-serif; color: #000000;\">Ein Missgeschick liegt auch beim Politikbegriff vor. Politik verfestige im Gegensatz zur Demokratie staatliche Macht, es gibt wahrscheinlich nichts, was der Demokratie so sehr entgegensteht wie die Politik Das ist falsch. Demokratie steht nicht im Gegensatz zur Staatsmacht, sondern ist eine deren Formen. Lenin gab uns im \u2018Linken Radikalismus\u2018 die Koordinaten der Politik vor: Die Massen sind in Klassen aufgeteilt, die Klassen werden von Parteien gef\u00fchrt, die wiederum von den Gruppen der autoritativsten, einflussreichsten, erfahrensten Kader<sup>11<\/sup>. \u00a0Politik sei Kampf um die Macht im Staate, wer die politische Macht hat, diese Frage entscheidet alles.<\/span><\/p>\n<p style=\"text-align: justify;\"><span style=\"font-size: 12pt; font-family: verdana, geneva, sans-serif; color: #000000;\">Gegen\u00fcber Marx und Engels spielt sich \u00d6calan als Dialektiker auf. Die urkommunistische Gesellschaft habe f\u00fcr Marx und Engels schon vor Jahrtausenden zu existieren aufgeh\u00f6rt und sei f\u00fcr sie ein ausgestorbenes System<sup>12<\/sup>. Das ist falsch. Die Negation der Negation im gesellschaftlichen Prozess entwickelt die urkommunistische Gesellschaft mit, die sich im Kommunismus auf der H\u00f6he der Zivilisation wieder ausst\u00fclpt. Statt auf den Urkommunismus will \u00d6calan auf die Stammzelle zur\u00fcck.<\/span><\/p>\n<p style=\"text-align: justify;\"><span style=\"font-size: 12pt; font-family: verdana, geneva, sans-serif; color: #000000;\">Falsch ist es, dass nicht allein die Klassenk\u00e4mpfe Motoren des gesellschaftlichen Fortschritts sind, \u201csondern ebenso der gro\u00dfe Widerstand der kommunalen gesellschaftlichen Werte\u201c<sup>13<\/sup>. Klassenk\u00e4mpfe seien nur eine unter mehreren historischen Dynamiken. Das ist einzig und allein Intellektuellengeschwafel. Ebenso: Der Marxismus habe Gesellschaft und Umwelt mehr in den Dienst des Systems gestellt als der Kapitalismus und war so von vornherein auf mentaler Ebene unterlegen.14. Als habe es in der Sowjetunion keine Vergesellschaftung des Privateigentums an den Produktionsmitteln gegeben.<\/span><\/p>\n<p style=\"text-align: justify;\"><span style=\"font-size: 12pt; font-family: verdana, geneva, sans-serif; color: #000000;\">Der gr\u00f6\u00dfte Fehler Lenins sei es gewesen, den Sozialismus durch einen hochzentralisierten Staat und ebensolche hochzentralisierte Partei durchzusetzen. Falsch ist es, die Oktoberrevolution auf Lenin zu personifizieren. Die Bolschewistische Revolution war f\u00fcr den Kurden ein Ergebnis der Auseinandersetzung Lenins mit dem ersten Weltkrieg<sup>15<\/sup>. Die beiden Revolutionen 1917, die letzte im Oktober, brachen trotz der Genialit\u00e4t Lenins und Stalins nicht subjektiv bedingt aus, \u201csondern kraft des Zusammentreffens besonderer Umst\u00e4nde und besonderer Bedingungen\u201c<sup>16<\/sup>.<\/span><\/p>\n<p style=\"text-align: justify;\"><span style=\"font-size: 12pt; font-family: verdana, geneva, sans-serif; color: #000000;\">Was strebt \u00d6calan an? Eine demokratisch-\u00f6kologische sich grunds\u00e4tzlich au\u00dferhalb von staatlicher Macht befindliche feminin ausgerichtete Gesellschaft als moralisches System ohne Diktatur des Proletariats. Das ist modisch und klingt chic. Ein moralisches System, in dem eine nachhaltige dialektische Beziehung mit der Natur besteht und das in seinem Inneren nicht auf Herrschaft beruht, sondern in dem das Gemeinwohl durch direkte Demokratie bestimmt wird<sup>17<\/sup>. Hohles Geschwafel eines Dutzendliberalen, der nicht begreift, dass nur durch die Diktatur des Proletariats hindurch die proletarische Demokratie abstirbt.\u00a0 \u00a0Desgleichen: Wenn die Gesellschaft nicht hierarchiefrei zu leben versteht, wird sie weiterhin einen Prozess legitimieren, der ihren Interessen widerspricht. Wir sehen, sein Werk strotzt nur so von Ausf\u00e4llen gegen den Marxismus-Leninismus. \u00a0Marx und Engels haben nicht, wie er uns glauben machen will, ein Gegen-System zum kapitalistischen System errichtet, die Diktatur des Proletariats ist ein absterbender Halbstaat, nach Engels schon kein Staat im eigentlichen Sinne mehr. Sie h\u00e4tten oberfl\u00e4chliche Analysen von Staat und Gesellschaft geliefert, sie h\u00e4tten nicht die Hegel\u2018sche Staatsanalyse \u00fcberwunden, nebenbei: Es gibt keine tiefere Kritik des Hegelschen Staatsrechts als die von Marx. Marx und Engels h\u00e4tten den Ausgang der Kapitalismusentwicklung nicht in den italienischen K\u00fcstenst\u00e4dten verortet, oh doch, siehe Engels: \u00dcber den Verfall des Feudalismus und das Aufkommen der Bourgeoisie (MEW 21,392), sie akzeptierten auch nicht die vulg\u00e4rmaterialistischste Form des Positivismus als Wissenschaftlichkeit, im Gegenteil. \u00d6calan will die b\u00fcrgerliche Soziologie beibehalten, es kann heute nur eine b\u00fcrgerlich-positivistische geben, der Marxismus-Leninismus stirbt als Anleitung zum proletarisch-revolution\u00e4ren Handeln im Kommunismus mit allen Gesellschaftswissenschaften ab, es gibt nur noch Naturwissenschaften, ein Hundsfott, wer das als Positivismus bezeichnet. Der Anarchismus m\u00fcsse nach dem Zusammenbruch der Sowjetunion neu bewertet werden, wir erinnern uns, Marx war Zentralist, \u00d6calan ist F\u00f6deralist. Nat\u00fcrlich bewertet er den Anarchismus positiver als den Sowjetmarxismus, die Anarchisten sind bedeutender f\u00fcr das Voranbringen der modernen moralischen Demokratie, mit denen die PKK B\u00fcndnisse eingehen sollte, mit den \u201eSowjetmarxisten\u201c reiche es zu Allianzen<sup>18<\/sup>. Es fiel oben das Wort \u2018haneb\u00fcchen\u2018. Die Frage erregt sich, ob die Texte wirklich von dem linken \u00d6calan stammen oder ob es sich um geschickte, irref\u00fchrende F\u00e4lschungen des t\u00fcrkischen Geheimdienstes handelt?<\/span><\/p>\n<p style=\"text-align: justify;\"><span style=\"font-size: 12pt; font-family: verdana, geneva, sans-serif; color: #000000;\">Nach dieser theoretischen Odyssee \u00d6calans kommen wir zur\u00fcck auf seine biografische. Imperialistische Geheimdienste verfolgten diesen \u00fcbersch\u00e4tzten Mann pausenlos, es gab Attentate, die allesamt scheiterten oder scheitern sollten. Die t\u00fcrkische Regierung \u00fcbte Druck auf das Assad Regime aus, \u00d6calan musste Syrien am 9. Oktober 1998 verlassen. Es begann eine Odyssee von \u00fcber 130 Tagen durch mehrere L\u00e4nder Europas, die ihn abwiesen. Die NATO und die T\u00fcrkei zwangen ihn, den Kontinent zu verlassen, er wollte nach S\u00fcdafrika, kam aber dort nie an. Am 15. Februar 1999 fiel er einem vom t\u00fcrkischen Geheimdienst gelenkten Geheimdienstkomplott zum Opfer, auch der griechische war daran beteiligt, er wurde aus Nairobi auf die Insel Imrali verschleppt, auf der am 29. Juni die Todesstrafe verh\u00e4ngt wurde. Seine Verteidigungsrede \u2018<em>Zur L\u00f6sung der kurdischen Frage. Visionen einer demokratischen Republik<\/em>\u2018 lie\u00df die t\u00fcrkischen Richter kalt, sie wurde im Gef\u00e4ngnis \u00fcberarbeitet und herausgeschmuggelt. Auf der Gef\u00e4ngnisinsel schrieb er auch das Buch \u2018<em>Jenseits von Staat, Macht und Gewalt<\/em>\u2018 (2004), in dem eine neue Art revolution\u00e4rer Partei skizziert wurde. \u00d6calan fokussierte sich auf seine politischen Konzepte mit Konf\u00f6deral-Strukturen, wir erinnern uns: Marx und Lenin waren Zentralisten und Verteidiger der Gro\u00dfraumproduktion, und auf seinen feministisch- \u00f6kologischen, wirrk\u00f6pfigen Mischmasch, wobei er als Kompilator, als Fischer in fremdes Gedankengut auftrat.<\/span><\/p>\n<p style=\"text-align: justify;\"><span style=\"font-size: 12pt; font-family: verdana, geneva, sans-serif; color: #000000;\">In den Jahren 2005 bis 2006 unterzeichneten 3,5 Millionen Kurden eine Erkl\u00e4rung, dass \u00d6calan sie politisch vertritt. Es gibt Belege, dass der t\u00fcrkische Geheimdienst \u00d6calan systematisch vergiftet<sup>19<\/sup>. Am 25. Juni 2015 begannen Kurden mit einer t\u00e4glichen Mahnwache vor dem Geb\u00e4ude des Europarates in Stra\u00dfburg, die bis heute andauert. \u00d6calan wird gefoltert, seine Freilassung ist ein Gebot der Menschlichkeit, zu der Faschisten unf\u00e4hig sind. Ja es stimmt, es liegen Ausf\u00e4lle gegen den Marxismus-Leninismus vor, aber nicht alles von ihm ist zu verwerfen, ein Beispiel: \u201cDas Leben unter Repression wird dargestellt, als sei es ein Naturgesetz. Die Ausbeutung wurde zu einer Lebensregel erh\u00f6ht\u201c<sup>20<\/sup>.<\/span><\/p>\n<ol style=\"text-align: justify;\">\n<li><span style=\"font-size: 10pt; font-family: verdana, geneva, sans-serif; color: #000000;\">Vergleiche Abdullah \u00d6calan: <em>Jenseits von Staat, Macht und Gewalt<\/em>, UNRAST Verlag,2019, Seite 80.<\/span><\/li>\n<li><span style=\"font-size: 10pt; font-family: verdana, geneva, sans-serif; color: #000000;\">a.O., Seite 63.<\/span><\/li>\n<li><span style=\"font-size: 10pt; font-family: verdana, geneva, sans-serif; color: #000000;\">Abdullah \u00d6calan: <em>Gef\u00e4ngnisschriften, Zivilisation und Wahrheit<\/em>, UNRAST Verlag M\u00fcnster, 2009,77<\/span><\/li>\n<li><span style=\"font-size: 10pt; font-family: verdana, geneva, sans-serif; color: #000000;\">Abdullah \u00d6calan: <em>Jenseits von Staat, Macht und Gewalt<\/em>, UNRAST Verlag,2019, Seite 66.<\/span><\/li>\n<li><span style=\"font-size: 10pt; font-family: verdana, geneva, sans-serif; color: #000000;\">Karl Marx: <em>Das Kapital<\/em>, Werke, Band 23, Dietz Verlag Berlin, 1960,791<\/span><\/li>\n<li><span style=\"font-size: 10pt; font-family: verdana, geneva, sans-serif; color: #000000;\">Vergleiche Abdullah \u00d6calan: <em>Gef\u00e4ngnisschriften, Zivilisation und Wahrheit<\/em>, UNRAST Verlag M\u00fcnster, 2009, Seite 67.<\/span><\/li>\n<li><span style=\"font-size: 10pt; font-family: verdana, geneva, sans-serif; color: #000000;\">Vergleich Stalin: <em>\u00dcber dialektischen und historischen Materialismus<\/em>, in: Geschichte der Kommunistischen Partei der Sowjetunion (Bolschewiki) Kurzer Lehrgang, Verlag der Sowjetischen Milit\u00e4rverwaltung, Berlin, 1946, Seite 138.<\/span><\/li>\n<li><span style=\"font-size: 10pt; font-family: verdana, geneva, sans-serif; color: #000000;\">Vergleiche Karl Marx, Friedrich Engels: <em>Manifest der Kommunistischen Partei<\/em>, Werke, Band 4, Dietz Verlag Berlin, 1960, Seite 464.<\/span><\/li>\n<li><span style=\"font-size: 10pt; font-family: verdana, geneva, sans-serif; color: #000000;\">Vergleiche a.a.O.<\/span><\/li>\n<li><span style=\"font-size: 10pt; font-family: verdana, geneva, sans-serif; color: #000000;\">a.O.<\/span><\/li>\n<li><span style=\"font-size: 10pt; font-family: verdana, geneva, sans-serif; color: #000000;\">Vergleiche Lenin: <em>Der Linke Radikalismus, die Kinderkrankheit im Kommunismus<\/em>, in: Lenin: Ausgew\u00e4hlte Werke, Progress Verlag, Moskau, 1975, Seite 582.<\/span><\/li>\n<li><span style=\"font-size: 10pt; font-family: verdana, geneva, sans-serif; color: #000000;\">Vergleiche Abdullah \u00d6calan: <em>Jenseits von Staat, Macht und Gewalt<\/em>, UNRAST Verlag, 2019, Seite 85 f.<\/span><\/li>\n<li><span style=\"font-size: 10pt; font-family: verdana, geneva, sans-serif; color: #000000;\">a.O., Seite 86.<\/span><\/li>\n<li><span style=\"font-size: 10pt; font-family: verdana, geneva, sans-serif; color: #000000;\">Vergleiche a.a.O, Seite 88.<\/span><\/li>\n<li><span style=\"font-size: 10pt; font-family: verdana, geneva, sans-serif; color: #000000;\">Vergleiche a.a.O., Seite 86.<\/span><\/li>\n<li><span style=\"font-size: 10pt; font-family: verdana, geneva, sans-serif; color: #000000;\">Lenin: <em>Referat auf dem II. Gesamtrussischen Gewerkschaftskongress<\/em>, Werke, Band 28, Dietz Verlag Berlin, 1960, Seite 435.<\/span><\/li>\n<li><span style=\"font-size: 10pt; font-family: verdana, geneva, sans-serif; color: #000000;\">Vergleiche Abdullah \u00d6calan: <em>Jenseits von Staat, Macht und Gewalt<\/em>, UNRAST Verlag, 2019, Seite 91.<\/span><\/li>\n<li><span style=\"font-size: 10pt; font-family: verdana, geneva, sans-serif; color: #000000;\">Abdullah \u00d6calan: <em>Soziologie der Freiheit<\/em>, UNRAST Verlag, 2009, Seite 374ff.<\/span><\/li>\n<li><span style=\"font-size: 10pt; font-family: verdana, geneva, sans-serif; color: #000000;\">Vergleiche: <em>Die Freiheit wird siegen<\/em>, Eine kurze politische Biografie Abdullah \u00d6calans, Internationale Initiative f\u00fcr die Freiheit Abdullah \u00d6calans, K\u00f6ln, 2023, Seite 38.<\/span><\/li>\n<li><span style=\"font-size: 10pt; font-family: verdana, geneva, sans-serif; color: #000000;\">Abdullah \u00d6calan: <em>Gef\u00e4ngnisschriften, Zivilisation und Wahrheit<\/em>, UNRAST Verlag M\u00fcnster, 2009, Seite 152.<\/span><\/li>\n<\/ol>\n<p style=\"text-align: justify;\"><span style=\"font-family: verdana, geneva, sans-serif; font-size: 10pt;\"><span style=\"color: #000000;\"><span style=\"color: #ffffff;\">.<\/span><br \/>\nDie Ausarbeitung fu\u00dft auf einer Vorlage von Heinz Ahlreip und erhebt nicht den Anspruch auf Vollst\u00e4ndigkeit. Einer Weiterbearbeitung und Erg\u00e4nzung zur gegebenen Zeit ist erforderlich.<br \/>\nEine Weiterver\u00f6ffentlichung des Textes ist gem\u00e4\u00df einer<\/span> <span style=\"color: #005a8c;\"><a style=\"color: #005a8c;\" href=\"https:\/\/creativecommons.org\/licenses\/by-nc-sa\/4.0\/deed.de\">Creative Commons 4.0 International Lizenz<\/a><\/span> <span style=\"color: #000000;\">ausdr\u00fccklich erw\u00fcnscht. (Unter gleichen Bedingungen: unkommerziell, Nennung der <span style=\"color: #005a8c;\"><a style=\"color: #005a8c;\" href=\"http:\/\/derwegzurpartei.de\/\">verlinkten Quelle<\/a><\/span> (\u00bbDer Weg zur Partei\u00ab) mit Erscheinungsdatum).<br \/>\n<span style=\"color: #ffffff;\">.<\/span><\/span><\/span><\/p>\n<p><span style=\"font-size: 14pt; font-family: verdana, geneva, sans-serif;\"><em><strong>Lest dazu bitte auch:<\/strong><\/em><\/span><\/p>\n<blockquote class=\"wp-embedded-content\" data-secret=\"Ie8Say9u0F\"><p><a href=\"https:\/\/rotermorgen.eu\/langer-marsch-in-koeln-von-polizeilichen-provokationen-ueberschatte\/\">Langer Marsch in K\u00f6ln von polizeilichen Provokationen \u00fcberschatte<\/a><\/p><\/blockquote>\n<p><iframe loading=\"lazy\" class=\"wp-embedded-content\" sandbox=\"allow-scripts\" security=\"restricted\" style=\"position: absolute; visibility: hidden;\" title=\"&#8222;Langer Marsch in K\u00f6ln von polizeilichen Provokationen \u00fcberschatte&#8220; &#8212; \" src=\"https:\/\/rotermorgen.eu\/langer-marsch-in-koeln-von-polizeilichen-provokationen-ueberschatte\/embed\/#?secret=xqv6RD80pl#?secret=Ie8Say9u0F\" data-secret=\"Ie8Say9u0F\" width=\"500\" height=\"282\" frameborder=\"0\" marginwidth=\"0\" marginheight=\"0\" scrolling=\"no\"><\/iframe><\/p>\n<blockquote class=\"wp-embedded-content\" data-secret=\"juvdmQPRJX\"><p><a href=\"https:\/\/rotermorgen.eu\/es-ist-ein-kampf-um-sein-oder-nichtsein-interview-mit-der-kurdischen-politikerin-besime-konca\/\">\u201eEs ist ein Kampf um Sein oder Nichtsein\u201c \u2013 Interview mit der kurdischen Politikerin Besime Konca<\/a><\/p><\/blockquote>\n<p><iframe loading=\"lazy\" class=\"wp-embedded-content\" sandbox=\"allow-scripts\" security=\"restricted\" style=\"position: absolute; visibility: hidden;\" title=\"&#8222;\u201eEs ist ein Kampf um Sein oder Nichtsein\u201c \u2013 Interview mit der kurdischen Politikerin Besime Konca&#8220; &#8212; \" src=\"https:\/\/rotermorgen.eu\/es-ist-ein-kampf-um-sein-oder-nichtsein-interview-mit-der-kurdischen-politikerin-besime-konca\/embed\/#?secret=FgZECXD9Zy#?secret=juvdmQPRJX\" data-secret=\"juvdmQPRJX\" width=\"500\" height=\"282\" frameborder=\"0\" marginwidth=\"0\" marginheight=\"0\" scrolling=\"no\"><\/iframe><\/p>\n<blockquote class=\"wp-embedded-content\" data-secret=\"ycyasAZcM4\"><p><a href=\"https:\/\/rotermorgen.eu\/warum-wir-kommunisten-das-demokratische-rojava-verteidigen\/\">Warum wir Kommunisten das demokratische Rojava verteidigen<\/a><\/p><\/blockquote>\n<p><iframe loading=\"lazy\" class=\"wp-embedded-content\" sandbox=\"allow-scripts\" security=\"restricted\" style=\"position: absolute; visibility: hidden;\" title=\"&#8222;Warum wir Kommunisten das demokratische Rojava verteidigen&#8220; &#8212; \" src=\"https:\/\/rotermorgen.eu\/warum-wir-kommunisten-das-demokratische-rojava-verteidigen\/embed\/#?secret=UnrnWkFFkK#?secret=ycyasAZcM4\" data-secret=\"ycyasAZcM4\" width=\"500\" height=\"282\" frameborder=\"0\" marginwidth=\"0\" marginheight=\"0\" scrolling=\"no\"><\/iframe><\/p>\n<p style=\"text-align: justify;\"><span style=\"font-family: verdana, geneva, sans-serif; font-size: 10pt;\"><br \/>\n<span style=\"color: #ffffff;\">.<\/span><br \/>\n<\/span><\/p>\n<p><span style=\"font-family: verdana, geneva, sans-serif; font-size: 14pt;\"><em><strong>Lest die Klassiker und studiert den Marxismus-Leninismus!<\/strong><\/em><\/span><\/p>\n<table>\n<tbody>\n<tr>\n<td><img loading=\"lazy\" decoding=\"async\" class=\"alignnone wp-image-25657\" src=\"https:\/\/rotermorgen.eu\/wp-content\/uploads\/2023\/03\/Untitled-design-5-209x300.png\" alt=\"\" width=\"227\" height=\"326\" \/><\/td>\n<td><a href=\"https:\/\/rotermorgen.eu\/wp-content\/uploads\/2023\/03\/6.png\" target=\"_blank\" rel=\"noopener\"><img loading=\"lazy\" decoding=\"async\" class=\"alignnone wp-image-25674\" src=\"https:\/\/rotermorgen.eu\/wp-content\/uploads\/2023\/03\/2-208x300.png\" alt=\"\" width=\"205\" height=\"296\" \/><\/a><\/td>\n<td><\/td>\n<td><img loading=\"lazy\" decoding=\"async\" class=\"alignnone wp-image-25658\" src=\"https:\/\/rotermorgen.eu\/wp-content\/uploads\/2023\/03\/7-Kopie-208x300.png\" alt=\"\" width=\"228\" height=\"329\" \/><\/td>\n<td><a href=\"https:\/\/rotermorgen.eu\/wp-content\/uploads\/2023\/03\/der.png\" target=\"_blank\" rel=\"noopener\"><img loading=\"lazy\" decoding=\"async\" class=\"alignnone size-medium wp-image-25673\" src=\"https:\/\/rotermorgen.eu\/wp-content\/uploads\/2023\/03\/1-Kopie-208x300.png\" alt=\"\" width=\"208\" height=\"300\" \/><\/a><\/td>\n<\/tr>\n<tr>\n<td style=\"text-align: center;\"><a href=\"https:\/\/www.booklooker.de\/B%C3%BCcher\/Angebote\/verlag=Roter+Morgen-Arbeitsgruppe-%27Der+Weg+zur+Partei%27\" target=\"_blank\" rel=\"noopener\"><span style=\"font-family: verdana, geneva, sans-serif; font-size: 10pt; color: #000000;\">bestellen<\/span><\/a><\/td>\n<td style=\"text-align: center;\"><a href=\"https:\/\/rotermorgen.eu\/wp-content\/uploads\/2022\/10\/Leseprobe_was_wollen.pdf\" target=\"_blank\" rel=\"noopener\"><span style=\"font-family: verdana, geneva, sans-serif;\"><span style=\"font-size: 10pt;\"><span style=\"color: #993300;\">LESEPROBE<\/span><\/span><\/span><\/a><\/td>\n<td style=\"text-align: center;\"><span style=\"color: #ffffff;\">&#8230;.<\/span><\/td>\n<td style=\"text-align: center;\"><a href=\"https:\/\/www.booklooker.de\/B%C3%BCcher\/Angebote\/verlag=Roter+Morgen-Arbeitsgruppe-%27Der+Weg+zur+Partei%27\" target=\"_blank\" rel=\"noopener\"><span style=\"font-family: verdana, geneva, sans-serif; font-size: 10pt; color: #000000;\">bestellen<\/span><\/a><\/td>\n<td style=\"text-align: center;\"><a href=\"https:\/\/rotermorgen.eu\/wp-content\/uploads\/2022\/12\/3Grundsaetze-Kopie.pdf\" target=\"_blank\" rel=\"noopener\"><span style=\"font-family: verdana, geneva, sans-serif; color: #000000;\"><span style=\"font-size: 10pt; color: #993300;\">LESEPROBE<\/span><\/span><\/a><\/td>\n<\/tr>\n<\/tbody>\n<\/table>\n<p style=\"text-align: center;\"><span style=\"font-family: verdana, geneva, sans-serif; font-size: 10pt; color: #000000;\"><span style=\"color: #ffffff;\">.<\/span><\/span><\/p>\n<p style=\"text-align: center;\"><span style=\"font-family: verdana, geneva, sans-serif; font-size: 10pt; color: #000000;\"><span style=\"color: #ffffff;\">.<\/span><br \/>\n<\/span><\/p>\n<p style=\"text-align: center;\"><span style=\"font-family: verdana, geneva, sans-serif; font-size: 10pt;\"><img loading=\"lazy\" decoding=\"async\" class=\" wp-image-23274 aligncenter\" src=\"https:\/\/rotermorgen.eu\/wp-content\/uploads\/2022\/11\/drtz-768x722-1-300x282.png\" alt=\"\" width=\"594\" height=\"558\" \/><span style=\"font-size: 14pt;\"><span style=\"font-size: 12pt;\">Mehr dazu:<\/span> <a href=\"mailto:Info@RoterMorgen.eu\" target=\"_blank\" rel=\"noopener\">Info@RoterMorgen.eu<\/a><\/span><\/span><\/p>\n","protected":false},"excerpt":{"rendered":"<div class=\"mh-excerpt\"><p>Redaktion \u2013 27. Februar 2025 Eine Delegation der kurdischen DEM-Partei hat heute, am 28. Februar 2025 auf einer Pressekonferenz im Elit World Hotel in Istanbul <a class=\"mh-excerpt-more\" href=\"https:\/\/www.deanreed.de\/AmericanRebel\/ak\/aufruf-von-abdullah-oecalan-fuer-frieden-und-eine-demokratische-gesellschaft\/\" title=\"Aufruf von Abdullah \u00d6calan f\u00fcr Frieden und eine demokratische Gesellschaft\">[&#8230;]<\/a><\/p>\n<\/div>","protected":false},"author":4,"featured_media":3087,"comment_status":"open","ping_status":"open","sticky":false,"template":"","format":"standard","meta":{"footnotes":""},"categories":[1],"tags":[625,581,626,641,551,552,627,571,585,576,533,369],"class_list":["post-3082","post","type-post","status-publish","format-standard","has-post-thumbnail","hentry","category-allgemein","tag-geschichtsluegen","tag-israel","tag-katyn","tag-palaestina","tag-roter_morgen","tag-rotermorgen","tag-russland","tag-stalin","tag-syrien","tag-zionismus","tag-ahlreip","tag-krieg"],"yoast_head":"<!-- This site is optimized with the Yoast SEO plugin v26.2 - https:\/\/yoast.com\/wordpress\/plugins\/seo\/ -->\n<title>Aufruf von Abdullah \u00d6calan f\u00fcr Frieden und eine demokratische Gesellschaft - Roter Morgen<\/title>\n<meta name=\"robots\" content=\"index, follow, max-snippet:-1, max-image-preview:large, max-video-preview:-1\" \/>\n<link rel=\"canonical\" href=\"http:\/\/www.deanreed.de\/AmericanRebel\/ak\/aufruf-von-abdullah-oecalan-fuer-frieden-und-eine-demokratische-gesellschaft\/\" \/>\n<meta property=\"og:locale\" content=\"de_DE\" \/>\n<meta property=\"og:type\" content=\"article\" \/>\n<meta property=\"og:title\" content=\"Aufruf von Abdullah \u00d6calan f\u00fcr Frieden und eine demokratische Gesellschaft - Roter Morgen\" \/>\n<meta property=\"og:description\" content=\"Redaktion \u2013 27. Februar 2025 Eine Delegation der kurdischen DEM-Partei hat heute, am 28. Februar 2025 auf einer Pressekonferenz im Elit World Hotel in Istanbul [...]\" \/>\n<meta property=\"og:url\" content=\"http:\/\/www.deanreed.de\/AmericanRebel\/ak\/aufruf-von-abdullah-oecalan-fuer-frieden-und-eine-demokratische-gesellschaft\/\" \/>\n<meta property=\"og:site_name\" content=\"Roter Morgen\" \/>\n<meta property=\"article:published_time\" content=\"2025-02-28T18:16:05+00:00\" \/>\n<meta property=\"article:modified_time\" content=\"2025-03-02T12:18:58+00:00\" \/>\n<meta property=\"og:image\" content=\"http:\/\/www.deanreed.de\/AmericanRebel\/ak\/wp-content\/uploads\/2025\/02\/155a832d-356d-47b1-9b60-ed3e9e452875.jpeg\" \/>\n\t<meta property=\"og:image:width\" content=\"640\" \/>\n\t<meta property=\"og:image:height\" content=\"460\" \/>\n\t<meta property=\"og:image:type\" content=\"image\/jpeg\" \/>\n<meta name=\"author\" content=\"Redaktion\" \/>\n<meta name=\"twitter:card\" content=\"summary_large_image\" \/>\n<meta name=\"twitter:label1\" content=\"Verfasst von\" \/>\n\t<meta name=\"twitter:data1\" content=\"Redaktion\" \/>\n\t<meta name=\"twitter:label2\" content=\"Gesch\u00e4tzte Lesezeit\" \/>\n\t<meta name=\"twitter:data2\" content=\"20\u00a0Minuten\" \/>\n<script type=\"application\/ld+json\" class=\"yoast-schema-graph\">{\"@context\":\"https:\/\/schema.org\",\"@graph\":[{\"@type\":\"WebPage\",\"@id\":\"http:\/\/www.deanreed.de\/AmericanRebel\/ak\/aufruf-von-abdullah-oecalan-fuer-frieden-und-eine-demokratische-gesellschaft\/\",\"url\":\"http:\/\/www.deanreed.de\/AmericanRebel\/ak\/aufruf-von-abdullah-oecalan-fuer-frieden-und-eine-demokratische-gesellschaft\/\",\"name\":\"Aufruf von Abdullah \u00d6calan f\u00fcr Frieden und eine demokratische Gesellschaft - Roter Morgen\",\"isPartOf\":{\"@id\":\"https:\/\/www.deanreed.de\/AmericanRebel\/ak\/#website\"},\"primaryImageOfPage\":{\"@id\":\"http:\/\/www.deanreed.de\/AmericanRebel\/ak\/aufruf-von-abdullah-oecalan-fuer-frieden-und-eine-demokratische-gesellschaft\/#primaryimage\"},\"image\":{\"@id\":\"http:\/\/www.deanreed.de\/AmericanRebel\/ak\/aufruf-von-abdullah-oecalan-fuer-frieden-und-eine-demokratische-gesellschaft\/#primaryimage\"},\"thumbnailUrl\":\"https:\/\/www.deanreed.de\/AmericanRebel\/ak\/wp-content\/uploads\/2025\/02\/155a832d-356d-47b1-9b60-ed3e9e452875.jpeg\",\"datePublished\":\"2025-02-28T18:16:05+00:00\",\"dateModified\":\"2025-03-02T12:18:58+00:00\",\"author\":{\"@id\":\"https:\/\/www.deanreed.de\/AmericanRebel\/ak\/#\/schema\/person\/1735e67eea57aea7611c691f571924c3\"},\"breadcrumb\":{\"@id\":\"http:\/\/www.deanreed.de\/AmericanRebel\/ak\/aufruf-von-abdullah-oecalan-fuer-frieden-und-eine-demokratische-gesellschaft\/#breadcrumb\"},\"inLanguage\":\"de\",\"potentialAction\":[{\"@type\":\"ReadAction\",\"target\":[\"http:\/\/www.deanreed.de\/AmericanRebel\/ak\/aufruf-von-abdullah-oecalan-fuer-frieden-und-eine-demokratische-gesellschaft\/\"]}]},{\"@type\":\"ImageObject\",\"inLanguage\":\"de\",\"@id\":\"http:\/\/www.deanreed.de\/AmericanRebel\/ak\/aufruf-von-abdullah-oecalan-fuer-frieden-und-eine-demokratische-gesellschaft\/#primaryimage\",\"url\":\"https:\/\/www.deanreed.de\/AmericanRebel\/ak\/wp-content\/uploads\/2025\/02\/155a832d-356d-47b1-9b60-ed3e9e452875.jpeg\",\"contentUrl\":\"https:\/\/www.deanreed.de\/AmericanRebel\/ak\/wp-content\/uploads\/2025\/02\/155a832d-356d-47b1-9b60-ed3e9e452875.jpeg\",\"width\":640,\"height\":460},{\"@type\":\"BreadcrumbList\",\"@id\":\"http:\/\/www.deanreed.de\/AmericanRebel\/ak\/aufruf-von-abdullah-oecalan-fuer-frieden-und-eine-demokratische-gesellschaft\/#breadcrumb\",\"itemListElement\":[{\"@type\":\"ListItem\",\"position\":1,\"name\":\"Startseite\",\"item\":\"https:\/\/www.deanreed.de\/AmericanRebel\/ak\/\"},{\"@type\":\"ListItem\",\"position\":2,\"name\":\"Aufruf von Abdullah \u00d6calan f\u00fcr Frieden und eine demokratische Gesellschaft\"}]},{\"@type\":\"WebSite\",\"@id\":\"https:\/\/www.deanreed.de\/AmericanRebel\/ak\/#website\",\"url\":\"https:\/\/www.deanreed.de\/AmericanRebel\/ak\/\",\"name\":\"Roter Morgen\",\"description\":\"Der Weg zur Partei\",\"potentialAction\":[{\"@type\":\"SearchAction\",\"target\":{\"@type\":\"EntryPoint\",\"urlTemplate\":\"https:\/\/www.deanreed.de\/AmericanRebel\/ak\/?s={search_term_string}\"},\"query-input\":{\"@type\":\"PropertyValueSpecification\",\"valueRequired\":true,\"valueName\":\"search_term_string\"}}],\"inLanguage\":\"de\"},{\"@type\":\"Person\",\"@id\":\"https:\/\/www.deanreed.de\/AmericanRebel\/ak\/#\/schema\/person\/1735e67eea57aea7611c691f571924c3\",\"name\":\"Redaktion\",\"url\":\"https:\/\/www.deanreed.de\/AmericanRebel\/ak\/author\/redaktion\/\"}]}<\/script>\n<!-- \/ Yoast SEO plugin. -->","yoast_head_json":{"title":"Aufruf von Abdullah \u00d6calan f\u00fcr Frieden und eine demokratische Gesellschaft - Roter Morgen","robots":{"index":"index","follow":"follow","max-snippet":"max-snippet:-1","max-image-preview":"max-image-preview:large","max-video-preview":"max-video-preview:-1"},"canonical":"http:\/\/www.deanreed.de\/AmericanRebel\/ak\/aufruf-von-abdullah-oecalan-fuer-frieden-und-eine-demokratische-gesellschaft\/","og_locale":"de_DE","og_type":"article","og_title":"Aufruf von Abdullah \u00d6calan f\u00fcr Frieden und eine demokratische Gesellschaft - Roter Morgen","og_description":"Redaktion \u2013 27. Februar 2025 Eine Delegation der kurdischen DEM-Partei hat heute, am 28. Februar 2025 auf einer Pressekonferenz im Elit World Hotel in Istanbul [...]","og_url":"http:\/\/www.deanreed.de\/AmericanRebel\/ak\/aufruf-von-abdullah-oecalan-fuer-frieden-und-eine-demokratische-gesellschaft\/","og_site_name":"Roter Morgen","article_published_time":"2025-02-28T18:16:05+00:00","article_modified_time":"2025-03-02T12:18:58+00:00","og_image":[{"width":640,"height":460,"url":"http:\/\/www.deanreed.de\/AmericanRebel\/ak\/wp-content\/uploads\/2025\/02\/155a832d-356d-47b1-9b60-ed3e9e452875.jpeg","type":"image\/jpeg"}],"author":"Redaktion","twitter_card":"summary_large_image","twitter_misc":{"Verfasst von":"Redaktion","Gesch\u00e4tzte Lesezeit":"20\u00a0Minuten"},"schema":{"@context":"https:\/\/schema.org","@graph":[{"@type":"WebPage","@id":"http:\/\/www.deanreed.de\/AmericanRebel\/ak\/aufruf-von-abdullah-oecalan-fuer-frieden-und-eine-demokratische-gesellschaft\/","url":"http:\/\/www.deanreed.de\/AmericanRebel\/ak\/aufruf-von-abdullah-oecalan-fuer-frieden-und-eine-demokratische-gesellschaft\/","name":"Aufruf von Abdullah \u00d6calan f\u00fcr Frieden und eine demokratische Gesellschaft - Roter Morgen","isPartOf":{"@id":"https:\/\/www.deanreed.de\/AmericanRebel\/ak\/#website"},"primaryImageOfPage":{"@id":"http:\/\/www.deanreed.de\/AmericanRebel\/ak\/aufruf-von-abdullah-oecalan-fuer-frieden-und-eine-demokratische-gesellschaft\/#primaryimage"},"image":{"@id":"http:\/\/www.deanreed.de\/AmericanRebel\/ak\/aufruf-von-abdullah-oecalan-fuer-frieden-und-eine-demokratische-gesellschaft\/#primaryimage"},"thumbnailUrl":"https:\/\/www.deanreed.de\/AmericanRebel\/ak\/wp-content\/uploads\/2025\/02\/155a832d-356d-47b1-9b60-ed3e9e452875.jpeg","datePublished":"2025-02-28T18:16:05+00:00","dateModified":"2025-03-02T12:18:58+00:00","author":{"@id":"https:\/\/www.deanreed.de\/AmericanRebel\/ak\/#\/schema\/person\/1735e67eea57aea7611c691f571924c3"},"breadcrumb":{"@id":"http:\/\/www.deanreed.de\/AmericanRebel\/ak\/aufruf-von-abdullah-oecalan-fuer-frieden-und-eine-demokratische-gesellschaft\/#breadcrumb"},"inLanguage":"de","potentialAction":[{"@type":"ReadAction","target":["http:\/\/www.deanreed.de\/AmericanRebel\/ak\/aufruf-von-abdullah-oecalan-fuer-frieden-und-eine-demokratische-gesellschaft\/"]}]},{"@type":"ImageObject","inLanguage":"de","@id":"http:\/\/www.deanreed.de\/AmericanRebel\/ak\/aufruf-von-abdullah-oecalan-fuer-frieden-und-eine-demokratische-gesellschaft\/#primaryimage","url":"https:\/\/www.deanreed.de\/AmericanRebel\/ak\/wp-content\/uploads\/2025\/02\/155a832d-356d-47b1-9b60-ed3e9e452875.jpeg","contentUrl":"https:\/\/www.deanreed.de\/AmericanRebel\/ak\/wp-content\/uploads\/2025\/02\/155a832d-356d-47b1-9b60-ed3e9e452875.jpeg","width":640,"height":460},{"@type":"BreadcrumbList","@id":"http:\/\/www.deanreed.de\/AmericanRebel\/ak\/aufruf-von-abdullah-oecalan-fuer-frieden-und-eine-demokratische-gesellschaft\/#breadcrumb","itemListElement":[{"@type":"ListItem","position":1,"name":"Startseite","item":"https:\/\/www.deanreed.de\/AmericanRebel\/ak\/"},{"@type":"ListItem","position":2,"name":"Aufruf von Abdullah \u00d6calan f\u00fcr Frieden und eine demokratische Gesellschaft"}]},{"@type":"WebSite","@id":"https:\/\/www.deanreed.de\/AmericanRebel\/ak\/#website","url":"https:\/\/www.deanreed.de\/AmericanRebel\/ak\/","name":"Roter Morgen","description":"Der Weg zur Partei","potentialAction":[{"@type":"SearchAction","target":{"@type":"EntryPoint","urlTemplate":"https:\/\/www.deanreed.de\/AmericanRebel\/ak\/?s={search_term_string}"},"query-input":{"@type":"PropertyValueSpecification","valueRequired":true,"valueName":"search_term_string"}}],"inLanguage":"de"},{"@type":"Person","@id":"https:\/\/www.deanreed.de\/AmericanRebel\/ak\/#\/schema\/person\/1735e67eea57aea7611c691f571924c3","name":"Redaktion","url":"https:\/\/www.deanreed.de\/AmericanRebel\/ak\/author\/redaktion\/"}]}},"_links":{"self":[{"href":"https:\/\/www.deanreed.de\/AmericanRebel\/ak\/wp-json\/wp\/v2\/posts\/3082","targetHints":{"allow":["GET"]}}],"collection":[{"href":"https:\/\/www.deanreed.de\/AmericanRebel\/ak\/wp-json\/wp\/v2\/posts"}],"about":[{"href":"https:\/\/www.deanreed.de\/AmericanRebel\/ak\/wp-json\/wp\/v2\/types\/post"}],"author":[{"embeddable":true,"href":"https:\/\/www.deanreed.de\/AmericanRebel\/ak\/wp-json\/wp\/v2\/users\/4"}],"replies":[{"embeddable":true,"href":"https:\/\/www.deanreed.de\/AmericanRebel\/ak\/wp-json\/wp\/v2\/comments?post=3082"}],"version-history":[{"count":11,"href":"https:\/\/www.deanreed.de\/AmericanRebel\/ak\/wp-json\/wp\/v2\/posts\/3082\/revisions"}],"predecessor-version":[{"id":3118,"href":"https:\/\/www.deanreed.de\/AmericanRebel\/ak\/wp-json\/wp\/v2\/posts\/3082\/revisions\/3118"}],"wp:featuredmedia":[{"embeddable":true,"href":"https:\/\/www.deanreed.de\/AmericanRebel\/ak\/wp-json\/wp\/v2\/media\/3087"}],"wp:attachment":[{"href":"https:\/\/www.deanreed.de\/AmericanRebel\/ak\/wp-json\/wp\/v2\/media?parent=3082"}],"wp:term":[{"taxonomy":"category","embeddable":true,"href":"https:\/\/www.deanreed.de\/AmericanRebel\/ak\/wp-json\/wp\/v2\/categories?post=3082"},{"taxonomy":"post_tag","embeddable":true,"href":"https:\/\/www.deanreed.de\/AmericanRebel\/ak\/wp-json\/wp\/v2\/tags?post=3082"}],"curies":[{"name":"wp","href":"https:\/\/api.w.org\/{rel}","templated":true}]}}