{"id":2481,"date":"2023-10-10T09:43:10","date_gmt":"2023-10-10T07:43:10","guid":{"rendered":"http:\/\/www.deanreed.de\/AmericanRebel\/ak\/?p=2481"},"modified":"2023-10-13T21:43:37","modified_gmt":"2023-10-13T19:43:37","slug":"zerschlagt-die-pro-israelischen-demonstrationen","status":"publish","type":"post","link":"https:\/\/www.deanreed.de\/AmericanRebel\/ak\/zerschlagt-die-pro-israelischen-demonstrationen\/","title":{"rendered":"Zerschlagt die pro-israelischen Demonstrationen"},"content":{"rendered":"<blockquote><p><span style=\"font-size: 12pt; font-family: verdana, geneva, sans-serif;\"><span style=\"color: #808080;\"><em>Heinz Ahlreip<\/em><\/span><\/span><\/p><\/blockquote>\n<figure id=\"attachment_2334\" aria-describedby=\"caption-attachment-2334\" style=\"width: 102px\" class=\"wp-caption alignleft\"><img loading=\"lazy\" decoding=\"async\" class=\" wp-image-2334\" src=\"http:\/\/www.deanreed.de\/AmericanRebel\/ak\/wp-content\/uploads\/2023\/05\/Heinz-Ahlreip-2-216x300-1.png\" alt=\"\" width=\"102\" height=\"142\" \/><figcaption id=\"caption-attachment-2334\" class=\"wp-caption-text\">Heinz Ahlreip<\/figcaption><\/figure>\n<p style=\"text-align: justify;\"><span style=\"color: #000000; font-family: verdana, geneva, sans-serif; font-size: 12pt;\"><strong>Im Fr\u00fchwerk von Karl Marx gibt es zwei wichtige Hinweise zur Judenfrage. Vor der Revolution von 1848 ging es um die Frage, ob die Juden die gleichen staatsb\u00fcrgerlichen Rechte genie\u00dfen sollen wie die Christen. Die Revolution in Frankreich hatte das 1789 erreicht. <\/strong><\/span><\/p>\n<p style=\"text-align: justify;\"><span style=\"color: #000000; font-family: verdana, geneva, sans-serif; font-size: 12pt;\"><strong>Im Herbst 1843<\/strong> bezeichnet Marx den Juden als asozial <\/span><span style=\"color: #000000; font-family: verdana, geneva, sans-serif; font-size: 12pt;\">(Vergleiche Karl Marx, Zur Judenfrage, Werke, Band 1, Dietz Verlag Berlin, 1960, seite 372).<\/span><br \/>\n<span style=\"color: #000000; font-family: verdana, geneva, sans-serif; font-size: 12pt;\">Im Fr\u00fchjahr 1845 schreibt er, dass der Philosoph Feuerbach nur \u00fcber einen schmutzig j\u00fcdischen Praxisbegriff verf\u00fcge.<\/span><br \/>\n<span style=\"color: #000000; font-family: verdana, geneva, sans-serif; font-size: 12pt;\">(Vergleiche Karl Marx, Thesen \u00fcber Feuerbach, Werke, Band 3, Dietz Verlag Berlin, 1960, Seite 5) <\/span><span style=\"color: #000000; font-family: verdana, geneva, sans-serif; font-size: 12pt;\">Das erste ist eine nicht rassistische Aussage, Marx hat eindeutig den <em><strong>Geld-, den Schacherjuden im Auge<\/strong><\/em>, nicht den proletarischen, das zweite verweist auf eine saubere j\u00fcdische Praxis.\u00a0<\/span><\/p>\n<p style=\"text-align: justify;\"><span style=\"color: #000000; font-family: verdana, geneva, sans-serif; font-size: 12pt;\"><strong>Diese Differenzierungen<\/strong> sind aufschlussreich, f\u00fcr uns obligatorisch, bei einem Thema, das zu 99% einer fehlerhaften Pauschalisierung unterliegt. Die b\u00fcrgerliche Ideologie kann kein wissenschaftliches Niveau erreichen, nur ein Wischiwaschi: Der Jude, der Pal\u00e4stinenser, der Ami, der Russe, der Deutsche \u2026 und so meinen sie politisch mitreden zu d\u00fcrfen. Die Bourgeoisie ist allerdings der dummdreiste Wortf\u00fchrer des von der <em>Springerpresse<\/em> verseuchten, <em>politplumpen Mobs<\/em>, was die b\u00fcrgerlichen Massenmedien von sich geben, kann kein wissenschaftliches Niveau haben. Nie ist die Rede vom Proletariat Tel Avivs und vom Landproletariat in seiner Umgebung, nie die Rede von den Schacherbankiers Tel Avivs, die mit den Wallstreetjuden unter einer Decke stecken, um aus Raffgier ganze Vegetationen und ganze V\u00f6lker dahinzuraffen.<\/span><\/p>\n<blockquote><p><span style=\"color: #000000; font-family: verdana, geneva, sans-serif; font-size: 12pt;\"><em>Der proletarische Jude, der j\u00fcdische Kleinbauer, den es ja wohl gibt, von dem aber in den oberfl\u00e4chlichen b\u00fcrgerlichen Massenmedien nie die Rede ist, das sind unserer <strong>Volksfreunde<\/strong>, die finanzkapitalistischen Judenhaie, das sind unsere widerlichsten <strong>Volksfeinde<\/strong>. <\/em><\/span><\/p><\/blockquote>\n<p style=\"text-align: justify;\"><span style=\"color: #000000; font-family: verdana, geneva, sans-serif; font-size: 12pt;\">Es muss einen berechtigten Judenhass im deutschen Volk geben und es gibt ihn auch, allerdings unterscheidet sich der linke soziale diametral vom rechtsrassistischen.\u00a0<\/span><\/p>\n<p style=\"text-align: justify;\"><span style=\"color: #000000; font-family: verdana, geneva, sans-serif; font-size: 12pt;\"><strong>Das perverseste Verbrechen<\/strong> in der Weltgeschichte, der Holocaust, die industriem\u00e4\u00dfig betriebene Ausrottung einer ganzen RASSE, darf nicht dazu missbraucht werden, dass marxistisch-leninistische KLASSENk\u00e4mpfer ihre dialektische Theorie \u00fcber Bord werfen, um Krokodilstr\u00e4nen f\u00fcr den Hauptfeind, den B\u00f6rsenjuden zu vergie\u00dfen. Wir haben ein klares Feindbild, einen <em><strong>gesunden Klassenhass<\/strong><\/em> und einen st\u00e4ndigen fanatischen Vernichtungswillen gegen\u00fcber dem b\u00fcrgerlich-j\u00fcdischen Schmarotzerstaat. Wir m\u00fcssen immer eingedenk sein, dass es auch eine saubere j\u00fcdische Praxis gibt, das sind die Fr\u00fcchte, die die flei\u00dfigen und ausgebeuteten Juden hervorbringen, die das Weltkulturerbe bereichern. Die wissenschaftlichen Leistungen eines Spinozas (Niederl\u00e4ndischer Philosoph 1632 \u2013 1677) sind nicht hochgenug einzusch\u00e4tzen.\u00a0<\/span><\/p>\n<p><span style=\"color: #000000; font-family: verdana, geneva, sans-serif; font-size: 12pt;\"><strong>Wie die Anarchisten<\/strong> arbeiten auch die Marxisten-Leninisten weltweit an der Vernichtung aller b\u00fcrgerlichen Staaten hin, aber vorrangig an den widerw\u00e4rtigsten, dem israelitischen und dem US-amerikanischen, die die hebr\u00e4ische und die christliche Bibel zum Grundstein haben, auf die sie sich berufen. Die aus Anlass des Hamas-\u00dcberfalls zurzeit in Deutschland stattfindenden pro-israelischen Demonstrationen dienen der Erhaltung des israelischen Staates und ein sozialdemokratischer Kanzler sollte seinen marxistischen Wurzeln gem\u00e4\u00df diese sofort verbieten. Das Gegenteil ist der Fall. Am 8.10.23 gab er (O. Scholz) zu Protokoll: <em>\u201eDie Sicherheit Israels ist deutsche Staatsr\u00e4son \u2026 Und entsprechend werden wir handeln\u201c<\/em> (google: demo berlin israel). \u00a0Eine eindeutig pro-israelische Parteiergreifung, ein Mann auf Dummenfang mit Androhung konterrevolution\u00e4rer Schandtaten. Es ist ein Kotau<sup>1<\/sup> vor den Juden, die Marx asozial nannte, ein Kotau vor dem schmutzigen Schacher, vor dem Kapital. <em><strong>Jetzt sehen alle fortschrittlichen Menschen weltweit, dass Scholz ein Volksfeind des israelischen Volkes ist.<br \/>\n<\/strong><\/em><\/span><\/p>\n<ol>\n<li><span style=\"font-family: verdana, geneva, sans-serif;\">Ehrenbezeugung, Verbeugung<\/span><\/li>\n<\/ol>\n<p style=\"text-align: justify;\"><span style=\"font-family: verdana, geneva, sans-serif; font-size: 10pt; color: #ffffff;\">.<\/span><br \/>\n<span style=\"font-family: verdana, geneva, sans-serif; font-size: 10pt; background-color: #e3e3e3;\">Eine Weiterver\u00f6ffentlichung des Textes ist gem\u00e4\u00df einer <a style=\"color: #000000; background-color: #e3e3e3;\" href=\"https:\/\/creativecommons.org\/licenses\/by-nc-sa\/4.0\/deed.de\">Creative Commons 4.0 International Lizenz<\/a> ausdr\u00fccklich erw\u00fcnscht. (Unter gleichen Bedingungen: unkommerziell, Nennung der <a style=\"color: #000000; background-color: #e3e3e3;\" href=\"http:\/\/derwegzurpartei.de\/\">verlinkten Quelle<\/a> (\u00bbDer Weg zur Partei\u00ab) mit Erscheinungsdatum).<br \/>\n<\/span><span style=\"color: #ffffff;\">.<\/span><\/p>\n<p style=\"text-align: center;\"><span style=\"font-size: 14pt; font-family: verdana, geneva, sans-serif;\"><em><strong>Lest die Klassiker und studiert den Marxismus-Leninismus!<\/strong><\/em><\/span><\/p>\n<table>\n<tbody>\n<tr>\n<td><img loading=\"lazy\" decoding=\"async\" class=\"alignnone wp-image-25657\" src=\"https:\/\/rotermorgen.eu\/wp-content\/uploads\/2023\/03\/Untitled-design-5-209x300.png\" alt=\"\" width=\"227\" height=\"326\" \/><\/td>\n<td><a href=\"https:\/\/rotermorgen.eu\/wp-content\/uploads\/2023\/03\/6.png\" target=\"_blank\" rel=\"noopener\"><img loading=\"lazy\" decoding=\"async\" class=\"alignnone wp-image-25674\" src=\"https:\/\/rotermorgen.eu\/wp-content\/uploads\/2023\/03\/2-208x300.png\" alt=\"\" width=\"205\" height=\"296\" \/><\/a><\/td>\n<td><\/td>\n<td><img loading=\"lazy\" decoding=\"async\" class=\"alignnone wp-image-25658\" src=\"https:\/\/rotermorgen.eu\/wp-content\/uploads\/2023\/03\/7-Kopie-208x300.png\" alt=\"\" width=\"228\" height=\"329\" \/><\/td>\n<td><a href=\"https:\/\/rotermorgen.eu\/wp-content\/uploads\/2023\/03\/der.png\" target=\"_blank\" rel=\"noopener\"><img loading=\"lazy\" decoding=\"async\" class=\"alignnone size-medium wp-image-25673\" src=\"https:\/\/rotermorgen.eu\/wp-content\/uploads\/2023\/03\/1-Kopie-208x300.png\" alt=\"\" width=\"208\" height=\"300\" \/><\/a><\/td>\n<\/tr>\n<tr>\n<td style=\"text-align: center;\"><a href=\"https:\/\/www.booklooker.de\/B%C3%BCcher\/Angebote\/verlag=Roter+Morgen-Arbeitsgruppe-%27Der+Weg+zur+Partei%27\" target=\"_blank\" rel=\"noopener\"><span style=\"font-family: verdana, geneva, sans-serif; font-size: 10pt; color: #000000;\">bestellen<\/span><\/a><\/td>\n<td style=\"text-align: center;\"><a href=\"https:\/\/rotermorgen.eu\/wp-content\/uploads\/2022\/10\/Leseprobe_was_wollen.pdf\" target=\"_blank\" rel=\"noopener\"><span style=\"font-family: verdana, geneva, sans-serif;\"><span style=\"font-size: 10pt;\"><span style=\"color: #993300;\">LESEPROBE<\/span><\/span><\/span><\/a><\/td>\n<td style=\"text-align: center;\"><span style=\"color: #ffffff;\">&#8230;.<\/span><\/td>\n<td style=\"text-align: center;\"><a href=\"https:\/\/www.booklooker.de\/B%C3%BCcher\/Angebote\/verlag=Roter+Morgen-Arbeitsgruppe-%27Der+Weg+zur+Partei%27\" target=\"_blank\" rel=\"noopener\"><span style=\"font-family: verdana, geneva, sans-serif; font-size: 10pt; color: #000000;\">bestellen<\/span><\/a><\/td>\n<td style=\"text-align: center;\"><a href=\"https:\/\/rotermorgen.eu\/wp-content\/uploads\/2022\/12\/3Grundsaetze-Kopie.pdf\" target=\"_blank\" rel=\"noopener\"><span style=\"font-family: verdana, geneva, sans-serif; color: #000000;\"><span style=\"font-size: 10pt; color: #993300;\">LESEPROBE<\/span><\/span><\/a><\/td>\n<\/tr>\n<\/tbody>\n<\/table>\n<p style=\"text-align: center;\"><span style=\"font-family: verdana, geneva, sans-serif; font-size: 10pt; color: #000000;\"><span style=\"color: #ffffff;\">.<\/span><\/span><\/p>\n<p style=\"text-align: center;\"><span style=\"font-family: verdana, geneva, sans-serif; font-size: 10pt; color: #000000;\"><span style=\"color: #ffffff;\">.<\/span><br \/>\n<\/span><\/p>\n<p style=\"text-align: center;\"><span style=\"font-family: verdana, geneva, sans-serif; font-size: 10pt;\"><img loading=\"lazy\" decoding=\"async\" class=\" wp-image-23274 aligncenter\" src=\"https:\/\/rotermorgen.eu\/wp-content\/uploads\/2022\/11\/drtz-768x722-1-300x282.png\" alt=\"\" width=\"594\" height=\"558\" \/><span style=\"font-size: 14pt;\"><span style=\"font-size: 12pt;\">Mehr dazu:<\/span> <a href=\"mailto:Info@RoterMorgen.eu\" target=\"_blank\" rel=\"noopener\">Info@RoterMorgen.eu<\/a><\/span><\/span><\/p>\n","protected":false},"excerpt":{"rendered":"<div class=\"mh-excerpt\"><p>Heinz Ahlreip Im Fr\u00fchwerk von Karl Marx gibt es zwei wichtige Hinweise zur Judenfrage. Vor der Revolution von 1848 ging es um die Frage, ob <a class=\"mh-excerpt-more\" href=\"https:\/\/www.deanreed.de\/AmericanRebel\/ak\/zerschlagt-die-pro-israelischen-demonstrationen\/\" title=\"Zerschlagt die pro-israelischen Demonstrationen\">[&#8230;]<\/a><\/p>\n<\/div>","protected":false},"author":4,"featured_media":2483,"comment_status":"open","ping_status":"open","sticky":false,"template":"","format":"standard","meta":{"footnotes":""},"categories":[1],"tags":[],"class_list":["post-2481","post","type-post","status-publish","format-standard","has-post-thumbnail","hentry","category-allgemein"],"yoast_head":"<!-- This site is optimized with the Yoast SEO plugin v26.2 - https:\/\/yoast.com\/wordpress\/plugins\/seo\/ -->\n<title>Zerschlagt die pro-israelischen Demonstrationen - Roter Morgen<\/title>\n<meta name=\"robots\" content=\"index, follow, max-snippet:-1, max-image-preview:large, max-video-preview:-1\" \/>\n<link rel=\"canonical\" href=\"https:\/\/www.deanreed.de\/AmericanRebel\/ak\/zerschlagt-die-pro-israelischen-demonstrationen\/\" \/>\n<meta property=\"og:locale\" content=\"de_DE\" \/>\n<meta property=\"og:type\" content=\"article\" \/>\n<meta property=\"og:title\" content=\"Zerschlagt die pro-israelischen Demonstrationen - Roter Morgen\" \/>\n<meta property=\"og:description\" content=\"Heinz Ahlreip Im Fr\u00fchwerk von Karl Marx gibt es zwei wichtige Hinweise zur Judenfrage. Vor der Revolution von 1848 ging es um die Frage, ob [...]\" \/>\n<meta property=\"og:url\" content=\"https:\/\/www.deanreed.de\/AmericanRebel\/ak\/zerschlagt-die-pro-israelischen-demonstrationen\/\" \/>\n<meta property=\"og:site_name\" content=\"Roter Morgen\" \/>\n<meta property=\"article:published_time\" content=\"2023-10-10T07:43:10+00:00\" \/>\n<meta property=\"article:modified_time\" content=\"2023-10-13T19:43:37+00:00\" \/>\n<meta property=\"og:image\" content=\"https:\/\/www.deanreed.de\/AmericanRebel\/ak\/wp-content\/uploads\/2023\/10\/Hamas-Solikundgebungen-678x381-1.jpeg\" \/>\n\t<meta property=\"og:image:width\" content=\"640\" \/>\n\t<meta property=\"og:image:height\" content=\"460\" \/>\n\t<meta property=\"og:image:type\" content=\"image\/jpeg\" \/>\n<meta name=\"author\" content=\"Redaktion\" \/>\n<meta name=\"twitter:card\" content=\"summary_large_image\" \/>\n<meta name=\"twitter:label1\" content=\"Verfasst von\" \/>\n\t<meta name=\"twitter:data1\" content=\"Redaktion\" \/>\n\t<meta name=\"twitter:label2\" content=\"Gesch\u00e4tzte Lesezeit\" \/>\n\t<meta name=\"twitter:data2\" content=\"4\u00a0Minuten\" \/>\n<script type=\"application\/ld+json\" class=\"yoast-schema-graph\">{\"@context\":\"https:\/\/schema.org\",\"@graph\":[{\"@type\":\"WebPage\",\"@id\":\"https:\/\/www.deanreed.de\/AmericanRebel\/ak\/zerschlagt-die-pro-israelischen-demonstrationen\/\",\"url\":\"https:\/\/www.deanreed.de\/AmericanRebel\/ak\/zerschlagt-die-pro-israelischen-demonstrationen\/\",\"name\":\"Zerschlagt die pro-israelischen Demonstrationen - Roter Morgen\",\"isPartOf\":{\"@id\":\"https:\/\/www.deanreed.de\/AmericanRebel\/ak\/#website\"},\"primaryImageOfPage\":{\"@id\":\"https:\/\/www.deanreed.de\/AmericanRebel\/ak\/zerschlagt-die-pro-israelischen-demonstrationen\/#primaryimage\"},\"image\":{\"@id\":\"https:\/\/www.deanreed.de\/AmericanRebel\/ak\/zerschlagt-die-pro-israelischen-demonstrationen\/#primaryimage\"},\"thumbnailUrl\":\"https:\/\/www.deanreed.de\/AmericanRebel\/ak\/wp-content\/uploads\/2023\/10\/Hamas-Solikundgebungen-678x381-1.jpeg\",\"datePublished\":\"2023-10-10T07:43:10+00:00\",\"dateModified\":\"2023-10-13T19:43:37+00:00\",\"author\":{\"@id\":\"https:\/\/www.deanreed.de\/AmericanRebel\/ak\/#\/schema\/person\/1735e67eea57aea7611c691f571924c3\"},\"breadcrumb\":{\"@id\":\"https:\/\/www.deanreed.de\/AmericanRebel\/ak\/zerschlagt-die-pro-israelischen-demonstrationen\/#breadcrumb\"},\"inLanguage\":\"de\",\"potentialAction\":[{\"@type\":\"ReadAction\",\"target\":[\"https:\/\/www.deanreed.de\/AmericanRebel\/ak\/zerschlagt-die-pro-israelischen-demonstrationen\/\"]}]},{\"@type\":\"ImageObject\",\"inLanguage\":\"de\",\"@id\":\"https:\/\/www.deanreed.de\/AmericanRebel\/ak\/zerschlagt-die-pro-israelischen-demonstrationen\/#primaryimage\",\"url\":\"https:\/\/www.deanreed.de\/AmericanRebel\/ak\/wp-content\/uploads\/2023\/10\/Hamas-Solikundgebungen-678x381-1.jpeg\",\"contentUrl\":\"https:\/\/www.deanreed.de\/AmericanRebel\/ak\/wp-content\/uploads\/2023\/10\/Hamas-Solikundgebungen-678x381-1.jpeg\",\"width\":640,\"height\":460,\"caption\":\"Solidarit\u00e4tskundgebungen f\u00fcr die Hamas in vielen arabischen St\u00e4dten | Photo: Videoscan YouTube\"},{\"@type\":\"BreadcrumbList\",\"@id\":\"https:\/\/www.deanreed.de\/AmericanRebel\/ak\/zerschlagt-die-pro-israelischen-demonstrationen\/#breadcrumb\",\"itemListElement\":[{\"@type\":\"ListItem\",\"position\":1,\"name\":\"Startseite\",\"item\":\"https:\/\/www.deanreed.de\/AmericanRebel\/ak\/\"},{\"@type\":\"ListItem\",\"position\":2,\"name\":\"Zerschlagt die pro-israelischen Demonstrationen\"}]},{\"@type\":\"WebSite\",\"@id\":\"https:\/\/www.deanreed.de\/AmericanRebel\/ak\/#website\",\"url\":\"https:\/\/www.deanreed.de\/AmericanRebel\/ak\/\",\"name\":\"Roter Morgen\",\"description\":\"Der Weg zur Partei\",\"potentialAction\":[{\"@type\":\"SearchAction\",\"target\":{\"@type\":\"EntryPoint\",\"urlTemplate\":\"https:\/\/www.deanreed.de\/AmericanRebel\/ak\/?s={search_term_string}\"},\"query-input\":{\"@type\":\"PropertyValueSpecification\",\"valueRequired\":true,\"valueName\":\"search_term_string\"}}],\"inLanguage\":\"de\"},{\"@type\":\"Person\",\"@id\":\"https:\/\/www.deanreed.de\/AmericanRebel\/ak\/#\/schema\/person\/1735e67eea57aea7611c691f571924c3\",\"name\":\"Redaktion\",\"url\":\"https:\/\/www.deanreed.de\/AmericanRebel\/ak\/author\/redaktion\/\"}]}<\/script>\n<!-- \/ Yoast SEO plugin. -->","yoast_head_json":{"title":"Zerschlagt die pro-israelischen Demonstrationen - Roter Morgen","robots":{"index":"index","follow":"follow","max-snippet":"max-snippet:-1","max-image-preview":"max-image-preview:large","max-video-preview":"max-video-preview:-1"},"canonical":"https:\/\/www.deanreed.de\/AmericanRebel\/ak\/zerschlagt-die-pro-israelischen-demonstrationen\/","og_locale":"de_DE","og_type":"article","og_title":"Zerschlagt die pro-israelischen Demonstrationen - Roter Morgen","og_description":"Heinz Ahlreip Im Fr\u00fchwerk von Karl Marx gibt es zwei wichtige Hinweise zur Judenfrage. Vor der Revolution von 1848 ging es um die Frage, ob [...]","og_url":"https:\/\/www.deanreed.de\/AmericanRebel\/ak\/zerschlagt-die-pro-israelischen-demonstrationen\/","og_site_name":"Roter Morgen","article_published_time":"2023-10-10T07:43:10+00:00","article_modified_time":"2023-10-13T19:43:37+00:00","og_image":[{"width":640,"height":460,"url":"https:\/\/www.deanreed.de\/AmericanRebel\/ak\/wp-content\/uploads\/2023\/10\/Hamas-Solikundgebungen-678x381-1.jpeg","type":"image\/jpeg"}],"author":"Redaktion","twitter_card":"summary_large_image","twitter_misc":{"Verfasst von":"Redaktion","Gesch\u00e4tzte Lesezeit":"4\u00a0Minuten"},"schema":{"@context":"https:\/\/schema.org","@graph":[{"@type":"WebPage","@id":"https:\/\/www.deanreed.de\/AmericanRebel\/ak\/zerschlagt-die-pro-israelischen-demonstrationen\/","url":"https:\/\/www.deanreed.de\/AmericanRebel\/ak\/zerschlagt-die-pro-israelischen-demonstrationen\/","name":"Zerschlagt die pro-israelischen Demonstrationen - Roter Morgen","isPartOf":{"@id":"https:\/\/www.deanreed.de\/AmericanRebel\/ak\/#website"},"primaryImageOfPage":{"@id":"https:\/\/www.deanreed.de\/AmericanRebel\/ak\/zerschlagt-die-pro-israelischen-demonstrationen\/#primaryimage"},"image":{"@id":"https:\/\/www.deanreed.de\/AmericanRebel\/ak\/zerschlagt-die-pro-israelischen-demonstrationen\/#primaryimage"},"thumbnailUrl":"https:\/\/www.deanreed.de\/AmericanRebel\/ak\/wp-content\/uploads\/2023\/10\/Hamas-Solikundgebungen-678x381-1.jpeg","datePublished":"2023-10-10T07:43:10+00:00","dateModified":"2023-10-13T19:43:37+00:00","author":{"@id":"https:\/\/www.deanreed.de\/AmericanRebel\/ak\/#\/schema\/person\/1735e67eea57aea7611c691f571924c3"},"breadcrumb":{"@id":"https:\/\/www.deanreed.de\/AmericanRebel\/ak\/zerschlagt-die-pro-israelischen-demonstrationen\/#breadcrumb"},"inLanguage":"de","potentialAction":[{"@type":"ReadAction","target":["https:\/\/www.deanreed.de\/AmericanRebel\/ak\/zerschlagt-die-pro-israelischen-demonstrationen\/"]}]},{"@type":"ImageObject","inLanguage":"de","@id":"https:\/\/www.deanreed.de\/AmericanRebel\/ak\/zerschlagt-die-pro-israelischen-demonstrationen\/#primaryimage","url":"https:\/\/www.deanreed.de\/AmericanRebel\/ak\/wp-content\/uploads\/2023\/10\/Hamas-Solikundgebungen-678x381-1.jpeg","contentUrl":"https:\/\/www.deanreed.de\/AmericanRebel\/ak\/wp-content\/uploads\/2023\/10\/Hamas-Solikundgebungen-678x381-1.jpeg","width":640,"height":460,"caption":"Solidarit\u00e4tskundgebungen f\u00fcr die Hamas in vielen arabischen St\u00e4dten | Photo: Videoscan YouTube"},{"@type":"BreadcrumbList","@id":"https:\/\/www.deanreed.de\/AmericanRebel\/ak\/zerschlagt-die-pro-israelischen-demonstrationen\/#breadcrumb","itemListElement":[{"@type":"ListItem","position":1,"name":"Startseite","item":"https:\/\/www.deanreed.de\/AmericanRebel\/ak\/"},{"@type":"ListItem","position":2,"name":"Zerschlagt die pro-israelischen Demonstrationen"}]},{"@type":"WebSite","@id":"https:\/\/www.deanreed.de\/AmericanRebel\/ak\/#website","url":"https:\/\/www.deanreed.de\/AmericanRebel\/ak\/","name":"Roter Morgen","description":"Der Weg zur Partei","potentialAction":[{"@type":"SearchAction","target":{"@type":"EntryPoint","urlTemplate":"https:\/\/www.deanreed.de\/AmericanRebel\/ak\/?s={search_term_string}"},"query-input":{"@type":"PropertyValueSpecification","valueRequired":true,"valueName":"search_term_string"}}],"inLanguage":"de"},{"@type":"Person","@id":"https:\/\/www.deanreed.de\/AmericanRebel\/ak\/#\/schema\/person\/1735e67eea57aea7611c691f571924c3","name":"Redaktion","url":"https:\/\/www.deanreed.de\/AmericanRebel\/ak\/author\/redaktion\/"}]}},"_links":{"self":[{"href":"https:\/\/www.deanreed.de\/AmericanRebel\/ak\/wp-json\/wp\/v2\/posts\/2481","targetHints":{"allow":["GET"]}}],"collection":[{"href":"https:\/\/www.deanreed.de\/AmericanRebel\/ak\/wp-json\/wp\/v2\/posts"}],"about":[{"href":"https:\/\/www.deanreed.de\/AmericanRebel\/ak\/wp-json\/wp\/v2\/types\/post"}],"author":[{"embeddable":true,"href":"https:\/\/www.deanreed.de\/AmericanRebel\/ak\/wp-json\/wp\/v2\/users\/4"}],"replies":[{"embeddable":true,"href":"https:\/\/www.deanreed.de\/AmericanRebel\/ak\/wp-json\/wp\/v2\/comments?post=2481"}],"version-history":[{"count":2,"href":"https:\/\/www.deanreed.de\/AmericanRebel\/ak\/wp-json\/wp\/v2\/posts\/2481\/revisions"}],"predecessor-version":[{"id":2484,"href":"https:\/\/www.deanreed.de\/AmericanRebel\/ak\/wp-json\/wp\/v2\/posts\/2481\/revisions\/2484"}],"wp:featuredmedia":[{"embeddable":true,"href":"https:\/\/www.deanreed.de\/AmericanRebel\/ak\/wp-json\/wp\/v2\/media\/2483"}],"wp:attachment":[{"href":"https:\/\/www.deanreed.de\/AmericanRebel\/ak\/wp-json\/wp\/v2\/media?parent=2481"}],"wp:term":[{"taxonomy":"category","embeddable":true,"href":"https:\/\/www.deanreed.de\/AmericanRebel\/ak\/wp-json\/wp\/v2\/categories?post=2481"},{"taxonomy":"post_tag","embeddable":true,"href":"https:\/\/www.deanreed.de\/AmericanRebel\/ak\/wp-json\/wp\/v2\/tags?post=2481"}],"curies":[{"name":"wp","href":"https:\/\/api.w.org\/{rel}","templated":true}]}}