{"id":1517,"date":"2022-06-01T12:23:26","date_gmt":"2022-06-01T12:23:26","guid":{"rendered":"http:\/\/www.deanreed.de\/AmericanRebel\/ak\/?p=1517"},"modified":"2022-07-05T12:27:53","modified_gmt":"2022-07-05T12:27:53","slug":"die-farce-der-nobel-und-karlspreis-verleihungen","status":"publish","type":"post","link":"https:\/\/www.deanreed.de\/AmericanRebel\/ak\/die-farce-der-nobel-und-karlspreis-verleihungen\/","title":{"rendered":"Die Farce der Nobel- und Karlspreis Verleihungen"},"content":{"rendered":"<p style=\"text-align: justify;\"><span style=\"font-family: verdana, geneva, sans-serif; font-size: 12pt; color: #000000;\"><strong>Friedensnobelpreise, der Karlspreis, Bundestverdienstkreuze und andere &#8222;Auszeichnungen&#8220; b\u00fcrgerlicher Organisationen und des des Staates werden in der Regel nur denjenigen verliehen, die dem b\u00fcrgerlichen Staat als Aush\u00e4ngeschild der kapitalistischen Witschafts- und Gesellschaftsordnung dienen.<\/strong><\/span><\/p>\n<p style=\"text-align: justify;\"><span style=\"font-family: verdana, geneva, sans-serif; font-size: 12pt; color: #000000;\">Solche &#8222;Shows&#8220;, wie k\u00fcrzlich die Verleihung des Karlspreises an drei b\u00fcrgerliche Oppositionelle aus Wei\u00dfrussland werden erst dann zur Face wenn gleichzeitig <span id=\"decorator-corrected-entity-id-70\" data-entity-key=\"70\" data-offset-key=\"13eqp-5-0\">einem<\/span> mutigen Journalisten wie Julian <span id=\"decorator-ignored-entity-id-91\" data-entity-key=\"91\" data-offset-key=\"13eqp-7-0\">Assange<\/span> durch Auslieferung 175 Jahre Isolationshaft droht und die <span id=\"decorator-corrected-entity-id-232\" data-entity-key=\"232\" data-offset-key=\"13eqp-9-0\">Au\u00dfenministerin<\/span> Anna-Lena Baerbock, die Hauptrednerin auf dieser <span id=\"decorator-ignored-entity-id-112\" data-entity-key=\"112\" data-offset-key=\"13eqp-11-0\">Veranstaltung<\/span> ist. <span style=\"color: #005a8c;\"><a style=\"color: #005a8c;\" href=\"https:\/\/rotermorgen.eu\/20283-2\/\" target=\"_blank\" rel=\"noopener\">RoterMorgen berichte<\/a><\/span> dar\u00fcber am 27. Mai. d. J.<br \/>\n<\/span><\/p>\n<figure id=\"attachment_1524\" aria-describedby=\"caption-attachment-1524\" style=\"width: 278px\" class=\"wp-caption alignright\"><img loading=\"lazy\" decoding=\"async\" class=\" wp-image-1524\" src=\"http:\/\/www.deanreed.de\/AmericanRebel\/ak\/wp-content\/uploads\/2022\/06\/2-Kopie-1-204x300.png\" alt=\"\" width=\"278\" height=\"409\" srcset=\"https:\/\/www.deanreed.de\/AmericanRebel\/ak\/wp-content\/uploads\/2022\/06\/2-Kopie-1-204x300.png 204w, https:\/\/www.deanreed.de\/AmericanRebel\/ak\/wp-content\/uploads\/2022\/06\/2-Kopie-1.png 360w\" sizes=\"auto, (max-width: 278px) 100vw, 278px\" \/><figcaption id=\"caption-attachment-1524\" class=\"wp-caption-text\">&#8222;Dissis&#8220; baden gerne in der Menge und geben gerne Autogramme. | Karlspreis Verleihung 2022 | Bilder: Jura com.<\/figcaption><\/figure>\n<p style=\"text-align: justify;\"><span style=\"font-family: verdana, geneva, sans-serif; font-size: 12pt; color: #000000;\">&#8222;In der Entscheidung f\u00fcr besonders reaktion\u00e4re, neoliberale und militaristische Preistr\u00e4ger zeigt das Karlpreiskuratorium Jahr f\u00fcr Jahr seine politische Agenda. So wurden Clinton und Blair erkl\u00e4rterma\u00dfen f\u00fcr ihr \u201eEngagement\u201c im Kosovo-Krieg ausgezeichnet. Auch in Deutschland weniger bekannte Politiker stehen f\u00fcr eine klare, gegen die Interessen der Mehrheitsbev\u00f6lkerung gerichtete Politik: So tr\u00e4gt Dalia Grybauskaite, die Preistr\u00e4gerin von 2013, den Spitznamen \u201elitauische Maggie Thatcher\u201c. Der Preistr\u00e4ger Macron bekommt die Auszeichnung gerade in einer Zeit, in der er in Syrien aktiv Krieg f\u00fchrt und in der sich die Massen in Frankreich mit politischen Streiks und Massenprotesten gegen seine Politik wehren. Alleine das ist eine politische Kampfansage und ein Ausdruck von \u00dcberheblichkeit der Herrschenden.&#8220; Schrieb der Genosse Marcus Hesse in der o. g. Publikation.<\/span><\/p>\n<div class=\"\" style=\"text-align: justify;\" data-block=\"true\" data-editor=\"e9tr0\" data-offset-key=\"8ttad-0-0\">\n<div class=\"public-DraftStyleDefault-block public-DraftStyleDefault-ltr\" data-offset-key=\"8ttad-0-0\"><span style=\"font-size: 12pt; font-family: verdana, geneva, sans-serif; color: #000000;\">All diese <span id=\"decorator-corrected-entity-id-132\" data-entity-key=\"132\" data-offset-key=\"8ttad-1-0\">Anstrengungen<\/span> der <span id=\"decorator-corrected-entity-id-158\" data-entity-key=\"158\" data-offset-key=\"8ttad-3-0\">Herrschenden dienen<\/span> <span id=\"decorator-corrected-entity-id-183\" data-entity-key=\"183\" data-offset-key=\"8ttad-5-0\">dazu, uns<\/span> zu verwirren und unsere <span id=\"decorator-corrected-entity-id-207\" data-entity-key=\"207\" data-offset-key=\"8ttad-7-0\">Urteilsf\u00e4higkeit<\/span> auf ein Minimum zu begrenzen. Ihr <span id=\"decorator-corrected-entity-id-251\" data-entity-key=\"251\" data-offset-key=\"8ttad-9-0\">gr\u00f6\u00dfter<\/span> <span id=\"decorator-corrected-entity-id-272\" data-entity-key=\"272\" data-offset-key=\"8ttad-11-0\">Albtraum<\/span> ist<span id=\"decorator-ignored-entity-id-311\" data-entity-key=\"311\" data-offset-key=\"8ttad-13-0\"> n\u00e4mlich <\/span>der, <span id=\"decorator-corrected-entity-id-292\" data-entity-key=\"292\" data-offset-key=\"8ttad-15-0\">dass<\/span> das Volk seine Ausbeuter, die Schuldigen an Umweltverschmutzungen, Unterdr\u00fcckung, Flucht, Krieg, Armut und <span id=\"decorator-corrected-entity-id-345\" data-entity-key=\"345\" data-offset-key=\"8ttad-17-0\">Verelendung<\/span> erkennt. Das es diese eindeutig bestimmen kann und den Kampf zur <span id=\"decorator-corrected-entity-id-371\" data-entity-key=\"371\" data-offset-key=\"8ttad-19-0\">endg\u00fcltigen<\/span> Vernichtung dieser Klasse <span id=\"decorator-corrected-entity-id-372\" data-entity-key=\"372\" data-offset-key=\"8ttad-21-0\">aufnimmt<\/span>.<\/span><\/div>\n<\/div>\n<div class=\"\" style=\"text-align: justify;\" data-block=\"true\" data-editor=\"e9tr0\" data-offset-key=\"4cj81-0-0\">\n<div class=\"public-DraftStyleDefault-block public-DraftStyleDefault-ltr\" data-offset-key=\"4cj81-0-0\"><\/div>\n<\/div>\n<div class=\"\" data-block=\"true\" data-editor=\"e9tr0\" data-offset-key=\"9bha0-0-0\">\n<div class=\"public-DraftStyleDefault-block public-DraftStyleDefault-ltr\" style=\"text-align: justify;\" data-offset-key=\"9bha0-0-0\"><span style=\"font-size: 12pt; font-family: verdana, geneva, sans-serif; color: #000000;\">Einen besonderen Stellenwert <span id=\"decorator-corrected-entity-id-373\" data-entity-key=\"373\" data-offset-key=\"9bha0-1-0\">nimmt<\/span> das Wirken des sowjetischen Schriftstellers Alexander Issajewitsch Solschenizyn ein, der 1972 aus der <span id=\"decorator-corrected-entity-id-382\" data-entity-key=\"382\" data-offset-key=\"9bha0-3-0\">damaligen<\/span> <span id=\"decorator-corrected-entity-id-381\" data-entity-key=\"381\" data-offset-key=\"9bha0-5-0\">revisionistischen<\/span> Sowjetunion ausgewiesen wurde und nach Deutschland ins Exil ging. Eines haben all diese Menschen gemeinsam: Ihre Taten haben vordergr\u00fcndig betrachtet einen <span id=\"decorator-corrected-entity-id-383\" data-entity-key=\"383\" data-offset-key=\"9bha0-7-0\">fortschrittlichen<\/span> Charakter und richten sich gegen Unterdr\u00fcckung und Unrecht &#8211; Anerkennung bekommen sie aber <span id=\"decorator-ignored-entity-id-384\" data-entity-key=\"384\" data-offset-key=\"9bha0-9-0\">nur<\/span> als sogenannte &#8222;Dissidenten&#8220; <span id=\"decorator-corrected-entity-id-387\" data-entity-key=\"387\" data-offset-key=\"9bha0-11-0\">nur, wenn ihr weiteres Wirken und ihre Vermaktung dem Lob des Kapitalistischen Gesellschaftordnung dient<\/span>. Sie sind<span id=\"decorator-ignored-entity-id-386\" data-entity-key=\"386\" data-offset-key=\"9bha0-13-0\"> quasi <\/span><span id=\"decorator-corrected-entity-id-385\" data-entity-key=\"385\" data-offset-key=\"9bha0-14-0\">Sympathietr\u00e4ger<\/span> und\/oder werden dazu hochstilisiert.<\/span><\/div>\n<div data-offset-key=\"9bha0-0-0\"><span style=\"color: #ffffff; font-size: 6pt;\">.<\/span><\/div>\n<div class=\"public-DraftStyleDefault-block public-DraftStyleDefault-ltr\" style=\"text-align: justify;\" data-offset-key=\"9bha0-0-0\"><span style=\"font-family: verdana, geneva, sans-serif; color: #000000; font-size: 12pt;\">Dieser Solschenizyn beherrsche seine Handwerk sehr gut, und so fanden seine Schilderungen, bei denen er es mit der Wahrheit nicht so genau nahm, beim Volk schnell Zustimmung. Das Kapital und seine b\u00fcrgerlichen Schreiber freuten sich und machten daraus &#8222;eine Anklage gegen den Kommunismus&#8220;. Die bis heute kaum an Wirkung verloren hat. Das Besondere an diesem &#8222;Dissidentenfall&#8220; ist, dass die Sowjetunion zu der Zeit l\u00e4ngst zu einer revisionistischen Parteibonzen-Diktatur verkommen war und mit Kommunismus so wenig am Hut hatte wie eine Kuh mit dem Klavierspielen. Aber wem st\u00f6rt schon bei einer Hetzkampagne die Wahrheit?<\/span><\/div>\n<div data-offset-key=\"9bha0-0-0\"><\/div>\n<\/div>\n<figure id=\"attachment_1523\" aria-describedby=\"caption-attachment-1523\" style=\"width: 617px\" class=\"wp-caption aligncenter\"><img loading=\"lazy\" decoding=\"async\" class=\" wp-image-1523\" src=\"http:\/\/www.deanreed.de\/AmericanRebel\/ak\/wp-content\/uploads\/2022\/06\/zzz-300x146.jpg\" alt=\"\" width=\"617\" height=\"300\" srcset=\"https:\/\/www.deanreed.de\/AmericanRebel\/ak\/wp-content\/uploads\/2022\/06\/zzz-300x146.jpg 300w, https:\/\/www.deanreed.de\/AmericanRebel\/ak\/wp-content\/uploads\/2022\/06\/zzz.jpg 699w\" sizes=\"auto, (max-width: 617px) 100vw, 617px\" \/><figcaption id=\"caption-attachment-1523\" class=\"wp-caption-text\">&#8222;Solschenizyn (hier im Bild) wird man in 200 Jahren noch kennen&#8220; schreibt der b\u00fcrgerliche russische Schreiberling Victor Jerofejew. Und weiter: &#8222;F\u00fcr mich war Solschenizyn ein Gott&#8230;&#8220;. | Bild: Archiv RoterMorgen.<\/figcaption><\/figure>\n<p style=\"text-align: justify;\"><span style=\"font-family: verdana, geneva, sans-serif; font-size: 12pt; color: #000000;\">Heute, wo Russland ein erzkapitalistsiches Land ist und imperialistische Kriege f\u00fchrt, geh\u00f6ren Solschenizyns Schriften zur <span style=\"color: #005a8c;\"><a style=\"color: #005a8c;\" href=\"https:\/\/www.spiegel.de\/lebenundlernen\/schule\/archipel-gulag-an-russischen-schulen-einst-verboten-jetzt-pflichtlektuere-a-647987.html\" target=\"_blank\" rel=\"noopener\">Pflichtlekt\u00fcre in den Schulen<\/a><\/span>. Der Grund ist der Gleiche wie in allen anderen kapitalistischen Staaten.<\/span><\/p>\n<p style=\"text-align: justify;\"><span style=\"font-family: verdana, geneva, sans-serif; color: #000000; font-size: 12pt;\">Wer mehr dar\u00fcber wissen m\u00f6chte, dem empfehlen wir einen Artikel aus der Zeitschrift &#8222;<em>DITRA<\/em>&#8222;, dem Organ des seinerzeit sozialistischen K\u00fcnstler- und Schriftstellerverbandes Albanien. Er ist unter dem Titel &#8222;<em>DIE FARCE SOLSCHENIZYN<\/em>&#8220; im M\u00e4rz 1974 erschienen.<\/span><\/p>\n<blockquote>\n<p style=\"text-align: justify;\"><span style=\"font-family: verdana, geneva, sans-serif; color: #000000; font-size: 12pt;\">&#8222;<span style=\"font-size: 14pt;\"><strong><span style=\"color: #993300;\">DIE FARCE SOLSCHENIZYN<\/span><\/strong><\/span><\/span><\/p>\n<p style=\"text-align: justify;\"><span style=\"font-family: verdana, geneva, sans-serif; color: #000000;\">Das konterrevolution\u00e4re Ph\u00e4nomen Solschenizyn ist keineswegs \u00fcberraschend. Es ist eine Ausgeburt der <\/span><span style=\"font-family: verdana, geneva, sans-serif; color: #000000;\">hektischen Aktivit\u00e4ten der Weltreaktion gegen den Kommunismus, die logische Folge des verr\u00e4terischen Kurses <\/span><span style=\"font-family: verdana, geneva, sans-serif; color: #000000;\">der sowjetrevisionistischen F\u00fchrerschaft. Der grosse Rummel, den die reaktion\u00e4re Propaganda im Westen und <\/span><span style=\"font-family: verdana, geneva, sans-serif; color: #000000;\">im revisionistischen Lager in letzter Zeit f\u00fcr Solschenizyn machte, lag nur im Interesse der internationalen <\/span><span style=\"font-family: verdana, geneva, sans-serif; color: #000000;\">Bourgeoisie.<br \/>\n<\/span><br \/>\n<span style=\"font-family: verdana, geneva, sans-serif; color: #000000;\">Die Tatsache, dass Solschenizyn aus der Sowjetunion ausgewiesen wurde, gewaltsam in ein Flugzeug verfrachtet <\/span><span style=\"font-family: verdana, geneva, sans-serif; color: #000000;\">wurde von 4 Geheimpolizisten bis zu einem westdeutschen Flughafen begleitet und dort abgeliefert wurde, ist <\/span><span style=\"font-family: verdana, geneva, sans-serif; color: #000000;\">nur ein banales Theater, das die Revisionisten nicht deshalb inszenierten, um den konterrevolution\u00e4ren &#8222;Ruhm&#8220; <\/span><span style=\"font-family: verdana, geneva, sans-serif; color: #000000;\">des antikommunistischen Schriftstellers auszul\u00f6schen, sondern um ihn noch mehr zu vergr\u00f6ssern.<br \/>\n<\/span><br \/>\n<span style=\"font-family: verdana, geneva, sans-serif; color: #000000;\">Solschenizyn wurde von den Revisionisten anfangs der sechziger Jahre auf die B\u00fchne gerufen, gerade damals als <\/span><span style=\"font-family: verdana, geneva, sans-serif; color: #000000;\">sie bereit waren mit allen zusammenzuarbeiten, die sich gewillt erkl\u00e4rten, Stalins Name in den Dreck zu zerren. <\/span><span style=\"font-family: verdana, geneva, sans-serif; color: #000000;\">F\u00fcr ihre fieberhafte Propaganda mobilisierten sie ohne Skrupel auch den Abschaum der sowjetischen <\/span><span style=\"font-family: verdana, geneva, sans-serif; color: #000000;\">Gesellschaft, all diejenigen, die nur eine gen\u00fcgend scharfe Zunge hatten, um gegen den Sozialismus zu wettern <\/span><span style=\"font-family: verdana, geneva, sans-serif; color: #000000;\">und ihn zu verketzern. Dabei wurde auch der ehemalige politische Gefangene Alexander Solschenizyn aus der <\/span><span style=\"font-family: verdana, geneva, sans-serif; color: #000000;\">Versenkung gehoben, der den revisionistischen Beh\u00f6rden seinen konterrevolution\u00e4ren Hass und seine vergiftete <\/span><span style=\"font-family: verdana, geneva, sans-serif; color: #000000;\">Feder anbot. Die Revisionisten nahmen die Dienste des ehemaligen H\u00e4ftlings voll Begeisterung an, denn sie <\/span><span style=\"font-family: verdana, geneva, sans-serif; color: #000000;\">erkannten sofort, wie gross sein Hass auf den Kommunismus war. Gerade einen solchen w\u00fctenden, ungez\u00fcgelten <\/span><span style=\"font-family: verdana, geneva, sans-serif; color: #000000;\">und aggressiven Hass hatten sie notwendig. In der wichtigsten sowjetischen Literaturzeitschrift &#8222;Novij Mir&#8220; <\/span><span style=\"font-family: verdana, geneva, sans-serif; color: #000000;\">erschien dann auf direkte Weisung Chruschtschows die Erz\u00e4hlung &#8222;Ein Tag aus dem Leben des Iwan <\/span><span style=\"font-family: verdana, geneva, sans-serif; color: #000000;\">Denisowitsch&#8220;, die man genauso gut &#8222;Ein Tag aus dem Leben des Alexander Solschenizyn&#8220; h\u00e4tte betiteln <\/span><span style=\"font-family: verdana, geneva, sans-serif; color: #000000;\">k\u00f6nnen.<br \/>\n<\/span><br \/>\n<span style=\"font-family: verdana, geneva, sans-serif; color: #000000;\">Damit wurde zum ersten Mal in einem Staat, der Anspruch erhob, die Interessen der kommunistischen <\/span><span style=\"font-family: verdana, geneva, sans-serif; color: #000000;\">Revolution zu verteidigen, einem Feind dieser Revolution das Wort erteilt, und nicht einem theoretischen <\/span><span style=\"font-family: verdana, geneva, sans-serif; color: #000000;\">Gegner, sondern einem von der Diktatur des Proletariats Verurteilten. Diese Erz\u00e4hlung, die eine Schande f\u00fcr die <\/span><span style=\"font-family: verdana, geneva, sans-serif; color: #000000;\">sowjetische Literatur ist, \u00fcbrigens eine langweilige kitschige Erz\u00e4hlung, erntete unter anderem auch den Beifall <\/span><span style=\"font-family: verdana, geneva, sans-serif; color: #000000;\">der revisionistischen Kaste und wurde von ihr sogar f\u00fcr den &#8222;Leninpreis&#8220; vorgeschlagen.<\/span><\/p>\n<p style=\"text-align: justify;\"><span style=\"font-family: verdana, geneva, sans-serif; color: #000000;\">So begann die Laufbahn eines Konterrevolution\u00e4rs. Die Zeit verging und Solschenizyn ver\u00f6ffentlichte ein Werk <\/span><span style=\"font-family: verdana, geneva, sans-serif; color: #000000;\">nach dem anderen. Er wurde zum geehrten Mitglied des sowjetischen Schriftstellerverbandes. Sein Name wurde <\/span><span style=\"font-family: verdana, geneva, sans-serif; color: #000000;\">auf Kongressen und Symposien erw\u00e4hnt.<\/span><\/p>\n<p style=\"text-align: justify;\"><span style=\"font-family: verdana, geneva, sans-serif; color: #000000;\">Merkw\u00fcrdigerweise war es mit der Begeisterung f\u00fcr Solschenizyn auf einmal vorbei. Viele fragten sich: So <\/span><span style=\"font-family: verdana, geneva, sans-serif; color: #000000;\">schnell waren die Flitterwochen der revisionistischen F\u00fchrerschaft mit diesem Schriftsteller, diesem Feind der <\/span><span style=\"font-family: verdana, geneva, sans-serif; color: #000000;\">Revolution zu Ende?<\/span><\/p>\n<p style=\"text-align: justify;\"><span style=\"font-family: verdana, geneva, sans-serif; color: #000000;\">Nach der Abk\u00fchlung kam es zum Streit und schliesslich zum Zerw\u00fcrfnis mit ihm. Solschenizyn wurde aus dem <\/span><span style=\"font-family: verdana, geneva, sans-serif; color: #000000;\">Schriftstellerverband ausgeschlossen. Es wurde ihm auch das Recht untersagt, seine Werke zu ver\u00f6ffentlichen. <\/span><span style=\"font-family: verdana, geneva, sans-serif; color: #000000;\">Weshalb zerstritten sich die Herren mit ihrem undankbaren Gesellen? Oder besser: Weshalb rebellierte der <\/span><span style=\"font-family: verdana, geneva, sans-serif; color: #000000;\">Geselle gegen seine undankbaren G\u00f6nner?<\/span><\/p>\n<p style=\"text-align: justify;\"><span style=\"font-family: verdana, geneva, sans-serif; color: #000000;\">In Wirklichkeit gab es zwischen ihnen keine grunds\u00e4tzliche Kontroverse. Es handelte sich lediglich um alte <\/span><span style=\"font-family: verdana, geneva, sans-serif; color: #000000;\">Rechnungen, um Missverst\u00e4ndnisse zwischen Komplottteuren. <\/span><span style=\"font-family: verdana, geneva, sans-serif; color: #000000;\">Der G\u00fcnstling der Revisionisten Solschenizyn wurde mit seinem \u00fcberm\u00e4ssigen Eifer, der Konterrevolution <\/span><span style=\"font-family: verdana, geneva, sans-serif; color: #000000;\">m\u00f6glichst gut und schnell zu dienen, gewollt oder ungewollt diskreditierend f\u00fcr sie. Grosser Hass und Ungeduld <\/span><span style=\"font-family: verdana, geneva, sans-serif; color: #000000;\">hinderten Solschenizyn daran, das vorgeschriebene Tempo bei der Eskalation seines Verrats einzuhalten. Er <\/span><span style=\"font-family: verdana, geneva, sans-serif; color: #000000;\">wollte die verschiedenen Etappen des Verrats schneller durchlaufen als seine Herren. Dies w\u00e4re aber gef\u00e4hrlich <\/span><span style=\"font-family: verdana, geneva, sans-serif; color: #000000;\">f\u00fcr sie gewesen. Es stand im Widerspruch zu der einfachen Logik der Demagogie.<\/span><\/p>\n<p style=\"text-align: justify;\"><span style=\"font-family: verdana, geneva, sans-serif; color: #000000;\">Die Geschichte hat gezeigt, dass die versteckten Feinde des Kommunismus, wenn sie den Kampf gegen ihn <\/span><span style=\"font-family: verdana, geneva, sans-serif; color: #000000;\">aufnehmen eine recht schlaue Politik verfolgen, um nicht diskreditiert zu werden. Sie geben auf keinen Fall zu, <\/span><span style=\"font-family: verdana, geneva, sans-serif; color: #000000;\">dass sie gegen den Kommunismus und die Revolution sind (Um Gotteswillen! &#8211; sagen sie und schlagen sich auf <\/span><span style=\"font-family: verdana, geneva, sans-serif; color: #000000;\">die Brust), sie seien nur gegen einige Praktiken bei seiner Durchf\u00fchrung. So ergehen sie sich gew\u00f6hnlich, bevor <\/span><span style=\"font-family: verdana, geneva, sans-serif; color: #000000;\">sie mit ihren Attacken beginnen, in Lobeserhebungen f\u00fcr Marx und Engels und etwas weniger f\u00fcr Lenin. Nach <\/span><span style=\"font-family: verdana, geneva, sans-serif; color: #000000;\">dieser Phase attackieren sie allerdings sehr sorgsam Lenin, selbstverst\u00e4ndlich um unverhohlen ihren ganzen Hass <\/span><span style=\"font-family: verdana, geneva, sans-serif; color: #000000;\">auf Stalin zu zeigen. Nach der Logik der Eskalation wird dann die Praxis der Revolution im allgemeinen <\/span><span style=\"font-family: verdana, geneva, sans-serif; color: #000000;\">angegriffen, die Diktatur des Proletariats und alles andere, das dem Kommunismus teuer ist. Die Maske wird erst <\/span><span style=\"font-family: verdana, geneva, sans-serif; color: #000000;\">allm\u00e4hlich abgelegt, damit die \u00d6ffentlichkeit nicht sofort merkt, wohin der Hase l\u00e4uft.<\/span><\/p>\n<p style=\"text-align: justify;\"><span style=\"font-family: verdana, geneva, sans-serif; color: #000000;\">Solschenizyn folgte diesem Ritual der Heuchelei. In den ersten Werken passte er sehr auf. Es schien, als richtete <\/span><span style=\"font-family: verdana, geneva, sans-serif; color: #000000;\">sich sein ganzer Hass allein gegen Stalin. Obwohl alle Menschen, denen die Geschicke der Revolution und des <\/span><span style=\"font-family: verdana, geneva, sans-serif; color: #000000;\">Sozialismus am Herzen lagen, ganz klar sahen, dass aus der Feder des ehemaligen H\u00e4ftlings, mit den Attacken <\/span><span style=\"font-family: verdana, geneva, sans-serif; color: #000000;\">gegen Stalin, dessen Name mit den Siegen der Revolution eng verbunden ist, Gift gegen die Revolution triefte. <\/span><span style=\"font-family: verdana, geneva, sans-serif; color: #000000;\">Solschenizyn war in seiner Peinlichkeit schlau genug, und in seinem Buch \u201eKrebsstation\u201c dem <\/span><span style=\"font-family: verdana, geneva, sans-serif; color: #000000;\">Innenministerium der Chruschtschowschen Periode sowie allen revisionistischen b\u00fcrokratischen Organen <\/span><span style=\"font-family: verdana, geneva, sans-serif; color: #000000;\">Lobeshymnen zu singen. Dies tat er, um der sowjetischen \u00d6ffentlichkeit zu zeigen, dass er nur mit Stalin <\/span><span style=\"font-family: verdana, geneva, sans-serif; color: #000000;\">unzufrieden sei und sonst mit nichts anderem.<\/span><\/p>\n<p style=\"text-align: justify;\"><span style=\"font-family: verdana, geneva, sans-serif; color: #000000;\">Dies konnte aber nicht allzulange dauern. Wie alle seine Vorg\u00e4nger legte er allm\u00e4hlich die Maske ab. In seinen <\/span><span style=\"font-family: verdana, geneva, sans-serif; color: #000000;\">Werken kamen Attacken gegen die Revolution zum Vorschein, er begann das alte Russland zu beweinen, die <\/span><span style=\"font-family: verdana, geneva, sans-serif; color: #000000;\">liquidierte Klasse der Kulaken zu bedauern, die Kollektivierung anzugreifen, um schliesslich ganz offen den <\/span><span style=\"font-family: verdana, geneva, sans-serif; color: #000000;\">Sozialismus zu verunglimpfen, w\u00e4hrend er andrerseits die russischorthodoxe Religion ganz offen in Schutz <\/span><span style=\"font-family: verdana, geneva, sans-serif; color: #000000;\">nahm. Zu jener Zeit geschah etwas in der Geschichte der sowjetischen Literatur Unerh\u00f6rtes und Beispielloses. <\/span><span style=\"font-family: verdana, geneva, sans-serif; color: #000000;\">Ein sowjetischer Schriftsteller schrieb einen emp\u00f6rten Brief an den Erzbischof von Moskau und warf diesem <\/span><span style=\"font-family: verdana, geneva, sans-serif; color: #000000;\">vor, dass er nicht nachdr\u00fccklich genug die Interessen der Religion in der Sowjetunion in Schutz nehme. Dieser <\/span><span style=\"font-family: verdana, geneva, sans-serif; color: #000000;\">Schriftsteller war Solschenizyn. So etwas hatte bis dahin kein anderer liberaler sowjetischer Schriftsteller zu tun <\/span><span style=\"font-family: verdana, geneva, sans-serif; color: #000000;\">gewagt. Nicht einmal Pasternak, der ber\u00fcchtigte Verfasser von &#8222;Doktor Schiwago&#8220;.<\/span><\/p>\n<p style=\"text-align: justify;\"><span style=\"font-family: verdana, geneva, sans-serif; color: #000000;\">Dies missfiel den sowjetischen F\u00fchrern. Mit seinem Ungehorsam, mit seiner \u00dcbereile wurde er ihnen bald l\u00e4stig, <\/span><span style=\"font-family: verdana, geneva, sans-serif; color: #000000;\">ja gef\u00e4hrlich. Da begann das Zerw\u00fcrfnis zwischen den Herren und dem Gesellen. <\/span><\/p>\n<p style=\"text-align: justify;\"><span style=\"font-family: verdana, geneva, sans-serif; color: #000000;\">Da glaubten die Herren, sie w\u00fcrden durch die Ausweisung des unfolgsamen Lehrlings das Sowjetvolk <\/span><span style=\"font-family: verdana, geneva, sans-serif; color: #000000;\">einigermassen beschwichtigen, das \u00fcber Solschenizyns Unversch\u00e4mtheit emp\u00f6rt ist. Sie wiesen ihn aus dem <\/span><span style=\"font-family: verdana, geneva, sans-serif; color: #000000;\">Lande.<\/span><\/p>\n<p style=\"text-align: justify;\"><span style=\"font-family: verdana, geneva, sans-serif; color: #000000;\">Im Lande aber durften die Freunde und Anh\u00e4nger Solschenizyns ihre T\u00e4tigkeit unbehelligt fortsetzen. So hatte <\/span><span style=\"font-family: verdana, geneva, sans-serif; color: #000000;\">beispielsweise der verjagte Solschenizyn noch nicht seinen Fuss auf westdeutschen Boden gesetzt, als ein <\/span><span style=\"font-family: verdana, geneva, sans-serif; color: #000000;\">Vork\u00e4mpfer der liberalen Phalanx der sowjetischen Schriftsteller Jewtuschenko an Breschnew einen Brief <\/span><span style=\"font-family: verdana, geneva, sans-serif; color: #000000;\">richtete, in dem er gegen die Ausweisung seines Kollegen protestierte. F\u00fcr Jewtuschenko ist es nat\u00fcrlich nicht <\/span><span style=\"font-family: verdana, geneva, sans-serif; color: #000000;\">einsehbar, was da die Kremlherren gemacht haben. Er ist von Breschnew entt\u00e4uscht und beeilt sich, ihm einen <\/span><span style=\"font-family: verdana, geneva, sans-serif; color: #000000;\">Brief zu schreiben, um ihn an die fr\u00fcheren Versprechungen zu erinnern. Breschnew w\u00fcrde auch ganz gerne diese <\/span><span style=\"font-family: verdana, geneva, sans-serif; color: #000000;\">Versprechungen erf\u00fcllen. Es sind nun aber einige Umst\u00e4nde eingetreten, die ihn gezwungen haben, solche <\/span><span style=\"font-family: verdana, geneva, sans-serif; color: #000000;\">Massnahmen gegen\u00fcber seinen fr\u00fcheren Verb\u00fcndeten zu treffen.<\/span><\/p>\n<p style=\"text-align: justify;\"><span style=\"font-family: verdana, geneva, sans-serif; color: #000000;\">Die revisionistischen Beh\u00f6rden w\u00fcrden vielleicht auch die Fusstritte Solschenizyns ganz gerne dulden, auch <\/span><span style=\"font-family: verdana, geneva, sans-serif; color: #000000;\">seine Attacken gegen den Sozialismus, seine Pl\u00e4doyers f\u00fcr die Religion. Was sie aber nicht schlucken konnten, <\/span><span style=\"font-family: verdana, geneva, sans-serif; color: #000000;\">das war sein letztes Buch &#8222;Archipel Gulag&#8220;, das in Paris in russischer Sprache erschienen ist. Dieses Buch <\/span><span style=\"font-family: verdana, geneva, sans-serif; color: #000000;\">brachte sie in Verlegenheit: entweder sie mussten eine w\u00fctende Kampagne einleiten und dieses Buch v\u00f6llig <\/span><span style=\"font-family: verdana, geneva, sans-serif; color: #000000;\">ablehnen oder sie mussten es dulden, wenn auch Stillschweigend, wodurch sie aber vor der sowjetischen und der <\/span><span style=\"font-family: verdana, geneva, sans-serif; color: #000000;\">internationalen \u00d6ffentlichkeit blossgestellt werden w\u00fcrden.<\/span><\/p>\n<figure id=\"attachment_1522\" aria-describedby=\"caption-attachment-1522\" style=\"width: 180px\" class=\"wp-caption alignright\"><img loading=\"lazy\" decoding=\"async\" class=\"size-medium wp-image-1522\" src=\"http:\/\/www.deanreed.de\/AmericanRebel\/ak\/wp-content\/uploads\/2022\/06\/rrt-180x300.jpg\" alt=\"\" width=\"180\" height=\"300\" srcset=\"https:\/\/www.deanreed.de\/AmericanRebel\/ak\/wp-content\/uploads\/2022\/06\/rrt-180x300.jpg 180w, https:\/\/www.deanreed.de\/AmericanRebel\/ak\/wp-content\/uploads\/2022\/06\/rrt.jpg 284w\" sizes=\"auto, (max-width: 180px) 100vw, 180px\" \/><figcaption id=\"caption-attachment-1522\" class=\"wp-caption-text\">&#8222;Archipel Gulag&#8220; auch als billiges Taschenbuch f\u00fcr &#8222;kleine Leute&#8220; | Bild hinzugef\u00fcgt von der Redaktion RoterMorgen<\/figcaption><\/figure>\n<p style=\"text-align: justify;\"><span style=\"font-family: verdana, geneva, sans-serif; color: #000000;\">&#8222;Archipel Gulag&#8220; &#8211; ein Buch, auf das die internationale Bourgeoisie schon ungeduldig wartet und das in <\/span><span style=\"font-family: verdana, geneva, sans-serif; color: #000000;\">mehreren Sprachen des Westens erscheinen soll bzw. erschienen ist &#8211; ist zweifellos das konterrevolution\u00e4rste, <\/span><span style=\"font-family: verdana, geneva, sans-serif; color: #000000;\">reaktion\u00e4rste und skandal\u00f6seste Buch der sowjetischen Literatur. K\u00fcnstlerisch v\u00f6llig wertlos, in Form von <\/span><span style=\"font-family: verdana, geneva, sans-serif; color: #000000;\">Memoiren und Meditationen, Artikeln, Berichten \u00fcber die Kriegszeit und die Nachkriegszeit geschrieben, wirft <\/span><span style=\"font-family: verdana, geneva, sans-serif; color: #000000;\">es offen Schmutz auf den Kommunismus, auf Lenin, auf alles, was mit den Interessen der Arbeiterklasse <\/span><span style=\"font-family: verdana, geneva, sans-serif; color: #000000;\">zusammenh\u00e4ngt.<\/span><\/p>\n<p style=\"text-align: justify;\"><span style=\"font-family: verdana, geneva, sans-serif; color: #000000;\">Die b\u00fcrgerliche Presse selbst ist gen\u00f6tigt, den offen antisozialistischen Charakter des letzten Buchs von <\/span><span style=\"font-family: verdana, geneva, sans-serif; color: #000000;\">Solschenizyn zuzugeben. Der b\u00fcrgerliche Journalist Bernard Perron nimmt in der &#8222;Le Monde&#8220; vom 1.Februar <\/span><span style=\"font-family: verdana, geneva, sans-serif; color: #000000;\">dieses Jahres eine Analyse der heutigen Opposition in der sowjetischen Intelligenz auf seine Weise vor. Er teilt <\/span><span style=\"font-family: verdana, geneva, sans-serif; color: #000000;\">sie in zwei Gruppen: die Linken und die Rechten. Dann werden die Rechten eingehend analysiert. Auch diese <\/span><span style=\"font-family: verdana, geneva, sans-serif; color: #000000;\">werden in zwei Gruppen eingeteilt: Eine Gruppe, schreibt er, versucht auf die Kreml-F\u00fchrer einzuwirken, damit <\/span><span style=\"font-family: verdana, geneva, sans-serif; color: #000000;\">sie noch mehr vom Kurs abweichen, noch mehr nach rechts schwenken. Die zweite Gruppe kann mit der <\/span><span style=\"font-family: verdana, geneva, sans-serif; color: #000000;\">F\u00fchrerschaft keine gemeinsame Sprache finden. Diese zweite Gruppe ist heterogen und besteht aus <\/span><span style=\"font-family: verdana, geneva, sans-serif; color: #000000;\">verschiedenen Nationalisten, Gegnern des Bolschewismus, Angeh\u00f6rigen der verschiedenen religi\u00f6sen Sekten <\/span><span style=\"font-family: verdana, geneva, sans-serif; color: #000000;\">usw. \u201eSolschenizyn geh\u00f6rt zur zweiten Gruppe der Rechten\u201c schreibt B. Perron. &#8222;Der Leser wird vergebens in <\/span><span style=\"font-family: verdana, geneva, sans-serif; color: #000000;\">seinem Werk nach irgend einem Ideal des Sozialismus suchen. Der Schriftsteller ist in seiner Jugend Mitglied <\/span><span style=\"font-family: verdana, geneva, sans-serif; color: #000000;\">des Komsomol gewesen, nichts deutet aber darauf hin, dass er dies aus irgendwelcher \u00dcberzeugung gewesen ist. <\/span><span style=\"font-family: verdana, geneva, sans-serif; color: #000000;\">In seinem Buch kann man nur ethische und religi\u00f6se Gedanken finden, f\u00fcr die er sich einsetzt. Warum sollte man <\/span><span style=\"font-family: verdana, geneva, sans-serif; color: #000000;\">ihm verbieten, das zu schreiben, was er f\u00fcr wahr h\u00e4lt? Weshalb sollte man ihm verbieten, zu schreiben, dass er <\/span><span style=\"font-family: verdana, geneva, sans-serif; color: #000000;\">gegen das kollektive Eigentum an den materiellen G\u00fctern ist, wenn er so denkt?&#8220;<\/span><\/p>\n<p style=\"text-align: justify;\"><span style=\"font-family: verdana, geneva, sans-serif; color: #000000;\">Das ist genau die Logik eines Spie\u00dfb\u00fcrgers. Der diskreditierendste Teil von &#8222;Archipel Gulag&#8220; ist der, wo <\/span><span style=\"font-family: verdana, geneva, sans-serif; color: #000000;\">Solschenizyn einen Verr\u00e4ter, den General der Roten, Armee Wlassow und seine Anh\u00e4nger offen im Schutz <\/span><span style=\"font-family: verdana, geneva, sans-serif; color: #000000;\">nimmt. Generalleutnant Andrei Wlassow hatte sich w\u00e4hrend des Grossen Vaterl\u00e4ndischen Kriegs nicht nur den <\/span><span style=\"font-family: verdana, geneva, sans-serif; color: #000000;\">deutschen ergeben, sondern er hat auch, nachdem er unter den sowjetischen Kriegsgefangenen Feinde der <\/span><span style=\"font-family: verdana, geneva, sans-serif; color: #000000;\">Sowjetmacht rekrutiert hatte, eine von den Deutschen be waffnete Armee gebildet, mit der er an der Seite der <\/span><span style=\"font-family: verdana, geneva, sans-serif; color: #000000;\">Hitlerfaschisten gegen die eigene Heimat k\u00e4mpfte. F\u00fcr das Sowjetvolk werden Wlassow und dessen Anh\u00e4nger, <\/span><span style=\"font-family: verdana, geneva, sans-serif; color: #000000;\">die &#8222;Wlassowianer&#8220; stets zu den bestgehassten Figuren geh\u00f6ren. Es schien fast, als ob die grosse Schande dieses <\/span><span style=\"font-family: verdana, geneva, sans-serif; color: #000000;\">Judas niemals vergessen werden k\u00f6nnte, denn Verrat gab es immer, aber ganz besonders in der Epoche des <\/span><span style=\"font-family: verdana, geneva, sans-serif; color: #000000;\">Sozialismus ist Verrat die gr\u00f6sste Schande. Nun aber ist kaum ein Vierteljahrhundert seit dem Ende des Grossen <\/span><span style=\"font-family: verdana, geneva, sans-serif; color: #000000;\">Vaterl\u00e4ndischen Kriegs vergangen, als ein sowjetischer Schriftsteller den Verr\u00e4ter ganz offen in Schutz nimmt. <\/span><span style=\"font-family: verdana, geneva, sans-serif; color: #000000;\">So etwas konnte nur in einem gesellschaftlich, ideologisch und verpesteteten Klima geschehen. Dieses Klima <\/span><span style=\"font-family: verdana, geneva, sans-serif; color: #000000;\">aber haben die Revisionisten in der Sowjetunion selbst geschaffen.<\/span><\/p>\n<p style=\"text-align: justify;\"><span style=\"font-family: verdana, geneva, sans-serif; color: #000000;\">Dieser Abschnitt aus dem ber\u00fcchtigten &#8222;Archipel Gulag&#8220; wird es gewiss gewesen sein, der die revisionistischen <\/span><span style=\"font-family: verdana, geneva, sans-serif; color: #000000;\">F\u00fchrer gezwungen hat, ihren Spr\u00f6ssling schleunigst fallen zu lassen, als ob er die Pest h\u00e4tte. Sie schickten ihn <\/span><span style=\"font-family: verdana, geneva, sans-serif; color: #000000;\">tausende Kilometer weit weg. Es handelt sich jedoch nur um eine mechanische Trennung. (Die Menschen, die in <\/span><span style=\"font-family: verdana, geneva, sans-serif; color: #000000;\">der Sowjetunion und ausserhalb ihrer Grenzen den revisionistischen Verrat erkannt haben oder zu erkennen <\/span><span style=\"font-family: verdana, geneva, sans-serif; color: #000000;\">beginnen, sind sich dar\u00fcber v\u00f6llig im Klaren, dass Solschenizyn und seine Schutzherren, die Revisionisten, <\/span><span style=\"font-family: verdana, geneva, sans-serif; color: #000000;\">einander im Herzen immer nahe stehen werden. Sie sind vereint und werden es auch bleiben: in Ihrem <\/span><span style=\"font-family: verdana, geneva, sans-serif; color: #000000;\">gemeinsamen Los, in ihrer Schande.&#8220;<\/span><\/p>\n<\/blockquote>\n<p><span style=\"font-size: 14pt;\"><em><strong><span style=\"font-family: verdana, geneva, sans-serif;\">Anhang:<\/span><\/strong><\/em><\/span><\/p>\n<p><strong><span style=\"font-size: 12pt;\"><span style=\"font-family: verdana, geneva, sans-serif;\">Und hier noch ein &#8222;Leckerbissen f\u00fcr alle Freunde\/innen von Dean Reed<\/span><\/span><\/strong><\/p>\n<p><img loading=\"lazy\" decoding=\"async\" class=\"alignnone wp-image-1521\" src=\"http:\/\/www.deanreed.de\/AmericanRebel\/ak\/wp-content\/uploads\/2022\/06\/2-Kopie-300x157.png\" alt=\"\" width=\"531\" height=\"278\" srcset=\"https:\/\/www.deanreed.de\/AmericanRebel\/ak\/wp-content\/uploads\/2022\/06\/2-Kopie-300x157.png 300w, https:\/\/www.deanreed.de\/AmericanRebel\/ak\/wp-content\/uploads\/2022\/06\/2-Kopie.png 691w\" sizes=\"auto, (max-width: 531px) 100vw, 531px\" \/><\/p>\n<blockquote class=\"wp-embedded-content\" data-secret=\"50achWDmAR\"><p><a href=\"https:\/\/rotermorgen.eu\/20283-2\/\">Karlspreis-Verleihung unter massiven Polizeischutz!<\/a><\/p><\/blockquote>\n<p><iframe loading=\"lazy\" class=\"wp-embedded-content\" sandbox=\"allow-scripts\" security=\"restricted\" style=\"position: absolute; clip: rect(1px, 1px, 1px, 1px);\" title=\"&#8222;Karlspreis-Verleihung unter massiven Polizeischutz!&#8220; &#8212; \" src=\"https:\/\/rotermorgen.eu\/20283-2\/embed\/#?secret=gNoT3jsPoG#?secret=50achWDmAR\" data-secret=\"50achWDmAR\" width=\"500\" height=\"282\" frameborder=\"0\" marginwidth=\"0\" marginheight=\"0\" scrolling=\"no\"><\/iframe><\/p>\n<p><span style=\"color: #ffffff;\">.<\/span><\/p>\n","protected":false},"excerpt":{"rendered":"<div class=\"mh-excerpt\"><p>Friedensnobelpreise, der Karlspreis, Bundestverdienstkreuze und andere &#8222;Auszeichnungen&#8220; b\u00fcrgerlicher Organisationen und des des Staates werden in der Regel nur denjenigen verliehen, die dem b\u00fcrgerlichen Staat als <a class=\"mh-excerpt-more\" href=\"https:\/\/www.deanreed.de\/AmericanRebel\/ak\/die-farce-der-nobel-und-karlspreis-verleihungen\/\" title=\"Die Farce der Nobel- und Karlspreis Verleihungen\">[&#8230;]<\/a><\/p>\n<\/div>","protected":false},"author":4,"featured_media":1518,"comment_status":"open","ping_status":"open","sticky":false,"template":"","format":"standard","meta":{"footnotes":""},"categories":[1],"tags":[62,471,507,508,509,472,510,511,512,513,514,500,476,99,480,515,516],"class_list":["post-1517","post","type-post","status-publish","format-standard","has-post-thumbnail","hentry","category-allgemein","tag-americanrebel","tag-arbeiterklasse","tag-archipel-gulag","tag-bundestverdienstkreuz","tag-chruschtschow","tag-das-kapitalistische-system","tag-dean-reed","tag-die-face-der-nobel-und-karlspreis-verleihungen","tag-feinde-des-kommunismus","tag-julian-assange","tag-karlspreis","tag-kommunismus","tag-kpd-ml","tag-politik-und-gesellschaft","tag-roter-morgen","tag-schande-dieses-judas","tag-solschenizyn"],"yoast_head":"<!-- This site is optimized with the Yoast SEO plugin v26.2 - https:\/\/yoast.com\/wordpress\/plugins\/seo\/ -->\n<title>Die Farce der Nobel- und Karlspreis Verleihungen - Roter Morgen<\/title>\n<meta name=\"robots\" content=\"index, follow, max-snippet:-1, max-image-preview:large, max-video-preview:-1\" \/>\n<link rel=\"canonical\" href=\"http:\/\/www.deanreed.de\/AmericanRebel\/ak\/die-farce-der-nobel-und-karlspreis-verleihungen\/\" \/>\n<meta property=\"og:locale\" content=\"de_DE\" \/>\n<meta property=\"og:type\" content=\"article\" \/>\n<meta property=\"og:title\" content=\"Die Farce der Nobel- und Karlspreis Verleihungen - Roter Morgen\" \/>\n<meta property=\"og:description\" content=\"Friedensnobelpreise, der Karlspreis, Bundestverdienstkreuze und andere &#8222;Auszeichnungen&#8220; b\u00fcrgerlicher Organisationen und des des Staates werden in der Regel nur denjenigen verliehen, die dem b\u00fcrgerlichen Staat als [...]\" \/>\n<meta property=\"og:url\" content=\"http:\/\/www.deanreed.de\/AmericanRebel\/ak\/die-farce-der-nobel-und-karlspreis-verleihungen\/\" \/>\n<meta property=\"og:site_name\" content=\"Roter Morgen\" \/>\n<meta property=\"article:published_time\" content=\"2022-06-01T12:23:26+00:00\" \/>\n<meta property=\"article:modified_time\" content=\"2022-07-05T12:27:53+00:00\" \/>\n<meta property=\"og:image\" content=\"http:\/\/www.deanreed.de\/AmericanRebel\/ak\/wp-content\/uploads\/2022\/07\/1-Kopie-640x381-1.png\" \/>\n\t<meta property=\"og:image:width\" content=\"640\" \/>\n\t<meta property=\"og:image:height\" content=\"381\" \/>\n\t<meta property=\"og:image:type\" content=\"image\/png\" \/>\n<meta name=\"author\" content=\"Redaktion\" \/>\n<meta name=\"twitter:card\" content=\"summary_large_image\" \/>\n<meta name=\"twitter:label1\" content=\"Verfasst von\" \/>\n\t<meta name=\"twitter:data1\" content=\"Redaktion\" \/>\n\t<meta name=\"twitter:label2\" content=\"Gesch\u00e4tzte Lesezeit\" \/>\n\t<meta name=\"twitter:data2\" content=\"13\u00a0Minuten\" \/>\n<script type=\"application\/ld+json\" class=\"yoast-schema-graph\">{\"@context\":\"https:\/\/schema.org\",\"@graph\":[{\"@type\":\"WebPage\",\"@id\":\"http:\/\/www.deanreed.de\/AmericanRebel\/ak\/die-farce-der-nobel-und-karlspreis-verleihungen\/\",\"url\":\"http:\/\/www.deanreed.de\/AmericanRebel\/ak\/die-farce-der-nobel-und-karlspreis-verleihungen\/\",\"name\":\"Die Farce der Nobel- und Karlspreis Verleihungen - Roter Morgen\",\"isPartOf\":{\"@id\":\"https:\/\/www.deanreed.de\/AmericanRebel\/ak\/#website\"},\"primaryImageOfPage\":{\"@id\":\"http:\/\/www.deanreed.de\/AmericanRebel\/ak\/die-farce-der-nobel-und-karlspreis-verleihungen\/#primaryimage\"},\"image\":{\"@id\":\"http:\/\/www.deanreed.de\/AmericanRebel\/ak\/die-farce-der-nobel-und-karlspreis-verleihungen\/#primaryimage\"},\"thumbnailUrl\":\"https:\/\/www.deanreed.de\/AmericanRebel\/ak\/wp-content\/uploads\/2022\/07\/1-Kopie-640x381-1.png\",\"datePublished\":\"2022-06-01T12:23:26+00:00\",\"dateModified\":\"2022-07-05T12:27:53+00:00\",\"author\":{\"@id\":\"https:\/\/www.deanreed.de\/AmericanRebel\/ak\/#\/schema\/person\/1735e67eea57aea7611c691f571924c3\"},\"breadcrumb\":{\"@id\":\"http:\/\/www.deanreed.de\/AmericanRebel\/ak\/die-farce-der-nobel-und-karlspreis-verleihungen\/#breadcrumb\"},\"inLanguage\":\"de\",\"potentialAction\":[{\"@type\":\"ReadAction\",\"target\":[\"http:\/\/www.deanreed.de\/AmericanRebel\/ak\/die-farce-der-nobel-und-karlspreis-verleihungen\/\"]}]},{\"@type\":\"ImageObject\",\"inLanguage\":\"de\",\"@id\":\"http:\/\/www.deanreed.de\/AmericanRebel\/ak\/die-farce-der-nobel-und-karlspreis-verleihungen\/#primaryimage\",\"url\":\"https:\/\/www.deanreed.de\/AmericanRebel\/ak\/wp-content\/uploads\/2022\/07\/1-Kopie-640x381-1.png\",\"contentUrl\":\"https:\/\/www.deanreed.de\/AmericanRebel\/ak\/wp-content\/uploads\/2022\/07\/1-Kopie-640x381-1.png\",\"width\":640,\"height\":381},{\"@type\":\"BreadcrumbList\",\"@id\":\"http:\/\/www.deanreed.de\/AmericanRebel\/ak\/die-farce-der-nobel-und-karlspreis-verleihungen\/#breadcrumb\",\"itemListElement\":[{\"@type\":\"ListItem\",\"position\":1,\"name\":\"Startseite\",\"item\":\"https:\/\/www.deanreed.de\/AmericanRebel\/ak\/\"},{\"@type\":\"ListItem\",\"position\":2,\"name\":\"Die Farce der Nobel- und Karlspreis Verleihungen\"}]},{\"@type\":\"WebSite\",\"@id\":\"https:\/\/www.deanreed.de\/AmericanRebel\/ak\/#website\",\"url\":\"https:\/\/www.deanreed.de\/AmericanRebel\/ak\/\",\"name\":\"Roter Morgen\",\"description\":\"Der Weg zur Partei\",\"potentialAction\":[{\"@type\":\"SearchAction\",\"target\":{\"@type\":\"EntryPoint\",\"urlTemplate\":\"https:\/\/www.deanreed.de\/AmericanRebel\/ak\/?s={search_term_string}\"},\"query-input\":{\"@type\":\"PropertyValueSpecification\",\"valueRequired\":true,\"valueName\":\"search_term_string\"}}],\"inLanguage\":\"de\"},{\"@type\":\"Person\",\"@id\":\"https:\/\/www.deanreed.de\/AmericanRebel\/ak\/#\/schema\/person\/1735e67eea57aea7611c691f571924c3\",\"name\":\"Redaktion\",\"url\":\"https:\/\/www.deanreed.de\/AmericanRebel\/ak\/author\/redaktion\/\"}]}<\/script>\n<!-- \/ Yoast SEO plugin. -->","yoast_head_json":{"title":"Die Farce der Nobel- und Karlspreis Verleihungen - Roter Morgen","robots":{"index":"index","follow":"follow","max-snippet":"max-snippet:-1","max-image-preview":"max-image-preview:large","max-video-preview":"max-video-preview:-1"},"canonical":"http:\/\/www.deanreed.de\/AmericanRebel\/ak\/die-farce-der-nobel-und-karlspreis-verleihungen\/","og_locale":"de_DE","og_type":"article","og_title":"Die Farce der Nobel- und Karlspreis Verleihungen - Roter Morgen","og_description":"Friedensnobelpreise, der Karlspreis, Bundestverdienstkreuze und andere &#8222;Auszeichnungen&#8220; b\u00fcrgerlicher Organisationen und des des Staates werden in der Regel nur denjenigen verliehen, die dem b\u00fcrgerlichen Staat als [...]","og_url":"http:\/\/www.deanreed.de\/AmericanRebel\/ak\/die-farce-der-nobel-und-karlspreis-verleihungen\/","og_site_name":"Roter Morgen","article_published_time":"2022-06-01T12:23:26+00:00","article_modified_time":"2022-07-05T12:27:53+00:00","og_image":[{"width":640,"height":381,"url":"http:\/\/www.deanreed.de\/AmericanRebel\/ak\/wp-content\/uploads\/2022\/07\/1-Kopie-640x381-1.png","type":"image\/png"}],"author":"Redaktion","twitter_card":"summary_large_image","twitter_misc":{"Verfasst von":"Redaktion","Gesch\u00e4tzte Lesezeit":"13\u00a0Minuten"},"schema":{"@context":"https:\/\/schema.org","@graph":[{"@type":"WebPage","@id":"http:\/\/www.deanreed.de\/AmericanRebel\/ak\/die-farce-der-nobel-und-karlspreis-verleihungen\/","url":"http:\/\/www.deanreed.de\/AmericanRebel\/ak\/die-farce-der-nobel-und-karlspreis-verleihungen\/","name":"Die Farce der Nobel- und Karlspreis Verleihungen - Roter Morgen","isPartOf":{"@id":"https:\/\/www.deanreed.de\/AmericanRebel\/ak\/#website"},"primaryImageOfPage":{"@id":"http:\/\/www.deanreed.de\/AmericanRebel\/ak\/die-farce-der-nobel-und-karlspreis-verleihungen\/#primaryimage"},"image":{"@id":"http:\/\/www.deanreed.de\/AmericanRebel\/ak\/die-farce-der-nobel-und-karlspreis-verleihungen\/#primaryimage"},"thumbnailUrl":"https:\/\/www.deanreed.de\/AmericanRebel\/ak\/wp-content\/uploads\/2022\/07\/1-Kopie-640x381-1.png","datePublished":"2022-06-01T12:23:26+00:00","dateModified":"2022-07-05T12:27:53+00:00","author":{"@id":"https:\/\/www.deanreed.de\/AmericanRebel\/ak\/#\/schema\/person\/1735e67eea57aea7611c691f571924c3"},"breadcrumb":{"@id":"http:\/\/www.deanreed.de\/AmericanRebel\/ak\/die-farce-der-nobel-und-karlspreis-verleihungen\/#breadcrumb"},"inLanguage":"de","potentialAction":[{"@type":"ReadAction","target":["http:\/\/www.deanreed.de\/AmericanRebel\/ak\/die-farce-der-nobel-und-karlspreis-verleihungen\/"]}]},{"@type":"ImageObject","inLanguage":"de","@id":"http:\/\/www.deanreed.de\/AmericanRebel\/ak\/die-farce-der-nobel-und-karlspreis-verleihungen\/#primaryimage","url":"https:\/\/www.deanreed.de\/AmericanRebel\/ak\/wp-content\/uploads\/2022\/07\/1-Kopie-640x381-1.png","contentUrl":"https:\/\/www.deanreed.de\/AmericanRebel\/ak\/wp-content\/uploads\/2022\/07\/1-Kopie-640x381-1.png","width":640,"height":381},{"@type":"BreadcrumbList","@id":"http:\/\/www.deanreed.de\/AmericanRebel\/ak\/die-farce-der-nobel-und-karlspreis-verleihungen\/#breadcrumb","itemListElement":[{"@type":"ListItem","position":1,"name":"Startseite","item":"https:\/\/www.deanreed.de\/AmericanRebel\/ak\/"},{"@type":"ListItem","position":2,"name":"Die Farce der Nobel- und Karlspreis Verleihungen"}]},{"@type":"WebSite","@id":"https:\/\/www.deanreed.de\/AmericanRebel\/ak\/#website","url":"https:\/\/www.deanreed.de\/AmericanRebel\/ak\/","name":"Roter Morgen","description":"Der Weg zur Partei","potentialAction":[{"@type":"SearchAction","target":{"@type":"EntryPoint","urlTemplate":"https:\/\/www.deanreed.de\/AmericanRebel\/ak\/?s={search_term_string}"},"query-input":{"@type":"PropertyValueSpecification","valueRequired":true,"valueName":"search_term_string"}}],"inLanguage":"de"},{"@type":"Person","@id":"https:\/\/www.deanreed.de\/AmericanRebel\/ak\/#\/schema\/person\/1735e67eea57aea7611c691f571924c3","name":"Redaktion","url":"https:\/\/www.deanreed.de\/AmericanRebel\/ak\/author\/redaktion\/"}]}},"_links":{"self":[{"href":"https:\/\/www.deanreed.de\/AmericanRebel\/ak\/wp-json\/wp\/v2\/posts\/1517","targetHints":{"allow":["GET"]}}],"collection":[{"href":"https:\/\/www.deanreed.de\/AmericanRebel\/ak\/wp-json\/wp\/v2\/posts"}],"about":[{"href":"https:\/\/www.deanreed.de\/AmericanRebel\/ak\/wp-json\/wp\/v2\/types\/post"}],"author":[{"embeddable":true,"href":"https:\/\/www.deanreed.de\/AmericanRebel\/ak\/wp-json\/wp\/v2\/users\/4"}],"replies":[{"embeddable":true,"href":"https:\/\/www.deanreed.de\/AmericanRebel\/ak\/wp-json\/wp\/v2\/comments?post=1517"}],"version-history":[{"count":4,"href":"https:\/\/www.deanreed.de\/AmericanRebel\/ak\/wp-json\/wp\/v2\/posts\/1517\/revisions"}],"predecessor-version":[{"id":1526,"href":"https:\/\/www.deanreed.de\/AmericanRebel\/ak\/wp-json\/wp\/v2\/posts\/1517\/revisions\/1526"}],"wp:featuredmedia":[{"embeddable":true,"href":"https:\/\/www.deanreed.de\/AmericanRebel\/ak\/wp-json\/wp\/v2\/media\/1518"}],"wp:attachment":[{"href":"https:\/\/www.deanreed.de\/AmericanRebel\/ak\/wp-json\/wp\/v2\/media?parent=1517"}],"wp:term":[{"taxonomy":"category","embeddable":true,"href":"https:\/\/www.deanreed.de\/AmericanRebel\/ak\/wp-json\/wp\/v2\/categories?post=1517"},{"taxonomy":"post_tag","embeddable":true,"href":"https:\/\/www.deanreed.de\/AmericanRebel\/ak\/wp-json\/wp\/v2\/tags?post=1517"}],"curies":[{"name":"wp","href":"https:\/\/api.w.org\/{rel}","templated":true}]}}