{"id":1511,"date":"2022-06-08T12:19:01","date_gmt":"2022-06-08T12:19:01","guid":{"rendered":"http:\/\/www.deanreed.de\/AmericanRebel\/ak\/?p=1511"},"modified":"2022-07-05T21:51:07","modified_gmt":"2022-07-05T21:51:07","slug":"koenigin-elisabeth-ii-und-benno-ohnesorg","status":"publish","type":"post","link":"https:\/\/www.deanreed.de\/AmericanRebel\/ak\/koenigin-elisabeth-ii-und-benno-ohnesorg\/","title":{"rendered":"K\u00f6nigin Elisabeth II. und Benno Ohnesorg"},"content":{"rendered":"<div data-contents=\"true\">\n<div class=\"\" data-block=\"true\" data-editor=\"j6fb\" data-offset-key=\"4g9dk-0-0\">\n<div class=\"public-DraftStyleDefault-block public-DraftStyleDefault-ltr\" style=\"text-align: justify;\" data-offset-key=\"4g9dk-0-0\">\n<p style=\"text-align: justify;\"><span style=\"font-family: verdana, geneva, sans-serif; font-size: 12pt; color: #000000;\"><strong>Der Feiermarathon anl\u00e4sslich des 70. Thronjubil\u00e4ums der britischen K\u00f6nigin Elisabeth II. vom 2. bis 5. Juni 2022 ist in den b\u00fcrgerlichen Massenmedien verk\u00fcrzt und damit auch falsch wiedergegeben worden. Deutlich geworden ist, welche enorme Ausma\u00dfe an Massenmanipulierung durch perversen Kitsch diese Medien bereits erreicht haben, wozu sie bereits in der Lage sind! Die V\u00f6lker werden regelrecht infantilisiert. <\/strong><\/span><\/p>\n<\/div>\n<\/div>\n<\/div>\n<p style=\"text-align: justify;\"><span style=\"font-family: verdana, geneva, sans-serif; font-size: 12pt; color: #000000;\">Das englische K\u00f6nigshaus versteht sich als eins &#8222;von Gottes Gnaden&#8220;. Marx sprach im Herbst 1843 davon, dass der christliche Staat auf einem <em>Menschenkehricht<\/em> (kursiv von Marx) basiert.<sup>1 <\/sup>Kehricht s\u00e4ubert man am besten hinweg. Es liegt hier der erste Fingerzeig von Marx vor, dass in einer menschlichen Revolution, Marx spricht 1843 noch nicht von einer proletarischen Revolution, <em>ges\u00e4ubert<\/em> werden muss. Vier Tage stank fast die ganze Welt nach diesem <em>Menschenkehricht, <\/em>das historisch seiner Hinwegs\u00e4uberung harrt. <\/span><\/p>\n<p style=\"text-align: justify;\"><span style=\"font-family: verdana, geneva, sans-serif; font-size: 12pt; color: #000000;\">Der 2. Juni 2022 war f\u00fcr fortschrittliche Menschen nur bedingt der Erinnerung an den 2. Juni 1952 wert, vielmehr der Erinnerung an die Ermordung des deutschen Studenten Benno Ohnesorg am 2. Juni 1967 im damaligen Westberlin. Das ist jetzt bereits 55 Jahre her. Beides, das blutig-imperialistische Raubsystem, 1967 durch den Schah von Persien repr\u00e4sentiert, und der Polizistenmord an einem deutschen Studenten geh\u00f6ren zusammen. Wurden die Menschen besonders im britischen und deutschen Fernsehen durch romantische Jubelorgien auf die royalistische Raub- und M\u00f6rderbande benebelt, so fiel der Name Benno Ohnesorg am 2. Juni \u00fcberhaupt nicht. F\u00e4llt dieser nicht, so kann nat\u00fcrlich auch nicht der Zusammenhang zwischen dem 2. Juni 1952 und dem 2. Juni 1967 hergestellt werden, der aber f\u00fcr Dialektiker existiert. Ohne diesen Zusammenhang aber wird die grelle royale Hofberichterstattung einseitig, falsch und kriminell. Der Tod Benno Ohnesorgs ist mehr als nur ein Wermutstropfen in die Personenkultorgie um eine der reichsten und habgierigsten Frauen der Welt. W\u00fcrde es eine ausgewogene Berichterstattung geben, h\u00e4tte es am 2. Juni 2022 im deutschen Fernsehen den ganzen Tag Sondersendungen und Dokumentationen \u00fcber den Polizistenmord an Benno Ohnesorg geben m\u00fcssen. Warum war das nicht der Fall? Warum berichtete <a style=\"color: #000000;\" href=\"https:\/\/www.daserste.de\/information\/politik-weltgeschehen\/panorama\/videosextern\/der-fall-benno-ohnesorg-100.html\" target=\"_blank\" rel=\"noopener\">ausschlie\u00dflich Panorama drei Tage sp\u00e4ter?<\/a><br \/>\n<\/span><\/p>\n<figure id=\"attachment_1513\" aria-describedby=\"caption-attachment-1513\" style=\"width: 600px\" class=\"wp-caption aligncenter\"><img loading=\"lazy\" decoding=\"async\" class=\" wp-image-1513\" src=\"http:\/\/www.deanreed.de\/AmericanRebel\/ak\/wp-content\/uploads\/2022\/06\/1280xauto-768x352-1-300x138.jpg\" alt=\"\" width=\"600\" height=\"276\" srcset=\"https:\/\/www.deanreed.de\/AmericanRebel\/ak\/wp-content\/uploads\/2022\/06\/1280xauto-768x352-1-300x138.jpg 300w, https:\/\/www.deanreed.de\/AmericanRebel\/ak\/wp-content\/uploads\/2022\/06\/1280xauto-768x352-1.jpg 768w\" sizes=\"auto, (max-width: 600px) 100vw, 600px\" \/><figcaption id=\"caption-attachment-1513\" class=\"wp-caption-text\">2. Juni 1967: Der ermordete Benno Ohnesorg umringt von Helfern des Roten Kreuzes bei seiner Einlieferung ins Krankenhaus, wo er kurze Zeit sp\u00e4ter verstarb. | Bild: Archiv Roter Morgen<\/figcaption><\/figure>\n<p style=\"text-align: justify;\"><span style=\"font-family: verdana, geneva, sans-serif; font-size: 12pt; color: #000000;\">\u2018Polizei, Justiz, Senat \u2013 sind ein Gangstersyndikat\u2018! Das war eine der richtigen Parolen, die in der damaligen Studentenbewegung lautstark auf dem Kurf\u00fcrstendamm skandiert wurden. Der Freispruch f\u00fcr den uniformierten M\u00f6rder Kurras, der Ohnesorg von hinten in den Kopf geschossen hatte, best\u00e4tigte das nachhaltig. Daran aber darf auch 55 Jahre sp\u00e4ter nicht ger\u00fchrt werden. Lenin lehrte uns, dass die Bourgeoisie vor der selbst\u00e4ndigen Bewegung des Proletariats hundert Mal mehr Angst hat als vor jeder beliebigen Reaktion. Und die englische Queen ist da als Vogelscheuche \u00e4u\u00dferst willkommen, zugleich ist sie ein Paradiesvogel, auf den sich alle Blicke richten sollen. Im Grunde hatte die Szenerie mit den bunten Luftballons, dem idiotischen Saufen in den Pubs und den Union-Jack-F\u00e4hnchen-Meeren etwas Grauenhaftes an sich, sie zeigt, wie hohl diese Gesellschaft ist, wie sehr sie am Abgrund steht.<\/span><\/p>\n<p style=\"text-align: justify;\"><span style=\"font-family: verdana, geneva, sans-serif; font-size: 12pt; color: #000000;\">Und dieser Abgrund, der sich in den vier Feiertagen am St\u00fcck aufgetan hat, ist in seiner Tiefe gar nicht erfasst worden. Das ist auch ein Erfolg der Massenmanipulierung im Namen des imperialistischen Systems. B\u00fcrgerliche Juristen mit ihrer Notstandsgesetzgebung, b\u00fcrgerliche Polizisten mit ihrem aggressiv-gewaltsamen Vorgehen gegen die Volksmassen und b\u00fcrgerliche Journalisten mit ihren wahnwitzigen Volksverdummungsbeitr\u00e4gen \u201carbeiten\u201c am selben Strang: <em>Die Ermordung von fortschrittlichen Menschen und Revolution\u00e4ren durch Terror-Organe der BRD hat straffrei zu bleiben.<\/em> Lenin hat v\u00f6llig Recht, wenn er eine Parallele zu den antiken Sklavenhalterstaaten zieht: \u201cDie Freiheit der kapitalistischen Gesellschaft bleibt immer ungef\u00e4hr die gleiche, die sie in den antiken griechischen Republiken war: Freiheit f\u00fcr die Sklavenhalter\u201c.<sup>2 <\/sup>Der Lohnsklave darf get\u00f6tet werden.<\/span><\/p>\n<p style=\"text-align: justify;\"><span style=\"font-family: verdana, geneva, sans-serif; font-size: 12pt; color: #000000;\">Auf gespenstische Weise zeigte sich, wie Recht Marx mit einer seiner Schlussfolgerungen aus der Niederlage der Pariser Commune hatte: Sie habe gezeigt, dass der Bourgeois sich f\u00fcr den rechtm\u00e4\u00dfigen Nachfolger des Feudalherrn erweise.<sup>3 <\/sup>Was Marx schon 1871 sah, das ist 150 Jahre sp\u00e4ter dem monarchistisch gesinnten Menschenkehricht auf Erden immer noch nicht pr\u00e4sent. Auch deshalb ist er zum historischen Untergang verdammt.<\/span><\/p>\n<p style=\"text-align: left;\"><span style=\"font-size: 10pt; color: #000000;\"><span style=\"font-family: verdana, geneva, sans-serif;\"><sup>1 <\/sup>Karl Marx, Zur Judenfrage, Werke, Band 1, Dietz Verlag Berlin, 1960, Seite 359.<br \/>\n<\/span><span style=\"font-family: verdana, geneva, sans-serif;\"><sup>2 <\/sup>Lenin, Staat und Revolution, Werke, Band 25, Dietz Verlag Berlin, 1960, Seite 474.<br \/>\n<\/span><span style=\"font-family: verdana, geneva, sans-serif;\"><sup>3 <\/sup>Karl Marx, Der B\u00fcrgerkrieg in Frankreich, in: Ausgew. Werke, Progress Verlag Moskau, 1975, Seite 321.<\/span><\/span><\/p>\n<p><span style=\"color: #ffffff;\">.<\/span><\/p>\n","protected":false},"excerpt":{"rendered":"<div class=\"mh-excerpt\"><p>Der Feiermarathon anl\u00e4sslich des 70. Thronjubil\u00e4ums der britischen K\u00f6nigin Elisabeth II. vom 2. bis 5. Juni 2022 ist in den b\u00fcrgerlichen Massenmedien verk\u00fcrzt und damit <a class=\"mh-excerpt-more\" href=\"https:\/\/www.deanreed.de\/AmericanRebel\/ak\/koenigin-elisabeth-ii-und-benno-ohnesorg\/\" title=\"K\u00f6nigin Elisabeth II. und Benno Ohnesorg\">[&#8230;]<\/a><\/p>\n<\/div>","protected":false},"author":4,"featured_media":1533,"comment_status":"open","ping_status":"open","sticky":false,"template":"","format":"standard","meta":{"footnotes":""},"categories":[1],"tags":[471,472,499,500,501,476,502,99,503,480,504,505,506],"class_list":["post-1511","post","type-post","status-publish","format-standard","has-post-thumbnail","hentry","category-allgemein","tag-arbeiterklasse","tag-das-kapitalistische-system","tag-heinz-ahlreip","tag-kommunismus","tag-koenigin-elisabeth-ii-und-benno-ohnesorg","tag-kpd-ml","tag-menschenkehricht","tag-politik-und-gesellschaft","tag-produktionsprozess","tag-roter-morgen","tag-sozialistten","tag-strafsysteme-und-gefaengnisse","tag-zum-begriff-des-politischen"],"yoast_head":"<!-- This site is optimized with the Yoast SEO plugin v26.2 - https:\/\/yoast.com\/wordpress\/plugins\/seo\/ -->\n<title>K\u00f6nigin Elisabeth II. und Benno Ohnesorg - Roter Morgen<\/title>\n<meta name=\"robots\" content=\"index, follow, max-snippet:-1, max-image-preview:large, max-video-preview:-1\" \/>\n<link rel=\"canonical\" href=\"http:\/\/www.deanreed.de\/AmericanRebel\/ak\/koenigin-elisabeth-ii-und-benno-ohnesorg\/\" \/>\n<meta property=\"og:locale\" content=\"de_DE\" \/>\n<meta property=\"og:type\" content=\"article\" \/>\n<meta property=\"og:title\" content=\"K\u00f6nigin Elisabeth II. und Benno Ohnesorg - Roter Morgen\" \/>\n<meta property=\"og:description\" content=\"Der Feiermarathon anl\u00e4sslich des 70. Thronjubil\u00e4ums der britischen K\u00f6nigin Elisabeth II. vom 2. bis 5. Juni 2022 ist in den b\u00fcrgerlichen Massenmedien verk\u00fcrzt und damit [...]\" \/>\n<meta property=\"og:url\" content=\"http:\/\/www.deanreed.de\/AmericanRebel\/ak\/koenigin-elisabeth-ii-und-benno-ohnesorg\/\" \/>\n<meta property=\"og:site_name\" content=\"Roter Morgen\" \/>\n<meta property=\"article:published_time\" content=\"2022-06-08T12:19:01+00:00\" \/>\n<meta property=\"article:modified_time\" content=\"2022-07-05T21:51:07+00:00\" \/>\n<meta property=\"og:image\" content=\"http:\/\/www.deanreed.de\/AmericanRebel\/ak\/wp-content\/uploads\/2022\/06\/1-Kopie-5.png\" \/>\n\t<meta property=\"og:image:width\" content=\"640\" \/>\n\t<meta property=\"og:image:height\" content=\"460\" \/>\n\t<meta property=\"og:image:type\" content=\"image\/png\" \/>\n<meta name=\"author\" content=\"Redaktion\" \/>\n<meta name=\"twitter:card\" content=\"summary_large_image\" \/>\n<meta name=\"twitter:label1\" content=\"Verfasst von\" \/>\n\t<meta name=\"twitter:data1\" content=\"Redaktion\" \/>\n\t<meta name=\"twitter:label2\" content=\"Gesch\u00e4tzte Lesezeit\" \/>\n\t<meta name=\"twitter:data2\" content=\"4\u00a0Minuten\" \/>\n<script type=\"application\/ld+json\" class=\"yoast-schema-graph\">{\"@context\":\"https:\/\/schema.org\",\"@graph\":[{\"@type\":\"WebPage\",\"@id\":\"http:\/\/www.deanreed.de\/AmericanRebel\/ak\/koenigin-elisabeth-ii-und-benno-ohnesorg\/\",\"url\":\"http:\/\/www.deanreed.de\/AmericanRebel\/ak\/koenigin-elisabeth-ii-und-benno-ohnesorg\/\",\"name\":\"K\u00f6nigin Elisabeth II. und Benno Ohnesorg - Roter Morgen\",\"isPartOf\":{\"@id\":\"https:\/\/www.deanreed.de\/AmericanRebel\/ak\/#website\"},\"primaryImageOfPage\":{\"@id\":\"http:\/\/www.deanreed.de\/AmericanRebel\/ak\/koenigin-elisabeth-ii-und-benno-ohnesorg\/#primaryimage\"},\"image\":{\"@id\":\"http:\/\/www.deanreed.de\/AmericanRebel\/ak\/koenigin-elisabeth-ii-und-benno-ohnesorg\/#primaryimage\"},\"thumbnailUrl\":\"https:\/\/www.deanreed.de\/AmericanRebel\/ak\/wp-content\/uploads\/2022\/06\/1-Kopie-5.png\",\"datePublished\":\"2022-06-08T12:19:01+00:00\",\"dateModified\":\"2022-07-05T21:51:07+00:00\",\"author\":{\"@id\":\"https:\/\/www.deanreed.de\/AmericanRebel\/ak\/#\/schema\/person\/1735e67eea57aea7611c691f571924c3\"},\"breadcrumb\":{\"@id\":\"http:\/\/www.deanreed.de\/AmericanRebel\/ak\/koenigin-elisabeth-ii-und-benno-ohnesorg\/#breadcrumb\"},\"inLanguage\":\"de\",\"potentialAction\":[{\"@type\":\"ReadAction\",\"target\":[\"http:\/\/www.deanreed.de\/AmericanRebel\/ak\/koenigin-elisabeth-ii-und-benno-ohnesorg\/\"]}]},{\"@type\":\"ImageObject\",\"inLanguage\":\"de\",\"@id\":\"http:\/\/www.deanreed.de\/AmericanRebel\/ak\/koenigin-elisabeth-ii-und-benno-ohnesorg\/#primaryimage\",\"url\":\"https:\/\/www.deanreed.de\/AmericanRebel\/ak\/wp-content\/uploads\/2022\/06\/1-Kopie-5.png\",\"contentUrl\":\"https:\/\/www.deanreed.de\/AmericanRebel\/ak\/wp-content\/uploads\/2022\/06\/1-Kopie-5.png\",\"width\":640,\"height\":460,\"caption\":\"Seit 6. Februar 1952 ist Elisabeth II. K\u00f6nigin des \u201eVereinigten K\u00f6nigreichs von Gro\u00dfbritannien und Nordirland\u201c. Ihr Anspruch auf Thron und Krone wird bis heute ganz offiziell mit der \u201eGnade Gottes\u201c begr\u00fcndet \u2013 ein altes Konzept der Legitimation staatlicher Macht. | Bild: Lord Castlepool\"},{\"@type\":\"BreadcrumbList\",\"@id\":\"http:\/\/www.deanreed.de\/AmericanRebel\/ak\/koenigin-elisabeth-ii-und-benno-ohnesorg\/#breadcrumb\",\"itemListElement\":[{\"@type\":\"ListItem\",\"position\":1,\"name\":\"Startseite\",\"item\":\"https:\/\/www.deanreed.de\/AmericanRebel\/ak\/\"},{\"@type\":\"ListItem\",\"position\":2,\"name\":\"K\u00f6nigin Elisabeth II. und Benno Ohnesorg\"}]},{\"@type\":\"WebSite\",\"@id\":\"https:\/\/www.deanreed.de\/AmericanRebel\/ak\/#website\",\"url\":\"https:\/\/www.deanreed.de\/AmericanRebel\/ak\/\",\"name\":\"Roter Morgen\",\"description\":\"Der Weg zur Partei\",\"potentialAction\":[{\"@type\":\"SearchAction\",\"target\":{\"@type\":\"EntryPoint\",\"urlTemplate\":\"https:\/\/www.deanreed.de\/AmericanRebel\/ak\/?s={search_term_string}\"},\"query-input\":{\"@type\":\"PropertyValueSpecification\",\"valueRequired\":true,\"valueName\":\"search_term_string\"}}],\"inLanguage\":\"de\"},{\"@type\":\"Person\",\"@id\":\"https:\/\/www.deanreed.de\/AmericanRebel\/ak\/#\/schema\/person\/1735e67eea57aea7611c691f571924c3\",\"name\":\"Redaktion\",\"url\":\"https:\/\/www.deanreed.de\/AmericanRebel\/ak\/author\/redaktion\/\"}]}<\/script>\n<!-- \/ Yoast SEO plugin. -->","yoast_head_json":{"title":"K\u00f6nigin Elisabeth II. und Benno Ohnesorg - Roter Morgen","robots":{"index":"index","follow":"follow","max-snippet":"max-snippet:-1","max-image-preview":"max-image-preview:large","max-video-preview":"max-video-preview:-1"},"canonical":"http:\/\/www.deanreed.de\/AmericanRebel\/ak\/koenigin-elisabeth-ii-und-benno-ohnesorg\/","og_locale":"de_DE","og_type":"article","og_title":"K\u00f6nigin Elisabeth II. und Benno Ohnesorg - Roter Morgen","og_description":"Der Feiermarathon anl\u00e4sslich des 70. Thronjubil\u00e4ums der britischen K\u00f6nigin Elisabeth II. vom 2. bis 5. Juni 2022 ist in den b\u00fcrgerlichen Massenmedien verk\u00fcrzt und damit [...]","og_url":"http:\/\/www.deanreed.de\/AmericanRebel\/ak\/koenigin-elisabeth-ii-und-benno-ohnesorg\/","og_site_name":"Roter Morgen","article_published_time":"2022-06-08T12:19:01+00:00","article_modified_time":"2022-07-05T21:51:07+00:00","og_image":[{"width":640,"height":460,"url":"http:\/\/www.deanreed.de\/AmericanRebel\/ak\/wp-content\/uploads\/2022\/06\/1-Kopie-5.png","type":"image\/png"}],"author":"Redaktion","twitter_card":"summary_large_image","twitter_misc":{"Verfasst von":"Redaktion","Gesch\u00e4tzte Lesezeit":"4\u00a0Minuten"},"schema":{"@context":"https:\/\/schema.org","@graph":[{"@type":"WebPage","@id":"http:\/\/www.deanreed.de\/AmericanRebel\/ak\/koenigin-elisabeth-ii-und-benno-ohnesorg\/","url":"http:\/\/www.deanreed.de\/AmericanRebel\/ak\/koenigin-elisabeth-ii-und-benno-ohnesorg\/","name":"K\u00f6nigin Elisabeth II. und Benno Ohnesorg - Roter Morgen","isPartOf":{"@id":"https:\/\/www.deanreed.de\/AmericanRebel\/ak\/#website"},"primaryImageOfPage":{"@id":"http:\/\/www.deanreed.de\/AmericanRebel\/ak\/koenigin-elisabeth-ii-und-benno-ohnesorg\/#primaryimage"},"image":{"@id":"http:\/\/www.deanreed.de\/AmericanRebel\/ak\/koenigin-elisabeth-ii-und-benno-ohnesorg\/#primaryimage"},"thumbnailUrl":"https:\/\/www.deanreed.de\/AmericanRebel\/ak\/wp-content\/uploads\/2022\/06\/1-Kopie-5.png","datePublished":"2022-06-08T12:19:01+00:00","dateModified":"2022-07-05T21:51:07+00:00","author":{"@id":"https:\/\/www.deanreed.de\/AmericanRebel\/ak\/#\/schema\/person\/1735e67eea57aea7611c691f571924c3"},"breadcrumb":{"@id":"http:\/\/www.deanreed.de\/AmericanRebel\/ak\/koenigin-elisabeth-ii-und-benno-ohnesorg\/#breadcrumb"},"inLanguage":"de","potentialAction":[{"@type":"ReadAction","target":["http:\/\/www.deanreed.de\/AmericanRebel\/ak\/koenigin-elisabeth-ii-und-benno-ohnesorg\/"]}]},{"@type":"ImageObject","inLanguage":"de","@id":"http:\/\/www.deanreed.de\/AmericanRebel\/ak\/koenigin-elisabeth-ii-und-benno-ohnesorg\/#primaryimage","url":"https:\/\/www.deanreed.de\/AmericanRebel\/ak\/wp-content\/uploads\/2022\/06\/1-Kopie-5.png","contentUrl":"https:\/\/www.deanreed.de\/AmericanRebel\/ak\/wp-content\/uploads\/2022\/06\/1-Kopie-5.png","width":640,"height":460,"caption":"Seit 6. Februar 1952 ist Elisabeth II. K\u00f6nigin des \u201eVereinigten K\u00f6nigreichs von Gro\u00dfbritannien und Nordirland\u201c. Ihr Anspruch auf Thron und Krone wird bis heute ganz offiziell mit der \u201eGnade Gottes\u201c begr\u00fcndet \u2013 ein altes Konzept der Legitimation staatlicher Macht. | Bild: Lord Castlepool"},{"@type":"BreadcrumbList","@id":"http:\/\/www.deanreed.de\/AmericanRebel\/ak\/koenigin-elisabeth-ii-und-benno-ohnesorg\/#breadcrumb","itemListElement":[{"@type":"ListItem","position":1,"name":"Startseite","item":"https:\/\/www.deanreed.de\/AmericanRebel\/ak\/"},{"@type":"ListItem","position":2,"name":"K\u00f6nigin Elisabeth II. und Benno Ohnesorg"}]},{"@type":"WebSite","@id":"https:\/\/www.deanreed.de\/AmericanRebel\/ak\/#website","url":"https:\/\/www.deanreed.de\/AmericanRebel\/ak\/","name":"Roter Morgen","description":"Der Weg zur Partei","potentialAction":[{"@type":"SearchAction","target":{"@type":"EntryPoint","urlTemplate":"https:\/\/www.deanreed.de\/AmericanRebel\/ak\/?s={search_term_string}"},"query-input":{"@type":"PropertyValueSpecification","valueRequired":true,"valueName":"search_term_string"}}],"inLanguage":"de"},{"@type":"Person","@id":"https:\/\/www.deanreed.de\/AmericanRebel\/ak\/#\/schema\/person\/1735e67eea57aea7611c691f571924c3","name":"Redaktion","url":"https:\/\/www.deanreed.de\/AmericanRebel\/ak\/author\/redaktion\/"}]}},"_links":{"self":[{"href":"https:\/\/www.deanreed.de\/AmericanRebel\/ak\/wp-json\/wp\/v2\/posts\/1511","targetHints":{"allow":["GET"]}}],"collection":[{"href":"https:\/\/www.deanreed.de\/AmericanRebel\/ak\/wp-json\/wp\/v2\/posts"}],"about":[{"href":"https:\/\/www.deanreed.de\/AmericanRebel\/ak\/wp-json\/wp\/v2\/types\/post"}],"author":[{"embeddable":true,"href":"https:\/\/www.deanreed.de\/AmericanRebel\/ak\/wp-json\/wp\/v2\/users\/4"}],"replies":[{"embeddable":true,"href":"https:\/\/www.deanreed.de\/AmericanRebel\/ak\/wp-json\/wp\/v2\/comments?post=1511"}],"version-history":[{"count":4,"href":"https:\/\/www.deanreed.de\/AmericanRebel\/ak\/wp-json\/wp\/v2\/posts\/1511\/revisions"}],"predecessor-version":[{"id":1527,"href":"https:\/\/www.deanreed.de\/AmericanRebel\/ak\/wp-json\/wp\/v2\/posts\/1511\/revisions\/1527"}],"wp:featuredmedia":[{"embeddable":true,"href":"https:\/\/www.deanreed.de\/AmericanRebel\/ak\/wp-json\/wp\/v2\/media\/1533"}],"wp:attachment":[{"href":"https:\/\/www.deanreed.de\/AmericanRebel\/ak\/wp-json\/wp\/v2\/media?parent=1511"}],"wp:term":[{"taxonomy":"category","embeddable":true,"href":"https:\/\/www.deanreed.de\/AmericanRebel\/ak\/wp-json\/wp\/v2\/categories?post=1511"},{"taxonomy":"post_tag","embeddable":true,"href":"https:\/\/www.deanreed.de\/AmericanRebel\/ak\/wp-json\/wp\/v2\/tags?post=1511"}],"curies":[{"name":"wp","href":"https:\/\/api.w.org\/{rel}","templated":true}]}}