{"id":30353,"date":"2022-06-13T02:05:42","date_gmt":"2022-06-13T00:05:42","guid":{"rendered":"http:\/\/www.deanreed.de\/AmericanRebel\/2017\/?p=30353"},"modified":"2022-06-15T02:30:41","modified_gmt":"2022-06-15T00:30:41","slug":"wochenrueckblick-23-kalenderwoche-2022","status":"publish","type":"post","link":"https:\/\/www.deanreed.de\/AmericanRebel\/2017\/2022\/06\/13\/wochenrueckblick-23-kalenderwoche-2022\/","title":{"rendered":"&#8211; Wochenr\u00fcckblick 23. Kalenderwoche 2022"},"content":{"rendered":"<p><span style=\"font-size: 14pt; font-family: verdana, geneva, sans-serif;\"><strong><span style=\"color: #993300;\"><img loading=\"lazy\" class=\"wp-image-26025 aligncenter\" src=\"http:\/\/www.deanreed.de\/AmericanRebel\/2017\/wp-content\/uploads\/2020\/10\/AR_WR_2-300x75.png\" alt=\"\" width=\"668\" height=\"167\" srcset=\"https:\/\/www.deanreed.de\/AmericanRebel\/2017\/wp-content\/uploads\/2020\/10\/AR_WR_2-300x75.png 300w, https:\/\/www.deanreed.de\/AmericanRebel\/2017\/wp-content\/uploads\/2020\/10\/AR_WR_2.png 700w\" sizes=\"(max-width: 668px) 100vw, 668px\" \/><br \/>\n<span style=\"font-size: 12pt;\">Zur\u00fcckblickend auf die letzten Tage sind uns einige kommentierbare Vorkommnisse ins Auge gefallen, die wir hier zur Diskussion stellen.<\/span><\/span><\/strong><\/span><\/p>\n<p style=\"text-align: justify;\"><span style=\"font-family: verdana, geneva, sans-serif; font-size: 16pt;\"><span style=\"color: #000000;\"><span style=\"font-size: 12pt; color: #ffffff;\">.<\/span><\/span><\/span><br \/>\n<span style=\"color: #000000;\"><span style=\"font-family: verdana, geneva, sans-serif;\"><span style=\"font-size: 14pt; color: #000000;\"><strong>07. Juni | <\/strong><\/span><\/span><span style=\"font-size: 14pt;\"><strong><span style=\"font-family: verdana, geneva, sans-serif;\">USA provozieren mit Kampfjets \u00fcber dem Gelben Meer<\/span><\/strong><\/span><\/span><br \/>\n<span style=\"font-family: verdana, geneva, sans-serif; font-size: 12pt; color: #000000;\"><strong><img loading=\"lazy\" class=\"wp-image-30345 aligncenter\" src=\"http:\/\/www.deanreed.de\/AmericanRebel\/2017\/wp-content\/uploads\/2022\/06\/1280px-F-35A_flight-Kopie-300x81.png\" alt=\"\" width=\"667\" height=\"180\" srcset=\"https:\/\/www.deanreed.de\/AmericanRebel\/2017\/wp-content\/uploads\/2022\/06\/1280px-F-35A_flight-Kopie-300x81.png 300w, https:\/\/www.deanreed.de\/AmericanRebel\/2017\/wp-content\/uploads\/2022\/06\/1280px-F-35A_flight-Kopie.png 666w\" sizes=\"(max-width: 667px) 100vw, 667px\" \/>Seoul.<\/strong> Die USA und ihr Verb\u00fcndeter S\u00fcdkorea sorgen in Ostasien wieder einmal f\u00fcr eine politisch-milit\u00e4rische Provokation. Mit 20 Mehrzweckkampfflugzeugen, darunter Tarnkappenjets F\u201135A und F\u201116-Maschinen, flogen US-Verb\u00e4nde und die s\u00fcdkoreanische Luftwaffe in einer gemeinsamen \u201e\u00dcbung\u201c \u00fcber das Gelbe Meer zwischen dem chinesischen Festland und der koreanischen Halbinsel.<\/span><br \/>\n<span style=\"color: #000000;\"><span style=\"font-family: verdana, geneva, sans-serif;\"><span style=\"font-size: 12pt;\"><span style=\"color: #005a8c;\"><a style=\"color: #005a8c;\" href=\"https:\/\/zeitungderarbeit.at\/international\/usa-provozieren-mit-kampfjets-ueber-dem-gelben-meer\/\" target=\"_blank\" rel=\"noopener\"><em>\u00bbPartei der Arbeit\u00ab berichtete<\/em><\/a><\/span><br \/>\n<span style=\"color: #ffffff;\">.<\/span><br \/>\n<span style=\"color: #ffffff;\">.<\/span><br \/>\n<span style=\"font-size: 14pt;\"><strong>08. Juni |<\/strong> <\/span><\/span><\/span><span style=\"font-size: 14pt;\"><strong><span style=\"font-family: verdana, geneva, sans-serif;\">K\u00f6nigin Elisabeth II. und Benno Ohnesorg<\/span><\/strong><\/span><\/span><br \/>\n<span style=\"color: #000000; font-family: verdana, geneva, sans-serif; font-size: 12pt;\"><img loading=\"lazy\" class=\"wp-image-30343 aligncenter\" src=\"http:\/\/www.deanreed.de\/AmericanRebel\/2017\/wp-content\/uploads\/2022\/06\/sdf-300x81.png\" alt=\"\" width=\"667\" height=\"180\" srcset=\"https:\/\/www.deanreed.de\/AmericanRebel\/2017\/wp-content\/uploads\/2022\/06\/sdf-300x81.png 300w, https:\/\/www.deanreed.de\/AmericanRebel\/2017\/wp-content\/uploads\/2022\/06\/sdf.png 666w\" sizes=\"(max-width: 667px) 100vw, 667px\" \/>Der Feiermarathon anl\u00e4sslich des 70. Thronjubil\u00e4ums der britischen K\u00f6nigin Elisabeth II. vom 2. bis 5. Juni 2022 ist in den b\u00fcrgerlichen Massenmedien verk\u00fcrzt und damit auch falsch wiedergegeben worden. Deutlich geworden ist, welche enorme Ausma\u00dfe an Massenmanipulierung durch perversen Kitsch diese Medien bereits erreicht haben, wozu sie bereits in der Lage sind! Die V\u00f6lker werden regelrecht infantilisiert.<\/span><br \/>\n<span style=\"color: #000000;\"><span style=\"font-family: verdana, geneva, sans-serif;\"><span style=\"font-size: 12pt;\"><span style=\"color: #005a8c;\"><a style=\"color: #005a8c;\" href=\"https:\/\/rotermorgen.eu\/koenigin-elisabeth-ii-und-benno-ohnesorg\/\" target=\"_blank\" rel=\"noopener\"><span style=\"font-family: verdana, geneva, sans-serif;\"><em>\u00bbRoterMorgen\u00ab berichtete<\/em><\/span><\/a><\/span><br \/>\n<span style=\"color: #ffffff;\">.<\/span><br \/>\n<span style=\"color: #ffffff;\">.<\/span><br \/>\n<\/span><span style=\"font-size: 14pt;\"><strong>08. Juni |<\/strong><\/span><\/span><span style=\"font-size: 14pt;\"><strong><span style=\"font-family: verdana, geneva, sans-serif;\">Arbeiterklasse bezahlt<br \/>\nRekordprofite des Voestalpine-Konzerns<\/span><\/strong><\/span><\/span><br \/>\n<span style=\"color: #000000;\"><span style=\"font-family: verdana, geneva, sans-serif; font-size: 12pt;\"><strong><img loading=\"lazy\" class=\"wp-image-30348 aligncenter\" src=\"http:\/\/www.deanreed.de\/AmericanRebel\/2017\/wp-content\/uploads\/2022\/06\/rtt-Kopie-300x81.png\" alt=\"\" width=\"667\" height=\"180\" srcset=\"https:\/\/www.deanreed.de\/AmericanRebel\/2017\/wp-content\/uploads\/2022\/06\/rtt-Kopie-300x81.png 300w, https:\/\/www.deanreed.de\/AmericanRebel\/2017\/wp-content\/uploads\/2022\/06\/rtt-Kopie.png 666w\" sizes=\"(max-width: 667px) 100vw, 667px\" \/>Linz.<\/strong> Falls sich jemand fragt, wohin das Geld verschwindet: W\u00e4hrend die Teuerungswelle rollt und die Reallohnverluste der Arbeiterschaft immer gravierender werden, verzeichnet \u00d6sterreichs zweitgr\u00f6\u00dfter Industriekonzern, die Voestalpine AG, einen Rekordgewinn. Bei einem Umsatz von knapp 15 Milliarden Euro im Gesch\u00e4ftsjahr 2021\/22 liegt der Gewinn vor Zinsen und Steuern (EBIT) bei 1,45 Milliarden, was gegen\u00fcber dem Vorjahr ein Plus von 330 Prozent bedeutet.<br \/>\n<\/span><span style=\"font-family: verdana, geneva, sans-serif;\"><span style=\"font-size: 12pt;\"><span style=\"color: #005a8c;\"><a style=\"color: #005a8c;\" href=\"https:\/\/zeitungderarbeit.at\/klassenkampf\/arbeiterklasse-bezahlt-rekordprofite-des-voestalpine-konzerns\/\" target=\"_blank\" rel=\"noopener\"><span style=\"font-family: verdana, geneva, sans-serif;\"><em>\u00bbZeitung der Arbeit\u00ab berichtete<\/em><\/span><\/a><\/span><br \/>\n<span style=\"color: #ffffff;\">.<\/span><\/span><span style=\"font-size: 12pt;\"><br \/>\n<span style=\"color: #ffffff;\">.<\/span><br \/>\n<\/span><span style=\"font-size: 14pt;\"><strong>08. Juni |<\/strong> <\/span><\/span><strong><span style=\"font-family: verdana, geneva, sans-serif; font-size: 14pt;\">Landeshauptmann Sch\u00fctzenh\u00f6fer<br \/>\n<\/span><\/strong><\/span><span style=\"color: #000000;\"><strong><span style=\"font-family: verdana, geneva, sans-serif; font-size: 14pt;\">zeichnet Milliard\u00e4rin Flick aus<\/span><\/strong><\/span><br \/>\n<span style=\"font-family: verdana, geneva, sans-serif; color: #000000;\"><strong><img loading=\"lazy\" class=\"wp-image-30346 aligncenter\" src=\"http:\/\/www.deanreed.de\/AmericanRebel\/2017\/wp-content\/uploads\/2022\/06\/meal-g4decf71d5_1280-Kopie-300x81.png\" alt=\"\" width=\"667\" height=\"180\" srcset=\"https:\/\/www.deanreed.de\/AmericanRebel\/2017\/wp-content\/uploads\/2022\/06\/meal-g4decf71d5_1280-Kopie-300x81.png 300w, https:\/\/www.deanreed.de\/AmericanRebel\/2017\/wp-content\/uploads\/2022\/06\/meal-g4decf71d5_1280-Kopie.png 666w\" sizes=\"(max-width: 667px) 100vw, 667px\" \/>Graz\/Klagenfurt.<\/strong> Er ist zwar nicht mehr lange Landeshauptmann der Steiermark, weil er bereits die Amts\u00fcbergabe an seinen designierten Nachfolger Christopher Drexler geregelt hat, aber er kommt h\u00f6chst wichtigen Aufgaben bis zuletzt nach. So erfahren wir im Gratisblatt \u201eheute\u201c, dass Hermann Sch\u00fctzenh\u00f6fer k\u00fcrzlich an den sch\u00f6nen W\u00f6rthersee nach K\u00e4rnten eilte, um der Milliard\u00e4rin Ingrid Flick das Gro\u00dfe Ehrenzeichen des Landes Steiermark umzuh\u00e4ngen. Auch Bruderschaft wurde getrunken, so dass man jetzt per Du ist.<\/span><br \/>\n<span style=\"color: #000000; font-family: verdana, geneva, sans-serif;\"><span style=\"font-size: 12pt;\"><span style=\"color: #005a8c;\"><a style=\"color: #005a8c;\" href=\"https:\/\/zeitungderarbeit.at\/panorama\/landeshauptmann-schuetzenhoefer-zeichnet-milliardaerin-flick-aus\/\"><em>\u00bbZeitung der Arbeit\u00ab berichtete<\/em><\/a><\/span><br \/>\n<\/span><span style=\"font-size: 12pt;\"><span style=\"color: #ffffff;\">.<\/span><br \/>\n<span style=\"color: #ffffff;\">.<\/span><br \/>\n<\/span><span style=\"font-size: 14pt;\"><strong>09. Juni |<\/strong> <strong>\u00bbGendern\u00ab bis zum Umfallen<br \/>\nund kein Schritt weiter\u00ab<\/strong><\/span><\/span><br \/>\n<span style=\"color: #000000; font-family: verdana, geneva, sans-serif;\"><img loading=\"lazy\" class=\"wp-image-30341 aligncenter\" src=\"http:\/\/www.deanreed.de\/AmericanRebel\/2017\/wp-content\/uploads\/2022\/06\/1-Kopie-5-300x81.png\" alt=\"\" width=\"667\" height=\"180\" srcset=\"https:\/\/www.deanreed.de\/AmericanRebel\/2017\/wp-content\/uploads\/2022\/06\/1-Kopie-5-300x81.png 300w, https:\/\/www.deanreed.de\/AmericanRebel\/2017\/wp-content\/uploads\/2022\/06\/1-Kopie-5.png 666w\" sizes=\"(max-width: 667px) 100vw, 667px\" \/>Begonnen hat alles in den 1960er-Jahren mit dem Schr\u00e4gstrich: Feministen verwendeten ihn, um Frauen in der Sprache besonders sichtbar zu machen. Aus den Lehrern wurden nun Lehrer\/innen. Das generische Maskulinum war der fr\u00fchen kleinb\u00fcrgerlichen Frauenbewegung ein Dorn im Auge. Die Frau sollte mehr als ein Anhang sein.<\/span><br \/>\n<span style=\"color: #000000;\"><span style=\"font-family: verdana, geneva, sans-serif;\"><span style=\"font-size: 12pt;\"><a href=\"https:\/\/rotermorgen.eu\/gendern-bis-zum-umfallen-und-kein-schritt-weiter\/\" target=\"_blank\" rel=\"noopener\"><span style=\"color: #005a8c;\"><em>\u00bbRoterMorgen\u00ab berichtete<\/em><\/span><\/a><br \/>\n<span style=\"color: #ffffff;\">.<\/span><br \/>\n<span style=\"color: #ffffff;\">.<\/span><br \/>\n<span style=\"font-size: 14pt;\"><strong>09. Juni |<\/strong> <\/span><\/span><\/span><span style=\"font-size: 14pt;\"><strong><span style=\"font-family: verdana, geneva, sans-serif;\">Superreiche vermehrten ihr Verm\u00f6gen<br \/>\nbinnen eines Jahres um 16 Prozent<\/span><\/strong><\/span><\/span><br \/>\n<span style=\"color: #000000;\"><span style=\"font-family: verdana, geneva, sans-serif; font-size: 12pt;\"><img loading=\"lazy\" class=\"wp-image-30347 aligncenter\" src=\"http:\/\/www.deanreed.de\/AmericanRebel\/2017\/wp-content\/uploads\/2022\/06\/money-gf1a9babf2_1280-Kopie-300x81.png\" alt=\"\" width=\"667\" height=\"180\" srcset=\"https:\/\/www.deanreed.de\/AmericanRebel\/2017\/wp-content\/uploads\/2022\/06\/money-gf1a9babf2_1280-Kopie-300x81.png 300w, https:\/\/www.deanreed.de\/AmericanRebel\/2017\/wp-content\/uploads\/2022\/06\/money-gf1a9babf2_1280-Kopie.png 666w\" sizes=\"(max-width: 667px) 100vw, 667px\" \/>Eine kleine parasit\u00e4re Oberschicht hortet den Reichtum der Welt, den sie den Armen gestohlen hat. <\/span><span style=\"font-family: verdana, geneva, sans-serif; font-size: 12pt;\">Erst der Sturz des kapitalistischen Systems und die Errichtung einer Gesellschaft, in der alle Menschen sich frei und gleich entfalten k\u00f6nnen, wird daran etwas \u00e4ndern k\u00f6nnen.<\/span><em><br \/>\n<\/em><span style=\"font-family: verdana, geneva, sans-serif; color: #005a8c;\"><span style=\"font-size: 12pt;\"><a style=\"color: #005a8c;\" href=\"https:\/\/zeitungderarbeit.at\/feuilleton\/superreiche-vermehrten-ihr-vermoegen-binnen-eines-jahres-um-16-prozent\/\" target=\"_blank\" rel=\"noopener\"><em>\u00bbZeitung der Arbeit\u00ab berichtete<\/em><\/a><\/span><\/span><span style=\"font-family: verdana, geneva, sans-serif;\"><span style=\"font-size: 12pt;\"><br \/>\n<span style=\"color: #ffffff;\">.<\/span><br \/>\n<span style=\"color: #ffffff;\">.<\/span><br \/>\n<\/span><\/span><span style=\"font-family: verdana, geneva, sans-serif;\"><span style=\"font-size: 14pt;\"><strong>11. Juni | <\/strong><\/span><\/span><span style=\"font-size: 14pt;\"><strong><span style=\"font-family: verdana, geneva, sans-serif;\">Neues Mandat f\u00fcr Bundeswehr-Einsatz in Bosnien<\/span><\/strong><\/span><\/span><br \/>\n<span style=\"color: #000000;\"><span style=\"font-size: 12pt; font-family: verdana, geneva, sans-serif;\"><img loading=\"lazy\" class=\"wp-image-30342 aligncenter\" src=\"http:\/\/www.deanreed.de\/AmericanRebel\/2017\/wp-content\/uploads\/2022\/06\/rtu-300x81.png\" alt=\"\" width=\"670\" height=\"181\" srcset=\"https:\/\/www.deanreed.de\/AmericanRebel\/2017\/wp-content\/uploads\/2022\/06\/rtu-300x81.png 300w, https:\/\/www.deanreed.de\/AmericanRebel\/2017\/wp-content\/uploads\/2022\/06\/rtu.png 666w\" sizes=\"(max-width: 670px) 100vw, 670px\" \/>Noch vor der Sommerpause soll der Bundestag die Entsendung von 50 Bundeswehrsoldaten nach Bosnien beschlie\u00dfen. Die EU f\u00fchrt dort durchgehend die Mission \u201cAlthea\u201d durch, an der sich damit nach mehreren Jahren wieder deutsche Soldat:innen im Ausland beteiligen sollen.<\/span><strong><br \/>\n<\/strong><span style=\"font-family: verdana, geneva, sans-serif;\"><span style=\"font-size: 12pt;\"><span style=\"color: #005a8c;\"><a style=\"color: #005a8c;\" href=\"https:\/\/perspektive-online.net\/2022\/06\/neues-mandat-fuer-bundeswehr-einsatz-in-bosnien\/\" target=\"_blank\" rel=\"noopener\"><em>\u00bbperspektive\u00ab berichtete<\/em><\/a><\/span><br \/>\n<span style=\"color: #ffffff;\">.<\/span><br \/>\n<span style=\"color: #ffffff;\">.<\/span><br \/>\n<span style=\"font-size: 14pt;\"><strong>11. <\/strong><strong>Juni |<\/strong> <strong>Zum Begriff des Politischen<br \/>\n<\/strong><\/span><\/span><\/span><\/span><span style=\"color: #000000;\"><span style=\"font-family: verdana, geneva, sans-serif;\"><span style=\"font-size: 12pt;\"><span style=\"font-family: verdana, geneva, sans-serif;\"><img loading=\"lazy\" class=\"wp-image-29122 aligncenter\" src=\"http:\/\/www.deanreed.de\/AmericanRebel\/2017\/wp-content\/uploads\/2021\/12\/vkw-300x81.png\" alt=\"\" width=\"666\" height=\"180\" srcset=\"https:\/\/www.deanreed.de\/AmericanRebel\/2017\/wp-content\/uploads\/2021\/12\/vkw-300x81.png 300w, https:\/\/www.deanreed.de\/AmericanRebel\/2017\/wp-content\/uploads\/2021\/12\/vkw.png 666w\" sizes=\"(max-width: 666px) 100vw, 666px\" \/>Kommunismus bedeutet, dass die \u00f6ffentliche Gewalt ihren politischen Charakter verliert. Am Ende des zweiten Abschnitts des Manifestes der Kommunistischen Partei wird dieser zentrale Gedanke markiert, ein Gedanke, der auf den utopischen Sozialisten Saint-Simon zur\u00fcckgeht, der in seiner 1825 verfassten Schrift \u2018\u00dcber die Gesellschaftsorganisation\u2018 den k\u00fchnen Gedanken hinwarf, dass ein Gesellschaftszustand m\u00f6glich sei, in dem die Herrschaft \u00fcber Menschen durch eine Verwaltung von Sachen und durch eine Leitung von Produktionsprozessen ersetzt werden k\u00f6nnte.<\/span><strong><span style=\"font-size: 14pt;\"><br \/>\n<\/span><\/strong><\/span><span style=\"color: #005a8c;\"><a style=\"color: #005a8c;\" href=\"https:\/\/rotermorgen.eu\/zum-begriff-des-politischen\/\" target=\"_blank\" rel=\"noopener\"><span style=\"font-size: 12pt;\"><em>\u00bbRoterMorgen\u00ab berichtete<\/em><\/span><\/a><\/span><\/span><span style=\"font-family: verdana, geneva, sans-serif;\"><span style=\"font-size: 12pt;\"><br \/>\n<span style=\"color: #ffffff;\">.<\/span><br \/>\n<span style=\"color: #ffffff;\">.<\/span><br \/>\n<\/span><span style=\"font-size: 14pt;\"><strong>12. <\/strong><strong>Juni | <\/strong><\/span><\/span><span style=\"font-size: 14pt;\"><strong><span style=\"font-family: verdana, geneva, sans-serif;\">Kundgebung am 15.6.<br \/>\nvor dem Covivio-B\u00fcro in Berlin Wedding<\/span><\/strong><\/span><\/span><br \/>\n<span style=\"font-family: verdana, geneva, sans-serif; font-size: 12pt; color: #000000;\"><strong><img loading=\"lazy\" class=\"wp-image-30350 aligncenter\" src=\"http:\/\/www.deanreed.de\/AmericanRebel\/2017\/wp-content\/uploads\/2022\/06\/wew5-300x81.png\" alt=\"\" width=\"667\" height=\"180\" srcset=\"https:\/\/www.deanreed.de\/AmericanRebel\/2017\/wp-content\/uploads\/2022\/06\/wew5-300x81.png 300w, https:\/\/www.deanreed.de\/AmericanRebel\/2017\/wp-content\/uploads\/2022\/06\/wew5.png 666w\" sizes=\"(max-width: 667px) 100vw, 667px\" \/>Die Immobilien-Konzerne interessiert nur der Profit:<\/strong> Sie machen Millionen-Gewinne mit unserer Miete \u2013 aber k\u00fcmmern sich nicht um die Wohnungen.<\/span><br \/>\n<span style=\"font-family: verdana, geneva, sans-serif; font-size: 12pt; color: #000000;\">Aber gemeinsam sind wir stark! Wir lassen uns das nicht l\u00e4nger gefallen und wir sind viele. Unsere St\u00e4rke liegt darin, dass wir uns solidarisch zusammentun \u2013 f\u00fcr bessere Wohnungen, niedrigere Mieten und ein gutes Leben f\u00fcr alle Menschen!<\/span><br \/>\n<span style=\"font-family: verdana, geneva, sans-serif; font-size: 12pt; color: #000000;\">Komm zum Protest vor dem Covivio-B\u00fcro und bring viele Nachbar*innen mit! Wir fordern den sofortigen Mietenstopp und die demokratische Vergesellschaftung der Konzerne.<\/span><br \/>\n<span style=\"color: #000000;\"><span style=\"font-family: verdana, geneva, sans-serif;\"><span style=\"font-size: 12pt;\"><span style=\"color: #005a8c;\"><a style=\"color: #005a8c;\" href=\"https:\/\/www.unverwertbar.org\/aktuell\/2022\/7446\/\" target=\"_blank\" rel=\"noopener\"><em>\u00bbH\u00e4nde weg vom Wedding!\u00ab berichtete<\/em><\/a><\/span><br \/>\n<span style=\"color: #ffffff;\">.<\/span><br \/>\n<span style=\"color: #ffffff;\">.<\/span><br \/>\n<span style=\"font-size: 14pt;\"><strong>12. <\/strong><strong>Juni | <\/strong><\/span><\/span><\/span><span style=\"font-size: 14pt;\"><strong><span style=\"font-family: verdana, geneva, sans-serif;\">Berliner Krankenhausbewegung \u2013<br \/>\nR\u00fcckblick und Debatte<\/span><\/strong><\/span><\/span><br \/>\n<span style=\"color: #000000;\"><span style=\"font-family: verdana, geneva, sans-serif;\"><span style=\"font-size: 12pt;\"><span style=\"font-family: verdana, geneva, sans-serif;\"><img loading=\"lazy\" class=\"wp-image-30349 aligncenter\" src=\"http:\/\/www.deanreed.de\/AmericanRebel\/2017\/wp-content\/uploads\/2022\/06\/coverkhdeb-01-Kopie-300x81.png\" alt=\"\" width=\"667\" height=\"180\" srcset=\"https:\/\/www.deanreed.de\/AmericanRebel\/2017\/wp-content\/uploads\/2022\/06\/coverkhdeb-01-Kopie-300x81.png 300w, https:\/\/www.deanreed.de\/AmericanRebel\/2017\/wp-content\/uploads\/2022\/06\/coverkhdeb-01-Kopie.png 666w\" sizes=\"(max-width: 667px) 100vw, 667px\" \/>In der vorliegenden <a style=\"color: #000000;\" href=\"https:\/\/www.unverwertbar.org\/khbewegung-debatte\/\" data-type=\"URL\" data-id=\"https:\/\/www.unverwertbar.org\/khbewegung-debatte\/\">(Online-)Brosch\u00fcre<\/a> \u201e\u00bbIn dir muss brennen was du in anderen entz\u00fcnden willst\u00ab \u2013 Debatte um sozialistische Gewerkschaftspolitik und Klassenkampf (2021\/2022)\u201c werden Debattentexte \u00fcber grunds\u00e4tzliche Fragen der Arbeiter*innen- und Gewerkschaftsbewegung anhand der zur\u00fcckliegenden Streiks der Besch\u00e4ftigten an den Berliner Krankenh\u00e4usern (Berliner Krankenhausbewegung) ver\u00f6ffentlicht. Angesto\u00dfen durch die Ver\u00f6ffentlichung unseres Kommentars zur Berliner Krankenhausbewegung im <a style=\"color: #000000;\" href=\"https:\/\/revoltmag.org\/articles\/der-kampf-an-den-berliner-krankenh\u00e4usern\/\">re:volt-Magazin<\/a>, wird in den folgenden Texten \u00fcber elementare und brennende Fragen debattiert, die auch das Wesen gegenw\u00e4rtiger K\u00e4mpfe der Arbeiter*innenklasse sowie die Politik der etablierten Gewerkschaften in der Bundesrepublik Deutschland bestimmen.<\/span><br \/>\n<span style=\"color: #005a8c;\"><a style=\"color: #005a8c;\" href=\"https:\/\/www.unverwertbar.org\/aktuell\/2022\/7509\/\" target=\"_blank\" rel=\"noopener\"><span style=\"font-family: verdana, geneva, sans-serif;\"><em>\u00bbH\u00e4nde weg vom Wedding!\u00ab berichtete<\/em><\/span><\/a><\/span><br \/>\n<span style=\"color: #ffffff;\">.<\/span><br \/>\n<span style=\"color: #ffffff;\">.<\/span><br \/>\n<\/span><span style=\"font-size: 14pt;\"><strong>12. Juni |<\/strong><\/span><\/span> <strong><span style=\"font-family: verdana, geneva, sans-serif; font-size: 14pt;\">\u201eRassismus nach Apartheid.<br \/>\nHerausforderungen f\u00fcr Marxismus und Antirassismus\u201c<br \/>\n<img loading=\"lazy\" class=\"wp-image-28691 aligncenter\" src=\"http:\/\/www.deanreed.de\/AmericanRebel\/2017\/wp-content\/uploads\/2021\/10\/2-Kopie-1-300x81.png\" alt=\"\" width=\"667\" height=\"180\" srcset=\"https:\/\/www.deanreed.de\/AmericanRebel\/2017\/wp-content\/uploads\/2021\/10\/2-Kopie-1-300x81.png 300w, https:\/\/www.deanreed.de\/AmericanRebel\/2017\/wp-content\/uploads\/2021\/10\/2-Kopie-1.png 666w\" sizes=\"(max-width: 667px) 100vw, 667px\" \/><\/span><\/strong><\/span><span style=\"font-family: verdana, geneva, sans-serif; font-size: 12pt; color: #000000;\">Der Titel des in der Serie \u201eDemocratic Marxism\u201c erschienenen Sammelbandes beschreibt die unterschiedlichsten geografischen und historischen Kontexte, die dieses wichtige Buch zusammenfasst, ungen\u00fcgend. Denn anders als man vom Titel vermuten w\u00fcrde, geht es nicht ausschlie\u00dflich um S\u00fcdafrika nach 1994. In 11 Kapiteln stellen Forscher*innen aus Kenia, S\u00fcdafrika, Indien, Deutschland und den USA aktuelle Analysen zu den Grundlagen rassistischer Exklusion und\/oder Stigmatisierung vor, welche auf materialistischen Analysen fu\u00dfen. Materialistische Rassismusanalysen, vor allem solche, die von marxistischen Gesellschaftsanalysen ausgehen, sind au\u00dferhalb der US-Akademie ungew\u00f6hnlich. Umso erfrischender sind Perspektiven, die nicht nur die US-Gesellschaft unter die Lupe nehmen und anhand von Erfahrungen in anderen Teilen der Welt versuchen, verallgemeinerbare Schl\u00fcsse zu ziehen.<br \/>\n<span style=\"color: #005a8c;\"><a style=\"color: #005a8c;\" href=\"https:\/\/library.oapen.org\/handle\/20.500.12657\/25726\" target=\"_blank\" rel=\"noopener\"><em>Vishwas Satgar (Hg.): Racism After Apartheid. Challanges for Marxism and Anti-Racism. Wits University Press, 2019. 254 Seiten, Open Access hier.<\/em><\/a><\/span><br \/>\n<\/span><\/p>\n<p>&nbsp;<\/p>\n<p style=\"text-align: center;\"><span style=\"color: #000000;\"><span style=\"color: #ffffff;\">.<\/span><br \/>\n<span style=\"font-size: 18pt;\"><strong><span style=\"font-family: verdana, geneva, sans-serif;\">Veranstaltungshinweise<\/span><\/strong><\/span><\/span><\/p>\n<p>&nbsp;<\/p>\n<p><a href=\"https:\/\/www.unverwertbar.org\/aktuell\/2022\/7446\/\" target=\"_blank\" rel=\"noopener\"><img loading=\"lazy\" class=\" wp-image-30351 aligncenter\" src=\"http:\/\/www.deanreed.de\/AmericanRebel\/2017\/wp-content\/uploads\/2022\/06\/3-Kopie-300x156.png\" alt=\"\" width=\"600\" height=\"312\" srcset=\"https:\/\/www.deanreed.de\/AmericanRebel\/2017\/wp-content\/uploads\/2022\/06\/3-Kopie-300x156.png 300w, https:\/\/www.deanreed.de\/AmericanRebel\/2017\/wp-content\/uploads\/2022\/06\/3-Kopie.png 750w\" sizes=\"(max-width: 600px) 100vw, 600px\" \/><\/a><\/p>\n<blockquote class=\"wp-embedded-content\" data-secret=\"ENAgKfjCU0\"><p><a href=\"https:\/\/rotermorgen.eu\/boykottiert-die-fussballweltmeisterschaft-in-katar\/\">Boykottiert die Fu\u00dfballweltmeisterschaft in Katar!<\/a><\/p><\/blockquote>\n<p><iframe class=\"wp-embedded-content\" sandbox=\"allow-scripts\" security=\"restricted\" style=\"position: absolute; clip: rect(1px, 1px, 1px, 1px);\" title=\"&#8222;Boykottiert die Fu\u00dfballweltmeisterschaft in Katar!&#8220; &#8212; \" src=\"https:\/\/rotermorgen.eu\/boykottiert-die-fussballweltmeisterschaft-in-katar\/embed\/#?secret=ENAgKfjCU0\" data-secret=\"ENAgKfjCU0\" width=\"500\" height=\"282\" frameborder=\"0\" marginwidth=\"0\" marginheight=\"0\" scrolling=\"no\"><\/iframe><\/p>\n<p><img loading=\"lazy\" class=\"wp-image-30062 aligncenter\" src=\"http:\/\/www.deanreed.de\/AmericanRebel\/2017\/wp-content\/uploads\/2022\/04\/Daueranzeige-300x156.png\" alt=\"\" width=\"598\" height=\"311\" srcset=\"https:\/\/www.deanreed.de\/AmericanRebel\/2017\/wp-content\/uploads\/2022\/04\/Daueranzeige-300x156.png 300w, https:\/\/www.deanreed.de\/AmericanRebel\/2017\/wp-content\/uploads\/2022\/04\/Daueranzeige.png 750w\" sizes=\"(max-width: 598px) 100vw, 598px\" \/><\/p>\n<p>&nbsp;<\/p>\n<div class=\"\" data-block=\"true\" data-editor=\"7504f\" data-offset-key=\"bsm8h-0-0\">\n<div class=\"public-DraftStyleDefault-block public-DraftStyleDefault-ltr\" style=\"text-align: justify;\" data-offset-key=\"bsm8h-0-0\">\n<div class=\"\" data-block=\"true\" data-editor=\"7504f\" data-offset-key=\"bsm8h-0-0\">\n<div class=\"public-DraftStyleDefault-block public-DraftStyleDefault-ltr\" style=\"text-align: justify;\" data-offset-key=\"bsm8h-0-0\">\n<p><img loading=\"lazy\" class=\"wp-image-30298 aligncenter\" src=\"http:\/\/www.deanreed.de\/AmericanRebel\/2017\/wp-content\/uploads\/2022\/06\/23-1-300x156.png\" alt=\"\" width=\"600\" height=\"312\" srcset=\"https:\/\/www.deanreed.de\/AmericanRebel\/2017\/wp-content\/uploads\/2022\/06\/23-1-300x156.png 300w, https:\/\/www.deanreed.de\/AmericanRebel\/2017\/wp-content\/uploads\/2022\/06\/23-1.png 750w\" sizes=\"(max-width: 600px) 100vw, 600px\" \/><\/p>\n<\/div>\n<\/div>\n<\/div>\n<\/div>\n<div class=\"\" data-block=\"true\" data-editor=\"7504f\" data-offset-key=\"bsm8h-0-0\">\n<div class=\"public-DraftStyleDefault-block public-DraftStyleDefault-ltr\" style=\"text-align: justify;\" data-offset-key=\"bsm8h-0-0\">\n<div class=\"\" data-block=\"true\" data-editor=\"7504f\" data-offset-key=\"bsm8h-0-0\">\n<div class=\"public-DraftStyleDefault-block public-DraftStyleDefault-ltr\" style=\"text-align: justify;\" data-offset-key=\"bsm8h-0-0\">\n<p><span style=\"color: #ffffff;\">&#8230;<\/span><\/p>\n<p style=\"text-align: center;\"><span style=\"font-size: 10pt;\"><span style=\"font-family: verdana, geneva, sans-serif;\"><span style=\"color: #ffffff;\">.<\/span><br \/>\nDie Redaktionen<\/span><span style=\"font-family: verdana, geneva, sans-serif;\"><strong><br \/>\n<\/strong>danken den Volkskorrespondenten\/-innen Hosteni, Zeki, Nico,<\/span><\/span><br \/>\n<span style=\"font-family: verdana, geneva, sans-serif; font-size: 10pt;\">KikiRebel, Rui-Filipe, Sascha, Heinz, Heinrich, Trixi, Fiete, Reinhold u. A.<\/span><br \/>\n<span style=\"font-family: verdana, geneva, sans-serif; font-size: 10pt;\">f\u00fcr die Unterst\u00fctzung bei der Erstellung.<strong><br \/>\n<\/strong>Dieser R\u00fcckblick erhebt nicht den Anspruch auf Vollst\u00e4ndigkeit.<\/span><br \/>\n<span style=\"font-family: verdana, geneva, sans-serif; font-size: 10pt;\"><strong>Verlinkte- und mit Namen gekennzeichnete Texte m\u00fcssen<\/strong><\/span><br \/>\n<span style=\"font-family: verdana, geneva, sans-serif; font-size: 10pt;\"><strong>nicht in allen Punkten den Meinungen unserer Redaktionen entsprechen.<br \/>\n<span style=\"color: #ffffff;\">.<\/span><br \/>\n\u00bbWochenr\u00fcckblick\u00ab ist ein Projekt von<\/strong><strong><a href=\"https:\/\/rotermorgen.eu\/8197-2\/\" target=\"_blank\" rel=\"noopener\"><img loading=\"lazy\" class=\"wp-image-8196 aligncenter\" src=\"https:\/\/rotermorgen.eu\/wp-content\/uploads\/2021\/01\/2-Kopie-2-1.png\" alt=\"\" width=\"292\" height=\"142\" \/><\/a>Schickt uns Eure Kurzberichte<br \/>\nund Veranstaltungshinweise!<br \/>\neMail: <a href=\"mailto:Wochenrueckblick@gmx.net\" target=\"_blank\" rel=\"noopener noreferrer\">Wochenrueckblick@gmx.net<\/a><br \/>\nRedaktionsschluss: Jeden Sonntag 20:00 Uhr<\/strong><\/span><span style=\"font-family: verdana, geneva, sans-serif; font-size: 12pt;\"><span style=\"color: #ffffff;\"><br \/>\n<\/span><\/span><\/p>\n<p style=\"text-align: center;\"><span style=\"font-family: verdana, geneva, sans-serif; font-size: 12pt;\"><span style=\"color: #ffffff;\"><span style=\"color: #000000;\"><span style=\"color: #ffffff;\">.<\/span><\/span><\/span><\/span><\/p>\n<\/div>\n<\/div>\n<\/div>\n<\/div>\n","protected":false},"excerpt":{"rendered":"<p>Zur\u00fcckblickend auf die letzten Tage sind uns einige kommentierbare Vorkommnisse ins Auge gefallen, die wir hier zur Diskussion stellen. . 07. Juni | USA provozieren mit Kampfjets \u00fcber dem Gelben Meer Seoul. Die USA und ihr Verb\u00fcndeter S\u00fcdkorea sorgen in [&hellip;]<a class=\"more-link\" href=\"https:\/\/www.deanreed.de\/AmericanRebel\/2017\/2022\/06\/13\/wochenrueckblick-23-kalenderwoche-2022\/\">&darr; Lese den Rest von diesem Eintrag&#8230;<\/a><\/p>\n","protected":false},"author":2,"featured_media":0,"comment_status":"open","ping_status":"open","sticky":false,"template":"","format":"standard","meta":[],"categories":[1],"tags":[4728,4866,5357,4729,4731,5358,4601,5186,1329,4734,4011,4736],"yoast_head":"<!-- This site is optimized with the Yoast SEO plugin v17.5 - https:\/\/yoast.com\/wordpress\/plugins\/seo\/ -->\n<title>- Wochenr\u00fcckblick 23. Kalenderwoche 2022 &ndash; Onlinezeitung AmericanRebel<\/title>\n<meta name=\"robots\" content=\"index, follow, max-snippet:-1, max-image-preview:large, max-video-preview:-1\" \/>\n<link rel=\"canonical\" href=\"https:\/\/www.deanreed.de\/AmericanRebel\/2017\/2022\/06\/13\/wochenrueckblick-23-kalenderwoche-2022\/\" \/>\n<meta property=\"og:locale\" content=\"de_DE\" \/>\n<meta property=\"og:type\" content=\"article\" \/>\n<meta property=\"og:title\" content=\"- Wochenr\u00fcckblick 23. Kalenderwoche 2022 &ndash; Onlinezeitung AmericanRebel\" \/>\n<meta property=\"og:description\" content=\"Zur\u00fcckblickend auf die letzten Tage sind uns einige kommentierbare Vorkommnisse ins Auge gefallen, die wir hier zur Diskussion stellen.\" \/>\n<meta property=\"og:url\" content=\"https:\/\/www.deanreed.de\/AmericanRebel\/2017\/2022\/06\/13\/wochenrueckblick-23-kalenderwoche-2022\/\" \/>\n<meta property=\"og:site_name\" content=\"Onlinezeitung AmericanRebel\" \/>\n<meta property=\"article:published_time\" content=\"2022-06-13T00:05:42+00:00\" \/>\n<meta property=\"article:modified_time\" content=\"2022-06-15T00:30:41+00:00\" \/>\n<meta property=\"og:image\" content=\"https:\/\/www.deanreed.de\/AmericanRebel\/2017\/wp-content\/uploads\/2020\/12\/3-Kopie.png\" \/>\n\t<meta property=\"og:image:width\" content=\"640\" \/>\n\t<meta property=\"og:image:height\" content=\"460\" \/>\n<meta name=\"twitter:card\" content=\"summary_large_image\" \/>\n<meta name=\"twitter:label1\" content=\"Verfasst von\" \/>\n\t<meta name=\"twitter:data1\" content=\"Redaktion\" \/>\n\t<meta name=\"twitter:label2\" content=\"Gesch\u00e4tzte Lesezeit\" \/>\n\t<meta name=\"twitter:data2\" content=\"8\u00a0Minuten\" \/>\n<script type=\"application\/ld+json\" class=\"yoast-schema-graph\">{\"@context\":\"https:\/\/schema.org\",\"@graph\":[{\"@type\":\"WebSite\",\"@id\":\"https:\/\/www.deanreed.de\/AmericanRebel\/2017\/#website\",\"url\":\"https:\/\/www.deanreed.de\/AmericanRebel\/2017\/\",\"name\":\"Onlinezeitung AmericanRebel\",\"description\":\"Internationale Onlinezeitung f\\u00fcr Frieden, Humanismus, V\\u00f6lkerverst\\u00e4ndigung und Kultur\",\"potentialAction\":[{\"@type\":\"SearchAction\",\"target\":{\"@type\":\"EntryPoint\",\"urlTemplate\":\"https:\/\/www.deanreed.de\/AmericanRebel\/2017\/?s={search_term_string}\"},\"query-input\":\"required name=search_term_string\"}],\"inLanguage\":\"de\"},{\"@type\":\"ImageObject\",\"@id\":\"https:\/\/www.deanreed.de\/AmericanRebel\/2017\/2022\/06\/13\/wochenrueckblick-23-kalenderwoche-2022\/#primaryimage\",\"inLanguage\":\"de\",\"url\":\"https:\/\/www.deanreed.de\/AmericanRebel\/2017\/wp-content\/uploads\/2020\/12\/3-Kopie.png\",\"contentUrl\":\"https:\/\/www.deanreed.de\/AmericanRebel\/2017\/wp-content\/uploads\/2020\/12\/3-Kopie.png\",\"width\":640,\"height\":460},{\"@type\":\"WebPage\",\"@id\":\"https:\/\/www.deanreed.de\/AmericanRebel\/2017\/2022\/06\/13\/wochenrueckblick-23-kalenderwoche-2022\/#webpage\",\"url\":\"https:\/\/www.deanreed.de\/AmericanRebel\/2017\/2022\/06\/13\/wochenrueckblick-23-kalenderwoche-2022\/\",\"name\":\"- Wochenr\\u00fcckblick 23. Kalenderwoche 2022 &ndash; Onlinezeitung AmericanRebel\",\"isPartOf\":{\"@id\":\"https:\/\/www.deanreed.de\/AmericanRebel\/2017\/#website\"},\"primaryImageOfPage\":{\"@id\":\"https:\/\/www.deanreed.de\/AmericanRebel\/2017\/2022\/06\/13\/wochenrueckblick-23-kalenderwoche-2022\/#primaryimage\"},\"datePublished\":\"2022-06-13T00:05:42+00:00\",\"dateModified\":\"2022-06-15T00:30:41+00:00\",\"author\":{\"@id\":\"https:\/\/www.deanreed.de\/AmericanRebel\/2017\/#\/schema\/person\/9edfca7917cd10b75edaae51c6e7935a\"},\"breadcrumb\":{\"@id\":\"https:\/\/www.deanreed.de\/AmericanRebel\/2017\/2022\/06\/13\/wochenrueckblick-23-kalenderwoche-2022\/#breadcrumb\"},\"inLanguage\":\"de\",\"potentialAction\":[{\"@type\":\"ReadAction\",\"target\":[\"https:\/\/www.deanreed.de\/AmericanRebel\/2017\/2022\/06\/13\/wochenrueckblick-23-kalenderwoche-2022\/\"]}]},{\"@type\":\"BreadcrumbList\",\"@id\":\"https:\/\/www.deanreed.de\/AmericanRebel\/2017\/2022\/06\/13\/wochenrueckblick-23-kalenderwoche-2022\/#breadcrumb\",\"itemListElement\":[{\"@type\":\"ListItem\",\"position\":1,\"name\":\"Startseite\",\"item\":\"https:\/\/www.deanreed.de\/AmericanRebel\/2017\/\"},{\"@type\":\"ListItem\",\"position\":2,\"name\":\"&#8211; Wochenr\\u00fcckblick 23. Kalenderwoche 2022\"}]},{\"@type\":\"Person\",\"@id\":\"https:\/\/www.deanreed.de\/AmericanRebel\/2017\/#\/schema\/person\/9edfca7917cd10b75edaae51c6e7935a\",\"name\":\"Redaktion\",\"url\":\"https:\/\/www.deanreed.de\/AmericanRebel\/2017\/author\/redaktion\/\"}]}<\/script>\n<!-- \/ Yoast SEO plugin. -->","yoast_head_json":{"title":"- Wochenr\u00fcckblick 23. Kalenderwoche 2022 &ndash; Onlinezeitung AmericanRebel","robots":{"index":"index","follow":"follow","max-snippet":"max-snippet:-1","max-image-preview":"max-image-preview:large","max-video-preview":"max-video-preview:-1"},"canonical":"https:\/\/www.deanreed.de\/AmericanRebel\/2017\/2022\/06\/13\/wochenrueckblick-23-kalenderwoche-2022\/","og_locale":"de_DE","og_type":"article","og_title":"- Wochenr\u00fcckblick 23. Kalenderwoche 2022 &ndash; Onlinezeitung AmericanRebel","og_description":"Zur\u00fcckblickend auf die letzten Tage sind uns einige kommentierbare Vorkommnisse ins Auge gefallen, die wir hier zur Diskussion stellen.","og_url":"https:\/\/www.deanreed.de\/AmericanRebel\/2017\/2022\/06\/13\/wochenrueckblick-23-kalenderwoche-2022\/","og_site_name":"Onlinezeitung AmericanRebel","article_published_time":"2022-06-13T00:05:42+00:00","article_modified_time":"2022-06-15T00:30:41+00:00","og_image":[{"width":640,"height":460,"url":"https:\/\/www.deanreed.de\/AmericanRebel\/2017\/wp-content\/uploads\/2020\/12\/3-Kopie.png","type":"image\/png"}],"twitter_card":"summary_large_image","twitter_misc":{"Verfasst von":"Redaktion","Gesch\u00e4tzte Lesezeit":"8\u00a0Minuten"},"schema":{"@context":"https:\/\/schema.org","@graph":[{"@type":"WebSite","@id":"https:\/\/www.deanreed.de\/AmericanRebel\/2017\/#website","url":"https:\/\/www.deanreed.de\/AmericanRebel\/2017\/","name":"Onlinezeitung AmericanRebel","description":"Internationale Onlinezeitung f\u00fcr Frieden, Humanismus, V\u00f6lkerverst\u00e4ndigung und Kultur","potentialAction":[{"@type":"SearchAction","target":{"@type":"EntryPoint","urlTemplate":"https:\/\/www.deanreed.de\/AmericanRebel\/2017\/?s={search_term_string}"},"query-input":"required name=search_term_string"}],"inLanguage":"de"},{"@type":"ImageObject","@id":"https:\/\/www.deanreed.de\/AmericanRebel\/2017\/2022\/06\/13\/wochenrueckblick-23-kalenderwoche-2022\/#primaryimage","inLanguage":"de","url":"https:\/\/www.deanreed.de\/AmericanRebel\/2017\/wp-content\/uploads\/2020\/12\/3-Kopie.png","contentUrl":"https:\/\/www.deanreed.de\/AmericanRebel\/2017\/wp-content\/uploads\/2020\/12\/3-Kopie.png","width":640,"height":460},{"@type":"WebPage","@id":"https:\/\/www.deanreed.de\/AmericanRebel\/2017\/2022\/06\/13\/wochenrueckblick-23-kalenderwoche-2022\/#webpage","url":"https:\/\/www.deanreed.de\/AmericanRebel\/2017\/2022\/06\/13\/wochenrueckblick-23-kalenderwoche-2022\/","name":"- Wochenr\u00fcckblick 23. Kalenderwoche 2022 &ndash; Onlinezeitung AmericanRebel","isPartOf":{"@id":"https:\/\/www.deanreed.de\/AmericanRebel\/2017\/#website"},"primaryImageOfPage":{"@id":"https:\/\/www.deanreed.de\/AmericanRebel\/2017\/2022\/06\/13\/wochenrueckblick-23-kalenderwoche-2022\/#primaryimage"},"datePublished":"2022-06-13T00:05:42+00:00","dateModified":"2022-06-15T00:30:41+00:00","author":{"@id":"https:\/\/www.deanreed.de\/AmericanRebel\/2017\/#\/schema\/person\/9edfca7917cd10b75edaae51c6e7935a"},"breadcrumb":{"@id":"https:\/\/www.deanreed.de\/AmericanRebel\/2017\/2022\/06\/13\/wochenrueckblick-23-kalenderwoche-2022\/#breadcrumb"},"inLanguage":"de","potentialAction":[{"@type":"ReadAction","target":["https:\/\/www.deanreed.de\/AmericanRebel\/2017\/2022\/06\/13\/wochenrueckblick-23-kalenderwoche-2022\/"]}]},{"@type":"BreadcrumbList","@id":"https:\/\/www.deanreed.de\/AmericanRebel\/2017\/2022\/06\/13\/wochenrueckblick-23-kalenderwoche-2022\/#breadcrumb","itemListElement":[{"@type":"ListItem","position":1,"name":"Startseite","item":"https:\/\/www.deanreed.de\/AmericanRebel\/2017\/"},{"@type":"ListItem","position":2,"name":"&#8211; Wochenr\u00fcckblick 23. Kalenderwoche 2022"}]},{"@type":"Person","@id":"https:\/\/www.deanreed.de\/AmericanRebel\/2017\/#\/schema\/person\/9edfca7917cd10b75edaae51c6e7935a","name":"Redaktion","url":"https:\/\/www.deanreed.de\/AmericanRebel\/2017\/author\/redaktion\/"}]}},"_links":{"self":[{"href":"https:\/\/www.deanreed.de\/AmericanRebel\/2017\/wp-json\/wp\/v2\/posts\/30353"}],"collection":[{"href":"https:\/\/www.deanreed.de\/AmericanRebel\/2017\/wp-json\/wp\/v2\/posts"}],"about":[{"href":"https:\/\/www.deanreed.de\/AmericanRebel\/2017\/wp-json\/wp\/v2\/types\/post"}],"author":[{"embeddable":true,"href":"https:\/\/www.deanreed.de\/AmericanRebel\/2017\/wp-json\/wp\/v2\/users\/2"}],"replies":[{"embeddable":true,"href":"https:\/\/www.deanreed.de\/AmericanRebel\/2017\/wp-json\/wp\/v2\/comments?post=30353"}],"version-history":[{"count":8,"href":"https:\/\/www.deanreed.de\/AmericanRebel\/2017\/wp-json\/wp\/v2\/posts\/30353\/revisions"}],"predecessor-version":[{"id":30361,"href":"https:\/\/www.deanreed.de\/AmericanRebel\/2017\/wp-json\/wp\/v2\/posts\/30353\/revisions\/30361"}],"wp:attachment":[{"href":"https:\/\/www.deanreed.de\/AmericanRebel\/2017\/wp-json\/wp\/v2\/media?parent=30353"}],"wp:term":[{"taxonomy":"category","embeddable":true,"href":"https:\/\/www.deanreed.de\/AmericanRebel\/2017\/wp-json\/wp\/v2\/categories?post=30353"},{"taxonomy":"post_tag","embeddable":true,"href":"https:\/\/www.deanreed.de\/AmericanRebel\/2017\/wp-json\/wp\/v2\/tags?post=30353"}],"curies":[{"name":"wp","href":"https:\/\/api.w.org\/{rel}","templated":true}]}}