{"id":30273,"date":"2022-05-31T21:46:36","date_gmt":"2022-05-31T19:46:36","guid":{"rendered":"http:\/\/www.deanreed.de\/AmericanRebel\/2017\/?p=30273"},"modified":"2022-05-31T22:37:21","modified_gmt":"2022-05-31T20:37:21","slug":"wochenrueckblick-21-kalenderwoche-2022","status":"publish","type":"post","link":"https:\/\/www.deanreed.de\/AmericanRebel\/2017\/2022\/05\/31\/wochenrueckblick-21-kalenderwoche-2022\/","title":{"rendered":"&#8211; Wochenr\u00fcckblick 21. Kalenderwoche 2022"},"content":{"rendered":"<p><span style=\"font-family: verdana, geneva, sans-serif; font-size: 14pt;\"><span style=\"color: #000000;\"><strong><span style=\"color: #993300;\"><img loading=\"lazy\" class=\" wp-image-26025 aligncenter\" src=\"http:\/\/www.deanreed.de\/AmericanRebel\/2017\/wp-content\/uploads\/2020\/10\/AR_WR_2-300x75.png\" alt=\"\" width=\"668\" height=\"167\" srcset=\"https:\/\/www.deanreed.de\/AmericanRebel\/2017\/wp-content\/uploads\/2020\/10\/AR_WR_2-300x75.png 300w, https:\/\/www.deanreed.de\/AmericanRebel\/2017\/wp-content\/uploads\/2020\/10\/AR_WR_2.png 700w\" sizes=\"(max-width: 668px) 100vw, 668px\" \/>Zur\u00fcckblickend auf die letzten Tage sind uns einige kommen- tierbare Vorkommnisse ins Auge gefallen, die wir hier zur Diskussion stellen.<\/span><\/strong><\/span><\/span><\/p>\n<p style=\"text-align: justify;\"><span style=\"color: #000000;\"><span style=\"font-family: verdana, geneva, sans-serif; font-size: 16pt;\"><span style=\"font-size: 12pt; color: #ffffff;\">.<\/span><strong><br \/>\n<\/strong><\/span><span style=\"font-family: verdana, geneva, sans-serif; font-size: 12pt;\"><span style=\"font-size: 14pt;\"><strong>23. Mai |<\/strong> <\/span><\/span><span style=\"font-size: 14pt;\"><strong><span style=\"font-family: verdana, geneva, sans-serif;\">Unangek\u00fcndigter Besuch<\/span><\/strong><\/span><\/span><br \/>\n<span style=\"color: #000000;\"><span style=\"font-family: verdana, geneva, sans-serif;\"><span style=\"font-size: 12pt;\"><img loading=\"lazy\" class=\"wp-image-30269 aligncenter\" src=\"http:\/\/www.deanreed.de\/AmericanRebel\/2017\/wp-content\/uploads\/2022\/05\/Westsahara-Libre-Marokko-Kopie-300x81.png\" alt=\"\" width=\"663\" height=\"179\" srcset=\"https:\/\/www.deanreed.de\/AmericanRebel\/2017\/wp-content\/uploads\/2022\/05\/Westsahara-Libre-Marokko-Kopie-300x81.png 300w, https:\/\/www.deanreed.de\/AmericanRebel\/2017\/wp-content\/uploads\/2022\/05\/Westsahara-Libre-Marokko-Kopie.png 666w\" sizes=\"(max-width: 663px) 100vw, 663px\" \/>Es waren bewegende, ersch\u00fctternde Zeugenaussagen, die eine Delegation internationaler Juristen Anfang Mai bei einem Besuch in Rabat sammeln konnte. Sie war in die marokkanische Hauptstadt gereist, um sich dort mit Angeh\u00f6rigen der \u201eGefangenen von Gdeim Izik\u201c zu treffen und \u00fcber deren Haftbedingungen zu informieren. 2013, als zum letzten Mal ausw\u00e4rtige Beobachter vor Ort waren, sei die Lage der Inhaftierten \u201ekatastrophal\u201c gewesen, sagte die Leiterin des Teams, die norwegische Anw\u00e4ltin Tone S\u00f8rfonn Moe, am Mittwoch auf einer abschlie\u00dfenden virtuellen Pressekonferenz. Heute sei die Situation jedoch \u201enoch schlimmer\u201c.<\/span><br \/>\n<span style=\"font-size: 12pt;\"><span style=\"color: #005a8c;\"><a style=\"color: #005a8c;\" href=\"https:\/\/diefreiheitsliebe.de\/politik\/unangekuendigter-besuch\/\" target=\"_blank\" rel=\"noopener\"><span style=\"font-family: verdana, geneva, sans-serif;\"><em>\u00bbDie Friedensliebe\u00ab berichtete<\/em><\/span><\/a><\/span><br \/>\n<span style=\"color: #ffffff;\">.<\/span><br \/>\n<span style=\"color: #ffffff;\">.<\/span><\/span><\/span><span style=\"font-family: verdana, geneva, sans-serif;\"><span style=\"font-size: 12pt;\"><br \/>\n<\/span><span style=\"font-size: 14pt;\"><strong>24. Mai |<\/strong> <\/span><\/span><span style=\"font-size: 14pt;\"><strong><span style=\"font-family: verdana, geneva, sans-serif;\">Gesundheitswesen<br \/>\nauf dem R\u00fccken von Migrant*innen<\/span><\/strong><\/span><\/span><br \/>\n<span style=\"color: #000000;\"><span style=\"font-family: verdana, geneva, sans-serif;\"><img loading=\"lazy\" class=\"wp-image-30270 aligncenter\" src=\"http:\/\/www.deanreed.de\/AmericanRebel\/2017\/wp-content\/uploads\/2022\/05\/image-from-rawpixel-id-3373046-original-scaled-Kopie-300x81.png\" alt=\"\" width=\"667\" height=\"180\" srcset=\"https:\/\/www.deanreed.de\/AmericanRebel\/2017\/wp-content\/uploads\/2022\/05\/image-from-rawpixel-id-3373046-original-scaled-Kopie-300x81.png 300w, https:\/\/www.deanreed.de\/AmericanRebel\/2017\/wp-content\/uploads\/2022\/05\/image-from-rawpixel-id-3373046-original-scaled-Kopie.png 666w\" sizes=\"(max-width: 667px) 100vw, 667px\" \/>Im <a style=\"color: #000000;\" href=\"https:\/\/www.svr-migration.de\/jahresgutachten\/\">Jahresgutachten 2022<\/a><\/span><span style=\"font-family: verdana, geneva, sans-serif;\"> hat der Sachverst\u00e4ndigenrat f\u00fcr Integration und Migration (SVR) den Beitrag von Migrant*innen zum deutschen Gesundheitssystem untersucht. Das Gutachten zeigt: Migrant*innen leisten sehr viel im Gesundheitssystem. Sie werden als Chance angesehen, die Lasten des Gesundheitswesens zu tragen. Vor allem in Pflegeberufen aber, in denen zahlreiche Migrant*innen t\u00e4tig sind, sind sie \u00fcberlastet und werden ausgebeutet.<\/span><strong><br \/>\n<\/strong><span style=\"font-family: verdana, geneva, sans-serif;\"><span style=\"font-size: 12pt;\"><span style=\"color: #005a8c;\"><a style=\"color: #005a8c;\" href=\"https:\/\/diefreiheitsliebe.de\/politik\/gesundheitswesen-auf-dem-ruecken-von-migrantinnen\/\" target=\"_blank\" rel=\"noopener\"><em>\u00bbDie Friedensliebe\u00ab berichtete<\/em><\/a><\/span> \u00a0 <div class=\"hide-this-part-wrap\"><div class=\"hide-this-part-more\" id=\"hide-this-part-0\" morelink-text=\"hier geht es weiter\">hier geht es weiter \u00bb<\/div><div class=\"hide-this-part\" status=\"invisible\"><br \/>\n<span style=\"color: #ffffff;\">.<\/span><\/span><span style=\"font-size: 12pt; color: #ffffff;\"><br \/>\n.<\/span><\/span><span style=\"font-family: verdana, geneva, sans-serif;\"><span style=\"font-size: 12pt;\"><br \/>\n<\/span><span style=\"font-size: 14pt;\"><strong>25. Mai |<\/strong> <\/span><\/span><strong><span style=\"font-family: verdana, geneva, sans-serif; font-size: 14pt;\">T\u00fcrkei k\u00fcndigt erneuten Angriff auf Rojava an<\/span><\/strong><\/span><br \/>\n<span style=\"font-family: verdana, geneva, sans-serif; font-size: 12pt; color: #000000;\"><img loading=\"lazy\" class=\"wp-image-30271 aligncenter\" src=\"http:\/\/www.deanreed.de\/AmericanRebel\/2017\/wp-content\/uploads\/2022\/05\/rrt-300x81.png\" alt=\"\" width=\"667\" height=\"180\" srcset=\"https:\/\/www.deanreed.de\/AmericanRebel\/2017\/wp-content\/uploads\/2022\/05\/rrt-300x81.png 300w, https:\/\/www.deanreed.de\/AmericanRebel\/2017\/wp-content\/uploads\/2022\/05\/rrt.png 666w\" sizes=\"(max-width: 667px) 100vw, 667px\" \/>Die T\u00fcrkei f\u00fchrt ihren Krieg gegen die kurdische Befreiungsbewegung fort. Erdogan k\u00fcndigte am Montag einen erneuten Einmarsch nach Nordsyrien an.<\/span><br \/>\n<span style=\"font-family: verdana, geneva, sans-serif; font-size: 12pt; color: #000000;\"> Im April startete die T\u00fcrkei eine Bodenoffensive gegen die kurdische nationale Befreiungsorganisation PKK im Nordirak, in dem die s\u00fcdkurdischen Gebiete liegen. Jetzt droht sie mit einem <a style=\"color: #000000;\" href=\"https:\/\/civaka-azad.org\/erdogan-kuendigt-neue-invasion-in-nordsyrien-an\/\">erneuten Einmarsch<\/a> in das selbstverwaltete und autonome Gebiet Rojava in Nordsyrien.<\/span><br \/>\n<span style=\"color: #000000;\"><span style=\"font-family: verdana, geneva, sans-serif;\"><span style=\"font-size: 12pt;\"><span style=\"color: #005a8c;\"><a style=\"color: #005a8c;\" href=\"https:\/\/perspektive-online.net\/2022\/05\/tuerkei-kuendigt-erneuten-angriff-auf-rojava-an\/\" target=\"_blank\" rel=\"noopener\"><span style=\"font-family: verdana, geneva, sans-serif;\"><em>\u00bbPerspektive\u00ab berichtete<\/em><\/span><\/a><\/span><br \/>\n<span style=\"color: #ffffff;\">.<\/span><br \/>\n<span style=\"color: #ffffff;\">.<\/span><\/span><\/span><span style=\"font-family: verdana, geneva, sans-serif;\"><span style=\"font-size: 12pt;\"><br \/>\n<span style=\"font-size: 14pt;\"><strong>25. Mai | <\/strong><\/span><\/span><\/span><span style=\"font-size: 14pt;\"><strong><span style=\"font-family: verdana, geneva, sans-serif;\">Unterst\u00fctzt die russische Bev\u00f6lkerung<br \/>\nden Krieg wirklich?<\/span><\/strong><\/span><\/span><br \/>\n<span style=\"font-size: 12pt; font-family: verdana, geneva, sans-serif; color: #000000;\"><img loading=\"lazy\" class=\"wp-image-30268 aligncenter\" src=\"http:\/\/www.deanreed.de\/AmericanRebel\/2017\/wp-content\/uploads\/2022\/05\/rrt-1-640x381-1-300x81.jpg\" alt=\"\" width=\"667\" height=\"180\" srcset=\"https:\/\/www.deanreed.de\/AmericanRebel\/2017\/wp-content\/uploads\/2022\/05\/rrt-1-640x381-1-300x81.jpg 300w, https:\/\/www.deanreed.de\/AmericanRebel\/2017\/wp-content\/uploads\/2022\/05\/rrt-1-640x381-1.jpg 666w\" sizes=\"(max-width: 667px) 100vw, 667px\" \/>Ich frage msch schon seit Wochen wie weit die russische Bev\u00f6lkerung den imperialistischen Krieg der russischen Oligarchen und ihrer Regierung wirklich unterst\u00fctzt.<\/span><br \/>\n<span style=\"color: #005a8c;\"><span style=\"font-family: verdana, geneva, sans-serif;\"><span style=\"font-size: 12pt;\"><a style=\"color: #005a8c;\" href=\"https:\/\/rotermorgen.eu\/unterstuetzt-die-russische-bevoelkerung-den-krieg-wirklich\/\" target=\"_blank\" rel=\"noopener\"><span style=\"font-family: verdana, geneva, sans-serif;\"><em>\u00bbRoterMorgen\u00ab berichtete<\/em><\/span><\/a><\/span><\/span><\/span><span style=\"color: #000000;\"><span style=\"font-family: verdana, geneva, sans-serif;\"><span style=\"font-size: 12pt;\"><br \/>\n<span style=\"color: #ffffff;\">.<\/span><br \/>\n<span style=\"color: #ffffff;\">.<\/span><br \/>\n<span style=\"font-size: 14pt;\"><strong>26. April | <\/strong><\/span><\/span><\/span><span style=\"font-size: 14pt;\"><strong><span style=\"font-family: verdana, geneva, sans-serif;\">Forschung kl\u00e4rt auf:<br \/>\nAffenpocken sind nicht mit Corona vergleichbar<\/span><\/strong><\/span><\/span><br \/>\n<span style=\"font-size: 12pt; font-family: verdana, geneva, sans-serif; color: #000000;\"><img loading=\"lazy\" class=\"wp-image-30272 aligncenter\" src=\"http:\/\/www.deanreed.de\/AmericanRebel\/2017\/wp-content\/uploads\/2022\/05\/tzui9-300x81.jpg\" alt=\"\" width=\"667\" height=\"180\" srcset=\"https:\/\/www.deanreed.de\/AmericanRebel\/2017\/wp-content\/uploads\/2022\/05\/tzui9-300x81.jpg 300w, https:\/\/www.deanreed.de\/AmericanRebel\/2017\/wp-content\/uploads\/2022\/05\/tzui9.jpg 666w\" sizes=\"(max-width: 667px) 100vw, 667px\" \/>Immer mehr F\u00e4lle der Krankheit tauchen auf. Dabei f\u00fcrchten sich viele vor einer neuen Pandemie und einem neuen Lockdown. Forscher:innen geben jedoch Entwarnung: Affenpocken sind kein neues Covid und werden keinen Lockdown nach sich ziehen.<\/span><br \/>\n<span style=\"color: #000000;\"><span style=\"font-family: verdana, geneva, sans-serif;\"><span style=\"font-size: 12pt;\"><em><span style=\"color: #005a8c;\"><a style=\"color: #005a8c;\" href=\"https:\/\/perspektive-online.net\/2022\/05\/forschung-klaert-auf-affenpocken-sind-nicht-mit-corona-vergleichbar\/\" target=\"_blank\" rel=\"noopener\"><span style=\"font-size: 12pt; font-family: verdana, geneva, sans-serif;\">\u00bbPerspektive\u00ab berichtete<\/span><\/a><\/span><br \/>\n<span style=\"color: #ffffff;\">.<\/span><br \/>\n<span style=\"color: #ffffff;\">.<\/span><br \/>\n<\/em><strong><span style=\"font-family: verdana, geneva, sans-serif; font-size: 14pt;\">26. Mai | <\/span><\/strong><\/span><\/span><strong><span style=\"font-family: verdana, geneva, sans-serif; font-size: 14pt;\">Die (Kriegs)waffe Hunger<br \/>\nhat ihre Ursachen auch in Deutschland<\/span><\/strong><\/span><br \/>\n<span style=\"color: #000000;\"><span style=\"font-family: verdana, geneva, sans-serif;\"><span style=\"font-size: 12pt;\"><span style=\"font-family: verdana, geneva, sans-serif;\"><img loading=\"lazy\" class=\"wp-image-30267 aligncenter\" src=\"http:\/\/www.deanreed.de\/AmericanRebel\/2017\/wp-content\/uploads\/2022\/05\/rrz789-640x381-1-300x81.jpg\" alt=\"\" width=\"667\" height=\"180\" srcset=\"https:\/\/www.deanreed.de\/AmericanRebel\/2017\/wp-content\/uploads\/2022\/05\/rrz789-640x381-1-300x81.jpg 300w, https:\/\/www.deanreed.de\/AmericanRebel\/2017\/wp-content\/uploads\/2022\/05\/rrz789-640x381-1.jpg 666w\" sizes=\"(max-width: 667px) 100vw, 667px\" \/>Die <span id=\"decorator-corrected-entity-id-31\" data-entity-key=\"31\" data-offset-key=\"8ufnr-1-0\">deutsche<\/span> Regierung mischt kr\u00e4ftig mit im <span id=\"decorator-corrected-entity-id-61\" data-entity-key=\"61\" data-offset-key=\"8ufnr-3-0\">widerw\u00e4rtigen<\/span> Gesch\u00e4ft mit den <span id=\"decorator-ignored-entity-id-372\" data-entity-key=\"372\" data-offset-key=\"8ufnr-5-0\">Sanktionen<\/span>. Die <span id=\"decorator-ignored-entity-id-373\" data-entity-key=\"373\" data-offset-key=\"8ufnr-7-0\">Sanktionen<\/span> gegen Russland haben das <span id=\"decorator-corrected-entity-id-90\" data-entity-key=\"90\" data-offset-key=\"8ufnr-9-0\">Ziel, die russische Bev\u00f6lkerung durch eine erzwungene Versch\u00e4rfung ihrer Lebensbedingung gegen die Herrschenden aufzubringen und auf die Seite des \u201eWestens\u201c zu ziehen<\/span>.<\/span><br \/>\n<span style=\"color: #005a8c;\"><a style=\"color: #005a8c;\" href=\"https:\/\/rotermorgen.eu\/die-kriegswaffe-hunger-hat-ihre-ursachen-auch-in-deutschland\/\" target=\"_blank\" rel=\"noopener\"><span style=\"font-family: verdana, geneva, sans-serif;\"><em>\u00bbRoterMorgen\u00ab berichtete<\/em><\/span><\/a><\/span><br \/>\n<span style=\"color: #ffffff;\">.<\/span><br \/>\n<span style=\"color: #ffffff;\">.<\/span><br \/>\n<\/span><span style=\"font-size: 14pt;\"><strong>27. Mai | <\/strong><\/span><\/span><span style=\"font-size: 14pt;\"><strong><span style=\"font-family: verdana, geneva, sans-serif;\">Karlspreis-Verleihung<br \/>\nunter massiven Polizeischutz!<\/span><\/strong><\/span><\/span><br \/>\n<span style=\"color: #000000;\"><span style=\"font-family: verdana, geneva, sans-serif;\"><span style=\"font-size: 12pt;\"><img loading=\"lazy\" class=\"wp-image-30266 aligncenter\" src=\"http:\/\/www.deanreed.de\/AmericanRebel\/2017\/wp-content\/uploads\/2022\/05\/gzzz-640x381-2-300x81.png\" alt=\"\" width=\"667\" height=\"180\" srcset=\"https:\/\/www.deanreed.de\/AmericanRebel\/2017\/wp-content\/uploads\/2022\/05\/gzzz-640x381-2-300x81.png 300w, https:\/\/www.deanreed.de\/AmericanRebel\/2017\/wp-content\/uploads\/2022\/05\/gzzz-640x381-2.png 666w\" sizes=\"(max-width: 667px) 100vw, 667px\" \/>Am gestrigen Donnerstag, dem Himmelfahrtstag, machten sich mehrere \u201e<em>Freiheit f\u00fcr Julian Assange-Gruppen<\/em>\u201c aus NRW auf den Weg zur diesj\u00e4hrigen Karls-Preis-Verleihung nach Aachen. Den Karls-Preis bekamen in diesem Jahr drei \u201eB\u00fcrgerrechtlerinnen\u201c aus Wei\u00dfrussland f\u00fcr ihren Einsatz f\u00fcr westliche, europ\u00e4ische Werte.<strong><br \/>\n<\/strong><span style=\"color: #005a8c;\"><a style=\"color: #005a8c;\" href=\"https:\/\/rotermorgen.eu\/20283-2\/\" target=\"_blank\" rel=\"noopener\"><span style=\"font-family: verdana, geneva, sans-serif;\"><em>\u00bbRoterMorgen\u00ab berichtete<\/em><\/span><\/a><\/span><br \/>\n<span style=\"color: #ffffff;\">.<\/span><br \/>\n<span style=\"color: #ffffff;\">.<\/span><\/span><\/span><span style=\"font-family: verdana, geneva, sans-serif;\"><span style=\"font-size: 12pt;\"><br \/>\n<span style=\"font-size: 14pt;\"><strong>28. Mai | <\/strong><\/span><\/span><\/span><span style=\"font-family: verdana, geneva, sans-serif; font-size: 12pt;\"><span style=\"font-size: 14pt;\"><strong>AUGUST BEBEL: \u201eIch will der Todfeind<br \/>\ndieser b\u00fcrgerlichen Gesellschaftsordnung bleiben!\u201c<\/strong><\/span><br \/>\n<img loading=\"lazy\" class=\"wp-image-29122 aligncenter\" src=\"http:\/\/www.deanreed.de\/AmericanRebel\/2017\/wp-content\/uploads\/2021\/12\/vkw-300x81.png\" alt=\"\" width=\"667\" height=\"180\" srcset=\"https:\/\/www.deanreed.de\/AmericanRebel\/2017\/wp-content\/uploads\/2021\/12\/vkw-300x81.png 300w, https:\/\/www.deanreed.de\/AmericanRebel\/2017\/wp-content\/uploads\/2021\/12\/vkw.png 666w\" sizes=\"(max-width: 667px) 100vw, 667px\" \/>August Bebel erblickte am 22. Februar 1840 als Sohn des armen preu\u00dfischen Unteroffiziers Johann Gottlieb Bebel und dessen Frau Wilhelmine Johanna in K\u00f6ln das Licht der Welt. Er verlor seine Eltern fr\u00fch, den Vater, als er vier, die Mutter als er dreizehn Jahre alt war. Seine Jugend war hart und st\u00e4hlte ihn, er war, wie Stalin es formulierte, im Kampf mit der Not aufgewachsen. Viele Intellektuelle \u00fcbersehen die Bedeutung dieses wichtigen Punktes. Im Rheinland war die Bev\u00f6lkerung republikanisch gesinnt, doch in der Volksschule bekannte sich der junge Bebel mit einem weiteren Klassenkameraden zur Monarchie und wurde daraufhin verpr\u00fcgelt, Ironie der Geschichte, der alte Bebel wurde im Volksmund gern Kaiser Bebel oder Arbeiterkaiser genannt.<br \/>\n<a style=\"color: #000000;\" href=\"https:\/\/rotermorgen.eu\/august-bebel-ich-will-der-todfeind-dieser-buergerlichen-gesellschaftsordnung-bleiben\/\" target=\"_blank\" rel=\"noopener\"><em><span style=\"color: #005a8c;\">\u00bbRoterMorgen\u00ab berichtete<\/span><\/em><\/a><\/span><\/span><br \/>\n<span style=\"color: #000000; font-family: verdana, geneva, sans-serif;\"><span style=\"font-size: 12pt;\"><span style=\"color: #ffffff;\">.<\/span><span style=\"font-size: 14pt;\"><span style=\"font-size: 12pt;\"><span style=\"color: #ffffff;\"><strong><br \/>\n<\/strong>.<\/span><\/span><\/span><\/span><span style=\"font-size: 12pt;\"><br \/>\n<\/span><span style=\"font-size: 14pt;\"><strong>29. Mai |<\/strong> <\/span><\/span><span style=\"font-family: verdana, geneva, sans-serif; font-size: 12pt;\"><strong><span style=\"font-size: 14pt;\">Zwei Streitschriften vom spanischen B\u00fcrgerkrieg<br \/>\n<img loading=\"lazy\" class=\"wp-image-28691 aligncenter\" src=\"http:\/\/www.deanreed.de\/AmericanRebel\/2017\/wp-content\/uploads\/2021\/10\/2-Kopie-1-300x81.png\" alt=\"\" width=\"667\" height=\"180\" srcset=\"https:\/\/www.deanreed.de\/AmericanRebel\/2017\/wp-content\/uploads\/2021\/10\/2-Kopie-1-300x81.png 300w, https:\/\/www.deanreed.de\/AmericanRebel\/2017\/wp-content\/uploads\/2021\/10\/2-Kopie-1.png 666w\" sizes=\"(max-width: 667px) 100vw, 667px\" \/><\/span><\/strong><\/span><span style=\"font-family: verdana, geneva, sans-serif; font-size: 12pt;\">Die Gedenkst\u00e4tte Ernst Th\u00e4lmann e.V. hat zwei Beitr\u00e4ge zur Geschichte des spanischen B\u00fcrgerkrieges gegen den Faschisten Franco aus dem Englischen \u00fcbersetzt und als 54-seitige Brosch\u00fcre ver\u00f6ffentlicht.<br \/>\n<\/span><span style=\"font-family: verdana, geneva, sans-serif; font-size: 12pt;\">In einer Einleitung gibt Tom Sibley, langj\u00e4hriger Leiter der Forschungsabteilung der englischen Gewerkschaft MSF, einen \u00dcberblick \u00fcber die Fronten und Konflikte im spanischen B\u00fcrgerkrieg. Besonders besch\u00e4ftigt er sich dabei mit Thesen der Anarchisten und Trotzkisten, die der spanischen Republik und Volksfrontregierung sowie der Sowjetunion immer wieder \u00fcbelste Vorw\u00fcrfe machen. So verbreitete George Orwell, der in seinem Buch \u201eMein Katalonien\u201c Behauptungen, die Sowjetunion unterst\u00fctze die spanische Republik nicht oder die Kommunisten w\u00fcrden mit Gewalt und Mord gegen die Anarchisten und Trotzkisten vorgehen. Sibley deckt auf, dass George Orwell kurz vor seinem Tod 1950 eine Liste mit rund 100 \u201eunzuverl\u00e4ssigen\u201c Schriftstellern, Journalisten usw. an das International Research Department, eine Spionageagentur des britischen Imperialismus, gab. Sibley entlarvt, dass Teil der Trotzkisten und Anarchisten in dem Moment, wo Franco Richtung Madrid marschierte, in Madrid einen Aufstand gegen die Volksfrontregierung anzettelten, um diese angeblich \u201eb\u00fcrgerliche\u201c Regierung zu st\u00fcrzen. Als die Volksfront diesen Aufstand unterdr\u00fcckte, stellten sie sich international als Opfer dar.<\/span><br \/>\n<span style=\"color: #005a8c;\"><em><span style=\"font-family: verdana, geneva, sans-serif; font-size: 10pt;\">Die Brosch\u00fcre kann bei der Ernst-Th\u00e4lmann Gedenkst\u00e4tte gegen eine Spende (3 \u20ac empfohlen) und 1,60 \u20ac Versand \u00fcber folgende Mail bestellt werden: <\/span><\/em><\/span><a href=\"mailto:pamphletsGET@gmx.de\" target=\"_blank\" rel=\"noopener\"><span style=\"color: #005a8c; font-family: verdana, geneva, sans-serif; font-size: 12pt;\"><span style=\"font-size: 10pt;\"><em><span style=\"color: #005a8c;\">pamphletsGET@gmx.de<\/span><\/em><\/span><\/span><\/a><\/p>\n<p><\/div><!-- .hide-this-part --><\/div><!-- hide-this-part-wrap --><\/p>\n<p style=\"text-align: center;\"><span style=\"color: #ffffff;\">.<span style=\"font-size: 18pt;\"><strong><span style=\"font-family: verdana, geneva, sans-serif; color: #000000;\"><br \/>\nVeranstaltungshinweise<\/span><\/strong><\/span><\/span><\/p>\n<p><img loading=\"lazy\" class=\" wp-image-30210 aligncenter\" src=\"http:\/\/www.deanreed.de\/AmericanRebel\/2017\/wp-content\/uploads\/2022\/05\/rtz7-1-212x300.jpg\" alt=\"\" width=\"584\" height=\"827\" srcset=\"https:\/\/www.deanreed.de\/AmericanRebel\/2017\/wp-content\/uploads\/2022\/05\/rtz7-1-212x300.jpg 212w, https:\/\/www.deanreed.de\/AmericanRebel\/2017\/wp-content\/uploads\/2022\/05\/rtz7-1.jpg 678w\" sizes=\"(max-width: 584px) 100vw, 584px\" \/><\/p>\n<blockquote class=\"wp-embedded-content\" data-secret=\"8TbPMTAoDM\"><p><a href=\"https:\/\/rotermorgen.eu\/boykottiert-die-fussballweltmeisterschaft-in-katar\/\">Boykottiert die Fu\u00dfballweltmeisterschaft in Katar!<\/a><\/p><\/blockquote>\n<p><iframe class=\"wp-embedded-content\" sandbox=\"allow-scripts\" security=\"restricted\" style=\"position: absolute; clip: rect(1px, 1px, 1px, 1px);\" title=\"&#8222;Boykottiert die Fu\u00dfballweltmeisterschaft in Katar!&#8220; &#8212; \" src=\"https:\/\/rotermorgen.eu\/boykottiert-die-fussballweltmeisterschaft-in-katar\/embed\/#?secret=8TbPMTAoDM\" data-secret=\"8TbPMTAoDM\" width=\"500\" height=\"282\" frameborder=\"0\" marginwidth=\"0\" marginheight=\"0\" scrolling=\"no\"><\/iframe><\/p>\n<p style=\"text-align: center;\"><img loading=\"lazy\" class=\"alignnone wp-image-30092\" src=\"http:\/\/www.deanreed.de\/AmericanRebel\/2017\/wp-content\/uploads\/2022\/04\/23-300x156.png\" alt=\"\" width=\"587\" height=\"305\" \/><\/p>\n<p><img loading=\"lazy\" class=\" wp-image-30062 aligncenter\" src=\"http:\/\/www.deanreed.de\/AmericanRebel\/2017\/wp-content\/uploads\/2022\/04\/Daueranzeige-300x156.png\" alt=\"\" width=\"587\" height=\"305\" srcset=\"https:\/\/www.deanreed.de\/AmericanRebel\/2017\/wp-content\/uploads\/2022\/04\/Daueranzeige-300x156.png 300w, https:\/\/www.deanreed.de\/AmericanRebel\/2017\/wp-content\/uploads\/2022\/04\/Daueranzeige.png 750w\" sizes=\"(max-width: 587px) 100vw, 587px\" \/><\/p>\n<div class=\"\" data-block=\"true\" data-editor=\"7504f\" data-offset-key=\"bsm8h-0-0\">\n<div class=\"public-DraftStyleDefault-block public-DraftStyleDefault-ltr\" style=\"text-align: justify;\" data-offset-key=\"bsm8h-0-0\">\n<div class=\"\" data-block=\"true\" data-editor=\"7504f\" data-offset-key=\"bsm8h-0-0\">\n<div class=\"public-DraftStyleDefault-block public-DraftStyleDefault-ltr\" style=\"text-align: justify;\" data-offset-key=\"bsm8h-0-0\">\n<p><span style=\"color: #ffffff;\">.<\/span><span style=\"color: #ffffff;\">.<\/span><\/p>\n<p style=\"text-align: center;\"><span style=\"font-family: verdana, geneva, sans-serif; font-size: 12pt;\"><span style=\"color: #ffffff;\"><span style=\"color: #000000;\"><span style=\"font-family: verdana, geneva, sans-serif; font-size: 12pt;\">Die Redaktionen<\/span><span style=\"font-family: verdana, geneva, sans-serif;\"><strong><br \/>\n<\/strong>danken den Volkskorrespondenten\/-innen Hosteni, Zeki, Nico,<\/span><\/span><br \/>\n<span style=\"font-family: verdana, geneva, sans-serif; font-size: 10pt; color: #000000;\">KikiRebel, Rui-Filipe, Sascha, Heinz, Heinrich, Trixi, Fiete, Reinhold u. A.<\/span><br \/>\n<span style=\"font-family: verdana, geneva, sans-serif; font-size: 10pt; color: #000000;\">f\u00fcr die Unterst\u00fctzung bei der Erstellung.<strong><br \/>\n<\/strong>Dieser R\u00fcckblick erhebt nicht den Anspruch auf Vollst\u00e4ndigkeit.<\/span><br \/>\n<span style=\"font-family: verdana, geneva, sans-serif; font-size: 10pt; color: #000000;\"><strong>Verlinkte- und mit Namen gekennzeichnete Texte m\u00fcssen<\/strong><\/span><br \/>\n<span style=\"font-family: verdana, geneva, sans-serif; font-size: 10pt;\"><span style=\"color: #000000;\"><strong>nicht in allen Punkten den Meinungen unserer Redaktionen entsprechen.<br \/>\n<span style=\"color: #ffffff;\">.<\/span><br \/>\n\u00bbWochenr\u00fcckblick\u00ab ist ein Projekt von<\/strong><\/span><strong><a href=\"https:\/\/rotermorgen.eu\/8197-2\/\" target=\"_blank\" rel=\"noopener\"><img loading=\"lazy\" class=\"wp-image-8196 aligncenter\" src=\"https:\/\/rotermorgen.eu\/wp-content\/uploads\/2021\/01\/2-Kopie-2-1.png\" alt=\"\" width=\"292\" height=\"142\" \/><\/a><span style=\"color: #000000;\">Schickt uns Eure Kurzberichte<\/span><br \/>\n<span style=\"color: #000000;\">und Veranstaltungshinweise!<\/span><br \/>\n<span style=\"color: #000000;\">an eMail: <a style=\"color: #000000;\" href=\"mailto:Wochenrueckblick@gmx.net\" target=\"_blank\" rel=\"noopener noreferrer\">Wochenrueckblick@gmx.net<\/a><\/span><br \/>\n<span style=\"color: #000000;\">Redaktionsschluss: Jeden Sonntag 20:00 Uhr<\/span><\/strong><\/span><\/span><\/span><\/p>\n<p><span style=\"color: #ffffff;\">.<\/span><\/p>\n<\/div>\n<\/div>\n<\/div>\n<\/div>\n","protected":false},"excerpt":{"rendered":"<p>Zur\u00fcckblickend auf die letzten Tage sind uns einige kommen- tierbare Vorkommnisse ins Auge gefallen, die wir hier zur Diskussion stellen. . 23. Mai | Unangek\u00fcndigter Besuch Es waren bewegende, ersch\u00fctternde Zeugenaussagen, die eine Delegation internationaler Juristen Anfang Mai bei einem [&hellip;]<a class=\"more-link\" href=\"https:\/\/www.deanreed.de\/AmericanRebel\/2017\/2022\/05\/31\/wochenrueckblick-21-kalenderwoche-2022\/\">&darr; Lese den Rest von diesem Eintrag&#8230;<\/a><\/p>\n","protected":false},"author":2,"featured_media":0,"comment_status":"open","ping_status":"open","sticky":false,"template":"","format":"standard","meta":[],"categories":[1],"tags":[4728,4866,5357,4729,4731,5358,4601,5186,1329,4734,4011,4736],"yoast_head":"<!-- This site is optimized with the Yoast SEO plugin v17.5 - https:\/\/yoast.com\/wordpress\/plugins\/seo\/ -->\n<title>- Wochenr\u00fcckblick 21. Kalenderwoche 2022 &ndash; Onlinezeitung AmericanRebel<\/title>\n<meta name=\"robots\" content=\"index, follow, max-snippet:-1, max-image-preview:large, max-video-preview:-1\" \/>\n<link rel=\"canonical\" href=\"https:\/\/www.deanreed.de\/AmericanRebel\/2017\/2022\/05\/31\/wochenrueckblick-21-kalenderwoche-2022\/\" \/>\n<meta property=\"og:locale\" content=\"de_DE\" \/>\n<meta property=\"og:type\" content=\"article\" \/>\n<meta property=\"og:title\" content=\"- Wochenr\u00fcckblick 21. Kalenderwoche 2022 &ndash; Onlinezeitung AmericanRebel\" \/>\n<meta property=\"og:description\" content=\"Zur\u00fcckblickend auf die letzten Tage sind uns einige kommen- tierbare Vorkommnisse ins Auge gefallen, die wir hier zur Diskussion stellen.\" \/>\n<meta property=\"og:url\" content=\"https:\/\/www.deanreed.de\/AmericanRebel\/2017\/2022\/05\/31\/wochenrueckblick-21-kalenderwoche-2022\/\" \/>\n<meta property=\"og:site_name\" content=\"Onlinezeitung AmericanRebel\" \/>\n<meta property=\"article:published_time\" content=\"2022-05-31T19:46:36+00:00\" \/>\n<meta property=\"article:modified_time\" content=\"2022-05-31T20:37:21+00:00\" \/>\n<meta property=\"og:image\" content=\"https:\/\/www.deanreed.de\/AmericanRebel\/2017\/wp-content\/uploads\/2020\/12\/3-Kopie.png\" \/>\n\t<meta property=\"og:image:width\" content=\"640\" \/>\n\t<meta property=\"og:image:height\" content=\"460\" \/>\n<meta name=\"twitter:card\" content=\"summary_large_image\" \/>\n<meta name=\"twitter:label1\" content=\"Verfasst von\" \/>\n\t<meta name=\"twitter:data1\" content=\"Redaktion\" \/>\n\t<meta name=\"twitter:label2\" content=\"Gesch\u00e4tzte Lesezeit\" \/>\n\t<meta name=\"twitter:data2\" content=\"5\u00a0Minuten\" \/>\n<script type=\"application\/ld+json\" class=\"yoast-schema-graph\">{\"@context\":\"https:\/\/schema.org\",\"@graph\":[{\"@type\":\"WebSite\",\"@id\":\"https:\/\/www.deanreed.de\/AmericanRebel\/2017\/#website\",\"url\":\"https:\/\/www.deanreed.de\/AmericanRebel\/2017\/\",\"name\":\"Onlinezeitung AmericanRebel\",\"description\":\"Internationale Onlinezeitung f\\u00fcr Frieden, Humanismus, V\\u00f6lkerverst\\u00e4ndigung und Kultur\",\"potentialAction\":[{\"@type\":\"SearchAction\",\"target\":{\"@type\":\"EntryPoint\",\"urlTemplate\":\"https:\/\/www.deanreed.de\/AmericanRebel\/2017\/?s={search_term_string}\"},\"query-input\":\"required name=search_term_string\"}],\"inLanguage\":\"de\"},{\"@type\":\"ImageObject\",\"@id\":\"https:\/\/www.deanreed.de\/AmericanRebel\/2017\/2022\/05\/31\/wochenrueckblick-21-kalenderwoche-2022\/#primaryimage\",\"inLanguage\":\"de\",\"url\":\"https:\/\/www.deanreed.de\/AmericanRebel\/2017\/wp-content\/uploads\/2020\/12\/3-Kopie.png\",\"contentUrl\":\"https:\/\/www.deanreed.de\/AmericanRebel\/2017\/wp-content\/uploads\/2020\/12\/3-Kopie.png\",\"width\":640,\"height\":460},{\"@type\":\"WebPage\",\"@id\":\"https:\/\/www.deanreed.de\/AmericanRebel\/2017\/2022\/05\/31\/wochenrueckblick-21-kalenderwoche-2022\/#webpage\",\"url\":\"https:\/\/www.deanreed.de\/AmericanRebel\/2017\/2022\/05\/31\/wochenrueckblick-21-kalenderwoche-2022\/\",\"name\":\"- Wochenr\\u00fcckblick 21. Kalenderwoche 2022 &ndash; Onlinezeitung AmericanRebel\",\"isPartOf\":{\"@id\":\"https:\/\/www.deanreed.de\/AmericanRebel\/2017\/#website\"},\"primaryImageOfPage\":{\"@id\":\"https:\/\/www.deanreed.de\/AmericanRebel\/2017\/2022\/05\/31\/wochenrueckblick-21-kalenderwoche-2022\/#primaryimage\"},\"datePublished\":\"2022-05-31T19:46:36+00:00\",\"dateModified\":\"2022-05-31T20:37:21+00:00\",\"author\":{\"@id\":\"https:\/\/www.deanreed.de\/AmericanRebel\/2017\/#\/schema\/person\/9edfca7917cd10b75edaae51c6e7935a\"},\"breadcrumb\":{\"@id\":\"https:\/\/www.deanreed.de\/AmericanRebel\/2017\/2022\/05\/31\/wochenrueckblick-21-kalenderwoche-2022\/#breadcrumb\"},\"inLanguage\":\"de\",\"potentialAction\":[{\"@type\":\"ReadAction\",\"target\":[\"https:\/\/www.deanreed.de\/AmericanRebel\/2017\/2022\/05\/31\/wochenrueckblick-21-kalenderwoche-2022\/\"]}]},{\"@type\":\"BreadcrumbList\",\"@id\":\"https:\/\/www.deanreed.de\/AmericanRebel\/2017\/2022\/05\/31\/wochenrueckblick-21-kalenderwoche-2022\/#breadcrumb\",\"itemListElement\":[{\"@type\":\"ListItem\",\"position\":1,\"name\":\"Startseite\",\"item\":\"https:\/\/www.deanreed.de\/AmericanRebel\/2017\/\"},{\"@type\":\"ListItem\",\"position\":2,\"name\":\"&#8211; Wochenr\\u00fcckblick 21. Kalenderwoche 2022\"}]},{\"@type\":\"Person\",\"@id\":\"https:\/\/www.deanreed.de\/AmericanRebel\/2017\/#\/schema\/person\/9edfca7917cd10b75edaae51c6e7935a\",\"name\":\"Redaktion\",\"url\":\"https:\/\/www.deanreed.de\/AmericanRebel\/2017\/author\/redaktion\/\"}]}<\/script>\n<!-- \/ Yoast SEO plugin. -->","yoast_head_json":{"title":"- Wochenr\u00fcckblick 21. Kalenderwoche 2022 &ndash; Onlinezeitung AmericanRebel","robots":{"index":"index","follow":"follow","max-snippet":"max-snippet:-1","max-image-preview":"max-image-preview:large","max-video-preview":"max-video-preview:-1"},"canonical":"https:\/\/www.deanreed.de\/AmericanRebel\/2017\/2022\/05\/31\/wochenrueckblick-21-kalenderwoche-2022\/","og_locale":"de_DE","og_type":"article","og_title":"- Wochenr\u00fcckblick 21. Kalenderwoche 2022 &ndash; Onlinezeitung AmericanRebel","og_description":"Zur\u00fcckblickend auf die letzten Tage sind uns einige kommen- tierbare Vorkommnisse ins Auge gefallen, die wir hier zur Diskussion stellen.","og_url":"https:\/\/www.deanreed.de\/AmericanRebel\/2017\/2022\/05\/31\/wochenrueckblick-21-kalenderwoche-2022\/","og_site_name":"Onlinezeitung AmericanRebel","article_published_time":"2022-05-31T19:46:36+00:00","article_modified_time":"2022-05-31T20:37:21+00:00","og_image":[{"width":640,"height":460,"url":"https:\/\/www.deanreed.de\/AmericanRebel\/2017\/wp-content\/uploads\/2020\/12\/3-Kopie.png","type":"image\/png"}],"twitter_card":"summary_large_image","twitter_misc":{"Verfasst von":"Redaktion","Gesch\u00e4tzte Lesezeit":"5\u00a0Minuten"},"schema":{"@context":"https:\/\/schema.org","@graph":[{"@type":"WebSite","@id":"https:\/\/www.deanreed.de\/AmericanRebel\/2017\/#website","url":"https:\/\/www.deanreed.de\/AmericanRebel\/2017\/","name":"Onlinezeitung AmericanRebel","description":"Internationale Onlinezeitung f\u00fcr Frieden, Humanismus, V\u00f6lkerverst\u00e4ndigung und Kultur","potentialAction":[{"@type":"SearchAction","target":{"@type":"EntryPoint","urlTemplate":"https:\/\/www.deanreed.de\/AmericanRebel\/2017\/?s={search_term_string}"},"query-input":"required name=search_term_string"}],"inLanguage":"de"},{"@type":"ImageObject","@id":"https:\/\/www.deanreed.de\/AmericanRebel\/2017\/2022\/05\/31\/wochenrueckblick-21-kalenderwoche-2022\/#primaryimage","inLanguage":"de","url":"https:\/\/www.deanreed.de\/AmericanRebel\/2017\/wp-content\/uploads\/2020\/12\/3-Kopie.png","contentUrl":"https:\/\/www.deanreed.de\/AmericanRebel\/2017\/wp-content\/uploads\/2020\/12\/3-Kopie.png","width":640,"height":460},{"@type":"WebPage","@id":"https:\/\/www.deanreed.de\/AmericanRebel\/2017\/2022\/05\/31\/wochenrueckblick-21-kalenderwoche-2022\/#webpage","url":"https:\/\/www.deanreed.de\/AmericanRebel\/2017\/2022\/05\/31\/wochenrueckblick-21-kalenderwoche-2022\/","name":"- Wochenr\u00fcckblick 21. Kalenderwoche 2022 &ndash; Onlinezeitung AmericanRebel","isPartOf":{"@id":"https:\/\/www.deanreed.de\/AmericanRebel\/2017\/#website"},"primaryImageOfPage":{"@id":"https:\/\/www.deanreed.de\/AmericanRebel\/2017\/2022\/05\/31\/wochenrueckblick-21-kalenderwoche-2022\/#primaryimage"},"datePublished":"2022-05-31T19:46:36+00:00","dateModified":"2022-05-31T20:37:21+00:00","author":{"@id":"https:\/\/www.deanreed.de\/AmericanRebel\/2017\/#\/schema\/person\/9edfca7917cd10b75edaae51c6e7935a"},"breadcrumb":{"@id":"https:\/\/www.deanreed.de\/AmericanRebel\/2017\/2022\/05\/31\/wochenrueckblick-21-kalenderwoche-2022\/#breadcrumb"},"inLanguage":"de","potentialAction":[{"@type":"ReadAction","target":["https:\/\/www.deanreed.de\/AmericanRebel\/2017\/2022\/05\/31\/wochenrueckblick-21-kalenderwoche-2022\/"]}]},{"@type":"BreadcrumbList","@id":"https:\/\/www.deanreed.de\/AmericanRebel\/2017\/2022\/05\/31\/wochenrueckblick-21-kalenderwoche-2022\/#breadcrumb","itemListElement":[{"@type":"ListItem","position":1,"name":"Startseite","item":"https:\/\/www.deanreed.de\/AmericanRebel\/2017\/"},{"@type":"ListItem","position":2,"name":"&#8211; Wochenr\u00fcckblick 21. Kalenderwoche 2022"}]},{"@type":"Person","@id":"https:\/\/www.deanreed.de\/AmericanRebel\/2017\/#\/schema\/person\/9edfca7917cd10b75edaae51c6e7935a","name":"Redaktion","url":"https:\/\/www.deanreed.de\/AmericanRebel\/2017\/author\/redaktion\/"}]}},"_links":{"self":[{"href":"https:\/\/www.deanreed.de\/AmericanRebel\/2017\/wp-json\/wp\/v2\/posts\/30273"}],"collection":[{"href":"https:\/\/www.deanreed.de\/AmericanRebel\/2017\/wp-json\/wp\/v2\/posts"}],"about":[{"href":"https:\/\/www.deanreed.de\/AmericanRebel\/2017\/wp-json\/wp\/v2\/types\/post"}],"author":[{"embeddable":true,"href":"https:\/\/www.deanreed.de\/AmericanRebel\/2017\/wp-json\/wp\/v2\/users\/2"}],"replies":[{"embeddable":true,"href":"https:\/\/www.deanreed.de\/AmericanRebel\/2017\/wp-json\/wp\/v2\/comments?post=30273"}],"version-history":[{"count":7,"href":"https:\/\/www.deanreed.de\/AmericanRebel\/2017\/wp-json\/wp\/v2\/posts\/30273\/revisions"}],"predecessor-version":[{"id":30275,"href":"https:\/\/www.deanreed.de\/AmericanRebel\/2017\/wp-json\/wp\/v2\/posts\/30273\/revisions\/30275"}],"wp:attachment":[{"href":"https:\/\/www.deanreed.de\/AmericanRebel\/2017\/wp-json\/wp\/v2\/media?parent=30273"}],"wp:term":[{"taxonomy":"category","embeddable":true,"href":"https:\/\/www.deanreed.de\/AmericanRebel\/2017\/wp-json\/wp\/v2\/categories?post=30273"},{"taxonomy":"post_tag","embeddable":true,"href":"https:\/\/www.deanreed.de\/AmericanRebel\/2017\/wp-json\/wp\/v2\/tags?post=30273"}],"curies":[{"name":"wp","href":"https:\/\/api.w.org\/{rel}","templated":true}]}}