{"id":30206,"date":"2022-05-24T14:20:11","date_gmt":"2022-05-24T12:20:11","guid":{"rendered":"http:\/\/www.deanreed.de\/AmericanRebel\/2017\/?p=30206"},"modified":"2022-05-25T12:50:36","modified_gmt":"2022-05-25T10:50:36","slug":"wochenrueckblick-20-kalenderwoche-2022","status":"publish","type":"post","link":"https:\/\/www.deanreed.de\/AmericanRebel\/2017\/2022\/05\/24\/wochenrueckblick-20-kalenderwoche-2022\/","title":{"rendered":"&#8211; Wochenr\u00fcckblick 20. Kalenderwoche 2022"},"content":{"rendered":"<p style=\"text-align: justify;\"><span style=\"color: #993300; font-size: 14pt; font-family: verdana, geneva, sans-serif;\"><strong><img loading=\"lazy\" class=\"wp-image-26025 aligncenter\" src=\"http:\/\/www.deanreed.de\/AmericanRebel\/2017\/wp-content\/uploads\/2020\/10\/AR_WR_2-300x75.png\" alt=\"\" width=\"668\" height=\"167\" srcset=\"https:\/\/www.deanreed.de\/AmericanRebel\/2017\/wp-content\/uploads\/2020\/10\/AR_WR_2-300x75.png 300w, https:\/\/www.deanreed.de\/AmericanRebel\/2017\/wp-content\/uploads\/2020\/10\/AR_WR_2.png 700w\" sizes=\"(max-width: 668px) 100vw, 668px\" \/>Zur\u00fcckblickend auf die letzten Tage sind uns einige kommentierbare Vorkommnisse ins Auge gefallen, die wir hier zur Diskussion stellen.<\/strong><\/span><\/p>\n<p style=\"text-align: justify;\"><span style=\"font-family: verdana, geneva, sans-serif; font-size: 16pt;\"><span style=\"color: #000000;\"><span style=\"font-size: 12pt; color: #ffffff;\">.<\/span><strong><br \/>\n<\/strong><\/span><\/span><span style=\"color: #000000;\"><span style=\"font-family: verdana, geneva, sans-serif; font-size: 12pt;\"><span style=\"font-size: 14pt;\"><strong>16. Mai |<\/strong> <\/span><\/span><span style=\"font-size: 14pt;\"><strong><span style=\"font-family: verdana, geneva, sans-serif;\">BAF\u00f6G-Reform:<br \/>\nNicht mal die Inflation wird ausgeglichen<br \/>\n<img loading=\"lazy\" class=\"wp-image-30201 aligncenter\" src=\"http:\/\/www.deanreed.de\/AmericanRebel\/2017\/wp-content\/uploads\/2022\/05\/bafoeg-reform31200x600-1-300x81.jpg\" alt=\"\" width=\"667\" height=\"180\" srcset=\"https:\/\/www.deanreed.de\/AmericanRebel\/2017\/wp-content\/uploads\/2022\/05\/bafoeg-reform31200x600-1-300x81.jpg 300w, https:\/\/www.deanreed.de\/AmericanRebel\/2017\/wp-content\/uploads\/2022\/05\/bafoeg-reform31200x600-1.jpg 666w\" sizes=\"(max-width: 667px) 100vw, 667px\" \/><\/span><\/strong><\/span><\/span><span style=\"color: #000000;\"><span style=\"font-family: verdana, geneva, sans-serif; font-size: 12pt;\">Das BAF\u00f6G soll die Chancengerechtigkeit im Studium verbessern und die Ampelregierung hatte versprochen, diese M\u00f6glichkeiten weiter auszubauen. Nun liegt ein Gesetzesentwurf f\u00fcr das 27. BAF\u00f6G-\u00c4nderungsgesetz vor, der die Studierenden entt\u00e4uscht: Nicht einmal die Inflation wird ausgeglichen<\/span><strong>.<br \/>\n<\/strong><span style=\"font-family: verdana, geneva, sans-serif;\"><span style=\"font-size: 12pt;\"><span style=\"color: #005a8c;\"><a style=\"color: #005a8c;\" href=\"https:\/\/perspektive-online.net\/2022\/05\/bafoeg-reform-nicht-mal-die-inflation-wird-ausgeglichen\/\" target=\"_blank\" rel=\"noopener\"><em>\u00bbperspektive\u00ab berichtete<\/em><\/a><\/span><br \/>\n<span style=\"color: #ffffff;\">.<\/span><br \/>\n<span style=\"color: #ffffff;\">.<\/span><br \/>\n<span style=\"font-size: 14pt;\"><strong>16. Mai | <\/strong><\/span><\/span><\/span><span style=\"font-family: verdana, geneva, sans-serif; font-size: 12pt;\"><span style=\"font-size: 14pt;\"><strong>NRW-Wahlbeteiligung auf historischem<br \/>\nTiefpunkt \u2013 Koalitionsgeschacher steht bevor<\/strong><\/span><br \/>\n<img loading=\"lazy\" class=\"wp-image-30202 aligncenter\" src=\"http:\/\/www.deanreed.de\/AmericanRebel\/2017\/wp-content\/uploads\/2022\/05\/drrr-Kopie-300x81.png\" alt=\"\" width=\"667\" height=\"180\" srcset=\"https:\/\/www.deanreed.de\/AmericanRebel\/2017\/wp-content\/uploads\/2022\/05\/drrr-Kopie-300x81.png 300w, https:\/\/www.deanreed.de\/AmericanRebel\/2017\/wp-content\/uploads\/2022\/05\/drrr-Kopie.png 666w\" sizes=\"(max-width: 667px) 100vw, 667px\" \/>Bei der Landtagswahl in NRW sind am Sonntag nur 55,5 Prozent der Wahlberechtigten zur Wahl gegangen \u2013 so wenige Menschen wie noch nie. Statt \u00fcber Misstrauen in die Demokratie zu sprechen, finden schon jetzt diverse Farbenspiele mit m\u00f6glichen Koalitionen zwischen Wahlgewinner CDU und Gr\u00fcnen sowie Wahlverlierern FDP und SPD statt. Die AfD schafft es nur knapp in den Landtag, die Linke ist in existenzieller Krise.<\/span><strong><br \/>\n<\/strong><span style=\"font-family: verdana, geneva, sans-serif;\"><span style=\"font-size: 12pt;\"><span style=\"font-family: verdana, geneva, sans-serif; color: #005a8c;\"><em>\u00bbperspektive\u00ab berichtete<\/em><\/span><br \/>\n<span style=\"color: #ffffff;\">.<\/span><br \/>\n<span style=\"color: #ffffff;\">.<\/span><\/span><\/span><span style=\"font-family: verdana, geneva, sans-serif;\"><span style=\"font-size: 12pt;\"><br \/>\n<\/span><span style=\"font-size: 14pt;\"><strong>17. Mai |<\/strong> <strong>Nach ukrainischen Angriffen auf<br \/>\nrussisches Gebiet erh\u00f6ht Russland<br \/>\nden Beschuss von Objekten bei Kiew<\/strong><\/span><\/span><\/span><br \/>\n<span style=\"color: #000000; font-family: verdana, geneva, sans-serif;\"><span style=\"font-size: 12pt;\"><img loading=\"lazy\" class=\"wp-image-30198 aligncenter\" src=\"http:\/\/www.deanreed.de\/AmericanRebel\/2017\/wp-content\/uploads\/2022\/05\/ffg-300x81.jpeg\" alt=\"\" width=\"667\" height=\"180\" srcset=\"https:\/\/www.deanreed.de\/AmericanRebel\/2017\/wp-content\/uploads\/2022\/05\/ffg-300x81.jpeg 300w, https:\/\/www.deanreed.de\/AmericanRebel\/2017\/wp-content\/uploads\/2022\/05\/ffg.jpeg 666w\" sizes=\"(max-width: 667px) 100vw, 667px\" \/>Am 14. April hat die ukrainische Armee mindestens zwei Orte auf russischem Territorium angegriffen, worauf Russland mit einer Ausweitung des Beschusses von Objekten bei Kiew reagiert hat. Zu h\u00f6ren war aber in den vermeintlichen Qualit\u00e4tsmedien lediglich, dass in der N\u00e4he von Kiew, nicht n\u00e4her genannte Objekte angegriffen wurden.<\/span><br \/>\n<span style=\"font-size: 12pt;\"><span style=\"color: #005a8c;\"><a style=\"color: #005a8c;\" href=\"https:\/\/www.der-revolutionaer.de\/nach-ukrainischen-angriffen-auf-russisches-gebiet-erhoeht-russland-den-beschuss-von-objekten-bei-kiew\/\" target=\"_blank\" rel=\"noopener\"><span style=\"font-family: verdana, geneva, sans-serif;\"><em>\u00bbDerRevolution\u00e4r\u00ab berichtete<\/em><\/span><\/a><\/span> \u00a0\u00a0\u00a0\u00a0 <div class=\"hide-this-part-wrap\"><div class=\"hide-this-part-more\" id=\"hide-this-part-0\" morelink-text=\"hier geht es weiter\">hier geht es weiter \u00bb<\/div><div class=\"hide-this-part\" status=\"invisible\"><br \/>\n<span style=\"color: #ffffff;\">.<\/span><br \/>\n<span style=\"color: #ffffff;\">.<\/span><br \/>\n<span style=\"font-size: 14pt;\"><strong>18. Mai | <\/strong><strong>Tarifticker 20\/2022<\/strong><\/span><\/span><\/span><br \/>\n<span style=\"color: #000000;\"><span style=\"font-family: verdana, geneva, sans-serif;\"><span style=\"font-size: 12pt;\"><span style=\"font-family: verdana, geneva, sans-serif;\"><img loading=\"lazy\" class=\"wp-image-28484 aligncenter\" src=\"http:\/\/www.deanreed.de\/AmericanRebel\/2017\/wp-content\/uploads\/2021\/10\/1-Kopie-2-1-300x81.png\" alt=\"\" width=\"670\" height=\"181\" srcset=\"https:\/\/www.deanreed.de\/AmericanRebel\/2017\/wp-content\/uploads\/2021\/10\/1-Kopie-2-1-300x81.png 300w, https:\/\/www.deanreed.de\/AmericanRebel\/2017\/wp-content\/uploads\/2021\/10\/1-Kopie-2-1.png 666w\" sizes=\"(max-width: 670px) 100vw, 670px\" \/>Aktuelle Kurzmeldungen zu den laufenden Tarifverhandlungen und Arbeitsk\u00e4mpfen der Kollegen\/-innen vorwiegend im deutschsprachigen Raum. TARIFTICKER erscheint 14-t\u00e4gig immer Mittwochs.<\/span><br \/>\n<span style=\"color: #005a8c;\"><a style=\"color: #005a8c;\" href=\"https:\/\/rotermorgen.eu\/tarifticker-20-2022\/\" target=\"_blank\" rel=\"noopener\"><span style=\"font-family: verdana, geneva, sans-serif;\"><em>\u00bbRoterMorgen\u00ab berichtete<\/em><\/span><\/a><\/span><br \/>\n<span style=\"color: #ffffff;\">.<\/span><br \/>\n<span style=\"color: #ffffff;\">.<\/span><\/span><\/span><span style=\"font-family: verdana, geneva, sans-serif;\"><span style=\"font-size: 12pt;\"><br \/>\n<\/span><span style=\"font-size: 14pt;\"><strong>18. Mai |<\/strong> <strong>Ist Putin ein neuer Zar?<\/strong><\/span><\/span><\/span><br \/>\n<span style=\"color: #000000; font-family: verdana, geneva, sans-serif; font-size: 12pt;\"><img loading=\"lazy\" class=\"wp-image-30197 aligncenter\" src=\"http:\/\/www.deanreed.de\/AmericanRebel\/2017\/wp-content\/uploads\/2022\/05\/ffgh-300x81.jpg\" alt=\"\" width=\"667\" height=\"180\" srcset=\"https:\/\/www.deanreed.de\/AmericanRebel\/2017\/wp-content\/uploads\/2022\/05\/ffgh-300x81.jpg 300w, https:\/\/www.deanreed.de\/AmericanRebel\/2017\/wp-content\/uploads\/2022\/05\/ffgh.jpg 666w\" sizes=\"(max-width: 667px) 100vw, 667px\" \/>Verfolgt man die b\u00fcrgerlichen Medien, so kann man nur feststellen, dass diese nicht \u00fcber ihren Horizont und \u00fcber den Schatten ihrer Beschr\u00e4nktheit hinauskommen. Da diese den Klassenkampf und objektive \u00f6konomische Entwicklungs- gesetzm\u00e4\u00dfigkeit leugnen, m\u00fcssen halt M\u00e4nner her, die die Geschichte machen. Aus diesem vulg\u00e4ren Sumpf ist die Frage aufgestiegen, und ein Teil der b\u00fcrgerlichen Historiker verfolgt sie ernsthaft, ob nicht Putin sich selbst in die Reihe der Zaren einreiht oder einzureihen ist. <\/span><br \/>\n<span style=\"color: #000000;\"><span style=\"font-family: verdana, geneva, sans-serif;\"><span style=\"font-size: 12pt;\"><span style=\"color: #005a8c;\"><a style=\"color: #005a8c;\" href=\"https:\/\/rotermorgen.eu\/ist-putin-ein-neuer-zar\/\" target=\"_blank\" rel=\"noopener\"><span style=\"font-family: verdana, geneva, sans-serif;\"><em>\u00bbRoterMorgen\u00ab berichtete<\/em><\/span><\/a><\/span><br \/>\n<\/span><span style=\"font-size: 12pt; color: #ffffff;\">.<br \/>\n.<\/span><\/span><span style=\"font-family: verdana, geneva, sans-serif;\"><span style=\"font-size: 12pt;\"><br \/>\n<span style=\"font-size: 14pt;\"><strong>18. Mai | <\/strong><strong>Die EU zahlt der Ukraine<br \/>\nzwei Milliarden Euro f\u00fcr die Aufr\u00fcstung<\/strong><\/span><\/span><\/span><\/span><br \/>\n<span style=\"color: #000000;\"><span style=\"font-family: verdana, geneva, sans-serif;\"><span style=\"font-size: 12pt;\"><img loading=\"lazy\" class=\"wp-image-30196 aligncenter\" src=\"http:\/\/www.deanreed.de\/AmericanRebel\/2017\/wp-content\/uploads\/2022\/05\/err-640x381-1-300x81.png\" alt=\"\" width=\"667\" height=\"180\" srcset=\"https:\/\/www.deanreed.de\/AmericanRebel\/2017\/wp-content\/uploads\/2022\/05\/err-640x381-1-300x81.png 300w, https:\/\/www.deanreed.de\/AmericanRebel\/2017\/wp-content\/uploads\/2022\/05\/err-640x381-1.png 666w\" sizes=\"(max-width: 667px) 100vw, 667px\" \/>Zwei Milliarden Euro f\u00fcr die Aufr\u00fcstung und das angeblich milit\u00e4risch neutrale <span id=\"decorator-corrected-entity-id-8\" data-entity-key=\"8\" data-offset-key=\"1bb1m-1-0\">\u00d6sterreich<\/span> zahlt kr\u00e4ftig mit. Davon weis die \u00bbZeitung der Arbeit\u00ab in ihrer heutigen Ausgabe zu berichten<\/span><br \/>\n<span style=\"font-size: 12pt;\"><span style=\"color: #005a8c;\"><a style=\"color: #005a8c;\" href=\"https:\/\/rotermorgen.eu\/die-eu-zahlt-der-ukraine-2-milliarden-euro-fuer-die-aufruestung\/\"><span style=\"font-family: verdana, geneva, sans-serif;\"><em>\u00bbRoterMorgen\u00ab berichtete<\/em><\/span><\/a><\/span><br \/>\n<span style=\"color: #ffffff;\">.<\/span><br \/>\n<span style=\"color: #ffffff;\">.<\/span><\/span><\/span><span style=\"font-family: verdana, geneva, sans-serif;\"><span style=\"font-size: 12pt;\"><br \/>\n<\/span><span style=\"font-size: 14pt;\"><strong>19. Mai |<\/strong> <\/span><\/span><strong><span style=\"font-size: 14pt; font-family: verdana, geneva, sans-serif;\">Die Ermordung von Shireen Abu Akleh:<br \/>\nEine Beleidigung der Medienfreiheit<\/span><\/strong><\/span><br \/>\n<span style=\"color: #000000;\"><span style=\"font-family: verdana, geneva, sans-serif;\"><span style=\"font-size: 12pt;\"><span style=\"font-family: verdana, geneva, sans-serif;\"><img loading=\"lazy\" class=\"wp-image-30205 aligncenter\" src=\"http:\/\/www.deanreed.de\/AmericanRebel\/2017\/wp-content\/uploads\/2022\/05\/rtt-300x81.jpg\" alt=\"\" width=\"667\" height=\"180\" srcset=\"https:\/\/www.deanreed.de\/AmericanRebel\/2017\/wp-content\/uploads\/2022\/05\/rtt-300x81.jpg 300w, https:\/\/www.deanreed.de\/AmericanRebel\/2017\/wp-content\/uploads\/2022\/05\/rtt.jpg 666w\" sizes=\"(max-width: 667px) 100vw, 667px\" \/>Shireen Abu Akleh, Korrespondentin des Al-Jazeera-Kanals wurde am Mittwoch, den 11. Mai, direkt in den Kopf geschossen, als sie \u00fcber den Einsatz der israelischen Armee in Jenin im Westjordanland berichtete.<\/span><br \/>\n<span style=\"color: #005a8c;\"><a style=\"color: #005a8c;\" href=\"https:\/\/www.klassegegenklasse.org\/die-ermordung-von-shireen-abu-akleh-eine-beleidigung-der-medienfreiheit\/\" target=\"_blank\" rel=\"noopener\"><span style=\"font-family: verdana, geneva, sans-serif;\"><em>\u00bbKlasse gegen Klasse\u00ab berichtete<\/em><\/span><\/a><\/span><br \/>\n<span style=\"color: #ffffff;\">.<\/span><br \/>\n<span style=\"color: #ffffff;\">.<\/span><\/span><\/span><span style=\"font-family: verdana, geneva, sans-serif;\"><span style=\"font-size: 12pt;\"><br \/>\n<\/span><span style=\"font-size: 14pt;\"><strong>19. Mai | <\/strong><\/span><\/span><strong><span style=\"font-family: verdana, geneva, sans-serif; font-size: 14pt;\">Organisation f\u00fcr das Verbot<br \/>\nchemischer Waffen: Kein Interesse an<br \/>\nBerichen \u00fcber t\u00fcrkische Chemiewaffen!<\/span><\/strong><\/span><br \/>\n<span style=\"color: #000000;\"><span style=\"font-family: verdana, geneva, sans-serif;\"><span style=\"font-size: 12pt;\"><img loading=\"lazy\" class=\"wp-image-30195 aligncenter\" src=\"http:\/\/www.deanreed.de\/AmericanRebel\/2017\/wp-content\/uploads\/2022\/05\/ertzz-300x81.jpg\" alt=\"\" width=\"667\" height=\"180\" srcset=\"https:\/\/www.deanreed.de\/AmericanRebel\/2017\/wp-content\/uploads\/2022\/05\/ertzz-300x81.jpg 300w, https:\/\/www.deanreed.de\/AmericanRebel\/2017\/wp-content\/uploads\/2022\/05\/ertzz.jpg 666w\" sizes=\"(max-width: 667px) 100vw, 667px\" \/>Der britische Journalist Steve Sweeney hat \u00fcber ein Jahr lang recherchiert und die Chemiewaffeneins\u00e4tze t\u00fcrkischer Truppen vor Ort ausf\u00fchrlich dokumentiert. Doch die OPCW hat kein Interesse an Berichten \u00fcber die t\u00fcrkischen Kriegsverbrechen in Kurdistan.<\/span><br \/>\n<span style=\"font-size: 12pt;\"><span style=\"color: #005a8c;\"><a style=\"color: #005a8c;\" href=\"https:\/\/rotermorgen.eu\/organisation-fuer-das-verbot-chemischer-waffen-kein-interesse-an-berichen-ueber-tuerkische-chemiewaffen\/\" target=\"_blank\" rel=\"noopener\"><span style=\"font-family: verdana, geneva, sans-serif;\"><em>\u00bbRoterMorgen\u00ab berichtete<\/em><\/span><\/a><\/span><br \/>\n<span style=\"color: #ffffff;\">.<\/span><br \/>\n<span style=\"color: #ffffff;\">.<\/span><br \/>\n<\/span><\/span><span style=\"font-family: verdana, geneva, sans-serif;\"><span style=\"font-size: 14pt;\"><strong>20. Mai | <\/strong><\/span><\/span><span style=\"font-size: 14pt; font-family: verdana, geneva, sans-serif;\"><strong>Solidarit\u00e4t mit \u00d6zg\u00fcl, Serkan und \u0130hsan<\/strong><\/span><\/span><br \/>\n<span style=\"color: #000000;\"><img loading=\"lazy\" class=\"wp-image-30199 aligncenter\" src=\"http:\/\/www.deanreed.de\/AmericanRebel\/2017\/wp-content\/uploads\/2022\/05\/25-300x81.png\" alt=\"\" width=\"667\" height=\"180\" srcset=\"https:\/\/www.deanreed.de\/AmericanRebel\/2017\/wp-content\/uploads\/2022\/05\/25-300x81.png 300w, https:\/\/www.deanreed.de\/AmericanRebel\/2017\/wp-content\/uploads\/2022\/05\/25.png 666w\" sizes=\"(max-width: 667px) 100vw, 667px\" \/><span style=\"font-family: verdana, geneva, sans-serif;\"><span style=\"font-size: 12pt;\">Im Auftrag der Bundesanwaltschaft wurde am Montag, den 16. Mai die Journalistin \u00d6zg\u00fcl Emre in Mannheim verhaftet. Am Dienstagmorgen wurde die Wohnung des Antifaschisten Serkan K\u00fcpeli in Hamburg gest\u00fcrmt und auch er wurde verhaftet. Am n\u00e4chsten Tag wurde der Musiker \u0130hsan Cibelik (Grup Yorum) in Bochum auf dem Heimweg nach einem Arztbesuch festgenommen.<\/span><strong><br \/>\n<\/strong><span style=\"font-size: 12pt;\"><span style=\"color: #005a8c;\"><a style=\"color: #005a8c;\" href=\"https:\/\/hannover.rote-hilfe.de\/solidaritaet-mit-oezguel-serkan-und-ihsan\/\" target=\"_blank\" rel=\"noopener\"><em>\u00bbRote Hilfe e.V. Hannover\u00ab berichtete<\/em><\/a><\/span><br \/>\n<span style=\"color: #ffffff;\">.<\/span><br \/>\n<span style=\"color: #ffffff;\">.<\/span><br \/>\n<span style=\"font-size: 14pt;\"><strong>20. Mai |<\/strong> <\/span><\/span><\/span><span style=\"font-size: 14pt;\"><strong><span style=\"font-family: verdana, geneva, sans-serif;\">Rohrkonzern Vallourec will zwei deutsche<br \/>\nWerke schlie\u00dfen &#8211; 2400 Arbeiter:innen verlieren ihre Jobs<\/span><\/strong><\/span><\/span><br \/>\n<span style=\"color: #000000;\"><span style=\"font-family: verdana, geneva, sans-serif; font-size: 12pt;\"><img loading=\"lazy\" class=\"wp-image-30203 aligncenter\" src=\"http:\/\/www.deanreed.de\/AmericanRebel\/2017\/wp-content\/uploads\/2022\/05\/hhhh-Kopie-300x81.png\" alt=\"\" width=\"663\" height=\"179\" srcset=\"https:\/\/www.deanreed.de\/AmericanRebel\/2017\/wp-content\/uploads\/2022\/05\/hhhh-Kopie-300x81.png 300w, https:\/\/www.deanreed.de\/AmericanRebel\/2017\/wp-content\/uploads\/2022\/05\/hhhh-Kopie.png 666w\" sizes=\"(max-width: 663px) 100vw, 663px\" \/>Seit Ende letztens Jahres versucht der franz\u00f6sische Rohrkonzern Vallourec seine beiden Werke in D\u00fcsseldorf und M\u00fchlheim an der Ruhr zu verkaufen. Damit ist er nun gescheitert, die beiden Werke sollen geschlossen werden, weitere 2400 Menschen werden damit arbeitslos.<br \/>\n<\/span><a style=\"color: #000000;\" href=\"https:\/\/perspektive-online.net\/2022\/05\/rohrkonzern-vallourec-will-zwei-deutsche-werke-schliessen-2400-arbeiterinnen-verlieren-ihre-jobs\/\" target=\"_blank\" rel=\"noopener\"><span style=\"font-family: verdana, geneva, sans-serif;\"><span style=\"font-size: 12pt;\"><em><span style=\"color: #005a8c;\"><span style=\"font-family: verdana, geneva, sans-serif; font-size: 12pt;\">\u00bbperspektive\u00ab berichte<\/span>te<\/span><\/em><\/span><\/span><\/a><\/span><br \/>\n<span style=\"color: #000000;\"><span style=\"font-family: verdana, geneva, sans-serif;\"><span style=\"font-size: 12pt; color: #ffffff;\">.<\/span><span style=\"font-size: 12pt;\"><span style=\"font-size: 14pt;\"><span style=\"font-size: 12pt;\"><span style=\"color: #ffffff;\"><strong><br \/>\n<\/strong>.<\/span><strong><br \/>\n<\/strong><\/span><\/span><\/span><span style=\"font-size: 14pt;\"><strong>20. Mai |<\/strong> <\/span><\/span><span style=\"font-size: 14pt;\"><strong><span style=\"font-family: verdana, geneva, sans-serif;\">EU finanziert libysche Foltergef\u00e4ngnisse<\/span><\/strong><\/span><\/span><br \/>\n<span style=\"font-family: verdana, geneva, sans-serif; font-size: 12pt; color: #000000;\"><img loading=\"lazy\" class=\"wp-image-30204 aligncenter\" src=\"http:\/\/www.deanreed.de\/AmericanRebel\/2017\/wp-content\/uploads\/2022\/05\/rrtzt-Kopie-300x81.png\" alt=\"\" width=\"667\" height=\"180\" srcset=\"https:\/\/www.deanreed.de\/AmericanRebel\/2017\/wp-content\/uploads\/2022\/05\/rrtzt-Kopie-300x81.png 300w, https:\/\/www.deanreed.de\/AmericanRebel\/2017\/wp-content\/uploads\/2022\/05\/rrtzt-Kopie.png 666w\" sizes=\"(max-width: 667px) 100vw, 667px\" \/>Die imperialistische Aggression von NATO-Staaten gegen Libyen im Jahr 2011 hinterlie\u00df ein B\u00fcrgerkriegsland, in dem j\u00e4hrlich Tausende gewaltsam zu Tode kommen. Das mediale Interesse f\u00fcr die Menschenrechtslage im Land ist quasi nicht vorhanden \u2013 w\u00fcrde das doch nicht in die Erz\u00e4hlung passen, dass Russland der einzige leidbringende Kriegstreiber sei, w\u00e4hrend sich \u201eder Westen\u201c f\u00fcr die selektive Unterst\u00fctzung von Fl\u00fcchtlingen aus der Ukraine abfeiert.<\/span><br \/>\n<span style=\"color: #000000;\"><span style=\"font-family: verdana, geneva, sans-serif;\"><span style=\"font-size: 12pt;\"><span style=\"color: #005a8c;\"><a style=\"color: #005a8c;\" href=\"https:\/\/zeitungderarbeit.at\/international\/eu-finanziert-libysche-foltergefaengnisse\/\" target=\"_blank\" rel=\"noopener\"><span style=\"font-family: verdana, geneva, sans-serif;\"><em>\u00bbZeitung der Arbeit\u00ab berichtete<\/em><\/span><\/a><\/span><br \/>\n<span style=\"color: #ffffff;\">.<\/span><br \/>\n<span style=\"color: #ffffff;\">.<\/span><br \/>\n<\/span><span style=\"font-size: 14pt;\"><strong>21. Mai |<\/strong> <\/span><\/span><span style=\"font-size: 14pt; font-family: verdana, geneva, sans-serif;\"><strong>Der Imperialismus der SPD<\/strong><\/span><span style=\"font-family: verdana, geneva, sans-serif;\"><span style=\"font-size: 12pt;\"><br \/>\n<img loading=\"lazy\" class=\"wp-image-29122 aligncenter\" src=\"http:\/\/www.deanreed.de\/AmericanRebel\/2017\/wp-content\/uploads\/2021\/12\/vkw-300x81.png\" alt=\"\" width=\"667\" height=\"180\" srcset=\"https:\/\/www.deanreed.de\/AmericanRebel\/2017\/wp-content\/uploads\/2021\/12\/vkw-300x81.png 300w, https:\/\/www.deanreed.de\/AmericanRebel\/2017\/wp-content\/uploads\/2021\/12\/vkw.png 666w\" sizes=\"(max-width: 667px) 100vw, 667px\" \/>Zwischen dem 21. und dem 27. Dezember 1864 erschien in der deutschen Zeitung \u201cDer Social-Demokrat\u201c eine Artikelserie, in der die Inauguraladresse der IAA (der Internationalen Arbeiterassoziation) wiedergegeben wurde. Diese Assoziation wurde am 28. September 1864 in \u00f6ffentlicher Versammlung in St. Martin\u2019s Hall (Long Acre) in London gegr\u00fcndet. Der Autor der Adresse war Karl Marx, er hatte diese Adresse zwischen dem 21. und 27. Oktober 1864 verfasst. 160 Jahre sp\u00e4ter ist diese Adresse f\u00fcr die Orientierung des internationalen Proletariats in der internationalen Politik immer noch von ausschlaggebender Bedeutung.<\/span><br \/>\n<span style=\"font-size: 12pt;\"><span style=\"color: #005a8c;\"><a style=\"color: #005a8c;\" href=\"https:\/\/rotermorgen.eu\/der-imperialismus-der-spd\/\" target=\"_blank\" rel=\"noopener\"><em>\u00bbRoterMorgen\u00ab berichtete<\/em><\/a><\/span><br \/>\n<span style=\"color: #ffffff;\">.<\/span><br \/>\n<span style=\"color: #ffffff;\">.<\/span><br \/>\n<span style=\"font-size: 14pt;\"><strong><span style=\"font-family: verdana, geneva, sans-serif;\">22. Mai | <\/span><\/strong><\/span><\/span><\/span><span style=\"font-size: 14pt;\"><strong><span style=\"font-family: verdana, geneva, sans-serif;\">Seenotretter:innen der Iuventa-Crew<br \/>\ndrohen 20 Jahre Haft<\/span><\/strong><\/span><\/span><br \/>\n<span style=\"color: #000000;\"><span style=\"font-size: 12pt; font-family: verdana, geneva, sans-serif;\"><img loading=\"lazy\" class=\"wp-image-30200 aligncenter\" src=\"http:\/\/www.deanreed.de\/AmericanRebel\/2017\/wp-content\/uploads\/2022\/05\/hzuu-300x81.jpg\" alt=\"\" width=\"667\" height=\"180\" srcset=\"https:\/\/www.deanreed.de\/AmericanRebel\/2017\/wp-content\/uploads\/2022\/05\/hzuu-300x81.jpg 300w, https:\/\/www.deanreed.de\/AmericanRebel\/2017\/wp-content\/uploads\/2022\/05\/hzuu.jpg 666w\" sizes=\"(max-width: 667px) 100vw, 667px\" \/>Gestern begann in Trapani die Vorverhandlungen im Streit italienischer Beh\u00f6rden gegen die Seenotrettungs-Crew der Iuventa. Gemeinsam haben sie 14.000 Menschen aus Seenot auf der Mittelmeerroute gerettet.<br \/>\n<\/span><span style=\"font-family: verdana, geneva, sans-serif;\"><span style=\"font-size: 12pt;\"><span style=\"color: #005a8c;\"><a style=\"color: #005a8c;\" href=\"https:\/\/perspektive-online.net\/2022\/05\/seenotretterinnen-der-iuventa-crew-drohen-20-jahre-haft\/\" target=\"_blank\" rel=\"noopener\"><span style=\"font-family: verdana, geneva, sans-serif;\"><em>\u00bbperspektive\u00ab berichtete<\/em><\/span><\/a><\/span><br \/>\n<span style=\"color: #ffffff;\">.<\/span><br \/>\n<span style=\"color: #ffffff;\">.<\/span><br \/>\n<\/span><span style=\"font-size: 14pt;\"><strong>22. Mai | Thomas Piketty \u2013 Kapital und Ideologie<\/strong><\/span><\/span><\/span><br \/>\n<span style=\"font-family: verdana, geneva, sans-serif; font-size: 12pt; color: #000000;\"><img loading=\"lazy\" class=\"wp-image-28691 aligncenter\" src=\"http:\/\/www.deanreed.de\/AmericanRebel\/2017\/wp-content\/uploads\/2021\/10\/2-Kopie-1-300x81.png\" alt=\"\" width=\"667\" height=\"180\" srcset=\"https:\/\/www.deanreed.de\/AmericanRebel\/2017\/wp-content\/uploads\/2021\/10\/2-Kopie-1-300x81.png 300w, https:\/\/www.deanreed.de\/AmericanRebel\/2017\/wp-content\/uploads\/2021\/10\/2-Kopie-1.png 666w\" sizes=\"(max-width: 667px) 100vw, 667px\" \/>Der \u201eStar-\u00d6konom\u201c Thomas Piketty trifft mit Vertreter*innen <a style=\"color: #000000;\" href=\"https:\/\/m.facebook.com\/story.php?story_fbid=10157327281988434&amp;id=123921283433\">der Linkspartei online zusammen<\/a>, um \u00fcber seine Sicht auf Europa und die Wirtschaftskrise zu diskutieren. Gastautor Florian Geisler bespricht das neue Buch \u201eKapital und Ideologie\u201c. (&#8230;) Letztendlich unterscheidet sich Pikettys Auffassung von Kapital und Ideologie allerdings erheblich von <a style=\"color: #000000;\" href=\"https:\/\/www.klassegegenklasse.org\/marxismus-methode-theorie-und-praxis\/\">revolution\u00e4r-marxistischen Theorien<\/a>. Seine Weigerung, sich der reinen \u201eFormanalyse\u201c hinzugeben, also dem reinen Marx-Lesefetischismus der gro\u00dfen Worte ohne politische Perspektive zu betreiben, wie es besonders in Deutschland heute wieder in Mode ist, droht ins Gegenteil zu kippen: Piketty ersetzt gro\u00dfe Worte oft einfach durch gro\u00dfe Zahlen.<br \/>\n<span style=\"color: #005a8c;\"><a style=\"color: #005a8c; text-decoration: underline;\" href=\"https:\/\/www.klassegegenklasse.org\/buchbesprechung-thomas-piketty-kapital-und-ideologie\/\" target=\"_blank\" rel=\"noopener\"><em>Zur Buchbesprechung &gt;&gt;&gt;<\/em><\/a><\/span><br \/>\n<\/span><\/p>\n<p style=\"text-align: center;\"><span style=\"color: #000000;\">.<br \/>\n<span style=\"font-size: 18pt;\"><strong><span style=\"font-family: verdana, geneva, sans-serif;\">Veranstaltungshinweise<\/span><\/strong><\/span><\/span><\/p>\n<p>\u00a0<img loading=\"lazy\" class=\"wp-image-30210 aligncenter\" src=\"http:\/\/www.deanreed.de\/AmericanRebel\/2017\/wp-content\/uploads\/2022\/05\/rtz7-1-212x300.jpg\" alt=\"\" width=\"541\" height=\"765\" srcset=\"https:\/\/www.deanreed.de\/AmericanRebel\/2017\/wp-content\/uploads\/2022\/05\/rtz7-1-212x300.jpg 212w, https:\/\/www.deanreed.de\/AmericanRebel\/2017\/wp-content\/uploads\/2022\/05\/rtz7-1.jpg 678w\" sizes=\"(max-width: 541px) 100vw, 541px\" \/><\/p>\n<blockquote class=\"wp-embedded-content\" data-secret=\"hvAdIWqTkO\"><p><a href=\"https:\/\/rotermorgen.eu\/boykottiert-die-fussballweltmeisterschaft-in-katar\/\">Boykottiert die Fu\u00dfballweltmeisterschaft in Katar!<\/a><\/p><\/blockquote>\n<p><iframe class=\"wp-embedded-content\" sandbox=\"allow-scripts\" security=\"restricted\" style=\"position: absolute; clip: rect(1px, 1px, 1px, 1px);\" title=\"&#8222;Boykottiert die Fu\u00dfballweltmeisterschaft in Katar!&#8220; &#8212; \" src=\"https:\/\/rotermorgen.eu\/boykottiert-die-fussballweltmeisterschaft-in-katar\/embed\/#?secret=hvAdIWqTkO\" data-secret=\"hvAdIWqTkO\" width=\"500\" height=\"282\" frameborder=\"0\" marginwidth=\"0\" marginheight=\"0\" scrolling=\"no\"><\/iframe><\/p>\n<p style=\"text-align: center;\"><img loading=\"lazy\" class=\"alignnone wp-image-30062\" src=\"http:\/\/www.deanreed.de\/AmericanRebel\/2017\/wp-content\/uploads\/2022\/04\/Daueranzeige-300x156.png\" alt=\"\" width=\"542\" height=\"282\" srcset=\"https:\/\/www.deanreed.de\/AmericanRebel\/2017\/wp-content\/uploads\/2022\/04\/Daueranzeige-300x156.png 300w, https:\/\/www.deanreed.de\/AmericanRebel\/2017\/wp-content\/uploads\/2022\/04\/Daueranzeige.png 750w\" sizes=\"(max-width: 542px) 100vw, 542px\" \/><\/p>\n<p><img loading=\"lazy\" class=\" wp-image-30092 aligncenter\" src=\"http:\/\/www.deanreed.de\/AmericanRebel\/2017\/wp-content\/uploads\/2022\/04\/23-300x156.png\" alt=\"\" width=\"542\" height=\"282\" \/><\/p>\n<div class=\"\" data-block=\"true\" data-editor=\"7504f\" data-offset-key=\"bsm8h-0-0\">\n<div class=\"public-DraftStyleDefault-block public-DraftStyleDefault-ltr\" style=\"text-align: justify;\" data-offset-key=\"bsm8h-0-0\">\n<div class=\"\" data-block=\"true\" data-editor=\"7504f\" data-offset-key=\"bsm8h-0-0\">\n<div class=\"public-DraftStyleDefault-block public-DraftStyleDefault-ltr\" style=\"text-align: justify;\" data-offset-key=\"bsm8h-0-0\">\n<p><span style=\"color: #ffffff;\">.<\/span><span style=\"color: #ffffff;\">.<\/span><\/p>\n<p style=\"text-align: center;\"><span style=\"font-family: verdana, geneva, sans-serif; font-size: 12pt;\"><span style=\"color: #ffffff;\"><span style=\"color: #000000;\"><span style=\"font-family: verdana, geneva, sans-serif; font-size: 12pt;\">Die Redaktionen<\/span><span style=\"font-family: verdana, geneva, sans-serif;\"><strong><br \/>\n<\/strong>danken den Volkskorrespondenten\/-innen Hosteni, Zeki, Nico,<\/span><\/span><br \/>\n<span style=\"font-family: verdana, geneva, sans-serif; font-size: 10pt; color: #000000;\">KikiRebel, Rui-Filipe, Sascha, Heinz, Heinrich, Trixi, Fiete, Reinhold u. A.<\/span><br \/>\n<span style=\"font-family: verdana, geneva, sans-serif; font-size: 10pt; color: #000000;\">f\u00fcr die Unterst\u00fctzung bei der Erstellung.<strong><br \/>\n<\/strong>Dieser R\u00fcckblick erhebt nicht den Anspruch auf Vollst\u00e4ndigkeit.<\/span><br \/>\n<span style=\"font-family: verdana, geneva, sans-serif; font-size: 10pt; color: #000000;\"><strong>Verlinkte- und mit Namen gekennzeichnete Texte m\u00fcssen<\/strong><\/span><br \/>\n<span style=\"font-family: verdana, geneva, sans-serif; font-size: 10pt;\"><span style=\"color: #000000;\"><strong>nicht in allen Punkten den Meinungen unserer Redaktionen entsprechen.<br \/>\n<span style=\"color: #ffffff;\">.<\/span><br \/>\n\u00bbWochenr\u00fcckblick\u00ab ist ein Projekt von<\/strong><\/span><strong><a href=\"https:\/\/rotermorgen.eu\/8197-2\/\" target=\"_blank\" rel=\"noopener\"><img loading=\"lazy\" class=\"wp-image-8196 aligncenter\" src=\"https:\/\/rotermorgen.eu\/wp-content\/uploads\/2021\/01\/2-Kopie-2-1.png\" alt=\"\" width=\"292\" height=\"142\" \/><\/a><span style=\"color: #000000;\">Schickt uns Eure Kurzberichte<\/span><br \/>\n<span style=\"color: #000000;\">und Veranstaltungshinweise!<\/span><br \/>\n<span style=\"color: #000000;\">an eMail: <a style=\"color: #000000;\" href=\"mailto:Wochenrueckblick@gmx.net\" target=\"_blank\" rel=\"noopener noreferrer\">Wochenrueckblick@gmx.net<\/a><\/span><br \/>\n<span style=\"color: #000000;\">Redaktionsschluss: Jeden Sonntag 20:00 Uhr<\/span><\/strong><\/span><\/span><\/span><\/p>\n<p><\/div><!-- .hide-this-part --><\/div><!-- hide-this-part-wrap --><\/p>\n<p><span style=\"color: #ffffff;\">.<\/span><\/p>\n<\/div>\n<\/div>\n<\/div>\n<\/div>\n","protected":false},"excerpt":{"rendered":"<p>Zur\u00fcckblickend auf die letzten Tage sind uns einige kommentierbare Vorkommnisse ins Auge gefallen, die wir hier zur Diskussion stellen. . 16. Mai | BAF\u00f6G-Reform: Nicht mal die Inflation wird ausgeglichen Das BAF\u00f6G soll die Chancengerechtigkeit im Studium verbessern und die [&hellip;]<a class=\"more-link\" href=\"https:\/\/www.deanreed.de\/AmericanRebel\/2017\/2022\/05\/24\/wochenrueckblick-20-kalenderwoche-2022\/\">&darr; Lese den Rest von diesem Eintrag&#8230;<\/a><\/p>\n","protected":false},"author":2,"featured_media":0,"comment_status":"open","ping_status":"open","sticky":false,"template":"","format":"standard","meta":[],"categories":[5094],"tags":[4728,4866,5357,4729,4731,5358,4601,5186,1329,4734,4011,4736],"yoast_head":"<!-- This site is optimized with the Yoast SEO plugin v17.5 - https:\/\/yoast.com\/wordpress\/plugins\/seo\/ -->\n<title>- Wochenr\u00fcckblick 20. Kalenderwoche 2022 &ndash; Onlinezeitung AmericanRebel<\/title>\n<meta name=\"robots\" content=\"index, follow, max-snippet:-1, max-image-preview:large, max-video-preview:-1\" \/>\n<link rel=\"canonical\" href=\"https:\/\/www.deanreed.de\/AmericanRebel\/2017\/2022\/05\/24\/wochenrueckblick-20-kalenderwoche-2022\/\" \/>\n<meta property=\"og:locale\" content=\"de_DE\" \/>\n<meta property=\"og:type\" content=\"article\" \/>\n<meta property=\"og:title\" content=\"- Wochenr\u00fcckblick 20. Kalenderwoche 2022 &ndash; Onlinezeitung AmericanRebel\" \/>\n<meta property=\"og:description\" content=\"Zur\u00fcckblickend auf die letzten Tage sind uns einige kommentierbare Vorkommnisse ins Auge gefallen, die wir hier zur Diskussion stellen.\" \/>\n<meta property=\"og:url\" content=\"https:\/\/www.deanreed.de\/AmericanRebel\/2017\/2022\/05\/24\/wochenrueckblick-20-kalenderwoche-2022\/\" \/>\n<meta property=\"og:site_name\" content=\"Onlinezeitung AmericanRebel\" \/>\n<meta property=\"article:published_time\" content=\"2022-05-24T12:20:11+00:00\" \/>\n<meta property=\"article:modified_time\" content=\"2022-05-25T10:50:36+00:00\" \/>\n<meta property=\"og:image\" content=\"https:\/\/www.deanreed.de\/AmericanRebel\/2017\/wp-content\/uploads\/2020\/12\/3-Kopie.png\" \/>\n\t<meta property=\"og:image:width\" content=\"640\" \/>\n\t<meta property=\"og:image:height\" content=\"460\" \/>\n<meta name=\"twitter:card\" content=\"summary_large_image\" \/>\n<meta name=\"twitter:label1\" content=\"Verfasst von\" \/>\n\t<meta name=\"twitter:data1\" content=\"Redaktion\" \/>\n\t<meta name=\"twitter:label2\" content=\"Gesch\u00e4tzte Lesezeit\" \/>\n\t<meta name=\"twitter:data2\" content=\"8\u00a0Minuten\" \/>\n<script type=\"application\/ld+json\" class=\"yoast-schema-graph\">{\"@context\":\"https:\/\/schema.org\",\"@graph\":[{\"@type\":\"WebSite\",\"@id\":\"https:\/\/www.deanreed.de\/AmericanRebel\/2017\/#website\",\"url\":\"https:\/\/www.deanreed.de\/AmericanRebel\/2017\/\",\"name\":\"Onlinezeitung AmericanRebel\",\"description\":\"Internationale Onlinezeitung f\\u00fcr Frieden, Humanismus, V\\u00f6lkerverst\\u00e4ndigung und Kultur\",\"potentialAction\":[{\"@type\":\"SearchAction\",\"target\":{\"@type\":\"EntryPoint\",\"urlTemplate\":\"https:\/\/www.deanreed.de\/AmericanRebel\/2017\/?s={search_term_string}\"},\"query-input\":\"required name=search_term_string\"}],\"inLanguage\":\"de\"},{\"@type\":\"ImageObject\",\"@id\":\"https:\/\/www.deanreed.de\/AmericanRebel\/2017\/2022\/05\/24\/wochenrueckblick-20-kalenderwoche-2022\/#primaryimage\",\"inLanguage\":\"de\",\"url\":\"https:\/\/www.deanreed.de\/AmericanRebel\/2017\/wp-content\/uploads\/2020\/12\/3-Kopie.png\",\"contentUrl\":\"https:\/\/www.deanreed.de\/AmericanRebel\/2017\/wp-content\/uploads\/2020\/12\/3-Kopie.png\",\"width\":640,\"height\":460},{\"@type\":\"WebPage\",\"@id\":\"https:\/\/www.deanreed.de\/AmericanRebel\/2017\/2022\/05\/24\/wochenrueckblick-20-kalenderwoche-2022\/#webpage\",\"url\":\"https:\/\/www.deanreed.de\/AmericanRebel\/2017\/2022\/05\/24\/wochenrueckblick-20-kalenderwoche-2022\/\",\"name\":\"- Wochenr\\u00fcckblick 20. Kalenderwoche 2022 &ndash; Onlinezeitung AmericanRebel\",\"isPartOf\":{\"@id\":\"https:\/\/www.deanreed.de\/AmericanRebel\/2017\/#website\"},\"primaryImageOfPage\":{\"@id\":\"https:\/\/www.deanreed.de\/AmericanRebel\/2017\/2022\/05\/24\/wochenrueckblick-20-kalenderwoche-2022\/#primaryimage\"},\"datePublished\":\"2022-05-24T12:20:11+00:00\",\"dateModified\":\"2022-05-25T10:50:36+00:00\",\"author\":{\"@id\":\"https:\/\/www.deanreed.de\/AmericanRebel\/2017\/#\/schema\/person\/9edfca7917cd10b75edaae51c6e7935a\"},\"breadcrumb\":{\"@id\":\"https:\/\/www.deanreed.de\/AmericanRebel\/2017\/2022\/05\/24\/wochenrueckblick-20-kalenderwoche-2022\/#breadcrumb\"},\"inLanguage\":\"de\",\"potentialAction\":[{\"@type\":\"ReadAction\",\"target\":[\"https:\/\/www.deanreed.de\/AmericanRebel\/2017\/2022\/05\/24\/wochenrueckblick-20-kalenderwoche-2022\/\"]}]},{\"@type\":\"BreadcrumbList\",\"@id\":\"https:\/\/www.deanreed.de\/AmericanRebel\/2017\/2022\/05\/24\/wochenrueckblick-20-kalenderwoche-2022\/#breadcrumb\",\"itemListElement\":[{\"@type\":\"ListItem\",\"position\":1,\"name\":\"Startseite\",\"item\":\"https:\/\/www.deanreed.de\/AmericanRebel\/2017\/\"},{\"@type\":\"ListItem\",\"position\":2,\"name\":\"&#8211; Wochenr\\u00fcckblick 20. Kalenderwoche 2022\"}]},{\"@type\":\"Person\",\"@id\":\"https:\/\/www.deanreed.de\/AmericanRebel\/2017\/#\/schema\/person\/9edfca7917cd10b75edaae51c6e7935a\",\"name\":\"Redaktion\",\"url\":\"https:\/\/www.deanreed.de\/AmericanRebel\/2017\/author\/redaktion\/\"}]}<\/script>\n<!-- \/ Yoast SEO plugin. -->","yoast_head_json":{"title":"- Wochenr\u00fcckblick 20. Kalenderwoche 2022 &ndash; Onlinezeitung AmericanRebel","robots":{"index":"index","follow":"follow","max-snippet":"max-snippet:-1","max-image-preview":"max-image-preview:large","max-video-preview":"max-video-preview:-1"},"canonical":"https:\/\/www.deanreed.de\/AmericanRebel\/2017\/2022\/05\/24\/wochenrueckblick-20-kalenderwoche-2022\/","og_locale":"de_DE","og_type":"article","og_title":"- Wochenr\u00fcckblick 20. Kalenderwoche 2022 &ndash; Onlinezeitung AmericanRebel","og_description":"Zur\u00fcckblickend auf die letzten Tage sind uns einige kommentierbare Vorkommnisse ins Auge gefallen, die wir hier zur Diskussion stellen.","og_url":"https:\/\/www.deanreed.de\/AmericanRebel\/2017\/2022\/05\/24\/wochenrueckblick-20-kalenderwoche-2022\/","og_site_name":"Onlinezeitung AmericanRebel","article_published_time":"2022-05-24T12:20:11+00:00","article_modified_time":"2022-05-25T10:50:36+00:00","og_image":[{"width":640,"height":460,"url":"https:\/\/www.deanreed.de\/AmericanRebel\/2017\/wp-content\/uploads\/2020\/12\/3-Kopie.png","type":"image\/png"}],"twitter_card":"summary_large_image","twitter_misc":{"Verfasst von":"Redaktion","Gesch\u00e4tzte Lesezeit":"8\u00a0Minuten"},"schema":{"@context":"https:\/\/schema.org","@graph":[{"@type":"WebSite","@id":"https:\/\/www.deanreed.de\/AmericanRebel\/2017\/#website","url":"https:\/\/www.deanreed.de\/AmericanRebel\/2017\/","name":"Onlinezeitung AmericanRebel","description":"Internationale Onlinezeitung f\u00fcr Frieden, Humanismus, V\u00f6lkerverst\u00e4ndigung und Kultur","potentialAction":[{"@type":"SearchAction","target":{"@type":"EntryPoint","urlTemplate":"https:\/\/www.deanreed.de\/AmericanRebel\/2017\/?s={search_term_string}"},"query-input":"required name=search_term_string"}],"inLanguage":"de"},{"@type":"ImageObject","@id":"https:\/\/www.deanreed.de\/AmericanRebel\/2017\/2022\/05\/24\/wochenrueckblick-20-kalenderwoche-2022\/#primaryimage","inLanguage":"de","url":"https:\/\/www.deanreed.de\/AmericanRebel\/2017\/wp-content\/uploads\/2020\/12\/3-Kopie.png","contentUrl":"https:\/\/www.deanreed.de\/AmericanRebel\/2017\/wp-content\/uploads\/2020\/12\/3-Kopie.png","width":640,"height":460},{"@type":"WebPage","@id":"https:\/\/www.deanreed.de\/AmericanRebel\/2017\/2022\/05\/24\/wochenrueckblick-20-kalenderwoche-2022\/#webpage","url":"https:\/\/www.deanreed.de\/AmericanRebel\/2017\/2022\/05\/24\/wochenrueckblick-20-kalenderwoche-2022\/","name":"- Wochenr\u00fcckblick 20. Kalenderwoche 2022 &ndash; Onlinezeitung AmericanRebel","isPartOf":{"@id":"https:\/\/www.deanreed.de\/AmericanRebel\/2017\/#website"},"primaryImageOfPage":{"@id":"https:\/\/www.deanreed.de\/AmericanRebel\/2017\/2022\/05\/24\/wochenrueckblick-20-kalenderwoche-2022\/#primaryimage"},"datePublished":"2022-05-24T12:20:11+00:00","dateModified":"2022-05-25T10:50:36+00:00","author":{"@id":"https:\/\/www.deanreed.de\/AmericanRebel\/2017\/#\/schema\/person\/9edfca7917cd10b75edaae51c6e7935a"},"breadcrumb":{"@id":"https:\/\/www.deanreed.de\/AmericanRebel\/2017\/2022\/05\/24\/wochenrueckblick-20-kalenderwoche-2022\/#breadcrumb"},"inLanguage":"de","potentialAction":[{"@type":"ReadAction","target":["https:\/\/www.deanreed.de\/AmericanRebel\/2017\/2022\/05\/24\/wochenrueckblick-20-kalenderwoche-2022\/"]}]},{"@type":"BreadcrumbList","@id":"https:\/\/www.deanreed.de\/AmericanRebel\/2017\/2022\/05\/24\/wochenrueckblick-20-kalenderwoche-2022\/#breadcrumb","itemListElement":[{"@type":"ListItem","position":1,"name":"Startseite","item":"https:\/\/www.deanreed.de\/AmericanRebel\/2017\/"},{"@type":"ListItem","position":2,"name":"&#8211; Wochenr\u00fcckblick 20. Kalenderwoche 2022"}]},{"@type":"Person","@id":"https:\/\/www.deanreed.de\/AmericanRebel\/2017\/#\/schema\/person\/9edfca7917cd10b75edaae51c6e7935a","name":"Redaktion","url":"https:\/\/www.deanreed.de\/AmericanRebel\/2017\/author\/redaktion\/"}]}},"_links":{"self":[{"href":"https:\/\/www.deanreed.de\/AmericanRebel\/2017\/wp-json\/wp\/v2\/posts\/30206"}],"collection":[{"href":"https:\/\/www.deanreed.de\/AmericanRebel\/2017\/wp-json\/wp\/v2\/posts"}],"about":[{"href":"https:\/\/www.deanreed.de\/AmericanRebel\/2017\/wp-json\/wp\/v2\/types\/post"}],"author":[{"embeddable":true,"href":"https:\/\/www.deanreed.de\/AmericanRebel\/2017\/wp-json\/wp\/v2\/users\/2"}],"replies":[{"embeddable":true,"href":"https:\/\/www.deanreed.de\/AmericanRebel\/2017\/wp-json\/wp\/v2\/comments?post=30206"}],"version-history":[{"count":7,"href":"https:\/\/www.deanreed.de\/AmericanRebel\/2017\/wp-json\/wp\/v2\/posts\/30206\/revisions"}],"predecessor-version":[{"id":30224,"href":"https:\/\/www.deanreed.de\/AmericanRebel\/2017\/wp-json\/wp\/v2\/posts\/30206\/revisions\/30224"}],"wp:attachment":[{"href":"https:\/\/www.deanreed.de\/AmericanRebel\/2017\/wp-json\/wp\/v2\/media?parent=30206"}],"wp:term":[{"taxonomy":"category","embeddable":true,"href":"https:\/\/www.deanreed.de\/AmericanRebel\/2017\/wp-json\/wp\/v2\/categories?post=30206"},{"taxonomy":"post_tag","embeddable":true,"href":"https:\/\/www.deanreed.de\/AmericanRebel\/2017\/wp-json\/wp\/v2\/tags?post=30206"}],"curies":[{"name":"wp","href":"https:\/\/api.w.org\/{rel}","templated":true}]}}