{"id":30141,"date":"2022-05-08T15:38:29","date_gmt":"2022-05-08T13:38:29","guid":{"rendered":"http:\/\/www.deanreed.de\/AmericanRebel\/2017\/?p=30141"},"modified":"2022-05-11T15:39:37","modified_gmt":"2022-05-11T13:39:37","slug":"baerbock-kriegstreiber-volksverraeter","status":"publish","type":"post","link":"https:\/\/www.deanreed.de\/AmericanRebel\/2017\/2022\/05\/08\/baerbock-kriegstreiber-volksverraeter\/","title":{"rendered":"&#8211; Baerbock &#8211; Kriegstreiber! &#8211; Volksverr\u00e4ter!"},"content":{"rendered":"<blockquote><p><em><span style=\"font-family: verdana, geneva, sans-serif; font-size: 12pt;\">Volkskorrespondent Franz P\u00f6schel \u2013 8. Mai 2022<img loading=\"lazy\" class=\" wp-image-26040 alignright\" src=\"http:\/\/www.deanreed.de\/AmericanRebel\/2017\/wp-content\/uploads\/2020\/10\/vk-300x300.png\" alt=\"\" width=\"96\" height=\"96\" srcset=\"https:\/\/www.deanreed.de\/AmericanRebel\/2017\/wp-content\/uploads\/2020\/10\/vk.png 300w, https:\/\/www.deanreed.de\/AmericanRebel\/2017\/wp-content\/uploads\/2020\/10\/vk-150x150.png 150w\" sizes=\"(max-width: 96px) 100vw, 96px\" \/><\/span><\/em><\/p><\/blockquote>\n<p><span style=\"color: #993300; font-size: 16pt;\"><strong><span style=\"font-family: verdana, geneva, sans-serif;\">Baerbock &#8211; Kriegstreiber! &#8211; Volksverr\u00e4ter!<\/span><\/strong><\/span><\/p>\n<div class=\"default-style\" style=\"text-align: justify;\">\n<div id=\"attachment_23150\" style=\"width: 110px\" class=\"wp-caption alignleft\"><img aria-describedby=\"caption-attachment-23150\" loading=\"lazy\" class=\"size-full wp-image-23150\" src=\"http:\/\/www.deanreed.de\/AmericanRebel\/2017\/wp-content\/uploads\/2019\/11\/Franz-Po\u0308schl.png\" alt=\"\" width=\"100\" height=\"150\" \/><p id=\"caption-attachment-23150\" class=\"wp-caption-text\">Franz Po\u0308schl<\/p><\/div>\n<p><span style=\"font-family: verdana, geneva, sans-serif; font-size: 12pt; color: #000000;\"><strong><span style=\"background-color: #ff0000; color: #ffffff;\"><em><span style=\"color: #ff0000;\"> .<\/span>KURZINFO<span style=\"color: #ff0000;\">.<\/span><\/em><\/span> Gestern versuchten die Gr\u00fcnen auf dem K\u00f6lner Heumarkt eine Wahlkampfkund- gebung mit Annalena Baerbock abzuhalten.<\/strong><\/span><\/p>\n<p><span style=\"font-family: verdana, geneva, sans-serif; font-size: 12pt; color: #000000;\">Die Gegner der Regierungspolitik f\u00fcllten 3\/4 des Heumarktes und selbst im abgesperrten &#8222;Gr\u00fcnen-Areal&#8220; waren noch einige Gegner sehen. Damit die Veranstaltung \u00fcberhaupt stattfinden konnte, dr\u00e4ngten zwei Reihen behelmte Polizisten die Gegendemonstranten einige Meter zur\u00fcck und sch\u00fctzten so den Bereich vor der B\u00fchne. Die Gegendemonstranten repr\u00e4sentierten das ganze au\u00dferparlamentarische Spektrum \u00fcber alle ideologischen Grenzen weg.<\/span><\/p>\n<\/div>\n<div class=\"default-style\" style=\"text-align: justify;\">\n<p><span style=\"font-family: verdana, geneva, sans-serif; font-size: 12pt; color: #000000;\">Man h\u00f6rte Trillerpfeifen und Trommeln. Parolen durch Megafone, zahlreiche selbst gemachte Tafeln sowie Transparente zu Julian Assange, gegen Waffenlieferungen und gegen die NATO.<br \/>\n<\/span><\/p>\n<\/div>\n<div id=\"attachment_30143\" style=\"width: 678px\" class=\"wp-caption aligncenter\"><img aria-describedby=\"caption-attachment-30143\" loading=\"lazy\" class=\" wp-image-30143\" src=\"http:\/\/www.deanreed.de\/AmericanRebel\/2017\/wp-content\/uploads\/2022\/05\/tzu-300x180.jpg\" alt=\"\" width=\"668\" height=\"401\" srcset=\"https:\/\/www.deanreed.de\/AmericanRebel\/2017\/wp-content\/uploads\/2022\/05\/tzu-300x180.jpg 300w, https:\/\/www.deanreed.de\/AmericanRebel\/2017\/wp-content\/uploads\/2022\/05\/tzu.jpg 600w\" sizes=\"(max-width: 668px) 100vw, 668px\" \/><p id=\"caption-attachment-30143\" class=\"wp-caption-text\">Bild: K\u00f6lner Stadt-Anzeiger, Quelle: YouTube<\/p><\/div>\n<div><\/div>\n<div><\/div>\n<div class=\"default-style\" style=\"text-align: justify;\"><span style=\"font-family: verdana, geneva, sans-serif; font-size: 12pt; color: #000000;\">Die Sprechch\u00f6re waren laut: \u00bbBaerbock muss weg\u00ab, \u201dB\u00e4rbock weg!&#8220;, &#8222;Nie, Nie wieder&#8220;, &#8222;Nie wieder Krieg!&#8220;, Kriegstreiber!, Volksverr\u00e4ter!, &#8222;Die Gr\u00fcnen sind Schei\u00dfe \u2013 ihr seid die Beweise!&#8220; und &#8222;Hoch die internationale Solidarit\u00e4t!&#8220; klingte es \u00fcber den Heumarkt.<br \/>\n<\/span><\/div>\n<div class=\"default-style\" style=\"text-align: justify;\">\n<p><span style=\"font-family: verdana, geneva, sans-serif; font-size: 12pt; color: #000000;\">Selbst die wenigen Gr\u00fcnen in ihrem &#8222;VIP-Bereich&#8220; bekamen wegen des lautstarken Protestes wenig von der Rede ihrer Repr\u00e4sentanten mit.<\/span><\/p>\n<\/div>\n<div class=\"default-style\" style=\"text-align: justify;\"><span style=\"font-family: verdana, geneva, sans-serif; font-size: 12pt; color: #000000;\">Die Gegendemonstranten waren so in Rage, dass die Sprechch\u00f6re sogar weitergingen, als die Gr\u00fcnen-Veranstaltung beendet schon war.<\/span><\/div>\n<div><span style=\"color: #ffffff;\">.<\/span><\/div>\n<div style=\"text-align: center;\"><span style=\"font-size: 14pt;\"><em><span style=\"font-family: verdana, geneva, sans-serif;\"><strong>25 Sekunden-Eindruck der Gegendemo<\/strong><\/span><\/em><\/span><\/div>\n<div><\/div>\n<div style=\"text-align: center;\"><span style=\"font-family: verdana, geneva, sans-serif;\">zum Video: <\/span><a href=\"https:\/\/www.youtube.com\/watch?v=WQuOABvSfCM\" target=\"_blank\" rel=\"noopener\"><span style=\"font-family: verdana, geneva, sans-serif;\">https:\/\/www.youtube.com\/watch?v=WQuOABvSfCM<\/span><\/a><\/div>\n<p><span style=\"font-size: 12pt; color: #ffffff;\">.<\/span><\/p>\n","protected":false},"excerpt":{"rendered":"<p>Volkskorrespondent Franz P\u00f6schel \u2013 8. Mai 2022 Baerbock &#8211; Kriegstreiber! &#8211; Volksverr\u00e4ter! .KURZINFO. Gestern versuchten die Gr\u00fcnen auf dem K\u00f6lner Heumarkt eine Wahlkampfkund- gebung mit Annalena Baerbock abzuhalten. Die Gegner der Regierungspolitik f\u00fcllten 3\/4 des Heumarktes und selbst im abgesperrten [&hellip;]<a class=\"more-link\" href=\"https:\/\/www.deanreed.de\/AmericanRebel\/2017\/2022\/05\/08\/baerbock-kriegstreiber-volksverraeter\/\">&darr; Lese den Rest von diesem Eintrag&#8230;<\/a><\/p>\n","protected":false},"author":2,"featured_media":0,"comment_status":"open","ping_status":"open","sticky":false,"template":"","format":"standard","meta":[],"categories":[3291],"tags":[748,2594,2149,2225,1329,5821],"yoast_head":"<!-- This site is optimized with the Yoast SEO plugin v17.5 - https:\/\/yoast.com\/wordpress\/plugins\/seo\/ -->\n<title>- Baerbock - Kriegstreiber! - Volksverr\u00e4ter! &ndash; Onlinezeitung AmericanRebel<\/title>\n<meta name=\"robots\" content=\"index, follow, max-snippet:-1, max-image-preview:large, max-video-preview:-1\" \/>\n<link rel=\"canonical\" href=\"https:\/\/www.deanreed.de\/AmericanRebel\/2017\/2022\/05\/08\/baerbock-kriegstreiber-volksverraeter\/\" \/>\n<meta property=\"og:locale\" content=\"de_DE\" \/>\n<meta property=\"og:type\" content=\"article\" \/>\n<meta property=\"og:title\" content=\"- Baerbock - Kriegstreiber! - Volksverr\u00e4ter! &ndash; Onlinezeitung AmericanRebel\" \/>\n<meta property=\"og:description\" content=\"Gestern versuchten die Gr\u00fcnen auf dem K\u00f6lner Heumarkt eine Wahlkampfkund- gebung mit Annalena Baerbock abzuhalten.\" \/>\n<meta property=\"og:url\" content=\"https:\/\/www.deanreed.de\/AmericanRebel\/2017\/2022\/05\/08\/baerbock-kriegstreiber-volksverraeter\/\" \/>\n<meta property=\"og:site_name\" content=\"Onlinezeitung AmericanRebel\" \/>\n<meta property=\"article:published_time\" content=\"2022-05-08T13:38:29+00:00\" \/>\n<meta property=\"article:modified_time\" content=\"2022-05-11T13:39:37+00:00\" \/>\n<meta property=\"og:image\" content=\"http:\/\/www.deanreed.de\/AmericanRebel\/2017\/wp-content\/uploads\/2022\/05\/1-Kopie-2-640x381-2.png\" \/>\n\t<meta property=\"og:image:width\" content=\"640\" \/>\n\t<meta property=\"og:image:height\" content=\"381\" \/>\n<meta name=\"twitter:card\" content=\"summary_large_image\" \/>\n<meta name=\"twitter:label1\" content=\"Verfasst von\" \/>\n\t<meta name=\"twitter:data1\" content=\"Redaktion\" \/>\n\t<meta name=\"twitter:label2\" content=\"Gesch\u00e4tzte Lesezeit\" \/>\n\t<meta name=\"twitter:data2\" content=\"1\u00a0Minute\" \/>\n<script type=\"application\/ld+json\" class=\"yoast-schema-graph\">{\"@context\":\"https:\/\/schema.org\",\"@graph\":[{\"@type\":\"WebSite\",\"@id\":\"https:\/\/www.deanreed.de\/AmericanRebel\/2017\/#website\",\"url\":\"https:\/\/www.deanreed.de\/AmericanRebel\/2017\/\",\"name\":\"Onlinezeitung AmericanRebel\",\"description\":\"Internationale Onlinezeitung f\\u00fcr Frieden, Humanismus, V\\u00f6lkerverst\\u00e4ndigung und Kultur\",\"potentialAction\":[{\"@type\":\"SearchAction\",\"target\":{\"@type\":\"EntryPoint\",\"urlTemplate\":\"https:\/\/www.deanreed.de\/AmericanRebel\/2017\/?s={search_term_string}\"},\"query-input\":\"required name=search_term_string\"}],\"inLanguage\":\"de\"},{\"@type\":\"ImageObject\",\"@id\":\"https:\/\/www.deanreed.de\/AmericanRebel\/2017\/2022\/05\/08\/baerbock-kriegstreiber-volksverraeter\/#primaryimage\",\"inLanguage\":\"de\",\"url\":\"https:\/\/www.deanreed.de\/AmericanRebel\/2017\/wp-content\/uploads\/2022\/05\/1-Kopie-2-640x381-2.png\",\"contentUrl\":\"https:\/\/www.deanreed.de\/AmericanRebel\/2017\/wp-content\/uploads\/2022\/05\/1-Kopie-2-640x381-2.png\",\"width\":640,\"height\":381},{\"@type\":\"WebPage\",\"@id\":\"https:\/\/www.deanreed.de\/AmericanRebel\/2017\/2022\/05\/08\/baerbock-kriegstreiber-volksverraeter\/#webpage\",\"url\":\"https:\/\/www.deanreed.de\/AmericanRebel\/2017\/2022\/05\/08\/baerbock-kriegstreiber-volksverraeter\/\",\"name\":\"- Baerbock - Kriegstreiber! - Volksverr\\u00e4ter! &ndash; Onlinezeitung AmericanRebel\",\"isPartOf\":{\"@id\":\"https:\/\/www.deanreed.de\/AmericanRebel\/2017\/#website\"},\"primaryImageOfPage\":{\"@id\":\"https:\/\/www.deanreed.de\/AmericanRebel\/2017\/2022\/05\/08\/baerbock-kriegstreiber-volksverraeter\/#primaryimage\"},\"datePublished\":\"2022-05-08T13:38:29+00:00\",\"dateModified\":\"2022-05-11T13:39:37+00:00\",\"author\":{\"@id\":\"https:\/\/www.deanreed.de\/AmericanRebel\/2017\/#\/schema\/person\/9edfca7917cd10b75edaae51c6e7935a\"},\"breadcrumb\":{\"@id\":\"https:\/\/www.deanreed.de\/AmericanRebel\/2017\/2022\/05\/08\/baerbock-kriegstreiber-volksverraeter\/#breadcrumb\"},\"inLanguage\":\"de\",\"potentialAction\":[{\"@type\":\"ReadAction\",\"target\":[\"https:\/\/www.deanreed.de\/AmericanRebel\/2017\/2022\/05\/08\/baerbock-kriegstreiber-volksverraeter\/\"]}]},{\"@type\":\"BreadcrumbList\",\"@id\":\"https:\/\/www.deanreed.de\/AmericanRebel\/2017\/2022\/05\/08\/baerbock-kriegstreiber-volksverraeter\/#breadcrumb\",\"itemListElement\":[{\"@type\":\"ListItem\",\"position\":1,\"name\":\"Startseite\",\"item\":\"https:\/\/www.deanreed.de\/AmericanRebel\/2017\/\"},{\"@type\":\"ListItem\",\"position\":2,\"name\":\"&#8211; Baerbock &#8211; Kriegstreiber! &#8211; Volksverr\\u00e4ter!\"}]},{\"@type\":\"Person\",\"@id\":\"https:\/\/www.deanreed.de\/AmericanRebel\/2017\/#\/schema\/person\/9edfca7917cd10b75edaae51c6e7935a\",\"name\":\"Redaktion\",\"url\":\"https:\/\/www.deanreed.de\/AmericanRebel\/2017\/author\/redaktion\/\"}]}<\/script>\n<!-- \/ Yoast SEO plugin. -->","yoast_head_json":{"title":"- Baerbock - Kriegstreiber! - Volksverr\u00e4ter! &ndash; Onlinezeitung AmericanRebel","robots":{"index":"index","follow":"follow","max-snippet":"max-snippet:-1","max-image-preview":"max-image-preview:large","max-video-preview":"max-video-preview:-1"},"canonical":"https:\/\/www.deanreed.de\/AmericanRebel\/2017\/2022\/05\/08\/baerbock-kriegstreiber-volksverraeter\/","og_locale":"de_DE","og_type":"article","og_title":"- Baerbock - Kriegstreiber! - Volksverr\u00e4ter! &ndash; Onlinezeitung AmericanRebel","og_description":"Gestern versuchten die Gr\u00fcnen auf dem K\u00f6lner Heumarkt eine Wahlkampfkund- gebung mit Annalena Baerbock abzuhalten.","og_url":"https:\/\/www.deanreed.de\/AmericanRebel\/2017\/2022\/05\/08\/baerbock-kriegstreiber-volksverraeter\/","og_site_name":"Onlinezeitung AmericanRebel","article_published_time":"2022-05-08T13:38:29+00:00","article_modified_time":"2022-05-11T13:39:37+00:00","og_image":[{"width":640,"height":381,"url":"http:\/\/www.deanreed.de\/AmericanRebel\/2017\/wp-content\/uploads\/2022\/05\/1-Kopie-2-640x381-2.png","type":"image\/png"}],"twitter_card":"summary_large_image","twitter_misc":{"Verfasst von":"Redaktion","Gesch\u00e4tzte Lesezeit":"1\u00a0Minute"},"schema":{"@context":"https:\/\/schema.org","@graph":[{"@type":"WebSite","@id":"https:\/\/www.deanreed.de\/AmericanRebel\/2017\/#website","url":"https:\/\/www.deanreed.de\/AmericanRebel\/2017\/","name":"Onlinezeitung AmericanRebel","description":"Internationale Onlinezeitung f\u00fcr Frieden, Humanismus, V\u00f6lkerverst\u00e4ndigung und Kultur","potentialAction":[{"@type":"SearchAction","target":{"@type":"EntryPoint","urlTemplate":"https:\/\/www.deanreed.de\/AmericanRebel\/2017\/?s={search_term_string}"},"query-input":"required name=search_term_string"}],"inLanguage":"de"},{"@type":"ImageObject","@id":"https:\/\/www.deanreed.de\/AmericanRebel\/2017\/2022\/05\/08\/baerbock-kriegstreiber-volksverraeter\/#primaryimage","inLanguage":"de","url":"https:\/\/www.deanreed.de\/AmericanRebel\/2017\/wp-content\/uploads\/2022\/05\/1-Kopie-2-640x381-2.png","contentUrl":"https:\/\/www.deanreed.de\/AmericanRebel\/2017\/wp-content\/uploads\/2022\/05\/1-Kopie-2-640x381-2.png","width":640,"height":381},{"@type":"WebPage","@id":"https:\/\/www.deanreed.de\/AmericanRebel\/2017\/2022\/05\/08\/baerbock-kriegstreiber-volksverraeter\/#webpage","url":"https:\/\/www.deanreed.de\/AmericanRebel\/2017\/2022\/05\/08\/baerbock-kriegstreiber-volksverraeter\/","name":"- Baerbock - Kriegstreiber! - Volksverr\u00e4ter! &ndash; Onlinezeitung AmericanRebel","isPartOf":{"@id":"https:\/\/www.deanreed.de\/AmericanRebel\/2017\/#website"},"primaryImageOfPage":{"@id":"https:\/\/www.deanreed.de\/AmericanRebel\/2017\/2022\/05\/08\/baerbock-kriegstreiber-volksverraeter\/#primaryimage"},"datePublished":"2022-05-08T13:38:29+00:00","dateModified":"2022-05-11T13:39:37+00:00","author":{"@id":"https:\/\/www.deanreed.de\/AmericanRebel\/2017\/#\/schema\/person\/9edfca7917cd10b75edaae51c6e7935a"},"breadcrumb":{"@id":"https:\/\/www.deanreed.de\/AmericanRebel\/2017\/2022\/05\/08\/baerbock-kriegstreiber-volksverraeter\/#breadcrumb"},"inLanguage":"de","potentialAction":[{"@type":"ReadAction","target":["https:\/\/www.deanreed.de\/AmericanRebel\/2017\/2022\/05\/08\/baerbock-kriegstreiber-volksverraeter\/"]}]},{"@type":"BreadcrumbList","@id":"https:\/\/www.deanreed.de\/AmericanRebel\/2017\/2022\/05\/08\/baerbock-kriegstreiber-volksverraeter\/#breadcrumb","itemListElement":[{"@type":"ListItem","position":1,"name":"Startseite","item":"https:\/\/www.deanreed.de\/AmericanRebel\/2017\/"},{"@type":"ListItem","position":2,"name":"&#8211; Baerbock &#8211; Kriegstreiber! &#8211; Volksverr\u00e4ter!"}]},{"@type":"Person","@id":"https:\/\/www.deanreed.de\/AmericanRebel\/2017\/#\/schema\/person\/9edfca7917cd10b75edaae51c6e7935a","name":"Redaktion","url":"https:\/\/www.deanreed.de\/AmericanRebel\/2017\/author\/redaktion\/"}]}},"_links":{"self":[{"href":"https:\/\/www.deanreed.de\/AmericanRebel\/2017\/wp-json\/wp\/v2\/posts\/30141"}],"collection":[{"href":"https:\/\/www.deanreed.de\/AmericanRebel\/2017\/wp-json\/wp\/v2\/posts"}],"about":[{"href":"https:\/\/www.deanreed.de\/AmericanRebel\/2017\/wp-json\/wp\/v2\/types\/post"}],"author":[{"embeddable":true,"href":"https:\/\/www.deanreed.de\/AmericanRebel\/2017\/wp-json\/wp\/v2\/users\/2"}],"replies":[{"embeddable":true,"href":"https:\/\/www.deanreed.de\/AmericanRebel\/2017\/wp-json\/wp\/v2\/comments?post=30141"}],"version-history":[{"count":1,"href":"https:\/\/www.deanreed.de\/AmericanRebel\/2017\/wp-json\/wp\/v2\/posts\/30141\/revisions"}],"predecessor-version":[{"id":30144,"href":"https:\/\/www.deanreed.de\/AmericanRebel\/2017\/wp-json\/wp\/v2\/posts\/30141\/revisions\/30144"}],"wp:attachment":[{"href":"https:\/\/www.deanreed.de\/AmericanRebel\/2017\/wp-json\/wp\/v2\/media?parent=30141"}],"wp:term":[{"taxonomy":"category","embeddable":true,"href":"https:\/\/www.deanreed.de\/AmericanRebel\/2017\/wp-json\/wp\/v2\/categories?post=30141"},{"taxonomy":"post_tag","embeddable":true,"href":"https:\/\/www.deanreed.de\/AmericanRebel\/2017\/wp-json\/wp\/v2\/tags?post=30141"}],"curies":[{"name":"wp","href":"https:\/\/api.w.org\/{rel}","templated":true}]}}