{"id":30103,"date":"2022-05-08T23:13:49","date_gmt":"2022-05-08T21:13:49","guid":{"rendered":"http:\/\/www.deanreed.de\/AmericanRebel\/2017\/?p=30103"},"modified":"2022-05-08T23:21:50","modified_gmt":"2022-05-08T21:21:50","slug":"portugal-gefangen-im-europaeischen-system-der-spekulanten-und-lobbyisten","status":"publish","type":"post","link":"https:\/\/www.deanreed.de\/AmericanRebel\/2017\/2022\/05\/08\/portugal-gefangen-im-europaeischen-system-der-spekulanten-und-lobbyisten\/","title":{"rendered":"&#8211; Portugal gefangen im europ\u00e4ischen System der Spekulanten und Lobbyisten"},"content":{"rendered":"<blockquote><p><em><span style=\"font-family: verdana, geneva, sans-serif;\">Volkskorrespondent Rui Filipe Gutschmidt \u2013 8. Mai 2022<img loading=\"lazy\" class=\" wp-image-26040 alignright\" src=\"http:\/\/www.deanreed.de\/AmericanRebel\/2017\/wp-content\/uploads\/2020\/10\/vk-300x300.png\" alt=\"\" width=\"87\" height=\"87\" srcset=\"https:\/\/www.deanreed.de\/AmericanRebel\/2017\/wp-content\/uploads\/2020\/10\/vk.png 300w, https:\/\/www.deanreed.de\/AmericanRebel\/2017\/wp-content\/uploads\/2020\/10\/vk-150x150.png 150w\" sizes=\"(max-width: 87px) 100vw, 87px\" \/><\/span><\/em><\/p><\/blockquote>\n<p><span style=\"font-family: verdana, geneva, sans-serif;\"><span style=\"font-size: 14pt; color: #993300;\"><strong>Portugal gefangen im europ\u00e4ischen System der Spekulanten und Lobbyisten<\/strong><\/span><\/span><\/p>\n<div id=\"attachment_27805\" style=\"width: 110px\" class=\"wp-caption alignleft\"><img aria-describedby=\"caption-attachment-27805\" loading=\"lazy\" class=\"size-full wp-image-27805\" src=\"http:\/\/www.deanreed.de\/AmericanRebel\/2017\/wp-content\/uploads\/2021\/06\/13.png\" alt=\"\" width=\"100\" height=\"150\" \/><p id=\"caption-attachment-27805\" class=\"wp-caption-text\">Rui Filipe Gutschmidt<\/p><\/div>\n<p lang=\"de-DE\" style=\"text-align: justify;\"><span style=\"font-family: Verdana, sans-serif;\"><b>In Portugal, wie auch in den \u00fcbrigen L\u00e4ndern der EU steigen die Sprit- und Gaspreise und im Zuge dessen auch die Preise f\u00fcr so ziemlich allem was transportiert werden muss. Daraufhin beschloss Portugals frisch gew\u00e4hlte Regierung eine Reihe von Ma\u00dfnahmen, um die Misere der Menschen mit niedrigem Einkommen nicht noch gr\u00f6\u00dfer werden zu lassen. Doch die Ma\u00dfnahmen sind ein kurzfristiges Gemauschel, die mit Steuergeldern die Symptome mildern, statt die Ursachen der Wucherpreise anzugehen. Und nein, der Krieg ist nicht die Ursache, sondern nur die Ausrede f\u00fcr die unversch\u00e4mte Spekulation der gro\u00dfen Energiekonzerne. Die Zusage f\u00fcr eine begrenzte staatliche Strompreisregulierung wurde jetzt von Br\u00fcssel an Portugal und Spanien erteilt, obwohl die dies als \u201eunrechtm\u00e4\u00dfigen Eingriff in den freien Wettbewerb\u201c angesehen wird.<\/b><\/span><\/p>\n<p lang=\"de-DE\" style=\"text-align: justify;\"><span style=\"font-family: Verdana, sans-serif;\">Ant\u00f3nio Costas Regierung beschlo\u00df \u201eMa\u00dfnahmen zur Eind\u00e4mmung der Preise f\u00fcr Energie und Agrarnahrungsmittel\u201c. Die absolute Mehrheit im Parlament verleiht der sozialdemokratischen PS die Macht, ein Ma\u00dfnahmenpaket zu verabschieden, ohne auf die Opposition eingehen zu m\u00fcssen. Aber die Regeln der neoliberalen Europ\u00e4ischen Union beschr\u00e4nken die Handlungsf\u00e4higkeit der Regierung, die ihrerseits darin auch immer eine Entschuldigung hat, ganz nach dem Motto, \u201ewir w\u00fcrden ja gerne, aber die EU l\u00e4sst uns nicht&#8230;\u201c.<br \/>\n<span style=\"color: #ffffff;\">.<\/span><br \/>\n<\/span><span style=\"font-family: Verdana, sans-serif;\"><b>Kraftstoffe, Strom, Gas<\/b><\/span><\/p>\n<p style=\"text-align: justify;\"><span style=\"font-family: Verdana, sans-serif;\"><span lang=\"de-DE\">Eine Reduzierung des Mehrwertsteuersatzes wurde von der Europ\u00e4ischen Kommission abgelehnt und durch eine Senkung des ISP (Steuer auf Erd\u00f6lprodukte) ersetzt, die einer Senkung der Mehrwertsteuer von 23 auf 13 <\/span><\/span><span lang=\"de-DE\">%<\/span><span style=\"font-family: Verdana, sans-serif;\"><span lang=\"de-DE\"> entspricht. Eine bereits bestehende Ma\u00dfnahme zum Ausgleich von Preiserh\u00f6hungen ist die Aussetzung der CO2-Steuererh\u00f6hung, die bis zum 31. Dezember verl\u00e4ngert wird. Premierminister Costa sagte, dass bei den heutigen Preisen diese Ma\u00dfnahmen zu einer Verringerung des Dieselpreisanstiegs um 52 % und des Benzinpreisanstiegs um 74 % seit Oktober 2021\u201c f\u00fchren.<\/span><\/span><\/p>\n<div id=\"attachment_30105\" style=\"width: 345px\" class=\"wp-caption alignright\"><img aria-describedby=\"caption-attachment-30105\" loading=\"lazy\" class=\" wp-image-30105\" src=\"http:\/\/www.deanreed.de\/AmericanRebel\/2017\/wp-content\/uploads\/2022\/05\/hhh-300x225.jpg\" alt=\"\" width=\"335\" height=\"251\" srcset=\"https:\/\/www.deanreed.de\/AmericanRebel\/2017\/wp-content\/uploads\/2022\/05\/hhh-300x225.jpg 300w, https:\/\/www.deanreed.de\/AmericanRebel\/2017\/wp-content\/uploads\/2022\/05\/hhh-1024x768.jpg 1024w, https:\/\/www.deanreed.de\/AmericanRebel\/2017\/wp-content\/uploads\/2022\/05\/hhh-768x576.jpg 768w, https:\/\/www.deanreed.de\/AmericanRebel\/2017\/wp-content\/uploads\/2022\/05\/hhh-1536x1152.jpg 1536w, https:\/\/www.deanreed.de\/AmericanRebel\/2017\/wp-content\/uploads\/2022\/05\/hhh-2048x1536.jpg 2048w\" sizes=\"(max-width: 335px) 100vw, 335px\" \/><p id=\"caption-attachment-30105\" class=\"wp-caption-text\"><span style=\"font-family: verdana, geneva, sans-serif;\">Ant\u00f3nio Costa weigert sich, die L\u00f6hne und Renten entsprechend anzupassen, da \u201edadurch die Inflation weiter angeheizt wird\u201c. Aber in Wahrheit wird die Inflation von den Spekulanten verursacht. Diese Spekulation wird von den Steuersenkungen und \u00e4hnlichen \u201eeinmaligen Ma\u00dfnahmen der portugiesischen Regierung noch beg\u00fcnstigt. So wie bei den Spritpreisen, wo die Senkung der Kraftstoffe von den \u00d6lkonzernen zur Erh\u00f6hung ihrer Gewinnmarge genutzt wird, so machen auch viele andere Gewinne auf Kosten der durch den Krieg und Sanktionen verursachten Krise.<\/span> <span style=\"font-size: 10pt; font-family: verdana, geneva, sans-serif; color: #808080;\">| Bild YouTube<\/span><\/p><\/div>\n<p style=\"text-align: justify;\"><span style=\"font-family: Verdana, sans-serif;\"><span lang=\"de-DE\">Doch Costa hat hat wohl vergessen die Profitgier der Konzernchefs mit einzurechnen. Der ehemals staatliche \u00d6lkonzern GALP hatte beispielsweise 155 Millionen Euro Gewinn in den ersten drei Monaten des Jahres. Aber auch im einzelnem haben die Konzerne die Steuersenkung nicht, oder nicht gleich, an den Verbraucher weitergegeben. Mag ja sein, dass der gestiegene \u00d6lpreis und die aktuelle St\u00e4rke des Dollars, einen Teil der Steuersenkung annulliert hat, aber im allgemeinen Durcheinander wird \u201eder freie Markt\u201c wieder einmal mehr als Ausrede genutzt um die Profite der \u00d6lkonzerne zu erh\u00f6hen. <\/span><\/span><\/p>\n<p lang=\"de-DE\" style=\"text-align: justify;\"><span style=\"font-family: Verdana, sans-serif;\">Inzwischen stiegen die Preise weiter und die Steuersenkungen werden immer wieder aufgehoben. Dabei leidet die gesamte Wirtschaft unter den hohen Transportkosten und den dementsprechend gestiegenen Preisen. Die Inflation stieg auf 4 bis 6 Prozent, wobei die Lebensmittelpreise und andere existentielle Produkte besonders stark angestiegen sind. Wer sowieso schon Probleme hatte, um mit seinem geringen Einkommen \u00fcber die Runden zu kommen, der hat jetzt keine Chance mehr. <\/span><\/p>\n<p style=\"text-align: justify;\"><span style=\"font-family: Verdana, sans-serif;\"><span lang=\"de-DE\">Gute Nachrichten gibt es beim Energiewandel. Die l\u00e4ngst \u00fcberf\u00e4llige Umstrukturierung zu 100 Prozent erneuerbare Energie soll endlich mit staatlichen Geldern durchgef\u00fchrt werden. Die Regierung werde die Mittel zur Unterst\u00fctzung zur Installation von Photovoltaikmodulen in den Jahren 2022 und 2023 f\u00fcr die Agrarindustrie und landwirtschaftliche Produktion. Unter anderem um 46 Millionen Euro aufstocken. Doch auch hier bleibt zu bef\u00fcrchten, dass die Stromkonzerne am Ende wieder die Profiteure sein werden. Der Staat steckt das Geld der Steuerzahler \u00fcberall hinein, und die gro\u00dfen Konzerne vertilgen den L\u00f6wenanteil davon, w\u00e4hrend die Armut in unserer neoliberalen Welt weiter zunimmt. Umdenken und die Kartelle entmachten!<br \/>\n<\/span><\/span><span style=\"color: #ffffff;\">.<br \/>\n<\/span><span style=\"font-family: verdana, geneva, sans-serif; font-size: 10pt;\">Erstver\u00f6ffentlichung am 8. Mai 2022 auf \u00bb<a href=\"https:\/\/info-welt.eu\/\" target=\"_blank\" rel=\"noopener\">InfoWelt<\/a>\u00ab Ver\u00f6ffentlichung mit freundlicher Genehmigung des Herausgebers.<\/span><br \/>\n<span style=\"font-family: verdana, geneva, sans-serif; font-size: 10pt; color: #ffffff;\">.<\/span><\/p>\n","protected":false},"excerpt":{"rendered":"<p>Volkskorrespondent Rui Filipe Gutschmidt \u2013 8. Mai 2022 Portugal gefangen im europ\u00e4ischen System der Spekulanten und Lobbyisten In Portugal, wie auch in den \u00fcbrigen L\u00e4ndern der EU steigen die Sprit- und Gaspreise und im Zuge dessen auch die Preise f\u00fcr [&hellip;]<a class=\"more-link\" href=\"https:\/\/www.deanreed.de\/AmericanRebel\/2017\/2022\/05\/08\/portugal-gefangen-im-europaeischen-system-der-spekulanten-und-lobbyisten\/\">&darr; Lese den Rest von diesem Eintrag&#8230;<\/a><\/p>\n","protected":false},"author":2,"featured_media":0,"comment_status":"open","ping_status":"open","sticky":false,"template":"","format":"standard","meta":[],"categories":[122],"tags":[748,2594,2149,2225,157,410],"yoast_head":"<!-- This site is optimized with the Yoast SEO plugin v17.5 - https:\/\/yoast.com\/wordpress\/plugins\/seo\/ -->\n<title>- Portugal gefangen im europ\u00e4ischen System der Spekulanten und Lobbyisten &ndash; Onlinezeitung AmericanRebel<\/title>\n<meta name=\"robots\" content=\"index, follow, max-snippet:-1, max-image-preview:large, max-video-preview:-1\" \/>\n<link rel=\"canonical\" href=\"http:\/\/www.deanreed.de\/AmericanRebel\/2017\/2022\/05\/08\/portugal-gefangen-im-europaeischen-system-der-spekulanten-und-lobbyisten\/\" \/>\n<meta property=\"og:locale\" content=\"de_DE\" \/>\n<meta property=\"og:type\" content=\"article\" \/>\n<meta property=\"og:title\" content=\"- Portugal gefangen im europ\u00e4ischen System der Spekulanten und Lobbyisten &ndash; Onlinezeitung AmericanRebel\" \/>\n<meta property=\"og:description\" content=\"In Portugal, wie auch in den \u00fcbrigen L\u00e4ndern der EU steigen die Sprit- und Gaspreise und im Zuge dessen auch die Preise f\u00fcr so ziemlich allem was transportiert werden muss. Daraufhin beschloss Portugals frisch gew\u00e4hlte Regierung eine Reihe von Ma\u00dfnahmen, um die Misere der Menschen mit niedrigem Einkommen nicht noch gr\u00f6\u00dfer werden zu lassen.\" \/>\n<meta property=\"og:url\" content=\"http:\/\/www.deanreed.de\/AmericanRebel\/2017\/2022\/05\/08\/portugal-gefangen-im-europaeischen-system-der-spekulanten-und-lobbyisten\/\" \/>\n<meta property=\"og:site_name\" content=\"Onlinezeitung AmericanRebel\" \/>\n<meta property=\"article:published_time\" content=\"2022-05-08T21:13:49+00:00\" \/>\n<meta property=\"article:modified_time\" content=\"2022-05-08T21:21:50+00:00\" \/>\n<meta property=\"og:image\" content=\"http:\/\/www.deanreed.de\/AmericanRebel\/2017\/wp-content\/uploads\/2022\/05\/ghhj_.png\" \/>\n\t<meta property=\"og:image:width\" content=\"640\" \/>\n\t<meta property=\"og:image:height\" content=\"460\" \/>\n<meta name=\"twitter:card\" content=\"summary_large_image\" \/>\n<meta name=\"twitter:image\" content=\"https:\/\/www.deanreed.de\/AmericanRebel\/2017\/wp-content\/uploads\/2022\/05\/ghhj_.png\" \/>\n<meta name=\"twitter:label1\" content=\"Verfasst von\" \/>\n\t<meta name=\"twitter:data1\" content=\"Redaktion\" \/>\n\t<meta name=\"twitter:label2\" content=\"Gesch\u00e4tzte Lesezeit\" \/>\n\t<meta name=\"twitter:data2\" content=\"4\u00a0Minuten\" \/>\n<script type=\"application\/ld+json\" class=\"yoast-schema-graph\">{\"@context\":\"https:\/\/schema.org\",\"@graph\":[{\"@type\":\"WebSite\",\"@id\":\"https:\/\/www.deanreed.de\/AmericanRebel\/2017\/#website\",\"url\":\"https:\/\/www.deanreed.de\/AmericanRebel\/2017\/\",\"name\":\"Onlinezeitung AmericanRebel\",\"description\":\"Internationale Onlinezeitung f\\u00fcr Frieden, Humanismus, V\\u00f6lkerverst\\u00e4ndigung und Kultur\",\"potentialAction\":[{\"@type\":\"SearchAction\",\"target\":{\"@type\":\"EntryPoint\",\"urlTemplate\":\"https:\/\/www.deanreed.de\/AmericanRebel\/2017\/?s={search_term_string}\"},\"query-input\":\"required name=search_term_string\"}],\"inLanguage\":\"de\"},{\"@type\":\"ImageObject\",\"@id\":\"http:\/\/www.deanreed.de\/AmericanRebel\/2017\/2022\/05\/08\/portugal-gefangen-im-europaeischen-system-der-spekulanten-und-lobbyisten\/#primaryimage\",\"inLanguage\":\"de\",\"url\":\"https:\/\/www.deanreed.de\/AmericanRebel\/2017\/wp-content\/uploads\/2022\/05\/ghhj_.png\",\"contentUrl\":\"https:\/\/www.deanreed.de\/AmericanRebel\/2017\/wp-content\/uploads\/2022\/05\/ghhj_.png\",\"width\":640,\"height\":460},{\"@type\":\"WebPage\",\"@id\":\"http:\/\/www.deanreed.de\/AmericanRebel\/2017\/2022\/05\/08\/portugal-gefangen-im-europaeischen-system-der-spekulanten-und-lobbyisten\/#webpage\",\"url\":\"http:\/\/www.deanreed.de\/AmericanRebel\/2017\/2022\/05\/08\/portugal-gefangen-im-europaeischen-system-der-spekulanten-und-lobbyisten\/\",\"name\":\"- Portugal gefangen im europ\\u00e4ischen System der Spekulanten und Lobbyisten &ndash; Onlinezeitung AmericanRebel\",\"isPartOf\":{\"@id\":\"https:\/\/www.deanreed.de\/AmericanRebel\/2017\/#website\"},\"primaryImageOfPage\":{\"@id\":\"http:\/\/www.deanreed.de\/AmericanRebel\/2017\/2022\/05\/08\/portugal-gefangen-im-europaeischen-system-der-spekulanten-und-lobbyisten\/#primaryimage\"},\"datePublished\":\"2022-05-08T21:13:49+00:00\",\"dateModified\":\"2022-05-08T21:21:50+00:00\",\"author\":{\"@id\":\"https:\/\/www.deanreed.de\/AmericanRebel\/2017\/#\/schema\/person\/9edfca7917cd10b75edaae51c6e7935a\"},\"breadcrumb\":{\"@id\":\"http:\/\/www.deanreed.de\/AmericanRebel\/2017\/2022\/05\/08\/portugal-gefangen-im-europaeischen-system-der-spekulanten-und-lobbyisten\/#breadcrumb\"},\"inLanguage\":\"de\",\"potentialAction\":[{\"@type\":\"ReadAction\",\"target\":[\"http:\/\/www.deanreed.de\/AmericanRebel\/2017\/2022\/05\/08\/portugal-gefangen-im-europaeischen-system-der-spekulanten-und-lobbyisten\/\"]}]},{\"@type\":\"BreadcrumbList\",\"@id\":\"http:\/\/www.deanreed.de\/AmericanRebel\/2017\/2022\/05\/08\/portugal-gefangen-im-europaeischen-system-der-spekulanten-und-lobbyisten\/#breadcrumb\",\"itemListElement\":[{\"@type\":\"ListItem\",\"position\":1,\"name\":\"Startseite\",\"item\":\"https:\/\/www.deanreed.de\/AmericanRebel\/2017\/\"},{\"@type\":\"ListItem\",\"position\":2,\"name\":\"&#8211; Portugal gefangen im europ\\u00e4ischen System der Spekulanten und Lobbyisten\"}]},{\"@type\":\"Person\",\"@id\":\"https:\/\/www.deanreed.de\/AmericanRebel\/2017\/#\/schema\/person\/9edfca7917cd10b75edaae51c6e7935a\",\"name\":\"Redaktion\",\"url\":\"https:\/\/www.deanreed.de\/AmericanRebel\/2017\/author\/redaktion\/\"}]}<\/script>\n<!-- \/ Yoast SEO plugin. -->","yoast_head_json":{"title":"- Portugal gefangen im europ\u00e4ischen System der Spekulanten und Lobbyisten &ndash; Onlinezeitung AmericanRebel","robots":{"index":"index","follow":"follow","max-snippet":"max-snippet:-1","max-image-preview":"max-image-preview:large","max-video-preview":"max-video-preview:-1"},"canonical":"http:\/\/www.deanreed.de\/AmericanRebel\/2017\/2022\/05\/08\/portugal-gefangen-im-europaeischen-system-der-spekulanten-und-lobbyisten\/","og_locale":"de_DE","og_type":"article","og_title":"- Portugal gefangen im europ\u00e4ischen System der Spekulanten und Lobbyisten &ndash; Onlinezeitung AmericanRebel","og_description":"In Portugal, wie auch in den \u00fcbrigen L\u00e4ndern der EU steigen die Sprit- und Gaspreise und im Zuge dessen auch die Preise f\u00fcr so ziemlich allem was transportiert werden muss. Daraufhin beschloss Portugals frisch gew\u00e4hlte Regierung eine Reihe von Ma\u00dfnahmen, um die Misere der Menschen mit niedrigem Einkommen nicht noch gr\u00f6\u00dfer werden zu lassen.","og_url":"http:\/\/www.deanreed.de\/AmericanRebel\/2017\/2022\/05\/08\/portugal-gefangen-im-europaeischen-system-der-spekulanten-und-lobbyisten\/","og_site_name":"Onlinezeitung AmericanRebel","article_published_time":"2022-05-08T21:13:49+00:00","article_modified_time":"2022-05-08T21:21:50+00:00","og_image":[{"width":640,"height":460,"url":"http:\/\/www.deanreed.de\/AmericanRebel\/2017\/wp-content\/uploads\/2022\/05\/ghhj_.png","type":"image\/png"}],"twitter_card":"summary_large_image","twitter_image":"https:\/\/www.deanreed.de\/AmericanRebel\/2017\/wp-content\/uploads\/2022\/05\/ghhj_.png","twitter_misc":{"Verfasst von":"Redaktion","Gesch\u00e4tzte Lesezeit":"4\u00a0Minuten"},"schema":{"@context":"https:\/\/schema.org","@graph":[{"@type":"WebSite","@id":"https:\/\/www.deanreed.de\/AmericanRebel\/2017\/#website","url":"https:\/\/www.deanreed.de\/AmericanRebel\/2017\/","name":"Onlinezeitung AmericanRebel","description":"Internationale Onlinezeitung f\u00fcr Frieden, Humanismus, V\u00f6lkerverst\u00e4ndigung und Kultur","potentialAction":[{"@type":"SearchAction","target":{"@type":"EntryPoint","urlTemplate":"https:\/\/www.deanreed.de\/AmericanRebel\/2017\/?s={search_term_string}"},"query-input":"required name=search_term_string"}],"inLanguage":"de"},{"@type":"ImageObject","@id":"http:\/\/www.deanreed.de\/AmericanRebel\/2017\/2022\/05\/08\/portugal-gefangen-im-europaeischen-system-der-spekulanten-und-lobbyisten\/#primaryimage","inLanguage":"de","url":"https:\/\/www.deanreed.de\/AmericanRebel\/2017\/wp-content\/uploads\/2022\/05\/ghhj_.png","contentUrl":"https:\/\/www.deanreed.de\/AmericanRebel\/2017\/wp-content\/uploads\/2022\/05\/ghhj_.png","width":640,"height":460},{"@type":"WebPage","@id":"http:\/\/www.deanreed.de\/AmericanRebel\/2017\/2022\/05\/08\/portugal-gefangen-im-europaeischen-system-der-spekulanten-und-lobbyisten\/#webpage","url":"http:\/\/www.deanreed.de\/AmericanRebel\/2017\/2022\/05\/08\/portugal-gefangen-im-europaeischen-system-der-spekulanten-und-lobbyisten\/","name":"- Portugal gefangen im europ\u00e4ischen System der Spekulanten und Lobbyisten &ndash; Onlinezeitung AmericanRebel","isPartOf":{"@id":"https:\/\/www.deanreed.de\/AmericanRebel\/2017\/#website"},"primaryImageOfPage":{"@id":"http:\/\/www.deanreed.de\/AmericanRebel\/2017\/2022\/05\/08\/portugal-gefangen-im-europaeischen-system-der-spekulanten-und-lobbyisten\/#primaryimage"},"datePublished":"2022-05-08T21:13:49+00:00","dateModified":"2022-05-08T21:21:50+00:00","author":{"@id":"https:\/\/www.deanreed.de\/AmericanRebel\/2017\/#\/schema\/person\/9edfca7917cd10b75edaae51c6e7935a"},"breadcrumb":{"@id":"http:\/\/www.deanreed.de\/AmericanRebel\/2017\/2022\/05\/08\/portugal-gefangen-im-europaeischen-system-der-spekulanten-und-lobbyisten\/#breadcrumb"},"inLanguage":"de","potentialAction":[{"@type":"ReadAction","target":["http:\/\/www.deanreed.de\/AmericanRebel\/2017\/2022\/05\/08\/portugal-gefangen-im-europaeischen-system-der-spekulanten-und-lobbyisten\/"]}]},{"@type":"BreadcrumbList","@id":"http:\/\/www.deanreed.de\/AmericanRebel\/2017\/2022\/05\/08\/portugal-gefangen-im-europaeischen-system-der-spekulanten-und-lobbyisten\/#breadcrumb","itemListElement":[{"@type":"ListItem","position":1,"name":"Startseite","item":"https:\/\/www.deanreed.de\/AmericanRebel\/2017\/"},{"@type":"ListItem","position":2,"name":"&#8211; Portugal gefangen im europ\u00e4ischen System der Spekulanten und Lobbyisten"}]},{"@type":"Person","@id":"https:\/\/www.deanreed.de\/AmericanRebel\/2017\/#\/schema\/person\/9edfca7917cd10b75edaae51c6e7935a","name":"Redaktion","url":"https:\/\/www.deanreed.de\/AmericanRebel\/2017\/author\/redaktion\/"}]}},"_links":{"self":[{"href":"https:\/\/www.deanreed.de\/AmericanRebel\/2017\/wp-json\/wp\/v2\/posts\/30103"}],"collection":[{"href":"https:\/\/www.deanreed.de\/AmericanRebel\/2017\/wp-json\/wp\/v2\/posts"}],"about":[{"href":"https:\/\/www.deanreed.de\/AmericanRebel\/2017\/wp-json\/wp\/v2\/types\/post"}],"author":[{"embeddable":true,"href":"https:\/\/www.deanreed.de\/AmericanRebel\/2017\/wp-json\/wp\/v2\/users\/2"}],"replies":[{"embeddable":true,"href":"https:\/\/www.deanreed.de\/AmericanRebel\/2017\/wp-json\/wp\/v2\/comments?post=30103"}],"version-history":[{"count":6,"href":"https:\/\/www.deanreed.de\/AmericanRebel\/2017\/wp-json\/wp\/v2\/posts\/30103\/revisions"}],"predecessor-version":[{"id":30111,"href":"https:\/\/www.deanreed.de\/AmericanRebel\/2017\/wp-json\/wp\/v2\/posts\/30103\/revisions\/30111"}],"wp:attachment":[{"href":"https:\/\/www.deanreed.de\/AmericanRebel\/2017\/wp-json\/wp\/v2\/media?parent=30103"}],"wp:term":[{"taxonomy":"category","embeddable":true,"href":"https:\/\/www.deanreed.de\/AmericanRebel\/2017\/wp-json\/wp\/v2\/categories?post=30103"},{"taxonomy":"post_tag","embeddable":true,"href":"https:\/\/www.deanreed.de\/AmericanRebel\/2017\/wp-json\/wp\/v2\/tags?post=30103"}],"curies":[{"name":"wp","href":"https:\/\/api.w.org\/{rel}","templated":true}]}}