{"id":29987,"date":"2022-04-11T00:19:07","date_gmt":"2022-04-10T22:19:07","guid":{"rendered":"http:\/\/www.deanreed.de\/AmericanRebel\/2017\/?p=29987"},"modified":"2022-04-11T00:56:16","modified_gmt":"2022-04-10T22:56:16","slug":"wochenrueckblick-14-kalenderwoche-2022","status":"publish","type":"post","link":"https:\/\/www.deanreed.de\/AmericanRebel\/2017\/2022\/04\/11\/wochenrueckblick-14-kalenderwoche-2022\/","title":{"rendered":"&#8211; Wochenr\u00fcckblick 14. Kalenderwoche 2022"},"content":{"rendered":"<p><img loading=\"lazy\" class=\" wp-image-26025 aligncenter\" src=\"http:\/\/www.deanreed.de\/AmericanRebel\/2017\/wp-content\/uploads\/2020\/10\/AR_WR_2-300x75.png\" alt=\"\" width=\"668\" height=\"167\" srcset=\"https:\/\/www.deanreed.de\/AmericanRebel\/2017\/wp-content\/uploads\/2020\/10\/AR_WR_2-300x75.png 300w, https:\/\/www.deanreed.de\/AmericanRebel\/2017\/wp-content\/uploads\/2020\/10\/AR_WR_2.png 700w\" sizes=\"(max-width: 668px) 100vw, 668px\" \/><\/p>\n<p><span style=\"color: #ffffff;\">.<\/span><\/p>\n<p><span style=\"font-size: 14pt; color: #993300;\"><strong><span style=\"font-family: verdana, geneva, sans-serif;\">Zur\u00fcckblickend auf die letzten Tage sind uns einige kommentierbare Vorkommnisse ins Auge gefallen, die wir hier zur Diskussion stellen.<\/span><\/strong><\/span><\/p>\n<p style=\"text-align: justify;\"><span style=\"font-family: verdana, geneva, sans-serif; font-size: 16pt;\"><span style=\"color: #000000;\"><span style=\"font-size: 12pt; color: #ffffff;\">.<\/span><strong><br \/>\n<\/strong><\/span><\/span><span style=\"color: #000000;\"><span style=\"font-family: verdana, geneva, sans-serif; font-size: 12pt;\"><span style=\"font-size: 14pt;\"><strong>4. April |<\/strong> <\/span><\/span><span style=\"font-size: 14pt;\"><strong><span style=\"font-family: verdana, geneva, sans-serif;\">Von Zwangsm\u00e4usen und Angsthasen\/-\u00e4sinnen<\/span><\/strong><\/span><\/span><br \/>\n<span style=\"color: #000000;\"><span style=\"font-family: verdana, geneva, sans-serif; font-size: 12pt;\"><img loading=\"lazy\" class=\"wp-image-29982 aligncenter\" src=\"http:\/\/www.deanreed.de\/AmericanRebel\/2017\/wp-content\/uploads\/2022\/04\/rtzu-300x81.png\" alt=\"\" width=\"667\" height=\"180\" srcset=\"https:\/\/www.deanreed.de\/AmericanRebel\/2017\/wp-content\/uploads\/2022\/04\/rtzu-300x81.png 300w, https:\/\/www.deanreed.de\/AmericanRebel\/2017\/wp-content\/uploads\/2022\/04\/rtzu.png 666w\" sizes=\"(max-width: 667px) 100vw, 667px\" \/>Die Sendung mit der Maus hat eine wunderbare, einf\u00fchlsame Sendung gemacht \u00fcber Katja, die nach einem harten Leben als obdachloser Mann Wohnung und Stelle findet und endlich, nach langen und entw\u00fcrdigenden Begutachtungen, auch die sein darf, die sie immer sein wollte: eine Frau. In einfachen und verst\u00e4ndlichen Worten wird Kindern vermittelt, dass es das eben gibt: Frauen, die sich als M\u00e4nner und M\u00e4nner, die sich als Frauen f\u00fchlen. <\/span><strong><br \/>\n<\/strong><span style=\"font-family: verdana, geneva, sans-serif; font-size: 12pt;\"><a href=\"https:\/\/diefreiheitsliebe.de\/politik\/meinungsstark-politik\/von-zwangsmaeusen-und-angsthaesinnen\/\" target=\"_blank\" rel=\"noopener\"><span style=\"color: #005a8c;\"><em><span style=\"color: #005a8c;\"><span style=\"color: #993300;\">\u00bbDie Freiheitsliebe\u00ab berichtete<\/span><\/span><\/em><\/span><\/a> und hier <span style=\"color: #993300;\"><a style=\"color: #993300;\" href=\"https:\/\/www.youtube.com\/watch?v=1RtMq-uNP5I\" target=\"_blank\" rel=\"noopener\">gehts zum Video<\/a><\/span><br \/>\n<span style=\"color: #ffffff;\">.<\/span><br \/>\n<span style=\"color: #ffffff;\">.<\/span><br \/>\n<span style=\"font-size: 14pt;\"><strong>4. April | <\/strong><strong>BIP-Aktuell #212: Deutschland<br \/>\nkauft Waffen von der Besatzungsmacht Israel<\/strong><\/span><\/span><\/span><br \/>\n<span style=\"color: #000000; font-family: verdana, geneva, sans-serif; font-size: 12pt;\"><img loading=\"lazy\" class=\"wp-image-29984 aligncenter\" src=\"http:\/\/www.deanreed.de\/AmericanRebel\/2017\/wp-content\/uploads\/2022\/04\/ddffr-Kopie-300x81.png\" alt=\"\" width=\"667\" height=\"180\" srcset=\"https:\/\/www.deanreed.de\/AmericanRebel\/2017\/wp-content\/uploads\/2022\/04\/ddffr-Kopie-300x81.png 300w, https:\/\/www.deanreed.de\/AmericanRebel\/2017\/wp-content\/uploads\/2022\/04\/ddffr-Kopie.png 666w\" sizes=\"(max-width: 667px) 100vw, 667px\" \/>Deutschland bereitet sich darauf vor, Waffen zu kaufen, die eine milit\u00e4rische Besatzung finanzieren, um eine andere milit\u00e4rische Besatzung zu verhindern.<\/span><br \/>\n<span style=\"color: #000000; font-family: verdana, geneva, sans-serif; font-size: 12pt;\">Die CDU und Bundeskanzler Olaf Scholz fordern die Bundeswehr auf, israelische Raketenabwehrsysteme zu kaufen, ohne ihren Zweck, den sie erf\u00fcllen sollen sowie vor allem die moralischen Implikationen weder zu diskutieren noch zu ber\u00fccksichtigen. Die israelischen Unternehmen haben ihre Waffen in Milit\u00e4reins\u00e4tzen getestet, die ebenso illegal und unmoralisch sind wie die des russischen Milit\u00e4rs.<\/span><strong><em><br \/>\n<\/em><\/strong><span style=\"color: #000000;\"><span style=\"font-family: verdana, geneva, sans-serif; font-size: 12pt;\"><span style=\"color: #005a8c;\"><a style=\"color: #005a8c;\" href=\"https:\/\/bip-jetzt.de\/2022\/04\/02\/bip-aktuell-212-deutschland-kauft-waffen-von-der-besatzungsmacht-israel\/\" target=\"_blank\" rel=\"noopener\"><em>\u00bbBIP-Aktuell\u00ab berichtete<\/em><\/a><\/span><br \/>\n<span style=\"color: #ffffff;\">.<\/span><br \/>\n<span style=\"color: #ffffff;\">.<\/span><\/span><\/span><span style=\"color: #000000; font-family: verdana, geneva, sans-serif;\"><span style=\"font-size: 12pt;\"><br \/>\n<span style=\"font-size: 14pt;\"><strong>6. <\/strong><strong>April |<\/strong> <\/span><\/span><\/span><span class=\"lcmr-single-title\" style=\"color: #000000; font-family: verdana, geneva, sans-serif; font-size: 12pt;\"><span style=\"font-size: 14pt;\"><strong>BaW\u00fc: Muhammed Tun\u00e7<br \/>\ndroht die Abschiebung in die T\u00fcrkei<\/strong><\/span><br \/>\n<\/span><span style=\"color: #000000; font-family: verdana, geneva, sans-serif;\"><span style=\"font-size: 12pt;\"><span style=\"color: #000000; font-family: verdana, geneva, sans-serif;\"><img loading=\"lazy\" class=\"wp-image-29985 aligncenter\" src=\"http:\/\/www.deanreed.de\/AmericanRebel\/2017\/wp-content\/uploads\/2022\/04\/45r8-image-300x81.jpg\" alt=\"\" width=\"667\" height=\"180\" srcset=\"https:\/\/www.deanreed.de\/AmericanRebel\/2017\/wp-content\/uploads\/2022\/04\/45r8-image-300x81.jpg 300w, https:\/\/www.deanreed.de\/AmericanRebel\/2017\/wp-content\/uploads\/2022\/04\/45r8-image.jpg 666w\" sizes=\"(max-width: 667px) 100vw, 667px\" \/>Obwohl ihm Inhaftierung, politische Verfolgung, Folter und im schlimmsten Fall sogar der Tod drohen, soll der 33-j\u00e4hrige Muhammed Tun\u00e7 morgen, am 7. April, in die T\u00fcrkei abgeschoben werden. Zwei Versuche der deutschen Beh\u00f6rden sind aufgrund seiner Wehrhaftigkeit, sowie des Engagements seines Anwalts und einer aktivistischen \u00d6ffentlichkeit bereits gescheitert. Doch nun scheint die Landesregierung Baden-W\u00fcrttemberg ernst zu machen: Laut Tun\u00e7 wurde eigens ein Charter-Flug gemietet, welcher vom Stuttgarter Flughafen gen Diktatur abheben soll. <\/span><br \/>\n<span style=\"color: #005a8c;\"><a style=\"color: #005a8c;\" href=\"https:\/\/lowerclassmag.com\/2022\/04\/06\/bawue-mohammed-tunc-droht-die-abschiebung-in-die-tuerkei\/\" target=\"_blank\" rel=\"noopener\"><em>\u00bbLowerClassMagazine\u00ab berichtete<\/em><\/a><\/span> \u00a0\u00a0\u00a0\u00a0\u00a0\u00a0\u00a0 <div class=\"hide-this-part-wrap\"><div class=\"hide-this-part-more\" id=\"hide-this-part-0\" morelink-text=\"hier geht es weiter\">hier geht es weiter \u00bb<\/div><div class=\"hide-this-part\" status=\"invisible\"><br \/>\n<span style=\"color: #ffffff;\">.<\/span><br \/>\n<span style=\"color: #ffffff;\">.<\/span><br \/>\n<span style=\"font-size: 14pt; color: #000000;\"><strong>6. <\/strong><\/span><\/span><span style=\"font-size: 14pt;\"><strong>April |<\/strong> <\/span><\/span><span style=\"font-family: verdana, geneva, sans-serif; font-size: 12pt; color: #000000;\"><span class=\"post-title__text blog-post-title-font blog-post-title-color\"><span class=\"blog-post-title-font blog-post-title-color\"><span style=\"font-size: 14pt;\"><strong>\u201eEU-Eingreiftruppe\u201c &#8211; imperialistischer Krieg<br \/>\nund Abschaffung der Neutralit\u00e4t<\/strong><\/span><br \/>\n<\/span><\/span><span class=\"_2PHJq public-DraftStyleDefault-ltr\"><img loading=\"lazy\" class=\"wp-image-29979 aligncenter\" src=\"http:\/\/www.deanreed.de\/AmericanRebel\/2017\/wp-content\/uploads\/2022\/04\/www-300x81.jpg\" alt=\"\" width=\"667\" height=\"180\" srcset=\"https:\/\/www.deanreed.de\/AmericanRebel\/2017\/wp-content\/uploads\/2022\/04\/www-300x81.jpg 300w, https:\/\/www.deanreed.de\/AmericanRebel\/2017\/wp-content\/uploads\/2022\/04\/www.jpg 666w\" sizes=\"(max-width: 667px) 100vw, 667px\" \/>Mit Verweis auf den Ukrainekrieg hat die \u00f6sterreichische Regierung zugesagt, dass sich \u00d6sterreich an der neu gegr\u00fcndeten \u201emilit\u00e4rischen Eingreiftruppe\u201c der EU beteiligen wird. V\u00f6llig zu Recht gibt es gro\u00dfe Emp\u00f6rung \u00fcber die neutralit\u00e4tswidrige Beteiligung am \u201emilit\u00e4rischen Herzst\u00fcck\u201c einer EU-Armee. F\u00fcr die strategischen Pl\u00e4ne des \u201eWestens\u201c ist die Teilnahme \u00d6sterreichs aber von gro\u00dfer Bedeutung.<br \/>\n<\/span><\/span><span style=\"font-family: verdana, geneva, sans-serif; color: #000000;\"><span style=\"font-size: 12pt;\"><span style=\"color: #005a8c;\"><a style=\"color: #005a8c;\" href=\"https:\/\/www.rotefahne.at\/post\/eu-eingreiftruppe-imperialistischer-krieg-und-abschaffung-der-neutralit%C3%A4t\" target=\"_blank\" rel=\"noopener\"><span style=\"font-family: verdana, geneva, sans-serif;\"><em>\u00bbDie Rote Fahne\u00ab berichtete<\/em><\/span><\/a><\/span><br \/>\n<span style=\"color: #ffffff;\">.<\/span><\/span><span style=\"font-size: 12pt;\"><br \/>\n<span style=\"color: #ffffff;\">.<\/span><br \/>\n<span style=\"font-size: 14pt;\"><strong>6. <\/strong><\/span><\/span><span style=\"font-size: 14pt;\"><strong>April | <\/strong><\/span><\/span><span style=\"font-size: 14pt; color: #000000;\"><strong><span style=\"font-family: verdana, geneva, sans-serif;\">Das bedeutet der Wegfall der<br \/>\nMaskenpflicht f\u00fcr chronisch Kranke<\/span><\/strong><\/span><br \/>\n<span style=\"font-family: verdana, geneva, sans-serif; font-size: 12pt; color: #000000;\"><img loading=\"lazy\" class=\"wp-image-29977 aligncenter\" src=\"http:\/\/www.deanreed.de\/AmericanRebel\/2017\/wp-content\/uploads\/2022\/04\/awe-300x81.jpg\" alt=\"\" width=\"667\" height=\"180\" srcset=\"https:\/\/www.deanreed.de\/AmericanRebel\/2017\/wp-content\/uploads\/2022\/04\/awe-300x81.jpg 300w, https:\/\/www.deanreed.de\/AmericanRebel\/2017\/wp-content\/uploads\/2022\/04\/awe.jpg 666w\" sizes=\"(max-width: 667px) 100vw, 667px\" \/>Immer mehr Corona-Ma\u00dfnahmen werden zur\u00fcckgenommen, teilweise mit katastrophalen Konsequenzen f\u00fcr Risikogruppen. Eine chronisch kranke Leserin berichtet.<\/span><br \/>\n<span style=\"color: #000000;\"><span style=\"font-family: verdana, geneva, sans-serif; font-size: 12pt;\"><span style=\"color: #005a8c;\"><a style=\"color: #005a8c;\" href=\"https:\/\/www.klassegegenklasse.org\/das-bedeutet-der-wegfall-der-maskenpflicht-fuer-chronisch-kranke\/\" target=\"_blank\" rel=\"noopener\"><em>\u00bbKlasse gegen Klasse\u00ab berichtete<\/em><\/a><\/span><br \/>\n<span style=\"color: #ffffff;\">.<\/span><\/span><span style=\"font-family: verdana, geneva, sans-serif; font-size: 12pt;\"><br \/>\n<span style=\"color: #ffffff;\">.<\/span><br \/>\n<\/span><span style=\"font-size: 14pt;\"><strong><span style=\"font-family: verdana, geneva, sans-serif;\">6. April | <\/span><\/strong><\/span><span style=\"font-size: 14pt;\"><strong><span style=\"font-family: verdana, geneva, sans-serif;\">Tarifticker 14 \/2022<br \/>\n<img loading=\"lazy\" class=\"wp-image-28484 aligncenter\" src=\"http:\/\/www.deanreed.de\/AmericanRebel\/2017\/wp-content\/uploads\/2021\/10\/1-Kopie-2-1-300x81.png\" alt=\"\" width=\"667\" height=\"180\" srcset=\"https:\/\/www.deanreed.de\/AmericanRebel\/2017\/wp-content\/uploads\/2021\/10\/1-Kopie-2-1-300x81.png 300w, https:\/\/www.deanreed.de\/AmericanRebel\/2017\/wp-content\/uploads\/2021\/10\/1-Kopie-2-1.png 666w\" sizes=\"(max-width: 667px) 100vw, 667px\" \/><\/span><\/strong><\/span><\/span><span style=\"color: #000000;\"><span style=\"font-family: verdana, geneva, sans-serif; font-size: 12pt;\">Aktuelle Kurzmeldungen zu den laufenden Tarifverhandlungen und Arbeitsk\u00e4mpfen der Kollegen\/-innen im deutschsprachigen Raum.<br \/>\n<\/span><\/span><span style=\"color: #000000;\"><span style=\"font-family: verdana, geneva, sans-serif; font-size: 12pt;\"><span style=\"color: #005a8c;\"><a style=\"color: #005a8c;\" href=\"https:\/\/rotermorgen.eu\/tarifticker-14-2022\/\" target=\"_blank\" rel=\"noopener\"><em>\u00bbRoterMorgen\u00ab berichtete<\/em><\/a><\/span><br \/>\n<span style=\"color: #ffffff;\">.<\/span><br \/>\n<span style=\"color: #ffffff;\">.<\/span><br \/>\n<span style=\"font-size: 14pt;\"><strong>6. April | <\/strong><\/span><\/span><\/span><strong><span style=\"font-family: verdana, geneva, sans-serif; font-size: 14pt; color: #000000;\">Griechische Arbeiter weigern sich,<br \/>\nUS-Waffen zu transportieren<\/span><\/strong><br \/>\n<span style=\"font-family: verdana, geneva, sans-serif; font-size: 12pt; color: #000000;\"><img loading=\"lazy\" class=\"wp-image-29981 aligncenter\" src=\"http:\/\/www.deanreed.de\/AmericanRebel\/2017\/wp-content\/uploads\/2022\/04\/were-300x81.jpg\" alt=\"\" width=\"667\" height=\"180\" srcset=\"https:\/\/www.deanreed.de\/AmericanRebel\/2017\/wp-content\/uploads\/2022\/04\/were-300x81.jpg 300w, https:\/\/www.deanreed.de\/AmericanRebel\/2017\/wp-content\/uploads\/2022\/04\/were.jpg 666w\" sizes=\"(max-width: 667px) 100vw, 667px\" \/>Laut der griechischen Plattform \u201eAthens News\u201c weigern sich griechische Arbeiter\/innen seit rund 2 Wochen Panzer und andere Kriegswaffen der US-Armee zu transportieren, die von Thessaloniki in die N\u00e4he zu Russland transportiert werden sollen. Die griechische Eisenbahnbeh\u00f6rde TRAINOSE drohte mit Entlassung und Sanktionen. Trotzdem fanden sich unter den Arbeiter\/innen keine \u201eFreiwlligen\u201c, also Streikbrecher.<\/span><br \/>\n<span style=\"color: #000000;\"><span style=\"font-family: verdana, geneva, sans-serif; font-size: 12pt;\"><span style=\"color: #005a8c;\"><a style=\"color: #005a8c;\" href=\"https:\/\/www.arbeit-zukunft.de\/2022\/04\/06\/griechische-arbeiter-weigern-sich-us-waffen-zu-transportieren\/\" target=\"_blank\" rel=\"noopener\"><em>\u00bbArbeitZukunft\u00ab berichtete<\/em><\/a><\/span><br \/>\n<span style=\"color: #ffffff;\">.<\/span><br \/>\n<span style=\"color: #ffffff;\">.<\/span><br \/>\n<span style=\"color: #000000;\"><strong><span style=\"font-size: 14pt;\">7. <\/span><\/strong><\/span><\/span><strong><span style=\"font-size: 14pt; font-family: verdana, geneva, sans-serif;\">April | <\/span><\/strong><strong><span style=\"font-family: verdana, geneva, sans-serif;\"><span style=\"font-size: 14pt;\">Imperialistischer Schulterschluss:<br \/>\nRussland hilft China auf dem Weg zur Weltmacht<\/span> <\/span><\/strong><\/span><br \/>\n<span style=\"color: #000000;\"><span style=\"font-family: verdana, geneva, sans-serif;\"><img loading=\"lazy\" class=\"wp-image-29974 aligncenter\" src=\"http:\/\/www.deanreed.de\/AmericanRebel\/2017\/wp-content\/uploads\/2022\/04\/eerrt-300x81.jpeg\" alt=\"\" width=\"667\" height=\"180\" srcset=\"https:\/\/www.deanreed.de\/AmericanRebel\/2017\/wp-content\/uploads\/2022\/04\/eerrt-300x81.jpeg 300w, https:\/\/www.deanreed.de\/AmericanRebel\/2017\/wp-content\/uploads\/2022\/04\/eerrt.jpeg 666w\" sizes=\"(max-width: 667px) 100vw, 667px\" \/><span style=\"font-size: 12pt;\">Das Ende des dominanten US-Imperialismus deutete sich schon <span id=\"decorator-ignored-entity-id-17\" data-entity-key=\"17\" data-offset-key=\"epij-1-0\">des \u00d6fteren<\/span> an. <span id=\"decorator-corrected-entity-id-8\" data-entity-key=\"8\" data-offset-key=\"epij-3-0\">Aber mit<\/span> immer neuen Kriegen konnte die st\u00e4rkste imperialistische Milit\u00e4rmacht der Welt in den vergangenen Jahrzehnten vorerst den US-Dollar als weltweite Leitw\u00e4hrung erhalten und ihre schwindende Wirtschaftsmacht mit Waffeneins\u00e4tzen hinausz\u00f6gern. Und es ist der Dollar bzw. die Herrschaft \u00fcber die Druckmaschine, der Washington nach dem Ersten Weltkrieg in die Fu\u00dfstapfen des britischen Empire hat treten lassen. Diese F\u00fchrungsrolle der USA geht nun nach hundert Jahren zu Ende. Nicht weil das Proletariat den Herrschaftsanspruch zertr\u00fcmmert, sondern weil die Rivalit\u00e4t unter <span id=\"decorator-ignored-entity-id-19\" data-entity-key=\"19\" data-offset-key=\"epij-5-0\">Imperialisten \u201eSystem<\/span>\u201c ist.<\/span><\/span><br \/>\n<span style=\"font-family: verdana, geneva, sans-serif; font-size: 12pt;\"><span style=\"color: #005a8c;\"><a style=\"color: #005a8c;\" href=\"https:\/\/www.der-revolutionaer.de\/imperialistischer-schulterschluss-russland-hilft-china-auf-dem-weg-zur-weltmacht\/\" target=\"_blank\" rel=\"noopener\"><em>\u00bbDerRevolution\u00e4r\u00ab berichtete<\/em><\/a><\/span><br \/>\n<span style=\"color: #ffffff;\">.<\/span><br \/>\n<span style=\"color: #ffffff;\">.<\/span><br \/>\n<span style=\"font-size: 14pt; color: #000000;\"><strong>7. April |<\/strong> <\/span><\/span><span style=\"font-size: 14pt;\"><strong><span style=\"font-family: verdana, geneva, sans-serif;\">Charles Fourier \u2013 Das Recht auf Arbeit und das Recht<br \/>\nder Frauen oder: \u201eSaudi-Arabien liegt gleich um die Ecke\u201c<\/span><\/strong><\/span><\/span><br \/>\n<span style=\"font-family: verdana, geneva, sans-serif;\"><span style=\"color: #000000;\"><img loading=\"lazy\" class=\"wp-image-29975 aligncenter\" src=\"http:\/\/www.deanreed.de\/AmericanRebel\/2017\/wp-content\/uploads\/2022\/04\/4-Kopie-640x381-1-300x81.png\" alt=\"\" width=\"667\" height=\"180\" srcset=\"https:\/\/www.deanreed.de\/AmericanRebel\/2017\/wp-content\/uploads\/2022\/04\/4-Kopie-640x381-1-300x81.png 300w, https:\/\/www.deanreed.de\/AmericanRebel\/2017\/wp-content\/uploads\/2022\/04\/4-Kopie-640x381-1.png 666w\" sizes=\"(max-width: 667px) 100vw, 667px\" \/>Am 7. April 1772, vor nunmehr 250 Jahren, wurde im franz\u00f6sischen Besancon der hervorragende Vertreter des kritischen Fl\u00fcgels des utopischen Sozialismus und bahnbrechenden Vorl\u00e4ufer des wissenschaftlichen Sozialismus geboren. Wir k\u00f6nnen an den Grundgedanken, dem Recht auf Arbeit und dem Recht der Frauen, dieses mitunter bizarren, phantasiereichen dialektischen Sch\u00e4dels nicht vorbeigehen. Aus der Thematik der Menschenrechte sticht Fourier zwei hervor: Das Recht auf Arbeit und das Recht der Frauen auf Gleichberechtigung. Hier hat er Gro\u00dfes geleistet.<\/span><\/span><br \/>\n<span style=\"color: #000000;\"><span style=\"font-family: verdana, geneva, sans-serif; font-size: 12pt;\"><span style=\"color: #005a8c;\"><a style=\"color: #005a8c;\" href=\"https:\/\/rotermorgen.eu\/das-recht-auf-arbeit-und-das-recht-der-frauen\/\" target=\"_blank\" rel=\"noopener\"><em>\u00bbRoterMorgen\u00ab berichtete<\/em><\/a><\/span><br \/>\n<span style=\"color: #ffffff;\">.<\/span><br \/>\n<span style=\"color: #ffffff;\">.<\/span><br \/>\n<span style=\"font-size: 14pt;\"><strong>7. April | <\/strong><\/span><\/span><\/span><span style=\"font-family: verdana, geneva, sans-serif; color: #000000;\"><span class=\"lcmr-single-title\"><strong><span style=\"font-size: 14pt;\">\u201eWir brauchen einen Partisanenkampf\u201c \u2013 Perspek-<br \/>\ntiven eines russischen Genossen auf den Krieg in der Ukraine.<\/span><\/strong><br \/>\n<\/span><\/span><span style=\"color: #000000;\"><span style=\"font-family: verdana, geneva, sans-serif;\"><span style=\"color: #000000;\"><img loading=\"lazy\" class=\"wp-image-29986 aligncenter\" src=\"http:\/\/www.deanreed.de\/AmericanRebel\/2017\/wp-content\/uploads\/2022\/04\/ddttt-300x81.jpeg\" alt=\"\" width=\"667\" height=\"180\" srcset=\"https:\/\/www.deanreed.de\/AmericanRebel\/2017\/wp-content\/uploads\/2022\/04\/ddttt-300x81.jpeg 300w, https:\/\/www.deanreed.de\/AmericanRebel\/2017\/wp-content\/uploads\/2022\/04\/ddttt.jpeg 666w\" sizes=\"(max-width: 667px) 100vw, 667px\" \/>Felix Anton sprach f\u00fcr das LCM mit Yurii, 29 Jahre alt, Anarchist und Internationalist aus Russland \u00fcber den Krieg in der Ukraine, Widerspr\u00fcche und Herausforderungen.<\/span><br \/>\n<\/span><span style=\"font-family: verdana, geneva, sans-serif; font-size: 12pt;\"><span style=\"color: #005a8c;\"><a style=\"color: #005a8c;\" href=\"https:\/\/lowerclassmag.com\/2022\/04\/07\/wir-brauchen-einen-partisanenkampf-perspektiven-eines-russischen-genossen-auf-den-krieg-in-der-ukraine\/\" target=\"_blank\" rel=\"noopener\">\u00bbLowerClassMagazine\u00ab berichtete<\/a><\/span><br \/>\n<span style=\"color: #ffffff;\">.<\/span><br \/>\n<span style=\"color: #ffffff;\">.<\/span><br \/>\n<span style=\"font-size: 14pt;\"><strong>8. Ap<span style=\"color: #000000;\">ril |<\/span><\/strong> <\/span><\/span><\/span><span style=\"font-size: 14pt; color: #000000;\"><strong><span style=\"font-family: verdana, geneva, sans-serif;\">Hilfe und Asyl f\u00fcr russische<br \/>\nund ukrainische Deserteure!<\/span><\/strong><\/span><br \/>\n<span style=\"color: #000000;\"><span style=\"font-family: verdana, geneva, sans-serif; font-size: 12pt;\"><span style=\"color: #000000;\"><img loading=\"lazy\" class=\"wp-image-29983 aligncenter\" src=\"http:\/\/www.deanreed.de\/AmericanRebel\/2017\/wp-content\/uploads\/2022\/04\/werrt-300x81.jpg\" alt=\"\" width=\"667\" height=\"180\" srcset=\"https:\/\/www.deanreed.de\/AmericanRebel\/2017\/wp-content\/uploads\/2022\/04\/werrt-300x81.jpg 300w, https:\/\/www.deanreed.de\/AmericanRebel\/2017\/wp-content\/uploads\/2022\/04\/werrt.jpg 666w\" sizes=\"(max-width: 667px) 100vw, 667px\" \/>Die Menschen in unserem Land und der gesamte Planet sind durch die nukleare Konfrontation zwischen den Zivilisationen des Ostens und des Westens in t\u00f6dlicher Gefahr. Wir m\u00fcssen die Truppenaufstockung, die Anh\u00e4ufung von Waffen und milit\u00e4rischer Ausr\u00fcstung in der und um die Ukraine stoppen, das irrsinnige Werfen von Steuergeldern in den Ofen der Kriegsmaschinerie, anstatt akute sozio\u00f6konomische und \u00f6kologische Probleme zu l\u00f6sen. Wir m\u00fcssen aufh\u00f6ren, den grausamen Launen von Milit\u00e4rkommandanten und Oligarchen, die vom Blutvergie\u00dfen profitieren, nachzugeben. <\/span><br \/>\n<em><span style=\"color: #005a8c;\"><a style=\"color: #005a8c;\" href=\"https:\/\/www.labournet.de\/internationales\/russland\/politik-russland\/hilfe-und-asyl-fuer-russische-und-ukrainische-deserteure\/\" target=\"_blank\" rel=\"noopener\">\u00bbLabourNet Germany\u00ab berichtete<\/a><\/span><br \/>\n<span style=\"color: #ffffff;\">.<\/span><br \/>\n<span style=\"color: #ffffff;\">.<\/span><br \/>\n<\/em><\/span><span style=\"font-size: 14pt;\"><strong><span style=\"font-family: verdana, geneva, sans-serif;\">8. April |<\/span><\/strong> <\/span><\/span><strong><span style=\"font-family: verdana, geneva, sans-serif;\"><span style=\"font-size: 14pt;\">Manypod #15: Gefl\u00fcchtete aus der Ukraine: Welcome!<\/span> <\/span><\/strong><br \/>\n<img loading=\"lazy\" class=\"wp-image-29980 aligncenter\" src=\"http:\/\/www.deanreed.de\/AmericanRebel\/2017\/wp-content\/uploads\/2022\/04\/fftztzu-300x81.png\" alt=\"\" width=\"670\" height=\"181\" srcset=\"https:\/\/www.deanreed.de\/AmericanRebel\/2017\/wp-content\/uploads\/2022\/04\/fftztzu-300x81.png 300w, https:\/\/www.deanreed.de\/AmericanRebel\/2017\/wp-content\/uploads\/2022\/04\/fftztzu.png 666w\" sizes=\"(max-width: 670px) 100vw, 670px\" \/><span style=\"color: #000000;\"><span style=\"font-size: 12pt; font-family: verdana, geneva, sans-serif;\">Seit \u00fcber einem Monat tobt ein immer brutalerer Krieg in der Ukraine, Millionen Menschen, vor allem Frauen und Kinder sind auf der Flucht. Im Gegensatz zu Gefl\u00fcchteten aus anderen Kriegsgebieten sind f\u00fcr sie die Grenzen nach Europa offen. Wie schon w\u00e4hrend des Sommers der Migration 2015 engagieren sich auch heute Hunderttausende aus der Zivilgesellschaft in den Hilfsstrukturen. Im Schatten dieser Empathie werden medial jedoch viele anti-slawische Rassismen transportiert, vor allem gegen\u00fcber Russlanddeutschen. <\/span><strong><br \/>\n<\/strong><span style=\"font-family: verdana, geneva, sans-serif; font-size: 12pt;\"><span style=\"color: #993300;\"><a style=\"color: #993300;\" href=\"https:\/\/www.rosalux.de\/news\/id\/46298\/manypod-15-gefluechtete-aus-der-ukraine-welcome\" target=\"_blank\" rel=\"noopener\"><em>\u00bbRosa-Luxemburg-Stiftung\u00ab berichtete<\/em><\/a><\/span><br \/>\n<span style=\"color: #ffffff;\">.<\/span><br \/>\n<span style=\"color: #ffffff;\">.<\/span><\/span><\/span><span style=\"color: #000000;\"><span style=\"font-family: verdana, geneva, sans-serif; font-size: 12pt;\"><br \/>\n<span style=\"font-size: 14pt;\"><strong>9. Apri<span style=\"font-size: 14pt;\">l | <\/span><\/strong><\/span><\/span><strong><span style=\"font-family: verdana, geneva, sans-serif; font-size: 14pt;\">Solidarit\u00e4t mit den Kommunisten<br \/>\nund Arbeitern Griechenlands<\/span><\/strong><\/span><br \/>\n<span style=\"font-family: verdana, geneva, sans-serif; font-size: 12pt; color: #000000;\"><img loading=\"lazy\" class=\"wp-image-29978 aligncenter\" src=\"http:\/\/www.deanreed.de\/AmericanRebel\/2017\/wp-content\/uploads\/2022\/04\/rthjo-300x81.png\" alt=\"\" width=\"667\" height=\"180\" srcset=\"https:\/\/www.deanreed.de\/AmericanRebel\/2017\/wp-content\/uploads\/2022\/04\/rthjo-300x81.png 300w, https:\/\/www.deanreed.de\/AmericanRebel\/2017\/wp-content\/uploads\/2022\/04\/rthjo.png 666w\" sizes=\"(max-width: 667px) 100vw, 667px\" \/>Die Partei der Arbeit \u00d6sterreichs verurteilt die gewaltsamen Angriffe der griechischen Polizei auf die Demonstration am 6. April im Hafen von Thessaloniki. Der Protest der ArbeiterInnen, StudentInnen, GewerkschafterInnen und KommunistInnen war Teil der landesweiten Streikmobilisierungen, richtete sich vor Ort aber auch gegen den Transport von NATO-Waffen nach Osteuropa.<\/span><br \/>\n<span style=\"color: #000000;\"><span style=\"font-family: verdana, geneva, sans-serif; font-size: 12pt;\"><span style=\"color: #993300;\"><a style=\"color: #993300;\" href=\"https:\/\/parteiderarbeit.at\/themen\/stellungnahmen\/solidaritaet-mit-den-kommunisten-und-arbeitern-griechenlands\/\" target=\"_blank\" rel=\"noopener\"><em>\u00bbPartei der Arbeit\u00ab berichtete<\/em><\/a><\/span><br \/>\n<span style=\"color: #ffffff;\">.<\/span><br \/>\n<span style=\"color: #ffffff;\">.<\/span><br \/>\n<strong><span style=\"font-size: 14pt;\">9. April | <\/span><\/strong><\/span><\/span><strong><span style=\"font-family: verdana, geneva, sans-serif; font-size: 14pt;\">Wer erschoss die Zivilisten von Bucha?<\/span><\/strong><span style=\"color: #000000;\"><span style=\"font-family: verdana, geneva, sans-serif; font-size: 12pt;\"><br \/>\n<img loading=\"lazy\" class=\"wp-image-29122 aligncenter\" src=\"http:\/\/www.deanreed.de\/AmericanRebel\/2017\/wp-content\/uploads\/2021\/12\/vkw-300x81.png\" alt=\"\" width=\"667\" height=\"180\" srcset=\"https:\/\/www.deanreed.de\/AmericanRebel\/2017\/wp-content\/uploads\/2021\/12\/vkw-300x81.png 300w, https:\/\/www.deanreed.de\/AmericanRebel\/2017\/wp-content\/uploads\/2021\/12\/vkw.png 666w\" sizes=\"(max-width: 667px) 100vw, 667px\" \/>Das ukrainische Verteidigungsministerium hat Bilder von erschossenen Zivilisten aus der ukrainischen Stadt Bucha ver\u00f6ffentlicht, Pr\u00e4sident Zelensky spricht von \u00bbV\u00f6lkermord\u00ab. NATO-Staaten zeigen sich entsetzt, Deutschland k\u00fcndigt neue sch\u00e4rfere Sanktionen an. Demgegen\u00fcber spricht der russische Staat von einer gezielten Provokation durch die ukrainische Armee und hat eine Sondersitzung des UNO-Sicherheitsrates einberufen. Der Informationskrieg ist in vollem Gange.<strong><span style=\"font-size: 14pt;\"><br \/>\n<\/span><\/strong><\/span><a href=\"https:\/\/rotermorgen.eu\/wer-erschoss-die-zivilisten-von-bucha\/\" target=\"_blank\" rel=\"noopener\"><span style=\"font-family: verdana, geneva, sans-serif; font-size: 12pt;\"><em><span style=\"color: #005a8c;\"><span style=\"color: #993300;\">\u00bbRoterMorgen\u00ab berichtete<\/span><\/span><\/em><\/span><\/a><\/span><br \/>\n<span style=\"font-family: verdana, geneva, sans-serif; font-size: 12pt; color: #ffffff;\">.<\/span><span style=\"color: #000000;\"><span style=\"font-family: verdana, geneva, sans-serif; font-size: 12pt;\"><span style=\"font-size: 14pt;\"><span style=\"font-size: 12pt;\"><strong><br \/>\n<span style=\"color: #ffffff;\">.<\/span><br \/>\n<span style=\"font-size: 14pt; color: #000000;\">9. April |<\/span><\/strong> <\/span><\/span><\/span><span style=\"font-size: 14pt;\"><strong><span style=\"font-family: verdana, geneva, sans-serif;\">Geschichtsl\u00fcgen \u2013 Fundamente des Anti-\u201eStalinismus\u201c<\/span><\/strong><\/span><\/span><br \/>\n<span style=\"color: #000000;\"><span style=\"font-family: verdana, geneva, sans-serif; font-size: 12pt;\"><img loading=\"lazy\" class=\"wp-image-29973 aligncenter\" src=\"http:\/\/www.deanreed.de\/AmericanRebel\/2017\/wp-content\/uploads\/2022\/04\/3-Kopie-300x81.png\" alt=\"\" width=\"667\" height=\"180\" srcset=\"https:\/\/www.deanreed.de\/AmericanRebel\/2017\/wp-content\/uploads\/2022\/04\/3-Kopie-300x81.png 300w, https:\/\/www.deanreed.de\/AmericanRebel\/2017\/wp-content\/uploads\/2022\/04\/3-Kopie.png 666w\" sizes=\"(max-width: 667px) 100vw, 667px\" \/><span style=\"color: #000000;\">Tats\u00e4chlich war und ist die Bek\u00e4mpfung der Konterrevolution die zentrale Klassenfrage, die Machtfrage der proletarischen Revolution, die Frage von Sein oder Nichtsein einer sozialistischen Gesellschaft. In einem interessanten Artikel widerlegt Andrea Sch\u00f6n hier die L\u00fcgen \u00fcber die angeblichen Stalinschen Massenmorde.<\/span><\/span><br \/>\n<span style=\"font-family: verdana, geneva, sans-serif; font-size: 12pt;\"><span style=\"color: #005a8c;\"><a style=\"color: #005a8c;\" href=\"https:\/\/www.der-revolutionaer.de\/geschichtsluegen-fundamente-des-anti-stalinismus\/\" target=\"_blank\" rel=\"noopener\"><em>\u00bbDer Revolution\u00e4r\u00ab berichtete<\/em><\/a><\/span><br \/>\n<span style=\"color: #ffffff;\">.<\/span><br \/>\n<span style=\"color: #ffffff;\">.<\/span><br \/>\n<span style=\"font-size: 14pt;\"><strong>10. April |<\/strong> <\/span><\/span><\/span><span style=\"font-size: 14pt;\"><strong><span style=\"font-family: verdana, geneva, sans-serif; color: #000000;\">Ostasien: Taiwan und Japan r\u00fcsten auf<\/span><\/strong><\/span><br \/>\n<span style=\"color: #000000;\"><span style=\"font-family: verdana, geneva, sans-serif; font-size: 12pt;\"><img loading=\"lazy\" class=\"wp-image-29976 aligncenter\" src=\"http:\/\/www.deanreed.de\/AmericanRebel\/2017\/wp-content\/uploads\/2022\/04\/eer-300x81.jpg\" alt=\"\" width=\"667\" height=\"180\" srcset=\"https:\/\/www.deanreed.de\/AmericanRebel\/2017\/wp-content\/uploads\/2022\/04\/eer-300x81.jpg 300w, https:\/\/www.deanreed.de\/AmericanRebel\/2017\/wp-content\/uploads\/2022\/04\/eer.jpg 666w\" sizes=\"(max-width: 667px) 100vw, 667px\" \/>Vor dem Hintergrund des Kriegs in der Ukraine verst\u00e4rken sich auch in Ostasien die Spannungen. Taiwan und Japan wollen ihre Streitkr\u00e4fte deutlich aufr\u00fcsten. Die Pl\u00e4ne richten sich vor allem gegen China. Auch andere Staaten haben R\u00fcstungsprogramme angek\u00fcndigt.<br \/>\n<\/span><span style=\"color: #005a8c;\"><a style=\"color: #005a8c;\" href=\"https:\/\/perspektive-online.net\/2022\/04\/ostasien-taiwan-und-japan-ruesten-auf\/\" target=\"_blank\" rel=\"noopener\"><span style=\"font-family: verdana, geneva, sans-serif; font-size: 12pt;\"><em>\u00bbPERSEKTIVE&gt;&gt;\u00ab berichtete<\/em><\/span><\/a><\/span><span style=\"font-family: verdana, geneva, sans-serif; font-size: 12pt;\"><br \/>\n<span style=\"color: #ffffff;\">.<\/span><br \/>\n<span style=\"color: #ffffff;\">.<\/span><br \/>\n<span style=\"font-size: 14pt;\"><strong>10. April |<\/strong><\/span><\/span><span style=\"font-size: 14pt;\"><strong><span style=\"font-family: verdana, geneva, sans-serif;\">Gedenkkundgebung 23 Jahre<br \/>\nNato-Angriff auf Jugoslawien<\/span><\/strong><\/span><\/span><br \/>\n<span style=\"color: #000000;\"><span style=\"font-family: verdana, geneva, sans-serif; font-size: 12pt;\"><img loading=\"lazy\" class=\"wp-image-29972 aligncenter\" src=\"http:\/\/www.deanreed.de\/AmericanRebel\/2017\/wp-content\/uploads\/2022\/04\/ddd-300x81.png\" alt=\"\" width=\"667\" height=\"180\" srcset=\"https:\/\/www.deanreed.de\/AmericanRebel\/2017\/wp-content\/uploads\/2022\/04\/ddd-300x81.png 300w, https:\/\/www.deanreed.de\/AmericanRebel\/2017\/wp-content\/uploads\/2022\/04\/ddd.png 666w\" sizes=\"(max-width: 667px) 100vw, 667px\" \/>Es versammelten sich mehrere Hundert Menschen, um der Opfer der NATO-Gewalt von 1999 zu gedenken. Dabei waren viele junge Menschen oft mit serbischen Wurzen, die die Aggression selbst gar nicht mehr bewusst miterlebt haben. Es waren aber auch viele der Aktivistinnen und Aktivsten da, die vor 23 Jahren 78 Tage lang t\u00e4glich demonstriert hatten.<br \/>\n<span style=\"color: #005a8c;\"><a style=\"color: #005a8c;\" href=\"https:\/\/info-welt.info\/2022\/04\/10\/gedenkkundgebung-23-jahre-nato-angriff-auf-jugoslawien\/\" target=\"_blank\" rel=\"noopener\"><em>\u00bbInfo-Welt\u00ab berichtete<\/em><\/a><\/span><br \/>\n<span style=\"color: #ffffff;\">.<\/span><br \/>\n<span style=\"color: #ffffff;\">.<\/span><br \/>\n<\/span><span style=\"font-family: verdana, geneva, sans-serif; font-size: 12pt;\"><span style=\"font-family: verdana, geneva, sans-serif; font-size: 14pt;\"><strong>10. April |<\/strong> <\/span><\/span><\/span><span style=\"font-size: 14pt;\"><strong><span style=\"font-family: verdana, geneva, sans-serif; color: #000000;\">Wolfgang Schorlau \u2013<br \/>\nimmer wieder f\u00fcr \u00dcberraschungen gut!<\/span><\/strong><\/span><br \/>\n<strong><span style=\"font-size: 12pt; font-family: verdana, geneva, sans-serif; color: #000000;\">Buchbesprechung: \u00bbBrennende K\u00e4lte\u00ab von Wolfgang Schorlau<\/span><\/strong><br \/>\n<img loading=\"lazy\" class=\"wp-image-28691 aligncenter\" src=\"http:\/\/www.deanreed.de\/AmericanRebel\/2017\/wp-content\/uploads\/2021\/10\/2-Kopie-1-300x81.png\" alt=\"\" width=\"667\" height=\"180\" srcset=\"https:\/\/www.deanreed.de\/AmericanRebel\/2017\/wp-content\/uploads\/2021\/10\/2-Kopie-1-300x81.png 300w, https:\/\/www.deanreed.de\/AmericanRebel\/2017\/wp-content\/uploads\/2021\/10\/2-Kopie-1.png 666w\" sizes=\"(max-width: 667px) 100vw, 667px\" \/><br \/>\n<span style=\"font-family: verdana, geneva, sans-serif; font-size: 12pt; color: #000000;\">Auch dieser Politkrimi von Wolfgang Schorlau endet mit einer deftigen \u00dcberraschung. Der Krimi\u2028 beginnt mit einer Routineaufgabe. Der Privatdetektiv Dengler soll im Auftrag\u2028der Ehefrau den verschwundenen Mann suchen. Der Fall hat es in sich. Der Mann\u2028 ist Mitglied des KSK der Bundeswehr und war zu Kampfeins\u00e4tzen im S\u00fcden \u2028Afghanistans.<br \/>\n<span style=\"font-size: 10pt;\"><em><span style=\"color: #005a8c; font-family: verdana, geneva, sans-serif; font-size: 12pt;\"><a style=\"color: #005a8c;\" href=\"http:\/\/www.deanreed.de\/AmericanRebel\/2017\/page\/2\/?s=Buchbesprechung\" target=\"_blank\" rel=\"noopener\">Mehr<\/a><\/span><br \/>\n<\/em><\/span><\/span><\/p>\n<p style=\"text-align: left;\"><span style=\"color: #ffffff;\">.<br \/>\n<span style=\"font-size: 18pt; color: #000000;\"><strong><span style=\"font-family: verdana, geneva, sans-serif;\">Veranstaltungshinweise<\/span><\/strong><\/span><\/span><\/p>\n<blockquote class=\"wp-embedded-content\" data-secret=\"vjv6u1WE9B\"><p><a href=\"https:\/\/rotermorgen.eu\/boykottiert-die-fussballweltmeisterschaft-in-katar\/\">Boykottiert die Fu\u00dfballweltmeisterschaft in Katar!<\/a><\/p><\/blockquote>\n<p><iframe class=\"wp-embedded-content\" sandbox=\"allow-scripts\" security=\"restricted\" style=\"position: absolute; clip: rect(1px, 1px, 1px, 1px);\" title=\"&#8222;Boykottiert die Fu\u00dfballweltmeisterschaft in Katar!&#8220; &#8212; \" src=\"https:\/\/rotermorgen.eu\/boykottiert-die-fussballweltmeisterschaft-in-katar\/embed\/#?secret=vjv6u1WE9B\" data-secret=\"vjv6u1WE9B\" width=\"500\" height=\"282\" frameborder=\"0\" marginwidth=\"0\" marginheight=\"0\" scrolling=\"no\"><\/iframe><\/p>\n<p><img loading=\"lazy\" class=\"alignnone wp-image-29787\" src=\"http:\/\/www.deanreed.de\/AmericanRebel\/2017\/wp-content\/uploads\/2022\/03\/solange-300x156.png\" alt=\"\" width=\"504\" height=\"262\" srcset=\"https:\/\/www.deanreed.de\/AmericanRebel\/2017\/wp-content\/uploads\/2022\/03\/solange-300x156.png 300w, https:\/\/www.deanreed.de\/AmericanRebel\/2017\/wp-content\/uploads\/2022\/03\/solange.png 750w\" sizes=\"(max-width: 504px) 100vw, 504px\" \/><\/p>\n<div class=\"\" data-block=\"true\" data-editor=\"7504f\" data-offset-key=\"bsm8h-0-0\">\n<div class=\"public-DraftStyleDefault-block public-DraftStyleDefault-ltr\" style=\"text-align: justify;\" data-offset-key=\"bsm8h-0-0\">\n<div class=\"\" data-block=\"true\" data-editor=\"7504f\" data-offset-key=\"bsm8h-0-0\">\n<div class=\"public-DraftStyleDefault-block public-DraftStyleDefault-ltr\" style=\"text-align: justify;\" data-offset-key=\"bsm8h-0-0\">\n<p><span style=\"color: #ffffff;\">.<img loading=\"lazy\" class=\"alignnone wp-image-29947\" src=\"http:\/\/www.deanreed.de\/AmericanRebel\/2017\/wp-content\/uploads\/2022\/04\/7-300x156.png\" alt=\"\" width=\"506\" height=\"263\" srcset=\"https:\/\/www.deanreed.de\/AmericanRebel\/2017\/wp-content\/uploads\/2022\/04\/7-300x156.png 300w, https:\/\/www.deanreed.de\/AmericanRebel\/2017\/wp-content\/uploads\/2022\/04\/7.png 750w\" sizes=\"(max-width: 506px) 100vw, 506px\" \/><\/span><\/p>\n<p style=\"text-align: center;\">\n<\/div>\n<\/div>\n<\/div>\n<\/div>\n<div class=\"\" data-block=\"true\" data-editor=\"7504f\" data-offset-key=\"bsm8h-0-0\">\n<div class=\"public-DraftStyleDefault-block public-DraftStyleDefault-ltr\" style=\"text-align: justify;\" data-offset-key=\"bsm8h-0-0\">\n<div class=\"\" data-block=\"true\" data-editor=\"7504f\" data-offset-key=\"bsm8h-0-0\">\n<div class=\"public-DraftStyleDefault-block public-DraftStyleDefault-ltr\" style=\"text-align: justify;\" data-offset-key=\"bsm8h-0-0\">\n<p style=\"text-align: center;\"><span style=\"font-size: 10pt;\"><span style=\"font-family: verdana, geneva, sans-serif;\"><span style=\"color: #ffffff;\">.<\/span><br \/>\n<span style=\"color: #000000;\">Die Redaktionen<\/span><\/span><span style=\"font-family: verdana, geneva, sans-serif; color: #000000;\"><strong><br \/>\n<\/strong>danken den Volkskorrespondenten\/-innen Hosteni, Zeki, Nico,<\/span><\/span><br \/>\n<span style=\"font-family: verdana, geneva, sans-serif; font-size: 10pt; color: #000000;\">KikiRebel, Rui-Filipe, Sascha, Heinz, Heinrich, Trixi, Fiete, Reinhold u. A.<\/span><br \/>\n<span style=\"font-family: verdana, geneva, sans-serif; font-size: 10pt; color: #000000;\">f\u00fcr die Unterst\u00fctzung bei der Erstellung.<strong><br \/>\n<\/strong>Dieser R\u00fcckblick erhebt nicht den Anspruch auf Vollst\u00e4ndigkeit.<\/span><br \/>\n<span style=\"font-family: verdana, geneva, sans-serif; font-size: 10pt; color: #000000;\"><strong>Verlinkte- und mit Namen gekennzeichnete Texte m\u00fcssen<\/strong><\/span><br \/>\n<span style=\"font-family: verdana, geneva, sans-serif; font-size: 10pt;\"><span style=\"color: #000000;\"><strong>nicht in allen Punkten den Meinungen unserer Redaktionen entsprechen.<br \/>\n.<br \/>\n\u00bbWochenr\u00fcckblick\u00ab ist ein Projekt von<\/strong><\/span><strong><a href=\"https:\/\/rotermorgen.eu\/8197-2\/\" target=\"_blank\" rel=\"noopener\"><img loading=\"lazy\" class=\"wp-image-8196 aligncenter\" src=\"https:\/\/rotermorgen.eu\/wp-content\/uploads\/2021\/01\/2-Kopie-2-1.png\" alt=\"\" width=\"292\" height=\"142\" \/><\/a>Schickt uns Eure Kurzberichte<br \/>\nund Veranstaltungshinweise!<br \/>\neMail: <a href=\"mailto:Wochenrueckblick@gmx.net\" target=\"_blank\" rel=\"noopener noreferrer\">Wochenrueckblick@gmx.net<\/a><br \/>\nRedaktionsschluss: Jeden Sonntag 20:00 Uhr<\/strong><\/span><span style=\"font-family: verdana, geneva, sans-serif; font-size: 12pt;\"><span style=\"color: #ffffff;\"><br \/>\n<\/span><\/span><\/p>\n<p><\/div><!-- .hide-this-part --><\/div><!-- hide-this-part-wrap --><\/p>\n<p style=\"text-align: center;\"><span style=\"font-family: verdana, geneva, sans-serif; font-size: 12pt;\"><span style=\"color: #ffffff;\"><span style=\"color: #000000;\"><span style=\"color: #ffffff;\">.<\/span><\/span><\/span><\/span><\/p>\n<\/div>\n<\/div>\n<\/div>\n<\/div>\n","protected":false},"excerpt":{"rendered":"<p>. Zur\u00fcckblickend auf die letzten Tage sind uns einige kommentierbare Vorkommnisse ins Auge gefallen, die wir hier zur Diskussion stellen. . 4. April | Von Zwangsm\u00e4usen und Angsthasen\/-\u00e4sinnen Die Sendung mit der Maus hat eine wunderbare, einf\u00fchlsame Sendung gemacht \u00fcber [&hellip;]<a class=\"more-link\" href=\"https:\/\/www.deanreed.de\/AmericanRebel\/2017\/2022\/04\/11\/wochenrueckblick-14-kalenderwoche-2022\/\">&darr; Lese den Rest von diesem Eintrag&#8230;<\/a><\/p>\n","protected":false},"author":2,"featured_media":0,"comment_status":"open","ping_status":"open","sticky":false,"template":"","format":"standard","meta":[],"categories":[5094],"tags":[4728,4866,5357,4729,4731,5358,4601,5186,1329,4734,4011,4736],"yoast_head":"<!-- This site is optimized with the Yoast SEO plugin v17.5 - https:\/\/yoast.com\/wordpress\/plugins\/seo\/ -->\n<title>- Wochenr\u00fcckblick 14. Kalenderwoche 2022 &ndash; Onlinezeitung AmericanRebel<\/title>\n<meta name=\"robots\" content=\"index, follow, max-snippet:-1, max-image-preview:large, max-video-preview:-1\" \/>\n<link rel=\"canonical\" href=\"https:\/\/www.deanreed.de\/AmericanRebel\/2017\/2022\/04\/11\/wochenrueckblick-14-kalenderwoche-2022\/\" \/>\n<meta property=\"og:locale\" content=\"de_DE\" \/>\n<meta property=\"og:type\" content=\"article\" \/>\n<meta property=\"og:title\" content=\"- Wochenr\u00fcckblick 14. Kalenderwoche 2022 &ndash; Onlinezeitung AmericanRebel\" \/>\n<meta property=\"og:description\" content=\"Zur\u00fcckblickend auf die letzten Tage sind uns einige kommentierbare Vorkommnisse ins Auge gefallen, die wir hier zur Diskussion stellen.\" \/>\n<meta property=\"og:url\" content=\"https:\/\/www.deanreed.de\/AmericanRebel\/2017\/2022\/04\/11\/wochenrueckblick-14-kalenderwoche-2022\/\" \/>\n<meta property=\"og:site_name\" content=\"Onlinezeitung AmericanRebel\" \/>\n<meta property=\"article:published_time\" content=\"2022-04-10T22:19:07+00:00\" \/>\n<meta property=\"article:modified_time\" content=\"2022-04-10T22:56:16+00:00\" \/>\n<meta property=\"og:image\" content=\"https:\/\/www.deanreed.de\/AmericanRebel\/2017\/wp-content\/uploads\/2020\/12\/3-Kopie.png\" \/>\n\t<meta property=\"og:image:width\" content=\"640\" \/>\n\t<meta property=\"og:image:height\" content=\"460\" \/>\n<meta name=\"twitter:card\" content=\"summary_large_image\" \/>\n<meta name=\"twitter:label1\" content=\"Verfasst von\" \/>\n\t<meta name=\"twitter:data1\" content=\"Redaktion\" \/>\n\t<meta name=\"twitter:label2\" content=\"Gesch\u00e4tzte Lesezeit\" \/>\n\t<meta name=\"twitter:data2\" content=\"7\u00a0Minuten\" \/>\n<script type=\"application\/ld+json\" class=\"yoast-schema-graph\">{\"@context\":\"https:\/\/schema.org\",\"@graph\":[{\"@type\":\"WebSite\",\"@id\":\"https:\/\/www.deanreed.de\/AmericanRebel\/2017\/#website\",\"url\":\"https:\/\/www.deanreed.de\/AmericanRebel\/2017\/\",\"name\":\"Onlinezeitung AmericanRebel\",\"description\":\"Internationale Onlinezeitung f\\u00fcr Frieden, Humanismus, V\\u00f6lkerverst\\u00e4ndigung und Kultur\",\"potentialAction\":[{\"@type\":\"SearchAction\",\"target\":{\"@type\":\"EntryPoint\",\"urlTemplate\":\"https:\/\/www.deanreed.de\/AmericanRebel\/2017\/?s={search_term_string}\"},\"query-input\":\"required name=search_term_string\"}],\"inLanguage\":\"de\"},{\"@type\":\"ImageObject\",\"@id\":\"https:\/\/www.deanreed.de\/AmericanRebel\/2017\/2022\/04\/11\/wochenrueckblick-14-kalenderwoche-2022\/#primaryimage\",\"inLanguage\":\"de\",\"url\":\"https:\/\/www.deanreed.de\/AmericanRebel\/2017\/wp-content\/uploads\/2020\/12\/3-Kopie.png\",\"contentUrl\":\"https:\/\/www.deanreed.de\/AmericanRebel\/2017\/wp-content\/uploads\/2020\/12\/3-Kopie.png\",\"width\":640,\"height\":460},{\"@type\":\"WebPage\",\"@id\":\"https:\/\/www.deanreed.de\/AmericanRebel\/2017\/2022\/04\/11\/wochenrueckblick-14-kalenderwoche-2022\/#webpage\",\"url\":\"https:\/\/www.deanreed.de\/AmericanRebel\/2017\/2022\/04\/11\/wochenrueckblick-14-kalenderwoche-2022\/\",\"name\":\"- Wochenr\\u00fcckblick 14. Kalenderwoche 2022 &ndash; Onlinezeitung AmericanRebel\",\"isPartOf\":{\"@id\":\"https:\/\/www.deanreed.de\/AmericanRebel\/2017\/#website\"},\"primaryImageOfPage\":{\"@id\":\"https:\/\/www.deanreed.de\/AmericanRebel\/2017\/2022\/04\/11\/wochenrueckblick-14-kalenderwoche-2022\/#primaryimage\"},\"datePublished\":\"2022-04-10T22:19:07+00:00\",\"dateModified\":\"2022-04-10T22:56:16+00:00\",\"author\":{\"@id\":\"https:\/\/www.deanreed.de\/AmericanRebel\/2017\/#\/schema\/person\/9edfca7917cd10b75edaae51c6e7935a\"},\"breadcrumb\":{\"@id\":\"https:\/\/www.deanreed.de\/AmericanRebel\/2017\/2022\/04\/11\/wochenrueckblick-14-kalenderwoche-2022\/#breadcrumb\"},\"inLanguage\":\"de\",\"potentialAction\":[{\"@type\":\"ReadAction\",\"target\":[\"https:\/\/www.deanreed.de\/AmericanRebel\/2017\/2022\/04\/11\/wochenrueckblick-14-kalenderwoche-2022\/\"]}]},{\"@type\":\"BreadcrumbList\",\"@id\":\"https:\/\/www.deanreed.de\/AmericanRebel\/2017\/2022\/04\/11\/wochenrueckblick-14-kalenderwoche-2022\/#breadcrumb\",\"itemListElement\":[{\"@type\":\"ListItem\",\"position\":1,\"name\":\"Startseite\",\"item\":\"https:\/\/www.deanreed.de\/AmericanRebel\/2017\/\"},{\"@type\":\"ListItem\",\"position\":2,\"name\":\"&#8211; Wochenr\\u00fcckblick 14. Kalenderwoche 2022\"}]},{\"@type\":\"Person\",\"@id\":\"https:\/\/www.deanreed.de\/AmericanRebel\/2017\/#\/schema\/person\/9edfca7917cd10b75edaae51c6e7935a\",\"name\":\"Redaktion\",\"url\":\"https:\/\/www.deanreed.de\/AmericanRebel\/2017\/author\/redaktion\/\"}]}<\/script>\n<!-- \/ Yoast SEO plugin. -->","yoast_head_json":{"title":"- Wochenr\u00fcckblick 14. Kalenderwoche 2022 &ndash; Onlinezeitung AmericanRebel","robots":{"index":"index","follow":"follow","max-snippet":"max-snippet:-1","max-image-preview":"max-image-preview:large","max-video-preview":"max-video-preview:-1"},"canonical":"https:\/\/www.deanreed.de\/AmericanRebel\/2017\/2022\/04\/11\/wochenrueckblick-14-kalenderwoche-2022\/","og_locale":"de_DE","og_type":"article","og_title":"- Wochenr\u00fcckblick 14. Kalenderwoche 2022 &ndash; Onlinezeitung AmericanRebel","og_description":"Zur\u00fcckblickend auf die letzten Tage sind uns einige kommentierbare Vorkommnisse ins Auge gefallen, die wir hier zur Diskussion stellen.","og_url":"https:\/\/www.deanreed.de\/AmericanRebel\/2017\/2022\/04\/11\/wochenrueckblick-14-kalenderwoche-2022\/","og_site_name":"Onlinezeitung AmericanRebel","article_published_time":"2022-04-10T22:19:07+00:00","article_modified_time":"2022-04-10T22:56:16+00:00","og_image":[{"width":640,"height":460,"url":"https:\/\/www.deanreed.de\/AmericanRebel\/2017\/wp-content\/uploads\/2020\/12\/3-Kopie.png","type":"image\/png"}],"twitter_card":"summary_large_image","twitter_misc":{"Verfasst von":"Redaktion","Gesch\u00e4tzte Lesezeit":"7\u00a0Minuten"},"schema":{"@context":"https:\/\/schema.org","@graph":[{"@type":"WebSite","@id":"https:\/\/www.deanreed.de\/AmericanRebel\/2017\/#website","url":"https:\/\/www.deanreed.de\/AmericanRebel\/2017\/","name":"Onlinezeitung AmericanRebel","description":"Internationale Onlinezeitung f\u00fcr Frieden, Humanismus, V\u00f6lkerverst\u00e4ndigung und Kultur","potentialAction":[{"@type":"SearchAction","target":{"@type":"EntryPoint","urlTemplate":"https:\/\/www.deanreed.de\/AmericanRebel\/2017\/?s={search_term_string}"},"query-input":"required name=search_term_string"}],"inLanguage":"de"},{"@type":"ImageObject","@id":"https:\/\/www.deanreed.de\/AmericanRebel\/2017\/2022\/04\/11\/wochenrueckblick-14-kalenderwoche-2022\/#primaryimage","inLanguage":"de","url":"https:\/\/www.deanreed.de\/AmericanRebel\/2017\/wp-content\/uploads\/2020\/12\/3-Kopie.png","contentUrl":"https:\/\/www.deanreed.de\/AmericanRebel\/2017\/wp-content\/uploads\/2020\/12\/3-Kopie.png","width":640,"height":460},{"@type":"WebPage","@id":"https:\/\/www.deanreed.de\/AmericanRebel\/2017\/2022\/04\/11\/wochenrueckblick-14-kalenderwoche-2022\/#webpage","url":"https:\/\/www.deanreed.de\/AmericanRebel\/2017\/2022\/04\/11\/wochenrueckblick-14-kalenderwoche-2022\/","name":"- Wochenr\u00fcckblick 14. Kalenderwoche 2022 &ndash; Onlinezeitung AmericanRebel","isPartOf":{"@id":"https:\/\/www.deanreed.de\/AmericanRebel\/2017\/#website"},"primaryImageOfPage":{"@id":"https:\/\/www.deanreed.de\/AmericanRebel\/2017\/2022\/04\/11\/wochenrueckblick-14-kalenderwoche-2022\/#primaryimage"},"datePublished":"2022-04-10T22:19:07+00:00","dateModified":"2022-04-10T22:56:16+00:00","author":{"@id":"https:\/\/www.deanreed.de\/AmericanRebel\/2017\/#\/schema\/person\/9edfca7917cd10b75edaae51c6e7935a"},"breadcrumb":{"@id":"https:\/\/www.deanreed.de\/AmericanRebel\/2017\/2022\/04\/11\/wochenrueckblick-14-kalenderwoche-2022\/#breadcrumb"},"inLanguage":"de","potentialAction":[{"@type":"ReadAction","target":["https:\/\/www.deanreed.de\/AmericanRebel\/2017\/2022\/04\/11\/wochenrueckblick-14-kalenderwoche-2022\/"]}]},{"@type":"BreadcrumbList","@id":"https:\/\/www.deanreed.de\/AmericanRebel\/2017\/2022\/04\/11\/wochenrueckblick-14-kalenderwoche-2022\/#breadcrumb","itemListElement":[{"@type":"ListItem","position":1,"name":"Startseite","item":"https:\/\/www.deanreed.de\/AmericanRebel\/2017\/"},{"@type":"ListItem","position":2,"name":"&#8211; Wochenr\u00fcckblick 14. Kalenderwoche 2022"}]},{"@type":"Person","@id":"https:\/\/www.deanreed.de\/AmericanRebel\/2017\/#\/schema\/person\/9edfca7917cd10b75edaae51c6e7935a","name":"Redaktion","url":"https:\/\/www.deanreed.de\/AmericanRebel\/2017\/author\/redaktion\/"}]}},"_links":{"self":[{"href":"https:\/\/www.deanreed.de\/AmericanRebel\/2017\/wp-json\/wp\/v2\/posts\/29987"}],"collection":[{"href":"https:\/\/www.deanreed.de\/AmericanRebel\/2017\/wp-json\/wp\/v2\/posts"}],"about":[{"href":"https:\/\/www.deanreed.de\/AmericanRebel\/2017\/wp-json\/wp\/v2\/types\/post"}],"author":[{"embeddable":true,"href":"https:\/\/www.deanreed.de\/AmericanRebel\/2017\/wp-json\/wp\/v2\/users\/2"}],"replies":[{"embeddable":true,"href":"https:\/\/www.deanreed.de\/AmericanRebel\/2017\/wp-json\/wp\/v2\/comments?post=29987"}],"version-history":[{"count":10,"href":"https:\/\/www.deanreed.de\/AmericanRebel\/2017\/wp-json\/wp\/v2\/posts\/29987\/revisions"}],"predecessor-version":[{"id":29998,"href":"https:\/\/www.deanreed.de\/AmericanRebel\/2017\/wp-json\/wp\/v2\/posts\/29987\/revisions\/29998"}],"wp:attachment":[{"href":"https:\/\/www.deanreed.de\/AmericanRebel\/2017\/wp-json\/wp\/v2\/media?parent=29987"}],"wp:term":[{"taxonomy":"category","embeddable":true,"href":"https:\/\/www.deanreed.de\/AmericanRebel\/2017\/wp-json\/wp\/v2\/categories?post=29987"},{"taxonomy":"post_tag","embeddable":true,"href":"https:\/\/www.deanreed.de\/AmericanRebel\/2017\/wp-json\/wp\/v2\/tags?post=29987"}],"curies":[{"name":"wp","href":"https:\/\/api.w.org\/{rel}","templated":true}]}}