{"id":29948,"date":"2022-04-03T20:03:32","date_gmt":"2022-04-03T18:03:32","guid":{"rendered":"http:\/\/www.deanreed.de\/AmericanRebel\/2017\/?p=29948"},"modified":"2022-04-03T20:17:03","modified_gmt":"2022-04-03T18:17:03","slug":"wochenrueckblick-13-kalenderwoche-2022","status":"publish","type":"post","link":"https:\/\/www.deanreed.de\/AmericanRebel\/2017\/2022\/04\/03\/wochenrueckblick-13-kalenderwoche-2022\/","title":{"rendered":"&#8211; Wochenr\u00fcckblick 13. Kalenderwoche 2022"},"content":{"rendered":"<p style=\"text-align: justify;\"><span style=\"color: #993300; font-size: 14pt;\"><strong><span style=\"font-family: verdana, geneva, sans-serif;\"><img loading=\"lazy\" class=\"wp-image-26025 aligncenter\" src=\"http:\/\/www.deanreed.de\/AmericanRebel\/2017\/wp-content\/uploads\/2020\/10\/AR_WR_2-300x75.png\" alt=\"\" width=\"668\" height=\"167\" srcset=\"https:\/\/www.deanreed.de\/AmericanRebel\/2017\/wp-content\/uploads\/2020\/10\/AR_WR_2-300x75.png 300w, https:\/\/www.deanreed.de\/AmericanRebel\/2017\/wp-content\/uploads\/2020\/10\/AR_WR_2.png 700w\" sizes=\"(max-width: 668px) 100vw, 668px\" \/><span style=\"color: #ffffff;\">.<\/span><br \/>\nZur\u00fcckblickend auf die letzten Tage sind uns einige kommentierbare Vorkommnisse ins Auge gefallen, die wir hier zur Diskussion stellen.<\/span><\/strong><\/span><\/p>\n<p class=\"entry-title\" style=\"text-align: justify;\"><span style=\"color: #000000;\"><span style=\"font-family: verdana, geneva, sans-serif; font-size: 12pt;\"><br \/>\n<span style=\"font-size: 14pt;\"><strong>28. M\u00e4rz | <\/strong><\/span><\/span><\/span><span style=\"font-family: verdana, geneva, sans-serif; font-size: 12pt; color: #000000;\"><span style=\"font-size: 14pt;\"><strong>Scharf Gew\u00fcrztes<\/strong><\/span><br \/>\n<\/span><span style=\"font-family: verdana, geneva, sans-serif; font-size: 12pt; color: #000000;\"><img loading=\"lazy\" class=\" wp-image-29940 aligncenter\" src=\"http:\/\/www.deanreed.de\/AmericanRebel\/2017\/wp-content\/uploads\/2022\/04\/lu\u03089o9ss-300x81.png\" alt=\"\" width=\"670\" height=\"181\" srcset=\"https:\/\/www.deanreed.de\/AmericanRebel\/2017\/wp-content\/uploads\/2022\/04\/lu\u03089o9ss-300x81.png 300w, https:\/\/www.deanreed.de\/AmericanRebel\/2017\/wp-content\/uploads\/2022\/04\/lu\u03089o9ss.png 666w\" sizes=\"(max-width: 670px) 100vw, 670px\" \/>Buchtipp, Egbert Scheunemann: \u201eU\u0308ber uns wird die Kellerwohnung frei \u2013 Erza\u0308hlungen, Kurzgeschichten, Anekdoten\u201cLiest man den Titel, muss man unwillku\u0308rlich stutzen und la\u0308cheln. Wer wohnt denn unter einem Keller? So tief unten? So tief gesunken?<\/span><br \/>\n<span style=\"color: #005a8c;\"><a style=\"color: #005a8c;\" href=\"https:\/\/rotermorgen.eu\/scharf-gewuerztes\/\" target=\"_blank\" rel=\"noopener\"><span style=\"font-family: verdana, geneva, sans-serif; font-size: 12pt;\"><em>\u00bbRoterMorgen\u00ab berichtete<\/em><\/span><\/a><\/span><span style=\"color: #000000;\"><span style=\"font-family: verdana, geneva, sans-serif; font-size: 12pt;\"><br \/>\n<span style=\"color: #ffffff;\">.<\/span><\/span><\/span><span style=\"color: #000000;\"><span style=\"font-family: verdana, geneva, sans-serif; font-size: 12pt;\"><br \/>\n<span style=\"font-size: 14pt; color: #000000;\"><strong>29. M\u00e4rz |<\/strong> <\/span><\/span><\/span><span style=\"font-size: 14pt; color: #000000;\"><strong><span style=\"font-family: verdana, geneva, sans-serif;\">Zum Wesen des Krieges in der Ukraine<\/span><\/strong><\/span><br \/>\n<span style=\"font-family: verdana, geneva, sans-serif; font-size: 12pt;\"><span style=\"color: #000000;\"><img loading=\"lazy\" class=\"wp-image-29941 aligncenter\" src=\"http:\/\/www.deanreed.de\/AmericanRebel\/2017\/wp-content\/uploads\/2022\/04\/8888-300x81.jpg\" alt=\"\" width=\"667\" height=\"180\" srcset=\"https:\/\/www.deanreed.de\/AmericanRebel\/2017\/wp-content\/uploads\/2022\/04\/8888-300x81.jpg 300w, https:\/\/www.deanreed.de\/AmericanRebel\/2017\/wp-content\/uploads\/2022\/04\/8888.jpg 666w\" sizes=\"(max-width: 667px) 100vw, 667px\" \/>Der Ukraine-Krieg ist dem Wesen nach kein Krieg zwischen der Ukraine und Ru\u00dfland, sondern zwischen dem US-Imperialismus (NATO) und dem russischen Imperialismus.<\/span><br \/>\n<\/span><span style=\"color: #005a8c;\"><span style=\"font-family: verdana, geneva, sans-serif; font-size: 12pt;\"><a style=\"color: #005a8c;\" href=\"https:\/\/rotermorgen.eu\/zum-wesen-des-krieges-in-der-ukraine\/\" target=\"_blank\" rel=\"noopener\"><em>\u00bbRoterMorgen\u00ab berichtete<\/em><\/a><\/span><\/span><span style=\"color: #000000;\"><span style=\"font-family: verdana, geneva, sans-serif; font-size: 12pt;\"><br \/>\n<span style=\"color: #ffffff;\">.<\/span><br \/>\n<span style=\"font-size: 14pt; color: #000000;\"><strong>30. M\u00e4rz<span style=\"font-size: 14pt;\"> | <\/span><\/strong><\/span><\/span><\/span><span style=\"font-size: 14pt; color: #000000;\"><strong><span style=\"font-family: verdana, geneva, sans-serif;\">Die zweite Kriegsfront \u2013 Repression<br \/>\ngegen jede Opposition in Russland<\/span><\/strong><\/span><br \/>\n<span style=\"font-family: verdana, geneva, sans-serif;\"><span style=\"font-size: 12pt; color: #000000;\"><img loading=\"lazy\" class=\"wp-image-29939 aligncenter\" src=\"http:\/\/www.deanreed.de\/AmericanRebel\/2017\/wp-content\/uploads\/2022\/04\/ser-300x81.png\" alt=\"\" width=\"670\" height=\"181\" srcset=\"https:\/\/www.deanreed.de\/AmericanRebel\/2017\/wp-content\/uploads\/2022\/04\/ser-300x81.png 300w, https:\/\/www.deanreed.de\/AmericanRebel\/2017\/wp-content\/uploads\/2022\/04\/ser.png 666w\" sizes=\"(max-width: 670px) 100vw, 670px\" \/>Ich m\u00f6chte daran <span id=\"decorator-corrected-entity-id-6\" data-entity-key=\"6\" data-offset-key=\"9r4ob-1-0\">erinnern, <\/span><span id=\"decorator-corrected-entity-id-16\" data-entity-key=\"16\" data-offset-key=\"9r4ob-2-0\">dass<\/span> der russische Staat an quasi zwei Fronten k\u00e4mpft. Die Bedeutung der zweiten Kampffront ist nicht zu untersch\u00e4tzen. Jede <span id=\"decorator-corrected-entity-id-23\" data-entity-key=\"23\" data-offset-key=\"9r4ob-4-0\">Person, die<\/span> sich in irgendeiner Form f\u00fcr den Frieden <span id=\"decorator-corrected-entity-id-20\" data-entity-key=\"20\" data-offset-key=\"9r4ob-6-0\">einsetzt<\/span>, ob durch Schriften, Teilnahme an Demos oder durch Anti-Kriegs-Graffiti an den W\u00e4nden, ist davon betroffen! Der j\u00fcngste Angriff richtete sich gegen linke Aktivisten: mehrere Genossen\/innen eines marxistischen Lesekreises in Ufa wurden wegen Terrorismus angeklagt.<br \/>\n<\/span><span style=\"color: #005a8c;\"><a style=\"color: #005a8c;\" href=\"https:\/\/rotermorgen.eu\/die-zweite-kriegsfront-repression-gegen-jede-opposition-in-russland\/\" target=\"_blank\" rel=\"noopener\"><span style=\"font-size: 12pt;\"><em>\u00bbRoterMorgen\u00ab berichtete<\/em><\/span><\/a><\/span><\/span><span style=\"color: #000000;\"><span style=\"font-family: verdana, geneva, sans-serif; font-size: 12pt;\"><br \/>\n<span style=\"color: #ffffff;\">.<\/span><br \/>\n<span style=\"font-size: 14pt;\"><strong>31. M\u00e4rz |<\/strong> <\/span><\/span><\/span><span style=\"font-size: 14pt;\"><strong><span style=\"font-family: verdana, geneva, sans-serif; color: #000000;\">Lenin zur \u00bbstetigen Verf\u00fcgbarkeit von billigen<br \/>\nArbeitskr\u00e4ften\u00ab und der Sprache des Imperialismus<br \/>\n<\/span><\/strong><\/span><span style=\"font-family: verdana, geneva, sans-serif; font-size: 12pt; color: #000000;\"><img loading=\"lazy\" class=\"wp-image-29942 aligncenter\" src=\"http:\/\/www.deanreed.de\/AmericanRebel\/2017\/wp-content\/uploads\/2022\/04\/r5565-300x81.jpeg\" alt=\"\" width=\"670\" height=\"181\" srcset=\"https:\/\/www.deanreed.de\/AmericanRebel\/2017\/wp-content\/uploads\/2022\/04\/r5565-300x81.jpeg 300w, https:\/\/www.deanreed.de\/AmericanRebel\/2017\/wp-content\/uploads\/2022\/04\/r5565.jpeg 666w\" sizes=\"(max-width: 670px) 100vw, 670px\" \/>In der spanischen Provinz Almer\u00eda hat sich seit Beginn der 1970er-Jahre eine gigantische Gem\u00fcseproduktion entwickelt, die mittlerweile eine Fl\u00e4che von circa 30.000 Hektar Plastikgew\u00e4chsh\u00e4usern umfasst. Diese Entwicklung bildet die Grundlage f\u00fcr den wirtschaftlichen Aufschwung der Region und dem unermesslichen Reichtum der Plantagenbetreiber. Er kommt nur durch die perverse Ausbeutung marokkanischer Arbeitskr\u00e4fte in Almer\u00edas Gew\u00e4chsh\u00e4usern, die von den Bossen ver\u00e4chtlich als \u201e<em>manos de cosecha<\/em>\u201d, was so viel hei\u00dft wie \u00bbErnteh\u00e4nde\u00ab, bezeichnet werden, zustande. Die \u201eHerren\u201c sch\u00e4tzen, wie sie sich ausdr\u00fccken, die \u00bb<em>stetige Verf\u00fcgbarkeit<\/em>\u00ab von billigen Arbeitskr\u00e4ften.<\/span><br \/>\n<span style=\"color: #000000;\"><span style=\"font-family: verdana, geneva, sans-serif; font-size: 12pt;\"><span style=\"color: #005a8c;\"><a style=\"color: #005a8c;\" href=\"https:\/\/rotermorgen.eu\/lenin-zur-stetige-verfuegbarkeit-von-billigen-arbeitskraeften-und-der-sprach-des-imperialismus\/\" target=\"_blank\" rel=\"noopener\"><em>\u00bbRoterMorgen\u00ab berichtete<\/em><\/a><\/span><br \/>\n<span style=\"color: #ffffff;\">.<\/span><br \/>\n<span style=\"font-size: 14pt; color: #000000;\"><strong>31. M\u00e4rz |<\/strong> <\/span><\/span><\/span><span style=\"font-family: verdana, geneva, sans-serif; font-size: 12pt;\"><span style=\"font-size: 14pt; color: #000000;\"><strong>Wir sind Teil vom Internationalistischen<br \/>\nB\u00fcndnis Nordberlin<\/strong><\/span><br \/>\n<\/span><span style=\"color: #000000;\"><span style=\"font-family: verdana, geneva, sans-serif; font-size: 12pt;\"><img loading=\"lazy\" class=\"wp-image-29943 aligncenter\" src=\"http:\/\/www.deanreed.de\/AmericanRebel\/2017\/wp-content\/uploads\/2022\/04\/rrtz-Kopie-300x81.png\" alt=\"\" width=\"667\" height=\"180\" srcset=\"https:\/\/www.deanreed.de\/AmericanRebel\/2017\/wp-content\/uploads\/2022\/04\/rrtz-Kopie-300x81.png 300w, https:\/\/www.deanreed.de\/AmericanRebel\/2017\/wp-content\/uploads\/2022\/04\/rrtz-Kopie.png 666w\" sizes=\"(max-width: 667px) 100vw, 667px\" \/>Wir kommen aus unterschiedlichen Str\u00f6mungen der revolution\u00e4ren Linken. Uns eint das Ziel einer gemeinsamen mobilisierenden Arbeit gegen Krieg und R\u00fcstungsexporte und f\u00fcr antimilitarisitsche Politik, gegen Rassismus und Faschismus, gegen den Abbau demokratischer Rechte und f\u00fcr internationale Solidarit\u00e4t. Wir wenden uns dabei geschlossen gegen die kapitalorientierte und kriegstreiberische Politik der Bundes- und Landesregierungen und wollen unsere Viertel im Norden Berlins zum Ausgangspunkt politischen Gegenprotests machen.<\/span><strong><br \/>\n<\/strong><span style=\"font-family: verdana, geneva, sans-serif; font-size: 12pt; color: #005a8c;\"><a style=\"color: #005a8c;\" href=\"https:\/\/www.unverwertbar.org\/aktuell\/2022\/7182\/\" target=\"_blank\" rel=\"noopener\"><em>\u00bbH\u00e4nde weg vom WEDDING!\u00ab berichtete<\/em><\/a><\/span><\/span><span style=\"color: #000000;\"><span style=\"font-family: verdana, geneva, sans-serif; font-size: 12pt;\"><br \/>\n<span style=\"color: #ffffff;\">.<\/span><br \/>\n<span style=\"font-size: 14pt;\"><strong>2. April | <\/strong><\/span><\/span><span style=\"font-size: 14pt;\"><strong><span style=\"font-family: verdana, geneva, sans-serif;\">\u201eWir m\u00fcssen eine klassenk\u00e4mpferische<br \/>\nAntikriegsbewegung aufbauen\u201c<\/span><\/strong><\/span><\/span><br \/>\n<span style=\"color: #000000; font-family: verdana, geneva, sans-serif;\"><img loading=\"lazy\" class=\"wp-image-29945 aligncenter\" src=\"http:\/\/www.deanreed.de\/AmericanRebel\/2017\/wp-content\/uploads\/2022\/04\/t6778-300x81.png\" alt=\"\" width=\"667\" height=\"180\" srcset=\"https:\/\/www.deanreed.de\/AmericanRebel\/2017\/wp-content\/uploads\/2022\/04\/t6778-300x81.png 300w, https:\/\/www.deanreed.de\/AmericanRebel\/2017\/wp-content\/uploads\/2022\/04\/t6778.png 666w\" sizes=\"(max-width: 667px) 100vw, 667px\" \/><span style=\"font-size: 12pt;\">Der Einmarsch Russlands in die Ukraine brachte noch am selben Tag tausende Menschen in Deutschland auf die Stra\u00dfe, um gegen den Krieg zu protestieren. Die <a style=\"color: #000000;\" href=\"https:\/\/internationale-jugend.de\/\">Internationale Jugend<\/a> ist eine der Organisationen, die anti-imperialistische Demonstrationen in verschiedenen St\u00e4dten mitorganisierte und schon seit mehreren Jahren gegen Krieg, Krise und Kapitalismus aktiv ist. Wir haben sie zum Interview \u00fcber den Krieg und ihre Einsch\u00e4tzung der Lage in Deutschland getroffen.<\/span><\/span><span style=\"font-size: 12pt;\"><strong><br \/>\n<\/strong><\/span><span style=\"color: #000000;\"><span style=\"font-family: verdana, geneva, sans-serif; font-size: 12pt;\"><span style=\"color: #005a8c;\"><a style=\"color: #005a8c;\" href=\"https:\/\/perspektive-online.net\/2022\/04\/wir-muessen-eine-klassenkaempferische-antikriegsbewegung-aufbauen\/\" target=\"_blank\" rel=\"noopener\"><em>\u00bbperspektive&gt;&gt;\u00ab berichtete<\/em><\/a><\/span><br \/>\n<span style=\"color: #ffffff;\">.<\/span><br \/>\n<strong><span style=\"font-family: verdana, geneva, sans-serif; font-size: 14pt;\">2. April |<\/span><\/strong> <\/span><\/span><span style=\"font-family: verdana, geneva, sans-serif;\"><strong><span style=\"font-size: 14pt; color: #000000;\">Fourier und Dzierzynski<\/span><\/strong><span style=\"color: #000000;\"><span style=\"font-size: 12pt;\"><img loading=\"lazy\" class=\"wp-image-16120 aligncenter\" src=\"https:\/\/rotermorgen.eu\/wp-content\/uploads\/2021\/12\/Die-Volkskorrespondenz-zum-Wochenende-300x81.png\" alt=\"\" width=\"667\" height=\"180\" \/>Es wird in der Sekund\u00e4rliteratur zum Werk von Charles Fourier ber\u00fchrt, in den Kommunebildungen der 68er Studentenbewe- gung Grundmuster der soziet\u00e4ren Gemeinschaft des utopischen Sozialisten zu erkennen. Das hat etwas f\u00fcr sich, denn dieser Utopist huldigte der kleinb\u00fcrgerlichen Libertinage und verf\u00fchrte den erlebnishungrigen, meist konservativen Elternh\u00e4usern entkommenen und politisch ungebildeten Studentinnen und Studenten zu dem Irrsinn, die Stra\u00dfe zum Kommunismus trage statt des Namens Felix Dzierschynski den Namen Sex, Drugs &amp; Rockn\u2018 Roll.<\/span><\/span><br \/>\n<span style=\"color: #000000;\"><a href=\"https:\/\/rotermorgen.eu\/fourier-und-dzierzynski\/\" target=\"_blank\" rel=\"noopener\"><span style=\"font-size: 12pt;\"><em><span style=\"color: #005a8c;\"><span style=\"font-size: 12pt;\"><span style=\"color: #005a8c;\"><span style=\"color: #ff0000;\"><span style=\"color: #993300;\">\u00bbRoterMorgen\u00ab berichtete<\/span><\/span><\/span><\/span><\/span><\/em><\/span><\/a><\/span><\/span><br \/>\n<span style=\"font-family: verdana, geneva, sans-serif; font-size: 12pt; color: #ffffff;\">.<\/span><span style=\"color: #000000;\"><span style=\"font-family: verdana, geneva, sans-serif; font-size: 12pt;\"><span style=\"font-size: 14pt;\"><span style=\"font-size: 12pt;\"><strong><br \/>\n<span style=\"font-size: 14pt;\">2. April |<\/span><\/strong> <\/span><\/span><\/span><\/span><span class=\"post-title__text blog-post-title-font blog-post-title-color\" style=\"color: #000000; font-family: verdana, geneva, sans-serif; font-size: 12pt;\"><span class=\"blog-post-title-font blog-post-title-color\"><strong><span style=\"font-size: 14pt;\">Solidarit\u00e4t mit den politischen Gefangenen in Indien<\/span><\/strong><br \/>\n<\/span><\/span><span style=\"color: #000000;\"><span class=\"_2PHJq public-DraftStyleDefault-ltr\" style=\"font-family: verdana, geneva, sans-serif; font-size: 12pt;\"><img loading=\"lazy\" class=\"wp-image-29946 aligncenter\" src=\"http:\/\/www.deanreed.de\/AmericanRebel\/2017\/wp-content\/uploads\/2022\/04\/wer-300x81.png\" alt=\"\" width=\"667\" height=\"180\" srcset=\"https:\/\/www.deanreed.de\/AmericanRebel\/2017\/wp-content\/uploads\/2022\/04\/wer-300x81.png 300w, https:\/\/www.deanreed.de\/AmericanRebel\/2017\/wp-content\/uploads\/2022\/04\/wer.png 666w\" sizes=\"(max-width: 667px) 100vw, 667px\" \/>Am 18. M\u00e4rz, dem internationalen Tag der politischen Gefangenen, fand eine Kundgebung vor der indischen Botschaft in Wien statt. Sie war Teil einer weltweiten Kampagne zur Verteidigung und Freilassung der politischen Gefangenen Indiens. <\/span><br \/>\n<span style=\"font-family: verdana, geneva, sans-serif; font-size: 12pt;\"><span style=\"color: #005a8c;\"><a style=\"color: #005a8c;\" href=\"https:\/\/www.rotefahne.at\/post\/solidarit%C3%A4t-mit-den-politischen-gefangenen-in-indien\" target=\"_blank\" rel=\"noopener\"><em>\u00bbDie Rote Fahne\u00ab berichtete<\/em><\/a><\/span><br \/>\n<span style=\"color: #ffffff;\">.<\/span><\/span><span style=\"font-family: verdana, geneva, sans-serif; font-size: 12pt;\"><br \/>\n<span style=\"font-size: 14pt; color: #000000;\"><strong>3. April |<\/strong> <\/span><\/span><\/span><span style=\"font-size: 14pt; color: #000000;\"><strong><span style=\"font-family: verdana, geneva, sans-serif;\">Lebensmittelrettung als Gesch\u00e4ft<br \/>\nauf Kosten von Bed\u00fcrftigen?<\/span><\/strong><\/span><br \/>\n<span style=\"font-family: verdana, geneva, sans-serif; font-size: 12pt; color: #000000;\"><img loading=\"lazy\" class=\"wp-image-29944 aligncenter\" src=\"http:\/\/www.deanreed.de\/AmericanRebel\/2017\/wp-content\/uploads\/2022\/04\/qqw-Kopie-300x81.png\" alt=\"\" width=\"667\" height=\"180\" srcset=\"https:\/\/www.deanreed.de\/AmericanRebel\/2017\/wp-content\/uploads\/2022\/04\/qqw-Kopie-300x81.png 300w, https:\/\/www.deanreed.de\/AmericanRebel\/2017\/wp-content\/uploads\/2022\/04\/qqw-Kopie.png 666w\" sizes=\"(max-width: 667px) 100vw, 667px\" \/>Lebensmittelretten ist modern f\u00fcr die einen und f\u00fcr immer mehr Menschen aber eine Notwendigkeit. In jedem Fall hat sich ein gutes und profittr\u00e4chtiges Gesch\u00e4ftsmodell entwickelt, worunter offenbar die Tafeln leiden.<\/span><br \/>\n<span style=\"color: #000000;\"><span style=\"font-family: verdana, geneva, sans-serif; font-size: 12pt;\"><span style=\"color: #005a8c;\"><a style=\"color: #005a8c;\" href=\"https:\/\/zeitungderarbeit.at\/klassenkampf\/lebensmittelrettung-als-geschaeft-auf-kosten-von-beduerftigen\/\" target=\"_blank\" rel=\"noopener\"><em>\u00bbZeitung der Arbeit\u00ab berichtete<\/em><\/a><\/span><br \/>\n<span style=\"color: #ffffff;\">.<\/span><br \/>\n<\/span><span style=\"font-family: verdana, geneva, sans-serif; font-size: 12pt;\"><span style=\"font-family: verdana, geneva, sans-serif; font-size: 14pt;\"><strong>3. April |<\/strong> <\/span><\/span><\/span><span style=\"font-size: 14pt;\"><strong><span style=\"font-family: verdana, geneva, sans-serif; color: #000000;\">NS-Akteure und \u00bbVolksgemeinschaft\u00ab<\/span><\/strong><\/span><br \/>\n<span style=\"color: #000000;\"><span style=\"font-family: verdana, geneva, sans-serif; font-size: 12pt;\"><span style=\"font-size: 14pt;\"><strong>gegen die Juden in W\u00fcrttemberg und Hohenzollern<\/strong><\/span><br \/>\n<\/span><span style=\"font-family: verdana, geneva, sans-serif; font-size: 12pt;\">Buchbesprechung: \u201eAusgrenzung \u2013 Raub \u2013 Vernichtung\u201c von Heinz H\u00f6gerle, Peter M\u00fcller und Martin Ulmer (Herausg.)<\/span><\/span><\/p>\n<p class=\"entry-title\" style=\"text-align: justify;\"><span style=\"font-size: 12pt; font-family: verdana, geneva, sans-serif; color: #000000;\"><img loading=\"lazy\" class=\" wp-image-16186 aligncenter\" src=\"https:\/\/rotermorgen.eu\/wp-content\/uploads\/2021\/12\/bb-Kopie-300x81.png\" alt=\"\" width=\"667\" height=\"180\" \/><\/span><\/p>\n<p style=\"text-align: justify;\"><span style=\"font-family: verdana, geneva, sans-serif; font-size: 12pt; color: #000000;\">\u201eNeue Forschungsergebnisse zur Auspl\u00fcnderung der j\u00fcdischen Bev\u00f6lkerung in W\u00fcrttemberg und Hohenzollern\u201cNS-Akteure und \u00bbVolksgemeinschaft\u00ab gegen die Juden in W\u00fcrttemberg und Hohenzollern<br \/>\n<\/span><a href=\"http:\/\/www.deanreed.de\/AmericanRebel\/2017\/page\/2\/?s=Buchbesprechung\" target=\"_blank\" rel=\"noopener\"><span style=\"font-size: 10pt;\"><span style=\"color: #993300;\"><span style=\"font-family: verdana, geneva, sans-serif;\">Heinz H\u00f6gerle, Peter M\u00fcller und Martin Ulmer, <\/span><span style=\"font-family: verdana, geneva, sans-serif;\">im Auftrag Gedenkst\u00e4ttenverbundes G\u00e4u-Neckar-Alb e. V., Landesarchivs Baden-W\u00fcrttemberg <\/span><\/span><span style=\"font-family: verdana, geneva, sans-serif;\"><span style=\"color: #005a8c;\"><span style=\"color: #ff0000;\"><span style=\"color: #993300;\">und der LpB BW, Stuttgart 2019, Preis: 18,00 \u20ac<\/span><\/span><\/span><\/span><\/span><\/a><\/p>\n<p style=\"text-align: center;\"><span style=\"color: #ffffff;\">.<br \/>\n<span style=\"font-size: 18pt;\"><span style=\"font-family: verdana, geneva, sans-serif; color: #ffffff; font-size: 6pt;\">.<\/span><strong><span style=\"font-family: verdana, geneva, sans-serif; color: #000000;\"><br \/>\nVeranstaltungshinweise<\/span><\/strong><\/span><\/span><\/p>\n<p><img loading=\"lazy\" class=\" wp-image-29947 aligncenter\" src=\"http:\/\/www.deanreed.de\/AmericanRebel\/2017\/wp-content\/uploads\/2022\/04\/7-300x156.png\" alt=\"\" width=\"533\" height=\"277\" srcset=\"https:\/\/www.deanreed.de\/AmericanRebel\/2017\/wp-content\/uploads\/2022\/04\/7-300x156.png 300w, https:\/\/www.deanreed.de\/AmericanRebel\/2017\/wp-content\/uploads\/2022\/04\/7.png 750w\" sizes=\"(max-width: 533px) 100vw, 533px\" \/><\/p>\n<p>&nbsp;<\/p>\n<p><img loading=\"lazy\" class=\" wp-image-18719 aligncenter\" src=\"https:\/\/rotermorgen.eu\/wp-content\/uploads\/2022\/03\/solange-300x156.png\" alt=\"\" width=\"537\" height=\"279\" \/><\/p>\n<div class=\"\" data-block=\"true\" data-editor=\"7504f\" data-offset-key=\"bsm8h-0-0\">\n<div class=\"public-DraftStyleDefault-block public-DraftStyleDefault-ltr\" style=\"text-align: justify;\" data-offset-key=\"bsm8h-0-0\">\n<div class=\"\" data-block=\"true\" data-editor=\"7504f\" data-offset-key=\"bsm8h-0-0\">\n<div class=\"public-DraftStyleDefault-block public-DraftStyleDefault-ltr\" style=\"text-align: justify;\" data-offset-key=\"bsm8h-0-0\">\n<p style=\"text-align: center;\"><span style=\"font-family: verdana, geneva, sans-serif; font-size: 12pt;\"><span style=\"color: #ffffff;\"><span style=\"color: #000000;\"><span style=\"font-family: verdana, geneva, sans-serif; font-size: 12pt;\"><span style=\"color: #ffffff;\">.<\/span><br \/>\n<span style=\"color: #ffffff;\">.<\/span><\/span><\/span><\/span><\/span><span style=\"font-size: 10pt;\"><span style=\"font-family: verdana, geneva, sans-serif;\">Die Redaktionen<\/span><span style=\"font-family: verdana, geneva, sans-serif;\"><strong><br \/>\n<\/strong>danken den Volkskorrespondenten\/-innen Hosteni, Zeki, Nico,<\/span><\/span><br \/>\n<span style=\"font-family: verdana, geneva, sans-serif; font-size: 10pt;\">KikiRebel, Rui-Filipe, Sascha, Heinz, Heinrich, Klaus, Fiete, Reinhold u. A.<\/span><br \/>\n<span style=\"font-family: verdana, geneva, sans-serif; font-size: 10pt;\">f\u00fcr die Unterst\u00fctzung bei der Erstellung.<strong><br \/>\n<\/strong>Dieser R\u00fcckblick erhebt nicht den Anspruch auf Vollst\u00e4ndigkeit.<\/span><br \/>\n<span style=\"font-family: verdana, geneva, sans-serif; font-size: 10pt;\"><strong>Verlinkte- und mit Namen gekennzeichnete Texte m\u00fcssen<\/strong><\/span><br \/>\n<span style=\"font-family: verdana, geneva, sans-serif; font-size: 10pt;\"><strong>nicht in allen Punkten den Meinungen unserer Redaktionen entsprechen.<br \/>\n<span style=\"color: #ffffff;\">.<\/span><br \/>\n\u00bbWochenr\u00fcckblick\u00ab ist ein Projekt von<\/strong><strong><a href=\"https:\/\/rotermorgen.eu\/8197-2\/\" target=\"_blank\" rel=\"noopener\"><img loading=\"lazy\" class=\"wp-image-8196 aligncenter\" src=\"https:\/\/rotermorgen.eu\/wp-content\/uploads\/2021\/01\/2-Kopie-2-1.png\" alt=\"\" width=\"292\" height=\"142\" \/><\/a>Schickt uns Eure Kurzberichte<br \/>\nund Veranstaltungshinweise!<br \/>\neMail: <a href=\"mailto:Wochenrueckblick@gmx.net\" target=\"_blank\" rel=\"noopener noreferrer\">Wochenrueckblick@gmx.net<\/a><br \/>\nRedaktionsschluss: Jeden Sonntag 20:00 Uhr<\/strong><\/span><span style=\"font-family: verdana, geneva, sans-serif; font-size: 12pt;\"><span style=\"color: #ffffff;\"><br \/>\n<span style=\"color: #000000;\"><span style=\"color: #ffffff;\">.<\/span><\/span><\/span><\/span><\/p>\n<\/div>\n<\/div>\n<\/div>\n<\/div>\n","protected":false},"excerpt":{"rendered":"<p>. Zur\u00fcckblickend auf die letzten Tage sind uns einige kommentierbare Vorkommnisse ins Auge gefallen, die wir hier zur Diskussion stellen. 28. M\u00e4rz | Scharf Gew\u00fcrztes Buchtipp, Egbert Scheunemann: \u201eU\u0308ber uns wird die Kellerwohnung frei \u2013 Erza\u0308hlungen, Kurzgeschichten, Anekdoten\u201cLiest man den [&hellip;]<a class=\"more-link\" href=\"https:\/\/www.deanreed.de\/AmericanRebel\/2017\/2022\/04\/03\/wochenrueckblick-13-kalenderwoche-2022\/\">&darr; Lese den Rest von diesem Eintrag&#8230;<\/a><\/p>\n","protected":false},"author":2,"featured_media":0,"comment_status":"open","ping_status":"open","sticky":false,"template":"","format":"standard","meta":[],"categories":[5094],"tags":[4728,4866,5357,4729,4731,5358,4601,5186,1329,4734,4011,4736],"yoast_head":"<!-- This site is optimized with the Yoast SEO plugin v17.5 - https:\/\/yoast.com\/wordpress\/plugins\/seo\/ -->\n<title>- Wochenr\u00fcckblick 13. Kalenderwoche 2022 &ndash; Onlinezeitung AmericanRebel<\/title>\n<meta name=\"robots\" content=\"index, follow, max-snippet:-1, max-image-preview:large, max-video-preview:-1\" \/>\n<link rel=\"canonical\" href=\"https:\/\/www.deanreed.de\/AmericanRebel\/2017\/2022\/04\/03\/wochenrueckblick-13-kalenderwoche-2022\/\" \/>\n<meta property=\"og:locale\" content=\"de_DE\" \/>\n<meta property=\"og:type\" content=\"article\" \/>\n<meta property=\"og:title\" content=\"- Wochenr\u00fcckblick 13. Kalenderwoche 2022 &ndash; Onlinezeitung AmericanRebel\" \/>\n<meta property=\"og:description\" content=\"Zur\u00fcckblickend auf die letzten Tage sind uns einige kommentierbare Vorkommnisse ins Auge gefallen, die wir hier zur Diskussion stellen.\" \/>\n<meta property=\"og:url\" content=\"https:\/\/www.deanreed.de\/AmericanRebel\/2017\/2022\/04\/03\/wochenrueckblick-13-kalenderwoche-2022\/\" \/>\n<meta property=\"og:site_name\" content=\"Onlinezeitung AmericanRebel\" \/>\n<meta property=\"article:published_time\" content=\"2022-04-03T18:03:32+00:00\" \/>\n<meta property=\"article:modified_time\" content=\"2022-04-03T18:17:03+00:00\" \/>\n<meta property=\"og:image\" content=\"https:\/\/www.deanreed.de\/AmericanRebel\/2017\/wp-content\/uploads\/2020\/12\/3-Kopie.png\" \/>\n\t<meta property=\"og:image:width\" content=\"640\" \/>\n\t<meta property=\"og:image:height\" content=\"460\" \/>\n<meta name=\"twitter:card\" content=\"summary_large_image\" \/>\n<meta name=\"twitter:label1\" content=\"Verfasst von\" \/>\n\t<meta name=\"twitter:data1\" content=\"Redaktion\" \/>\n\t<meta name=\"twitter:label2\" content=\"Gesch\u00e4tzte Lesezeit\" \/>\n\t<meta name=\"twitter:data2\" content=\"7\u00a0Minuten\" \/>\n<script type=\"application\/ld+json\" class=\"yoast-schema-graph\">{\"@context\":\"https:\/\/schema.org\",\"@graph\":[{\"@type\":\"WebSite\",\"@id\":\"https:\/\/www.deanreed.de\/AmericanRebel\/2017\/#website\",\"url\":\"https:\/\/www.deanreed.de\/AmericanRebel\/2017\/\",\"name\":\"Onlinezeitung AmericanRebel\",\"description\":\"Internationale Onlinezeitung f\\u00fcr Frieden, Humanismus, V\\u00f6lkerverst\\u00e4ndigung und Kultur\",\"potentialAction\":[{\"@type\":\"SearchAction\",\"target\":{\"@type\":\"EntryPoint\",\"urlTemplate\":\"https:\/\/www.deanreed.de\/AmericanRebel\/2017\/?s={search_term_string}\"},\"query-input\":\"required name=search_term_string\"}],\"inLanguage\":\"de\"},{\"@type\":\"ImageObject\",\"@id\":\"https:\/\/www.deanreed.de\/AmericanRebel\/2017\/2022\/04\/03\/wochenrueckblick-13-kalenderwoche-2022\/#primaryimage\",\"inLanguage\":\"de\",\"url\":\"https:\/\/www.deanreed.de\/AmericanRebel\/2017\/wp-content\/uploads\/2020\/12\/3-Kopie.png\",\"contentUrl\":\"https:\/\/www.deanreed.de\/AmericanRebel\/2017\/wp-content\/uploads\/2020\/12\/3-Kopie.png\",\"width\":640,\"height\":460},{\"@type\":\"WebPage\",\"@id\":\"https:\/\/www.deanreed.de\/AmericanRebel\/2017\/2022\/04\/03\/wochenrueckblick-13-kalenderwoche-2022\/#webpage\",\"url\":\"https:\/\/www.deanreed.de\/AmericanRebel\/2017\/2022\/04\/03\/wochenrueckblick-13-kalenderwoche-2022\/\",\"name\":\"- Wochenr\\u00fcckblick 13. Kalenderwoche 2022 &ndash; Onlinezeitung AmericanRebel\",\"isPartOf\":{\"@id\":\"https:\/\/www.deanreed.de\/AmericanRebel\/2017\/#website\"},\"primaryImageOfPage\":{\"@id\":\"https:\/\/www.deanreed.de\/AmericanRebel\/2017\/2022\/04\/03\/wochenrueckblick-13-kalenderwoche-2022\/#primaryimage\"},\"datePublished\":\"2022-04-03T18:03:32+00:00\",\"dateModified\":\"2022-04-03T18:17:03+00:00\",\"author\":{\"@id\":\"https:\/\/www.deanreed.de\/AmericanRebel\/2017\/#\/schema\/person\/9edfca7917cd10b75edaae51c6e7935a\"},\"breadcrumb\":{\"@id\":\"https:\/\/www.deanreed.de\/AmericanRebel\/2017\/2022\/04\/03\/wochenrueckblick-13-kalenderwoche-2022\/#breadcrumb\"},\"inLanguage\":\"de\",\"potentialAction\":[{\"@type\":\"ReadAction\",\"target\":[\"https:\/\/www.deanreed.de\/AmericanRebel\/2017\/2022\/04\/03\/wochenrueckblick-13-kalenderwoche-2022\/\"]}]},{\"@type\":\"BreadcrumbList\",\"@id\":\"https:\/\/www.deanreed.de\/AmericanRebel\/2017\/2022\/04\/03\/wochenrueckblick-13-kalenderwoche-2022\/#breadcrumb\",\"itemListElement\":[{\"@type\":\"ListItem\",\"position\":1,\"name\":\"Startseite\",\"item\":\"https:\/\/www.deanreed.de\/AmericanRebel\/2017\/\"},{\"@type\":\"ListItem\",\"position\":2,\"name\":\"&#8211; Wochenr\\u00fcckblick 13. Kalenderwoche 2022\"}]},{\"@type\":\"Person\",\"@id\":\"https:\/\/www.deanreed.de\/AmericanRebel\/2017\/#\/schema\/person\/9edfca7917cd10b75edaae51c6e7935a\",\"name\":\"Redaktion\",\"url\":\"https:\/\/www.deanreed.de\/AmericanRebel\/2017\/author\/redaktion\/\"}]}<\/script>\n<!-- \/ Yoast SEO plugin. -->","yoast_head_json":{"title":"- Wochenr\u00fcckblick 13. Kalenderwoche 2022 &ndash; Onlinezeitung AmericanRebel","robots":{"index":"index","follow":"follow","max-snippet":"max-snippet:-1","max-image-preview":"max-image-preview:large","max-video-preview":"max-video-preview:-1"},"canonical":"https:\/\/www.deanreed.de\/AmericanRebel\/2017\/2022\/04\/03\/wochenrueckblick-13-kalenderwoche-2022\/","og_locale":"de_DE","og_type":"article","og_title":"- Wochenr\u00fcckblick 13. Kalenderwoche 2022 &ndash; Onlinezeitung AmericanRebel","og_description":"Zur\u00fcckblickend auf die letzten Tage sind uns einige kommentierbare Vorkommnisse ins Auge gefallen, die wir hier zur Diskussion stellen.","og_url":"https:\/\/www.deanreed.de\/AmericanRebel\/2017\/2022\/04\/03\/wochenrueckblick-13-kalenderwoche-2022\/","og_site_name":"Onlinezeitung AmericanRebel","article_published_time":"2022-04-03T18:03:32+00:00","article_modified_time":"2022-04-03T18:17:03+00:00","og_image":[{"width":640,"height":460,"url":"https:\/\/www.deanreed.de\/AmericanRebel\/2017\/wp-content\/uploads\/2020\/12\/3-Kopie.png","type":"image\/png"}],"twitter_card":"summary_large_image","twitter_misc":{"Verfasst von":"Redaktion","Gesch\u00e4tzte Lesezeit":"7\u00a0Minuten"},"schema":{"@context":"https:\/\/schema.org","@graph":[{"@type":"WebSite","@id":"https:\/\/www.deanreed.de\/AmericanRebel\/2017\/#website","url":"https:\/\/www.deanreed.de\/AmericanRebel\/2017\/","name":"Onlinezeitung AmericanRebel","description":"Internationale Onlinezeitung f\u00fcr Frieden, Humanismus, V\u00f6lkerverst\u00e4ndigung und Kultur","potentialAction":[{"@type":"SearchAction","target":{"@type":"EntryPoint","urlTemplate":"https:\/\/www.deanreed.de\/AmericanRebel\/2017\/?s={search_term_string}"},"query-input":"required name=search_term_string"}],"inLanguage":"de"},{"@type":"ImageObject","@id":"https:\/\/www.deanreed.de\/AmericanRebel\/2017\/2022\/04\/03\/wochenrueckblick-13-kalenderwoche-2022\/#primaryimage","inLanguage":"de","url":"https:\/\/www.deanreed.de\/AmericanRebel\/2017\/wp-content\/uploads\/2020\/12\/3-Kopie.png","contentUrl":"https:\/\/www.deanreed.de\/AmericanRebel\/2017\/wp-content\/uploads\/2020\/12\/3-Kopie.png","width":640,"height":460},{"@type":"WebPage","@id":"https:\/\/www.deanreed.de\/AmericanRebel\/2017\/2022\/04\/03\/wochenrueckblick-13-kalenderwoche-2022\/#webpage","url":"https:\/\/www.deanreed.de\/AmericanRebel\/2017\/2022\/04\/03\/wochenrueckblick-13-kalenderwoche-2022\/","name":"- Wochenr\u00fcckblick 13. Kalenderwoche 2022 &ndash; Onlinezeitung AmericanRebel","isPartOf":{"@id":"https:\/\/www.deanreed.de\/AmericanRebel\/2017\/#website"},"primaryImageOfPage":{"@id":"https:\/\/www.deanreed.de\/AmericanRebel\/2017\/2022\/04\/03\/wochenrueckblick-13-kalenderwoche-2022\/#primaryimage"},"datePublished":"2022-04-03T18:03:32+00:00","dateModified":"2022-04-03T18:17:03+00:00","author":{"@id":"https:\/\/www.deanreed.de\/AmericanRebel\/2017\/#\/schema\/person\/9edfca7917cd10b75edaae51c6e7935a"},"breadcrumb":{"@id":"https:\/\/www.deanreed.de\/AmericanRebel\/2017\/2022\/04\/03\/wochenrueckblick-13-kalenderwoche-2022\/#breadcrumb"},"inLanguage":"de","potentialAction":[{"@type":"ReadAction","target":["https:\/\/www.deanreed.de\/AmericanRebel\/2017\/2022\/04\/03\/wochenrueckblick-13-kalenderwoche-2022\/"]}]},{"@type":"BreadcrumbList","@id":"https:\/\/www.deanreed.de\/AmericanRebel\/2017\/2022\/04\/03\/wochenrueckblick-13-kalenderwoche-2022\/#breadcrumb","itemListElement":[{"@type":"ListItem","position":1,"name":"Startseite","item":"https:\/\/www.deanreed.de\/AmericanRebel\/2017\/"},{"@type":"ListItem","position":2,"name":"&#8211; Wochenr\u00fcckblick 13. Kalenderwoche 2022"}]},{"@type":"Person","@id":"https:\/\/www.deanreed.de\/AmericanRebel\/2017\/#\/schema\/person\/9edfca7917cd10b75edaae51c6e7935a","name":"Redaktion","url":"https:\/\/www.deanreed.de\/AmericanRebel\/2017\/author\/redaktion\/"}]}},"_links":{"self":[{"href":"https:\/\/www.deanreed.de\/AmericanRebel\/2017\/wp-json\/wp\/v2\/posts\/29948"}],"collection":[{"href":"https:\/\/www.deanreed.de\/AmericanRebel\/2017\/wp-json\/wp\/v2\/posts"}],"about":[{"href":"https:\/\/www.deanreed.de\/AmericanRebel\/2017\/wp-json\/wp\/v2\/types\/post"}],"author":[{"embeddable":true,"href":"https:\/\/www.deanreed.de\/AmericanRebel\/2017\/wp-json\/wp\/v2\/users\/2"}],"replies":[{"embeddable":true,"href":"https:\/\/www.deanreed.de\/AmericanRebel\/2017\/wp-json\/wp\/v2\/comments?post=29948"}],"version-history":[{"count":10,"href":"https:\/\/www.deanreed.de\/AmericanRebel\/2017\/wp-json\/wp\/v2\/posts\/29948\/revisions"}],"predecessor-version":[{"id":29958,"href":"https:\/\/www.deanreed.de\/AmericanRebel\/2017\/wp-json\/wp\/v2\/posts\/29948\/revisions\/29958"}],"wp:attachment":[{"href":"https:\/\/www.deanreed.de\/AmericanRebel\/2017\/wp-json\/wp\/v2\/media?parent=29948"}],"wp:term":[{"taxonomy":"category","embeddable":true,"href":"https:\/\/www.deanreed.de\/AmericanRebel\/2017\/wp-json\/wp\/v2\/categories?post=29948"},{"taxonomy":"post_tag","embeddable":true,"href":"https:\/\/www.deanreed.de\/AmericanRebel\/2017\/wp-json\/wp\/v2\/tags?post=29948"}],"curies":[{"name":"wp","href":"https:\/\/api.w.org\/{rel}","templated":true}]}}