{"id":29810,"date":"2022-03-18T16:11:27","date_gmt":"2022-03-18T15:11:27","guid":{"rendered":"http:\/\/www.deanreed.de\/AmericanRebel\/2017\/?p=29810"},"modified":"2022-03-20T16:27:14","modified_gmt":"2022-03-20T15:27:14","slug":"sturmtief-celia-bringt-die-sahara-nach-suedeuropa_1","status":"publish","type":"post","link":"https:\/\/www.deanreed.de\/AmericanRebel\/2017\/2022\/03\/18\/sturmtief-celia-bringt-die-sahara-nach-suedeuropa_1\/","title":{"rendered":"&#8211; Sturmtief C\u00e9lia bringt die Sahara nach S\u00fcdeuropa"},"content":{"rendered":"<blockquote>\n<p style=\"text-align: justify;\"><span style=\"font-family: verdana, geneva, sans-serif; font-size: 14pt; color: #993300;\"><span style=\"color: #808080; font-size: 12pt;\"><em>Volkskorrespondent Rui Filipe Gutschmidt \u2013 18. M\u00e4rz 2022<\/em><\/span><strong><img loading=\"lazy\" class=\" wp-image-26040 alignright\" src=\"http:\/\/www.deanreed.de\/AmericanRebel\/2017\/wp-content\/uploads\/2020\/10\/vk-300x300.png\" alt=\"\" width=\"93\" height=\"93\" srcset=\"https:\/\/www.deanreed.de\/AmericanRebel\/2017\/wp-content\/uploads\/2020\/10\/vk.png 300w, https:\/\/www.deanreed.de\/AmericanRebel\/2017\/wp-content\/uploads\/2020\/10\/vk-150x150.png 150w\" sizes=\"(max-width: 93px) 100vw, 93px\" \/><\/strong><\/span><\/p>\n<\/blockquote>\n<div data-contents=\"true\">\n<div id=\"attachment_12050\" style=\"width: 110px\" class=\"wp-caption alignleft\"><img aria-describedby=\"caption-attachment-12050\" loading=\"lazy\" class=\"size-full wp-image-12050\" src=\"https:\/\/rotermorgen.eu\/wp-content\/uploads\/2036\/02\/11.png\" alt=\"Rui Filipe Gutschmidt_5\" width=\"100\" height=\"150\" \/><p id=\"caption-attachment-12050\" class=\"wp-caption-text\">Rui Filipe Gutschmidt<\/p><\/div>\n<p lang=\"de-DE\" style=\"text-align: justify;\"><span style=\"font-family: verdana, geneva, sans-serif; font-size: 12pt;\"><b>W\u00e4hrend im Osten Europas Krieg tobt, geht das Leben im \u00e4u\u00dfersten Westen seinen gewohnten Gang. Zumindest innerhalb dessen, was man als \u201egewohnt\u201c bezeichnen kann. Das Sturmtief C\u00e9lia hat die Routine der Menschen vom Mittelmeer zum Atlantik durcheinandergewirbelt und mancherorts sorgen die Auswirkungen von C\u00e9lia f\u00fcr gro\u00dfe Probleme. Auf Madeira sitzen Urlauber fest, hoher Wellengang beeintr\u00e4chtigt die K\u00fcstenfischerei und der feine Saharastaub setzt sich \u00fcberall fest. Die Lage soll sich bis zum kommenden Wochenende normalisieren.<\/b><\/span><\/p>\n<p lang=\"de-DE\" style=\"text-align: justify;\"><span style=\"font-family: verdana, geneva, sans-serif; font-size: 12pt;\">C\u00e9lia ist der Name eines Sturmtiefs, dass von Nordafrika bis zum Atlantik tobte und, im wahrsten Sinne des Wortes, viel Staub aufwirbelte. Der Himmel ist rot gef\u00e4rbt von S\u00fcdwesteuropa bis an die Alpen und man hat das Gef\u00fchl auf dem Mars zu sein. Langfristig hat dieser Staub nicht nur negative Auswirkungen, die kurzfristig allerdings \u00fcberwiegen.<\/span><\/p>\n<div id=\"attachment_29816\" style=\"width: 584px\" class=\"wp-caption aligncenter\"><img aria-describedby=\"caption-attachment-29816\" loading=\"lazy\" class=\" wp-image-29816\" src=\"http:\/\/www.deanreed.de\/AmericanRebel\/2017\/wp-content\/uploads\/2022\/03\/Portugal-Der-Himmel-ist-rot-gefaerbt-vom-Feinstaub-der-Sahara-Bild-Rui-Filipe-Gutschmidt-CC-BY-SA-2.0-Kopie-300x196.png\" alt=\"\" width=\"574\" height=\"375\" srcset=\"https:\/\/www.deanreed.de\/AmericanRebel\/2017\/wp-content\/uploads\/2022\/03\/Portugal-Der-Himmel-ist-rot-gefaerbt-vom-Feinstaub-der-Sahara-Bild-Rui-Filipe-Gutschmidt-CC-BY-SA-2.0-Kopie-300x196.png 300w, https:\/\/www.deanreed.de\/AmericanRebel\/2017\/wp-content\/uploads\/2022\/03\/Portugal-Der-Himmel-ist-rot-gefaerbt-vom-Feinstaub-der-Sahara-Bild-Rui-Filipe-Gutschmidt-CC-BY-SA-2.0-Kopie.png 768w\" sizes=\"(max-width: 574px) 100vw, 574px\" \/><p id=\"caption-attachment-29816\" class=\"wp-caption-text\">Portugal \u2013 Der Himmel ist rot gef\u00e4rbt vom Feinstaub der Sahara | <span style=\"color: #808080;\">Bild: Rui Filipe Gutschmidt CC BY-SA 2.0<\/span><\/p><\/div>\n<p lang=\"de-DE\" style=\"text-align: justify;\"><span style=\"font-family: verdana, geneva, sans-serif; font-size: 12pt;\"><b>Sturmtief C\u00e9lia im Atlantik<\/b><\/span><\/p>\n<p lang=\"de-DE\" style=\"text-align: justify;\"><span style=\"font-family: verdana, geneva, sans-serif; font-size: 12pt;\">Das schlechte Wetter an diesem Montag hat auf dem Madeira-Archipel die Annullierung von \u00fcber 40 Fl\u00fcgen gef\u00fchrt. Fl\u00fcge am internationalen Flughafen Cristiano Ronaldo und die F\u00e4hrverbindung zwischen Madeira und Porto Santo waren insbesondere betroffen und Urlauber sowie Gesch\u00e4ftsreisende sa\u00dfen vor\u00fcbergehend fest, wobei die Lage sich inzwischen normalisiert hat. <\/span><\/p>\n<p lang=\"de-DE\" style=\"text-align: justify;\"><span style=\"font-family: verdana, geneva, sans-serif; font-size: 12pt;\">Das portugiesische Institut f\u00fcr Meer und Atmosph\u00e4re (IPMA) hat heute eine rote Warnung (die schwerwiegendste) f\u00fcr die maritimen Unruhen an der Nordk\u00fcste der Insel Madeira und Porto Santo ausgesprochen.<\/span><\/p>\n<p lang=\"de-DE\" style=\"text-align: justify;\"><span style=\"font-family: verdana, geneva, sans-serif; font-size: 12pt;\">Die Berggebiete und die S\u00fcdk\u00fcste Madeiras sowie die Insel Porto Santo erlebten Regen, Wind, Hagel und Schnee, Gewitter und einen \u201eerheblichen\u201c Temperaturabfall.<\/span><\/p>\n<p lang=\"de-DE\" style=\"text-align: justify;\"><span style=\"font-family: verdana, geneva, sans-serif; font-size: 12pt;\">Mehrere Stra\u00dfen sind aufgrund von Baum- und Schneefall gesperrt oder konditioniert, insbesondere die Zufahrt zur Gemeinde Curral das Freiras im Landkreis C\u00e2mara de Lobos.<\/span><\/p>\n<p lang=\"de-DE\" style=\"text-align: justify;\"><span style=\"font-family: verdana, geneva, sans-serif; font-size: 12pt;\">Der st\u00e4dtische Zivilschutzdienst von Funchal war st\u00e4ndig im Einsatz. Das Naturschutzgebiet von Funchal wurde gesperrt. Temperaturen unter 0\u00ba C bis maximal 11\u00ba C sind eher selten, besonders zu dieser Jahreszeit.<\/span><\/p>\n<p lang=\"de-DE\" style=\"text-align: justify;\"><span style=\"font-family: verdana, geneva, sans-serif; font-size: 12pt;\">Das portugiesische Institut f\u00fcr Meer und Atmosph\u00e4re gab dem Sturm, der Madeira mit starkem Wind, Schauern und Meereswellen, Hagel und Schnee, Gewittern und einem Temperaturabfall mit Mindestwerten unter null Grad Celsius heimsucht, den Namen C\u00e9lia an H\u00f6hepunkten und in Funchal maximal um die 11 Grad.<\/span><\/p>\n<p lang=\"pt-PT\" style=\"text-align: justify;\"><span style=\"font-family: verdana, geneva, sans-serif; font-size: 12pt;\">W\u00e4hrend Madeira den Sturm direkt zu sp\u00fcren bekam, erlebte der westliche Mittelmeerraum bis hin \u00fcber die Alpen einen eher seltenen Nebeneffekt. Feiner Staub aus der Sahara wurde durch den Wirbel C\u00e9lias durch aufsteigende Warmluftstr\u00f6mungen in hohe Luftschichten angehoben und auf eine Europarundreise geschickt.<\/span><\/p>\n<p lang=\"pt-PT\" style=\"text-align: justify;\"><span style=\"font-family: verdana, geneva, sans-serif; font-size: 12pt;\">Auch wenn ein direkter Zusammenhang mit dem Klimawandel nicht zu beweisen ist, so h\u00e4ufen solche extremen Wetterph\u00e4nomene auf Grund des Anstiegs der Durchschnittstemperatur. Besonders die zus\u00e4tzliche Energie, die sich in Form von W\u00e4rme in den Meeren anstaut, entl\u00e4dt sich in immer h\u00e4ufigeren und immer st\u00e4rkeren St\u00fcrmen.<\/span><\/p>\n<div id=\"attachment_29819\" style=\"width: 585px\" class=\"wp-caption aligncenter\"><img aria-describedby=\"caption-attachment-29819\" loading=\"lazy\" class=\" wp-image-29819\" src=\"http:\/\/www.deanreed.de\/AmericanRebel\/2017\/wp-content\/uploads\/2022\/03\/Die-Schweizer-Berge-Der-Himmel-ist-rot-gefaerbt-vom-Feinstaub-der-Sahara-Bild-Andrea-Amara-CC-BY-SA-2.0-300x225.webp\" alt=\"\" width=\"575\" height=\"431\" srcset=\"https:\/\/www.deanreed.de\/AmericanRebel\/2017\/wp-content\/uploads\/2022\/03\/Die-Schweizer-Berge-Der-Himmel-ist-rot-gefaerbt-vom-Feinstaub-der-Sahara-Bild-Andrea-Amara-CC-BY-SA-2.0-300x225.webp 300w, https:\/\/www.deanreed.de\/AmericanRebel\/2017\/wp-content\/uploads\/2022\/03\/Die-Schweizer-Berge-Der-Himmel-ist-rot-gefaerbt-vom-Feinstaub-der-Sahara-Bild-Andrea-Amara-CC-BY-SA-2.0.webp 678w\" sizes=\"(max-width: 575px) 100vw, 575px\" \/><p id=\"caption-attachment-29819\" class=\"wp-caption-text\">Die Schweizer Berge &#8211; Der Himmel ist dunkel-orange gef\u00e4rbt vom Feinstaub der Sahara | <span style=\"color: #808080;\">Bild: Andrea Amara CC BY-SA 2.0<\/span><\/p><\/div>\n<p lang=\"pt-PT\" style=\"text-align: justify;\"><span style=\"font-family: verdana, geneva, sans-serif; font-size: 12pt;\"><b>Der Sand der Sahara, Leben spendend und Tod bringend zugleich<\/b><\/span><\/p>\n<p lang=\"pt-PT\" style=\"text-align: justify;\"><span style=\"font-family: verdana, geneva, sans-serif; font-size: 12pt;\">Der feine Saharastaub, der sich \u00fcberall festsetzt und in jede Ritze dringt, ist Segen und Fluch zugleich. Mit dem Staub werden Mineralien \u00fcber das Meer nach Europa transportiert, die wichtig f\u00fcr das Pflanzenwachstum sind und somit als nat\u00fcrliches D\u00fcngemittel dienen. Im Laufe der Jahrtausende hat dieser Staub auch das Amazonasbecken, Mittelamerika und die Karibik zu ihrer dichten Vegetation und zu der Artenvielfallt verholfen.<\/span><\/p>\n<div id=\"attachment_29818\" style=\"width: 344px\" class=\"wp-caption alignleft\"><img aria-describedby=\"caption-attachment-29818\" loading=\"lazy\" class=\" wp-image-29818\" src=\"http:\/\/www.deanreed.de\/AmericanRebel\/2017\/wp-content\/uploads\/2022\/03\/Spanien-Der-Himmel-ist-rot-gefaerbt-vom-Feinstaub-der-Sahara-2-Bild-Senta-Haselsberger-Heckmann-CC-BY-SA-2.0-Kopie-166x300.png\" alt=\"\" width=\"334\" height=\"604\" srcset=\"https:\/\/www.deanreed.de\/AmericanRebel\/2017\/wp-content\/uploads\/2022\/03\/Spanien-Der-Himmel-ist-rot-gefaerbt-vom-Feinstaub-der-Sahara-2-Bild-Senta-Haselsberger-Heckmann-CC-BY-SA-2.0-Kopie-166x300.png 166w, https:\/\/www.deanreed.de\/AmericanRebel\/2017\/wp-content\/uploads\/2022\/03\/Spanien-Der-Himmel-ist-rot-gefaerbt-vom-Feinstaub-der-Sahara-2-Bild-Senta-Haselsberger-Heckmann-CC-BY-SA-2.0-Kopie.png 400w\" sizes=\"(max-width: 334px) 100vw, 334px\" \/><p id=\"caption-attachment-29818\" class=\"wp-caption-text\"><span style=\"font-size: 12pt;\">Spanien \u2013 Der Himmel ist schwefel-gelb gef\u00e4rbt vom Feinstaub der Sahara | <span style=\"color: #808080;\">Bild Senta Haselsberger-Heckmann CC BY-SA 2.0<\/span><\/span><\/p><\/div>\n<p lang=\"pt-PT\" style=\"text-align: justify;\"><span style=\"font-family: verdana, geneva, sans-serif; font-size: 12pt;\">Aber f\u00fcr uns Menschen ist der feine Staub gar nicht gut. Wie der Smog aus Ru\u00dfpartikeln und die Abgase der Verbrennungsmotoren, ist auch dieser Feinstaub kein Freund unserer Atemwege. Asthmatiker, Allergiker, \u00e4ltere Menschen und kleine Kinder sollten in diesem Fall nicht ohne Atemschutzmaske aus dem Haus gehen und bei extremen F\u00e4llen ist es vielleicht sogar ratsam die die Maske Zuhause zu tragen, obwohl gerade diese Menschen, die meistens auch zu den Risikopatienten von COVID-19 geh\u00f6ren und normalerweise auf die Maske verzichten d\u00fcrfen, wenn diese ihnen das Atmen zus\u00e4tzlich erschwert.<\/span><\/p>\n<p lang=\"pt-PT\" style=\"text-align: justify;\"><span style=\"font-family: verdana, geneva, sans-serif; font-size: 12pt;\">Mich pers\u00f6nlich hat diese Wetterlage auch schwer beeintr\u00e4chtigt und meine chronische Sinusitis verursacht starke Kopfschmerzen, erschwerte Atmung und ein Brennen in den Augen. Sogar meine Katzen husten und nie\u00dfen was das Zeug h\u00e4lt. Dabei habe ich diesen Beitrag einen Tag sp\u00e4ter fertiggestellt als geplant, aber in Zeiten des Kriegen, der auch in den Medien gef\u00fchrt wird, ist es wichtig alle anderen Probleme nicht aus den Augen zu verlieren, die sonst schnell mal au\u00dfer Acht gelassen werden.<\/span><\/p>\n<p lang=\"pt-PT\" style=\"text-align: justify;\"><span style=\"font-family: verdana, geneva, sans-serif; font-size: 12pt;\">Hinsichtlich steigender Energiepreise schreit die Atom-Lobby nach Verl\u00e4ngerung der AKWs und die ohnehin nur wenig ambitionierten Ziele im Kampf gegen Erderw\u00e4rmung und Klimawandel werden angesichts der hohen Spritpreise auch mal schnell in die Schublade verschwinden. Krieg? Den f\u00fchren die skrupellosen \u00d6lkonzerne und Energieriesen schon lange gegen die Umwelt, die Menschen in L\u00e4ndern wie Irak, Syrien, Iran, Venezuela oder Bolivien unter anderen. Also wachsam bleiben, aber wenn der Kopf schmerzt und die Augen brennen.<\/span><\/p>\n<p>&nbsp;<\/p>\n<\/div>\n<p><span style=\"color: #ffffff;\">.<\/span><\/p>\n<p><a href=\"http:\/\/www.deanreed.de\/AmericanRebel\/2017\/2020\/04\/03\/spendenaufruf\/\" target=\"_blank\" rel=\"noopener\"><img loading=\"lazy\" class=\"wp-image-29256 aligncenter\" src=\"http:\/\/www.deanreed.de\/AmericanRebel\/2017\/wp-content\/uploads\/2037\/12\/pay-300x69.png\" alt=\"\" width=\"670\" height=\"154\" srcset=\"https:\/\/www.deanreed.de\/AmericanRebel\/2017\/wp-content\/uploads\/2037\/12\/pay-300x69.png 300w, https:\/\/www.deanreed.de\/AmericanRebel\/2017\/wp-content\/uploads\/2037\/12\/pay-1024x237.png 1024w, https:\/\/www.deanreed.de\/AmericanRebel\/2017\/wp-content\/uploads\/2037\/12\/pay-768x178.png 768w, https:\/\/www.deanreed.de\/AmericanRebel\/2017\/wp-content\/uploads\/2037\/12\/pay.png 1297w\" sizes=\"(max-width: 670px) 100vw, 670px\" \/><\/a><\/p>\n<p style=\"text-align: justify;\"><span style=\"color: #ffffff;\">.<\/span><\/p>\n<blockquote>\n<div style=\"margin-left: 10px;\"><a title=\"zur Startseite\" href=\"http:\/\/www.americanrebel.de\/\"><img loading=\"lazy\" class=\"alignleft\" src=\"http:\/\/www.deanreed.de\/AmericanRebel\/2017\/wp-content\/uploads\/2017\/03\/back_ar.png\" alt=\"zur\u00fcck zur Startseite\" width=\"156\" height=\"15\" \/><\/a><\/div>\n<div style=\"margin-right: 10px;\"><a href=\"https:\/\/www.facebook.com\/groups\/1683837971860223\/permalink\/1987214344855916\/\" target=\"_blank\" rel=\"noopener noreferrer\"><img loading=\"lazy\" class=\"alignright\" src=\"http:\/\/www.deanreed.de\/AmericanRebel\/2017\/wp-content\/uploads\/2017\/03\/ar_zu_fb.png\" alt=\"hier geht es zur Facebook Diskussionsgruppe\" width=\"353\" height=\"15\" \/><\/a><\/div>\n<p style=\"text-align: center;\"><a href=\"#respond\" target=\"_blank\" rel=\"noopener noreferrer\"><img loading=\"lazy\" class=\"aligncenter\" src=\"http:\/\/www.deanreed.de\/AmericanRebel\/2017\/wp-content\/uploads\/2017\/03\/ar_kommentar-1.png\" alt=\"Sag uns deine Meinung zum Artikel mit einem Kommentar\/Leserbrief\" width=\"627\" height=\"20\" \/><\/a><\/p>\n<\/blockquote>\n","protected":false},"excerpt":{"rendered":"<p>Volkskorrespondent Rui Filipe Gutschmidt \u2013 18. M\u00e4rz 2022 W\u00e4hrend im Osten Europas Krieg tobt, geht das Leben im \u00e4u\u00dfersten Westen seinen gewohnten Gang. Zumindest innerhalb dessen, was man als \u201egewohnt\u201c bezeichnen kann. Das Sturmtief C\u00e9lia hat die Routine der Menschen [&hellip;]<a class=\"more-link\" href=\"https:\/\/www.deanreed.de\/AmericanRebel\/2017\/2022\/03\/18\/sturmtief-celia-bringt-die-sahara-nach-suedeuropa_1\/\">&darr; Lese den Rest von diesem Eintrag&#8230;<\/a><\/p>\n","protected":false},"author":2,"featured_media":0,"comment_status":"open","ping_status":"open","sticky":false,"template":"","format":"standard","meta":[],"categories":[122,3874,171],"tags":[5703,5704,5705,5706,5707,5708,5709,5710,5711,2876,5712,5713,801,5714,157,5715,5716,5717,5718,521,5719],"yoast_head":"<!-- This site is optimized with the Yoast SEO plugin v17.5 - https:\/\/yoast.com\/wordpress\/plugins\/seo\/ -->\n<title>- Sturmtief C\u00e9lia bringt die Sahara nach S\u00fcdeuropa &ndash; Onlinezeitung AmericanRebel<\/title>\n<meta name=\"robots\" content=\"index, follow, max-snippet:-1, max-image-preview:large, max-video-preview:-1\" \/>\n<link rel=\"canonical\" href=\"https:\/\/www.deanreed.de\/AmericanRebel\/2017\/2022\/03\/18\/sturmtief-celia-bringt-die-sahara-nach-suedeuropa_1\/\" \/>\n<meta property=\"og:locale\" content=\"de_DE\" \/>\n<meta property=\"og:type\" content=\"article\" \/>\n<meta property=\"og:title\" content=\"- Sturmtief C\u00e9lia bringt die Sahara nach S\u00fcdeuropa &ndash; Onlinezeitung AmericanRebel\" \/>\n<meta property=\"og:description\" content=\"W\u00e4hrend im Osten Europas Krieg tobt, geht das Leben im \u00e4u\u00dfersten Westen seinen gewohnten Gang. Zumindest innerhalb dessen, was man als \u201egewohnt\u201c bezeichnen kann. Das Sturmtief C\u00e9lia hat die Routine der Menschen vom Mittelmeer zum Atlantik durcheinandergewirbelt und mancherorts sorgen die Auswirkungen von C\u00e9lia f\u00fcr gro\u00dfe Probleme.\" \/>\n<meta property=\"og:url\" content=\"https:\/\/www.deanreed.de\/AmericanRebel\/2017\/2022\/03\/18\/sturmtief-celia-bringt-die-sahara-nach-suedeuropa_1\/\" \/>\n<meta property=\"og:site_name\" content=\"Onlinezeitung AmericanRebel\" \/>\n<meta property=\"article:published_time\" content=\"2022-03-18T15:11:27+00:00\" \/>\n<meta property=\"article:modified_time\" content=\"2022-03-20T15:27:14+00:00\" \/>\n<meta property=\"og:image\" content=\"http:\/\/www.deanreed.de\/AmericanRebel\/2017\/wp-content\/uploads\/2022\/03\/Saharastaub-ueber-Europa-Bild-IPMA-Screenshon-Kopie.png\" \/>\n\t<meta property=\"og:image:width\" content=\"678\" \/>\n\t<meta property=\"og:image:height\" content=\"381\" \/>\n<meta name=\"twitter:card\" content=\"summary_large_image\" \/>\n<meta name=\"twitter:label1\" content=\"Verfasst von\" \/>\n\t<meta name=\"twitter:data1\" content=\"Redaktion\" \/>\n\t<meta name=\"twitter:label2\" content=\"Gesch\u00e4tzte Lesezeit\" \/>\n\t<meta name=\"twitter:data2\" content=\"5\u00a0Minuten\" \/>\n<script type=\"application\/ld+json\" class=\"yoast-schema-graph\">{\"@context\":\"https:\/\/schema.org\",\"@graph\":[{\"@type\":\"WebSite\",\"@id\":\"https:\/\/www.deanreed.de\/AmericanRebel\/2017\/#website\",\"url\":\"https:\/\/www.deanreed.de\/AmericanRebel\/2017\/\",\"name\":\"Onlinezeitung AmericanRebel\",\"description\":\"Internationale Onlinezeitung f\\u00fcr Frieden, Humanismus, V\\u00f6lkerverst\\u00e4ndigung und Kultur\",\"potentialAction\":[{\"@type\":\"SearchAction\",\"target\":{\"@type\":\"EntryPoint\",\"urlTemplate\":\"https:\/\/www.deanreed.de\/AmericanRebel\/2017\/?s={search_term_string}\"},\"query-input\":\"required name=search_term_string\"}],\"inLanguage\":\"de\"},{\"@type\":\"ImageObject\",\"@id\":\"https:\/\/www.deanreed.de\/AmericanRebel\/2017\/2022\/03\/18\/sturmtief-celia-bringt-die-sahara-nach-suedeuropa_1\/#primaryimage\",\"inLanguage\":\"de\",\"url\":\"https:\/\/www.deanreed.de\/AmericanRebel\/2017\/wp-content\/uploads\/2022\/03\/Saharastaub-ueber-Europa-Bild-IPMA-Screenshon-Kopie.png\",\"contentUrl\":\"https:\/\/www.deanreed.de\/AmericanRebel\/2017\/wp-content\/uploads\/2022\/03\/Saharastaub-ueber-Europa-Bild-IPMA-Screenshon-Kopie.png\",\"width\":678,\"height\":381},{\"@type\":\"WebPage\",\"@id\":\"https:\/\/www.deanreed.de\/AmericanRebel\/2017\/2022\/03\/18\/sturmtief-celia-bringt-die-sahara-nach-suedeuropa_1\/#webpage\",\"url\":\"https:\/\/www.deanreed.de\/AmericanRebel\/2017\/2022\/03\/18\/sturmtief-celia-bringt-die-sahara-nach-suedeuropa_1\/\",\"name\":\"- Sturmtief C\\u00e9lia bringt die Sahara nach S\\u00fcdeuropa &ndash; Onlinezeitung AmericanRebel\",\"isPartOf\":{\"@id\":\"https:\/\/www.deanreed.de\/AmericanRebel\/2017\/#website\"},\"primaryImageOfPage\":{\"@id\":\"https:\/\/www.deanreed.de\/AmericanRebel\/2017\/2022\/03\/18\/sturmtief-celia-bringt-die-sahara-nach-suedeuropa_1\/#primaryimage\"},\"datePublished\":\"2022-03-18T15:11:27+00:00\",\"dateModified\":\"2022-03-20T15:27:14+00:00\",\"author\":{\"@id\":\"https:\/\/www.deanreed.de\/AmericanRebel\/2017\/#\/schema\/person\/9edfca7917cd10b75edaae51c6e7935a\"},\"breadcrumb\":{\"@id\":\"https:\/\/www.deanreed.de\/AmericanRebel\/2017\/2022\/03\/18\/sturmtief-celia-bringt-die-sahara-nach-suedeuropa_1\/#breadcrumb\"},\"inLanguage\":\"de\",\"potentialAction\":[{\"@type\":\"ReadAction\",\"target\":[\"https:\/\/www.deanreed.de\/AmericanRebel\/2017\/2022\/03\/18\/sturmtief-celia-bringt-die-sahara-nach-suedeuropa_1\/\"]}]},{\"@type\":\"BreadcrumbList\",\"@id\":\"https:\/\/www.deanreed.de\/AmericanRebel\/2017\/2022\/03\/18\/sturmtief-celia-bringt-die-sahara-nach-suedeuropa_1\/#breadcrumb\",\"itemListElement\":[{\"@type\":\"ListItem\",\"position\":1,\"name\":\"Startseite\",\"item\":\"https:\/\/www.deanreed.de\/AmericanRebel\/2017\/\"},{\"@type\":\"ListItem\",\"position\":2,\"name\":\"&#8211; Sturmtief C\\u00e9lia bringt die Sahara nach S\\u00fcdeuropa\"}]},{\"@type\":\"Person\",\"@id\":\"https:\/\/www.deanreed.de\/AmericanRebel\/2017\/#\/schema\/person\/9edfca7917cd10b75edaae51c6e7935a\",\"name\":\"Redaktion\",\"url\":\"https:\/\/www.deanreed.de\/AmericanRebel\/2017\/author\/redaktion\/\"}]}<\/script>\n<!-- \/ Yoast SEO plugin. -->","yoast_head_json":{"title":"- Sturmtief C\u00e9lia bringt die Sahara nach S\u00fcdeuropa &ndash; Onlinezeitung AmericanRebel","robots":{"index":"index","follow":"follow","max-snippet":"max-snippet:-1","max-image-preview":"max-image-preview:large","max-video-preview":"max-video-preview:-1"},"canonical":"https:\/\/www.deanreed.de\/AmericanRebel\/2017\/2022\/03\/18\/sturmtief-celia-bringt-die-sahara-nach-suedeuropa_1\/","og_locale":"de_DE","og_type":"article","og_title":"- Sturmtief C\u00e9lia bringt die Sahara nach S\u00fcdeuropa &ndash; Onlinezeitung AmericanRebel","og_description":"W\u00e4hrend im Osten Europas Krieg tobt, geht das Leben im \u00e4u\u00dfersten Westen seinen gewohnten Gang. Zumindest innerhalb dessen, was man als \u201egewohnt\u201c bezeichnen kann. Das Sturmtief C\u00e9lia hat die Routine der Menschen vom Mittelmeer zum Atlantik durcheinandergewirbelt und mancherorts sorgen die Auswirkungen von C\u00e9lia f\u00fcr gro\u00dfe Probleme.","og_url":"https:\/\/www.deanreed.de\/AmericanRebel\/2017\/2022\/03\/18\/sturmtief-celia-bringt-die-sahara-nach-suedeuropa_1\/","og_site_name":"Onlinezeitung AmericanRebel","article_published_time":"2022-03-18T15:11:27+00:00","article_modified_time":"2022-03-20T15:27:14+00:00","og_image":[{"width":678,"height":381,"url":"http:\/\/www.deanreed.de\/AmericanRebel\/2017\/wp-content\/uploads\/2022\/03\/Saharastaub-ueber-Europa-Bild-IPMA-Screenshon-Kopie.png","type":"image\/png"}],"twitter_card":"summary_large_image","twitter_misc":{"Verfasst von":"Redaktion","Gesch\u00e4tzte Lesezeit":"5\u00a0Minuten"},"schema":{"@context":"https:\/\/schema.org","@graph":[{"@type":"WebSite","@id":"https:\/\/www.deanreed.de\/AmericanRebel\/2017\/#website","url":"https:\/\/www.deanreed.de\/AmericanRebel\/2017\/","name":"Onlinezeitung AmericanRebel","description":"Internationale Onlinezeitung f\u00fcr Frieden, Humanismus, V\u00f6lkerverst\u00e4ndigung und Kultur","potentialAction":[{"@type":"SearchAction","target":{"@type":"EntryPoint","urlTemplate":"https:\/\/www.deanreed.de\/AmericanRebel\/2017\/?s={search_term_string}"},"query-input":"required name=search_term_string"}],"inLanguage":"de"},{"@type":"ImageObject","@id":"https:\/\/www.deanreed.de\/AmericanRebel\/2017\/2022\/03\/18\/sturmtief-celia-bringt-die-sahara-nach-suedeuropa_1\/#primaryimage","inLanguage":"de","url":"https:\/\/www.deanreed.de\/AmericanRebel\/2017\/wp-content\/uploads\/2022\/03\/Saharastaub-ueber-Europa-Bild-IPMA-Screenshon-Kopie.png","contentUrl":"https:\/\/www.deanreed.de\/AmericanRebel\/2017\/wp-content\/uploads\/2022\/03\/Saharastaub-ueber-Europa-Bild-IPMA-Screenshon-Kopie.png","width":678,"height":381},{"@type":"WebPage","@id":"https:\/\/www.deanreed.de\/AmericanRebel\/2017\/2022\/03\/18\/sturmtief-celia-bringt-die-sahara-nach-suedeuropa_1\/#webpage","url":"https:\/\/www.deanreed.de\/AmericanRebel\/2017\/2022\/03\/18\/sturmtief-celia-bringt-die-sahara-nach-suedeuropa_1\/","name":"- Sturmtief C\u00e9lia bringt die Sahara nach S\u00fcdeuropa &ndash; Onlinezeitung AmericanRebel","isPartOf":{"@id":"https:\/\/www.deanreed.de\/AmericanRebel\/2017\/#website"},"primaryImageOfPage":{"@id":"https:\/\/www.deanreed.de\/AmericanRebel\/2017\/2022\/03\/18\/sturmtief-celia-bringt-die-sahara-nach-suedeuropa_1\/#primaryimage"},"datePublished":"2022-03-18T15:11:27+00:00","dateModified":"2022-03-20T15:27:14+00:00","author":{"@id":"https:\/\/www.deanreed.de\/AmericanRebel\/2017\/#\/schema\/person\/9edfca7917cd10b75edaae51c6e7935a"},"breadcrumb":{"@id":"https:\/\/www.deanreed.de\/AmericanRebel\/2017\/2022\/03\/18\/sturmtief-celia-bringt-die-sahara-nach-suedeuropa_1\/#breadcrumb"},"inLanguage":"de","potentialAction":[{"@type":"ReadAction","target":["https:\/\/www.deanreed.de\/AmericanRebel\/2017\/2022\/03\/18\/sturmtief-celia-bringt-die-sahara-nach-suedeuropa_1\/"]}]},{"@type":"BreadcrumbList","@id":"https:\/\/www.deanreed.de\/AmericanRebel\/2017\/2022\/03\/18\/sturmtief-celia-bringt-die-sahara-nach-suedeuropa_1\/#breadcrumb","itemListElement":[{"@type":"ListItem","position":1,"name":"Startseite","item":"https:\/\/www.deanreed.de\/AmericanRebel\/2017\/"},{"@type":"ListItem","position":2,"name":"&#8211; Sturmtief C\u00e9lia bringt die Sahara nach S\u00fcdeuropa"}]},{"@type":"Person","@id":"https:\/\/www.deanreed.de\/AmericanRebel\/2017\/#\/schema\/person\/9edfca7917cd10b75edaae51c6e7935a","name":"Redaktion","url":"https:\/\/www.deanreed.de\/AmericanRebel\/2017\/author\/redaktion\/"}]}},"_links":{"self":[{"href":"https:\/\/www.deanreed.de\/AmericanRebel\/2017\/wp-json\/wp\/v2\/posts\/29810"}],"collection":[{"href":"https:\/\/www.deanreed.de\/AmericanRebel\/2017\/wp-json\/wp\/v2\/posts"}],"about":[{"href":"https:\/\/www.deanreed.de\/AmericanRebel\/2017\/wp-json\/wp\/v2\/types\/post"}],"author":[{"embeddable":true,"href":"https:\/\/www.deanreed.de\/AmericanRebel\/2017\/wp-json\/wp\/v2\/users\/2"}],"replies":[{"embeddable":true,"href":"https:\/\/www.deanreed.de\/AmericanRebel\/2017\/wp-json\/wp\/v2\/comments?post=29810"}],"version-history":[{"count":13,"href":"https:\/\/www.deanreed.de\/AmericanRebel\/2017\/wp-json\/wp\/v2\/posts\/29810\/revisions"}],"predecessor-version":[{"id":29832,"href":"https:\/\/www.deanreed.de\/AmericanRebel\/2017\/wp-json\/wp\/v2\/posts\/29810\/revisions\/29832"}],"wp:attachment":[{"href":"https:\/\/www.deanreed.de\/AmericanRebel\/2017\/wp-json\/wp\/v2\/media?parent=29810"}],"wp:term":[{"taxonomy":"category","embeddable":true,"href":"https:\/\/www.deanreed.de\/AmericanRebel\/2017\/wp-json\/wp\/v2\/categories?post=29810"},{"taxonomy":"post_tag","embeddable":true,"href":"https:\/\/www.deanreed.de\/AmericanRebel\/2017\/wp-json\/wp\/v2\/tags?post=29810"}],"curies":[{"name":"wp","href":"https:\/\/api.w.org\/{rel}","templated":true}]}}