{"id":29797,"date":"2022-03-19T01:36:42","date_gmt":"2022-03-19T00:36:42","guid":{"rendered":"http:\/\/www.deanreed.de\/AmericanRebel\/2017\/?p=29797"},"modified":"2022-03-20T15:43:59","modified_gmt":"2022-03-20T14:43:59","slug":"tagesbefehl-bundeswehr-ganzheitlich-modern-und-einsatzbereit-aufstellen","status":"publish","type":"post","link":"https:\/\/www.deanreed.de\/AmericanRebel\/2017\/2022\/03\/19\/tagesbefehl-bundeswehr-ganzheitlich-modern-und-einsatzbereit-aufstellen\/","title":{"rendered":"&#8211; Tagesbefehl: \u201eBundeswehr ganzheitlich, modern und einsatzbereit aufstellen\u201c"},"content":{"rendered":"<blockquote><p><span style=\"color: #808080;\"><em><span style=\"font-family: verdana, geneva, sans-serif;\">Volkskorrespondenz zum Wochenede<img loading=\"lazy\" class=\" wp-image-26040 alignright\" src=\"http:\/\/www.deanreed.de\/AmericanRebel\/2017\/wp-content\/uploads\/2020\/10\/vk-300x300.png\" alt=\"\" width=\"92\" height=\"92\" srcset=\"https:\/\/www.deanreed.de\/AmericanRebel\/2017\/wp-content\/uploads\/2020\/10\/vk.png 300w, https:\/\/www.deanreed.de\/AmericanRebel\/2017\/wp-content\/uploads\/2020\/10\/vk-150x150.png 150w\" sizes=\"(max-width: 92px) 100vw, 92px\" \/><\/span><\/em><\/span><br \/>\n<span style=\"color: #808080;\"><em><span style=\"font-family: verdana, geneva, sans-serif;\">Heinrich Schreiber \u2013 19. M\u00e4rz 2022<\/span><\/em><\/span><\/p><\/blockquote>\n<div data-contents=\"true\">\n<div class=\"\" data-block=\"true\" data-editor=\"2vgeg\" data-offset-key=\"7gmb9-0-0\">\n<div>\n<div class=\"entry-content clearfix\">\n<div id=\"attachment_27314\" style=\"width: 110px\" class=\"wp-caption alignleft\"><img aria-describedby=\"caption-attachment-27314\" loading=\"lazy\" class=\"size-full wp-image-27314\" src=\"http:\/\/www.deanreed.de\/AmericanRebel\/2017\/wp-content\/uploads\/2021\/04\/Heinrich-Schreiber.png\" alt=\"\" width=\"100\" height=\"150\" \/><p id=\"caption-attachment-27314\" class=\"wp-caption-text\">Heinrich Schreiber<\/p><\/div>\n<p style=\"text-align: justify;\"><span style=\"font-family: verdana, geneva, sans-serif; font-size: 12pt; color: #000000;\"><strong>K\u00f6nnen Kommunisten l\u00fcgen? D\u00fcrfen Kommunisten l\u00fcgen? Was ist \u00fcberhaupt eine L\u00fcge? Die Geschichte vom Weihnachtsmann oder dem Osterhasen, die wir so gerne unseren kleinen Kindern auftischen? Sind das verwerfliche L\u00fcgen?<\/strong><\/span><\/p>\n<p style=\"text-align: justify;\"><span style=\"font-family: verdana, geneva, sans-serif; font-size: 12pt; color: #000000;\">Wenn ich jetzt die \u00dcberschrift des Artikels, den ich dem <span style=\"color: #005a8c;\"><a style=\"color: #005a8c;\" href=\"https:\/\/www.bmvg.de\/de\/aktuelles\/tagesbefehl-bundeswehr-modern-einsatzbereit-5371062\" target=\"_blank\" rel=\"noopener\">Tagesbefehl<\/a><\/span> vom 1<span class=\"content-header__headline-date\"><time datetime=\"2022-03-14T15:05:00\">4. M\u00e4rz 2022 entnommen habe, umformuliere und zwar in:<br \/>\n<\/time><\/span><\/span><\/p>\n<p class=\"western\" style=\"text-align: justify;\"><span style=\"font-family: verdana, geneva, sans-serif; font-size: 12pt; color: #000000;\"><strong>\u00bbDie Bundeswehr soll \u201e\u00fcberall\u201c auf der Welt \u201esofort\u201c in den Krieg ziehen k\u00f6nnen\u00ab,<\/strong><\/span><\/p>\n<p style=\"text-align: justify;\"><span style=\"font-family: verdana, geneva, sans-serif; font-size: 12pt; color: #000000;\">dann mag mir der Verteidiger bundesdeutscher Ambitionen, milit\u00e4rischer Hegemonie und Einseitigkeit unterstellen, aber wir sind Kommunisten und nennen die Dinge beim Namen. <em><strong>Das ist unsere Wahrheit!<\/strong><\/em><\/span><\/p>\n<p style=\"text-align: justify;\"><span style=\"font-family: verdana, geneva, sans-serif; font-size: 12pt; color: #000000;\">Bereits mehrfach beteiligte sich die Bundeswehr an Angriffskriegen, unter anderem 1999 in Jugoslawien und ab 2001 in Afghanistan. In Zukunft planen Regierung und Milit\u00e4r dies offenbar auszubauen: <em><strong>\u201eZiel ist eine voll ausgestattete Truppe, die sofort und \u00fcberall im Kampf bestehen kann\u201c<\/strong><\/em> \u2013 so fassen Verteidigungsministerin Christine Lambrecht (sie scheint ihren Traum von der Kriegerprinzessin Zelda nunmehr als Ampelkriegerin zu verwirklichen) und Generalinspekteur Eberhard Zorn (der Viersterne-General ist als Generalinspekteur der h\u00f6chste Dienstherr der Bundeswehr) die Neuausrichtung der Bundeswehr zusammen. Auff\u00e4llig ist in der gesamten Diskussion, die bisher genutzten Formulierungen der Vergangenheit wurden \u00fcber Bord geworfen. W\u00e4hrend fr\u00fcher (zumindest in Worten) die Bundeswehr noch oft auf ihre grundgesetzlich festgelegte Aufgabe, nur als Verteidigungsarmee zu agieren, festgelegt wurde, h\u00f6rt sich dies nun heute anders an. Demnach brauche man nunmehr \u201eeine Bundeswehr, die F\u00e4higkeiten im gesamten milit\u00e4rischen Spektrum vorh\u00e4lt \u2013 vor allem f\u00fcr Landes- und B\u00fcndnisverteidigung, aber auch f\u00fcr das internationale Krisenmanagement\u201c.<\/span><\/p>\n<p style=\"text-align: justify;\"><span style=\"font-family: verdana, geneva, sans-serif; font-size: 12pt; color: #000000;\">Zusammengefasst ben\u00f6tige es eine \u201evollausgestattete Bundeswehr, die sofort und \u00fcberall im Kampf besteht\u201c. Jede Soldatin und jeder Soldat m\u00fcsse zudem bereit sein, auch kurzfristig \u201eeingesetzt zu werden.\u201c Die b\u00fcrgerlichen kalten Krieger von fr\u00fcher d\u00fcrften heute, bei soviel angestrebtem Militarismus, neidisch werden.<br \/>\n<span style=\"color: #ffffff;\">.<\/span><br \/>\n<\/span><span style=\"font-family: verdana, geneva, sans-serif; font-size: 12pt; color: #000000;\"><strong>100.000.000.000,00 Euro \u2013<br \/>\nSo schnell wurden wohl noch nie 100 Milliarden locker gemacht!<\/strong><\/span><\/p>\n<p style=\"text-align: justify;\"><span style=\"font-family: verdana, geneva, sans-serif; font-size: 12pt; color: #000000;\">Die Bundesregierung geht erste Schritte, das neue Aufr\u00fcstungs-\u201eSonder\u201d-Verm\u00f6gen in H\u00f6he von 100 Milliarden Euro f\u00fcr neues Milit\u00e4rger\u00e4t auszugeben. Das erste geplante Projekt, das bekannt wurde, ist die Beschaffung des F-35-Jets des US-amerikanischen R\u00fcstungskonzerns \u00bbLockheed Martin\u00ab. Insgesamt 35 dieser Kampfjets sollen die im rheinland-pf\u00e4lzischen B\u00fcchel stationierten \u00bbTornado\u00ab-Kampfjets ersetzen. Damit sollen auch in Zukunft deutsche Piloten die in B\u00fcchel lagernden und letzten in Deutschland verbliebenen rund 20 US-Atombomben abwerfen k\u00f6nnen.<\/span><\/p>\n<p style=\"text-align: justify;\"><span style=\"font-family: verdana, geneva, sans-serif; font-size: 12pt; color: #000000;\">Der Kampfjet ist mit Tarnkappen-Technologie ausgestattet. Diese Technologie ist nur erforderlich, wenn man aktiv in fremden Luftraum eindringen m\u00f6chte, also \u00fcber eine Verteidigung des eigenen Territoriums oder dem von B\u00fcndnispartnern hinaus will. Noch Fragen?<\/span><\/p>\n<p style=\"text-align: justify;\"><span style=\"font-family: verdana, geneva, sans-serif; font-size: 12pt; color: #000000;\">Mit dem Sonderverm\u00f6gen von 100 Milliarden d\u00fcrfte die Bundesrepublik <a style=\"color: #000000;\" href=\"https:\/\/www.salto.bz\/de\/article\/30042021\/ruestungsausgaben-weltweit-auf-rekordhoch\"><span style=\"color: #005a8c;\">nach aktuellem Stand<\/span><\/a> auf Platz 4 oder Platz 3 vorr\u00fccken, kurz hinter den Milit\u00e4rausgaben der USA, China und Indien \u2013 und vor Russland. Dabei lag Deutschland bisher auf Platz 7 der weltweiten R\u00fcstungsausgaben. <div class=\"hide-this-part-wrap\"><div class=\"hide-this-part-more\" id=\"hide-this-part-0\" morelink-text=\"hier geht es weiter\">hier geht es weiter \u00bb<\/div><div class=\"hide-this-part\" status=\"invisible\"><br \/>\n<span style=\"color: #ffffff;\">.<\/span><br \/>\n<\/span><span style=\"font-family: verdana, geneva, sans-serif; font-size: 12pt; color: #000000;\"><strong>Der Faschismus geht nicht von einer Partei, sondern vom kapitalistischen Staat aus!<\/strong><\/span><\/p>\n<\/div>\n<div class=\"entry-content clearfix\">\n<p style=\"text-align: justify;\"><span style=\"font-family: verdana, geneva, sans-serif; font-size: 12pt; color: #000000;\">Die Erkenntnis ist nicht neu. Denn bereits mit der Verabschiedung der Notstandsgesetze 1968 und der Versch\u00e4rfung der Polizei- und \u00dcberwachungsgesetze wurden umfangreiche gesetzliche Grundlagen geschaffen. Jetzt versucht sich eine Annalena Baerbock mit neuen au\u00dfenpolitischen Strategien einer deutschen Gro\u00dfmacht in einer <a style=\"color: #000000;\" href=\"https:\/\/www.auswaertiges-amt.de\/de\/newsroom\/baerbock-nationale-sicherheitsstrategie\/2517738\"><span style=\"color: #005a8c;\">Rede vor dem deutschen Parlament<\/span><\/a> zu pr\u00e4sentieren. Dabei greift sie frontal Lehren aus dem deutschen Faschismus an, und tritt damit in die Fu\u00dfstapfen des gr\u00fcnen Au\u00dfenministers Joschka Fischer. Dieser hatte bereits den ersten Angriffskrieg Deutschlands nach dem zweiten Weltkrieg, den Kosovo-Krieg, legitimiert. Nun ist es wieder eine Gr\u00fcne Politikerin, die zwischen allerlei <strong>bekannten politische Worth\u00fclsen<\/strong> eine aggressive deutsche Au\u00dfenpolitik entwickelt.<\/span><\/p>\n<div id=\"attachment_29800\" style=\"width: 562px\" class=\"wp-caption aligncenter\"><img aria-describedby=\"caption-attachment-29800\" loading=\"lazy\" class=\" wp-image-29800\" src=\"http:\/\/www.deanreed.de\/AmericanRebel\/2017\/wp-content\/uploads\/2022\/03\/14-Kopie-300x150.png\" alt=\"\" width=\"552\" height=\"276\" srcset=\"https:\/\/www.deanreed.de\/AmericanRebel\/2017\/wp-content\/uploads\/2022\/03\/14-Kopie-300x150.png 300w, https:\/\/www.deanreed.de\/AmericanRebel\/2017\/wp-content\/uploads\/2022\/03\/14-Kopie.png 750w\" sizes=\"(max-width: 552px) 100vw, 552px\" \/><p id=\"caption-attachment-29800\" class=\"wp-caption-text\">Noch 2018 forderte Baerbock den Abzug von US-Atomwaffen \u2013 auch etwas, was sie vergessen hat<span style=\"color: #808080;\"> | Photo: YouTube<\/span><\/p><\/div>\n<p style=\"text-align: justify;\"><span style=\"font-family: verdana, geneva, sans-serif; font-size: 12pt; color: #000000;\">So erkl\u00e4rte Baerbock, dass aus der \u201edeutschen Schuld f\u00fcr Krieg und V\u00f6lkermord\u201c eine besondere Verantwortung erwachse: <em>\u201eUnd zwar die Verpflichtung, jenen zur Seite zu stehen, deren Leben, deren Freiheit und deren Rechte bedroht sind.\u201c<\/em> Zugleich m\u00fcsse man daf\u00fcr Sicherheit <em>\u201enicht aus der Vergangenheit\u201c<\/em>, sondern <em>\u201eaus der Zukunft heraus denken.\u201c<\/em><\/span><\/p>\n<p style=\"text-align: justify;\"><span style=\"font-family: verdana, geneva, sans-serif; font-size: 12pt; color: #000000;\">Damit meint sie, dass man Lehren aus der Nachkriegsordnung \u00fcber Bord werfen m\u00fcsse. <strong>Sie stellte die Trennungsgebote des Grundgesetzes zwischen Polizei und Milit\u00e4r, zwischen Polizei und Geheimdienst in Frage: <\/strong><em><strong>\u201eWir haben Trennlinien auch bei uns in unserer Verfassung stehen. Da m\u00fcssen wir uns ehrlich fragen, (\u2026) wie gehen wir mit diesen alten Trennlinien in Zukunft um<\/strong><strong>?\u201c<\/strong><\/em><\/span><\/p>\n<p style=\"text-align: justify;\"><span style=\"font-family: verdana, geneva, sans-serif; font-size: 12pt; color: #000000;\">Insgesamt brauche es einen viel vernetzteren Ansatz der deutschen Gro\u00dfmacht: Handelspolitik, Infrastrukturpolitik Au\u00dfen- und Sicherheitspolitik, <em>\u201edas geh\u00f6rt alles zusammen\u201c<\/em>, so Baerbock.<\/span><\/p>\n<p style=\"text-align: justify;\"><span style=\"font-family: verdana, geneva, sans-serif; font-size: 12pt; color: #000000;\">Es darf spekuliert werden, inwieweit nunmehr das Bundesamt f\u00fcr Verfassungsschutz (BfV), Milit\u00e4rischer-Abschirmdienst (MAD) und Bundesnachrichten Dienst (BND) eine Zusammenf\u00fchrung erhalten. Baerbock nennt das dann in ihrer Bundestags-Rede: <em>\u201eInstrumente(n), die agil, effektiv und auf der H\u00f6he der Zeit sind.\u201c<\/em> Ist klar, ich habe auch nichts anderes erwartet, denn das h\u00e4tte eine AfD nicht besser Formulieren k\u00f6nnen.<br \/>\n<span style=\"color: #ffffff;\">.<\/span><\/span><\/p>\n<p><span style=\"font-family: verdana, geneva, sans-serif; font-size: 12pt;\"><em><strong><span style=\"color: #000000;\">Wer sich gerne erinnern m\u00f6chte,<br \/>\nwas eine Baerbock mal gefordert hat<br \/>\nfindet unten mehr!<br \/>\n<img loading=\"lazy\" class=\"alignleft size-medium wp-image-29798\" src=\"http:\/\/www.deanreed.de\/AmericanRebel\/2017\/wp-content\/uploads\/2022\/03\/2-Kopie-2-300x216.png\" alt=\"\" width=\"300\" height=\"216\" srcset=\"https:\/\/www.deanreed.de\/AmericanRebel\/2017\/wp-content\/uploads\/2022\/03\/2-Kopie-2-300x216.png 300w, https:\/\/www.deanreed.de\/AmericanRebel\/2017\/wp-content\/uploads\/2022\/03\/2-Kopie-2.png 640w\" sizes=\"(max-width: 300px) 100vw, 300px\" \/><\/span><\/strong><\/em><\/span><\/p>\n<\/div>\n<\/div>\n<\/div>\n<p><span style=\"color: #ffffff;\">.<br \/>\n.<br \/>\n.<br \/>\n.<br \/>\n<\/span><\/p>\n<p><span style=\"color: #ffffff;\">.<\/span><br \/>\n<span style=\"color: #ffffff;\">.<\/span><\/p>\n<p><span style=\"color: #ffffff;\">.<\/span><\/p>\n<p><span style=\"color: #ffffff;\">.<\/span><\/p>\n<p>&nbsp;<\/p>\n<p><span style=\"color: #ffffff;\">.<\/span><\/p>\n<div class=\"\" data-block=\"true\" data-editor=\"2vgeg\" data-offset-key=\"7gmb9-0-0\">\n<div>\n<p><span style=\"color: #ffffff;\">.<\/span><\/p>\n<p><a href=\"http:\/\/www.deanreed.de\/AmericanRebel\/2017\/2020\/04\/03\/spendenaufruf\/\" target=\"_blank\" rel=\"noopener\"><img loading=\"lazy\" class=\"wp-image-29256 aligncenter\" src=\"http:\/\/www.deanreed.de\/AmericanRebel\/2017\/wp-content\/uploads\/2037\/12\/pay-300x69.png\" alt=\"\" width=\"670\" height=\"154\" srcset=\"https:\/\/www.deanreed.de\/AmericanRebel\/2017\/wp-content\/uploads\/2037\/12\/pay-300x69.png 300w, https:\/\/www.deanreed.de\/AmericanRebel\/2017\/wp-content\/uploads\/2037\/12\/pay-1024x237.png 1024w, https:\/\/www.deanreed.de\/AmericanRebel\/2017\/wp-content\/uploads\/2037\/12\/pay-768x178.png 768w, https:\/\/www.deanreed.de\/AmericanRebel\/2017\/wp-content\/uploads\/2037\/12\/pay.png 1297w\" sizes=\"(max-width: 670px) 100vw, 670px\" \/><\/a><\/p>\n<p style=\"text-align: justify;\"><span style=\"color: #ffffff;\">.<\/span><\/p>\n<blockquote>\n<div style=\"margin-left: 10px;\"><a title=\"zur Startseite\" href=\"http:\/\/www.americanrebel.de\/\"><img loading=\"lazy\" class=\"alignleft\" src=\"http:\/\/www.deanreed.de\/AmericanRebel\/2017\/wp-content\/uploads\/2017\/03\/back_ar.png\" alt=\"zur\u00fcck zur Startseite\" width=\"156\" height=\"15\" \/><\/a><\/div>\n<div style=\"margin-right: 10px;\"><a href=\"https:\/\/www.facebook.com\/groups\/1683837971860223\/permalink\/1987214344855916\/\" target=\"_blank\" rel=\"noopener noreferrer\"><img loading=\"lazy\" class=\"alignright\" src=\"http:\/\/www.deanreed.de\/AmericanRebel\/2017\/wp-content\/uploads\/2017\/03\/ar_zu_fb.png\" alt=\"hier geht es zur Facebook Diskussionsgruppe\" width=\"353\" height=\"15\" \/><\/a><\/div>\n<p style=\"text-align: center;\"><a href=\"#respond\" target=\"_blank\" rel=\"noopener noreferrer\"><img loading=\"lazy\" class=\"aligncenter\" src=\"http:\/\/www.deanreed.de\/AmericanRebel\/2017\/wp-content\/uploads\/2017\/03\/ar_kommentar-1.png\" alt=\"Sag uns deine Meinung zum Artikel mit einem Kommentar\/Leserbrief\" width=\"627\" height=\"20\" \/><\/a><span class=\"_4n-j _fbReactionComponent__eventDetailsContentTags fsl\" data-testid=\"event-permalink-details\"><\/div><!-- .hide-this-part --><\/div><!-- hide-this-part-wrap --><\/span><\/p>\n<\/blockquote>\n<\/div>\n<\/div>\n<\/div>\n","protected":false},"excerpt":{"rendered":"<p>Volkskorrespondenz zum Wochenede Heinrich Schreiber \u2013 19. M\u00e4rz 2022 K\u00f6nnen Kommunisten l\u00fcgen? D\u00fcrfen Kommunisten l\u00fcgen? Was ist \u00fcberhaupt eine L\u00fcge? Die Geschichte vom Weihnachtsmann oder dem Osterhasen, die wir so gerne unseren kleinen Kindern auftischen? Sind das verwerfliche L\u00fcgen? Wenn [&hellip;]<a class=\"more-link\" href=\"https:\/\/www.deanreed.de\/AmericanRebel\/2017\/2022\/03\/19\/tagesbefehl-bundeswehr-ganzheitlich-modern-und-einsatzbereit-aufstellen\/\">&darr; Lese den Rest von diesem Eintrag&#8230;<\/a><\/p>\n","protected":false},"author":2,"featured_media":0,"comment_status":"open","ping_status":"open","sticky":false,"template":"","format":"standard","meta":[],"categories":[3874,171],"tags":[748,2594,5696,2149,5697,5698,902,5699,2225,5700,1329,5701,5702],"yoast_head":"<!-- This site is optimized with the Yoast SEO plugin v17.5 - https:\/\/yoast.com\/wordpress\/plugins\/seo\/ -->\n<title>- Tagesbefehl: \u201eBundeswehr ganzheitlich, modern und einsatzbereit aufstellen\u201c &ndash; Onlinezeitung AmericanRebel<\/title>\n<meta name=\"robots\" content=\"index, follow, max-snippet:-1, max-image-preview:large, max-video-preview:-1\" \/>\n<link rel=\"canonical\" href=\"https:\/\/www.deanreed.de\/AmericanRebel\/2017\/2022\/03\/19\/tagesbefehl-bundeswehr-ganzheitlich-modern-und-einsatzbereit-aufstellen\/\" \/>\n<meta property=\"og:locale\" content=\"de_DE\" \/>\n<meta property=\"og:type\" content=\"article\" \/>\n<meta property=\"og:title\" content=\"- Tagesbefehl: \u201eBundeswehr ganzheitlich, modern und einsatzbereit aufstellen\u201c &ndash; Onlinezeitung AmericanRebel\" \/>\n<meta property=\"og:description\" content=\"K\u00f6nnen Kommunisten l\u00fcgen? D\u00fcrfen Kommunisten l\u00fcgen? Was ist \u00fcberhaupt eine L\u00fcge? Die Geschichte vom Weihnachtsmann oder dem Osterhasen, die wir so gerne unseren kleinen Kindern auftischen? Sind das verwerfliche L\u00fcgen?\" \/>\n<meta property=\"og:url\" content=\"https:\/\/www.deanreed.de\/AmericanRebel\/2017\/2022\/03\/19\/tagesbefehl-bundeswehr-ganzheitlich-modern-und-einsatzbereit-aufstellen\/\" \/>\n<meta property=\"og:site_name\" content=\"Onlinezeitung AmericanRebel\" \/>\n<meta property=\"article:published_time\" content=\"2022-03-19T00:36:42+00:00\" \/>\n<meta property=\"article:modified_time\" content=\"2022-03-20T14:43:59+00:00\" \/>\n<meta property=\"og:image\" content=\"http:\/\/www.deanreed.de\/AmericanRebel\/2017\/wp-content\/uploads\/2022\/03\/22222-640x381-1.png\" \/>\n\t<meta property=\"og:image:width\" content=\"640\" \/>\n\t<meta property=\"og:image:height\" content=\"381\" \/>\n<meta name=\"twitter:card\" content=\"summary_large_image\" \/>\n<meta name=\"twitter:image\" content=\"https:\/\/www.deanreed.de\/AmericanRebel\/2017\/wp-content\/uploads\/2022\/03\/22222-640x381-1.png\" \/>\n<meta name=\"twitter:label1\" content=\"Verfasst von\" \/>\n\t<meta name=\"twitter:data1\" content=\"Redaktion\" \/>\n\t<meta name=\"twitter:label2\" content=\"Gesch\u00e4tzte Lesezeit\" \/>\n\t<meta name=\"twitter:data2\" content=\"5\u00a0Minuten\" \/>\n<script type=\"application\/ld+json\" class=\"yoast-schema-graph\">{\"@context\":\"https:\/\/schema.org\",\"@graph\":[{\"@type\":\"WebSite\",\"@id\":\"https:\/\/www.deanreed.de\/AmericanRebel\/2017\/#website\",\"url\":\"https:\/\/www.deanreed.de\/AmericanRebel\/2017\/\",\"name\":\"Onlinezeitung AmericanRebel\",\"description\":\"Internationale Onlinezeitung f\\u00fcr Frieden, Humanismus, V\\u00f6lkerverst\\u00e4ndigung und Kultur\",\"potentialAction\":[{\"@type\":\"SearchAction\",\"target\":{\"@type\":\"EntryPoint\",\"urlTemplate\":\"https:\/\/www.deanreed.de\/AmericanRebel\/2017\/?s={search_term_string}\"},\"query-input\":\"required name=search_term_string\"}],\"inLanguage\":\"de\"},{\"@type\":\"ImageObject\",\"@id\":\"https:\/\/www.deanreed.de\/AmericanRebel\/2017\/2022\/03\/19\/tagesbefehl-bundeswehr-ganzheitlich-modern-und-einsatzbereit-aufstellen\/#primaryimage\",\"inLanguage\":\"de\",\"url\":\"https:\/\/www.deanreed.de\/AmericanRebel\/2017\/wp-content\/uploads\/2022\/03\/22222-640x381-1.png\",\"contentUrl\":\"https:\/\/www.deanreed.de\/AmericanRebel\/2017\/wp-content\/uploads\/2022\/03\/22222-640x381-1.png\",\"width\":640,\"height\":381},{\"@type\":\"WebPage\",\"@id\":\"https:\/\/www.deanreed.de\/AmericanRebel\/2017\/2022\/03\/19\/tagesbefehl-bundeswehr-ganzheitlich-modern-und-einsatzbereit-aufstellen\/#webpage\",\"url\":\"https:\/\/www.deanreed.de\/AmericanRebel\/2017\/2022\/03\/19\/tagesbefehl-bundeswehr-ganzheitlich-modern-und-einsatzbereit-aufstellen\/\",\"name\":\"- Tagesbefehl: \\u201eBundeswehr ganzheitlich, modern und einsatzbereit aufstellen\\u201c &ndash; Onlinezeitung AmericanRebel\",\"isPartOf\":{\"@id\":\"https:\/\/www.deanreed.de\/AmericanRebel\/2017\/#website\"},\"primaryImageOfPage\":{\"@id\":\"https:\/\/www.deanreed.de\/AmericanRebel\/2017\/2022\/03\/19\/tagesbefehl-bundeswehr-ganzheitlich-modern-und-einsatzbereit-aufstellen\/#primaryimage\"},\"datePublished\":\"2022-03-19T00:36:42+00:00\",\"dateModified\":\"2022-03-20T14:43:59+00:00\",\"author\":{\"@id\":\"https:\/\/www.deanreed.de\/AmericanRebel\/2017\/#\/schema\/person\/9edfca7917cd10b75edaae51c6e7935a\"},\"breadcrumb\":{\"@id\":\"https:\/\/www.deanreed.de\/AmericanRebel\/2017\/2022\/03\/19\/tagesbefehl-bundeswehr-ganzheitlich-modern-und-einsatzbereit-aufstellen\/#breadcrumb\"},\"inLanguage\":\"de\",\"potentialAction\":[{\"@type\":\"ReadAction\",\"target\":[\"https:\/\/www.deanreed.de\/AmericanRebel\/2017\/2022\/03\/19\/tagesbefehl-bundeswehr-ganzheitlich-modern-und-einsatzbereit-aufstellen\/\"]}]},{\"@type\":\"BreadcrumbList\",\"@id\":\"https:\/\/www.deanreed.de\/AmericanRebel\/2017\/2022\/03\/19\/tagesbefehl-bundeswehr-ganzheitlich-modern-und-einsatzbereit-aufstellen\/#breadcrumb\",\"itemListElement\":[{\"@type\":\"ListItem\",\"position\":1,\"name\":\"Startseite\",\"item\":\"https:\/\/www.deanreed.de\/AmericanRebel\/2017\/\"},{\"@type\":\"ListItem\",\"position\":2,\"name\":\"&#8211; Tagesbefehl: \\u201eBundeswehr ganzheitlich, modern und einsatzbereit aufstellen\\u201c\"}]},{\"@type\":\"Person\",\"@id\":\"https:\/\/www.deanreed.de\/AmericanRebel\/2017\/#\/schema\/person\/9edfca7917cd10b75edaae51c6e7935a\",\"name\":\"Redaktion\",\"url\":\"https:\/\/www.deanreed.de\/AmericanRebel\/2017\/author\/redaktion\/\"}]}<\/script>\n<!-- \/ Yoast SEO plugin. -->","yoast_head_json":{"title":"- Tagesbefehl: \u201eBundeswehr ganzheitlich, modern und einsatzbereit aufstellen\u201c &ndash; Onlinezeitung AmericanRebel","robots":{"index":"index","follow":"follow","max-snippet":"max-snippet:-1","max-image-preview":"max-image-preview:large","max-video-preview":"max-video-preview:-1"},"canonical":"https:\/\/www.deanreed.de\/AmericanRebel\/2017\/2022\/03\/19\/tagesbefehl-bundeswehr-ganzheitlich-modern-und-einsatzbereit-aufstellen\/","og_locale":"de_DE","og_type":"article","og_title":"- Tagesbefehl: \u201eBundeswehr ganzheitlich, modern und einsatzbereit aufstellen\u201c &ndash; Onlinezeitung AmericanRebel","og_description":"K\u00f6nnen Kommunisten l\u00fcgen? D\u00fcrfen Kommunisten l\u00fcgen? Was ist \u00fcberhaupt eine L\u00fcge? Die Geschichte vom Weihnachtsmann oder dem Osterhasen, die wir so gerne unseren kleinen Kindern auftischen? Sind das verwerfliche L\u00fcgen?","og_url":"https:\/\/www.deanreed.de\/AmericanRebel\/2017\/2022\/03\/19\/tagesbefehl-bundeswehr-ganzheitlich-modern-und-einsatzbereit-aufstellen\/","og_site_name":"Onlinezeitung AmericanRebel","article_published_time":"2022-03-19T00:36:42+00:00","article_modified_time":"2022-03-20T14:43:59+00:00","og_image":[{"width":640,"height":381,"url":"http:\/\/www.deanreed.de\/AmericanRebel\/2017\/wp-content\/uploads\/2022\/03\/22222-640x381-1.png","type":"image\/png"}],"twitter_card":"summary_large_image","twitter_image":"https:\/\/www.deanreed.de\/AmericanRebel\/2017\/wp-content\/uploads\/2022\/03\/22222-640x381-1.png","twitter_misc":{"Verfasst von":"Redaktion","Gesch\u00e4tzte Lesezeit":"5\u00a0Minuten"},"schema":{"@context":"https:\/\/schema.org","@graph":[{"@type":"WebSite","@id":"https:\/\/www.deanreed.de\/AmericanRebel\/2017\/#website","url":"https:\/\/www.deanreed.de\/AmericanRebel\/2017\/","name":"Onlinezeitung AmericanRebel","description":"Internationale Onlinezeitung f\u00fcr Frieden, Humanismus, V\u00f6lkerverst\u00e4ndigung und Kultur","potentialAction":[{"@type":"SearchAction","target":{"@type":"EntryPoint","urlTemplate":"https:\/\/www.deanreed.de\/AmericanRebel\/2017\/?s={search_term_string}"},"query-input":"required name=search_term_string"}],"inLanguage":"de"},{"@type":"ImageObject","@id":"https:\/\/www.deanreed.de\/AmericanRebel\/2017\/2022\/03\/19\/tagesbefehl-bundeswehr-ganzheitlich-modern-und-einsatzbereit-aufstellen\/#primaryimage","inLanguage":"de","url":"https:\/\/www.deanreed.de\/AmericanRebel\/2017\/wp-content\/uploads\/2022\/03\/22222-640x381-1.png","contentUrl":"https:\/\/www.deanreed.de\/AmericanRebel\/2017\/wp-content\/uploads\/2022\/03\/22222-640x381-1.png","width":640,"height":381},{"@type":"WebPage","@id":"https:\/\/www.deanreed.de\/AmericanRebel\/2017\/2022\/03\/19\/tagesbefehl-bundeswehr-ganzheitlich-modern-und-einsatzbereit-aufstellen\/#webpage","url":"https:\/\/www.deanreed.de\/AmericanRebel\/2017\/2022\/03\/19\/tagesbefehl-bundeswehr-ganzheitlich-modern-und-einsatzbereit-aufstellen\/","name":"- Tagesbefehl: \u201eBundeswehr ganzheitlich, modern und einsatzbereit aufstellen\u201c &ndash; Onlinezeitung AmericanRebel","isPartOf":{"@id":"https:\/\/www.deanreed.de\/AmericanRebel\/2017\/#website"},"primaryImageOfPage":{"@id":"https:\/\/www.deanreed.de\/AmericanRebel\/2017\/2022\/03\/19\/tagesbefehl-bundeswehr-ganzheitlich-modern-und-einsatzbereit-aufstellen\/#primaryimage"},"datePublished":"2022-03-19T00:36:42+00:00","dateModified":"2022-03-20T14:43:59+00:00","author":{"@id":"https:\/\/www.deanreed.de\/AmericanRebel\/2017\/#\/schema\/person\/9edfca7917cd10b75edaae51c6e7935a"},"breadcrumb":{"@id":"https:\/\/www.deanreed.de\/AmericanRebel\/2017\/2022\/03\/19\/tagesbefehl-bundeswehr-ganzheitlich-modern-und-einsatzbereit-aufstellen\/#breadcrumb"},"inLanguage":"de","potentialAction":[{"@type":"ReadAction","target":["https:\/\/www.deanreed.de\/AmericanRebel\/2017\/2022\/03\/19\/tagesbefehl-bundeswehr-ganzheitlich-modern-und-einsatzbereit-aufstellen\/"]}]},{"@type":"BreadcrumbList","@id":"https:\/\/www.deanreed.de\/AmericanRebel\/2017\/2022\/03\/19\/tagesbefehl-bundeswehr-ganzheitlich-modern-und-einsatzbereit-aufstellen\/#breadcrumb","itemListElement":[{"@type":"ListItem","position":1,"name":"Startseite","item":"https:\/\/www.deanreed.de\/AmericanRebel\/2017\/"},{"@type":"ListItem","position":2,"name":"&#8211; Tagesbefehl: \u201eBundeswehr ganzheitlich, modern und einsatzbereit aufstellen\u201c"}]},{"@type":"Person","@id":"https:\/\/www.deanreed.de\/AmericanRebel\/2017\/#\/schema\/person\/9edfca7917cd10b75edaae51c6e7935a","name":"Redaktion","url":"https:\/\/www.deanreed.de\/AmericanRebel\/2017\/author\/redaktion\/"}]}},"_links":{"self":[{"href":"https:\/\/www.deanreed.de\/AmericanRebel\/2017\/wp-json\/wp\/v2\/posts\/29797"}],"collection":[{"href":"https:\/\/www.deanreed.de\/AmericanRebel\/2017\/wp-json\/wp\/v2\/posts"}],"about":[{"href":"https:\/\/www.deanreed.de\/AmericanRebel\/2017\/wp-json\/wp\/v2\/types\/post"}],"author":[{"embeddable":true,"href":"https:\/\/www.deanreed.de\/AmericanRebel\/2017\/wp-json\/wp\/v2\/users\/2"}],"replies":[{"embeddable":true,"href":"https:\/\/www.deanreed.de\/AmericanRebel\/2017\/wp-json\/wp\/v2\/comments?post=29797"}],"version-history":[{"count":9,"href":"https:\/\/www.deanreed.de\/AmericanRebel\/2017\/wp-json\/wp\/v2\/posts\/29797\/revisions"}],"predecessor-version":[{"id":29809,"href":"https:\/\/www.deanreed.de\/AmericanRebel\/2017\/wp-json\/wp\/v2\/posts\/29797\/revisions\/29809"}],"wp:attachment":[{"href":"https:\/\/www.deanreed.de\/AmericanRebel\/2017\/wp-json\/wp\/v2\/media?parent=29797"}],"wp:term":[{"taxonomy":"category","embeddable":true,"href":"https:\/\/www.deanreed.de\/AmericanRebel\/2017\/wp-json\/wp\/v2\/categories?post=29797"},{"taxonomy":"post_tag","embeddable":true,"href":"https:\/\/www.deanreed.de\/AmericanRebel\/2017\/wp-json\/wp\/v2\/tags?post=29797"}],"curies":[{"name":"wp","href":"https:\/\/api.w.org\/{rel}","templated":true}]}}