{"id":29760,"date":"2022-03-08T09:19:49","date_gmt":"2022-03-08T08:19:49","guid":{"rendered":"http:\/\/www.deanreed.de\/AmericanRebel\/2017\/?p=29760"},"modified":"2022-03-08T09:25:03","modified_gmt":"2022-03-08T08:25:03","slug":"8-maerz-internationaler-kampftag-der-frauen","status":"publish","type":"post","link":"https:\/\/www.deanreed.de\/AmericanRebel\/2017\/2022\/03\/08\/8-maerz-internationaler-kampftag-der-frauen\/","title":{"rendered":"&#8211; 8. M\u00e4rz \u2013 Internationaler Kampftag der Frauen"},"content":{"rendered":"<blockquote><p><em><span style=\"font-family: verdana, geneva, sans-serif;\">Redaktionen AmericanRebel, RoterMorgen und InfoWelt &#8211; <img loading=\"lazy\" class=\" wp-image-29763 alignright\" src=\"http:\/\/www.deanreed.de\/AmericanRebel\/2017\/wp-content\/uploads\/2022\/03\/gg.png\" alt=\"\" width=\"180\" height=\"157\" \/><br \/>\n8. M\u00e4rz 2022<\/span><\/em><\/p><\/blockquote>\n<p><span style=\"color: #993300; font-family: verdana, geneva, sans-serif; font-size: 16pt;\"><strong> 8. M\u00e4rz \u2013 Internationaler Kampftag der Frauen<\/strong><\/span><\/p>\n<div class=\"\" data-block=\"true\" data-editor=\"70m56\" data-offset-key=\"9t5hq-0-0\">\n<div class=\"public-DraftStyleDefault-block public-DraftStyleDefault-ltr\" style=\"text-align: justify;\" data-offset-key=\"9n1au-0-0\"><span style=\"font-family: verdana, geneva, sans-serif; font-size: 12pt;\"><strong><img loading=\"lazy\" class=\"alignleft wp-image-29764\" src=\"http:\/\/www.deanreed.de\/AmericanRebel\/2017\/wp-content\/uploads\/2022\/03\/fzzu-300x300-1-300x300.png\" alt=\"\" width=\"217\" height=\"217\" srcset=\"https:\/\/www.deanreed.de\/AmericanRebel\/2017\/wp-content\/uploads\/2022\/03\/fzzu-300x300-1.png 300w, https:\/\/www.deanreed.de\/AmericanRebel\/2017\/wp-content\/uploads\/2022\/03\/fzzu-300x300-1-150x150.png 150w\" sizes=\"(max-width: 217px) 100vw, 217px\" \/><span style=\"color: #000000;\">Das \u00bbRedaktionskollektiv AmericanRebel\u00ab und die \u00bbGruppe Rote Publischer\u00ab gratulieren allen werkt\u00e4tigen Frauen und M\u00e4dchen zum Internationalen Frauen- kampftag 2022. Denkt immer daran: Der Hauptfeind der Frauen und Diverse ist nicht \u00bbder Mann\u00ab, sondern der kapitalistische Blutsauger! Frauen, M\u00e4nner, und Diverse m\u00fcssen <em>gemeinsam<\/em> gegen ihn k\u00e4mpfen!<\/span><br \/>\n<span style=\"color: #000000;\"><span style=\"color: #ffffff;\">&#8230;<\/span>Den diesj\u00e4hrigen <span id=\"decorator-corrected-entity-id-21\" data-entity-key=\"21\" data-offset-key=\"9t5hq-1-0\">Leitartikel zum<\/span> Internationalen <span id=\"decorator-corrected-entity-id-41\" data-entity-key=\"41\" data-offset-key=\"9t5hq-3-0\">Frauenkampftag hat unser Genosse Heinz Ahlreip geschrieben. E<\/span><\/span><\/strong><\/span><strong><span style=\"font-family: verdana, geneva, sans-serif; font-size: 12pt;\"><span style=\"color: #000000;\">inige Leserinnen und Leser werden sich <span id=\"decorator-corrected-entity-id-92\" data-entity-key=\"92\" data-offset-key=\"9n1au-1-0\">fragen: Warum<\/span> f\u00e4ngt der nun wieder von der Oktoberrevolution und der Sowjetrepublik an? Das, das keine olle <\/span><span id=\"decorator-ignored-entity-id-128\" data-entity-key=\"128\" data-offset-key=\"9n1au-7-0\"><span style=\"color: #000000;\">Kamellen sind, beweist sein Artikel.<\/span><br \/>\n<span style=\"color: #ffffff;\">.<\/span><br \/>\n<\/span><\/span><\/strong><\/div>\n<\/div>\n<div class=\"\" style=\"text-align: justify;\" data-block=\"true\" data-editor=\"70m56\" data-offset-key=\"ejeq8-0-0\">\n<div data-offset-key=\"9n1au-0-0\"><\/div>\n<\/div>\n<div class=\"\" style=\"text-align: justify;\" data-block=\"true\" data-editor=\"70m56\" data-offset-key=\"8mn62-0-0\">\n<div class=\"public-DraftStyleDefault-block public-DraftStyleDefault-ltr\" data-offset-key=\"8mn62-0-0\"><span style=\"font-family: verdana, geneva, sans-serif; font-size: 12pt; color: #000000;\"><span id=\"decorator-ignored-entity-id-128\" data-entity-key=\"128\" data-offset-key=\"8mn62-0-0\">NEIN!<\/span> Es hat sich nichts <span id=\"decorator-corrected-entity-id-181\" data-entity-key=\"181\" data-offset-key=\"8mn62-2-0\">Grundlegendes<\/span> an den Frauenrechten ge\u00e4ndert \u2013 <span id=\"decorator-corrected-entity-id-138\" data-entity-key=\"138\" data-offset-key=\"8mn62-4-0\">alles, was<\/span> Marx, Engels, Lenin, Clara Zetkin, Rosa Luxemburg und Stalin zur Lage der Frau geschrieben haben, trifft auch heute noch zu. An der Lage der werkt\u00e4tigen Frauen von 1917 bis heute hat sich kaum etwas <span style=\"text-decoration: underline;\"><span id=\"decorator-ignored-entity-id-175\" data-entity-key=\"175\" data-offset-key=\"8mn62-6-0\">Ausschlaggebendes<\/span><\/span> ver\u00e4ndert hat. Das <span id=\"decorator-corrected-entity-id-162\" data-entity-key=\"162\" data-offset-key=\"8mn62-8-0\">hei\u00dft, das<\/span> der Kampf f\u00fcr eine wirkliche Gleichstellung und Gleichberechtigung nicht beendet ist und weitergef\u00fchrt werden muss!<\/span><\/div>\n<\/div>\n<div class=\"\" data-block=\"true\" data-editor=\"70m56\" data-offset-key=\"8826o-0-0\">\n<div class=\"public-DraftStyleDefault-block public-DraftStyleDefault-ltr\" style=\"text-align: justify;\" data-offset-key=\"5r24n-0-0\"><span style=\"font-family: verdana, geneva, sans-serif; font-size: 12pt;\"><span style=\"color: #000000;\">..<\/span><br \/>\n<span style=\"color: #000000;\">Im Anschluss an den Leitartikel findet ihr eine Sammlung von <span id=\"decorator-corrected-entity-id-220\" data-entity-key=\"220\" data-offset-key=\"5r24n-1-0\">Texten, die<\/span> im Rahmen der heutigen Gruppe \u00bb<span id=\"decorator-ignored-entity-id-229\" data-entity-key=\"229\" data-offset-key=\"5r24n-3-0\">RotePublisher<\/span>\u00ab gesammelt wurden. K\u00fcnstler\/innen, verschiedene Redakteure und Genossinnen und Genossen stellten diese zur Verf\u00fcgung und schrieben zu <span id=\"decorator-corrected-entity-id-237\" data-entity-key=\"237\" data-offset-key=\"5r24n-5-0\">verschiedenen<\/span> <span id=\"decorator-corrected-entity-id-244\" data-entity-key=\"244\" data-offset-key=\"5r24n-7-0\">Themen, die<\/span> sich auf die Rechte der Frauen im Kapitalismus und im <span id=\"decorator-corrected-entity-id-250\" data-entity-key=\"250\" data-offset-key=\"5r24n-9-0\">Sozialismus<\/span> beziehen. Auch wenn nicht alle Texte die Meinungen der Redaktion in allen Einzelheiten widerspiegeln, sind sie eine wertvolle Sammlung von begr\u00fcndeten Meinungen und <span id=\"decorator-corrected-entity-id-258\" data-entity-key=\"258\" data-offset-key=\"5r24n-11-0\"><span id=\"decorator-corrected-entity-id-13\" data-entity-key=\"13\" data-offset-key=\"f9no3-3-0\">Hintergrundinformationen,<\/span> die<\/span> uns allen helfen <span id=\"decorator-corrected-entity-id-261\" data-entity-key=\"261\" data-offset-key=\"5r24n-13-0\">k\u00f6nnen, den<\/span> Sinn und Zweck der von den Herrschenden beabsichtigten <span id=\"decorator-corrected-entity-id-263\" data-entity-key=\"263\" data-offset-key=\"5r24n-15-0\">Benachteiligung<\/span> der Frauen zu verstehen und so den Kampf f\u00fcr die Befreiung der Frau noch besser f\u00fchren zu k\u00f6nnen.<br \/>\n<span style=\"color: #ffffff;\">.<\/span><br \/>\n<\/span> <\/span><\/div>\n<\/div>\n<p><span style=\"color: #800000; font-size: 16pt; font-family: verdana, geneva, sans-serif;\"><strong><a id=\"Heinza\"><\/a><br \/>\n<span style=\"color: #800000;\">8. M\u00e4rz \u2013 Internationaler Kampftag der Frauen<\/span><\/strong><\/span><\/p>\n<div id=\"attachment_28974\" style=\"width: 110px\" class=\"wp-caption alignleft\"><img aria-describedby=\"caption-attachment-28974\" loading=\"lazy\" class=\" wp-image-28974\" src=\"http:\/\/www.deanreed.de\/AmericanRebel\/2017\/wp-content\/uploads\/2021\/11\/Heinz-Ahlreip.png\" alt=\"\" width=\"100\" height=\"150\" \/><p id=\"caption-attachment-28974\" class=\"wp-caption-text\">Heinz Ahlreip<\/p><\/div>\n<p style=\"text-align: justify;\"><span style=\"font-family: verdana, geneva, sans-serif; color: #000000; font-size: 12pt;\"><strong><span dir=\"ltr\" role=\"presentation\">Ein Vergleich zwischen dem Sowjetdekret \u00fcber die Gleichstellung <\/span><span dir=\"ltr\" role=\"presentation\">der Geschlechter aus dem Jahr 1917 mit dem deutschen Gesetz f\u00fcr <\/span><span dir=\"ltr\" role=\"presentation\">mehr Lohngerechtigkeit aus dem Jahr 2017 belegt, dass Russland <\/span><span dir=\"ltr\" role=\"presentation\">bereits vor 105 Jahren in der Frage der Geschlechtergleichheit <\/span><span dir=\"ltr\" role=\"presentation\">Deutschland um eine ganze historische Epoche voraus war, wobei <\/span><span dir=\"ltr\" role=\"presentation\">auch die Polemik Alexandra Kollontais gegen die b\u00fcrgerlichen und <\/span><span dir=\"ltr\" role=\"presentation\">kleinb\u00fcrgerlichen Feministinnen aufschlussreich ist. <\/span><\/strong><\/span><\/p>\n<p style=\"text-align: justify;\"><span style=\"font-family: verdana, geneva, sans-serif; color: #000000; font-size: 12pt;\">Schon nach der Oktoberrevolution 1917 war weltweit die bolschewistische Politik auf dem Gebiet der Geschlechtergleichberechtigung bzw. der politischen und soziale Geschlechtergleichheit bahnbrechend in der Frage des Schutzes von Mutter und Kind. In Russland werde jetzt mit dem Hammer philosophiert, sagte Clara Zetkin, die Vork\u00e4mpferin f\u00fcr den gleichen Lohn f\u00fcr die gleiche Arbeit. Zur Zeit der Zarenherrschaft arbeiteten nur vier Prozent der Frauen auf dem Gebiet der Volksbildung und im Gesundheitswesen. F\u00fcnf von sechs Frauen konnten weder lesen noch schreiben.<span style=\"font-size: 10pt;\"><strong><sup>1<\/sup><\/strong><\/span> Aus dem hohen Stapel neuer Gesetze ragten sofort zwei Sowjetbeschl\u00fcsse hervor: Die Gleichstellung von unehelichen und ehelichen Kindern und der gleiche Lohn f\u00fcr gleiche Arbeit bei Einf\u00fchrung des Achtstundentages. Das diesbez\u00fcgliche Sowjetdekret 1917 war dann auch kurz und knapp gefasst: Frauen und M\u00e4nner erhalten den gleichen Lohn f\u00fcr die gleiche Arbeit.<\/span><\/p>\n<p style=\"text-align: justify;\"><span style=\"font-family: verdana, geneva, sans-serif; color: #000000; font-size: 12pt;\">Hundert Jahre sp\u00e4ter hat sich die b\u00fcrgerliche Bundesregierung der BRD in Bezug auf die Lohngleichheit am 12. Mai 2017 etwas Besonderes einfallen lassen. <em>Generell erhalten die Frauen unter kapitalistischen Bedingungen 21 Prozent weniger Lohn.<\/em> Einen Satz, wie er im Sowjetdekret steht, sucht man vergebens, stattdessen wird im \u2018Gesetz f\u00fcr mehr Lohngerechtigkeit\u2018, so hei\u00dft das Ding laut Internetseite der Bundesregierung tats\u00e4chlich, von einem individuellen Auskunftsanspruch gefaselt, das Frauen haben, nicht um das konkrete Entgelt des Mannes, sondern um ein durchschnittliches monatliches Bruttogehalt zu erfahren. Das gilt aber nur f\u00fcr Betriebe mit \u00fcber zwei hundert Besch\u00e4ftigte<em>. Es gilt hier und heute festzustellen und festzuhalten, dass sich die b\u00fcrgerliche Gesellschaft 105 Jahre nach der Oktoberrevolution in Sachen sozialer Gerechtigkeit unter dem russischen Niveau von 1917 befindet<\/em>. Ja ihre Politikerinnen und Politiker fallen hinter das Jahr 1762 zur\u00fcck. In diesem Jahr erschien der Gesellschaftsvertrag von Rousseau mit dem Tenor, dass alles, was die Einheit des Volkes st\u00f6rend tangiert, nichts taugt.<\/span><\/p>\n<p style=\"text-align: justify;\"><span style=\"font-family: verdana, geneva, sans-serif; color: #000000; font-size: 12pt;\">In dem am 23. Mai 1949 verabschiedetem Grundgesetz lautet der dritte Artikel, dass vor dem Gesetz alle Menschen gleich sind. \u201cM\u00e4nner und Frauen sind gleichberechtigt. Der Staat f\u00f6rdert die tats\u00e4chliche Durchsetzung der Gleichberechtigung von Frauen und M\u00e4nnern und wirkt auf die Beseitigung bestehender Nachteile hin\u201c. Diese Hinwirkung auf die Beseitigung bestehender Nachteile von staatlicher Seite hat 68 Jahre gedauert, und dann ist 2017 ein Gesetzeskr\u00fcppel zur Welt gekommen. Denn was steckt in dem Wort Lohngerechtigkeit wirklich? Darin steckt, dass die Kapitalistenklasse seit dem 23. Mai 1949 bis heute zu Kompensationszahlungen heranzuziehen ist. Seit 73 Jahren tritt diese Klasse, gedeckt von b\u00fcrgerlichen Politbanden, das Grundgesetz mit F\u00fc\u00dfen. Die heutige Kapitalistenklasse schuldet den Frauen des deutschen Volkes Eurobetr\u00e4ge, die sich in mehrstelligen Milliardenh\u00f6hen bewegen. Hier sind nun allerdings Arbeitslager f\u00fcr diese Parasiten angebracht, nicht um dem \u2018Gesetz f\u00fcr mehr Lohngerechtigkeit\u2018 Nachdruck zu verleihen, auch nicht dem Artikel drei des Grundgesetzes, das im Augenblick einer erfolgreichen proletarischen Revolution sofort erlischt, es ist ein Gebot der Humanit\u00e4t und der sozialen Gerechtigkeit. Zugleich wird deutlich, was f\u00fcr Canaillen sich seit Jahrzehnten in den Gewerkschaftsspitzen herumgetrieben haben und noch herumtreiben. Sie haben die H\u00e4lfte des Himmels ignoriert und politisch rechts liegen gelassen. Alle liberale und demokratische Faselei der b\u00fcrgerlichen Politikerinnen und Politiker gleichen h\u00fcbschen Blumen, die am n\u00e4chsten Morgen bereits eingegangen sind und stinken. Kluge K\u00f6pfe philosophieren viel \u00fcber die Geschlechtergleichheit, lassen wir sie philosophieren. Wir m\u00fcssen nur Kurs halten und wissen, dass eine Revolution, die auf das Recht der V\u00f6lker auf Bestrafung von Konterrevolution\u00e4ren verzichtet, nichts taugt.<\/span><\/p>\n<p style=\"text-align: justify;\"><span style=\"font-family: verdana, geneva, sans-serif; color: #000000; font-size: 12pt;\">In der Innenstadt von Hannover sind Plakate aufgetaucht, mit denen zu einer FLINTA only-Demo am achten M\u00e4rz, dem internationalem Frauenkampftag aufgerufen wird. Es war die deutsche Kommunistin und Frauenrechtlerin Clara Zetkin, die am 27. August 1910 auf der Zweiten Internationalen Sozialistischen Frauenkonferenz in Kopenhagen die Einf\u00fchrung eines internationalen Frauen<em>kampf<\/em>tages vorschlug, und auf diesen Vorschlag geht die Bewegung denn auch zur\u00fcck. Diese FLINTA-Demo in Hannover scheint eine exklusive Sache zu sein, denn ausgegrenzt werden grundgesetzwidrig nach dem Vokabular der Feministinnen Cis-M\u00e4nner (=heterosexuell orientierte M\u00e4nner), only bedeutet: Frauen, Lesben, inter*Personen, nicht bin\u00e4re Menschen, trans*Personen und agender Personen. Das ist also das Rekrutierungsumfeld b\u00fcrgerlicher und kleinb\u00fcrgerlicher Feministinnen. Sie umnebeln sich gern mit einem progressiven Duft; versto\u00dfen, aber st\u00e4ndig gegen Clara Zetkins Kern in der Frauenfrage, die wusste, dass der Hauptfeind nicht der Patriarch, sondern der kapitalistische Blutsauger ist und dass Frauen und M\u00e4nner <em>gemeinsam<\/em> gegen ihn k\u00e4mpfen m\u00fcssen. Auch hier gilt es wieder durch all den bunten Firlefanz hindurch Kurs zu halten auf das Ziel der Arbeiterbewegung: Der \u00dcberwindung der Lohnarbeit. Den Feministinnen sei als Lekt\u00fcre Rousseaus Gesellschaftsvertrag empfohlen, dessen Tenor lautet: Alles, was die Einheit des Volkes st\u00f6rend tangiert, taugt nichts.<\/span><\/p>\n<p style=\"text-align: justify;\"><span style=\"color: #000000;\"><span style=\"font-family: verdana, geneva, sans-serif; font-size: 12pt;\">Die gro\u00dfe Bolschewistin Alexandra Kollontai, Tochter eine reichen russischen Zarengenerals, begann als menschewistische Feministin und erkannte durch Lekt\u00fcre der Schriften Lenins, dass sie einen doppelten Trennungsstrich ziehen musste, zum Menschewismus und zum Feminismus. Am 17. Februar 1913 schrieb sie in der Prawda, dass die Feministinnen auf Privilegien aus sind, nur seitenverkehrt. Die Arbeiterinnen wollen aber alle Privilegien abschaffen. Ihnen ist es v\u00f6llig gleichg\u00fcltig, ob ein Mann oder eine Frau sie ausbeutet. F\u00fcr die Arbeiterin steht ihre Klasse im Mittelpunkt und nicht ihr Geschlecht. Es gilt in der Tat einen dicken Trennungsstrich zu ziehen zwischen dem b\u00fcrgerlichen Feminismus, eine feindliche Ideologie, und der proletarischen Frauenbewegung: Rousseau f\u00fcr die B\u00fcrgerlichen; Kollontai f\u00fcr uns. Diese hat 1921 vierzehn Vorlesungen an der Swerdlow-Universit\u00e4t \u00fcber die Situation der Frau in der gesellschaftlichen Entwicklung gehalten. Zum hier angeschlagenen Thema ist die Aufmerksamkeit besonders auf die achte Vorlesung zu lenken: \u2018Die Bewegung der Feministinnen und die Bedeutung der Arbeiterinnen im Klassenkampf\u2018. Die M\u00e4nner nach\u00e4ffenden Feministinnen, liest sie vor, haben die Hauptkampflinie zwischen Lohnarbeit und Kapital verpasst.<sup><span style=\"font-size: 10pt;\"><strong>2<\/strong><\/span><br \/>\n<\/sup><\/span><span style=\"font-family: verdana, geneva, sans-serif; font-size: 10pt;\"><span style=\"color: #ffffff;\">.<\/span><br \/>\n<\/span><span style=\"font-family: verdana, geneva, sans-serif; font-size: 10pt;\">(1) Vergleiche Helga H\u00f6rz, Frauen als Gestalterinnen der Geschichte \u2013 Oktoberrevolution und ihre Folgen, in: Freidenker, Nr. 4\/2017, 100 Jahre &#8211; Oktoberrevolution 100 Jahre Dekret \u00fcber den Frieden, Sulzbach, 2017,<br \/>\n<\/span><span style=\"font-family: verdana, geneva, sans-serif; font-size: 10pt;\">(2) Vergleiche Alexandra Kollontai, Die Situation der Frau in der gesellschaftlichen Entwicklung, Vierzehn Vorlesungen vor Arbeiterinnen und B\u00e4uerinnen an der Swerdlow-Universit\u00e4t 1921, Verlag Neue Kritik, Fulda, 1975,128f.<\/span><\/span><\/p>\n<p>&nbsp;<\/p>\n<p style=\"text-align: center;\"><span style=\"color: #000000; font-size: 24pt; font-family: verdana, geneva, sans-serif;\">_______________________________<\/span><\/p>\n<p><span style=\"color: #ffffff;\">.<\/span><\/p>\n<p style=\"text-align: center;\"><span style=\"font-size: 18pt; color: #800000; font-family: verdana, geneva, sans-serif;\"><strong>Zum 8. M\u00e4rz, dem internationalen Frauenkampftag<\/strong><\/span><\/p>\n<p><strong><span style=\"font-family: verdana, geneva, sans-serif;\">INHALT:<\/span><\/strong><\/p>\n<table>\n<tbody>\n<tr>\n<td style=\"width: 225px; font-size: 10pt; vertical-align: top;\">\n<ul>\n<li style=\"text-align: left;\"><span style=\"font-family: verdana, geneva, sans-serif; font-size: 10pt; color: #005a8c;\"><strong><span style=\"color: #000000;\">Heinz Ahlreip:<br \/>\n<\/span><\/strong><a style=\"color: #005a8c;\" href=\"https:\/\/rotermorgen.eu\/8-maerz-ohne-sozialismus-keine-frauenbefreiung-ohne-frauenbefreiung-kein-sozialismus#Julius\" target=\"_blank\" rel=\"noopener\">8. M\u00e4rz \u2013 Internatio- naler Kampftag der Frauen<\/a><\/span><\/li>\n<li style=\"text-align: left;\"><span style=\"font-family: verdana, geneva, sans-serif; font-size: 10pt; color: #005a8c;\"><span style=\"color: #000000;\"><strong>Ernst Aust: <\/strong><\/span><a style=\"color: #005a8c;\" href=\"https:\/\/rotermorgen.eu\/8-maerz-ohne-sozialismus-keine-frauenbefreiung-ohne-frauenbefreiung-kein-sozialismus#Ernsta\" target=\"_blank\" rel=\"noopener\">Zum 8. M\u00e4rz, dem interna- tionalen Frauen- kampftag<\/a><\/span><\/li>\n<li style=\"text-align: left;\"><span style=\"font-family: verdana, geneva, sans-serif; color: #005a8c;\"><span style=\"font-size: 10pt; color: #000000;\"><strong>Lotte Zinke: <\/strong><\/span><a style=\"color: #005a8c;\" href=\"https:\/\/rotermorgen.eu\/8-maerz-ohne-sozialismus-keine-frauenbefreiung-ohne-frauenbefreiung-kein-sozialismus#lotte\" target=\"_blank\" rel=\"noopener\"><span style=\"font-family: verdana, geneva, sans-serif; font-size: 10pt;\">Ohne <\/span>Sozialismus keine Frauenbefreiung, ohne Frauenbefrei- ung kein Sozialismus<\/a><\/span><\/li>\n<li><span style=\"font-family: verdana, geneva, sans-serif;\"><strong>L<\/strong><\/span><span style=\"font-family: verdana, geneva, sans-serif; color: #005a8c;\"><strong><span style=\"color: #000000;\">upo: <\/span><\/strong><a style=\"color: #005a8c;\" href=\"https:\/\/rotermorgen.eu\/8-maerz-ohne-sozialismus-keine-frauenbefreiung-ohne-frauenbefreiung-kein-sozialismus#Lupo\" target=\"_blank\" rel=\"noopener\"><span style=\"font-family: verdana, geneva, sans-serif;\">Heraus z<\/span>um Frauenkampftag am 8. M\u00e4rz<\/a><\/span><\/li>\n<li><span style=\"font-family: verdana, geneva, sans-serif;\"><strong>Ceyda Tutan: <\/strong><\/span><span style=\"font-family: verdana, geneva, sans-serif; color: #005a8c;\"><a style=\"color: #005a8c;\" href=\"https:\/\/rotermorgen.eu\/8-maerz-ohne-sozialismus-keine-frauenbefreiung-ohne-frauenbefreiung-kein-sozialismus#Ceyda\" target=\"_blank\" rel=\"noopener\">Frauenkampf auf die Strasse<\/a><\/span><\/li>\n<li><span style=\"font-family: verdana, geneva, sans-serif;\"><strong>Fritz Theisen: <\/strong><\/span><span style=\"font-family: verdana, geneva, sans-serif; color: #005a8c;\"><a style=\"color: #005a8c;\" href=\"https:\/\/rotermorgen.eu\/8-maerz-ohne-sozialismus-keine-frauenbefreiung-ohne-frauenbefreiung-kein-sozialismus#Fritz\">100 Jahre Frauenwahl- recht \u2013 Ein bleiben- der Erfolg der No- vemberrevolution!<\/a><\/span><\/li>\n<li><span style=\"font-family: verdana, geneva, sans-serif;\"><strong>Inge M\u00f6ller: <\/strong><\/span><span style=\"font-family: verdana, geneva, sans-serif; color: #005a8c;\"><a style=\"color: #005a8c;\" href=\"https:\/\/rotermorgen.eu\/8-maerz-ohne-sozialismus-keine-frauenbefreiung-ohne-frauenbefreiung-kein-sozialismus#Inge\" target=\"_blank\" rel=\"noopener\">Internationaler Frauentag: <span style=\"font-family: verdana, geneva, sans-serif; font-size: 10pt;\">Wir k\u00e4mpfen weiter!<\/span><\/a><\/span><\/li>\n<li><span style=\"font-family: verdana, geneva, sans-serif; font-size: 10pt;\"><strong>Detlef Hensche: <\/strong><\/span><span style=\"font-family: verdana, geneva, sans-serif; font-size: 10pt; color: #005a8c;\"><a style=\"color: #005a8c;\" href=\"https:\/\/rotermorgen.eu\/8-maerz-ohne-sozialismus-keine-frauenbefreiung-ohne-frauenbefreiung-kein-sozialismus#Detlef\" target=\"_blank\" rel=\"noopener\">Frauenstreik<\/a><a style=\"color: #005a8c;\" href=\"https:\/\/rotermorgen.eu\/8-maerz-ohne-sozialismus-keine-frauenbefreiung-ohne-frauenbefreiung-kein-sozialismus#IDetlef\" target=\"_blank\" rel=\"noopener\"> \u2013 eine juristische Hand- reichung f\u00fcr Akti- visten\/-innen<\/a><\/span><\/li>\n<\/ul>\n<\/td>\n<td style=\"width: 225px; font-size: 10pt; vertical-align: top;\">\n<ul>\n<li><span style=\"font-family: verdana, geneva, sans-serif; font-size: 10pt; color: #005a8c;\"><span style=\"color: #000000;\"><strong>Kiki Rebell:<\/strong><\/span> <a style=\"color: #005a8c;\" href=\"https:\/\/rotermorgen.eu\/8-maerz-ohne-sozialismus-keine-frauenbefreiung-ohne-frauenbefreiung-kein-sozialismus#Kiki\" target=\"_blank\" rel=\"noopener\">Die Ver- teidigung von Afrin bedeutet Revolution der Frauen zu vertei- digen!<\/a><\/span><\/li>\n<li><span style=\"font-family: verdana, geneva, sans-serif; font-size: 10pt;\"><strong>Bet\u00fcl Ulusoy: <\/strong><\/span><span style=\"font-family: verdana, geneva, sans-serif; font-size: 10pt; color: #005a8c;\"><a style=\"color: #005a8c;\" href=\"https:\/\/rotermorgen.eu\/8-maerz-ohne-sozialismus-keine-frauenbefreiung-ohne-frauenbefreiung-kein-sozialismus#Betuel\" target=\"_blank\" rel=\"noopener\">Wo steht im Koran bitte was von Kopftuch?<\/a><\/span><\/li>\n<li><span style=\"font-family: verdana, geneva, sans-serif;\"><span style=\"font-size: 10pt;\"><strong>Julius Jamal:<\/strong> <\/span><\/span><span style=\"font-family: verdana, geneva, sans-serif; color: #005a8c;\"><a style=\"color: #005a8c;\" href=\"https:\/\/rotermorgen.eu\/8-maerz-ohne-sozialismus-keine-frauenbefreiung-ohne-frauenbefreiung-kein-sozialismus#Julius\" target=\"_blank\" rel=\"noopener\"><span style=\"font-family: verdana, geneva, sans-serif; font-size: 10pt;\">Die Ge- schichte des <\/span>Frauen- kampftags und seine heutige Bedeutung<\/a><\/span><\/li>\n<li><span style=\"font-family: verdana, geneva, sans-serif;\"><strong>Rui F. Gutschmidt:<\/strong><\/span><span style=\"font-family: verdana, geneva, sans-serif; color: #005a8c;\"><a style=\"color: #005a8c;\" href=\"https:\/\/rotermorgen.eu\/8-maerz-ohne-sozialismus-keine-frauenbefreiung-ohne-frauenbefreiung-kein-sozialismus#Rui\" target=\"_blank\" rel=\"noopener\"> Spaniens Frauen treten in den Gene- ralstreik!<\/a><\/span><\/li>\n<li><span style=\"font-family: verdana, geneva, sans-serif;\"><strong>Diethard M\u00f6ller:<\/strong><\/span><span style=\"font-family: verdana, geneva, sans-serif; color: #005a8c;\"><a style=\"color: #005a8c;\" href=\"https:\/\/rotermorgen.eu\/8-maerz-ohne-sozialismus-keine-frauenbefreiung-ohne-frauenbefreiung-kein-sozialismus\/#Diethard\" target=\"_blank\" rel=\"noopener\"> GroKo und die Rechte der Frauen \u2013 Ein Offenbarungseid!<\/a><\/span><\/li>\n<li><span style=\"font-family: verdana, geneva, sans-serif;\"><strong>Ay\u015fe Fehimli Kuzu:<\/strong><\/span> <span style=\"font-family: verdana, geneva, sans-serif; color: #005a8c;\"><a style=\"color: #005a8c;\" href=\"https:\/\/rotermorgen.eu\/8-maerz-ohne-sozialismus-keine-frauenbefreiung-ohne-frauenbefreiung-kein-sozialismus#Ayse\" target=\"_blank\" rel=\"noopener\">100 Jahre Frauen- wahlrecht<br \/>\nin Deutschland<\/a><\/span><\/li>\n<li><span style=\"font-family: verdana, geneva, sans-serif;\"><strong>Olga Weinberger: <\/strong><\/span><span style=\"font-family: verdana, geneva, sans-serif; color: #005a8c;\"><a style=\"color: #005a8c;\" href=\"https:\/\/rotermorgen.eu\/8-maerz-ohne-sozialismus-keine-frauenbefreiung-ohne-frauenbefreiung-kein-sozialismus\/#Olga\" target=\"_blank\" rel=\"noopener\">Clara Zetkin<\/a><\/span><\/li>\n<li><span style=\"font-family: verdana, geneva, sans-serif;\"><strong>Hosteni: <\/strong><\/span><span style=\"font-family: verdana, geneva, sans-serif; color: #005a8c;\"><a style=\"color: #005a8c;\" href=\"https:\/\/rotermorgen.eu\/8-maerz-ohne-sozialismus-keine-frauenbefreiung-ohne-frauenbefreiung-kein-sozialismus#Hosteni\" target=\"_blank\" rel=\"noopener\">Die Rolle der Frau in der DDR<\/a><\/span><\/li>\n<li><span style=\"font-family: verdana, geneva, sans-serif;\"><strong>Inge M\u00f6ller: <\/strong><\/span><span style=\"font-family: verdana, geneva, sans-serif; color: #005a8c;\"><a style=\"color: #005a8c;\" href=\"http:\/\/www.deanreed.de\/AmericanRebel\/2017\/?p=10265#Das\" target=\"_blank\" rel=\"noopener noreferrer\">Da<\/a><a style=\"color: #005a8c;\" href=\"https:\/\/rotermorgen.eu\/8-maerz-ohne-sozialismus-keine-frauenbefreiung-ohne-frauenbefreiung-kein-sozialismus#Inge2\" target=\"_blank\" rel=\"noopener\">s erste internationale Frauenfilmseminar 1973<\/a><\/span><\/li>\n<li><span style=\"font-family: verdana, geneva, sans-serif;\"><strong>Susanne Fiebig: <\/strong><\/span><span style=\"font-family: verdana, geneva, sans-serif; color: #005a8c;\"><a style=\"color: #005a8c;\" href=\"https:\/\/rotermorgen.eu\/8-maerz-ohne-sozialismus-keine-frauenbefreiung-ohne-frauenbefreiung-kein-sozialismus\/#Susanne\" target=\"_blank\" rel=\"noopener\">NEIN, das musst Du nicht!<\/a><\/span><\/li>\n<\/ul>\n<\/td>\n<td style=\"width: 225px; font-size: 10pt; vertical-align: top;\">\n<ul>\n<li><span style=\"font-family: verdana, geneva, sans-serif; font-size: 10pt; color: #005a8c;\"><span style=\"color: #000000;\"><strong>Karl Heinz Schulze:<\/strong><\/span> <a style=\"color: #005a8c;\" href=\"https:\/\/rotermorgen.eu\/8-maerz-ohne-sozialismus-keine-frauenbefreiung-ohne-frauenbefreiung-kein-sozialismus#Karl\" target=\"_blank\" rel=\"noopener\">Gibt es 107 Jahre nach den ersten inter- nationalen Frauentag noch eine Frauenbe- wegung?<\/a><\/span><\/li>\n<li><span style=\"font-family: verdana, geneva, sans-serif; font-size: 10pt;\"><strong>Ina M\u00f6ller: <\/strong><\/span><span style=\"font-family: verdana, geneva, sans-serif; font-size: 10pt; color: #005a8c;\"><a style=\"color: #005a8c;\" href=\"https:\/\/rotermorgen.eu\/8-maerz-ohne-sozialismus-keine-frauenbefreiung-ohne-frauenbefreiung-kein-sozialismus#Ina\" target=\"_blank\" rel=\"noopener\">Brot und Rosen<\/a><\/span><\/li>\n<li><span style=\"font-family: verdana, geneva, sans-serif;\"><span style=\"font-size: 10pt;\"><strong>J\u00fcrgen Eger:<\/strong> <\/span><\/span><span style=\"font-family: verdana, geneva, sans-serif; color: #005a8c;\"><a style=\"color: #005a8c;\" href=\"https:\/\/rotermorgen.eu\/8-maerz-ohne-sozialismus-keine-frauenbefreiung-ohne-frauenbefreiung-kein-sozialismus#Juergen\" target=\"_blank\" rel=\"noopener\"><span style=\"font-family: verdana, geneva, sans-serif; font-size: 10pt;\">Und der Mensch schuf die Welt und schuf sie neu und <\/span>der 8. war ein Frauen- freudentag<\/a><\/span><\/li>\n<li><span style=\"font-family: verdana, geneva, sans-serif;\"><strong>Kiki Rebell: <\/strong><\/span><span style=\"font-family: verdana, geneva, sans-serif; color: #005a8c;\"><a style=\"color: #005a8c;\" href=\"https:\/\/rotermorgen.eu\/8-maerz-ohne-sozialismus-keine-frauenbefreiung-ohne-frauenbefreiung-kein-sozialismus\/#Kiki2\" target=\"_blank\" rel=\"noopener\">&#8222;Lizzy&#8220;<\/a><\/span><\/li>\n<li><span style=\"font-family: verdana, geneva, sans-serif;\"><strong>Rui F. Gutschmidt: <\/strong><\/span><span style=\"font-family: verdana, geneva, sans-serif; color: #005a8c;\"><a style=\"color: #005a8c;\" href=\"https:\/\/rotermorgen.eu\/8-maerz-ohne-sozialismus-keine-frauenbefreiung-ohne-frauenbefreiung-kein-sozialismus#Rui2\" target=\"_blank\" rel=\"noopener\">Mutti, wie war das Leben der Frauen in Portugal vor der Nelkenrevolution?<\/a><\/span><\/li>\n<li><span style=\"font-family: verdana, geneva, sans-serif;\"><strong>Twin Aguasdelrio: <\/strong><\/span><span style=\"font-family: verdana, geneva, sans-serif; color: #005a8c;\"><a style=\"color: #005a8c;\" href=\"https:\/\/rotermorgen.eu\/8-maerz-ohne-sozialismus-keine-frauenbefreiung-ohne-frauenbefreiung-kein-sozialismus#Twin\" target=\"_blank\" rel=\"noopener\">Mar\u00eda, Mar\u00eda<\/a><\/span><\/li>\n<li><span style=\"font-family: verdana, geneva, sans-serif;\"><strong>Noel Nascimento:<\/strong><\/span><span style=\"font-family: verdana, geneva, sans-serif; color: #005a8c;\"><a style=\"color: #005a8c;\" href=\"https:\/\/rotermorgen.eu\/8-maerz-ohne-sozialismus-keine-frauenbefreiung-ohne-frauenbefreiung-kein-sozialismus#Noel\" target=\"_blank\" rel=\"noopener\"> Gewalt gegen Frauen und Machismus in Latein-amerika<\/a><\/span><\/li>\n<li><span style=\"font-family: verdana, geneva, sans-serif;\"><strong>Inge M\u00f6ller: <\/strong><\/span><span style=\"font-family: verdana, geneva, sans-serif; color: #005a8c;\"><a style=\"color: #005a8c;\" href=\"https:\/\/rotermorgen.eu\/8-maerz-ohne-sozialismus-keine-frauenbefreiung-ohne-frauenbefreiung-kein-sozialismus#Inge3\" target=\"_blank\" rel=\"noopener\">We want Sex<\/a><\/span><\/li>\n<li><span style=\"font-family: verdana, geneva, sans-serif;\"><strong>Frank Viehweg: <\/strong><\/span><span style=\"font-family: verdana, geneva, sans-serif; color: #005a8c;\"><a style=\"color: #005a8c;\" href=\"https:\/\/rotermorgen.eu\/8-maerz-ohne-sozialismus-keine-frauenbefreiung-ohne-frauenbefreiung-kein-sozialismus\/#Frank\" target=\"_blank\" rel=\"noopener\">Wege der Liebe<\/a><\/span><\/li>\n<li><span style=\"font-family: verdana, geneva, sans-serif;\"><strong>Fiete Jensen:<\/strong><\/span><span style=\"font-family: verdana, geneva, sans-serif; color: #005a8c;\"><a style=\"color: #005a8c;\" href=\"https:\/\/rotermorgen.eu\/8-maerz-ohne-sozialismus-keine-frauenbefreiung-ohne-frauenbefreiung-kein-sozialismus#Fiete\" target=\"_blank\" rel=\"noopener\"> JINWAR das Dorf der freien Frauen<\/a><\/span><\/li>\n<li><span style=\"font-family: verdana, geneva, sans-serif;\"><strong>Sascha: <\/strong><\/span><span style=\"font-family: verdana, geneva, sans-serif; color: #005a8c;\"><a style=\"color: #005a8c;\" href=\"https:\/\/rotermorgen.eu\/8-maerz-ohne-sozialismus-keine-frauenbefreiung-ohne-frauenbefreiung-kein-sozialismus#Sascha\" target=\"_blank\" rel=\"noopener\">8. M\u00e4rz: Zum Internationalen Frau- entag\u2026<\/a><\/span><\/li>\n<li><span style=\"font-family: verdana, geneva, sans-serif;\"><strong>Elisabeth Monsig: <\/strong><\/span><span style=\"font-family: verdana, geneva, sans-serif; color: #005a8c;\"><a style=\"color: #005a8c;\" href=\"https:\/\/rotermorgen.eu\/8-maerz-ohne-sozialismus-keine-frauenbefreiung-ohne-frauenbefreiung-kein-sozialismus#Elisabeth\" target=\"_blank\" rel=\"noopener\">Lyrik zum Frauentag<\/a><\/span><\/li>\n<li><span style=\"font-family: verdana, geneva, sans-serif;\"><strong>Robin Haberkorn: <\/strong><\/span><span style=\"font-family: verdana, geneva, sans-serif; color: #005a8c;\"><a style=\"color: #005a8c;\" href=\"https:\/\/rotermorgen.eu\/8-maerz-ohne-sozialismus-keine-frauenbefreiung-ohne-frauenbefreiung-kein-sozialismus#Robin\" target=\"_blank\" rel=\"noopener\">Demo von rechten Pseudofeministinnen gescheitert<\/a><\/span><\/li>\n<li><span style=\"font-family: verdana, geneva, sans-serif;\"><strong>Nico Diener: <\/strong><\/span><span style=\"font-family: verdana, geneva, sans-serif; color: #005a8c;\"><a style=\"color: #005a8c;\" href=\"https:\/\/rotermorgen.eu\/8-maerz-ohne-sozialismus-keine-frauenbefreiung-ohne-frauenbefreiung-kein-sozialismus#Nico\" target=\"_blank\" rel=\"noopener\">Historische Dokumen- te zum Frauentag, 1849 bis 1932<\/a><\/span><\/li>\n<\/ul>\n<\/td>\n<\/tr>\n<\/tbody>\n<\/table>\n<p><span style=\"color: #ffffff;\">.<\/span><\/p>\n<p><a href=\"http:\/\/www.deanreed.de\/AmericanRebel\/2017\/2020\/04\/03\/spendenaufruf\/\" target=\"_blank\" rel=\"noopener\"><img loading=\"lazy\" class=\"wp-image-29256 aligncenter\" src=\"http:\/\/www.deanreed.de\/AmericanRebel\/2017\/wp-content\/uploads\/2037\/12\/pay-300x69.png\" alt=\"\" width=\"670\" height=\"154\" srcset=\"https:\/\/www.deanreed.de\/AmericanRebel\/2017\/wp-content\/uploads\/2037\/12\/pay-300x69.png 300w, https:\/\/www.deanreed.de\/AmericanRebel\/2017\/wp-content\/uploads\/2037\/12\/pay-1024x237.png 1024w, https:\/\/www.deanreed.de\/AmericanRebel\/2017\/wp-content\/uploads\/2037\/12\/pay-768x178.png 768w, https:\/\/www.deanreed.de\/AmericanRebel\/2017\/wp-content\/uploads\/2037\/12\/pay.png 1297w\" sizes=\"(max-width: 670px) 100vw, 670px\" \/><\/a><\/p>\n<p style=\"text-align: justify;\"><span style=\"color: #ffffff;\">.<\/span><\/p>\n<blockquote>\n<div style=\"margin-left: 10px;\"><a title=\"zur Startseite\" href=\"http:\/\/www.americanrebel.de\/\"><img loading=\"lazy\" class=\"alignleft\" src=\"http:\/\/www.deanreed.de\/AmericanRebel\/2017\/wp-content\/uploads\/2017\/03\/back_ar.png\" alt=\"zur\u00fcck zur Startseite\" width=\"156\" height=\"15\" \/><\/a><\/div>\n<div style=\"margin-right: 10px;\"><a href=\"https:\/\/www.facebook.com\/groups\/1683837971860223\/permalink\/1987214344855916\/\" target=\"_blank\" rel=\"noopener noreferrer\"><img loading=\"lazy\" class=\"alignright\" src=\"http:\/\/www.deanreed.de\/AmericanRebel\/2017\/wp-content\/uploads\/2017\/03\/ar_zu_fb.png\" alt=\"hier geht es zur Facebook Diskussionsgruppe\" width=\"353\" height=\"15\" \/><\/a><\/div>\n<p style=\"text-align: center;\"><a href=\"#respond\" target=\"_blank\" rel=\"noopener noreferrer\"><img loading=\"lazy\" class=\"aligncenter\" src=\"http:\/\/www.deanreed.de\/AmericanRebel\/2017\/wp-content\/uploads\/2017\/03\/ar_kommentar-1.png\" alt=\"Sag uns deine Meinung zum Artikel mit einem Kommentar\/Leserbrief\" width=\"627\" height=\"20\" \/><\/a><\/p>\n<\/blockquote>\n","protected":false},"excerpt":{"rendered":"<p>Redaktionen AmericanRebel, RoterMorgen und InfoWelt &#8211; 8. M\u00e4rz 2022 8. M\u00e4rz \u2013 Internationaler Kampftag der Frauen Das \u00bbRedaktionskollektiv AmericanRebel\u00ab und die \u00bbGruppe Rote Publischer\u00ab gratulieren allen werkt\u00e4tigen Frauen und M\u00e4dchen zum Internationalen Frauen- kampftag 2022. Denkt immer daran: Der Hauptfeind [&hellip;]<a class=\"more-link\" href=\"https:\/\/www.deanreed.de\/AmericanRebel\/2017\/2022\/03\/08\/8-maerz-internationaler-kampftag-der-frauen\/\">&darr; Lese den Rest von diesem Eintrag&#8230;<\/a><\/p>\n","protected":false},"author":2,"featured_media":0,"comment_status":"open","ping_status":"open","sticky":false,"template":"","format":"standard","meta":[],"categories":[1],"tags":[1509,748,135,2594,2149,289,131,1510,759,1511,2225,1329,115,1512],"yoast_head":"<!-- This site is optimized with the Yoast SEO plugin v17.5 - https:\/\/yoast.com\/wordpress\/plugins\/seo\/ -->\n<title>- 8. M\u00e4rz \u2013 Internationaler Kampftag der Frauen &ndash; Onlinezeitung AmericanRebel<\/title>\n<meta name=\"robots\" content=\"index, follow, max-snippet:-1, max-image-preview:large, max-video-preview:-1\" \/>\n<link rel=\"canonical\" href=\"http:\/\/www.deanreed.de\/AmericanRebel\/2017\/2022\/03\/08\/8-maerz-internationaler-kampftag-der-frauen\/\" \/>\n<meta property=\"og:locale\" content=\"de_DE\" \/>\n<meta property=\"og:type\" content=\"article\" \/>\n<meta property=\"og:title\" content=\"- 8. M\u00e4rz \u2013 Internationaler Kampftag der Frauen &ndash; Onlinezeitung AmericanRebel\" \/>\n<meta property=\"og:description\" content=\"Das \u00bbRedaktionskollektiv AmericanRebel\u00ab und die \u00bbGruppe Rote Publischer\u00ab gratulieren allen werkt\u00e4tigen Frauen und M\u00e4dchen zum Internationalen Frauen- kampftag 2022. Denkt immer daran: Der Hauptfeind der Frauen und Diverse ist nicht \u00bbder Mann\u00ab, sondern der kapitalistische Blutsauger! Frauen, M\u00e4nner, und Diverse m\u00fcssen gemeinsam gegen ihn k\u00e4mpfen!\" \/>\n<meta property=\"og:url\" content=\"http:\/\/www.deanreed.de\/AmericanRebel\/2017\/2022\/03\/08\/8-maerz-internationaler-kampftag-der-frauen\/\" \/>\n<meta property=\"og:site_name\" content=\"Onlinezeitung AmericanRebel\" \/>\n<meta property=\"article:published_time\" content=\"2022-03-08T08:19:49+00:00\" \/>\n<meta property=\"article:modified_time\" content=\"2022-03-08T08:25:03+00:00\" \/>\n<meta property=\"og:image\" content=\"http:\/\/www.deanreed.de\/AmericanRebel\/2017\/wp-content\/uploads\/2022\/03\/3-gz-640x381-1.png\" \/>\n\t<meta property=\"og:image:width\" content=\"640\" \/>\n\t<meta property=\"og:image:height\" content=\"381\" \/>\n<meta name=\"twitter:card\" content=\"summary_large_image\" \/>\n<meta name=\"twitter:label1\" content=\"Verfasst von\" \/>\n\t<meta name=\"twitter:data1\" content=\"Redaktion\" \/>\n\t<meta name=\"twitter:label2\" content=\"Gesch\u00e4tzte Lesezeit\" \/>\n\t<meta name=\"twitter:data2\" content=\"9\u00a0Minuten\" \/>\n<script type=\"application\/ld+json\" class=\"yoast-schema-graph\">{\"@context\":\"https:\/\/schema.org\",\"@graph\":[{\"@type\":\"WebSite\",\"@id\":\"https:\/\/www.deanreed.de\/AmericanRebel\/2017\/#website\",\"url\":\"https:\/\/www.deanreed.de\/AmericanRebel\/2017\/\",\"name\":\"Onlinezeitung AmericanRebel\",\"description\":\"Internationale Onlinezeitung f\\u00fcr Frieden, Humanismus, V\\u00f6lkerverst\\u00e4ndigung und Kultur\",\"potentialAction\":[{\"@type\":\"SearchAction\",\"target\":{\"@type\":\"EntryPoint\",\"urlTemplate\":\"https:\/\/www.deanreed.de\/AmericanRebel\/2017\/?s={search_term_string}\"},\"query-input\":\"required name=search_term_string\"}],\"inLanguage\":\"de\"},{\"@type\":\"ImageObject\",\"@id\":\"http:\/\/www.deanreed.de\/AmericanRebel\/2017\/2022\/03\/08\/8-maerz-internationaler-kampftag-der-frauen\/#primaryimage\",\"inLanguage\":\"de\",\"url\":\"https:\/\/www.deanreed.de\/AmericanRebel\/2017\/wp-content\/uploads\/2022\/03\/3-gz-640x381-1.png\",\"contentUrl\":\"https:\/\/www.deanreed.de\/AmericanRebel\/2017\/wp-content\/uploads\/2022\/03\/3-gz-640x381-1.png\",\"width\":640,\"height\":381},{\"@type\":\"WebPage\",\"@id\":\"http:\/\/www.deanreed.de\/AmericanRebel\/2017\/2022\/03\/08\/8-maerz-internationaler-kampftag-der-frauen\/#webpage\",\"url\":\"http:\/\/www.deanreed.de\/AmericanRebel\/2017\/2022\/03\/08\/8-maerz-internationaler-kampftag-der-frauen\/\",\"name\":\"- 8. M\\u00e4rz \\u2013 Internationaler Kampftag der Frauen &ndash; Onlinezeitung AmericanRebel\",\"isPartOf\":{\"@id\":\"https:\/\/www.deanreed.de\/AmericanRebel\/2017\/#website\"},\"primaryImageOfPage\":{\"@id\":\"http:\/\/www.deanreed.de\/AmericanRebel\/2017\/2022\/03\/08\/8-maerz-internationaler-kampftag-der-frauen\/#primaryimage\"},\"datePublished\":\"2022-03-08T08:19:49+00:00\",\"dateModified\":\"2022-03-08T08:25:03+00:00\",\"author\":{\"@id\":\"https:\/\/www.deanreed.de\/AmericanRebel\/2017\/#\/schema\/person\/9edfca7917cd10b75edaae51c6e7935a\"},\"breadcrumb\":{\"@id\":\"http:\/\/www.deanreed.de\/AmericanRebel\/2017\/2022\/03\/08\/8-maerz-internationaler-kampftag-der-frauen\/#breadcrumb\"},\"inLanguage\":\"de\",\"potentialAction\":[{\"@type\":\"ReadAction\",\"target\":[\"http:\/\/www.deanreed.de\/AmericanRebel\/2017\/2022\/03\/08\/8-maerz-internationaler-kampftag-der-frauen\/\"]}]},{\"@type\":\"BreadcrumbList\",\"@id\":\"http:\/\/www.deanreed.de\/AmericanRebel\/2017\/2022\/03\/08\/8-maerz-internationaler-kampftag-der-frauen\/#breadcrumb\",\"itemListElement\":[{\"@type\":\"ListItem\",\"position\":1,\"name\":\"Startseite\",\"item\":\"https:\/\/www.deanreed.de\/AmericanRebel\/2017\/\"},{\"@type\":\"ListItem\",\"position\":2,\"name\":\"&#8211; 8. M\\u00e4rz \\u2013 Internationaler Kampftag der Frauen\"}]},{\"@type\":\"Person\",\"@id\":\"https:\/\/www.deanreed.de\/AmericanRebel\/2017\/#\/schema\/person\/9edfca7917cd10b75edaae51c6e7935a\",\"name\":\"Redaktion\",\"url\":\"https:\/\/www.deanreed.de\/AmericanRebel\/2017\/author\/redaktion\/\"}]}<\/script>\n<!-- \/ Yoast SEO plugin. -->","yoast_head_json":{"title":"- 8. M\u00e4rz \u2013 Internationaler Kampftag der Frauen &ndash; Onlinezeitung AmericanRebel","robots":{"index":"index","follow":"follow","max-snippet":"max-snippet:-1","max-image-preview":"max-image-preview:large","max-video-preview":"max-video-preview:-1"},"canonical":"http:\/\/www.deanreed.de\/AmericanRebel\/2017\/2022\/03\/08\/8-maerz-internationaler-kampftag-der-frauen\/","og_locale":"de_DE","og_type":"article","og_title":"- 8. M\u00e4rz \u2013 Internationaler Kampftag der Frauen &ndash; Onlinezeitung AmericanRebel","og_description":"Das \u00bbRedaktionskollektiv AmericanRebel\u00ab und die \u00bbGruppe Rote Publischer\u00ab gratulieren allen werkt\u00e4tigen Frauen und M\u00e4dchen zum Internationalen Frauen- kampftag 2022. Denkt immer daran: Der Hauptfeind der Frauen und Diverse ist nicht \u00bbder Mann\u00ab, sondern der kapitalistische Blutsauger! Frauen, M\u00e4nner, und Diverse m\u00fcssen gemeinsam gegen ihn k\u00e4mpfen!","og_url":"http:\/\/www.deanreed.de\/AmericanRebel\/2017\/2022\/03\/08\/8-maerz-internationaler-kampftag-der-frauen\/","og_site_name":"Onlinezeitung AmericanRebel","article_published_time":"2022-03-08T08:19:49+00:00","article_modified_time":"2022-03-08T08:25:03+00:00","og_image":[{"width":640,"height":381,"url":"http:\/\/www.deanreed.de\/AmericanRebel\/2017\/wp-content\/uploads\/2022\/03\/3-gz-640x381-1.png","type":"image\/png"}],"twitter_card":"summary_large_image","twitter_misc":{"Verfasst von":"Redaktion","Gesch\u00e4tzte Lesezeit":"9\u00a0Minuten"},"schema":{"@context":"https:\/\/schema.org","@graph":[{"@type":"WebSite","@id":"https:\/\/www.deanreed.de\/AmericanRebel\/2017\/#website","url":"https:\/\/www.deanreed.de\/AmericanRebel\/2017\/","name":"Onlinezeitung AmericanRebel","description":"Internationale Onlinezeitung f\u00fcr Frieden, Humanismus, V\u00f6lkerverst\u00e4ndigung und Kultur","potentialAction":[{"@type":"SearchAction","target":{"@type":"EntryPoint","urlTemplate":"https:\/\/www.deanreed.de\/AmericanRebel\/2017\/?s={search_term_string}"},"query-input":"required name=search_term_string"}],"inLanguage":"de"},{"@type":"ImageObject","@id":"http:\/\/www.deanreed.de\/AmericanRebel\/2017\/2022\/03\/08\/8-maerz-internationaler-kampftag-der-frauen\/#primaryimage","inLanguage":"de","url":"https:\/\/www.deanreed.de\/AmericanRebel\/2017\/wp-content\/uploads\/2022\/03\/3-gz-640x381-1.png","contentUrl":"https:\/\/www.deanreed.de\/AmericanRebel\/2017\/wp-content\/uploads\/2022\/03\/3-gz-640x381-1.png","width":640,"height":381},{"@type":"WebPage","@id":"http:\/\/www.deanreed.de\/AmericanRebel\/2017\/2022\/03\/08\/8-maerz-internationaler-kampftag-der-frauen\/#webpage","url":"http:\/\/www.deanreed.de\/AmericanRebel\/2017\/2022\/03\/08\/8-maerz-internationaler-kampftag-der-frauen\/","name":"- 8. M\u00e4rz \u2013 Internationaler Kampftag der Frauen &ndash; Onlinezeitung AmericanRebel","isPartOf":{"@id":"https:\/\/www.deanreed.de\/AmericanRebel\/2017\/#website"},"primaryImageOfPage":{"@id":"http:\/\/www.deanreed.de\/AmericanRebel\/2017\/2022\/03\/08\/8-maerz-internationaler-kampftag-der-frauen\/#primaryimage"},"datePublished":"2022-03-08T08:19:49+00:00","dateModified":"2022-03-08T08:25:03+00:00","author":{"@id":"https:\/\/www.deanreed.de\/AmericanRebel\/2017\/#\/schema\/person\/9edfca7917cd10b75edaae51c6e7935a"},"breadcrumb":{"@id":"http:\/\/www.deanreed.de\/AmericanRebel\/2017\/2022\/03\/08\/8-maerz-internationaler-kampftag-der-frauen\/#breadcrumb"},"inLanguage":"de","potentialAction":[{"@type":"ReadAction","target":["http:\/\/www.deanreed.de\/AmericanRebel\/2017\/2022\/03\/08\/8-maerz-internationaler-kampftag-der-frauen\/"]}]},{"@type":"BreadcrumbList","@id":"http:\/\/www.deanreed.de\/AmericanRebel\/2017\/2022\/03\/08\/8-maerz-internationaler-kampftag-der-frauen\/#breadcrumb","itemListElement":[{"@type":"ListItem","position":1,"name":"Startseite","item":"https:\/\/www.deanreed.de\/AmericanRebel\/2017\/"},{"@type":"ListItem","position":2,"name":"&#8211; 8. M\u00e4rz \u2013 Internationaler Kampftag der Frauen"}]},{"@type":"Person","@id":"https:\/\/www.deanreed.de\/AmericanRebel\/2017\/#\/schema\/person\/9edfca7917cd10b75edaae51c6e7935a","name":"Redaktion","url":"https:\/\/www.deanreed.de\/AmericanRebel\/2017\/author\/redaktion\/"}]}},"_links":{"self":[{"href":"https:\/\/www.deanreed.de\/AmericanRebel\/2017\/wp-json\/wp\/v2\/posts\/29760"}],"collection":[{"href":"https:\/\/www.deanreed.de\/AmericanRebel\/2017\/wp-json\/wp\/v2\/posts"}],"about":[{"href":"https:\/\/www.deanreed.de\/AmericanRebel\/2017\/wp-json\/wp\/v2\/types\/post"}],"author":[{"embeddable":true,"href":"https:\/\/www.deanreed.de\/AmericanRebel\/2017\/wp-json\/wp\/v2\/users\/2"}],"replies":[{"embeddable":true,"href":"https:\/\/www.deanreed.de\/AmericanRebel\/2017\/wp-json\/wp\/v2\/comments?post=29760"}],"version-history":[{"count":5,"href":"https:\/\/www.deanreed.de\/AmericanRebel\/2017\/wp-json\/wp\/v2\/posts\/29760\/revisions"}],"predecessor-version":[{"id":29768,"href":"https:\/\/www.deanreed.de\/AmericanRebel\/2017\/wp-json\/wp\/v2\/posts\/29760\/revisions\/29768"}],"wp:attachment":[{"href":"https:\/\/www.deanreed.de\/AmericanRebel\/2017\/wp-json\/wp\/v2\/media?parent=29760"}],"wp:term":[{"taxonomy":"category","embeddable":true,"href":"https:\/\/www.deanreed.de\/AmericanRebel\/2017\/wp-json\/wp\/v2\/categories?post=29760"},{"taxonomy":"post_tag","embeddable":true,"href":"https:\/\/www.deanreed.de\/AmericanRebel\/2017\/wp-json\/wp\/v2\/tags?post=29760"}],"curies":[{"name":"wp","href":"https:\/\/api.w.org\/{rel}","templated":true}]}}