{"id":29474,"date":"2022-02-08T12:41:07","date_gmt":"2022-02-08T11:41:07","guid":{"rendered":"http:\/\/www.deanreed.de\/AmericanRebel\/2017\/?p=29474"},"modified":"2022-02-08T18:01:01","modified_gmt":"2022-02-08T17:01:01","slug":"grosse-trockenheit-in-portugal","status":"publish","type":"post","link":"https:\/\/www.deanreed.de\/AmericanRebel\/2017\/2022\/02\/08\/grosse-trockenheit-in-portugal\/","title":{"rendered":"&#8211; Gro\u00dfe Trockenheit in Portugal"},"content":{"rendered":"<blockquote><p><em><span style=\"font-family: verdana, geneva, sans-serif; font-size: 12pt;\">Volkskorrespondent Rui Filipe Gutschmidt &#8211; 8. Februar 2022<img loading=\"lazy\" class=\" wp-image-26040 alignright\" src=\"http:\/\/www.deanreed.de\/AmericanRebel\/2017\/wp-content\/uploads\/2020\/10\/vk-300x300.png\" alt=\"\" width=\"101\" height=\"101\" srcset=\"https:\/\/www.deanreed.de\/AmericanRebel\/2017\/wp-content\/uploads\/2020\/10\/vk.png 300w, https:\/\/www.deanreed.de\/AmericanRebel\/2017\/wp-content\/uploads\/2020\/10\/vk-150x150.png 150w\" sizes=\"(max-width: 101px) 100vw, 101px\" \/><\/span><\/em><\/p><\/blockquote>\n<p><span style=\"color: #993300; font-size: 16pt;\"><strong><span style=\"font-family: verdana, geneva, sans-serif;\">Gro\u00dfe Trockenheit in Portugal<\/span><\/strong><\/span><\/p>\n<div id=\"attachment_27805\" style=\"width: 103px\" class=\"wp-caption alignleft\"><img aria-describedby=\"caption-attachment-27805\" loading=\"lazy\" class=\" wp-image-27805\" src=\"http:\/\/www.deanreed.de\/AmericanRebel\/2017\/wp-content\/uploads\/2021\/06\/13.png\" alt=\"\" width=\"93\" height=\"140\" \/><p id=\"caption-attachment-27805\" class=\"wp-caption-text\">Rui Filipe Gutschmidt<\/p><\/div>\n<p style=\"text-align: justify;\"><span style=\"font-family: Verdana, sans-serif;\"><b><span style=\"color: #000000;\">Das Klima wandelt sich und in einigen Regionen der Welt kann man dies besonders stark merken. Die Iberische Halbinsel ist eine dieser Regionen, in der die Trockenheit schon seit langem ein Problem ist. Die Erderw\u00e4rmung und der damit einhergehende Klimawandel ist aber nur ein Faktor in einer Region, in der das menschliche Eingreifen in die Natur seit Jahrhunderten f\u00fcr Probleme sorgt. Die Zeitschrift <\/span><\/b><span style=\"color: #000000;\"><a style=\"color: #000000;\" href=\"https:\/\/eco.sapo.pt\/2022\/02\/02\/situacao-ainda-nao-e-dramatica-mas-para-la-caminhamos-este-e-o-retrato-da-seca-em-portugal\/\"><span style=\"color: #005a8c;\">ECO<\/span><\/a><\/span><b><span style=\"color: #000000;\"> zieht Bilanz.<br \/>\n<span style=\"color: #ffffff;\">.<\/span><br \/>\n<\/span><\/b><\/span><\/p>\n<p style=\"text-align: justify;\"><span style=\"color: #000000; font-family: verdana, geneva, sans-serif; font-size: 12pt;\">Hier meine \u00dcbersetzung in Ausz\u00fcgen:<br \/>\n<span style=\"color: #ffffff;\">.<\/span><br \/>\n<span style=\"font-size: 14pt;\"><strong><span class=\"tojvnm2t a6sixzi8 abs2jz4q a8s20v7p t1p8iaqh k5wvi7nf q3lfd5jv pk4s997a bipmatt0 cebpdrjk qowsmv63 owwhemhu dp1hu0rb dhp61c6y iyyx5f41\">Seit Monaten kaum Regen<\/span><\/strong><\/span><br \/>\n<\/span><b><\/b><\/p>\n<blockquote><p><span style=\"font-family: Verdana, sans-serif; color: #005a8c;\"><i>&#8222;Die D\u00fcrresituation in Portugal ist besorgniserregend, sagen Experten, obwohl sie noch nicht das Niveau der schlimmsten Jahre seit Beginn der Aufzeichnungen erreicht hat. Die Landwirtschaft ist am st\u00e4rksten betroffen. Seit November letzten Jahres verschlimmert sich die Situation und die Regierung sah sich veranlasst, Ma\u00dfnahmen, wie z. B. die Einstellung der Stromerzeugung in einigen Staud\u00e4mmen, zu ergreifen. Die Situation ist im S\u00fcden gravierender, betrifft jedoch das gesamte Staatsgebiet und hat Folgen f\u00fcr wie die Landwirtschaft, die bereits um Unterst\u00fctzung bittet. Das portugiesische Institut f\u00fcr Meer und Atmosph\u00e4re (IPMA) prognostiziert, dass es im Februar wieder regnen wird, aber trotzdem wird erwartet, dass sich die D\u00fcrre in diesem Monat verschlimmert.<\/i><\/span><\/p>\n<p><span style=\"font-family: Verdana, sans-serif; color: #005a8c;\"><i>Im Januar \u201everglichen mit Dezember gab es eine signifikante Zunahme der Fl\u00e4che und Intensit\u00e4t der D\u00fcrresituation, wobei das gesamte Gebiet von D\u00fcrre betroffen war. IPMA erkl\u00e4rte in einer Ende Januar ver\u00f6ffentlichten Mitteilung, dass 1 % der Fl\u00e4che Portugals war von milder D\u00fcrre, 54 % von m\u00e4\u00dfiger D\u00fcrre, 34 % von schwerer D\u00fcrre und 11 % von extremer D\u00fcrre\u201c betroffen sind. <\/i><\/span><\/p>\n<p><span style=\"font-family: Verdana, sans-serif;\"><i><span style=\"color: #005a8c;\">Diese Situation ist auf den Mangel an Regen zur\u00fcckzuf\u00fchren, wobei Prognosen f\u00fcr kurzfristige Niederschl\u00e4ge darauf hindeuten, dass der Januar des Jahres 2022 zu den drei trockensten der letzten 20 Jahre geh\u00f6rt. Dennoch sei der Schweregrad der meteorologischen D\u00fcrre \u201eetwas geringer im Vergleich zur Situation Ende Januar 2005 (st\u00e4rkste D\u00fcrre seit 2000)\u201c.<\/span><br \/>\n<\/i><\/span><\/p><\/blockquote>\n<p style=\"text-align: justify;\"><span style=\"font-family: Verdana, sans-serif;\"><i><br \/>\n<\/i><\/span><strong><span style=\"font-family: Verdana, sans-serif; color: #000000; font-size: 14pt;\">Meteorologischer <span style=\"font-family: Verdana, sans-serif;\">Regenindex<\/span> verschlechtert sich im Januar<\/span><\/strong><\/p>\n<blockquote><p><span style=\"color: #005a8c;\">\u201e<span style=\"font-family: Verdana, sans-serif;\"><i>Im Moment sind die Quoten der Stauseen besonders niedrig\u201c, sagt Rui Cortes, Forstingenieur und Forscher an der Universit\u00e4t von Tr\u00e1s-os-Montes und Alto Douro, gegen\u00fcber ECO. Es gibt jedoch etwas \u201eein wenig Ungew\u00f6hnliches in dieser Situation im Vergleich zu den letzten Jahren der D\u00fcrre (2005 und 1996), n\u00e4mlich die Tatsache, dass sie sich im ganzen Land ausgebreitet hat, insbesondere in Gebieten wie den nordwestlichen Fl\u00fcssen \u2013 Lima, Cavado und Ave\u201c, die \u201eextrem niedrige Pegel aufweisen, was damals nicht vorkam\u201c.<\/i><\/span><\/span><\/p>\n<p><span style=\"font-family: Verdana, sans-serif; color: #005a8c;\"><i>Der Spezialist weist darauf hin, dass die Situation bald extreme Ausmasse annehmen wird, weil in n\u00e4chster Zeit Regnen zu erwarten ist\u201c.<\/i><\/span><\/p>\n<p><span style=\"font-family: Verdana, sans-serif; color: #005a8c;\"><i>Betrachtet man das hydrologische Jahr vom 1. Oktober bis 25. Januar, weist der kumulierte Niederschlagswert laut IPMA-Daten ein Defizit von 45 % gegen\u00fcber dem Normalwert auf.<\/i><\/span><\/p>\n<p><span style=\"font-family: Verdana, sans-serif;\"><i><span style=\"color: #005a8c;\">In diesem Zusammenhang beschloss die Regierung eine Aussetzung der Stromerzeugung in f\u00fcnf D\u00e4mmen und ein Bew\u00e4sserungsverbot im Barlavento-Becken. Von der Produktionseinstellung betroffen sind die Staud\u00e4mme Alto Lindoso\/Touvedo, Alto Rabag\u00e3o, Vilar\/Tabua\u00e7o, Cabril und Castelo de Bode do Z\u00eazere, w\u00e4hrend die Bew\u00e4sserungsbeschr\u00e4nkung f\u00fcr Bravura an der Algarve gilt.&#8220;<\/span><\/i><\/span><\/p><\/blockquote>\n<p><span style=\"color: #ffffff;\">.<\/span><\/p>\n<div id=\"attachment_29477\" style=\"width: 648px\" class=\"wp-caption aligncenter\"><img aria-describedby=\"caption-attachment-29477\" loading=\"lazy\" class=\" wp-image-29477\" src=\"http:\/\/www.deanreed.de\/AmericanRebel\/2017\/wp-content\/uploads\/2022\/02\/u899-300x127.png\" alt=\"\" width=\"638\" height=\"270\" srcset=\"https:\/\/www.deanreed.de\/AmericanRebel\/2017\/wp-content\/uploads\/2022\/02\/u899-300x127.png 300w, https:\/\/www.deanreed.de\/AmericanRebel\/2017\/wp-content\/uploads\/2022\/02\/u899-1024x434.png 1024w, https:\/\/www.deanreed.de\/AmericanRebel\/2017\/wp-content\/uploads\/2022\/02\/u899-768x326.png 768w, https:\/\/www.deanreed.de\/AmericanRebel\/2017\/wp-content\/uploads\/2022\/02\/u899.png 1066w\" sizes=\"(max-width: 638px) 100vw, 638px\" \/><p id=\"caption-attachment-29477\" class=\"wp-caption-text\">&#8222;Aceredo&#8220; ist wieder aufgetaucht, Bergh\u00e4nge und die alten Felder sind wieder sichtbar. Wie muss es heute einem Bauern zu Mute sein, der dort einst sein Feld bestellte? Bild: YouTube<\/p><\/div>\n<p style=\"text-align: justify;\"><span style=\"font-family: Verdana, sans-serif;\"><span style=\"color: #000000; font-size: 12pt;\"><div class=\"hide-this-part-wrap\"><div class=\"hide-this-part-more\" id=\"hide-this-part-0\" morelink-text=\"hier geht es weiter\">hier geht es weiter \u00bb<\/div><div class=\"hide-this-part\" status=\"invisible\"><\/span><b><span style=\"color: #000000; font-size: 14pt;\"><br \/>\nMa\u00dfnahmen<\/span><\/b><span style=\"color: #000000; font-size: 14pt;\"><b> l\u00f6sen das Problem nicht langfristig<\/b><\/span><\/span><\/p>\n<p style=\"text-align: justify;\"><span style=\"font-family: Verdana, sans-serif; color: #000000;\">Es ist ein altes Problem, dass von den aufeinanderfolgenden Regierungen ignoriert und zum Teil durch falsche Entscheidungen sogar verschlimmert wurde. Die intensive landwirtschaftliche Nutzung beginnt bereits in Spanien, wo alle gr\u00f6sseren Fl\u00fcsse die durch Portugal fliessen entspringen. Die verabredeten Quoten, die das Nachbarland durchlassen muss, werden nicht immer erf\u00fcllt, oder werden zeitlich so eingeteilt, dass Portugal das Wasser erst bekommt, wenn es nicht mehr so dringend ist. Doch Spanien kann auch kein Wasser herbeizaubern und hat oft selbst keines f\u00fcr seine \u00fcberdimensionierte Landwirtschaft.<br \/>\n<span style=\"color: #ffffff;\">.<\/span><br \/>\n<\/span><\/p>\n<blockquote><p><span style=\"font-family: Verdana, sans-serif; color: #005a8c;\"><i>&#8222;Cristina Matos, Forscherin bei UTAD, sagt gegen\u00fcber ECO, dass diese Ma\u00dfnahmen \u201ekurzfristig Wasser f\u00fcr den menschlichen Gebrauch garantieren\u201c. Man kann damit jedoch kein Problem im Hinblick auf die Verhinderung und Milderung meteorologischer D\u00fcrren l\u00f6sen und daher keine L\u00f6sungen f\u00fcr die daraus entstehenden Folgen f\u00fcr die Landwirtschaft erwarten.<\/i><\/span><\/p>\n<p><span style=\"font-family: Verdana, sans-serif; color: #005a8c;\"><i>Vorerst gelten die Ma\u00dfnahmen f\u00fcr diese konkreten F\u00e4lle, aber der Umweltminister signalisierte, dass \u201eam 1. M\u00e4rz\u201c analysiert werde, \u201ewas noch getan werden muss\u201c. \u201eWenn die Prognosen sehr d\u00fcster sind, m\u00fcssen wir \u00fcber diese heute getroffenen Entscheidungen hinausgehen\u201c, warnte Jo\u00e3o Pedro Matos Fernandes.<\/i><\/span><\/p>\n<p><span style=\"font-family: Verdana, sans-serif; color: #005a8c;\"><i>Was die Prognosen f\u00fcr die nahe Zukunft betrifft, so weist die IPMA darauf hin, dass \u201ebis zum 3. Februar nicht mit signifikanten Niederschl\u00e4gen zu rechnen ist\u201c. Prognosen deuten jedoch darauf hin, dass der gesamte angesammelte Niederschlag im Monat Februar \u201ein praktisch dem gesamten Gebiet geringer als normal\u201c sein sollte. So sei \u201edie Verschlechterung der meteorologischen D\u00fcrresituation Ende Februar auf dem gesamten Territorium sehr wahrscheinlich\u201c.<\/i><\/span><\/p>\n<p><span style=\"color: #005a8c;\">\u201e<\/span><span style=\"font-family: Verdana, sans-serif;\"><i><span style=\"color: #005a8c;\">Nur wenn es anf\u00e4ngt zu regnen, k\u00f6nnen wir eine verbesserte Situation haben\u201c, betont Rui Cortes, deshalb \u201eist es in dieser Situation unerl\u00e4sslich, Priorit\u00e4ten zu definieren, und die Priorit\u00e4t muss auf der Ebene der \u00f6ffentlichen Versorgung liegen\u201c.<\/span><\/i><\/span><\/p><\/blockquote>\n<p style=\"text-align: justify;\"><span style=\"font-family: Verdana, sans-serif;\"><i><br \/>\n<\/i><span style=\"color: #000000; font-size: 14pt;\"><b>Kleinbauern d\u00fcrften am st\u00e4rksten betroffen sein<\/b><\/span><\/span><\/p>\n<blockquote><p><span style=\"font-family: Verdana, sans-serif; color: #005a8c;\"><i>&#8222;Die D\u00fcrresituation hat einige Sektoren in Mitleidenschaft gezogen, wobei Kleinbauern wahrscheinlich zu denjenigen geh\u00f6ren, die am meisten unter den Folgen dieses Ph\u00e4nomens leiden werden. Die Verb\u00e4nde der Landwirtschaft haben bereits vor der Notwendigkeit staatlicher Unterst\u00fctzung zur Bew\u00e4ltigung dieser Situation gewarnt.<\/i><\/span><\/p>\n<p><span style=\"font-family: Verdana, sans-serif; color: #005a8c;\"><i>Wie Cristina Matos erkl\u00e4rt, ist die \u201eunmittelbarste Folge einer meteorologischen D\u00fcrre normalerweise eine landwirtschaftliche D\u00fcrre und folglich eine agrometeorologische D\u00fcrre, die direkte Auswirkungen auf die Wasserverf\u00fcgbarkeit im Boden und folglich auf die Pflanzenproduktivit\u00e4t haben wird\u201c. Zu einem anderen Zeitpunkt sei auch mit der \u201efolgenden hydrologischen Trockenheit zu rechnen, die sich im Stauzustand der Stauseen und Wasserleitungen bemerkbar macht\u201c.<\/i><\/span><\/p>\n<p><span style=\"color: #005a8c;\">\u201e<\/span><span style=\"font-family: Verdana, sans-serif;\"><i><span style=\"color: #005a8c;\">Diese Situationen f\u00fchren zu erheblichen sozialen und wirtschaftlichen Auswirkungen, beginnend mit dem Sektor, der am unmittelbarsten vom Wasser abh\u00e4ngt, n\u00e4mlich dem prim\u00e4ren Sektor, der Landwirtschaft\u201c, betont sie.&#8220;<\/span><\/i><\/span><\/p><\/blockquote>\n<p style=\"text-align: justify;\"><span style=\"font-family: Verdana, sans-serif;\"><i><br \/>\n<\/i><\/span><span style=\"font-family: Verdana, sans-serif; color: #000000; font-size: 14pt;\"><b>Die D\u00fcrresituation sei \u201esehr besorgniserregend\u201c.<br \/>\nCNA (Landwirtschaftsverband) will Unterst\u00fctzung<\/b><\/span><\/p>\n<blockquote><p><span style=\"font-family: Verdana, sans-serif; color: #005a8c;\"><i>&#8222;Der Forscher Rui Cortes best\u00e4tigt diese Aussage und weist darauf hin, dass die Situation \u201eFolgen auf der Ebene der gesamten Landwirtschaft hat\u201c, und auf unmittelbarerer Ebene \u201eKleinbauern betroffen sein werden\u201c. Gro\u00dfe Landwirte werden eher bereit sein, die Kosten zu tragen, die h\u00f6her sein werden, aber \u201edie Kleinen werden nicht die M\u00f6glichkeit haben\u201c, also \u201ewird es eine Diskrepanz geben und es muss Unterst\u00fctzung f\u00fcr die Landwirtschaft geben f\u00fcr diejenigen, die die Kosten nicht tragen k\u00f6nnen\u201c.<\/i><\/span><\/p>\n<p><span style=\"font-family: Verdana, sans-serif; color: #005a8c;\"><i>Der Nationale Landwirtschaftsverband (CNA) hatte ebenfalls davor gewarnt, dass die D\u00fcrre bereits \u201eziemlich besorgniserregend\u201c sei, insbesondere im S\u00fcden, und darauf hingewiesen, dass Ma\u00dfnahmen h\u00e4tten ergriffen werden m\u00fcssen und dass sich die Situation in den Preisen widerspiegeln k\u00f6nnte. Die Vereinigung der Landwirte Portugals (CAP) warnte davor, dass angesichts der D\u00fcrre alle Winteraktivit\u00e4ten beeintr\u00e4chtigt seien, und stellte fest, dass die Viehbest\u00e4nde in eine \u201eextrem schwere Situation\u201c geraten, und forderte ein Eingreifen der Regierung.<\/i><\/span><\/p>\n<p><span style=\"font-family: Verdana, sans-serif;\"><i><span style=\"color: #005a8c;\">Auch die B\u00fcrgermeister der Algarve haben sich zu der Situation ge\u00e4u\u00dfert, wobei der Pr\u00e4sident der Interkommunalen Gemeinschaft der Algarve ein \u201eUmdenken\u201c der Landwirtschaft in der Region forderte. Im Gespr\u00e4ch mit Radio Renascen\u00e7a verteidigt Ant\u00f3nio Pina die M\u00f6glichkeit eines \u201eQuotensystems f\u00fcr den Zugang zu Wasser, \u00e4hnlich dem, was in der Fischerei praktiziert wird\u201c.<\/span><\/i><\/span><\/p><\/blockquote>\n<p style=\"text-align: justify;\"><span style=\"font-family: Verdana, sans-serif; color: #000000;\"><b><br \/>\n<span style=\"font-size: 14pt;\">Die Struktur der portugiesischen Wirtschaft<\/span><br \/>\n<span style=\"font-size: 14pt;\">nimmt keine R\u00fccksicht auf den Wassermangel<\/span><\/b><\/span><\/p>\n<p style=\"text-align: justify;\"><span style=\"font-family: Verdana, sans-serif; color: #000000;\">Also nochmal zu den B\u00fcrgermeistern an der Algarve. Umdenken? Gut. Dann sollten sie mit den Golfpl\u00e4tzen beginnen, die immer so sch\u00f6n gr\u00fcn sind. W\u00e4hrend den gro\u00dfen Hotels und den Casinos an Portugals S\u00fcdk\u00fcste nie das Wasser fehlt, muss sich die Bev\u00f6lkerung, besonders im Hinterland, mit Wasserknappheit herumschlagen. Ich wette, meine Leser k\u00f6nnen dar\u00fcber berichten. <\/span><\/p>\n<p style=\"text-align: justify;\"><span style=\"font-family: Verdana, sans-serif; color: #000000;\">Aber auch die Eukalyptus-Pflanzungen, die den Wirtschaftsinteressen einiger weniger dienen, senken den Grundwasserspiegel stark und nutzen die Trockenheit und daraus resultierende Waldbr\u00e4nde, um sich weiter zu verbreiten. <\/span><\/p>\n<p style=\"text-align: justify;\"><span style=\"font-family: Verdana, sans-serif; color: #000000;\">Dann w\u00e4ren da noch die Staud\u00e4mme. Ja, die Regierung hat die Stromerzeugung bei 5 Staud\u00e4mmen vor\u00fcbergehend untersagt, aber die Mauscheleien bei der Privatisierung des portugiesischen Stromerzeugers EDP und die erst k\u00fcrzlich weiterverschebelten Wasserkraftwerke, bei denen der portugiesische Staat um die eigentlich f\u00e4lligen Steuern geprellt wurde, lassen dann doch die Frage nach einer Renationalisierung aller Staud\u00e4mme und Stauseen. Die Wasser- und Stromversorgung geh\u00f6rt in staatliche H\u00e4nde, denn diese Ressourcen geh\u00f6ren dem ganzen Volk. <\/span><\/p>\n<p style=\"text-align: justify;\"><span style=\"font-family: Verdana, sans-serif; color: #000000;\">Die Ausbeutung der Ressourcen darf nicht l\u00e4nger den Interessen privater Unternehmen und Aktiengesellschaften \u00fcberlassen werden. Das gilt insbesondere f\u00fcr die Wasserversorgung. In Portugal darf diese zwar nicht privatisiert werden, aber die St\u00e4dte und Gemeinden bedienen sich einem einachen Trick. Konzessionierung! Private Unternehmen \u00fcbernehmen die \u00f6ffentlichen Dienste wie Wasserversorgung, Abwasser oder M\u00fcllentsorgung. Das diese Unternehmen eine Monopolstellung haben scheint niemanden so recht zu st\u00f6ren. Nur die Endverbraucher, die gezwungen sind horrende Preise f\u00fcr schlechten Service zu bezahlen, sind nicht begeistert von den faulen Gesch\u00e4ften, die oft Vertr\u00e4ge von bis zu 50 Jahren Laufzeit abschlie\u00dfen. <\/span><\/p>\n<p style=\"text-align: justify;\"><span style=\"font-family: Verdana, sans-serif; color: #000000;\">Somit braucht Portugal, wie auch jedes andere Land:<\/span><\/p>\n<ol style=\"text-align: justify;\">\n<li><span style=\"font-family: Verdana, sans-serif; color: #000000;\">Eine zentrale Planung der kompletten Infrastruktur in der Versorgung der Bev\u00f6lkerung mit Trinkwasser.<\/span><\/li>\n<li><span style=\"font-family: Verdana, sans-serif; color: #000000;\">Ein nationales Netzwerk von Kl\u00e4ranlagen und Filterstationen als Teil eines zentralen Abwassernetzes<\/span><\/li>\n<li><span style=\"font-family: Verdana, sans-serif; color: #000000;\">Forstwirtschaft. Auch die W\u00e4lder sollten gr\u00f6\u00dftenteils in staatliche Obhut und zu Naturschutzgebieten erkl\u00e4rt werden. Wenn wir Europ\u00e4er in Afrika, Asien und Lateinamerika den Schutz der Regenw\u00e4lder (v\u00f6llig zurecht) einfordern, dann sollten wir mit gutem Beispiel voran gehen. Der Eukalyptus geh\u00f6rt nicht nach Europa. Hier wirkt die australische Baumspezies als invasive Pflanzenart, die dem \u00d6kosystem gro\u00dfen Schaden zuf\u00fcgt.<\/span><\/li>\n<li><span style=\"color: #000000;\"><span style=\"font-family: Verdana, sans-serif;\">Landwirtschaft \u2013 die EU hat durch seine Regelungen und Beschl\u00fcsse einen gro\u00dfen Einfluss auf die portugiesische Landwirtschaft ausge\u00fcbt. Doch diese Einmischung wurde ausschlie\u00dflich unter wirtschaftlichen Gesichtspunkten unternommen, wobei die Interessen der Portugiesen kaum eine Rolle spielen. Die Notwendigkeit einer ad\u00e4quaten Wassereinteilung wird den Interessen der agroindustriellen Gro\u00dfbetriebe untergeordnet. Dabei sind Schweine- und H\u00fcnermastbetriebe auch in Hinsicht auf immer wiederkehrende Verst\u00f6sse gegen die Umweltschutzauflagen auff\u00e4llig, wenn sie ihre Jauchegruben direkt in die <\/span><a style=\"font-family: Verdana, sans-serif; color: #000000;\" href=\"https:\/\/info-welt.info\/2020\/02\/04\/die-umweltsaeue-vom-tejo-anwohner-und-umweltschuetzer-fordern-ein-haerteres-durchgreifen-gegen-umweltverschmutzer\/\">Fl\u00fcsse<\/a><span style=\"font-family: Verdana, sans-serif;\"> entlehren, von der Papierindustrie ganz zu schweigen.<\/span><\/span><\/li>\n<li><span style=\"font-family: Verdana, sans-serif; color: #000000;\">Staud\u00e4mme \u2013 mit Steuergeldern und auf Kosten ganzer D\u00f6rfer und arch\u00e4ologischer St\u00e4tten, die Jahrzehnte auf dem Grund der Stauseen schlummern und jetzt wieder zum Vorschein kommen, gebaut, dienten diese Megabauten urspr\u00fcnglich der Regulierung der Flusspegel, um die \u00dcberschwemmungen zu kontrollieren, die immer wieder die Uferregionen der gro\u00dfen Fl\u00fcsse betrafen. Kurz gesagt: Renationalisierung, Verstaatlichung!<\/span><\/li>\n<\/ol>\n<p style=\"text-align: justify;\"><span style=\"font-family: Verdana, sans-serif; color: #000000;\">Also ist die Trockenheit in Portugal nicht nur eine Frage des Klimawandels, sondern hat eine ganze Reihe von Ursachen, die meist struktureller Natur sind. Deshalb m\u00fcssen die privaten Wirtschaftsinteressen ein f\u00fcr alle mal dem Allgemeinwohl untergeordnet werden. Ein Thema, dass nicht nur in Portugal zur Diskussion gestellt werden muss, sondern auch in Spanien, Griechenland und so vielen anderen Regionen der Welt.<br \/>\n<span style=\"color: #ffffff;\">.<\/span><br \/>\n<\/span><\/p>\n<p style=\"text-align: center;\"><em><span style=\"font-size: 14pt;\"><strong><span style=\"font-family: Verdana, sans-serif; color: #000000;\">Ein sehr beeinfruckendes Video v<\/span><\/strong><\/span><span style=\"font-family: verdana, geneva, sans-serif; font-size: 14pt;\"><strong><span style=\"color: #000000;\">on <\/span>Altominho TV<\/strong><\/span><span style=\"font-size: 14pt;\"><br \/>\n<\/span><\/em><\/p>\n<div class=\"lyte-wrapper fourthree\" style=\"width:420px;max-width:100%;margin:5px auto;\"><div class=\"lyMe\" id=\"WYL_vv6GqpPQv8U\"><div id=\"lyte_vv6GqpPQv8U\" data-src=\"https:\/\/www.deanreed.de\/AmericanRebel\/2017\/wp-content\/plugins\/wp-youtube-lyte\/lyteCache.php?origThumbUrl=%2F%2Fi.ytimg.com%2Fvi%2Fvv6GqpPQv8U%2Fhqdefault.jpg\" class=\"pL\"><div class=\"tC\"><div class=\"tT\"><\/div><\/div><div class=\"play\"><\/div><div class=\"ctrl\"><div class=\"Lctrl\"><\/div><div class=\"Rctrl\"><\/div><\/div><\/div><noscript><a href=\"https:\/\/youtu.be\/vv6GqpPQv8U\"><img src=\"https:\/\/www.deanreed.de\/AmericanRebel\/2017\/wp-content\/plugins\/wp-youtube-lyte\/lyteCache.php?origThumbUrl=https%3A%2F%2Fi.ytimg.com%2Fvi%2Fvv6GqpPQv8U%2F0.jpg\" alt=\"\" width=\"420\" height=\"295\" \/><br \/>Dieses Video auf YouTube ansehen<\/a><\/noscript><\/div><\/div><div class=\"lL\" style=\"max-width:100%;width:420px;margin:5px auto;\"><\/div><\/p>\n<p style=\"text-align: center;\"><span style=\"color: #ffffff;\">.<\/span><br \/>\n<span style=\"font-size: 14pt; font-family: verdana, geneva, sans-serif;\"><em><strong>Weitere Artikel zu diesem Thema<\/strong><\/em><\/span><a href=\"https:\/\/info-welt.info\/?s=trockenheit\" target=\"_blank\" rel=\"noopener\"><img loading=\"lazy\" class=\" wp-image-7445 aligncenter\" src=\"https:\/\/info-welt.info\/wp-content\/uploads\/2019\/10\/4555-300x149.jpg\" alt=\"\" width=\"396\" height=\"197\" \/><\/a><span style=\"color: #ffffff;\">.<\/span><\/p>\n<p style=\"text-align: justify;\"><span style=\"color: #ffffff;\">.<\/span><\/p>\n<p><a href=\"https:\/\/www.paypal.com\/de\/home\" target=\"_blank\" rel=\"noopener\"><img loading=\"lazy\" class=\"wp-image-26501 aligncenter\" src=\"http:\/\/www.deanreed.de\/AmericanRebel\/2017\/wp-content\/uploads\/2037\/12\/1-300x72.png\" alt=\"\" width=\"661\" height=\"159\" srcset=\"https:\/\/www.deanreed.de\/AmericanRebel\/2017\/wp-content\/uploads\/2037\/12\/1-300x72.png 300w, https:\/\/www.deanreed.de\/AmericanRebel\/2017\/wp-content\/uploads\/2037\/12\/1-1024x245.png 1024w, https:\/\/www.deanreed.de\/AmericanRebel\/2017\/wp-content\/uploads\/2037\/12\/1-768x184.png 768w, https:\/\/www.deanreed.de\/AmericanRebel\/2017\/wp-content\/uploads\/2037\/12\/1-1536x367.png 1536w, https:\/\/www.deanreed.de\/AmericanRebel\/2017\/wp-content\/uploads\/2037\/12\/1-2048x489.png 2048w\" sizes=\"(max-width: 661px) 100vw, 661px\" \/><\/a><\/p>\n<blockquote>\n<div style=\"margin-left: 10px;\"><a title=\"zur Startseite\" href=\"http:\/\/www.americanrebel.de\/\"><img loading=\"lazy\" class=\"alignleft\" src=\"http:\/\/www.deanreed.de\/AmericanRebel\/2017\/wp-content\/uploads\/2017\/03\/back_ar.png\" alt=\"zur\u00fcck zur Startseite\" width=\"156\" height=\"15\" \/><\/a><\/div>\n<div style=\"margin-right: 10px;\"><a href=\"https:\/\/www.facebook.com\/groups\/1683837971860223\/permalink\/1987214344855916\/\" target=\"_blank\" rel=\"noopener noreferrer\"><img loading=\"lazy\" class=\"alignright\" src=\"http:\/\/www.deanreed.de\/AmericanRebel\/2017\/wp-content\/uploads\/2017\/03\/ar_zu_fb.png\" alt=\"hier geht es zur Facebook Diskussionsgruppe\" width=\"353\" height=\"15\" \/><\/a><\/div>\n<p style=\"text-align: center;\"><a href=\"#respond\" target=\"_blank\" rel=\"noopener noreferrer\"><img loading=\"lazy\" class=\"aligncenter\" src=\"http:\/\/www.deanreed.de\/AmericanRebel\/2017\/wp-content\/uploads\/2017\/03\/ar_kommentar-1.png\" alt=\"Sag uns deine Meinung zum Artikel mit einem Kommentar\/Leserbrief\" width=\"627\" height=\"20\" \/><\/a><\/p>\n<\/blockquote>\n<p><\/div><!-- .hide-this-part --><\/div><!-- hide-this-part-wrap --><\/p>\n","protected":false},"excerpt":{"rendered":"<p>Volkskorrespondent Rui Filipe Gutschmidt &#8211; 8. Februar 2022 Gro\u00dfe Trockenheit in Portugal Das Klima wandelt sich und in einigen Regionen der Welt kann man dies besonders stark merken. Die Iberische Halbinsel ist eine dieser Regionen, in der die Trockenheit schon [&hellip;]<a class=\"more-link\" href=\"https:\/\/www.deanreed.de\/AmericanRebel\/2017\/2022\/02\/08\/grosse-trockenheit-in-portugal\/\">&darr; Lese den Rest von diesem Eintrag&#8230;<\/a><\/p>\n","protected":false},"author":2,"featured_media":0,"comment_status":"open","ping_status":"open","sticky":false,"template":"","format":"standard","meta":[],"categories":[122],"tags":[5603,748,2594,5604,5605,5606,3016,5607,5608,3019,5410,2834,5609,2225,157,1329,5610,5611,5612,3031,5613,410],"yoast_head":"<!-- This site is optimized with the Yoast SEO plugin v17.5 - https:\/\/yoast.com\/wordpress\/plugins\/seo\/ -->\n<title>- Gro\u00dfe Trockenheit in Portugal &ndash; Onlinezeitung AmericanRebel<\/title>\n<meta name=\"robots\" content=\"index, follow, max-snippet:-1, max-image-preview:large, max-video-preview:-1\" \/>\n<link rel=\"canonical\" href=\"https:\/\/www.deanreed.de\/AmericanRebel\/2017\/2022\/02\/08\/grosse-trockenheit-in-portugal\/\" \/>\n<meta property=\"og:locale\" content=\"de_DE\" \/>\n<meta property=\"og:type\" content=\"article\" \/>\n<meta property=\"og:title\" content=\"- Gro\u00dfe Trockenheit in Portugal &ndash; Onlinezeitung AmericanRebel\" \/>\n<meta property=\"og:description\" content=\"Das Klima wandelt sich und in einigen Regionen der Welt kann man dies besonders stark merken. Die Iberische Halbinsel ist eine dieser Regionen, in der die Trockenheit schon seit langem ein Problem ist. Die Erderw\u00e4rmung und der damit einhergehende Klimawandel ist aber nur ein Faktor in einer Region, in der das menschliche Eingreifen in die Natur seit Jahrhunderten f\u00fcr Probleme sorgt. Die Zeitschrift ECO zieht Bilanz.\" \/>\n<meta property=\"og:url\" content=\"https:\/\/www.deanreed.de\/AmericanRebel\/2017\/2022\/02\/08\/grosse-trockenheit-in-portugal\/\" \/>\n<meta property=\"og:site_name\" content=\"Onlinezeitung AmericanRebel\" \/>\n<meta property=\"article:published_time\" content=\"2022-02-08T11:41:07+00:00\" \/>\n<meta property=\"article:modified_time\" content=\"2022-02-08T17:01:01+00:00\" \/>\n<meta property=\"og:image\" content=\"http:\/\/www.deanreed.de\/AmericanRebel\/2017\/wp-content\/uploads\/2022\/02\/r66.png\" \/>\n\t<meta property=\"og:image:width\" content=\"640\" \/>\n\t<meta property=\"og:image:height\" content=\"460\" \/>\n<meta name=\"twitter:card\" content=\"summary_large_image\" \/>\n<meta name=\"twitter:label1\" content=\"Verfasst von\" \/>\n\t<meta name=\"twitter:data1\" content=\"Redaktion\" \/>\n\t<meta name=\"twitter:label2\" content=\"Gesch\u00e4tzte Lesezeit\" \/>\n\t<meta name=\"twitter:data2\" content=\"10\u00a0Minuten\" \/>\n<script type=\"application\/ld+json\" class=\"yoast-schema-graph\">{\"@context\":\"https:\/\/schema.org\",\"@graph\":[{\"@type\":\"WebSite\",\"@id\":\"https:\/\/www.deanreed.de\/AmericanRebel\/2017\/#website\",\"url\":\"https:\/\/www.deanreed.de\/AmericanRebel\/2017\/\",\"name\":\"Onlinezeitung AmericanRebel\",\"description\":\"Internationale Onlinezeitung f\\u00fcr Frieden, Humanismus, V\\u00f6lkerverst\\u00e4ndigung und Kultur\",\"potentialAction\":[{\"@type\":\"SearchAction\",\"target\":{\"@type\":\"EntryPoint\",\"urlTemplate\":\"https:\/\/www.deanreed.de\/AmericanRebel\/2017\/?s={search_term_string}\"},\"query-input\":\"required name=search_term_string\"}],\"inLanguage\":\"de\"},{\"@type\":\"ImageObject\",\"@id\":\"https:\/\/www.deanreed.de\/AmericanRebel\/2017\/2022\/02\/08\/grosse-trockenheit-in-portugal\/#primaryimage\",\"inLanguage\":\"de\",\"url\":\"https:\/\/www.deanreed.de\/AmericanRebel\/2017\/wp-content\/uploads\/2022\/02\/r66.png\",\"contentUrl\":\"https:\/\/www.deanreed.de\/AmericanRebel\/2017\/wp-content\/uploads\/2022\/02\/r66.png\",\"width\":640,\"height\":460},{\"@type\":\"WebPage\",\"@id\":\"https:\/\/www.deanreed.de\/AmericanRebel\/2017\/2022\/02\/08\/grosse-trockenheit-in-portugal\/#webpage\",\"url\":\"https:\/\/www.deanreed.de\/AmericanRebel\/2017\/2022\/02\/08\/grosse-trockenheit-in-portugal\/\",\"name\":\"- Gro\\u00dfe Trockenheit in Portugal &ndash; Onlinezeitung AmericanRebel\",\"isPartOf\":{\"@id\":\"https:\/\/www.deanreed.de\/AmericanRebel\/2017\/#website\"},\"primaryImageOfPage\":{\"@id\":\"https:\/\/www.deanreed.de\/AmericanRebel\/2017\/2022\/02\/08\/grosse-trockenheit-in-portugal\/#primaryimage\"},\"datePublished\":\"2022-02-08T11:41:07+00:00\",\"dateModified\":\"2022-02-08T17:01:01+00:00\",\"author\":{\"@id\":\"https:\/\/www.deanreed.de\/AmericanRebel\/2017\/#\/schema\/person\/9edfca7917cd10b75edaae51c6e7935a\"},\"breadcrumb\":{\"@id\":\"https:\/\/www.deanreed.de\/AmericanRebel\/2017\/2022\/02\/08\/grosse-trockenheit-in-portugal\/#breadcrumb\"},\"inLanguage\":\"de\",\"potentialAction\":[{\"@type\":\"ReadAction\",\"target\":[\"https:\/\/www.deanreed.de\/AmericanRebel\/2017\/2022\/02\/08\/grosse-trockenheit-in-portugal\/\"]}]},{\"@type\":\"BreadcrumbList\",\"@id\":\"https:\/\/www.deanreed.de\/AmericanRebel\/2017\/2022\/02\/08\/grosse-trockenheit-in-portugal\/#breadcrumb\",\"itemListElement\":[{\"@type\":\"ListItem\",\"position\":1,\"name\":\"Startseite\",\"item\":\"https:\/\/www.deanreed.de\/AmericanRebel\/2017\/\"},{\"@type\":\"ListItem\",\"position\":2,\"name\":\"&#8211; Gro\\u00dfe Trockenheit in Portugal\"}]},{\"@type\":\"Person\",\"@id\":\"https:\/\/www.deanreed.de\/AmericanRebel\/2017\/#\/schema\/person\/9edfca7917cd10b75edaae51c6e7935a\",\"name\":\"Redaktion\",\"url\":\"https:\/\/www.deanreed.de\/AmericanRebel\/2017\/author\/redaktion\/\"}]}<\/script>\n<!-- \/ Yoast SEO plugin. -->","yoast_head_json":{"title":"- Gro\u00dfe Trockenheit in Portugal &ndash; Onlinezeitung AmericanRebel","robots":{"index":"index","follow":"follow","max-snippet":"max-snippet:-1","max-image-preview":"max-image-preview:large","max-video-preview":"max-video-preview:-1"},"canonical":"https:\/\/www.deanreed.de\/AmericanRebel\/2017\/2022\/02\/08\/grosse-trockenheit-in-portugal\/","og_locale":"de_DE","og_type":"article","og_title":"- Gro\u00dfe Trockenheit in Portugal &ndash; Onlinezeitung AmericanRebel","og_description":"Das Klima wandelt sich und in einigen Regionen der Welt kann man dies besonders stark merken. Die Iberische Halbinsel ist eine dieser Regionen, in der die Trockenheit schon seit langem ein Problem ist. Die Erderw\u00e4rmung und der damit einhergehende Klimawandel ist aber nur ein Faktor in einer Region, in der das menschliche Eingreifen in die Natur seit Jahrhunderten f\u00fcr Probleme sorgt. Die Zeitschrift ECO zieht Bilanz.","og_url":"https:\/\/www.deanreed.de\/AmericanRebel\/2017\/2022\/02\/08\/grosse-trockenheit-in-portugal\/","og_site_name":"Onlinezeitung AmericanRebel","article_published_time":"2022-02-08T11:41:07+00:00","article_modified_time":"2022-02-08T17:01:01+00:00","og_image":[{"width":640,"height":460,"url":"http:\/\/www.deanreed.de\/AmericanRebel\/2017\/wp-content\/uploads\/2022\/02\/r66.png","type":"image\/png"}],"twitter_card":"summary_large_image","twitter_misc":{"Verfasst von":"Redaktion","Gesch\u00e4tzte Lesezeit":"10\u00a0Minuten"},"schema":{"@context":"https:\/\/schema.org","@graph":[{"@type":"WebSite","@id":"https:\/\/www.deanreed.de\/AmericanRebel\/2017\/#website","url":"https:\/\/www.deanreed.de\/AmericanRebel\/2017\/","name":"Onlinezeitung AmericanRebel","description":"Internationale Onlinezeitung f\u00fcr Frieden, Humanismus, V\u00f6lkerverst\u00e4ndigung und Kultur","potentialAction":[{"@type":"SearchAction","target":{"@type":"EntryPoint","urlTemplate":"https:\/\/www.deanreed.de\/AmericanRebel\/2017\/?s={search_term_string}"},"query-input":"required name=search_term_string"}],"inLanguage":"de"},{"@type":"ImageObject","@id":"https:\/\/www.deanreed.de\/AmericanRebel\/2017\/2022\/02\/08\/grosse-trockenheit-in-portugal\/#primaryimage","inLanguage":"de","url":"https:\/\/www.deanreed.de\/AmericanRebel\/2017\/wp-content\/uploads\/2022\/02\/r66.png","contentUrl":"https:\/\/www.deanreed.de\/AmericanRebel\/2017\/wp-content\/uploads\/2022\/02\/r66.png","width":640,"height":460},{"@type":"WebPage","@id":"https:\/\/www.deanreed.de\/AmericanRebel\/2017\/2022\/02\/08\/grosse-trockenheit-in-portugal\/#webpage","url":"https:\/\/www.deanreed.de\/AmericanRebel\/2017\/2022\/02\/08\/grosse-trockenheit-in-portugal\/","name":"- Gro\u00dfe Trockenheit in Portugal &ndash; Onlinezeitung AmericanRebel","isPartOf":{"@id":"https:\/\/www.deanreed.de\/AmericanRebel\/2017\/#website"},"primaryImageOfPage":{"@id":"https:\/\/www.deanreed.de\/AmericanRebel\/2017\/2022\/02\/08\/grosse-trockenheit-in-portugal\/#primaryimage"},"datePublished":"2022-02-08T11:41:07+00:00","dateModified":"2022-02-08T17:01:01+00:00","author":{"@id":"https:\/\/www.deanreed.de\/AmericanRebel\/2017\/#\/schema\/person\/9edfca7917cd10b75edaae51c6e7935a"},"breadcrumb":{"@id":"https:\/\/www.deanreed.de\/AmericanRebel\/2017\/2022\/02\/08\/grosse-trockenheit-in-portugal\/#breadcrumb"},"inLanguage":"de","potentialAction":[{"@type":"ReadAction","target":["https:\/\/www.deanreed.de\/AmericanRebel\/2017\/2022\/02\/08\/grosse-trockenheit-in-portugal\/"]}]},{"@type":"BreadcrumbList","@id":"https:\/\/www.deanreed.de\/AmericanRebel\/2017\/2022\/02\/08\/grosse-trockenheit-in-portugal\/#breadcrumb","itemListElement":[{"@type":"ListItem","position":1,"name":"Startseite","item":"https:\/\/www.deanreed.de\/AmericanRebel\/2017\/"},{"@type":"ListItem","position":2,"name":"&#8211; Gro\u00dfe Trockenheit in Portugal"}]},{"@type":"Person","@id":"https:\/\/www.deanreed.de\/AmericanRebel\/2017\/#\/schema\/person\/9edfca7917cd10b75edaae51c6e7935a","name":"Redaktion","url":"https:\/\/www.deanreed.de\/AmericanRebel\/2017\/author\/redaktion\/"}]}},"_links":{"self":[{"href":"https:\/\/www.deanreed.de\/AmericanRebel\/2017\/wp-json\/wp\/v2\/posts\/29474"}],"collection":[{"href":"https:\/\/www.deanreed.de\/AmericanRebel\/2017\/wp-json\/wp\/v2\/posts"}],"about":[{"href":"https:\/\/www.deanreed.de\/AmericanRebel\/2017\/wp-json\/wp\/v2\/types\/post"}],"author":[{"embeddable":true,"href":"https:\/\/www.deanreed.de\/AmericanRebel\/2017\/wp-json\/wp\/v2\/users\/2"}],"replies":[{"embeddable":true,"href":"https:\/\/www.deanreed.de\/AmericanRebel\/2017\/wp-json\/wp\/v2\/comments?post=29474"}],"version-history":[{"count":8,"href":"https:\/\/www.deanreed.de\/AmericanRebel\/2017\/wp-json\/wp\/v2\/posts\/29474\/revisions"}],"predecessor-version":[{"id":29484,"href":"https:\/\/www.deanreed.de\/AmericanRebel\/2017\/wp-json\/wp\/v2\/posts\/29474\/revisions\/29484"}],"wp:attachment":[{"href":"https:\/\/www.deanreed.de\/AmericanRebel\/2017\/wp-json\/wp\/v2\/media?parent=29474"}],"wp:term":[{"taxonomy":"category","embeddable":true,"href":"https:\/\/www.deanreed.de\/AmericanRebel\/2017\/wp-json\/wp\/v2\/categories?post=29474"},{"taxonomy":"post_tag","embeddable":true,"href":"https:\/\/www.deanreed.de\/AmericanRebel\/2017\/wp-json\/wp\/v2\/tags?post=29474"}],"curies":[{"name":"wp","href":"https:\/\/api.w.org\/{rel}","templated":true}]}}