{"id":28940,"date":"2021-11-29T10:38:53","date_gmt":"2021-11-29T09:38:53","guid":{"rendered":"http:\/\/www.deanreed.de\/AmericanRebel\/2017\/?p=28940"},"modified":"2021-11-28T04:52:55","modified_gmt":"2021-11-28T03:52:55","slug":"wir-trauern-um-rolf-verleger","status":"publish","type":"post","link":"https:\/\/www.deanreed.de\/AmericanRebel\/2017\/2021\/11\/29\/wir-trauern-um-rolf-verleger\/","title":{"rendered":"&#8211; Wir trauern um Rolf Verleger"},"content":{"rendered":"<blockquote><p><em><span style=\"font-size: 12pt;\"><span style=\"font-family: verdana, geneva, sans-serif;\">Fiete Jensen, Redaktion RoterMorgen \u2013 29. November 2021<\/span><\/span><\/em><\/p><\/blockquote>\n<div class=\"\" data-block=\"true\" data-editor=\"ae6sv\" data-offset-key=\"1v0kd-0-0\">\n<p class=\"public-DraftStyleDefault-block public-DraftStyleDefault-ltr\" style=\"text-align: justify;\" data-offset-key=\"1v0kd-0-0\"><span style=\"font-size: 12pt;\"><strong><span style=\"font-family: verdana, geneva, sans-serif;\"><span style=\"font-size: 16pt; color: #993300;\">Wir trauern um Rolf Verleger<\/span><\/span><\/strong><\/span><\/p>\n<p style=\"text-align: justify;\"><strong><span style=\"font-family: verdana, geneva, sans-serif; font-size: 12pt;\">Mit Rolf Verleger verlieren eine wichtige j\u00fcdische Stimme des Humanismus und des Engagements f\u00fcr den Frieden. Wir sind tief best\u00fcrzt und traurig. Wir werden die Arbeit Rolfs f\u00fcr Frieden und Gerechtigkeit w\u00fcrdigen und weiterverbreiten.<\/span><\/strong><\/p>\n<p><img loading=\"lazy\" class=\" wp-image-28946 aligncenter\" src=\"http:\/\/www.deanreed.de\/AmericanRebel\/2017\/wp-content\/uploads\/2021\/11\/Trauer-R.-Verleger-300x178.png\" alt=\"\" width=\"494\" height=\"293\" srcset=\"https:\/\/www.deanreed.de\/AmericanRebel\/2017\/wp-content\/uploads\/2021\/11\/Trauer-R.-Verleger-300x178.png 300w, https:\/\/www.deanreed.de\/AmericanRebel\/2017\/wp-content\/uploads\/2021\/11\/Trauer-R.-Verleger.png 640w\" sizes=\"(max-width: 494px) 100vw, 494px\" \/><\/p>\n<\/div>\n<div class=\"\" style=\"text-align: justify;\" data-block=\"true\" data-editor=\"ae6sv\" data-offset-key=\"a6kel-0-0\">\n<div class=\"public-DraftStyleDefault-block public-DraftStyleDefault-ltr\" data-offset-key=\"1v0kd-0-0\"><span style=\"font-family: verdana, geneva, sans-serif; font-size: 12pt;\">Ich traf Rolf das erste Mal im Dezember <span id=\"decorator-corrected-entity-id-27\" data-entity-key=\"27\" data-offset-key=\"a6kel-1-0\">2008 in<\/span> Kiel, bei einer Demonstration gegen den \u00dcberfall der israelischen Armee auf <span id=\"decorator-corrected-entity-id-35\" data-entity-key=\"35\" data-offset-key=\"a6kel-3-0\">Gaza, auf<\/span> der er eine Rede hielt. Eine Rotte <span id=\"decorator-ignored-entity-id-42\" data-entity-key=\"42\" data-offset-key=\"a6kel-5-0\">Antideutscher<\/span> hatte sich am Rande des Kundgebungsortes <span id=\"decorator-corrected-entity-id-52\" data-entity-key=\"52\" data-offset-key=\"a6kel-7-0\">positioniert<\/span> und p\u00f6belten ihre rassistischen Parolen gegen die \u00fcberwiegend aus Pal\u00e4stina stammenden Kundgebungsteilnehmerinnen. Alle Demonstranten straften die <span id=\"decorator-corrected-entity-id-48\" data-entity-key=\"48\" data-offset-key=\"a6kel-9-0\">Antideutschen, indem<\/span> sie sie nicht beachteten. <span id=\"decorator-corrected-entity-id-55\" data-entity-key=\"55\" data-offset-key=\"a6kel-11-0\">Doch<\/span> Rolf ging zu ihnen r\u00fcber, stellte sich vor ihnen und versuchte mit Ihnen zu reden. Vergeblich, <span id=\"decorator-ignored-entity-id-61\" data-entity-key=\"61\" data-offset-key=\"1v0kd-1-0\">keiner<\/span> der <span id=\"decorator-corrected-entity-id-65\" data-entity-key=\"65\" data-offset-key=\"1v0kd-3-0\">selbst ernannten<\/span> Israelsch\u00fctzer <span id=\"decorator-corrected-entity-id-68\" data-entity-key=\"68\" data-offset-key=\"1v0kd-5-0\">sprach<\/span> auch nur einen logischen zusammenh\u00e4ngenden Satz. Rolf kam zur\u00fcck und sagte zu mir: &#8222;Nicht nur das die Typen kein Wort israelisch sprechen, sie haben auch ihr Gehirn zu Hause gelassen&#8220;.<\/span><\/div>\n<\/div>\n<div class=\"\" style=\"text-align: justify;\" data-block=\"true\" data-editor=\"ae6sv\" data-offset-key=\"fodd7-0-0\">\n<div class=\"public-DraftStyleDefault-block public-DraftStyleDefault-ltr\" data-offset-key=\"fodd7-0-0\">\n<p><span style=\"font-family: verdana, geneva, sans-serif; font-size: 12pt;\" data-offset-key=\"fodd7-0-0\"><span style=\"color: #ffffff;\">&#8230;<\/span>Nach seiner Rede bekam ich sein Textblatt zur Ver\u00f6ffentlichung und es begann eine freundschaftliche Zusammenarbeit. Ich ver\u00f6ffentlichte \u00fcber die Jahre verschiedene Texte von Rolf und er beteiligte sich an Diskussionen \u00fcber dessen Inhalte.<br \/>\n<\/span><\/p>\n<p><span style=\"font-family: verdana, geneva, sans-serif; font-size: 12pt;\">Als Kind von \u00dcberlebenden der <a title=\"Holocaust\" href=\"https:\/\/de.wikipedia.org\/wiki\/Holocaust\">Shoa<\/a> wurde Rolf 1951 in Ravensburg geboren. Sein Vater kam ohne seine erste Frau Rosa und drei S\u00f6hne aus dem <a title=\"KZ Auschwitz-Birkenau\" href=\"https:\/\/de.wikipedia.org\/wiki\/KZ_Auschwitz-Birkenau\">KZ-Auschwitz<\/a> ins Vogtland zur\u00fcck. Seine Mutter war 1942 mit ihren Eltern aus Berlin nach Raasiku in Estland deportiert worden, von dort ins <a title=\"KZ J\u00e4gala\" href=\"https:\/\/de.wikipedia.org\/wiki\/KZ_J%C3%A4gala\">KZ J\u00e4gala<\/a> und danach ins <a title=\"KZ Stutthof\" href=\"https:\/\/de.wikipedia.org\/wiki\/KZ_Stutthof\">KZ Stutthof<\/a> verbracht worden. Sie kehrte als Waise 1945 nach Berlin zur\u00fcck, wo sie 1948 Ernst Verleger heiratete.<\/span><\/p>\n<\/div>\n<\/div>\n<p style=\"text-align: justify;\"><span style=\"color: #ffffff;\">&#8230;<\/span><span style=\"font-family: verdana, geneva, sans-serif; font-size: 12pt;\">Rolf Verleger wuchs in einem religi\u00f6sen j\u00fcdischen Haushalt in Ravensburg auf. Er wurde von seinem Vater, sp\u00e4ter durch einen Religionslehrer der J\u00fcdischen Gemeinde Stuttgart und durch Selbststudium in den j\u00fcdischen Traditionen unterwiesen. Er war verheiratet und hatte eine Tochter. Anl\u00e4sslich des Feierjahres 2021 von <i><a title=\"7PLACES\" href=\"https:\/\/de.wikipedia.org\/wiki\/7PLACES\">1700 Jahre J\u00fcdisches Leben in Deutschland<\/a><\/i> sagte Rolf gegen\u00fcber den L\u00fcbecker Nachrichten \u00fcber die Bedeutung der j\u00fcdischen Religion in seinem Leben: \u201eIch bin religi\u00f6s aufgewachsen, das ist meine Heimat. Auch wenn ich mich jetzt nicht mehr daran halte. Das ist so wie in einem Dorf. Wenn man dort aufgewachsen ist, kann man nicht immer bleiben, aber man kommt doch einmal im Jahr gerne zur\u00fcck.\u201c<br \/>\n<span style=\"color: #ffffff;\">&#8230;<\/span><\/span><span style=\"font-family: verdana, geneva, sans-serif; font-size: 12pt;\">Rolf verstarb nach schwerer Krankheit am 8. November, wenige Wochen vor Vollendung seines 70. Lebensjahres. Sein Tod ist ein gro\u00dfer Verlust f\u00fcr die linke, fortschrittliche Bewegung, f\u00fcr die Friedensbewegung und f\u00fcr die j\u00fcdisch-humanistischen Bewegung.<br \/>\n<span style=\"color: #ffffff;\">.<\/span><br \/>\n<em><strong>Einige Artikel von Rolf Verleger:<\/strong><\/em><br \/>\n<\/span><\/p>\n<ul>\n<li><span style=\"font-family: verdana, geneva, sans-serif; font-size: 10pt;\"><a href=\"https:\/\/rotermorgen.eu\/afroamerikaner-spueren-die-folgen-der-israelischen-sicherheitsexporte\/\" target=\"_blank\" rel=\"noopener\">Afroamerikaner sp\u00fcren die Folgen der israelischen Sicherheitsexporte<\/a><\/span><\/li>\n<li><span style=\"font-family: verdana, geneva, sans-serif; font-size: 10pt;\"><a href=\"https:\/\/rotermorgen.eu\/73-jahre-apartheidstaat-israel-und-kein-wechsel-aussicht\/#Rolf\" target=\"_blank\" rel=\"noopener\">Besetztes Land \u2013 Vor 100 Jahren versprach Gro\u00dfbritannien den Juden das Land der Pal\u00e4stinenser<\/a><\/span><\/li>\n<li><span style=\"font-family: verdana, geneva, sans-serif; font-size: 10pt;\"><a href=\"https:\/\/bibjetzt.wordpress.com\/2021\/11\/13\/bip-aktuell-195-massaker-von-kafr-qasim\/\" rel=\"bookmark\">Mas<span style=\"font-family: verdana, geneva, sans-serif;\">saker von Kafr Qasim<\/span><\/a><\/span><\/li>\n<li><span style=\"font-size: 10pt;\"><span style=\"font-family: verdana, geneva, sans-serif;\"><a href=\"https:\/\/bibjetzt.wordpress.com\/2020\/06\/20\/bip-aktuell-124-boykott-israels-ist-nicht-antisemitisch-und-kein-akt-von-diskriminierung\/\" rel=\"bookmark\">Boykott Israels ist nicht antisemitisch und kein Akt von Diskriminierung<\/a><\/span><span style=\"font-family: verdana, geneva, sans-serif;\"><br \/>\n<\/span><\/span><\/li>\n<li><span style=\"font-size: 10pt;\"><span style=\"font-family: verdana, geneva, sans-serif;\"><a href=\"https:\/\/bibjetzt.wordpress.com\/2020\/02\/26\/bip-aktuell-107-deutschland-freund-des-internationalen-strafgerichtshofs-und-feind-palaestinas\/\" rel=\"bookmark\">Deutschland: \u201eFreund\u201c des Internationalen Strafgerichtshofs und Feind Pal\u00e4stinas<\/a><\/span><span style=\"font-family: verdana, geneva, sans-serif;\"><br \/>\n<\/span><\/span><\/li>\n<li><span style=\"font-family: verdana, geneva, sans-serif; font-size: 12pt;\"><a href=\"https:\/\/bibjetzt.wordpress.com\/2019\/06\/30\/bip-aktuell-73-antisemitismus-fakten-statt-faken\/\" rel=\"bookmark\"><span style=\"font-size: 10pt;\">Antisemitismus: Fakten statt Faken<\/span><\/a><\/span><\/li>\n<\/ul>\n<p style=\"text-align: justify;\"><img loading=\"lazy\" class=\"alignleft size-medium wp-image-28945\" src=\"http:\/\/www.deanreed.de\/AmericanRebel\/2017\/wp-content\/uploads\/2021\/11\/ggg-198x300.jpg\" alt=\"\" width=\"198\" height=\"300\" srcset=\"https:\/\/www.deanreed.de\/AmericanRebel\/2017\/wp-content\/uploads\/2021\/11\/ggg-198x300.jpg 198w, https:\/\/www.deanreed.de\/AmericanRebel\/2017\/wp-content\/uploads\/2021\/11\/ggg.jpg 328w\" sizes=\"(max-width: 198px) 100vw, 198px\" \/><span style=\"font-family: verdana, geneva, sans-serif;\">\u00bbDas Judentum, meine Heimat, ist in die H\u00e4nde von Leuten gefallen, denen Volk und Nation h\u00f6here Werte sind als Gerechtigkeit und N\u00e4chstenliebe.\u00ab Mit seinem Buch m\u00f6chte Rolf Verleger einen Beitrag dazu leisten, dass sich dies \u00e4ndert. Er beschreibt seine j\u00fcdischen Wurzeln als pers\u00f6nlichen Hintergrund und umrei\u00dft die Geschichte des Zionismus. Sodann diskutiert er die Frage, was es heute angesichts der schwindenden Bedeutung von Religiosit\u00e4t hei\u00dft, Jude zu sein. Problematische Ersatzidentit\u00e4ten sieht er im Nationalismus und im blo\u00dfen Anti- Antisemitismus. Als Alternative stellt er die von ihm initiierte Aktion \u00bbSchalom 5767\u00ab vor, mit der die Bundesregierung zum Umdenken in der Pal\u00e4stinafrage aufgefordert wurde. Er setzt sich mit dem Vorwurf auseinander, Kritik an Israel habe von vornherein und unbesehen als \u00bbantisemitisch\u00ab zu gelten, und dokumentiert abschlie\u00dfend einige Auseinandersetzungen, die er \u00fcber diese Fragen zu f\u00fchren hatte.<br \/>\n<\/span><span style=\"font-size: 12pt; font-family: verdana, geneva, sans-serif;\"><span style=\"font-size: 10pt;\"><strong>Rolf Verleger:<\/strong> Israels Irrweg, 3., erweiterte und verbesserte Auflage m<\/span><span style=\"font-size: 10pt;\">it drei Kapiteln zum Krieg gegen Gaza, 14,90 \u20ac, ISBN 978-3-89438-394-7 <span style=\"font-family: terminal, monaco, monospace;\"><a href=\"https:\/\/shop.papyrossa.de\/epages\/26606d05-ee0e-4961-b7af-7c5ca222edb7.sf\/de_DE\/?ObjectPath=\/Shops\/26606d05-ee0e-4961-b7af-7c5ca222edb7\/Products\/394-7\" target=\"_blank\" rel=\"noopener\">BESTELLUNG<\/a><br \/>\n<span style=\"color: #ffffff;\">.<\/span>\u00a0<\/span><\/span><\/span><\/p>\n<p style=\"text-align: justify;\"><span style=\"font-family: verdana, geneva, sans-serif; font-size: 10pt;\">Erstver\u00f6ffentlichung am 23. Npovember 2021 auf \u00bb<a href=\"https:\/\/rotermorgen.eu\/\" target=\"_blank\" rel=\"noopener\">RoterMorgen<\/a>\u00ab. Ver\u00f6ffentlichung mit freundlicher Genehmigung des Herausgebers. Bilder und Bilduntertexte wurden ganz oder zum Teil von der Redaktion \u00bb<a href=\"https:\/\/rotermorgen.eu\/\" target=\"_blank\" rel=\"noopener\">RoterMorgen<\/a>\u00ab hinzugef\u00fcgt.<\/span><\/p>\n<p style=\"text-align: justify;\"><span style=\"color: #ffffff;\">.<\/span><\/p>\n<p><a href=\"https:\/\/www.paypal.com\/de\/home\" target=\"_blank\" rel=\"noopener\"><img loading=\"lazy\" class=\"wp-image-26501 aligncenter\" src=\"http:\/\/www.deanreed.de\/AmericanRebel\/2017\/wp-content\/uploads\/2037\/12\/1-300x72.png\" alt=\"\" width=\"661\" height=\"159\" srcset=\"https:\/\/www.deanreed.de\/AmericanRebel\/2017\/wp-content\/uploads\/2037\/12\/1-300x72.png 300w, https:\/\/www.deanreed.de\/AmericanRebel\/2017\/wp-content\/uploads\/2037\/12\/1-1024x245.png 1024w, https:\/\/www.deanreed.de\/AmericanRebel\/2017\/wp-content\/uploads\/2037\/12\/1-768x184.png 768w, https:\/\/www.deanreed.de\/AmericanRebel\/2017\/wp-content\/uploads\/2037\/12\/1-1536x367.png 1536w, https:\/\/www.deanreed.de\/AmericanRebel\/2017\/wp-content\/uploads\/2037\/12\/1-2048x489.png 2048w\" sizes=\"(max-width: 661px) 100vw, 661px\" \/><\/a><\/p>\n<blockquote>\n<div style=\"margin-left: 10px;\"><a title=\"zur Startseite\" href=\"http:\/\/www.americanrebel.de\/\"><img loading=\"lazy\" class=\"alignleft\" src=\"http:\/\/www.deanreed.de\/AmericanRebel\/2017\/wp-content\/uploads\/2017\/03\/back_ar.png\" alt=\"zur\u00fcck zur Startseite\" width=\"156\" height=\"15\" \/><\/a><\/div>\n<div style=\"margin-right: 10px;\"><a href=\"https:\/\/www.facebook.com\/groups\/1683837971860223\/permalink\/1987214344855916\/\" target=\"_blank\" rel=\"noopener noreferrer\"><img loading=\"lazy\" class=\"alignright\" src=\"http:\/\/www.deanreed.de\/AmericanRebel\/2017\/wp-content\/uploads\/2017\/03\/ar_zu_fb.png\" alt=\"hier geht es zur Facebook Diskussionsgruppe\" width=\"353\" height=\"15\" \/><\/a><\/div>\n<p style=\"text-align: center;\"><a href=\"#respond\" target=\"_blank\" rel=\"noopener noreferrer\"><img loading=\"lazy\" class=\"aligncenter\" src=\"http:\/\/www.deanreed.de\/AmericanRebel\/2017\/wp-content\/uploads\/2017\/03\/ar_kommentar-1.png\" alt=\"Sag uns deine Meinung zum Artikel mit einem Kommentar\/Leserbrief\" width=\"627\" height=\"20\" \/><\/a><\/p>\n<\/blockquote>\n","protected":false},"excerpt":{"rendered":"<p>Fiete Jensen, Redaktion RoterMorgen \u2013 29. November 2021 Wir trauern um Rolf Verleger Mit Rolf Verleger verlieren eine wichtige j\u00fcdische Stimme des Humanismus und des Engagements f\u00fcr den Frieden. Wir sind tief best\u00fcrzt und traurig. Wir werden die Arbeit Rolfs [&hellip;]<a class=\"more-link\" href=\"https:\/\/www.deanreed.de\/AmericanRebel\/2017\/2021\/11\/29\/wir-trauern-um-rolf-verleger\/\">&darr; Lese den Rest von diesem Eintrag&#8230;<\/a><\/p>\n","protected":false},"author":2,"featured_media":0,"comment_status":"open","ping_status":"open","sticky":false,"template":"","format":"standard","meta":[],"categories":[4839],"tags":[748,5450,3220,2149,5451,4791,5452,2225,5453,1329,5454,5455],"yoast_head":"<!-- This site is optimized with the Yoast SEO plugin v17.5 - https:\/\/yoast.com\/wordpress\/plugins\/seo\/ -->\n<title>- Wir trauern um Rolf Verleger &ndash; Onlinezeitung AmericanRebel<\/title>\n<meta name=\"robots\" content=\"index, follow, max-snippet:-1, max-image-preview:large, max-video-preview:-1\" \/>\n<link rel=\"canonical\" href=\"https:\/\/www.deanreed.de\/AmericanRebel\/2017\/2021\/11\/29\/wir-trauern-um-rolf-verleger\/\" \/>\n<meta property=\"og:locale\" content=\"de_DE\" \/>\n<meta property=\"og:type\" content=\"article\" \/>\n<meta property=\"og:title\" content=\"- Wir trauern um Rolf Verleger &ndash; Onlinezeitung AmericanRebel\" \/>\n<meta property=\"og:description\" content=\"Mit Rolf Verleger verlieren eine wichtige j\u00fcdische Stimme des Humanismus und des Engagements f\u00fcr den Frieden. Wir sind tief best\u00fcrzt und traurig. Wir werden die Arbeit Rolfs f\u00fcr Frieden und Gerechtigkeit w\u00fcrdigen und weiterverbreiten.\" \/>\n<meta property=\"og:url\" content=\"https:\/\/www.deanreed.de\/AmericanRebel\/2017\/2021\/11\/29\/wir-trauern-um-rolf-verleger\/\" \/>\n<meta property=\"og:site_name\" content=\"Onlinezeitung AmericanRebel\" \/>\n<meta property=\"article:published_time\" content=\"2021-11-29T09:38:53+00:00\" \/>\n<meta property=\"article:modified_time\" content=\"2021-11-28T03:52:55+00:00\" \/>\n<meta property=\"og:image\" content=\"http:\/\/www.deanreed.de\/AmericanRebel\/2017\/wp-content\/uploads\/2021\/11\/Trauer-R.-Verleger.png\" \/>\n\t<meta property=\"og:image:width\" content=\"640\" \/>\n\t<meta property=\"og:image:height\" content=\"380\" \/>\n<meta name=\"twitter:card\" content=\"summary_large_image\" \/>\n<meta name=\"twitter:description\" content=\"Mit Rolf Verleger verlieren eine wichtige j\u00fcdische Stimme des Humanismus und des Engagements f\u00fcr den Frieden. Wir sind tief best\u00fcrzt und traurig. Wir werden die Arbeit Rolfs f\u00fcr Frieden und Gerechtigkeit w\u00fcrdigen und weiterverbreiten.\" \/>\n<meta name=\"twitter:image\" content=\"https:\/\/www.deanreed.de\/AmericanRebel\/2017\/wp-content\/uploads\/2021\/11\/Trauer-R.-Verleger.png\" \/>\n<meta name=\"twitter:label1\" content=\"Verfasst von\" \/>\n\t<meta name=\"twitter:data1\" content=\"Redaktion\" \/>\n\t<meta name=\"twitter:label2\" content=\"Gesch\u00e4tzte Lesezeit\" \/>\n\t<meta name=\"twitter:data2\" content=\"4\u00a0Minuten\" \/>\n<script type=\"application\/ld+json\" class=\"yoast-schema-graph\">{\"@context\":\"https:\/\/schema.org\",\"@graph\":[{\"@type\":\"WebSite\",\"@id\":\"https:\/\/www.deanreed.de\/AmericanRebel\/2017\/#website\",\"url\":\"https:\/\/www.deanreed.de\/AmericanRebel\/2017\/\",\"name\":\"Onlinezeitung AmericanRebel\",\"description\":\"Internationale Onlinezeitung f\\u00fcr Frieden, Humanismus, V\\u00f6lkerverst\\u00e4ndigung und Kultur\",\"potentialAction\":[{\"@type\":\"SearchAction\",\"target\":{\"@type\":\"EntryPoint\",\"urlTemplate\":\"https:\/\/www.deanreed.de\/AmericanRebel\/2017\/?s={search_term_string}\"},\"query-input\":\"required name=search_term_string\"}],\"inLanguage\":\"de\"},{\"@type\":\"ImageObject\",\"@id\":\"https:\/\/www.deanreed.de\/AmericanRebel\/2017\/2021\/11\/29\/wir-trauern-um-rolf-verleger\/#primaryimage\",\"inLanguage\":\"de\",\"url\":\"https:\/\/www.deanreed.de\/AmericanRebel\/2017\/wp-content\/uploads\/2021\/11\/Trauer-R.-Verleger.png\",\"contentUrl\":\"https:\/\/www.deanreed.de\/AmericanRebel\/2017\/wp-content\/uploads\/2021\/11\/Trauer-R.-Verleger.png\",\"width\":640,\"height\":380},{\"@type\":\"WebPage\",\"@id\":\"https:\/\/www.deanreed.de\/AmericanRebel\/2017\/2021\/11\/29\/wir-trauern-um-rolf-verleger\/#webpage\",\"url\":\"https:\/\/www.deanreed.de\/AmericanRebel\/2017\/2021\/11\/29\/wir-trauern-um-rolf-verleger\/\",\"name\":\"- Wir trauern um Rolf Verleger &ndash; Onlinezeitung AmericanRebel\",\"isPartOf\":{\"@id\":\"https:\/\/www.deanreed.de\/AmericanRebel\/2017\/#website\"},\"primaryImageOfPage\":{\"@id\":\"https:\/\/www.deanreed.de\/AmericanRebel\/2017\/2021\/11\/29\/wir-trauern-um-rolf-verleger\/#primaryimage\"},\"datePublished\":\"2021-11-29T09:38:53+00:00\",\"dateModified\":\"2021-11-28T03:52:55+00:00\",\"author\":{\"@id\":\"https:\/\/www.deanreed.de\/AmericanRebel\/2017\/#\/schema\/person\/9edfca7917cd10b75edaae51c6e7935a\"},\"breadcrumb\":{\"@id\":\"https:\/\/www.deanreed.de\/AmericanRebel\/2017\/2021\/11\/29\/wir-trauern-um-rolf-verleger\/#breadcrumb\"},\"inLanguage\":\"de\",\"potentialAction\":[{\"@type\":\"ReadAction\",\"target\":[\"https:\/\/www.deanreed.de\/AmericanRebel\/2017\/2021\/11\/29\/wir-trauern-um-rolf-verleger\/\"]}]},{\"@type\":\"BreadcrumbList\",\"@id\":\"https:\/\/www.deanreed.de\/AmericanRebel\/2017\/2021\/11\/29\/wir-trauern-um-rolf-verleger\/#breadcrumb\",\"itemListElement\":[{\"@type\":\"ListItem\",\"position\":1,\"name\":\"Startseite\",\"item\":\"https:\/\/www.deanreed.de\/AmericanRebel\/2017\/\"},{\"@type\":\"ListItem\",\"position\":2,\"name\":\"&#8211; Wir trauern um Rolf Verleger\"}]},{\"@type\":\"Person\",\"@id\":\"https:\/\/www.deanreed.de\/AmericanRebel\/2017\/#\/schema\/person\/9edfca7917cd10b75edaae51c6e7935a\",\"name\":\"Redaktion\",\"url\":\"https:\/\/www.deanreed.de\/AmericanRebel\/2017\/author\/redaktion\/\"}]}<\/script>\n<!-- \/ Yoast SEO plugin. -->","yoast_head_json":{"title":"- Wir trauern um Rolf Verleger &ndash; Onlinezeitung AmericanRebel","robots":{"index":"index","follow":"follow","max-snippet":"max-snippet:-1","max-image-preview":"max-image-preview:large","max-video-preview":"max-video-preview:-1"},"canonical":"https:\/\/www.deanreed.de\/AmericanRebel\/2017\/2021\/11\/29\/wir-trauern-um-rolf-verleger\/","og_locale":"de_DE","og_type":"article","og_title":"- Wir trauern um Rolf Verleger &ndash; Onlinezeitung AmericanRebel","og_description":"Mit Rolf Verleger verlieren eine wichtige j\u00fcdische Stimme des Humanismus und des Engagements f\u00fcr den Frieden. Wir sind tief best\u00fcrzt und traurig. Wir werden die Arbeit Rolfs f\u00fcr Frieden und Gerechtigkeit w\u00fcrdigen und weiterverbreiten.","og_url":"https:\/\/www.deanreed.de\/AmericanRebel\/2017\/2021\/11\/29\/wir-trauern-um-rolf-verleger\/","og_site_name":"Onlinezeitung AmericanRebel","article_published_time":"2021-11-29T09:38:53+00:00","article_modified_time":"2021-11-28T03:52:55+00:00","og_image":[{"width":640,"height":380,"url":"http:\/\/www.deanreed.de\/AmericanRebel\/2017\/wp-content\/uploads\/2021\/11\/Trauer-R.-Verleger.png","type":"image\/png"}],"twitter_card":"summary_large_image","twitter_description":"Mit Rolf Verleger verlieren eine wichtige j\u00fcdische Stimme des Humanismus und des Engagements f\u00fcr den Frieden. Wir sind tief best\u00fcrzt und traurig. Wir werden die Arbeit Rolfs f\u00fcr Frieden und Gerechtigkeit w\u00fcrdigen und weiterverbreiten.","twitter_image":"https:\/\/www.deanreed.de\/AmericanRebel\/2017\/wp-content\/uploads\/2021\/11\/Trauer-R.-Verleger.png","twitter_misc":{"Verfasst von":"Redaktion","Gesch\u00e4tzte Lesezeit":"4\u00a0Minuten"},"schema":{"@context":"https:\/\/schema.org","@graph":[{"@type":"WebSite","@id":"https:\/\/www.deanreed.de\/AmericanRebel\/2017\/#website","url":"https:\/\/www.deanreed.de\/AmericanRebel\/2017\/","name":"Onlinezeitung AmericanRebel","description":"Internationale Onlinezeitung f\u00fcr Frieden, Humanismus, V\u00f6lkerverst\u00e4ndigung und Kultur","potentialAction":[{"@type":"SearchAction","target":{"@type":"EntryPoint","urlTemplate":"https:\/\/www.deanreed.de\/AmericanRebel\/2017\/?s={search_term_string}"},"query-input":"required name=search_term_string"}],"inLanguage":"de"},{"@type":"ImageObject","@id":"https:\/\/www.deanreed.de\/AmericanRebel\/2017\/2021\/11\/29\/wir-trauern-um-rolf-verleger\/#primaryimage","inLanguage":"de","url":"https:\/\/www.deanreed.de\/AmericanRebel\/2017\/wp-content\/uploads\/2021\/11\/Trauer-R.-Verleger.png","contentUrl":"https:\/\/www.deanreed.de\/AmericanRebel\/2017\/wp-content\/uploads\/2021\/11\/Trauer-R.-Verleger.png","width":640,"height":380},{"@type":"WebPage","@id":"https:\/\/www.deanreed.de\/AmericanRebel\/2017\/2021\/11\/29\/wir-trauern-um-rolf-verleger\/#webpage","url":"https:\/\/www.deanreed.de\/AmericanRebel\/2017\/2021\/11\/29\/wir-trauern-um-rolf-verleger\/","name":"- Wir trauern um Rolf Verleger &ndash; Onlinezeitung AmericanRebel","isPartOf":{"@id":"https:\/\/www.deanreed.de\/AmericanRebel\/2017\/#website"},"primaryImageOfPage":{"@id":"https:\/\/www.deanreed.de\/AmericanRebel\/2017\/2021\/11\/29\/wir-trauern-um-rolf-verleger\/#primaryimage"},"datePublished":"2021-11-29T09:38:53+00:00","dateModified":"2021-11-28T03:52:55+00:00","author":{"@id":"https:\/\/www.deanreed.de\/AmericanRebel\/2017\/#\/schema\/person\/9edfca7917cd10b75edaae51c6e7935a"},"breadcrumb":{"@id":"https:\/\/www.deanreed.de\/AmericanRebel\/2017\/2021\/11\/29\/wir-trauern-um-rolf-verleger\/#breadcrumb"},"inLanguage":"de","potentialAction":[{"@type":"ReadAction","target":["https:\/\/www.deanreed.de\/AmericanRebel\/2017\/2021\/11\/29\/wir-trauern-um-rolf-verleger\/"]}]},{"@type":"BreadcrumbList","@id":"https:\/\/www.deanreed.de\/AmericanRebel\/2017\/2021\/11\/29\/wir-trauern-um-rolf-verleger\/#breadcrumb","itemListElement":[{"@type":"ListItem","position":1,"name":"Startseite","item":"https:\/\/www.deanreed.de\/AmericanRebel\/2017\/"},{"@type":"ListItem","position":2,"name":"&#8211; Wir trauern um Rolf Verleger"}]},{"@type":"Person","@id":"https:\/\/www.deanreed.de\/AmericanRebel\/2017\/#\/schema\/person\/9edfca7917cd10b75edaae51c6e7935a","name":"Redaktion","url":"https:\/\/www.deanreed.de\/AmericanRebel\/2017\/author\/redaktion\/"}]}},"_links":{"self":[{"href":"https:\/\/www.deanreed.de\/AmericanRebel\/2017\/wp-json\/wp\/v2\/posts\/28940"}],"collection":[{"href":"https:\/\/www.deanreed.de\/AmericanRebel\/2017\/wp-json\/wp\/v2\/posts"}],"about":[{"href":"https:\/\/www.deanreed.de\/AmericanRebel\/2017\/wp-json\/wp\/v2\/types\/post"}],"author":[{"embeddable":true,"href":"https:\/\/www.deanreed.de\/AmericanRebel\/2017\/wp-json\/wp\/v2\/users\/2"}],"replies":[{"embeddable":true,"href":"https:\/\/www.deanreed.de\/AmericanRebel\/2017\/wp-json\/wp\/v2\/comments?post=28940"}],"version-history":[{"count":9,"href":"https:\/\/www.deanreed.de\/AmericanRebel\/2017\/wp-json\/wp\/v2\/posts\/28940\/revisions"}],"predecessor-version":[{"id":28952,"href":"https:\/\/www.deanreed.de\/AmericanRebel\/2017\/wp-json\/wp\/v2\/posts\/28940\/revisions\/28952"}],"wp:attachment":[{"href":"https:\/\/www.deanreed.de\/AmericanRebel\/2017\/wp-json\/wp\/v2\/media?parent=28940"}],"wp:term":[{"taxonomy":"category","embeddable":true,"href":"https:\/\/www.deanreed.de\/AmericanRebel\/2017\/wp-json\/wp\/v2\/categories?post=28940"},{"taxonomy":"post_tag","embeddable":true,"href":"https:\/\/www.deanreed.de\/AmericanRebel\/2017\/wp-json\/wp\/v2\/tags?post=28940"}],"curies":[{"name":"wp","href":"https:\/\/api.w.org\/{rel}","templated":true}]}}