{"id":28846,"date":"2021-11-19T15:37:08","date_gmt":"2021-11-19T14:37:08","guid":{"rendered":"http:\/\/www.deanreed.de\/AmericanRebel\/2017\/?p=28846"},"modified":"2021-11-21T16:04:03","modified_gmt":"2021-11-21T15:04:03","slug":"feuer-aus-den-kesseln","status":"publish","type":"post","link":"https:\/\/www.deanreed.de\/AmericanRebel\/2017\/2021\/11\/19\/feuer-aus-den-kesseln\/","title":{"rendered":"&#8211; \u00bbFeuer aus den Kesseln!\u00ab"},"content":{"rendered":"<blockquote><p><em><span style=\"color: #000000; font-family: verdana, geneva, sans-serif;\">Redaktion RoterMorgen \u2013 19. November 2021<\/span><\/em><\/p><\/blockquote>\n<p style=\"text-align: justify;\"><span style=\"font-family: verdana, geneva, sans-serif; font-size: 16pt;\"><strong><span style=\"color: #993300;\">\u00bbFeuer aus den Kesseln!\u00ab<\/span><\/strong><\/span><\/p>\n<p style=\"text-align: left;\"><span style=\"font-family: verdana, geneva, sans-serif; font-size: 12pt;\"><strong><span style=\"color: #993300; font-size: 14pt;\">Der Kieler Matrosenaufstand, die Novemberrevolution 1918,<br \/>\ndie Schande der SPD und die Lehren daraus<\/span><\/strong><\/span><\/p>\n<p style=\"text-align: justify;\"><span style=\"font-family: verdana, geneva, sans-serif; font-size: 12pt;\"><strong>Mit dem Ruf \u00bbFeuer aus den Kesseln\u00ab leuteten die Roten Matrosen von Kiel vor nun 103 Jahren die Novemberrevolution ein. Es g\u00e4rte ein ganz Deutschland. Soldaten verweigerten den Dienst und wendeten sich gegen ihre Offiziere, Arbeiter streikten zu hunderttausenden, Frauen gingen gegen den Hunger auf die Stra\u00dfe.<\/strong><\/span><\/p>\n<p style=\"text-align: justify;\"><span style=\"font-family: verdana, geneva, sans-serif; font-size: 12pt;\">Vier Jahre lang hatten der Kaiser die Industriellen uns mit dem von ihnen angezettelten Weltkrieg ins Elend gest\u00fcrzt. Weltweit wurden 18 Millionen Soldaten und Zivilisten dieses brutalen Krieges zwischen den verschiedenen imperialistischen M\u00e4chten get\u00f6tet.<\/span><\/p>\n<p style=\"text-align: justify;\"><span style=\"font-family: verdana, geneva, sans-serif; font-size: 12pt;\">Die Menschen hatten die Nase voll von Tod, Hunger, Elend. Sie hatten die Nase voll vom kapitalistischen System, dass sie unter nationalistischen Parolen in diesen Krieg gehetzt hatte.<\/span><\/p>\n<p style=\"text-align: justify;\"><span style=\"font-family: verdana, geneva, sans-serif; font-size: 12pt;\">Obwohl in der internationalen Arbeiterbewegung vereinbart war, im Falle eines Krieges gegen die Regierungen und den Krieg zu mobilisieren, brach die SPD-F\u00fchrung diese Abmachung und stimmte zuvor den Kriegskrediten zu. Sie erhielt daf\u00fcr begehrte Posten und arbeiteten in der kaiserlichen Regierungs- und Kriegsmaschinerie mit. Kriegsgegner wie Rosa Luxemburg und Karl Liebknecht lie\u00df die SPD-F\u00fchrung in Zusammenarbeit mit der kaiserlichen Regierung inhaftieren.<\/span><\/p>\n<p style=\"text-align: justify;\"><span style=\"font-family: verdana, geneva, sans-serif; font-size: 12pt;\">Als am 3. November in Kiel die Revolution ausbrach und am 9. November in Berlin eine sozialistische Republik ausgerufen wurde, erkl\u00e4rte SPD-F\u00fchrer Friedrich Ebert: \u201eIch aber will sie nicht, ja, ich hasse sie wie die S\u00fcnde.\u201c Offiziell trat er als \u201eRevolution\u00e4r\u201c auf, im Geheimen schmiedete er ein B\u00fcndnis mit den reaktion\u00e4rsten Kr\u00e4ften des Milit\u00e4rs und des Kapitals zur blutigen Niederschlagung der Revolution.<\/span><\/p>\n<p style=\"text-align: justify;\"><span style=\"font-family: verdana, geneva, sans-serif; font-size: 12pt;\"><img loading=\"lazy\" class=\"alignleft wp-image-28852\" src=\"http:\/\/www.deanreed.de\/AmericanRebel\/2017\/wp-content\/uploads\/2021\/11\/r5t-761x1024-1-223x300-1.jpg\" alt=\"\" width=\"169\" height=\"227\" \/>In Deutschland fehlte eine klare, bewusste und erfahrene Kommunistische Partei, die diesem Verrat entgegentreten konnte. Auf Betreiben von Karl Liebknecht, Rosa Luxemburg und anderen wurde am 30. Dezember 1918die Kommunistische Partei Deutschlands (KP) gegr\u00fcndet.<\/span><\/p>\n<p style=\"text-align: justify;\"><span style=\"font-family: verdana, geneva, sans-serif; font-size: 12pt;\">Kurz darauf tauchten in Berlin Plakate auf: \u201eSchlagt Liebknecht tot!\u201c. Die SPD-F\u00fchrung beauftragte das Milit\u00e4r und bezahlte reaktion\u00e4re Trupps, die Genossen\/innen Liebknecht und Luxemburg \u201eunsch\u00e4dlich\u201c zu machen. Am 15. Januar wurden die beiden Kriegsgegner und gro\u00dfen Revolution\u00e4re ermordet.<\/span><\/p>\n<p style=\"text-align: justify;\"><span style=\"font-family: verdana, geneva, sans-serif; font-size: 12pt;\">Im Kampf gegen die Revolution gingen die SPD-F\u00fchrer so weit, dass sie Berlin zum ersten Mal aus der Luft bombardieren lie\u00dfen. Arbeiterviertel waren das Ziel der Bomben. Der \u201eVolksbeauftragte\u201c f\u00fcr das Milit\u00e4r, Gustav Noske, SPD: \u201eMeinetwegen, einer muss der Bluthund werden. Ich scheue die Verantwortung nicht.\u201c <div class=\"hide-this-part-wrap\"><div class=\"hide-this-part-more\" id=\"hide-this-part-0\" morelink-text=\"hier geht es weiter\">hier geht es weiter \u00bb<\/div><div class=\"hide-this-part\" status=\"invisible\"><\/span><\/p>\n<p style=\"text-align: justify;\"><span style=\"font-family: verdana, geneva, sans-serif; font-size: 12pt;\">So wurde die Hoffnung auf ein Deutschland ohne Krieg und Kapitalismus im Blut erstickt.<\/span><\/p>\n<div id=\"attachment_28855\" style=\"width: 638px\" class=\"wp-caption aligncenter\"><img aria-describedby=\"caption-attachment-28855\" loading=\"lazy\" class=\" wp-image-28855\" src=\"http:\/\/www.deanreed.de\/AmericanRebel\/2017\/wp-content\/uploads\/2021\/11\/rr5.jpg\" alt=\"\" width=\"628\" height=\"387\" \/><p id=\"caption-attachment-28855\" class=\"wp-caption-text\">November 1918: Die Belegschaft der U-Boot-Abnahmekommission in Kiel auf dem Wohnschiff SMS Amazone schloss sich schnell den aufst\u00e4ndischen Matrosen an<\/p><\/div>\n<p style=\"text-align: justify;\"><span style=\"font-family: verdana, geneva, sans-serif; font-size: 12pt;\">Heute leben wir in einer Zeit der Aufr\u00fcstung und zunehmender Spannungen zwischen den imperialistischen Gro\u00dfm\u00e4chten. Auch die deutsche Regierung plant eine massive Aufr\u00fcstung. Alles l\u00e4uft Richtung Kriegsgefahr. Zugleich haben wir in einem der reichsten Industriel\u00e4nder der Erde Billigl\u00f6hne, Sozialabbau, Bildungsmisere, Rassismus und Hass, Niedrigstrenten und Pflegenotstand.<br \/>\n<\/span><br \/>\n<span style=\"font-family: verdana, geneva, sans-serif; font-size: 12pt;\">Was k\u00f6nnen wir in dieser Situation aus den Ereignissen der Novemberrevolution lernen? Was k\u00f6nnen wir heute gegen Kriegsgefahr, Sozialabbau, Verelendung tun?<\/span><\/p>\n<div class=\"\" data-block=\"true\" data-editor=\"befoj\" data-offset-key=\"8f0hc-0-0\">\n<div class=\"public-DraftStyleDefault-block public-DraftStyleDefault-ltr\" style=\"text-align: justify;\" data-offset-key=\"bvjdb-0-0\"><strong><span style=\"font-family: verdana, geneva, sans-serif; font-size: 12pt;\">Zur Geschichte der Novemberrevolution und die Lehren der Arbeiterklasse aus der Niederlage haben Genossen der heutigen Gruppe \u00bb<span id=\"decorator-ignored-entity-id-29\" data-entity-key=\"29\" data-offset-key=\"8f0hc-1-0\">RotePuplisher<\/span>\u00ab schon 2018 eine Zusammenstellung von Artikeln ver\u00f6ffentlicht, die wir heute noch einmal <span id=\"decorator-corrected-entity-id-37\" data-entity-key=\"37\" data-offset-key=\"8f0hc-3-0\">erg\u00e4nzt<\/span> und an dieser Stelle neu verlinkt haben.<br \/>\n<\/span><\/strong><span style=\"font-family: verdana, geneva, sans-serif; font-size: 6pt; color: #ffffff;\">.<\/span><strong><span style=\"font-family: verdana, geneva, sans-serif; font-size: 12pt;\"><br \/>\n<\/span><\/strong><\/div>\n<div class=\"public-DraftStyleDefault-block public-DraftStyleDefault-ltr\" style=\"text-align: justify;\" data-offset-key=\"bvjdb-0-0\"><strong><span style=\"font-family: verdana, geneva, sans-serif; font-size: 12pt;\">Bitte nutzt diese einmalige Betrachtungen und Analyse aus dem <span id=\"decorator-corrected-entity-id-44\" data-entity-key=\"44\" data-offset-key=\"bvjdb-1-0\">Bildwinkel<\/span> der <span id=\"decorator-corrected-entity-id-74\" data-entity-key=\"74\" data-offset-key=\"bvjdb-3-0\">Arbeiterklasse, um<\/span> euch zu informieren es reicht <span id=\"decorator-corrected-entity-id-55\" data-entity-key=\"55\" data-offset-key=\"bvjdb-5-0\">nicht, <\/span><span id=\"decorator-corrected-entity-id-66\" data-entity-key=\"66\" data-offset-key=\"bvjdb-6-0\">dass<\/span> wir <span id=\"decorator-corrected-entity-id-61\" data-entity-key=\"61\" data-offset-key=\"bvjdb-8-0\">Bescheid<\/span> wissen \u2013 wir m\u00fcssen sehr gut <span id=\"decorator-corrected-entity-id-80\" data-entity-key=\"80\" data-offset-key=\"bvjdb-10-0\">Bescheid<\/span> wissen, um nicht noch einmal eine <span id=\"decorator-corrected-entity-id-83\" data-entity-key=\"83\" data-offset-key=\"bvjdb-12-0\">revolution\u00e4re<\/span> Niederlage erleiden zu m\u00fcssen im Kampf f\u00fcr ein unabh\u00e4ngiges und sozialistisches Deutschland.<\/span><\/strong><\/div>\n<\/div>\n<p><strong><span style=\"color: #ffffff;\">.<\/span><br \/>\n<span style=\"font-family: verdana, geneva, sans-serif; font-size: 14pt;\">Inhalt<\/span><\/strong><\/p>\n<table border=\"1\" width=\"666\" cellpadding=\"5\">\n<tbody>\n<tr>\n<td><em><strong>Autor<\/strong><\/em><\/td>\n<td><em><strong>Titel<\/strong><\/em><\/td>\n<\/tr>\n<tr>\n<td><span style=\"font-size: 10pt; font-family: georgia, palatino, serif;\"><strong>Diethard M\u00f6ller<\/strong><\/span><\/td>\n<td>\n<h4><span style=\"font-size: 12pt; font-family: georgia, palatino, serif;\"><a href=\"http:\/\/www.deanreed.de\/AmericanRebel\/2017\/?p=14906#Teil1\" target=\"_blank\" rel=\"noopener\"><strong>Auf dem Weg zur Novemberrevolution 1918<\/strong><\/a><\/span><\/h4>\n<\/td>\n<\/tr>\n<tr>\n<td><span style=\"font-size: 10pt; font-family: georgia, palatino, serif;\"><strong>Diethard M\u00f6ller<\/strong><\/span><\/td>\n<td>\n<h4><span style=\"font-size: 12pt; font-family: georgia, palatino, serif;\"><a href=\"http:\/\/www.deanreed.de\/AmericanRebel\/2017\/?p=14906#Teil2\" target=\"_blank\" rel=\"noopener\"><strong>Schluss mit dem Krieg! Alle Macht den Arbeiter- und Soldatenr\u00e4ten<\/strong><\/a><\/span><\/h4>\n<\/td>\n<\/tr>\n<tr>\n<td><span style=\"font-size: 10pt; font-family: georgia, palatino, serif;\"><strong>Diethard M\u00f6ller<\/strong><\/span><\/td>\n<td>\n<h4><span style=\"font-size: 12pt; font-family: georgia, palatino, serif;\"><a href=\"http:\/\/www.deanreed.de\/AmericanRebel\/2017\/?p=14906#Teil3\" target=\"_blank\" rel=\"noopener\"><strong>Der Kampf um die Macht<\/strong><\/a><\/span><\/h4>\n<\/td>\n<\/tr>\n<tr>\n<td><span style=\"font-size: 10pt; font-family: georgia, palatino, serif;\"><strong>Diethard M\u00f6ller<\/strong><\/span><\/td>\n<td>\n<h4><span style=\"font-size: 12pt; font-family: georgia, palatino, serif;\"><a href=\"http:\/\/www.deanreed.de\/AmericanRebel\/2017\/?p=14906#Schwankungen\" target=\"_blank\" rel=\"noopener\"><strong>Schwankungen und Z\u00f6gern<\/strong><\/a><\/span><\/h4>\n<\/td>\n<\/tr>\n<tr>\n<td><span style=\"font-size: 10pt; font-family: georgia, palatino, serif;\"><strong>Fritz Theisen<\/strong><\/span><\/td>\n<td><span style=\"font-size: 12pt;\"><strong><span style=\"font-family: georgia, palatino, serif;\"><a href=\"http:\/\/www.deanreed.de\/AmericanRebel\/2017\/?p=14906#100\" target=\"_blank\" rel=\"noopener\">100 Jahre Frauenwahlrecht \u2013 Ein bleibender Erfolg der Novemberrevolution!<\/a><\/span><\/strong><\/span><\/td>\n<\/tr>\n<tr>\n<td>\n<h4><span style=\"font-size: 10pt; font-family: georgia, palatino, serif;\"><strong>Diethard M\u00f6ller<\/strong><\/span><\/h4>\n<\/td>\n<td>\n<h4><span style=\"font-size: 12pt; font-family: georgia, palatino, serif;\"><a href=\"http:\/\/www.deanreed.de\/AmericanRebel\/2017\/?p=14906#DGB\" target=\"_blank\" rel=\"noopener\"><strong>Der DGB feiert mit der Bundesvereinigung der Deutschen Arbeitgeberverb\u00e4nde 100 Jahre Sozialpartnerschaft und blutige Niederschlagung der Novemberrevolution<\/strong><\/a><\/span><\/h4>\n<\/td>\n<\/tr>\n<tr>\n<td>\n<h4><span style=\"font-size: 12pt; font-family: georgia, palatino, serif;\"><strong><span style=\"font-size: 10pt;\">Fritz Theisen<\/span><br \/>\n<\/strong><\/span><\/h4>\n<\/td>\n<td>\n<h4><span style=\"font-size: 12pt; font-family: georgia, palatino, serif;\"><a href=\"http:\/\/www.deanreed.de\/AmericanRebel\/2017\/?p=14906#Bundespr\u00e4sident\" target=\"_blank\" rel=\"noopener\"><strong>Bundespr\u00e4sident Steinmeier: \u201eSozialpartnerschaft\u201c ist die Revolution!<\/strong><\/a><\/span><\/h4>\n<\/td>\n<\/tr>\n<tr>\n<td>\n<h4><span style=\"font-size: 12pt; font-family: georgia, palatino, serif;\"><strong><span style=\"font-size: 10pt;\">Fiete Jensen<\/span><br \/>\n<\/strong><\/span><\/h4>\n<\/td>\n<td>\n<h4><span style=\"font-size: 12pt; font-family: georgia, palatino, serif;\"><a href=\"http:\/\/www.deanreed.de\/AmericanRebel\/2017\/?p=14906#Die\" target=\"_blank\" rel=\"noopener\"><strong>Die Lehren des Hamburger Aufstandes<\/strong><\/a><\/span><\/h4>\n<\/td>\n<\/tr>\n<tr>\n<td><span style=\"font-size: 10pt; font-family: georgia, palatino, serif;\"><strong>Franz P\u00f6schl<\/strong><\/span><\/td>\n<td>\n<h2><a href=\"http:\/\/www.deanreed.de\/AmericanRebel\/2017\/2019\/11\/24\/die-novemberrevolution-1918-und-die-schande-der-spd\/\" target=\"_blank\" rel=\"noopener\"><span style=\"font-size: 12pt;\"><span style=\"font-family: georgia, palatino, serif;\">Die Novemberrevolution 1918 und die Schande der SPD<\/span><\/span><\/a><\/h2>\n<\/td>\n<\/tr>\n<\/tbody>\n<\/table>\n<p>&nbsp;<\/p>\n<p style=\"text-align: center;\"><span style=\"font-family: verdana, geneva, sans-serif; font-size: 14pt;\"><span style=\"color: #993300;\"><strong>Comic \u203aDer Matrosenaufstand 1918 in Kiel\u2039<\/strong><\/span><br \/>\n<\/span><a href=\"https:\/\/kunst-und-kampf.de\/WordPress_02\/comic-der-matrosenaufstand-1918-in-kiel\/\" target=\"_blank\" rel=\"noopener\"><img loading=\"lazy\" class=\" wp-image-28858 aligncenter\" src=\"http:\/\/www.deanreed.de\/AmericanRebel\/2017\/wp-content\/uploads\/2021\/11\/frr-300x193.jpg\" alt=\"\" width=\"445\" height=\"286\" srcset=\"https:\/\/www.deanreed.de\/AmericanRebel\/2017\/wp-content\/uploads\/2021\/11\/frr-300x193.jpg 300w, https:\/\/www.deanreed.de\/AmericanRebel\/2017\/wp-content\/uploads\/2021\/11\/frr.jpg 480w\" sizes=\"(max-width: 445px) 100vw, 445px\" \/><\/a><\/p>\n<p><span style=\"color: #000000;\"><span style=\"color: #ffffff;\">.<\/span><\/span><\/p>\n<p style=\"text-align: center;\"><span style=\"font-family: verdana, geneva, sans-serif;\"><i><b>&#8222;&#8230; [es] mu\u00df eine andere Welt erstehen. Eine Welt ohne Ha\u00df und Neid,<br \/>\nohne Ausbeutung und Knechtschaft, eine Welt des Friedens,<br \/>\nder Freiheit und des Rechts.&#8220;<\/b><\/i> &#8222;<\/span><span style=\"font-family: verdana, geneva, sans-serif;\">Lothar Popp, Karl Artelt, 1918)<\/span><br \/>\n<span style=\"color: #993300; font-size: 14pt;\"><strong><span style=\"font-family: verdana, geneva, sans-serif;\"><span style=\"font-size: 12pt;\">Eine Ausarbeitung von Klaus Kuhl zum Kieler Matrosenaufstand<\/span><br \/>\n<a href=\"http:\/\/www.kurkuhl.de\/de\/novrev\/novrev_intro.html\" target=\"_blank\" rel=\"noopener\"><img loading=\"lazy\" class=\"wp-image-28856 aligncenter\" src=\"http:\/\/www.deanreed.de\/AmericanRebel\/2017\/wp-content\/uploads\/2021\/11\/r567-768x340-1-300x133.jpg\" alt=\"\" width=\"426\" height=\"189\" srcset=\"https:\/\/www.deanreed.de\/AmericanRebel\/2017\/wp-content\/uploads\/2021\/11\/r567-768x340-1-300x133.jpg 300w, https:\/\/www.deanreed.de\/AmericanRebel\/2017\/wp-content\/uploads\/2021\/11\/r567-768x340-1.jpg 768w\" sizes=\"(max-width: 426px) 100vw, 426px\" \/><\/a><\/span><\/strong><\/span><\/p>\n<p><span style=\"color: #000000;\"><span style=\"color: #ffffff;\"><br \/>\n<\/span><\/span><span style=\"text-decoration: underline;\"><span style=\"font-family: verdana, geneva, sans-serif;\"><em>Anzeigen<\/em><\/span><\/span><\/p>\n<p><img loading=\"lazy\" class=\"wp-image-28857 aligncenter\" src=\"http:\/\/www.deanreed.de\/AmericanRebel\/2017\/wp-content\/uploads\/2021\/11\/ttt-768x243-1-300x95.png\" alt=\"\" width=\"496\" height=\"157\" srcset=\"https:\/\/www.deanreed.de\/AmericanRebel\/2017\/wp-content\/uploads\/2021\/11\/ttt-768x243-1-300x95.png 300w, https:\/\/www.deanreed.de\/AmericanRebel\/2017\/wp-content\/uploads\/2021\/11\/ttt-768x243-1.png 768w\" sizes=\"(max-width: 496px) 100vw, 496px\" \/><\/p>\n<p style=\"text-align: justify;\"><span style=\"font-family: verdana, geneva, sans-serif; font-size: 12pt;\"><span style=\"color: #ffffff;\">.<\/span><br \/>\n<img loading=\"lazy\" class=\"alignleft wp-image-28853\" src=\"http:\/\/www.deanreed.de\/AmericanRebel\/2017\/wp-content\/uploads\/2021\/11\/30577-724x1024-1-212x300-1.jpg\" alt=\"\" width=\"143\" height=\"202\" \/>Vor 100 Jahren beendeten revolution\u00e4re Bewegungen die deutsche Beteiligung am Ersten Weltkrieg. Anteil daran hatten eine Vielzahl verschiedener AkteurInnen \u2013 Soldaten, ArbeiterInnen, FrauenrechtlerInnen und revolution\u00e4re Sozialisten\/-innen. Zum Jubil\u00e4um des Aufstandes wollen wir die Erinnerung an die revolution\u00e4ren Ereignisse wieder aufleben lassen. Dar\u00fcber hinaus wollen wir uns einen historischen \u00dcberblick verschaffen und vor allem fragen: Wie kam es zum gro\u00dfen Aufbegehren und warum ist die Bewegung hin zu einem R\u00e4tesystem gescheitert? Wie konnte aus dem kurzen Moment der Hoffnung eine politische Ordnung hervorgehen, die einige Jahre sp\u00e4ter den Faschismus hervorbringen sollte? Was k\u00f6nnen wir auch 2018 noch aus den Ereignissen vor 100 Jahren lernen und welche Schl\u00fcsse f\u00fcr den Aufbauprozess einer revolution\u00e4ren Bewegung heute ziehen?<br \/>\n<\/span><span style=\"font-size: 10pt;\"><span style=\"font-family: verdana, geneva, sans-serif;\"><a href=\"http:\/\/perspektive-kommunismus.org\/wp-content\/uploads\/2018\/11\/2018_PK_Novemberrevolution_WEB.pdf\" target=\"_blank\" rel=\"noopener\">Die Brosch\u00fcre zum 100. Jahrestag als PDF zum download<\/a><br \/>\n<\/span><span style=\"font-family: verdana, geneva, sans-serif;\">Gerne verschicken wir auch Brosch\u00fcren als Print-Version, schreibt uns dazu an <\/span><\/span><a href=\"mail@perspektive-kommunismus.org\" target=\"_blank\" rel=\"noopener\"><span style=\"font-family: verdana, geneva, sans-serif; font-size: 12pt;\"><span style=\"font-size: 10pt;\">mail[at]perspektive-kommunismus.org<\/span><\/span><\/a><\/p>\n<div data-contents=\"true\">\n<div class=\"\" data-block=\"true\" data-editor=\"j6fb\" data-offset-key=\"4g9dk-0-0\">\n<div class=\"public-DraftStyleDefault-block public-DraftStyleDefault-ltr\" style=\"text-align: justify;\" data-offset-key=\"4g9dk-0-0\">\n<p style=\"text-align: justify;\"><span style=\"font-family: verdana, geneva, sans-serif; font-size: 10pt;\">Erstver\u00f6ffentlichung am 9. November 2021 auf \u00bb<a href=\"https:\/\/rotermorgen.eu\/\" target=\"_blank\" rel=\"noopener\">RoterMorgen<\/a>\u00ab. Ver\u00f6ffentlichung mit freundlicher Genehmigung des Herausgebers.<br \/>\n<\/span><\/p>\n<p style=\"text-align: justify;\"><span style=\"color: #ffffff;\">.<\/span><\/p>\n<p><a href=\"https:\/\/www.paypal.com\/de\/home\" target=\"_blank\" rel=\"noopener\"><img loading=\"lazy\" class=\"wp-image-26501 aligncenter\" src=\"http:\/\/www.deanreed.de\/AmericanRebel\/2017\/wp-content\/uploads\/2037\/12\/1-300x72.png\" alt=\"\" width=\"661\" height=\"159\" srcset=\"https:\/\/www.deanreed.de\/AmericanRebel\/2017\/wp-content\/uploads\/2037\/12\/1-300x72.png 300w, https:\/\/www.deanreed.de\/AmericanRebel\/2017\/wp-content\/uploads\/2037\/12\/1-1024x245.png 1024w, https:\/\/www.deanreed.de\/AmericanRebel\/2017\/wp-content\/uploads\/2037\/12\/1-768x184.png 768w, https:\/\/www.deanreed.de\/AmericanRebel\/2017\/wp-content\/uploads\/2037\/12\/1-1536x367.png 1536w, https:\/\/www.deanreed.de\/AmericanRebel\/2017\/wp-content\/uploads\/2037\/12\/1-2048x489.png 2048w\" sizes=\"(max-width: 661px) 100vw, 661px\" \/><\/a><\/p>\n<blockquote>\n<div style=\"margin-left: 10px;\"><a title=\"zur Startseite\" href=\"http:\/\/www.americanrebel.de\/\"><img loading=\"lazy\" class=\"alignleft\" src=\"http:\/\/www.deanreed.de\/AmericanRebel\/2017\/wp-content\/uploads\/2017\/03\/back_ar.png\" alt=\"zur\u00fcck zur Startseite\" width=\"156\" height=\"15\" \/><\/a><\/div>\n<div style=\"margin-right: 10px;\"><a href=\"https:\/\/www.facebook.com\/groups\/1683837971860223\/permalink\/1987214344855916\/\" target=\"_blank\" rel=\"noopener noreferrer\"><img loading=\"lazy\" class=\"alignright\" src=\"http:\/\/www.deanreed.de\/AmericanRebel\/2017\/wp-content\/uploads\/2017\/03\/ar_zu_fb.png\" alt=\"hier geht es zur Facebook Diskussionsgruppe\" width=\"353\" height=\"15\" \/><\/a><\/div>\n<p style=\"text-align: center;\"><a href=\"#respond\" target=\"_blank\" rel=\"noopener noreferrer\"><img loading=\"lazy\" class=\"aligncenter\" src=\"http:\/\/www.deanreed.de\/AmericanRebel\/2017\/wp-content\/uploads\/2017\/03\/ar_kommentar-1.png\" alt=\"Sag uns deine Meinung zum Artikel mit einem Kommentar\/Leserbrief\" width=\"627\" height=\"20\" \/><\/a><\/p>\n<\/blockquote>\n<p><\/div><!-- .hide-this-part --><\/div><!-- hide-this-part-wrap --><\/p>\n<\/div>\n<\/div>\n<\/div>\n","protected":false},"excerpt":{"rendered":"<p>Redaktion RoterMorgen \u2013 19. November 2021 \u00bbFeuer aus den Kesseln!\u00ab Der Kieler Matrosenaufstand, die Novemberrevolution 1918, die Schande der SPD und die Lehren daraus Mit dem Ruf \u00bbFeuer aus den Kesseln\u00ab leuteten die Roten Matrosen von Kiel vor nun 103 [&hellip;]<a class=\"more-link\" href=\"https:\/\/www.deanreed.de\/AmericanRebel\/2017\/2021\/11\/19\/feuer-aus-den-kesseln\/\">&darr; Lese den Rest von diesem Eintrag&#8230;<\/a><\/p>\n","protected":false},"author":2,"featured_media":0,"comment_status":"open","ping_status":"open","sticky":false,"template":"","format":"standard","meta":[],"categories":[276,165,78,3291,264,1438],"tags":[748,2594,414,845,5441,899,5439,829,3243,5356,5440,1144,900,25,3047,1053,203,2116,5442,3217,3246,2225,4601,201,3247,3248,1054,592,3250],"yoast_head":"<!-- This site is optimized with the Yoast SEO plugin v17.5 - https:\/\/yoast.com\/wordpress\/plugins\/seo\/ -->\n<title>- \u00bbFeuer aus den Kesseln!\u00ab &ndash; Onlinezeitung AmericanRebel<\/title>\n<meta name=\"robots\" content=\"index, follow, max-snippet:-1, max-image-preview:large, max-video-preview:-1\" \/>\n<link rel=\"canonical\" href=\"http:\/\/www.deanreed.de\/AmericanRebel\/2017\/2021\/11\/19\/feuer-aus-den-kesseln\/\" \/>\n<meta property=\"og:locale\" content=\"de_DE\" \/>\n<meta property=\"og:type\" content=\"article\" \/>\n<meta property=\"og:title\" content=\"- \u00bbFeuer aus den Kesseln!\u00ab &ndash; Onlinezeitung AmericanRebel\" \/>\n<meta property=\"og:description\" content=\"Mit dem Ruf \u00bbFeuer aus den Kesseln\u00ab leuteten die Roten Matrosen von Kiel vor nun 103 Jahren die Novemberrevolution ein. Es g\u00e4rte ein ganz Deutschland. Soldaten verweigerten den Dienst und wendeten sich gegen ihre Offiziere, Arbeiter streikten zu hunderttausenden, Frauen gingen gegen den Hunger auf die Stra\u00dfe.\" \/>\n<meta property=\"og:url\" content=\"http:\/\/www.deanreed.de\/AmericanRebel\/2017\/2021\/11\/19\/feuer-aus-den-kesseln\/\" \/>\n<meta property=\"og:site_name\" content=\"Onlinezeitung AmericanRebel\" \/>\n<meta property=\"article:published_time\" content=\"2021-11-19T14:37:08+00:00\" \/>\n<meta property=\"article:modified_time\" content=\"2021-11-21T15:04:03+00:00\" \/>\n<meta property=\"og:image\" content=\"http:\/\/www.deanreed.de\/AmericanRebel\/2017\/wp-content\/uploads\/2021\/11\/222-678x381-1.jpg\" \/>\n\t<meta property=\"og:image:width\" content=\"678\" \/>\n\t<meta property=\"og:image:height\" content=\"381\" \/>\n<meta name=\"twitter:card\" content=\"summary_large_image\" \/>\n<meta name=\"twitter:label1\" content=\"Verfasst von\" \/>\n\t<meta name=\"twitter:data1\" content=\"Redaktion\" \/>\n\t<meta name=\"twitter:label2\" content=\"Gesch\u00e4tzte Lesezeit\" \/>\n\t<meta name=\"twitter:data2\" content=\"5\u00a0Minuten\" \/>\n<script type=\"application\/ld+json\" class=\"yoast-schema-graph\">{\"@context\":\"https:\/\/schema.org\",\"@graph\":[{\"@type\":\"WebSite\",\"@id\":\"http:\/\/www.deanreed.de\/AmericanRebel\/2017\/#website\",\"url\":\"http:\/\/www.deanreed.de\/AmericanRebel\/2017\/\",\"name\":\"Onlinezeitung AmericanRebel\",\"description\":\"Internationale Onlinezeitung f\\u00fcr Frieden, Humanismus, V\\u00f6lkerverst\\u00e4ndigung und Kultur\",\"potentialAction\":[{\"@type\":\"SearchAction\",\"target\":{\"@type\":\"EntryPoint\",\"urlTemplate\":\"http:\/\/www.deanreed.de\/AmericanRebel\/2017\/?s={search_term_string}\"},\"query-input\":\"required name=search_term_string\"}],\"inLanguage\":\"de\"},{\"@type\":\"ImageObject\",\"@id\":\"http:\/\/www.deanreed.de\/AmericanRebel\/2017\/2021\/11\/19\/feuer-aus-den-kesseln\/#primaryimage\",\"inLanguage\":\"de\",\"url\":\"https:\/\/www.deanreed.de\/AmericanRebel\/2017\/wp-content\/uploads\/2021\/11\/222-678x381-1.jpg\",\"contentUrl\":\"https:\/\/www.deanreed.de\/AmericanRebel\/2017\/wp-content\/uploads\/2021\/11\/222-678x381-1.jpg\",\"width\":678,\"height\":381},{\"@type\":\"WebPage\",\"@id\":\"http:\/\/www.deanreed.de\/AmericanRebel\/2017\/2021\/11\/19\/feuer-aus-den-kesseln\/#webpage\",\"url\":\"http:\/\/www.deanreed.de\/AmericanRebel\/2017\/2021\/11\/19\/feuer-aus-den-kesseln\/\",\"name\":\"- \\u00bbFeuer aus den Kesseln!\\u00ab &ndash; Onlinezeitung AmericanRebel\",\"isPartOf\":{\"@id\":\"http:\/\/www.deanreed.de\/AmericanRebel\/2017\/#website\"},\"primaryImageOfPage\":{\"@id\":\"http:\/\/www.deanreed.de\/AmericanRebel\/2017\/2021\/11\/19\/feuer-aus-den-kesseln\/#primaryimage\"},\"datePublished\":\"2021-11-19T14:37:08+00:00\",\"dateModified\":\"2021-11-21T15:04:03+00:00\",\"author\":{\"@id\":\"http:\/\/www.deanreed.de\/AmericanRebel\/2017\/#\/schema\/person\/9edfca7917cd10b75edaae51c6e7935a\"},\"breadcrumb\":{\"@id\":\"http:\/\/www.deanreed.de\/AmericanRebel\/2017\/2021\/11\/19\/feuer-aus-den-kesseln\/#breadcrumb\"},\"inLanguage\":\"de\",\"potentialAction\":[{\"@type\":\"ReadAction\",\"target\":[\"http:\/\/www.deanreed.de\/AmericanRebel\/2017\/2021\/11\/19\/feuer-aus-den-kesseln\/\"]}]},{\"@type\":\"BreadcrumbList\",\"@id\":\"http:\/\/www.deanreed.de\/AmericanRebel\/2017\/2021\/11\/19\/feuer-aus-den-kesseln\/#breadcrumb\",\"itemListElement\":[{\"@type\":\"ListItem\",\"position\":1,\"name\":\"Startseite\",\"item\":\"http:\/\/www.deanreed.de\/AmericanRebel\/2017\/\"},{\"@type\":\"ListItem\",\"position\":2,\"name\":\"&#8211; \\u00bbFeuer aus den Kesseln!\\u00ab\"}]},{\"@type\":\"Person\",\"@id\":\"http:\/\/www.deanreed.de\/AmericanRebel\/2017\/#\/schema\/person\/9edfca7917cd10b75edaae51c6e7935a\",\"name\":\"Redaktion\",\"url\":\"https:\/\/www.deanreed.de\/AmericanRebel\/2017\/author\/redaktion\/\"}]}<\/script>\n<!-- \/ Yoast SEO plugin. -->","yoast_head_json":{"title":"- \u00bbFeuer aus den Kesseln!\u00ab &ndash; Onlinezeitung AmericanRebel","robots":{"index":"index","follow":"follow","max-snippet":"max-snippet:-1","max-image-preview":"max-image-preview:large","max-video-preview":"max-video-preview:-1"},"canonical":"http:\/\/www.deanreed.de\/AmericanRebel\/2017\/2021\/11\/19\/feuer-aus-den-kesseln\/","og_locale":"de_DE","og_type":"article","og_title":"- \u00bbFeuer aus den Kesseln!\u00ab &ndash; Onlinezeitung AmericanRebel","og_description":"Mit dem Ruf \u00bbFeuer aus den Kesseln\u00ab leuteten die Roten Matrosen von Kiel vor nun 103 Jahren die Novemberrevolution ein. Es g\u00e4rte ein ganz Deutschland. Soldaten verweigerten den Dienst und wendeten sich gegen ihre Offiziere, Arbeiter streikten zu hunderttausenden, Frauen gingen gegen den Hunger auf die Stra\u00dfe.","og_url":"http:\/\/www.deanreed.de\/AmericanRebel\/2017\/2021\/11\/19\/feuer-aus-den-kesseln\/","og_site_name":"Onlinezeitung AmericanRebel","article_published_time":"2021-11-19T14:37:08+00:00","article_modified_time":"2021-11-21T15:04:03+00:00","og_image":[{"width":678,"height":381,"url":"http:\/\/www.deanreed.de\/AmericanRebel\/2017\/wp-content\/uploads\/2021\/11\/222-678x381-1.jpg","type":"image\/jpeg"}],"twitter_card":"summary_large_image","twitter_misc":{"Verfasst von":"Redaktion","Gesch\u00e4tzte Lesezeit":"5\u00a0Minuten"},"schema":{"@context":"https:\/\/schema.org","@graph":[{"@type":"WebSite","@id":"http:\/\/www.deanreed.de\/AmericanRebel\/2017\/#website","url":"http:\/\/www.deanreed.de\/AmericanRebel\/2017\/","name":"Onlinezeitung AmericanRebel","description":"Internationale Onlinezeitung f\u00fcr Frieden, Humanismus, V\u00f6lkerverst\u00e4ndigung und Kultur","potentialAction":[{"@type":"SearchAction","target":{"@type":"EntryPoint","urlTemplate":"http:\/\/www.deanreed.de\/AmericanRebel\/2017\/?s={search_term_string}"},"query-input":"required name=search_term_string"}],"inLanguage":"de"},{"@type":"ImageObject","@id":"http:\/\/www.deanreed.de\/AmericanRebel\/2017\/2021\/11\/19\/feuer-aus-den-kesseln\/#primaryimage","inLanguage":"de","url":"https:\/\/www.deanreed.de\/AmericanRebel\/2017\/wp-content\/uploads\/2021\/11\/222-678x381-1.jpg","contentUrl":"https:\/\/www.deanreed.de\/AmericanRebel\/2017\/wp-content\/uploads\/2021\/11\/222-678x381-1.jpg","width":678,"height":381},{"@type":"WebPage","@id":"http:\/\/www.deanreed.de\/AmericanRebel\/2017\/2021\/11\/19\/feuer-aus-den-kesseln\/#webpage","url":"http:\/\/www.deanreed.de\/AmericanRebel\/2017\/2021\/11\/19\/feuer-aus-den-kesseln\/","name":"- \u00bbFeuer aus den Kesseln!\u00ab &ndash; Onlinezeitung AmericanRebel","isPartOf":{"@id":"http:\/\/www.deanreed.de\/AmericanRebel\/2017\/#website"},"primaryImageOfPage":{"@id":"http:\/\/www.deanreed.de\/AmericanRebel\/2017\/2021\/11\/19\/feuer-aus-den-kesseln\/#primaryimage"},"datePublished":"2021-11-19T14:37:08+00:00","dateModified":"2021-11-21T15:04:03+00:00","author":{"@id":"http:\/\/www.deanreed.de\/AmericanRebel\/2017\/#\/schema\/person\/9edfca7917cd10b75edaae51c6e7935a"},"breadcrumb":{"@id":"http:\/\/www.deanreed.de\/AmericanRebel\/2017\/2021\/11\/19\/feuer-aus-den-kesseln\/#breadcrumb"},"inLanguage":"de","potentialAction":[{"@type":"ReadAction","target":["http:\/\/www.deanreed.de\/AmericanRebel\/2017\/2021\/11\/19\/feuer-aus-den-kesseln\/"]}]},{"@type":"BreadcrumbList","@id":"http:\/\/www.deanreed.de\/AmericanRebel\/2017\/2021\/11\/19\/feuer-aus-den-kesseln\/#breadcrumb","itemListElement":[{"@type":"ListItem","position":1,"name":"Startseite","item":"http:\/\/www.deanreed.de\/AmericanRebel\/2017\/"},{"@type":"ListItem","position":2,"name":"&#8211; \u00bbFeuer aus den Kesseln!\u00ab"}]},{"@type":"Person","@id":"http:\/\/www.deanreed.de\/AmericanRebel\/2017\/#\/schema\/person\/9edfca7917cd10b75edaae51c6e7935a","name":"Redaktion","url":"https:\/\/www.deanreed.de\/AmericanRebel\/2017\/author\/redaktion\/"}]}},"_links":{"self":[{"href":"https:\/\/www.deanreed.de\/AmericanRebel\/2017\/wp-json\/wp\/v2\/posts\/28846"}],"collection":[{"href":"https:\/\/www.deanreed.de\/AmericanRebel\/2017\/wp-json\/wp\/v2\/posts"}],"about":[{"href":"https:\/\/www.deanreed.de\/AmericanRebel\/2017\/wp-json\/wp\/v2\/types\/post"}],"author":[{"embeddable":true,"href":"https:\/\/www.deanreed.de\/AmericanRebel\/2017\/wp-json\/wp\/v2\/users\/2"}],"replies":[{"embeddable":true,"href":"https:\/\/www.deanreed.de\/AmericanRebel\/2017\/wp-json\/wp\/v2\/comments?post=28846"}],"version-history":[{"count":7,"href":"https:\/\/www.deanreed.de\/AmericanRebel\/2017\/wp-json\/wp\/v2\/posts\/28846\/revisions"}],"predecessor-version":[{"id":28861,"href":"https:\/\/www.deanreed.de\/AmericanRebel\/2017\/wp-json\/wp\/v2\/posts\/28846\/revisions\/28861"}],"wp:attachment":[{"href":"https:\/\/www.deanreed.de\/AmericanRebel\/2017\/wp-json\/wp\/v2\/media?parent=28846"}],"wp:term":[{"taxonomy":"category","embeddable":true,"href":"https:\/\/www.deanreed.de\/AmericanRebel\/2017\/wp-json\/wp\/v2\/categories?post=28846"},{"taxonomy":"post_tag","embeddable":true,"href":"https:\/\/www.deanreed.de\/AmericanRebel\/2017\/wp-json\/wp\/v2\/tags?post=28846"}],"curies":[{"name":"wp","href":"https:\/\/api.w.org\/{rel}","templated":true}]}}