{"id":28722,"date":"2021-11-04T05:02:46","date_gmt":"2021-11-04T04:02:46","guid":{"rendered":"http:\/\/www.deanreed.de\/AmericanRebel\/2017\/?p=28722"},"modified":"2021-11-04T05:09:58","modified_gmt":"2021-11-04T04:09:58","slug":"weltklimakonferenz-massive-proteste-begleiten-die-beschwichtingshow-in-glasgow","status":"publish","type":"post","link":"https:\/\/www.deanreed.de\/AmericanRebel\/2017\/2021\/11\/04\/weltklimakonferenz-massive-proteste-begleiten-die-beschwichtingshow-in-glasgow\/","title":{"rendered":"&#8211; Weltklimakonferenz: Massive Proteste begleiten die Beschwichtingshow in Glasgow"},"content":{"rendered":"<blockquote><p><em><span style=\"font-family: verdana, geneva, sans-serif; font-size: 12pt;\">Redaktion RoterMorgen \u2013 4. November 2021<\/span><\/em><\/p><\/blockquote>\n<div class=\"public-DraftStyleDefault-block public-DraftStyleDefault-ltr\" style=\"text-align: justify;\" data-offset-key=\"3a8ur-0-0\"><span style=\"font-family: verdana, geneva, sans-serif; font-size: 16pt; color: #993300;\"><strong>Weltklimakonferenz: Massive Proteste begleiten die Beschwichtingshow in Glasgow<br \/>\n<span style=\"color: #ffffff;\">.<\/span><br \/>\n<\/strong><\/span><\/div>\n<div class=\"public-DraftStyleDefault-block public-DraftStyleDefault-ltr\" style=\"text-align: justify;\" data-offset-key=\"3a8ur-0-0\"><span style=\"font-family: verdana, geneva, sans-serif; font-size: 12pt; color: #000000;\"><strong>Unter hohen Erwartungen an die Regierungen der Welt hat in Glasgow <span id=\"decorator-corrected-entity-id-7\" data-entity-key=\"7\" data-offset-key=\"3a8ur-1-0\">eine Neuauflage der bekannten<\/span> Unterhaltungsshow Namens \u00bbWeltklimakonferenz der Vereinten Nationen\u00ab begonnen. Der Klimawandel wird nun in keinem der mit D\u00fcsenjets angereisten <span id=\"decorator-corrected-entity-id-13\" data-entity-key=\"13\" data-offset-key=\"3a8ur-3-0\">Staatspr\u00e4sidenten<\/span> und anderen mehr oder wenig talentierten Unterhaltungsk\u00fcnstlern aus den Parlamenten bestritten. Das war nicht immer so und sogar der ehrw\u00fcrdige Heilige Vater verk\u00fcndete zuvor seinen Senf &gt;&#8220;<span id=\"decorator-ignored-entity-id-18\" data-entity-key=\"18\" data-offset-key=\"3a8ur-5-0\">H\u00f6rt<\/span> den Schrei der Erde und der Armen&#8220;\u00ab Er, dem bisher Hunger und Elend in der Welt nicht wirklich interessierte. Doch die Show, so schreibt das Drehbuch der <span id=\"decorator-corrected-entity-id-22\" data-entity-key=\"22\" data-offset-key=\"3a8ur-7-0\">Herrschenden<\/span> vor, muss aufrecht erhalten werden. Also wird ein Schreckensszenario aufgebaut, das alle <span id=\"decorator-corrected-entity-id-30\" data-entity-key=\"30\" data-offset-key=\"3a8ur-9-0\">Ottonormalverbraucher auf unseren Globus<\/span> in Angst und Schrecken <span id=\"decorator-corrected-entity-id-28\" data-entity-key=\"28\" data-offset-key=\"3a8ur-11-0\">versetzt<\/span>.<br \/>\n<span style=\"color: #ffffff;\">.<\/span><br \/>\n<\/strong><\/span><span style=\"font-family: verdana, geneva, sans-serif; font-size: 12pt; color: #000000;\"><span style=\"font-family: verdana, geneva, sans-serif; font-size: 12pt; color: #000000;\"><span style=\"font-family: verdana, geneva, sans-serif; font-size: 12pt; color: #000000;\"><span style=\"font-family: verdana, geneva, sans-serif; font-size: 12pt; color: #000000;\"><img loading=\"lazy\" class=\" wp-image-28725 alignright\" src=\"http:\/\/www.deanreed.de\/AmericanRebel\/2017\/wp-content\/uploads\/2021\/11\/w456png-300x216.png\" alt=\"\" width=\"331\" height=\"238\" srcset=\"https:\/\/www.deanreed.de\/AmericanRebel\/2017\/wp-content\/uploads\/2021\/11\/w456png-300x216.png 300w, https:\/\/www.deanreed.de\/AmericanRebel\/2017\/wp-content\/uploads\/2021\/11\/w456png.png 640w\" sizes=\"(max-width: 331px) 100vw, 331px\" \/>Das h\u00f6rt sich erst einmal alles lustig an, ist aber gut durchdacht und ist ein Teil der <span id=\"decorator-ignored-entity-id-45\" data-entity-key=\"45\" data-offset-key=\"3a8ur-1-0\">Hinhalte<\/span>&#8211; und Beschwichtigungstaktiken der Herrschenden unserer Welt. <span id=\"decorator-corrected-entity-id-38\" data-entity-key=\"38\" data-offset-key=\"3a8ur-3-0\">Das<\/span> Ziel der kapitalistischen Regierungen besteht darin, die Erw\u00e4rmung des Klimas bis zum Jahr 2030 nicht \u00fcber 1,5 Grad steigen zu lassen. Bei Wikipedia k\u00f6nnen wir dann lesen: Den Verbrauchern und Unternehmen sollen die Kosten f\u00fcr die verursachten <a href=\"https:\/\/de.wikipedia.org\/wiki\/Folgen_der_globalen_Erw%C3%A4rmung\" target=\"_blank\" rel=\"noopener\"><span class=\"s4\">Klimafolgen<\/span><\/a> durch ein deutliches <a href=\"https:\/\/de.wikipedia.org\/wiki\/Preis_(Wirtschaft)\" target=\"_blank\" rel=\"noopener\"><span class=\"s4\">Preissignal<\/span><\/a> mitgeteilt werden. Indem sich emissionsarme Innovationen lohnen und Verbraucher und Unternehmen auf weniger sch\u00e4dliche <a href=\"https:\/\/de.wikipedia.org\/wiki\/Substitutionsgut\" target=\"_blank\" rel=\"noopener\"><span class=\"s4\">Alternativen<\/span><\/a> ausweichen, soll ein wesentlicher Beitrag zur Senkung der CO\u00b2-Emissionen und damit zur Stabilisierung des Kohlenstoffdioxidgehalts in der Erdatmosph\u00e4re geleistet werden.<br \/>\n<span style=\"color: #ffffff;\">.<\/span><br \/>\nWikipedia schreibt zwar, was der b\u00fcrgerliche Staat erreichen will, aber nicht, was mit den Mehreinnahmen an Steuern passiert. Im Gegenteil: Sogenannte Experten weisen in diesen Tagen in Rundfunk und Fernsehen darauf hin, dass es an Finanzierungsm\u00f6glichkeiten fehle, wenn jetzt &#8211; wegen der massiven Energiekostenerh\u00f6hung &#8211; die neue deutsche Ampelregierung Steuererleichterungen beschlie\u00dfen w\u00fcrde. Die Mehreinnahmen sind also auch bei uns ein wichtiger Bestandteil des b\u00fcrgerlichen Staatshaushaltes. Bezahlt wird letztlich die CO\u00b2-Steuer von der arbeitenden Bev\u00f6lkerung. Unternehmen bauen bekanntlich die (Sonder-)Steuer als Kostenanteil in die Preiskalkulation ihrer Produkte ein. Nat\u00fcrlich zahlen das dann auch die mehr als 1,5 Millionen Million\u00e4re, die es in Deutschland gibt, aber die trifft diese Belastung nicht existenziell wie es bei den sog. \u00bbKleinen Leuten\u00ab der Fall ist. Insofern hat die existierende CO\u00b2-Steuer lediglich eine Alibifunktion und kann getrost als L\u00dcGE bezeichnet werden.<br \/>\n<span style=\"color: #ffffff;\">.<\/span><br \/>\n<\/span><\/span><\/span><\/span><\/div>\n<div style=\"text-align: justify;\" data-offset-key=\"3a8ur-0-0\"><\/div>\n<div id=\"attachment_28724\" style=\"width: 342px\" class=\"wp-caption alignleft\"><img aria-describedby=\"caption-attachment-28724\" loading=\"lazy\" class=\" wp-image-28724\" src=\"http:\/\/www.deanreed.de\/AmericanRebel\/2017\/wp-content\/uploads\/2021\/11\/rfrr-243x300.png\" alt=\"\" width=\"332\" height=\"410\" srcset=\"https:\/\/www.deanreed.de\/AmericanRebel\/2017\/wp-content\/uploads\/2021\/11\/rfrr-243x300.png 243w, https:\/\/www.deanreed.de\/AmericanRebel\/2017\/wp-content\/uploads\/2021\/11\/rfrr.png 634w\" sizes=\"(max-width: 332px) 100vw, 332px\" \/><p id=\"caption-attachment-28724\" class=\"wp-caption-text\">Oben: Luxusvilla in Kampen auf der Insel Sylt.<br \/>Unten: Township in Cape Town, S\u00fcdafrika<br \/><span style=\"color: #808080;\">Bilder: Pixabay<\/span><\/p><\/div>\n<p style=\"text-align: justify;\"><span style=\"font-family: verdana, geneva, sans-serif; font-size: 12pt; color: #000000;\"><span style=\"font-family: verdana, geneva, sans-serif; font-size: 12pt; color: #000000;\">\u00bb<a href=\"https:\/\/rotermorgen.eu\/ohne-zerstoerung-der-erde-funktioniert-der-kapitalismus-nicht\/\" target=\"_blank\" rel=\"noopener\">Ohne Zerst\u00f6rung der Erde funktioniert der Kapitalismus nicht!<\/a>\u00ab <span id=\"decorator-corrected-entity-id-59\" data-entity-key=\"59\" data-offset-key=\"3a8ur-1-0\">Schrieb<\/span> Lupo gestern an dieser Stelle, in seinem <span id=\"decorator-corrected-entity-id-70\" data-entity-key=\"70\" data-offset-key=\"3a8ur-3-0\">satirischen<\/span> Beitrag. <span id=\"decorator-ignored-entity-id-80\" data-entity-key=\"80\" data-offset-key=\"3a8ur-5-0\">Recht<\/span> hat er, <span id=\"decorator-corrected-entity-id-125\" data-entity-key=\"125\" data-offset-key=\"3a8ur-7-0\">denn<\/span> die Industrie hat an einer weltweiten CO\u00b2 Verringerung, kaum Interesse. Man kann sogar davon ausgehen, dass die <span id=\"decorator-corrected-entity-id-89\" data-entity-key=\"89\" data-offset-key=\"3a8ur-9-0\">1,5 %<\/span> nicht erreicht werden. Nicht nur f\u00fcr die Insel- und Anliegerstaaten im Indischen <span id=\"decorator-corrected-entity-id-104\" data-entity-key=\"104\" data-offset-key=\"3a8ur-11-0\">Ozean<\/span> und dem <span id=\"decorator-corrected-entity-id-116\" data-entity-key=\"116\" data-offset-key=\"3a8ur-13-0\">Pazifik<\/span> ist das eine Katastrophe. Da m\u00f6gen viele auf die Insel Sylt verweisen, wo die <span id=\"decorator-corrected-entity-id-121\" data-entity-key=\"121\" data-offset-key=\"3a8ur-15-0\">schleswig-holsteinische<\/span> Landesregierung j\u00e4hrlich Millionen investieren muss, um die Insel nicht dem \u00bbBlanken Hans\u00ab, den <span id=\"decorator-corrected-entity-id-132\" data-entity-key=\"132\" data-offset-key=\"3a8ur-17-0\">aggressiven<\/span> Winterst\u00fcrmen, preiszugeben. Millionen f\u00fcr die reetgedeckten Edelvillen der Superreichen. Aber in den Gebieten des Indischen Ozeans leben die Armen der \u00c4rmsten. <div class=\"hide-this-part-wrap\"><div class=\"hide-this-part-more\" id=\"hide-this-part-0\" morelink-text=\"hier geht es weiter\">hier geht es weiter \u00bb<\/div><div class=\"hide-this-part\" status=\"invisible\"><br \/>\n<\/span><\/span><strong><span style=\"color: #000000; font-family: verdana, geneva, sans-serif; font-size: 12pt;\"><span style=\"color: #ffffff;\">.<\/span><br \/>\n<\/span><\/strong><strong><span style=\"color: #000000; font-family: verdana, geneva, sans-serif; font-size: 12pt;\">Der \u201dkleine Mann\u00ab zahlt die Zeche<\/span><\/strong><\/p>\n<div class=\"public-DraftStyleDefault-block public-DraftStyleDefault-ltr\" style=\"text-align: justify;\" data-offset-key=\"3a8ur-0-0\"><span style=\"color: #000000; font-family: verdana, geneva, sans-serif; font-size: 12pt;\">Der Ruf nach einer CO\u00b2-Bepreisung wird international lauter, da CO\u00b2-Emissionen damit effektiv gesenkt werden k\u00f6nnen. Wir bestreiten dies, denn damit werden ausschlie\u00dflich die gering verdienenden Bev\u00f6lkerungsanteile belastet. Wir erleben dieses in Deutschland gerade durch die schon existierende CO\u00b2 Steuer.<\/span><\/div>\n<p style=\"text-align: justify;\"><span style=\"font-family: verdana, geneva, sans-serif; font-size: 12pt; color: #000000;\">Der b\u00fcrgerliche Staat, sprich die Kapitalisten, haben sich nun eine Ma\u00dfnahme einfallen lassen, an der sie sie sich zuk\u00fcnftig \u00bbdumm und d\u00e4mlich\u00ab verdienen werden. Es ist die Einf\u00fchrung des elektrobetriebenen Autos. F\u00fcr diesen neuen Absatzmarkt liefert der b\u00fcrgerliche Staat die entsprechenden Gesetze, Verordnungen, Steuererleichterungen und Subventionen als Unterst\u00fctzung.<\/span><\/p>\n<p style=\"text-align: justify;\"><span style=\"font-family: verdana, geneva, sans-serif; font-size: 12pt; color: #000000;\">Auch, wenn gegenw\u00e4rtig viele Dinge bei Elektroautos nicht gekl\u00e4rt sind (z. B. die Brandgefahr durch Akkus, Akku-Entsorgung und die Belastung der Siliziumgewinnung\/-Verarbeitung), sprechen wir uns nicht grunds\u00e4tzlich gegen diese Technik aus. Was allerdings ausschlie\u00dflich zugunsten der Industrie (Autobauer und Zulieferer) und angeblich eine Alternative zum CO\u00b2-Aussto\u00df verkauft wird, stellt den derzeitigen Autobesitzer vor gro\u00dfe finanzielle Probleme. Andererseits jubeln die Autobauer weltweit. Endlich ein Lichtblick, um die Autohalden der planlosen \u00dcberproduktion in den Griff zu bekommen. F\u00fcr die n\u00e4chsten Jahre ist der Markt vorbereitet worden. Bis wieder der Kreislauf der Krisen zuschl\u00e4gt. Das ist das Los der kapitalistischen Produktionsweise. Angebot und Nachfrage sind ihre Regeln, die f\u00fcr Krisen sorgen. Sozialistische Verfahren die sich an den Bedarf und einem Plan zur Erf\u00fcllung des Bedarfes halten, sind f\u00fcr Profitmaximierung ungeeignet. Da kommt ein neuer Markt, vor dem Hintergrund angeblicher Klimaneutralit\u00e4t gerade recht. Mit dem Thema Klimaschutz l\u00e4sst es sich f\u00fcr Automobilkonzerne gut leben. Dass eine derart schnelle Produktionsumstellung auch tausende Arbeitspl\u00e4tze kosten, hat die herrschende Kapitalistenklasse mit eingeplant!<br \/>\n<\/span><\/p>\n<p><span style=\"font-family: verdana, geneva, sans-serif; font-size: 12pt;\">RoterMorgen wird weiter \u00fcber die Glasgower-Beschwichtigungsshow und den Protesten gegen sie berichten.<br \/>\n<span style=\"color: #ffffff;\">.<\/span><br \/>\n<\/span><\/p>\n<p><span style=\"font-family: verdana, geneva, sans-serif; font-size: 14pt;\"><em><strong>Lest dazu auch:<\/strong><\/em><\/span><\/p>\n<blockquote class=\"wp-embedded-content\" data-secret=\"xoxpOZ2ZTe\"><p><a href=\"https:\/\/www.anti-spiegel.ru\/2021\/von-der-leyen-und-ihre-privatjets-wie-das-russische-fernsehen-ueber-den-klimagipfel-in-glasgow-berichtet\/\">Von der Leyen und ihre Privatjets: Wie das russische Fernsehen \u00fcber den Klimagipfel in Glasgow berichtet<\/a><\/p><\/blockquote>\n<p><iframe class=\"wp-embedded-content\" sandbox=\"allow-scripts\" security=\"restricted\" style=\"position: absolute; clip: rect(1px, 1px, 1px, 1px);\" title=\"&#8222;Von der Leyen und ihre Privatjets: Wie das russische Fernsehen \u00fcber den Klimagipfel in Glasgow berichtet&#8220; &#8212; Anti-Spiegel\" src=\"https:\/\/www.anti-spiegel.ru\/2021\/von-der-leyen-und-ihre-privatjets-wie-das-russische-fernsehen-ueber-den-klimagipfel-in-glasgow-berichtet\/embed\/#?secret=xoxpOZ2ZTe\" data-secret=\"xoxpOZ2ZTe\" width=\"500\" height=\"282\" frameborder=\"0\" marginwidth=\"0\" marginheight=\"0\" scrolling=\"no\"><\/iframe><\/p>\n<blockquote class=\"wp-embedded-content\" data-secret=\"qQ2bCjl8ij\"><p><a href=\"https:\/\/rotermorgen.eu\/ohne-zerstoerung-der-erde-funktioniert-der-kapitalismus-nicht\/\">Ohne Zerst\u00f6rung der Erde funktioniert der Kapitalismus nicht!<\/a><\/p><\/blockquote>\n<p><iframe class=\"wp-embedded-content\" sandbox=\"allow-scripts\" security=\"restricted\" style=\"position: absolute; clip: rect(1px, 1px, 1px, 1px);\" title=\"&#8222;Ohne Zerst\u00f6rung der Erde funktioniert der Kapitalismus nicht!&#8220; &#8212; \" src=\"https:\/\/rotermorgen.eu\/ohne-zerstoerung-der-erde-funktioniert-der-kapitalismus-nicht\/embed\/#?secret=qQ2bCjl8ij\" data-secret=\"qQ2bCjl8ij\" width=\"500\" height=\"282\" frameborder=\"0\" marginwidth=\"0\" marginheight=\"0\" scrolling=\"no\"><\/iframe><\/p>\n<blockquote class=\"wp-embedded-content\" data-secret=\"HJ7L6nMGFM\"><p><a href=\"https:\/\/rotermorgen.eu\/so-weitermachen-wie-bisher\/\">So weitermachen, wie bisher?<\/a><\/p><\/blockquote>\n<p><iframe class=\"wp-embedded-content\" sandbox=\"allow-scripts\" security=\"restricted\" style=\"position: absolute; clip: rect(1px, 1px, 1px, 1px);\" title=\"&#8222;So weitermachen, wie bisher?&#8220; &#8212; \" src=\"https:\/\/rotermorgen.eu\/so-weitermachen-wie-bisher\/embed\/#?secret=HJ7L6nMGFM\" data-secret=\"HJ7L6nMGFM\" width=\"500\" height=\"282\" frameborder=\"0\" marginwidth=\"0\" marginheight=\"0\" scrolling=\"no\"><\/iframe><\/p>\n<blockquote class=\"wp-embedded-content\" data-secret=\"TjY8MFKUWs\"><p><a href=\"https:\/\/rotermorgen.eu\/flutkatastrophe-und-die-politiker-schamlos\/\">Flutkatastrophe und die Politiker \u2013 \u201eschamlos!\u201c<\/a><\/p><\/blockquote>\n<p><iframe class=\"wp-embedded-content\" sandbox=\"allow-scripts\" security=\"restricted\" style=\"position: absolute; clip: rect(1px, 1px, 1px, 1px);\" title=\"&#8222;Flutkatastrophe und die Politiker \u2013 \u201eschamlos!\u201c&#8220; &#8212; \" src=\"https:\/\/rotermorgen.eu\/flutkatastrophe-und-die-politiker-schamlos\/embed\/#?secret=TjY8MFKUWs\" data-secret=\"TjY8MFKUWs\" width=\"500\" height=\"282\" frameborder=\"0\" marginwidth=\"0\" marginheight=\"0\" scrolling=\"no\"><\/iframe><\/p>\n<p><span style=\"color: #ffffff;\">.\u00a0<\/span><\/p>\n<p style=\"text-align: justify;\"><span style=\"font-family: verdana, geneva, sans-serif; font-size: 10pt;\">Erstver\u00f6ffentlichung am 4. November 2021 auf \u00bb<a href=\"https:\/\/rotermorgen.eu\/\" target=\"_blank\" rel=\"noopener\">RoterMorgen<\/a>\u00ab. Ver\u00f6ffentlichung mit freundlicher Genehmigung des Herausgebers.<\/span><span style=\"color: #ffffff;\">.<br \/>\n.<br \/>\n<\/span><\/p>\n<p><a href=\"https:\/\/www.paypal.com\/de\/home\" target=\"_blank\" rel=\"noopener\"><img loading=\"lazy\" class=\"wp-image-26501 aligncenter\" src=\"http:\/\/www.deanreed.de\/AmericanRebel\/2017\/wp-content\/uploads\/2037\/12\/1-300x72.png\" alt=\"\" width=\"661\" height=\"159\" srcset=\"https:\/\/www.deanreed.de\/AmericanRebel\/2017\/wp-content\/uploads\/2037\/12\/1-300x72.png 300w, https:\/\/www.deanreed.de\/AmericanRebel\/2017\/wp-content\/uploads\/2037\/12\/1-1024x245.png 1024w, https:\/\/www.deanreed.de\/AmericanRebel\/2017\/wp-content\/uploads\/2037\/12\/1-768x184.png 768w, https:\/\/www.deanreed.de\/AmericanRebel\/2017\/wp-content\/uploads\/2037\/12\/1-1536x367.png 1536w, https:\/\/www.deanreed.de\/AmericanRebel\/2017\/wp-content\/uploads\/2037\/12\/1-2048x489.png 2048w\" sizes=\"(max-width: 661px) 100vw, 661px\" \/><\/a><\/p>\n<blockquote>\n<div style=\"margin-left: 10px;\"><a title=\"zur Startseite\" href=\"http:\/\/www.americanrebel.de\/\"><img loading=\"lazy\" class=\"alignleft\" src=\"http:\/\/www.deanreed.de\/AmericanRebel\/2017\/wp-content\/uploads\/2017\/03\/back_ar.png\" alt=\"zur\u00fcck zur Startseite\" width=\"156\" height=\"15\" \/><\/a><\/div>\n<div style=\"margin-right: 10px;\"><a href=\"https:\/\/www.facebook.com\/groups\/1683837971860223\/permalink\/1987214344855916\/\" target=\"_blank\" rel=\"noopener noreferrer\"><img loading=\"lazy\" class=\"alignright\" src=\"http:\/\/www.deanreed.de\/AmericanRebel\/2017\/wp-content\/uploads\/2017\/03\/ar_zu_fb.png\" alt=\"hier geht es zur Facebook Diskussionsgruppe\" width=\"353\" height=\"15\" \/><\/a><\/div>\n<p style=\"text-align: center;\"><a href=\"#respond\" target=\"_blank\" rel=\"noopener noreferrer\"><img loading=\"lazy\" class=\"aligncenter\" src=\"http:\/\/www.deanreed.de\/AmericanRebel\/2017\/wp-content\/uploads\/2017\/03\/ar_kommentar-1.png\" alt=\"Sag uns deine Meinung zum Artikel mit einem Kommentar\/Leserbrief\" width=\"627\" height=\"20\" \/><\/a><\/p>\n<\/blockquote>\n<p><\/div><!-- .hide-this-part --><\/div><!-- hide-this-part-wrap --><\/p>\n","protected":false},"excerpt":{"rendered":"<p>Redaktion RoterMorgen \u2013 4. November 2021 Weltklimakonferenz: Massive Proteste begleiten die Beschwichtingshow in Glasgow . Unter hohen Erwartungen an die Regierungen der Welt hat in Glasgow eine Neuauflage der bekannten Unterhaltungsshow Namens \u00bbWeltklimakonferenz der Vereinten Nationen\u00ab begonnen. Der Klimawandel wird [&hellip;]<a class=\"more-link\" href=\"https:\/\/www.deanreed.de\/AmericanRebel\/2017\/2021\/11\/04\/weltklimakonferenz-massive-proteste-begleiten-die-beschwichtingshow-in-glasgow\/\">&darr; Lese den Rest von diesem Eintrag&#8230;<\/a><\/p>\n","protected":false},"author":2,"featured_media":0,"comment_status":"open","ping_status":"open","sticky":false,"template":"","format":"standard","meta":[],"categories":[4839],"tags":[5406,5407,2149,5408,5409,5410,5411,4791,5412,5413,1329],"yoast_head":"<!-- This site is optimized with the Yoast SEO plugin v17.5 - https:\/\/yoast.com\/wordpress\/plugins\/seo\/ -->\n<title>- Weltklimakonferenz: Massive Proteste begleiten die Beschwichtingshow in Glasgow &ndash; Onlinezeitung AmericanRebel<\/title>\n<meta name=\"robots\" content=\"index, follow, max-snippet:-1, max-image-preview:large, max-video-preview:-1\" \/>\n<link rel=\"canonical\" href=\"https:\/\/www.deanreed.de\/AmericanRebel\/2017\/2021\/11\/04\/weltklimakonferenz-massive-proteste-begleiten-die-beschwichtingshow-in-glasgow\/\" \/>\n<meta property=\"og:locale\" content=\"de_DE\" \/>\n<meta property=\"og:type\" content=\"article\" \/>\n<meta property=\"og:title\" content=\"- Weltklimakonferenz: Massive Proteste begleiten die Beschwichtingshow in Glasgow &ndash; Onlinezeitung AmericanRebel\" \/>\n<meta property=\"og:description\" content=\"Unter hohen Erwartungen an die Regierungen der Welt hat in Glasgow eine Neuauflage der bekannten Unterhaltungsshow Namens \u00bbWeltklimakonferenz der Vereinten Nationen\u00ab begonnen. Der Klimawandel wird nun in keinem der mit D\u00fcsenjets angereisten Staatspr\u00e4sidenten und anderen mehr oder wenig talentierten Unterhaltungsk\u00fcnstlern aus den Parlamenten bestritten.\" \/>\n<meta property=\"og:url\" content=\"https:\/\/www.deanreed.de\/AmericanRebel\/2017\/2021\/11\/04\/weltklimakonferenz-massive-proteste-begleiten-die-beschwichtingshow-in-glasgow\/\" \/>\n<meta property=\"og:site_name\" content=\"Onlinezeitung AmericanRebel\" \/>\n<meta property=\"article:published_time\" content=\"2021-11-04T04:02:46+00:00\" \/>\n<meta property=\"article:modified_time\" content=\"2021-11-04T04:09:58+00:00\" \/>\n<meta property=\"og:image\" content=\"https:\/\/www.deanreed.de\/AmericanRebel\/2017\/wp-content\/uploads\/2021\/11\/w456png.png\" \/>\n\t<meta property=\"og:image:width\" content=\"640\" \/>\n\t<meta property=\"og:image:height\" content=\"460\" \/>\n<meta name=\"twitter:card\" content=\"summary_large_image\" \/>\n<meta name=\"twitter:label1\" content=\"Verfasst von\" \/>\n\t<meta name=\"twitter:data1\" content=\"Redaktion\" \/>\n\t<meta name=\"twitter:label2\" content=\"Gesch\u00e4tzte Lesezeit\" \/>\n\t<meta name=\"twitter:data2\" content=\"5\u00a0Minuten\" \/>\n<script type=\"application\/ld+json\" class=\"yoast-schema-graph\">{\"@context\":\"https:\/\/schema.org\",\"@graph\":[{\"@type\":\"WebSite\",\"@id\":\"https:\/\/www.deanreed.de\/AmericanRebel\/2017\/#website\",\"url\":\"https:\/\/www.deanreed.de\/AmericanRebel\/2017\/\",\"name\":\"Onlinezeitung AmericanRebel\",\"description\":\"Internationale Onlinezeitung f\\u00fcr Frieden, Humanismus, V\\u00f6lkerverst\\u00e4ndigung und Kultur\",\"potentialAction\":[{\"@type\":\"SearchAction\",\"target\":{\"@type\":\"EntryPoint\",\"urlTemplate\":\"https:\/\/www.deanreed.de\/AmericanRebel\/2017\/?s={search_term_string}\"},\"query-input\":\"required name=search_term_string\"}],\"inLanguage\":\"de\"},{\"@type\":\"ImageObject\",\"@id\":\"https:\/\/www.deanreed.de\/AmericanRebel\/2017\/2021\/11\/04\/weltklimakonferenz-massive-proteste-begleiten-die-beschwichtingshow-in-glasgow\/#primaryimage\",\"inLanguage\":\"de\",\"url\":\"https:\/\/www.deanreed.de\/AmericanRebel\/2017\/wp-content\/uploads\/2021\/11\/w456png.png\",\"contentUrl\":\"https:\/\/www.deanreed.de\/AmericanRebel\/2017\/wp-content\/uploads\/2021\/11\/w456png.png\",\"width\":640,\"height\":460},{\"@type\":\"WebPage\",\"@id\":\"https:\/\/www.deanreed.de\/AmericanRebel\/2017\/2021\/11\/04\/weltklimakonferenz-massive-proteste-begleiten-die-beschwichtingshow-in-glasgow\/#webpage\",\"url\":\"https:\/\/www.deanreed.de\/AmericanRebel\/2017\/2021\/11\/04\/weltklimakonferenz-massive-proteste-begleiten-die-beschwichtingshow-in-glasgow\/\",\"name\":\"- Weltklimakonferenz: Massive Proteste begleiten die Beschwichtingshow in Glasgow &ndash; Onlinezeitung AmericanRebel\",\"isPartOf\":{\"@id\":\"https:\/\/www.deanreed.de\/AmericanRebel\/2017\/#website\"},\"primaryImageOfPage\":{\"@id\":\"https:\/\/www.deanreed.de\/AmericanRebel\/2017\/2021\/11\/04\/weltklimakonferenz-massive-proteste-begleiten-die-beschwichtingshow-in-glasgow\/#primaryimage\"},\"datePublished\":\"2021-11-04T04:02:46+00:00\",\"dateModified\":\"2021-11-04T04:09:58+00:00\",\"author\":{\"@id\":\"https:\/\/www.deanreed.de\/AmericanRebel\/2017\/#\/schema\/person\/9edfca7917cd10b75edaae51c6e7935a\"},\"breadcrumb\":{\"@id\":\"https:\/\/www.deanreed.de\/AmericanRebel\/2017\/2021\/11\/04\/weltklimakonferenz-massive-proteste-begleiten-die-beschwichtingshow-in-glasgow\/#breadcrumb\"},\"inLanguage\":\"de\",\"potentialAction\":[{\"@type\":\"ReadAction\",\"target\":[\"https:\/\/www.deanreed.de\/AmericanRebel\/2017\/2021\/11\/04\/weltklimakonferenz-massive-proteste-begleiten-die-beschwichtingshow-in-glasgow\/\"]}]},{\"@type\":\"BreadcrumbList\",\"@id\":\"https:\/\/www.deanreed.de\/AmericanRebel\/2017\/2021\/11\/04\/weltklimakonferenz-massive-proteste-begleiten-die-beschwichtingshow-in-glasgow\/#breadcrumb\",\"itemListElement\":[{\"@type\":\"ListItem\",\"position\":1,\"name\":\"Startseite\",\"item\":\"https:\/\/www.deanreed.de\/AmericanRebel\/2017\/\"},{\"@type\":\"ListItem\",\"position\":2,\"name\":\"&#8211; Weltklimakonferenz: Massive Proteste begleiten die Beschwichtingshow in Glasgow\"}]},{\"@type\":\"Person\",\"@id\":\"https:\/\/www.deanreed.de\/AmericanRebel\/2017\/#\/schema\/person\/9edfca7917cd10b75edaae51c6e7935a\",\"name\":\"Redaktion\",\"url\":\"https:\/\/www.deanreed.de\/AmericanRebel\/2017\/author\/redaktion\/\"}]}<\/script>\n<!-- \/ Yoast SEO plugin. -->","yoast_head_json":{"title":"- Weltklimakonferenz: Massive Proteste begleiten die Beschwichtingshow in Glasgow &ndash; Onlinezeitung AmericanRebel","robots":{"index":"index","follow":"follow","max-snippet":"max-snippet:-1","max-image-preview":"max-image-preview:large","max-video-preview":"max-video-preview:-1"},"canonical":"https:\/\/www.deanreed.de\/AmericanRebel\/2017\/2021\/11\/04\/weltklimakonferenz-massive-proteste-begleiten-die-beschwichtingshow-in-glasgow\/","og_locale":"de_DE","og_type":"article","og_title":"- Weltklimakonferenz: Massive Proteste begleiten die Beschwichtingshow in Glasgow &ndash; Onlinezeitung AmericanRebel","og_description":"Unter hohen Erwartungen an die Regierungen der Welt hat in Glasgow eine Neuauflage der bekannten Unterhaltungsshow Namens \u00bbWeltklimakonferenz der Vereinten Nationen\u00ab begonnen. Der Klimawandel wird nun in keinem der mit D\u00fcsenjets angereisten Staatspr\u00e4sidenten und anderen mehr oder wenig talentierten Unterhaltungsk\u00fcnstlern aus den Parlamenten bestritten.","og_url":"https:\/\/www.deanreed.de\/AmericanRebel\/2017\/2021\/11\/04\/weltklimakonferenz-massive-proteste-begleiten-die-beschwichtingshow-in-glasgow\/","og_site_name":"Onlinezeitung AmericanRebel","article_published_time":"2021-11-04T04:02:46+00:00","article_modified_time":"2021-11-04T04:09:58+00:00","og_image":[{"width":640,"height":460,"url":"https:\/\/www.deanreed.de\/AmericanRebel\/2017\/wp-content\/uploads\/2021\/11\/w456png.png","type":"image\/png"}],"twitter_card":"summary_large_image","twitter_misc":{"Verfasst von":"Redaktion","Gesch\u00e4tzte Lesezeit":"5\u00a0Minuten"},"schema":{"@context":"https:\/\/schema.org","@graph":[{"@type":"WebSite","@id":"https:\/\/www.deanreed.de\/AmericanRebel\/2017\/#website","url":"https:\/\/www.deanreed.de\/AmericanRebel\/2017\/","name":"Onlinezeitung AmericanRebel","description":"Internationale Onlinezeitung f\u00fcr Frieden, Humanismus, V\u00f6lkerverst\u00e4ndigung und Kultur","potentialAction":[{"@type":"SearchAction","target":{"@type":"EntryPoint","urlTemplate":"https:\/\/www.deanreed.de\/AmericanRebel\/2017\/?s={search_term_string}"},"query-input":"required name=search_term_string"}],"inLanguage":"de"},{"@type":"ImageObject","@id":"https:\/\/www.deanreed.de\/AmericanRebel\/2017\/2021\/11\/04\/weltklimakonferenz-massive-proteste-begleiten-die-beschwichtingshow-in-glasgow\/#primaryimage","inLanguage":"de","url":"https:\/\/www.deanreed.de\/AmericanRebel\/2017\/wp-content\/uploads\/2021\/11\/w456png.png","contentUrl":"https:\/\/www.deanreed.de\/AmericanRebel\/2017\/wp-content\/uploads\/2021\/11\/w456png.png","width":640,"height":460},{"@type":"WebPage","@id":"https:\/\/www.deanreed.de\/AmericanRebel\/2017\/2021\/11\/04\/weltklimakonferenz-massive-proteste-begleiten-die-beschwichtingshow-in-glasgow\/#webpage","url":"https:\/\/www.deanreed.de\/AmericanRebel\/2017\/2021\/11\/04\/weltklimakonferenz-massive-proteste-begleiten-die-beschwichtingshow-in-glasgow\/","name":"- Weltklimakonferenz: Massive Proteste begleiten die Beschwichtingshow in Glasgow &ndash; Onlinezeitung AmericanRebel","isPartOf":{"@id":"https:\/\/www.deanreed.de\/AmericanRebel\/2017\/#website"},"primaryImageOfPage":{"@id":"https:\/\/www.deanreed.de\/AmericanRebel\/2017\/2021\/11\/04\/weltklimakonferenz-massive-proteste-begleiten-die-beschwichtingshow-in-glasgow\/#primaryimage"},"datePublished":"2021-11-04T04:02:46+00:00","dateModified":"2021-11-04T04:09:58+00:00","author":{"@id":"https:\/\/www.deanreed.de\/AmericanRebel\/2017\/#\/schema\/person\/9edfca7917cd10b75edaae51c6e7935a"},"breadcrumb":{"@id":"https:\/\/www.deanreed.de\/AmericanRebel\/2017\/2021\/11\/04\/weltklimakonferenz-massive-proteste-begleiten-die-beschwichtingshow-in-glasgow\/#breadcrumb"},"inLanguage":"de","potentialAction":[{"@type":"ReadAction","target":["https:\/\/www.deanreed.de\/AmericanRebel\/2017\/2021\/11\/04\/weltklimakonferenz-massive-proteste-begleiten-die-beschwichtingshow-in-glasgow\/"]}]},{"@type":"BreadcrumbList","@id":"https:\/\/www.deanreed.de\/AmericanRebel\/2017\/2021\/11\/04\/weltklimakonferenz-massive-proteste-begleiten-die-beschwichtingshow-in-glasgow\/#breadcrumb","itemListElement":[{"@type":"ListItem","position":1,"name":"Startseite","item":"https:\/\/www.deanreed.de\/AmericanRebel\/2017\/"},{"@type":"ListItem","position":2,"name":"&#8211; Weltklimakonferenz: Massive Proteste begleiten die Beschwichtingshow in Glasgow"}]},{"@type":"Person","@id":"https:\/\/www.deanreed.de\/AmericanRebel\/2017\/#\/schema\/person\/9edfca7917cd10b75edaae51c6e7935a","name":"Redaktion","url":"https:\/\/www.deanreed.de\/AmericanRebel\/2017\/author\/redaktion\/"}]}},"_links":{"self":[{"href":"https:\/\/www.deanreed.de\/AmericanRebel\/2017\/wp-json\/wp\/v2\/posts\/28722"}],"collection":[{"href":"https:\/\/www.deanreed.de\/AmericanRebel\/2017\/wp-json\/wp\/v2\/posts"}],"about":[{"href":"https:\/\/www.deanreed.de\/AmericanRebel\/2017\/wp-json\/wp\/v2\/types\/post"}],"author":[{"embeddable":true,"href":"https:\/\/www.deanreed.de\/AmericanRebel\/2017\/wp-json\/wp\/v2\/users\/2"}],"replies":[{"embeddable":true,"href":"https:\/\/www.deanreed.de\/AmericanRebel\/2017\/wp-json\/wp\/v2\/comments?post=28722"}],"version-history":[{"count":9,"href":"https:\/\/www.deanreed.de\/AmericanRebel\/2017\/wp-json\/wp\/v2\/posts\/28722\/revisions"}],"predecessor-version":[{"id":28733,"href":"https:\/\/www.deanreed.de\/AmericanRebel\/2017\/wp-json\/wp\/v2\/posts\/28722\/revisions\/28733"}],"wp:attachment":[{"href":"https:\/\/www.deanreed.de\/AmericanRebel\/2017\/wp-json\/wp\/v2\/media?parent=28722"}],"wp:term":[{"taxonomy":"category","embeddable":true,"href":"https:\/\/www.deanreed.de\/AmericanRebel\/2017\/wp-json\/wp\/v2\/categories?post=28722"},{"taxonomy":"post_tag","embeddable":true,"href":"https:\/\/www.deanreed.de\/AmericanRebel\/2017\/wp-json\/wp\/v2\/tags?post=28722"}],"curies":[{"name":"wp","href":"https:\/\/api.w.org\/{rel}","templated":true}]}}