{"id":28709,"date":"2021-11-02T20:37:44","date_gmt":"2021-11-02T19:37:44","guid":{"rendered":"http:\/\/www.deanreed.de\/AmericanRebel\/2017\/?p=28709"},"modified":"2021-11-03T14:55:10","modified_gmt":"2021-11-03T13:55:10","slug":"ya-basta-db-es-reicht","status":"publish","type":"post","link":"https:\/\/www.deanreed.de\/AmericanRebel\/2017\/2021\/11\/02\/ya-basta-db-es-reicht\/","title":{"rendered":"&#8211;  \u201eYa Basta, DB \u2013 Es reicht!\u201c"},"content":{"rendered":"<blockquote><p><em><span style=\"font-family: verdana, geneva, sans-serif; font-size: 12pt;\">Redaktion RoterMorgen \u2013 2. November 2021<\/span><\/em><\/p><\/blockquote>\n<div data-contents=\"true\">\n<div class=\"\" data-block=\"true\" data-editor=\"96gm0\" data-offset-key=\"3d4ck-0-0\">\n<div class=\"public-DraftStyleDefault-block public-DraftStyleDefault-ltr\" style=\"text-align: justify;\" data-offset-key=\"3d4ck-0-0\">\n<p><span style=\"color: #993300; font-size: 16pt;\"><strong><span style=\"font-family: verdana, geneva, sans-serif;\">\u201eYa Basta, DB \u2013 Es reicht!\u201c<\/span><\/strong><\/span><\/p>\n<p><strong><span style=\"font-family: verdana, geneva, sans-serif; font-size: 12pt;\">Bundes- und weltweit protestierten am vergangenen Samstag viele Aktivisten\/-innen mit einem Aktionstag gegen das zerst\u00f6rerische <span id=\"decorator-ignored-entity-id-5\" data-entity-key=\"5\" data-offset-key=\"3d4ck-1-0\">Megainfratrukturprojekt<\/span> in Mexiko und die koloniale Schiene der Deutschen Bahn. Der zynisch bezeichnete &#8222;<span id=\"decorator-ignored-entity-id-9\" data-entity-key=\"9\" data-offset-key=\"3d4ck-3-0\">Tren<\/span> Maya&#8220; soll auf \u00fcber 1.500 Kilometern f\u00fcnf mexikanische Bundesstaaten verbinden und ein <span id=\"decorator-corrected-entity-id-13\" data-entity-key=\"13\" data-offset-key=\"3d4ck-5-0\">Touristenmagnet<\/span> werden.<\/span><\/strong><\/p>\n<\/div>\n<\/div>\n<\/div>\n<div class=\"\" style=\"text-align: justify;\" data-block=\"true\" data-editor=\"96gm0\" data-offset-key=\"3d4ck-0-0\">\n<div class=\"public-DraftStyleDefault-block public-DraftStyleDefault-ltr\" style=\"text-align: justify;\" data-offset-key=\"5i17j-0-0\">\n<p><span style=\"font-family: verdana, geneva, sans-serif; font-size: 12pt;\"><img loading=\"lazy\" class=\" wp-image-28712 alignright\" src=\"http:\/\/www.deanreed.de\/AmericanRebel\/2017\/wp-content\/uploads\/2021\/11\/20210918-nota-trenmaya-jpgbe2a0e-image-300x216.jpg\" alt=\"\" width=\"336\" height=\"242\" srcset=\"https:\/\/www.deanreed.de\/AmericanRebel\/2017\/wp-content\/uploads\/2021\/11\/20210918-nota-trenmaya-jpgbe2a0e-image-300x216.jpg 300w, https:\/\/www.deanreed.de\/AmericanRebel\/2017\/wp-content\/uploads\/2021\/11\/20210918-nota-trenmaya-jpgbe2a0e-image.jpg 640w\" sizes=\"(max-width: 336px) 100vw, 336px\" \/>Die mexikanische Regierung wirbt mit einem Anstieg des Tourismus und vielen Arbeitspl\u00e4tzen f\u00fcr die neue Strecke. Tats\u00e4chlich aber bedeutet das Megaprojekt die Zerst\u00f6rung der letzten artenreichen Urw\u00e4lder des s\u00fcdamerikanischen Kontinents (darunter 23 Naturschutzgebiete), Landnahme, Vertreibung und die Missachtung der Rechte der indigenen <span id=\"decorator-corrected-entity-id-24\" data-entity-key=\"24\" data-offset-key=\"3d4ck-1-0\">Bev\u00f6lkerung sowie<\/span> die zus\u00e4tzliche Militarisierung einer der konfliktreichsten Regionen Mexikos.<br \/>\n<span style=\"color: #ffffff;\">.<\/span><br \/>\n<\/span><span style=\"font-family: verdana, geneva, sans-serif; font-size: 12pt;\">Unter dem Motto &#8222;<span id=\"decorator-ignored-entity-id-74\" data-entity-key=\"74\" data-offset-key=\"5i17j-1-0\">Ya<\/span> <span id=\"decorator-ignored-entity-id-34\" data-entity-key=\"34\" data-offset-key=\"5i17j-3-0\">Basta<\/span>, DB &#8211; <span id=\"decorator-ignored-entity-id-43\" data-entity-key=\"43\" data-offset-key=\"5i17j-5-0\">Es<\/span> reicht!&#8220; <span id=\"decorator-ignored-entity-id-51\" data-entity-key=\"51\" data-offset-key=\"5i17j-7-0\">beteiligte<\/span>n sich viele Umwelt- und andere Verb\u00e4nde am Aufruf des <span id=\"decorator-ignored-entity-id-69\" data-entity-key=\"69\" data-offset-key=\"5i17j-9-0\">Ya-Basta-Netzes<\/span> am vergangenen Samstag mit einer Protestaktion am globalen Aktionstag gegen das gigantische Bauprojekt in Mexiko. Mit dabei waren u. a. Robin Wood, FFF Stuttgart, die Recherche-AG <span id=\"decorator-ignored-entity-id-78\" data-entity-key=\"78\" data-offset-key=\"5i17j-11-0\">des Netz<\/span> der Rebellion, die <span id=\"decorator-ignored-entity-id-83\" data-entity-key=\"83\" data-offset-key=\"5i17j-13-0\">Anti<\/span> <span id=\"decorator-ignored-entity-id-81\" data-entity-key=\"81\" data-offset-key=\"5i17j-15-0\">Colonial<\/span> Alliance Berlin (<span id=\"decorator-ignored-entity-id-90\" data-entity-key=\"90\" data-offset-key=\"5i17j-17-0\">ACAB<\/span>) und die Initiative <span id=\"decorator-ignored-entity-id-96\" data-entity-key=\"96\" data-offset-key=\"5i17j-19-0\">Demokratischer<\/span> <span id=\"decorator-ignored-entity-id-101\" data-entity-key=\"101\" data-offset-key=\"5i17j-21-0\">Konf\u00f6rderalismus<\/span> (IDK). In Deutschland gab es Aktionen in <span id=\"decorator-ignored-entity-id-105\" data-entity-key=\"105\" data-offset-key=\"5i17j-25-0\">L\u00fctzerath<\/span>, Berlin, Hamburg, Hannover, M\u00fcnster, Leipzig, Frankfurt, Stuttgart, M\u00fcnchen, und D\u00fcsseldorf. Auch aus Mexiko City und der <span id=\"decorator-ignored-entity-id-108\" data-entity-key=\"108\" data-offset-key=\"5i17j-27-0\">Yucat\u00e1n Halbinsel,<\/span><\/span><span data-offset-key=\"5i17j-28-0\"><span style=\"font-family: verdana, geneva, sans-serif; font-size: 12pt;\"> wurden Protestveranstaltungen gemeldet.<br \/>\n<span style=\"color: #ffffff;\">.<\/span><\/span><\/span><span data-offset-key=\"5i17j-28-0\"><span style=\"font-family: verdana, geneva, sans-serif; font-size: 12pt;\"><br \/>\n<\/span><\/span><\/p>\n<\/div>\n<div class=\"public-DraftStyleDefault-block public-DraftStyleDefault-ltr\" style=\"text-align: justify;\" data-offset-key=\"5i17j-0-0\">\n<div id=\"attachment_28710\" style=\"width: 271px\" class=\"wp-caption alignleft\"><img aria-describedby=\"caption-attachment-28710\" loading=\"lazy\" class=\"size-medium wp-image-28710\" src=\"http:\/\/www.deanreed.de\/AmericanRebel\/2017\/wp-content\/uploads\/2021\/11\/FC9cu37WYAk-K7a-261x300.jpg\" alt=\"\" width=\"261\" height=\"300\" srcset=\"https:\/\/www.deanreed.de\/AmericanRebel\/2017\/wp-content\/uploads\/2021\/11\/FC9cu37WYAk-K7a-261x300.jpg 261w, https:\/\/www.deanreed.de\/AmericanRebel\/2017\/wp-content\/uploads\/2021\/11\/FC9cu37WYAk-K7a.jpg 622w\" sizes=\"(max-width: 261px) 100vw, 261px\" \/><p id=\"caption-attachment-28710\" class=\"wp-caption-text\">Die Aktivistin Angelika bei ihrer Rede. <span style=\"color: #808080;\">Bild: Roland Hagele<\/span><\/p><\/div>\n<p><span style=\"font-family: verdana, geneva, sans-serif; font-size: 12pt;\"><span data-offset-key=\"5i17j-0-0\">\u201e<\/span><span id=\"decorator-ignored-entity-id-119\" data-entity-key=\"119\" data-offset-key=\"5i17j-1-0\"><span data-offset-key=\"5i17j-1-0\">Tren<\/span><\/span><span data-offset-key=\"5i17j-2-0\"> Maya\u201c, zu deutsch \u201eMaya-Zug\u201c, ist ein Megainfrastrukturprojekt im S\u00fcden Mexikos, an dem sich zahlreiche deutsche Unternehmen, allen voran die Deutsche Bahn, aber auch Siemens, T\u00dcV oder <\/span><span id=\"decorator-ignored-entity-id-124\" data-entity-key=\"124\" data-offset-key=\"5i17j-3-0\"><span data-offset-key=\"5i17j-3-0\">Heckler<\/span><\/span><span data-offset-key=\"5i17j-4-0\"> &amp; Koch beteiligen. In ihrer Rede auf der Kundgebung in Stuttgart sagte die <a href=\"https:\/\/rotermorgen.eu\/wp-content\/uploads\/2021\/11\/Rede-von-Angelika.pdf\" target=\"_blank\" rel=\"noopener\">ROBIN WOOD-Aktivistin Angelika<\/a> unter anderem: (\u2026) \u201eWir stehen heute hier, weil sich der staatseigene DB-Konzern an einem gigantischen Projekt im S\u00fcdosten Mexikos beteiligt. Das Schienen-, Autobahn- und Flughafen-Projekt wird von der mexikanischen Regierung \u201a<\/span><span id=\"decorator-ignored-entity-id-120\" data-entity-key=\"120\" data-offset-key=\"5i17j-5-0\"><span data-offset-key=\"5i17j-5-0\">Tren<\/span><\/span><span data-offset-key=\"5i17j-6-0\"> Maya\u2018 genannt und schon das ist ein Begriff, gegen den sich die indigenen Menschen und Organisationen vor Ort wehren und den auch wir ablehnen. Es ist ein Name, der die Rechte der indigenen Menschen und die jahrtausendealte Kultur der Maya missachtet.\u201c <\/span><span id=\"decorator-ignored-entity-id-127\" data-entity-key=\"127\" data-offset-key=\"5i17j-7-0\"><span data-offset-key=\"5i17j-7-0\">(\u2026)<\/span><\/span><span data-offset-key=\"5i17j-8-0\">.<\/span><\/span><\/p>\n<\/div>\n<\/div>\n<p style=\"text-align: justify;\"><span style=\"font-family: verdana, geneva, sans-serif; font-size: 12pt;\"><span style=\"color: #ffffff;\">&#8230;<\/span><span data-offset-key=\"4k0kb-0-0\">In Hamburg gab es Redebeitr\u00e4ge vom lokalen B\u00fcndnis gegen den <\/span><span id=\"decorator-ignored-entity-id-139\" data-entity-key=\"139\" data-offset-key=\"4k0kb-1-0\"><span data-offset-key=\"4k0kb-1-0\">Tren<\/span><\/span><span data-offset-key=\"4k0kb-2-0\"> Maya, aber auch von einem Aktivisten, der als Gefl\u00fcchteter in Hamburg lebt und aktiv ist und von der Begegnung mit den <\/span><span id=\"decorator-ignored-entity-id-138\" data-entity-key=\"138\" data-offset-key=\"4k0kb-3-0\"><span data-offset-key=\"4k0kb-3-0\">Zapatista<\/span><\/span><span data-offset-key=\"4k0kb-4-0\"> w\u00e4hrend der \u201e<\/span><span id=\"decorator-ignored-entity-id-141\" data-entity-key=\"141\" data-offset-key=\"4k0kb-5-0\"><span data-offset-key=\"4k0kb-5-0\">gira<\/span><\/span> <span id=\"decorator-ignored-entity-id-140\" data-entity-key=\"140\" data-offset-key=\"4k0kb-7-0\"><span data-offset-key=\"4k0kb-7-0\">zapatista<\/span><\/span><span data-offset-key=\"4k0kb-8-0\"> \/ Reise f\u00fcr das Leben\u201c Anfang Oktober berichtete und die Gemeinsamkeit verschiedener K\u00e4mpfe gegen die gleiche Unterdr\u00fcckung hervorhob.\u00a0 <div class=\"hide-this-part-wrap\"><div class=\"hide-this-part-more\" id=\"hide-this-part-0\" morelink-text=\"hier geht es weiter\">hier geht es weiter \u00bb<\/div><div class=\"hide-this-part\" status=\"invisible\"><\/span><br \/>\n<\/span><\/p>\n<div id=\"attachment_28713\" style=\"width: 643px\" class=\"wp-caption aligncenter\"><img aria-describedby=\"caption-attachment-28713\" loading=\"lazy\" class=\" wp-image-28713\" src=\"http:\/\/www.deanreed.de\/AmericanRebel\/2017\/wp-content\/uploads\/2021\/11\/zhh-300x127.jpg\" alt=\"\" width=\"633\" height=\"268\" srcset=\"https:\/\/www.deanreed.de\/AmericanRebel\/2017\/wp-content\/uploads\/2021\/11\/zhh-300x127.jpg 300w, https:\/\/www.deanreed.de\/AmericanRebel\/2017\/wp-content\/uploads\/2021\/11\/zhh-1024x434.jpg 1024w, https:\/\/www.deanreed.de\/AmericanRebel\/2017\/wp-content\/uploads\/2021\/11\/zhh-768x325.jpg 768w, https:\/\/www.deanreed.de\/AmericanRebel\/2017\/wp-content\/uploads\/2021\/11\/zhh.jpg 1180w\" sizes=\"(max-width: 633px) 100vw, 633px\" \/><p id=\"caption-attachment-28713\" class=\"wp-caption-text\">30.10.2012. Bild von der Aktion in Hamburg. <span style=\"color: #808080;\">Bild: unbekannt<\/span><\/p><\/div>\n<div id=\"attachment_28714\" style=\"width: 643px\" class=\"wp-caption aligncenter\"><img aria-describedby=\"caption-attachment-28714\" loading=\"lazy\" class=\" wp-image-28714\" src=\"http:\/\/www.deanreed.de\/AmericanRebel\/2017\/wp-content\/uploads\/2021\/11\/20211030_134100_1-300x119.jpg\" alt=\"\" width=\"633\" height=\"251\" srcset=\"https:\/\/www.deanreed.de\/AmericanRebel\/2017\/wp-content\/uploads\/2021\/11\/20211030_134100_1-300x119.jpg 300w, https:\/\/www.deanreed.de\/AmericanRebel\/2017\/wp-content\/uploads\/2021\/11\/20211030_134100_1-768x305.jpg 768w, https:\/\/www.deanreed.de\/AmericanRebel\/2017\/wp-content\/uploads\/2021\/11\/20211030_134100_1.jpg 1024w\" sizes=\"(max-width: 633px) 100vw, 633px\" \/><p id=\"caption-attachment-28714\" class=\"wp-caption-text\">Stuttgart, 30.10.2012, TrenMaya globaler Aktionstag gegen die koloniale Schiene der Deutschen Bahn. <span style=\"color: #808080;\">Bild: Roobin Wood<\/span><\/p><\/div>\n<p style=\"text-align: justify;\"><span style=\"font-family: verdana, geneva, sans-serif; font-size: 12pt;\"><strong>Die mexikanische Regierung r\u00fchrt die Werbetrommel<\/strong><\/span><\/p>\n<p style=\"text-align: justify;\"><span style=\"font-family: verdana, geneva, sans-serif; font-size: 12pt;\">Die mexikanische Regierung wirbt mit einem Anstieg des Tourismus und vielen Arbeitspl\u00e4tzen f\u00fcr die neue Strecke. Tats\u00e4chlich aber bedeutet das Megaprojekt die Zerst\u00f6rung der letzten artenreichen Urw\u00e4lder des s\u00fcdamerikanischen Kontinents (darunter 23 Naturschutzgebiete), Landnahme, Vertreibung und die Missachtung der Rechte der indigenen Bev\u00f6lkerung sowie die zus\u00e4tzliche Militarisierung einer der konfliktreichsten Regionen Mexikos.<br \/>\n<span style=\"color: #ffffff;\">.<\/span><br \/>\n<strong>Satte Profite auf Kosten der indigenen Bev\u00f6lkerung<\/strong><br \/>\n<\/span><\/p>\n<p style=\"text-align: justify;\"><span style=\"font-family: verdana, geneva, sans-serif; font-size: 12pt;\">Mit der Realisierung des privaten Gro\u00dfprojekts werden vor allem die Maya und andere indigene Bev\u00f6lkerungsgruppen aus ihren Gebieten im s\u00fcd\u00f6stlichen Mexiko verdr\u00e4ngt. Ihr Land, bisher gemeinschaftliches d\u00f6rfliches Eigentum, soll enteignet werden. Die ILO-Konvention 169 \u00fcber die Rechte indigener V\u00f6lker schreibt vor, dass vor jeder Planung in einem indigenen Gebiet Umweltvertr\u00e4glichkeitsstudien unternommen und die betroffenen Menschen befragt und beteiligt werden m\u00fcssen. Doch die lokale indigene Bev\u00f6lkerung wurde, wie auch die UN festgestellt hat, vor Beginn des Megaprojekts nicht ausreichend informiert, konsultiert und um Zustimmung gebeten.<\/span><\/p>\n<p style=\"text-align: justify;\"><span style=\"font-family: verdana, geneva, sans-serif; font-size: 12pt;\">Der Maya-Zug ist Teil eines geopolitischen Projekts, das zwei private Gro\u00dfprojekte im S\u00fcden Mexikos von der Pazifik- bis zur Karibikk\u00fcste umfasst. Er wird von der mexikanischen Armee gebaut, verwaltet und finanziell genutzt. Die Deutsche Bahn und andere deutsche Unternehmen beteiligen sich also an \u00d6kozid, Vertreibung und Menschenrechtsverletzungen.<br \/>\n<\/span><\/p>\n<div id=\"attachment_28711\" style=\"width: 343px\" class=\"wp-caption alignright\"><img aria-describedby=\"caption-attachment-28711\" loading=\"lazy\" class=\" wp-image-28711\" src=\"http:\/\/www.deanreed.de\/AmericanRebel\/2017\/wp-content\/uploads\/2021\/11\/Bildschirmfoto-2021-11-02-um-01.35.39-300x229.png\" alt=\"\" width=\"333\" height=\"254\" srcset=\"https:\/\/www.deanreed.de\/AmericanRebel\/2017\/wp-content\/uploads\/2021\/11\/Bildschirmfoto-2021-11-02-um-01.35.39-300x229.png 300w, https:\/\/www.deanreed.de\/AmericanRebel\/2017\/wp-content\/uploads\/2021\/11\/Bildschirmfoto-2021-11-02-um-01.35.39-768x586.png 768w, https:\/\/www.deanreed.de\/AmericanRebel\/2017\/wp-content\/uploads\/2021\/11\/Bildschirmfoto-2021-11-02-um-01.35.39.png 899w\" sizes=\"(max-width: 333px) 100vw, 333px\" \/><p id=\"caption-attachment-28711\" class=\"wp-caption-text\">Mehr als zwei Jahre nach der Ermordung unseres Kameraden Samir Flores wehren wir uns gegen ein weiteres Projekt des Todes. NEIN zum zynisch benannten &#8222;Maya-Zug&#8220;. Vom Gemeinschaftsradio in Amilcingo (Mexico) aus fordern wir Gerechtigkeit f\u00fcr unseres Kameraden, Verteidiger des Lebens!<\/p><\/div>\n<p style=\"text-align: justify;\"><span style=\"font-family: verdana, geneva, sans-serif; font-size: 12pt;\">Das 1500 km lange Infrastrukturprojekt zerst\u00f6rt einen der letzten gro\u00dfen Regenw\u00e4lder des Kontinents und bedroht 23 Naturschutzgebiete. Die Regierung enteignet, vertreibt und kriminalisiert die Menschen in der Region. Das Megaprojekt muss im Zusammenhang mit weiteren Vorhaben in der Region gesehen werden, die alle gemeinsam eine Migrationssperre f\u00fcr die fl\u00fcchtenden Menschen aus Mittelamerika bilden.<br \/>\n<span style=\"color: #ffffff;\">.<\/span><\/span><span style=\"font-family: verdana, geneva, sans-serif; font-size: 12pt;\"><br \/>\n<strong>Weiter k\u00e4mpfen bis zum Sieg!<\/strong><\/span><\/p>\n<p style=\"text-align: justify;\"><span style=\"font-family: verdana, geneva, sans-serif; font-size: 12pt;\">Die Deutsche Bahn muss raus aus Mexiko! Schluss mit Zerst\u00f6rung made in Germany mit privaten Megaprojekten ohne lokale Beteiligung. Die Deutsche Bahn muss ihre Mitwirkung am Tren Maya sofort beenden. Schluss mit neokolonialen Profitinteressen, die vor Menschenrechte und Naturschutz keinen Halt machen!<br \/>\n<span style=\"color: #ffffff;\">&#8230;<\/span>Um eine m\u00f6glichst gro\u00dfe Sichtbarkeit f\u00fcr Kampagnen und lokale K\u00e4mpfe zu erreichen gibt es das Konzept globaler Aktionstage, die zeitgleich stattfinden und sich aufeinander beziehen. Wir werdern weiter dar\u00fcber berichten und bei der Mobilisierung helfen.<br \/>\n<\/span><span style=\"font-family: verdana, geneva, sans-serif; font-size: 8pt; color: #ffffff;\"><strong>.<\/strong><\/span><\/p>\n<p><em><span style=\"font-size: 14pt;\"><strong><span style=\"font-family: verdana, geneva, sans-serif;\">Wir fordern:<\/span><\/strong><\/span><\/em><\/p>\n<div class=\"\" data-block=\"true\" data-editor=\"j6fb\" data-offset-key=\"4g9dk-0-0\">\n<div class=\"public-DraftStyleDefault-block public-DraftStyleDefault-ltr\" style=\"text-align: justify;\" data-offset-key=\"4g9dk-0-0\">\n<p><span style=\"font-family: verdana, geneva, sans-serif; font-size: 14pt;\"><strong><img loading=\"lazy\" class=\"wp-image-6100 alignleft\" src=\"https:\/\/rotermorgen.eu\/wp-content\/uploads\/2020\/10\/2-Kopie-2-1.png\" alt=\"\" width=\"181\" height=\"338\" \/><span style=\"font-size: 12pt; font-family: verdana, geneva, sans-serif;\"><span style=\"color: #ffffff;\">.<\/span><br \/>\nDeutsche Bahn raus aus Mexiko!<\/span><\/strong><\/span><\/p>\n<p><span style=\"font-size: 12pt; font-family: verdana, geneva, sans-serif;\"><strong>Schluss mit der Zerst\u00f6rung des Regenwaldes!<br \/>\n<\/strong><\/span><\/p>\n<p><span style=\"font-size: 12pt; font-family: verdana, geneva, sans-serif;\"><strong>Beebdet die Zerst\u00f6rung der letzten artenreichen Urw\u00e4lder des s\u00fcdamerikanischen Kontinents!<\/strong><\/span><\/p>\n<p><span style=\"font-size: 12pt; font-family: verdana, geneva, sans-serif;\"><strong>Schluss mit Landnahme, Vertreibung und der Missachtung der Rechte der indigenen Bev\u00f6lkerung!<\/strong><\/span><\/p>\n<p><span style=\"font-size: 14pt; font-family: verdana, geneva, sans-serif;\"><strong><span style=\"font-size: 12pt;\">Proletarier und unterdr\u00fcckte V\u00f6lker vereinigt euch im Kampf gegen das Kapital!<\/span><br \/>\n<\/strong><\/span><\/p>\n<\/div>\n<\/div>\n<div data-contents=\"true\">\n<div class=\"\" data-block=\"true\" data-editor=\"j6fb\" data-offset-key=\"4g9dk-0-0\">\n<div class=\"public-DraftStyleDefault-block public-DraftStyleDefault-ltr\" style=\"text-align: justify;\" data-offset-key=\"4g9dk-0-0\">\n<p><span style=\"color: #ffffff;\">.<\/span><\/p>\n<\/div>\n<\/div>\n<\/div>\n<p><span style=\"font-size: 14pt;\"><em><strong><span style=\"font-family: verdana, geneva, sans-serif;\">Lest dazu bitte auch:<\/span><\/strong><\/em><\/span><\/p>\n<ul>\n<li><span style=\"font-family: verdana, geneva, sans-serif; font-size: 10pt;\">Text der Rede der Aktivistin Angelika vor dem Stuttgarter Hauptbahnhof <a href=\"https:\/\/rotermorgen.eu\/wp-content\/uploads\/2021\/11\/Rede-von-Angelika.pdf\" target=\"_blank\" rel=\"noopener\">zum lesen und download<\/a><br \/>\n<\/span><\/li>\n<li><span style=\"font-family: verdana, geneva, sans-serif; font-size: 10pt;\"><a href=\"https:\/\/www.youtube.com\/watch?v=RKWdKmUU1g0\" target=\"_blank\" rel=\"noopener\">Rede der Aktivistin Angelika als Video<\/a><\/span><\/li>\n<li><span style=\"font-family: verdana, geneva, sans-serif; font-size: 10pt;\">Die Kampagne gegen das Tren-Maya-Projekt nimmt gerade Fahrt auf, f\u00fcr weitere Aktivit\u00e4ten, Termine etc., gibt es eine <a href=\"https:\/\/bahn.ya-basta-netz.org\/\">Infoseite<\/a>.<\/span><\/li>\n<li><span style=\"font-family: verdana, geneva, sans-serif; font-size: 10pt;\"><a href=\"https:\/\/www.congresonacionalindigena.org\/2021\/10\/24\/aufruf-convocatoria-call-for-action-30-10-2021-10h-mexiko-16h-central-europe-globaler-aktionstag-gegen-okozid-vertreibung-nein-zum-maya-zug-und-der-kolonialen-schiene\/\" target=\"_blank\" rel=\"noopener\">Aufruf<\/a> der Recherche AG des Netz der Rebellion<\/span><\/li>\n<li><a href=\"https:\/\/www.ya-basta-netz.org\/tren-maya-made-in-germany\/\" target=\"_blank\" rel=\"noopener\">Video der zapatistischen Gru\u00dfbotschaft an die Menschen in Stuttgart<\/a>: https:\/\/youtu.be\/qGVdvrGh5R0<\/li>\n<li>Lateinamerika Nachrichten: <a href=\"https:\/\/lateinamerika-nachrichten.de\/artikel\/sie-wollen-uns-ausloeschen\/\" target=\"_blank\" rel=\"noopener\">Interview mit dem Maya-Aktivisten Pedro Uc Be<\/a> zum Widerstand gegen \u201eTren Maya\u201c.<\/li>\n<li>amerika-21: Mexiko: <a href=\"https:\/\/amerika21.de\/2020\/12\/245879\/hundertausende-stopp-tren-maya .\" target=\"_blank\" rel=\"noopener\">Hundertausende fordern Aussetzung des \u201eTren Maya\u201c-Projekts<\/a><\/li>\n<\/ul>\n<p style=\"text-align: justify;\"><span style=\"color: #ffffff;\">.<br \/>\n<\/span><span style=\"font-family: verdana, geneva, sans-serif; font-size: 10pt;\">Erstver\u00f6ffentlichung am 2. November 2021 auf \u00bb<a href=\"https:\/\/rotermorgen.eu\/\" target=\"_blank\" rel=\"noopener\">RoterMorgen<\/a>\u00ab. Ver\u00f6ffentlichung mit freundlicher Genehmigung des Herausgebers.<br \/>\n<span style=\"color: #ffffff;\">.<\/span><br \/>\n<\/span><\/p>\n<p style=\"text-align: justify;\"><a href=\"https:\/\/www.paypal.com\/de\/home\" target=\"_blank\" rel=\"noopener\"><img loading=\"lazy\" class=\"wp-image-26501 aligncenter\" src=\"http:\/\/www.deanreed.de\/AmericanRebel\/2017\/wp-content\/uploads\/2037\/12\/1-300x72.png\" alt=\"\" width=\"661\" height=\"159\" srcset=\"https:\/\/www.deanreed.de\/AmericanRebel\/2017\/wp-content\/uploads\/2037\/12\/1-300x72.png 300w, https:\/\/www.deanreed.de\/AmericanRebel\/2017\/wp-content\/uploads\/2037\/12\/1-1024x245.png 1024w, https:\/\/www.deanreed.de\/AmericanRebel\/2017\/wp-content\/uploads\/2037\/12\/1-768x184.png 768w, https:\/\/www.deanreed.de\/AmericanRebel\/2017\/wp-content\/uploads\/2037\/12\/1-1536x367.png 1536w, https:\/\/www.deanreed.de\/AmericanRebel\/2017\/wp-content\/uploads\/2037\/12\/1-2048x489.png 2048w\" sizes=\"(max-width: 661px) 100vw, 661px\" \/><\/a><\/p>\n<blockquote>\n<div style=\"margin-left: 10px;\"><a title=\"zur Startseite\" href=\"http:\/\/www.americanrebel.de\/\"><img loading=\"lazy\" class=\"alignleft\" src=\"http:\/\/www.deanreed.de\/AmericanRebel\/2017\/wp-content\/uploads\/2017\/03\/back_ar.png\" alt=\"zur\u00fcck zur Startseite\" width=\"156\" height=\"15\" \/><\/a><\/div>\n<div style=\"margin-right: 10px;\"><a href=\"https:\/\/www.facebook.com\/groups\/1683837971860223\/permalink\/1987214344855916\/\" target=\"_blank\" rel=\"noopener noreferrer\"><img loading=\"lazy\" class=\"alignright\" src=\"http:\/\/www.deanreed.de\/AmericanRebel\/2017\/wp-content\/uploads\/2017\/03\/ar_zu_fb.png\" alt=\"hier geht es zur Facebook Diskussionsgruppe\" width=\"353\" height=\"15\" \/><\/a><\/div>\n<p style=\"text-align: center;\"><a href=\"#respond\" target=\"_blank\" rel=\"noopener noreferrer\"><img loading=\"lazy\" class=\"aligncenter\" src=\"http:\/\/www.deanreed.de\/AmericanRebel\/2017\/wp-content\/uploads\/2017\/03\/ar_kommentar-1.png\" alt=\"Sag uns deine Meinung zum Artikel mit einem Kommentar\/Leserbrief\" width=\"627\" height=\"20\" \/><\/a><\/p>\n<\/blockquote>\n<p><\/div><!-- .hide-this-part --><\/div><!-- hide-this-part-wrap --><\/p>\n","protected":false},"excerpt":{"rendered":"<p>Redaktion RoterMorgen \u2013 2. November 2021 \u201eYa Basta, DB \u2013 Es reicht!\u201c Bundes- und weltweit protestierten am vergangenen Samstag viele Aktivisten\/-innen mit einem Aktionstag gegen das zerst\u00f6rerische Megainfratrukturprojekt in Mexiko und die koloniale Schiene der Deutschen Bahn. Der zynisch bezeichnete [&hellip;]<a class=\"more-link\" href=\"https:\/\/www.deanreed.de\/AmericanRebel\/2017\/2021\/11\/02\/ya-basta-db-es-reicht\/\">&darr; Lese den Rest von diesem Eintrag&#8230;<\/a><\/p>\n","protected":false},"author":2,"featured_media":0,"comment_status":"open","ping_status":"open","sticky":false,"template":"","format":"standard","meta":[],"categories":[4839],"tags":[748,2149,5402,4791,5403,1329,5404,5405],"yoast_head":"<!-- This site is optimized with the Yoast SEO plugin v17.5 - https:\/\/yoast.com\/wordpress\/plugins\/seo\/ -->\n<title>- \u201eYa Basta, DB \u2013 Es reicht!\u201c &ndash; Onlinezeitung AmericanRebel<\/title>\n<meta name=\"robots\" content=\"index, follow, max-snippet:-1, max-image-preview:large, max-video-preview:-1\" \/>\n<link rel=\"canonical\" href=\"https:\/\/www.deanreed.de\/AmericanRebel\/2017\/2021\/11\/02\/ya-basta-db-es-reicht\/\" \/>\n<meta property=\"og:locale\" content=\"de_DE\" \/>\n<meta property=\"og:type\" content=\"article\" \/>\n<meta property=\"og:title\" content=\"- \u201eYa Basta, DB \u2013 Es reicht!\u201c &ndash; Onlinezeitung AmericanRebel\" \/>\n<meta property=\"og:description\" content=\"Bundes- und weltweit protestieren am vergangenen Samstag viele Aktivisten\/-innen mit einem Aktionstag gegen das zerst\u00f6rerische Megainfratrukturprojekt in Mexiko und die koloniale Schiene der Deutschen Bahn. Der zynisch bezeichnete &quot;Tren Maya&quot; soll auf \u00fcber 1.500 Kilometern f\u00fcnf mexikanische Bundesstaaten verbinden und ein Touristenmagnet werden.\" \/>\n<meta property=\"og:url\" content=\"https:\/\/www.deanreed.de\/AmericanRebel\/2017\/2021\/11\/02\/ya-basta-db-es-reicht\/\" \/>\n<meta property=\"og:site_name\" content=\"Onlinezeitung AmericanRebel\" \/>\n<meta property=\"article:published_time\" content=\"2021-11-02T19:37:44+00:00\" \/>\n<meta property=\"article:modified_time\" content=\"2021-11-03T13:55:10+00:00\" \/>\n<meta property=\"og:image\" content=\"http:\/\/www.deanreed.de\/AmericanRebel\/2017\/wp-content\/uploads\/2021\/11\/20210918-nota-trenmaya-jpgbe2a0e-image.jpg\" \/>\n\t<meta property=\"og:image:width\" content=\"640\" \/>\n\t<meta property=\"og:image:height\" content=\"460\" \/>\n<meta name=\"twitter:card\" content=\"summary_large_image\" \/>\n<meta name=\"twitter:label1\" content=\"Verfasst von\" \/>\n\t<meta name=\"twitter:data1\" content=\"Redaktion\" \/>\n\t<meta name=\"twitter:label2\" content=\"Gesch\u00e4tzte Lesezeit\" \/>\n\t<meta name=\"twitter:data2\" content=\"7\u00a0Minuten\" \/>\n<script type=\"application\/ld+json\" class=\"yoast-schema-graph\">{\"@context\":\"https:\/\/schema.org\",\"@graph\":[{\"@type\":\"WebSite\",\"@id\":\"https:\/\/www.deanreed.de\/AmericanRebel\/2017\/#website\",\"url\":\"https:\/\/www.deanreed.de\/AmericanRebel\/2017\/\",\"name\":\"Onlinezeitung AmericanRebel\",\"description\":\"Internationale Onlinezeitung f\\u00fcr Frieden, Humanismus, V\\u00f6lkerverst\\u00e4ndigung und Kultur\",\"potentialAction\":[{\"@type\":\"SearchAction\",\"target\":{\"@type\":\"EntryPoint\",\"urlTemplate\":\"https:\/\/www.deanreed.de\/AmericanRebel\/2017\/?s={search_term_string}\"},\"query-input\":\"required name=search_term_string\"}],\"inLanguage\":\"de\"},{\"@type\":\"ImageObject\",\"@id\":\"https:\/\/www.deanreed.de\/AmericanRebel\/2017\/2021\/11\/02\/ya-basta-db-es-reicht\/#primaryimage\",\"inLanguage\":\"de\",\"url\":\"https:\/\/www.deanreed.de\/AmericanRebel\/2017\/wp-content\/uploads\/2021\/11\/20210918-nota-trenmaya-jpgbe2a0e-image.jpg\",\"contentUrl\":\"https:\/\/www.deanreed.de\/AmericanRebel\/2017\/wp-content\/uploads\/2021\/11\/20210918-nota-trenmaya-jpgbe2a0e-image.jpg\",\"width\":640,\"height\":460},{\"@type\":\"WebPage\",\"@id\":\"https:\/\/www.deanreed.de\/AmericanRebel\/2017\/2021\/11\/02\/ya-basta-db-es-reicht\/#webpage\",\"url\":\"https:\/\/www.deanreed.de\/AmericanRebel\/2017\/2021\/11\/02\/ya-basta-db-es-reicht\/\",\"name\":\"- \\u201eYa Basta, DB \\u2013 Es reicht!\\u201c &ndash; Onlinezeitung AmericanRebel\",\"isPartOf\":{\"@id\":\"https:\/\/www.deanreed.de\/AmericanRebel\/2017\/#website\"},\"primaryImageOfPage\":{\"@id\":\"https:\/\/www.deanreed.de\/AmericanRebel\/2017\/2021\/11\/02\/ya-basta-db-es-reicht\/#primaryimage\"},\"datePublished\":\"2021-11-02T19:37:44+00:00\",\"dateModified\":\"2021-11-03T13:55:10+00:00\",\"author\":{\"@id\":\"https:\/\/www.deanreed.de\/AmericanRebel\/2017\/#\/schema\/person\/9edfca7917cd10b75edaae51c6e7935a\"},\"breadcrumb\":{\"@id\":\"https:\/\/www.deanreed.de\/AmericanRebel\/2017\/2021\/11\/02\/ya-basta-db-es-reicht\/#breadcrumb\"},\"inLanguage\":\"de\",\"potentialAction\":[{\"@type\":\"ReadAction\",\"target\":[\"https:\/\/www.deanreed.de\/AmericanRebel\/2017\/2021\/11\/02\/ya-basta-db-es-reicht\/\"]}]},{\"@type\":\"BreadcrumbList\",\"@id\":\"https:\/\/www.deanreed.de\/AmericanRebel\/2017\/2021\/11\/02\/ya-basta-db-es-reicht\/#breadcrumb\",\"itemListElement\":[{\"@type\":\"ListItem\",\"position\":1,\"name\":\"Startseite\",\"item\":\"https:\/\/www.deanreed.de\/AmericanRebel\/2017\/\"},{\"@type\":\"ListItem\",\"position\":2,\"name\":\"&#8211; \\u201eYa Basta, DB \\u2013 Es reicht!\\u201c\"}]},{\"@type\":\"Person\",\"@id\":\"https:\/\/www.deanreed.de\/AmericanRebel\/2017\/#\/schema\/person\/9edfca7917cd10b75edaae51c6e7935a\",\"name\":\"Redaktion\",\"url\":\"https:\/\/www.deanreed.de\/AmericanRebel\/2017\/author\/redaktion\/\"}]}<\/script>\n<!-- \/ Yoast SEO plugin. -->","yoast_head_json":{"title":"- \u201eYa Basta, DB \u2013 Es reicht!\u201c &ndash; Onlinezeitung AmericanRebel","robots":{"index":"index","follow":"follow","max-snippet":"max-snippet:-1","max-image-preview":"max-image-preview:large","max-video-preview":"max-video-preview:-1"},"canonical":"https:\/\/www.deanreed.de\/AmericanRebel\/2017\/2021\/11\/02\/ya-basta-db-es-reicht\/","og_locale":"de_DE","og_type":"article","og_title":"- \u201eYa Basta, DB \u2013 Es reicht!\u201c &ndash; Onlinezeitung AmericanRebel","og_description":"Bundes- und weltweit protestieren am vergangenen Samstag viele Aktivisten\/-innen mit einem Aktionstag gegen das zerst\u00f6rerische Megainfratrukturprojekt in Mexiko und die koloniale Schiene der Deutschen Bahn. Der zynisch bezeichnete \"Tren Maya\" soll auf \u00fcber 1.500 Kilometern f\u00fcnf mexikanische Bundesstaaten verbinden und ein Touristenmagnet werden.","og_url":"https:\/\/www.deanreed.de\/AmericanRebel\/2017\/2021\/11\/02\/ya-basta-db-es-reicht\/","og_site_name":"Onlinezeitung AmericanRebel","article_published_time":"2021-11-02T19:37:44+00:00","article_modified_time":"2021-11-03T13:55:10+00:00","og_image":[{"width":640,"height":460,"url":"http:\/\/www.deanreed.de\/AmericanRebel\/2017\/wp-content\/uploads\/2021\/11\/20210918-nota-trenmaya-jpgbe2a0e-image.jpg","type":"image\/jpeg"}],"twitter_card":"summary_large_image","twitter_misc":{"Verfasst von":"Redaktion","Gesch\u00e4tzte Lesezeit":"7\u00a0Minuten"},"schema":{"@context":"https:\/\/schema.org","@graph":[{"@type":"WebSite","@id":"https:\/\/www.deanreed.de\/AmericanRebel\/2017\/#website","url":"https:\/\/www.deanreed.de\/AmericanRebel\/2017\/","name":"Onlinezeitung AmericanRebel","description":"Internationale Onlinezeitung f\u00fcr Frieden, Humanismus, V\u00f6lkerverst\u00e4ndigung und Kultur","potentialAction":[{"@type":"SearchAction","target":{"@type":"EntryPoint","urlTemplate":"https:\/\/www.deanreed.de\/AmericanRebel\/2017\/?s={search_term_string}"},"query-input":"required name=search_term_string"}],"inLanguage":"de"},{"@type":"ImageObject","@id":"https:\/\/www.deanreed.de\/AmericanRebel\/2017\/2021\/11\/02\/ya-basta-db-es-reicht\/#primaryimage","inLanguage":"de","url":"https:\/\/www.deanreed.de\/AmericanRebel\/2017\/wp-content\/uploads\/2021\/11\/20210918-nota-trenmaya-jpgbe2a0e-image.jpg","contentUrl":"https:\/\/www.deanreed.de\/AmericanRebel\/2017\/wp-content\/uploads\/2021\/11\/20210918-nota-trenmaya-jpgbe2a0e-image.jpg","width":640,"height":460},{"@type":"WebPage","@id":"https:\/\/www.deanreed.de\/AmericanRebel\/2017\/2021\/11\/02\/ya-basta-db-es-reicht\/#webpage","url":"https:\/\/www.deanreed.de\/AmericanRebel\/2017\/2021\/11\/02\/ya-basta-db-es-reicht\/","name":"- \u201eYa Basta, DB \u2013 Es reicht!\u201c &ndash; Onlinezeitung AmericanRebel","isPartOf":{"@id":"https:\/\/www.deanreed.de\/AmericanRebel\/2017\/#website"},"primaryImageOfPage":{"@id":"https:\/\/www.deanreed.de\/AmericanRebel\/2017\/2021\/11\/02\/ya-basta-db-es-reicht\/#primaryimage"},"datePublished":"2021-11-02T19:37:44+00:00","dateModified":"2021-11-03T13:55:10+00:00","author":{"@id":"https:\/\/www.deanreed.de\/AmericanRebel\/2017\/#\/schema\/person\/9edfca7917cd10b75edaae51c6e7935a"},"breadcrumb":{"@id":"https:\/\/www.deanreed.de\/AmericanRebel\/2017\/2021\/11\/02\/ya-basta-db-es-reicht\/#breadcrumb"},"inLanguage":"de","potentialAction":[{"@type":"ReadAction","target":["https:\/\/www.deanreed.de\/AmericanRebel\/2017\/2021\/11\/02\/ya-basta-db-es-reicht\/"]}]},{"@type":"BreadcrumbList","@id":"https:\/\/www.deanreed.de\/AmericanRebel\/2017\/2021\/11\/02\/ya-basta-db-es-reicht\/#breadcrumb","itemListElement":[{"@type":"ListItem","position":1,"name":"Startseite","item":"https:\/\/www.deanreed.de\/AmericanRebel\/2017\/"},{"@type":"ListItem","position":2,"name":"&#8211; \u201eYa Basta, DB \u2013 Es reicht!\u201c"}]},{"@type":"Person","@id":"https:\/\/www.deanreed.de\/AmericanRebel\/2017\/#\/schema\/person\/9edfca7917cd10b75edaae51c6e7935a","name":"Redaktion","url":"https:\/\/www.deanreed.de\/AmericanRebel\/2017\/author\/redaktion\/"}]}},"_links":{"self":[{"href":"https:\/\/www.deanreed.de\/AmericanRebel\/2017\/wp-json\/wp\/v2\/posts\/28709"}],"collection":[{"href":"https:\/\/www.deanreed.de\/AmericanRebel\/2017\/wp-json\/wp\/v2\/posts"}],"about":[{"href":"https:\/\/www.deanreed.de\/AmericanRebel\/2017\/wp-json\/wp\/v2\/types\/post"}],"author":[{"embeddable":true,"href":"https:\/\/www.deanreed.de\/AmericanRebel\/2017\/wp-json\/wp\/v2\/users\/2"}],"replies":[{"embeddable":true,"href":"https:\/\/www.deanreed.de\/AmericanRebel\/2017\/wp-json\/wp\/v2\/comments?post=28709"}],"version-history":[{"count":7,"href":"https:\/\/www.deanreed.de\/AmericanRebel\/2017\/wp-json\/wp\/v2\/posts\/28709\/revisions"}],"predecessor-version":[{"id":28721,"href":"https:\/\/www.deanreed.de\/AmericanRebel\/2017\/wp-json\/wp\/v2\/posts\/28709\/revisions\/28721"}],"wp:attachment":[{"href":"https:\/\/www.deanreed.de\/AmericanRebel\/2017\/wp-json\/wp\/v2\/media?parent=28709"}],"wp:term":[{"taxonomy":"category","embeddable":true,"href":"https:\/\/www.deanreed.de\/AmericanRebel\/2017\/wp-json\/wp\/v2\/categories?post=28709"},{"taxonomy":"post_tag","embeddable":true,"href":"https:\/\/www.deanreed.de\/AmericanRebel\/2017\/wp-json\/wp\/v2\/tags?post=28709"}],"curies":[{"name":"wp","href":"https:\/\/api.w.org\/{rel}","templated":true}]}}