{"id":28701,"date":"2021-10-31T23:55:51","date_gmt":"2021-10-31T22:55:51","guid":{"rendered":"http:\/\/www.deanreed.de\/AmericanRebel\/2017\/?p=28701"},"modified":"2021-11-01T17:00:47","modified_gmt":"2021-11-01T16:00:47","slug":"wochenrueckblick-43-kalenderwoche-2021","status":"publish","type":"post","link":"https:\/\/www.deanreed.de\/AmericanRebel\/2017\/2021\/10\/31\/wochenrueckblick-43-kalenderwoche-2021\/","title":{"rendered":"&#8211; Wochenr\u00fcckblick 43. Kalenderwoche 2021"},"content":{"rendered":"<p style=\"text-align: justify;\"><strong><span style=\"font-family: verdana, geneva, sans-serif; font-size: 14pt; color: #993300;\"><img loading=\"lazy\" class=\"wp-image-26025 aligncenter\" src=\"http:\/\/www.deanreed.de\/AmericanRebel\/2017\/wp-content\/uploads\/2020\/10\/AR_WR_2-300x75.png\" alt=\"\" width=\"668\" height=\"167\" srcset=\"https:\/\/www.deanreed.de\/AmericanRebel\/2017\/wp-content\/uploads\/2020\/10\/AR_WR_2-300x75.png 300w, https:\/\/www.deanreed.de\/AmericanRebel\/2017\/wp-content\/uploads\/2020\/10\/AR_WR_2.png 700w\" sizes=\"(max-width: 668px) 100vw, 668px\" \/><br \/>\nZur\u00fcckblickend auf die letzten Tage sind uns einige kommentierbare Vorkommnisse ins Auge gefallen, die wir hier zur Diskussion stellen.<\/span><\/strong><br \/>\n<span style=\"font-family: verdana, geneva, sans-serif; font-size: 12pt;\"><strong><span style=\"color: #000000;\">(Kommis bitte unten eintragen!)<\/span><\/strong><br \/>\n<span style=\"color: #ffffff;\">.<\/span><span style=\"color: #ffffff;\"><br \/>\n<span style=\"color: #000000;\"><span style=\"color: #ffffff;\">.<\/span><strong><br \/>\n<\/strong><\/span><\/span><span style=\"color: #000000; font-size: 14pt;\"><strong>25. Oktober |<\/strong> <\/span><span style=\"font-size: 14pt;\"><strong>Heckler &amp; Koch wurde blockiert<\/strong><\/span><\/span><br \/>\n<span style=\"font-family: verdana, geneva, sans-serif; font-size: 12pt;\"><img loading=\"lazy\" class=\"wp-image-28692 aligncenter\" src=\"http:\/\/www.deanreed.de\/AmericanRebel\/2017\/wp-content\/uploads\/2021\/10\/dde-300x81.jpg\" alt=\"\" width=\"667\" height=\"180\" srcset=\"https:\/\/www.deanreed.de\/AmericanRebel\/2017\/wp-content\/uploads\/2021\/10\/dde-300x81.jpg 300w, https:\/\/www.deanreed.de\/AmericanRebel\/2017\/wp-content\/uploads\/2021\/10\/dde.jpg 666w\" sizes=\"(max-width: 667px) 100vw, 667px\" \/>Oberndorf. AntimilitaristInnen und InternationalistInnen des B\u00fcndnisses \u201eRheinmetall entwaffnen\u201c riefen f\u00fcr Freitag, 8. Oktober, bundesweit zu einem Aktionstag gegen die international agierenden R\u00fcstungskonzerne Heckler &amp; Koch und Rheinmetall Defence in Oberndorf am Neckar auf. Mehrere hundert AktivistInnen aus verschiedenen linken Strukturen und Organisationen folgten diesem Aufruf, solidarische Unterst\u00fctzung gab es auch aus Frankfurt, und auch aus Berlin reisten viele Unterst\u00fctzerInnen an.<br \/>\n<a href=\"https:\/\/beobachternews.de\/2021\/10\/25\/heckler-koch-wurde-blockiert\/\" target=\"_blank\" rel=\"noopener\"><em>\u00bbbeobachter news\u00ab berichtete<\/em><\/a><br \/>\n<span style=\"color: #ffffff;\">.<\/span><br \/>\n<span style=\"color: #ffffff;\">.<\/span><br \/>\n<span style=\"color: #ffffff;\"><span style=\"color: #000000; font-family: verdana, geneva, sans-serif; font-size: 14pt;\"><strong>25. Oktober | <\/strong><\/span><\/span><span style=\"font-size: 14pt;\"><strong>Am 27. und 28. Oktober wird in London<br \/>\n\u00fcber die Berufung der USA zur verlangten<br \/>\nAuslieferung von Julian Assange entschieden <\/strong><\/span><\/span><br \/>\n<span style=\"font-family: verdana, geneva, sans-serif; font-size: 12pt;\"><span style=\"color: #ffffff;\"><span style=\"color: #000000;\"><span style=\"font-family: verdana, geneva, sans-serif; font-size: 12pt;\"><img loading=\"lazy\" class=\"wp-image-28689 aligncenter\" src=\"http:\/\/www.deanreed.de\/AmericanRebel\/2017\/wp-content\/uploads\/2021\/10\/images-300x81.jpg\" alt=\"\" width=\"667\" height=\"180\" srcset=\"https:\/\/www.deanreed.de\/AmericanRebel\/2017\/wp-content\/uploads\/2021\/10\/images-300x81.jpg 300w, https:\/\/www.deanreed.de\/AmericanRebel\/2017\/wp-content\/uploads\/2021\/10\/images.jpg 666w\" sizes=\"(max-width: 667px) 100vw, 667px\" \/>Die Bestrebungen der USA, investigativen Journalismus zu kriminalisieren und Julian Assange seit \u00fcber einem Jahrzehnt psychologischer Folter auszusetzen, ihn zu isolieren und sein Leben zu bedrohen, betreffen jeden einzelnen Journalisten und jede einzelne Journalistin weltweit. Assange hat \u00fcber Folter und Verbrechen berichtet.<\/span><br \/>\n<a href=\"https:\/\/rotermorgen.eu\/am-27-und-28-oktober-wird-in-london-ueber-die-berufung-der-usa-zur-verlangten-auslieferung-von-julian-assange-entschieden\/\" target=\"_blank\" rel=\"noopener\"><span style=\"font-family: verdana, geneva, sans-serif; font-size: 12pt;\"><em>\u00bbRoterMorgen\u00ab berichtete<\/em><\/span><\/a><br \/>\n<span style=\"color: #ffffff;\">.<\/span><br \/>\n<\/span>.<\/span><\/span><span style=\"font-family: verdana, geneva, sans-serif; font-size: 12pt;\"><br \/>\n<strong><span style=\"font-size: 14pt;\">27. Oktober|<\/span><span style=\"font-size: 14pt;\"> Colin Powell: US-General hinterl\u00e4sst<br \/>\nein blutiges Erbe im Nahen Osten<\/span><\/strong><br \/>\n<\/span><\/p>\n<p style=\"text-align: justify;\"><span style=\"font-family: verdana, geneva, sans-serif; font-size: 12pt;\"><img loading=\"lazy\" class=\"wp-image-28698 aligncenter\" src=\"http:\/\/www.deanreed.de\/AmericanRebel\/2017\/wp-content\/uploads\/2021\/10\/89py44.95-300x81.jpg\" alt=\"\" width=\"667\" height=\"180\" srcset=\"https:\/\/www.deanreed.de\/AmericanRebel\/2017\/wp-content\/uploads\/2021\/10\/89py44.95-300x81.jpg 300w, https:\/\/www.deanreed.de\/AmericanRebel\/2017\/wp-content\/uploads\/2021\/10\/89py44.95.jpg 666w\" sizes=\"(max-width: 667px) 100vw, 667px\" \/>Colin <\/span><span style=\"font-family: verdana, geneva, sans-serif; font-size: 12pt;\">Powell, der im Alter von 84 Jahren starb, galt vielen in Washington als gro\u00dfer Staatsdiener und wurde vom ehemaligen britischen Premierminister John Major als einer der \u201ebesten Amerikaner, die nie Pr\u00e4sident waren\u201c bezeichnet.<br \/>\n<\/span><span style=\"font-family: verdana, geneva, sans-serif; font-size: 12pt;\"><span style=\"color: #ffffff;\">&#8230;<\/span>Doch Powell hinterl\u00e4sst ein blutiges Erbe im Nahen Osten \u2013 am ber\u00fcchtigtsten ist seine Rede vor den Vereinten Nationen im Jahr 2003, in der er falsche Geheimdienstinformationen verbreitete, um die Invasion des Irak zu begr\u00fcnden, die zum Tod von Hunderttausenden irakischer Zivilisten f\u00fchrte.<br \/>\n<\/span><span style=\"font-family: verdana, geneva, sans-serif; font-size: 12pt;\"><a href=\"https:\/\/diefreiheitsliebe.de\/politik\/colin-powell-us-general-hinterlaesst-ein-blutiges-erbe-im-nahen-osten\/\" target=\"_blank\" rel=\"noopener\"><em><span class=\"elementor-icon-list-text elementor-post-info__item elementor-post-info__item--type-author\">Middle East Eye<\/span> berichtete auf \u00bbDie Freiheitsliebe\u00ab<\/em><\/a>\u00a0 <div class=\"hide-this-part-wrap\"><div class=\"hide-this-part-more\" id=\"hide-this-part-0\" morelink-text=\"hier geht es weiter\">hier geht es weiter \u00bb<\/div><div class=\"hide-this-part\" status=\"invisible\"><br \/>\n<span style=\"color: #ffffff;\">.<\/span><br \/>\n<span style=\"color: #ffffff;\">.<\/span><br \/>\n<strong><span style=\"font-size: 14pt;\">27. Oktober | <\/span><\/strong><span style=\"font-size: 14pt;\"><strong>Tarifticker 43\/2021<\/strong><\/span><br \/>\n<img loading=\"lazy\" class=\"wp-image-28484 aligncenter\" src=\"http:\/\/www.deanreed.de\/AmericanRebel\/2017\/wp-content\/uploads\/2021\/10\/1-Kopie-2-1-300x81.png\" alt=\"\" width=\"667\" height=\"180\" srcset=\"https:\/\/www.deanreed.de\/AmericanRebel\/2017\/wp-content\/uploads\/2021\/10\/1-Kopie-2-1-300x81.png 300w, https:\/\/www.deanreed.de\/AmericanRebel\/2017\/wp-content\/uploads\/2021\/10\/1-Kopie-2-1.png 666w\" sizes=\"(max-width: 667px) 100vw, 667px\" \/>Aktuelle Kurzmeldungen zu den laufenden Tarifverhandlungen und Arbeitsk\u00e4mpfen der Kollegen\/-innen im deutschsprachigen Raum.<br \/>\n<a href=\"https:\/\/rotermorgen.eu\/tarifticker-41-2021\/\" target=\"_blank\" rel=\"noopener\"><em>\u00bbRoterMorgen\u00ab berichtete<\/em><\/a><br \/>\n<span style=\"color: #ffffff;\">.<\/span><br \/>\n<span style=\"color: #ffffff;\">.<\/span><br \/>\n<strong><span style=\"font-size: 14pt;\">27. Oktober | Der Proto Faschismus in Brasilien<\/span><br \/>\n<span style=\"font-size: 14pt;\">und Lateinamerika Redaktion Brasilien<\/span><\/strong><br \/>\n<span class=\"tojvnm2t a6sixzi8 abs2jz4q a8s20v7p t1p8iaqh k5wvi7nf q3lfd5jv pk4s997a bipmatt0 cebpdrjk qowsmv63 owwhemhu dp1hu0rb dhp61c6y iyyx5f41\"><img loading=\"lazy\" class=\"wp-image-28700 aligncenter\" src=\"http:\/\/www.deanreed.de\/AmericanRebel\/2017\/wp-content\/uploads\/2021\/10\/images-1-1-300x81.jpg\" alt=\"\" width=\"667\" height=\"180\" srcset=\"https:\/\/www.deanreed.de\/AmericanRebel\/2017\/wp-content\/uploads\/2021\/10\/images-1-1-300x81.jpg 300w, https:\/\/www.deanreed.de\/AmericanRebel\/2017\/wp-content\/uploads\/2021\/10\/images-1-1.jpg 666w\" sizes=\"(max-width: 667px) 100vw, 667px\" \/>Schon seit l\u00e4ngerer Zeit existieren die Wurzeln des Proto-Faschismus in Brasilien. H\u00f6chstwahrscheinlich hat es sie seit des geschichtlichen Anfangs gegeben. Es kann schwerlich vorstellbar sein, dass es unbemerkbar geblieben ist, sondern dass dieses Vorhandensein schlicht und einfach absichtlich nicht wahrgenommen wurde.<\/span><br \/>\n<a href=\"https:\/\/info-welt.info\/2021\/10\/27\/der-proto-faschismus-in-brasilien-und-lateinamerika-redaktion-brasilien\/\" target=\"_blank\" rel=\"noopener\"><em>\u00bbInfo-Welt\u00ab berichtete<\/em><\/a><br \/>\n<span style=\"color: #ffffff;\">.<\/span><br \/>\n<span style=\"color: #ffffff;\">.<\/span><strong><br \/>\n<\/strong><strong><span style=\"font-size: 14pt;\">27. Oktober |<\/span> <\/strong><span style=\"font-size: 14pt;\"><strong>Buchbesprechung: Mesut Bayraktar,<br \/>\nWunsch der Verw\u00fcstlichen<\/strong><\/span><\/span><br \/>\n<span style=\"font-family: verdana, geneva, sans-serif; font-size: 12pt;\"><img loading=\"lazy\" class=\"wp-image-28691 aligncenter\" src=\"http:\/\/www.deanreed.de\/AmericanRebel\/2017\/wp-content\/uploads\/2021\/10\/2-Kopie-1-300x81.png\" alt=\"\" width=\"667\" height=\"180\" srcset=\"https:\/\/www.deanreed.de\/AmericanRebel\/2017\/wp-content\/uploads\/2021\/10\/2-Kopie-1-300x81.png 300w, https:\/\/www.deanreed.de\/AmericanRebel\/2017\/wp-content\/uploads\/2021\/10\/2-Kopie-1.png 666w\" sizes=\"(max-width: 667px) 100vw, 667px\" \/>Gen\u00f6tigt durch den letzten Willen ihrer Mutter, sehen sich zwei seit 13 Jahren entfremdete Br\u00fcder gezwungen, eine gemeinsame Reise anzutreten. Die Wahl des \u00e4lteren Bruders f\u00e4llt auf Italien. Auch auf der Reise bleibt die Beziehung der Br\u00fcder angespannt schwierig, allm\u00e4hlich sch\u00e4lt sich aber heraus, dass sie beide vom harten Leben der Eltern als t\u00fcrkische \u201eGastarbeiter\u201c in Deutschland gepr\u00e4gt sind.<br \/>\n<\/span><span style=\"font-family: verdana, geneva, sans-serif; font-size: 10pt;\">Mesut Bayraktar: Wunsch der Verw\u00fcstlichen. Autumnus-Verlag, 244 S., geb., 18,95 \u20ac.<\/span><br \/>\n<span style=\"color: #000000;\"><span style=\"font-family: verdana, geneva, sans-serif; font-size: 12pt;\"><em><a href=\"https:\/\/www.arbeit-zukunft.de\/2021\/10\/27\/mesut-bayraktarwunsch-der-verwuestlichen\/#more-9035\" target=\"_blank\" rel=\"noopener\"><span style=\"font-family: verdana, geneva, sans-serif; font-size: 12pt;\">Mehr auf \u00bbArbeit Zukunft\u00ab<\/span><\/a><br \/>\n<\/em><\/span><\/span><span style=\"color: #ffffff;\"><span style=\"font-family: verdana, geneva, sans-serif; font-size: 12pt;\">.<br \/>\n.<\/span><\/span><span style=\"font-family: verdana, geneva, sans-serif; font-size: 12pt;\"><br \/>\n<\/span><span style=\"font-family: verdana, geneva, sans-serif; font-size: 14pt;\"><strong>28. Oktober |<span style=\"font-size: 14pt;\"> Giftgas gegen Kurden \u2013 und die Welt schaut weg<\/span><\/strong><\/span><br \/>\n<span style=\"font-family: verdana, geneva, sans-serif; font-size: 12pt;\"><img loading=\"lazy\" class=\"wp-image-28690 aligncenter\" src=\"http:\/\/www.deanreed.de\/AmericanRebel\/2017\/wp-content\/uploads\/2021\/10\/ee4-Kopie-300x81.png\" alt=\"\" width=\"667\" height=\"180\" srcset=\"https:\/\/www.deanreed.de\/AmericanRebel\/2017\/wp-content\/uploads\/2021\/10\/ee4-Kopie-300x81.png 300w, https:\/\/www.deanreed.de\/AmericanRebel\/2017\/wp-content\/uploads\/2021\/10\/ee4-Kopie.png 666w\" sizes=\"(max-width: 667px) 100vw, 667px\" \/>\u00a0Die laufenden Milit\u00e4roperationen der faschistischen T\u00fcrkischen Armee gegen die K\u00e4mpfer\/innen der sozialistischen Arbeiterpartei Kurdistans werden in b\u00fcrgerlichen Medien \u00fcberwiegend totgeschwiegen. Dabei handelt es sich bei den mit Luftwaffe, Bodentruppen, Helikoptern und Panzern durchgef\u00fchrten Attacken keineswegs um irgendwelche kleinen Scharm\u00fctzel, sondern um handfeste Angriffskriege im Grenzgebiet zwischen der kurdischen Autonomieregion im Nordirak und den mehrheitlich kurdischen Gebieten auf dem Territorium der T\u00fcrkei.<\/span><br \/>\n<span style=\"font-family: verdana, geneva, sans-serif; font-size: 12pt;\"><a href=\"https:\/\/rotermorgen.eu\/giftgas-gegen-kurden-und-die-welt-schaut-weg\/\" target=\"_blank\" rel=\"noopener\"><em>\u00bbRoterMorgen\u00ab berichtete<\/em><\/a><br \/>\n<\/span><span style=\"font-family: verdana, geneva, sans-serif; font-size: 12pt;\"><span style=\"color: #ffffff;\">.<\/span><br \/>\n<span style=\"color: #ffffff;\">.<\/span><\/span><br \/>\n<span style=\"font-family: verdana, geneva, sans-serif; font-size: 12pt;\"><strong><span style=\"font-size: 14pt;\">29. Oktober | Angeklagte Magdeburger Antifaschisten drehten<br \/>\nden Spie\u00df um und nutzten den Gerichtssaal zur Anklage!<\/span><\/strong> <\/span><br \/>\n<span style=\"font-family: verdana, geneva, sans-serif; font-size: 12pt;\"><img loading=\"lazy\" class=\"wp-image-28696 aligncenter\" src=\"http:\/\/www.deanreed.de\/AmericanRebel\/2017\/wp-content\/uploads\/2021\/10\/i-Kopie-300x81.jpg\" alt=\"\" width=\"667\" height=\"180\" srcset=\"https:\/\/www.deanreed.de\/AmericanRebel\/2017\/wp-content\/uploads\/2021\/10\/i-Kopie-300x81.jpg 300w, https:\/\/www.deanreed.de\/AmericanRebel\/2017\/wp-content\/uploads\/2021\/10\/i-Kopie.jpg 666w\" sizes=\"(max-width: 667px) 100vw, 667px\" \/>Gro\u00dfe Solidarit\u00e4t erfuhren die vier angeklagte Antifaschisten und Antiimperialisten <span id=\"decorator-ignored-entity-id-18\" data-entity-key=\"18\" data-offset-key=\"4no0f-1-0\">Jojo<\/span>, Paula, Katja und Ernst Ludwig am gestrigen Donnerstag vor dem Bonner Amtsgericht. Sie waren <span id=\"decorator-corrected-entity-id-7\" data-entity-key=\"7\" data-offset-key=\"4no0f-3-0\">angeklagt, vom<\/span> 18. auf den 19. September dieses Jahres zusammen mit rund 20 weiteren Kriegsgegner\/innen Teile des Truppen\u00fcbungsplatzes Altmark besetzt zu haben. F\u00fcr diese Zeit wurde der \u00dcbungsbetrieb auf diesem Gel\u00e4nde <span id=\"decorator-corrected-entity-id-13\" data-entity-key=\"13\" data-offset-key=\"4no0f-5-0\">vonseiten<\/span> der Bundeswehr eingestellt.<\/span><br \/>\n<a href=\"https:\/\/rotermorgen.eu\/angeklagte-magdeburger-antifaschisten-drehten-den-spiess-um-und-nutzten-den-gerichtssaal-zur-anklage\/\" target=\"_blank\" rel=\"noopener\"><span style=\"font-family: verdana, geneva, sans-serif; font-size: 12pt;\"><em>\u00bbRoterMorgen\u00ab berichtete<\/em><\/span><\/a><br \/>\n<span style=\"font-family: verdana, geneva, sans-serif; font-size: 12pt; color: #ffffff;\">.<\/span><br \/>\n<span style=\"font-family: verdana, geneva, sans-serif; font-size: 12pt; color: #ffffff;\">.<\/span><br \/>\n<span style=\"font-family: verdana, geneva, sans-serif; font-size: 12pt;\"><strong><span style=\"font-size: 14pt;\">29. Oktober | Wie Dorfbewohner\/innen sich<br \/>\ngegen illegale Rodungen wehren<\/span><\/strong> <\/span><br \/>\n<span style=\"font-family: verdana, geneva, sans-serif; font-size: 12pt;\"><img loading=\"lazy\" class=\"wp-image-28693 aligncenter\" src=\"http:\/\/www.deanreed.de\/AmericanRebel\/2017\/wp-content\/uploads\/2021\/10\/704x396-300x81.jpg\" alt=\"\" width=\"667\" height=\"180\" srcset=\"https:\/\/www.deanreed.de\/AmericanRebel\/2017\/wp-content\/uploads\/2021\/10\/704x396-300x81.jpg 300w, https:\/\/www.deanreed.de\/AmericanRebel\/2017\/wp-content\/uploads\/2021\/10\/704x396.jpg 666w\" sizes=\"(max-width: 667px) 100vw, 667px\" \/>Im Kongobecken wachsen die zweitgr\u00f6\u00dften Regenw\u00e4lder der Erde. Sie werden nicht umsonst die \u201egr\u00fcne Lunge Afrikas\u201c genannt. Diese W\u00e4lder werden aber zunehmend von gro\u00dfen Konzernen abgeholzt. Die Dorfbewohner\/innen in der N\u00e4he dieser W\u00e4lder lassen sich das aber nicht ohne Widerstand gefallen.<br \/>\n<a href=\"https:\/\/info-welt.info\/2021\/10\/29\/wie-dorfbewohner-innen-sich-gegen-illegale-rodungen-wehren\/\" target=\"_blank\" rel=\"noopener\"><em>\u00bbInfo-Welt\u00ab berichtete<\/em><\/a><br \/>\n<\/span><span style=\"color: #ffffff;\">.<\/span><br \/>\n<span style=\"color: #ffffff;\">.<\/span><br \/>\n<span style=\"font-family: verdana, geneva, sans-serif; font-size: 12pt;\"><span style=\"font-size: 14pt;\"><strong>29. Oktober | IG Metall-Aktionstag f\u00fcr \u201efairen Wandel\u201c<br \/>\n<\/strong><\/span><\/span><\/p>\n<p style=\"text-align: justify;\"><span style=\"font-family: verdana, geneva, sans-serif; font-size: 12pt;\"><span style=\"font-size: 14pt;\"><strong><img loading=\"lazy\" class=\"wp-image-28695 alignnone\" src=\"http:\/\/www.deanreed.de\/AmericanRebel\/2017\/wp-content\/uploads\/2021\/10\/ffr-300x91.jpg\" alt=\"\" width=\"666\" height=\"202\" srcset=\"https:\/\/www.deanreed.de\/AmericanRebel\/2017\/wp-content\/uploads\/2021\/10\/ffr-300x91.jpg 300w, https:\/\/www.deanreed.de\/AmericanRebel\/2017\/wp-content\/uploads\/2021\/10\/ffr.jpg 591w\" sizes=\"(max-width: 666px) 100vw, 666px\" \/><\/strong><\/span><\/span><span style=\"font-family: verdana, geneva, sans-serif; font-size: 12pt;\">F\u00fcr den 29. Oktober hatte die IG Metall zum bundesweiten <a href=\"https:\/\/www.igmetall.de\/presse\/pressemitteilungen\/ig-metall-geht-bundesweit-fuer-fairen-sozial-oekologischen\">Aktionstag #Fairwandel<\/a> aufgerufen. In mehr als 50 St\u00e4dten wurde f\u00fcr Aktionen mobilisiert, die Gewerkschaft selbst bewarb im Vorfeld 14 \u00f6ffentliche Kundgebungen. Mehrere zehntausend Arbeiter:innen aus verschiedenen Industriebetrieben beteiligten sich an den vielf\u00e4ltigen Aktivit\u00e4ten. Betriebliche Aktivist:innen kritisieren dabei manch sozialpartnerschaftliche Forderungen der Gewerkschaft.<br \/>\n<a href=\"https:\/\/perspektive-online.net\/2021\/10\/ig-metall-aktionstag-fuer-fairen-wandel\/\" target=\"_blank\" rel=\"noopener\"><em>\u00bbperspektive-online\u00ab berichtete<\/em><\/a><\/span><br \/>\n<span style=\"font-family: verdana, geneva, sans-serif; font-size: 12pt; color: #ffffff;\">.<\/span><br \/>\n<span style=\"font-family: verdana, geneva, sans-serif; font-size: 12pt; color: #ffffff;\">.<\/span><br \/>\n<span style=\"font-family: verdana, geneva, sans-serif; font-size: 12pt;\"><strong><span style=\"font-size: 14pt;\">30. Oktober |<\/span><\/strong><span style=\"font-size: 14pt;\"> <strong>B\u00fcrgergeld: Abschaffung von Hartz IV<br \/>\noder Etikettenschwindel?<\/strong><\/span><\/span><br \/>\n<span style=\"font-family: verdana, geneva, sans-serif; font-size: 12pt;\"><img loading=\"lazy\" class=\"wp-image-28694 aligncenter\" src=\"http:\/\/www.deanreed.de\/AmericanRebel\/2017\/wp-content\/uploads\/2021\/10\/1-Kopie-300x81.png\" alt=\"\" width=\"667\" height=\"180\" srcset=\"https:\/\/www.deanreed.de\/AmericanRebel\/2017\/wp-content\/uploads\/2021\/10\/1-Kopie-300x81.png 300w, https:\/\/www.deanreed.de\/AmericanRebel\/2017\/wp-content\/uploads\/2021\/10\/1-Kopie.png 666w\" sizes=\"(max-width: 667px) 100vw, 667px\" \/>Hilfe! &#8211; Wir haben eine neue Regierung und nun wird alles besser &#8230; Die &#8222;Ampelfritzen&#8220; versprechen, Hartz IV abzuschaffen und durch ein B\u00fcrgergeld zu ersetzen. Aber das ist nur Sch\u00f6nf\u00e4rberei. Denn an der sozialen H\u00e4rte von Hartz IV \u00e4ndert die geplante Reform nichts. Nichts anderes war zu erwarten, denn die Aufgabe jeder Regierung in einem kapitalistischen Gesellschaftssystem ist es, dieses mit allen Mitteln zu erhalten.<\/span><br \/>\n<span style=\"font-family: verdana, geneva, sans-serif; font-size: 12pt;\"><a href=\"https:\/\/rotermorgen.eu\/buergergeld-abschaffung-von-hartz-iv-oder-etikettenschwindel\/\" target=\"_blank\" rel=\"noopener\"><em>\u00bbRoterMorgen\u00ab berichtete<\/em><\/a><\/span><br \/>\n<span style=\"font-family: verdana, geneva, sans-serif; font-size: 12pt; color: #ffffff;\">.<br \/>\n.<\/span><br \/>\n<span style=\"font-family: verdana, geneva, sans-serif; font-size: 14pt;\"><strong><span style=\"color: #000000;\">31. Okto<\/span>ber | <span style=\"font-size: 14pt;\">Hei\u00dfer Herbst: \u201eStriketober\u201c in den USA<\/span><\/strong><\/span><br \/>\n<span style=\"font-family: verdana, geneva, sans-serif; font-size: 12pt;\"><img loading=\"lazy\" class=\"wp-image-28697 aligncenter\" src=\"http:\/\/www.deanreed.de\/AmericanRebel\/2017\/wp-content\/uploads\/2021\/10\/r7-300x81.jpg\" alt=\"\" width=\"667\" height=\"180\" srcset=\"https:\/\/www.deanreed.de\/AmericanRebel\/2017\/wp-content\/uploads\/2021\/10\/r7-300x81.jpg 300w, https:\/\/www.deanreed.de\/AmericanRebel\/2017\/wp-content\/uploads\/2021\/10\/r7.jpg 666w\" sizes=\"(max-width: 667px) 100vw, 667px\" \/>In den USA ist von \u201eStriketober\u201c und der \u201eGreat Resignation\u201c (dt.: \u201eDie gro\u00dfe K\u00fcndigung) die Rede. Arbeiter:innen haben ein Jahr nach der Wahl die Nase voll: von schlechten Arbeits- und Lebensbedingungen ebenso wie von leeren Versprechungen der Biden-Administration<br \/>\n<span style=\"color: #ffffff;\">&#8230;<\/span>Dieser Herbst wird in den USA als \u201eStriketober\u201c gehandelt. In vielen gro\u00dfen Unternehmen haben bereits Zehntausende die Arbeit niedergelegt, in anderen brodelt es. Streng genommen begann der Striketober aber schon im Sommer.<\/span><br \/>\n<a href=\"https:\/\/perspektive-online.net\/2021\/10\/heisser-herbst-striketober-in-den-usa\/\" target=\"_blank\" rel=\"noopener\"><span style=\"font-family: verdana, geneva, sans-serif; font-size: 12pt;\"><em>\u00bbperspektive-online\u00ab berichtete<\/em><\/span><\/a><br \/>\n<span style=\"font-family: verdana, geneva, sans-serif; font-size: 12pt; color: #ffffff;\">. <\/span><br \/>\n<span style=\"font-family: verdana, geneva, sans-serif; font-size: 12pt;\"><span style=\"color: #ffffff;\">.<\/span><strong><br \/>\n<\/strong><span style=\"font-size: 14pt;\"><strong>31. Oktober | <\/strong><strong>MUTTERS \u201eSALON\u201c<br \/>\n<\/strong><\/span><\/span><strong><span style=\"font-family: verdana, geneva, sans-serif; font-size: 12pt;\">Buchtipp: \u201eDie Heimat der Krieg und<br \/>\nder Goldene Westen von Wolfgang Bittner<\/span><\/strong><\/p>\n<p style=\"text-align: justify;\"><span style=\"font-family: verdana, geneva, sans-serif; font-size: 12pt;\"><img loading=\"lazy\" class=\"wp-image-27772 aligncenter\" src=\"http:\/\/www.deanreed.de\/AmericanRebel\/2017\/wp-content\/uploads\/2021\/06\/Harry-300x81.png\" alt=\"\" width=\"667\" height=\"180\" srcset=\"https:\/\/www.deanreed.de\/AmericanRebel\/2017\/wp-content\/uploads\/2021\/06\/Harry-300x81.png 300w, https:\/\/www.deanreed.de\/AmericanRebel\/2017\/wp-content\/uploads\/2021\/06\/Harry.png 666w\" sizes=\"(max-width: 667px) 100vw, 667px\" \/>Bei einem fr\u00f6hlichen Gartenfest mit Kindern, Enkeln und guten Bekannten sitzt Gro\u00dfvater Michel etwas abseits im gro\u00dfen Sessel, ganz Ohr f\u00fcr die lustigen Reden und Witze, leise l\u00e4chelnd. Auf seinem Scho\u00df ein soeben zu Ende gelesenes Buch, denn er ist nach wie vor eine Leseratte. Der Titel: \u201eDie Heimat, der Krieg und der Goldene Westen\u201c. Gerne w\u00fcrde er, der die letzten Kriegsjahre als Junge \u2013 ebenso wie der Autor \u2013 noch miterlebt hat, diese Lekt\u00fcre mal anderen zeigen, aber er will die fr\u00f6hliche Runde nicht st\u00f6ren. Wei\u00df er doch aus Erfahrung, politische B\u00fccher sind nicht jedermanns Ding. Und wenn, dann n\u00e4hert man sich ihnen nur mit sehr spitzen Fingern und mit bedeutungsvollem Schweigen. Also sitzt er still und bescheiden, noch tief ins Gelesene versunken.<br \/>\n<span style=\"font-size: 10pt;\"><a href=\"http:\/\/www.deanreed.de\/AmericanRebel\/2017\/2019\/05\/16\/mutters-salon\/\" target=\"_blank\" rel=\"noopener\">Wolfgang Bittner: \u201eDie Heimat, der Krieg und der Goldene Westen\u201c, Roman, Verlag zeitgeist Print &amp; Online, H\u00f6hr-Grenzhausen 2019, 352 Seiten, geb., 21,90 Euro, ISBN 978-3-943007-21-3<\/a><\/span><\/span><br \/>\n<span style=\"font-family: verdana, geneva, sans-serif; font-size: 12pt;\"><strong><br \/>\n<\/strong><\/span><\/p>\n<div class=\"\" data-block=\"true\" data-editor=\"7504f\" data-offset-key=\"bsm8h-0-0\">\n<div class=\"public-DraftStyleDefault-block public-DraftStyleDefault-ltr\" style=\"text-align: justify;\" data-offset-key=\"bsm8h-0-0\">\n<div class=\"\" data-block=\"true\" data-editor=\"7504f\" data-offset-key=\"bsm8h-0-0\">\n<div class=\"public-DraftStyleDefault-block public-DraftStyleDefault-ltr\" style=\"text-align: justify;\" data-offset-key=\"bsm8h-0-0\">\n<p style=\"text-align: center;\"><span style=\"font-family: verdana, geneva, sans-serif; font-size: 12pt;\"><span style=\"color: #ffffff;\"><span style=\"color: #000000;\"><span style=\"font-family: verdana, geneva, sans-serif; font-size: 12pt;\">____________________________<\/span><\/span><\/span><\/span><\/p>\n<p style=\"text-align: center;\"><span style=\"font-size: 10pt;\"><span style=\"font-family: verdana, geneva, sans-serif;\">Die Redaktionen<\/span><span style=\"font-family: verdana, geneva, sans-serif;\"><strong><br \/>\n<\/strong>danken den Volkskorrespondenten\/-innen Hosteni, Zeki, Nico,<\/span><\/span><br \/>\n<span style=\"font-family: verdana, geneva, sans-serif; font-size: 10pt;\">KikiRebel, Rui-Filipe, Sascha, Kalle, Heinrich, Klaus, Fiete, Reinhold u. A.<\/span><br \/>\n<span style=\"font-family: verdana, geneva, sans-serif; font-size: 10pt;\">f\u00fcr die Unterst\u00fctzung bei der Erstellung.<strong><br \/>\n<\/strong>Dieser R\u00fcckblick erhebt nicht den Anspruch auf Vollst\u00e4ndigkeit.<\/span><br \/>\n<span style=\"font-family: verdana, geneva, sans-serif; font-size: 10pt;\"><strong>Verlinkte- und mit Namen gekennzeichnete Texte m\u00fcssen<\/strong><\/span><br \/>\n<span style=\"font-family: verdana, geneva, sans-serif; font-size: 10pt;\"><strong>nicht in allen Punkten den Meinungen unserer Redaktionen entsprechen.<br \/>\n<span style=\"color: #ffffff;\">.<\/span><br \/>\n\u00bbWochenr\u00fcckblick\u00ab ist ein Projekt von<\/strong><strong><a href=\"https:\/\/rotermorgen.eu\/8197-2\/\" target=\"_blank\" rel=\"noopener\"><img loading=\"lazy\" class=\"wp-image-8196 aligncenter\" src=\"https:\/\/rotermorgen.eu\/wp-content\/uploads\/2021\/01\/2-Kopie-2-1.png\" alt=\"\" width=\"292\" height=\"142\" \/><\/a>Schickt uns Eure Kurzberichte<br \/>\nund Veranstaltungshinweise!<br \/>\neMail: <a href=\"mailto:Wochenrueckblick@gmx.net\" target=\"_blank\" rel=\"noopener noreferrer\">Wochenrueckblick@gmx.net<\/a><br \/>\nRedaktionsschluss: Jeden Sonntag 20:00 UhrZur\u00fcckblickend auf die letzten Tage sind uns einige kommentierbare Vorkommnisse ins Auge gefallen, die wir hier zur Diskussion stellen<\/strong><\/span>.<br \/>\n<span style=\"font-family: verdana, geneva, sans-serif; font-size: 12pt;\"><strong><span style=\"color: #000000;\">(Kommis bitte unten eintragen!)<\/span><\/strong><br \/>\n<span style=\"color: #ffffff;\">.<\/span><\/span><\/p>\n<p style=\"text-align: center;\"><span style=\"font-family: verdana, geneva, sans-serif; font-size: 12pt;\"><\/div><!-- .hide-this-part --><\/div><!-- hide-this-part-wrap --><span style=\"color: #ffffff;\"><br \/>\n<span style=\"color: #000000;\"><span style=\"color: #ffffff;\">.<\/span><\/span><\/span><\/span><\/p>\n<\/div>\n<\/div>\n<\/div>\n<\/div>\n","protected":false},"excerpt":{"rendered":"<p>Zur\u00fcckblickend auf die letzten Tage sind uns einige kommentierbare Vorkommnisse ins Auge gefallen, die wir hier zur Diskussion stellen. (Kommis bitte unten eintragen!) . . 25. Oktober | Heckler &amp; Koch wurde blockiert Oberndorf. AntimilitaristInnen und InternationalistInnen des B\u00fcndnisses \u201eRheinmetall [&hellip;]<a class=\"more-link\" href=\"https:\/\/www.deanreed.de\/AmericanRebel\/2017\/2021\/10\/31\/wochenrueckblick-43-kalenderwoche-2021\/\">&darr; Lese den Rest von diesem Eintrag&#8230;<\/a><\/p>\n","protected":false},"author":2,"featured_media":0,"comment_status":"open","ping_status":"open","sticky":false,"template":"","format":"standard","meta":[],"categories":[5094],"tags":[4728,5357,4729,4791,5358,4601,5186,1329,4011,4736],"yoast_head":"<!-- This site is optimized with the Yoast SEO plugin v17.5 - https:\/\/yoast.com\/wordpress\/plugins\/seo\/ -->\n<title>- Wochenr\u00fcckblick 43. Kalenderwoche 2021 &ndash; Onlinezeitung AmericanRebel<\/title>\n<meta name=\"robots\" content=\"index, follow, max-snippet:-1, max-image-preview:large, max-video-preview:-1\" \/>\n<link rel=\"canonical\" href=\"https:\/\/www.deanreed.de\/AmericanRebel\/2017\/2021\/10\/31\/wochenrueckblick-43-kalenderwoche-2021\/\" \/>\n<meta property=\"og:locale\" content=\"de_DE\" \/>\n<meta property=\"og:type\" content=\"article\" \/>\n<meta property=\"og:title\" content=\"- Wochenr\u00fcckblick 43. Kalenderwoche 2021 &ndash; Onlinezeitung AmericanRebel\" \/>\n<meta property=\"og:description\" content=\"Zur\u00fcckblickend auf die letzten Tage sind uns einige kommentierbare Vorkommnisse ins Auge gefallen, die wir hier zur Diskussion stellen.\" \/>\n<meta property=\"og:url\" content=\"https:\/\/www.deanreed.de\/AmericanRebel\/2017\/2021\/10\/31\/wochenrueckblick-43-kalenderwoche-2021\/\" \/>\n<meta property=\"og:site_name\" content=\"Onlinezeitung AmericanRebel\" \/>\n<meta property=\"article:published_time\" content=\"2021-10-31T22:55:51+00:00\" \/>\n<meta property=\"article:modified_time\" content=\"2021-11-01T16:00:47+00:00\" \/>\n<meta property=\"og:image\" content=\"https:\/\/www.deanreed.de\/AmericanRebel\/2017\/wp-content\/uploads\/2020\/12\/3-Kopie.png\" \/>\n\t<meta property=\"og:image:width\" content=\"640\" \/>\n\t<meta property=\"og:image:height\" content=\"460\" \/>\n<meta name=\"twitter:card\" content=\"summary_large_image\" \/>\n<meta name=\"twitter:label1\" content=\"Verfasst von\" \/>\n\t<meta name=\"twitter:data1\" content=\"Redaktion\" \/>\n\t<meta name=\"twitter:label2\" content=\"Gesch\u00e4tzte Lesezeit\" \/>\n\t<meta name=\"twitter:data2\" content=\"8\u00a0Minuten\" \/>\n<script type=\"application\/ld+json\" class=\"yoast-schema-graph\">{\"@context\":\"https:\/\/schema.org\",\"@graph\":[{\"@type\":\"WebSite\",\"@id\":\"https:\/\/www.deanreed.de\/AmericanRebel\/2017\/#website\",\"url\":\"https:\/\/www.deanreed.de\/AmericanRebel\/2017\/\",\"name\":\"Onlinezeitung AmericanRebel\",\"description\":\"Internationale Onlinezeitung f\\u00fcr Frieden, Humanismus, V\\u00f6lkerverst\\u00e4ndigung und Kultur\",\"potentialAction\":[{\"@type\":\"SearchAction\",\"target\":{\"@type\":\"EntryPoint\",\"urlTemplate\":\"https:\/\/www.deanreed.de\/AmericanRebel\/2017\/?s={search_term_string}\"},\"query-input\":\"required name=search_term_string\"}],\"inLanguage\":\"de\"},{\"@type\":\"ImageObject\",\"@id\":\"https:\/\/www.deanreed.de\/AmericanRebel\/2017\/2021\/10\/31\/wochenrueckblick-43-kalenderwoche-2021\/#primaryimage\",\"inLanguage\":\"de\",\"url\":\"https:\/\/www.deanreed.de\/AmericanRebel\/2017\/wp-content\/uploads\/2020\/12\/3-Kopie.png\",\"contentUrl\":\"https:\/\/www.deanreed.de\/AmericanRebel\/2017\/wp-content\/uploads\/2020\/12\/3-Kopie.png\",\"width\":640,\"height\":460},{\"@type\":\"WebPage\",\"@id\":\"https:\/\/www.deanreed.de\/AmericanRebel\/2017\/2021\/10\/31\/wochenrueckblick-43-kalenderwoche-2021\/#webpage\",\"url\":\"https:\/\/www.deanreed.de\/AmericanRebel\/2017\/2021\/10\/31\/wochenrueckblick-43-kalenderwoche-2021\/\",\"name\":\"- Wochenr\\u00fcckblick 43. Kalenderwoche 2021 &ndash; Onlinezeitung AmericanRebel\",\"isPartOf\":{\"@id\":\"https:\/\/www.deanreed.de\/AmericanRebel\/2017\/#website\"},\"primaryImageOfPage\":{\"@id\":\"https:\/\/www.deanreed.de\/AmericanRebel\/2017\/2021\/10\/31\/wochenrueckblick-43-kalenderwoche-2021\/#primaryimage\"},\"datePublished\":\"2021-10-31T22:55:51+00:00\",\"dateModified\":\"2021-11-01T16:00:47+00:00\",\"author\":{\"@id\":\"https:\/\/www.deanreed.de\/AmericanRebel\/2017\/#\/schema\/person\/9edfca7917cd10b75edaae51c6e7935a\"},\"breadcrumb\":{\"@id\":\"https:\/\/www.deanreed.de\/AmericanRebel\/2017\/2021\/10\/31\/wochenrueckblick-43-kalenderwoche-2021\/#breadcrumb\"},\"inLanguage\":\"de\",\"potentialAction\":[{\"@type\":\"ReadAction\",\"target\":[\"https:\/\/www.deanreed.de\/AmericanRebel\/2017\/2021\/10\/31\/wochenrueckblick-43-kalenderwoche-2021\/\"]}]},{\"@type\":\"BreadcrumbList\",\"@id\":\"https:\/\/www.deanreed.de\/AmericanRebel\/2017\/2021\/10\/31\/wochenrueckblick-43-kalenderwoche-2021\/#breadcrumb\",\"itemListElement\":[{\"@type\":\"ListItem\",\"position\":1,\"name\":\"Startseite\",\"item\":\"https:\/\/www.deanreed.de\/AmericanRebel\/2017\/\"},{\"@type\":\"ListItem\",\"position\":2,\"name\":\"&#8211; Wochenr\\u00fcckblick 43. Kalenderwoche 2021\"}]},{\"@type\":\"Person\",\"@id\":\"https:\/\/www.deanreed.de\/AmericanRebel\/2017\/#\/schema\/person\/9edfca7917cd10b75edaae51c6e7935a\",\"name\":\"Redaktion\",\"url\":\"https:\/\/www.deanreed.de\/AmericanRebel\/2017\/author\/redaktion\/\"}]}<\/script>\n<!-- \/ Yoast SEO plugin. -->","yoast_head_json":{"title":"- Wochenr\u00fcckblick 43. Kalenderwoche 2021 &ndash; Onlinezeitung AmericanRebel","robots":{"index":"index","follow":"follow","max-snippet":"max-snippet:-1","max-image-preview":"max-image-preview:large","max-video-preview":"max-video-preview:-1"},"canonical":"https:\/\/www.deanreed.de\/AmericanRebel\/2017\/2021\/10\/31\/wochenrueckblick-43-kalenderwoche-2021\/","og_locale":"de_DE","og_type":"article","og_title":"- Wochenr\u00fcckblick 43. Kalenderwoche 2021 &ndash; Onlinezeitung AmericanRebel","og_description":"Zur\u00fcckblickend auf die letzten Tage sind uns einige kommentierbare Vorkommnisse ins Auge gefallen, die wir hier zur Diskussion stellen.","og_url":"https:\/\/www.deanreed.de\/AmericanRebel\/2017\/2021\/10\/31\/wochenrueckblick-43-kalenderwoche-2021\/","og_site_name":"Onlinezeitung AmericanRebel","article_published_time":"2021-10-31T22:55:51+00:00","article_modified_time":"2021-11-01T16:00:47+00:00","og_image":[{"width":640,"height":460,"url":"https:\/\/www.deanreed.de\/AmericanRebel\/2017\/wp-content\/uploads\/2020\/12\/3-Kopie.png","type":"image\/png"}],"twitter_card":"summary_large_image","twitter_misc":{"Verfasst von":"Redaktion","Gesch\u00e4tzte Lesezeit":"8\u00a0Minuten"},"schema":{"@context":"https:\/\/schema.org","@graph":[{"@type":"WebSite","@id":"https:\/\/www.deanreed.de\/AmericanRebel\/2017\/#website","url":"https:\/\/www.deanreed.de\/AmericanRebel\/2017\/","name":"Onlinezeitung AmericanRebel","description":"Internationale Onlinezeitung f\u00fcr Frieden, Humanismus, V\u00f6lkerverst\u00e4ndigung und Kultur","potentialAction":[{"@type":"SearchAction","target":{"@type":"EntryPoint","urlTemplate":"https:\/\/www.deanreed.de\/AmericanRebel\/2017\/?s={search_term_string}"},"query-input":"required name=search_term_string"}],"inLanguage":"de"},{"@type":"ImageObject","@id":"https:\/\/www.deanreed.de\/AmericanRebel\/2017\/2021\/10\/31\/wochenrueckblick-43-kalenderwoche-2021\/#primaryimage","inLanguage":"de","url":"https:\/\/www.deanreed.de\/AmericanRebel\/2017\/wp-content\/uploads\/2020\/12\/3-Kopie.png","contentUrl":"https:\/\/www.deanreed.de\/AmericanRebel\/2017\/wp-content\/uploads\/2020\/12\/3-Kopie.png","width":640,"height":460},{"@type":"WebPage","@id":"https:\/\/www.deanreed.de\/AmericanRebel\/2017\/2021\/10\/31\/wochenrueckblick-43-kalenderwoche-2021\/#webpage","url":"https:\/\/www.deanreed.de\/AmericanRebel\/2017\/2021\/10\/31\/wochenrueckblick-43-kalenderwoche-2021\/","name":"- Wochenr\u00fcckblick 43. Kalenderwoche 2021 &ndash; Onlinezeitung AmericanRebel","isPartOf":{"@id":"https:\/\/www.deanreed.de\/AmericanRebel\/2017\/#website"},"primaryImageOfPage":{"@id":"https:\/\/www.deanreed.de\/AmericanRebel\/2017\/2021\/10\/31\/wochenrueckblick-43-kalenderwoche-2021\/#primaryimage"},"datePublished":"2021-10-31T22:55:51+00:00","dateModified":"2021-11-01T16:00:47+00:00","author":{"@id":"https:\/\/www.deanreed.de\/AmericanRebel\/2017\/#\/schema\/person\/9edfca7917cd10b75edaae51c6e7935a"},"breadcrumb":{"@id":"https:\/\/www.deanreed.de\/AmericanRebel\/2017\/2021\/10\/31\/wochenrueckblick-43-kalenderwoche-2021\/#breadcrumb"},"inLanguage":"de","potentialAction":[{"@type":"ReadAction","target":["https:\/\/www.deanreed.de\/AmericanRebel\/2017\/2021\/10\/31\/wochenrueckblick-43-kalenderwoche-2021\/"]}]},{"@type":"BreadcrumbList","@id":"https:\/\/www.deanreed.de\/AmericanRebel\/2017\/2021\/10\/31\/wochenrueckblick-43-kalenderwoche-2021\/#breadcrumb","itemListElement":[{"@type":"ListItem","position":1,"name":"Startseite","item":"https:\/\/www.deanreed.de\/AmericanRebel\/2017\/"},{"@type":"ListItem","position":2,"name":"&#8211; Wochenr\u00fcckblick 43. Kalenderwoche 2021"}]},{"@type":"Person","@id":"https:\/\/www.deanreed.de\/AmericanRebel\/2017\/#\/schema\/person\/9edfca7917cd10b75edaae51c6e7935a","name":"Redaktion","url":"https:\/\/www.deanreed.de\/AmericanRebel\/2017\/author\/redaktion\/"}]}},"_links":{"self":[{"href":"https:\/\/www.deanreed.de\/AmericanRebel\/2017\/wp-json\/wp\/v2\/posts\/28701"}],"collection":[{"href":"https:\/\/www.deanreed.de\/AmericanRebel\/2017\/wp-json\/wp\/v2\/posts"}],"about":[{"href":"https:\/\/www.deanreed.de\/AmericanRebel\/2017\/wp-json\/wp\/v2\/types\/post"}],"author":[{"embeddable":true,"href":"https:\/\/www.deanreed.de\/AmericanRebel\/2017\/wp-json\/wp\/v2\/users\/2"}],"replies":[{"embeddable":true,"href":"https:\/\/www.deanreed.de\/AmericanRebel\/2017\/wp-json\/wp\/v2\/comments?post=28701"}],"version-history":[{"count":5,"href":"https:\/\/www.deanreed.de\/AmericanRebel\/2017\/wp-json\/wp\/v2\/posts\/28701\/revisions"}],"predecessor-version":[{"id":28707,"href":"https:\/\/www.deanreed.de\/AmericanRebel\/2017\/wp-json\/wp\/v2\/posts\/28701\/revisions\/28707"}],"wp:attachment":[{"href":"https:\/\/www.deanreed.de\/AmericanRebel\/2017\/wp-json\/wp\/v2\/media?parent=28701"}],"wp:term":[{"taxonomy":"category","embeddable":true,"href":"https:\/\/www.deanreed.de\/AmericanRebel\/2017\/wp-json\/wp\/v2\/categories?post=28701"},{"taxonomy":"post_tag","embeddable":true,"href":"https:\/\/www.deanreed.de\/AmericanRebel\/2017\/wp-json\/wp\/v2\/tags?post=28701"}],"curies":[{"name":"wp","href":"https:\/\/api.w.org\/{rel}","templated":true}]}}