{"id":28564,"date":"2021-10-23T03:04:13","date_gmt":"2021-10-23T01:04:13","guid":{"rendered":"http:\/\/www.deanreed.de\/AmericanRebel\/2017\/?p=28564"},"modified":"2021-10-23T03:08:55","modified_gmt":"2021-10-23T01:08:55","slug":"aus-der-geschichte-lernen-und-handeln-die-massenerschiessungen-von-babyn-jar","status":"publish","type":"post","link":"https:\/\/www.deanreed.de\/AmericanRebel\/2017\/2021\/10\/23\/aus-der-geschichte-lernen-und-handeln-die-massenerschiessungen-von-babyn-jar\/","title":{"rendered":"Aus der Geschichte lernen und handeln! \u2013 Die Massenerschie\u00dfungen von Babyn Jar"},"content":{"rendered":"<blockquote>\n<p style=\"text-align: justify;\"><span style=\"font-family: verdana, geneva, sans-serif; font-size: 12pt;\">Redaktion Roter Morgen \u2013 23. Oktober 2021<\/span><\/p>\n<\/blockquote>\n<p style=\"text-align: justify;\"><span style=\"font-family: verdana, geneva, sans-serif; font-size: 16pt; color: #993300;\"><strong>Aus der Geschichte lernen und handeln! \u2013<br \/>\nDie Massenerschie\u00dfungen von Babyn Jar<\/strong><\/span><\/p>\n<p style=\"text-align: justify;\"><span style=\"font-family: verdana, geneva, sans-serif; font-size: 12pt;\"><strong>Wer an den Holocaust denkt, denkt an Vernichtungslager wie Auschwitz. Nach wie vor weniger bekannt ist, dass rund ein Drittel der Holocaust-Opfer nicht in Konzentrationslagern umgebracht, sondern bei Massenerschie\u00dfungen in Osteuropa get\u00f6tet wurden. Symbol des sogenannten &#8222;Holocaust der Kugel&#8220; ist das Massaker von Babyn Jar in Kiew, das sich in diesen Tagen zum 81. Mal j\u00e4hrt.<\/strong><\/span><\/p>\n<div id=\"attachment_28566\" style=\"width: 212px\" class=\"wp-caption alignright\"><img aria-describedby=\"caption-attachment-28566\" loading=\"lazy\" class=\"size-medium wp-image-28566\" src=\"http:\/\/www.deanreed.de\/AmericanRebel\/2017\/wp-content\/uploads\/2021\/10\/2233-202x300.jpg\" alt=\"\" width=\"202\" height=\"300\" srcset=\"https:\/\/www.deanreed.de\/AmericanRebel\/2017\/wp-content\/uploads\/2021\/10\/2233-202x300.jpg 202w, https:\/\/www.deanreed.de\/AmericanRebel\/2017\/wp-content\/uploads\/2021\/10\/2233-691x1024.jpg 691w, https:\/\/www.deanreed.de\/AmericanRebel\/2017\/wp-content\/uploads\/2021\/10\/2233-768x1138.jpg 768w, https:\/\/www.deanreed.de\/AmericanRebel\/2017\/wp-content\/uploads\/2021\/10\/2233-1037x1536.jpg 1037w, https:\/\/www.deanreed.de\/AmericanRebel\/2017\/wp-content\/uploads\/2021\/10\/2233-1382x2048.jpg 1382w, https:\/\/www.deanreed.de\/AmericanRebel\/2017\/wp-content\/uploads\/2021\/10\/2233.jpg 1528w\" sizes=\"(max-width: 202px) 100vw, 202px\" \/><p id=\"caption-attachment-28566\" class=\"wp-caption-text\">\u00dcber 33.000 Juden ermordete das Sonderkommando 4a der deutschen Einsatzgruppe C am 29. und 30. September 1941 in der Schlucht Babi Jar bei Kiew. Das Bild zeigt einen Ausschnitt von Babi Jar und Kleidung, die den Ermordeten geh\u00f6rte.<br \/><span style=\"color: #808080;\">Foto: Johannes H\u00e4hle. Hamburger Institut f\u00fcr Sozialforschung<\/span><\/p><\/div>\n<p style=\"text-align: justify;\"><span style=\"font-family: verdana, geneva, sans-serif; font-size: 12pt;\">Weltgeschichtlich gesehen sind 81 Jahre kaum mehr als ein Wimpernschlag. Aber sie scheinen auszureichen, dass viele Menschen die Lehren der deutschen Geschichte vergessen. Die fremdenfeindliche Gewalt in Deutschland nimmt sprunghaft zu. Rund jeder Zehnte w\u00fcnscht sich einen F\u00fchrer, der das Land mit starker Hand regiert. \u00dcber elf Prozent glauben, dass Juden zu viel Einfluss haben. Rund zw\u00f6lf Prozent sind der Ansicht, Deutsche seien anderen V\u00f6lkern von Natur aus \u00fcberlegen. Ein Drittel h\u00e4lt Deutschland f\u00fcr &#8222;\u00fcberfremdet&#8220;. Knapp neun Prozent sind der Ansicht, dass es wertvolles und unwertes Leben gebe und mehr als acht Prozent glauben, dass der Nationalsozialismus auch seine guten Seiten hatte. Diese Zahlen sind schon ein paar Jahre alt, man kann davon ausgehen, das sich alle Angaben nach oben hin vergr\u00f6\u00dfert haben.<\/span><\/p>\n<p style=\"text-align: justify;\"><span style=\"font-family: verdana, geneva, sans-serif; font-size: 12pt;\">Um so wichtiger ist es, dass wir uns immer wieder daran erinnern, wozu Rassismus, Kapitalismus und Faschismus am Ende f\u00fchren. Unser Volk braucht ein besseres und fundierteres Verst\u00e4ndnis der \u00bbGeschichte von unten\u00ab. Deshalb erinnert RoterMorgen heute an den 29. und 30. September 1941. An diesen beiden Tagen erschossen SS-M\u00e4nner der Einsatzgruppe C und Ordnungspolizisten in der Schlucht von Babi Jar (zu Deutsch Weiberschlucht) am Stadtrand von Kiew 33.771 (!!!) j\u00fcdische M\u00e4nner, Frauen und Kinder. Die Wehrmacht unterst\u00fctzte den Massenmord. <div class=\"hide-this-part-wrap\"><div class=\"hide-this-part-more\" id=\"hide-this-part-0\" morelink-text=\"hier geht es weiter\">hier geht es weiter \u00bb<\/div><div class=\"hide-this-part\" status=\"invisible\"><br \/>\n<\/span><\/p>\n<p style=\"text-align: justify;\"><span style=\"font-family: verdana, geneva, sans-serif; font-size: 12pt;\">Unter dem Titel \u00bbUmk\u00e4mpfte Erinnerungen\u00ab ver\u00f6ffentlichte der Berliner Historiker Jonathan Welker im Vorjahr eine Zusammenfassung der Ereignisse, die wir unseren Leser\/innen in Ausz\u00fcgen ans Herz legen wollen. Bitte reicht diesen Artikel weiter und erz\u00e4hlt bei jeder passenden Gelegenheit von diesem Teil der deutschen Geschichte. Nur so k\u00f6nnen wir dazu beitragen, das sich die Geschichte nicht wiederholt, denn: &#8222;<strong>Der Scho\u00df ist fruchtbar noch aus dem das kroch!<\/strong>&#8222;<a href=\"https:\/\/de.wikipedia.org\/wiki\/Der_aufhaltsame_Aufstieg_des_Arturo_Ui\" target=\"_blank\" rel=\"noopener\"><sup>1<\/sup><\/a><br \/>\n<\/span><\/p>\n<div id=\"attachment_28565\" style=\"width: 631px\" class=\"wp-caption aligncenter\"><img aria-describedby=\"caption-attachment-28565\" loading=\"lazy\" class=\" wp-image-28565\" src=\"http:\/\/www.deanreed.de\/AmericanRebel\/2017\/wp-content\/uploads\/2021\/10\/errr-300x127.jpg\" alt=\"\" width=\"621\" height=\"263\" srcset=\"https:\/\/www.deanreed.de\/AmericanRebel\/2017\/wp-content\/uploads\/2021\/10\/errr-300x127.jpg 300w, https:\/\/www.deanreed.de\/AmericanRebel\/2017\/wp-content\/uploads\/2021\/10\/errr-768x325.jpg 768w, https:\/\/www.deanreed.de\/AmericanRebel\/2017\/wp-content\/uploads\/2021\/10\/errr.jpg 945w\" sizes=\"(max-width: 621px) 100vw, 621px\" \/><p id=\"caption-attachment-28565\" class=\"wp-caption-text\">Auch nach dem Massaker vom September 1941 wurde in Babi Jar weiter gemordet. Weitere Zehntausende Juden, Kommunisten, Kriegsgefangene, Partisanen oder andere den Deutschen Missliebige wurden in der Schlucht erschossen. Auf dem Bild spricht ein Landser mit zwei Ukrainerinnen, im Hintergrund sind Zwangsarbeiter zu sehen.<br \/><span style=\"color: #808080;\">Foto: Hamburger Institut f\u00fcr Sozialforschung<\/span><\/p><\/div>\n<p style=\"text-align: justify;\"><span style=\"font-family: verdana, geneva, sans-serif; font-size: 12pt;\"><br \/>\n<span style=\"color: #993300;\"><strong>Umk\u00e4mpfte Erinnerung<\/strong><\/span><\/span><\/p>\n<p style=\"text-align: justify;\"><span style=\"font-family: verdana, geneva, sans-serif; font-size: 12pt;\"><strong>von Jonathan Welker<\/strong> (Ausz\u00fcge)<\/span><\/p>\n<div class=\"wp-block-ak-unterzeile\" style=\"text-align: justify;\"><span style=\"font-family: verdana, geneva, sans-serif; font-size: 12pt;\">(&#8230;) Am 20. September 1941 explodierte eine Bombe in der Zitadelle in Kiew, zahlreiche weitere Explosionen in der Innenstadt folgten. Ziel der Anschl\u00e4ge waren die neu errichteten St\u00fctzpunkte der deutschen Truppen, die im Begriff waren, die Hauptstadt der ukrainischen Sowjetrepublik einzunehmen. Dass bei den von der sich zur\u00fcckziehenden Roten Armee durchgef\u00fchrten Bombenanschl\u00e4gen neben zahlreichen Ukrainer\/innen auch deutsche Soldaten starben, war den Befehlshabern von Wehrmacht und SS ein willkommener Vorwand. Umgehend veranlassten sie \u00bbVergeltungsma\u00dfnahmen\u00ab, deren Kern der bereits geplante Massenmord an den Kiewer J\u00fcdinnen und Juden war.<br \/>\n<\/span><\/div>\n<p style=\"text-align: justify;\"><span style=\"font-family: verdana, geneva, sans-serif; font-size: 12pt;\">Was folgte, war das gr\u00f6\u00dfte Massaker des Zweiten Weltkriegs in Europa. \u00bbIch renne auf den Balkon hinaus und sehe Menschen, die in einer schier endlosen Kolonne vor\u00fcberziehen, sie f\u00fcllen die ganze Stra\u00dfe und die B\u00fcrgersteige aus. Es gehen Frauen, M\u00e4nner, junge M\u00e4dchen, Kinder, Greise, ganze Familien. Viele f\u00fchren ihr Hab und Gut auf Schubkarren mit sich, aber die meisten tragen ihre Sachen auf den Schultern. Sie gehen schweigend, leise. Es ist unheimlich\u00ab, erinnert sich die Lehrerin L. Nartova sp\u00e4ter an das Geschehen am Morgen des 29. September 1941 in der Kiewer Innenstadt. Das aus SS, Gestapo und Polizeieinheiten zusammengesetzte Sonderkommando 4a hatte in den Tagen zuvor die verbliebene j\u00fcdische Bev\u00f6lkerung der Metropole dazu aufgerufen, sich an einem zentralen Treffpunkt einzufinden. Viele glaubten an eine Deportation, doch die Deutschen und ihre ukrainischen Hilfstruppen trieben die Menschen zu einer gro\u00dfen Schlucht am Stadtrand von Kiew \u2212 Babyn Jar.<br \/>\n<span style=\"color: #ffffff;\">.<\/span><br \/>\n<strong>B\u00fcrokratische Pr\u00e4zision<\/strong><\/span><\/p>\n<p style=\"text-align: justify;\"><span style=\"font-family: verdana, geneva, sans-serif; font-size: 12pt;\">Die \u00bbAltweiber-Schlucht\u00ab, so die deutsche \u00dcbersetzung, war zu diesem Zeitpunkt bereits von hunderten Wehrmachtsoldaten umstellt, eine Flucht nahezu unm\u00f6glich. Systematisch begannen die deutschen Truppen mit der Erschie\u00dfung tausender Menschen. Opernmusik sollte die Sch\u00fcsse und Schreie \u00fcbert\u00f6nen, den Soldaten wurde Schnaps und Essen bereitgestellt, damit sie beim stundenlangen Morden bei Kr\u00e4ften blieben. \u00bbDie Juden mussten sich mit dem Gesicht zur Erde an die Muldenw\u00e4nde hinlegen. (\u2026) Gleichzeitig sind diesen Erschie\u00dfungstrupps von oben her laufend Juden zugef\u00fchrt worden. Die nachfolgenden Juden mussten sich auf die Leichen der zuvor erschossenen Juden legen. Die Sch\u00fctzen standen jeweils hinter den Juden und haben diese mit Genicksch\u00fcssen get\u00f6tet\u00ab, sagte der beteiligte SS-Mann Kurt Werner sp\u00e4ter in den N\u00fcrnberger Prozessen aus.<br \/>\n<\/span><\/p>\n<p style=\"text-align: justify;\"><span style=\"font-family: verdana, geneva, sans-serif; font-size: 12pt;\">Nach dem zwei Tage andauernden Massaker vermeldete die Einsatzgruppe C in n\u00fcchternem Ton und mit b\u00fcrokratischer Pr\u00e4zision nach Berlin: \u00bbIn Zusammenarbeit mit dem Gruppenstab und zwei Kommandos des Polizeiregiments S\u00fcd hat das Sonderkommando 4a am 29. und 30. September 33771 Juden exekutiert. (\u2026) Von der Wehrmacht wurden die durchgef\u00fchrten Ma\u00dfnahmen ebenfalls gutgehei\u00dfen.\u00ab<\/span><\/p>\n<p style=\"text-align: justify;\"><span style=\"font-family: verdana, geneva, sans-serif; font-size: 12pt;\">Doch auch nach dem 30. September 1941 wurde die Schlucht Babyn Jar als Exekutionsst\u00e4tte genutzt. Bei weiteren \u00bbAktionen nach Kriegsgebrauch\u00ab, so ein \u00fcblicher Tarnbegriff f\u00fcr die Massenmorde, wurden tausende Juden und J\u00fcdinnen, Kommunisten\/-innen, Sintize und Sinti sowie Romnja und Roma, psychisch kranke Menschen, sowjetische Kriegsgefangene und zahlreiche ukrainische Nationalisten\/-innen erschossen. Bis zur Befreiung Kiews fanden so mindestens 65.000 Menschen in Babyn Jar den Tod.<\/span><\/p>\n<p style=\"text-align: justify;\"><span style=\"font-family: verdana, geneva, sans-serif; font-size: 12pt;\">Hinter den abstrakten Zahlen finden sich pers\u00f6nliche Schicksale. Die Namen von zehn der zehntausenden j\u00fcdischen Opfer, die in Babyn Jar ermordet wurden, lauten:<\/span><\/p>\n<p style=\"text-align: justify;\"><span style=\"font-family: verdana, geneva, sans-serif; font-size: 12pt;\">Beba Braginski, 34, Ingenieurin &#8211; Maia Broide, 48, Hausfrau &#8211; Tania Cholupko, 13, Sch\u00fclerin &#8211; Yosef Brozer, 58, Lieferant &#8211; Emilia Edelman, 20, Studentin. &#8211; Izrail Freidinov, 75, Pension\u00e4r &#8211; Mikhael Katzovski, 11, Sch\u00fcler &#8211; Yitzkhak Kordysh, 28, Biologe &#8211; Rakhil Novak, 27, Arbeiterin &#8211; Olga Tzeitlin, 79, Hausfrau&#8230;<br \/>\n<span style=\"color: #ffffff;\">.<\/span><br \/>\n<strong>Forderung nach einem Denkmal<\/strong><\/span><\/p>\n<p style=\"text-align: justify;\"><span style=\"font-family: verdana, geneva, sans-serif; font-size: 12pt;\">Im Juli 1943, kurz vor dem R\u00fcckzug, versuchten die deutschen Truppen, die Spuren ihrer Verbrechen zu beseitigen. Unter der Leitung des SS-Offiziers Paul Blobel zwang ein Sonderkommando KZ-H\u00e4ftlinge dazu, die Leichen zu exhumieren und zu verbrennen. Doch zumindest Blobel gelang dies nicht: Er wurde in einem Nachfolgeprozess der N\u00fcrnberger Prozesse zum Tode verurteilt und 1951 erh\u00e4ngt. Weitere Angeh\u00f6rige des die Morde ausf\u00fchrenden Sonderkommandos 4a wurden 1968 im sogenannten \u00bbCallsen-Prozess\u00ab zu langj\u00e4hrigen Hafstrafen verurteilt. Zahlreiche T\u00e4ter blieben jedoch unbehelligt. So wurde kein einziger Soldat oder Offizier der Wehrmacht je angeklagt, und der letzte Prozess gegen ein ehemaliges Mitglied des Sonderkommandos wurde 2020 aus Mangel an Beweisen eingestellt. (&#8230;)<\/span><\/p>\n<div id=\"attachment_28568\" style=\"width: 630px\" class=\"wp-caption aligncenter\"><img aria-describedby=\"caption-attachment-28568\" loading=\"lazy\" class=\" wp-image-28568\" src=\"http:\/\/www.deanreed.de\/AmericanRebel\/2017\/wp-content\/uploads\/2021\/10\/seee-300x137.jpg\" alt=\"\" width=\"620\" height=\"283\" srcset=\"https:\/\/www.deanreed.de\/AmericanRebel\/2017\/wp-content\/uploads\/2021\/10\/seee-300x137.jpg 300w, https:\/\/www.deanreed.de\/AmericanRebel\/2017\/wp-content\/uploads\/2021\/10\/seee.jpg 699w\" sizes=\"(max-width: 620px) 100vw, 620px\" \/><p id=\"caption-attachment-28568\" class=\"wp-caption-text\">Gedenkst\u00e4tte Babyn Jar. <span style=\"color: #808080;\">Bild: A. Homonow<\/span><\/p><\/div>\n<p style=\"text-align: justify;\"><span style=\"font-family: verdana, geneva, sans-serif; font-size: 12pt;\">Auch das Babyn Jar Holocaust Memorial Center mit dessen Bau zeitnah begonnen werden soll, bleibt Anlass f\u00fcr heftige Auseinandersetzungen. Finanziert wird es zum gr\u00f6\u00dften Teil von russischen Oligarchen j\u00fcdischer Herkunft, denen beste Beziehungen zu Putin nachgesagt werden. In der Ukraine bef\u00fcrchten deshalb viele eine geschichtspolitische Einflussnahme Moskaus. Eine umfassende Auseinandersetzung der ukrainischen Mehrheitsbev\u00f6lkerung mit der eigenen, ambivalenten und widerspr\u00fcchlichen Involvierung in die Shoa steht jedoch ebenso noch aus. Und so bleibt Babyn Jar auch am 80. Jahresstag des deutschen Massenmords ein pluraler und umk\u00e4mpfter Erinnerungsort.&#8220;<\/span><\/p>\n<p><sup>1<\/sup> <span style=\"font-size: 10pt;\">Zitat aus dem Drama \u00bb<a href=\"https:\/\/www.jpc.de\/jpcng\/movie\/detail\/-\/art\/der-aufhaltsame-aufstieg-des-arturo-ui\/hnum\/9757745?iampartner=spon1&amp;awc=201&amp;awa=1008&amp;kw=%2Fjpcng%2Fmovie%2F&amp;pos=&amp;msclkid=939b07e9ea60188e331066994985b7cf&amp;utm_source=bing&amp;utm_medium=cpc&amp;utm_campaign=DSA&amp;utm_term=%2Fjpcng%2Fmovie%2F&amp;utm_content=Filme%20-%20URL\" target=\"_blank\" rel=\"noopener\">Der aufhaltsame Aufstieg des Arturo U<\/a><a href=\"https:\/\/www.akweb.de\/gesellschaft\/vor-80-jahren-das-massaker-in-babyn-jar\/?fbclid=IwAR2K72GvSBRHpEG6hvfyDWucnk0cZszgebcL_d0f9tBAug9qGetSvh3zc3w\">i<\/a>\u00ab von Bertolt Brecht. Gemeint ist damit das Krieg und Faschismus ein Bestandteil des Kapitalismus sind. Solange die Ursach f\u00fcr Beides, die Diktatur des Kapitals nicht beseitigt ist, wird sie immer wieder geben.<br \/>\n<span style=\"color: #ffffff;\">.<\/span><br \/>\nErstver\u00f6ffentlichung des zitierten Teils am 17. August 2021 auf \u00bb<a href=\"https:\/\/www.akweb.de\/gesellschaft\/vor-80-jahren-das-massaker-in-babyn-jar\/?fbclid=IwAR2K72GvSBRHpEG6hvfyDWucnk0cZszgebcL_d0f9tBAug9qGetSvh3zc3w\" target=\"_blank\" rel=\"noopener\">analyse &amp; kritik<\/a>\u00ab. Bilder und Bilduntertexte wurden ganz oder zum Teil von der Redaktion \u00bb<a href=\"https:\/\/rotermorgen.eu\/\" target=\"_blank\" rel=\"noopener\">RoterMorgen<\/a>\u00ab hinzugef\u00fcgt.<br \/>\n<span style=\"color: #ffffff;\">.<\/span><br \/>\n<span style=\"font-size: 14pt; font-family: verdana, geneva, sans-serif;\"><em><strong>Anhang:<\/strong><\/em><\/span><\/span><\/p>\n<ul>\n<li><strong><span style=\"font-family: verdana, geneva, sans-serif; font-size: 12pt;\"><span style=\"font-size: 10pt;\"><a href=\"https:\/\/www.spiegel.de\/geschichte\/massaker-von-babi-jar-opfer-haben-namen-kommentar-a-1114350.html#fotostrecke-93e1f081-0001-0002-0000-000000151914\" target=\"_blank\" rel=\"noopener\">Fotostrecke zum Gedenken<\/a><\/span><\/span><\/strong><\/li>\n<li><strong><a href=\"https:\/\/www.wienerzeitung.at\/nachrichten\/wissen\/geschichte\/2090347-Babyn-Jar-Schwieriges-Erinnern-an-Holocaust-der-Kugeln-in-Ukraine.html\" target=\"_blank\" rel=\"noopener\"><span style=\"font-family: verdana, geneva, sans-serif; font-size: 12pt;\"><span style=\"font-size: 10pt;\"><span class=\"article-subtitle\">Ein geplantes Museum sorgt f\u00fcr Kontroversen &#8211; der \u00f6sterreichische Kurator nahm aus Protest den Hut.<\/span><\/span><\/span><\/a><\/strong><\/li>\n<li><a href=\"https:\/\/www.kino.de\/film\/babij-jar-das-vergessene-verbrechen-2003\/\" target=\"_blank\" rel=\"noopener\"><span style=\"font-family: verdana, geneva, sans-serif; font-size: 10pt;\"><strong><span class=\"alice-toggle-box-title\">Babij Jar &#8211; Das vergessene Verbrechen<\/span>, deutsch\/russischer Spielfilm von 2003<\/strong><\/span><\/a><br \/>\n<span style=\"color: #ffffff;\"><span style=\"color: #ffffff;\">.<\/span><\/span><\/li>\n<\/ul>\n<p style=\"text-align: justify;\"><span style=\"font-family: verdana, geneva, sans-serif; font-size: 10pt;\">Erstver\u00f6ffentlichung am 20. Oktober 2021 auf \u00bb<a href=\"https:\/\/rotermorgen.eu\/\" target=\"_blank\" rel=\"noopener\">RoterMorgen<\/a>\u00ab. Ver\u00f6ffentlichung mit freundlicher Genehmigung des Herausgebers. <\/span><\/p>\n<p style=\"text-align: justify;\"><span style=\"color: #ffffff;\">.<\/span><\/p>\n<p><a href=\"https:\/\/www.paypal.com\/de\/home\" target=\"_blank\" rel=\"noopener\"><img loading=\"lazy\" class=\"wp-image-26501 aligncenter\" src=\"http:\/\/www.deanreed.de\/AmericanRebel\/2017\/wp-content\/uploads\/2037\/12\/1-300x72.png\" alt=\"\" width=\"661\" height=\"159\" srcset=\"https:\/\/www.deanreed.de\/AmericanRebel\/2017\/wp-content\/uploads\/2037\/12\/1-300x72.png 300w, https:\/\/www.deanreed.de\/AmericanRebel\/2017\/wp-content\/uploads\/2037\/12\/1-1024x245.png 1024w, https:\/\/www.deanreed.de\/AmericanRebel\/2017\/wp-content\/uploads\/2037\/12\/1-768x184.png 768w, https:\/\/www.deanreed.de\/AmericanRebel\/2017\/wp-content\/uploads\/2037\/12\/1-1536x367.png 1536w, https:\/\/www.deanreed.de\/AmericanRebel\/2017\/wp-content\/uploads\/2037\/12\/1-2048x489.png 2048w\" sizes=\"(max-width: 661px) 100vw, 661px\" \/><\/a><\/p>\n<blockquote>\n<div style=\"margin-left: 10px;\"><a title=\"zur Startseite\" href=\"http:\/\/www.americanrebel.de\/\"><img loading=\"lazy\" class=\"alignleft\" src=\"http:\/\/www.deanreed.de\/AmericanRebel\/2017\/wp-content\/uploads\/2017\/03\/back_ar.png\" alt=\"zur\u00fcck zur Startseite\" width=\"156\" height=\"15\" \/><\/a><\/div>\n<div style=\"margin-right: 10px;\"><a href=\"https:\/\/www.facebook.com\/groups\/1683837971860223\/permalink\/1987214344855916\/\" target=\"_blank\" rel=\"noopener noreferrer\"><img loading=\"lazy\" class=\"alignright\" src=\"http:\/\/www.deanreed.de\/AmericanRebel\/2017\/wp-content\/uploads\/2017\/03\/ar_zu_fb.png\" alt=\"hier geht es zur Facebook Diskussionsgruppe\" width=\"353\" height=\"15\" \/><\/a><\/div>\n<p style=\"text-align: center;\"><a href=\"#respond\" target=\"_blank\" rel=\"noopener noreferrer\"><img loading=\"lazy\" class=\"aligncenter\" src=\"http:\/\/www.deanreed.de\/AmericanRebel\/2017\/wp-content\/uploads\/2017\/03\/ar_kommentar-1.png\" alt=\"Sag uns deine Meinung zum Artikel mit einem Kommentar\/Leserbrief\" width=\"627\" height=\"20\" \/><\/a><\/p>\n<\/blockquote>\n<p><\/div><!-- .hide-this-part --><\/div><!-- hide-this-part-wrap --><\/p>\n","protected":false},"excerpt":{"rendered":"<p>Redaktion Roter Morgen \u2013 23. Oktober 2021 Aus der Geschichte lernen und handeln! \u2013 Die Massenerschie\u00dfungen von Babyn Jar Wer an den Holocaust denkt, denkt an Vernichtungslager wie Auschwitz. Nach wie vor weniger bekannt ist, dass rund ein Drittel der [&hellip;]<a class=\"more-link\" href=\"https:\/\/www.deanreed.de\/AmericanRebel\/2017\/2021\/10\/23\/aus-der-geschichte-lernen-und-handeln-die-massenerschiessungen-von-babyn-jar\/\">&darr; Lese den Rest von diesem Eintrag&#8230;<\/a><\/p>\n","protected":false},"author":2,"featured_media":0,"comment_status":"open","ping_status":"open","sticky":false,"template":"","format":"standard","meta":[],"categories":[4839],"tags":[748,2594,2149,5356,4791,1329],"yoast_head":"<!-- This site is optimized with the Yoast SEO plugin v17.5 - https:\/\/yoast.com\/wordpress\/plugins\/seo\/ -->\n<title>Aus der Geschichte lernen und handeln! \u2013 Die Massenerschie\u00dfungen von Babyn Jar &ndash; Onlinezeitung AmericanRebel<\/title>\n<meta name=\"robots\" content=\"index, follow, max-snippet:-1, max-image-preview:large, max-video-preview:-1\" \/>\n<link rel=\"canonical\" href=\"http:\/\/www.deanreed.de\/AmericanRebel\/2017\/2021\/10\/23\/aus-der-geschichte-lernen-und-handeln-die-massenerschiessungen-von-babyn-jar\/\" \/>\n<meta property=\"og:locale\" content=\"de_DE\" \/>\n<meta property=\"og:type\" content=\"article\" \/>\n<meta property=\"og:title\" content=\"Aus der Geschichte lernen und handeln! \u2013 Die Massenerschie\u00dfungen von Babyn Jar &ndash; Onlinezeitung AmericanRebel\" \/>\n<meta property=\"og:description\" content=\"Wer an den Holocaust denkt, denkt an Vernichtungslager wie Auschwitz. Nach wie vor weniger bekannt ist, dass rund ein Drittel der Holocaust-Opfer nicht in Konzentrationslagern umgebracht, sondern bei Massenerschie\u00dfungen in Osteuropa get\u00f6tet wurden. Symbol des sogenannten &quot;Holocaust der Kugel&quot; ist das Massaker von Babyn Jar in Kiew, das sich in diesen Tagen zum 81. Mal j\u00e4hrt.\" \/>\n<meta property=\"og:url\" content=\"http:\/\/www.deanreed.de\/AmericanRebel\/2017\/2021\/10\/23\/aus-der-geschichte-lernen-und-handeln-die-massenerschiessungen-von-babyn-jar\/\" \/>\n<meta property=\"og:site_name\" content=\"Onlinezeitung AmericanRebel\" \/>\n<meta property=\"article:published_time\" content=\"2021-10-23T01:04:13+00:00\" \/>\n<meta property=\"article:modified_time\" content=\"2021-10-23T01:08:55+00:00\" \/>\n<meta property=\"og:image\" content=\"http:\/\/www.deanreed.de\/AmericanRebel\/2017\/wp-content\/uploads\/2021\/10\/eftz.png\" \/>\n\t<meta property=\"og:image:width\" content=\"640\" \/>\n\t<meta property=\"og:image:height\" content=\"460\" \/>\n<meta name=\"twitter:card\" content=\"summary_large_image\" \/>\n<meta name=\"twitter:label1\" content=\"Verfasst von\" \/>\n\t<meta name=\"twitter:data1\" content=\"Redaktion\" \/>\n\t<meta name=\"twitter:label2\" content=\"Gesch\u00e4tzte Lesezeit\" \/>\n\t<meta name=\"twitter:data2\" content=\"8\u00a0Minuten\" \/>\n<script type=\"application\/ld+json\" class=\"yoast-schema-graph\">{\"@context\":\"https:\/\/schema.org\",\"@graph\":[{\"@type\":\"WebSite\",\"@id\":\"https:\/\/www.deanreed.de\/AmericanRebel\/2017\/#website\",\"url\":\"https:\/\/www.deanreed.de\/AmericanRebel\/2017\/\",\"name\":\"Onlinezeitung AmericanRebel\",\"description\":\"Internationale Onlinezeitung f\\u00fcr Frieden, Humanismus, V\\u00f6lkerverst\\u00e4ndigung und Kultur\",\"potentialAction\":[{\"@type\":\"SearchAction\",\"target\":{\"@type\":\"EntryPoint\",\"urlTemplate\":\"https:\/\/www.deanreed.de\/AmericanRebel\/2017\/?s={search_term_string}\"},\"query-input\":\"required name=search_term_string\"}],\"inLanguage\":\"de\"},{\"@type\":\"ImageObject\",\"@id\":\"http:\/\/www.deanreed.de\/AmericanRebel\/2017\/2021\/10\/23\/aus-der-geschichte-lernen-und-handeln-die-massenerschiessungen-von-babyn-jar\/#primaryimage\",\"inLanguage\":\"de\",\"url\":\"https:\/\/www.deanreed.de\/AmericanRebel\/2017\/wp-content\/uploads\/2021\/10\/eftz.png\",\"contentUrl\":\"https:\/\/www.deanreed.de\/AmericanRebel\/2017\/wp-content\/uploads\/2021\/10\/eftz.png\",\"width\":640,\"height\":460},{\"@type\":\"WebPage\",\"@id\":\"http:\/\/www.deanreed.de\/AmericanRebel\/2017\/2021\/10\/23\/aus-der-geschichte-lernen-und-handeln-die-massenerschiessungen-von-babyn-jar\/#webpage\",\"url\":\"http:\/\/www.deanreed.de\/AmericanRebel\/2017\/2021\/10\/23\/aus-der-geschichte-lernen-und-handeln-die-massenerschiessungen-von-babyn-jar\/\",\"name\":\"Aus der Geschichte lernen und handeln! \\u2013 Die Massenerschie\\u00dfungen von Babyn Jar &ndash; Onlinezeitung AmericanRebel\",\"isPartOf\":{\"@id\":\"https:\/\/www.deanreed.de\/AmericanRebel\/2017\/#website\"},\"primaryImageOfPage\":{\"@id\":\"http:\/\/www.deanreed.de\/AmericanRebel\/2017\/2021\/10\/23\/aus-der-geschichte-lernen-und-handeln-die-massenerschiessungen-von-babyn-jar\/#primaryimage\"},\"datePublished\":\"2021-10-23T01:04:13+00:00\",\"dateModified\":\"2021-10-23T01:08:55+00:00\",\"author\":{\"@id\":\"https:\/\/www.deanreed.de\/AmericanRebel\/2017\/#\/schema\/person\/9edfca7917cd10b75edaae51c6e7935a\"},\"breadcrumb\":{\"@id\":\"http:\/\/www.deanreed.de\/AmericanRebel\/2017\/2021\/10\/23\/aus-der-geschichte-lernen-und-handeln-die-massenerschiessungen-von-babyn-jar\/#breadcrumb\"},\"inLanguage\":\"de\",\"potentialAction\":[{\"@type\":\"ReadAction\",\"target\":[\"http:\/\/www.deanreed.de\/AmericanRebel\/2017\/2021\/10\/23\/aus-der-geschichte-lernen-und-handeln-die-massenerschiessungen-von-babyn-jar\/\"]}]},{\"@type\":\"BreadcrumbList\",\"@id\":\"http:\/\/www.deanreed.de\/AmericanRebel\/2017\/2021\/10\/23\/aus-der-geschichte-lernen-und-handeln-die-massenerschiessungen-von-babyn-jar\/#breadcrumb\",\"itemListElement\":[{\"@type\":\"ListItem\",\"position\":1,\"name\":\"Startseite\",\"item\":\"https:\/\/www.deanreed.de\/AmericanRebel\/2017\/\"},{\"@type\":\"ListItem\",\"position\":2,\"name\":\"Aus der Geschichte lernen und handeln! \\u2013 Die Massenerschie\\u00dfungen von Babyn Jar\"}]},{\"@type\":\"Person\",\"@id\":\"https:\/\/www.deanreed.de\/AmericanRebel\/2017\/#\/schema\/person\/9edfca7917cd10b75edaae51c6e7935a\",\"name\":\"Redaktion\",\"url\":\"https:\/\/www.deanreed.de\/AmericanRebel\/2017\/author\/redaktion\/\"}]}<\/script>\n<!-- \/ Yoast SEO plugin. -->","yoast_head_json":{"title":"Aus der Geschichte lernen und handeln! \u2013 Die Massenerschie\u00dfungen von Babyn Jar &ndash; Onlinezeitung AmericanRebel","robots":{"index":"index","follow":"follow","max-snippet":"max-snippet:-1","max-image-preview":"max-image-preview:large","max-video-preview":"max-video-preview:-1"},"canonical":"http:\/\/www.deanreed.de\/AmericanRebel\/2017\/2021\/10\/23\/aus-der-geschichte-lernen-und-handeln-die-massenerschiessungen-von-babyn-jar\/","og_locale":"de_DE","og_type":"article","og_title":"Aus der Geschichte lernen und handeln! \u2013 Die Massenerschie\u00dfungen von Babyn Jar &ndash; Onlinezeitung AmericanRebel","og_description":"Wer an den Holocaust denkt, denkt an Vernichtungslager wie Auschwitz. Nach wie vor weniger bekannt ist, dass rund ein Drittel der Holocaust-Opfer nicht in Konzentrationslagern umgebracht, sondern bei Massenerschie\u00dfungen in Osteuropa get\u00f6tet wurden. Symbol des sogenannten \"Holocaust der Kugel\" ist das Massaker von Babyn Jar in Kiew, das sich in diesen Tagen zum 81. Mal j\u00e4hrt.","og_url":"http:\/\/www.deanreed.de\/AmericanRebel\/2017\/2021\/10\/23\/aus-der-geschichte-lernen-und-handeln-die-massenerschiessungen-von-babyn-jar\/","og_site_name":"Onlinezeitung AmericanRebel","article_published_time":"2021-10-23T01:04:13+00:00","article_modified_time":"2021-10-23T01:08:55+00:00","og_image":[{"width":640,"height":460,"url":"http:\/\/www.deanreed.de\/AmericanRebel\/2017\/wp-content\/uploads\/2021\/10\/eftz.png","type":"image\/png"}],"twitter_card":"summary_large_image","twitter_misc":{"Verfasst von":"Redaktion","Gesch\u00e4tzte Lesezeit":"8\u00a0Minuten"},"schema":{"@context":"https:\/\/schema.org","@graph":[{"@type":"WebSite","@id":"https:\/\/www.deanreed.de\/AmericanRebel\/2017\/#website","url":"https:\/\/www.deanreed.de\/AmericanRebel\/2017\/","name":"Onlinezeitung AmericanRebel","description":"Internationale Onlinezeitung f\u00fcr Frieden, Humanismus, V\u00f6lkerverst\u00e4ndigung und Kultur","potentialAction":[{"@type":"SearchAction","target":{"@type":"EntryPoint","urlTemplate":"https:\/\/www.deanreed.de\/AmericanRebel\/2017\/?s={search_term_string}"},"query-input":"required name=search_term_string"}],"inLanguage":"de"},{"@type":"ImageObject","@id":"http:\/\/www.deanreed.de\/AmericanRebel\/2017\/2021\/10\/23\/aus-der-geschichte-lernen-und-handeln-die-massenerschiessungen-von-babyn-jar\/#primaryimage","inLanguage":"de","url":"https:\/\/www.deanreed.de\/AmericanRebel\/2017\/wp-content\/uploads\/2021\/10\/eftz.png","contentUrl":"https:\/\/www.deanreed.de\/AmericanRebel\/2017\/wp-content\/uploads\/2021\/10\/eftz.png","width":640,"height":460},{"@type":"WebPage","@id":"http:\/\/www.deanreed.de\/AmericanRebel\/2017\/2021\/10\/23\/aus-der-geschichte-lernen-und-handeln-die-massenerschiessungen-von-babyn-jar\/#webpage","url":"http:\/\/www.deanreed.de\/AmericanRebel\/2017\/2021\/10\/23\/aus-der-geschichte-lernen-und-handeln-die-massenerschiessungen-von-babyn-jar\/","name":"Aus der Geschichte lernen und handeln! \u2013 Die Massenerschie\u00dfungen von Babyn Jar &ndash; Onlinezeitung AmericanRebel","isPartOf":{"@id":"https:\/\/www.deanreed.de\/AmericanRebel\/2017\/#website"},"primaryImageOfPage":{"@id":"http:\/\/www.deanreed.de\/AmericanRebel\/2017\/2021\/10\/23\/aus-der-geschichte-lernen-und-handeln-die-massenerschiessungen-von-babyn-jar\/#primaryimage"},"datePublished":"2021-10-23T01:04:13+00:00","dateModified":"2021-10-23T01:08:55+00:00","author":{"@id":"https:\/\/www.deanreed.de\/AmericanRebel\/2017\/#\/schema\/person\/9edfca7917cd10b75edaae51c6e7935a"},"breadcrumb":{"@id":"http:\/\/www.deanreed.de\/AmericanRebel\/2017\/2021\/10\/23\/aus-der-geschichte-lernen-und-handeln-die-massenerschiessungen-von-babyn-jar\/#breadcrumb"},"inLanguage":"de","potentialAction":[{"@type":"ReadAction","target":["http:\/\/www.deanreed.de\/AmericanRebel\/2017\/2021\/10\/23\/aus-der-geschichte-lernen-und-handeln-die-massenerschiessungen-von-babyn-jar\/"]}]},{"@type":"BreadcrumbList","@id":"http:\/\/www.deanreed.de\/AmericanRebel\/2017\/2021\/10\/23\/aus-der-geschichte-lernen-und-handeln-die-massenerschiessungen-von-babyn-jar\/#breadcrumb","itemListElement":[{"@type":"ListItem","position":1,"name":"Startseite","item":"https:\/\/www.deanreed.de\/AmericanRebel\/2017\/"},{"@type":"ListItem","position":2,"name":"Aus der Geschichte lernen und handeln! \u2013 Die Massenerschie\u00dfungen von Babyn Jar"}]},{"@type":"Person","@id":"https:\/\/www.deanreed.de\/AmericanRebel\/2017\/#\/schema\/person\/9edfca7917cd10b75edaae51c6e7935a","name":"Redaktion","url":"https:\/\/www.deanreed.de\/AmericanRebel\/2017\/author\/redaktion\/"}]}},"_links":{"self":[{"href":"https:\/\/www.deanreed.de\/AmericanRebel\/2017\/wp-json\/wp\/v2\/posts\/28564"}],"collection":[{"href":"https:\/\/www.deanreed.de\/AmericanRebel\/2017\/wp-json\/wp\/v2\/posts"}],"about":[{"href":"https:\/\/www.deanreed.de\/AmericanRebel\/2017\/wp-json\/wp\/v2\/types\/post"}],"author":[{"embeddable":true,"href":"https:\/\/www.deanreed.de\/AmericanRebel\/2017\/wp-json\/wp\/v2\/users\/2"}],"replies":[{"embeddable":true,"href":"https:\/\/www.deanreed.de\/AmericanRebel\/2017\/wp-json\/wp\/v2\/comments?post=28564"}],"version-history":[{"count":5,"href":"https:\/\/www.deanreed.de\/AmericanRebel\/2017\/wp-json\/wp\/v2\/posts\/28564\/revisions"}],"predecessor-version":[{"id":28573,"href":"https:\/\/www.deanreed.de\/AmericanRebel\/2017\/wp-json\/wp\/v2\/posts\/28564\/revisions\/28573"}],"wp:attachment":[{"href":"https:\/\/www.deanreed.de\/AmericanRebel\/2017\/wp-json\/wp\/v2\/media?parent=28564"}],"wp:term":[{"taxonomy":"category","embeddable":true,"href":"https:\/\/www.deanreed.de\/AmericanRebel\/2017\/wp-json\/wp\/v2\/categories?post=28564"},{"taxonomy":"post_tag","embeddable":true,"href":"https:\/\/www.deanreed.de\/AmericanRebel\/2017\/wp-json\/wp\/v2\/tags?post=28564"}],"curies":[{"name":"wp","href":"https:\/\/api.w.org\/{rel}","templated":true}]}}