{"id":28549,"date":"2021-10-22T14:42:01","date_gmt":"2021-10-22T12:42:01","guid":{"rendered":"http:\/\/www.deanreed.de\/AmericanRebel\/2017\/?p=28549"},"modified":"2021-10-22T14:47:21","modified_gmt":"2021-10-22T12:47:21","slug":"stecher-macht-vor-gericht-keinen-stich","status":"publish","type":"post","link":"https:\/\/www.deanreed.de\/AmericanRebel\/2017\/2021\/10\/22\/stecher-macht-vor-gericht-keinen-stich\/","title":{"rendered":"&#8211; Stecher macht vor Gericht keinen Stich"},"content":{"rendered":"<blockquote><p><span style=\"font-family: verdana, geneva, sans-serif; font-size: 12pt;\">Gastbeitrag von Janka Kluge und der Red. \u00bbBeobachter News\u00ab \u2013 21. Okt. 2021<\/span><\/p><\/blockquote>\n<p><span style=\"font-size: 16pt; color: #993300;\"><strong><span style=\"font-family: verdana, geneva, sans-serif;\">Stecher macht vor Gericht keinen Stich<\/span><\/strong><\/span><\/p>\n<p class=\"toptitle\" style=\"text-align: justify;\"><span style=\"color: #993300; font-size: 12pt;\"><strong><span style=\"font-family: verdana, geneva, sans-serif;\">Der rechte Youtube-Aktivist aus Fellbach erh\u00e4lt in Waiblingen eine Geldauflage<\/span><\/strong><\/span><\/p>\n<p style=\"text-align: justify;\"><strong><span style=\"font-family: verdana, geneva, sans-serif; font-size: 12pt;\">Vor dem Amtsgericht Waiblingen musste sich am Mittwoch, 22. September, Michael Stecher aus Fellbach verantworten. Der rechte Facebook- und Youtube-Aktivist war angeklagt, den Herausgeber und Chefredakteur der Beobachter News Alfred Denzinger in mehreren Ver\u00f6ffentlichungen beleidigt zu haben. Da das Gericht keinen Zweifel an einer Verurteilung Stechers lie\u00df, schlug sein Anwalt vor, das Verfahren gegen ihn einzustellen. Er darf nicht mehr behaupten, dass Alfred Denzinger ein \u201elinksextremer Terrorgruppenf\u00fchrer\u201c sei und dass er Fotos von Personen aufgenommen h\u00e4tte, um sie als rechtsextrem \u201ebei ihren Arbeitgebern\u201c zu outen. Au\u00dferdem muss Stecher 500 Euro an die Organisation SOS Kinderdorf \u00fcberweisen und sich bei Denzinger entschuldigen.<\/span><\/strong><\/p>\n<div id=\"attachment_28552\" style=\"width: 342px\" class=\"wp-caption alignleft\"><img aria-describedby=\"caption-attachment-28552\" loading=\"lazy\" class=\" wp-image-28552\" src=\"http:\/\/www.deanreed.de\/AmericanRebel\/2017\/wp-content\/uploads\/2021\/10\/f5445-300x216.png\" alt=\"\" width=\"332\" height=\"239\" srcset=\"https:\/\/www.deanreed.de\/AmericanRebel\/2017\/wp-content\/uploads\/2021\/10\/f5445-300x216.png 300w, https:\/\/www.deanreed.de\/AmericanRebel\/2017\/wp-content\/uploads\/2021\/10\/f5445.png 640w\" sizes=\"(max-width: 332px) 100vw, 332px\" \/><p id=\"caption-attachment-28552\" class=\"wp-caption-text\">Michael Stecher,. <span style=\"color: #808080;\">Archivbild. Beobachter News<\/span><\/p><\/div>\n<p style=\"text-align: justify;\"><span style=\"font-family: verdana, geneva, sans-serif; font-size: 12pt;\">Bei der Bekanntgabe der Entscheidung machte Alfred Denzinger seinen Unmut deutlich. Eine Entschuldigung Stechers lehnte er ab. Er betonte nach dem Prozess, dass er fest mit einem Urteil gerechnet hatte. \u201eF\u00fcr Rechte, die einer Straftat \u00fcberf\u00fchrt werden, wird es offenbar sehr leicht gemacht. Ein paar Euros und eine \u201eEntschuldigung\u201c scheinen zu gen\u00fcgen, um eine Einstellung des Verfahrens zu erreichen. Danach kann man dann ja weiter seine rechte Hetze verbreiten\u201c, erkl\u00e4rte Denzinger und k\u00fcndigte weitere juristische Schritte gegen Stecher an.<\/span><\/p>\n<p style=\"text-align: justify;\"><span style=\"font-family: verdana, geneva, sans-serif; font-size: 12pt;\">Michael Stecher hat auf verschiedenen sozialen Medien \u00fcber Monate immer wieder die gleichen falschen Behauptungen aufgestellt. Vom Richter befragt, wie er zu seiner Behauptung gekommen sei, setzte der Angeklagte zu einem langen Vortrag dar\u00fcber an, wie gut vernetzt \u201edie Antifa\u201c sei. Sein Anwalt reichte ihm dabei aus Unterlagen zu einem anderen Prozess, der parallel vor dem Landgericht verhandelt wird, zwei Bilder, mit denen er seine These zu untermauern versuchte. Das eine zeigte eine Kundgebung in Rudersberg, wahrscheinlich nach einem Anschlag auf das Wohnhaus von Denzinger. Stecher betonte, dass hier Fahnen der Gr\u00fcnen, Banner von Gewerkschafen und Fahnen der Antifa zu sehen sind. Au\u00dferdem sei, so Stecher, Denzinger zu sehen, wie er mit erhobener Faust dasteht.<\/span><\/p>\n<div id=\"attachment_28551\" style=\"width: 348px\" class=\"wp-caption alignright\"><img aria-describedby=\"caption-attachment-28551\" loading=\"lazy\" class=\" wp-image-28551\" src=\"http:\/\/www.deanreed.de\/AmericanRebel\/2017\/wp-content\/uploads\/2021\/10\/IMG12-300x200.jpg\" alt=\"\" width=\"338\" height=\"225\" srcset=\"https:\/\/www.deanreed.de\/AmericanRebel\/2017\/wp-content\/uploads\/2021\/10\/IMG12-300x200.jpg 300w, https:\/\/www.deanreed.de\/AmericanRebel\/2017\/wp-content\/uploads\/2021\/10\/IMG12.jpg 768w\" sizes=\"(max-width: 338px) 100vw, 338px\" \/><p id=\"caption-attachment-28551\" class=\"wp-caption-text\">Michael Stecher. <span style=\"color: #808080;\">Archivbild, Beobachter News<\/span><\/p><\/div>\n<p style=\"text-align: justify;\"><span style=\"font-family: verdana, geneva, sans-serif; font-size: 12pt;\">Die Interpretation von Stecher macht seine Sicht auf die Welt deutlich. Sowohl die Gr\u00fcnen als auch die Gewerkschaften und erst recht \u201edie Antifa\u201c w\u00fcrden von Denzinger gelenkt und gesteuert. Die Stuttgarter Gruppe Fridays for Future werde, so Stecher, stark von der Antifa gepr\u00e4gt. Wahrscheinlich wollte er mit dem Hinweis untermauern, wie weit nach seiner \u00dcberzeugung der Einfluss von Denzinger reicht.<\/span><\/p>\n<p style=\"text-align: justify;\"><span style=\"font-family: verdana, geneva, sans-serif; font-size: 12pt;\">Der Journalist und Teile der Antifa waren bei einem Prozess anwesend, bei dem ein \u00dcberfall auf Stecher verhandelt wurde. Das sieht der Fellbacher als weiteren Beleg daf\u00fcr, dass Denzinger eine leitende Figur der Antifa sei. Auf die Frage des Richters, wie die Reihe der Antifa und Denzinger ausgesehen habe, musste Stecher einr\u00e4umen, dass Denzinger vor der Reihe der AntifaschistInnen sa\u00df. Als Reihe konstruierte er dann eine Linie von vorne nach hinten.\u00a0 <div class=\"hide-this-part-wrap\"><div class=\"hide-this-part-more\" id=\"hide-this-part-0\" morelink-text=\"hier geht es weiter\">hier geht es weiter \u00bb<\/div><div class=\"hide-this-part\" status=\"invisible\"><br \/>\n<\/span><\/p>\n<div id=\"attachment_28550\" style=\"width: 342px\" class=\"wp-caption alignleft\"><img aria-describedby=\"caption-attachment-28550\" loading=\"lazy\" class=\" wp-image-28550\" src=\"http:\/\/www.deanreed.de\/AmericanRebel\/2017\/wp-content\/uploads\/2021\/10\/I12-300x200.jpg\" alt=\"\" width=\"332\" height=\"221\" srcset=\"https:\/\/www.deanreed.de\/AmericanRebel\/2017\/wp-content\/uploads\/2021\/10\/I12-300x200.jpg 300w, https:\/\/www.deanreed.de\/AmericanRebel\/2017\/wp-content\/uploads\/2021\/10\/I12.jpg 768w\" sizes=\"(max-width: 332px) 100vw, 332px\" \/><p id=\"caption-attachment-28550\" class=\"wp-caption-text\">Personenkontrolle \u2013 <span style=\"color: #808080;\">Symbolbild, Beobachter News<\/span><\/p><\/div>\n<p style=\"text-align: justify;\"><span style=\"font-family: verdana, geneva, sans-serif; font-size: 12pt;\">\u00c4hnlich scharfsinnig war seine Aussage, dass Denzinger bei einer antifaschistischen Solidarit\u00e4tsdemo im April dieses Jahres vor einem Transparent mit der Aufschrift \u201eWir sind alle 129 a\u201c zu sehen war. Auf Nachfrage des Richters musste er zugeben, dass Denzinger bei der Arbeit war. Als weiteren Beleg f\u00fcr den Einfluss von Denzinger f\u00fchrte Stecher an, dass der Journalist bei jeder Aktion der Antifa dabei sei.<\/span><\/p>\n<p style=\"text-align: justify;\"><span style=\"font-family: verdana, geneva, sans-serif; font-size: 12pt;\">Das Gericht stellte die Aussage in Frage, dass das von Stecher verbreitete Foto von der Personenkontrolle wirklich bei der Kundgebung vor dem SWR in Baden-Baden aufgenommen wurde. Eine Recherche hat ergeben, dass es sich dabei um eine antifaschistische Demonstration in Karlsruhe gehandelt hat, bei der die Polizei nach der Demo einzelne Teilnehmer gezielt herausgriff.<\/span><\/p>\n<p style=\"text-align: justify;\"><span style=\"font-family: verdana, geneva, sans-serif; font-size: 12pt;\">Die Verhandlung hat deutlich gemacht, dass der angebliche \u201eJournalismus\u201c von Michael Stecher mit Seriosit\u00e4t nicht viel zu tun hat. Eine \u00dcberraschung ist diese Erkenntnis nicht.<br \/>\n<span style=\"color: #ffffff;\">.<\/span><br \/>\n<\/span><strong><span style=\"font-family: verdana, geneva, sans-serif; font-size: 12pt;\">Geldstrafe auch f\u00fcr Berlinerin<\/span><\/strong><\/p>\n<div id=\"attachment_28553\" style=\"width: 180px\" class=\"wp-caption alignright\"><img aria-describedby=\"caption-attachment-28553\" loading=\"lazy\" class=\"size-medium wp-image-28553\" src=\"http:\/\/www.deanreed.de\/AmericanRebel\/2017\/wp-content\/uploads\/2021\/10\/rttt-2-170x300.jpg\" alt=\"\" width=\"170\" height=\"300\" srcset=\"https:\/\/www.deanreed.de\/AmericanRebel\/2017\/wp-content\/uploads\/2021\/10\/rttt-2-170x300.jpg 170w, https:\/\/www.deanreed.de\/AmericanRebel\/2017\/wp-content\/uploads\/2021\/10\/rttt-2.jpg 580w\" sizes=\"(max-width: 170px) 100vw, 170px\" \/><p id=\"caption-attachment-28553\" class=\"wp-caption-text\">Alfred Denzinger vor dem Amtsgericht Tiergarten. <span style=\"color: #808080;\">Bild: Beobachter News<\/span><\/p><\/div>\n<p style=\"text-align: justify;\"><span style=\"font-family: verdana, geneva, sans-serif; font-size: 12pt;\">Auch die 57 Jahre alte Berlinerin Solveig P. erhielt einen Strafbefehl wegen Beleidigung Alfred Denzingers. Dagegen legte sie Widerspruch ein und landete am 21. September vor dem Amtsgericht Berlin-Tiergarten. Bis jetzt habe sie nicht verstanden, was man von ihr wolle, erkl\u00e4rte sie als erstes in der Verhandlung. Der Vorwurf: Die Angeklagte habe auf Facebook den Steckbrief mit dem Foto Denzingers weiterverbreitet \u2013 dazu der Kommentar: \u201ewas f\u00fcr ein alter dummer widerlicher Sack\u201c (sie auch \u201e<a href=\"https:\/\/beobachternews.de\/2020\/01\/12\/rechte-duerfen-pressefreiheit-nicht-laenger-bedrohen\/\" target=\"_blank\" rel=\"noopener noreferrer\">Rechte d\u00fcrfen Pressefreiheit nicht l\u00e4nger bedrohen<\/a>\u201e).<\/span><\/p>\n<p style=\"text-align: justify;\"><span style=\"font-family: verdana, geneva, sans-serif; font-size: 12pt;\">Solveig P. bestritt, den Post abgesetzt zu haben. Sie kenne \u201eden Mann ja auch gar nicht\u201c. Zudem sei \u201eja nicht klar, ob das \u00fcberhaupt ihr Facebook-Profil\u201c sei. Hier m\u00fcsse ein \u201eProfildieb\u201c unterwegs gewesen sein. Schlie\u00dflich sei es sehr einfach, solche Fakes einzurichten. Es gebe gen\u00fcgend Betr\u00fcger-Programme.<\/span><\/p>\n<p style=\"text-align: justify;\"><span style=\"font-family: verdana, geneva, sans-serif; font-size: 12pt;\">Das Gericht sah dagegen \u201ekeinen Anhaltspunkt\u201c, dass es sich bei dem Profil mit dem Foto der Angeklagten und weiteren Posts von ihr um einen Fake handelte. Nach einigem Hin und Her (das bereits mit der 40-min\u00fctigen Versp\u00e4tung der Frau begonnen hatte) legte das Gericht der Angeklagten nahe, sich nochmals mit ihrem Anwalt zu beraten, wie es weitergehen soll.<\/span><\/p>\n<p style=\"text-align: justify;\"><span style=\"font-family: verdana, geneva, sans-serif; font-size: 12pt;\">Eindeutige Botschaft: Es ist an der Zeit, Einsicht zu zeigen. Das geschah dann auch und veranlasste Gericht und Staatsanw\u00e4ltin, die Geldstrafe des Strafbefehls auf 40 Tagess\u00e4tze zu je 12 Euro zu beschr\u00e4nken. Die Richterin sah sich \u201ezutiefst \u00fcberzeugt\u201c, dass sich die Angeklagte der \u201eBeleidigung schuldig gemacht\u201c hat. Mit der H\u00f6he der Geldstrafe wurde offenbar auch auf die Situation von Solveig P. R\u00fccksicht genommen, die von Hartz IV lebt. Die Zeugen Alfred Denzinger und ein Vertreter der Ermittlungsbeh\u00f6rden waren umsonst gekommen. Sie wurden nicht geh\u00f6rt.<br \/>\n<\/span><span style=\"font-family: verdana, geneva, sans-serif; font-size: 12pt;\"><span style=\"color: #ffffff;\">.<\/span><br \/>\n<span style=\"font-size: 10pt;\">Erstver\u00f6ffentlichung am 17. Oktober 2021 auf \u00bb<a href=\"https:\/\/beobachternews.de\/\" target=\"_blank\" rel=\"noopener\">beobachter News<\/a>\u00ab. Ver\u00f6ffentlichung mit freundlicher Genehmigung des Herausgebers. <\/span>\u00a0<\/span><\/p>\n<p style=\"text-align: justify;\"><span style=\"color: #ffffff;\">.<\/span><\/p>\n<p><a href=\"https:\/\/www.paypal.com\/de\/home\" target=\"_blank\" rel=\"noopener\"><img loading=\"lazy\" class=\"wp-image-26501 aligncenter\" src=\"http:\/\/www.deanreed.de\/AmericanRebel\/2017\/wp-content\/uploads\/2037\/12\/1-300x72.png\" alt=\"\" width=\"661\" height=\"159\" srcset=\"https:\/\/www.deanreed.de\/AmericanRebel\/2017\/wp-content\/uploads\/2037\/12\/1-300x72.png 300w, https:\/\/www.deanreed.de\/AmericanRebel\/2017\/wp-content\/uploads\/2037\/12\/1-1024x245.png 1024w, https:\/\/www.deanreed.de\/AmericanRebel\/2017\/wp-content\/uploads\/2037\/12\/1-768x184.png 768w, https:\/\/www.deanreed.de\/AmericanRebel\/2017\/wp-content\/uploads\/2037\/12\/1-1536x367.png 1536w, https:\/\/www.deanreed.de\/AmericanRebel\/2017\/wp-content\/uploads\/2037\/12\/1-2048x489.png 2048w\" sizes=\"(max-width: 661px) 100vw, 661px\" \/><\/a><\/p>\n<blockquote>\n<div style=\"margin-left: 10px;\"><a title=\"zur Startseite\" href=\"http:\/\/www.americanrebel.de\/\"><img loading=\"lazy\" class=\"alignleft\" src=\"http:\/\/www.deanreed.de\/AmericanRebel\/2017\/wp-content\/uploads\/2017\/03\/back_ar.png\" alt=\"zur\u00fcck zur Startseite\" width=\"156\" height=\"15\" \/><\/a><\/div>\n<div style=\"margin-right: 10px;\"><a href=\"https:\/\/www.facebook.com\/groups\/1683837971860223\/permalink\/1987214344855916\/\" target=\"_blank\" rel=\"noopener noreferrer\"><img loading=\"lazy\" class=\"alignright\" src=\"http:\/\/www.deanreed.de\/AmericanRebel\/2017\/wp-content\/uploads\/2017\/03\/ar_zu_fb.png\" alt=\"hier geht es zur Facebook Diskussionsgruppe\" width=\"353\" height=\"15\" \/><\/a><\/div>\n<p style=\"text-align: center;\"><a href=\"#respond\" target=\"_blank\" rel=\"noopener noreferrer\"><img loading=\"lazy\" class=\"aligncenter\" src=\"http:\/\/www.deanreed.de\/AmericanRebel\/2017\/wp-content\/uploads\/2017\/03\/ar_kommentar-1.png\" alt=\"Sag uns deine Meinung zum Artikel mit einem Kommentar\/Leserbrief\" width=\"627\" height=\"20\" \/><\/a><\/p>\n<\/blockquote>\n<p><\/div><!-- .hide-this-part --><\/div><!-- hide-this-part-wrap --><\/p>\n","protected":false},"excerpt":{"rendered":"<p>Gastbeitrag von Janka Kluge und der Red. \u00bbBeobachter News\u00ab \u2013 21. Okt. 2021 Stecher macht vor Gericht keinen Stich Der rechte Youtube-Aktivist aus Fellbach erh\u00e4lt in Waiblingen eine Geldauflage Vor dem Amtsgericht Waiblingen musste sich am Mittwoch, 22. September, Michael [&hellip;]<a class=\"more-link\" href=\"https:\/\/www.deanreed.de\/AmericanRebel\/2017\/2021\/10\/22\/stecher-macht-vor-gericht-keinen-stich\/\">&darr; Lese den Rest von diesem Eintrag&#8230;<\/a><\/p>\n","protected":false},"author":2,"featured_media":0,"comment_status":"open","ping_status":"open","sticky":false,"template":"","format":"standard","meta":[],"categories":[1],"tags":[5345,5346,748,5347,2594,845,2149,5348,2861,4791,5349,2682,384,5350,5351,4806,1329,5174],"yoast_head":"<!-- This site is optimized with the Yoast SEO plugin v17.5 - https:\/\/yoast.com\/wordpress\/plugins\/seo\/ -->\n<title>- Stecher macht vor Gericht keinen Stich &ndash; Onlinezeitung AmericanRebel<\/title>\n<meta name=\"robots\" content=\"index, follow, max-snippet:-1, max-image-preview:large, max-video-preview:-1\" \/>\n<link rel=\"canonical\" href=\"https:\/\/www.deanreed.de\/AmericanRebel\/2017\/2021\/10\/22\/stecher-macht-vor-gericht-keinen-stich\/\" \/>\n<meta property=\"og:locale\" content=\"de_DE\" \/>\n<meta property=\"og:type\" content=\"article\" \/>\n<meta property=\"og:title\" content=\"- Stecher macht vor Gericht keinen Stich &ndash; Onlinezeitung AmericanRebel\" \/>\n<meta property=\"og:description\" content=\"Vor dem Amtsgericht Waiblingen musste sich am Mittwoch, 22. September, Michael Stecher aus Fellbach verantworten. Der rechte Facebook- und Youtube-Aktivist war angeklagt, den Herausgeber und Chefredakteur der Beobachter News Alfred Denzinger in mehreren Ver\u00f6ffentlichungen beleidigt zu haben.\" \/>\n<meta property=\"og:url\" content=\"https:\/\/www.deanreed.de\/AmericanRebel\/2017\/2021\/10\/22\/stecher-macht-vor-gericht-keinen-stich\/\" \/>\n<meta property=\"og:site_name\" content=\"Onlinezeitung AmericanRebel\" \/>\n<meta property=\"article:published_time\" content=\"2021-10-22T12:42:01+00:00\" \/>\n<meta property=\"article:modified_time\" content=\"2021-10-22T12:47:21+00:00\" \/>\n<meta property=\"og:image\" content=\"http:\/\/www.deanreed.de\/AmericanRebel\/2017\/wp-content\/uploads\/2021\/10\/f5445.png\" \/>\n\t<meta property=\"og:image:width\" content=\"640\" \/>\n\t<meta property=\"og:image:height\" content=\"460\" \/>\n<meta name=\"twitter:card\" content=\"summary_large_image\" \/>\n<meta name=\"twitter:label1\" content=\"Verfasst von\" \/>\n\t<meta name=\"twitter:data1\" content=\"Redaktion\" \/>\n\t<meta name=\"twitter:label2\" content=\"Gesch\u00e4tzte Lesezeit\" \/>\n\t<meta name=\"twitter:data2\" content=\"6\u00a0Minuten\" \/>\n<script type=\"application\/ld+json\" class=\"yoast-schema-graph\">{\"@context\":\"https:\/\/schema.org\",\"@graph\":[{\"@type\":\"WebSite\",\"@id\":\"https:\/\/www.deanreed.de\/AmericanRebel\/2017\/#website\",\"url\":\"https:\/\/www.deanreed.de\/AmericanRebel\/2017\/\",\"name\":\"Onlinezeitung AmericanRebel\",\"description\":\"Internationale Onlinezeitung f\\u00fcr Frieden, Humanismus, V\\u00f6lkerverst\\u00e4ndigung und Kultur\",\"potentialAction\":[{\"@type\":\"SearchAction\",\"target\":{\"@type\":\"EntryPoint\",\"urlTemplate\":\"https:\/\/www.deanreed.de\/AmericanRebel\/2017\/?s={search_term_string}\"},\"query-input\":\"required name=search_term_string\"}],\"inLanguage\":\"de\"},{\"@type\":\"ImageObject\",\"@id\":\"https:\/\/www.deanreed.de\/AmericanRebel\/2017\/2021\/10\/22\/stecher-macht-vor-gericht-keinen-stich\/#primaryimage\",\"inLanguage\":\"de\",\"url\":\"https:\/\/www.deanreed.de\/AmericanRebel\/2017\/wp-content\/uploads\/2021\/10\/f5445.png\",\"contentUrl\":\"https:\/\/www.deanreed.de\/AmericanRebel\/2017\/wp-content\/uploads\/2021\/10\/f5445.png\",\"width\":640,\"height\":460,\"caption\":\"Michael Stecher, Archivbild. Beobachter News\"},{\"@type\":\"WebPage\",\"@id\":\"https:\/\/www.deanreed.de\/AmericanRebel\/2017\/2021\/10\/22\/stecher-macht-vor-gericht-keinen-stich\/#webpage\",\"url\":\"https:\/\/www.deanreed.de\/AmericanRebel\/2017\/2021\/10\/22\/stecher-macht-vor-gericht-keinen-stich\/\",\"name\":\"- Stecher macht vor Gericht keinen Stich &ndash; Onlinezeitung AmericanRebel\",\"isPartOf\":{\"@id\":\"https:\/\/www.deanreed.de\/AmericanRebel\/2017\/#website\"},\"primaryImageOfPage\":{\"@id\":\"https:\/\/www.deanreed.de\/AmericanRebel\/2017\/2021\/10\/22\/stecher-macht-vor-gericht-keinen-stich\/#primaryimage\"},\"datePublished\":\"2021-10-22T12:42:01+00:00\",\"dateModified\":\"2021-10-22T12:47:21+00:00\",\"author\":{\"@id\":\"https:\/\/www.deanreed.de\/AmericanRebel\/2017\/#\/schema\/person\/9edfca7917cd10b75edaae51c6e7935a\"},\"breadcrumb\":{\"@id\":\"https:\/\/www.deanreed.de\/AmericanRebel\/2017\/2021\/10\/22\/stecher-macht-vor-gericht-keinen-stich\/#breadcrumb\"},\"inLanguage\":\"de\",\"potentialAction\":[{\"@type\":\"ReadAction\",\"target\":[\"https:\/\/www.deanreed.de\/AmericanRebel\/2017\/2021\/10\/22\/stecher-macht-vor-gericht-keinen-stich\/\"]}]},{\"@type\":\"BreadcrumbList\",\"@id\":\"https:\/\/www.deanreed.de\/AmericanRebel\/2017\/2021\/10\/22\/stecher-macht-vor-gericht-keinen-stich\/#breadcrumb\",\"itemListElement\":[{\"@type\":\"ListItem\",\"position\":1,\"name\":\"Startseite\",\"item\":\"https:\/\/www.deanreed.de\/AmericanRebel\/2017\/\"},{\"@type\":\"ListItem\",\"position\":2,\"name\":\"&#8211; Stecher macht vor Gericht keinen Stich\"}]},{\"@type\":\"Person\",\"@id\":\"https:\/\/www.deanreed.de\/AmericanRebel\/2017\/#\/schema\/person\/9edfca7917cd10b75edaae51c6e7935a\",\"name\":\"Redaktion\",\"url\":\"https:\/\/www.deanreed.de\/AmericanRebel\/2017\/author\/redaktion\/\"}]}<\/script>\n<!-- \/ Yoast SEO plugin. -->","yoast_head_json":{"title":"- Stecher macht vor Gericht keinen Stich &ndash; Onlinezeitung AmericanRebel","robots":{"index":"index","follow":"follow","max-snippet":"max-snippet:-1","max-image-preview":"max-image-preview:large","max-video-preview":"max-video-preview:-1"},"canonical":"https:\/\/www.deanreed.de\/AmericanRebel\/2017\/2021\/10\/22\/stecher-macht-vor-gericht-keinen-stich\/","og_locale":"de_DE","og_type":"article","og_title":"- Stecher macht vor Gericht keinen Stich &ndash; Onlinezeitung AmericanRebel","og_description":"Vor dem Amtsgericht Waiblingen musste sich am Mittwoch, 22. September, Michael Stecher aus Fellbach verantworten. Der rechte Facebook- und Youtube-Aktivist war angeklagt, den Herausgeber und Chefredakteur der Beobachter News Alfred Denzinger in mehreren Ver\u00f6ffentlichungen beleidigt zu haben.","og_url":"https:\/\/www.deanreed.de\/AmericanRebel\/2017\/2021\/10\/22\/stecher-macht-vor-gericht-keinen-stich\/","og_site_name":"Onlinezeitung AmericanRebel","article_published_time":"2021-10-22T12:42:01+00:00","article_modified_time":"2021-10-22T12:47:21+00:00","og_image":[{"width":640,"height":460,"url":"http:\/\/www.deanreed.de\/AmericanRebel\/2017\/wp-content\/uploads\/2021\/10\/f5445.png","type":"image\/png"}],"twitter_card":"summary_large_image","twitter_misc":{"Verfasst von":"Redaktion","Gesch\u00e4tzte Lesezeit":"6\u00a0Minuten"},"schema":{"@context":"https:\/\/schema.org","@graph":[{"@type":"WebSite","@id":"https:\/\/www.deanreed.de\/AmericanRebel\/2017\/#website","url":"https:\/\/www.deanreed.de\/AmericanRebel\/2017\/","name":"Onlinezeitung AmericanRebel","description":"Internationale Onlinezeitung f\u00fcr Frieden, Humanismus, V\u00f6lkerverst\u00e4ndigung und Kultur","potentialAction":[{"@type":"SearchAction","target":{"@type":"EntryPoint","urlTemplate":"https:\/\/www.deanreed.de\/AmericanRebel\/2017\/?s={search_term_string}"},"query-input":"required name=search_term_string"}],"inLanguage":"de"},{"@type":"ImageObject","@id":"https:\/\/www.deanreed.de\/AmericanRebel\/2017\/2021\/10\/22\/stecher-macht-vor-gericht-keinen-stich\/#primaryimage","inLanguage":"de","url":"https:\/\/www.deanreed.de\/AmericanRebel\/2017\/wp-content\/uploads\/2021\/10\/f5445.png","contentUrl":"https:\/\/www.deanreed.de\/AmericanRebel\/2017\/wp-content\/uploads\/2021\/10\/f5445.png","width":640,"height":460,"caption":"Michael Stecher, Archivbild. Beobachter News"},{"@type":"WebPage","@id":"https:\/\/www.deanreed.de\/AmericanRebel\/2017\/2021\/10\/22\/stecher-macht-vor-gericht-keinen-stich\/#webpage","url":"https:\/\/www.deanreed.de\/AmericanRebel\/2017\/2021\/10\/22\/stecher-macht-vor-gericht-keinen-stich\/","name":"- Stecher macht vor Gericht keinen Stich &ndash; Onlinezeitung AmericanRebel","isPartOf":{"@id":"https:\/\/www.deanreed.de\/AmericanRebel\/2017\/#website"},"primaryImageOfPage":{"@id":"https:\/\/www.deanreed.de\/AmericanRebel\/2017\/2021\/10\/22\/stecher-macht-vor-gericht-keinen-stich\/#primaryimage"},"datePublished":"2021-10-22T12:42:01+00:00","dateModified":"2021-10-22T12:47:21+00:00","author":{"@id":"https:\/\/www.deanreed.de\/AmericanRebel\/2017\/#\/schema\/person\/9edfca7917cd10b75edaae51c6e7935a"},"breadcrumb":{"@id":"https:\/\/www.deanreed.de\/AmericanRebel\/2017\/2021\/10\/22\/stecher-macht-vor-gericht-keinen-stich\/#breadcrumb"},"inLanguage":"de","potentialAction":[{"@type":"ReadAction","target":["https:\/\/www.deanreed.de\/AmericanRebel\/2017\/2021\/10\/22\/stecher-macht-vor-gericht-keinen-stich\/"]}]},{"@type":"BreadcrumbList","@id":"https:\/\/www.deanreed.de\/AmericanRebel\/2017\/2021\/10\/22\/stecher-macht-vor-gericht-keinen-stich\/#breadcrumb","itemListElement":[{"@type":"ListItem","position":1,"name":"Startseite","item":"https:\/\/www.deanreed.de\/AmericanRebel\/2017\/"},{"@type":"ListItem","position":2,"name":"&#8211; Stecher macht vor Gericht keinen Stich"}]},{"@type":"Person","@id":"https:\/\/www.deanreed.de\/AmericanRebel\/2017\/#\/schema\/person\/9edfca7917cd10b75edaae51c6e7935a","name":"Redaktion","url":"https:\/\/www.deanreed.de\/AmericanRebel\/2017\/author\/redaktion\/"}]}},"_links":{"self":[{"href":"https:\/\/www.deanreed.de\/AmericanRebel\/2017\/wp-json\/wp\/v2\/posts\/28549"}],"collection":[{"href":"https:\/\/www.deanreed.de\/AmericanRebel\/2017\/wp-json\/wp\/v2\/posts"}],"about":[{"href":"https:\/\/www.deanreed.de\/AmericanRebel\/2017\/wp-json\/wp\/v2\/types\/post"}],"author":[{"embeddable":true,"href":"https:\/\/www.deanreed.de\/AmericanRebel\/2017\/wp-json\/wp\/v2\/users\/2"}],"replies":[{"embeddable":true,"href":"https:\/\/www.deanreed.de\/AmericanRebel\/2017\/wp-json\/wp\/v2\/comments?post=28549"}],"version-history":[{"count":4,"href":"https:\/\/www.deanreed.de\/AmericanRebel\/2017\/wp-json\/wp\/v2\/posts\/28549\/revisions"}],"predecessor-version":[{"id":28557,"href":"https:\/\/www.deanreed.de\/AmericanRebel\/2017\/wp-json\/wp\/v2\/posts\/28549\/revisions\/28557"}],"wp:attachment":[{"href":"https:\/\/www.deanreed.de\/AmericanRebel\/2017\/wp-json\/wp\/v2\/media?parent=28549"}],"wp:term":[{"taxonomy":"category","embeddable":true,"href":"https:\/\/www.deanreed.de\/AmericanRebel\/2017\/wp-json\/wp\/v2\/categories?post=28549"},{"taxonomy":"post_tag","embeddable":true,"href":"https:\/\/www.deanreed.de\/AmericanRebel\/2017\/wp-json\/wp\/v2\/tags?post=28549"}],"curies":[{"name":"wp","href":"https:\/\/api.w.org\/{rel}","templated":true}]}}