{"id":28475,"date":"2021-10-11T01:18:38","date_gmt":"2021-10-10T23:18:38","guid":{"rendered":"http:\/\/www.deanreed.de\/AmericanRebel\/2017\/?p=28475"},"modified":"2021-10-12T20:30:41","modified_gmt":"2021-10-12T18:30:41","slug":"28475","status":"publish","type":"post","link":"https:\/\/www.deanreed.de\/AmericanRebel\/2017\/2021\/10\/11\/28475\/","title":{"rendered":"Wochenr\u00fcckblick 40. Kalenderwoche 2021"},"content":{"rendered":"<p><img loading=\"lazy\" class=\"wp-image-26025 aligncenter\" src=\"http:\/\/www.deanreed.de\/AmericanRebel\/2017\/wp-content\/uploads\/2020\/10\/AR_WR_2-300x75.png\" alt=\"\" width=\"668\" height=\"167\" srcset=\"https:\/\/www.deanreed.de\/AmericanRebel\/2017\/wp-content\/uploads\/2020\/10\/AR_WR_2-300x75.png 300w, https:\/\/www.deanreed.de\/AmericanRebel\/2017\/wp-content\/uploads\/2020\/10\/AR_WR_2.png 700w\" sizes=\"(max-width: 668px) 100vw, 668px\" \/><\/p>\n<p style=\"text-align: justify;\"><span style=\"color: #993300;\"><strong><span style=\"font-family: verdana, geneva, sans-serif; font-size: 14pt;\">Zur\u00fcckblickend auf die letzten Tage sind uns einige kommentierbare Vorkommnisse ins Auge gefallen, die wir hier zur Diskussion stellen.<\/span><\/strong><\/span><br \/>\n<span style=\"font-family: verdana, geneva, sans-serif; font-size: 12pt;\"><strong><span style=\"color: #000000;\">(Kommis bitte unten eintragen!)<\/span><\/strong><\/span><\/p>\n<p style=\"text-align: justify;\"><strong><span style=\"color: #ffffff;\">.<\/span><\/strong><strong><span style=\"font-family: verdana, geneva, sans-serif; font-size: 12pt;\"><br \/>\n<span style=\"font-size: 14pt;\">5. Oktober | Es gibt viel zu tun packen wir es an \u2013<\/span><br \/>\n<span style=\"font-size: 14pt;\">Der Erfolg der \u201eDeutsche Wohnen und Co. enteignen\u201c<\/span><br \/>\n<span style=\"font-size: 14pt;\">ist erst der Anfang<\/span><\/span><\/strong><br \/>\n<span style=\"font-family: verdana, geneva, sans-serif; font-size: 12pt;\"><img loading=\"lazy\" class=\"wp-image-28479 aligncenter\" src=\"http:\/\/www.deanreed.de\/AmericanRebel\/2017\/wp-content\/uploads\/2021\/10\/ddd-300x81.jpg\" alt=\"\" width=\"667\" height=\"180\" srcset=\"https:\/\/www.deanreed.de\/AmericanRebel\/2017\/wp-content\/uploads\/2021\/10\/ddd-300x81.jpg 300w, https:\/\/www.deanreed.de\/AmericanRebel\/2017\/wp-content\/uploads\/2021\/10\/ddd.jpg 666w\" sizes=\"(max-width: 667px) 100vw, 667px\" \/>DER SPIEGEL ruft den \u00abSieg der Populisten\u00bb aus, die FAZ fragt: \u00abIst das schon Sozialismus?\u00bb, laut CICERO wurde eine \u00abIllusion\u00bb vermittelt und f\u00fcr die BZ wurde \u00abihre sorgf\u00e4ltig und langfristig aufgezogene Kampagne (im Original: wurde) von der Rosa-Luxemburg-Stiftung der Linken gesteuert und finanziell unterst\u00fctzt\u00bb. Da reiben sich doch nach dem \u00abVolksentscheid \u00fcber einen Beschluss zur Erarbeitung eines Gesetzentwurfs durch den Senat zur Vergesellschaftung der Wohnungsbest\u00e4nde gro\u00dfer Wohnungsunternehmen\u00bb nicht wenige Medienvertreter:innen die Augen und bem\u00fchen Textbausteine aus ihrer Mottenkiste. Denn ein so eindeutiges Ergebnis hatten die wenigsten erwartet.<\/span><br \/>\n<span style=\"font-family: verdana, geneva, sans-serif; font-size: 12pt;\"><a href=\"https:\/\/gewerkschaftsforum.de\/es-gibt-viel-zu-tun-packen-wir-es-an-der-erfolg-der-deutsche-wohnen-und-co-enteignen-ist-erst-der-anfang\/#more-11767\" target=\"_blank\" rel=\"noopener\"><em>\u00bbgewerkschaftsforum.de\u00ab berichtete<\/em><\/a><\/span><br \/>\n<span style=\"color: #ffffff; font-family: verdana, geneva, sans-serif; font-size: 12pt;\">.<\/span><br \/>\n<span style=\"color: #ffffff; font-family: verdana, geneva, sans-serif; font-size: 12pt;\">.<\/span><br \/>\n<span style=\"font-size: 14pt;\"><strong><span style=\"font-family: verdana, geneva, sans-serif;\">6. Oktober | Tarifticker 40\/202<\/span><\/strong><\/span><span style=\"font-family: verdana, geneva, sans-serif; font-size: 12pt;\"><span style=\"font-size: 14pt;\"><strong>1<\/strong><\/span><br \/>\n<img loading=\"lazy\" class=\"wp-image-28484 aligncenter\" src=\"http:\/\/www.deanreed.de\/AmericanRebel\/2017\/wp-content\/uploads\/2021\/10\/1-Kopie-2-1-300x81.png\" alt=\"\" width=\"667\" height=\"180\" srcset=\"https:\/\/www.deanreed.de\/AmericanRebel\/2017\/wp-content\/uploads\/2021\/10\/1-Kopie-2-1-300x81.png 300w, https:\/\/www.deanreed.de\/AmericanRebel\/2017\/wp-content\/uploads\/2021\/10\/1-Kopie-2-1.png 666w\" sizes=\"(max-width: 667px) 100vw, 667px\" \/>Aktuelle Kurzmeldungen zu den laufenden Tarifverhandlungen und Arbeitsk\u00e4mpfen der Kollegen\/-innen im deutschsprachigen Raum.<\/span><br \/>\n<a href=\"https:\/\/rotermorgen.eu\/tarifticker-39-2021\/\" target=\"_blank\" rel=\"noopener\"><em><span style=\"font-family: verdana, geneva, sans-serif; font-size: 12pt;\">\u00bbRoterMorgen\u00ab berichtete<\/span><\/em><\/a><br \/>\n<span style=\"color: #ffffff;\">.<\/span><br \/>\n<span style=\"color: #ffffff;\">.<\/span><span style=\"font-family: verdana, geneva, sans-serif; font-size: 12pt;\"><br \/>\n<\/span><span style=\"font-size: 14pt;\"><strong><span style=\"font-family: verdana, geneva, sans-serif;\">7. Oktober \u2013 ein Tag zum Feiern?<\/span><\/strong><\/span><br \/>\n<span style=\"font-size: 12pt; font-family: verdana, geneva, sans-serif;\"><img loading=\"lazy\" class=\"wp-image-28478 aligncenter\" src=\"http:\/\/www.deanreed.de\/AmericanRebel\/2017\/wp-content\/uploads\/2021\/10\/dtz-640x381-2-300x81.jpg\" alt=\"\" width=\"666\" height=\"180\" srcset=\"https:\/\/www.deanreed.de\/AmericanRebel\/2017\/wp-content\/uploads\/2021\/10\/dtz-640x381-2-300x81.jpg 300w, https:\/\/www.deanreed.de\/AmericanRebel\/2017\/wp-content\/uploads\/2021\/10\/dtz-640x381-2.jpg 666w\" sizes=\"(max-width: 666px) 100vw, 666px\" \/>Wenn sich heute eine Sch\u00fclerin oder ein Sch\u00fcler \u00fcber die Deutsche Demokratische Republik schlau machen will <span id=\"decorator-corrected-entity-id-65\" data-entity-key=\"65\" data-offset-key=\"4h5q-3-0\">wird<\/span> viele Seiten <span id=\"decorator-corrected-entity-id-77\" data-entity-key=\"77\" data-offset-key=\"4h5q-5-0\">finden, in<\/span> denen von Spaltung, Diktatur, Stalinismus und all dem berichtet <span id=\"decorator-corrected-entity-id-98\" data-entity-key=\"98\" data-offset-key=\"4h5q-7-0\">wird, was<\/span> ein wackrer deutscher Michel gar nicht h\u00f6ren mag. Er wird Schlussfolgerungen ohne <span id=\"decorator-corrected-entity-id-108\" data-entity-key=\"108\" data-offset-key=\"4h5q-9-0\">Analysen<\/span> finden, Behauptungen ohne Beweise und <span id=\"decorator-corrected-entity-id-126\" data-entity-key=\"126\" data-offset-key=\"4h5q-11-0\">unendlich<\/span> viele <span id=\"decorator-corrected-entity-id-141\" data-entity-key=\"141\" data-offset-key=\"4h5q-13-0\">L\u00fcgen, Verdrehungen<\/span> und Pauschalierungen. Die b\u00fcrgerliche Presse macht gute Arbeit \u2013 \u00fcber die Hintergr\u00fcnde der Gr\u00fcndung der Deutschen Demokratischen Republik wird der Suchende kaum etwas finden. Ebenso wie <span id=\"decorator-corrected-entity-id-148\" data-entity-key=\"148\" data-offset-key=\"4h5q-15-0\">plausible<\/span> Beweise daf\u00fcr, warum \u201edas Ganze\u201c dann letztlich doch den Bach herunter gehen <span id=\"decorator-corrected-entity-id-186\" data-entity-key=\"186\" data-offset-key=\"4h5q-17-0\">musste<\/span>.<br \/>\n<\/span><a href=\"https:\/\/rotermorgen.eu\/oktober-1949\/\" target=\"_blank\" rel=\"noopener\"><span style=\"font-family: verdana, geneva, sans-serif; font-size: 12pt;\"><em>\u00bbRoterMorgen\u00ab berichtete<\/em><\/span><\/a><span style=\"font-family: verdana, geneva, sans-serif; font-size: 12pt;\"><em>\u00a0\u00a0\u00a0 <div class=\"hide-this-part-wrap\"><div class=\"hide-this-part-more\" id=\"hide-this-part-0\" morelink-text=\"hier geht es weiter\">hier geht es weiter \u00bb<\/div><div class=\"hide-this-part\" status=\"invisible\"><\/em><\/span><br \/>\n<span style=\"font-family: verdana, geneva, sans-serif; font-size: 12pt; color: #ffffff;\">.<\/span><br \/>\n<span style=\"font-family: verdana, geneva, sans-serif; font-size: 12pt; color: #ffffff;\">.<\/span><br \/>\n<span style=\"font-family: verdana, geneva, sans-serif; font-size: 12pt;\"><strong><span style=\"font-size: 14pt;\">8. Oktober |<\/span><\/strong><span style=\"font-size: 14pt;\"> <strong>Polizei beschlagnahmt Equipment von Presseb\u00fcro<\/strong><\/span><\/span><br \/>\n<span style=\"font-family: verdana, geneva, sans-serif; font-size: 12pt;\"><img loading=\"lazy\" class=\"wp-image-28482 aligncenter\" src=\"http:\/\/www.deanreed.de\/AmericanRebel\/2017\/wp-content\/uploads\/2021\/10\/555-300x81.png\" alt=\"\" width=\"667\" height=\"180\" srcset=\"https:\/\/www.deanreed.de\/AmericanRebel\/2017\/wp-content\/uploads\/2021\/10\/555-300x81.png 300w, https:\/\/www.deanreed.de\/AmericanRebel\/2017\/wp-content\/uploads\/2021\/10\/555.png 666w\" sizes=\"(max-width: 667px) 100vw, 667px\" \/>W\u00e4hrend die Blockadeaktionen gegen Heckler &amp; Koch in Oberndorf noch in vollem Gange waren, soll es am Freitagvormittag, 8, Oktober, zu einer massiven Behinderung der Pressearbeit gekommen sein. Das mobile Presseb\u00fcro des B\u00fcndnisses \u201eRheinmetall entwaffnen\u201c wurde der Pressesprecherin der Gruppe zufolge von der Polizei in Oberndorf beschlagnahmt<\/span><br \/>\n<span style=\"font-family: verdana, geneva, sans-serif; font-size: 12pt;\"><a href=\"https:\/\/beobachternews.de\/2021\/10\/08\/polizei-beschlagnahmt-equipment-von-pressebuero\/\" target=\"_blank\" rel=\"noopener\"><em>\u00bbbeobachter news\u00ab berichtete<\/em><\/a><\/span><br \/>\n<span style=\"font-family: verdana, geneva, sans-serif; font-size: 12pt; color: #ffffff;\">.<\/span><br \/>\n<span style=\"font-family: verdana, geneva, sans-serif; font-size: 12pt; color: #ffffff;\">.<\/span><br \/>\n<span style=\"font-family: verdana, geneva, sans-serif; font-size: 12pt;\"><strong><span style=\"font-size: 14pt;\">8. Oktober | Antifaschismus vor Gericht:<br \/>\nUrteilsverk\u00fcndung gegen Jo und Dy am 13. Oktober<\/span><\/strong><\/span><br \/>\n<span style=\"font-family: verdana, geneva, sans-serif; font-size: 12pt;\"><img loading=\"lazy\" class=\"wp-image-28483 aligncenter\" src=\"http:\/\/www.deanreed.de\/AmericanRebel\/2017\/wp-content\/uploads\/2021\/10\/6-Kopie-300x81.png\" alt=\"\" width=\"667\" height=\"180\" srcset=\"https:\/\/www.deanreed.de\/AmericanRebel\/2017\/wp-content\/uploads\/2021\/10\/6-Kopie-300x81.png 300w, https:\/\/www.deanreed.de\/AmericanRebel\/2017\/wp-content\/uploads\/2021\/10\/6-Kopie.png 666w\" sizes=\"(max-width: 667px) 100vw, 667px\" \/>Nach mehreren Verz\u00f6gerungen wird im Prozess gegen die beiden Antifaschisten Jo und Dy am 13. Oktober 2021 die Urteilsverk\u00fcndung vor dem Stuttgarter Oberlandesgericht erwartet. Den beiden Aktivisten drohen mehrj\u00e4hrige Haftstrafen.<\/span><br \/>\n<a href=\"https:\/\/www.rote-hilfe.de\/news\/bundesvorstand\/1162-antifaschismus-vor-gericht-urteilsverkuendung-gegen-jo-und-dy-am-13-oktober\" target=\"_blank\" rel=\"noopener\"><span style=\"font-family: verdana, geneva, sans-serif; font-size: 12pt;\"><em>\u00bbRote-Hilfe-news\u00ab berichtete<\/em><\/span><\/a><br \/>\n<span style=\"font-family: verdana, geneva, sans-serif; font-size: 12pt; color: #ffffff;\">.<\/span><br \/>\n<span style=\"font-family: verdana, geneva, sans-serif; font-size: 12pt; color: #ffffff;\">.<\/span><br \/>\n<span style=\"font-family: verdana, geneva, sans-serif; font-size: 12pt;\"><strong><span style=\"font-size: 14pt;\">10. Oktober |<\/span><span style=\"font-size: 14pt;\"> Brasilien: Eine Landesweite<br \/>\nTrag\u00f6die unendlichen Ausma\u00dfes<\/span><\/strong><\/span><br \/>\n<span style=\"font-family: verdana, geneva, sans-serif; font-size: 12pt;\"><span lang=\"de-DE\"><img loading=\"lazy\" class=\"wp-image-28480 aligncenter\" src=\"http:\/\/www.deanreed.de\/AmericanRebel\/2017\/wp-content\/uploads\/2021\/10\/rttt_phixr-300x81.png\" alt=\"\" width=\"667\" height=\"180\" srcset=\"https:\/\/www.deanreed.de\/AmericanRebel\/2017\/wp-content\/uploads\/2021\/10\/rttt_phixr-300x81.png 300w, https:\/\/www.deanreed.de\/AmericanRebel\/2017\/wp-content\/uploads\/2021\/10\/rttt_phixr.png 666w\" sizes=\"(max-width: 667px) 100vw, 667px\" \/>In wie fern ein Staatschef sein eigenes Land in den Ruin treiben kann, l\u00e4sst sich an der aktuellen politischen Lage Brasiliens messen. Pr\u00e4sident Jair Bolsonaro, dessen Name noch \u00bbfatalistischer Messias\u00ab bedeutet, betreibt auf mannigfaltige Weise Genozid. Die Politik des rechtsextremen Proto-Faschisten nimmt nicht nur das Leiden eines Teils der Bev\u00f6lkerung nicht wahr, sondern verachtet es sogar. <\/span> <\/span><br \/>\n<a href=\"https:\/\/info-welt.info\/2021\/10\/10\/eine-landesweite-tragoedie-unendlichen-ausmasses\/\" target=\"_blank\" rel=\"noopener\"><span style=\"font-family: verdana, geneva, sans-serif; font-size: 12pt;\"><em>\u00bbInfo-Welt\u00ab berichtete<\/em><\/span><\/a><br \/>\n<span style=\"font-family: verdana, geneva, sans-serif; font-size: 12pt; color: #ffffff;\">.<\/span><br \/>\n<span style=\"font-family: verdana, geneva, sans-serif; font-size: 12pt; color: #ffffff;\">.<\/span><br \/>\n<span style=\"font-family: verdana, geneva, sans-serif; font-size: 14pt;\"><strong>10. Oktober |<\/strong> <\/span><span style=\"font-family: verdana, geneva, sans-serif; font-size: 12pt;\"><span style=\"font-size: 14pt;\"><strong>Rom: Faschistischer Angriff<br \/>\nauf Italienische CGIL-Gewerkschaftszentrale<\/strong><\/span><br \/>\n<\/span><span style=\"font-family: verdana, geneva, sans-serif; font-size: 12pt;\"><img loading=\"lazy\" class=\"wp-image-28481 aligncenter\" src=\"http:\/\/www.deanreed.de\/AmericanRebel\/2017\/wp-content\/uploads\/2021\/10\/rtt-300x81.jpg\" alt=\"\" width=\"667\" height=\"180\" srcset=\"https:\/\/www.deanreed.de\/AmericanRebel\/2017\/wp-content\/uploads\/2021\/10\/rtt-300x81.jpg 300w, https:\/\/www.deanreed.de\/AmericanRebel\/2017\/wp-content\/uploads\/2021\/10\/rtt.jpg 666w\" sizes=\"(max-width: 667px) 100vw, 667px\" \/>Bei einer Demonstration in Rom gegen Corona-Ma\u00dfnahmen kam es zu schweren Ausschreitungen. Impfgegner und Randalierer, darunter aber auch Rechtsextreme und Neofaschisten versuchten Regierungsgeb\u00e4ude und die Zentrale der Gewerkschaft CGIL zu st\u00fcrmen.<\/span><br \/>\n<a href=\"https:\/\/www.arbeit-zukunft.de\/2021\/10\/10\/rom-faschistischer-angriff-auf-italienische-cgil-gewerkschaftszentrale\/\" target=\"_blank\" rel=\"noopener\"><span style=\"font-family: verdana, geneva, sans-serif; font-size: 12pt;\"><em>\u00bbArbeit Zukunft\u00ab berichtete<\/em><\/span><\/a><br \/>\n<span style=\"font-family: verdana, geneva, sans-serif; font-size: 12pt; color: #ffffff;\">. <\/span><br \/>\n<span style=\"font-family: verdana, geneva, sans-serif; font-size: 12pt;\"><span style=\"color: #ffffff;\">.<\/span><strong><br \/>\n<\/strong><span style=\"font-size: 14pt;\"><strong>10. Oktober | <\/strong><\/span><\/span><span style=\"font-size: 14pt;\"><strong><span style=\"font-family: verdana, geneva, sans-serif;\">Mythen im Kreuzfeuer<\/span><\/strong><\/span><br \/>\n<strong><span style=\"font-size: 12pt;\"><span style=\"font-family: verdana, geneva, sans-serif;\">Buchtipp: \u201eArn Strohmeyer: Ein klassischer Fall von Geschichtsf\u00e4lschung. \u2013 \u00bb1948. Die Ausstellung zur Staatsgr\u00fcndung Israels\u00ab ist eine Flucht in Mythen \u2013 Eine Gegendokumentation.\u201c<\/span><\/span><\/strong><\/p>\n<p style=\"text-align: justify;\"><span style=\"font-size: 12pt;\"><span style=\"font-family: verdana, geneva, sans-serif;\"><img loading=\"lazy\" class=\"wp-image-11907 aligncenter\" src=\"https:\/\/rotermorgen.eu\/wp-content\/uploads\/2021\/06\/Harry-300x81.png\" alt=\"\" width=\"667\" height=\"180\" \/>Man braucht nicht in die Jahre 1772 bis zum Anfang des 19. Jahrhunderts zur\u00fcckzugehen, als Goethe sein Lebenswerk verfasste \u2013 besonders stark weht den B\u00fcrgern der Sumpf der Geschichtsf\u00e4lschungen, L\u00fcgen und Klischees auch noch im Jahr 2018 um die Ohren. Mythen und Klischees besitzen Langzeitwirkung. Sie werden nicht mit Fakten unterf\u00fcttert, sind jederzeit griffbereit, um die Wahrheit zu verdr\u00e4ngen.<br \/>\n<a href=\"http:\/\/www.deanreed.de\/AmericanRebel\/2017\/2018\/11\/15\/18009\/\" target=\"_blank\" rel=\"noopener\"><span style=\"font-size: 10pt;\">Arn Strohmeyer: Ein klassischer Fall von Geschichtsf\u00e4lschung. \u201a1948. Die Ausstellung zur Staatsgr\u00fcndung Israels\u2018 ist eine Flucht in Mythen \u2013 Eine Gegendokumentation. Taschenbuch: 160 Seiten, Gabriele-Sch\u00e4fer-Verlag, 2018, ISBN-10: 3944487605, ISBN-13: 978-3944487601, 14,90 Euro\u2028\u2028Online-Flyer Nr. 682 vom 14.11.2018<\/span><\/a><\/span><\/span><span style=\"font-family: verdana, geneva, sans-serif; font-size: 12pt;\"><span style=\"color: #ffffff;\"><span style=\"color: #000000;\"><span style=\"font-family: verdana, geneva, sans-serif; font-size: 12pt;\"><span style=\"color: #ffffff;\">.<\/span><\/span><\/span><\/span><\/span><\/p>\n<div class=\"public-DraftStyleDefault-block public-DraftStyleDefault-ltr\" data-offset-key=\"bsm8h-0-0\">\n<div data-offset-key=\"bsm8h-0-0\"><\/div>\n<\/div>\n<div class=\"\" data-block=\"true\" data-editor=\"7504f\" data-offset-key=\"bsm8h-0-0\">\n<div class=\"public-DraftStyleDefault-block public-DraftStyleDefault-ltr\" style=\"text-align: justify;\" data-offset-key=\"bsm8h-0-0\">\n<div class=\"\" data-block=\"true\" data-editor=\"7504f\" data-offset-key=\"bsm8h-0-0\">\n<div class=\"public-DraftStyleDefault-block public-DraftStyleDefault-ltr\" style=\"text-align: justify;\" data-offset-key=\"bsm8h-0-0\">\n<p style=\"text-align: center;\"><span style=\"font-family: verdana, geneva, sans-serif; font-size: 12pt;\"><span style=\"color: #ffffff;\"><span style=\"color: #000000;\"><span style=\"font-family: verdana, geneva, sans-serif; font-size: 12pt;\">____________________________<br \/>\n<span style=\"color: #ffffff;\">.<\/span><br \/>\n<\/span><\/span><\/span><\/span><\/p>\n<p style=\"text-align: center;\"><span style=\"font-size: 10pt;\"><span style=\"font-family: verdana, geneva, sans-serif;\">Die Redaktionen<\/span><span style=\"font-family: verdana, geneva, sans-serif;\"><strong><br \/>\n<\/strong>danken den Volkskorrespondenten\/-innen Hosteni, Zeki, Nico,<\/span><\/span><br \/>\n<span style=\"font-family: verdana, geneva, sans-serif; font-size: 10pt;\">KikiRebel, Rui-Filipe, Sascha, Kalle, Klaus, Fiete, Salvatore, Reinhold u. A.<\/span><br \/>\n<span style=\"font-family: verdana, geneva, sans-serif; font-size: 10pt;\">f\u00fcr die Unterst\u00fctzung bei der Erstellung.<strong><br \/>\n<\/strong>Dieser R\u00fcckblick erhebt nicht den Anspruch auf Vollst\u00e4ndigkeit.<\/span><br \/>\n<span style=\"font-family: verdana, geneva, sans-serif; font-size: 10pt;\"><strong>Verlinkte- und mit Namen gekennzeichnete Texte m\u00fcssen<\/strong><\/span><br \/>\n<span style=\"font-family: verdana, geneva, sans-serif; font-size: 10pt;\"><strong>nicht in allen Punkten den Meinungen unserer Redaktionen entsprechen.<br \/>\n<span style=\"color: #ffffff;\">.<\/span><br \/>\n\u00bbWochenr\u00fcckblick\u00ab ist ein Projekt von<\/strong><strong><a href=\"https:\/\/rotermorgen.eu\/8197-2\/\" target=\"_blank\" rel=\"noopener\"><img loading=\"lazy\" class=\"wp-image-8196 aligncenter\" src=\"https:\/\/rotermorgen.eu\/wp-content\/uploads\/2021\/01\/2-Kopie-2-1.png\" alt=\"\" width=\"292\" height=\"142\" \/><\/a>Schickt uns Eure Kurzberichte<br \/>\nund Veranstaltungshinweise!<br \/>\neMail: <a href=\"mailto:Wochenrueckblick@gmx.net\" target=\"_blank\" rel=\"noopener noreferrer\">Wochenrueckblick@gmx.net<\/a><br \/>\nRedaktionsschluss: Jeden Sonntag 20:00 Uhr<\/strong><\/span><\/p>\n<\/div>\n<p><em><\/div><!-- .hide-this-part --><\/div><!-- hide-this-part-wrap --><\/em><\/p>\n<div class=\"public-DraftStyleDefault-block public-DraftStyleDefault-ltr\" style=\"text-align: justify;\" data-offset-key=\"bsm8h-0-0\">\n<p><span style=\"color: #ffffff;\">.<\/span><\/p>\n<\/div>\n<\/div>\n<\/div>\n<\/div>\n","protected":false},"excerpt":{"rendered":"<p>Zur\u00fcckblickend auf die letzten Tage sind uns einige kommentierbare Vorkommnisse ins Auge gefallen, die wir hier zur Diskussion stellen. (Kommis bitte unten eintragen!) . 5. Oktober | Es gibt viel zu tun packen wir es an \u2013 Der Erfolg der [&hellip;]<a class=\"more-link\" href=\"https:\/\/www.deanreed.de\/AmericanRebel\/2017\/2021\/10\/11\/28475\/\">&darr; Lese den Rest von diesem Eintrag&#8230;<\/a><\/p>\n","protected":false},"author":2,"featured_media":0,"comment_status":"open","ping_status":"open","sticky":false,"template":"","format":"standard","meta":[],"categories":[5094],"tags":[748,4864,2594,8,4787,4728,5151,4866,5185,3939,4729,4730,4791,2021,4731,4869,2225,4870,4601,5186,1329,5205,4734,4011,4736],"yoast_head":"<!-- This site is optimized with the Yoast SEO plugin v17.5 - https:\/\/yoast.com\/wordpress\/plugins\/seo\/ -->\n<title>Wochenr\u00fcckblick 40. Kalenderwoche 2021 &ndash; Onlinezeitung AmericanRebel<\/title>\n<meta name=\"robots\" content=\"index, follow, max-snippet:-1, max-image-preview:large, max-video-preview:-1\" \/>\n<link rel=\"canonical\" href=\"https:\/\/www.deanreed.de\/AmericanRebel\/2017\/2021\/10\/11\/28475\/\" \/>\n<meta property=\"og:locale\" content=\"de_DE\" \/>\n<meta property=\"og:type\" content=\"article\" \/>\n<meta property=\"og:title\" content=\"Wochenr\u00fcckblick 40. Kalenderwoche 2021 &ndash; Onlinezeitung AmericanRebel\" \/>\n<meta property=\"og:description\" content=\"Zur\u00fcckblickend auf die letzten Tage sind uns einige kommentierbare Vorkommnisse ins Auge gefallen, die wir hier zur Diskussion stellen.\" \/>\n<meta property=\"og:url\" content=\"https:\/\/www.deanreed.de\/AmericanRebel\/2017\/2021\/10\/11\/28475\/\" \/>\n<meta property=\"og:site_name\" content=\"Onlinezeitung AmericanRebel\" \/>\n<meta property=\"article:published_time\" content=\"2021-10-10T23:18:38+00:00\" \/>\n<meta property=\"article:modified_time\" content=\"2021-10-12T18:30:41+00:00\" \/>\n<meta property=\"og:image\" content=\"https:\/\/www.deanreed.de\/AmericanRebel\/2017\/wp-content\/uploads\/2020\/12\/3-Kopie.png\" \/>\n\t<meta property=\"og:image:width\" content=\"640\" \/>\n\t<meta property=\"og:image:height\" content=\"460\" \/>\n<meta name=\"twitter:card\" content=\"summary_large_image\" \/>\n<meta name=\"twitter:description\" content=\"Zur\u00fcckblickend auf die letzten Tage sind uns einige kommentierbare Vorkommnisse ins Auge gefallen, die wir hier zur Diskussion stellen.\" \/>\n<meta name=\"twitter:image\" content=\"https:\/\/www.deanreed.de\/AmericanRebel\/2017\/wp-content\/uploads\/2020\/12\/3-Kopie.png\" \/>\n<meta name=\"twitter:label1\" content=\"Verfasst von\" \/>\n\t<meta name=\"twitter:data1\" content=\"Redaktion\" \/>\n\t<meta name=\"twitter:label2\" content=\"Gesch\u00e4tzte Lesezeit\" \/>\n\t<meta name=\"twitter:data2\" content=\"5\u00a0Minuten\" \/>\n<script type=\"application\/ld+json\" class=\"yoast-schema-graph\">{\"@context\":\"https:\/\/schema.org\",\"@graph\":[{\"@type\":\"WebSite\",\"@id\":\"https:\/\/www.deanreed.de\/AmericanRebel\/2017\/#website\",\"url\":\"https:\/\/www.deanreed.de\/AmericanRebel\/2017\/\",\"name\":\"Onlinezeitung AmericanRebel\",\"description\":\"Internationale Onlinezeitung f\\u00fcr Frieden, Humanismus, V\\u00f6lkerverst\\u00e4ndigung und Kultur\",\"potentialAction\":[{\"@type\":\"SearchAction\",\"target\":{\"@type\":\"EntryPoint\",\"urlTemplate\":\"https:\/\/www.deanreed.de\/AmericanRebel\/2017\/?s={search_term_string}\"},\"query-input\":\"required name=search_term_string\"}],\"inLanguage\":\"de\"},{\"@type\":\"ImageObject\",\"@id\":\"https:\/\/www.deanreed.de\/AmericanRebel\/2017\/2021\/10\/11\/28475\/#primaryimage\",\"inLanguage\":\"de\",\"url\":\"https:\/\/www.deanreed.de\/AmericanRebel\/2017\/wp-content\/uploads\/2020\/12\/3-Kopie.png\",\"contentUrl\":\"https:\/\/www.deanreed.de\/AmericanRebel\/2017\/wp-content\/uploads\/2020\/12\/3-Kopie.png\",\"width\":640,\"height\":460},{\"@type\":\"WebPage\",\"@id\":\"https:\/\/www.deanreed.de\/AmericanRebel\/2017\/2021\/10\/11\/28475\/#webpage\",\"url\":\"https:\/\/www.deanreed.de\/AmericanRebel\/2017\/2021\/10\/11\/28475\/\",\"name\":\"Wochenr\\u00fcckblick 40. Kalenderwoche 2021 &ndash; Onlinezeitung AmericanRebel\",\"isPartOf\":{\"@id\":\"https:\/\/www.deanreed.de\/AmericanRebel\/2017\/#website\"},\"primaryImageOfPage\":{\"@id\":\"https:\/\/www.deanreed.de\/AmericanRebel\/2017\/2021\/10\/11\/28475\/#primaryimage\"},\"datePublished\":\"2021-10-10T23:18:38+00:00\",\"dateModified\":\"2021-10-12T18:30:41+00:00\",\"author\":{\"@id\":\"https:\/\/www.deanreed.de\/AmericanRebel\/2017\/#\/schema\/person\/9edfca7917cd10b75edaae51c6e7935a\"},\"breadcrumb\":{\"@id\":\"https:\/\/www.deanreed.de\/AmericanRebel\/2017\/2021\/10\/11\/28475\/#breadcrumb\"},\"inLanguage\":\"de\",\"potentialAction\":[{\"@type\":\"ReadAction\",\"target\":[\"https:\/\/www.deanreed.de\/AmericanRebel\/2017\/2021\/10\/11\/28475\/\"]}]},{\"@type\":\"BreadcrumbList\",\"@id\":\"https:\/\/www.deanreed.de\/AmericanRebel\/2017\/2021\/10\/11\/28475\/#breadcrumb\",\"itemListElement\":[{\"@type\":\"ListItem\",\"position\":1,\"name\":\"Startseite\",\"item\":\"https:\/\/www.deanreed.de\/AmericanRebel\/2017\/\"},{\"@type\":\"ListItem\",\"position\":2,\"name\":\"Wochenr\\u00fcckblick 40. Kalenderwoche 2021\"}]},{\"@type\":\"Person\",\"@id\":\"https:\/\/www.deanreed.de\/AmericanRebel\/2017\/#\/schema\/person\/9edfca7917cd10b75edaae51c6e7935a\",\"name\":\"Redaktion\",\"url\":\"https:\/\/www.deanreed.de\/AmericanRebel\/2017\/author\/redaktion\/\"}]}<\/script>\n<!-- \/ Yoast SEO plugin. -->","yoast_head_json":{"title":"Wochenr\u00fcckblick 40. Kalenderwoche 2021 &ndash; Onlinezeitung AmericanRebel","robots":{"index":"index","follow":"follow","max-snippet":"max-snippet:-1","max-image-preview":"max-image-preview:large","max-video-preview":"max-video-preview:-1"},"canonical":"https:\/\/www.deanreed.de\/AmericanRebel\/2017\/2021\/10\/11\/28475\/","og_locale":"de_DE","og_type":"article","og_title":"Wochenr\u00fcckblick 40. Kalenderwoche 2021 &ndash; Onlinezeitung AmericanRebel","og_description":"Zur\u00fcckblickend auf die letzten Tage sind uns einige kommentierbare Vorkommnisse ins Auge gefallen, die wir hier zur Diskussion stellen.","og_url":"https:\/\/www.deanreed.de\/AmericanRebel\/2017\/2021\/10\/11\/28475\/","og_site_name":"Onlinezeitung AmericanRebel","article_published_time":"2021-10-10T23:18:38+00:00","article_modified_time":"2021-10-12T18:30:41+00:00","og_image":[{"width":640,"height":460,"url":"https:\/\/www.deanreed.de\/AmericanRebel\/2017\/wp-content\/uploads\/2020\/12\/3-Kopie.png","type":"image\/png"}],"twitter_card":"summary_large_image","twitter_description":"Zur\u00fcckblickend auf die letzten Tage sind uns einige kommentierbare Vorkommnisse ins Auge gefallen, die wir hier zur Diskussion stellen.","twitter_image":"https:\/\/www.deanreed.de\/AmericanRebel\/2017\/wp-content\/uploads\/2020\/12\/3-Kopie.png","twitter_misc":{"Verfasst von":"Redaktion","Gesch\u00e4tzte Lesezeit":"5\u00a0Minuten"},"schema":{"@context":"https:\/\/schema.org","@graph":[{"@type":"WebSite","@id":"https:\/\/www.deanreed.de\/AmericanRebel\/2017\/#website","url":"https:\/\/www.deanreed.de\/AmericanRebel\/2017\/","name":"Onlinezeitung AmericanRebel","description":"Internationale Onlinezeitung f\u00fcr Frieden, Humanismus, V\u00f6lkerverst\u00e4ndigung und Kultur","potentialAction":[{"@type":"SearchAction","target":{"@type":"EntryPoint","urlTemplate":"https:\/\/www.deanreed.de\/AmericanRebel\/2017\/?s={search_term_string}"},"query-input":"required name=search_term_string"}],"inLanguage":"de"},{"@type":"ImageObject","@id":"https:\/\/www.deanreed.de\/AmericanRebel\/2017\/2021\/10\/11\/28475\/#primaryimage","inLanguage":"de","url":"https:\/\/www.deanreed.de\/AmericanRebel\/2017\/wp-content\/uploads\/2020\/12\/3-Kopie.png","contentUrl":"https:\/\/www.deanreed.de\/AmericanRebel\/2017\/wp-content\/uploads\/2020\/12\/3-Kopie.png","width":640,"height":460},{"@type":"WebPage","@id":"https:\/\/www.deanreed.de\/AmericanRebel\/2017\/2021\/10\/11\/28475\/#webpage","url":"https:\/\/www.deanreed.de\/AmericanRebel\/2017\/2021\/10\/11\/28475\/","name":"Wochenr\u00fcckblick 40. Kalenderwoche 2021 &ndash; Onlinezeitung AmericanRebel","isPartOf":{"@id":"https:\/\/www.deanreed.de\/AmericanRebel\/2017\/#website"},"primaryImageOfPage":{"@id":"https:\/\/www.deanreed.de\/AmericanRebel\/2017\/2021\/10\/11\/28475\/#primaryimage"},"datePublished":"2021-10-10T23:18:38+00:00","dateModified":"2021-10-12T18:30:41+00:00","author":{"@id":"https:\/\/www.deanreed.de\/AmericanRebel\/2017\/#\/schema\/person\/9edfca7917cd10b75edaae51c6e7935a"},"breadcrumb":{"@id":"https:\/\/www.deanreed.de\/AmericanRebel\/2017\/2021\/10\/11\/28475\/#breadcrumb"},"inLanguage":"de","potentialAction":[{"@type":"ReadAction","target":["https:\/\/www.deanreed.de\/AmericanRebel\/2017\/2021\/10\/11\/28475\/"]}]},{"@type":"BreadcrumbList","@id":"https:\/\/www.deanreed.de\/AmericanRebel\/2017\/2021\/10\/11\/28475\/#breadcrumb","itemListElement":[{"@type":"ListItem","position":1,"name":"Startseite","item":"https:\/\/www.deanreed.de\/AmericanRebel\/2017\/"},{"@type":"ListItem","position":2,"name":"Wochenr\u00fcckblick 40. Kalenderwoche 2021"}]},{"@type":"Person","@id":"https:\/\/www.deanreed.de\/AmericanRebel\/2017\/#\/schema\/person\/9edfca7917cd10b75edaae51c6e7935a","name":"Redaktion","url":"https:\/\/www.deanreed.de\/AmericanRebel\/2017\/author\/redaktion\/"}]}},"_links":{"self":[{"href":"https:\/\/www.deanreed.de\/AmericanRebel\/2017\/wp-json\/wp\/v2\/posts\/28475"}],"collection":[{"href":"https:\/\/www.deanreed.de\/AmericanRebel\/2017\/wp-json\/wp\/v2\/posts"}],"about":[{"href":"https:\/\/www.deanreed.de\/AmericanRebel\/2017\/wp-json\/wp\/v2\/types\/post"}],"author":[{"embeddable":true,"href":"https:\/\/www.deanreed.de\/AmericanRebel\/2017\/wp-json\/wp\/v2\/users\/2"}],"replies":[{"embeddable":true,"href":"https:\/\/www.deanreed.de\/AmericanRebel\/2017\/wp-json\/wp\/v2\/comments?post=28475"}],"version-history":[{"count":6,"href":"https:\/\/www.deanreed.de\/AmericanRebel\/2017\/wp-json\/wp\/v2\/posts\/28475\/revisions"}],"predecessor-version":[{"id":28488,"href":"https:\/\/www.deanreed.de\/AmericanRebel\/2017\/wp-json\/wp\/v2\/posts\/28475\/revisions\/28488"}],"wp:attachment":[{"href":"https:\/\/www.deanreed.de\/AmericanRebel\/2017\/wp-json\/wp\/v2\/media?parent=28475"}],"wp:term":[{"taxonomy":"category","embeddable":true,"href":"https:\/\/www.deanreed.de\/AmericanRebel\/2017\/wp-json\/wp\/v2\/categories?post=28475"},{"taxonomy":"post_tag","embeddable":true,"href":"https:\/\/www.deanreed.de\/AmericanRebel\/2017\/wp-json\/wp\/v2\/tags?post=28475"}],"curies":[{"name":"wp","href":"https:\/\/api.w.org\/{rel}","templated":true}]}}