{"id":28438,"date":"2021-10-04T01:15:23","date_gmt":"2021-10-03T23:15:23","guid":{"rendered":"http:\/\/www.deanreed.de\/AmericanRebel\/2017\/?p=28438"},"modified":"2021-10-06T08:44:38","modified_gmt":"2021-10-06T06:44:38","slug":"wochenrueckblick-39-kalenderwoche-2021","status":"publish","type":"post","link":"https:\/\/www.deanreed.de\/AmericanRebel\/2017\/2021\/10\/04\/wochenrueckblick-39-kalenderwoche-2021\/","title":{"rendered":"&#8211; Wochenr\u00fcckblick 39. Kalenderwoche 2021"},"content":{"rendered":"<p><img loading=\"lazy\" class=\"wp-image-26025 aligncenter\" src=\"http:\/\/www.deanreed.de\/AmericanRebel\/2017\/wp-content\/uploads\/2020\/10\/AR_WR_2-300x75.png\" alt=\"\" width=\"668\" height=\"167\" srcset=\"https:\/\/www.deanreed.de\/AmericanRebel\/2017\/wp-content\/uploads\/2020\/10\/AR_WR_2-300x75.png 300w, https:\/\/www.deanreed.de\/AmericanRebel\/2017\/wp-content\/uploads\/2020\/10\/AR_WR_2.png 700w\" sizes=\"(max-width: 668px) 100vw, 668px\" \/><\/p>\n<p style=\"text-align: justify;\"><span style=\"color: #993300;\"><strong><span style=\"font-family: verdana, geneva, sans-serif; font-size: 14pt;\">Zur\u00fcckblickend auf die letzten Tage sind uns einige kommentierbare Vorkommnisse ins Auge gefallen, die wir hier zur Diskussion stellen.<\/span><\/strong><\/span><br \/>\n<span style=\"font-family: verdana, geneva, sans-serif; font-size: 12pt;\"><strong><span style=\"color: #000000;\">(Kommis bitte unten eintragen!)<\/span><\/strong><br \/>\n<span style=\"color: #ffffff;\">.<\/span><span style=\"color: #ffffff;\"><span style=\"color: #000000;\"><strong><br \/>\n<\/strong><\/span><\/span><\/span><br \/>\n<span style=\"font-family: verdana, geneva, sans-serif; font-size: 12pt;\"><strong><span style=\"font-size: 14pt;\">28. September |<\/span><\/strong><span style=\"font-size: 14pt;\"> <strong>Friedhofs-\u201eLa\u0308rm\u201c<\/strong><\/span><\/span><br \/>\n<span style=\"font-family: verdana, geneva, sans-serif; font-size: 12pt;\"><img loading=\"lazy\" class=\"wp-image-28439 aligncenter\" src=\"http:\/\/www.deanreed.de\/AmericanRebel\/2017\/wp-content\/uploads\/2021\/10\/1-Kopie-2-300x81.png\" alt=\"\" width=\"667\" height=\"180\" srcset=\"https:\/\/www.deanreed.de\/AmericanRebel\/2017\/wp-content\/uploads\/2021\/10\/1-Kopie-2-300x81.png 300w, https:\/\/www.deanreed.de\/AmericanRebel\/2017\/wp-content\/uploads\/2021\/10\/1-Kopie-2.png 666w\" sizes=\"(max-width: 667px) 100vw, 667px\" \/>Liebe <span id=\"decorator-ignored-entity-id-5\" data-entity-key=\"5\" data-offset-key=\"b27s6-1-0\">Leser\/innen,<br \/>\n<\/span>ich m\u00f6chte Euch mein neues Buch \u00bb<em>Der Mensch im Teufelskreis \u2013 Dr. Faustus Auferstehung<\/em>\u00ab, das am 18. September erschienen ist, vorstellen. Wenn ich euch daf\u00fcr begeistern kann, z\u00f6gert <span id=\"decorator-corrected-entity-id-14\" data-entity-key=\"14\" data-offset-key=\"4pdcd-1-0\">nicht, es<\/span> zu kaufen und denkt auch <span id=\"decorator-corrected-entity-id-16\" data-entity-key=\"16\" data-offset-key=\"4pdcd-3-0\">daran, <\/span>dass Weihnachten bald vor der T\u00fcr steht.<\/span><br \/>\n<span style=\"font-family: verdana, geneva, sans-serif; font-size: 12pt;\">Hatty Popow<\/span><br \/>\n<span style=\"font-family: verdana, geneva, sans-serif; font-size: 12pt;\"><em><a href=\"https:\/\/rotermorgen.eu\/friedhofs-la%cc%88rm\/\" target=\"_blank\" rel=\"noopener\"><span style=\"font-family: verdana, geneva, sans-serif; font-size: 12pt;\">\u00bbRoterMorgen\u00ab berichtete<\/span><\/a><br \/>\n<\/em><\/span><span style=\"font-family: verdana, geneva, sans-serif; font-size: 12pt;\"><span style=\"color: #ffffff;\">.<\/span><br \/>\n<span style=\"color: #ffffff;\">.<\/span><br \/>\n<strong><span style=\"font-size: 14pt;\">28. September| Offener Brief an Portugals Parlament<br \/>\nappelliert f\u00fcr eine regulierte Legalisierung von Cannabis<\/span><\/strong><br \/>\n<span lang=\"de-DE\"><img loading=\"lazy\" class=\"wp-image-28440 aligncenter\" src=\"http:\/\/www.deanreed.de\/AmericanRebel\/2017\/wp-content\/uploads\/2021\/10\/rr55-300x81.png\" alt=\"\" width=\"667\" height=\"180\" srcset=\"https:\/\/www.deanreed.de\/AmericanRebel\/2017\/wp-content\/uploads\/2021\/10\/rr55-300x81.png 300w, https:\/\/www.deanreed.de\/AmericanRebel\/2017\/wp-content\/uploads\/2021\/10\/rr55.png 666w\" sizes=\"(max-width: 667px) 100vw, 667px\" \/>Schon Peter Tosh sang vor 4 Jahrzehnten \u201e<\/span><span lang=\"en-GB\">Legalize it, don\u2019t criticize it\u201c. Die Drogenpolitik in <\/span><span lang=\"de-DE\">Portugal ist seit \u00fcber 2 Jahrzehnten eine der fortschrittlichsten der Welt. Doch im Umgang mit Cannabis gibt es seither keinen Fortschritt. Andere L\u00e4nder haben die Portugiesen diesbez\u00fcglich l\u00e4ngst \u00fcberholt. Es wird Zeit, den n\u00e4chsten Schritt zu unternehmen.<br \/>\n<\/span><a href=\"https:\/\/info-welt.info\/2021\/09\/28\/offener-brief-an-portugals-parlament-appelliert-fuer-eine-regulierte-legalisierung-von-cannabis\/\" target=\"_blank\" rel=\"noopener\"><em>\u00bbInfo-Welt\u00ab berichtete<\/em><\/a><br \/>\n<span style=\"color: #ffffff;\">.<\/span><br \/>\n<span style=\"color: #ffffff;\">.<\/span><br \/>\n<strong><span style=\"font-size: 14pt;\">29. September | <\/span><\/strong><span style=\"font-size: 14pt;\"><strong>Tarifticker 39\/2021<br \/>\n<img loading=\"lazy\" class=\"wp-image-28264 aligncenter\" src=\"http:\/\/www.deanreed.de\/AmericanRebel\/2017\/wp-content\/uploads\/2021\/09\/12-300x62.png\" alt=\"\" width=\"668\" height=\"138\" srcset=\"https:\/\/www.deanreed.de\/AmericanRebel\/2017\/wp-content\/uploads\/2021\/09\/12-300x62.png 300w, https:\/\/www.deanreed.de\/AmericanRebel\/2017\/wp-content\/uploads\/2021\/09\/12.png 680w\" sizes=\"(max-width: 668px) 100vw, 668px\" \/><\/strong><\/span><\/span><span style=\"font-family: verdana, geneva, sans-serif; font-size: 12pt;\">Aktuelle Kurzmeldungen zu den laufenden Tarifverhandlungen und Arbeitsk\u00e4mpfen der Kollegen\/-innen im deutschsprachigen Raum.<br \/>\n<\/span><span style=\"font-family: verdana, geneva, sans-serif; font-size: 12pt;\"><a href=\"https:\/\/rotermorgen.eu\/tarifticker-39-2021-2\/\" target=\"_blank\" rel=\"noopener\"><em>\u00bbRoterMorgen\u00ab berichtete<\/em><\/a> \u00a0\u00a0\u00a0 <em><div class=\"hide-this-part-wrap\"><div class=\"hide-this-part-more\" id=\"hide-this-part-0\" morelink-text=\"hier geht es weiter\">hier geht es weiter \u00bb<\/div><div class=\"hide-this-part\" status=\"invisible\"><\/em><br \/>\n<span style=\"color: #ffffff;\">.<\/span><br \/>\n<span style=\"color: #ffffff;\">.<\/span><\/span><span style=\"font-family: verdana, geneva, sans-serif; font-size: 12pt;\"><br \/>\n<\/span><span style=\"font-family: verdana, geneva, sans-serif; font-size: 14pt;\"><strong>1. Oktober | <span style=\"font-size: 14pt;\">Bosch M\u00fcnchen: Es ist Zeit f\u00fcr Solidarit\u00e4t <\/span><\/strong><\/span><br \/>\n<span style=\"font-family: verdana, geneva, sans-serif; font-size: 12pt;\"><img loading=\"lazy\" class=\"wp-image-28446 aligncenter\" src=\"http:\/\/www.deanreed.de\/AmericanRebel\/2017\/wp-content\/uploads\/2021\/10\/Biwdcvbld.16-300x81.png\" alt=\"\" width=\"667\" height=\"180\" srcset=\"https:\/\/www.deanreed.de\/AmericanRebel\/2017\/wp-content\/uploads\/2021\/10\/Biwdcvbld.16-300x81.png 300w, https:\/\/www.deanreed.de\/AmericanRebel\/2017\/wp-content\/uploads\/2021\/10\/Biwdcvbld.16.png 666w\" sizes=\"(max-width: 667px) 100vw, 667px\" \/>Das Boschwerk in M\u00fcnchen soll geschlossen und die dort besch\u00e4ftigten Arbeiter entlassen werden. Der vorgeschobene Grund: Transformation zur Produktion von E-Autos. Ein Interview mit dem stellv. Betriebsratsvorsitzenden Ferhat K\u0131rm\u0131z\u0131.<\/span><br \/>\n<span style=\"font-family: verdana, geneva, sans-serif; font-size: 12pt;\"><em><a href=\"https:\/\/yenihayat.de\/2021\/10\/01\/es-ist-zeit-fuer-solidaritaet\/\">\u00bbYeniHayat\/NeuesLeben\u00ab berichtete<\/a><br \/>\n<\/em><span style=\"color: #ffffff;\">.<\/span><br \/>\n<span style=\"color: #ffffff;\">.<\/span><br \/>\n<\/span><span style=\"font-family: verdana, geneva, sans-serif; font-size: 12pt;\"><strong><span style=\"font-size: 14pt;\">1. Oktober | A HARD LOSS AND A TRIUMPH<\/span><\/strong><br \/>\n<img loading=\"lazy\" class=\"wp-image-28441 aligncenter\" src=\"http:\/\/www.deanreed.de\/AmericanRebel\/2017\/wp-content\/uploads\/2021\/10\/eer5-300x81.png\" alt=\"\" width=\"663\" height=\"179\" srcset=\"https:\/\/www.deanreed.de\/AmericanRebel\/2017\/wp-content\/uploads\/2021\/10\/eer5-300x81.png 300w, https:\/\/www.deanreed.de\/AmericanRebel\/2017\/wp-content\/uploads\/2021\/10\/eer5.png 666w\" sizes=\"(max-width: 663px) 100vw, 663px\" \/>Germany\u2019s long election campaign, full of ups and downs, marked the end of 16 more or less placid years with Angela Merkel, 67, and her Christian double party, known as the \u201cUnion\u201d (its Bavarian component stays somewhat separate). Until now it had joined up with the Social Democrats (SPD) as increasingly uncomfortable junior partners. But now, without Angela, her unlucky Union followers ended up with the worst vote in their history (24.1 %) and an embarrassing second place.<br \/>\n<a href=\"https:\/\/info-welt.info\/2021\/10\/01\/13074\/\" target=\"_blank\" rel=\"noopener\"><em>\u00bbAmericanRebel\u00ab berichtete<\/em><\/a><\/span><br \/>\n<span style=\"font-family: verdana, geneva, sans-serif; font-size: 12pt; color: #ffffff;\">.<\/span><br \/>\n<span style=\"font-family: verdana, geneva, sans-serif; font-size: 12pt; color: #ffffff;\">.<\/span><br \/>\n<span style=\"font-family: verdana, geneva, sans-serif; font-size: 12pt;\"><strong><span style=\"font-size: 14pt;\">2. Oktober | 3. Oktober 1990:<br \/>\nDer Tag der Einverleibung der DDR<\/span><\/strong><br \/>\n<img loading=\"lazy\" class=\"wp-image-28443 aligncenter\" src=\"http:\/\/www.deanreed.de\/AmericanRebel\/2017\/wp-content\/uploads\/2021\/10\/ssdd-300x81.png\" alt=\"\" width=\"667\" height=\"180\" srcset=\"https:\/\/www.deanreed.de\/AmericanRebel\/2017\/wp-content\/uploads\/2021\/10\/ssdd-300x81.png 300w, https:\/\/www.deanreed.de\/AmericanRebel\/2017\/wp-content\/uploads\/2021\/10\/ssdd.png 666w\" sizes=\"(max-width: 667px) 100vw, 667px\" \/>Die DDR war am Ende einer Entwicklung angelangt in der es nach den alten Methoden nicht mehr weiterging. Der Sozialismus ist die erste Phase des Kommunismus, in der der Kampf zwischen Kapitalismus und Kommunismus noch nicht entschieden ist, in der die Entwicklung zu beiden Seiten m\u00f6glich ist. Der Kapitalismus hat gesiegt &#8211; doch lag es nicht an seiner angeblichen \u00dcberlegenheit. In dieser Phase hat die Kommunistische Partei die Aufgabe die Werkt\u00e4tigen zur Leitung auf allen Ebenen heranzuziehen, die Staatst\u00e4tigkeit in der Ausrichtung auf die allseitige F\u00f6rderung und Entfaltung der Selbstt\u00e4tigkeit der Gesellschaftsglieder auszurichten. SED-F\u00fchrer wie Ulbricht und Honecker wollten diesen Weg nicht beschreiten. Sie konnten sich keine Zukunft vorstellen und wollten keine Zukunft, in der nicht alle gesellschaftlichen Entscheidungen in ihren H\u00e4nden monopolisiert sein sollten. Auf dieser antimaxistischen Grundlage war das Verfaulen der DDR gesetzm\u00e4\u00dfig. Am <span id=\"decorator-corrected-entity-id-6\" data-entity-key=\"6\" data-offset-key=\"8uhiq-1-0\">Mittwoch,<\/span> den 3. Oktober <span id=\"decorator-corrected-entity-id-15\" data-entity-key=\"15\" data-offset-key=\"8uhiq-3-0\">1990, platzte<\/span> die Blase <span id=\"decorator-corrected-entity-id-22\" data-entity-key=\"22\" data-offset-key=\"8uhiq-5-0\">endg\u00fcltig \u2013<\/span> <span id=\"decorator-corrected-entity-id-18\" data-entity-key=\"18\" data-offset-key=\"8uhiq-7-0\">die<\/span> DDR wurde zur Geschichte.<\/span><br \/>\n<a href=\"https:\/\/rotermorgen.eu\/3-oktober-1990-tag-der-einverleibung-der-ddr\/\" target=\"_blank\" rel=\"noopener\"><span style=\"font-family: verdana, geneva, sans-serif; font-size: 12pt;\"><em>\u00bbRoterMorgen\u00ab berichtete<\/em><\/span><\/a><br \/>\n<span style=\"font-family: verdana, geneva, sans-serif; font-size: 12pt; color: #ffffff;\">.<\/span><br \/>\n<span style=\"font-family: verdana, geneva, sans-serif; font-size: 12pt; color: #ffffff;\">.<\/span><br \/>\n<span style=\"font-family: verdana, geneva, sans-serif; font-size: 12pt;\"><strong><span style=\"font-size: 14pt;\">2. Oktober |Digitale B\u00fccherverbrennung:<br \/>\nAktionen wider den politisch unkorrekten Geist<\/span><\/strong><br \/>\n<\/span><span style=\"font-family: verdana, geneva, sans-serif; font-size: 12pt;\"><img loading=\"lazy\" class=\"wp-image-28442 aligncenter\" src=\"http:\/\/www.deanreed.de\/AmericanRebel\/2017\/wp-content\/uploads\/2021\/10\/rttt-300x81.jpg\" alt=\"\" width=\"667\" height=\"180\" srcset=\"https:\/\/www.deanreed.de\/AmericanRebel\/2017\/wp-content\/uploads\/2021\/10\/rttt-300x81.jpg 300w, https:\/\/www.deanreed.de\/AmericanRebel\/2017\/wp-content\/uploads\/2021\/10\/rttt.jpg 666w\" sizes=\"(max-width: 667px) 100vw, 667px\" \/>Die Zensurorgien der Internetkonzerne greifen immer weiter um sich. Es gibt eine schweigende Mehrheit, die davon nichts bemerkt, es gibt Jubler und es gibt diejenigen, die unterdr\u00fcckt werden. Ein Kommentar.<br \/>\n<\/span><a href=\"https:\/\/www.anti-spiegel.ru\/2021\/digitale-buecherverbrennung-aktionen-wider-den-politisch-unkorrekten-geist\/\" target=\"_blank\" rel=\"noopener\"><span style=\"font-family: verdana, geneva, sans-serif; font-size: 12pt;\"><em>\u00bbAnti-Spiegel\u00ab berichtete<\/em><\/span><\/a><br \/>\n<span style=\"font-family: verdana, geneva, sans-serif; font-size: 12pt; color: #ffffff;\">.<\/span><br \/>\n<span style=\"font-family: verdana, geneva, sans-serif; font-size: 12pt; color: #ffffff;\">.<\/span><br \/>\n<span style=\"font-family: verdana, geneva, sans-serif; font-size: 12pt;\"><strong><span style=\"font-size: 14pt;\">3. Oktober | Tausende Besch\u00e4ftigte gegen die Pl\u00e4ne<br \/>\nzur Zerschlagung des Airbus-Konzerns<\/span><\/strong><\/span><br \/>\n<span style=\"font-family: verdana, geneva, sans-serif; font-size: 12pt;\"><img loading=\"lazy\" class=\"wp-image-28445 aligncenter\" src=\"http:\/\/www.deanreed.de\/AmericanRebel\/2017\/wp-content\/uploads\/2021\/10\/wwer-300x81.jpg\" alt=\"\" width=\"667\" height=\"180\" srcset=\"https:\/\/www.deanreed.de\/AmericanRebel\/2017\/wp-content\/uploads\/2021\/10\/wwer-300x81.jpg 300w, https:\/\/www.deanreed.de\/AmericanRebel\/2017\/wp-content\/uploads\/2021\/10\/wwer.jpg 666w\" sizes=\"(max-width: 667px) 100vw, 667px\" \/>Mehr als 10.000 Besch\u00e4ftigte beteiligten sich im September erneut an Warnstreiks und Kundgebungen. Es geht um die zuk\u00fcnftige Struktur von Airbus Operations und Premium Aerotec, um die Zerschlagung des Airbus-Konzerns.<\/span><br \/>\n<a href=\"https:\/\/www.arbeit-zukunft.de\/2021\/10\/03\/tausende-beschaeftigte-gegen-die-plaene-zur-zerschlagung-des-airbus-konzerns\/#more-8957\" target=\"_blank\" rel=\"noopener\"><span style=\"font-family: verdana, geneva, sans-serif; font-size: 12pt;\"><em>\u00bbArbeit Zukunft\u00ab berichtete<\/em><\/span><\/a><br \/>\n<span style=\"font-family: verdana, geneva, sans-serif; font-size: 12pt; color: #ffffff;\">.<\/span><br \/>\n<span style=\"font-family: verdana, geneva, sans-serif; font-size: 12pt; color: #ffffff;\">.<\/span><br \/>\n<span style=\"font-family: verdana, geneva, sans-serif; font-size: 14pt;\"><strong>3. Oktober | <\/strong><\/span><span style=\"font-family: verdana, geneva, sans-serif; font-size: 12pt;\"><span class=\"lcmr-single-title\"><span style=\"font-size: 14pt;\"><strong>Dreh dein Fahrrad um, Kollegin \u2013<br \/>\nDie Gorillas streiken weiter<\/strong><\/span><br \/>\n<\/span><img loading=\"lazy\" class=\"wp-image-28444 aligncenter\" src=\"http:\/\/www.deanreed.de\/AmericanRebel\/2017\/wp-content\/uploads\/2021\/10\/eerr-300x81.jpg\" alt=\"\" width=\"667\" height=\"180\" srcset=\"https:\/\/www.deanreed.de\/AmericanRebel\/2017\/wp-content\/uploads\/2021\/10\/eerr-300x81.jpg 300w, https:\/\/www.deanreed.de\/AmericanRebel\/2017\/wp-content\/uploads\/2021\/10\/eerr.jpg 666w\" sizes=\"(max-width: 667px) 100vw, 667px\" \/>\u201eNo Pasaran\u201c steht auf dem Banner, welches \u00fcber der T\u00fcr an der Glasfassade h\u00e4ngt. Ca. 40 Menschen stehen herum und unterhalten sich, malen weitere Banner. Auch einige Journalist:innen sind da und f\u00fchren Interviews. Pl\u00f6tzlich bildet sich eine Menschentraube vor der T\u00fcr. Zwei M\u00e4nner, welche von sich behaupten <em>Rider \u2013 <\/em>Lieferfahrer<em> \u2013<\/em> zu sein, wollen das Geb\u00e4ude betreten, werden jedoch daran gehindert. Denn das <em>Gorillas<\/em>-Lager im Kaiserkorso 154 in Tempelhof wird seit Freitag morgen bestreikt. Und auch die Besch\u00e4ftigten in Sch\u00f6neberg und Gesundbrunnen, sowie kurzzeitig aus Mitte, haben sich angeschlossen. Mittlerweile gibt es einen Aufruf unter #StartUpsideDown Fotos seines umgedrehten Fahrrads zu posten, um Solidarit\u00e4t auszudr\u00fccken.<\/span><br \/>\n<a href=\"https:\/\/lowerclassmag.com\/2021\/10\/03\/dreh-dein-fahrrad-um-kollegin-die-gorillas-streiken-weiter\/\" target=\"_blank\" rel=\"noopener\"><span style=\"font-family: verdana, geneva, sans-serif; font-size: 12pt;\"><em>\u00bbThe Lover Class Magazine\u00ab berichtete<\/em><\/span><\/a><br \/>\n<span style=\"font-family: verdana, geneva, sans-serif; font-size: 12pt; color: #ffffff;\">. <\/span><br \/>\n<span style=\"font-family: verdana, geneva, sans-serif; font-size: 12pt;\"><span style=\"color: #ffffff;\">.<\/span><strong><br \/>\n<\/strong><span style=\"font-size: 14pt;\"><strong>3. Oktober |<\/strong> <span style=\"font-size: 12pt;\"><span style=\"font-family: verdana, geneva, sans-serif; font-size: 14pt;\"><strong>Bekehrung mit dem Schwert<br \/>\n<\/strong><\/span><\/span><\/span><strong>Buchtipp: \u201e<span id=\"productTitle\" class=\"a-size-large\">Zwei gegen Ragnar\u00f8k<\/span>\u201c von Hans-J\u00fcrgen Hennig<\/strong><span style=\"font-size: 14pt;\"><span style=\"font-size: 12pt;\"><span style=\"font-family: verdana, geneva, sans-serif; font-size: 14pt;\"><strong><br \/>\n<\/strong><\/span><\/span><\/span><\/span><span style=\"font-family: verdana, geneva, sans-serif; font-size: 12pt;\"><img loading=\"lazy\" class=\"wp-image-27772 aligncenter\" src=\"http:\/\/www.deanreed.de\/AmericanRebel\/2017\/wp-content\/uploads\/2021\/06\/Harry-300x81.png\" alt=\"\" width=\"667\" height=\"180\" srcset=\"https:\/\/www.deanreed.de\/AmericanRebel\/2017\/wp-content\/uploads\/2021\/06\/Harry-300x81.png 300w, https:\/\/www.deanreed.de\/AmericanRebel\/2017\/wp-content\/uploads\/2021\/06\/Harry.png 666w\" sizes=\"(max-width: 667px) 100vw, 667px\" \/>Bei diesem Titel mag es neugierige und zugleich verwunderte Leser geben, die sich fragen, was soll die Christianisierung des Nordens mit der heutigen Zeit zu tun haben? Was motiviert den Autor, sich gerade diesem au\u00dfergew\u00f6hnlichen Thema zu stellen?<\/span><\/p>\n<div class=\"\" data-block=\"true\" data-editor=\"85c5f\" data-offset-key=\"4pdcd-0-0\">\n<div class=\"public-DraftStyleDefault-block public-DraftStyleDefault-ltr\" style=\"text-align: justify;\" data-offset-key=\"4pdcd-0-0\"><span style=\"font-family: verdana, geneva, sans-serif; font-size: 12pt;\"><span style=\"color: #ffffff;\">&#8230;<\/span>Liest man die ersten Seiten dieses Bandes mit den insgesamt 818 Seiten, so ist man unmittelbar gefangen, sowohl von der Ortskunde des Autors \u2013 offenbar hat er die Lokalit\u00e4ten alle pers\u00f6nlich aufgesucht -, als auch von seinen enormen Geschichtskenntnissen.<br \/>\n<\/span><span style=\"font-size: 10pt;\"><span style=\"font-family: verdana, geneva, sans-serif;\"><em>Hans-J\u00fcrgen Hennig: \u201eZwei gegen <\/em><span id=\"productTitle\" class=\"a-size-large\">Ragnar\u00f8k<\/span><\/span><em><span style=\"font-family: verdana, geneva, sans-serif;\">\u201c, Broschiert: 818 Seiten, Verlag: Engelsdorfer Verlag; Auflage: 1 (16. August 2018), Sprache: Deutsch, ISBN-10: 3961453454, ISBN-13: 978-3961453450, Gr\u00f6\u00dfe und\/oder Gewicht:14,6 x 5 x 20,8 cm, Preis: 28,00 Euro<\/span> <\/em><\/span><\/div>\n<\/div>\n<div class=\"public-DraftStyleDefault-block public-DraftStyleDefault-ltr\" data-offset-key=\"bsm8h-0-0\">\n<div data-offset-key=\"bsm8h-0-0\"><\/div>\n<\/div>\n<div class=\"\" data-block=\"true\" data-editor=\"7504f\" data-offset-key=\"bsm8h-0-0\">\n<div class=\"public-DraftStyleDefault-block public-DraftStyleDefault-ltr\" style=\"text-align: justify;\" data-offset-key=\"bsm8h-0-0\">\n<div class=\"\" data-block=\"true\" data-editor=\"7504f\" data-offset-key=\"bsm8h-0-0\">\n<div class=\"public-DraftStyleDefault-block public-DraftStyleDefault-ltr\" style=\"text-align: justify;\" data-offset-key=\"bsm8h-0-0\">\n<p style=\"text-align: center;\"><span style=\"font-family: verdana, geneva, sans-serif; font-size: 12pt;\"><span style=\"color: #ffffff;\"><span style=\"color: #000000;\"><span style=\"font-family: verdana, geneva, sans-serif; font-size: 12pt;\"><span style=\"color: #ffffff;\">.<\/span><br \/>\n____________________________<br \/>\n<span style=\"color: #ffffff;\">.<\/span><br \/>\n<\/span><\/span><\/span><\/span><\/p>\n<p style=\"text-align: center;\"><span style=\"font-size: 10pt;\"><span style=\"font-family: verdana, geneva, sans-serif;\">Die Redaktionen<\/span><span style=\"font-family: verdana, geneva, sans-serif;\"><strong><br \/>\n<\/strong>danken den Volkskorrespondenten\/-innen Hosteni, Zeki, Nico,<\/span><\/span><br \/>\n<span style=\"font-family: verdana, geneva, sans-serif; font-size: 10pt;\">KikiRebel, Rui-Filipe, Sascha, Kalle, Heinrich, Klaus, Fiete, Reinhold u. A.<\/span><br \/>\n<span style=\"font-family: verdana, geneva, sans-serif; font-size: 10pt;\">f\u00fcr die Unterst\u00fctzung bei der Erstellung.<strong><br \/>\n<\/strong>Dieser R\u00fcckblick erhebt nicht den Anspruch auf Vollst\u00e4ndigkeit.<\/span><br \/>\n<span style=\"font-family: verdana, geneva, sans-serif; font-size: 10pt;\"><strong>Verlinkte- und mit Namen gekennzeichnete Texte m\u00fcssen<\/strong><\/span><br \/>\n<span style=\"font-family: verdana, geneva, sans-serif; font-size: 10pt;\"><strong>nicht in allen Punkten den Meinungen unserer Redaktionen entsprechen.<br \/>\n<span style=\"color: #ffffff;\">.<\/span><br \/>\n\u00bbWochenr\u00fcckblick\u00ab ist ein Projekt von<\/strong><strong><a href=\"https:\/\/rotermorgen.eu\/8197-2\/\" target=\"_blank\" rel=\"noopener\"><img loading=\"lazy\" class=\"wp-image-8196 aligncenter\" src=\"https:\/\/rotermorgen.eu\/wp-content\/uploads\/2021\/01\/2-Kopie-2-1.png\" alt=\"\" width=\"292\" height=\"142\" \/><\/a>Schickt uns Eure Kurzberichte<br \/>\nund Veranstaltungshinweise!<br \/>\neMail: <a href=\"mailto:Wochenrueckblick@gmx.net\" target=\"_blank\" rel=\"noopener noreferrer\">Wochenrueckblick@gmx.net<\/a><br \/>\nRedaktionsschluss: Jeden Sonntag 20:00 Uhr<\/strong><\/span><\/p>\n<\/div>\n<p><em><\/div><!-- .hide-this-part --><\/div><!-- hide-this-part-wrap --><\/em><\/p>\n<div class=\"public-DraftStyleDefault-block public-DraftStyleDefault-ltr\" style=\"text-align: justify;\" data-offset-key=\"bsm8h-0-0\">\n<p><span style=\"color: #ffffff;\">.<\/span><\/p>\n<\/div>\n<\/div>\n<\/div>\n<\/div>\n","protected":false},"excerpt":{"rendered":"<p>Zur\u00fcckblickend auf die letzten Tage sind uns einige kommentierbare Vorkommnisse ins Auge gefallen, die wir hier zur Diskussion stellen. (Kommis bitte unten eintragen!) . 28. September | Friedhofs-\u201eLa\u0308rm\u201c Liebe Leser\/innen, ich m\u00f6chte Euch mein neues Buch \u00bbDer Mensch im Teufelskreis [&hellip;]<a class=\"more-link\" href=\"https:\/\/www.deanreed.de\/AmericanRebel\/2017\/2021\/10\/04\/wochenrueckblick-39-kalenderwoche-2021\/\">&darr; Lese den Rest von diesem Eintrag&#8230;<\/a><\/p>\n","protected":false},"author":2,"featured_media":0,"comment_status":"open","ping_status":"open","sticky":false,"template":"","format":"standard","meta":[],"categories":[1,5094],"tags":[748,4864,2594,8,4787,4728,5151,4866,5185,3939,4729,4730,4791,2021,4731,4869,2225,4870,4601,5186,1329,5205,4734,4011,4736],"yoast_head":"<!-- This site is optimized with the Yoast SEO plugin v17.5 - https:\/\/yoast.com\/wordpress\/plugins\/seo\/ -->\n<title>- Wochenr\u00fcckblick 39. Kalenderwoche 2021 &ndash; Onlinezeitung AmericanRebel<\/title>\n<meta name=\"robots\" content=\"index, follow, max-snippet:-1, max-image-preview:large, max-video-preview:-1\" \/>\n<link rel=\"canonical\" href=\"https:\/\/www.deanreed.de\/AmericanRebel\/2017\/2021\/10\/04\/wochenrueckblick-39-kalenderwoche-2021\/\" \/>\n<meta property=\"og:locale\" content=\"de_DE\" \/>\n<meta property=\"og:type\" content=\"article\" \/>\n<meta property=\"og:title\" content=\"- Wochenr\u00fcckblick 39. Kalenderwoche 2021 &ndash; Onlinezeitung AmericanRebel\" \/>\n<meta property=\"og:description\" content=\"Zur\u00fcckblickend auf die letzten Tage sind uns einige kommentierbare Vorkommnisse ins Auge gefallen, die wir hier zur Diskussion stellen.\" \/>\n<meta property=\"og:url\" content=\"https:\/\/www.deanreed.de\/AmericanRebel\/2017\/2021\/10\/04\/wochenrueckblick-39-kalenderwoche-2021\/\" \/>\n<meta property=\"og:site_name\" content=\"Onlinezeitung AmericanRebel\" \/>\n<meta property=\"article:published_time\" content=\"2021-10-03T23:15:23+00:00\" \/>\n<meta property=\"article:modified_time\" content=\"2021-10-06T06:44:38+00:00\" \/>\n<meta property=\"og:image\" content=\"https:\/\/www.deanreed.de\/AmericanRebel\/2017\/wp-content\/uploads\/2020\/12\/3-Kopie.png\" \/>\n\t<meta property=\"og:image:width\" content=\"640\" \/>\n\t<meta property=\"og:image:height\" content=\"460\" \/>\n<meta name=\"twitter:card\" content=\"summary_large_image\" \/>\n<meta name=\"twitter:label1\" content=\"Verfasst von\" \/>\n\t<meta name=\"twitter:data1\" content=\"Redaktion\" \/>\n\t<meta name=\"twitter:label2\" content=\"Gesch\u00e4tzte Lesezeit\" \/>\n\t<meta name=\"twitter:data2\" content=\"7\u00a0Minuten\" \/>\n<script type=\"application\/ld+json\" class=\"yoast-schema-graph\">{\"@context\":\"https:\/\/schema.org\",\"@graph\":[{\"@type\":\"WebSite\",\"@id\":\"https:\/\/www.deanreed.de\/AmericanRebel\/2017\/#website\",\"url\":\"https:\/\/www.deanreed.de\/AmericanRebel\/2017\/\",\"name\":\"Onlinezeitung AmericanRebel\",\"description\":\"Internationale Onlinezeitung f\\u00fcr Frieden, Humanismus, V\\u00f6lkerverst\\u00e4ndigung und Kultur\",\"potentialAction\":[{\"@type\":\"SearchAction\",\"target\":{\"@type\":\"EntryPoint\",\"urlTemplate\":\"https:\/\/www.deanreed.de\/AmericanRebel\/2017\/?s={search_term_string}\"},\"query-input\":\"required name=search_term_string\"}],\"inLanguage\":\"de\"},{\"@type\":\"ImageObject\",\"@id\":\"https:\/\/www.deanreed.de\/AmericanRebel\/2017\/2021\/10\/04\/wochenrueckblick-39-kalenderwoche-2021\/#primaryimage\",\"inLanguage\":\"de\",\"url\":\"https:\/\/www.deanreed.de\/AmericanRebel\/2017\/wp-content\/uploads\/2020\/12\/3-Kopie.png\",\"contentUrl\":\"https:\/\/www.deanreed.de\/AmericanRebel\/2017\/wp-content\/uploads\/2020\/12\/3-Kopie.png\",\"width\":640,\"height\":460},{\"@type\":\"WebPage\",\"@id\":\"https:\/\/www.deanreed.de\/AmericanRebel\/2017\/2021\/10\/04\/wochenrueckblick-39-kalenderwoche-2021\/#webpage\",\"url\":\"https:\/\/www.deanreed.de\/AmericanRebel\/2017\/2021\/10\/04\/wochenrueckblick-39-kalenderwoche-2021\/\",\"name\":\"- Wochenr\\u00fcckblick 39. Kalenderwoche 2021 &ndash; Onlinezeitung AmericanRebel\",\"isPartOf\":{\"@id\":\"https:\/\/www.deanreed.de\/AmericanRebel\/2017\/#website\"},\"primaryImageOfPage\":{\"@id\":\"https:\/\/www.deanreed.de\/AmericanRebel\/2017\/2021\/10\/04\/wochenrueckblick-39-kalenderwoche-2021\/#primaryimage\"},\"datePublished\":\"2021-10-03T23:15:23+00:00\",\"dateModified\":\"2021-10-06T06:44:38+00:00\",\"author\":{\"@id\":\"https:\/\/www.deanreed.de\/AmericanRebel\/2017\/#\/schema\/person\/9edfca7917cd10b75edaae51c6e7935a\"},\"breadcrumb\":{\"@id\":\"https:\/\/www.deanreed.de\/AmericanRebel\/2017\/2021\/10\/04\/wochenrueckblick-39-kalenderwoche-2021\/#breadcrumb\"},\"inLanguage\":\"de\",\"potentialAction\":[{\"@type\":\"ReadAction\",\"target\":[\"https:\/\/www.deanreed.de\/AmericanRebel\/2017\/2021\/10\/04\/wochenrueckblick-39-kalenderwoche-2021\/\"]}]},{\"@type\":\"BreadcrumbList\",\"@id\":\"https:\/\/www.deanreed.de\/AmericanRebel\/2017\/2021\/10\/04\/wochenrueckblick-39-kalenderwoche-2021\/#breadcrumb\",\"itemListElement\":[{\"@type\":\"ListItem\",\"position\":1,\"name\":\"Startseite\",\"item\":\"https:\/\/www.deanreed.de\/AmericanRebel\/2017\/\"},{\"@type\":\"ListItem\",\"position\":2,\"name\":\"&#8211; Wochenr\\u00fcckblick 39. Kalenderwoche 2021\"}]},{\"@type\":\"Person\",\"@id\":\"https:\/\/www.deanreed.de\/AmericanRebel\/2017\/#\/schema\/person\/9edfca7917cd10b75edaae51c6e7935a\",\"name\":\"Redaktion\",\"url\":\"https:\/\/www.deanreed.de\/AmericanRebel\/2017\/author\/redaktion\/\"}]}<\/script>\n<!-- \/ Yoast SEO plugin. -->","yoast_head_json":{"title":"- Wochenr\u00fcckblick 39. Kalenderwoche 2021 &ndash; Onlinezeitung AmericanRebel","robots":{"index":"index","follow":"follow","max-snippet":"max-snippet:-1","max-image-preview":"max-image-preview:large","max-video-preview":"max-video-preview:-1"},"canonical":"https:\/\/www.deanreed.de\/AmericanRebel\/2017\/2021\/10\/04\/wochenrueckblick-39-kalenderwoche-2021\/","og_locale":"de_DE","og_type":"article","og_title":"- Wochenr\u00fcckblick 39. Kalenderwoche 2021 &ndash; Onlinezeitung AmericanRebel","og_description":"Zur\u00fcckblickend auf die letzten Tage sind uns einige kommentierbare Vorkommnisse ins Auge gefallen, die wir hier zur Diskussion stellen.","og_url":"https:\/\/www.deanreed.de\/AmericanRebel\/2017\/2021\/10\/04\/wochenrueckblick-39-kalenderwoche-2021\/","og_site_name":"Onlinezeitung AmericanRebel","article_published_time":"2021-10-03T23:15:23+00:00","article_modified_time":"2021-10-06T06:44:38+00:00","og_image":[{"width":640,"height":460,"url":"https:\/\/www.deanreed.de\/AmericanRebel\/2017\/wp-content\/uploads\/2020\/12\/3-Kopie.png","type":"image\/png"}],"twitter_card":"summary_large_image","twitter_misc":{"Verfasst von":"Redaktion","Gesch\u00e4tzte Lesezeit":"7\u00a0Minuten"},"schema":{"@context":"https:\/\/schema.org","@graph":[{"@type":"WebSite","@id":"https:\/\/www.deanreed.de\/AmericanRebel\/2017\/#website","url":"https:\/\/www.deanreed.de\/AmericanRebel\/2017\/","name":"Onlinezeitung AmericanRebel","description":"Internationale Onlinezeitung f\u00fcr Frieden, Humanismus, V\u00f6lkerverst\u00e4ndigung und Kultur","potentialAction":[{"@type":"SearchAction","target":{"@type":"EntryPoint","urlTemplate":"https:\/\/www.deanreed.de\/AmericanRebel\/2017\/?s={search_term_string}"},"query-input":"required name=search_term_string"}],"inLanguage":"de"},{"@type":"ImageObject","@id":"https:\/\/www.deanreed.de\/AmericanRebel\/2017\/2021\/10\/04\/wochenrueckblick-39-kalenderwoche-2021\/#primaryimage","inLanguage":"de","url":"https:\/\/www.deanreed.de\/AmericanRebel\/2017\/wp-content\/uploads\/2020\/12\/3-Kopie.png","contentUrl":"https:\/\/www.deanreed.de\/AmericanRebel\/2017\/wp-content\/uploads\/2020\/12\/3-Kopie.png","width":640,"height":460},{"@type":"WebPage","@id":"https:\/\/www.deanreed.de\/AmericanRebel\/2017\/2021\/10\/04\/wochenrueckblick-39-kalenderwoche-2021\/#webpage","url":"https:\/\/www.deanreed.de\/AmericanRebel\/2017\/2021\/10\/04\/wochenrueckblick-39-kalenderwoche-2021\/","name":"- Wochenr\u00fcckblick 39. Kalenderwoche 2021 &ndash; Onlinezeitung AmericanRebel","isPartOf":{"@id":"https:\/\/www.deanreed.de\/AmericanRebel\/2017\/#website"},"primaryImageOfPage":{"@id":"https:\/\/www.deanreed.de\/AmericanRebel\/2017\/2021\/10\/04\/wochenrueckblick-39-kalenderwoche-2021\/#primaryimage"},"datePublished":"2021-10-03T23:15:23+00:00","dateModified":"2021-10-06T06:44:38+00:00","author":{"@id":"https:\/\/www.deanreed.de\/AmericanRebel\/2017\/#\/schema\/person\/9edfca7917cd10b75edaae51c6e7935a"},"breadcrumb":{"@id":"https:\/\/www.deanreed.de\/AmericanRebel\/2017\/2021\/10\/04\/wochenrueckblick-39-kalenderwoche-2021\/#breadcrumb"},"inLanguage":"de","potentialAction":[{"@type":"ReadAction","target":["https:\/\/www.deanreed.de\/AmericanRebel\/2017\/2021\/10\/04\/wochenrueckblick-39-kalenderwoche-2021\/"]}]},{"@type":"BreadcrumbList","@id":"https:\/\/www.deanreed.de\/AmericanRebel\/2017\/2021\/10\/04\/wochenrueckblick-39-kalenderwoche-2021\/#breadcrumb","itemListElement":[{"@type":"ListItem","position":1,"name":"Startseite","item":"https:\/\/www.deanreed.de\/AmericanRebel\/2017\/"},{"@type":"ListItem","position":2,"name":"&#8211; Wochenr\u00fcckblick 39. Kalenderwoche 2021"}]},{"@type":"Person","@id":"https:\/\/www.deanreed.de\/AmericanRebel\/2017\/#\/schema\/person\/9edfca7917cd10b75edaae51c6e7935a","name":"Redaktion","url":"https:\/\/www.deanreed.de\/AmericanRebel\/2017\/author\/redaktion\/"}]}},"_links":{"self":[{"href":"https:\/\/www.deanreed.de\/AmericanRebel\/2017\/wp-json\/wp\/v2\/posts\/28438"}],"collection":[{"href":"https:\/\/www.deanreed.de\/AmericanRebel\/2017\/wp-json\/wp\/v2\/posts"}],"about":[{"href":"https:\/\/www.deanreed.de\/AmericanRebel\/2017\/wp-json\/wp\/v2\/types\/post"}],"author":[{"embeddable":true,"href":"https:\/\/www.deanreed.de\/AmericanRebel\/2017\/wp-json\/wp\/v2\/users\/2"}],"replies":[{"embeddable":true,"href":"https:\/\/www.deanreed.de\/AmericanRebel\/2017\/wp-json\/wp\/v2\/comments?post=28438"}],"version-history":[{"count":8,"href":"https:\/\/www.deanreed.de\/AmericanRebel\/2017\/wp-json\/wp\/v2\/posts\/28438\/revisions"}],"predecessor-version":[{"id":28457,"href":"https:\/\/www.deanreed.de\/AmericanRebel\/2017\/wp-json\/wp\/v2\/posts\/28438\/revisions\/28457"}],"wp:attachment":[{"href":"https:\/\/www.deanreed.de\/AmericanRebel\/2017\/wp-json\/wp\/v2\/media?parent=28438"}],"wp:term":[{"taxonomy":"category","embeddable":true,"href":"https:\/\/www.deanreed.de\/AmericanRebel\/2017\/wp-json\/wp\/v2\/categories?post=28438"},{"taxonomy":"post_tag","embeddable":true,"href":"https:\/\/www.deanreed.de\/AmericanRebel\/2017\/wp-json\/wp\/v2\/tags?post=28438"}],"curies":[{"name":"wp","href":"https:\/\/api.w.org\/{rel}","templated":true}]}}