{"id":27904,"date":"2021-07-05T23:52:08","date_gmt":"2021-07-05T21:52:08","guid":{"rendered":"http:\/\/www.deanreed.de\/AmericanRebel\/2017\/?p=27904"},"modified":"2021-07-05T23:59:52","modified_gmt":"2021-07-05T21:59:52","slug":"wochenrueckblick-26-kw-2021","status":"publish","type":"post","link":"https:\/\/www.deanreed.de\/AmericanRebel\/2017\/2021\/07\/05\/wochenrueckblick-26-kw-2021\/","title":{"rendered":"&#8211; Wochenr\u00fcckblick 26. KW. 2021"},"content":{"rendered":"<p><strong><span style=\"font-family: verdana, geneva, sans-serif; font-size: 14pt; color: #993300;\">Zur\u00fcckblickend auf die letzten Tage sind uns einige kommentierbare Vorkommnisse ins Auge gefallen, die wir hier zur Diskussion stellen.<\/span><\/strong><br \/>\n<span style=\"font-family: verdana, geneva, sans-serif; font-size: 12pt;\"><strong><span style=\"color: #000000;\">(Kommis bitte unten eintragen!)<\/span><\/strong><br \/>\n<span style=\"color: #ffffff;\">.<\/span><span style=\"color: #ffffff;\"><br \/>\n<span style=\"color: #000000;\"><span style=\"color: #ffffff;\">.<br \/>\n<\/span><\/span><\/span><\/span><span style=\"font-size: 14pt;\"><strong><span style=\"font-family: verdana, geneva, sans-serif;\">29. Juni | R\u00e4pple bleibt ein Antisemit<\/span><\/strong><\/span><\/p>\n<p style=\"text-align: justify;\"><span style=\"font-family: verdana, geneva, sans-serif; font-size: 12pt;\"><img loading=\"lazy\" class=\"wp-image-27899 aligncenter\" src=\"http:\/\/www.deanreed.de\/AmericanRebel\/2017\/wp-content\/uploads\/2021\/07\/Na0-1-300x81.jpg\" alt=\"\" width=\"667\" height=\"180\" srcset=\"https:\/\/www.deanreed.de\/AmericanRebel\/2017\/wp-content\/uploads\/2021\/07\/Na0-1-300x81.jpg 300w, https:\/\/www.deanreed.de\/AmericanRebel\/2017\/wp-content\/uploads\/2021\/07\/Na0-1.jpg 666w\" sizes=\"(max-width: 667px) 100vw, 667px\" \/>Karlsruhe.: Der ehemalige Landtagsabgeordnete Stefan R\u00e4pple darf auch weiterhin als \u201eerkl\u00e4rter Antisemit\u201c bezeichnet werden. Das Oberlandesgericht Karlsruhe hat eine Berufungsklage des Ex-Politikers im Rechtsstreit mit der Amadeu-Antonio-Stiftung abgewiesen: Die Meinungsfreiheit \u00fcberwiege in diesem Fall das Pers\u00f6nlichkeitsrecht des einstigen AfD-Mitglieds.<\/span><br \/>\n<a href=\"https:\/\/beobachternews.de\/2021\/06\/24\/raepple-bleibt-ein-antisemit\/\" target=\"_blank\" rel=\"noopener\"><span style=\"font-family: verdana, geneva, sans-serif; font-size: 12pt;\"><em>\u00bbbeobachter news\u00ab berichtete<\/em><\/span><\/a><br \/>\n<span style=\"color: #ffffff;\">.<\/span><br \/>\n<span style=\"color: #ffffff;\">.<\/span><br \/>\n<span style=\"font-family: verdana, geneva, sans-serif; font-size: 12pt;\"><span style=\"font-size: 14pt;\"><span style=\"color: #000000;\"><strong>28. Juni | <\/strong><\/span><strong>Rote Hilfe verurteilt Polizeigewalt<br \/>\nauf einer Gro\u00dfdemonstration in D\u00fcsseldorf<\/strong> <\/span><\/span><\/p>\n<p style=\"text-align: justify;\"><span style=\"font-family: verdana, geneva, sans-serif; font-size: 12pt;\"><img loading=\"lazy\" class=\"wp-image-27892 aligncenter\" src=\"http:\/\/www.deanreed.de\/AmericanRebel\/2017\/wp-content\/uploads\/2021\/07\/6-Kopie-300x81.png\" alt=\"\" width=\"667\" height=\"180\" srcset=\"https:\/\/www.deanreed.de\/AmericanRebel\/2017\/wp-content\/uploads\/2021\/07\/6-Kopie-300x81.png 300w, https:\/\/www.deanreed.de\/AmericanRebel\/2017\/wp-content\/uploads\/2021\/07\/6-Kopie.png 666w\" sizes=\"(max-width: 667px) 100vw, 667px\" \/>Gestern fand an den D\u00fcsseldorfer Rheinwiesen eine B\u00fcndnis-Demonstration unter dem Motto \u201eVersammlungsgesetz NRW stoppen \u2013 Grundrechte erhalten\u201c statt, an der sich \u00fcber 8000 Demonstrant\/-innen beteiligten. <\/span><br \/>\n<span style=\"font-family: verdana, geneva, sans-serif; font-size: 12pt;\"><span style=\"color: #ffffff;\">&#8230;<\/span>Die Demonstration wurde \u00fcberschattet von zahlreichen Polizeiangriffen, etliche Menschen wurden durch Kn\u00fcppel und Pfefferspray teils erheblich verletzt, darunter mindestens zwei Journalisten\/-innen. \u00dcber Stunden wurden hunderte Demonstranten\/-innen an mehreren Stellen ohne den Zugang zu Wasser oder Toiletten bei hohen Temperaturen eingekesselt. Die M\u00f6glichkeit Abstand zu halten oder von Sanit\u00e4ter\/innen versorgt zu werden, wurde von der Polizei untersagt.<\/span><br \/>\n<span style=\"font-family: verdana, geneva, sans-serif; font-size: 12pt;\"><a href=\"https:\/\/www.rote-hilfe.de\/news\/bundesvorstand\/1145-rote-hilfe-e-v-verurteilt-polizeigewalt-auf-grossdemonstration-in-duesseldorf\" target=\"_blank\" rel=\"noopener\"><em>\u00bbRote Hilefe e.V.\u00ab berichtete<\/em><\/a><br \/>\n<span style=\"color: #ffffff;\">.<\/span><br \/>\n<span style=\"color: #ffffff;\">.<\/span><br \/>\n<span style=\"color: #ffffff;\"><span style=\"color: #000000; font-size: 14pt;\"><strong>28. Juni | <span style=\"font-family: verdana, geneva, sans-serif; font-size: 14pt;\">ver.di <\/span><\/strong><\/span><span style=\"font-size: 14pt;\"><strong><span style=\"color: #000000;\">wird 20 \u2013 statt Blumen: \u201eDer hauptamtliche<br \/>\nApparat ist nicht der Vormund der ehrenamtlich engagierten<br \/>\nKolleginnen und Kollegen, sondern ihr Dienstleister!\u201c<\/span><\/strong><\/span><\/span><\/span><\/p>\n<p style=\"text-align: justify;\"><img loading=\"lazy\" class=\"wp-image-27895 aligncenter\" src=\"http:\/\/www.deanreed.de\/AmericanRebel\/2017\/wp-content\/uploads\/2021\/07\/er5-300x81.jpg\" alt=\"\" width=\"667\" height=\"180\" srcset=\"https:\/\/www.deanreed.de\/AmericanRebel\/2017\/wp-content\/uploads\/2021\/07\/er5-300x81.jpg 300w, https:\/\/www.deanreed.de\/AmericanRebel\/2017\/wp-content\/uploads\/2021\/07\/er5.jpg 666w\" sizes=\"(max-width: 667px) 100vw, 667px\" \/><span style=\"font-family: verdana, geneva, sans-serif; font-size: 12pt;\"><span style=\"color: #ffffff;\"><span style=\"color: #000000;\"><span style=\"font-family: verdana, geneva, sans-serif; font-size: 12pt;\">Eine sch\u00f6ne Gewerkschafterweisheit aus dem vergangenen Jahrhundert lautet: \u201eDer hauptamtliche Apparat ist nicht der Vormund der ehrenamtlich engagierten Kolleginnen und Kollegen, sondern ihr Dienstleister!\u201c<\/span><br \/>\n<span style=\"font-family: verdana, geneva, sans-serif; font-size: 12pt;\">Diese Weisheit inspirierte ein paar Gewerkschaftsmitglieder in Dortmund, der vor sich hin d\u00fcmpelnden Gewerkschaftsarbeit bei den kirchlichen Anstellungstr\u00e4gern ein wenig auf die Spr\u00fcnge zu helfen. Dabei konnten die Aktivisten auf die Erfahrungen aus der \u00fcber 30 Jahre langen Arbeit als betriebliche Fachkraft, die langj\u00e4hrige B\u00fcrgerinitiativarbeit, wie auch auf die Jahrzehnte lange parteipolitische Arbeit zur\u00fcckgreifen.<\/span><br \/>\n<span style=\"font-family: verdana, geneva, sans-serif; font-size: 12pt;\"><span style=\"color: #ffffff;\">&#8230;<\/span>Bei der Dienstleistungsgewerkschaft (ver.di) vor Ort schienen die Voraussetzung daf\u00fcr auch recht gut zu sein.<\/span><br \/>\n<span style=\"font-family: verdana, geneva, sans-serif; font-size: 12pt;\">Im Folgenden wird nicht eine Geschichte von der ehrenamtlichen Gewerkschaftsarbeit erz\u00e4hlt, sondern konkrete Gewerkschaftsgeschichte.<\/span><br \/>\n<a href=\"https:\/\/gewerkschaftsforum.de\/die-dienstleistungsgewerkschaft-wird-20-statt-blumen-der-hauptamtliche-apparat-ist-nicht-der-vormund-der-ehrenamtlich-engagierten-kolleginnen-und-kollegen-sondern-ihr-dienstleiste\/#more-10954\" target=\"_blank\" rel=\"noopener\"><span style=\"font-family: verdana, geneva, sans-serif; font-size: 12pt;\"><em>\u00bbgewerkschaftsforum.de\u00ab berichtete<\/em><\/span><\/a><br \/>\n<span style=\"color: #ffffff;\">.<\/span><br \/>\n<\/span><span style=\"font-size: 14pt;\">.<\/span><\/span><\/span><br \/>\n<span style=\"font-family: verdana, geneva, sans-serif; font-size: 12pt;\"><strong><span style=\"font-size: 14pt;\">30. Juni | Die scheinheilige Zerst\u00f6rung Syriens:<br \/>\nWashington l\u00e4sst Syrer verhungern, um sie zu retten<\/span><br \/>\n<\/strong><\/span><\/p>\n<p style=\"text-align: justify;\"><span style=\"font-family: verdana, geneva, sans-serif; font-size: 12pt;\"><img loading=\"lazy\" class=\"wp-image-27900 aligncenter\" src=\"http:\/\/www.deanreed.de\/AmericanRebel\/2017\/wp-content\/uploads\/2021\/07\/drrt-300x81.jpg\" alt=\"\" width=\"667\" height=\"180\" srcset=\"https:\/\/www.deanreed.de\/AmericanRebel\/2017\/wp-content\/uploads\/2021\/07\/drrt-300x81.jpg 300w, https:\/\/www.deanreed.de\/AmericanRebel\/2017\/wp-content\/uploads\/2021\/07\/drrt.jpg 666w\" sizes=\"(max-width: 667px) 100vw, 667px\" \/>In den letzten Jahren hat die US-Regierung das Aushungern zur offiziellen Politik gemacht. Entschlossen, feindliche Staaten zu zwingen, sich ihrem Willen zu beugen, verh\u00e4ngt Washington zunehmend Wirtschaftssanktionen und nutzt Amerikas finanzielle Dominanz, um ausl\u00e4ndische Personen, Unternehmen und sogar Regierungen zu bestrafen. Die Trump-Administration hat das Aushungern von bereits verarmten V\u00f6lkern zu einer hohen Kunst gemacht.<\/span><br \/>\n<span style=\"font-family: verdana, geneva, sans-serif; font-size: 12pt;\"><span style=\"color: #ffffff;\">&#8230;<\/span>Zu ihren Hauptzielen geh\u00f6rten Kuba, Iran, Nordkorea, Syrien und Venezuela. Das Ziel war es, wirtschaftliche Zerst\u00f6rung anzurichten &#8211; und in diesem Sinne war die Politik erfolgreich. Diese Nationen litten alle unter zunehmender H\u00e4rte. Doch die Menschen, die am meisten litten, befanden sich wirtschaftlich am unteren Ende. Die Eliten der Regime verloren in der Regel einen gewissen Zugang zu \u00dcbersch\u00fcssen, einschlie\u00dflich ausl\u00e4ndischer Bankkonten und der Luxusg\u00fcter, die von diesen Geldern abhingen. Aber alle anderen k\u00e4mpften darum, sich selbst zu ern\u00e4hren.<\/span><br \/>\n<span style=\"font-family: verdana, geneva, sans-serif; font-size: 12pt;\"><a href=\"http:\/\/www.antikrieg.com\/aktuell\/2021_06_30_diescheinheilige.htm\" target=\"_blank\" rel=\"noopener\"><em>\u00bbAntikrieg\u00ab berichtete<\/em><\/a><br \/>\n<span style=\"color: #ffffff;\">.<\/span><br \/>\n<span style=\"color: #ffffff;\">.<\/span><br \/>\n<strong><span style=\"font-size: 14pt;\">30. Juni | Kurdistan: \u201eDie Guerilla k\u00e4mpft nicht nur<br \/>\ngegen die T\u00fcrkei, sondern gegen die ganze NATO\u201c<\/span><\/strong><\/span><br \/>\n<span style=\"font-family: verdana, geneva, sans-serif; font-size: 12pt;\"><img loading=\"lazy\" class=\"wp-image-27890 aligncenter\" src=\"http:\/\/www.deanreed.de\/AmericanRebel\/2017\/wp-content\/uploads\/2021\/07\/aaa-Kopie-300x81.jpg\" alt=\"\" width=\"667\" height=\"180\" srcset=\"https:\/\/www.deanreed.de\/AmericanRebel\/2017\/wp-content\/uploads\/2021\/07\/aaa-Kopie-300x81.jpg 300w, https:\/\/www.deanreed.de\/AmericanRebel\/2017\/wp-content\/uploads\/2021\/07\/aaa-Kopie.jpg 666w\" sizes=\"(max-width: 667px) 100vw, 667px\" \/>Interview mit Welat Direj, 28, Internationalist und Mitglied der milit\u00e4rischen Verteidigungsstrukturen Rojavas zu den aktuellen Angriffen des t\u00fcrkischen Staates in Kurdistan und dem revolution\u00e4ren Widerstand.<br \/>\n<span style=\"color: #ffffff;\">&#8230;<\/span>Bei euch in Nordsyrien sind es bereits \u00fcber 30 Grad und der Sommer ist da. Seit vielen Monaten erreichen uns Nachrichten, dass die T\u00fcrkei den Wasserzufluss nach Rojava unterbindet. Was ist Erdogans Kalk\u00fcl hinter dieser Blockade?<br \/>\n<a href=\"https:\/\/rotermorgen.eu\/kurdistan-die-guerilla-kaempft-nicht-nur-gegen-die-tuerkei-sondern-gegen-die-ganze-nato\/\" target=\"_blank\" rel=\"noopener\"><em>\u00bbRoterMorgen\u00ab berichtete<\/em><\/a><br \/>\n<span style=\"color: #ffffff;\">.<\/span><br \/>\n<span style=\"color: #ffffff;\">.<\/span><br \/>\n<strong><span style=\"font-size: 14pt;\">30. Juni | Verwundete in Mali: Informations-<br \/>\n<\/span><\/strong><\/span><span style=\"font-family: verdana, geneva, sans-serif; font-size: 12pt;\"><strong><span style=\"font-size: 14pt;\">und Wahrnehmungsblockade<\/span><\/strong><\/span><\/p>\n<p style=\"text-align: justify;\"><span style=\"font-family: verdana, geneva, sans-serif; font-size: 12pt;\"><img loading=\"lazy\" class=\"wp-image-27897 aligncenter\" src=\"http:\/\/www.deanreed.de\/AmericanRebel\/2017\/wp-content\/uploads\/2021\/07\/d3n-300x81.jpg\" alt=\"\" width=\"667\" height=\"180\" srcset=\"https:\/\/www.deanreed.de\/AmericanRebel\/2017\/wp-content\/uploads\/2021\/07\/d3n-300x81.jpg 300w, https:\/\/www.deanreed.de\/AmericanRebel\/2017\/wp-content\/uploads\/2021\/07\/d3n.jpg 666w\" sizes=\"(max-width: 667px) 100vw, 667px\" \/>Bereits im Fr\u00fchjahr 2017 machte das Magazin des Reservistenverbandes mit dem zun\u00e4chst eindeutigen Namen \u201eloyal\u201c den Einsatz der Bundeswehr in Mali zur Titelstory. Auf dem Cover der Ausgabe prangte in gro\u00dfen Buchstaben der Titel \u201eIm malischen Treibsand\u201c. Der dazugeh\u00f6rige Beitrag im Magazin unter der \u00dcberschrift \u201eMission Impossible\u201c zitiert einen 28-j\u00e4hrigen Hauptfeldwebel der Bundeswehr, der damals im Rahmen des MINUSMA-Mandates in Mali stationiert war, mit den Worten: \u201e\u2026 meinen Verwandten daheim kann ich nicht erkl\u00e4ren, warum ich in Mali bin und was wir hier erreichen wollen\u201c.<br \/>\n<a href=\"http:\/\/www.imi-online.de\/2021\/06\/30\/verwundete-in-mali-informations-und-wahrnehmungsblockade\/\" target=\"_blank\" rel=\"noopener\"><em>Die \u00bbInformationsstelle Militarisierung\u00ab berichtete<\/em><\/a><br \/>\n<span style=\"color: #ffffff;\">.<\/span><br \/>\n<span style=\"color: #ffffff;\">.<\/span><strong><br \/>\n<\/strong><\/span><span style=\"font-family: verdana, geneva, sans-serif;\"><span style=\"font-family: verdana, geneva, sans-serif;\"><span style=\"font-size: 12pt;\"><strong><span style=\"font-size: 14pt;\">1. Juli |<\/span><\/strong><\/span><\/span><\/span> <span style=\"font-family: verdana, geneva, sans-serif; font-size: 12pt;\"><span style=\"font-size: 14pt;\"><strong>BIP-Aktuell #177: Keine Transparenz<br \/>\nbei israelischen Waffenexporten<\/strong><\/span><br \/>\n<\/span><\/p>\n<div class=\"\" data-block=\"true\" data-editor=\"7504f\" data-offset-key=\"bsm8h-0-0\">\n<div class=\"public-DraftStyleDefault-block public-DraftStyleDefault-ltr\" style=\"text-align: justify;\" data-offset-key=\"bsm8h-0-0\">\n<p data-adtags-visited=\"true\"><span style=\"font-family: verdana, geneva, sans-serif; font-size: 12pt;\"><img loading=\"lazy\" class=\"wp-image-27893 aligncenter\" src=\"http:\/\/www.deanreed.de\/AmericanRebel\/2017\/wp-content\/uploads\/2021\/07\/7f-300x81.jpg\" alt=\"\" width=\"667\" height=\"180\" srcset=\"https:\/\/www.deanreed.de\/AmericanRebel\/2017\/wp-content\/uploads\/2021\/07\/7f-300x81.jpg 300w, https:\/\/www.deanreed.de\/AmericanRebel\/2017\/wp-content\/uploads\/2021\/07\/7f.jpg 666w\" sizes=\"(max-width: 667px) 100vw, 667px\" \/>Der israelische Oberste Gerichtshof lehnt eine juristische \u00dcberpr\u00fcfung israelischer Waffenexporte ab.<\/span><br \/>\n<span style=\"font-family: verdana, geneva, sans-serif;\"><span style=\"font-size: 12pt;\"><span style=\"color: #ffffff;\">&#8230;<\/span>Nachdem israelische Aktivist*innen f\u00fcnf Jahre lang den Obersten Gerichtshof Israels angerufen hatten, um mehr Transparenz bei den israelischen Waffenexporten zu fordern, einschlie\u00dflich der Namen der Empf\u00e4ngerl\u00e4nder und Details \u00fcber die Art der gelieferten Waffen und Sicherheitssysteme, traf das Gericht eine historische Entscheidung, um zuk\u00fcnftige Debatten \u00fcber den israelischen Waffenhandel zu verhindern. Die israelische Regierung hat dadurch fast v\u00f6llige Freiheit beim Verkauf von Waffen an autorit\u00e4re Regimes und an Armeen, die Kriegsverbrechen und Verbrechen gegen die Menschlichkeit begehen.<\/span><br \/>\n<a href=\"https:\/\/bibjetzt.wordpress.com\/author\/bibjetzt\/\" target=\"_blank\" rel=\"noopener\"><span style=\"font-family: verdana, geneva, sans-serif; font-size: 12pt;\">\u00bbDas B\u00fcndnis f\u00fcr Gerechtigkeit zwischen Israelis und Pal\u00e4stinensern BIP e.V.\u00ab berichtete<\/span><\/a><em><br \/>\n<\/em><\/span><span style=\"font-family: verdana, geneva, sans-serif; font-size: 12pt; color: #ffffff;\">.<br \/>\n<\/span><span style=\"font-family: verdana, geneva, sans-serif; font-size: 12pt;\"><span style=\"color: #ffffff;\">.<\/span><br \/>\n<\/span><span style=\"font-family: verdana, geneva, sans-serif; font-size: 14pt;\"><span style=\"font-family: verdana, geneva, sans-serif; font-size: 14pt;\"><strong>1. Juli|<\/strong> <\/span><\/span><span style=\"font-size: 14pt;\"><strong><span style=\"font-family: verdana, geneva, sans-serif;\">Die Angst vor dem G\u00fcrtel des Vaters<\/span><\/strong><\/span><\/p>\n<p><span style=\"font-family: verdana, geneva, sans-serif; font-size: 12pt;\"><img loading=\"lazy\" class=\"wp-image-27891 aligncenter\" src=\"http:\/\/www.deanreed.de\/AmericanRebel\/2017\/wp-content\/uploads\/2021\/07\/4-300x81.png\" alt=\"\" width=\"667\" height=\"180\" srcset=\"https:\/\/www.deanreed.de\/AmericanRebel\/2017\/wp-content\/uploads\/2021\/07\/4-300x81.png 300w, https:\/\/www.deanreed.de\/AmericanRebel\/2017\/wp-content\/uploads\/2021\/07\/4.png 666w\" sizes=\"(max-width: 667px) 100vw, 667px\" \/>Als ich vor zwei Tagen meine kleine Tochter von der Schule abholte, kam sie mir ganz aufgeregt entgegengelaufen. Meine kleine Tochter wird in wenigen Monaten neun Jahre alt. sie geht in die dritte Klasse unserer st\u00e4dtischen Grundschule.<br \/>\n<a href=\"https:\/\/rote-publisher.eu\/2021\/07\/04\/die-angst-vor-dem-guertel-des-vaters\/\" target=\"_blank\" rel=\"noopener\"><em>\u00bbInfo-Welt\u00ab und Andere berichteten<\/em><\/a><br \/>\n<\/span><span style=\"font-family: verdana, geneva, sans-serif; font-size: 12pt;\"><span style=\"color: #ffffff;\">.<\/span><br \/>\n<span style=\"color: #ffffff;\">.<\/span><br \/>\n<strong><span style=\"font-size: 14pt;\">1. Juli| <\/span><\/strong><\/span><strong><span style=\"font-family: verdana, geneva, sans-serif; font-size: 14pt;\">Grenzenlose Kompromissbereitschaft f\u00fcr die Stellung<br \/>\nals Regionalmacht des Westimperialismus <\/span><\/strong><span style=\"font-family: verdana, geneva, sans-serif; font-size: 12pt;\"><img loading=\"lazy\" class=\"wp-image-27901 aligncenter\" src=\"http:\/\/www.deanreed.de\/AmericanRebel\/2017\/wp-content\/uploads\/2021\/07\/erdogan1-1-300x81.jpg\" alt=\"\" width=\"667\" height=\"180\" srcset=\"https:\/\/www.deanreed.de\/AmericanRebel\/2017\/wp-content\/uploads\/2021\/07\/erdogan1-1-300x81.jpg 300w, https:\/\/www.deanreed.de\/AmericanRebel\/2017\/wp-content\/uploads\/2021\/07\/erdogan1-1.jpg 666w\" sizes=\"(max-width: 667px) 100vw, 667px\" \/>Der US-Sicherheitsberater Jake Sullivan erkl\u00e4rte am 18. Juni 2021 in einer Telefonkonferenz mit Pressevertretern, welche Aufgaben die T\u00fcrkei nach dem R\u00fcckzug der US-Truppen aus Afghanistan \u00fcbernehmen soll: \u201eEs wurde Einvernehmen dar\u00fcber erzielt, dass bei der Sicherung des Hamid-Karzai-Flughafens in Kabul die T\u00fcrkei eine f\u00fchrende Rolle \u00fcbernimmt. Wir arbeiten jetzt an der konkreten Umsetzung dieser Aufgabe. Wir haben Vertrauen in die T\u00fcrken, dass sie dieser Aufgabe gewachsen sind.\u201c<br \/>\n<a href=\"https:\/\/yenihayat.de\/2021\/07\/02\/grenzenlose-kompromissbereitschaft-fuer-die-stellung-als-regionalmacht-des-westimperialismus\/\" target=\"_blank\" rel=\"noopener\"><em>\u00bbYeniHayat\/NeuesLeben\u00ab berichtete<\/em><\/a><\/span><br \/>\n<span style=\"font-family: verdana, geneva, sans-serif; font-size: 12pt; color: #ffffff;\">.<\/span><br \/>\n<span style=\"font-family: verdana, geneva, sans-serif; font-size: 12pt; color: #ffffff;\">.<\/span><br \/>\n<span style=\"font-family: verdana, geneva, sans-serif; font-size: 14pt;\"><strong>3. Juli |<\/strong> <strong>Wie sich Diskriminierung<br \/>\nvon Muslimas im Alltag auswirkt<\/strong><\/span><\/p>\n<p><img loading=\"lazy\" class=\"wp-image-27898 aligncenter\" src=\"http:\/\/www.deanreed.de\/AmericanRebel\/2017\/wp-content\/uploads\/2021\/07\/ew3-300x81.jpg\" alt=\"\" width=\"667\" height=\"180\" srcset=\"https:\/\/www.deanreed.de\/AmericanRebel\/2017\/wp-content\/uploads\/2021\/07\/ew3-300x81.jpg 300w, https:\/\/www.deanreed.de\/AmericanRebel\/2017\/wp-content\/uploads\/2021\/07\/ew3.jpg 666w\" sizes=\"(max-width: 667px) 100vw, 667px\" \/><span style=\"font-family: verdana, geneva, sans-serif; font-size: 12pt;\">Der Alltag von Muslimas ist vor allem durch ihren Wiedererkennungswert gekennzeichnet. Die Religiosit\u00e4t vieler Menschen wird anhand von \u00c4u\u00dferlichkeiten gemessen. Durch diese Reduzierung entstehen pauschal zweierlei Bilder: die \u201ereligi\u00f6sen\u201c und die \u201enicht religi\u00f6sen\u201c Muslimas. W\u00e4hrend eine bedeckte Muslima als konservativ, altmodisch oder radikal gilt, wird gleichzeitig eine offene\/unverschleierte Muslima nicht nur als liberal, fortschrittlich und modern, sondern dar\u00fcber hinaus auch als unreligi\u00f6s assoziiert. So irrsinnig diese Einstufung klingen mag, ist sie nicht nur Realit\u00e4t unserer gesellschaftlichen Wahrnehmung, sondern beeinflusst den Alltag vieler Muslimas.<br \/>\n<a href=\"https:\/\/diefreiheitsliebe.de\/politik\/wie-sich-diskriminierung-von-muslimas-im-alltag-auswirkt\/\" target=\"_blank\" rel=\"noopener\"><em>\u00bbDie Freiheitsliebe\u00ab berichtete<\/em><\/a><\/span><br \/>\n<span style=\"font-family: verdana, geneva, sans-serif; font-size: 12pt;\"><br \/>\n<span style=\"font-size: 14pt;\"><strong>3. Juli | <\/strong><strong>Nein zum europ\u00e4ischen Milit\u00e4rb\u00fcndnis Takuba,<br \/>\nin der Sahelzone!<\/strong><\/span><\/span><\/p>\n<p><span style=\"font-family: verdana, geneva, sans-serif; font-size: 12pt;\"><em><strong><img loading=\"lazy\" class=\"wp-image-27894 aligncenter\" src=\"http:\/\/www.deanreed.de\/AmericanRebel\/2017\/wp-content\/uploads\/2021\/07\/253f2-300x81.jpeg\" alt=\"\" width=\"663\" height=\"179\" srcset=\"https:\/\/www.deanreed.de\/AmericanRebel\/2017\/wp-content\/uploads\/2021\/07\/253f2-300x81.jpeg 300w, https:\/\/www.deanreed.de\/AmericanRebel\/2017\/wp-content\/uploads\/2021\/07\/253f2.jpeg 666w\" sizes=\"(max-width: 663px) 100vw, 663px\" \/>Aufruf der Parteien und Organisationen Europas in der Internationalen Konferenz marxistisch-leninistischer Parteien und Organisationen (IKMLPO).<\/strong><\/em><br \/>\n<span style=\"color: #ffffff;\">&#8230;<\/span><\/span><span style=\"font-family: verdana, geneva, sans-serif; font-size: 12pt;\">Seit 2013 hat der franz\u00f6sische Imperialismus unter dem Vorwand des \u201eKrieges gegen den Terror\u201c bis zu 5200 Soldaten in Mali und der riesigen Sahelzone stationiert. Bekannt als \u201eBarkhane\u201c, hat diese milit\u00e4rische Koalition, die 2014 unter der F\u00fchrung der franz\u00f6sischen Armee geschaffen wurde, Armeen von Mali, Tschad, Burkina Faso, Niger und Mauretanien (der Gruppe namens G-5 Sahel) involviert.<\/span><br \/>\n<span style=\"font-family: verdana, geneva, sans-serif; font-size: 12pt;\"><em><a href=\"https:\/\/www.arbeit-zukunft.de\/2021\/07\/03\/nein-zum-europaeischen-militaerbuendnis-takuba-in-der-sahelzone\/\" target=\"_blank\" rel=\"noopener\">\u00bbArbeit Zukunft\u00ab berichtete<\/a><br \/>\n<span style=\"color: #ffffff;\">.<\/span><br \/>\n<span style=\"color: #ffffff;\">.<\/span><br \/>\n<\/em><\/span><strong><span style=\"font-family: verdana, geneva, sans-serif; font-size: 14pt;\">4. Juli | \u201eDefend Kurdistan\u201c in Berlin, Stuttgart und Frankfurt<\/span><\/strong><\/p>\n<p><span style=\"font-family: verdana, geneva, sans-serif; font-size: 12pt;\"><img loading=\"lazy\" class=\"wp-image-27896 aligncenter\" src=\"http:\/\/www.deanreed.de\/AmericanRebel\/2017\/wp-content\/uploads\/2021\/07\/261-image-300x81.jpg\" alt=\"\" width=\"667\" height=\"180\" srcset=\"https:\/\/www.deanreed.de\/AmericanRebel\/2017\/wp-content\/uploads\/2021\/07\/261-image-300x81.jpg 300w, https:\/\/www.deanreed.de\/AmericanRebel\/2017\/wp-content\/uploads\/2021\/07\/261-image.jpg 666w\" sizes=\"(max-width: 667px) 100vw, 667px\" \/>Anl\u00e4sslich des internationalen Aktionstages hat es heute in mehreren St\u00e4dten im Bundesgebiet Demonstrationen unter dem Motto \u201eDefend Kurdistan \u2013 gegen die t\u00fcrkische Besatzung\u201c \u2013 darunter in Berlin, Stuttgart und Frankfurt. Zu dem Aktionstag hatte die Friedensdelegation #Delegation4Peace aufgerufen, die sich im Juni in S\u00fcdkurdistan gegen die t\u00fcrkischen Angriffe positioniert hat und mit verschiedenen Parteien und Zivilgesellschaftlichen Organisationen traf. Der kurdische Dachverband KON-MED, verschiedene internationalistische Organisationen und Berliner Antifa-Gruppen, hatten sich zuvor dem Aufruf angeschlossen und zur Teilnahme am internationalen Aktionstag und den Demonstrationen aufgerufen.<\/span><br \/>\n<a href=\"https:\/\/anfdeutsch.com\/aktuelles\/defend-kurdistan-in-berlin-stuttgart-und-frankfurt-27112\" target=\"_blank\" rel=\"noopener\"><em><span style=\"font-family: verdana, geneva, sans-serif;\"><span style=\"font-size: 12pt;\">\u00bbANF NEWS\u00ab berichtete<\/span><\/span><\/em><\/a><br \/>\n<span style=\"color: #ffffff;\">.<\/span><br \/>\n<span style=\"color: #ffffff;\">.<\/span><br \/>\n<span style=\"font-family: verdana, geneva, sans-serif; font-size: 12pt;\"><span style=\"font-family: verdana, geneva, sans-serif; font-size: 12pt;\"><span style=\"font-size: 12pt;\"><span style=\"font-size: 14pt;\"><strong>4. Juli |<\/strong> <\/span><\/span><\/span><span style=\"font-size: 14pt;\"><strong>Gez\u00fcchtete Unsch\u00e4rfen<\/strong><\/span><br \/>\n<img loading=\"lazy\" class=\"wp-image-27772 aligncenter\" src=\"http:\/\/www.deanreed.de\/AmericanRebel\/2017\/wp-content\/uploads\/2021\/06\/Harry-300x81.png\" alt=\"\" width=\"667\" height=\"180\" srcset=\"https:\/\/www.deanreed.de\/AmericanRebel\/2017\/wp-content\/uploads\/2021\/06\/Harry-300x81.png 300w, https:\/\/www.deanreed.de\/AmericanRebel\/2017\/wp-content\/uploads\/2021\/06\/Harry.png 666w\" sizes=\"(max-width: 667px) 100vw, 667px\" \/>Den Blick in die Welt k\u00f6nne man mit einer Zeitung versperren, so ein Aphorismus. Von wegen. In die gro\u00dfe Welt schon, aber nicht in die kleine. Da wirst du \u00fcberh\u00e4uft mit guten Ratschl\u00e4gen f\u00fcr\u00b4s Kochen, f\u00fcr\u00b4s Make-up, f\u00fcr\u00b4s Wohlbefinden im Schlaf, f\u00fcr tollen Sex, f\u00fcr Gartenpflege und, und, und\u2026 Banales und flach Geb\u00fcrstetes haben Hochkonjunktur, also simple, alltagsnahe Botschaften, wie es im Buch \u201eL\u00fcgen die Medien\u2026.\u201c hei\u00dft, und der \u00fcberaus brave B\u00fcrger ist\u00b4s zufrieden. Oder? Mehr noch, nach den armseligen Wahlen klatscht er noch in die H\u00e4nde und jubelt den Herrschenden zu: \u201eWeiter so!\u201c 87 Prozent haben da keine Bedenken.<br \/>\n<a href=\"http:\/\/www.deanreed.de\/AmericanRebel\/2017\/?p=7257\" target=\"_blank\" rel=\"noopener\"><span style=\"font-size: 10pt;\"><em>Buchtipp: \u00bbL\u00fcgen die Medien? Propaganda, Rudeljournalismus und der Kampf um die \u00f6ffentliche Meinung\u00ab Herausgegeben von Jens Wernicke<\/em><\/span><\/a><\/span><\/p>\n<div class=\"public-DraftStyleDefault-block public-DraftStyleDefault-ltr\" style=\"text-align: justify;\" data-offset-key=\"bsm8h-0-0\">\n<p style=\"text-align: center;\"><span style=\"font-family: verdana, geneva, sans-serif; font-size: 12pt;\"><span style=\"color: #ffffff;\"><span style=\"color: #000000;\"><span style=\"font-family: verdana, geneva, sans-serif; font-size: 12pt;\"><span style=\"color: #ffffff;\">.<\/span><br \/>\n____________________________<\/span><\/span><\/span><\/span><\/p>\n<\/div>\n<\/div>\n<div class=\"public-DraftStyleDefault-block public-DraftStyleDefault-ltr\" style=\"text-align: justify;\" data-offset-key=\"bsm8h-0-0\">\n<p style=\"text-align: center;\"><span style=\"font-size: 10pt;\"><span style=\"font-family: verdana, geneva, sans-serif;\">Die Redaktionen<\/span><span style=\"font-family: verdana, geneva, sans-serif;\"><strong><br \/>\n<\/strong>danken den Volkskorrespondenten\/-innen Hosteni, Zeki, Nico,<\/span><\/span><br \/>\n<span style=\"font-family: verdana, geneva, sans-serif; font-size: 10pt;\">KikiRebel, Rui-Filipe, Sascha, Kalle, Heinrich, Klaus, Fiete, Reinhold u. A.<\/span><br \/>\n<span style=\"font-family: verdana, geneva, sans-serif; font-size: 10pt;\">f\u00fcr die Unterst\u00fctzung bei der Erstellung.<strong><br \/>\n<\/strong>Dieser R\u00fcckblick erhebt nicht den Anspruch auf Vollst\u00e4ndigkeit.<\/span><br \/>\n<span style=\"font-family: verdana, geneva, sans-serif; font-size: 10pt;\"><strong>Verlinkte- und mit Namen gekennzeichnete Texte m\u00fcssen<\/strong><\/span><br \/>\n<span style=\"font-family: verdana, geneva, sans-serif; font-size: 10pt;\"><strong>nicht in allen Punkten den Meinungen unserer Redaktionen entsprechen.<br \/>\n<span style=\"color: #ffffff;\">.<\/span><br \/>\n\u00bbWochenr\u00fcckblick\u00ab ist ein Projekt von<\/strong><strong><a href=\"https:\/\/rotermorgen.eu\/8197-2\/\" target=\"_blank\" rel=\"noopener\"><img loading=\"lazy\" class=\"wp-image-8196 aligncenter\" src=\"https:\/\/rotermorgen.eu\/wp-content\/uploads\/2021\/01\/2-Kopie-2-1.png\" alt=\"\" width=\"292\" height=\"142\" \/><\/a>Schickt uns Eure Kurzberichte<br \/>\nund Veranstaltungshinweise!<br \/>\neMail: <a href=\"mailto:Wochenrueckblick@gmx.net\" target=\"_blank\" rel=\"noopener noreferrer\">Wochenrueckblick@gmx.net<\/a><br \/>\nRedaktionsschluss: Jeden Sonntag 20:00 Uhr<\/strong><\/span><\/p>\n<p><span style=\"color: #ffffff;\">.<\/span><\/p>\n<blockquote>\n<p style=\"text-align: center;\"><input name=\"hosted_button_id\" type=\"hidden\" value=\"YBAWB885PFM9Y\" \/><\/p>\n<\/blockquote>\n<\/div>\n<\/div>\n","protected":false},"excerpt":{"rendered":"<p>Zur\u00fcckblickend auf die letzten Tage sind uns einige kommentierbare Vorkommnisse ins Auge gefallen, die wir hier zur Diskussion stellen. (Kommis bitte unten eintragen!) . . 29. Juni | R\u00e4pple bleibt ein Antisemit Karlsruhe.: Der ehemalige Landtagsabgeordnete Stefan R\u00e4pple darf auch [&hellip;]<a class=\"more-link\" href=\"https:\/\/www.deanreed.de\/AmericanRebel\/2017\/2021\/07\/05\/wochenrueckblick-26-kw-2021\/\">&darr; Lese den Rest von diesem Eintrag&#8230;<\/a><\/p>\n","protected":false},"author":2,"featured_media":0,"comment_status":"open","ping_status":"open","sticky":false,"template":"","format":"standard","meta":[],"categories":[1],"tags":[748,4864,2594,8,4787,4728,5151,4866,5185,3939,4729,4730,4791,2021,4731,4869,2225,4870,4601,5186,1329,5205,4734,4011,4736],"yoast_head":"<!-- This site is optimized with the Yoast SEO plugin v17.5 - https:\/\/yoast.com\/wordpress\/plugins\/seo\/ -->\n<title>- Wochenr\u00fcckblick 26. KW. 2021 &ndash; Onlinezeitung AmericanRebel<\/title>\n<meta name=\"robots\" content=\"index, follow, max-snippet:-1, max-image-preview:large, max-video-preview:-1\" \/>\n<link rel=\"canonical\" href=\"https:\/\/www.deanreed.de\/AmericanRebel\/2017\/2021\/07\/05\/wochenrueckblick-26-kw-2021\/\" \/>\n<meta property=\"og:locale\" content=\"de_DE\" \/>\n<meta property=\"og:type\" content=\"article\" \/>\n<meta property=\"og:title\" content=\"- Wochenr\u00fcckblick 26. KW. 2021 &ndash; Onlinezeitung AmericanRebel\" \/>\n<meta property=\"og:description\" content=\"Zur\u00fcckblickend auf die letzten Tage sind uns einige kommentierbare Vorkommnisse ins Auge gefallen, die wir hier zur Diskussion stellen.\" \/>\n<meta property=\"og:url\" content=\"https:\/\/www.deanreed.de\/AmericanRebel\/2017\/2021\/07\/05\/wochenrueckblick-26-kw-2021\/\" \/>\n<meta property=\"og:site_name\" content=\"Onlinezeitung AmericanRebel\" \/>\n<meta property=\"article:published_time\" content=\"2021-07-05T21:52:08+00:00\" \/>\n<meta property=\"article:modified_time\" content=\"2021-07-05T21:59:52+00:00\" \/>\n<meta property=\"og:image\" content=\"https:\/\/www.deanreed.de\/AmericanRebel\/2017\/wp-content\/uploads\/2020\/12\/3-Kopie.png\" \/>\n\t<meta property=\"og:image:width\" content=\"640\" \/>\n\t<meta property=\"og:image:height\" content=\"460\" \/>\n<meta name=\"twitter:card\" content=\"summary_large_image\" \/>\n<meta name=\"twitter:label1\" content=\"Verfasst von\" \/>\n\t<meta name=\"twitter:data1\" content=\"Redaktion\" \/>\n\t<meta name=\"twitter:label2\" content=\"Gesch\u00e4tzte Lesezeit\" \/>\n\t<meta name=\"twitter:data2\" content=\"9\u00a0Minuten\" \/>\n<script type=\"application\/ld+json\" class=\"yoast-schema-graph\">{\"@context\":\"https:\/\/schema.org\",\"@graph\":[{\"@type\":\"WebSite\",\"@id\":\"https:\/\/www.deanreed.de\/AmericanRebel\/2017\/#website\",\"url\":\"https:\/\/www.deanreed.de\/AmericanRebel\/2017\/\",\"name\":\"Onlinezeitung AmericanRebel\",\"description\":\"Internationale Onlinezeitung f\\u00fcr Frieden, Humanismus, V\\u00f6lkerverst\\u00e4ndigung und Kultur\",\"potentialAction\":[{\"@type\":\"SearchAction\",\"target\":{\"@type\":\"EntryPoint\",\"urlTemplate\":\"https:\/\/www.deanreed.de\/AmericanRebel\/2017\/?s={search_term_string}\"},\"query-input\":\"required name=search_term_string\"}],\"inLanguage\":\"de\"},{\"@type\":\"ImageObject\",\"@id\":\"https:\/\/www.deanreed.de\/AmericanRebel\/2017\/2021\/07\/05\/wochenrueckblick-26-kw-2021\/#primaryimage\",\"inLanguage\":\"de\",\"url\":\"https:\/\/www.deanreed.de\/AmericanRebel\/2017\/wp-content\/uploads\/2020\/12\/3-Kopie.png\",\"contentUrl\":\"https:\/\/www.deanreed.de\/AmericanRebel\/2017\/wp-content\/uploads\/2020\/12\/3-Kopie.png\",\"width\":640,\"height\":460},{\"@type\":\"WebPage\",\"@id\":\"https:\/\/www.deanreed.de\/AmericanRebel\/2017\/2021\/07\/05\/wochenrueckblick-26-kw-2021\/#webpage\",\"url\":\"https:\/\/www.deanreed.de\/AmericanRebel\/2017\/2021\/07\/05\/wochenrueckblick-26-kw-2021\/\",\"name\":\"- Wochenr\\u00fcckblick 26. KW. 2021 &ndash; Onlinezeitung AmericanRebel\",\"isPartOf\":{\"@id\":\"https:\/\/www.deanreed.de\/AmericanRebel\/2017\/#website\"},\"primaryImageOfPage\":{\"@id\":\"https:\/\/www.deanreed.de\/AmericanRebel\/2017\/2021\/07\/05\/wochenrueckblick-26-kw-2021\/#primaryimage\"},\"datePublished\":\"2021-07-05T21:52:08+00:00\",\"dateModified\":\"2021-07-05T21:59:52+00:00\",\"author\":{\"@id\":\"https:\/\/www.deanreed.de\/AmericanRebel\/2017\/#\/schema\/person\/9edfca7917cd10b75edaae51c6e7935a\"},\"breadcrumb\":{\"@id\":\"https:\/\/www.deanreed.de\/AmericanRebel\/2017\/2021\/07\/05\/wochenrueckblick-26-kw-2021\/#breadcrumb\"},\"inLanguage\":\"de\",\"potentialAction\":[{\"@type\":\"ReadAction\",\"target\":[\"https:\/\/www.deanreed.de\/AmericanRebel\/2017\/2021\/07\/05\/wochenrueckblick-26-kw-2021\/\"]}]},{\"@type\":\"BreadcrumbList\",\"@id\":\"https:\/\/www.deanreed.de\/AmericanRebel\/2017\/2021\/07\/05\/wochenrueckblick-26-kw-2021\/#breadcrumb\",\"itemListElement\":[{\"@type\":\"ListItem\",\"position\":1,\"name\":\"Startseite\",\"item\":\"https:\/\/www.deanreed.de\/AmericanRebel\/2017\/\"},{\"@type\":\"ListItem\",\"position\":2,\"name\":\"&#8211; Wochenr\\u00fcckblick 26. KW. 2021\"}]},{\"@type\":\"Person\",\"@id\":\"https:\/\/www.deanreed.de\/AmericanRebel\/2017\/#\/schema\/person\/9edfca7917cd10b75edaae51c6e7935a\",\"name\":\"Redaktion\",\"url\":\"https:\/\/www.deanreed.de\/AmericanRebel\/2017\/author\/redaktion\/\"}]}<\/script>\n<!-- \/ Yoast SEO plugin. -->","yoast_head_json":{"title":"- Wochenr\u00fcckblick 26. KW. 2021 &ndash; Onlinezeitung AmericanRebel","robots":{"index":"index","follow":"follow","max-snippet":"max-snippet:-1","max-image-preview":"max-image-preview:large","max-video-preview":"max-video-preview:-1"},"canonical":"https:\/\/www.deanreed.de\/AmericanRebel\/2017\/2021\/07\/05\/wochenrueckblick-26-kw-2021\/","og_locale":"de_DE","og_type":"article","og_title":"- Wochenr\u00fcckblick 26. KW. 2021 &ndash; Onlinezeitung AmericanRebel","og_description":"Zur\u00fcckblickend auf die letzten Tage sind uns einige kommentierbare Vorkommnisse ins Auge gefallen, die wir hier zur Diskussion stellen.","og_url":"https:\/\/www.deanreed.de\/AmericanRebel\/2017\/2021\/07\/05\/wochenrueckblick-26-kw-2021\/","og_site_name":"Onlinezeitung AmericanRebel","article_published_time":"2021-07-05T21:52:08+00:00","article_modified_time":"2021-07-05T21:59:52+00:00","og_image":[{"width":640,"height":460,"url":"https:\/\/www.deanreed.de\/AmericanRebel\/2017\/wp-content\/uploads\/2020\/12\/3-Kopie.png","type":"image\/png"}],"twitter_card":"summary_large_image","twitter_misc":{"Verfasst von":"Redaktion","Gesch\u00e4tzte Lesezeit":"9\u00a0Minuten"},"schema":{"@context":"https:\/\/schema.org","@graph":[{"@type":"WebSite","@id":"https:\/\/www.deanreed.de\/AmericanRebel\/2017\/#website","url":"https:\/\/www.deanreed.de\/AmericanRebel\/2017\/","name":"Onlinezeitung AmericanRebel","description":"Internationale Onlinezeitung f\u00fcr Frieden, Humanismus, V\u00f6lkerverst\u00e4ndigung und Kultur","potentialAction":[{"@type":"SearchAction","target":{"@type":"EntryPoint","urlTemplate":"https:\/\/www.deanreed.de\/AmericanRebel\/2017\/?s={search_term_string}"},"query-input":"required name=search_term_string"}],"inLanguage":"de"},{"@type":"ImageObject","@id":"https:\/\/www.deanreed.de\/AmericanRebel\/2017\/2021\/07\/05\/wochenrueckblick-26-kw-2021\/#primaryimage","inLanguage":"de","url":"https:\/\/www.deanreed.de\/AmericanRebel\/2017\/wp-content\/uploads\/2020\/12\/3-Kopie.png","contentUrl":"https:\/\/www.deanreed.de\/AmericanRebel\/2017\/wp-content\/uploads\/2020\/12\/3-Kopie.png","width":640,"height":460},{"@type":"WebPage","@id":"https:\/\/www.deanreed.de\/AmericanRebel\/2017\/2021\/07\/05\/wochenrueckblick-26-kw-2021\/#webpage","url":"https:\/\/www.deanreed.de\/AmericanRebel\/2017\/2021\/07\/05\/wochenrueckblick-26-kw-2021\/","name":"- Wochenr\u00fcckblick 26. KW. 2021 &ndash; Onlinezeitung AmericanRebel","isPartOf":{"@id":"https:\/\/www.deanreed.de\/AmericanRebel\/2017\/#website"},"primaryImageOfPage":{"@id":"https:\/\/www.deanreed.de\/AmericanRebel\/2017\/2021\/07\/05\/wochenrueckblick-26-kw-2021\/#primaryimage"},"datePublished":"2021-07-05T21:52:08+00:00","dateModified":"2021-07-05T21:59:52+00:00","author":{"@id":"https:\/\/www.deanreed.de\/AmericanRebel\/2017\/#\/schema\/person\/9edfca7917cd10b75edaae51c6e7935a"},"breadcrumb":{"@id":"https:\/\/www.deanreed.de\/AmericanRebel\/2017\/2021\/07\/05\/wochenrueckblick-26-kw-2021\/#breadcrumb"},"inLanguage":"de","potentialAction":[{"@type":"ReadAction","target":["https:\/\/www.deanreed.de\/AmericanRebel\/2017\/2021\/07\/05\/wochenrueckblick-26-kw-2021\/"]}]},{"@type":"BreadcrumbList","@id":"https:\/\/www.deanreed.de\/AmericanRebel\/2017\/2021\/07\/05\/wochenrueckblick-26-kw-2021\/#breadcrumb","itemListElement":[{"@type":"ListItem","position":1,"name":"Startseite","item":"https:\/\/www.deanreed.de\/AmericanRebel\/2017\/"},{"@type":"ListItem","position":2,"name":"&#8211; Wochenr\u00fcckblick 26. KW. 2021"}]},{"@type":"Person","@id":"https:\/\/www.deanreed.de\/AmericanRebel\/2017\/#\/schema\/person\/9edfca7917cd10b75edaae51c6e7935a","name":"Redaktion","url":"https:\/\/www.deanreed.de\/AmericanRebel\/2017\/author\/redaktion\/"}]}},"_links":{"self":[{"href":"https:\/\/www.deanreed.de\/AmericanRebel\/2017\/wp-json\/wp\/v2\/posts\/27904"}],"collection":[{"href":"https:\/\/www.deanreed.de\/AmericanRebel\/2017\/wp-json\/wp\/v2\/posts"}],"about":[{"href":"https:\/\/www.deanreed.de\/AmericanRebel\/2017\/wp-json\/wp\/v2\/types\/post"}],"author":[{"embeddable":true,"href":"https:\/\/www.deanreed.de\/AmericanRebel\/2017\/wp-json\/wp\/v2\/users\/2"}],"replies":[{"embeddable":true,"href":"https:\/\/www.deanreed.de\/AmericanRebel\/2017\/wp-json\/wp\/v2\/comments?post=27904"}],"version-history":[{"count":3,"href":"https:\/\/www.deanreed.de\/AmericanRebel\/2017\/wp-json\/wp\/v2\/posts\/27904\/revisions"}],"predecessor-version":[{"id":27907,"href":"https:\/\/www.deanreed.de\/AmericanRebel\/2017\/wp-json\/wp\/v2\/posts\/27904\/revisions\/27907"}],"wp:attachment":[{"href":"https:\/\/www.deanreed.de\/AmericanRebel\/2017\/wp-json\/wp\/v2\/media?parent=27904"}],"wp:term":[{"taxonomy":"category","embeddable":true,"href":"https:\/\/www.deanreed.de\/AmericanRebel\/2017\/wp-json\/wp\/v2\/categories?post=27904"},{"taxonomy":"post_tag","embeddable":true,"href":"https:\/\/www.deanreed.de\/AmericanRebel\/2017\/wp-json\/wp\/v2\/tags?post=27904"}],"curies":[{"name":"wp","href":"https:\/\/api.w.org\/{rel}","templated":true}]}}