{"id":27834,"date":"2021-06-21T00:25:04","date_gmt":"2021-06-20T22:25:04","guid":{"rendered":"http:\/\/www.deanreed.de\/AmericanRebel\/2017\/?p=27834"},"modified":"2021-06-22T14:47:12","modified_gmt":"2021-06-22T12:47:12","slug":"wochenrueckblick-24-kw-2021","status":"publish","type":"post","link":"https:\/\/www.deanreed.de\/AmericanRebel\/2017\/2021\/06\/21\/wochenrueckblick-24-kw-2021\/","title":{"rendered":"&#8211; Wochenr\u00fcckblick 24. KW. 2021"},"content":{"rendered":"<p style=\"text-align: justify;\"><span style=\"font-size: 14pt; color: #993300;\"><strong><span style=\"font-family: verdana, geneva, sans-serif;\"><img loading=\"lazy\" class=\" wp-image-26025 aligncenter\" src=\"http:\/\/www.deanreed.de\/AmericanRebel\/2017\/wp-content\/uploads\/2020\/10\/AR_WR_2-300x75.png\" alt=\"\" width=\"668\" height=\"167\" srcset=\"https:\/\/www.deanreed.de\/AmericanRebel\/2017\/wp-content\/uploads\/2020\/10\/AR_WR_2-300x75.png 300w, https:\/\/www.deanreed.de\/AmericanRebel\/2017\/wp-content\/uploads\/2020\/10\/AR_WR_2.png 700w\" sizes=\"(max-width: 668px) 100vw, 668px\" \/><span style=\"color: #ffffff;\">.<\/span><br \/>\n<\/span><\/strong><\/span><span style=\"font-size: 14pt; color: #993300;\"><strong><span style=\"font-family: verdana, geneva, sans-serif;\">Zur\u00fcckblickend auf die letzten Tage sind uns einige kommentierbare Vorkommnisse ins Auge gefallen, die wir hier zur Diskussion stellen.<\/span><\/strong><\/span><br \/>\n<span style=\"font-family: verdana, geneva, sans-serif; font-size: 12pt;\"><strong><span style=\"color: #000000;\">(Kommis bitte unten eintragen!)<\/span><\/strong><br \/>\n<span style=\"color: #ffffff;\">.<\/span><span style=\"color: #ffffff;\">.<br \/>\n<span style=\"color: #000000;\"><strong><span style=\"color: #ffffff;\">.<\/span><br \/>\n<\/strong><\/span><\/span><span style=\"font-size: 14pt;\"><span style=\"color: #000000;\"><strong>14. Juni | <\/strong><\/span><strong>KI-Drohnen auf Menschenjagd<\/strong><\/span><\/span><\/p>\n<div id=\"attachment_27830\" style=\"width: 677px\" class=\"wp-caption aligncenter\"><img aria-describedby=\"caption-attachment-27830\" loading=\"lazy\" class=\" wp-image-27830\" src=\"http:\/\/www.deanreed.de\/AmericanRebel\/2017\/wp-content\/uploads\/2021\/06\/mz6-300x81-1.jpg\" alt=\"\" width=\"667\" height=\"180\" \/><p id=\"caption-attachment-27830\" class=\"wp-caption-text\">Die israelische Drohne vom Typ \u00bbHarop\u00ab kreist \u00fcber einem Zielgebiet, sucht sich ein Ziel und st\u00fcrzt sich kamikazegleich darauf.<\/p><\/div>\n<p style=\"text-align: justify;\"><strong><span style=\"font-family: verdana, geneva, sans-serif; font-size: 12pt;\">V\u00f6lkerrechtswidrige Aufr\u00fcstung von Proxys in Libyen!<\/span><\/strong><br \/>\n<span style=\"font-family: verdana, geneva, sans-serif; font-size: 12pt;\"><span style=\"color: #ffffff;\">&#8230;<\/span>Nachdem der \u201eerste echte Drohnenkrieg der Geschichte\u201c (Annegret Kramp-Karrenbauer) zwischen Aserbaidschan und Armenien trotz seiner gro\u00dfen Verluste in \u00fcberaus kurzer Zeit einige gar bewundernde Aufregung \u00fcber die gar nicht mehr so neue Technologie lostrat und Drohnen-Herstellern wohl in die Tasche spielte (IMI-berichtete), wurde nun eine neue Revolution in der Kriegskunst ausgerufen: M\u00f6glicherweise haben mit k\u00fcnstlicher Intelligenz (KI) ausgestattete Drohnen zum ersten Mal ohne menschliche \u00dcberwachung menschliche Ziele identifiziert, verfolgt und get\u00f6tet. Bevor internationale Abkommen den Gebrauch solcher Waffen regulieren, ist die Welt im Zeitalter der autonomen Kriegsf\u00fchrung angekommen.<\/span><br \/>\n<em><span style=\"font-family: verdana, geneva, sans-serif; font-size: 12pt;\"><a href=\"http:\/\/www.imi-online.de\/2021\/06\/16\/ki-drohnen-auf-menschenjagd\/\">Die \u00bbInformationsstelle Militarisierung (IMI) e.V.\u00ab berichtete<\/a><br \/>\n<\/span><\/em><span style=\"font-family: verdana, geneva, sans-serif; font-size: 12pt;\"><span style=\"color: #ffffff;\">.<\/span><br \/>\n<span style=\"color: #ffffff;\">.<\/span><\/span><span style=\"font-family: verdana, geneva, sans-serif; font-size: 12pt;\"><br \/>\n<strong><span style=\"font-size: 14pt;\">16. Juni | Blut&amp;Bohnen \u2013 die Kaffeedynastie Jacobs<\/span><\/strong><\/span><\/p>\n<p style=\"text-align: justify;\"><span style=\"font-family: verdana, geneva, sans-serif; font-size: 12pt;\"><img loading=\"lazy\" class=\"wp-image-27827 aligncenter\" src=\"http:\/\/www.deanreed.de\/AmericanRebel\/2017\/wp-content\/uploads\/2021\/06\/eer-Kopie-300x81.png\" alt=\"\" width=\"667\" height=\"180\" srcset=\"https:\/\/www.deanreed.de\/AmericanRebel\/2017\/wp-content\/uploads\/2021\/06\/eer-Kopie-300x81.png 300w, https:\/\/www.deanreed.de\/AmericanRebel\/2017\/wp-content\/uploads\/2021\/06\/eer-Kopie.png 663w\" sizes=\"(max-width: 667px) 100vw, 667px\" \/><br \/>\nIhre Anf\u00fchrer scheuen oft das Licht der \u00d6ffentlichkeit, doch sie besitzen immense Macht. Konten gef\u00fcllt mit Milliarden aus Gesch\u00e4ften, die in aller Herren L\u00e4nder verrichtet werden; tausende Untergebene, die auf Gedeih und Verderb dem Richterspruch der M\u00e4nner und Frauen an der Spitze ausgeliefert sind; sie blicken oft auf eine mehr als hundertj\u00e4hrige Geschichte krimineller Machenschaften zur\u00fcck, sind f\u00fcr Millionen Tote mitverantwortlich: Deutsche Kapitalisten-Clans.<\/span><br \/>\n<em><span style=\"font-size: 12pt;\"><a href=\"https:\/\/rotermorgen.eu\/blutbohnen-die-kaffeedynastie-jacobs\/\" target=\"_blank\" rel=\"noopener\"><span style=\"font-family: verdana, geneva, sans-serif;\">\u00bbRoterMorgen\u00ab berichtete<\/span><\/a><span style=\"font-family: verdana, geneva, sans-serif;\"> \u00a0\u00a0\u00a0\u00a0\u00a0 <span lang=\"de-DE\"><div class=\"hide-this-part-wrap\"><div class=\"hide-this-part-more\" id=\"hide-this-part-0\" morelink-text=\"hier geht es weiter\">hier geht es weiter \u00bb<\/div><div class=\"hide-this-part\" status=\"invisible\"><\/span><\/span><\/span><\/em><br \/>\n<span style=\"font-family: verdana, geneva, sans-serif; font-size: 12pt;\"><span style=\"color: #ffffff;\">.<\/span><br \/>\n<span style=\"color: #ffffff;\">.<\/span><\/span><br \/>\n<span style=\"font-family: verdana, geneva, sans-serif; font-size: 14pt;\"><strong>19. Juni | <span style=\"font-family: verdana, geneva, sans-serif; font-size: 14pt;\">EURO 2020 &#8211; 10.000 ungarische Neonazis<br \/>\nbeim Fu\u00dfballl\u00e4nderspiel Ungarn-Portugal (0:3)<\/span><\/strong><\/span><\/p>\n<div class=\"\" data-block=\"true\" data-editor=\"7504f\" data-offset-key=\"bsm8h-0-0\">\n<div style=\"text-align: justify;\" data-offset-key=\"bsm8h-0-0\"><span style=\"font-family: verdana, geneva, sans-serif; font-size: 12pt;\"><span lang=\"de-DE\"><img loading=\"lazy\" class=\"wp-image-27826 aligncenter\" src=\"http:\/\/www.deanreed.de\/AmericanRebel\/2017\/wp-content\/uploads\/2021\/06\/eer-300x98.jpg\" alt=\"\" width=\"667\" height=\"218\" srcset=\"https:\/\/www.deanreed.de\/AmericanRebel\/2017\/wp-content\/uploads\/2021\/06\/eer-300x98.jpg 300w, https:\/\/www.deanreed.de\/AmericanRebel\/2017\/wp-content\/uploads\/2021\/06\/eer.jpg 665w\" sizes=\"(max-width: 667px) 100vw, 667px\" \/><br \/>\nVor ein paar Tagen kamen etwa 10.000 Mitglieder der \u201eaufgel\u00f6sten\u201c <\/span><a href=\"https:\/\/de.wikipedia.org\/wiki\/Magyar_G\u00e1rda\"><span lang=\"de-DE\"><u>Garda Magyar<\/u><\/span><\/a><span lang=\"de-DE\"> in Budapest zusammen, um beim Fu\u00dfballl\u00e4nderspiel Ungarn-Portugal \u201ef\u00fcr Stimmung zu sorgen\u201c. Die etwa 5.000 portugiesischen Fans in der Stadt vermieden es bewusst, mit den Ultranationalisten in ihren schwarzen T-Shirts zusammen zu sto\u00dfen. Im Stadion kam es zu rassistisch motivierten Beschimpfungen, wodurch sich die Frage stellt, warum die UEFA soetwas zul\u00e4sst?<br \/>\n<a href=\"https:\/\/info-welt.eu\/euro-2020-10-000-ungarische-neonazis-beim-fussballlaenderspiel-ungarn-portugal-03\/\" target=\"_blank\" rel=\"noopener\"><em>Rui Filipe Gutschmidt berichtete auf \u00bbInfo-Welt\u00ab<\/em><\/a><em> \u00a0 <\/em><\/span><\/span><br \/>\n<span style=\"font-family: verdana, geneva, sans-serif; font-size: 12pt; color: #ffffff;\">.<\/span><br \/>\n<span style=\"font-family: verdana, geneva, sans-serif; font-size: 12pt; color: #ffffff;\">.<\/span><\/div>\n<div style=\"text-align: justify;\" data-offset-key=\"bsm8h-0-0\"><span style=\"font-family: verdana, geneva, sans-serif; font-size: 14pt;\"><span style=\"font-family: verdana, geneva, sans-serif; font-size: 14pt;\"><strong>19. Juni | <\/strong><\/span><strong>Freiheit f\u00fcr alle politischen Gefangenen \u2013 <\/strong><\/span><br \/>\n<span style=\"font-size: 14pt;\"><strong><span style=\"font-family: verdana, geneva, sans-serif;\">Grup Yorum ist das Volk und kann nicht<br \/>\nzum Schweigen gebracht werden!<br \/>\n<\/span><\/strong><\/span><br \/>\n<span style=\"font-family: verdana, geneva, sans-serif; font-size: 12pt;\"><img loading=\"lazy\" class=\"wp-image-27829 aligncenter\" src=\"http:\/\/www.deanreed.de\/AmericanRebel\/2017\/wp-content\/uploads\/2021\/06\/1-Kopie-2-2-300x81.png\" alt=\"\" width=\"667\" height=\"180\" srcset=\"https:\/\/www.deanreed.de\/AmericanRebel\/2017\/wp-content\/uploads\/2021\/06\/1-Kopie-2-2-300x81.png 300w, https:\/\/www.deanreed.de\/AmericanRebel\/2017\/wp-content\/uploads\/2021\/06\/1-Kopie-2-2.png 666w\" sizes=\"(max-width: 667px) 100vw, 667px\" \/><br \/>\nDie deutsche Polizei griff eine \u201eSolidarit\u00e4tskundgebung mit politischen Gefangenen\u201c an, die am gestrigen Freitag, in Magdeburg stattfand und verhinderte das Auftreten der revolution\u00e4ren Musikband Grup Yorum.<\/span><br \/>\n<a href=\"https:\/\/rotermorgen.eu\/freiheit-fuer-alle-politischen-gefangenen-grup-yorum-ist-das-volk-und-kann-nicht-zum-schweigen-gebracht-werden\/\" target=\"_blank\" rel=\"noopener\"><em><span style=\"font-family: verdana, geneva, sans-serif; font-size: 12pt;\">\u00bbRoterMorgen\u00ab berichtete<\/span><\/em><\/a><strong><br \/>\n<\/strong><span style=\"color: #ffffff;\">.<\/span><br \/>\n<span style=\"color: #ffffff;\">.<\/span><br \/>\n<span style=\"font-family: verdana, geneva, sans-serif; font-size: 12pt;\"><strong><span style=\"font-size: 14pt;\"><strong>16. Juni | <\/strong>Wir trauern um Deniz Poyraz,<br \/>\nGefallene sterben nicht!<br \/>\n<\/span><\/strong><\/span><br \/>\n<span style=\"font-family: verdana, geneva, sans-serif; font-size: 12pt;\"><img loading=\"lazy\" class=\"wp-image-27833 aligncenter\" src=\"http:\/\/www.deanreed.de\/AmericanRebel\/2017\/wp-content\/uploads\/2021\/06\/2-Kopie-6-300x81.png\" alt=\"\" width=\"667\" height=\"180\" srcset=\"https:\/\/www.deanreed.de\/AmericanRebel\/2017\/wp-content\/uploads\/2021\/06\/2-Kopie-6-300x81.png 300w, https:\/\/www.deanreed.de\/AmericanRebel\/2017\/wp-content\/uploads\/2021\/06\/2-Kopie-6.png 666w\" sizes=\"(max-width: 667px) 100vw, 667px\" \/><br \/>\nDeniz Poyraz, eine Parteimitarbeiterin der Demokratischen Volkspartei (HDP) in Izmir, wurde heute bei einem brutalen Angriff auf das Parteib\u00fcro ermordet.<\/span><br \/>\n<span style=\"font-family: verdana, geneva, sans-serif; font-size: 12pt;\"><span style=\"color: #ffffff;\">&#8230;<\/span>Der M\u00f6rder, ein faschistischer T\u00fcrke sagte das er sich seinen Jugendtraum erf\u00fcllt hat: \u201ePKK-Mitglieder zu t\u00f6ten\u201c.<\/span><br \/>\n<a href=\"https:\/\/rotermorgen.eu\/wir-trauern-um-deniz-poyraz-gefallene-sterben-nicht_1\/\" target=\"_blank\" rel=\"noopener\"><em><span style=\"font-family: verdana, geneva, sans-serif; font-size: 12pt;\">\u00bbRoter Morgen\u00ab berichtete ausf\u00fchrlich<\/span><\/em><\/a><br \/>\n<span style=\"color: #ffffff;\">.<\/span><br \/>\n<span style=\"color: #ffffff;\">.<\/span><\/div>\n<div class=\"public-DraftStyleDefault-block public-DraftStyleDefault-ltr\" style=\"text-align: justify;\" data-offset-key=\"bsm8h-0-0\"><span style=\"font-family: verdana, geneva, sans-serif; font-size: 14pt;\"><span style=\"font-family: verdana, geneva, sans-serif; font-size: 14pt;\"><strong>19. Juni |<\/strong> <\/span><strong>Der Faschist Reinhard Gehlen<\/strong><\/span><br \/>\n<span style=\"font-family: verdana, geneva, sans-serif; font-size: 14pt;\"><span style=\"font-family: verdana, geneva, sans-serif; font-size: 14pt;\"><span style=\"font-family: verdana, geneva, sans-serif; font-size: 14pt;\"><strong>gr\u00fcndeten den Bundesnachrichtendienst<\/strong><\/span><\/span><\/span>&nbsp;<\/p>\n<p><span style=\"font-family: verdana, geneva, sans-serif; font-size: 12pt;\"><img loading=\"lazy\" class=\"wp-image-27828 aligncenter\" src=\"http:\/\/www.deanreed.de\/AmericanRebel\/2017\/wp-content\/uploads\/2021\/06\/4-Kopie-2-300x81.png\" alt=\"\" width=\"667\" height=\"180\" srcset=\"https:\/\/www.deanreed.de\/AmericanRebel\/2017\/wp-content\/uploads\/2021\/06\/4-Kopie-2-300x81.png 300w, https:\/\/www.deanreed.de\/AmericanRebel\/2017\/wp-content\/uploads\/2021\/06\/4-Kopie-2.png 666w\" sizes=\"(max-width: 667px) 100vw, 667px\" \/><br \/>\nVor 42 Jahren starb Reinhard <span id=\"decorator-ignored-entity-id-15\" data-entity-key=\"15\" data-offset-key=\"8f2n5-1-0\">Gehlen<\/span>, der wichtigste Spion und Geheimdienstchef der fr\u00fchen Bundesrepublik, Gr\u00fcnder des Bundesnachrichtendienstes (BND). Der Vollblutfaschist hatte in der Wehrmacht Karriere gemacht und durfte nach der Befreiung vom Hitlerfaschismus in neuem Amt und W\u00fcrden weitermachen.<br \/>\n<a href=\"https:\/\/rotermorgen.eu\/der-faschist-reinhard-gehlen-gruendeten-den-bundes-nchrichtendienst\/\" target=\"_blank\" rel=\"noopener\"><em>Volkskorrespondentin Kiki Rebell berichtete auf \u00bbRoterMorgen\u00ab u. a. Blogs<\/em><\/a><\/span><br \/>\n<span style=\"font-family: verdana, geneva, sans-serif; font-size: 12pt; color: #ffffff;\">.<\/span><br \/>\n<span style=\"font-family: verdana, geneva, sans-serif; font-size: 12pt;\"><span style=\"font-family: verdana, geneva, sans-serif; font-size: 12pt;\"><span style=\"color: #ffffff;\">.<\/span><br \/>\n<span style=\"font-size: 14pt;\"><strong>20. Juni |<\/strong><\/span><\/span><\/span> <span style=\"font-size: 14pt;\"><span style=\"font-size: 14pt;\"><span style=\"font-size: 14pt;\"><strong><span style=\"font-family: verdana, geneva, sans-serif;\">Bundesweit Kundgebungen<br \/>\ngegen die Ermordung von Deniz Poyraz<\/span><\/strong><\/span><\/span><\/span>&nbsp;<\/p>\n<p><span style=\"font-family: verdana, geneva, sans-serif; font-size: 12pt;\"><img loading=\"lazy\" class=\"wp-image-27831 aligncenter\" src=\"http:\/\/www.deanreed.de\/AmericanRebel\/2017\/wp-content\/uploads\/2021\/06\/rt44-300x81.jpg\" alt=\"\" width=\"667\" height=\"180\" srcset=\"https:\/\/www.deanreed.de\/AmericanRebel\/2017\/wp-content\/uploads\/2021\/06\/rt44-300x81.jpg 300w, https:\/\/www.deanreed.de\/AmericanRebel\/2017\/wp-content\/uploads\/2021\/06\/rt44.jpg 666w\" sizes=\"(max-width: 667px) 100vw, 667px\" \/><br \/>\nDer faschistische Mord an Deniz Poyraz, Mitarbeitern der Demokratischen Volkspartei (HDP), in Izmir hat auch in Deutschland bundesweit zu Protestaktionen gegen diese grausame Tat und die Ein-Mann-Diktatur Erdogans in der T\u00fcrkei gef\u00fchrt. Spontan gingen Menschen mit eilig angefertigten Plakaten und Transparenten auf die Stra\u00dfe.<\/span><br \/>\n<a href=\"https:\/\/www.arbeit-zukunft.de\/2021\/06\/20\/bundesweit-kundgebungen-gegen-die-ermordung-von-deniz-poyraz\/#more-8602\" target=\"_blank\" rel=\"noopener\"><em><span style=\"font-family: verdana, geneva, sans-serif; font-size: 12pt;\">\u00bbArbeit Zukunft\u00ab berichtete<\/span><\/em><\/a><\/div>\n<div class=\"public-DraftStyleDefault-block public-DraftStyleDefault-ltr\" style=\"text-align: justify;\" data-offset-key=\"bsm8h-0-0\"><span style=\"color: #ffffff;\">.<\/span><br \/>\n<span style=\"font-family: verdana, geneva, sans-serif; font-size: 12pt; color: #ffffff;\">.<\/span><br \/>\n<span style=\"font-family: verdana, geneva, sans-serif; font-size: 14pt;\"><span style=\"font-family: verdana, geneva, sans-serif; font-size: 14pt;\"><span style=\"font-family: verdana, geneva, sans-serif; font-size: 14pt;\"><span style=\"font-family: verdana, geneva, sans-serif; font-size: 14pt;\"><strong>20. Juni|<\/strong><\/span> <strong>Stuttgart: K\u00e4mpferische Aktion im Einzelhandel<\/strong><\/span><\/span><\/span>&nbsp;<\/p>\n<\/div>\n<div class=\"public-DraftStyleDefault-block public-DraftStyleDefault-ltr\" style=\"text-align: justify;\" data-offset-key=\"bsm8h-0-0\"><span style=\"font-family: verdana, geneva, sans-serif; font-size: 12pt;\"><span style=\"font-family: verdana, geneva, sans-serif; font-size: 12pt;\"><img loading=\"lazy\" class=\"wp-image-27832 aligncenter\" src=\"http:\/\/www.deanreed.de\/AmericanRebel\/2017\/wp-content\/uploads\/2021\/06\/fgg-300x81.jpg\" alt=\"\" width=\"667\" height=\"180\" srcset=\"https:\/\/www.deanreed.de\/AmericanRebel\/2017\/wp-content\/uploads\/2021\/06\/fgg-300x81.jpg 300w, https:\/\/www.deanreed.de\/AmericanRebel\/2017\/wp-content\/uploads\/2021\/06\/fgg.jpg 666w\" sizes=\"(max-width: 667px) 100vw, 667px\" \/>Die israelische Drohne vom Typ \u00bbHarop\u00ab kreist \u00fcber einem Zielgebiet, sucht sich ein Ziel und st\u00fcrzt sich kamikazegleich darauf. Zur aktuellen Tarifrunde im Einzelhandel hatte verdi Stuttgart am 19.6.21 die Kolleginnen und Kollegen zu einer Aktion aufgerufen. Denn die Arbeitgeber weigern sich, \u00fcberhaupt ein Angebot zu machen. Sie wollen angesichts \u201eder Krise\u201c die sowieso schon mageren L\u00f6hne noch weiter runter dr\u00fccken.<br \/>\n<a href=\"https:\/\/www.arbeit-zukunft.de\/2021\/06\/20\/stuttgart-kaempferische-aktion-im-einzelhandel\/#more-8607\" target=\"_blank\" rel=\"noopener\"><em>\u00bbArbeit Zukunft\u00ab berichtete<\/em><\/a><br \/>\n<span style=\"font-family: verdana, geneva, sans-serif; font-size: 12pt; color: #ffffff;\">. <\/span><br \/>\n<span style=\"font-family: verdana, geneva, sans-serif; font-size: 12pt;\"><span style=\"font-family: verdana, geneva, sans-serif; font-size: 12pt;\"><strong><span style=\"color: #ffffff;\">.<\/span><br \/>\n<\/strong><span style=\"font-size: 14pt;\"><strong>20. Juni |<\/strong> <\/span><\/span><span style=\"font-size: 14pt;\"><strong>\u00d6calans Visionen<\/strong><\/span><\/span><\/span><\/span><\/p>\n<div class=\"public-DraftStyleDefault-block public-DraftStyleDefault-ltr\" style=\"text-align: justify;\" data-offset-key=\"bsm8h-0-0\">\n<p style=\"text-align: justify;\"><span style=\"font-family: verdana, geneva, sans-serif; font-size: 12pt;\"><span style=\"color: #ffffff;\"><span style=\"color: #000000;\"><img loading=\"lazy\" class=\"wp-image-27772 aligncenter\" src=\"http:\/\/www.deanreed.de\/AmericanRebel\/2017\/wp-content\/uploads\/2021\/06\/Harry-300x81.png\" alt=\"\" width=\"667\" height=\"180\" srcset=\"https:\/\/www.deanreed.de\/AmericanRebel\/2017\/wp-content\/uploads\/2021\/06\/Harry-300x81.png 300w, https:\/\/www.deanreed.de\/AmericanRebel\/2017\/wp-content\/uploads\/2021\/06\/Harry.png 666w\" sizes=\"(max-width: 667px) 100vw, 667px\" \/><\/span><\/span><\/span><\/p>\n<p><span style=\"font-family: verdana, geneva, sans-serif; font-size: 12pt;\">Die neue Parole sollte nicht \u201eSozialismus statt Kapitalismus\u201c lauten, sondern \u201eFreies Leben statt Kapitalismus\u201c. Diesen Satz schrieb Abdullah \u00d6calan in seinem Buch \u201eZivilisation und Wahrheit. Maskierte G\u00f6tter und verh\u00fcllte K\u00f6nige\u201c auf Seite 292.<\/span><br \/>\n<span style=\"font-family: verdana, geneva, sans-serif; font-size: 12pt;\"><span style=\"color: #ffffff;\">&#8230;<\/span>Eine bemerkenswerte \u00c4u\u00dferung. Einerseits mag sie jene schockieren und ungl\u00e4ubig den Kopf sch\u00fctteln lassen, die fest auf dem Boden von bisher erkannten gesellschaftlichen Gesetzm\u00e4\u00dfigkeiten stehen, andererseits d\u00fcrfte sie bei Leichtgl\u00e4ubigen neue Illusionen wecken. In beiden F\u00e4llen taucht die Frage auf, was der Autor unter \u201efreies Leben\u201c versteht. Gibt er darauf eine Antwort? Dem nachzugehen lohnt sich, denn \u00d6calan ist nicht irgendwer.<\/span><br \/>\n<a href=\"http:\/\/www.deanreed.de\/AmericanRebel\/2017\/?p=6467\" target=\"_blank\" rel=\"noopener\"><span style=\"font-size: 10pt;\"><em><span style=\"font-family: verdana, geneva, sans-serif;\"><span style=\"color: #ffffff;\"><span style=\"color: #000000;\">Abdullah \u00d6calan: Zivilisation und Wahrheit. Maskierte G\u00f6tter und verh\u00fcllte K\u00f6nige, Taschenbuch: 320 Seiten, Verlag: Mezopotamien Verlag; Auflage: 1 (17. M\u00e4rz 2017), Sprache: Deutsch, ISBN-10: 3945326494, ISBN-13: 978-3945326497<\/span><\/span><\/span><\/em><\/span><\/a><\/p>\n<p>&nbsp;<\/p>\n<\/div>\n<\/div>\n<div class=\"public-DraftStyleDefault-block public-DraftStyleDefault-ltr\" style=\"text-align: justify;\" data-offset-key=\"bsm8h-0-0\">\n<p style=\"text-align: center;\"><span style=\"font-family: verdana, geneva, sans-serif; font-size: 12pt;\"><span style=\"color: #ffffff;\"><span style=\"color: #000000;\"><span style=\"font-family: verdana, geneva, sans-serif; font-size: 12pt;\"><span style=\"color: #ffffff;\">.<\/span><br \/>\n____________________________<\/span><\/span><\/span><\/span><\/p>\n<p style=\"text-align: center;\"><span style=\"font-size: 10pt;\"><span style=\"font-family: verdana, geneva, sans-serif;\">Die Redaktionen<\/span><span style=\"font-family: verdana, geneva, sans-serif;\"><strong><br \/>\n<\/strong>danken den Volkskorrespondenten\/-innen Hosteni, Zeki, Nico,<\/span><\/span><br \/>\n<span style=\"font-family: verdana, geneva, sans-serif; font-size: 10pt;\">KikiRebel, Rui-Filipe, Sascha, Kalle, Heinrich, Klaus, Fiete, Reinhold u. A.<\/span><br \/>\n<span style=\"font-family: verdana, geneva, sans-serif; font-size: 10pt;\">f\u00fcr die Unterst\u00fctzung bei der Erstellung.<strong><br \/>\n<\/strong>Dieser R\u00fcckblick erhebt nicht den Anspruch auf Vollst\u00e4ndigkeit.<\/span><br \/>\n<span style=\"font-family: verdana, geneva, sans-serif; font-size: 10pt;\"><strong>Verlinkte- und mit Namen gekennzeichnete Texte m\u00fcssen<\/strong><\/span><br \/>\n<span style=\"font-family: verdana, geneva, sans-serif; font-size: 10pt;\"><strong>nicht in allen Punkten den Meinungen unserer Redaktionen entsprechen.<br \/>\n<span style=\"color: #ffffff;\">.<\/span><br \/>\n\u00bbWochenr\u00fcckblick\u00ab ist ein Projekt von<\/strong><strong><a href=\"https:\/\/rotermorgen.eu\/8197-2\/\" target=\"_blank\" rel=\"noopener\"><img loading=\"lazy\" class=\"wp-image-8196 aligncenter\" src=\"https:\/\/rotermorgen.eu\/wp-content\/uploads\/2021\/01\/2-Kopie-2-1.png\" alt=\"\" width=\"292\" height=\"142\" \/><\/a>Schickt uns Eure Kurzberichte<br \/>\nund Veranstaltungshinweise!<br \/>\neMail: <a href=\"mailto:Wochenrueckblick@gmx.net\" target=\"_blank\" rel=\"noopener noreferrer\">Wochenrueckblick@gmx.net<\/a><br \/>\nRedaktionsschluss: Jeden Sonntag 20:00 Uhr<\/strong><\/span><\/p>\n<p><\/div><!-- .hide-this-part --><\/div><!-- hide-this-part-wrap --><\/p>\n<p><span style=\"color: #ffffff;\">.<\/span><\/p>\n<blockquote>\n<p style=\"text-align: center;\"><input name=\"hosted_button_id\" type=\"hidden\" value=\"YBAWB885PFM9Y\" \/><\/p>\n<\/blockquote>\n<\/div>\n<\/div>\n","protected":false},"excerpt":{"rendered":"<p>. Zur\u00fcckblickend auf die letzten Tage sind uns einige kommentierbare Vorkommnisse ins Auge gefallen, die wir hier zur Diskussion stellen. (Kommis bitte unten eintragen!) .. . 14. Juni | KI-Drohnen auf Menschenjagd V\u00f6lkerrechtswidrige Aufr\u00fcstung von Proxys in Libyen! &#8230;Nachdem der [&hellip;]<a class=\"more-link\" href=\"https:\/\/www.deanreed.de\/AmericanRebel\/2017\/2021\/06\/21\/wochenrueckblick-24-kw-2021\/\">&darr; Lese den Rest von diesem Eintrag&#8230;<\/a><\/p>\n","protected":false},"author":2,"featured_media":0,"comment_status":"open","ping_status":"open","sticky":false,"template":"","format":"standard","meta":[],"categories":[5094],"tags":[748,4864,2594,8,4787,4728,5151,4866,5185,3939,4729,4730,4791,2021,4731,4869,2225,4870,4601,5186,1329,5205,4734,4011,4736],"yoast_head":"<!-- This site is optimized with the Yoast SEO plugin v17.5 - https:\/\/yoast.com\/wordpress\/plugins\/seo\/ -->\n<title>- Wochenr\u00fcckblick 24. KW. 2021 &ndash; Onlinezeitung AmericanRebel<\/title>\n<meta name=\"robots\" content=\"index, follow, max-snippet:-1, max-image-preview:large, max-video-preview:-1\" \/>\n<link rel=\"canonical\" href=\"http:\/\/www.deanreed.de\/AmericanRebel\/2017\/2021\/06\/21\/wochenrueckblick-24-kw-2021\/\" \/>\n<meta property=\"og:locale\" content=\"de_DE\" \/>\n<meta property=\"og:type\" content=\"article\" \/>\n<meta property=\"og:title\" content=\"- Wochenr\u00fcckblick 24. KW. 2021 &ndash; Onlinezeitung AmericanRebel\" \/>\n<meta property=\"og:description\" content=\"Zur\u00fcckblickend auf die letzten Tage sind uns einige kommentierbare Vorkommnisse ins Auge gefallen, die wir hier zur Diskussion stellen.\" \/>\n<meta property=\"og:url\" content=\"http:\/\/www.deanreed.de\/AmericanRebel\/2017\/2021\/06\/21\/wochenrueckblick-24-kw-2021\/\" \/>\n<meta property=\"og:site_name\" content=\"Onlinezeitung AmericanRebel\" \/>\n<meta property=\"article:published_time\" content=\"2021-06-20T22:25:04+00:00\" \/>\n<meta property=\"article:modified_time\" content=\"2021-06-22T12:47:12+00:00\" \/>\n<meta property=\"og:image\" content=\"http:\/\/www.deanreed.de\/AmericanRebel\/2017\/wp-content\/uploads\/2020\/12\/3-Kopie.png\" \/>\n\t<meta property=\"og:image:width\" content=\"640\" \/>\n\t<meta property=\"og:image:height\" content=\"460\" \/>\n<meta name=\"twitter:card\" content=\"summary_large_image\" \/>\n<meta name=\"twitter:label1\" content=\"Verfasst von\" \/>\n\t<meta name=\"twitter:data1\" content=\"Redaktion\" \/>\n\t<meta name=\"twitter:label2\" content=\"Gesch\u00e4tzte Lesezeit\" \/>\n\t<meta name=\"twitter:data2\" content=\"6\u00a0Minuten\" \/>\n<script type=\"application\/ld+json\" class=\"yoast-schema-graph\">{\"@context\":\"https:\/\/schema.org\",\"@graph\":[{\"@type\":\"WebSite\",\"@id\":\"https:\/\/www.deanreed.de\/AmericanRebel\/2017\/#website\",\"url\":\"https:\/\/www.deanreed.de\/AmericanRebel\/2017\/\",\"name\":\"Onlinezeitung AmericanRebel\",\"description\":\"Internationale Onlinezeitung f\\u00fcr Frieden, Humanismus, V\\u00f6lkerverst\\u00e4ndigung und Kultur\",\"potentialAction\":[{\"@type\":\"SearchAction\",\"target\":{\"@type\":\"EntryPoint\",\"urlTemplate\":\"https:\/\/www.deanreed.de\/AmericanRebel\/2017\/?s={search_term_string}\"},\"query-input\":\"required name=search_term_string\"}],\"inLanguage\":\"de\"},{\"@type\":\"ImageObject\",\"@id\":\"http:\/\/www.deanreed.de\/AmericanRebel\/2017\/2021\/06\/21\/wochenrueckblick-24-kw-2021\/#primaryimage\",\"inLanguage\":\"de\",\"url\":\"https:\/\/www.deanreed.de\/AmericanRebel\/2017\/wp-content\/uploads\/2020\/12\/3-Kopie.png\",\"contentUrl\":\"https:\/\/www.deanreed.de\/AmericanRebel\/2017\/wp-content\/uploads\/2020\/12\/3-Kopie.png\",\"width\":640,\"height\":460},{\"@type\":\"WebPage\",\"@id\":\"http:\/\/www.deanreed.de\/AmericanRebel\/2017\/2021\/06\/21\/wochenrueckblick-24-kw-2021\/#webpage\",\"url\":\"http:\/\/www.deanreed.de\/AmericanRebel\/2017\/2021\/06\/21\/wochenrueckblick-24-kw-2021\/\",\"name\":\"- Wochenr\\u00fcckblick 24. KW. 2021 &ndash; Onlinezeitung AmericanRebel\",\"isPartOf\":{\"@id\":\"https:\/\/www.deanreed.de\/AmericanRebel\/2017\/#website\"},\"primaryImageOfPage\":{\"@id\":\"http:\/\/www.deanreed.de\/AmericanRebel\/2017\/2021\/06\/21\/wochenrueckblick-24-kw-2021\/#primaryimage\"},\"datePublished\":\"2021-06-20T22:25:04+00:00\",\"dateModified\":\"2021-06-22T12:47:12+00:00\",\"author\":{\"@id\":\"https:\/\/www.deanreed.de\/AmericanRebel\/2017\/#\/schema\/person\/9edfca7917cd10b75edaae51c6e7935a\"},\"breadcrumb\":{\"@id\":\"http:\/\/www.deanreed.de\/AmericanRebel\/2017\/2021\/06\/21\/wochenrueckblick-24-kw-2021\/#breadcrumb\"},\"inLanguage\":\"de\",\"potentialAction\":[{\"@type\":\"ReadAction\",\"target\":[\"http:\/\/www.deanreed.de\/AmericanRebel\/2017\/2021\/06\/21\/wochenrueckblick-24-kw-2021\/\"]}]},{\"@type\":\"BreadcrumbList\",\"@id\":\"http:\/\/www.deanreed.de\/AmericanRebel\/2017\/2021\/06\/21\/wochenrueckblick-24-kw-2021\/#breadcrumb\",\"itemListElement\":[{\"@type\":\"ListItem\",\"position\":1,\"name\":\"Startseite\",\"item\":\"https:\/\/www.deanreed.de\/AmericanRebel\/2017\/\"},{\"@type\":\"ListItem\",\"position\":2,\"name\":\"&#8211; Wochenr\\u00fcckblick 24. KW. 2021\"}]},{\"@type\":\"Person\",\"@id\":\"https:\/\/www.deanreed.de\/AmericanRebel\/2017\/#\/schema\/person\/9edfca7917cd10b75edaae51c6e7935a\",\"name\":\"Redaktion\",\"url\":\"https:\/\/www.deanreed.de\/AmericanRebel\/2017\/author\/redaktion\/\"}]}<\/script>\n<!-- \/ Yoast SEO plugin. -->","yoast_head_json":{"title":"- Wochenr\u00fcckblick 24. KW. 2021 &ndash; Onlinezeitung AmericanRebel","robots":{"index":"index","follow":"follow","max-snippet":"max-snippet:-1","max-image-preview":"max-image-preview:large","max-video-preview":"max-video-preview:-1"},"canonical":"http:\/\/www.deanreed.de\/AmericanRebel\/2017\/2021\/06\/21\/wochenrueckblick-24-kw-2021\/","og_locale":"de_DE","og_type":"article","og_title":"- Wochenr\u00fcckblick 24. KW. 2021 &ndash; Onlinezeitung AmericanRebel","og_description":"Zur\u00fcckblickend auf die letzten Tage sind uns einige kommentierbare Vorkommnisse ins Auge gefallen, die wir hier zur Diskussion stellen.","og_url":"http:\/\/www.deanreed.de\/AmericanRebel\/2017\/2021\/06\/21\/wochenrueckblick-24-kw-2021\/","og_site_name":"Onlinezeitung AmericanRebel","article_published_time":"2021-06-20T22:25:04+00:00","article_modified_time":"2021-06-22T12:47:12+00:00","og_image":[{"width":640,"height":460,"url":"http:\/\/www.deanreed.de\/AmericanRebel\/2017\/wp-content\/uploads\/2020\/12\/3-Kopie.png","type":"image\/png"}],"twitter_card":"summary_large_image","twitter_misc":{"Verfasst von":"Redaktion","Gesch\u00e4tzte Lesezeit":"6\u00a0Minuten"},"schema":{"@context":"https:\/\/schema.org","@graph":[{"@type":"WebSite","@id":"https:\/\/www.deanreed.de\/AmericanRebel\/2017\/#website","url":"https:\/\/www.deanreed.de\/AmericanRebel\/2017\/","name":"Onlinezeitung AmericanRebel","description":"Internationale Onlinezeitung f\u00fcr Frieden, Humanismus, V\u00f6lkerverst\u00e4ndigung und Kultur","potentialAction":[{"@type":"SearchAction","target":{"@type":"EntryPoint","urlTemplate":"https:\/\/www.deanreed.de\/AmericanRebel\/2017\/?s={search_term_string}"},"query-input":"required name=search_term_string"}],"inLanguage":"de"},{"@type":"ImageObject","@id":"http:\/\/www.deanreed.de\/AmericanRebel\/2017\/2021\/06\/21\/wochenrueckblick-24-kw-2021\/#primaryimage","inLanguage":"de","url":"https:\/\/www.deanreed.de\/AmericanRebel\/2017\/wp-content\/uploads\/2020\/12\/3-Kopie.png","contentUrl":"https:\/\/www.deanreed.de\/AmericanRebel\/2017\/wp-content\/uploads\/2020\/12\/3-Kopie.png","width":640,"height":460},{"@type":"WebPage","@id":"http:\/\/www.deanreed.de\/AmericanRebel\/2017\/2021\/06\/21\/wochenrueckblick-24-kw-2021\/#webpage","url":"http:\/\/www.deanreed.de\/AmericanRebel\/2017\/2021\/06\/21\/wochenrueckblick-24-kw-2021\/","name":"- Wochenr\u00fcckblick 24. KW. 2021 &ndash; Onlinezeitung AmericanRebel","isPartOf":{"@id":"https:\/\/www.deanreed.de\/AmericanRebel\/2017\/#website"},"primaryImageOfPage":{"@id":"http:\/\/www.deanreed.de\/AmericanRebel\/2017\/2021\/06\/21\/wochenrueckblick-24-kw-2021\/#primaryimage"},"datePublished":"2021-06-20T22:25:04+00:00","dateModified":"2021-06-22T12:47:12+00:00","author":{"@id":"https:\/\/www.deanreed.de\/AmericanRebel\/2017\/#\/schema\/person\/9edfca7917cd10b75edaae51c6e7935a"},"breadcrumb":{"@id":"http:\/\/www.deanreed.de\/AmericanRebel\/2017\/2021\/06\/21\/wochenrueckblick-24-kw-2021\/#breadcrumb"},"inLanguage":"de","potentialAction":[{"@type":"ReadAction","target":["http:\/\/www.deanreed.de\/AmericanRebel\/2017\/2021\/06\/21\/wochenrueckblick-24-kw-2021\/"]}]},{"@type":"BreadcrumbList","@id":"http:\/\/www.deanreed.de\/AmericanRebel\/2017\/2021\/06\/21\/wochenrueckblick-24-kw-2021\/#breadcrumb","itemListElement":[{"@type":"ListItem","position":1,"name":"Startseite","item":"https:\/\/www.deanreed.de\/AmericanRebel\/2017\/"},{"@type":"ListItem","position":2,"name":"&#8211; Wochenr\u00fcckblick 24. KW. 2021"}]},{"@type":"Person","@id":"https:\/\/www.deanreed.de\/AmericanRebel\/2017\/#\/schema\/person\/9edfca7917cd10b75edaae51c6e7935a","name":"Redaktion","url":"https:\/\/www.deanreed.de\/AmericanRebel\/2017\/author\/redaktion\/"}]}},"_links":{"self":[{"href":"https:\/\/www.deanreed.de\/AmericanRebel\/2017\/wp-json\/wp\/v2\/posts\/27834"}],"collection":[{"href":"https:\/\/www.deanreed.de\/AmericanRebel\/2017\/wp-json\/wp\/v2\/posts"}],"about":[{"href":"https:\/\/www.deanreed.de\/AmericanRebel\/2017\/wp-json\/wp\/v2\/types\/post"}],"author":[{"embeddable":true,"href":"https:\/\/www.deanreed.de\/AmericanRebel\/2017\/wp-json\/wp\/v2\/users\/2"}],"replies":[{"embeddable":true,"href":"https:\/\/www.deanreed.de\/AmericanRebel\/2017\/wp-json\/wp\/v2\/comments?post=27834"}],"version-history":[{"count":13,"href":"https:\/\/www.deanreed.de\/AmericanRebel\/2017\/wp-json\/wp\/v2\/posts\/27834\/revisions"}],"predecessor-version":[{"id":27850,"href":"https:\/\/www.deanreed.de\/AmericanRebel\/2017\/wp-json\/wp\/v2\/posts\/27834\/revisions\/27850"}],"wp:attachment":[{"href":"https:\/\/www.deanreed.de\/AmericanRebel\/2017\/wp-json\/wp\/v2\/media?parent=27834"}],"wp:term":[{"taxonomy":"category","embeddable":true,"href":"https:\/\/www.deanreed.de\/AmericanRebel\/2017\/wp-json\/wp\/v2\/categories?post=27834"},{"taxonomy":"post_tag","embeddable":true,"href":"https:\/\/www.deanreed.de\/AmericanRebel\/2017\/wp-json\/wp\/v2\/tags?post=27834"}],"curies":[{"name":"wp","href":"https:\/\/api.w.org\/{rel}","templated":true}]}}