{"id":27784,"date":"2021-06-14T00:10:17","date_gmt":"2021-06-13T22:10:17","guid":{"rendered":"http:\/\/www.deanreed.de\/AmericanRebel\/2017\/?p=27784"},"modified":"2021-06-22T14:43:56","modified_gmt":"2021-06-22T12:43:56","slug":"wochenrueckblick-23-kw-2021","status":"publish","type":"post","link":"https:\/\/www.deanreed.de\/AmericanRebel\/2017\/2021\/06\/14\/wochenrueckblick-23-kw-2021\/","title":{"rendered":"&#8211; Wochenr\u00fcckblick 23. KW. 2021"},"content":{"rendered":"<p><img loading=\"lazy\" class=\"wp-image-26025 aligncenter\" src=\"http:\/\/www.deanreed.de\/AmericanRebel\/2017\/wp-content\/uploads\/2020\/10\/AR_WR_2-300x75.png\" alt=\"\" width=\"676\" height=\"169\" srcset=\"https:\/\/www.deanreed.de\/AmericanRebel\/2017\/wp-content\/uploads\/2020\/10\/AR_WR_2-300x75.png 300w, https:\/\/www.deanreed.de\/AmericanRebel\/2017\/wp-content\/uploads\/2020\/10\/AR_WR_2.png 700w\" sizes=\"(max-width: 676px) 100vw, 676px\" \/><\/p>\n<p style=\"text-align: justify;\"><span style=\"font-family: verdana, geneva, sans-serif; color: #993300; font-size: 14pt;\"><strong>Zur\u00fcckblickend auf die letzten Tage sind uns einige kommentierbare Vorkommnisse ins Auge gefallen, die wir hier zur Diskussion stellen.<\/strong><\/span><br \/>\n<span style=\"font-family: verdana, geneva, sans-serif; font-size: 12pt;\"><span style=\"color: #000000;\">(Kommis bitte unten eintragen!)<\/span><br \/>\n<span style=\"color: #ffffff;\">.<\/span><span style=\"color: #ffffff;\">.<br \/>\n<span style=\"color: #000000;\"><strong><span style=\"color: #ffffff;\">.<\/span><br \/>\n<\/strong><\/span><\/span><span style=\"font-size: 14pt;\"><span style=\"color: #000000;\"><strong>7. Juni | <\/strong><\/span><strong>Neue Anklageschrift f\u00fcr HDP-Verbot<\/strong><\/span><\/span><\/p>\n<p style=\"text-align: justify;\"><img loading=\"lazy\" class=\"wp-image-27776 aligncenter\" src=\"http:\/\/www.deanreed.de\/AmericanRebel\/2017\/wp-content\/uploads\/2021\/06\/drr-300x81.png\" alt=\"\" width=\"667\" height=\"180\" srcset=\"https:\/\/www.deanreed.de\/AmericanRebel\/2017\/wp-content\/uploads\/2021\/06\/drr-300x81.png 300w, https:\/\/www.deanreed.de\/AmericanRebel\/2017\/wp-content\/uploads\/2021\/06\/drr.png 666w\" sizes=\"(max-width: 667px) 100vw, 667px\" \/><span style=\"font-family: verdana, geneva, sans-serif; font-size: 12pt;\">Der Generalstaatsanwalt am t\u00fcrkischen Kassationshof hat beim Verfassungsgericht in Ankara einen neuen Verbotsantrag gegen die Demokratische Partei der V\u00f6lker (HDP) eingereicht. Die Anklage setzt die HDP mit der Arbeiterpartei Kurdistans (PKK) gleich und wirft ihr vor, die \u201eunteilbare Integrit\u00e4t des t\u00fcrkischen Staates\u201c zu untergraben.<\/span><br \/>\n<span style=\"font-family: verdana, geneva, sans-serif; font-size: 12pt;\"><span style=\"color: #ffffff;\">&#8230;<\/span>Ende M\u00e4rz war eine erste Version des Antrags bem\u00e4ngelt und zur\u00fcckgegeben worden. Die Verfassungsrichter wiesen die Generalstaatsanwaltschaft an, die Anklageschrift zu \u00fcberarbeiten und erneut einzureichen. Damit folgten sie der Empfehlung eines Berichterstatters, der die Anklage zuvor begutachtet und Formfehler festgestellt hatte. Bem\u00e4ngelt worden war unter anderem, dass personenbezogene Daten und Berufsbezeichnungen in der Anklage fehlerhaft angegeben wurden und einige der HDP-Politiker:innen, f\u00fcr die ein Politikverbot gefordert wird, bereits gestorben sind. Zudem sei kein ausreichender Zusammenhang zwischen den tats\u00e4chlichen Aktivit\u00e4ten der Parteiorgane und den Anschuldigungen hergestellt worden.<\/span><br \/>\n<a href=\"https:\/\/anfdeutsch.com\/aktuelles\/neue-anklageschrift-fur-hdp-verbot-26627\" target=\"_blank\" rel=\"noopener\"><em><span style=\"font-family: verdana, geneva, sans-serif; font-size: 12pt;\">Mehr dazu auf \u00bbANF-news\u00ab<\/span><\/em><\/a><br \/>\n<span style=\"font-family: verdana, geneva, sans-serif; font-size: 12pt;\"><span style=\"color: #ffffff;\">.<\/span><br \/>\n<span style=\"color: #ffffff;\">.<\/span><br \/>\n<span style=\"color: #ffffff;\"><span style=\"color: #000000; font-size: 14pt;\"><strong>7. Juni |<\/strong> <\/span><\/span><strong><span style=\"font-size: 14pt;\">Der Gro\u00dfteil der erwerbslosen Menschen<br \/>\nwird abgeschrieben: 2020 gab es nur f\u00fcr<br \/>\n3,2 Prozent von ihnen eine Weiterbildung<\/span><\/strong><\/span><\/p>\n<p style=\"text-align: justify;\"><span style=\"font-family: verdana, geneva, sans-serif; font-size: 12pt;\"><img loading=\"lazy\" class=\"wp-image-27775 aligncenter\" src=\"http:\/\/www.deanreed.de\/AmericanRebel\/2017\/wp-content\/uploads\/2021\/06\/Fotolia_57336967_M-300x81.jpg\" alt=\"\" width=\"667\" height=\"180\" srcset=\"https:\/\/www.deanreed.de\/AmericanRebel\/2017\/wp-content\/uploads\/2021\/06\/Fotolia_57336967_M-300x81.jpg 300w, https:\/\/www.deanreed.de\/AmericanRebel\/2017\/wp-content\/uploads\/2021\/06\/Fotolia_57336967_M.jpg 666w\" sizes=\"(max-width: 667px) 100vw, 667px\" \/>Das Hartz-System mit seinen Grundpfeilern \u201eFordern und F\u00f6rdern\u201c hat sich immer weiter vom F\u00f6rdern verabschiedet. Die erwerbslosen Menschen werden fast nur noch verwaltet und m\u00fcssen sich der Verfolgungsbetreuung unterwerfen. Ein wichtiger Baustein des F\u00f6rderns sollte urspr\u00fcnglich die berufliche Weiterbildung sein.<\/span><br \/>\n<span style=\"font-family: verdana, geneva, sans-serif; font-size: 12pt;\"><span style=\"color: #ffffff;\">&#8230;<\/span>Noch zum Jahresbeginn 2019 trat das \u201eQualifizierungschancengesetz\u201c (QCG) in Kraft. Das Gesetz hatte das Ziel, die berufliche Weiterbildung der Bundesagentur f\u00fcr Arbeit (BA) auszubauen. Die F\u00f6rderm\u00f6glichkeiten des QCG wurden w\u00e4hrend der Corona-Pandemie im Oktober 2020 durch das \u201eArbeit-von-morgen-Gesetz\u201c noch einmal erweitert.<\/span><br \/>\n<span style=\"font-family: verdana, geneva, sans-serif; font-size: 12pt;\"><a href=\"https:\/\/gewerkschaftsforum.de\/der-grossteil-der-erwerbslosen-menschen-wird-abgeschrieben-2020-gab-es-nur-fuer-32-prozent-von-ihnen-eine-weiterbildung\/#more-10826\" target=\"_blank\" rel=\"noopener\"><em>Gefunden auf \u00bbgewerkschaftsorum.de&#8220;, Quelle: Redaktions-Netzwerk Deutschland (RND)-rnd.de, BA Bild:Paulussen\/fotolia cco<\/em><\/a><\/span><br \/>\n<span style=\"color: #ffffff;\">.<\/span><br \/>\n<span style=\"color: #ffffff;\">.<\/span><br \/>\n<span style=\"font-family: verdana, geneva, sans-serif; font-size: 14pt;\"><strong>7. Juni | Polizei behindert Presse massiv bei ihrer Arbeit<\/strong><\/span><\/p>\n<p style=\"text-align: justify;\"><span style=\"font-family: verdana, geneva, sans-serif; font-size: 12pt;\"><img loading=\"lazy\" class=\"wp-image-27778 aligncenter\" src=\"http:\/\/www.deanreed.de\/AmericanRebel\/2017\/wp-content\/uploads\/2021\/06\/aa-300x81.png\" alt=\"\" width=\"667\" height=\"180\" srcset=\"https:\/\/www.deanreed.de\/AmericanRebel\/2017\/wp-content\/uploads\/2021\/06\/aa-300x81.png 300w, https:\/\/www.deanreed.de\/AmericanRebel\/2017\/wp-content\/uploads\/2021\/06\/aa.png 666w\" sizes=\"(max-width: 667px) 100vw, 667px\" \/>Journalistinnen und Journalisten, die am Samstag, 5. Juni, \u00fcber Protestaktionen von A 100-Gegnern in Neuk\u00f6lln und Treptow berichten wollten, sind in den fr\u00fchen Morgenstunden massiv von Berliner und Bundes-Polizei bei ihrer Arbeit behindert worden. Nach Angaben von Renate Gensch, der Landesvorsitzenden der Deutsche Journalistinnen- und Journalisten-Union (dju) in Verdi Berlin-Brandenburg, wurden zw\u00f6lf JournalistInnen von der Polizei teilweise eingekesselt, in Gewahrsam genommen und erhielten Anzeigen wegen Hausfriedensbruchs und Platzverweise. Die dju protestiert gegen eine \u201eklare Behinderung der Pressefreiheit!\u201c.<\/span><br \/>\n<span style=\"font-family: verdana, geneva, sans-serif; font-size: 12pt;\"><a href=\"https:\/\/beobachternews.de\/2021\/06\/07\/polizei-behindert-presse-massiv-bei-ihrer-arbeit\/\" target=\"_blank\" rel=\"noopener\"><em>\u00bbbeobachter-news\u00ab berichtete ausf\u00fchrlich<\/em><\/a><\/span><span style=\"font-family: verdana, geneva, sans-serif; font-size: 12pt; color: #ffffff;\"><span style=\"color: #000000;\"> <div class=\"hide-this-part-wrap\"><div class=\"hide-this-part-more\" id=\"hide-this-part-0\" morelink-text=\"hier geht es weiter\">hier geht es weiter \u00bb<\/div><div class=\"hide-this-part\" status=\"invisible\"><\/span><\/span><\/p>\n<p><span style=\"font-family: verdana, geneva, sans-serif; font-size: 14pt;\"><strong>7. Juni | <span style=\"font-size: 14pt;\">Mitglied werden!<\/span><\/strong><\/span><\/p>\n<p style=\"text-align: justify;\"><span style=\"font-family: verdana, geneva, sans-serif; font-size: 12pt; color: #ffffff;\"><span style=\"color: #000000;\"><span style=\"font-family: verdana, geneva, sans-serif; font-size: 12pt;\"><img loading=\"lazy\" class=\"wp-image-27782 aligncenter\" src=\"http:\/\/www.deanreed.de\/AmericanRebel\/2017\/wp-content\/uploads\/2021\/06\/RHD-300x81.png\" alt=\"\" width=\"667\" height=\"180\" srcset=\"https:\/\/www.deanreed.de\/AmericanRebel\/2017\/wp-content\/uploads\/2021\/06\/RHD-300x81.png 300w, https:\/\/www.deanreed.de\/AmericanRebel\/2017\/wp-content\/uploads\/2021\/06\/RHD.png 666w\" sizes=\"(max-width: 667px) 100vw, 667px\" \/>Eine Mitgliedschaft in der Roten Hilfe (RH) hilft unrerer Solidatit\u00e4tsarbeit sehr, da die RH nur durch die regelm\u00e4\u00dfigen Beitragszahlungen ihrer Mitglieder kontinuierliche Antirepressionsarbeit erm\u00f6glichen kann und somit nicht auf ein schwankendes und schwer vorhersehbares Spendenaufkommen angewiesen sind. Wenn du Mitglied werden m\u00f6chtest, dann bitte folgendes Beitrittsformular ausdrucken und unterschrieben an die angegebene Adresse einsenden oder das <a style=\"color: #000000;\" href=\"https:\/\/www.rote-hilfe.de\/online-mitglied-werden\">Online-Formular<\/a> verwenden. Mitglieder erhalten die 4 x im Jahr erscheinende \u00bbRote Hilfe Zeitung\u00ab kostenlos im Abo.<\/span><br \/>\n<span style=\"font-family: verdana, geneva, sans-serif; font-size: 12pt;\"><a href=\"https:\/\/www.rote-hilfe.de\/aktiv-werden\/mitglied-werden\" target=\"_blank\" rel=\"noopener\"><em>Mehr dazu hier<\/em><\/a><\/span><br \/>\n<\/span>.<br \/>\n.<\/span><br \/>\n<span style=\"font-family: verdana, geneva, sans-serif; font-size: 12pt;\"><strong><span style=\"font-size: 14pt;\">7. Juni |<\/span><\/strong> <strong><span style=\"font-size: 14pt;\">Die Zahl der Feminizide steigt weltweit<\/span> <\/strong><\/span><img loading=\"lazy\" class=\"wp-image-27777 aligncenter\" src=\"http:\/\/www.deanreed.de\/AmericanRebel\/2017\/wp-content\/uploads\/2021\/06\/sdd-300x81.jpg\" alt=\"\" width=\"667\" height=\"180\" srcset=\"https:\/\/www.deanreed.de\/AmericanRebel\/2017\/wp-content\/uploads\/2021\/06\/sdd-300x81.jpg 300w, https:\/\/www.deanreed.de\/AmericanRebel\/2017\/wp-content\/uploads\/2021\/06\/sdd.jpg 666w\" sizes=\"(max-width: 667px) 100vw, 667px\" \/><span style=\"font-family: verdana, geneva, sans-serif; font-size: 12pt;\">Auch wenn die Zahl der Morde global r\u00fcckl\u00e4ufig ist, bleibt die Zahl der Morde an Frauen weltweit nahezu konstant. Nach Sch\u00e4tzungen der Vereinten Nationen werden weltweit t\u00e4glich 137 Frauen von einem Familienmitglied oder (Ex-)Partner get\u00f6tet. Das entspricht rund 60 Prozent aller get\u00f6teten Frauen weltweit. Die sogenannten Feminizide ziehen sich durch alle Altersgruppen, Bildungs-, und Gesellschaftsschichten, Beziehungsarten und Kulturen. Feminizid beschreibt die gesellschaftlichen und politischen Strukturen, in die Frauenmorde eingebettet sind und bezieht eine direkte Verantwortung des Staates ein.<br \/>\n<\/span><a href=\"https:\/\/yenihayat.de\/2021\/06\/05\/die-zahl-der-feminizide-steigt-weltweit\/\" target=\"_blank\" rel=\"noopener\"><em><span style=\"font-family: verdana, geneva, sans-serif; font-size: 12pt;\">Sevinc S\u00f6nmez berichtete auf \u00bbYeniHayat-NeuesLeben\u00ab<\/span><\/em><\/a><strong><br \/>\n<\/strong><span style=\"font-family: verdana, geneva, sans-serif; font-size: 12pt;\"><span style=\"color: #ffffff;\">.<\/span><br \/>\n<span style=\"color: #ffffff;\">.<\/span><br \/>\n<span style=\"font-size: 14pt;\"><strong>8. Juni | <\/strong><strong>Leuchtturmprojekt auf der Kippe<\/strong><\/span><\/span><\/p>\n<p style=\"text-align: justify;\"><span style=\"font-family: verdana, geneva, sans-serif; font-size: 12pt;\"><img loading=\"lazy\" class=\"wp-image-27774 aligncenter\" src=\"http:\/\/www.deanreed.de\/AmericanRebel\/2017\/wp-content\/uploads\/2021\/06\/ertt-300x81.png\" alt=\"\" width=\"667\" height=\"180\" srcset=\"https:\/\/www.deanreed.de\/AmericanRebel\/2017\/wp-content\/uploads\/2021\/06\/ertt-300x81.png 300w, https:\/\/www.deanreed.de\/AmericanRebel\/2017\/wp-content\/uploads\/2021\/06\/ertt.png 666w\" sizes=\"(max-width: 667px) 100vw, 667px\" \/>Es gilt als das derzeit wichtigste R\u00fcstungsprojekt in Europa, das Luftkampfsystem der Zukunft (Future Combat Air System, FCAS). Dabei handelt es sich um ein von Frankreich und Deutschland vorangetriebenes Vorhaben mit Spanien als Juniorpartner, in dessen Zentrum die Entwicklung eines Kampfjets der 6. Generation steht, der von bewaffneten und unbewaffneten Drohnen begleitet werden soll. Als Leuchtturmprojekt f\u00fcr den Aufbau eines europ\u00e4ischen R\u00fcstungssektors unter deutsch-franz\u00f6sischer Dominanz genie\u00dft das FCAS auch politisch hohe Priorit\u00e4t, es erf\u00e4hrt aber aktuell dennoch massiven Gegenwind.<br \/>\n<a href=\"http:\/\/www.imi-online.de\/2021\/06\/08\/leuchtturmprojekt-auf-der-kippe\/\" target=\"_blank\" rel=\"noopener\"><em>J\u00fcrgen Wagner berichtete u. a. auf IMI-Analyse 2021\/27<\/em><\/a><\/span><br \/>\n<span style=\"font-family: verdana, geneva, sans-serif; font-size: 12pt;\"><span style=\"color: #ffffff;\">.<\/span><br \/>\n<span style=\"color: #ffffff;\">.<\/span><\/span><span style=\"font-family: verdana, geneva, sans-serif; font-size: 12pt;\"><br \/>\n<strong><span style=\"font-size: 14pt;\">8. Juni | <\/span><\/strong><\/span><strong><span class=\"article_title\" style=\"font-family: verdana, geneva, sans-serif; font-size: 14pt;\">500 Fahrradfahrer\/innen<br \/>\nprotestierten auf der geplanten A39<\/span><\/strong><\/p>\n<p style=\"text-align: justify;\"><img loading=\"lazy\" class=\"wp-image-27780 aligncenter\" src=\"http:\/\/www.deanreed.de\/AmericanRebel\/2017\/wp-content\/uploads\/2021\/06\/r566-300x81.jpg\" alt=\"\" width=\"667\" height=\"180\" srcset=\"https:\/\/www.deanreed.de\/AmericanRebel\/2017\/wp-content\/uploads\/2021\/06\/r566-300x81.jpg 300w, https:\/\/www.deanreed.de\/AmericanRebel\/2017\/wp-content\/uploads\/2021\/06\/r566.jpg 666w\" sizes=\"(max-width: 667px) 100vw, 667px\" \/><span style=\"font-family: verdana, geneva, sans-serif; font-size: 12pt;\">500 Fahrradfahrer\/innen protestierten heute in L\u00fcneburg auf der geplanten A39 gegen den Bau der Autobahn. Im Rahmen der denzentralen Aktionstage f\u00fcr eine soziale und klimagerechte Mobilit\u00e4tswende fanden dieses Wochenende bundesweit \u00fcber 74 Aktionen gegen den Bau neuer Autobahnen und die am motorisierten Individualverkehr ausgerichtete Verkehrspolitik statt. Am gestrigen Samstag demonstrierten bereits 430 Personen zwischen Braunschweig und Wolfsburg mit einer Fahrraddemonstration gegen den Bau der A39.<br \/>\n<a href=\"https:\/\/www.untergrund-bl\u00e4ttle.ch\/gesellschaft\/oekologie\/autobahn-a39-fahrraddemonstration-6465.html\" target=\"_blank\" rel=\"noopener\"><em>Mehr dar\u00fcber weis das \u00bbUntergrundbl\u00e4ttle\u00ab zu berichten.<\/em><\/a><br \/>\n<span style=\"color: #ffffff;\">.<\/span><br \/>\n<span style=\"color: #ffffff;\">.<\/span><br \/>\n<span style=\"font-size: 14pt;\"><strong>7. Juni | 100 Milliarden f\u00fcr Luftwaffensystem \u2013<\/strong><\/span><\/span><br \/>\n<span style=\"font-size: 14pt;\"><strong><span style=\"font-family: verdana, geneva, sans-serif;\">Verteidigungsministerium sieht \u201esignifikantes Risiko\u201c<\/span><\/strong><\/span><\/p>\n<p style=\"text-align: justify;\"><span style=\"font-family: verdana, geneva, sans-serif; font-size: 12pt;\"><img loading=\"lazy\" class=\"wp-image-27779 aligncenter\" src=\"http:\/\/www.deanreed.de\/AmericanRebel\/2017\/wp-content\/uploads\/2021\/06\/errt-300x81.jpg\" alt=\"\" width=\"667\" height=\"180\" srcset=\"https:\/\/www.deanreed.de\/AmericanRebel\/2017\/wp-content\/uploads\/2021\/06\/errt-300x81.jpg 300w, https:\/\/www.deanreed.de\/AmericanRebel\/2017\/wp-content\/uploads\/2021\/06\/errt.jpg 666w\" sizes=\"(max-width: 667px) 100vw, 667px\" \/>In der \u00d6ffentlichkeit ist es kaum bekannt, dabei wird es die Steuerzahler:innen in Deutschland, Frankreich und Spanien bis zu 300 Milliarden Euro kosten: Das R\u00fcstungsprogramm \u201eFuture Combat Air System\u201c. Doch interne Unterlagen aus der Bundeswehr warnen schon jetzt davor, dass das Waffensystem bei Einsatz ab 2040 veraltet sein k\u00f6nnte. Trotzdem treibt es die Bundesregierung voran.<\/span><br \/>\n<a href=\"https:\/\/rotermorgen.eu\/100-milliarden-fuer-luftwaffensystem-verteidigungsministerium-sieht-signifikantes-risiko\/\" target=\"_blank\" rel=\"noopener\"><span style=\"font-family: verdana, geneva, sans-serif; font-size: 12pt;\"><em>\u00bbRoterMorgen\u00ab berichtete<\/em><\/span><\/a><br \/>\n<span style=\"font-family: verdana, geneva, sans-serif; font-size: 12pt; color: #ffffff;\">.<\/span><br \/>\n<span style=\"font-size: 14pt;\"><strong><span style=\"font-family: verdana, geneva, sans-serif; color: #ffffff;\">.<\/span><\/strong><\/span><br \/>\n<span style=\"font-size: 14pt;\"><strong><span style=\"font-family: verdana, geneva, sans-serif;\">9. Juni | \u201eFulda stellt sich quer\u201c wehrt sich<br \/>\ngegen die Einsch\u00fcchterungsversuche der AfD<\/span><\/strong><\/span><\/p>\n<div class=\"\" data-block=\"true\" data-editor=\"7504f\" data-offset-key=\"bsm8h-0-0\">\n<div class=\"public-DraftStyleDefault-block public-DraftStyleDefault-ltr\" style=\"text-align: justify;\" data-offset-key=\"bsm8h-0-0\"><span style=\"font-family: verdana, geneva, sans-serif; font-size: 12pt;\"><img loading=\"lazy\" class=\"wp-image-27781 aligncenter\" src=\"http:\/\/www.deanreed.de\/AmericanRebel\/2017\/wp-content\/uploads\/2021\/06\/1-Kopie-300x81.png\" alt=\"\" width=\"667\" height=\"180\" srcset=\"https:\/\/www.deanreed.de\/AmericanRebel\/2017\/wp-content\/uploads\/2021\/06\/1-Kopie-300x81.png 300w, https:\/\/www.deanreed.de\/AmericanRebel\/2017\/wp-content\/uploads\/2021\/06\/1-Kopie.png 666w\" sizes=\"(max-width: 667px) 100vw, 667px\" \/>Der Verein \u201eFulda stellt sich quer\u201c (FSSQ) wird Widerspruch gegen eine Abmahnung des AfD-Kreisgesch\u00e4ftsf\u00fchrers Pierre Lamely einlegen. Dies erkl\u00e4rte das B\u00fcndnis \u00fcber ihren Pressesprecher Steffen Eckel.<br \/>\n<em><a href=\"https:\/\/rotermorgen.eu\/fulda-stellt-sich-quer-wehrt-sich-gegen-die-einschuechterungsversuche-der-afd\/\" target=\"_blank\" rel=\"noopener\">RoterMorgen berichtete<\/a><\/em><br \/>\n<span style=\"color: #ffffff;\">.<\/span><\/span><br \/>\n<span style=\"font-family: verdana, geneva, sans-serif; font-size: 12pt;\"><span style=\"font-family: verdana, geneva, sans-serif; font-size: 12pt;\"><span style=\"color: #ffffff;\">.<\/span><br \/>\n<strong><span style=\"font-size: 14pt;\">9. Juli |<\/span><\/strong><\/span><\/span> <span style=\"font-size: 14pt;\"><strong><span style=\"font-family: verdana, geneva, sans-serif;\">Arbeitende Sch\u00fcler \u2013 prek\u00e4r, \u00fcberlastet, ausgebeutet<\/span><\/strong><\/span><span style=\"font-family: verdana, geneva, sans-serif; font-size: 12pt;\"><strong><br \/>\n<\/strong><img loading=\"lazy\" class=\"wp-image-27792 aligncenter\" src=\"http:\/\/www.deanreed.de\/AmericanRebel\/2017\/wp-content\/uploads\/2021\/06\/2-Kopie-5_phixr-300x81.png\" alt=\"\" width=\"667\" height=\"180\" srcset=\"https:\/\/www.deanreed.de\/AmericanRebel\/2017\/wp-content\/uploads\/2021\/06\/2-Kopie-5_phixr-300x81.png 300w, https:\/\/www.deanreed.de\/AmericanRebel\/2017\/wp-content\/uploads\/2021\/06\/2-Kopie-5_phixr.png 666w\" sizes=\"(max-width: 667px) 100vw, 667px\" \/>Die meisten Sch\u00fcler\/innen geben sich, sobald sie ein gewisses Alter erreicht haben, nicht mehr mit ihrem Taschengeld zufrieden. Ab der zehnten Klasse gibt es sehr viele Leute, die sich einen Job als Apothekendienst oder im Eiscaf\u00e9 besorgen und zweimal die Woche nach der Schule arbeiten, um sich etwas Geld dazuzuverdienen. Besonders Sch\u00fcler aus Familien mit niedrigen Einkommen, die ihren Kindern kein oder sehr wenig eigenes Geld zur Verf\u00fcgung stellen k\u00f6nnen, suchen sich h\u00e4ufig fr\u00fch einen Nebenverdienst. Laut Sch\u00e4tzung des Deutschen Kinderhilfswerks hat bundesweit mindestens ein Drittel aller Kinder ab 13 Jahren einen Nebenjob und arbeitet im Schnitt mehr als drei Stunden pro Woche. Knapp 30 Prozent der Jugendlichen arbeiten sechs bis zehn Stunden pro Woche in einem Nebenjob, so das Statistik-Portal Statista.<br \/>\n<a href=\"https:\/\/www.arbeit-zukunft.de\/2021\/06\/09\/arbeitende-schueler-prekaer-ueberlastet-ausgebeutet\/#more-8578\" target=\"_blank\" rel=\"noopener\"><em>\u00bbArbeit Zukunft\u00ab berichtete ausf\u00fchrlich<\/em><\/a><\/span><br \/>\n<span style=\"font-family: verdana, geneva, sans-serif; font-size: 12pt; color: #ffffff;\">.<\/span><br \/>\n<span style=\"font-family: verdana, geneva, sans-serif; font-size: 12pt; color: #ffffff;\">.<\/span><span style=\"font-family: verdana, geneva, sans-serif; font-size: 12pt;\"><br \/>\n<span style=\"font-size: 14pt;\"><strong>11. Juni | Erinnerung an meine Mitgliedschaft in einer antidemokratischen Partei<\/strong><\/span><\/span><br \/>\n<span class=\"d2edcug0 hpfvmrgz qv66sw1b c1et5uql oi732d6d ik7dh3pa ht8s03o8 jq4qci2q a3bd9o3v knj5qynh oo9gr5id\" style=\"font-family: verdana, geneva, sans-serif; font-size: 12pt;\"><img loading=\"lazy\" class=\"wp-image-27783 aligncenter\" src=\"http:\/\/www.deanreed.de\/AmericanRebel\/2017\/wp-content\/uploads\/2021\/06\/1-Kopie-2-1-300x81.png\" alt=\"\" width=\"667\" height=\"180\" srcset=\"https:\/\/www.deanreed.de\/AmericanRebel\/2017\/wp-content\/uploads\/2021\/06\/1-Kopie-2-1-300x81.png 300w, https:\/\/www.deanreed.de\/AmericanRebel\/2017\/wp-content\/uploads\/2021\/06\/1-Kopie-2-1.png 666w\" sizes=\"(max-width: 667px) 100vw, 667px\" \/>Soeben noch Kundgebungen gegen die AfD organisiert \u2013 schon abgew\u00e4hlt und rausgeschmissen. \u2013 Die \u201eGenossen\u201c vom Kreisverband DIE LINKE. Niederbayern Mitte haben das, wie in der bayerischen Partei DIE LINKE. \u00fcblich, auf ihre eigene antidemokratische Art und Weise durchgezogen. \u2013 Der Grund: Ich hatte mir in meiner Rede auf dem Deggendorfer Stadtplatz erlaubt, die Mitverantwortung der SPD f\u00fcr den Aufstieg der AfD zu thematisieren.<br \/>\n<em><a href=\"http:\/\/www.deanreed.de\/AmericanRebel\/2017\/?p=15038\" target=\"_blank\" rel=\"noopener\">Volkskorrespondent<\/a> <span class=\"d2edcug0 hpfvmrgz qv66sw1b c1et5uql oi732d6d ik7dh3pa ht8s03o8 a8c37x1j keod5gw0 nxhoafnm aigsh9s9 embtmqzv fe6kdd0r mau55g9w c8b282yb h6olsfn3 mhxlubs3 p5u9llcw hnhda86s oo9gr5id oqcyycmt\" dir=\"auto\">Heinz Michael Vilsmeier<\/span><\/em> <em>berichtete u. a. auf \u00bbAmericanRebel\u00ab<\/em><\/span><br \/>\n<span style=\"font-family: verdana, geneva, sans-serif; font-size: 12pt; color: #ffffff;\">.<\/span><br \/>\n<span style=\"font-family: verdana, geneva, sans-serif; font-size: 12pt;\"><span style=\"color: #ffffff;\">.<\/span><br \/>\n<\/span><span style=\"font-family: verdana, geneva, sans-serif; font-size: 12pt;\"><strong><span style=\"font-size: 14pt;\">1. Februar | \u00bbJUMP UP\u00ab F\u00fcr eine Welt<br \/>\n<\/span><\/strong><\/span><span style=\"font-family: verdana, geneva, sans-serif; font-size: 12pt;\"><strong><span style=\"font-size: 14pt;\">ohne Ausbeutung und Unterdr\u00fcckung!<\/span><br \/>\n<\/strong><\/span><\/div>\n<div class=\"public-DraftStyleDefault-block public-DraftStyleDefault-ltr\" style=\"text-align: justify;\" data-offset-key=\"bsm8h-0-0\">\n<p><span style=\"font-family: verdana, geneva, sans-serif; font-size: 12pt;\"><img loading=\"lazy\" class=\"wp-image-27773 aligncenter\" src=\"http:\/\/www.deanreed.de\/AmericanRebel\/2017\/wp-content\/uploads\/2021\/06\/jump-300x81.png\" alt=\"\" width=\"667\" height=\"180\" srcset=\"https:\/\/www.deanreed.de\/AmericanRebel\/2017\/wp-content\/uploads\/2021\/06\/jump-300x81.png 300w, https:\/\/www.deanreed.de\/AmericanRebel\/2017\/wp-content\/uploads\/2021\/06\/jump.png 666w\" sizes=\"(max-width: 667px) 100vw, 667px\" \/>Unser Schwerpunkt ist es, die aus allen Musikrichtungen bestehenden nationalen und internationalen Arbeiterinnen- und Arbeiterlieder zusammenzutragen. Bei uns findet Ihr Smithsonian Folkways aus den USA, Mescal aus Italien, Indigo aus Deutschland und andere Musiklabels. Wir nehmen Kontakt zu allen auf, die Musik als Ausdruck des politischen Willens und der Politischen Aktion begreifen.<\/span><br \/>\n<em><span style=\"font-family: verdana, geneva, sans-serif; font-size: 12pt;\"><a href=\"https:\/\/jumpup.de\/\" target=\"_blank\" rel=\"noopener\">Matthias Henk JUMP UP<\/a><\/span><br \/>\n<span style=\"color: #ffffff;\">.<\/span><br \/>\n<span style=\"color: #ffffff;\">.<\/span><br \/>\n<\/em><span style=\"font-family: verdana, geneva, sans-serif; font-size: 12pt;\"><span style=\"font-family: verdana, geneva, sans-serif; font-size: 12pt;\"><span style=\"font-size: 14pt;\"><strong>13. Juni |<\/strong> <\/span><\/span><span style=\"font-size: 14pt;\"><strong>Im Unruhestand<\/strong><\/span><\/span><\/p>\n<div class=\"public-DraftStyleDefault-block public-DraftStyleDefault-ltr\" style=\"text-align: justify;\" data-offset-key=\"bsm8h-0-0\">\n<p style=\"text-align: justify;\"><span style=\"font-family: verdana, geneva, sans-serif; font-size: 12pt;\"><span style=\"color: #ffffff;\"><span style=\"color: #000000;\"><span style=\"font-family: verdana, geneva, sans-serif; font-size: 12pt;\"><img loading=\"lazy\" class=\"wp-image-27772 aligncenter\" src=\"http:\/\/www.deanreed.de\/AmericanRebel\/2017\/wp-content\/uploads\/2021\/06\/Harry-300x81.png\" alt=\"\" width=\"667\" height=\"180\" srcset=\"https:\/\/www.deanreed.de\/AmericanRebel\/2017\/wp-content\/uploads\/2021\/06\/Harry-300x81.png 300w, https:\/\/www.deanreed.de\/AmericanRebel\/2017\/wp-content\/uploads\/2021\/06\/Harry.png 666w\" sizes=\"(max-width: 667px) 100vw, 667px\" \/>\u201eEin Oberstleutnant der Bundeswehr hat den Mut gehabt, seine berufliche Karriere aufs Spiel zu setzen, um die \u00d6ffentlichkeit auf die von deutschen Politikern und Gener\u00e4len ver\u00fcbten V\u00f6lkerrechtsverbrechen aufmerksam zu machen.\u201c Dieser erste Satz aus dem Klappentext aus dem Buch \u201eAUSGEDIENT\u201c, herausgegeben von Erhard Crome erinnert zun\u00e4chst an Don Quijote Anfang der 17. Jahrhunderts, der im angeblichen Kampf gegen den gn\u00e4digen Herren und die gnadenlosen Maschinen in Gestalt der Windm\u00fchlen anging.<\/span><br \/>\n<a href=\"http:\/\/www.deanreed.de\/AmericanRebel\/2017\/?p=5627\" target=\"_blank\" rel=\"noopener\"><span style=\"font-size: 10pt;\"><em><span style=\"font-family: verdana, geneva, sans-serif;\"><strong>Ausgedient. Die Bundeswehr, die Meinungsfreiheit und die \u201cCausa Rose\u201d, <\/strong>Erhard Crome (Hrsg.), Schkeuditzer Buchverlag, 2016, ISBN 978-3-943931-00-6, In zwei B\u00e4nden, insgesamt 646 Seiten, 30 Euro<\/span><\/em><\/span><\/a><br \/>\n<\/span><\/span><\/span><\/p>\n<p style=\"text-align: center;\"><span style=\"font-family: verdana, geneva, sans-serif; font-size: 12pt;\"><span style=\"color: #ffffff;\"><span style=\"color: #000000;\"><span style=\"font-family: verdana, geneva, sans-serif; font-size: 12pt;\"><span style=\"color: #ffffff;\">.<\/span><br \/>\n____________________________<\/span><\/span><\/span><\/span><\/p>\n<\/div>\n<\/div>\n<div class=\"public-DraftStyleDefault-block public-DraftStyleDefault-ltr\" style=\"text-align: justify;\" data-offset-key=\"bsm8h-0-0\">\n<p style=\"text-align: center;\"><span style=\"font-size: 10pt;\"><span style=\"font-family: verdana, geneva, sans-serif;\">Die Redaktionen<\/span><span style=\"font-family: verdana, geneva, sans-serif;\"><strong><br \/>\n<\/strong>danken den Volkskorrespondenten\/-innen Hosteni, Zeki, Nico,<\/span><\/span><br \/>\n<span style=\"font-family: verdana, geneva, sans-serif; font-size: 10pt;\">KikiRebel, Rui-Filipe, Sascha, Kalle, Heinrich, Klaus, Fiete, Reinhold u. A.<\/span><br \/>\n<span style=\"font-family: verdana, geneva, sans-serif; font-size: 10pt;\">f\u00fcr die Unterst\u00fctzung bei der Erstellung.<strong><br \/>\n<\/strong>Dieser R\u00fcckblick erhebt nicht den Anspruch auf Vollst\u00e4ndigkeit.<\/span><br \/>\n<span style=\"font-family: verdana, geneva, sans-serif; font-size: 10pt;\"><strong>Verlinkte- und mit Namen gekennzeichnete Texte m\u00fcssen<\/strong><\/span><br \/>\n<span style=\"font-family: verdana, geneva, sans-serif; font-size: 10pt;\"><strong>nicht in allen Punkten den Meinungen unserer Redaktionen entsprechen.<br \/>\n<span style=\"color: #ffffff;\">.<\/span><br \/>\n\u00bbWochenr\u00fcckblick\u00ab ist ein Projekt von<\/strong><strong><a href=\"https:\/\/rotermorgen.eu\/8197-2\/\" target=\"_blank\" rel=\"noopener\"><img loading=\"lazy\" class=\"wp-image-8196 aligncenter\" src=\"https:\/\/rotermorgen.eu\/wp-content\/uploads\/2021\/01\/2-Kopie-2-1.png\" alt=\"\" width=\"292\" height=\"142\" \/><\/a>Schickt uns Eure Kurzberichte<br \/>\nund Veranstaltungshinweise!<br \/>\neMail: <a href=\"mailto:Wochenrueckblick@gmx.net\" target=\"_blank\" rel=\"noopener noreferrer\">Wochenrueckblick@gmx.net<\/a><br \/>\nRedaktionsschluss: Jeden Sonntag 20:00 Uhr<\/strong><\/span><\/p>\n<p><span style=\"color: #ffffff;\">.<\/span><\/p>\n<p><\/div><!-- .hide-this-part --><\/div><!-- hide-this-part-wrap --><\/p>\n<blockquote>\n<p style=\"text-align: center;\"><input name=\"hosted_button_id\" type=\"hidden\" value=\"YBAWB885PFM9Y\" \/><\/p>\n<\/blockquote>\n<\/div>\n<\/div>\n","protected":false},"excerpt":{"rendered":"<p>Zur\u00fcckblickend auf die letzten Tage sind uns einige kommentierbare Vorkommnisse ins Auge gefallen, die wir hier zur Diskussion stellen. (Kommis bitte unten eintragen!) .. . 7. Juni | Neue Anklageschrift f\u00fcr HDP-Verbot Der Generalstaatsanwalt am t\u00fcrkischen Kassationshof hat beim Verfassungsgericht [&hellip;]<a class=\"more-link\" href=\"https:\/\/www.deanreed.de\/AmericanRebel\/2017\/2021\/06\/14\/wochenrueckblick-23-kw-2021\/\">&darr; Lese den Rest von diesem Eintrag&#8230;<\/a><\/p>\n","protected":false},"author":2,"featured_media":0,"comment_status":"open","ping_status":"open","sticky":false,"template":"","format":"standard","meta":[],"categories":[1],"tags":[748,4864,2594,8,4787,4728,5151,4866,5185,3939,4729,4730,4791,2021,4731,4869,2225,4870,4601,5186,1329,5205,4734,4011,4736,5228],"yoast_head":"<!-- This site is optimized with the Yoast SEO plugin v17.5 - https:\/\/yoast.com\/wordpress\/plugins\/seo\/ -->\n<title>- Wochenr\u00fcckblick 23. KW. 2021 &ndash; Onlinezeitung AmericanRebel<\/title>\n<meta name=\"robots\" content=\"index, follow, max-snippet:-1, max-image-preview:large, max-video-preview:-1\" \/>\n<link rel=\"canonical\" href=\"https:\/\/www.deanreed.de\/AmericanRebel\/2017\/2021\/06\/14\/wochenrueckblick-23-kw-2021\/\" \/>\n<meta property=\"og:locale\" content=\"de_DE\" \/>\n<meta property=\"og:type\" content=\"article\" \/>\n<meta property=\"og:title\" content=\"- Wochenr\u00fcckblick 23. KW. 2021 &ndash; Onlinezeitung AmericanRebel\" \/>\n<meta property=\"og:description\" content=\"Zur\u00fcckblickend auf die letzten Tage sind uns einige kommentierbare Vorkommnisse ins Auge gefallen, die wir hier zur Diskussion stellen.\" \/>\n<meta property=\"og:url\" content=\"https:\/\/www.deanreed.de\/AmericanRebel\/2017\/2021\/06\/14\/wochenrueckblick-23-kw-2021\/\" \/>\n<meta property=\"og:site_name\" content=\"Onlinezeitung AmericanRebel\" \/>\n<meta property=\"article:published_time\" content=\"2021-06-13T22:10:17+00:00\" \/>\n<meta property=\"article:modified_time\" content=\"2021-06-22T12:43:56+00:00\" \/>\n<meta property=\"og:image\" content=\"https:\/\/www.deanreed.de\/AmericanRebel\/2017\/wp-content\/uploads\/2020\/12\/3-Kopie.png\" \/>\n\t<meta property=\"og:image:width\" content=\"640\" \/>\n\t<meta property=\"og:image:height\" content=\"460\" \/>\n<meta name=\"twitter:card\" content=\"summary_large_image\" \/>\n<meta name=\"twitter:label1\" content=\"Verfasst von\" \/>\n\t<meta name=\"twitter:data1\" content=\"Redaktion\" \/>\n\t<meta name=\"twitter:label2\" content=\"Gesch\u00e4tzte Lesezeit\" \/>\n\t<meta name=\"twitter:data2\" content=\"9\u00a0Minuten\" \/>\n<script type=\"application\/ld+json\" class=\"yoast-schema-graph\">{\"@context\":\"https:\/\/schema.org\",\"@graph\":[{\"@type\":\"WebSite\",\"@id\":\"https:\/\/www.deanreed.de\/AmericanRebel\/2017\/#website\",\"url\":\"https:\/\/www.deanreed.de\/AmericanRebel\/2017\/\",\"name\":\"Onlinezeitung AmericanRebel\",\"description\":\"Internationale Onlinezeitung f\\u00fcr Frieden, Humanismus, V\\u00f6lkerverst\\u00e4ndigung und Kultur\",\"potentialAction\":[{\"@type\":\"SearchAction\",\"target\":{\"@type\":\"EntryPoint\",\"urlTemplate\":\"https:\/\/www.deanreed.de\/AmericanRebel\/2017\/?s={search_term_string}\"},\"query-input\":\"required name=search_term_string\"}],\"inLanguage\":\"de\"},{\"@type\":\"ImageObject\",\"@id\":\"https:\/\/www.deanreed.de\/AmericanRebel\/2017\/2021\/06\/14\/wochenrueckblick-23-kw-2021\/#primaryimage\",\"inLanguage\":\"de\",\"url\":\"https:\/\/www.deanreed.de\/AmericanRebel\/2017\/wp-content\/uploads\/2020\/12\/3-Kopie.png\",\"contentUrl\":\"https:\/\/www.deanreed.de\/AmericanRebel\/2017\/wp-content\/uploads\/2020\/12\/3-Kopie.png\",\"width\":640,\"height\":460},{\"@type\":\"WebPage\",\"@id\":\"https:\/\/www.deanreed.de\/AmericanRebel\/2017\/2021\/06\/14\/wochenrueckblick-23-kw-2021\/#webpage\",\"url\":\"https:\/\/www.deanreed.de\/AmericanRebel\/2017\/2021\/06\/14\/wochenrueckblick-23-kw-2021\/\",\"name\":\"- Wochenr\\u00fcckblick 23. KW. 2021 &ndash; Onlinezeitung AmericanRebel\",\"isPartOf\":{\"@id\":\"https:\/\/www.deanreed.de\/AmericanRebel\/2017\/#website\"},\"primaryImageOfPage\":{\"@id\":\"https:\/\/www.deanreed.de\/AmericanRebel\/2017\/2021\/06\/14\/wochenrueckblick-23-kw-2021\/#primaryimage\"},\"datePublished\":\"2021-06-13T22:10:17+00:00\",\"dateModified\":\"2021-06-22T12:43:56+00:00\",\"author\":{\"@id\":\"https:\/\/www.deanreed.de\/AmericanRebel\/2017\/#\/schema\/person\/9edfca7917cd10b75edaae51c6e7935a\"},\"breadcrumb\":{\"@id\":\"https:\/\/www.deanreed.de\/AmericanRebel\/2017\/2021\/06\/14\/wochenrueckblick-23-kw-2021\/#breadcrumb\"},\"inLanguage\":\"de\",\"potentialAction\":[{\"@type\":\"ReadAction\",\"target\":[\"https:\/\/www.deanreed.de\/AmericanRebel\/2017\/2021\/06\/14\/wochenrueckblick-23-kw-2021\/\"]}]},{\"@type\":\"BreadcrumbList\",\"@id\":\"https:\/\/www.deanreed.de\/AmericanRebel\/2017\/2021\/06\/14\/wochenrueckblick-23-kw-2021\/#breadcrumb\",\"itemListElement\":[{\"@type\":\"ListItem\",\"position\":1,\"name\":\"Startseite\",\"item\":\"https:\/\/www.deanreed.de\/AmericanRebel\/2017\/\"},{\"@type\":\"ListItem\",\"position\":2,\"name\":\"&#8211; Wochenr\\u00fcckblick 23. KW. 2021\"}]},{\"@type\":\"Person\",\"@id\":\"https:\/\/www.deanreed.de\/AmericanRebel\/2017\/#\/schema\/person\/9edfca7917cd10b75edaae51c6e7935a\",\"name\":\"Redaktion\",\"url\":\"https:\/\/www.deanreed.de\/AmericanRebel\/2017\/author\/redaktion\/\"}]}<\/script>\n<!-- \/ Yoast SEO plugin. -->","yoast_head_json":{"title":"- Wochenr\u00fcckblick 23. KW. 2021 &ndash; Onlinezeitung AmericanRebel","robots":{"index":"index","follow":"follow","max-snippet":"max-snippet:-1","max-image-preview":"max-image-preview:large","max-video-preview":"max-video-preview:-1"},"canonical":"https:\/\/www.deanreed.de\/AmericanRebel\/2017\/2021\/06\/14\/wochenrueckblick-23-kw-2021\/","og_locale":"de_DE","og_type":"article","og_title":"- Wochenr\u00fcckblick 23. KW. 2021 &ndash; Onlinezeitung AmericanRebel","og_description":"Zur\u00fcckblickend auf die letzten Tage sind uns einige kommentierbare Vorkommnisse ins Auge gefallen, die wir hier zur Diskussion stellen.","og_url":"https:\/\/www.deanreed.de\/AmericanRebel\/2017\/2021\/06\/14\/wochenrueckblick-23-kw-2021\/","og_site_name":"Onlinezeitung AmericanRebel","article_published_time":"2021-06-13T22:10:17+00:00","article_modified_time":"2021-06-22T12:43:56+00:00","og_image":[{"width":640,"height":460,"url":"https:\/\/www.deanreed.de\/AmericanRebel\/2017\/wp-content\/uploads\/2020\/12\/3-Kopie.png","type":"image\/png"}],"twitter_card":"summary_large_image","twitter_misc":{"Verfasst von":"Redaktion","Gesch\u00e4tzte Lesezeit":"9\u00a0Minuten"},"schema":{"@context":"https:\/\/schema.org","@graph":[{"@type":"WebSite","@id":"https:\/\/www.deanreed.de\/AmericanRebel\/2017\/#website","url":"https:\/\/www.deanreed.de\/AmericanRebel\/2017\/","name":"Onlinezeitung AmericanRebel","description":"Internationale Onlinezeitung f\u00fcr Frieden, Humanismus, V\u00f6lkerverst\u00e4ndigung und Kultur","potentialAction":[{"@type":"SearchAction","target":{"@type":"EntryPoint","urlTemplate":"https:\/\/www.deanreed.de\/AmericanRebel\/2017\/?s={search_term_string}"},"query-input":"required name=search_term_string"}],"inLanguage":"de"},{"@type":"ImageObject","@id":"https:\/\/www.deanreed.de\/AmericanRebel\/2017\/2021\/06\/14\/wochenrueckblick-23-kw-2021\/#primaryimage","inLanguage":"de","url":"https:\/\/www.deanreed.de\/AmericanRebel\/2017\/wp-content\/uploads\/2020\/12\/3-Kopie.png","contentUrl":"https:\/\/www.deanreed.de\/AmericanRebel\/2017\/wp-content\/uploads\/2020\/12\/3-Kopie.png","width":640,"height":460},{"@type":"WebPage","@id":"https:\/\/www.deanreed.de\/AmericanRebel\/2017\/2021\/06\/14\/wochenrueckblick-23-kw-2021\/#webpage","url":"https:\/\/www.deanreed.de\/AmericanRebel\/2017\/2021\/06\/14\/wochenrueckblick-23-kw-2021\/","name":"- Wochenr\u00fcckblick 23. KW. 2021 &ndash; Onlinezeitung AmericanRebel","isPartOf":{"@id":"https:\/\/www.deanreed.de\/AmericanRebel\/2017\/#website"},"primaryImageOfPage":{"@id":"https:\/\/www.deanreed.de\/AmericanRebel\/2017\/2021\/06\/14\/wochenrueckblick-23-kw-2021\/#primaryimage"},"datePublished":"2021-06-13T22:10:17+00:00","dateModified":"2021-06-22T12:43:56+00:00","author":{"@id":"https:\/\/www.deanreed.de\/AmericanRebel\/2017\/#\/schema\/person\/9edfca7917cd10b75edaae51c6e7935a"},"breadcrumb":{"@id":"https:\/\/www.deanreed.de\/AmericanRebel\/2017\/2021\/06\/14\/wochenrueckblick-23-kw-2021\/#breadcrumb"},"inLanguage":"de","potentialAction":[{"@type":"ReadAction","target":["https:\/\/www.deanreed.de\/AmericanRebel\/2017\/2021\/06\/14\/wochenrueckblick-23-kw-2021\/"]}]},{"@type":"BreadcrumbList","@id":"https:\/\/www.deanreed.de\/AmericanRebel\/2017\/2021\/06\/14\/wochenrueckblick-23-kw-2021\/#breadcrumb","itemListElement":[{"@type":"ListItem","position":1,"name":"Startseite","item":"https:\/\/www.deanreed.de\/AmericanRebel\/2017\/"},{"@type":"ListItem","position":2,"name":"&#8211; Wochenr\u00fcckblick 23. KW. 2021"}]},{"@type":"Person","@id":"https:\/\/www.deanreed.de\/AmericanRebel\/2017\/#\/schema\/person\/9edfca7917cd10b75edaae51c6e7935a","name":"Redaktion","url":"https:\/\/www.deanreed.de\/AmericanRebel\/2017\/author\/redaktion\/"}]}},"_links":{"self":[{"href":"https:\/\/www.deanreed.de\/AmericanRebel\/2017\/wp-json\/wp\/v2\/posts\/27784"}],"collection":[{"href":"https:\/\/www.deanreed.de\/AmericanRebel\/2017\/wp-json\/wp\/v2\/posts"}],"about":[{"href":"https:\/\/www.deanreed.de\/AmericanRebel\/2017\/wp-json\/wp\/v2\/types\/post"}],"author":[{"embeddable":true,"href":"https:\/\/www.deanreed.de\/AmericanRebel\/2017\/wp-json\/wp\/v2\/users\/2"}],"replies":[{"embeddable":true,"href":"https:\/\/www.deanreed.de\/AmericanRebel\/2017\/wp-json\/wp\/v2\/comments?post=27784"}],"version-history":[{"count":10,"href":"https:\/\/www.deanreed.de\/AmericanRebel\/2017\/wp-json\/wp\/v2\/posts\/27784\/revisions"}],"predecessor-version":[{"id":27847,"href":"https:\/\/www.deanreed.de\/AmericanRebel\/2017\/wp-json\/wp\/v2\/posts\/27784\/revisions\/27847"}],"wp:attachment":[{"href":"https:\/\/www.deanreed.de\/AmericanRebel\/2017\/wp-json\/wp\/v2\/media?parent=27784"}],"wp:term":[{"taxonomy":"category","embeddable":true,"href":"https:\/\/www.deanreed.de\/AmericanRebel\/2017\/wp-json\/wp\/v2\/categories?post=27784"},{"taxonomy":"post_tag","embeddable":true,"href":"https:\/\/www.deanreed.de\/AmericanRebel\/2017\/wp-json\/wp\/v2\/tags?post=27784"}],"curies":[{"name":"wp","href":"https:\/\/api.w.org\/{rel}","templated":true}]}}