{"id":27755,"date":"2021-06-07T00:01:20","date_gmt":"2021-06-06T22:01:20","guid":{"rendered":"http:\/\/www.deanreed.de\/AmericanRebel\/2017\/?p=27755"},"modified":"2021-06-07T05:14:17","modified_gmt":"2021-06-07T03:14:17","slug":"wochenrueckblick-22-kw-2021","status":"publish","type":"post","link":"https:\/\/www.deanreed.de\/AmericanRebel\/2017\/2021\/06\/07\/wochenrueckblick-22-kw-2021\/","title":{"rendered":"&#8211; Wochenr\u00fcckblick 22. KW. 2021"},"content":{"rendered":"<p><img loading=\"lazy\" class=\" wp-image-26025 aligncenter\" src=\"http:\/\/www.deanreed.de\/AmericanRebel\/2017\/wp-content\/uploads\/2020\/10\/AR_WR_2-300x75.png\" alt=\"\" width=\"668\" height=\"167\" srcset=\"https:\/\/www.deanreed.de\/AmericanRebel\/2017\/wp-content\/uploads\/2020\/10\/AR_WR_2-300x75.png 300w, https:\/\/www.deanreed.de\/AmericanRebel\/2017\/wp-content\/uploads\/2020\/10\/AR_WR_2.png 700w\" sizes=\"(max-width: 668px) 100vw, 668px\" \/><\/p>\n<p style=\"text-align: justify;\"><span style=\"color: #993300;\"><strong><span style=\"font-family: verdana, geneva, sans-serif;\"><br \/>\n<span style=\"font-size: 14pt;\">Zur\u00fcckblickend auf die letzten Tage sind uns einige kommentierbare Vorkommnisse ins Auge gefallen, die wir hier zur Diskussion stellen.<\/span><\/span><\/strong><\/span><br \/>\n<span style=\"font-family: verdana, geneva, sans-serif; font-size: 12pt;\"><span style=\"color: #000000;\"><strong>(Kommis bitte unten eintragen!)<\/strong><\/span><br \/>\n<span style=\"color: #ffffff;\">.<\/span><span style=\"color: #ffffff;\">.<br \/>\n<span style=\"color: #000000;\"><strong><span style=\"color: #ffffff;\">.<\/span><br \/>\n<\/strong><\/span><\/span><span style=\"font-size: 14pt;\"><span style=\"color: #000000;\"><strong>31. Mai | <\/strong><\/span><strong>Zur Frage der revolution\u00e4ren Gewalt<\/strong><\/span><\/span><\/p>\n<p style=\"text-align: justify;\"><span style=\"font-family: verdana, geneva, sans-serif; font-size: 12pt;\"><img loading=\"lazy\" class=\"wp-image-27740 aligncenter\" src=\"http:\/\/www.deanreed.de\/AmericanRebel\/2017\/wp-content\/uploads\/2021\/06\/hhj-300x81.png\" alt=\"\" width=\"667\" height=\"180\" srcset=\"https:\/\/www.deanreed.de\/AmericanRebel\/2017\/wp-content\/uploads\/2021\/06\/hhj-300x81.png 300w, https:\/\/www.deanreed.de\/AmericanRebel\/2017\/wp-content\/uploads\/2021\/06\/hhj.png 666w\" sizes=\"(max-width: 667px) 100vw, 667px\" \/><br \/>\nGewalt als Mittel im Kampf gegen die Unterdr\u00fcckung und zur Befreiung des werkt\u00e4tigen Volkes, also all denjenigen, die nichts weiter besitzen als ihre Arbeitskraft kann, wenn es mit den Aktionen der werkt\u00e4tigen Massen verschmolzen ist, durchaus eine Berechtigung haben. Die herrschende Klasse der Kapitalisten wird ihre Macht niemals freiwillig hergeben, sie wird sich niemals der Mehrheit der Massen unterordnen und bestimmt, so, ob ihr Untergang gewaltfrei oder nicht eingeleitet wird.<strong><br \/>\n<\/strong><em>\u00bb<a href=\"https:\/\/rotermorgen.eu\/zur-frage-der-revolutionaeren-gewalt-2\/\" target=\"_blank\" rel=\"noopener\">RoterMorgen<\/a>\u00ab und \u00bb<a href=\"https:\/\/www.der-revolutionaer.de\/zur-frage-der-revolutionaeren-gewalt\/\" target=\"_blank\" rel=\"noopener\">DerRevolution\u00e4r<\/a>\u00ab ver\u00f6ffentlichten<\/em><br \/>\n<span style=\"color: #ffffff;\">.<\/span><br \/>\n<span style=\"color: #ffffff;\">.<\/span><br \/>\n<span style=\"font-size: 14pt;\"><strong>31. Mai | Belarus: Wenn zwei das gleiche tun\u2026<\/strong><\/span><\/span><\/p>\n<p style=\"text-align: justify;\"><span style=\"font-family: verdana, geneva, sans-serif; font-size: 12pt;\"><img loading=\"lazy\" class=\"wp-image-27746 aligncenter\" src=\"http:\/\/www.deanreed.de\/AmericanRebel\/2017\/wp-content\/uploads\/2021\/06\/ee-300x81.jpg\" alt=\"\" width=\"667\" height=\"180\" srcset=\"https:\/\/www.deanreed.de\/AmericanRebel\/2017\/wp-content\/uploads\/2021\/06\/ee-300x81.jpg 300w, https:\/\/www.deanreed.de\/AmericanRebel\/2017\/wp-content\/uploads\/2021\/06\/ee.jpg 666w\" sizes=\"(max-width: 667px) 100vw, 667px\" \/><br \/>\nAm Dienstag, dem 2.7.2013 flog die Maschine des bolivianischen Pr\u00e4sidenten Evo Morales von Moskau aus Richtung Bolivien. Schon am Tag zuvor hatte Portugal einen Tankstopp vor der Atlantik\u00fcberquerung untersagt. Danach \u00fcberschlugen sich die Ereignisse.<br \/>\n<a href=\"https:\/\/www.der-revolutionaer.de\/belarus-wenn-zwei-das-gleiche-tun\/\" target=\"_blank\" rel=\"noopener\"><em>Heinrich Schreiber berichtete auf \u00bbDerRevolution\u00e4r\u00ab<\/em><\/a><br \/>\n<\/span><span style=\"font-family: verdana, geneva, sans-serif; font-size: 12pt;\"><span style=\"color: #ffffff;\">.<\/span><br \/>\n<span style=\"color: #ffffff;\">.<\/span><br \/>\n<span style=\"font-size: 14pt;\"><strong>31. Mai | Erkl\u00e4rung zum Mieze-Prozess:<br \/>\nRote Hilfe e.V. leistet keine Unterst\u00fctzung<br \/>\n<\/strong><\/span><\/span><\/p>\n<p style=\"text-align: justify;\"><img loading=\"lazy\" class=\"wp-image-27754 aligncenter\" src=\"http:\/\/www.deanreed.de\/AmericanRebel\/2017\/wp-content\/uploads\/2021\/06\/2-Kopie-5-300x81.png\" alt=\"\" width=\"667\" height=\"180\" srcset=\"https:\/\/www.deanreed.de\/AmericanRebel\/2017\/wp-content\/uploads\/2021\/06\/2-Kopie-5-300x81.png 300w, https:\/\/www.deanreed.de\/AmericanRebel\/2017\/wp-content\/uploads\/2021\/06\/2-Kopie-5.png 666w\" sizes=\"(max-width: 667px) 100vw, 667px\" \/><span style=\"font-family: verdana, geneva, sans-serif; font-size: 12pt;\"><br \/>\nIn Stuttgart l\u00e4uft derzeit der &#8222;MIEZE&#8220;-Prozess, in dem zwei Personen beschuldigt werden, Drohbriefe an Politiker\/innen verschickt und militante Aktionen durchgef\u00fchrt zu haben, die sie mit linken Argumenten begr\u00fcndet hatten.<\/span><br \/>\n<span style=\"font-family: verdana, geneva, sans-serif; font-size: 12pt;\"><span style=\"color: #ffffff;\">&#8230;<\/span>Am dritten Prozesstag lie\u00dfen beide Angeklagten \u00fcber ihre Anwalt\/-innen ein Gest\u00e4ndnis zu s\u00e4mtlichen Anklagepunkten verlesen, distanzierten sich von den Aktionen und \u00e4u\u00dferten ihr Bedauern. Diese Form der Prozessf\u00fchrung, die alleine darauf abzielt ein m\u00f6glichst niedriges Strafma\u00df zu erwirken und die politische Dimension des Verfahrens v\u00f6llig ausblendet, lehnt die Rote Hilfe e.V. grunds\u00e4tzlich ab.<\/span><br \/>\n<span style=\"font-family: verdana, geneva, sans-serif; font-size: 12pt;\"><a href=\"https:\/\/www.rote-hilfe.de\/\" target=\"_blank\" rel=\"noopener\"><em>Mehr auf \u00bbRoteHilfe News\u00ab<\/em><\/a> \u00a0 <div class=\"hide-this-part-wrap\"><div class=\"hide-this-part-more\" id=\"hide-this-part-0\" morelink-text=\"hier geht es weiter\">hier geht es weiter \u00bb<\/div><div class=\"hide-this-part\" status=\"invisible\"><br \/>\n<span style=\"color: #ffffff;\">.<\/span><br \/>\n<span style=\"color: #ffffff;\">.<\/span><br \/>\n<span style=\"color: #ffffff;\"><span style=\"color: #000000; font-size: 14pt;\"><strong>1. Juni | <\/strong><\/span><\/span><span style=\"font-size: 14pt;\"><strong>Geheimdienst: Zwischen P\u00f6lser und Sm\u00f6rrebr\u00f6d<\/strong><\/span><\/span><\/p>\n<p style=\"text-align: justify;\"><span style=\"font-family: verdana, geneva, sans-serif; font-size: 12pt;\"><img loading=\"lazy\" class=\"wp-image-27743 aligncenter\" src=\"http:\/\/www.deanreed.de\/AmericanRebel\/2017\/wp-content\/uploads\/2021\/06\/Betgg4-300x81.png\" alt=\"\" width=\"667\" height=\"180\" srcset=\"https:\/\/www.deanreed.de\/AmericanRebel\/2017\/wp-content\/uploads\/2021\/06\/Betgg4-300x81.png 300w, https:\/\/www.deanreed.de\/AmericanRebel\/2017\/wp-content\/uploads\/2021\/06\/Betgg4.png 666w\" sizes=\"(max-width: 667px) 100vw, 667px\" \/><br \/>\nWusstet ihr eigentlich, dass D\u00e4nemark nicht nur leckere P\u00f6lser und Sm\u00f6rrebr\u00f6d, sondern auch einen Geheimdienst hat? Doch, den gibt es. Und seit dies bekannt ist, gibt es da einen Geheimdienstskandal, der seit einem halben Jahr aufgearbeitet wird.<\/span><br \/>\n<em><span style=\"font-family: verdana, geneva, sans-serif; font-size: 12pt;\"><a href=\"https:\/\/www.der-revolutionaer.de\/geheimdienst-zwischen-poelser-und-smoerrebroed\/\" target=\"_blank\" rel=\"noopener\">Worum geht es? Lest dazu mehr in \u00bbDerRevolution\u00e4r\u00ab<\/a><br \/>\n<\/span><\/em><span style=\"font-family: verdana, geneva, sans-serif; font-size: 12pt; color: #ffffff;\">.<br \/>\n.<\/span><br \/>\n<span style=\"font-family: verdana, geneva, sans-serif; font-size: 12pt;\"><strong><span style=\"font-size: 14pt;\">1. Juni | Auch Deutschland zwang schon<br \/>\nein Passagierflugzeug zur Landung<\/span><\/strong><\/span><\/p>\n<p style=\"text-align: justify;\"><span style=\"font-family: verdana, geneva, sans-serif; font-size: 12pt;\"><img loading=\"lazy\" class=\"wp-image-27742 aligncenter\" src=\"http:\/\/www.deanreed.de\/AmericanRebel\/2017\/wp-content\/uploads\/2021\/06\/dddd-300x81.jpg\" alt=\"\" width=\"667\" height=\"180\" srcset=\"https:\/\/www.deanreed.de\/AmericanRebel\/2017\/wp-content\/uploads\/2021\/06\/dddd-300x81.jpg 300w, https:\/\/www.deanreed.de\/AmericanRebel\/2017\/wp-content\/uploads\/2021\/06\/dddd.jpg 666w\" sizes=\"(max-width: 667px) 100vw, 667px\" \/><br \/>\nIrgendwie geraten Dinge schon einmal in Vergessenheit. Anders dagegen das Internet. Ich wurde auf eine Zwangslandung in Stuttgart aufmerksam, die im Jahr 2017 passierten. Mehr dazu <a href=\"https:\/\/www.welt.de\/politik\/article166687265\/Bundeswehrjets-zwingen-Passagiermaschine-zur-Landung.html\" target=\"_blank\" rel=\"noopener\">hier<\/a>.<br \/>\n<em>Heinrich Schreiber<\/em><br \/>\n<span style=\"color: #ffffff;\">.<\/span><br \/>\n<span style=\"color: #ffffff;\">.<\/span><br \/>\n<span style=\"font-size: 14pt;\"><strong>2. Juni | <\/strong><strong>Die Abschaffung des Digitalen Briefgeheimnisses<\/strong><\/span><\/span><\/p>\n<p style=\"text-align: justify;\"><span style=\"font-family: verdana, geneva, sans-serif; font-size: 12pt;\"><img loading=\"lazy\" class=\"wp-image-27744 aligncenter\" src=\"http:\/\/www.deanreed.de\/AmericanRebel\/2017\/wp-content\/uploads\/2021\/06\/asdd-300x81.jpg\" alt=\"\" width=\"667\" height=\"180\" srcset=\"https:\/\/www.deanreed.de\/AmericanRebel\/2017\/wp-content\/uploads\/2021\/06\/asdd-300x81.jpg 300w, https:\/\/www.deanreed.de\/AmericanRebel\/2017\/wp-content\/uploads\/2021\/06\/asdd.jpg 666w\" sizes=\"(max-width: 667px) 100vw, 667px\" \/><br \/>\nDie herrschende Klasse kommt dem Ziel, der totalen \u00dcberwachung immer n\u00e4her. Das von ihnen selber geschaffene Grundgesetz wird hinter dem Vorwand, die Kinderpornographie zu bek\u00e4mpfen, immer mehr ausgehebelt. So wird ein \u00dcberwachungssystem geschaffen, welches jederzeit problemlos und unbemerkt ausgedehnt werden kann. Erst Kinderpornographie, dann politische Gesinnung. Und so w\u00fcrden sich Regierungskritiker, politische Aktivisten, Sozialisten, Gewerkschafter und Kommunisten im Fokus der aktiven \u00dcberwachung befinden. Daf\u00fcr m\u00fcssten die Verantwortlichen nicht einmal mehr eine richterliche Anordnung einholen.<br \/>\n<a href=\"https:\/\/www.der-revolutionaer.de\/die-abschaffung-des-digitalen-briefgeheimnisses-1-teil\/\" target=\"_blank\" rel=\"noopener\"><em>\u00bbDer Revolution\u00e4r\u00ab beginnt heute mit einer Artikelserie zum Thema der \u00dcberwachung.<\/em><\/a><\/span><br \/>\n<span style=\"color: #ffffff;\">.<\/span><br \/>\n<span style=\"color: #ffffff;\">.<\/span><br \/>\n<span style=\"font-family: verdana, geneva, sans-serif; font-size: 14pt;\"><strong>3. Juni |<\/strong> <\/span><span style=\"font-size: 14pt;\"><strong><span style=\"font-family: verdana, geneva, sans-serif;\">Wie sich Trauer in Widerstand wandelt<\/span><\/strong><\/span><\/p>\n<p style=\"text-align: justify;\"><span style=\"font-family: verdana, geneva, sans-serif; font-size: 12pt;\"><img loading=\"lazy\" class=\"wp-image-27749 aligncenter\" src=\"http:\/\/www.deanreed.de\/AmericanRebel\/2017\/wp-content\/uploads\/2021\/06\/fhui-300x81.png\" alt=\"\" width=\"667\" height=\"180\" srcset=\"https:\/\/www.deanreed.de\/AmericanRebel\/2017\/wp-content\/uploads\/2021\/06\/fhui-300x81.png 300w, https:\/\/www.deanreed.de\/AmericanRebel\/2017\/wp-content\/uploads\/2021\/06\/fhui.png 666w\" sizes=\"(max-width: 667px) 100vw, 667px\" \/><br \/>\nDer Tod des US-Amerikaners George Floyd j\u00e4hrte sich am 25. Mai erstmals. Anl\u00e4sslich seines Todestages, aber auch um vieler anderer Todesopfer von Rassismus und Polizeigewalt zu gedenken, veranstaltete \u201e0711united against racism\u201c am Freitag. 28. Mai, eine Gedenkdemonstration. 340 \u00fcberwiegend junge Menschen folgten diesem Aufruf und zogen nach einer kurzen Auftaktkundgebung vom Marienplatz durch die Innenstadt zum Eckensee. Die Polizei verhielt sich meist zur\u00fcckhaltend, zeigte allerdings w\u00e4hrend der Zwischenkundgebung an der Ausl\u00e4nderbeh\u00f6rde verst\u00e4rkt Pr\u00e4senz und filmte oftmals.<br \/>\n<a href=\"https:\/\/beobachternews.de\/2021\/06\/02\/wie-sich-trauer-in-widerstand-wandelt\/\" target=\"_blank\" rel=\"noopener\"><em>Saara Barkini berichtete auf \u00bbbeobacher news\u00ab<\/em><\/a><br \/>\n<span style=\"color: #ffffff;\">.<\/span><br \/>\n<span style=\"color: #ffffff;\">.<\/span><br \/>\n<\/span><span style=\"font-family: verdana, geneva, sans-serif; font-size: 12pt;\"><strong><span style=\"font-size: 14pt;\">2. Juni | [Deutschlands brutalste Familienclans]<br \/>\nVom firmeneigenen KZ zur Kinderarbeit im Kongo:<br \/>\nDas Gesch\u00e4ftsmodell der Quandts<\/span><\/strong><\/span><\/p>\n<p style=\"text-align: justify;\"><span style=\"font-family: verdana, geneva, sans-serif; font-size: 12pt;\"><img loading=\"lazy\" class=\"wp-image-27741 aligncenter\" src=\"http:\/\/www.deanreed.de\/AmericanRebel\/2017\/wp-content\/uploads\/2021\/06\/3-Kopie-5-300x81.png\" alt=\"\" width=\"667\" height=\"180\" srcset=\"https:\/\/www.deanreed.de\/AmericanRebel\/2017\/wp-content\/uploads\/2021\/06\/3-Kopie-5-300x81.png 300w, https:\/\/www.deanreed.de\/AmericanRebel\/2017\/wp-content\/uploads\/2021\/06\/3-Kopie-5.png 666w\" sizes=\"(max-width: 667px) 100vw, 667px\" \/><br \/>\nIm Forbes-Rating der reichsten Deutschen belegt Stefan Quandt mit 18,1 Millarden US-Dollar Platz 7, seine Schwester Susanne Klatten ist mit 24,2 Milliarden US-Dollar auf Platz 3. Beide stammen aus einem alten Geschlecht des deutschen Geldadels und wenn man sich die Frage stellt, wie jemand so reich wird, muss man in der Geschichte ein klein wenig zur\u00fcckschauen. Denn Stefan Quandt und Susanne Klatten sind schon reich geboren. Also ist die n\u00e4chstliegende Frage: Wie sind beider Eltern, Herbert und Johanna Quandt, so reich geworden?<br \/>\n<a href=\"https:\/\/rotermorgen.eu\/deutschlands-brutalste-familienclans-vom-firmeneigenen-kz-zur-kinderarbeit-im-kongo-das-geschaeftsmodell-der-quandts\/\" target=\"_blank\" rel=\"noopener\"><em>Lest dazu mehr auf \u00bbRoterMorgen\u00ab<\/em><\/a><br \/>\n<span style=\"color: #ffffff;\">.<\/span><br \/>\n<span style=\"color: #ffffff;\">.<\/span><br \/>\n<span style=\"font-size: 14pt;\"><strong>2. Juli | BIP-Aktuell #172: Rassismus,<br \/>\nGewalt und die Gefahr eines B\u00fcrgerkriegs<\/strong><\/span><\/span><\/p>\n<p style=\"text-align: justify;\"><span style=\"font-family: verdana, geneva, sans-serif; font-size: 12pt;\"><img loading=\"lazy\" class=\"wp-image-27750 aligncenter\" src=\"http:\/\/www.deanreed.de\/AmericanRebel\/2017\/wp-content\/uploads\/2021\/06\/erzu-300x81.png\" alt=\"\" width=\"667\" height=\"180\" srcset=\"https:\/\/www.deanreed.de\/AmericanRebel\/2017\/wp-content\/uploads\/2021\/06\/erzu-300x81.png 300w, https:\/\/www.deanreed.de\/AmericanRebel\/2017\/wp-content\/uploads\/2021\/06\/erzu.png 666w\" sizes=\"(max-width: 667px) 100vw, 667px\" \/><br \/>\nIm Mai kam es in Israel zu Lynchmord und Pogromen<br \/>\n<span style=\"color: #ffffff;\">&#8230;<\/span>In Jahrzehnten hat sich die Wut unter den pal\u00e4stinensischen B\u00fcrgern Israels aufgestaut und ist ausgebrochen, als sich die Gewalt in diesem Mai von Jerusalem nach Gaza ausbreitete. W\u00fctende arabische Mobs griffen Juden an, und w\u00fctende j\u00fcdische Mobs griffen Araber an. Polizei und Regierung haben, anstatt die Sicherheit aller israelischen B\u00fcrger zu sch\u00fctzen, lediglich die j\u00fcdische Seite unterst\u00fctzt und dadurch zur Aufwiegelung und zur Gewalt beigetragen.<br \/>\n<em><a href=\"https:\/\/bibjetzt.wordpress.com\/author\/bibjetzt\/\" target=\"_blank\" rel=\"noopener\">Das \u00bbB\u00fcndnis f\u00fcr Gerechtigkeit zwischen Israelis und Pal\u00e4stinensern BIP e.V.\u00ab berichtete<\/a><br \/>\n<span style=\"color: #ffffff;\">.<\/span><\/em><br \/>\n<span style=\"color: #ffffff;\">.<\/span><br \/>\n<span style=\"font-size: 14pt;\"><strong>3. Juni |<\/strong> <strong>Was steckt hinter dem Mafia-Skandal in der T\u00fcrkei?<\/strong><\/span><\/span><\/p>\n<p style=\"text-align: justify;\"><span style=\"font-family: verdana, geneva, sans-serif; font-size: 12pt;\"><img loading=\"lazy\" class=\"wp-image-27748 aligncenter\" src=\"http:\/\/www.deanreed.de\/AmericanRebel\/2017\/wp-content\/uploads\/2021\/06\/sder4f-2-300x81.jpg\" alt=\"\" width=\"667\" height=\"180\" srcset=\"https:\/\/www.deanreed.de\/AmericanRebel\/2017\/wp-content\/uploads\/2021\/06\/sder4f-2-300x81.jpg 300w, https:\/\/www.deanreed.de\/AmericanRebel\/2017\/wp-content\/uploads\/2021\/06\/sder4f-2.jpg 666w\" sizes=\"(max-width: 667px) 100vw, 667px\" \/><br \/>\nDer t\u00fcrkische Mafiaboss Sedat Peker setzte sich letztes Jahr ins Ausland ab. Am 9. April durchsuchten Polizisten seine Wohnung in Istanbul, bei weiteren Razzien in f\u00fcnf St\u00e4dten wurden viele seiner Bandenmitglieder festgenommen. Daraufhin hatte Peker angek\u00fcndigt, seine engen Kontakte und Machenschaften mit f\u00fchrenden Politikern, Sicherheitsbeamten und weiteren Personen in oberster Staatsf\u00fchrung offenlegen zu wollen. Seit Anfang Mai 2021 ver\u00f6ffentlichte er auf seinem YouTube-Kanal bis heute 8 Videos, die insgesamt \u00fcber 90 Mio. mal aufgerufen wurden. Er berichtet von seinen illegalen Kontakten zu Spitzenpolitikern aus der Regierungspartei AKP, ihren fr\u00fcheren Regierungschefs und Ministern, t\u00fcrkischen und aserbaidschanischen Unternehmern sowie Spitzenvertretern aus Medien, Milit\u00e4r und Sicherheitskr\u00e4ften. Nachdem seine Verhandlungsbem\u00fchungen erfolglos blieben, erkl\u00e4rte er in seinem vorerst letzten Video, dass er im n\u00e4chsten Video auch seine Kontakte zu Erdo\u011fan offenlegen werde.<br \/>\n<a href=\"https:\/\/yenihayat.de\/2021\/06\/03\/was-steckt-hinter-dem-mafia-skandal-in-der-tuerkei\/\" target=\"_blank\" rel=\"noopener\"><em>\u00bbYeniHayat\/NeuesLeben\u00ab berichtete<\/em><\/a><br \/>\n<span style=\"color: #ffffff;\">.<\/span><br \/>\n<span style=\"color: #ffffff;\">.<\/span><strong><br \/>\n<\/strong><span style=\"font-size: 14pt;\"><strong>3. Juni |<\/strong> <\/span><\/span><strong><span style=\"font-family: verdana, geneva, sans-serif; font-size: 14pt;\">Menschen mit Nazihintergrund<\/span><\/strong><\/p>\n<div class=\"\" data-block=\"true\" data-editor=\"7504f\" data-offset-key=\"bsm8h-0-0\">\n<div class=\"public-DraftStyleDefault-block public-DraftStyleDefault-ltr\" style=\"text-align: justify;\" data-offset-key=\"bsm8h-0-0\"><span style=\"font-family: verdana, geneva, sans-serif; font-size: 12pt;\"><img loading=\"lazy\" class=\"wp-image-27747 aligncenter\" src=\"http:\/\/www.deanreed.de\/AmericanRebel\/2017\/wp-content\/uploads\/2021\/06\/lz4-300x81.jpg\" alt=\"\" width=\"667\" height=\"180\" srcset=\"https:\/\/www.deanreed.de\/AmericanRebel\/2017\/wp-content\/uploads\/2021\/06\/lz4-300x81.jpg 300w, https:\/\/www.deanreed.de\/AmericanRebel\/2017\/wp-content\/uploads\/2021\/06\/lz4.jpg 666w\" sizes=\"(max-width: 667px) 100vw, 667px\" \/><br \/>\nDie derzeitige Diskussion um \u201eimportierten Antisemitismus\u201c verr\u00e4t die deutsche Doppelmoral, wenn es um die eigene Geschichte geht. Antisemitismus war und ist zum Teil noch fest verankert in deutschen Familiengeschichten. Wenn wir Antisemitismus anklagen, d\u00fcrfen wir uns unserer famili\u00e4ren Verantwortung nicht entziehen.<br \/>\n<a href=\"https:\/\/rotermorgen.eu\/menschen-mit-nazihintergrund\/\" target=\"_blank\" rel=\"noopener\"><em>\u00bbRoterMorgen\u00ab berichtete<\/em><\/a><br \/>\n<span style=\"color: #ffffff;\">.<\/span><\/span><br \/>\n<span style=\"font-family: verdana, geneva, sans-serif; font-size: 12pt;\"><span style=\"font-family: verdana, geneva, sans-serif; font-size: 12pt;\"><span style=\"color: #ffffff;\">.<\/span><br \/>\n<strong><span style=\"font-size: 14pt;\">3. Juli | <\/span><\/strong><\/span><strong><span style=\"font-size: 14pt;\">Tarifvertrag f\u00fcr Mindeststandards f\u00fcr Arbeitsbedin-<br \/>\ngungen in der Altenpflege scheitert an der Zustimmung des<br \/>\nCaritasverbandes \u2013 die Kirchen f\u00fcrchten sich vor dem<br \/>\nVerlust ihrer Sonderrechte<\/span><br \/>\n<\/strong><\/span><img loading=\"lazy\" class=\"wp-image-27751 aligncenter\" src=\"http:\/\/www.deanreed.de\/AmericanRebel\/2017\/wp-content\/uploads\/2021\/06\/eer-300x81.png\" alt=\"\" width=\"667\" height=\"180\" srcset=\"https:\/\/www.deanreed.de\/AmericanRebel\/2017\/wp-content\/uploads\/2021\/06\/eer-300x81.png 300w, https:\/\/www.deanreed.de\/AmericanRebel\/2017\/wp-content\/uploads\/2021\/06\/eer.png 666w\" sizes=\"(max-width: 667px) 100vw, 667px\" \/><\/div>\n<div data-offset-key=\"bsm8h-0-0\"><\/div>\n<div class=\"public-DraftStyleDefault-block public-DraftStyleDefault-ltr\" style=\"text-align: justify;\" data-offset-key=\"bsm8h-0-0\"><span style=\"font-family: verdana, geneva, sans-serif; font-size: 12pt;\">Der Dienstleistungsgewerkschaft ver.di ist es gelungen, mit der Bundesvereinigung der Arbeitgeber in der Pflegebranche (BVAP) einen Tarifvertrag \u00fcber Mindestbedingungen in der Altenpflege zu vereinbaren. Die Stundenl\u00f6hne sollen stufenweise ansteigen, sodass sie rund 25 Prozent \u00fcber dem bisherigen Pflegemindestlohn liegen. Vereinbart wurden auch mindestens 28 Tage Urlaub und ein zus\u00e4tzliches Urlaubsgeld von mindestens 500 Euro.<\/span><br \/>\n<span style=\"font-family: verdana, geneva, sans-serif; font-size: 12pt;\"><span style=\"color: #ffffff;\">&#8230;<\/span>Um die Mindeststandards f\u00fcr Arbeitsbedingungen in der Altenpflege als Tarifvertrag allgemeinverbindlich zu erkl\u00e4ren, ist die Zustimmung der beiden gro\u00dfen kirchlichen Unternehmen in der Altenpflege, Caritas und Diakonie, die Voraussetzung zu dem Verfahren.<\/span><br \/>\n<span style=\"font-family: verdana, geneva, sans-serif; font-size: 12pt;\"><a href=\"https:\/\/gewerkschaftsforum.de\/tarifvertrag-fuer-mindeststandards-fuer-arbeitsbedingungen-in-der-altenpflege-scheitert-an-der-zustimmung-des-caritasverbandes-die-kirchen-fuerchten-sich-vor-dem-verlust-ihrer-mindeststandar\/#more-10261\" target=\"_blank\" rel=\"noopener\"><em>Dazu schrieb \u00bbgewerkschaftsforum.de\u00ab<\/em><\/a><\/span><br \/>\n<span style=\"font-family: verdana, geneva, sans-serif; font-size: 12pt; color: #ffffff;\">.<br \/>\n<\/span><span style=\"font-family: verdana, geneva, sans-serif; font-size: 12pt;\"><span style=\"color: #ffffff;\">.<\/span><br \/>\n<\/span><span style=\"font-family: verdana, geneva, sans-serif; font-size: 14pt;\"><strong>4. Juni|<\/strong><span style=\"font-size: 12pt;\"><strong><span class=\"article_title\" style=\"font-size: 14pt;\">Strafbefehl gegen zwei Aktivisten\/-innen<br \/>\nder Baumbesetzung am PdAS im November 2020<\/span><\/strong><\/span><br \/>\n<\/span><img loading=\"lazy\" class=\"wp-image-27752 aligncenter\" src=\"http:\/\/www.deanreed.de\/AmericanRebel\/2017\/wp-content\/uploads\/2021\/06\/see-300x81.jpg\" alt=\"\" width=\"667\" height=\"180\" srcset=\"https:\/\/www.deanreed.de\/AmericanRebel\/2017\/wp-content\/uploads\/2021\/06\/see-300x81.jpg 300w, https:\/\/www.deanreed.de\/AmericanRebel\/2017\/wp-content\/uploads\/2021\/06\/see.jpg 666w\" sizes=\"(max-width: 667px) 100vw, 667px\" \/><span style=\"font-family: verdana, geneva, sans-serif; font-size: 14pt;\"><span style=\"font-size: 12pt;\"><br \/>\nVom 07. bis 08.11.2020 besetzten vier Aktivist*innen unter dem Namen \u201eB\u00fcndnis 91\/Die Gr\u00fcneren\u201c einen Baum auf dem Platz der Alten Synagoge, um sich solidarisch mit dem Widerstand im Dannenr\u00f6der Forst zu zeigen.<\/span><\/span><\/div>\n<div class=\"public-DraftStyleDefault-block public-DraftStyleDefault-ltr\" style=\"text-align: justify;\" data-offset-key=\"bsm8h-0-0\"><span style=\"font-family: verdana, geneva, sans-serif; font-size: 12pt;\">Bereits nach ein paar Stunden sperrten die Cops die Gegend um den Baum ab und verwehrten so Passant*innen den Zugang zu den Besetzer\/innen und dem Infotisch. Ausserdem wurde den Aktivisten\/-innen auf diese Weise der Zugang zu sanit\u00e4ren Anlagen, sowie Essen und Trinken f\u00fcr \u00fcber 30 Stunden verweigert. Nachdem die Aktivisten\/-innen die Besetzung nach \u00fcber 36 Stunden von sich aus beendeten, freiwillig vom Baum kamen und die dort befestigten Plattformen abbauten, wurden ihre Personalien festgestellt.<br \/>\n<a href=\"https:\/\/www.untergrund-bl\u00e4ttle.ch\/politik\/deutschland\/freiburg-baumbesetzung-strafbefehl-6457.html\" target=\"_blank\" rel=\"noopener\"><em>\u00bbuntergrund-bl\u00e4ttle\u00ab berichtete<\/em><\/a><br \/>\n<span style=\"color: #ffffff;\">.<\/span><br \/>\n<span style=\"color: #ffffff;\">.<\/span><\/span><span style=\"font-family: verdana, geneva, sans-serif; font-size: 12pt;\"><span style=\"font-family: verdana, geneva, sans-serif; font-size: 12pt;\"><br \/>\n<span style=\"font-size: 14pt;\"><strong>6. Juni | <\/strong><\/span><\/span><span style=\"font-size: 14pt;\"><strong>Wer und was ist die Hamas?<\/strong><\/span><\/span><\/p>\n<div data-contents=\"true\">\n<div class=\"\" data-block=\"true\" data-editor=\"5o3dj\" data-offset-key=\"dfv6d-0-0\">\n<div class=\"_1mf _1mj\" data-offset-key=\"dfv6d-0-0\"><span style=\"font-family: verdana, geneva, sans-serif; font-size: 12pt;\"><img loading=\"lazy\" class=\"wp-image-27753 aligncenter\" src=\"http:\/\/www.deanreed.de\/AmericanRebel\/2017\/wp-content\/uploads\/2021\/06\/ggtt_phixr-300x81.png\" alt=\"\" width=\"670\" height=\"181\" srcset=\"https:\/\/www.deanreed.de\/AmericanRebel\/2017\/wp-content\/uploads\/2021\/06\/ggtt_phixr-300x81.png 300w, https:\/\/www.deanreed.de\/AmericanRebel\/2017\/wp-content\/uploads\/2021\/06\/ggtt_phixr.png 666w\" sizes=\"(max-width: 670px) 100vw, 670px\" \/><br \/>\nDie Hamas-Partei existiert seit \u00fcber drei\u00dfig Jahren und wurde zur st\u00e4rksten bewaffneten Gruppe im Kampf gegen die israelische Besatzung. Die Ereignisse vom Mai 2021 erh\u00f6hten ihre Popularit\u00e4t unter den Pal\u00e4stinensern. Ermordungen von hochrangigen Hamas-F\u00fchrern machten die Hamas nur militanter. Die Vorenthaltung der Rechte der Pal\u00e4stinenser durch den Westen hat die Hamas st\u00e4rker gemacht.<\/span><br \/>\n<a href=\"https:\/\/rotermorgen.eu\/wer-und-was-ist-die-hamas\/\" target=\"_blank\" rel=\"noopener\"><em><span style=\"font-family: verdana, geneva, sans-serif; font-size: 12pt;\">\u00bbRoterMorgen\u00ab berichtete<\/span><\/em><\/a><\/div>\n<\/div>\n<\/div>\n<p><span style=\"font-family: verdana, geneva, sans-serif; font-size: 12pt; color: #ffffff;\">. <\/span><br \/>\n<span style=\"font-family: verdana, geneva, sans-serif; font-size: 12pt;\"><span style=\"font-family: verdana, geneva, sans-serif; font-size: 12pt;\"><strong><span style=\"color: #ffffff;\">.<\/span><br \/>\n<\/strong><span style=\"font-size: 14pt;\"><strong>6. Juni |<\/strong> <\/span><\/span><strong><span style=\"font-size: 14pt;\">Nackter als im Sonnenbad \u2013<br \/>\neine Chronik um Intrigen und Macht<\/span><\/strong><\/span><\/p>\n<div class=\"public-DraftStyleDefault-block public-DraftStyleDefault-ltr\" style=\"text-align: justify;\" data-offset-key=\"bsm8h-0-0\">\n<p style=\"text-align: justify;\"><span style=\"font-family: verdana, geneva, sans-serif; font-size: 12pt;\"><span style=\"color: #ffffff;\"><span style=\"color: #000000;\"><span style=\"font-family: verdana, geneva, sans-serif; font-size: 12pt;\"><img loading=\"lazy\" class=\"wp-image-27402 aligncenter\" src=\"http:\/\/www.deanreed.de\/AmericanRebel\/2017\/wp-content\/uploads\/2021\/04\/1-Kopie-3-300x81.png\" alt=\"\" width=\"667\" height=\"180\" srcset=\"https:\/\/www.deanreed.de\/AmericanRebel\/2017\/wp-content\/uploads\/2021\/04\/1-Kopie-3-300x81.png 300w, https:\/\/www.deanreed.de\/AmericanRebel\/2017\/wp-content\/uploads\/2021\/04\/1-Kopie-3.png 666w\" sizes=\"(max-width: 667px) 100vw, 667px\" \/><br \/>\nDa bekam der DDR-B\u00fcrger das gro\u00dfe Lachen \u2013 als Bundesb\u00fcrger die DDR-Nackedeis an den Str\u00e4nden der Ostseek\u00fcste entdeckten und pikiert laut aufschrieen, ob dieser \u201eKulturlosigkeit\u201c. Und nun, nach zig Jahren, gab es nochmals einen Aufschrei, als sich n\u00e4mlich der neue Pr\u00e4sident Donald Trump sich mit seinen \u201eunqualifizierten\u201c politischen \u00c4u\u00dferungen, vor allem in Richtung Russland \u2013 im einzigen Interesse der amerikanischen globalen Macht sich trotz der Proteste der b\u00fcrgerlichen Parteien, der Republikaner, als sich also dieser neue Milliard\u00e4r pl\u00f6tzlich ganz nackend zeigte, ohne Skrupel, frech und anma\u00dfend. Nur, die sich da provoziert f\u00fchlten, waren und sind letztlich selber, die sich vor aller Welt entbl\u00f6\u00dften und nackend gemacht wurden.<\/span><br \/>\n<a href=\"http:\/\/www.deanreed.de\/AmericanRebel\/2017\/?s=Nackter+als+im+Sonnenbad\" target=\"_blank\" rel=\"noopener\"><span style=\"font-size: 10pt;\"><em><span style=\"font-family: verdana, geneva, sans-serif;\"><strong>Mathias Br\u00f6ckers: K\u00f6nig Donald, die unsichtbaren Meister und der Kampf um den Thron<\/strong><\/span><\/em><\/span><\/a><br \/>\n<span style=\"font-size: 10pt;\"><em><span style=\"font-family: verdana, geneva, sans-serif;\">Westend Verlag, Frankfurt\/Main, 2017, 208 Seiten, Hardcover ohne Schutzumschlag, 14 Euro<\/span><\/em><\/span><br \/>\n<span style=\"font-size: 10pt;\"><em><span style=\"font-family: verdana, geneva, sans-serif;\">ISBN-10: 3864891906, ISBN-13: 978-3864891908, Gr\u00f6\u00dfe und\/oder Gewicht: 10,6 x 2,1 x 16,2 cm<\/span><\/em><\/span><br \/>\n<\/span><\/span><\/span><\/p>\n<p>&nbsp;<\/p>\n<\/div>\n<\/div>\n<div class=\"public-DraftStyleDefault-block public-DraftStyleDefault-ltr\" style=\"text-align: justify;\" data-offset-key=\"bsm8h-0-0\">\n<p style=\"text-align: center;\"><span style=\"font-family: verdana, geneva, sans-serif; font-size: 12pt;\"><span style=\"color: #ffffff;\"><span style=\"color: #000000;\"><span style=\"font-family: verdana, geneva, sans-serif; font-size: 12pt;\"><span style=\"color: #ffffff;\">.<\/span><br \/>\n____________________________<\/span><\/span><\/span><\/span><\/p>\n<p style=\"text-align: center;\"><span style=\"font-size: 10pt;\"><span style=\"font-family: verdana, geneva, sans-serif;\">Die Redaktionen<\/span><span style=\"font-family: verdana, geneva, sans-serif;\"><strong><br \/>\n<\/strong>danken den Volkskorrespondenten\/-innen Hosteni, Zeki, Nico,<\/span><\/span><br \/>\n<span style=\"font-family: verdana, geneva, sans-serif; font-size: 10pt;\">KikiRebel, Rui-Filipe, Sascha, Kalle, Heinrich, Klaus, Fiete, Reinhold u. A.<\/span><br \/>\n<span style=\"font-family: verdana, geneva, sans-serif; font-size: 10pt;\">f\u00fcr die Unterst\u00fctzung bei der Erstellung.<strong><br \/>\n<\/strong>Dieser R\u00fcckblick erhebt nicht den Anspruch auf Vollst\u00e4ndigkeit.<\/span><br \/>\n<span style=\"font-family: verdana, geneva, sans-serif; font-size: 10pt;\"><strong>Verlinkte- und mit Namen gekennzeichnete Texte m\u00fcssen<\/strong><\/span><br \/>\n<span style=\"font-family: verdana, geneva, sans-serif; font-size: 10pt;\"><strong>nicht in allen Punkten den Meinungen unserer Redaktionen entsprechen.<br \/>\n<span style=\"color: #ffffff;\">.<\/span><br \/>\n\u00bbWochenr\u00fcckblick\u00ab ist ein Projekt von<\/strong><strong><a href=\"https:\/\/rotermorgen.eu\/8197-2\/\" target=\"_blank\" rel=\"noopener\"><img loading=\"lazy\" class=\"wp-image-8196 aligncenter\" src=\"https:\/\/rotermorgen.eu\/wp-content\/uploads\/2021\/01\/2-Kopie-2-1.png\" alt=\"\" width=\"292\" height=\"142\" \/><\/a>Schickt uns Eure Kurzberichte<br \/>\nund Veranstaltungshinweise!<br \/>\neMail: <a href=\"mailto:Wochenrueckblick@gmx.net\" target=\"_blank\" rel=\"noopener noreferrer\">Wochenrueckblick@gmx.net<\/a><br \/>\nRedaktionsschluss: Jeden Sonntag 20:00 Uhr<\/strong><\/span><\/p>\n<p><span style=\"color: #ffffff;\"><span style=\"color: #333333;\"><\/div><!-- .hide-this-part --><\/div><!-- hide-this-part-wrap --><\/span><br \/>\n.<br \/>\n<\/span><\/p>\n<blockquote>\n<p style=\"text-align: center;\"><input name=\"hosted_button_id\" type=\"hidden\" value=\"YBAWB885PFM9Y\" \/><\/p>\n<\/blockquote>\n<\/div>\n<\/div>\n","protected":false},"excerpt":{"rendered":"<p>Zur\u00fcckblickend auf die letzten Tage sind uns einige kommentierbare Vorkommnisse ins Auge gefallen, die wir hier zur Diskussion stellen. (Kommis bitte unten eintragen!) .. . 31. Mai | Zur Frage der revolution\u00e4ren Gewalt Gewalt als Mittel im Kampf gegen die [&hellip;]<a class=\"more-link\" href=\"https:\/\/www.deanreed.de\/AmericanRebel\/2017\/2021\/06\/07\/wochenrueckblick-22-kw-2021\/\">&darr; Lese den Rest von diesem Eintrag&#8230;<\/a><\/p>\n","protected":false},"author":2,"featured_media":0,"comment_status":"open","ping_status":"open","sticky":false,"template":"","format":"standard","meta":[],"categories":[1],"tags":[748,4864,2594,8,4787,4728,5151,4866,5185,3939,4729,4730,4791,2021,4731,4869,2225,4870,4601,5186,1329,5205,4734,4011,4736],"yoast_head":"<!-- This site is optimized with the Yoast SEO plugin v17.5 - https:\/\/yoast.com\/wordpress\/plugins\/seo\/ -->\n<title>- Wochenr\u00fcckblick 22. KW. 2021 &ndash; Onlinezeitung AmericanRebel<\/title>\n<meta name=\"robots\" content=\"index, follow, max-snippet:-1, max-image-preview:large, max-video-preview:-1\" \/>\n<link rel=\"canonical\" href=\"https:\/\/www.deanreed.de\/AmericanRebel\/2017\/2021\/06\/07\/wochenrueckblick-22-kw-2021\/\" \/>\n<meta property=\"og:locale\" content=\"de_DE\" \/>\n<meta property=\"og:type\" content=\"article\" \/>\n<meta property=\"og:title\" content=\"- Wochenr\u00fcckblick 22. KW. 2021 &ndash; Onlinezeitung AmericanRebel\" \/>\n<meta property=\"og:description\" content=\"Zur\u00fcckblickend auf die letzten Tage sind uns einige kommentierbare Vorkommnisse ins Auge gefallen, die wir hier zur Diskussion stellen.\" \/>\n<meta property=\"og:url\" content=\"https:\/\/www.deanreed.de\/AmericanRebel\/2017\/2021\/06\/07\/wochenrueckblick-22-kw-2021\/\" \/>\n<meta property=\"og:site_name\" content=\"Onlinezeitung AmericanRebel\" \/>\n<meta property=\"article:published_time\" content=\"2021-06-06T22:01:20+00:00\" \/>\n<meta property=\"article:modified_time\" content=\"2021-06-07T03:14:17+00:00\" \/>\n<meta property=\"og:image\" content=\"https:\/\/www.deanreed.de\/AmericanRebel\/2017\/wp-content\/uploads\/2020\/12\/3-Kopie.png\" \/>\n\t<meta property=\"og:image:width\" content=\"640\" \/>\n\t<meta property=\"og:image:height\" content=\"460\" \/>\n<meta name=\"twitter:card\" content=\"summary_large_image\" \/>\n<meta name=\"twitter:label1\" content=\"Verfasst von\" \/>\n\t<meta name=\"twitter:data1\" content=\"Redaktion\" \/>\n\t<meta name=\"twitter:label2\" content=\"Gesch\u00e4tzte Lesezeit\" \/>\n\t<meta name=\"twitter:data2\" content=\"10\u00a0Minuten\" \/>\n<script type=\"application\/ld+json\" class=\"yoast-schema-graph\">{\"@context\":\"https:\/\/schema.org\",\"@graph\":[{\"@type\":\"WebSite\",\"@id\":\"https:\/\/www.deanreed.de\/AmericanRebel\/2017\/#website\",\"url\":\"https:\/\/www.deanreed.de\/AmericanRebel\/2017\/\",\"name\":\"Onlinezeitung AmericanRebel\",\"description\":\"Internationale Onlinezeitung f\\u00fcr Frieden, Humanismus, V\\u00f6lkerverst\\u00e4ndigung und Kultur\",\"potentialAction\":[{\"@type\":\"SearchAction\",\"target\":{\"@type\":\"EntryPoint\",\"urlTemplate\":\"https:\/\/www.deanreed.de\/AmericanRebel\/2017\/?s={search_term_string}\"},\"query-input\":\"required name=search_term_string\"}],\"inLanguage\":\"de\"},{\"@type\":\"ImageObject\",\"@id\":\"https:\/\/www.deanreed.de\/AmericanRebel\/2017\/2021\/06\/07\/wochenrueckblick-22-kw-2021\/#primaryimage\",\"inLanguage\":\"de\",\"url\":\"https:\/\/www.deanreed.de\/AmericanRebel\/2017\/wp-content\/uploads\/2020\/12\/3-Kopie.png\",\"contentUrl\":\"https:\/\/www.deanreed.de\/AmericanRebel\/2017\/wp-content\/uploads\/2020\/12\/3-Kopie.png\",\"width\":640,\"height\":460},{\"@type\":\"WebPage\",\"@id\":\"https:\/\/www.deanreed.de\/AmericanRebel\/2017\/2021\/06\/07\/wochenrueckblick-22-kw-2021\/#webpage\",\"url\":\"https:\/\/www.deanreed.de\/AmericanRebel\/2017\/2021\/06\/07\/wochenrueckblick-22-kw-2021\/\",\"name\":\"- Wochenr\\u00fcckblick 22. KW. 2021 &ndash; Onlinezeitung AmericanRebel\",\"isPartOf\":{\"@id\":\"https:\/\/www.deanreed.de\/AmericanRebel\/2017\/#website\"},\"primaryImageOfPage\":{\"@id\":\"https:\/\/www.deanreed.de\/AmericanRebel\/2017\/2021\/06\/07\/wochenrueckblick-22-kw-2021\/#primaryimage\"},\"datePublished\":\"2021-06-06T22:01:20+00:00\",\"dateModified\":\"2021-06-07T03:14:17+00:00\",\"author\":{\"@id\":\"https:\/\/www.deanreed.de\/AmericanRebel\/2017\/#\/schema\/person\/9edfca7917cd10b75edaae51c6e7935a\"},\"breadcrumb\":{\"@id\":\"https:\/\/www.deanreed.de\/AmericanRebel\/2017\/2021\/06\/07\/wochenrueckblick-22-kw-2021\/#breadcrumb\"},\"inLanguage\":\"de\",\"potentialAction\":[{\"@type\":\"ReadAction\",\"target\":[\"https:\/\/www.deanreed.de\/AmericanRebel\/2017\/2021\/06\/07\/wochenrueckblick-22-kw-2021\/\"]}]},{\"@type\":\"BreadcrumbList\",\"@id\":\"https:\/\/www.deanreed.de\/AmericanRebel\/2017\/2021\/06\/07\/wochenrueckblick-22-kw-2021\/#breadcrumb\",\"itemListElement\":[{\"@type\":\"ListItem\",\"position\":1,\"name\":\"Startseite\",\"item\":\"https:\/\/www.deanreed.de\/AmericanRebel\/2017\/\"},{\"@type\":\"ListItem\",\"position\":2,\"name\":\"&#8211; Wochenr\\u00fcckblick 22. KW. 2021\"}]},{\"@type\":\"Person\",\"@id\":\"https:\/\/www.deanreed.de\/AmericanRebel\/2017\/#\/schema\/person\/9edfca7917cd10b75edaae51c6e7935a\",\"name\":\"Redaktion\",\"url\":\"https:\/\/www.deanreed.de\/AmericanRebel\/2017\/author\/redaktion\/\"}]}<\/script>\n<!-- \/ Yoast SEO plugin. -->","yoast_head_json":{"title":"- Wochenr\u00fcckblick 22. KW. 2021 &ndash; Onlinezeitung AmericanRebel","robots":{"index":"index","follow":"follow","max-snippet":"max-snippet:-1","max-image-preview":"max-image-preview:large","max-video-preview":"max-video-preview:-1"},"canonical":"https:\/\/www.deanreed.de\/AmericanRebel\/2017\/2021\/06\/07\/wochenrueckblick-22-kw-2021\/","og_locale":"de_DE","og_type":"article","og_title":"- Wochenr\u00fcckblick 22. KW. 2021 &ndash; Onlinezeitung AmericanRebel","og_description":"Zur\u00fcckblickend auf die letzten Tage sind uns einige kommentierbare Vorkommnisse ins Auge gefallen, die wir hier zur Diskussion stellen.","og_url":"https:\/\/www.deanreed.de\/AmericanRebel\/2017\/2021\/06\/07\/wochenrueckblick-22-kw-2021\/","og_site_name":"Onlinezeitung AmericanRebel","article_published_time":"2021-06-06T22:01:20+00:00","article_modified_time":"2021-06-07T03:14:17+00:00","og_image":[{"width":640,"height":460,"url":"https:\/\/www.deanreed.de\/AmericanRebel\/2017\/wp-content\/uploads\/2020\/12\/3-Kopie.png","type":"image\/png"}],"twitter_card":"summary_large_image","twitter_misc":{"Verfasst von":"Redaktion","Gesch\u00e4tzte Lesezeit":"10\u00a0Minuten"},"schema":{"@context":"https:\/\/schema.org","@graph":[{"@type":"WebSite","@id":"https:\/\/www.deanreed.de\/AmericanRebel\/2017\/#website","url":"https:\/\/www.deanreed.de\/AmericanRebel\/2017\/","name":"Onlinezeitung AmericanRebel","description":"Internationale Onlinezeitung f\u00fcr Frieden, Humanismus, V\u00f6lkerverst\u00e4ndigung und Kultur","potentialAction":[{"@type":"SearchAction","target":{"@type":"EntryPoint","urlTemplate":"https:\/\/www.deanreed.de\/AmericanRebel\/2017\/?s={search_term_string}"},"query-input":"required name=search_term_string"}],"inLanguage":"de"},{"@type":"ImageObject","@id":"https:\/\/www.deanreed.de\/AmericanRebel\/2017\/2021\/06\/07\/wochenrueckblick-22-kw-2021\/#primaryimage","inLanguage":"de","url":"https:\/\/www.deanreed.de\/AmericanRebel\/2017\/wp-content\/uploads\/2020\/12\/3-Kopie.png","contentUrl":"https:\/\/www.deanreed.de\/AmericanRebel\/2017\/wp-content\/uploads\/2020\/12\/3-Kopie.png","width":640,"height":460},{"@type":"WebPage","@id":"https:\/\/www.deanreed.de\/AmericanRebel\/2017\/2021\/06\/07\/wochenrueckblick-22-kw-2021\/#webpage","url":"https:\/\/www.deanreed.de\/AmericanRebel\/2017\/2021\/06\/07\/wochenrueckblick-22-kw-2021\/","name":"- Wochenr\u00fcckblick 22. KW. 2021 &ndash; Onlinezeitung AmericanRebel","isPartOf":{"@id":"https:\/\/www.deanreed.de\/AmericanRebel\/2017\/#website"},"primaryImageOfPage":{"@id":"https:\/\/www.deanreed.de\/AmericanRebel\/2017\/2021\/06\/07\/wochenrueckblick-22-kw-2021\/#primaryimage"},"datePublished":"2021-06-06T22:01:20+00:00","dateModified":"2021-06-07T03:14:17+00:00","author":{"@id":"https:\/\/www.deanreed.de\/AmericanRebel\/2017\/#\/schema\/person\/9edfca7917cd10b75edaae51c6e7935a"},"breadcrumb":{"@id":"https:\/\/www.deanreed.de\/AmericanRebel\/2017\/2021\/06\/07\/wochenrueckblick-22-kw-2021\/#breadcrumb"},"inLanguage":"de","potentialAction":[{"@type":"ReadAction","target":["https:\/\/www.deanreed.de\/AmericanRebel\/2017\/2021\/06\/07\/wochenrueckblick-22-kw-2021\/"]}]},{"@type":"BreadcrumbList","@id":"https:\/\/www.deanreed.de\/AmericanRebel\/2017\/2021\/06\/07\/wochenrueckblick-22-kw-2021\/#breadcrumb","itemListElement":[{"@type":"ListItem","position":1,"name":"Startseite","item":"https:\/\/www.deanreed.de\/AmericanRebel\/2017\/"},{"@type":"ListItem","position":2,"name":"&#8211; Wochenr\u00fcckblick 22. KW. 2021"}]},{"@type":"Person","@id":"https:\/\/www.deanreed.de\/AmericanRebel\/2017\/#\/schema\/person\/9edfca7917cd10b75edaae51c6e7935a","name":"Redaktion","url":"https:\/\/www.deanreed.de\/AmericanRebel\/2017\/author\/redaktion\/"}]}},"_links":{"self":[{"href":"https:\/\/www.deanreed.de\/AmericanRebel\/2017\/wp-json\/wp\/v2\/posts\/27755"}],"collection":[{"href":"https:\/\/www.deanreed.de\/AmericanRebel\/2017\/wp-json\/wp\/v2\/posts"}],"about":[{"href":"https:\/\/www.deanreed.de\/AmericanRebel\/2017\/wp-json\/wp\/v2\/types\/post"}],"author":[{"embeddable":true,"href":"https:\/\/www.deanreed.de\/AmericanRebel\/2017\/wp-json\/wp\/v2\/users\/2"}],"replies":[{"embeddable":true,"href":"https:\/\/www.deanreed.de\/AmericanRebel\/2017\/wp-json\/wp\/v2\/comments?post=27755"}],"version-history":[{"count":6,"href":"https:\/\/www.deanreed.de\/AmericanRebel\/2017\/wp-json\/wp\/v2\/posts\/27755\/revisions"}],"predecessor-version":[{"id":27761,"href":"https:\/\/www.deanreed.de\/AmericanRebel\/2017\/wp-json\/wp\/v2\/posts\/27755\/revisions\/27761"}],"wp:attachment":[{"href":"https:\/\/www.deanreed.de\/AmericanRebel\/2017\/wp-json\/wp\/v2\/media?parent=27755"}],"wp:term":[{"taxonomy":"category","embeddable":true,"href":"https:\/\/www.deanreed.de\/AmericanRebel\/2017\/wp-json\/wp\/v2\/categories?post=27755"},{"taxonomy":"post_tag","embeddable":true,"href":"https:\/\/www.deanreed.de\/AmericanRebel\/2017\/wp-json\/wp\/v2\/tags?post=27755"}],"curies":[{"name":"wp","href":"https:\/\/api.w.org\/{rel}","templated":true}]}}