{"id":27696,"date":"2021-05-31T00:01:06","date_gmt":"2021-05-30T22:01:06","guid":{"rendered":"http:\/\/www.deanreed.de\/AmericanRebel\/2017\/?p=27696"},"modified":"2021-06-22T14:46:39","modified_gmt":"2021-06-22T12:46:39","slug":"wochenrueckblick-21-kw-2021","status":"publish","type":"post","link":"https:\/\/www.deanreed.de\/AmericanRebel\/2017\/2021\/05\/31\/wochenrueckblick-21-kw-2021\/","title":{"rendered":"&#8211; Wochenr\u00fcckblick 21. KW. 2021"},"content":{"rendered":"<p><strong><span style=\"color: #993300; font-family: verdana, geneva, sans-serif; font-size: 14pt;\">Zur\u00fcckblickend auf die letzten Tage sind uns einige kommentierbare Vorkommnisse ins Auge gefallen, die wir hier zur Diskussion stellen.<\/span><\/strong><br \/>\n<span style=\"font-family: verdana, geneva, sans-serif; font-size: 12pt;\"><span style=\"color: #000000;\">(Kommis bitte unten eintragen!)<\/span><br \/>\n<span style=\"color: #ffffff;\">.<\/span><span style=\"color: #ffffff;\">.<br \/>\n<span style=\"color: #000000;\"><strong><span style=\"color: #ffffff;\">.<\/span><br \/>\n<\/strong><\/span><\/span><span style=\"font-size: 14pt;\"><span style=\"color: #000000;\"><strong>24. Mai | <\/strong><\/span><strong>Hoch die Internationale Solidarit\u00e4t \u2013<br \/>\nErfolgreiches Konzert von Grup Yorum in Paris!<\/strong> <\/span><\/span><\/p>\n<p><span style=\"font-family: verdana, geneva, sans-serif; font-size: 12pt;\"><img loading=\"lazy\" class=\"wp-image-27698 aligncenter\" src=\"http:\/\/www.deanreed.de\/AmericanRebel\/2017\/wp-content\/uploads\/2021\/06\/u8ipie-300x81.png\" alt=\"\" width=\"667\" height=\"180\" srcset=\"https:\/\/www.deanreed.de\/AmericanRebel\/2017\/wp-content\/uploads\/2021\/06\/u8ipie-300x81.png 300w, https:\/\/www.deanreed.de\/AmericanRebel\/2017\/wp-content\/uploads\/2021\/06\/u8ipie.png 666w\" sizes=\"(max-width: 667px) 100vw, 667px\" \/><br \/>\nAm Freitag, 21. Mai gab die bekannte Protestband \u00bb<em>Grup Yorum<\/em>\u00ab ein beeindruchendes, internationales Solidarit\u00e4tskonzert in Paris, an dem Dutzende von progressiven K\u00fcnstler\/innen teilnahmen.<br \/>\n<span style=\"color: #ffffff;\">&#8230;<\/span>Das Programm begann um 19:00 Uhr mit einer Er\u00f6ffnungsrede der Band. Unterst\u00fctzer\/innen mit Soli-Tickets konnten teilweise mit Grup Yorum auf der Leinwand erscheinen und das Konzert quasi aus n\u00e4chster N\u00e4he mitverfolgen.<\/span><br \/>\n<span style=\"font-family: verdana, geneva, sans-serif; font-size: 12pt;\"><a href=\"https:\/\/rotermorgen.eu\/hoch-die-internationale-solidaritaet-erfolgreiches-konzert-von-grup-yorum-in-paris\/\" target=\"_blank\" rel=\"noopener\"><em>RoterMorgen berichtete<\/em><\/a><br \/>\n<span style=\"color: #ffffff;\">.<\/span><br \/>\n<span style=\"color: #ffffff;\">.<\/span><br \/>\n<span style=\"color: #ffffff;\"><span style=\"color: #000000; font-size: 14pt;\"><strong>24. April |<\/strong> <\/span><\/span><span style=\"font-size: 14pt;\"><strong>Ceuta: \u00fcber 8.000 Migranten<br \/>\nals Spielball internationaler Streitigkeiten<\/strong> <\/span><\/span><\/p>\n<p style=\"text-align: justify;\"><span style=\"font-family: verdana, geneva, sans-serif; font-size: 12pt;\"><span style=\"color: #ffffff;\"><span style=\"color: #000000;\"><span style=\"font-family: verdana, geneva, sans-serif; font-size: 12pt;\"><img loading=\"lazy\" class=\"wp-image-27699 aligncenter\" src=\"http:\/\/www.deanreed.de\/AmericanRebel\/2017\/wp-content\/uploads\/2021\/06\/1-format6001-300x81.jpg\" alt=\"\" width=\"667\" height=\"180\" srcset=\"https:\/\/www.deanreed.de\/AmericanRebel\/2017\/wp-content\/uploads\/2021\/06\/1-format6001-300x81.jpg 300w, https:\/\/www.deanreed.de\/AmericanRebel\/2017\/wp-content\/uploads\/2021\/06\/1-format6001.jpg 666w\" sizes=\"(max-width: 667px) 100vw, 667px\" \/><br \/>\nIn Ceuta brachen am Dienstag (18. Mai 2021) alle D\u00e4mme. Innerhalb der letzten Tage kamen \u00fcber 8.000 Menschen, darunter \u00fcber 1.500 Kinder und Jugendliche, in die spanische Enklave Ceuta. Daf\u00fcr mussten sie die hohen Z\u00e4une \u00fcberwinden oder Kilometerlange Barrieren auf dem Meer umrunden. Spaniens Regierung beschuldigt Marokko die Grenze nicht zu \u00fcberwachen und sogar Druck zu machen, um Migranten und Fl\u00fcchtlinge nach Europa zu dr\u00e4ngen und schickt die die meisten Migranten wieder zur\u00fcck. Die Not der Menschen wird zur Waffe der diplomatischen Auseinandersetzungen zwischen Marokko und Spanien.<br \/>\n<a href=\"https:\/\/info-welt.eu\/ceuta-ueber-8-000-migranten-als-spielball-internationaler-streitigkeiten\/\" target=\"_blank\" rel=\"noopener\"><em>Rui Filipe Gutschmidt berichtete auf \u00bbInfoWelt\u00ab<\/em><\/a><\/span><br \/>\n<span style=\"color: #ffffff;\">.<\/span><br \/>\n<\/span>.<\/span><\/span><br \/>\n<span style=\"font-family: verdana, geneva, sans-serif; font-size: 12pt;\"><span style=\"font-size: 14pt;\"><strong>24. M\u00e4rz | <\/strong><strong>Die Schweinezucht im gro\u00dfen Stil,<br \/>\nmuss ein Ende finden<\/strong><\/span><\/span><\/p>\n<p style=\"text-align: justify;\"><span style=\"font-family: verdana, geneva, sans-serif; font-size: 12pt;\"><img loading=\"lazy\" class=\"wp-image-27700 aligncenter\" src=\"http:\/\/www.deanreed.de\/AmericanRebel\/2017\/wp-content\/uploads\/2021\/06\/ghhj-300x81.jpg\" alt=\"\" width=\"667\" height=\"180\" srcset=\"https:\/\/www.deanreed.de\/AmericanRebel\/2017\/wp-content\/uploads\/2021\/06\/ghhj-300x81.jpg 300w, https:\/\/www.deanreed.de\/AmericanRebel\/2017\/wp-content\/uploads\/2021\/06\/ghhj.jpg 666w\" sizes=\"(max-width: 667px) 100vw, 667px\" \/><br \/>\nDie kapitalistische Massentierhaltung steht schon seit langem in der Kritik. Tierqu\u00e4lerei, fehlende Hygiene, Gesundheitsrisiken f\u00fcr Mensch und Tier \u2013 all dies wird in Schweinezuchtanlagen vereint. Trotzdem gab es bisher keine wirkungsvollen Ma\u00dfnahmen, wohl auch kaum Interesse, welche diese Industrie in die Schranken weisen.<br \/>\n<a href=\"https:\/\/www.der-revolutionaer.de\/die-schweinezucht-im-grossen-stil-muss-ein-ende-finden\/\" target=\"_blank\" rel=\"noopener\"><em>Heinrich Schreiber berichtete auf \u00bbDerRevolution\u00e4r\u00ab<\/em><\/a> \u00a0 <div class=\"hide-this-part-wrap\"><div class=\"hide-this-part-more\" id=\"hide-this-part-0\" morelink-text=\"hier geht es weiter\">hier geht es weiter \u00bb<\/div><div class=\"hide-this-part\" status=\"invisible\"><br \/>\n<span style=\"color: #ffffff;\">.<\/span><\/span><\/p>\n<p><span style=\"font-family: verdana, geneva, sans-serif;\"><strong><span style=\"font-size: 14pt;\">24. April | Es bleibt ein verbrecherisches System:<br \/>\nDie Ausbeutung im Kapitalismus.<\/span><\/strong><\/span><\/p>\n<p style=\"text-align: justify;\"><span style=\"font-family: verdana, geneva, sans-serif; font-size: 12pt;\"><img loading=\"lazy\" class=\"wp-image-27704 aligncenter\" src=\"http:\/\/www.deanreed.de\/AmericanRebel\/2017\/wp-content\/uploads\/2021\/06\/jz65r-300x81.png\" alt=\"\" width=\"667\" height=\"180\" srcset=\"https:\/\/www.deanreed.de\/AmericanRebel\/2017\/wp-content\/uploads\/2021\/06\/jz65r-300x81.png 300w, https:\/\/www.deanreed.de\/AmericanRebel\/2017\/wp-content\/uploads\/2021\/06\/jz65r.png 666w\" sizes=\"(max-width: 667px) 100vw, 667px\" \/><br \/>\nLange Arbeitszeiten stellen laut einer UN-Studie ein Gesundheitsrisiko dar und kosten j\u00e4hrlich Hunderttausende Menschenleben. Dies berichtet die Deutsche Presse-Agentur unter Verweis auf eine Studie, die im Auftrag des Projekts Global Burden of Disease durchgef\u00fchrt wurde. Demnach gehen die Weltgesundheitsorganisation (WHO) und die Internationale Arbeitsorganisation (ILO) davon aus, dass im Jahr 2016 weltweit rund 398.000 Menschen an Schlaganf\u00e4llen und etwa 347.000 an koronarer Herzerkrankung starben, weil sie 55 Wochenstunden oder mehr gearbeitet hatten. Derartige Arbeitszeiten w\u00fcrden fast neun Prozent der Weltbev\u00f6lkerung betreffen.<br \/>\n<a href=\"https:\/\/www.der-revolutionaer.de\/es-bleibt-ein-verbrecherisches-system-die-ausbeutung-im-kapitalismus\/\" target=\"_blank\" rel=\"noopener\"><em>Heinrich Schreiber berichtete auf \u00bbDerRevolution\u00e4r\u00ab<\/em><\/a><br \/>\n<span style=\"color: #ffffff;\">.<\/span><br \/>\n<span style=\"color: #ffffff;\">.<\/span><br \/>\n<span style=\"font-size: 14pt;\"><strong>26. April | H\u00e4tte er mal Marx gelesen\u2026<\/strong><\/span><\/span><\/p>\n<p style=\"text-align: justify;\"><span style=\"font-family: verdana, geneva, sans-serif; font-size: 12pt;\"><span class=\"d2edcug0 hpfvmrgz qv66sw1b c1et5uql oi732d6d ik7dh3pa ht8s03o8 jq4qci2q a3bd9o3v knj5qynh oo9gr5id\"><img loading=\"lazy\" class=\"wp-image-27701 aligncenter\" src=\"http:\/\/www.deanreed.de\/AmericanRebel\/2017\/wp-content\/uploads\/2021\/06\/8-300x81.png\" alt=\"\" width=\"667\" height=\"180\" srcset=\"https:\/\/www.deanreed.de\/AmericanRebel\/2017\/wp-content\/uploads\/2021\/06\/8-300x81.png 300w, https:\/\/www.deanreed.de\/AmericanRebel\/2017\/wp-content\/uploads\/2021\/06\/8.png 666w\" sizes=\"(max-width: 667px) 100vw, 667px\" \/><br \/>\nIm ICE, auf dem Weg nach Hamburg, las ich soeben im konsequent gegenderten Magazin der Deutschen Bahn, ein Interview mit dem Juristen und Bestsellerautor Ferdinand von Schirach. Darin antwortet der Autor auf die Frage der Interviewerin, was die von ihm vorgeschlagenen sechs neuen Grundrechte mit ihrem Alltag zu tun h\u00e4tten: \u201eDie Grundrechte betreffen Sie \u00fcberall in Ihrem Leben \u2013 ob Sie sich im Internet bewegen und Sorge haben, dass Sie ausgeforscht und manipuliert werden, oder ob Sie ein T-Shirt kaufen, von dem Sie nicht wollen, dass es in einer H\u00f6llenfabrik von Sklaven hergestellt wurde. Oder ob Sie in einer gesunden Umwelt leben wollen, wie vermutlich ja die meisten Menschen.\u201c<br \/>\n<\/span><em><a href=\"http:\/\/www.deanreed.de\/AmericanRebel\/vk\/440\/\" target=\"_blank\" rel=\"noopener\">Volkskorrespondent<\/a> <a href=\"https:\/\/rotermorgen.eu\/haette-er-mal-marx-gelesen\/\" target=\"_blank\" rel=\"noopener\">Heinz Michael Vilsmeier berichtete u. a. in RoterMorgen\u00ab<\/a><\/em><br \/>\n<span style=\"color: #ffffff;\">.<\/span><br \/>\n<span style=\"color: #ffffff;\">.<\/span><br \/>\n<strong><span style=\"font-size: 14pt;\">26. April | Die neue Rote Hilfe Zeitung ist erschienen!<\/span><\/strong> <\/span><\/p>\n<p style=\"text-align: justify;\"><span style=\"font-family: verdana, geneva, sans-serif; font-size: 12pt;\"><img loading=\"lazy\" class=\"wp-image-27706 aligncenter\" src=\"http:\/\/www.deanreed.de\/AmericanRebel\/2017\/wp-content\/uploads\/2021\/06\/3-Kopie-4-300x81.png\" alt=\"\" width=\"667\" height=\"180\" srcset=\"https:\/\/www.deanreed.de\/AmericanRebel\/2017\/wp-content\/uploads\/2021\/06\/3-Kopie-4-300x81.png 300w, https:\/\/www.deanreed.de\/AmericanRebel\/2017\/wp-content\/uploads\/2021\/06\/3-Kopie-4.png 666w\" sizes=\"(max-width: 667px) 100vw, 667px\" \/><br \/>\nSchwerpunkt der Ausgabe:<strong> Rassistische Repression<\/strong>.<\/span><br \/>\n<span style=\"font-family: verdana, geneva, sans-serif; font-size: 12pt;\"><span style=\"color: #ffffff;\">&#8230;<\/span>Ihr k\u00f6nnt die Zeitung im Bahnhofsbuchhandel kaufen oder im Literaturvertrieb bestellen. Mitglieder bekommen die Zeitung zugeschickt.<br \/>\n<em><a href=\"https:\/\/www.rote-hilfe.de\/rhz-neue-ausgabe\/1139-rote-hilfe-zeitung-2-2021\" target=\"_blank\" rel=\"noopener\">Au\u00dferdem ist sie wie alle Ausgaben seit 3\/2011 auch als PDF-Download verf\u00fcgbar.<\/a><\/em><br \/>\n<\/span><span style=\"font-family: verdana, geneva, sans-serif; font-size: 12pt;\"><span style=\"color: #ffffff;\">.<\/span><br \/>\n<span style=\"color: #ffffff;\">.<\/span><strong><br \/>\n<\/strong><\/span><span style=\"font-family: verdana, geneva, sans-serif; font-size: 12pt;\"><span style=\"font-family: verdana, geneva, sans-serif; font-size: 12pt;\"><span style=\"font-size: 14pt;\"><strong>29. April |<\/strong><\/span><\/span><\/span> <span style=\"font-size: 14pt;\"><strong><span style=\"font-family: verdana, geneva, sans-serif;\">Namibia: Die V\u00f6lker der Herero und Nama<br \/>\nlehnen den Betrugsversuch der Bundesregierung ab<\/span><\/strong><\/span><\/p>\n<p>&nbsp;<\/p>\n<div class=\"\" data-block=\"true\" data-editor=\"7504f\" data-offset-key=\"bsm8h-0-0\">\n<div class=\"public-DraftStyleDefault-block public-DraftStyleDefault-ltr\" data-offset-key=\"bsm8h-0-0\"><span style=\"font-family: verdana, geneva, sans-serif; font-size: 12pt;\"><img loading=\"lazy\" class=\"wp-image-27707 aligncenter\" src=\"http:\/\/www.deanreed.de\/AmericanRebel\/2017\/wp-content\/uploads\/2021\/06\/ddfft-300x81.jpg\" alt=\"\" width=\"667\" height=\"180\" srcset=\"https:\/\/www.deanreed.de\/AmericanRebel\/2017\/wp-content\/uploads\/2021\/06\/ddfft-300x81.jpg 300w, https:\/\/www.deanreed.de\/AmericanRebel\/2017\/wp-content\/uploads\/2021\/06\/ddfft.jpg 666w\" sizes=\"(max-width: 667px) 100vw, 667px\" \/><br \/>\nWenn Au\u00dfenminister Heiko Maas (SPD) sich \u00fcber irgendetwas<em> \u201efroh und dankbar\u201c<\/em> zeigt, so ist au\u00dferordentliche Vorsicht geboten!<\/span><br \/>\n<span style=\"font-family: verdana, geneva, sans-serif; font-size: 12pt;\"><span style=\"color: #ffffff;\">&#8230;<span id=\"more-8557\"><\/span><\/span>So auch bei der jetzt mit der namibischen Regierung ausgehandelten Einigung zum deutschen V\u00f6lkermord in Namibia in den Jahren von 1904 bis 1908. Damals wurden fast drei Viertel der Herero von Deutschen ermordet. Die Massaker gelten mithin als der erste Genozid des 20. Jahrhunderts.<\/span><br \/>\n<span style=\"font-family: verdana, geneva, sans-serif; font-size: 12pt;\">\u00bbArbeit Zukunfr\u00ab berichtete ausf\u00fchrlich<\/span><br \/>\n<span style=\"font-family: verdana, geneva, sans-serif; font-size: 12pt; color: #ffffff;\">.<\/span><br \/>\n<span style=\"font-family: verdana, geneva, sans-serif; font-size: 12pt; color: #ffffff;\">.<\/span><br \/>\n<span style=\"font-family: verdana, geneva, sans-serif; font-size: 14pt;\"><span style=\"font-family: verdana, geneva, sans-serif; font-size: 14pt;\"><strong>29. April | <\/strong><\/span><strong>Spahn beschuldigt T\u00fcrken und Albaner<br \/>\n<\/strong><\/span><br \/>\n<span style=\"font-family: verdana, geneva, sans-serif; font-size: 12pt;\"><img loading=\"lazy\" class=\"wp-image-27702 aligncenter\" src=\"http:\/\/www.deanreed.de\/AmericanRebel\/2017\/wp-content\/uploads\/2021\/06\/dfz-300x81.png\" alt=\"\" width=\"667\" height=\"180\" srcset=\"https:\/\/www.deanreed.de\/AmericanRebel\/2017\/wp-content\/uploads\/2021\/06\/dfz-300x81.png 300w, https:\/\/www.deanreed.de\/AmericanRebel\/2017\/wp-content\/uploads\/2021\/06\/dfz.png 666w\" sizes=\"(max-width: 667px) 100vw, 667px\" \/><br \/>\nJa wirklich ARD, das ist eure Nachricht? Dass die T\u00fcrken und Albaner unzufrieden sind? Seid ihr so mit Bei\u00dfreflexen gegen Russland besch\u00e4ftigt? Ihr h\u00e4ttet da ja mal gucken k\u00f6nnen, ob daran sogar was dran ist. Das PR-Blabla der T\u00fcrkei und von Albanien ist doch mal absolut irrelevant an der Stelle! Basiert das auf Zahlen? Wenn ja, welche? Wo kommen die her? Sind die belastbar? Wenn er das wusste, wieso hat er das dann nicht verhindert, als es noch ging? Oder kamen ihm die gelieferten Zahlen gerade recht?<\/span><br \/>\n<a href=\"https:\/\/www.der-revolutionaer.de\/spahn-beschuldigt-tuerken-und-albaner\/\" target=\"_blank\" rel=\"noopener\"><em><span style=\"font-family: verdana, geneva, sans-serif; font-size: 12pt;\">Heinrich Schreiber kommentierte auf \u00bbDerRevolution\u00e4r\u00ab<\/span><\/em><\/a><br \/>\n<span style=\"font-family: verdana, geneva, sans-serif; font-size: 12pt; color: #ffffff;\">.<\/span><br \/>\n<span style=\"font-family: verdana, geneva, sans-serif; font-size: 12pt; color: #ffffff;\">.<\/span><\/div>\n<div class=\"public-DraftStyleDefault-block public-DraftStyleDefault-ltr\" data-offset-key=\"bsm8h-0-0\"><span style=\"font-family: verdana, geneva, sans-serif; font-size: 14pt;\"><span style=\"font-family: verdana, geneva, sans-serif; font-size: 14pt;\"><strong>30. Mai | <\/strong><\/span><strong>Habeck erkl\u00e4rt gr\u00fcnen Pazifismus<br \/>\n<\/strong><\/span><br \/>\n<span style=\"font-family: verdana, geneva, sans-serif; font-size: 12pt;\"><img loading=\"lazy\" class=\"wp-image-27705 aligncenter\" src=\"http:\/\/www.deanreed.de\/AmericanRebel\/2017\/wp-content\/uploads\/2021\/06\/1-Kopie-2-300x81.png\" alt=\"\" width=\"667\" height=\"180\" srcset=\"https:\/\/www.deanreed.de\/AmericanRebel\/2017\/wp-content\/uploads\/2021\/06\/1-Kopie-2-300x81.png 300w, https:\/\/www.deanreed.de\/AmericanRebel\/2017\/wp-content\/uploads\/2021\/06\/1-Kopie-2.png 666w\" sizes=\"(max-width: 667px) 100vw, 667px\" \/><br \/>\nWenn ein gr\u00fcner Parteichef <a href=\"https:\/\/www.deutschlandfunk.de\/kiew-gruenen-chef-habeck-spricht-sich-fuer.1939.de.html?drn:news_id=1262550\">Waffenlieferungen an die faschistische Ukraine<\/a> bef\u00fcrwortet, dann ist das Aufforderung zu imperialistischen Provokation. Die Ukraine, wir erinnern uns, die einen blutigen B\u00fcrgerkrieg gegen ihre eigene russische Minderheit f\u00fchrt, sollen jetzt zur \u201eVerteidigung\u201c, wenn es nach Habeck geht, Waffen erhalten. Nicht <em>irgendwelche<\/em>, sondern Defensivwaffen.<\/span><br \/>\n<a href=\"https:\/\/www.der-revolutionaer.de\/habeck-erklaert-gruenen-pazifismus\/\" target=\"_blank\" rel=\"noopener\"><span style=\"font-family: verdana, geneva, sans-serif; font-size: 12pt;\"><em>Heinrich Schreiber kommentiert auf \u00bbDerRevolution\u00e4r\u00ab<\/em><\/span><\/a><br \/>\n<span style=\"font-family: verdana, geneva, sans-serif; font-size: 12pt; color: #ffffff;\">.<\/span><br \/>\n<span style=\"font-family: verdana, geneva, sans-serif; font-size: 12pt;\"><span style=\"font-family: verdana, geneva, sans-serif; font-size: 12pt;\"><span style=\"font-family: verdana, geneva, sans-serif; font-size: 12pt;\"><span style=\"color: #ffffff;\">.<\/span><br \/>\n<span style=\"font-size: 14pt;\"><strong>30. Mai | Ken Jebsen steigt zum Liebling des VS auf<\/strong><\/span><\/span><\/span><\/span><span style=\"font-family: verdana, geneva, sans-serif; font-size: 12pt;\"><img loading=\"lazy\" class=\"wp-image-27703 aligncenter\" src=\"http:\/\/www.deanreed.de\/AmericanRebel\/2017\/wp-content\/uploads\/2021\/06\/dfgukki-300x81.png\" alt=\"\" width=\"667\" height=\"180\" srcset=\"https:\/\/www.deanreed.de\/AmericanRebel\/2017\/wp-content\/uploads\/2021\/06\/dfgukki-300x81.png 300w, https:\/\/www.deanreed.de\/AmericanRebel\/2017\/wp-content\/uploads\/2021\/06\/dfgukki.png 666w\" sizes=\"(max-width: 667px) 100vw, 667px\" \/><br \/>\nSie schwenken Fahnen mit der Friedenstaube, singen die Internationale und verleihen Preise mit Karl-Marx-Kopf. Was sie ausmacht, ist die Auffassung, das rechts und links sich nicht grunds\u00e4tzlich widersprechen und die Klassifizierung \u201erechts und links\u201c von den Herrschenden erfunden wurde, um das Volk zu spalten. Dieses und mehr saugen die Fans des \u201ePseudo-Linkspopulisten\u201c Ken Jebsen in leicht konsumierbarer Form auf und bezeichnen ihn als Verteidiger der Meinungsfreiheit.<\/span><br \/>\n<span style=\"font-family: verdana, geneva, sans-serif; font-size: 12pt;\"><span style=\"color: #ffffff;\">&#8230;<\/span>Jetzt wurde bekannt das sich auch der Staatsschutz f\u00fcr den eingefleischten Querdenker interessiert.<\/span><br \/>\n<a href=\"https:\/\/rotermorgen.eu\/ken-jebsen-welterklaerungsmuster-fuer-denkfaule\/\"><span style=\"font-family: verdana, geneva, sans-serif; font-size: 12pt;\">RoterMorgen berichtete<\/span><\/a><br \/>\n<span style=\"color: #ffffff;\">.<br \/>\n.<\/span><br \/>\n<span style=\"color: #ffffff;\">.<\/span><span style=\"font-family: verdana, geneva, sans-serif; font-size: 12pt;\"><span style=\"font-family: verdana, geneva, sans-serif; font-size: 12pt;\"><span style=\"font-size: 14pt;\"><strong>30. Mai |<\/strong> <\/span><\/span><span style=\"font-size: 14pt;\"><strong>USA \u2013 Kein Vorbild f\u00fcr Frieden und Freiheit<\/strong><\/span><\/span><\/p>\n<div class=\"public-DraftStyleDefault-block public-DraftStyleDefault-ltr\" style=\"text-align: justify;\" data-offset-key=\"bsm8h-0-0\">\n<p><span style=\"font-family: verdana, geneva, sans-serif; font-size: 12pt;\"><span style=\"color: #ffffff;\"><span style=\"color: #000000;\"><img loading=\"lazy\" class=\"wp-image-27402 aligncenter\" src=\"http:\/\/www.deanreed.de\/AmericanRebel\/2017\/wp-content\/uploads\/2021\/04\/1-Kopie-3-300x81.png\" alt=\"\" width=\"667\" height=\"180\" srcset=\"https:\/\/www.deanreed.de\/AmericanRebel\/2017\/wp-content\/uploads\/2021\/04\/1-Kopie-3-300x81.png 300w, https:\/\/www.deanreed.de\/AmericanRebel\/2017\/wp-content\/uploads\/2021\/04\/1-Kopie-3.png 666w\" sizes=\"(max-width: 667px) 100vw, 667px\" \/><\/span><\/span><\/span><\/p>\n<p><span style=\"font-family: verdana, geneva, sans-serif; font-size: 12pt;\">Bleibt der Eskalationskurs der USA mit der NATO und der Osterweiterung erhalten? Bleiben die Kriegsgefahr und die Eroberung Europas durch die USA sowie die Konfrontation mit Russland auf der Agenda der Westm\u00e4chte? Der Autor Wolfgang Bittner pr\u00e4sentiert politisch interessierten und zum Widerstand bereiten Lesern ein drittes Mal sein Buch \u201eDie Eroberung Europas durch die USA.\u201c Mit einem um 111 Seiten erweiterten Teil. Warum? Keiner macht sich wohl etwas vor: Die Welt ist nicht so, dass man auf zus\u00e4tzliche Geistesnahrung verzichten k\u00f6nnte. Das Gegenteil ist der Fall. Schon im Voraus: Herzlichen Dank an den Autor f\u00fcr seine unendliche M\u00fche.<\/span><br \/>\n<span style=\"font-family: verdana, geneva, sans-serif; font-size: 12pt;\"><span style=\"color: #ffffff;\">&#8230;<\/span>Die Neuauflage mit 254 Seiten ist in drei Teile untergliedert, was hinsichtlich der \u00dcbersichtlichkeit sinnvoll ist.<\/span><br \/>\n<span style=\"font-family: verdana, geneva, sans-serif; font-size: 12pt;\"><span style=\"color: #ffffff;\"><span style=\"color: #000000;\"><a href=\"http:\/\/www.deanreed.de\/AmericanRebel\/2017\/?p=3751\" target=\"_blank\" rel=\"noopener\"><em><span style=\"font-family: verdana, geneva, sans-serif; font-size: 10pt;\"><strong>Wolfgang Bittner: \u00bbDie Eroberung Europas durch die USA. Eine Strategie der Destabilisierung, Eskalation und Militarisierung\u00ab<br \/>\n<\/strong>Komplett \u00fcberarbeitete und erweiterte Neuausgabe, Westend Verlag, Frankfurt am Main 2017, Klappenbroschur, 254 Seiten, 1. Auflage (2. Juni 2017), Sprache: Deutsch, ISBN-10: 3864891892, ISBN-13: 978-3864891892, 18 Euro.<\/span><\/em><\/a><br \/>\n<\/span><\/span><\/span><\/p>\n<p>&nbsp;<\/p>\n<\/div>\n<\/div>\n<div class=\"public-DraftStyleDefault-block public-DraftStyleDefault-ltr\" style=\"text-align: justify;\" data-offset-key=\"bsm8h-0-0\">\n<p style=\"text-align: center;\"><span style=\"font-family: verdana, geneva, sans-serif; font-size: 12pt;\"><span style=\"color: #ffffff;\"><span style=\"color: #000000;\"><span style=\"font-family: verdana, geneva, sans-serif; font-size: 12pt;\"><span style=\"color: #ffffff;\">.<\/span><br \/>\n____________________________<\/span><\/span><\/span><\/span><\/p>\n<p style=\"text-align: center;\"><span style=\"font-size: 10pt;\"><span style=\"font-family: verdana, geneva, sans-serif;\">Die Redaktionen<\/span><span style=\"font-family: verdana, geneva, sans-serif;\"><strong><br \/>\n<\/strong>danken den Volkskorrespondenten\/-innen Hosteni, Zeki, Nico,<\/span><\/span><br \/>\n<span style=\"font-family: verdana, geneva, sans-serif; font-size: 10pt;\">KikiRebel, Rui-Filipe, Sascha, Kalle, Heinrich, Klaus, Fiete, Reinhold u. A.<\/span><br \/>\n<span style=\"font-family: verdana, geneva, sans-serif; font-size: 10pt;\">f\u00fcr die Unterst\u00fctzung bei der Erstellung.<strong><br \/>\n<\/strong>Dieser R\u00fcckblick erhebt nicht den Anspruch auf Vollst\u00e4ndigkeit.<\/span><br \/>\n<span style=\"font-family: verdana, geneva, sans-serif; font-size: 10pt;\"><strong>Verlinkte- und mit Namen gekennzeichnete Texte m\u00fcssen<\/strong><\/span><br \/>\n<span style=\"font-family: verdana, geneva, sans-serif; font-size: 10pt;\"><strong>nicht in allen Punkten den Meinungen unserer Redaktionen entsprechen.<br \/>\n<span style=\"color: #ffffff;\">.<\/span><br \/>\n\u00bbWochenr\u00fcckblick\u00ab ist ein Projekt von<\/strong><strong><a href=\"https:\/\/rotermorgen.eu\/8197-2\/\" target=\"_blank\" rel=\"noopener\"><img loading=\"lazy\" class=\"wp-image-8196 aligncenter\" src=\"https:\/\/rotermorgen.eu\/wp-content\/uploads\/2021\/01\/2-Kopie-2-1.png\" alt=\"\" width=\"292\" height=\"142\" \/><\/a>Schickt uns Eure Kurzberichte<br \/>\nund Veranstaltungshinweise!<br \/>\n<span style=\"color: #000000;\">eMail: <a style=\"color: #000000;\" href=\"mailto:Wochenrueckblick@gmx.net\" target=\"_blank\" rel=\"noopener noreferrer\">Wochenrueckblick@gmx.net<\/a><\/span><br \/>\n<span style=\"color: #000000;\">Redaktionsschluss: Jeden Sonntag 20:00 Uhr<\/span><\/strong><\/span><\/p>\n<p><span style=\"color: #000000;\"><\/div><!-- .hide-this-part --><\/div><!-- hide-this-part-wrap --><br \/>\n<span style=\"color: #ffffff;\">.<\/span><br \/>\n<\/span><\/p>\n<\/div>\n<\/div>\n","protected":false},"excerpt":{"rendered":"<p>Zur\u00fcckblickend auf die letzten Tage sind uns einige kommentierbare Vorkommnisse ins Auge gefallen, die wir hier zur Diskussion stellen. (Kommis bitte unten eintragen!) .. . 24. Mai | Hoch die Internationale Solidarit\u00e4t \u2013 Erfolgreiches Konzert von Grup Yorum in Paris! [&hellip;]<a class=\"more-link\" href=\"https:\/\/www.deanreed.de\/AmericanRebel\/2017\/2021\/05\/31\/wochenrueckblick-21-kw-2021\/\">&darr; Lese den Rest von diesem Eintrag&#8230;<\/a><\/p>\n","protected":false},"author":2,"featured_media":0,"comment_status":"open","ping_status":"open","sticky":false,"template":"","format":"standard","meta":[],"categories":[1],"tags":[748,4864,2594,8,4787,4728,5151,4866,5185,3939,4729,4730,4791,2021,4731,4869,2225,4870,4601,5186,1329,5205,4734,4011,4736],"yoast_head":"<!-- This site is optimized with the Yoast SEO plugin v17.5 - https:\/\/yoast.com\/wordpress\/plugins\/seo\/ -->\n<title>- Wochenr\u00fcckblick 21. KW. 2021 &ndash; Onlinezeitung AmericanRebel<\/title>\n<meta name=\"robots\" content=\"index, follow, max-snippet:-1, max-image-preview:large, max-video-preview:-1\" \/>\n<link rel=\"canonical\" href=\"http:\/\/www.deanreed.de\/AmericanRebel\/2017\/2021\/05\/31\/wochenrueckblick-21-kw-2021\/\" \/>\n<meta property=\"og:locale\" content=\"de_DE\" \/>\n<meta property=\"og:type\" content=\"article\" \/>\n<meta property=\"og:title\" content=\"- Wochenr\u00fcckblick 21. KW. 2021 &ndash; Onlinezeitung AmericanRebel\" \/>\n<meta property=\"og:description\" content=\"Zur\u00fcckblickend auf die letzten Tage sind uns einige kommentierbare Vorkommnisse ins Auge gefallen, die wir hier zur Diskussion stellen.\" \/>\n<meta property=\"og:url\" content=\"http:\/\/www.deanreed.de\/AmericanRebel\/2017\/2021\/05\/31\/wochenrueckblick-21-kw-2021\/\" \/>\n<meta property=\"og:site_name\" content=\"Onlinezeitung AmericanRebel\" \/>\n<meta property=\"article:published_time\" content=\"2021-05-30T22:01:06+00:00\" \/>\n<meta property=\"article:modified_time\" content=\"2021-06-22T12:46:39+00:00\" \/>\n<meta property=\"og:image\" content=\"http:\/\/www.deanreed.de\/AmericanRebel\/2017\/wp-content\/uploads\/2020\/12\/3-Kopie.png\" \/>\n\t<meta property=\"og:image:width\" content=\"640\" \/>\n\t<meta property=\"og:image:height\" content=\"460\" \/>\n<meta name=\"twitter:card\" content=\"summary_large_image\" \/>\n<meta name=\"twitter:label1\" content=\"Verfasst von\" \/>\n\t<meta name=\"twitter:data1\" content=\"Redaktion\" \/>\n\t<meta name=\"twitter:label2\" content=\"Gesch\u00e4tzte Lesezeit\" \/>\n\t<meta name=\"twitter:data2\" content=\"8\u00a0Minuten\" \/>\n<script type=\"application\/ld+json\" class=\"yoast-schema-graph\">{\"@context\":\"https:\/\/schema.org\",\"@graph\":[{\"@type\":\"WebSite\",\"@id\":\"http:\/\/www.deanreed.de\/AmericanRebel\/2017\/#website\",\"url\":\"http:\/\/www.deanreed.de\/AmericanRebel\/2017\/\",\"name\":\"Onlinezeitung AmericanRebel\",\"description\":\"Internationale Onlinezeitung f\\u00fcr Frieden, Humanismus, V\\u00f6lkerverst\\u00e4ndigung und Kultur\",\"potentialAction\":[{\"@type\":\"SearchAction\",\"target\":{\"@type\":\"EntryPoint\",\"urlTemplate\":\"http:\/\/www.deanreed.de\/AmericanRebel\/2017\/?s={search_term_string}\"},\"query-input\":\"required name=search_term_string\"}],\"inLanguage\":\"de\"},{\"@type\":\"ImageObject\",\"@id\":\"http:\/\/www.deanreed.de\/AmericanRebel\/2017\/2021\/05\/31\/wochenrueckblick-21-kw-2021\/#primaryimage\",\"inLanguage\":\"de\",\"url\":\"https:\/\/www.deanreed.de\/AmericanRebel\/2017\/wp-content\/uploads\/2020\/12\/3-Kopie.png\",\"contentUrl\":\"https:\/\/www.deanreed.de\/AmericanRebel\/2017\/wp-content\/uploads\/2020\/12\/3-Kopie.png\",\"width\":640,\"height\":460},{\"@type\":\"WebPage\",\"@id\":\"http:\/\/www.deanreed.de\/AmericanRebel\/2017\/2021\/05\/31\/wochenrueckblick-21-kw-2021\/#webpage\",\"url\":\"http:\/\/www.deanreed.de\/AmericanRebel\/2017\/2021\/05\/31\/wochenrueckblick-21-kw-2021\/\",\"name\":\"- Wochenr\\u00fcckblick 21. KW. 2021 &ndash; Onlinezeitung AmericanRebel\",\"isPartOf\":{\"@id\":\"http:\/\/www.deanreed.de\/AmericanRebel\/2017\/#website\"},\"primaryImageOfPage\":{\"@id\":\"http:\/\/www.deanreed.de\/AmericanRebel\/2017\/2021\/05\/31\/wochenrueckblick-21-kw-2021\/#primaryimage\"},\"datePublished\":\"2021-05-30T22:01:06+00:00\",\"dateModified\":\"2021-06-22T12:46:39+00:00\",\"author\":{\"@id\":\"http:\/\/www.deanreed.de\/AmericanRebel\/2017\/#\/schema\/person\/9edfca7917cd10b75edaae51c6e7935a\"},\"breadcrumb\":{\"@id\":\"http:\/\/www.deanreed.de\/AmericanRebel\/2017\/2021\/05\/31\/wochenrueckblick-21-kw-2021\/#breadcrumb\"},\"inLanguage\":\"de\",\"potentialAction\":[{\"@type\":\"ReadAction\",\"target\":[\"http:\/\/www.deanreed.de\/AmericanRebel\/2017\/2021\/05\/31\/wochenrueckblick-21-kw-2021\/\"]}]},{\"@type\":\"BreadcrumbList\",\"@id\":\"http:\/\/www.deanreed.de\/AmericanRebel\/2017\/2021\/05\/31\/wochenrueckblick-21-kw-2021\/#breadcrumb\",\"itemListElement\":[{\"@type\":\"ListItem\",\"position\":1,\"name\":\"Startseite\",\"item\":\"http:\/\/www.deanreed.de\/AmericanRebel\/2017\/\"},{\"@type\":\"ListItem\",\"position\":2,\"name\":\"&#8211; Wochenr\\u00fcckblick 21. KW. 2021\"}]},{\"@type\":\"Person\",\"@id\":\"http:\/\/www.deanreed.de\/AmericanRebel\/2017\/#\/schema\/person\/9edfca7917cd10b75edaae51c6e7935a\",\"name\":\"Redaktion\",\"url\":\"https:\/\/www.deanreed.de\/AmericanRebel\/2017\/author\/redaktion\/\"}]}<\/script>\n<!-- \/ Yoast SEO plugin. -->","yoast_head_json":{"title":"- Wochenr\u00fcckblick 21. KW. 2021 &ndash; Onlinezeitung AmericanRebel","robots":{"index":"index","follow":"follow","max-snippet":"max-snippet:-1","max-image-preview":"max-image-preview:large","max-video-preview":"max-video-preview:-1"},"canonical":"http:\/\/www.deanreed.de\/AmericanRebel\/2017\/2021\/05\/31\/wochenrueckblick-21-kw-2021\/","og_locale":"de_DE","og_type":"article","og_title":"- Wochenr\u00fcckblick 21. KW. 2021 &ndash; Onlinezeitung AmericanRebel","og_description":"Zur\u00fcckblickend auf die letzten Tage sind uns einige kommentierbare Vorkommnisse ins Auge gefallen, die wir hier zur Diskussion stellen.","og_url":"http:\/\/www.deanreed.de\/AmericanRebel\/2017\/2021\/05\/31\/wochenrueckblick-21-kw-2021\/","og_site_name":"Onlinezeitung AmericanRebel","article_published_time":"2021-05-30T22:01:06+00:00","article_modified_time":"2021-06-22T12:46:39+00:00","og_image":[{"width":640,"height":460,"url":"http:\/\/www.deanreed.de\/AmericanRebel\/2017\/wp-content\/uploads\/2020\/12\/3-Kopie.png","type":"image\/png"}],"twitter_card":"summary_large_image","twitter_misc":{"Verfasst von":"Redaktion","Gesch\u00e4tzte Lesezeit":"8\u00a0Minuten"},"schema":{"@context":"https:\/\/schema.org","@graph":[{"@type":"WebSite","@id":"http:\/\/www.deanreed.de\/AmericanRebel\/2017\/#website","url":"http:\/\/www.deanreed.de\/AmericanRebel\/2017\/","name":"Onlinezeitung AmericanRebel","description":"Internationale Onlinezeitung f\u00fcr Frieden, Humanismus, V\u00f6lkerverst\u00e4ndigung und Kultur","potentialAction":[{"@type":"SearchAction","target":{"@type":"EntryPoint","urlTemplate":"http:\/\/www.deanreed.de\/AmericanRebel\/2017\/?s={search_term_string}"},"query-input":"required name=search_term_string"}],"inLanguage":"de"},{"@type":"ImageObject","@id":"http:\/\/www.deanreed.de\/AmericanRebel\/2017\/2021\/05\/31\/wochenrueckblick-21-kw-2021\/#primaryimage","inLanguage":"de","url":"https:\/\/www.deanreed.de\/AmericanRebel\/2017\/wp-content\/uploads\/2020\/12\/3-Kopie.png","contentUrl":"https:\/\/www.deanreed.de\/AmericanRebel\/2017\/wp-content\/uploads\/2020\/12\/3-Kopie.png","width":640,"height":460},{"@type":"WebPage","@id":"http:\/\/www.deanreed.de\/AmericanRebel\/2017\/2021\/05\/31\/wochenrueckblick-21-kw-2021\/#webpage","url":"http:\/\/www.deanreed.de\/AmericanRebel\/2017\/2021\/05\/31\/wochenrueckblick-21-kw-2021\/","name":"- Wochenr\u00fcckblick 21. KW. 2021 &ndash; Onlinezeitung AmericanRebel","isPartOf":{"@id":"http:\/\/www.deanreed.de\/AmericanRebel\/2017\/#website"},"primaryImageOfPage":{"@id":"http:\/\/www.deanreed.de\/AmericanRebel\/2017\/2021\/05\/31\/wochenrueckblick-21-kw-2021\/#primaryimage"},"datePublished":"2021-05-30T22:01:06+00:00","dateModified":"2021-06-22T12:46:39+00:00","author":{"@id":"http:\/\/www.deanreed.de\/AmericanRebel\/2017\/#\/schema\/person\/9edfca7917cd10b75edaae51c6e7935a"},"breadcrumb":{"@id":"http:\/\/www.deanreed.de\/AmericanRebel\/2017\/2021\/05\/31\/wochenrueckblick-21-kw-2021\/#breadcrumb"},"inLanguage":"de","potentialAction":[{"@type":"ReadAction","target":["http:\/\/www.deanreed.de\/AmericanRebel\/2017\/2021\/05\/31\/wochenrueckblick-21-kw-2021\/"]}]},{"@type":"BreadcrumbList","@id":"http:\/\/www.deanreed.de\/AmericanRebel\/2017\/2021\/05\/31\/wochenrueckblick-21-kw-2021\/#breadcrumb","itemListElement":[{"@type":"ListItem","position":1,"name":"Startseite","item":"http:\/\/www.deanreed.de\/AmericanRebel\/2017\/"},{"@type":"ListItem","position":2,"name":"&#8211; Wochenr\u00fcckblick 21. KW. 2021"}]},{"@type":"Person","@id":"http:\/\/www.deanreed.de\/AmericanRebel\/2017\/#\/schema\/person\/9edfca7917cd10b75edaae51c6e7935a","name":"Redaktion","url":"https:\/\/www.deanreed.de\/AmericanRebel\/2017\/author\/redaktion\/"}]}},"_links":{"self":[{"href":"https:\/\/www.deanreed.de\/AmericanRebel\/2017\/wp-json\/wp\/v2\/posts\/27696"}],"collection":[{"href":"https:\/\/www.deanreed.de\/AmericanRebel\/2017\/wp-json\/wp\/v2\/posts"}],"about":[{"href":"https:\/\/www.deanreed.de\/AmericanRebel\/2017\/wp-json\/wp\/v2\/types\/post"}],"author":[{"embeddable":true,"href":"https:\/\/www.deanreed.de\/AmericanRebel\/2017\/wp-json\/wp\/v2\/users\/2"}],"replies":[{"embeddable":true,"href":"https:\/\/www.deanreed.de\/AmericanRebel\/2017\/wp-json\/wp\/v2\/comments?post=27696"}],"version-history":[{"count":10,"href":"https:\/\/www.deanreed.de\/AmericanRebel\/2017\/wp-json\/wp\/v2\/posts\/27696\/revisions"}],"predecessor-version":[{"id":27849,"href":"https:\/\/www.deanreed.de\/AmericanRebel\/2017\/wp-json\/wp\/v2\/posts\/27696\/revisions\/27849"}],"wp:attachment":[{"href":"https:\/\/www.deanreed.de\/AmericanRebel\/2017\/wp-json\/wp\/v2\/media?parent=27696"}],"wp:term":[{"taxonomy":"category","embeddable":true,"href":"https:\/\/www.deanreed.de\/AmericanRebel\/2017\/wp-json\/wp\/v2\/categories?post=27696"},{"taxonomy":"post_tag","embeddable":true,"href":"https:\/\/www.deanreed.de\/AmericanRebel\/2017\/wp-json\/wp\/v2\/tags?post=27696"}],"curies":[{"name":"wp","href":"https:\/\/api.w.org\/{rel}","templated":true}]}}