{"id":27554,"date":"2021-05-10T00:09:37","date_gmt":"2021-05-09T22:09:37","guid":{"rendered":"http:\/\/www.deanreed.de\/AmericanRebel\/2017\/?p=27554"},"modified":"2021-05-10T02:06:59","modified_gmt":"2021-05-10T00:06:59","slug":"wochenrueckblick-18-kw-2021","status":"publish","type":"post","link":"https:\/\/www.deanreed.de\/AmericanRebel\/2017\/2021\/05\/10\/wochenrueckblick-18-kw-2021\/","title":{"rendered":"&#8211; Wochenr\u00fcckblick 18. KW. 2021"},"content":{"rendered":"<p style=\"text-align: justify;\"><img loading=\"lazy\" class=\"wp-image-26025 aligncenter\" src=\"http:\/\/www.deanreed.de\/AmericanRebel\/2017\/wp-content\/uploads\/2020\/10\/AR_WR_2-300x75.png\" alt=\"\" width=\"668\" height=\"167\" srcset=\"https:\/\/www.deanreed.de\/AmericanRebel\/2017\/wp-content\/uploads\/2020\/10\/AR_WR_2-300x75.png 300w, https:\/\/www.deanreed.de\/AmericanRebel\/2017\/wp-content\/uploads\/2020\/10\/AR_WR_2.png 700w\" sizes=\"(max-width: 668px) 100vw, 668px\" \/><\/p>\n<p><span style=\"font-family: verdana, geneva, sans-serif; font-size: 14pt; color: #993300;\"><strong>Zur\u00fcckblickend auf die letzten Tage sind uns einige kommentierbare Vorkommnisse ins Auge gefallen, die wir hier zur Diskussion stellen.<\/strong><\/span><br \/>\n<span style=\"font-family: verdana, geneva, sans-serif; font-size: 12pt;\"><span style=\"color: #000000;\">(Kommis bitte unten eintragen!)<\/span><br \/>\n<span style=\"color: #ffffff;\">.<\/span><\/span><span style=\"font-family: verdana, geneva, sans-serif;\"><span style=\"font-size: 14pt;\"><span style=\"font-size: 12pt; color: #ffffff;\"><span style=\"font-family: verdana, geneva, sans-serif;\">.<br \/>\n<\/span><span style=\"color: #000000;\"><strong><span style=\"font-family: verdana, geneva, sans-serif;\"><span style=\"color: #ffffff;\">.<\/span><br \/>\n<\/span><\/strong><\/span><\/span><span style=\"color: #000000;\"><strong><span style=\"font-family: verdana, geneva, sans-serif;\">3. Mai | <\/span><\/strong><\/span><strong>Trotz Demoverbot, Polizeiwillk\u00fcr<br \/>\nund Milit\u00e4rmorde \u2013 Der 1. Mai lebt weltweit!<\/strong><\/span><\/span><\/p>\n<p style=\"text-align: justify;\"><span style=\"font-family: verdana, geneva, sans-serif;\"><span style=\"font-size: 12pt;\"><img loading=\"lazy\" class=\"wp-image-27534 aligncenter\" src=\"http:\/\/www.deanreed.de\/AmericanRebel\/2017\/wp-content\/uploads\/2021\/05\/20210501-mayday-stuttgart-jpg98b734-image-300x81.jpg\" alt=\"\" width=\"667\" height=\"180\" srcset=\"https:\/\/www.deanreed.de\/AmericanRebel\/2017\/wp-content\/uploads\/2021\/05\/20210501-mayday-stuttgart-jpg98b734-image-300x81.jpg 300w, https:\/\/www.deanreed.de\/AmericanRebel\/2017\/wp-content\/uploads\/2021\/05\/20210501-mayday-stuttgart-jpg98b734-image.jpg 666w\" sizes=\"(max-width: 667px) 100vw, 667px\" \/><br \/>\nRund um den Globus setzten k\u00e4mpferische Gewerkschafter, fortschrittliche Menschen und revolution\u00e4re Organisationen bereits vor einem Jahr am 1. Mai das Signal, dass sich die Arbeiterbewegung das Versammlungsrecht zum internationalen Kampftag nicht nehmen l\u00e4sst.<\/span><br \/>\n<span style=\"font-size: 12pt;\">So war es auch in diesem Jahr und das Kapital lie\u00df wieder ihre Polizeib\u00fcttel und in einigen L\u00e4ndern sogar das Millit\u00e4r auf unsere Klassenbr\u00fcder los!<\/span><br \/>\n<a href=\"https:\/\/rotermorgen.eu\/1-mai-2021\/\" target=\"_blank\" rel=\"noopener\"><span style=\"font-size: 12pt;\"><em>\u00bbRoterMorgen\u00ab berichtete<\/em><\/span><\/a><br \/>\n<span style=\"color: #ffffff;\">.<\/span><br \/>\n<span style=\"color: #ffffff;\">.<\/span><br \/>\n<\/span><span style=\"font-size: 14pt;\"><strong><span style=\"font-family: verdana, geneva, sans-serif; color: #ffffff;\"><span style=\"color: #000000;\">3. April | <\/span><\/span><span style=\"font-family: verdana, geneva, sans-serif;\">Jeden Tag Preissteigerungen<\/span><\/strong><\/span><\/p>\n<p style=\"text-align: justify;\"><span style=\"font-family: verdana, geneva, sans-serif; color: #ffffff;\"><span style=\"color: #000000; font-size: 12pt;\"><span style=\"font-family: verdana, geneva, sans-serif;\"><img loading=\"lazy\" class=\"wp-image-27533 aligncenter\" src=\"http:\/\/www.deanreed.de\/AmericanRebel\/2017\/wp-content\/uploads\/2021\/05\/4rt9-300x81.png\" alt=\"\" width=\"667\" height=\"180\" srcset=\"https:\/\/www.deanreed.de\/AmericanRebel\/2017\/wp-content\/uploads\/2021\/05\/4rt9-300x81.png 300w, https:\/\/www.deanreed.de\/AmericanRebel\/2017\/wp-content\/uploads\/2021\/05\/4rt9.png 666w\" sizes=\"(max-width: 667px) 100vw, 667px\" \/><br \/>\nDas Leben ist unangemessen teuer geworden. Lebensmittel und t\u00e4gliche Verbrauchsartikel steigen, jetzt in der Zeit von C<span style=\"font-size: 12pt;\">ORONA, ins Uferlose.<\/span><\/span><br \/>\n<a href=\"https:\/\/www.der-revolutionaer.de\/jeden-tag-preissteigerungen\/\" target=\"_blank\" rel=\"noopener\"><span style=\"font-family: verdana, geneva, sans-serif;\"><em>Was ich noch sagen wollte\u2026 Heinrich Schreiber auf \u00bbDer Revolution\u00e4r\u00ab<\/em><\/span><\/a><br \/>\n<\/span><\/span><span style=\"font-family: verdana, geneva, sans-serif; font-size: 12pt;\"><span style=\"color: #ffffff;\">.<br \/>\n.<\/span><\/span><br \/>\n<span style=\"font-size: 14pt; font-family: verdana, geneva, sans-serif;\"><strong>3. April | <\/strong><strong>Baerbock, Laschet, Scholz \u2013<br \/>\nwas bedeutet das f\u00fcr die arbeitenden Menschen?<\/strong><\/span><\/p>\n<p style=\"text-align: justify;\"><span style=\"font-family: verdana, geneva, sans-serif; font-size: 12pt;\"><em><img loading=\"lazy\" class=\"wp-image-27537 aligncenter\" src=\"http:\/\/www.deanreed.de\/AmericanRebel\/2017\/wp-content\/uploads\/2021\/05\/merz-und-laschet-768x432-1-300x81.jpg\" alt=\"\" width=\"667\" height=\"180\" srcset=\"https:\/\/www.deanreed.de\/AmericanRebel\/2017\/wp-content\/uploads\/2021\/05\/merz-und-laschet-768x432-1-300x81.jpg 300w, https:\/\/www.deanreed.de\/AmericanRebel\/2017\/wp-content\/uploads\/2021\/05\/merz-und-laschet-768x432-1.jpg 666w\" sizes=\"(max-width: 667px) 100vw, 667px\" \/><br \/>\nDas \u201eTeam Laschet\u201c hat das erste Mitglied: Merz, den Hardcore-Kapitalisten. Damit ist der Kurs klar: F\u00fcr\u2019s Kapital!.<br \/>\n<\/em><span style=\"color: #ffffff;\">&#8230;<\/span>Tagelang wurde nicht \u00fcber Inhalte, sondern \u00fcber K\u00f6pfe geredet.<\/span><br \/>\n<span style=\"font-family: verdana, geneva, sans-serif; font-size: 12pt;\"><span style=\"color: #ffffff;\">&#8230;<span id=\"more-8487\"><\/span><\/span>Kommt Habeck oder Baerbock? Hochspannung, bis der Vorhang gel\u00fcftet wurde. Beifall f\u00fcr die junge, frische Kandidatin! \u00dcber Inhalte wurde nicht diskutiert, sondern \u00fcber Aussehen, Mutter sein und anderes.<\/span><br \/>\n<span style=\"font-family: verdana, geneva, sans-serif; font-size: 12pt;\"><span style=\"color: #ffffff;\">&#8230;<\/span>Bei der CDU\/CSU wurde bayrisches Kom\u00f6dienstadel als Drama aufgef\u00fchrt. Auch hier war Inhalt ein Fremdwort. Es ging um Umfragewerte, bayrische Meineide, bis schlie\u00dflich der CDU-Vorstand wei\u00dfen Rauch aufsteigen lie\u00df, wie bei der Papstwahl. Viel Schmierentheater um Laschet!<\/span><br \/>\n<a href=\"https:\/\/www.arbeit-zukunft.de\/2021\/05\/03\/baerbock-laschet-scholz-was-bedeutet-das-fuer-die-arbeitenden-menschen\/#more-8487\" target=\"_blank\" rel=\"noopener\"><span style=\"font-family: verdana, geneva, sans-serif; font-size: 12pt;\"><em>\u00bbArbeit Zukunft\u00ab berichtete<\/em><\/span><\/a><span style=\"font-size: 14pt;\"><span style=\"text-decoration: underline; color: #ffffff;\"><span style=\"font-family: verdana, geneva, sans-serif;\"><span style=\"font-size: 12pt; color: #000000;\"> \u00a0\u00a0\u00a0\u00a0\u00a0\u00a0\u00a0\u00a0\u00a0\u00a0\u00a0\u00a0\u00a0\u00a0\u00a0 <div class=\"hide-this-part-wrap\"><div class=\"hide-this-part-more\" id=\"hide-this-part-0\" morelink-text=\"hier geht es weiter\">hier geht es weiter \u00bb<\/div><div class=\"hide-this-part\" status=\"invisible\"><\/span><br \/>\n<\/span><\/span><span style=\"font-family: verdana, geneva, sans-serif; color: #ffffff;\">.<\/span><strong><span style=\"font-family: verdana, geneva, sans-serif;\"><br \/>\n<span style=\"color: #ffffff;\">.<\/span><br \/>\n<span style=\"font-size: 14pt;\">3. M\u00e4rz | Eines der gr\u00f6\u00dften Unternehmen Spaniens<\/span><br \/>\n<span style=\"font-size: 14pt;\">geh\u00f6rt seinen Arbeitern, die Genossenschaft Mondrag\u00f3n <\/span><\/span><\/strong><\/span><\/p>\n<p style=\"text-align: justify;\"><span style=\"font-family: verdana, geneva, sans-serif; font-size: 12pt;\"><img loading=\"lazy\" class=\"wp-image-27532 aligncenter\" src=\"http:\/\/www.deanreed.de\/AmericanRebel\/2017\/wp-content\/uploads\/2021\/05\/ee44-300x81.png\" alt=\"\" width=\"667\" height=\"180\" srcset=\"https:\/\/www.deanreed.de\/AmericanRebel\/2017\/wp-content\/uploads\/2021\/05\/ee44-300x81.png 300w, https:\/\/www.deanreed.de\/AmericanRebel\/2017\/wp-content\/uploads\/2021\/05\/ee44.png 666w\" sizes=\"(max-width: 667px) 100vw, 667px\" \/><br \/>\nMondrag\u00f3n im spanischen Baskenland befindet sich die gr\u00f6\u00dfte Genossenschaft der Welt und eines der erfolgreichsten Unternehmen in ganz Spanien. Die Arbeiterinnen und Arbeiter des Genossenschafts-Verbundes Mondrag\u00f3n besitzen ihr Unternehmen und treffen selbst die Entscheidungen. Heute ist Mondrag\u00f3n nicht nur ein Global Player in einer Vielzahl von Industrien, sondern ein Vorbild f\u00fcr jene, die unser Wirtschaftsleben demokratisch und solidarisch gestalten wollen.<br \/>\n<a href=\"https:\/\/rotermorgen.eu\/eines-der-groessten-unternehmen-spaniens-gehoert-seinen-arbeitern-die-genossenschaft-mondragon\/\" target=\"_blank\" rel=\"noopener\"><em>Robert Zeisberg berichtete auf \u00bbRoterMorgen\u00ab<\/em><\/a><br \/>\n<\/span><\/p>\n<p style=\"text-align: justify;\"><span style=\"font-family: verdana, geneva, sans-serif; font-size: 12pt;\"><br \/>\n<strong><span style=\"font-size: 14pt;\">4. April | Filmtipp: \u00bb<b>Elser \u2013 Er h\u00e4tte die Welt ver\u00e4ndert<\/b>\u00ab<br \/>\n<\/span><\/strong><br \/>\n<\/span><span style=\"font-size: 12pt;\"><span style=\"font-family: verdana, geneva, sans-serif;\"><img loading=\"lazy\" class=\"wp-image-27536 aligncenter\" src=\"http:\/\/www.deanreed.de\/AmericanRebel\/2017\/wp-content\/uploads\/2021\/05\/22-300x81.jpg\" alt=\"\" width=\"667\" height=\"180\" srcset=\"https:\/\/www.deanreed.de\/AmericanRebel\/2017\/wp-content\/uploads\/2021\/05\/22-300x81.jpg 300w, https:\/\/www.deanreed.de\/AmericanRebel\/2017\/wp-content\/uploads\/2021\/05\/22.jpg 666w\" sizes=\"(max-width: 667px) 100vw, 667px\" \/><br \/>\nAm 8. November 1939 wird ein Mann an der Grenze zur Schweiz wegen des Besitzes verd\u00e4chtiger Gegenst\u00e4nde festgenommen. Nur Minuten sp\u00e4ter explodiert im M\u00fcnchner B\u00fcrgerbr\u00e4ukeller unmittelbar hinter dem Pult, an dem Hitler seine Jubil\u00e4umsrede hielt, eine Bombe und rei\u00dft acht Menschen in den Tod. Der festgenommene Mann ist Georg Elser, ein Schreiner aus dem schw\u00e4bischen K\u00f6nigsbronn. Als man bei ihm eine Karte des Anschlagsortes und Sprengz\u00fcnder findet, wird er dem Chef der Kripo im Reichssicherheitshauptamt Arthur Nebe und dem Gestapochef Heinrich M\u00fcller zum Verh\u00f6r \u00fcberstellt. <a href=\"https:\/\/www.youtube.com\/watch?v=2Gx9RvueaEo\" target=\"_blank\" rel=\"noopener\">Zum Trailer &gt;&gt;&gt;<\/a><br \/>\n\u00bbElser \u2013 Er h\u00e4tte die Welt ver\u00e4ndert\u00ab ist ein deutscher Spielfilm aus dem Jahr 2015. Der Film portr\u00e4tiert den <a title=\"\" href=\"https:\/\/de.wikipedia.org\/wiki\/Widerstand_gegen_den_Nationalsozialismus\" target=\"_blank\" rel=\"noopener\">Widerstandsk\u00e4mpfer gegen den Nationalsozialismus<\/a> <a title=\"Burghart Klau\u00dfner\" href=\"https:\/\/de.wikipedia.org\/wiki\/Georg_Elser\" target=\"_blank\" rel=\"noopener\">Georg Elser<\/a> | <a href=\"https:\/\/www.ardmediathek.de\/video\/filme\/elser-oder-historienfilm\/one\/Y3JpZDovL3dkci5kZS9CZWl0cmFnLTgxM2Y0NGE3LWYyNWUtNGVhNS05YTM4LWRlZDViMGYzZWZkOQ\/\" target=\"_blank\" rel=\"noopener\">Noch bis zum 15. Mai auf artmediathek-one<\/a><br \/>\n<em>KikiRebell<\/em><br \/>\n<span style=\"color: #ffffff;\">.<\/span><br \/>\n<span style=\"font-size: 12pt;\"><span style=\"color: #ffffff;\">.<\/span><br \/>\n<\/span><\/span><\/span><span style=\"font-size: 14pt;\"><strong><span style=\"font-family: verdana, geneva, sans-serif;\">5. April | Gewalttaten gegen Lesben, Schwule, bisexuelle,<\/span><\/strong><\/span><br \/>\n<span style=\"font-family: verdana, geneva, sans-serif; font-size: 12pt;\"><span style=\"font-size: 14pt;\"><strong>trans- und intergeschlechtliche Menschen steigen um 36%<\/strong><\/span><\/span><\/p>\n<p><span style=\"font-family: verdana, geneva, sans-serif; font-size: 12pt;\"><img loading=\"lazy\" class=\"wp-image-27538 aligncenter\" src=\"http:\/\/www.deanreed.de\/AmericanRebel\/2017\/wp-content\/uploads\/2021\/05\/wee-300x81.jpg\" alt=\"\" width=\"667\" height=\"180\" srcset=\"https:\/\/www.deanreed.de\/AmericanRebel\/2017\/wp-content\/uploads\/2021\/05\/wee-300x81.jpg 300w, https:\/\/www.deanreed.de\/AmericanRebel\/2017\/wp-content\/uploads\/2021\/05\/wee.jpg 666w\" sizes=\"(max-width: 667px) 100vw, 667px\" \/><br \/>\nIm letzten Jahr hat das Bundesinnenministerium 782 hassmotivierte Straftaten gegen Lesben, Schwule, bisexuelle, trans- und intergeschlechtliche Menschen registriert. Das ist ein Anstieg von 36% gegen\u00fcber 2019.<br \/>\n<\/span><a href=\"https:\/\/perspektive-online.net\/2021\/05\/gewalttaten-gegen-lesben-schwule-bisexuelle-trans-und-intergeschlechtliche-menschen-steigen-um-36\/\" target=\"_blank\" rel=\"noopener\"><em><span style=\"font-family: verdana, geneva, sans-serif; font-size: 12pt;\">\u00bbPerspektive\u00ab berichtete<\/span><\/em><\/a><span style=\"font-size: 12pt; font-family: verdana, geneva, sans-serif;\"><br \/>\n<span style=\"color: #ffffff;\">.<br \/>\n.<\/span><\/span><span style=\"font-family: verdana, geneva, sans-serif;\"><br \/>\n<\/span><span style=\"font-family: verdana, geneva, sans-serif; font-size: 14pt;\"><span style=\"font-size: 12pt;\"><strong><span style=\"font-size: 14pt;\">5. April | Erster Mai &#8211; Tag der Arbeit? NEIN! Tag des Arbeiters<\/span><\/strong><\/span><\/span><\/p>\n<p style=\"text-align: justify;\"><img loading=\"lazy\" class=\"wp-image-27535 aligncenter\" src=\"http:\/\/www.deanreed.de\/AmericanRebel\/2017\/wp-content\/uploads\/2021\/05\/image-300x81.jpg\" alt=\"\" width=\"667\" height=\"180\" srcset=\"https:\/\/www.deanreed.de\/AmericanRebel\/2017\/wp-content\/uploads\/2021\/05\/image-300x81.jpg 300w, https:\/\/www.deanreed.de\/AmericanRebel\/2017\/wp-content\/uploads\/2021\/05\/image.jpg 666w\" sizes=\"(max-width: 667px) 100vw, 667px\" \/><br \/>\n<span style=\"font-family: verdana, geneva, sans-serif; font-size: 12pt;\">In der portugiesischen Presse wird Bilanz gezogen, was an diesem Tag des Arbeiters in der Welt so los war. W\u00e4hrend die meisten Menschen f\u00fcr die Rechte der Arbeiter, f\u00fcr die Gleichberechtigung der Frauen oder f\u00fcr den Frieden demonstrierten, gab es vor allem in Mitteleuropa Proteste gegen die Corona-Massnahmen. Es schmerzt zu sehen, wie der 1. Mai von Rechten und Negationisten okkupiert wird, die von Freiheit und demokratischen Rechten sprechen, aber die Rechte und Freiheiten anderer nicht respektieren. Am ersten Mai zelebrieren wir die Errungenschaften der Arbeiterbewegung und stellen Forderungen an die Regierungen dieser Welt!<b><br \/>\n<\/b><\/span><a href=\"https:\/\/info-welt.eu\/erster-mai-tag-der-arbeit-nein-tag-des-arbeiters\/\" target=\"_blank\" rel=\"noopener\"><em><span style=\"font-family: verdana, geneva, sans-serif; font-size: 12pt;\">Rui Filipe Gutschmidt berichtete aus Portugal auf \u00bbInfo Welt\u00ab<\/span><\/em><\/a><br \/>\n<span style=\"font-size: 12pt; color: #ffffff;\">.<\/span><br \/>\n<span style=\"font-size: 12pt; color: #ffffff;\">.<\/span><strong><br \/>\n<\/strong><span style=\"font-size: 14pt;\"><strong><span style=\"font-family: verdana, geneva, sans-serif;\">5. April | Osmaniye: 16 Landarbeitskr\u00e4fte bei Unfall verletzt<\/span><\/strong><\/span><\/p>\n<p><img loading=\"lazy\" class=\"wp-image-27539 aligncenter\" src=\"http:\/\/www.deanreed.de\/AmericanRebel\/2017\/wp-content\/uploads\/2021\/05\/2tz6age-jpgbdabb0-image-300x81.jpg\" alt=\"\" width=\"667\" height=\"180\" srcset=\"https:\/\/www.deanreed.de\/AmericanRebel\/2017\/wp-content\/uploads\/2021\/05\/2tz6age-jpgbdabb0-image-300x81.jpg 300w, https:\/\/www.deanreed.de\/AmericanRebel\/2017\/wp-content\/uploads\/2021\/05\/2tz6age-jpgbdabb0-image.jpg 666w\" sizes=\"(max-width: 667px) 100vw, 667px\" \/><span style=\"font-family: verdana, geneva, sans-serif; font-size: 14pt;\"><span style=\"font-size: 12pt;\"><br \/>\nIn Osmaniye sind 16 Landarbeiter\/innen bei einem Unfall verletzt worden. Die Ausbeutung von Landarbeitskr\u00e4ften hat sich mit der Corona-Pandemie weiter zugespitzt.<br \/>\n<em><a href=\"https:\/\/rotermorgen.eu\/bonus-modelle-journalisten-im-hamsterrad\/\" target=\"_blank\" rel=\"noopener\">\u00bbRoterMorgen\u00ab berichtete<\/a><\/em><\/span><br \/>\n<\/span><span style=\"font-family: verdana, geneva, sans-serif; font-size: 14pt; color: #ffffff;\">.<\/span><br \/>\n<span style=\"font-family: verdana, geneva, sans-serif; font-size: 14pt; color: #ffffff;\">.<\/span><br \/>\n<span style=\"font-family: verdana, geneva, sans-serif; font-size: 14pt;\"><strong>5. April | <span style=\"font-size: 14pt;\">Spendet f\u00fcr die Verhafteten vom 1. Mai!<br \/>\n<\/span><\/strong><\/span><br \/>\n<span style=\"font-family: verdana, geneva, sans-serif; font-size: 14pt;\"><span style=\"font-size: 12pt;\"><span style=\"font-family: verdana, geneva, sans-serif;\"><img loading=\"lazy\" class=\"wp-image-27542 aligncenter\" src=\"http:\/\/www.deanreed.de\/AmericanRebel\/2017\/wp-content\/uploads\/2021\/05\/17-Kopie-300x81.png\" alt=\"\" width=\"667\" height=\"180\" srcset=\"https:\/\/www.deanreed.de\/AmericanRebel\/2017\/wp-content\/uploads\/2021\/05\/17-Kopie-300x81.png 300w, https:\/\/www.deanreed.de\/AmericanRebel\/2017\/wp-content\/uploads\/2021\/05\/17-Kopie.png 666w\" sizes=\"(max-width: 667px) 100vw, 667px\" \/><br \/>\n\u201eMit Kn\u00fcppel und Pfefferspray im Einsatz f\u00fcr Ihre Gesundheit\u201c \u2013 diese absurde Botschaft versucht die Polizeif\u00fchrung mit Hilfe williger Journalist*innen der \u00d6ffentlichkeit zu verkaufen, wenn sie \u00fcber die gewaltsame Aufl\u00f6sung der Berliner Revolution\u00e4ren 1. Mai Demo sprechen. Denn w\u00e4hrend 2017 auf dem G20-Gipfel die \u201eWelcome to Hell\u201c- Demo wegen Verst\u00f6\u00dfen gegen das Vermummunsgverbot begr\u00fcndet wurde, m\u00fcssen heute \u2013 in Zeiten der Vermummungspflicht \u2013 angeblich zu geringe Abst\u00e4nde und der Schutz vor Infektionen als Grund f\u00fcr den Angriff auf linksradikale Demos herhalten.<\/span><br \/>\n<a href=\"https:\/\/www.berlin.rote-hilfe.de\/spendet-fuer-die-verhafteten-vom-1-mai\/\" target=\"_blank\" rel=\"noopener\"><span style=\"font-family: verdana, geneva, sans-serif;\"><em>Zum Spendenaufruf der \u00bbRoten Hilfe e.V.\u00ab<\/em><\/span><\/a><br \/>\n<span style=\"color: #ffffff;\">.<\/span><br \/>\n<span style=\"color: #ffffff;\">.<\/span><br \/>\n<\/span><\/span><span style=\"font-family: verdana, geneva, sans-serif; font-size: 14pt;\"><strong>7. April |<\/strong> <\/span><strong><span style=\"font-family: verdana, geneva, sans-serif; font-size: 16pt;\">Das ist asozial! Merkel spricht sich<br \/>\ngegen Aufhebung des Patentschutzes aus<\/span><\/strong><\/p>\n<p style=\"text-align: justify;\"><span style=\"font-family: verdana, geneva, sans-serif; font-size: 12pt;\"><em><strong><img loading=\"lazy\" class=\"wp-image-27545 aligncenter\" src=\"http:\/\/www.deanreed.de\/AmericanRebel\/2017\/wp-content\/uploads\/2021\/05\/1-Kopi-300x81.png\" alt=\"\" width=\"667\" height=\"180\" srcset=\"https:\/\/www.deanreed.de\/AmericanRebel\/2017\/wp-content\/uploads\/2021\/05\/1-Kopi-300x81.png 300w, https:\/\/www.deanreed.de\/AmericanRebel\/2017\/wp-content\/uploads\/2021\/05\/1-Kopi.png 666w\" sizes=\"(max-width: 667px) 100vw, 667px\" \/><br \/>\n&#8222;Allein f\u00fcr Biontech hat das deutsche Wissenschaftsministerium 375 Millionen Euro locker gemacht. In den USA hat Donald Trump insgesamt ca. 10 Milliarden Dollar an Unternehmen verteilt, die sich der Suche nach einem Impfstoff verschrieben haben.<\/strong>&#8220;<br \/>\n<\/em><span style=\"color: #ffffff;\">&#8230;<\/span>\u00dcber Monate stemmten sich die USA, aber auch die EU gegen eine Aussetzung des Patentschutzes auf den Corona-Impfstoff. L\u00e4nder wie S\u00fcdafrika und Indien Forderten einer Lockerung des Patentschutzes nachzukommen, um selbst generische Versionen der COVID-19-Impfstoffe zu produzieren. Nun will die Biden-Administration den Patentschutz lockern. <em>&#8222;Die USA unterst\u00fctzen die Aufhebung des IP-Schutzes f\u00fcr COVID-19-Impfstoffe, um die Pandemie zu beenden, und wir werden aktiv an den WTO-Verhandlungen teilnehmen, um dies zu erreichen.&#8220;<\/em> Die US-Ank\u00fcndigung erfolgte am Mittwoch, dem ersten Tag einer zweit\u00e4tigen Sitzung des Allgemeinen Rates der Welthandelsorganisation (WTO) mit Sitz in Genf. 98 weitere Staaten hatten sich der Forderung der beiden BRICS-Staaten angeschlossen. Auch 175 ehemalige Staats- und Regierungschefs sowie Nobelpreistr\u00e4ger stellten sich hinter den Antrag. Bundeskanzlerin Angela Merkel spricht sich allerdings gegen eine Lockerung des Patentschutzes aus. Am Donnerstagabend erkl\u00e4rte eine Regierungssprecherin, dass &#8222;Herstellungskapazit\u00e4ten und hohe Qualit\u00e4tsstandards&#8220; und &#8222;nicht die Patente&#8220; &#8222;der limitierende Faktor f\u00fcr die Produktion von Impfstoffen&#8220; seien. <em>&#8222;Der Schutz des geistigen Eigentums ist eine Quelle der Innovation, und das muss auch in Zukunft so bleiben.&#8220; <\/em>Der US-Plan w\u00fcrde zu &#8222;schweren Komplikationen&#8220; f\u00fcr die Produktion von Impfstoffen f\u00fchren, erkl\u00e4rt die Merkel-Sprecherin weiter.<br \/>\n<span style=\"color: #ffffff;\">&#8230;<\/span><\/span><span style=\"font-family: verdana, geneva, sans-serif; font-size: 12pt;\">Nach US-Ank\u00fcndigung sind die B\u00f6rsenkurse von Biontech um mehrere Prozentpunkte gefallen. Eine Freigabe ist n\u00e4mlich auch nicht im Interesse der Aktion\u00e4re.<br \/>\n<em>Heinrich Schreiber<\/em><br \/>\n<\/span><span style=\"font-family: verdana, geneva, sans-serif; font-size: 14pt; color: #ffffff;\"><span style=\"font-size: 12pt;\">.<\/span><\/span><br \/>\n<span style=\"font-family: verdana, geneva, sans-serif; font-size: 14pt; color: #ffffff;\"><span style=\"font-size: 12pt;\">.<\/span><\/span><br \/>\n<span style=\"font-family: verdana, geneva, sans-serif; font-size: 14pt;\"><strong>7. April |<span style=\"font-size: 14pt;\">Berlin: Kundgebung gegen<br \/>\nRheinmetall-Hauptversammlung<br \/>\n<\/span><\/strong><\/span><br \/>\n<img loading=\"lazy\" class=\"wp-image-27540 aligncenter\" src=\"http:\/\/www.deanreed.de\/AmericanRebel\/2017\/wp-content\/uploads\/2021\/05\/gtzu-Kopie-300x81.jpg\" alt=\"\" width=\"667\" height=\"180\" srcset=\"https:\/\/www.deanreed.de\/AmericanRebel\/2017\/wp-content\/uploads\/2021\/05\/gtzu-Kopie-300x81.jpg 300w, https:\/\/www.deanreed.de\/AmericanRebel\/2017\/wp-content\/uploads\/2021\/05\/gtzu-Kopie.jpg 666w\" sizes=\"(max-width: 667px) 100vw, 667px\" \/><span style=\"font-family: verdana, geneva, sans-serif; font-size: 12pt;\"><br \/>\nAm 11. Mai findet ab 10 Uhr die virtuelle Hauptversammlung f\u00fcr Aktion\u00e4re\/-innen des gr\u00f6\u00dften deutschen R\u00fcstungskonzerns Rheinmetall statt. Das B\u00fcndnis \u201e<a href=\"https:\/\/rheinmetall-hauptversammlung.org\/\">Rheinmetall Entwaffnen<\/a>\u201c ruft deshalb zu einer Kundgebung gegen die deutsche R\u00fcstungsindustrie auf \u2013 um 10 Uhr vor dem Rheinmetall-B\u00fcro am Pariser Platz in Berlin.<\/span><br \/>\n<span style=\"font-family: verdana, geneva, sans-serif; font-size: 14pt; color: #ffffff;\"><span style=\"font-size: 12pt;\">.<\/span><\/span><br \/>\n<span style=\"font-family: verdana, geneva, sans-serif; font-size: 14pt; color: #ffffff;\"><span style=\"font-size: 12pt;\">.<\/span><\/span><br \/>\n<span style=\"font-family: verdana, geneva, sans-serif; font-size: 14pt;\"><strong>8. Mai | <span style=\"font-family: verdana, geneva, sans-serif; font-size: 14pt;\">Gedanken zum 8. Mai<br \/>\n<\/span><\/strong><\/span><br \/>\n<span style=\"font-family: verdana, geneva, sans-serif; font-size: 12pt;\"><img loading=\"lazy\" class=\"wp-image-27543 aligncenter\" src=\"http:\/\/www.deanreed.de\/AmericanRebel\/2017\/wp-content\/uploads\/2021\/05\/8-ng-300x81.jpg\" alt=\"\" width=\"667\" height=\"180\" srcset=\"https:\/\/www.deanreed.de\/AmericanRebel\/2017\/wp-content\/uploads\/2021\/05\/8-ng-300x81.jpg 300w, https:\/\/www.deanreed.de\/AmericanRebel\/2017\/wp-content\/uploads\/2021\/05\/8-ng.jpg 666w\" sizes=\"(max-width: 667px) 100vw, 667px\" \/><br \/>\nZum zweiten Mal in der Geschichte Europas, ging vom deutschen Imperialismus im Jahr 1939 ein grausamer Krieg, der zweite Weltkrieg aus, der weltweit Sch\u00e4tzungen zu Folge, Kriegsfolgen und Verbrechen eingerechnet rund 80 Millionen Tote<sup><a href=\"#_gz1\" name=\"_gz1ref1\">1<\/a><\/sup><sup>)<\/sup> forderte. Alleine die Sowjetunion hatte rund 27 Millionen Kriegstote<sup><a href=\"#_gz2\" name=\"_gz2ref1\">2<\/a>)<\/sup> zu beklagen. Allerdings f\u00fchrte das verbrecherische Hitlerregime auch Krieg gegen sein eigenes Volk. Millionen, deren genaue Zahl sich nicht mehr ermitteln lassen d\u00fcrfte, starben in Konzentrations- und Vernichtungslagern, die im gesamten Deutschen Reich und den besetzten Gebieten errichtet wurden. Nicht nur Juden wurden in Konzentrations- Vernichtungslager gebracht, sondern auch andere missliebige Personen, wie Kommunisten, Sinti und Roma (auch absch\u00e4tzig als Zigeuner bezeichnet), Homosexuelle und nat\u00fcrlich auch Menschen, die offen Kritik am Naziregime \u00fcbten. Zum gro\u00dfen Teil wurden die Opfer bis zum heutigen Tag nicht entsch\u00e4digt.<br \/>\n<a href=\"https:\/\/rotermorgen.eu\/gedanken-zum-8-mai\/\" target=\"_blank\" rel=\"noopener\"><em>Volkskorrespondent Andreas Habicht aus Malaga, berichtete auf Roter Morgen<\/em><\/a><\/span><br \/>\n<span style=\"font-family: verdana, geneva, sans-serif; font-size: 14pt; color: #ffffff;\"><span style=\"font-size: 12pt;\">.<\/span><\/span><br \/>\n<span style=\"font-family: verdana, geneva, sans-serif; font-size: 14pt;\"><span style=\"font-size: 12pt;\"><span style=\"color: #ffffff;\">.<\/span><br \/>\n<\/span><\/span><span style=\"font-family: verdana, geneva, sans-serif; font-size: 14pt;\"><strong>8. Mai | <span style=\"font-size: 14pt;\">Die \u00bbPartei die Linke\u00ab hofft auf Gr\u00fcn-Rot-Rot<\/span><\/strong><\/span><\/p>\n<p style=\"text-align: justify;\"><span style=\"font-family: verdana, geneva, sans-serif; font-size: 12pt;\"><img loading=\"lazy\" class=\"wp-image-27541 aligncenter\" src=\"http:\/\/www.deanreed.de\/AmericanRebel\/2017\/wp-content\/uploads\/2021\/05\/2-formatOriginal-300x81.jpg\" alt=\"\" width=\"667\" height=\"180\" srcset=\"https:\/\/www.deanreed.de\/AmericanRebel\/2017\/wp-content\/uploads\/2021\/05\/2-formatOriginal-300x81.jpg 300w, https:\/\/www.deanreed.de\/AmericanRebel\/2017\/wp-content\/uploads\/2021\/05\/2-formatOriginal.jpg 666w\" sizes=\"(max-width: 667px) 100vw, 667px\" \/><br \/>\nGr\u00fcn scheint gegenw\u00e4rtig ein Farbe der Hoffnung zu sein. Spiegel und Stern jubeln regelrecht f\u00fcr die 40 j\u00e4hrige Spitzenkandidatin der Gr\u00fcnen, Annalena Baerbock. Die Sonntagsfrage wird dann auch (Wert vom 05.05.2021) von drei Instituten mit einem Wahlsieg der Gr\u00fcnen beantwortet.<\/span><br \/>\n<a href=\"https:\/\/www.der-revolutionaer.de\/die-pdl-hofft-auf-gruen-rot-rot\/\" target=\"_blank\" rel=\"noopener\"><em><span style=\"font-family: verdana, geneva, sans-serif; font-size: 12pt;\">Was ich noch sagen wollte\u2026 Heinrich Schreiber kommentiert auf \u00bbDer Revolution\u00e4r\u00ab<\/span><\/em><\/a><br \/>\n<span style=\"font-family: verdana, geneva, sans-serif; font-size: 14pt; color: #ffffff;\">. <\/span><br \/>\n<strong><span style=\"color: #ffffff;\">.<\/span><br \/>\n<\/strong><span style=\"font-family: verdana, geneva, sans-serif; font-size: 14pt;\"><strong>9. Mai |<span style=\"font-family: verdana, geneva, sans-serif; font-size: 14pt;\"> heute \u2013 Vorbild einer sozialistischen Gesellschaft?<br \/>\n<\/span><\/strong><\/span><br \/>\n<img loading=\"lazy\" class=\"wp-image-27544 aligncenter\" src=\"http:\/\/www.deanreed.de\/AmericanRebel\/2017\/wp-content\/uploads\/2021\/05\/kkuuz-300x81.jpg\" alt=\"\" width=\"667\" height=\"180\" srcset=\"https:\/\/www.deanreed.de\/AmericanRebel\/2017\/wp-content\/uploads\/2021\/05\/kkuuz-300x81.jpg 300w, https:\/\/www.deanreed.de\/AmericanRebel\/2017\/wp-content\/uploads\/2021\/05\/kkuuz.jpg 666w\" sizes=\"(max-width: 667px) 100vw, 667px\" \/><span style=\"font-family: verdana, geneva, sans-serif; font-size: 12pt;\"><br \/>\nDer Aufstand der Ej\u00e9rcito Zapatista de Liberaci\u00f3n Nacional und die darauf folgenden Konflikte mit dem mexikanischen Staat sorgten im Jahre 1994 auch international f\u00fcr Schlagzeilen. <a href=\"https:\/\/diefreiheitsliebe.de\/politik\/die-erben-von-zapata-und-villa-die-fortsetzung-der-mexikanischen-revolution\/\" data-type=\"post\" data-id=\"52739\">Weltweit, aber vor allem innerhalb Mexikos<\/a>, gab es sehr viel Solidarit\u00e4t und Unterst\u00fctzung f\u00fcr die gr\u00f6\u00dftenteils von Ureinwohnern gef\u00fchrte Organisation, welche sich gegen die kapitalistische und koloniale Ausbeutung der indigenen Territorien und f\u00fcr Selbstverwaltung sowie eine soziale und basisdemokratische Gesellschaft einsetzte.<br \/>\n<em><a href=\"https:\/\/rotermorgen.eu\/die-zapatistas-heute-vorbild-einer-sozialistischen-gesellschaft\/\" target=\"_blank\" rel=\"noopener\">Gastautor<span class=\"elementor-icon-list-text elementor-post-info__item elementor-post-info__item--type-author\"> Finn Sch\u00fcttler<\/span> berichtete auf \u00bbRoterMorgen\u00ab <\/a><\/em><br \/>\n<\/span><span style=\"color: #ffffff;\">.<\/span><br \/>\n<span style=\"color: #ffffff;\">.<\/span><br \/>\n<span style=\"font-family: verdana, geneva, sans-serif; font-size: 12pt;\"><span style=\"font-size: 14pt;\"><strong>9. Mai | <\/strong><\/span><\/span><span style=\"font-family: verdana, geneva, sans-serif; font-size: 14pt;\"><strong>Zivilisation am Scheideweg <\/strong><\/span><\/p>\n<div class=\"public-DraftStyleDefault-block public-DraftStyleDefault-ltr\" style=\"text-align: justify;\" data-offset-key=\"bsm8h-0-0\">\n<p style=\"text-align: justify;\"><span style=\"font-family: verdana, geneva, sans-serif; font-size: 12pt;\"><span style=\"color: #ffffff;\"><span style=\"color: #000000;\"><span style=\"font-family: verdana, geneva, sans-serif; font-size: 12pt;\"><img loading=\"lazy\" class=\"wp-image-27546 aligncenter\" src=\"http:\/\/www.deanreed.de\/AmericanRebel\/2017\/wp-content\/uploads\/2021\/05\/1-Kopie-9-300x81.png\" alt=\"\" width=\"670\" height=\"181\" srcset=\"https:\/\/www.deanreed.de\/AmericanRebel\/2017\/wp-content\/uploads\/2021\/05\/1-Kopie-9-300x81.png 300w, https:\/\/www.deanreed.de\/AmericanRebel\/2017\/wp-content\/uploads\/2021\/05\/1-Kopie-9.png 666w\" sizes=\"(max-width: 670px) 100vw, 670px\" \/><span style=\"font-family: verdana, geneva, sans-serif;\"><br \/>\nDie Kriegsgefahr w\u00e4chst von Tag zu Tag. In S\u00fcdosteuropa probt die NATO mit dem Man\u00f6ver \u201eDefender 2021\u201c, an dem \u2013 trotz Coronapandemie \u2013 28.000 Soldaten teilnehmen, den Marsch auf Moskau. 26 Staaten nehmen teil, darunter die Ukraine, Georgien und Moldawien, und auch Deutschland ist angetreten. Die USA haben Kriegsschiffe ins Schwarze Meer entsandt, sie r\u00fcsten die Ukraine weiter auf, in Polen und den baltischen Staaten stehen ihre Raketen. Zugleich wird Russland als Aggressor hingestellt, weil es seine Truppen an der S\u00fcdwestgrenze verst\u00e4rkt.<br \/>\n<a href=\"https:\/\/rotermorgen.eu\/zivilisation-am-scheideweg\/\" target=\"_blank\" rel=\"noopener\"><span style=\"font-size: 10pt;\">Deutschland \u2013 verraten und verkauft. Hintergr\u00fcnde und Analysen. Zeitgeist Print &amp; Online, Klappenbroschur, 320 Seiten, 33 Abb., H\u00f6hr-Grenzhausen, M\u00e4rz 2021, 19,90 \u20ac. ISBN: 978-3-94300-34-3.<\/span><\/a><br \/>\n<\/span><\/span><\/span><\/span><\/span><span style=\"font-family: verdana, geneva, sans-serif; font-size: 12pt;\"><span style=\"color: #ffffff;\"><span style=\"color: #000000;\"><span style=\"font-family: verdana, geneva, sans-serif; font-size: 12pt;\"><span style=\"color: #ffffff;\">.<\/span><\/span><\/span><\/span><\/span><\/p>\n<p style=\"text-align: center;\"><span style=\"font-family: verdana, geneva, sans-serif; font-size: 12pt;\"><span style=\"color: #ffffff;\"><span style=\"color: #000000;\"><span style=\"font-family: verdana, geneva, sans-serif; font-size: 12pt;\"><br \/>\n____________________________<br \/>\n<span style=\"color: #ffffff;\">.<\/span><br \/>\n<\/span><\/span><\/span><\/span><\/p>\n<p style=\"text-align: center;\"><span style=\"font-size: 10pt;\"><span style=\"font-family: verdana, geneva, sans-serif;\">Die Redaktionen<\/span><span style=\"font-family: verdana, geneva, sans-serif;\"><strong><br \/>\n<\/strong>danken den Volkskorrespondenten\/-innen Hosteni, Zeki, Nico,<\/span><\/span><br \/>\n<span style=\"font-family: verdana, geneva, sans-serif; font-size: 10pt;\">KikiRebel, Rui-Filipe, Sascha, Kalle, Heinrich, Klaus, Fiete, Reinhold u. A.<\/span><br \/>\n<span style=\"font-family: verdana, geneva, sans-serif; font-size: 10pt;\">f\u00fcr die Unterst\u00fctzung bei der Erstellung.<strong><br \/>\n<\/strong>Dieser R\u00fcckblick erhebt nicht den Anspruch auf Vollst\u00e4ndigkeit.<\/span><br \/>\n<span style=\"font-family: verdana, geneva, sans-serif; font-size: 10pt;\"><strong>Verlinkte- und mit Namen gekennzeichnete Texte m\u00fcssen<\/strong><\/span><br \/>\n<span style=\"font-family: verdana, geneva, sans-serif; font-size: 10pt;\"><strong>nicht in allen Punkten den Meinungen unserer Redaktionen entsprechen.<br \/>\n<span style=\"color: #ffffff;\">.<\/span><br \/>\n\u00bbWochenr\u00fcckblick\u00ab ist ein Projekt von<\/strong><strong><a href=\"https:\/\/rotermorgen.eu\/8197-2\/\" target=\"_blank\" rel=\"noopener\"><img loading=\"lazy\" class=\"wp-image-8196 aligncenter\" src=\"https:\/\/rotermorgen.eu\/wp-content\/uploads\/2021\/01\/2-Kopie-2-1.png\" alt=\"\" width=\"292\" height=\"142\" \/><\/a>Schickt uns Eure Kurzberichte<br \/>\nund Veranstaltungshinweise!<br \/>\neMail: <a href=\"mailto:Wochenrueckblick@gmx.net\" target=\"_blank\" rel=\"noopener noreferrer\">Wochenrueckblick@gmx.net<\/a><br \/>\nRedaktionsschluss: Jeden Sonntag 20:00 Uhr<\/strong><\/span><\/p>\n<p><\/div><!-- .hide-this-part --><\/div><!-- hide-this-part-wrap --><\/p>\n<p><span style=\"color: #ffffff;\">.<\/span><\/p>\n<blockquote>\n<p style=\"text-align: center;\"><input name=\"hosted_button_id\" type=\"hidden\" value=\"YBAWB885PFM9Y\" \/><\/p>\n<\/blockquote>\n<\/div>\n","protected":false},"excerpt":{"rendered":"<p>Zur\u00fcckblickend auf die letzten Tage sind uns einige kommentierbare Vorkommnisse ins Auge gefallen, die wir hier zur Diskussion stellen. (Kommis bitte unten eintragen!) .. . 3. Mai | Trotz Demoverbot, Polizeiwillk\u00fcr und Milit\u00e4rmorde \u2013 Der 1. Mai lebt weltweit! Rund [&hellip;]<a class=\"more-link\" href=\"https:\/\/www.deanreed.de\/AmericanRebel\/2017\/2021\/05\/10\/wochenrueckblick-18-kw-2021\/\">&darr; Lese den Rest von diesem Eintrag&#8230;<\/a><\/p>\n","protected":false},"author":2,"featured_media":0,"comment_status":"open","ping_status":"open","sticky":false,"template":"","format":"standard","meta":[],"categories":[5094],"tags":[748,4864,2594,8,4728,4866,5185,4790,3939,4729,4730,2021,4731,4869,2225,4870,4601,5186,1329,4734,5188,5187],"yoast_head":"<!-- This site is optimized with the Yoast SEO plugin v17.5 - https:\/\/yoast.com\/wordpress\/plugins\/seo\/ -->\n<title>- Wochenr\u00fcckblick 18. KW. 2021 &ndash; Onlinezeitung AmericanRebel<\/title>\n<meta name=\"robots\" content=\"index, follow, max-snippet:-1, max-image-preview:large, max-video-preview:-1\" \/>\n<link rel=\"canonical\" href=\"https:\/\/www.deanreed.de\/AmericanRebel\/2017\/2021\/05\/10\/wochenrueckblick-18-kw-2021\/\" \/>\n<meta property=\"og:locale\" content=\"de_DE\" \/>\n<meta property=\"og:type\" content=\"article\" \/>\n<meta property=\"og:title\" content=\"- Wochenr\u00fcckblick 18. KW. 2021 &ndash; Onlinezeitung AmericanRebel\" \/>\n<meta property=\"og:description\" content=\"Zur\u00fcckblickend auf die letzten Tage sind uns einige kommentierbare Vorkommnisse ins Auge gefallen, die wir hier zur Diskussion stellen. (Kommis bitte unten eintragen!) .. . 3. Mai | Trotz Demoverbot, Polizeiwillk\u00fcr und Milit\u00e4rmorde \u2013 Der 1. Mai lebt weltweit! Rund [&hellip;]&darr; Lese den Rest von diesem Eintrag...\" \/>\n<meta property=\"og:url\" content=\"https:\/\/www.deanreed.de\/AmericanRebel\/2017\/2021\/05\/10\/wochenrueckblick-18-kw-2021\/\" \/>\n<meta property=\"og:site_name\" content=\"Onlinezeitung AmericanRebel\" \/>\n<meta property=\"article:published_time\" content=\"2021-05-09T22:09:37+00:00\" \/>\n<meta property=\"article:modified_time\" content=\"2021-05-10T00:06:59+00:00\" \/>\n<meta property=\"og:image\" content=\"http:\/\/www.deanreed.de\/AmericanRebel\/2017\/wp-content\/uploads\/2020\/10\/AR_WR_2-300x75.png\" \/>\n<meta name=\"twitter:card\" content=\"summary_large_image\" \/>\n<meta name=\"twitter:label1\" content=\"Verfasst von\" \/>\n\t<meta name=\"twitter:data1\" content=\"Redaktion\" \/>\n\t<meta name=\"twitter:label2\" content=\"Gesch\u00e4tzte Lesezeit\" \/>\n\t<meta name=\"twitter:data2\" content=\"11\u00a0Minuten\" \/>\n<script type=\"application\/ld+json\" class=\"yoast-schema-graph\">{\"@context\":\"https:\/\/schema.org\",\"@graph\":[{\"@type\":\"WebSite\",\"@id\":\"https:\/\/www.deanreed.de\/AmericanRebel\/2017\/#website\",\"url\":\"https:\/\/www.deanreed.de\/AmericanRebel\/2017\/\",\"name\":\"Onlinezeitung AmericanRebel\",\"description\":\"Internationale Onlinezeitung f\\u00fcr Frieden, Humanismus, V\\u00f6lkerverst\\u00e4ndigung und Kultur\",\"potentialAction\":[{\"@type\":\"SearchAction\",\"target\":{\"@type\":\"EntryPoint\",\"urlTemplate\":\"https:\/\/www.deanreed.de\/AmericanRebel\/2017\/?s={search_term_string}\"},\"query-input\":\"required name=search_term_string\"}],\"inLanguage\":\"de\"},{\"@type\":\"ImageObject\",\"@id\":\"https:\/\/www.deanreed.de\/AmericanRebel\/2017\/2021\/05\/10\/wochenrueckblick-18-kw-2021\/#primaryimage\",\"inLanguage\":\"de\",\"url\":\"http:\/\/www.deanreed.de\/AmericanRebel\/2017\/wp-content\/uploads\/2020\/10\/AR_WR_2-300x75.png\",\"contentUrl\":\"http:\/\/www.deanreed.de\/AmericanRebel\/2017\/wp-content\/uploads\/2020\/10\/AR_WR_2-300x75.png\"},{\"@type\":\"WebPage\",\"@id\":\"https:\/\/www.deanreed.de\/AmericanRebel\/2017\/2021\/05\/10\/wochenrueckblick-18-kw-2021\/#webpage\",\"url\":\"https:\/\/www.deanreed.de\/AmericanRebel\/2017\/2021\/05\/10\/wochenrueckblick-18-kw-2021\/\",\"name\":\"- Wochenr\\u00fcckblick 18. KW. 2021 &ndash; Onlinezeitung AmericanRebel\",\"isPartOf\":{\"@id\":\"https:\/\/www.deanreed.de\/AmericanRebel\/2017\/#website\"},\"primaryImageOfPage\":{\"@id\":\"https:\/\/www.deanreed.de\/AmericanRebel\/2017\/2021\/05\/10\/wochenrueckblick-18-kw-2021\/#primaryimage\"},\"datePublished\":\"2021-05-09T22:09:37+00:00\",\"dateModified\":\"2021-05-10T00:06:59+00:00\",\"author\":{\"@id\":\"https:\/\/www.deanreed.de\/AmericanRebel\/2017\/#\/schema\/person\/9edfca7917cd10b75edaae51c6e7935a\"},\"breadcrumb\":{\"@id\":\"https:\/\/www.deanreed.de\/AmericanRebel\/2017\/2021\/05\/10\/wochenrueckblick-18-kw-2021\/#breadcrumb\"},\"inLanguage\":\"de\",\"potentialAction\":[{\"@type\":\"ReadAction\",\"target\":[\"https:\/\/www.deanreed.de\/AmericanRebel\/2017\/2021\/05\/10\/wochenrueckblick-18-kw-2021\/\"]}]},{\"@type\":\"BreadcrumbList\",\"@id\":\"https:\/\/www.deanreed.de\/AmericanRebel\/2017\/2021\/05\/10\/wochenrueckblick-18-kw-2021\/#breadcrumb\",\"itemListElement\":[{\"@type\":\"ListItem\",\"position\":1,\"name\":\"Startseite\",\"item\":\"https:\/\/www.deanreed.de\/AmericanRebel\/2017\/\"},{\"@type\":\"ListItem\",\"position\":2,\"name\":\"&#8211; Wochenr\\u00fcckblick 18. KW. 2021\"}]},{\"@type\":\"Person\",\"@id\":\"https:\/\/www.deanreed.de\/AmericanRebel\/2017\/#\/schema\/person\/9edfca7917cd10b75edaae51c6e7935a\",\"name\":\"Redaktion\",\"url\":\"https:\/\/www.deanreed.de\/AmericanRebel\/2017\/author\/redaktion\/\"}]}<\/script>\n<!-- \/ Yoast SEO plugin. -->","yoast_head_json":{"title":"- Wochenr\u00fcckblick 18. KW. 2021 &ndash; Onlinezeitung AmericanRebel","robots":{"index":"index","follow":"follow","max-snippet":"max-snippet:-1","max-image-preview":"max-image-preview:large","max-video-preview":"max-video-preview:-1"},"canonical":"https:\/\/www.deanreed.de\/AmericanRebel\/2017\/2021\/05\/10\/wochenrueckblick-18-kw-2021\/","og_locale":"de_DE","og_type":"article","og_title":"- Wochenr\u00fcckblick 18. KW. 2021 &ndash; Onlinezeitung AmericanRebel","og_description":"Zur\u00fcckblickend auf die letzten Tage sind uns einige kommentierbare Vorkommnisse ins Auge gefallen, die wir hier zur Diskussion stellen. (Kommis bitte unten eintragen!) .. . 3. Mai | Trotz Demoverbot, Polizeiwillk\u00fcr und Milit\u00e4rmorde \u2013 Der 1. Mai lebt weltweit! Rund [&hellip;]&darr; Lese den Rest von diesem Eintrag...","og_url":"https:\/\/www.deanreed.de\/AmericanRebel\/2017\/2021\/05\/10\/wochenrueckblick-18-kw-2021\/","og_site_name":"Onlinezeitung AmericanRebel","article_published_time":"2021-05-09T22:09:37+00:00","article_modified_time":"2021-05-10T00:06:59+00:00","og_image":[{"url":"http:\/\/www.deanreed.de\/AmericanRebel\/2017\/wp-content\/uploads\/2020\/10\/AR_WR_2-300x75.png"}],"twitter_card":"summary_large_image","twitter_misc":{"Verfasst von":"Redaktion","Gesch\u00e4tzte Lesezeit":"11\u00a0Minuten"},"schema":{"@context":"https:\/\/schema.org","@graph":[{"@type":"WebSite","@id":"https:\/\/www.deanreed.de\/AmericanRebel\/2017\/#website","url":"https:\/\/www.deanreed.de\/AmericanRebel\/2017\/","name":"Onlinezeitung AmericanRebel","description":"Internationale Onlinezeitung f\u00fcr Frieden, Humanismus, V\u00f6lkerverst\u00e4ndigung und Kultur","potentialAction":[{"@type":"SearchAction","target":{"@type":"EntryPoint","urlTemplate":"https:\/\/www.deanreed.de\/AmericanRebel\/2017\/?s={search_term_string}"},"query-input":"required name=search_term_string"}],"inLanguage":"de"},{"@type":"ImageObject","@id":"https:\/\/www.deanreed.de\/AmericanRebel\/2017\/2021\/05\/10\/wochenrueckblick-18-kw-2021\/#primaryimage","inLanguage":"de","url":"http:\/\/www.deanreed.de\/AmericanRebel\/2017\/wp-content\/uploads\/2020\/10\/AR_WR_2-300x75.png","contentUrl":"http:\/\/www.deanreed.de\/AmericanRebel\/2017\/wp-content\/uploads\/2020\/10\/AR_WR_2-300x75.png"},{"@type":"WebPage","@id":"https:\/\/www.deanreed.de\/AmericanRebel\/2017\/2021\/05\/10\/wochenrueckblick-18-kw-2021\/#webpage","url":"https:\/\/www.deanreed.de\/AmericanRebel\/2017\/2021\/05\/10\/wochenrueckblick-18-kw-2021\/","name":"- Wochenr\u00fcckblick 18. KW. 2021 &ndash; Onlinezeitung AmericanRebel","isPartOf":{"@id":"https:\/\/www.deanreed.de\/AmericanRebel\/2017\/#website"},"primaryImageOfPage":{"@id":"https:\/\/www.deanreed.de\/AmericanRebel\/2017\/2021\/05\/10\/wochenrueckblick-18-kw-2021\/#primaryimage"},"datePublished":"2021-05-09T22:09:37+00:00","dateModified":"2021-05-10T00:06:59+00:00","author":{"@id":"https:\/\/www.deanreed.de\/AmericanRebel\/2017\/#\/schema\/person\/9edfca7917cd10b75edaae51c6e7935a"},"breadcrumb":{"@id":"https:\/\/www.deanreed.de\/AmericanRebel\/2017\/2021\/05\/10\/wochenrueckblick-18-kw-2021\/#breadcrumb"},"inLanguage":"de","potentialAction":[{"@type":"ReadAction","target":["https:\/\/www.deanreed.de\/AmericanRebel\/2017\/2021\/05\/10\/wochenrueckblick-18-kw-2021\/"]}]},{"@type":"BreadcrumbList","@id":"https:\/\/www.deanreed.de\/AmericanRebel\/2017\/2021\/05\/10\/wochenrueckblick-18-kw-2021\/#breadcrumb","itemListElement":[{"@type":"ListItem","position":1,"name":"Startseite","item":"https:\/\/www.deanreed.de\/AmericanRebel\/2017\/"},{"@type":"ListItem","position":2,"name":"&#8211; Wochenr\u00fcckblick 18. KW. 2021"}]},{"@type":"Person","@id":"https:\/\/www.deanreed.de\/AmericanRebel\/2017\/#\/schema\/person\/9edfca7917cd10b75edaae51c6e7935a","name":"Redaktion","url":"https:\/\/www.deanreed.de\/AmericanRebel\/2017\/author\/redaktion\/"}]}},"_links":{"self":[{"href":"https:\/\/www.deanreed.de\/AmericanRebel\/2017\/wp-json\/wp\/v2\/posts\/27554"}],"collection":[{"href":"https:\/\/www.deanreed.de\/AmericanRebel\/2017\/wp-json\/wp\/v2\/posts"}],"about":[{"href":"https:\/\/www.deanreed.de\/AmericanRebel\/2017\/wp-json\/wp\/v2\/types\/post"}],"author":[{"embeddable":true,"href":"https:\/\/www.deanreed.de\/AmericanRebel\/2017\/wp-json\/wp\/v2\/users\/2"}],"replies":[{"embeddable":true,"href":"https:\/\/www.deanreed.de\/AmericanRebel\/2017\/wp-json\/wp\/v2\/comments?post=27554"}],"version-history":[{"count":11,"href":"https:\/\/www.deanreed.de\/AmericanRebel\/2017\/wp-json\/wp\/v2\/posts\/27554\/revisions"}],"predecessor-version":[{"id":27568,"href":"https:\/\/www.deanreed.de\/AmericanRebel\/2017\/wp-json\/wp\/v2\/posts\/27554\/revisions\/27568"}],"wp:attachment":[{"href":"https:\/\/www.deanreed.de\/AmericanRebel\/2017\/wp-json\/wp\/v2\/media?parent=27554"}],"wp:term":[{"taxonomy":"category","embeddable":true,"href":"https:\/\/www.deanreed.de\/AmericanRebel\/2017\/wp-json\/wp\/v2\/categories?post=27554"},{"taxonomy":"post_tag","embeddable":true,"href":"https:\/\/www.deanreed.de\/AmericanRebel\/2017\/wp-json\/wp\/v2\/tags?post=27554"}],"curies":[{"name":"wp","href":"https:\/\/api.w.org\/{rel}","templated":true}]}}