{"id":27336,"date":"2021-04-20T01:06:45","date_gmt":"2021-04-19T23:06:45","guid":{"rendered":"http:\/\/www.deanreed.de\/AmericanRebel\/2017\/?p=27336"},"modified":"2021-04-22T21:08:09","modified_gmt":"2021-04-22T19:08:09","slug":"test-2","status":"publish","type":"post","link":"https:\/\/www.deanreed.de\/AmericanRebel\/2017\/2021\/04\/20\/test-2\/","title":{"rendered":"&#8211; Wochenr\u00fcckblick 15. KW. 2021"},"content":{"rendered":"<p><span style=\"font-family: verdana, geneva, sans-serif; font-size: 14pt; color: #993300;\"><strong><img loading=\"lazy\" class=\"wp-image-26025 aligncenter\" src=\"http:\/\/www.deanreed.de\/AmericanRebel\/2017\/wp-content\/uploads\/2020\/10\/AR_WR_2-300x75.png\" alt=\"\" width=\"668\" height=\"167\" srcset=\"https:\/\/www.deanreed.de\/AmericanRebel\/2017\/wp-content\/uploads\/2020\/10\/AR_WR_2-300x75.png 300w, https:\/\/www.deanreed.de\/AmericanRebel\/2017\/wp-content\/uploads\/2020\/10\/AR_WR_2.png 700w\" sizes=\"(max-width: 668px) 100vw, 668px\" \/><br \/>\nZur\u00fcckblickend auf die letzten Tage sind uns einige kommen-<br \/>\ntierbare Vorkommnisse ins Auge gefallen, die wir hier zur Diskussion stellen.<\/strong><\/span><br \/>\n<span style=\"font-family: verdana, geneva, sans-serif; font-size: 12pt;\"><span style=\"color: #000000;\">(Kommis bitte unten eintragen!)<\/span><br \/>\n<span style=\"color: #ffffff;\">.<\/span><\/span><span style=\"font-family: verdana, geneva, sans-serif;\"><span style=\"font-size: 14pt;\"><span style=\"font-size: 12pt; color: #ffffff;\"><span style=\"font-family: verdana, geneva, sans-serif;\">.<br \/>\n<\/span><span style=\"color: #000000;\"><strong><span style=\"font-family: verdana, geneva, sans-serif;\"><span style=\"color: #ffffff;\">.<\/span><br \/>\n<\/span><\/strong><\/span><\/span><span style=\"color: #000000;\"><strong><span style=\"font-family: verdana, geneva, sans-serif;\">12. April | <\/span><\/strong><\/span><strong><span style=\"font-family: verdana, geneva, sans-serif;\">Die Kriegsgefahr w\u00e4chst<\/span><\/strong><\/span><\/span><\/p>\n<p style=\"text-align: justify;\"><span style=\"font-family: verdana, geneva, sans-serif;\"><span style=\"font-size: 12pt;\"><img loading=\"lazy\" class=\" wp-image-27349 aligncenter\" src=\"http:\/\/www.deanreed.de\/AmericanRebel\/2017\/wp-content\/uploads\/2021\/04\/1-Kopie-300x81.png\" alt=\"\" width=\"666\" height=\"180\" srcset=\"https:\/\/www.deanreed.de\/AmericanRebel\/2017\/wp-content\/uploads\/2021\/04\/1-Kopie-300x81.png 300w, https:\/\/www.deanreed.de\/AmericanRebel\/2017\/wp-content\/uploads\/2021\/04\/1-Kopie.png 666w\" sizes=\"(max-width: 666px) 100vw, 666px\" \/><br \/>\nDie USA informierten die T\u00fcrkei \u00fcber die Durchfahrt ihrer Kriegsschiffe durch den Bosporus. Die Schiffe sollten bis 4. Mai im Schwarzen Meer bleiben. Die Durchfahrt solle zwischen 14. und 15. April erfolgen. Russland hat angesichts dieser neuen Mitteilung und der dadurch weiteren Versch\u00e4rfung im Konflikt in der Ostukraine mit einem milit\u00e4rischen Eingreifen zum Schutz seiner 400.000 Staatsb\u00fcrger sowie der russischsprachigen Bewohnern der Gebiete Donezk und Luhansk in der Ostukraine gedroht. Im Falle eines Aufflammens von Kampfhandlungen werde Russland einer m\u00f6glichen \u201emenschlichen Katastrophe\u02dd nicht tatenlos zuschauen, sagte Kremlsprecher Dmitri Peskow am Freitag in Moskau der Agentur Interfax zufolge. Russland werde Ma\u00dfnahmen zum Schutz seiner B\u00fcrger ergreifen.<\/span><br \/>\n<span style=\"font-size: 12pt;\"><em>Heinrich Schreiber<\/em><\/span><br \/>\n<span style=\"color: #ffffff;\">.<\/span><br \/>\n<span style=\"color: #ffffff;\">.<\/span><br \/>\n<\/span><span style=\"font-size: 14pt;\"><strong><span style=\"font-family: verdana, geneva, sans-serif; color: #ffffff;\"><span style=\"color: #000000;\">12. April | <\/span><\/span><span style=\"font-family: verdana, geneva, sans-serif;\">So w\u00e4re es, wenn\u2026<\/span><\/strong><\/span><\/p>\n<p style=\"text-align: justify;\"><span style=\"font-family: verdana, geneva, sans-serif; color: #ffffff;\"><span style=\"color: #000000; font-size: 12pt;\"><span style=\"font-family: verdana, geneva, sans-serif;\"><img loading=\"lazy\" class=\"wp-image-10391 aligncenter\" src=\"https:\/\/rotermorgen.eu\/wp-content\/uploads\/2021\/04\/2-Kopie-300x81.png\" alt=\"\" width=\"667\" height=\"180\" \/><br \/>\nDer Autor F.-B. Habel, seines Zeichens Zweiter Vorsitzender der Kurt-Tucholsky-Gesellschaft, hat Ignaz Wrobels Satire \u00bbWas w\u00e4re, wenn\u2026 zur angenommenen Wiedereinf\u00fchrung der Pr\u00fcgelstrafe\u00ab aus der Weltb\u00fchne 38\/1927 aufgegriffen und gibt sie weitgehend w\u00f6rtlich mit aktuellen Anpassungen wieder. Er ist bereits erfolgreich geimpft und empfiehlt Gleiches allen Lesern. Die Glosse bezieht sich allein auf Politikbetrieb und Medienecho.<\/span><br \/>\n<a href=\"https:\/\/rotermorgen.eu\/so-waere-es-wenn\/\" target=\"_blank\" rel=\"noopener\"><em>Zu lesen auf RoterMorgen<\/em><\/a><br \/>\n<span style=\"color: #ffffff;\">.<\/span><br \/>\n<\/span><\/span><span style=\"font-family: verdana, geneva, sans-serif; color: #ffffff; font-size: 12pt;\">.<\/span><span style=\"font-family: verdana, geneva, sans-serif; font-size: 14pt;\"><strong><br \/>\n<\/strong><\/span><span style=\"font-family: verdana, geneva, sans-serif; font-size: 14pt;\"><strong>15. April |<\/strong> <strong>\u00bbVor Corona\u00ab ist \u00bbnach Corona\u00ab \u2013<br \/>\nDas Kapital sahnt immer ab!<\/strong> <\/span><\/p>\n<div class=\"\" data-block=\"true\" data-editor=\"7504f\" data-offset-key=\"bsm8h-0-0\">\n<div class=\"public-DraftStyleDefault-block public-DraftStyleDefault-ltr\" style=\"text-align: justify;\" data-offset-key=\"bsm8h-0-0\"><span style=\"font-family: verdana, geneva, sans-serif; font-size: 14pt;\"><span style=\"font-size: 12pt;\"><img loading=\"lazy\" class=\"wp-image-10658 aligncenter\" src=\"https:\/\/rotermorgen.eu\/wp-content\/uploads\/2021\/04\/Prof03-300x81.jpg\" alt=\"\" width=\"667\" height=\"180\" \/><br \/>\n\u201eDie Erkrankung und der Tod vieler Menschen durch Covid-19 ist ein Fakt, den man nicht wegdiskutieren kann oder sollte. Ebenso ist es Fakt, dass es derzeitig weder einen Impfschutz noch ein Medikament gegen diese Viruserkrankung gibt. Der Virus verbreitet sich weiter und muss gebremst\/gestoppt werden, zum Wohle aller.\u201c<br \/>\nEbenso ist es Fakt, dass sich das Kapital und seine Gefolgsleute ma\u00dflos an der Pandemie bereichern.<br \/>\n<em><a href=\"https:\/\/rotermorgen.eu\/vor-corona-ist-nach-corona-das-kapital-sahnt-immer-ab\/\" target=\"_blank\" rel=\"noopener\">RoterMorgen berichtete<\/a><\/em><\/span>\u00a0 <span style=\"font-size: 10pt;\"><div class=\"hide-this-part-wrap\"><div class=\"hide-this-part-more\" id=\"hide-this-part-0\" morelink-text=\"hier geht es weiter\">hier geht es weiter \u00bb<\/div><div class=\"hide-this-part\" status=\"invisible\"><\/span><br \/>\n<span style=\"color: #ffffff;\">.<\/span><\/span><br \/>\n<span style=\"font-family: verdana, geneva, sans-serif; font-size: 14pt;\"><span style=\"font-family: verdana, geneva, sans-serif; font-size: 14pt;\"><strong>16. April |<\/strong><\/span><span style=\"font-size: 12pt;\"> <strong><span style=\"font-size: 14pt;\">Boykottiert die Fu\u00dfballweltmeisterschaft in Katar!<\/span><\/strong><\/span><\/span><br \/>\n<span style=\"font-size: 12pt;\"><span style=\"font-family: verdana, geneva, sans-serif;\"><img loading=\"lazy\" class=\"wp-image-10659 aligncenter\" src=\"https:\/\/rotermorgen.eu\/wp-content\/uploads\/2021\/04\/3_phixr-300x81.png\" alt=\"\" width=\"667\" height=\"180\" \/><br \/>\nDie britische Tageszeitung \u201eGuardin\u201c berichtet f\u00fcr den Zeitraum von 2011 bis 2020, von 6500 toten Gastarbeitern in Katar. Der \u201eautorit\u00e4re\u201c W\u00fcstenstaat habe nach der Vergabe der Fu\u00dfball-Weltmeisterschaft 2022 ein ehrgeiziges Infrastruktur-programm aufgelegt. <\/span><span style=\"font-family: verdana, geneva, sans-serif;\">Zum Opfer fielen diesem Programm wieder mal menschliche Arbeitsbedingungen, Arbeitsschutz, medizinische Versorgung und Menschenrechte.<\/span><\/span><br \/>\n<a href=\"http:\/\/www.deanreed.de\/AmericanRebel\/2017\/?p=27224\" target=\"_blank\" rel=\"noopener\"><em><span style=\"font-family: verdana, geneva, sans-serif; font-size: 12pt;\">Die Kampagne startete auf \u00bbAmericanRebel\u00ab. Bitte unterzeichnet jetzt!<\/span><\/em><\/a><strong><br \/>\n<\/strong><span style=\"font-family: verdana, geneva, sans-serif; font-size: 14pt;\"><span style=\"color: #ffffff;\"><strong><span style=\"font-size: 12pt;\">.<\/span><br \/>\n.<br \/>\n<\/strong><\/span><\/span><span style=\"font-family: verdana, geneva, sans-serif; font-size: 14pt;\"><span style=\"font-family: verdana, geneva, sans-serif; font-size: 14pt;\"><strong>17. April |<\/strong><\/span><\/span> <span style=\"font-size: 14pt;\"><strong><span style=\"font-family: verdana, geneva, sans-serif;\">Die Scharm\u00fctzel<br \/>\nauf diplomatischer Ebene h\u00e4ufen sich!<\/span><\/strong><\/span><br \/>\n<span style=\"font-family: verdana, geneva, sans-serif; font-size: 12pt;\"><img loading=\"lazy\" class=\"wp-image-10656 aligncenter\" src=\"https:\/\/rotermorgen.eu\/wp-content\/uploads\/2021\/04\/kuzhg-300x81.jpg\" alt=\"\" width=\"667\" height=\"180\" \/><br \/>\nSo langsam mal zum Schuss zu kommen, das scheint gegenw\u00e4rtig der Wunsch der Biden-Administration zu sein. Dabei darf die werkt\u00e4tige Klasse sich nicht dazu verleiten lassen, so meine Meinung, f\u00fcr eine der beiden imperialistischen Gro\u00dfm\u00e4chte, die Vereinigten Staaten von Amerika oder der Russischen F\u00f6deration Partei zu ergreifen.<br \/>\n<a href=\"https:\/\/rotermorgen.eu\/die-scharmuetzel-auf-diplomatischer-ebene-haeufen-sich\/\" target=\"_blank\" rel=\"noopener\"><em>Heinrich Schreiber berichtete auf Roter Morgen<\/em><\/a><\/span><br \/>\n<span style=\"font-family: verdana, geneva, sans-serif; font-size: 14pt; color: #ffffff;\"><span style=\"font-size: 12pt;\">.<\/span><\/span><br \/>\n<span style=\"font-family: verdana, geneva, sans-serif; font-size: 14pt; color: #ffffff;\"><span style=\"font-size: 12pt;\">.<\/span><\/span><br \/>\n<span style=\"font-family: verdana, geneva, sans-serif; font-size: 14pt;\"><span style=\"font-family: verdana, geneva, sans-serif; font-size: 14pt;\"><strong>17. April | <\/strong><\/span><strong>BIP-Aktuell #166: Internationaler Tag<br \/>\nder pal\u00e4stinensischen Gefangenen<\/strong><\/span><br \/>\n<span style=\"font-family: verdana, geneva, sans-serif; font-size: 12pt;\"><img loading=\"lazy\" class=\" wp-image-10664 aligncenter\" src=\"https:\/\/rotermorgen.eu\/wp-content\/uploads\/2021\/04\/1-Kopie-2-300x81.png\" alt=\"\" width=\"666\" height=\"180\" \/><br \/>\nDieser Text wird am 47. internationalen Tag der pal\u00e4stinensischen Gefangenen ver\u00f6ffentlicht, zum Gedenken an 4.450 pal\u00e4stinensische politische Gefangene, die von einem Apartheid-System mit unterschiedlichen Rechtssystemen verurteilt wurden. Pal\u00e4stinensische Gefangene werden von den israelischen Beh\u00f6rden misshandelt und ausgebeutet. Im Vorfeld der bevorstehenden pal\u00e4stinensischen Wahlen verhaften die israelischen Streitkr\u00e4fte Kandidaten, die ihnen nicht genehm sind.<\/span><br \/>\n<a href=\"https:\/\/bibjetzt.wordpress.com\/2021\/04\/17\/bip-aktuell-166-internationaler-tag-der-palastinensischen-gefangenen\/\" target=\"_blank\" rel=\"noopener\"><em><span style=\"font-family: verdana, geneva, sans-serif; font-size: 12pt;\">\u00bbBIP-Aktuell\u00ab berichtete<\/span><\/em><\/a><br \/>\n<span style=\"font-family: verdana, geneva, sans-serif; font-size: 14pt; color: #ffffff;\"><span style=\"font-size: 12pt;\">.<\/span><\/span><br \/>\n<span style=\"font-family: verdana, geneva, sans-serif; font-size: 14pt; color: #ffffff;\"><span style=\"font-size: 12pt;\">.<\/span><\/span><br \/>\n<span style=\"font-family: verdana, geneva, sans-serif; font-size: 14pt;\"><span style=\"font-family: verdana, geneva, sans-serif; font-size: 14pt;\"><strong>18. April |<\/strong><\/span><\/span> <span style=\"font-family: verdana, geneva, sans-serif; font-size: 14pt;\"><strong>Feindbild Antifaschismus: Prozessbeginn gegen<br \/>\nJo und Dy am 19. April in Stuttgart<\/strong> <\/span><span style=\"font-family: verdana, geneva, sans-serif; font-size: 12pt;\"><img loading=\"lazy\" class=\" wp-image-10104 aligncenter\" src=\"https:\/\/rotermorgen.eu\/wp-content\/uploads\/2021\/04\/7-Kopie-300x81.png\" alt=\"\" width=\"667\" height=\"180\" \/><br \/>\nAm Montag, 19. April 2021 beginnt der Prozess gegen die beiden Antifaschisten Jo und Dy vor dem Stuttgarter Oberlandesgericht. Verhandelt wird ab 9 Uhr im neuen Gerichtsgeb\u00e4ude auf dem Gel\u00e4nde des ber\u00fcchtigten Gef\u00e4ngnisses Stuttgart-Stammheim. Dass die baden-w\u00fcrttembergische Justiz einen Mammutprozess plant, zeigt sich allein in der Anzahl der Prozesstage: Schon jetzt sind die Termine bis Ende September festgesetzt.<\/span><br \/>\n<a href=\"https:\/\/www.rote-hilfe.de\/\" target=\"_blank\" rel=\"noopener\"><em><span style=\"font-family: verdana, geneva, sans-serif; font-size: 12pt;\">\u00bbRote Hilfe news\u00ab berichtete<\/span><\/em><\/a><br \/>\n<span style=\"font-family: verdana, geneva, sans-serif; font-size: 14pt; color: #ffffff;\"><span style=\"font-size: 12pt;\">.<\/span><\/span><br \/>\n<span style=\"font-family: verdana, geneva, sans-serif; font-size: 14pt;\"><span style=\"font-size: 12pt;\"><span style=\"color: #ffffff;\">.<\/span><br \/>\n<\/span><\/span><\/p>\n<div class=\"public-DraftStyleDefault-block public-DraftStyleDefault-ltr\" data-offset-key=\"bsm8h-0-0\"><span style=\"font-family: verdana, geneva, sans-serif; font-size: 14pt;\"><strong>18. April | Fr\u00fchlingszeit ist Lesezeit!<\/strong><\/span><\/div>\n<div class=\"public-DraftStyleDefault-block public-DraftStyleDefault-ltr\" data-offset-key=\"bsm8h-0-0\">\n<p><img loading=\"lazy\" class=\"wp-image-10349 aligncenter\" src=\"https:\/\/rotermorgen.eu\/wp-content\/uploads\/2021\/04\/2021buch-300x81.png\" alt=\"\" width=\"667\" height=\"180\" \/><\/p>\n<\/div>\n<div class=\"public-DraftStyleDefault-block public-DraftStyleDefault-ltr\" data-offset-key=\"bsm8h-0-0\">\n<p><span style=\"font-family: verdana, geneva, sans-serif; font-size: 12pt;\">B\u00fccher kaufen und spenden \u2013 Ebay-Shop von American Rebel.<\/span><br \/>\n<span style=\"font-family: verdana, geneva, sans-serif; font-size: 12pt;\">&#8230;Braucht ihr B\u00fccher, CDs, DVDs, LPs, Singles oder Zeitdokumente? Dann schaut euch einfach unseren Ebay-Shop an, ihr werdet bestimmt f\u00fcndig. Der Verkaufserl\u00f6s kommt dem Dean-Reed-Archiv Berlin und der Redaktion American Rebel zugute. <\/span><br \/>\n<span style=\"font-family: verdana, geneva, sans-serif; font-size: 12pt;\"><a href=\"https:\/\/www.ebay.de\/sch\/american-rebel\/m.html?_nkw=Dean+Reed&amp;rt=nc&amp;_dmd=2\" target=\"_blank\" rel=\"noopener\"><em>Hier gehts zum Shop<\/em><\/a><\/span><br \/>\n<span style=\"color: #ffffff; font-family: verdana, geneva, sans-serif; font-size: 12pt;\">.<\/span><br \/>\n<span style=\"color: #ffffff; font-family: verdana, geneva, sans-serif; font-size: 12pt;\">.<\/span><br \/>\n<span style=\"font-family: verdana, geneva, sans-serif; font-size: 14pt;\"><span style=\"font-family: verdana, geneva, sans-serif; font-size: 14pt;\"><strong><span style=\"font-family: verdana, geneva, sans-serif; font-size: 14pt;\">18. April <\/span>|<\/strong><\/span><\/span> <span style=\"font-family: verdana, geneva, sans-serif; font-size: 14pt;\"><strong>Afghanistan-Einsatz der Bundeswehr: <\/strong><br \/>\n<strong>Zig-Milliarden \u20ac verpulvert!<br \/>\n<\/strong><span style=\"font-size: 12pt;\"><img loading=\"lazy\" class=\"wp-image-10670 aligncenter\" src=\"https:\/\/rotermorgen.eu\/wp-content\/uploads\/2021\/04\/rrtt-300x81.jpg\" alt=\"\" width=\"667\" height=\"180\" \/><br \/>\nBis zum September 2021 muss nun auch die Bundeswehr aus Afghanistan abhauen, nachdem US-Pr\u00e4sident Biden angek\u00fcndigt hat, dass die US-Truppen bis dahin aus Afghanistan verschwinden. Eine gewaltige Niederlage!<\/span><br \/>\n<span style=\"font-size: 12pt;\">\u2026Angeblich wurde dieser Krieg f\u00fcr die Befreiung der Frauen, f\u00fcr Demokratie und f\u00fcr gute Bildung der Kinder gef\u00fchrt. Nichts von diesen \u201eZielen\u201c wurde erreicht. Im Gegenteil! Konnten in den 80er Jahren Frauen in Afghanistan studieren, problemlos jeden Beruf ergreifen, hatten alle Kinder eine Schulausbildung, so ist das mittlerweile verschwunden. Ein Land wurde ins Mittelalter zur\u00fcckgebombt. Den Taliban wird die Macht zur\u00fcckgegeben. <\/span><br \/>\n<span style=\"font-size: 12pt;\"><a href=\"https:\/\/www.arbeit-zukunft.de\/2021\/04\/18\/afghanistan-einsatz-der-bundeswehr-zig-milliarden-e-verpulvert\/#more-8394\" target=\"_blank\" rel=\"noopener\"><em>\u00bbArbeit Zukunft\u00ab berichtete<\/em><\/a><\/span><strong><br \/>\n<\/strong><span style=\"color: #ffffff;\">.<br \/>\n.<br \/>\n<\/span><\/span><\/p>\n<\/div>\n<\/div>\n<\/div>\n<p style=\"text-align: center;\"><span style=\"font-size: 10pt; font-family: verdana, geneva, sans-serif;\"><strong>Die Redaktion dankt den Volkskorrespondenten\/-innen Hosteni, Zeki, Nico,<br \/>\nKikiRebel, Rui-Filipe, Sascha, Kalle, Heinrich, Klaus, Fiete, Reinhold u. A.<br \/>\nf\u00fcr die Unterst\u00fctzung bei der Erstellung.<br \/>\n<\/strong>Dieser R\u00fcckblick erhebt nicht den Anspruch auf Vollst\u00e4ndigkeit.<br \/>\nVerlinkte- und mit Namen gekennzeichnete Texte m\u00fcssen<br \/>\nnicht in allen Punkten den Meinungen der Redaktionen entsprechen.<strong><br \/>\n\u00bbWochenr\u00fcckblick\u00ab ist ein Projekt von<br \/>\n<a href=\"https:\/\/rotermorgen.eu\/8197-2\/\" target=\"_blank\" rel=\"noopener\"><img loading=\"lazy\" class=\"wp-image-8196 aligncenter\" src=\"https:\/\/rotermorgen.eu\/wp-content\/uploads\/2021\/01\/2-Kopie-2-1.png\" alt=\"\" width=\"292\" height=\"142\" \/><\/a>eMail: <a href=\"mailto:Wochenrueckblick@gmx.net\" target=\"_blank\" rel=\"noopener noreferrer\">Wochenrueckblick@gmx.net<\/a><br \/>\nRedaktionsschluss: Jeden Sonntag 1:00 Uhr<\/strong><\/span><\/p>\n<p><span style=\"color: #000000;\"><span class=\"_4n-j _fbReactionComponent__eventDetailsContentTags fsl\" data-testid=\"event-permalink-details\"><\/div><!-- .hide-this-part --><\/div><!-- hide-this-part-wrap --><\/span><\/span><\/p>\n<blockquote>\n<p style=\"text-align: center;\"><input name=\"hosted_button_id\" type=\"hidden\" value=\"YBAWB885PFM9Y\" \/><\/p>\n<\/blockquote>\n","protected":false},"excerpt":{"rendered":"<p>Zur\u00fcckblickend auf die letzten Tage sind uns einige kommen- tierbare Vorkommnisse ins Auge gefallen, die wir hier zur Diskussion stellen. (Kommis bitte unten eintragen!) .. . 12. April | Die Kriegsgefahr w\u00e4chst Die USA informierten die T\u00fcrkei \u00fcber die Durchfahrt [&hellip;]<a class=\"more-link\" href=\"https:\/\/www.deanreed.de\/AmericanRebel\/2017\/2021\/04\/20\/test-2\/\">&darr; Lese den Rest von diesem Eintrag&#8230;<\/a><\/p>\n","protected":false},"author":2,"featured_media":0,"comment_status":"open","ping_status":"open","sticky":false,"template":"","format":"standard","meta":[],"categories":[1,5094],"tags":[748,4864,2594,8,4865,4787,4728,4866,4790,3939,4729,4730,4867,4868,4791,2021,4731,4869,2225,4870,4601,1329,4734,4011,4736],"yoast_head":"<!-- This site is optimized with the Yoast SEO plugin v17.5 - https:\/\/yoast.com\/wordpress\/plugins\/seo\/ -->\n<title>- Wochenr\u00fcckblick 15. KW. 2021 &ndash; Onlinezeitung AmericanRebel<\/title>\n<meta name=\"robots\" content=\"index, follow, max-snippet:-1, max-image-preview:large, max-video-preview:-1\" \/>\n<link rel=\"canonical\" href=\"https:\/\/www.deanreed.de\/AmericanRebel\/2017\/2021\/04\/20\/test-2\/\" \/>\n<meta property=\"og:locale\" content=\"de_DE\" \/>\n<meta property=\"og:type\" content=\"article\" \/>\n<meta property=\"og:title\" content=\"- Wochenr\u00fcckblick 15. KW. 2021 &ndash; Onlinezeitung AmericanRebel\" \/>\n<meta property=\"og:description\" content=\"Zur\u00fcckblickend auf die letzten Tage sind uns einige kommen-tierbare Vorkommnisse ins Auge gefallen, die wir hier zur Diskussion stellen\" \/>\n<meta property=\"og:url\" content=\"https:\/\/www.deanreed.de\/AmericanRebel\/2017\/2021\/04\/20\/test-2\/\" \/>\n<meta property=\"og:site_name\" content=\"Onlinezeitung AmericanRebel\" \/>\n<meta property=\"article:published_time\" content=\"2021-04-19T23:06:45+00:00\" \/>\n<meta property=\"article:modified_time\" content=\"2021-04-22T19:08:09+00:00\" \/>\n<meta property=\"og:image\" content=\"https:\/\/www.deanreed.de\/AmericanRebel\/2017\/wp-content\/uploads\/2020\/12\/3-Kopie.png\" \/>\n\t<meta property=\"og:image:width\" content=\"640\" \/>\n\t<meta property=\"og:image:height\" content=\"460\" \/>\n<meta name=\"twitter:card\" content=\"summary_large_image\" \/>\n<meta name=\"twitter:label1\" content=\"Verfasst von\" \/>\n\t<meta name=\"twitter:data1\" content=\"Redaktion\" \/>\n\t<meta name=\"twitter:label2\" content=\"Gesch\u00e4tzte Lesezeit\" \/>\n\t<meta name=\"twitter:data2\" content=\"6\u00a0Minuten\" \/>\n<script type=\"application\/ld+json\" class=\"yoast-schema-graph\">{\"@context\":\"https:\/\/schema.org\",\"@graph\":[{\"@type\":\"WebSite\",\"@id\":\"https:\/\/www.deanreed.de\/AmericanRebel\/2017\/#website\",\"url\":\"https:\/\/www.deanreed.de\/AmericanRebel\/2017\/\",\"name\":\"Onlinezeitung AmericanRebel\",\"description\":\"Internationale Onlinezeitung f\\u00fcr Frieden, Humanismus, V\\u00f6lkerverst\\u00e4ndigung und Kultur\",\"potentialAction\":[{\"@type\":\"SearchAction\",\"target\":{\"@type\":\"EntryPoint\",\"urlTemplate\":\"https:\/\/www.deanreed.de\/AmericanRebel\/2017\/?s={search_term_string}\"},\"query-input\":\"required name=search_term_string\"}],\"inLanguage\":\"de\"},{\"@type\":\"ImageObject\",\"@id\":\"https:\/\/www.deanreed.de\/AmericanRebel\/2017\/2021\/04\/20\/test-2\/#primaryimage\",\"inLanguage\":\"de\",\"url\":\"https:\/\/www.deanreed.de\/AmericanRebel\/2017\/wp-content\/uploads\/2020\/12\/3-Kopie.png\",\"contentUrl\":\"https:\/\/www.deanreed.de\/AmericanRebel\/2017\/wp-content\/uploads\/2020\/12\/3-Kopie.png\",\"width\":640,\"height\":460},{\"@type\":\"WebPage\",\"@id\":\"https:\/\/www.deanreed.de\/AmericanRebel\/2017\/2021\/04\/20\/test-2\/#webpage\",\"url\":\"https:\/\/www.deanreed.de\/AmericanRebel\/2017\/2021\/04\/20\/test-2\/\",\"name\":\"- Wochenr\\u00fcckblick 15. KW. 2021 &ndash; Onlinezeitung AmericanRebel\",\"isPartOf\":{\"@id\":\"https:\/\/www.deanreed.de\/AmericanRebel\/2017\/#website\"},\"primaryImageOfPage\":{\"@id\":\"https:\/\/www.deanreed.de\/AmericanRebel\/2017\/2021\/04\/20\/test-2\/#primaryimage\"},\"datePublished\":\"2021-04-19T23:06:45+00:00\",\"dateModified\":\"2021-04-22T19:08:09+00:00\",\"author\":{\"@id\":\"https:\/\/www.deanreed.de\/AmericanRebel\/2017\/#\/schema\/person\/9edfca7917cd10b75edaae51c6e7935a\"},\"breadcrumb\":{\"@id\":\"https:\/\/www.deanreed.de\/AmericanRebel\/2017\/2021\/04\/20\/test-2\/#breadcrumb\"},\"inLanguage\":\"de\",\"potentialAction\":[{\"@type\":\"ReadAction\",\"target\":[\"https:\/\/www.deanreed.de\/AmericanRebel\/2017\/2021\/04\/20\/test-2\/\"]}]},{\"@type\":\"BreadcrumbList\",\"@id\":\"https:\/\/www.deanreed.de\/AmericanRebel\/2017\/2021\/04\/20\/test-2\/#breadcrumb\",\"itemListElement\":[{\"@type\":\"ListItem\",\"position\":1,\"name\":\"Startseite\",\"item\":\"https:\/\/www.deanreed.de\/AmericanRebel\/2017\/\"},{\"@type\":\"ListItem\",\"position\":2,\"name\":\"&#8211; Wochenr\\u00fcckblick 15. KW. 2021\"}]},{\"@type\":\"Person\",\"@id\":\"https:\/\/www.deanreed.de\/AmericanRebel\/2017\/#\/schema\/person\/9edfca7917cd10b75edaae51c6e7935a\",\"name\":\"Redaktion\",\"url\":\"https:\/\/www.deanreed.de\/AmericanRebel\/2017\/author\/redaktion\/\"}]}<\/script>\n<!-- \/ Yoast SEO plugin. -->","yoast_head_json":{"title":"- Wochenr\u00fcckblick 15. KW. 2021 &ndash; Onlinezeitung AmericanRebel","robots":{"index":"index","follow":"follow","max-snippet":"max-snippet:-1","max-image-preview":"max-image-preview:large","max-video-preview":"max-video-preview:-1"},"canonical":"https:\/\/www.deanreed.de\/AmericanRebel\/2017\/2021\/04\/20\/test-2\/","og_locale":"de_DE","og_type":"article","og_title":"- Wochenr\u00fcckblick 15. KW. 2021 &ndash; Onlinezeitung AmericanRebel","og_description":"Zur\u00fcckblickend auf die letzten Tage sind uns einige kommen-tierbare Vorkommnisse ins Auge gefallen, die wir hier zur Diskussion stellen","og_url":"https:\/\/www.deanreed.de\/AmericanRebel\/2017\/2021\/04\/20\/test-2\/","og_site_name":"Onlinezeitung AmericanRebel","article_published_time":"2021-04-19T23:06:45+00:00","article_modified_time":"2021-04-22T19:08:09+00:00","og_image":[{"width":640,"height":460,"url":"https:\/\/www.deanreed.de\/AmericanRebel\/2017\/wp-content\/uploads\/2020\/12\/3-Kopie.png","type":"image\/png"}],"twitter_card":"summary_large_image","twitter_misc":{"Verfasst von":"Redaktion","Gesch\u00e4tzte Lesezeit":"6\u00a0Minuten"},"schema":{"@context":"https:\/\/schema.org","@graph":[{"@type":"WebSite","@id":"https:\/\/www.deanreed.de\/AmericanRebel\/2017\/#website","url":"https:\/\/www.deanreed.de\/AmericanRebel\/2017\/","name":"Onlinezeitung AmericanRebel","description":"Internationale Onlinezeitung f\u00fcr Frieden, Humanismus, V\u00f6lkerverst\u00e4ndigung und Kultur","potentialAction":[{"@type":"SearchAction","target":{"@type":"EntryPoint","urlTemplate":"https:\/\/www.deanreed.de\/AmericanRebel\/2017\/?s={search_term_string}"},"query-input":"required name=search_term_string"}],"inLanguage":"de"},{"@type":"ImageObject","@id":"https:\/\/www.deanreed.de\/AmericanRebel\/2017\/2021\/04\/20\/test-2\/#primaryimage","inLanguage":"de","url":"https:\/\/www.deanreed.de\/AmericanRebel\/2017\/wp-content\/uploads\/2020\/12\/3-Kopie.png","contentUrl":"https:\/\/www.deanreed.de\/AmericanRebel\/2017\/wp-content\/uploads\/2020\/12\/3-Kopie.png","width":640,"height":460},{"@type":"WebPage","@id":"https:\/\/www.deanreed.de\/AmericanRebel\/2017\/2021\/04\/20\/test-2\/#webpage","url":"https:\/\/www.deanreed.de\/AmericanRebel\/2017\/2021\/04\/20\/test-2\/","name":"- Wochenr\u00fcckblick 15. KW. 2021 &ndash; Onlinezeitung AmericanRebel","isPartOf":{"@id":"https:\/\/www.deanreed.de\/AmericanRebel\/2017\/#website"},"primaryImageOfPage":{"@id":"https:\/\/www.deanreed.de\/AmericanRebel\/2017\/2021\/04\/20\/test-2\/#primaryimage"},"datePublished":"2021-04-19T23:06:45+00:00","dateModified":"2021-04-22T19:08:09+00:00","author":{"@id":"https:\/\/www.deanreed.de\/AmericanRebel\/2017\/#\/schema\/person\/9edfca7917cd10b75edaae51c6e7935a"},"breadcrumb":{"@id":"https:\/\/www.deanreed.de\/AmericanRebel\/2017\/2021\/04\/20\/test-2\/#breadcrumb"},"inLanguage":"de","potentialAction":[{"@type":"ReadAction","target":["https:\/\/www.deanreed.de\/AmericanRebel\/2017\/2021\/04\/20\/test-2\/"]}]},{"@type":"BreadcrumbList","@id":"https:\/\/www.deanreed.de\/AmericanRebel\/2017\/2021\/04\/20\/test-2\/#breadcrumb","itemListElement":[{"@type":"ListItem","position":1,"name":"Startseite","item":"https:\/\/www.deanreed.de\/AmericanRebel\/2017\/"},{"@type":"ListItem","position":2,"name":"&#8211; Wochenr\u00fcckblick 15. KW. 2021"}]},{"@type":"Person","@id":"https:\/\/www.deanreed.de\/AmericanRebel\/2017\/#\/schema\/person\/9edfca7917cd10b75edaae51c6e7935a","name":"Redaktion","url":"https:\/\/www.deanreed.de\/AmericanRebel\/2017\/author\/redaktion\/"}]}},"_links":{"self":[{"href":"https:\/\/www.deanreed.de\/AmericanRebel\/2017\/wp-json\/wp\/v2\/posts\/27336"}],"collection":[{"href":"https:\/\/www.deanreed.de\/AmericanRebel\/2017\/wp-json\/wp\/v2\/posts"}],"about":[{"href":"https:\/\/www.deanreed.de\/AmericanRebel\/2017\/wp-json\/wp\/v2\/types\/post"}],"author":[{"embeddable":true,"href":"https:\/\/www.deanreed.de\/AmericanRebel\/2017\/wp-json\/wp\/v2\/users\/2"}],"replies":[{"embeddable":true,"href":"https:\/\/www.deanreed.de\/AmericanRebel\/2017\/wp-json\/wp\/v2\/comments?post=27336"}],"version-history":[{"count":13,"href":"https:\/\/www.deanreed.de\/AmericanRebel\/2017\/wp-json\/wp\/v2\/posts\/27336\/revisions"}],"predecessor-version":[{"id":27356,"href":"https:\/\/www.deanreed.de\/AmericanRebel\/2017\/wp-json\/wp\/v2\/posts\/27336\/revisions\/27356"}],"wp:attachment":[{"href":"https:\/\/www.deanreed.de\/AmericanRebel\/2017\/wp-json\/wp\/v2\/media?parent=27336"}],"wp:term":[{"taxonomy":"category","embeddable":true,"href":"https:\/\/www.deanreed.de\/AmericanRebel\/2017\/wp-json\/wp\/v2\/categories?post=27336"},{"taxonomy":"post_tag","embeddable":true,"href":"https:\/\/www.deanreed.de\/AmericanRebel\/2017\/wp-json\/wp\/v2\/tags?post=27336"}],"curies":[{"name":"wp","href":"https:\/\/api.w.org\/{rel}","templated":true}]}}