{"id":26527,"date":"2021-01-18T20:33:27","date_gmt":"2021-01-18T19:33:27","guid":{"rendered":"http:\/\/www.deanreed.de\/AmericanRebel\/2017\/?p=26527"},"modified":"2021-01-24T19:50:15","modified_gmt":"2021-01-24T18:50:15","slug":"wochenrueckblick-2-kw-2021","status":"publish","type":"post","link":"https:\/\/www.deanreed.de\/AmericanRebel\/2017\/2021\/01\/18\/wochenrueckblick-2-kw-2021\/","title":{"rendered":"&#8211; Wochenr\u00fcckblick 2. KW 2021"},"content":{"rendered":"<h4><img loading=\"lazy\" class=\" wp-image-26025 aligncenter\" src=\"http:\/\/www.deanreed.de\/AmericanRebel\/2017\/wp-content\/uploads\/2020\/10\/AR_WR_2-300x75.png\" alt=\"\" width=\"664\" height=\"166\" srcset=\"https:\/\/www.deanreed.de\/AmericanRebel\/2017\/wp-content\/uploads\/2020\/10\/AR_WR_2-300x75.png 300w, https:\/\/www.deanreed.de\/AmericanRebel\/2017\/wp-content\/uploads\/2020\/10\/AR_WR_2.png 700w\" sizes=\"(max-width: 664px) 100vw, 664px\" \/><\/h4>\n<h2><strong><br \/>\n<span style=\"font-size: 14pt; color: #993300;\">Zur\u00fcckblickend auf die letzten Tage sind uns einige kommentierbare Vorkommnisse ins Auge gefallen, die wir hier zur Diskussion stellen.<\/span><\/strong><br \/>\n<span style=\"font-family: georgia, palatino, serif; font-size: 12pt;\"><span style=\"color: #000000;\">(Kommis bitte unten eintragen!)<\/span><br \/>\n<span style=\"color: #ffffff;\">.<\/span><span style=\"color: #ffffff;\">.<br \/>\n<strong>.<br \/>\n<span style=\"color: #000000; font-size: 14pt;\">1<\/span><\/strong><\/span><span style=\"font-size: 14pt;\"><strong>1. Januar | <\/strong><strong>Solidarisch im Kampf f\u00fcr das Recht auf Leben, Selbstbestimmung und Gleichberechtigung!<\/strong><\/span><\/span><\/h2>\n<div id=\"attachment_8330\" style=\"width: 676px\" class=\"wp-caption aligncenter\"><img aria-describedby=\"caption-attachment-8330\" loading=\"lazy\" class=\"size-full wp-image-8330\" src=\"https:\/\/rotermorgen.eu\/wp-content\/uploads\/2021\/01\/2-f2.jpg\" alt=\"\" width=\"666\" height=\"180\" \/><p id=\"caption-attachment-8330\" class=\"wp-caption-text\"><span style=\"font-family: georgia, palatino, serif; font-size: 10pt;\">Eine Demo zum internationalen Frauentag in Istanbul. <span style=\"color: #808080;\">Bild: YouTube<\/span><\/span><\/p><\/div>\n<p style=\"text-align: justify;\"><span style=\"font-family: georgia, palatino, serif; font-size: 12pt;\">In der T\u00fcrkei sammelt sich erneut ein landesweiter Protest gegen die Gewalt an Frauen und an der reaktion\u00e4r-islamistischen Politik der AKP Regierung. Nicht ohne Grund: Gewalt gegen Frauen hat in der T\u00fcrkei hat dramatische Ausma\u00dfe erreicht. Ein Ende ist nicht in Sicht. Die j\u00fcngsten Opfer sind Aylin S\u00f6zer (Istanbul), Selda Tas (Malatya) und Vesile D\u00f6nmez (Gaziantep).<\/span><br \/>\n<span style=\"font-family: georgia, palatino, serif; font-size: 12pt;\"><em><a href=\"http:\/\/www.didf.de\/blog\/tuerkei-frauenmorde-stoppen\/\" target=\"_blank\" rel=\"noopener\">Der DIDF Bundesvorstand <\/a><\/em><em><a href=\"http:\/\/www.didf.de\/blog\/tuerkei-frauenmorde-stoppen\/\" target=\"_blank\" rel=\"noopener\">berichtete<\/a>.<\/em><span style=\"color: #ffffff;\"><br \/>\n<\/span><span style=\"color: #ffffff;\">.<\/span><br \/>\n<span style=\"color: #ffffff;\">.<\/span><strong><br \/>\n<\/strong><span style=\"font-size: 14pt;\"><strong>15. Januar | <\/strong><strong>Erfolgreiche Gedenkkundgebung<br \/>\nf\u00fcr Karl und Rosa in Stuttgart<\/strong><\/span><\/span><\/p>\n<div id=\"attachment_8237\" style=\"width: 673px\" class=\"wp-caption aligncenter\"><img aria-describedby=\"caption-attachment-8237\" loading=\"lazy\" class=\"size-full wp-image-8237\" src=\"https:\/\/rotermorgen.eu\/wp-content\/uploads\/2021\/01\/drtz.jpg\" alt=\"\" width=\"663\" height=\"190\" \/><p id=\"caption-attachment-8237\" class=\"wp-caption-text\"><span style=\"font-family: georgia, palatino, serif; font-size: 10pt;\">Kundgebung am 15.01.2020 in Stuttgart. <span style=\"color: #808080;\">Bild: Arbeit-Zukunft<\/span><\/span><\/p><\/div>\n<p style=\"text-align: justify;\"><span style=\"font-family: georgia, palatino, serif; font-size: 12pt;\">Am Freitag fand in Stuttgart am 102. Jahrestag ihrer Ermordung eine gemeinsame Gedenkkundgebung f\u00fcr Karl Liebknecht und Rosa Luxemburg statt. Anlass war, dass dieses Jahr nur wenige zu der zentralen Demonstration nach Berlin fahren konnten. Zugleich wurde gegen die Polizeigewalt in Berlin Stellung bezogen. Die Kundgebung war gut besucht Mitglieder und Freunde\/innen aller namhaften linken Organisationen nahmen daran teil.<\/span><br \/>\n<span style=\"font-family: georgia, palatino, serif; font-size: 12pt;\"><span style=\"color: #ffffff;\">..<\/span>Mehrere Reden wurden gehalten und zum Schluss die Internationale gesungen.<\/span><br \/>\n<span style=\"font-family: georgia, palatino, serif; font-size: 12pt;\"><em>Genosse Diethard M\u00f6ller von Arbeit-Zukunft hielt eine interessante <a href=\"https:\/\/www.arbeit-zukunft.de\/wp-content\/uploads\/2021\/01\/rede-stuttgart-15-1-21.pdf\" target=\"_blank\" rel=\"noopener\">Rede \u00fcber die Novemberrevolution in W\u00fcrttemberg<\/a>.<br \/>\n<span style=\"color: #ffffff;\">.<\/span><br \/>\n<span style=\"color: #ffffff;\">.<\/span><br \/>\n<strong><span style=\"font-size: 14pt;\">16. Januar | Berufungsverhandlung wegen AfD-Versammlung<\/span><br \/>\n<span style=\"font-size: 14pt;\">in Heidelberg &#8211; Versammlungsfreiheit f\u00fcr Linke au\u00dfer Kraft gesetzt?<\/span><br \/>\n<\/strong><\/em><\/span><\/p>\n<div id=\"attachment_8243\" style=\"width: 676px\" class=\"wp-caption aligncenter\"><img aria-describedby=\"caption-attachment-8243\" loading=\"lazy\" class=\"size-full wp-image-8243\" src=\"https:\/\/rotermorgen.eu\/wp-content\/uploads\/2021\/01\/3.png\" alt=\"\" width=\"666\" height=\"180\" \/><p id=\"caption-attachment-8243\" class=\"wp-caption-text\"><span style=\"font-family: georgia, palatino, serif; font-size: 10pt;\">Michael Csaszk\u00f3czy. <span style=\"color: #808080;\">Bild: beobachter-news<\/span><\/span><\/p><\/div>\n<p style=\"text-align: justify;\"><span style=\"font-family: georgia, palatino, serif; font-size: 12pt;\">Am 10.02.2021 ab 08.30 Uhr wird das Landgericht Heidelberg \u00fcber ein Urteil befinden, das 2018 bundesweit Aufsehen erregte: Der Antifaschist Michael Csaszk\u00f3czy war zu 20 Tagess\u00e4tzen verurteilt worden, weil er sich nicht freiwillig aus einer \u00f6ffentlichen Veranstaltung der AfD in der Heidelberger Stadtb\u00fccherei entfernte, die zudem in deren Hilde-Domin-Saal stattfand.<br \/>\n<em>Der Bundesvorstand der <a href=\"https:\/\/rotermorgen.eu\/berufungsverhandlung-wegen-afd-versammlung-in-heidelberg-versammlungsfreiheit-fuer-linke-ausser-kraft-gesetzt\/\" target=\"_blank\" rel=\"noopener\">Roten Hilfe berichtete<\/a> u. a. auf RoterMorgen.<br \/>\n<\/em><span style=\"color: #ffffff;\">.<\/span><\/span><br \/>\n<span style=\"font-family: georgia, palatino, serif; font-size: 12pt;\"><span style=\"color: #ffffff;\">.<\/span><strong><br \/>\n<\/strong><span style=\"font-size: 14pt;\"><strong>16. Januar | <\/strong><strong>Die Bitcoin-Masche auf sozialen Netzwerken<\/strong><\/span><\/span><\/p>\n<p style=\"text-align: justify;\"><span style=\"font-family: georgia, palatino, serif; font-size: 12pt;\"><img loading=\"lazy\" class=\"size-full wp-image-8333 aligncenter\" src=\"https:\/\/rotermorgen.eu\/wp-content\/uploads\/2021\/01\/ftu.jpg\" alt=\"\" width=\"666\" height=\"180\" \/>Der vermeidliche Stream des Unternehmens hinter der neuen PlayStation wurde von dem YouTube-Kanal PlayStation Live angek\u00fcndigt. Darin versprachen die Betr\u00fcger, 5.000 Bitcoin an diejenigen zu verschenken, die vorher BTC an die genannte Adresse gezahlt hatten. Diese Masche, bei der man zun\u00e4chst etwas zahlen muss, um danach eine gr\u00f6\u00dfere Summe zu gewinnen, wird immer wieder \u00fcber YouTube, Twitter und anderen sozialen Netzwerken abgezogen.<br \/>\n<em><a href=\"https:\/\/www.coinwelt.de\/2020\/06\/betrug-mit-sonys-playstation-5-bringt-taetern-12-000-euro-in-bitcoin-ein\/?utm_source=Nachrichten-Fabrik.de&amp;utm_content=link\" target=\"_blank\" rel=\"noopener\">Mehr dazu<\/a> auf COINWELT.<\/em><\/span><br \/>\n<span style=\"font-family: georgia, palatino, serif; font-size: 12pt;\"><span style=\"color: #ffffff;\">.<\/span><br \/>\n<span style=\"color: #ffffff;\">.<\/span><strong><br \/>\n<\/strong><strong><span style=\"font-size: 14pt;\">16. Januar |<\/span> <span style=\"color: #000000;\">Siedler suchen den Konflikt mit der israelischen<br \/>\nRegierung \u2013 die Pal\u00e4stinenser zahlen den Preis<\/span><\/strong><br \/>\n<\/span><\/p>\n<div id=\"attachment_8241\" style=\"width: 676px\" class=\"wp-caption aligncenter\"><img aria-describedby=\"caption-attachment-8241\" loading=\"lazy\" class=\"size-full wp-image-8241\" src=\"https:\/\/rotermorgen.eu\/wp-content\/uploads\/2021\/01\/878e7.jpg\" alt=\"\" width=\"666\" height=\"180\" \/><p id=\"caption-attachment-8241\" class=\"wp-caption-text\"><span style=\"font-family: georgia, palatino, serif; font-size: 10pt;\">Ein bewaffneter israelischer Kolonist richtet seine Waffe auf pal\u00e4stinensische Demonstranten w\u00e4hrend eines Protestes gegen die Errichtung eines neuen Au\u00dfenpostens auf einem Grundst\u00fcck in der N\u00e4he von Deir Jarir, Westjordanland, 25. Dezember 2020. <span style=\"color: #808080;\">Quelle: Oren Ziv, Activestills.<\/span><\/span><\/p><\/div>\n<p style=\"text-align: justify;\"><span style=\"font-family: georgia, palatino, serif; font-size: 12pt;\">Vor der Amtseinf\u00fchrung von Pr\u00e4sident Biden verst\u00e4rkt die Netanjahu-Regierung Druck und Willk\u00fcr auf das C-Gebiet im Westjordanland<br \/>\n<span style=\"color: #ffffff;\">..<\/span>Die israelische Regierung genehmigte ein Sonderbudget f\u00fcr Siedler mit dem Ziel, weitere neue Wohnungen im C-Gebiet zu bauen. Dadurch werden entsprechende M\u00f6glichkeiten f\u00fcr Pal\u00e4stinenser in diesem Gebiet weiter drastisch eingeschr\u00e4nkt. Die israelische Regierung genehmigte 800 neue H\u00e4user in v\u00f6lkerrechtswidrigen Kolonien, w\u00e4hrend die Siedler gegen den Tod eines 16-j\u00e4hrigen j\u00fcdischen Israeli, der bei einem Autounfall verungl\u00fcckte, und gegen den Einsatz der israelischen Polizei protestierten.<br \/>\n<em><a href=\"https:\/\/bibjetzt.wordpress.com\/2021\/01\/16\/bip-aktuell-153-siedler-suchen-den-konflikt-mit-der-israelischen-regierung-die-palastinenser-zahlen-den-preis\/\" target=\"_blank\" rel=\"noopener\">Mehr dazu<\/a> auf BIP-Aktuell 153<br \/>\n<\/em><span style=\"color: #ffffff;\">.<\/span><br \/>\n<span style=\"color: #ffffff;\">.<\/span><br \/>\n<span style=\"font-size: 14pt;\"><strong>17. Januar | Laschet \u2013 Ein Politiker f\u00fcr die Interessen<br \/>\nder Wirtschaft<\/strong><\/span><\/span><\/p>\n<p style=\"text-align: justify;\"><span style=\"font-family: georgia, palatino, serif; font-size: 12pt;\"><img loading=\"lazy\" class=\"size-full wp-image-8319 aligncenter\" src=\"https:\/\/rotermorgen.eu\/wp-content\/uploads\/2021\/01\/1-format6001.jpg\" alt=\"\" width=\"666\" height=\"180\" \/>Gestern hat die CDU ihren Vorsitzenden gew\u00e4hlt, der nordrheinwestf\u00e4lische Ministerpr\u00e4sident Armin Laschet, setzte sich gegen Norbert R\u00f6ttgen und Friedrich Merz durch. Auch im progressiven Lager sorgte das f\u00fcr Freude, Anlass daf\u00fcr gibt es allerdings nicht.<br \/>\n<em>Julius Jamal <a href=\"https:\/\/rotermorgen.eu\/laschet-ein-politiker-fuer-die-interessen-der-wirtschaft\/\" target=\"_blank\" rel=\"noopener\">berichtete auf RoterMorgen<\/a><\/em><br \/>\n<span style=\"color: #ffffff;\">.<\/span><br \/>\n<span style=\"color: #ffffff;\">.<\/span><br \/>\n<span style=\"font-size: 14pt;\"><strong>17. Januar | Unser Ziel ist Freiheit<\/strong><\/span><\/span><\/p>\n<p style=\"text-align: justify;\"><span style=\"font-size: 12pt; font-family: georgia, palatino, serif;\"><img loading=\"lazy\" class=\"size-full wp-image-8273 aligncenter\" src=\"https:\/\/rotermorgen.eu\/wp-content\/uploads\/2021\/01\/ggg.jpg\" alt=\"\" width=\"666\" height=\"180\" \/>Der politische Gefangene Muhammed Inal ruft die Bev\u00f6lkerung Nordkurdistans zum Kampf auf. Er weist auf die internationale Unterst\u00fctzung des Hungerstreiks hin und stellt dar, dass dieser Kampf nicht im Ausland gewonnen werden kann.<\/span><br \/>\n<span style=\"font-size: 12pt; font-family: georgia, palatino, serif;\"><em>Deniz Babir <a href=\"https:\/\/anfdeutsch.com\/aktuelles\/muhammed-inal-unser-ziel-ist-freiheit-23959\" target=\"_blank\" rel=\"noopener\">berichtete auf ANF-news<\/a><\/em><\/span><br \/>\n<span style=\"font-family: georgia, palatino, serif; font-size: 12pt;\"><span style=\"color: #ffffff;\">.<strong><br \/>\n<\/strong>.<\/span><strong><br \/>\n<span style=\"font-size: 14pt;\">17. Januar | Dramatische Lage in Brasilien<\/span><\/strong><\/span><\/p>\n<div id=\"attachment_8270\" style=\"width: 676px\" class=\"wp-caption aligncenter\"><img aria-describedby=\"caption-attachment-8270\" loading=\"lazy\" class=\"size-full wp-image-8270\" src=\"https:\/\/rotermorgen.eu\/wp-content\/uploads\/2021\/01\/vvh.jpg\" alt=\"\" width=\"666\" height=\"180\" \/><p id=\"caption-attachment-8270\" class=\"wp-caption-text\"><span style=\"font-family: georgia, palatino, serif; font-size: 12pt;\">Schon mehr als 80.000 Tote: Weltweit ist Brasilien nach den USA am schwersten von der Corona-Pandemie betroffen. Ursachen daf\u00fcr sind Armut, strukturelle Probleme und vor allem die fatale Verharmlosungspolitik von Pr\u00e4sident Jair Bolsonaro. <span style=\"color: #808080;\">Bild: YouTube (Ausschnitt)<\/span><\/span><\/p><\/div>\n<p style=\"text-align: justify;\"><span style=\"font-family: georgia, palatino, serif; font-size: 12pt;\">Die Brasilianer haben einen \u201ePanela\u00e7o\u201c veranstaltet, den Pr\u00e4sident Ja\u00edr Bolsonaro und die Mitglieder seiner Regierung in der Hauptstadt Brasilia h\u00f6ren mussten. Das T\u00f6pfe klopfen ist ein unmissverst\u00e4ndlicher Aufruf an die Verantwortlichen in Brasilia, endlich das Feld zu r\u00e4umen. Die Menschen in Brasilien, insbesondere in Manaus, sterben nicht allein an SARS-Cov-2, sondern vor allem an fehlendem Sauerstoff, medizinischem Ger\u00e4t und mangelndem Personal. Sie sterben durch Inkompetenz der Regierung!<br \/>\n<em>Rui Filipe Gutschmidt <a href=\"https:\/\/info-welt.eu\/chaos-in-manaus-amazonas-proteste-gegen-brasiliens-praesidenten-bolsonaro\/\" target=\"_blank\" rel=\"noopener\">berichtete auf Info-Welt<\/a><\/em><\/span><br \/>\n<span style=\"color: #ffffff; font-family: georgia, palatino, serif; font-size: 12pt;\">.<\/span><br \/>\n<span style=\"color: #ffffff; font-family: georgia, palatino, serif; font-size: 12pt;\">.<\/span><br \/>\n<span style=\"font-size: 14pt; font-family: georgia, palatino, serif;\"><strong>17. Januar | Impfkampagne in Israel: &#8222;Ermutigendes Ergebnis&#8220;<\/strong><\/span><\/p>\n<div id=\"attachment_8326\" style=\"width: 676px\" class=\"wp-caption aligncenter\"><img aria-describedby=\"caption-attachment-8326\" loading=\"lazy\" class=\"size-full wp-image-8326\" src=\"https:\/\/rotermorgen.eu\/wp-content\/uploads\/2021\/01\/ggt.png\" alt=\"\" width=\"666\" height=\"180\" \/><p id=\"caption-attachment-8326\" class=\"wp-caption-text\"><span style=\"font-family: georgia, palatino, serif; font-size: 10pt;\">Massenimpfungen in Israel. <span style=\"color: #808080;\">Bild: YouTube<\/span><\/span><\/p><\/div>\n<p style=\"text-align: justify;\"><span style=\"font-family: georgia, palatino, serif; font-size: 12pt;\">In Israel wurden bereits zwei Millionen Menschen gegen SARS-CoV-2 geimpft. Rund eine Viertelmillion hat bereits die zweite Impfdosis erhalten. Auch 75 Prozent der \u00fcber 60-J\u00e4hrigen wurde geimpft.<\/span><br \/>\n<span style=\"font-family: georgia, palatino, serif; font-size: 12pt;\">Eine Studie beweist: die Zahl der Neuinfektionen geht deutlich zur\u00fcckgeht.<br \/>\n<em>Heinz Michael Vilsmeier <a href=\"https:\/\/www.facebook.com\/heinzmichael.vilsmeier?hc_ref=ARSyD1zuErRCaD7nCVfGN597lbSxtryhX2jDuUPtXvCSdKAgKgfkbtoYXs3UsP7nADc&amp;fref=nf\" target=\"_blank\" rel=\"noopener\">besch\u00e4ftigte sich mit dem Thema<\/a>.<\/em><\/span><\/p>\n<p><span style=\"color: #ffffff;\">.<\/span><strong><br \/>\n<\/strong><\/p>\n<p style=\"text-align: center;\"><span style=\"font-size: 10pt; font-family: verdana, geneva, sans-serif;\"><strong>Die Redaktion dankt den Volkskorrespondenten\/-innen Hosteni, Zeki, Nico,<br \/>\nKikiRebel, Rui-Filipe, Sascha, Kalle, Fiete, Maximilian und Reinhold<br \/>\nf\u00fcr die Unterst\u00fctzung bei der Erstellung der Wochenr\u00fcckblicke.<br \/>\n<\/strong>Dieser R\u00fcckblick erhebt nicht den Anspruch auf Vollst\u00e4ndigkeit.<br \/>\nVerlinkte- und mit Namen gekennzeichnete Texte m\u00fcssen<br \/>\nnicht in allen Punkten der Meinung der Redaktionen entsprechen.<strong><br \/>\n\u00bbWochenr\u00fcckblick\u00ab ist ein Gemeinschaftsprojekt von<br \/>\n\u00bbAmericanRebel\u00ab, \u00bbKPD Zelle-Bayern\u00ab, \u00bbInfoWelt\u00ab, und \u00bbRoter Morgen\u00ab<br \/>\nDie Redaktion freut sich \u00fcber jede Hilfe und bittet um Texte und Hinweise an<br \/>\neMail: <a href=\"mailto:Wochenrueckblick@gmx.net\" target=\"_blank\" rel=\"noopener noreferrer\">Wochenrueckblick@gmx.net<\/a><br \/>\nRedaktionsschluss: Jeden Sonntag 1:00 Uhr<\/strong><\/span><\/p>\n<p>&nbsp;<\/p>\n<p><a href=\"https:\/\/www.paypal.com\/de\/home\" target=\"_blank\" rel=\"noopener\"><img loading=\"lazy\" class=\"wp-image-26501 aligncenter\" src=\"http:\/\/www.deanreed.de\/AmericanRebel\/2017\/wp-content\/uploads\/2037\/12\/1-300x72.png\" alt=\"\" width=\"661\" height=\"159\" srcset=\"https:\/\/www.deanreed.de\/AmericanRebel\/2017\/wp-content\/uploads\/2037\/12\/1-300x72.png 300w, https:\/\/www.deanreed.de\/AmericanRebel\/2017\/wp-content\/uploads\/2037\/12\/1-1024x245.png 1024w, https:\/\/www.deanreed.de\/AmericanRebel\/2017\/wp-content\/uploads\/2037\/12\/1-768x184.png 768w, https:\/\/www.deanreed.de\/AmericanRebel\/2017\/wp-content\/uploads\/2037\/12\/1-1536x367.png 1536w, https:\/\/www.deanreed.de\/AmericanRebel\/2017\/wp-content\/uploads\/2037\/12\/1-2048x489.png 2048w\" sizes=\"(max-width: 661px) 100vw, 661px\" \/><\/a><\/p>\n<blockquote>\n<div style=\"margin-left: 10px;\"><a title=\"zur Startseite\" href=\"http:\/\/www.americanrebel.de\/\"><img loading=\"lazy\" class=\"alignleft\" src=\"http:\/\/www.deanreed.de\/AmericanRebel\/2017\/wp-content\/uploads\/2017\/03\/back_ar.png\" alt=\"zur\u00fcck zur Startseite\" width=\"156\" height=\"15\" \/><\/a><\/div>\n<div style=\"margin-right: 10px;\"><a href=\"https:\/\/www.facebook.com\/groups\/1683837971860223\/permalink\/1987214344855916\/\" target=\"_blank\" rel=\"noopener noreferrer\"><img loading=\"lazy\" class=\"alignright\" src=\"http:\/\/www.deanreed.de\/AmericanRebel\/2017\/wp-content\/uploads\/2017\/03\/ar_zu_fb.png\" alt=\"hier geht es zur Facebook Diskussionsgruppe\" width=\"353\" height=\"15\" \/><\/a><\/div>\n<p style=\"text-align: center;\"><a href=\"#respond\" target=\"_blank\" rel=\"noopener noreferrer\"><img loading=\"lazy\" class=\"aligncenter\" src=\"http:\/\/www.deanreed.de\/AmericanRebel\/2017\/wp-content\/uploads\/2017\/03\/ar_kommentar-1.png\" alt=\"Sag uns deine Meinung zum Artikel mit einem Kommentar\/Leserbrief\" width=\"627\" height=\"20\" \/><\/a><\/p>\n<\/blockquote>\n<p>&nbsp;<\/p>\n","protected":false},"excerpt":{"rendered":"<p>Zur\u00fcckblickend auf die letzten Tage sind uns einige kommentierbare Vorkommnisse ins Auge gefallen, die wir hier zur Diskussion stellen. (Kommis bitte unten eintragen!) .. . 11. Januar | Solidarisch im Kampf f\u00fcr das Recht auf Leben, Selbstbestimmung und Gleichberechtigung! In [&hellip;]<a class=\"more-link\" href=\"https:\/\/www.deanreed.de\/AmericanRebel\/2017\/2021\/01\/18\/wochenrueckblick-2-kw-2021\/\">&darr; Lese den Rest von diesem Eintrag&#8230;<\/a><\/p>\n","protected":false},"author":2,"featured_media":0,"comment_status":"open","ping_status":"open","sticky":false,"template":"","format":"standard","meta":[],"categories":[1],"tags":[748,4864,2594,8,4865,4787,4728,4866,4790,3939,4729,4730,4867,4868,4791,2021,4731,4869,2225,4870,4601,1329,4734,4011,4736],"yoast_head":"<!-- This site is optimized with the Yoast SEO plugin v17.5 - https:\/\/yoast.com\/wordpress\/plugins\/seo\/ -->\n<title>- Wochenr\u00fcckblick 2. KW 2021 &ndash; Onlinezeitung AmericanRebel<\/title>\n<meta name=\"robots\" content=\"index, follow, max-snippet:-1, max-image-preview:large, max-video-preview:-1\" \/>\n<link rel=\"canonical\" href=\"http:\/\/www.deanreed.de\/AmericanRebel\/2017\/2021\/01\/18\/wochenrueckblick-2-kw-2021\/\" \/>\n<meta property=\"og:locale\" content=\"de_DE\" \/>\n<meta property=\"og:type\" content=\"article\" \/>\n<meta property=\"og:title\" content=\"- Wochenr\u00fcckblick 2. KW 2021 &ndash; Onlinezeitung AmericanRebel\" \/>\n<meta property=\"og:description\" content=\"Zur\u00fcckblickend auf die letzten Tage sind uns einige kommentierbare Vorkommnisse ins Auge gefallen, die wir hier zur Diskussion stellen.\" \/>\n<meta property=\"og:url\" content=\"http:\/\/www.deanreed.de\/AmericanRebel\/2017\/2021\/01\/18\/wochenrueckblick-2-kw-2021\/\" \/>\n<meta property=\"og:site_name\" content=\"Onlinezeitung AmericanRebel\" \/>\n<meta property=\"article:published_time\" content=\"2021-01-18T19:33:27+00:00\" \/>\n<meta property=\"article:modified_time\" content=\"2021-01-24T18:50:15+00:00\" \/>\n<meta property=\"og:image\" content=\"http:\/\/www.deanreed.de\/AmericanRebel\/2017\/wp-content\/uploads\/2020\/12\/3-Kopie.png\" \/>\n\t<meta property=\"og:image:width\" content=\"640\" \/>\n\t<meta property=\"og:image:height\" content=\"460\" \/>\n<meta name=\"twitter:card\" content=\"summary_large_image\" \/>\n<meta name=\"twitter:description\" content=\"Zur\u00fcckblickend auf die letzten Tage sind uns einige kommentierbare Vorkommnisse ins Auge gefallen, die wir hier zur Diskussion stellen.\" \/>\n<meta name=\"twitter:image\" content=\"https:\/\/www.deanreed.de\/AmericanRebel\/2017\/wp-content\/uploads\/2020\/12\/3-Kopie.png\" \/>\n<meta name=\"twitter:label1\" content=\"Verfasst von\" \/>\n\t<meta name=\"twitter:data1\" content=\"Redaktion\" \/>\n\t<meta name=\"twitter:label2\" content=\"Gesch\u00e4tzte Lesezeit\" \/>\n\t<meta name=\"twitter:data2\" content=\"5\u00a0Minuten\" \/>\n<script type=\"application\/ld+json\" class=\"yoast-schema-graph\">{\"@context\":\"https:\/\/schema.org\",\"@graph\":[{\"@type\":\"WebSite\",\"@id\":\"http:\/\/www.deanreed.de\/AmericanRebel\/2017\/#website\",\"url\":\"http:\/\/www.deanreed.de\/AmericanRebel\/2017\/\",\"name\":\"Onlinezeitung AmericanRebel\",\"description\":\"Internationale Onlinezeitung f\\u00fcr Frieden, Humanismus, V\\u00f6lkerverst\\u00e4ndigung und Kultur\",\"potentialAction\":[{\"@type\":\"SearchAction\",\"target\":{\"@type\":\"EntryPoint\",\"urlTemplate\":\"http:\/\/www.deanreed.de\/AmericanRebel\/2017\/?s={search_term_string}\"},\"query-input\":\"required name=search_term_string\"}],\"inLanguage\":\"de\"},{\"@type\":\"ImageObject\",\"@id\":\"http:\/\/www.deanreed.de\/AmericanRebel\/2017\/2021\/01\/18\/wochenrueckblick-2-kw-2021\/#primaryimage\",\"inLanguage\":\"de\",\"url\":\"https:\/\/www.deanreed.de\/AmericanRebel\/2017\/wp-content\/uploads\/2020\/12\/3-Kopie.png\",\"contentUrl\":\"https:\/\/www.deanreed.de\/AmericanRebel\/2017\/wp-content\/uploads\/2020\/12\/3-Kopie.png\",\"width\":640,\"height\":460},{\"@type\":\"WebPage\",\"@id\":\"http:\/\/www.deanreed.de\/AmericanRebel\/2017\/2021\/01\/18\/wochenrueckblick-2-kw-2021\/#webpage\",\"url\":\"http:\/\/www.deanreed.de\/AmericanRebel\/2017\/2021\/01\/18\/wochenrueckblick-2-kw-2021\/\",\"name\":\"- Wochenr\\u00fcckblick 2. KW 2021 &ndash; Onlinezeitung AmericanRebel\",\"isPartOf\":{\"@id\":\"http:\/\/www.deanreed.de\/AmericanRebel\/2017\/#website\"},\"primaryImageOfPage\":{\"@id\":\"http:\/\/www.deanreed.de\/AmericanRebel\/2017\/2021\/01\/18\/wochenrueckblick-2-kw-2021\/#primaryimage\"},\"datePublished\":\"2021-01-18T19:33:27+00:00\",\"dateModified\":\"2021-01-24T18:50:15+00:00\",\"author\":{\"@id\":\"http:\/\/www.deanreed.de\/AmericanRebel\/2017\/#\/schema\/person\/9edfca7917cd10b75edaae51c6e7935a\"},\"breadcrumb\":{\"@id\":\"http:\/\/www.deanreed.de\/AmericanRebel\/2017\/2021\/01\/18\/wochenrueckblick-2-kw-2021\/#breadcrumb\"},\"inLanguage\":\"de\",\"potentialAction\":[{\"@type\":\"ReadAction\",\"target\":[\"http:\/\/www.deanreed.de\/AmericanRebel\/2017\/2021\/01\/18\/wochenrueckblick-2-kw-2021\/\"]}]},{\"@type\":\"BreadcrumbList\",\"@id\":\"http:\/\/www.deanreed.de\/AmericanRebel\/2017\/2021\/01\/18\/wochenrueckblick-2-kw-2021\/#breadcrumb\",\"itemListElement\":[{\"@type\":\"ListItem\",\"position\":1,\"name\":\"Startseite\",\"item\":\"http:\/\/www.deanreed.de\/AmericanRebel\/2017\/\"},{\"@type\":\"ListItem\",\"position\":2,\"name\":\"&#8211; Wochenr\\u00fcckblick 2. KW 2021\"}]},{\"@type\":\"Person\",\"@id\":\"http:\/\/www.deanreed.de\/AmericanRebel\/2017\/#\/schema\/person\/9edfca7917cd10b75edaae51c6e7935a\",\"name\":\"Redaktion\",\"url\":\"https:\/\/www.deanreed.de\/AmericanRebel\/2017\/author\/redaktion\/\"}]}<\/script>\n<!-- \/ Yoast SEO plugin. -->","yoast_head_json":{"title":"- Wochenr\u00fcckblick 2. KW 2021 &ndash; Onlinezeitung AmericanRebel","robots":{"index":"index","follow":"follow","max-snippet":"max-snippet:-1","max-image-preview":"max-image-preview:large","max-video-preview":"max-video-preview:-1"},"canonical":"http:\/\/www.deanreed.de\/AmericanRebel\/2017\/2021\/01\/18\/wochenrueckblick-2-kw-2021\/","og_locale":"de_DE","og_type":"article","og_title":"- Wochenr\u00fcckblick 2. KW 2021 &ndash; Onlinezeitung AmericanRebel","og_description":"Zur\u00fcckblickend auf die letzten Tage sind uns einige kommentierbare Vorkommnisse ins Auge gefallen, die wir hier zur Diskussion stellen.","og_url":"http:\/\/www.deanreed.de\/AmericanRebel\/2017\/2021\/01\/18\/wochenrueckblick-2-kw-2021\/","og_site_name":"Onlinezeitung AmericanRebel","article_published_time":"2021-01-18T19:33:27+00:00","article_modified_time":"2021-01-24T18:50:15+00:00","og_image":[{"width":640,"height":460,"url":"http:\/\/www.deanreed.de\/AmericanRebel\/2017\/wp-content\/uploads\/2020\/12\/3-Kopie.png","type":"image\/png"}],"twitter_card":"summary_large_image","twitter_description":"Zur\u00fcckblickend auf die letzten Tage sind uns einige kommentierbare Vorkommnisse ins Auge gefallen, die wir hier zur Diskussion stellen.","twitter_image":"https:\/\/www.deanreed.de\/AmericanRebel\/2017\/wp-content\/uploads\/2020\/12\/3-Kopie.png","twitter_misc":{"Verfasst von":"Redaktion","Gesch\u00e4tzte Lesezeit":"5\u00a0Minuten"},"schema":{"@context":"https:\/\/schema.org","@graph":[{"@type":"WebSite","@id":"http:\/\/www.deanreed.de\/AmericanRebel\/2017\/#website","url":"http:\/\/www.deanreed.de\/AmericanRebel\/2017\/","name":"Onlinezeitung AmericanRebel","description":"Internationale Onlinezeitung f\u00fcr Frieden, Humanismus, V\u00f6lkerverst\u00e4ndigung und Kultur","potentialAction":[{"@type":"SearchAction","target":{"@type":"EntryPoint","urlTemplate":"http:\/\/www.deanreed.de\/AmericanRebel\/2017\/?s={search_term_string}"},"query-input":"required name=search_term_string"}],"inLanguage":"de"},{"@type":"ImageObject","@id":"http:\/\/www.deanreed.de\/AmericanRebel\/2017\/2021\/01\/18\/wochenrueckblick-2-kw-2021\/#primaryimage","inLanguage":"de","url":"https:\/\/www.deanreed.de\/AmericanRebel\/2017\/wp-content\/uploads\/2020\/12\/3-Kopie.png","contentUrl":"https:\/\/www.deanreed.de\/AmericanRebel\/2017\/wp-content\/uploads\/2020\/12\/3-Kopie.png","width":640,"height":460},{"@type":"WebPage","@id":"http:\/\/www.deanreed.de\/AmericanRebel\/2017\/2021\/01\/18\/wochenrueckblick-2-kw-2021\/#webpage","url":"http:\/\/www.deanreed.de\/AmericanRebel\/2017\/2021\/01\/18\/wochenrueckblick-2-kw-2021\/","name":"- Wochenr\u00fcckblick 2. KW 2021 &ndash; Onlinezeitung AmericanRebel","isPartOf":{"@id":"http:\/\/www.deanreed.de\/AmericanRebel\/2017\/#website"},"primaryImageOfPage":{"@id":"http:\/\/www.deanreed.de\/AmericanRebel\/2017\/2021\/01\/18\/wochenrueckblick-2-kw-2021\/#primaryimage"},"datePublished":"2021-01-18T19:33:27+00:00","dateModified":"2021-01-24T18:50:15+00:00","author":{"@id":"http:\/\/www.deanreed.de\/AmericanRebel\/2017\/#\/schema\/person\/9edfca7917cd10b75edaae51c6e7935a"},"breadcrumb":{"@id":"http:\/\/www.deanreed.de\/AmericanRebel\/2017\/2021\/01\/18\/wochenrueckblick-2-kw-2021\/#breadcrumb"},"inLanguage":"de","potentialAction":[{"@type":"ReadAction","target":["http:\/\/www.deanreed.de\/AmericanRebel\/2017\/2021\/01\/18\/wochenrueckblick-2-kw-2021\/"]}]},{"@type":"BreadcrumbList","@id":"http:\/\/www.deanreed.de\/AmericanRebel\/2017\/2021\/01\/18\/wochenrueckblick-2-kw-2021\/#breadcrumb","itemListElement":[{"@type":"ListItem","position":1,"name":"Startseite","item":"http:\/\/www.deanreed.de\/AmericanRebel\/2017\/"},{"@type":"ListItem","position":2,"name":"&#8211; Wochenr\u00fcckblick 2. KW 2021"}]},{"@type":"Person","@id":"http:\/\/www.deanreed.de\/AmericanRebel\/2017\/#\/schema\/person\/9edfca7917cd10b75edaae51c6e7935a","name":"Redaktion","url":"https:\/\/www.deanreed.de\/AmericanRebel\/2017\/author\/redaktion\/"}]}},"_links":{"self":[{"href":"https:\/\/www.deanreed.de\/AmericanRebel\/2017\/wp-json\/wp\/v2\/posts\/26527"}],"collection":[{"href":"https:\/\/www.deanreed.de\/AmericanRebel\/2017\/wp-json\/wp\/v2\/posts"}],"about":[{"href":"https:\/\/www.deanreed.de\/AmericanRebel\/2017\/wp-json\/wp\/v2\/types\/post"}],"author":[{"embeddable":true,"href":"https:\/\/www.deanreed.de\/AmericanRebel\/2017\/wp-json\/wp\/v2\/users\/2"}],"replies":[{"embeddable":true,"href":"https:\/\/www.deanreed.de\/AmericanRebel\/2017\/wp-json\/wp\/v2\/comments?post=26527"}],"version-history":[{"count":3,"href":"https:\/\/www.deanreed.de\/AmericanRebel\/2017\/wp-json\/wp\/v2\/posts\/26527\/revisions"}],"predecessor-version":[{"id":26560,"href":"https:\/\/www.deanreed.de\/AmericanRebel\/2017\/wp-json\/wp\/v2\/posts\/26527\/revisions\/26560"}],"wp:attachment":[{"href":"https:\/\/www.deanreed.de\/AmericanRebel\/2017\/wp-json\/wp\/v2\/media?parent=26527"}],"wp:term":[{"taxonomy":"category","embeddable":true,"href":"https:\/\/www.deanreed.de\/AmericanRebel\/2017\/wp-json\/wp\/v2\/categories?post=26527"},{"taxonomy":"post_tag","embeddable":true,"href":"https:\/\/www.deanreed.de\/AmericanRebel\/2017\/wp-json\/wp\/v2\/tags?post=26527"}],"curies":[{"name":"wp","href":"https:\/\/api.w.org\/{rel}","templated":true}]}}