{"id":26421,"date":"2021-01-03T23:58:53","date_gmt":"2021-01-03T22:58:53","guid":{"rendered":"http:\/\/www.deanreed.de\/AmericanRebel\/2017\/?p=26421"},"modified":"2021-01-24T19:51:18","modified_gmt":"2021-01-24T18:51:18","slug":"wochenrueckblick-53-kw-2020","status":"publish","type":"post","link":"https:\/\/www.deanreed.de\/AmericanRebel\/2017\/2021\/01\/03\/wochenrueckblick-53-kw-2020\/","title":{"rendered":"&#8211; Wochenr\u00fcckblick 53. KW 2020"},"content":{"rendered":"<p><img loading=\"lazy\" class=\" wp-image-26025 aligncenter\" src=\"http:\/\/www.deanreed.de\/AmericanRebel\/2017\/wp-content\/uploads\/2020\/10\/AR_WR_2-300x75.png\" alt=\"\" width=\"672\" height=\"168\" srcset=\"https:\/\/www.deanreed.de\/AmericanRebel\/2017\/wp-content\/uploads\/2020\/10\/AR_WR_2-300x75.png 300w, https:\/\/www.deanreed.de\/AmericanRebel\/2017\/wp-content\/uploads\/2020\/10\/AR_WR_2.png 700w\" sizes=\"(max-width: 672px) 100vw, 672px\" \/><\/p>\n<p style=\"text-align: justify;\"><span style=\"font-size: 14pt;\"><strong><span style=\"color: #993300;\">Zur\u00fcckblickend auf die letzten Tage sind uns einige kommentierbare Vorkommnisse ins Auge gefallen, die wir hier zur Diskussion stellen.<\/span><\/strong><\/span><br \/>\n<span style=\"font-family: georgia, palatino, serif; font-size: 12pt;\"><span style=\"color: #000000;\">(Kommis bitte unten eintragen!)<\/span><br \/>\n<span style=\"color: #ffffff;\">.<\/span><span style=\"color: #ffffff;\">.<br \/>\n<strong>.<br \/>\n<span style=\"color: #000000; font-size: 14pt; font-family: georgia, palatino, serif;\">28<\/span><\/strong><\/span><span style=\"font-size: 14pt;\"><strong><span style=\"color: #000000;\">. <\/span>Dezember | N\u00fcrnberg: <\/strong><strong>Ins Gef\u00e4ngnis<br \/>\nf\u00fcr Anschreien der Polizei<\/strong><\/span><br \/>\n<\/span><\/p>\n<div id=\"attachment_7809\" style=\"width: 676px\" class=\"wp-caption aligncenter\"><img aria-describedby=\"caption-attachment-7809\" loading=\"lazy\" class=\"size-full wp-image-7809\" src=\"https:\/\/rotermorgen.eu\/wp-content\/uploads\/2021\/01\/jjkl.png\" alt=\"\" width=\"666\" height=\"180\" \/><p id=\"caption-attachment-7809\" class=\"wp-caption-text\"><span style=\"font-family: georgia, palatino, serif; font-size: 10pt;\">Gebt die politischen Gefangenen frei! <span style=\"color: #808080;\">Bild: Alfred Denzinger f\u00fcr beobachter-news<\/span><\/span><\/p><\/div>\n<p style=\"text-align: justify;\"><span style=\"font-family: georgia, palatino, serif; font-size: 12pt;\">Im Oktober verurteilte das N\u00fcrnberger Amtsgericht zwei linke Aktivisten zu 18 beziehungsweise 15 Monaten Haft ohne Bew\u00e4hrung. Der Grund: Sie sollen im Sommer 2019 auf dem Jamnitzer Platz in N\u00fcrnberg PolizeibeamtInnen angeschrien haben. Die Anarchistische Gruppe N\u00fcrnberg \u201eAuf der Suche\u201c spricht von einem Skandalurteil. Nach der Urteilsverk\u00fcndung gab es eine Spontandemonstration. Der Berufungsprozess vor dem Landgericht ist im Februar.<br \/>\n<em><span style=\"color: #ffffff;\">..<\/span><a href=\"https:\/\/beobachternews.de\/2020\/12\/27\/ins-gefaengnis-fuer-anschreien-der-polizei\/\" target=\"_blank\" rel=\"noopener\">Beobachter-news berichtete<\/a><\/em><br \/>\n<span style=\"color: #ffffff;\">.<\/span><br \/>\n<span style=\"color: #ffffff;\">.<\/span><br \/>\n<span style=\"color: #ffffff;\"><span style=\"color: #000000; font-size: 14pt;\"><strong>28. Dezember | <\/strong><\/span><span style=\"color: #000000;\"><span style=\"font-size: 14pt;\"><strong>Massenk\u00e4mpfe in der T\u00fcrkei 21.12. &#8211; 27.12.<\/strong><\/span><\/span><\/span><\/span><\/p>\n<p style=\"text-align: justify;\"><img loading=\"lazy\" class=\"size-full wp-image-7813 aligncenter\" src=\"https:\/\/rotermorgen.eu\/wp-content\/uploads\/2021\/01\/hjj.jpg\" alt=\"\" width=\"666\" height=\"180\" \/><br \/>\n<span style=\"font-family: georgia, palatino, serif; font-size: 12pt;\">Die \u00f6konomische Krise in der T\u00fcrkei schl\u00e4gt sich zunehmend auf die Arbeitspl\u00e4tze der Massen nieder, was \u2013 aktuell insbesonderein der Schwer-\/ Metallindustrie \u2013 zu organisierten Arbeitsniederlegungen f\u00fchrt. Diesen Dezember liegt allein der Bruttoverschuldungsbestand der T\u00fcrkei mit 1,87 Billionen Lira (ca. 200 Milliarden Euro) fast 50% h\u00f6her als noch vor einem Jahr. Unter anderem haben Arbeiter im Baldur-Werk in \u00c7ay\u0131rova infolge der Ank\u00fcndigungen zur Entlassung einen Streik organisiert, den die Polizei gegen 5 Uhr morgens st\u00fcrmte und vier Arbeiter und einen Gewerkschaftsmanager festnahm.<\/span><br \/>\n<span style=\"font-family: georgia, palatino, serif; font-size: 12pt;\"><em><span style=\"color: #ffffff;\">..<\/span>Erdal Eren<\/em><\/span><br \/>\n<span style=\"color: #ffffff;\">.<\/span><br \/>\n<span style=\"color: #ffffff;\">.<\/span><br \/>\n<span style=\"font-family: georgia, palatino, serif; font-size: 12pt;\"><span style=\"font-size: 14pt;\"><strong>28. Dezember | <\/strong><strong>Demo in Magdeburg:<br \/>\nNein zu Trumps \u201eJahrhundertdeal\u201c! Freiheit f\u00fcr Pal\u00e4stina! <\/strong><\/span><\/span><\/p>\n<p style=\"text-align: justify;\"><img loading=\"lazy\" class=\"size-full wp-image-7817 aligncenter\" src=\"https:\/\/rotermorgen.eu\/wp-content\/uploads\/2021\/01\/MD-Pala\u0308stinaDemo2020-3.jpg\" alt=\"\" width=\"666\" height=\"180\" \/><br \/>\n<span style=\"font-family: georgia, palatino, serif; font-size: 12pt;\">Am gestrigen Sonntag versammelten sich in Magdeburg Revolution\u00e4re und Antiimperialisten zu einer Demonstration gegen den von den USA als \u201eDeal des Jahrhunderts\u201c getauften Angriff gegen das pal\u00e4stinensische Volk. Dieser \u201eDeal\u201c ist Ausdruck einer erneut gesteigerten Aggression der US-Imperialisten und ihrer Lakaien gegen Pal\u00e4stina, gegen das sich das pal\u00e4stinensische Volk unerm\u00fcdlich zur Wehr setzt. Der heldenhafte Kampf gegen die Besatzer und f\u00fcr die Freiheit der mit Steinen gegen Gewehre und Panzer gef\u00fchrt wird, wird einmal mehr zum Markstein f\u00fcr die Ausgebeuteten und Unterdr\u00fcckten auf der Welt.<\/span><br \/>\n<span style=\"font-family: georgia, palatino, serif; font-size: 12pt;\"><em><span style=\"color: #ffffff;\">..<\/span>Herbert Polifka, Arbeit-Zukunft\u00a0 <strong> <div class=\"hide-this-part-wrap\"><div class=\"hide-this-part-more\" id=\"hide-this-part-0\" morelink-text=\"hier geht es weiter\">hier geht es weiter \u00bb<\/div><div class=\"hide-this-part\" status=\"invisible\"><\/strong><\/em><\/span><br \/>\n<span style=\"font-size: 14pt; font-family: georgia, palatino, serif;\"><strong>29. Dezember | <\/strong><strong>Wohnungsloser in<br \/>\nFreiburg (Schwarzwald) erfroren<\/strong><\/span><\/p>\n<div id=\"attachment_7825\" style=\"width: 676px\" class=\"wp-caption aligncenter\"><img aria-describedby=\"caption-attachment-7825\" loading=\"lazy\" class=\"size-full wp-image-7825\" src=\"https:\/\/rotermorgen.eu\/wp-content\/uploads\/2021\/01\/sff.jpg\" alt=\"\" width=\"666\" height=\"180\" \/><p id=\"caption-attachment-7825\" class=\"wp-caption-text\"><span style=\"font-family: georgia, palatino, serif; font-size: 10pt;\">Wohnungsloser im Freiburger Stadtgarten. <span style=\"color: #808080;\">Bild: YouTube (Ausschnitt)<\/span><\/span><\/p><\/div>\n<p style=\"text-align: justify;\"><span style=\"font-family: georgia, palatino, serif; font-size: 12pt;\">Seit Monaten, seit Corona, wird hier von den Herrschenden so getan, als sei die Gesundheit aller Menschen im Lande ihr oberstes und allerwichtigstes Anliegen. Alle Beschneidungen und Beschr\u00e4nkungen der B\u00fcrgerrechte werden mit diesem Argument begr\u00fcndet. doch die Lage f\u00fcr wohnungslosen Menschen \u00fcberall im Land &#8211; ist prek\u00e4r: Aufgrund der Corona-Pandemie k\u00f6nnen weniger Menschen in die st\u00e4dtischen und privaten Unterk\u00fcnfte, denn auch dort gilt es, die Abstandsregeln einzuhalten. Nun steht der Winter vor der T\u00fcr und ich las heute das am 23. Nov. erneut im Freiburger Stadtgarte ein Wohnungsloser erfroren ist.<\/span><br \/>\n<span style=\"font-family: georgia, palatino, serif; font-size: 12pt;\"><em><span style=\"color: #ffffff;\">&#8230;<\/span>KikiRebell, AmericanRebel<\/em><\/span><br \/>\n<span style=\"font-family: georgia, palatino, serif; font-size: 12pt;\"><span style=\"color: #ffffff;\">.<br \/>\n.<\/span><br \/>\n<span style=\"font-size: 14pt;\"><strong>30. Dezember | <\/strong><strong>Gegen Lohnsplit im Betrieb<\/strong><\/span><\/span><\/p>\n<p style=\"text-align: justify;\"><span style=\"font-family: georgia, palatino, serif; font-size: 12pt;\"><img loading=\"lazy\" class=\"size-full wp-image-7835 aligncenter\" src=\"https:\/\/rotermorgen.eu\/wp-content\/uploads\/2021\/01\/mjujh.jpg\" alt=\"\" width=\"666\" height=\"180\" \/><br \/>\nLeiharbeiter\/innen: Von der Politik zugunsten der Wirtschaft vernachl\u00e4ssigt und an die Gewerkschaften verwiesen, von diesen zugunsten der Stammbelegschaften und der Wettbewerbsf\u00e4higkeit verraten und an abh\u00e4ngige Betriebsr\u00e4te verwiesen.<\/span><br \/>\n<span style=\"font-family: georgia, palatino, serif; font-size: 12pt;\"><span style=\"color: #ffffff;\">..<\/span>Nun will der Europ\u00e4ischer Gerichtshof wird \u00fcber <a href=\"https:\/\/juris.bundesarbeitsgericht.de\/cgi-bin\/rechtsprechung\/document.py?Gericht=bag&amp;Art=pm&amp;Datum=2020&amp;nr=24764&amp;pos=0&amp;anz=48&amp;titel=Verg%FCtung_von_Leiharbeitnehmern\" target=\"_blank\" rel=\"noopener\">Equalpay<\/a> entscheiden<\/span><br \/>\n<span style=\"font-family: georgia, palatino, serif; font-size: 12pt;\"><em>Nico Diener, RoterMorgen<\/em><\/span><br \/>\n<span style=\"font-family: georgia, palatino, serif; font-size: 12pt;\"><span style=\"color: #ffffff;\">.<br \/>\n.<\/span><strong><br \/>\n<\/strong><span style=\"font-size: 14pt;\"><strong>31. Dezember | <\/strong><span style=\"color: #333333;\"><strong>Warum wir Kommunisten<br \/>\ndas demokratische Rojava verteidigen<\/strong><\/span><\/span><\/span><\/p>\n<p style=\"text-align: justify;\"><img loading=\"lazy\" class=\"size-full wp-image-7773 aligncenter\" src=\"https:\/\/rotermorgen.eu\/wp-content\/uploads\/2021\/01\/gzhzzz.jpg\" alt=\"\" width=\"666\" height=\"180\" \/><br \/>\n<span style=\"font-family: georgia, palatino, serif; font-size: 12pt;\">In den<mark class=\"pad__mark pad__mark--inline-advice pad__mark--in-focus\" data-entity-key=\"10\" data-offset-key=\"46ep0-5-0\" data-highlight-entity-key=\"10\"><\/mark> Sozialen Medien und der \u201elinken\u201c deutschen Presse werden dann, losgel\u00f6st von den realen Tatsachen Post und Texte verfasst, die zwischen Dogmatismus, Weltfremdheit und Absurdit\u00e4t schwanken. So bringen viele (linke) Kommentatoren auch viele platzf\u00fcllende Bewertungen \u201eaufs Papier\u201c, wenn es sich um Ereignisse und der Entwicklung des demokratischen Projektes in Nordsyrien (Rojava) handelt. \u201eMesserscharfe\u201c Bewertungen, Verw\u00fcnschungen und Aburteilungen werden in die digitale Welt hinaus geschrien und Dutzende Seiten lange Pamphlete ver\u00f6ffentlichen.<strong><br \/>\n<\/strong><em><span style=\"color: #ffffff;\">..<\/span>RoterMorgen <a href=\"https:\/\/rotermorgen.eu\/warum-wir-kommunisten-das-demokratische-rojava-verteidigen\/\" target=\"_blank\" rel=\"noopener noreferrer\">nahm Stellung<\/a><\/em><\/span><strong><br \/>\n<\/strong><span style=\"color: #ffffff;\">.<\/span><br \/>\n<span style=\"color: #ffffff;\">.<\/span><strong><br \/>\n<\/strong><span style=\"font-size: 14pt;\"><strong>31. Dezember | Ein Blutbad f\u00fcr eine Photovoltaikanlage<\/strong><\/span><\/p>\n<p style=\"text-align: justify;\"><span style=\"font-family: georgia, palatino, serif; font-size: 12pt;\"><strong><img loading=\"lazy\" class=\"size-full wp-image-7766 aligncenter\" src=\"https:\/\/rotermorgen.eu\/wp-content\/uploads\/2021\/01\/njkk.png\" alt=\"\" width=\"666\" height=\"193\" \/><br \/>\n<\/strong>Bei einer Jagd auf der \u201eQuinta da Torre Bela\u201c in Azambuja, Portugal, wurden 540 Tiere, \u00fcberwiegend Hirsche und Wildschweine, in einem unglaublichem Blutbad get\u00f6tet. Als w\u00e4re dies nicht schon schlimm genug, mussten die Portugiesen auch noch die Bilder der toten Tiere und das Eigenlob der J\u00e4ger in den Sozialen Netzwerken ertragen.<br \/>\n<em><span style=\"font-family: georgia, palatino, serif;\"><span style=\"color: #ffffff;\">..<span style=\"color: #000000;\">Rui Filipe Gutschmidt berichtete au <\/span><\/span>Info-Welt<\/span> <a href=\"https:\/\/info-welt.eu\/ein-blutbad-fuer-eine-photovoltaikanlage-zum-massaker-von-azam\/\" target=\"_blank\" rel=\"noopener noreferrer\">berichtete<\/a><\/em><br \/>\n<span style=\"color: #ffffff;\">.<\/span><br \/>\n<span style=\"color: #ffffff;\">.<\/span><strong><br \/>\n<\/strong><strong><span style=\"font-size: 14pt;\">1. Januar | JUMP UP Magazin <a href=\"https:\/\/rotermorgen.eu\/wp-content\/uploads\/2021\/01\/jump-up-Januar2021.pdf\" target=\"_blank\" rel=\"noopener\">Januar 2021 erschienen<\/a><\/span><\/strong><\/span><\/p>\n<p><a href=\"https:\/\/rotermorgen.eu\/wp-content\/uploads\/2021\/01\/jump-up-Januar2021.pdf\" target=\"_blank\" rel=\"noopener\"><img loading=\"lazy\" class=\"size-full wp-image-7828 aligncenter\" src=\"https:\/\/rotermorgen.eu\/wp-content\/uploads\/2021\/01\/kll.png\" alt=\"\" width=\"666\" height=\"400\" \/><\/a><\/p>\n<p style=\"text-align: justify;\"><span style=\"font-family: georgia, palatino, serif; font-size: 12pt;\">Unser Schwerpunkt ist es, die aus allen Musikrichtungen bestehenden nationalen und internationalen Arbeiterinnen- und Arbeiterlieder zusammenzutragen. Bei uns findet Ihr Smithsonian Folkways aus den USA, Mescal aus Italien, Indigo aus Deutschland und andere Musiklabels. Wir nehmen Kontakt zu allen auf, die Musik als Ausdruck des politischen Willens und der Politischen Aktion begreifen.<\/span><br \/>\n<span style=\"font-family: georgia, palatino, serif; font-size: 12pt;\"><span style=\"color: #ffffff;\">..<\/span><strong>F\u00fcr eine Welt ohne Ausbeutung und Unterdr\u00fcckung!<br \/>\n<\/strong><\/span><em><span style=\"font-family: georgia, palatino, serif; font-size: 12pt;\"><a href=\"https:\/\/rotermorgen.eu\/wp-admin\/post.php?post=7686&amp;action=edit\" target=\"_blank\" rel=\"noopener\">Matthias Henk<\/a> JUMP UP<\/span><br \/>\n<\/em><span style=\"color: #ffffff;\">.<\/span><br \/>\n<span style=\"color: #ffffff;\">.<\/span><strong><br \/>\n<\/strong><span style=\"font-size: 14pt; font-family: georgia, palatino, serif;\"><strong>2. Januar | <\/strong><strong>Agrarindustrie: Mangel an Erntehelfer\/innen<br \/>\nauch in 2021<\/strong><\/span><\/p>\n<p style=\"text-align: justify;\"><img loading=\"lazy\" class=\"size-full wp-image-7820 aligncenter\" src=\"https:\/\/rotermorgen.eu\/wp-content\/uploads\/2021\/01\/nm.jpg\" alt=\"\" width=\"666\" height=\"180\" \/><br \/>\n<span style=\"font-family: georgia, palatino, serif; font-size: 12pt;\">Im letzten Jahr hat die Lage der Erntehelfer:innen aus Osteuropa deutschlandweit f\u00fcr Emp\u00f6rung gesorgt. W\u00e4hrend sich die Masken und die Abstandsregelungen in der \u00d6ffentlichkeit immer mehr durchgesetzt hatten, lebten die Erntehelfer\/innen unter lebensgef\u00e4hrlichen Bedingungen: Sie teilten sich mit vielen Leuten ein Zimmer, das ihnen als Wohnunterkunft zur Verf\u00fcgung gestellt wurde. So war es f\u00fcr das Virus ein Leichtes sich auszubreiten, und es ist auch ein Erntehelfer an den Folgen der Infektion verstorben.<\/span><br \/>\n<span style=\"font-family: georgia, palatino, serif; font-size: 12pt;\"><span style=\"color: #ffffff;\">\u2026<\/span>Die Agrarindustrie k\u00fcndigt jetzt schon an, dass die Situation im Neuen Jahr auch \u00e4hnlich aussehen wird.<\/span><br \/>\n<span style=\"font-family: georgia, palatino, serif; font-size: 12pt;\"><em>Thomas Schlaack, KPD Waterkant<\/em><\/span><br \/>\n<span style=\"color: #ffffff;\">.<\/span><br \/>\n<span style=\"color: #ffffff;\">.<\/span><strong><br \/>\n<\/strong><span style=\"font-size: 14pt; font-family: georgia, palatino, serif;\"><strong>2. Januar | \u201eKnastspaziergang\u201c um die JVA Stammheim<\/strong><\/span><\/p>\n<p style=\"text-align: justify;\"><span style=\"font-family: georgia, palatino, serif; font-size: 12pt;\"><img loading=\"lazy\" class=\"size-full wp-image-7784 aligncenter\" src=\"https:\/\/rotermorgen.eu\/wp-content\/uploads\/2021\/01\/huu.jpg\" alt=\"\" width=\"666\" height=\"180\" \/><br \/>\nWie jedes Jahr an Silvester fand auch in diesem Jahr wieder der traditionelle \u201eKnastspaziergang\u201c an der JVA Stuttgart-Stammheim statt, um die Gefangenen zu gr\u00fc\u00dfen und ihnen eine kleine Ablenkung im tristen Alltag zu erm\u00f6glichen. Die Aktivist*innen teilen dazu auf Indymedia mit: \u201eBesonders wichtig auch in diesem Jahr, denn seit mehreren Monaten sitzen unsere Genossen Jo, Dy, Agit, Veysel und Martin dort in Haft. Jo und Dy werden Handgreiflichkeiten mit Faschisten vorgeworfen, die kurdischen Genossen Agit und Veysel sitzen wegen angeblicher Mitgliedschaft in der PKK und Martin aufgrund des Mietze-Verfahrens hinter den Stammheimer Knastmauern.\u201c<br \/>\n<em><span style=\"color: #ffffff;\">..<\/span>RoterMorgen <a href=\"https:\/\/rotermorgen.eu\/knastspaziergang-um-die-jva-stammheim\/\" target=\"_blank\" rel=\"noopener noreferrer\">berichtete am 2. Januar<\/a><\/em><br \/>\n<span style=\"color: #ffffff;\">.<\/span><br \/>\n<span style=\"color: #ffffff;\">.<\/span><strong><br \/>\n<\/strong><span style=\"font-size: 14pt;\"><strong>2. Januar | Die Rodung des Danni \u2013<br \/>\n150 Millionen f\u00fcr Umweltzerst\u00f6rung<\/strong><\/span><\/span><\/p>\n<div id=\"attachment_7797\" style=\"width: 672px\" class=\"wp-caption aligncenter\"><img aria-describedby=\"caption-attachment-7797\" loading=\"lazy\" class=\"size-full wp-image-7797\" src=\"https:\/\/rotermorgen.eu\/wp-content\/uploads\/2021\/01\/95.jpg\" alt=\"\" width=\"662\" height=\"190\" \/><p id=\"caption-attachment-7797\" class=\"wp-caption-text\"><span style=\"color: #808080; font-family: georgia, palatino, serif; font-size: 10pt;\">\u00a9 Sabine Leidig<\/span><\/p><\/div>\n<p style=\"text-align: justify;\"><span style=\"font-family: georgia, palatino, serif; font-size: 12pt;\">Teile des Danni (Dannenr\u00f6der Wald) wurden in den letzten Wochen und Monaten gerodet, damit eine neue Autobahn dadurch gebaut werden kann. Die Rodung des Danni zerst\u00f6rt nicht nur einen Wald, sondern ist f\u00fcr Steuerzahlerinnen und Steuerzahler extrem teuer.<\/span><br \/>\n<span style=\"font-family: georgia, palatino, serif; font-size: 12pt;\"><em><span style=\"color: #ffffff;\">..<\/span>Julius Jamal <a href=\"https:\/\/diefreiheitsliebe.de\/politik\/die-rodung-des-danni-150-millionen-euro-fuer-umwelterzerstoerung\/\" target=\"_blank\" rel=\"noopener\">berichtete auf \u00bbDie Friedensliebe\u00ab<\/a><\/em><\/span><br \/>\n<span style=\"font-family: georgia, palatino, serif; font-size: 12pt;\"><span style=\"color: #ffffff;\">.<\/span><br \/>\n<span style=\"color: #ffffff;\">.<\/span><br \/>\n<span style=\"font-size: 14pt;\"><strong>3. Januar | Am 4. Januar 2021 wird das Londoner Gericht das Urteil im US-Auslieferungsverfahren gegen den WikiLeaks-Herausgeber Julian Assange verk\u00fcnden.<\/strong><\/span><\/span><\/p>\n<p style=\"text-align: justify;\"><span style=\"font-family: georgia, palatino, serif; font-size: 12pt;\"><img loading=\"lazy\" class=\"size-full wp-image-7804 aligncenter\" src=\"https:\/\/rotermorgen.eu\/wp-content\/uploads\/2021\/01\/images.jpg\" alt=\"\" width=\"666\" height=\"180\" \/><br \/>\nDas Urteil wird nicht nur \u00fcber das Leben von Assange entscheiden, sondern auch \u00fcber die Zukunft des Journalismus. Die extraterritoriale Macht\u00fcberschreitung, die darin besteht, dass die US-Regierung einen Journalisten, der ihre Kriegsverbrechen aufgedeckt hat, unter dem Spionagegesetz anklagt, bedroht die Pressefreiheit \u00fcberall. Aus diesem Grund haben sich mittlerweile alle gro\u00dfen Medien- und Menschenrechtsorganisationen gegen das Auslieferungsverfahren gegen Assange ausgesprochen.<\/span><br \/>\n<span style=\"font-family: georgia, palatino, serif; font-size: 12pt;\"><em><span style=\"color: #ffffff;\">..<\/span>Nozomi Hayase nahm sich dem Thema <a href=\"http:\/\/www.antikrieg.com\/aktuell\/2021_01_02_dieverfolgungvonassange.htm\" target=\"_blank\" rel=\"noopener\">auf antikrieg.com an<\/a><\/em><\/span><br \/>\n<span style=\"font-family: verdana, geneva, sans-serif; font-size: 14pt;\"><span style=\"font-size: 12pt; color: #ffffff;\">.<\/span><strong><br \/>\n<\/strong><\/span><\/p>\n<p>&nbsp;<\/p>\n<p style=\"text-align: center;\"><span style=\"font-size: 10pt; font-family: verdana, geneva, sans-serif;\"><strong>Die Redaktion dankt den Volkskorrespondenten\/-innen Hosteni, Zeki, Nico,<br \/>\nKikiRebel, Rui-Filipe, Sascha, Thomas, Kalle, Fiete, Maximilian und Reinhold<br \/>\nf\u00fcr die Unterst\u00fctzung bei der Erstellung der Wochenr\u00fcckblicke.<br \/>\n<\/strong>Dieser R\u00fcckblick erhebt nicht den Anspruch auf Vollst\u00e4ndigkeit.<br \/>\nVerlinkte- und mit Namen gekennzeichnete Texte m\u00fcssen<br \/>\nnicht in allen Punkten der Meinung der Redaktionen entsprechen.<strong><br \/>\n\u00bbWochenr\u00fcckblick\u00ab ist ein Gemeinschaftsprojekt von<br \/>\n\u00bbAmericanRebel\u00ab, \u00bbKPD Zelle-Bayern\u00ab, \u00bbInfoWelt\u00ab, \u00bbKPD-LV Waterkannt\u00ab,<br \/>\nund \u00bbRoter Morgen\u00ab<br \/>\nDie Redaktion freut sich \u00fcber jede Hilfe und bittet um Texte und Hinweise an<br \/>\neMail: <a href=\"mailto:Wochenrueckblick@gmx.net\" target=\"_blank\" rel=\"noopener noreferrer\">Wochenrueckblick@gmx.net<\/a><br \/>\nRedaktionsschluss: Jeden Sonntag 1:00 Uhr<br \/>\n<span style=\"color: #ffffff;\">.<\/span><strong><br \/>\n<\/strong><\/strong><\/span><\/p>\n<p>&nbsp;<\/p>\n<blockquote>\n<table width=\"100%\" align=\"center\">\n<tbody>\n<tr>\n<td>\n<form action=\"https:\/\/www.paypal.com\/cgi-bin\/webscr\" method=\"post\" target=\"_top\"><input alt=\"Jetzt einfach, schnell und sicher online bezahlen \u2013 mit PayPal.\" name=\"submit\" src=\"https:\/\/www.paypalobjects.com\/de_DE\/DE\/i\/btn\/btn_donateCC_LG.gif\" type=\"image\" \/><\/form>\n<\/td>\n<td><span style=\"color: #993300;\"><strong>Auch linker Journalismus ist nicht kostenlos<br \/>\nund auch kleine Spenden k\u00f6nnen helfen Gro\u00dfes zu ver\u00f6ffentlichen!<\/strong><\/span><\/td>\n<\/tr>\n<\/tbody>\n<\/table>\n<div style=\"margin-left: 10px;\"><a title=\"zur Startseite\" href=\"http:\/\/www.americanrebel.de\/\"><img loading=\"lazy\" class=\"alignleft\" src=\"http:\/\/www.deanreed.de\/AmericanRebel\/2017\/wp-content\/uploads\/2017\/03\/back_ar.png\" alt=\"zur\u00fcck zur Startseite\" width=\"156\" height=\"15\" \/><\/a><\/div>\n<div style=\"margin-right: 10px;\"><a href=\"https:\/\/www.facebook.com\/groups\/1683837971860223\/permalink\/1987214344855916\/\" target=\"_blank\" rel=\"noopener noreferrer\"><img loading=\"lazy\" class=\"alignright\" src=\"http:\/\/www.deanreed.de\/AmericanRebel\/2017\/wp-content\/uploads\/2017\/03\/ar_zu_fb.png\" alt=\"hier geht es zur Facebook Diskussionsgruppe\" width=\"353\" height=\"15\" \/><\/a><\/div>\n<p style=\"text-align: center;\"><a href=\"#respond\" target=\"_blank\" rel=\"noopener noreferrer\"><img loading=\"lazy\" class=\"aligncenter\" src=\"http:\/\/www.deanreed.de\/AmericanRebel\/2017\/wp-content\/uploads\/2017\/03\/ar_kommentar-1.png\" alt=\"Sag uns deine Meinung zum Artikel mit einem Kommentar\/Leserbrief\" width=\"627\" height=\"20\" \/><\/a><\/p>\n<\/blockquote>\n<p><\/div><!-- .hide-this-part --><\/div><!-- hide-this-part-wrap --><\/p>\n","protected":false},"excerpt":{"rendered":"<p>Zur\u00fcckblickend auf die letzten Tage sind uns einige kommentierbare Vorkommnisse ins Auge gefallen, die wir hier zur Diskussion stellen. (Kommis bitte unten eintragen!) .. . 28. Dezember | N\u00fcrnberg: Ins Gef\u00e4ngnis f\u00fcr Anschreien der Polizei Im Oktober verurteilte das N\u00fcrnberger [&hellip;]<a class=\"more-link\" href=\"https:\/\/www.deanreed.de\/AmericanRebel\/2017\/2021\/01\/03\/wochenrueckblick-53-kw-2020\/\">&darr; Lese den Rest von diesem Eintrag&#8230;<\/a><\/p>\n","protected":false},"author":2,"featured_media":0,"comment_status":"open","ping_status":"open","sticky":false,"template":"","format":"standard","meta":[],"categories":[1],"tags":[748,4864,2594,8,4865,4787,4728,4866,4790,3939,4729,4730,4867,4868,4791,2021,4731,4869,2225,4870,4601,1329,4734,4011,4736],"yoast_head":"<!-- This site is optimized with the Yoast SEO plugin v17.5 - https:\/\/yoast.com\/wordpress\/plugins\/seo\/ -->\n<title>- Wochenr\u00fcckblick 53. KW 2020 &ndash; Onlinezeitung AmericanRebel<\/title>\n<meta name=\"robots\" content=\"index, follow, max-snippet:-1, max-image-preview:large, max-video-preview:-1\" \/>\n<link rel=\"canonical\" href=\"https:\/\/www.deanreed.de\/AmericanRebel\/2017\/2021\/01\/03\/wochenrueckblick-53-kw-2020\/\" \/>\n<meta property=\"og:locale\" content=\"de_DE\" \/>\n<meta property=\"og:type\" content=\"article\" \/>\n<meta property=\"og:title\" content=\"- Wochenr\u00fcckblick 53. KW 2020 &ndash; Onlinezeitung AmericanRebel\" \/>\n<meta property=\"og:description\" content=\"Zur\u00fcckblickend auf die letzten Tage sind uns einige kommentierbare Vorkommnisse ins Auge gefallen, die wir hier zur Diskussion stellen.\" \/>\n<meta property=\"og:url\" content=\"https:\/\/www.deanreed.de\/AmericanRebel\/2017\/2021\/01\/03\/wochenrueckblick-53-kw-2020\/\" \/>\n<meta property=\"og:site_name\" content=\"Onlinezeitung AmericanRebel\" \/>\n<meta property=\"article:published_time\" content=\"2021-01-03T22:58:53+00:00\" \/>\n<meta property=\"article:modified_time\" content=\"2021-01-24T18:51:18+00:00\" \/>\n<meta property=\"og:image\" content=\"https:\/\/www.deanreed.de\/AmericanRebel\/2017\/wp-content\/uploads\/2020\/12\/3-Kopie.png\" \/>\n\t<meta property=\"og:image:width\" content=\"640\" \/>\n\t<meta property=\"og:image:height\" content=\"460\" \/>\n<meta name=\"twitter:card\" content=\"summary_large_image\" \/>\n<meta name=\"twitter:label1\" content=\"Verfasst von\" \/>\n\t<meta name=\"twitter:data1\" content=\"Redaktion\" \/>\n\t<meta name=\"twitter:label2\" content=\"Gesch\u00e4tzte Lesezeit\" \/>\n\t<meta name=\"twitter:data2\" content=\"6\u00a0Minuten\" \/>\n<script type=\"application\/ld+json\" class=\"yoast-schema-graph\">{\"@context\":\"https:\/\/schema.org\",\"@graph\":[{\"@type\":\"WebSite\",\"@id\":\"https:\/\/www.deanreed.de\/AmericanRebel\/2017\/#website\",\"url\":\"https:\/\/www.deanreed.de\/AmericanRebel\/2017\/\",\"name\":\"Onlinezeitung AmericanRebel\",\"description\":\"Internationale Onlinezeitung f\\u00fcr Frieden, Humanismus, V\\u00f6lkerverst\\u00e4ndigung und Kultur\",\"potentialAction\":[{\"@type\":\"SearchAction\",\"target\":{\"@type\":\"EntryPoint\",\"urlTemplate\":\"https:\/\/www.deanreed.de\/AmericanRebel\/2017\/?s={search_term_string}\"},\"query-input\":\"required name=search_term_string\"}],\"inLanguage\":\"de\"},{\"@type\":\"ImageObject\",\"@id\":\"https:\/\/www.deanreed.de\/AmericanRebel\/2017\/2021\/01\/03\/wochenrueckblick-53-kw-2020\/#primaryimage\",\"inLanguage\":\"de\",\"url\":\"https:\/\/www.deanreed.de\/AmericanRebel\/2017\/wp-content\/uploads\/2020\/12\/3-Kopie.png\",\"contentUrl\":\"https:\/\/www.deanreed.de\/AmericanRebel\/2017\/wp-content\/uploads\/2020\/12\/3-Kopie.png\",\"width\":640,\"height\":460},{\"@type\":\"WebPage\",\"@id\":\"https:\/\/www.deanreed.de\/AmericanRebel\/2017\/2021\/01\/03\/wochenrueckblick-53-kw-2020\/#webpage\",\"url\":\"https:\/\/www.deanreed.de\/AmericanRebel\/2017\/2021\/01\/03\/wochenrueckblick-53-kw-2020\/\",\"name\":\"- Wochenr\\u00fcckblick 53. KW 2020 &ndash; Onlinezeitung AmericanRebel\",\"isPartOf\":{\"@id\":\"https:\/\/www.deanreed.de\/AmericanRebel\/2017\/#website\"},\"primaryImageOfPage\":{\"@id\":\"https:\/\/www.deanreed.de\/AmericanRebel\/2017\/2021\/01\/03\/wochenrueckblick-53-kw-2020\/#primaryimage\"},\"datePublished\":\"2021-01-03T22:58:53+00:00\",\"dateModified\":\"2021-01-24T18:51:18+00:00\",\"author\":{\"@id\":\"https:\/\/www.deanreed.de\/AmericanRebel\/2017\/#\/schema\/person\/9edfca7917cd10b75edaae51c6e7935a\"},\"breadcrumb\":{\"@id\":\"https:\/\/www.deanreed.de\/AmericanRebel\/2017\/2021\/01\/03\/wochenrueckblick-53-kw-2020\/#breadcrumb\"},\"inLanguage\":\"de\",\"potentialAction\":[{\"@type\":\"ReadAction\",\"target\":[\"https:\/\/www.deanreed.de\/AmericanRebel\/2017\/2021\/01\/03\/wochenrueckblick-53-kw-2020\/\"]}]},{\"@type\":\"BreadcrumbList\",\"@id\":\"https:\/\/www.deanreed.de\/AmericanRebel\/2017\/2021\/01\/03\/wochenrueckblick-53-kw-2020\/#breadcrumb\",\"itemListElement\":[{\"@type\":\"ListItem\",\"position\":1,\"name\":\"Startseite\",\"item\":\"https:\/\/www.deanreed.de\/AmericanRebel\/2017\/\"},{\"@type\":\"ListItem\",\"position\":2,\"name\":\"&#8211; Wochenr\\u00fcckblick 53. KW 2020\"}]},{\"@type\":\"Person\",\"@id\":\"https:\/\/www.deanreed.de\/AmericanRebel\/2017\/#\/schema\/person\/9edfca7917cd10b75edaae51c6e7935a\",\"name\":\"Redaktion\",\"url\":\"https:\/\/www.deanreed.de\/AmericanRebel\/2017\/author\/redaktion\/\"}]}<\/script>\n<!-- \/ Yoast SEO plugin. -->","yoast_head_json":{"title":"- Wochenr\u00fcckblick 53. KW 2020 &ndash; Onlinezeitung AmericanRebel","robots":{"index":"index","follow":"follow","max-snippet":"max-snippet:-1","max-image-preview":"max-image-preview:large","max-video-preview":"max-video-preview:-1"},"canonical":"https:\/\/www.deanreed.de\/AmericanRebel\/2017\/2021\/01\/03\/wochenrueckblick-53-kw-2020\/","og_locale":"de_DE","og_type":"article","og_title":"- Wochenr\u00fcckblick 53. KW 2020 &ndash; Onlinezeitung AmericanRebel","og_description":"Zur\u00fcckblickend auf die letzten Tage sind uns einige kommentierbare Vorkommnisse ins Auge gefallen, die wir hier zur Diskussion stellen.","og_url":"https:\/\/www.deanreed.de\/AmericanRebel\/2017\/2021\/01\/03\/wochenrueckblick-53-kw-2020\/","og_site_name":"Onlinezeitung AmericanRebel","article_published_time":"2021-01-03T22:58:53+00:00","article_modified_time":"2021-01-24T18:51:18+00:00","og_image":[{"width":640,"height":460,"url":"https:\/\/www.deanreed.de\/AmericanRebel\/2017\/wp-content\/uploads\/2020\/12\/3-Kopie.png","type":"image\/png"}],"twitter_card":"summary_large_image","twitter_misc":{"Verfasst von":"Redaktion","Gesch\u00e4tzte Lesezeit":"6\u00a0Minuten"},"schema":{"@context":"https:\/\/schema.org","@graph":[{"@type":"WebSite","@id":"https:\/\/www.deanreed.de\/AmericanRebel\/2017\/#website","url":"https:\/\/www.deanreed.de\/AmericanRebel\/2017\/","name":"Onlinezeitung AmericanRebel","description":"Internationale Onlinezeitung f\u00fcr Frieden, Humanismus, V\u00f6lkerverst\u00e4ndigung und Kultur","potentialAction":[{"@type":"SearchAction","target":{"@type":"EntryPoint","urlTemplate":"https:\/\/www.deanreed.de\/AmericanRebel\/2017\/?s={search_term_string}"},"query-input":"required name=search_term_string"}],"inLanguage":"de"},{"@type":"ImageObject","@id":"https:\/\/www.deanreed.de\/AmericanRebel\/2017\/2021\/01\/03\/wochenrueckblick-53-kw-2020\/#primaryimage","inLanguage":"de","url":"https:\/\/www.deanreed.de\/AmericanRebel\/2017\/wp-content\/uploads\/2020\/12\/3-Kopie.png","contentUrl":"https:\/\/www.deanreed.de\/AmericanRebel\/2017\/wp-content\/uploads\/2020\/12\/3-Kopie.png","width":640,"height":460},{"@type":"WebPage","@id":"https:\/\/www.deanreed.de\/AmericanRebel\/2017\/2021\/01\/03\/wochenrueckblick-53-kw-2020\/#webpage","url":"https:\/\/www.deanreed.de\/AmericanRebel\/2017\/2021\/01\/03\/wochenrueckblick-53-kw-2020\/","name":"- Wochenr\u00fcckblick 53. KW 2020 &ndash; Onlinezeitung AmericanRebel","isPartOf":{"@id":"https:\/\/www.deanreed.de\/AmericanRebel\/2017\/#website"},"primaryImageOfPage":{"@id":"https:\/\/www.deanreed.de\/AmericanRebel\/2017\/2021\/01\/03\/wochenrueckblick-53-kw-2020\/#primaryimage"},"datePublished":"2021-01-03T22:58:53+00:00","dateModified":"2021-01-24T18:51:18+00:00","author":{"@id":"https:\/\/www.deanreed.de\/AmericanRebel\/2017\/#\/schema\/person\/9edfca7917cd10b75edaae51c6e7935a"},"breadcrumb":{"@id":"https:\/\/www.deanreed.de\/AmericanRebel\/2017\/2021\/01\/03\/wochenrueckblick-53-kw-2020\/#breadcrumb"},"inLanguage":"de","potentialAction":[{"@type":"ReadAction","target":["https:\/\/www.deanreed.de\/AmericanRebel\/2017\/2021\/01\/03\/wochenrueckblick-53-kw-2020\/"]}]},{"@type":"BreadcrumbList","@id":"https:\/\/www.deanreed.de\/AmericanRebel\/2017\/2021\/01\/03\/wochenrueckblick-53-kw-2020\/#breadcrumb","itemListElement":[{"@type":"ListItem","position":1,"name":"Startseite","item":"https:\/\/www.deanreed.de\/AmericanRebel\/2017\/"},{"@type":"ListItem","position":2,"name":"&#8211; Wochenr\u00fcckblick 53. KW 2020"}]},{"@type":"Person","@id":"https:\/\/www.deanreed.de\/AmericanRebel\/2017\/#\/schema\/person\/9edfca7917cd10b75edaae51c6e7935a","name":"Redaktion","url":"https:\/\/www.deanreed.de\/AmericanRebel\/2017\/author\/redaktion\/"}]}},"_links":{"self":[{"href":"https:\/\/www.deanreed.de\/AmericanRebel\/2017\/wp-json\/wp\/v2\/posts\/26421"}],"collection":[{"href":"https:\/\/www.deanreed.de\/AmericanRebel\/2017\/wp-json\/wp\/v2\/posts"}],"about":[{"href":"https:\/\/www.deanreed.de\/AmericanRebel\/2017\/wp-json\/wp\/v2\/types\/post"}],"author":[{"embeddable":true,"href":"https:\/\/www.deanreed.de\/AmericanRebel\/2017\/wp-json\/wp\/v2\/users\/2"}],"replies":[{"embeddable":true,"href":"https:\/\/www.deanreed.de\/AmericanRebel\/2017\/wp-json\/wp\/v2\/comments?post=26421"}],"version-history":[{"count":24,"href":"https:\/\/www.deanreed.de\/AmericanRebel\/2017\/wp-json\/wp\/v2\/posts\/26421\/revisions"}],"predecessor-version":[{"id":26562,"href":"https:\/\/www.deanreed.de\/AmericanRebel\/2017\/wp-json\/wp\/v2\/posts\/26421\/revisions\/26562"}],"wp:attachment":[{"href":"https:\/\/www.deanreed.de\/AmericanRebel\/2017\/wp-json\/wp\/v2\/media?parent=26421"}],"wp:term":[{"taxonomy":"category","embeddable":true,"href":"https:\/\/www.deanreed.de\/AmericanRebel\/2017\/wp-json\/wp\/v2\/categories?post=26421"},{"taxonomy":"post_tag","embeddable":true,"href":"https:\/\/www.deanreed.de\/AmericanRebel\/2017\/wp-json\/wp\/v2\/tags?post=26421"}],"curies":[{"name":"wp","href":"https:\/\/api.w.org\/{rel}","templated":true}]}}