{"id":25645,"date":"2020-08-01T22:25:42","date_gmt":"2020-08-01T20:25:42","guid":{"rendered":"http:\/\/www.deanreed.de\/AmericanRebel\/2017\/?p=25645"},"modified":"2020-08-01T22:29:39","modified_gmt":"2020-08-01T20:29:39","slug":"uno-grundeinkommen-fuer-mehr-als-ein-drittel-der-weltbevoelkerung","status":"publish","type":"post","link":"https:\/\/www.deanreed.de\/AmericanRebel\/2017\/2020\/08\/01\/uno-grundeinkommen-fuer-mehr-als-ein-drittel-der-weltbevoelkerung\/","title":{"rendered":"&#8211; UNO: Grundeinkommen f\u00fcr mehr als ein Drittel der Weltbev\u00f6lkerung"},"content":{"rendered":"<h4>Rui Filipe Gutschmidt<\/h4>\n<h2><strong>UNO: Grundeinkommen f\u00fcr mehr als<br \/>\nein Drittel der Weltbev\u00f6lkerung<br \/>\n<\/strong><\/h2>\n<div id=\"attachment_8722\" style=\"width: 110px\" class=\"wp-caption alignleft\"><img aria-describedby=\"caption-attachment-8722\" loading=\"lazy\" class=\"size-full wp-image-8722\" src=\"http:\/\/www.deanreed.de\/AmericanRebel\/2017\/wp-content\/uploads\/2037\/12\/Rui_Gutschmidt.jpg\" alt=\"\" width=\"100\" height=\"150\" \/><p id=\"caption-attachment-8722\" class=\"wp-caption-text\"><span style=\"color: #808080;\">Rui Filipe Gutschmidt<\/span><\/p><\/div>\n<p style=\"text-align: justify;\"><strong>Ein Grundeinkommen f\u00fcr 2,7 Milliarden Menschen in 132 L\u00e4ndern w\u00fcrde 199 Milliarden Dollar pro Monat kosten. Die UN sagt, dass diese Summe angesichts der Ersparnis, die das GE bei der Eind\u00e4mmung der COVID-19 Pandemie erzeugt, durchaus bezahlbar w\u00e4re. Doch was halten die Bankster und der internationale Geldadel von dieser Idee? Was bringt dieser Plan konkret f\u00fcr diese Menschen?<\/strong><\/p>\n<p style=\"text-align: justify;\">Die Vereinten Nationen schlugen die sofortige Einf\u00fchrung eines Grundeinkommens oder eines vor\u00fcbergehenden Mindesteinkommens f\u00fcr rund 2,7 Milliarden Menschen &#8211; mehr als ein Drittel der Weltbev\u00f6lkerung &#8211; vor, die unterhalb oder sehr nahe an der Armutsgrenze leben, um die finanziellen Auswirkungen der Coronavirus-Pandemie einzud\u00e4mmen.<\/p>\n<p style=\"text-align: justify;\"><span style=\"color: #000000;\">Laut dem Entwicklungsprogramm der Vereinten Nationen (UNDP) besteht die Idee darin, dass die Bev\u00f6lkerung in den Entwicklungsl\u00e4ndern mit Hilfe dieser Ressourcen Quarant\u00e4nen und Distanzierungsma\u00dfnahmen einhalten k\u00f6nnen.<\/span><\/p>\n<p style=\"text-align: justify;\">In einem Bericht berechnet das UNDP, dass es etwa 199 Milliarden US-Dollar pro Monat kosten w\u00fcrde, um 2,7 Milliarden Menschen in insgesamt 132 L\u00e4ndern dieses Grundeinkommen zur Verf\u00fcgung zu stellen. Dies ist ein gro\u00dfer Betrag, der jedoch \u201eangesichts der gesundheitlichen Notsituation die unsere Welt derzeit durchlebt, insbesondere f\u00fcr die betroffenen Staaten, als akzeptabel erachtet wird\u201c.<\/p>\n<p style=\"text-align: justify;\">Doch man muss deutlich machen, dass es hier keineswegs um soziale Gerechtigkeit geht. Die Wirtschaftsbosse in aller Welt sorgen sich um ihre Absatzm\u00e4rkte.<br \/>\n<span style=\"color: #ffffff;\">.<\/span><br \/>\n<strong>Beispiellose Zeiten, beispiellose Ma\u00dfnahmen<\/strong><\/p>\n<div id=\"attachment_25647\" style=\"width: 337px\" class=\"wp-caption alignright\"><img aria-describedby=\"caption-attachment-25647\" loading=\"lazy\" class=\" wp-image-25647\" src=\"http:\/\/www.deanreed.de\/AmericanRebel\/2017\/wp-content\/uploads\/2020\/08\/eeer-300x169.jpg\" alt=\"\" width=\"327\" height=\"184\" srcset=\"https:\/\/www.deanreed.de\/AmericanRebel\/2017\/wp-content\/uploads\/2020\/08\/eeer-300x169.jpg 300w, https:\/\/www.deanreed.de\/AmericanRebel\/2017\/wp-content\/uploads\/2020\/08\/eeer.jpg 678w\" sizes=\"(max-width: 327px) 100vw, 327px\" \/><p id=\"caption-attachment-25647\" class=\"wp-caption-text\"><span style=\"color: #808080;\">Die Fahne der Vereinten Nationen &#8211; Bild von Sanjitbakshi &#8211; flickr.com CC BY 2.0<\/span><\/p><\/div>\n<p style=\"text-align: justify;\">&#8222;Beispiellose Zeiten erfordern beispiellose soziale und wirtschaftliche Ma\u00dfnahmen. Die Einf\u00fchrung eines <em>vor\u00fcbergehenden<\/em> Grundeinkommens f\u00fcr die \u00e4rmsten Menschen der Welt hat sich als Option herausgestellt. Dies schien noch vor wenigen Monaten unm\u00f6glich zu sein&#8220;, sagte der Agenturadministrator Achim Steiner.<\/p>\n<p style=\"text-align: justify;\">Die Studie weist darauf hin, dass sich bereits mehrere L\u00e4nder f\u00fcr Ma\u00dfnahmen in dieser Richtung entschieden haben, darunter &#8222;wohlhabende Staaten&#8220; wie Spanien, die im Juni ein lebenswichtiges Mindesteinkommen genehmigten, das Hunderttausenden von Familien zugute kommt, und andere mit weniger Ressourcen, wie Togo, dass dies ebenfalls getan hat. F\u00fcr 12% der Bev\u00f6lkerung l\u00e4uft dort ein Hilfsprogramm.<\/p>\n<p style=\"text-align: justify;\">Viele andere L\u00e4nder haben beschlossen, die bereits von ihren Sozialschutzsystemen angebotenen Leistungen zu erweitern. Diese Ma\u00dfnahme kollidiert h\u00e4ufig mit dem Problem, dass sich viele der am st\u00e4rksten gef\u00e4hrdeten B\u00fcrger au\u00dferhalb dieser Systeme befinden, da sie beispielsweise informelle Arbeitnehmer, unbezahlte oder irregul\u00e4re Einwanderer sind. Die USA geh\u00f6ren zu diesen Staaten, was nicht weiter \u00fcberraschend ist. <div class=\"hide-this-part-wrap\"><div class=\"hide-this-part-more\" id=\"hide-this-part-0\" morelink-text=\"hier geht es weiter\">hier geht es weiter \u00bb<\/div><div class=\"hide-this-part\" status=\"invisible\"><\/p>\n<p style=\"text-align: justify;\"><strong>Die Vereinten Nationen \u2013 eine Organisation ohne Einfluss, ohne Macht!<\/strong><\/p>\n<p style=\"text-align: justify;\">Der UNDP-Vorschlag soll Programme umfassen, die die gesamte bed\u00fcrftige Bev\u00f6lkerung in der Zeit der Krise abdeckt.<\/p>\n<p style=\"text-align: justify;\">&#8222;Wir glauben, dass zu diesem Zeitpunkt in Bezug auf die Pandemie sozio\u00f6konomische und gesundheitliche Aspekte zusammengef\u00fchrt werden m\u00fcssen und dass dies ein Instrument ist, das n\u00fctzlich sein kann, um die Ausbreitung des Virus zu stoppen&#8220;, erkl\u00e4rte George Gray Molina, einer der Autoren des Berichts.<\/p>\n<p style=\"text-align: justify;\">Gray Molina betonte, dass einer der Gr\u00fcnde, warum COVID-19 weiterhin an Boden gewinnt, die Tatsache ist, dass viele Arbeitnehmer gezwungen sind, ihre Aktivit\u00e4ten fortzusetzen und sich wiederholt einer m\u00f6glichen Ansteckung aussetzen, um zu \u00fcberleben.<\/p>\n<p style=\"text-align: justify;\">&#8222;Rettungspakete und Sanierungspl\u00e4ne k\u00f6nnen sich nicht nur auf gro\u00dfe M\u00e4rkte und Gro\u00dfunternehmen konzentrieren. Ein <em>vor\u00fcbergehendes<\/em> Grundeinkommen k\u00f6nnte es den Regierungen erm\u00f6glichen, Menschen in Not eine finanzielle Rettungsleine zu geben und Geld in die lokale Wirtschaft zu stecken, um das \u00dcberleben von Kleinunternehmen zu sichern und die verheerende Expansion von COVID-19 zu verlangsamen&#8220;, sagte Achim Steiner.<br \/>\n<span style=\"color: #ffffff;\">.<\/span><br \/>\n<strong>Was wird konkret vorgeschlagen?<\/strong><\/p>\n<p style=\"text-align: justify;\">Das UNDP macht geltend, dass der Vorschlag f\u00fcr die Staaten akzeptabel sei, und bietet daf\u00fcr unterschiedliche Formeln hinsichtlich der H\u00f6he und Dauer &#8211; drei, sechs oder neun Monate &#8211; und schlie\u00dflich der Art und Weise, wie sie gezahlt werden k\u00f6nnte an.<\/p>\n<p style=\"text-align: justify;\">So werden beispielsweise Zahlungen vorgeschlagen, mit denen die gesamte Bev\u00f6lkerung \u00fcber die verschiedenen Schwachstellengrenzen gestellt wird, die von 3,20 USD pro Tag in Afrika s\u00fcdlich der Sahara oder in S\u00fcdasien, aber Beihilfe\u00a0auf 13 USD pro Tag in einigen Regionen Europas und Zentralasiens steigen w\u00fcrden. F\u00fcr Lateinamerika und die Karibik liegt der Wert irgendwo dazwischen.<\/p>\n<p style=\"text-align: justify;\">Weitere Optionen w\u00e4ren Transfers, die der H\u00e4lfte des durchschnittlichen Haushaltseinkommens eines jeden Landes entsprechen oder eine Zahlung in H\u00f6he von 5,50 USD pro Tag. Die Kosten hierf\u00fcr k\u00f6nnten, so die UN, durch die Aussetzung der f\u00fcr dieses Jahr anstehenden Tilgung von Schulden kommen. Die G20 hatten sich anl\u00e4sslich der Pandemie bereits auf ein Moratorium f\u00fcr die \u00e4rmsten L\u00e4nder geeinigt, wobei die Vereinten Nationen jetzt darauf bestehen, es auf entwickelnde Volkswirtschaften ausdehnen muss, um der Pandemie Einhalt zu gebieten.<br \/>\n<span style=\"color: #ffffff;\">.<\/span><br \/>\n\u2026 <strong>und was soll dieser Unfug?<\/strong><\/p>\n<p style=\"text-align: justify;\">Die UN hat aber auch seltsame Vorschl\u00e4ge gemacht. Sie schl\u00e4gt beispielsweise die Wiederverwendung von Subventionen f\u00fcr fossile Brennstoffe oder Milit\u00e4rausgaben vor und r\u00e4umt ein, dass administrative und politische Schwierigkeiten \u00fcberwunden werden m\u00fcssen, um dieses Projekt Wirklichkeit werden zu lassen.<\/p>\n<p style=\"text-align: justify;\">WAS f\u00fcr ein UN-fug! Seit langem vermute ich, dass die m\u00e4chtigsten Organisationen der Welt die Energie- und Rohstofflobby der USA und das US-Milit\u00e4r und die R\u00fcstungsindustrie sind.<\/p>\n<p style=\"text-align: justify;\">Die Macht der Neoliberalen und des Kapitals beruht auf der Armut der breiten Masse. Wenn die Abh\u00e4ngigkeit vom Hungerlohn der internationalen Gro\u00dfkonzerne und Konsortien durch ein BGE gemindert wird, dann verliert der alles dominierende Geldadel an Macht. Dies wird sicher nicht ohne weiteres hingenommen.<\/p>\n<p style=\"text-align: justify;\">Kleine Betr\u00e4ge werden hier also als \u201eGrundeinkommen\u201c dargestellt und dann soll es auch noch auf ein paar Monate begrenzt werden.<\/p>\n<div id=\"sdfootnote12\">\n<p><span style=\"font-size: 10pt;\"><br \/>\nErstver\u00f6ffentlichung ham 31. August 2020\u00a0 in unserer Partnerzeitung <a href=\"http:\/\/www.Info-Welt.eu\" target=\"_blank\" rel=\"noopener noreferrer\">INFO-WELT<\/a>. <\/span><br \/>\n<span style=\"color: #ffffff;\">.<\/span><br \/>\n<span style=\"font-size: 10pt;\"><a href=\"http:\/\/www.deanreed.de\/AmericanRebel\/2017\/?cat=122\" target=\"_blank\" rel=\"noopener noreferrer\">Weitere Artikel von Rui Filipe Gutschmidt<\/a><\/span><br \/>\n<span style=\"color: #ffffff;\">.<\/span><\/p>\n<\/div>\n<blockquote>\n<p style=\"text-align: center;\"><span style=\"font-size: 10pt; color: #000000;\">F\u00fcr den Inhalt dieses Artikels ist der Autor bzw. die Autorin verantwortlich.<br \/>\nDabei muss es sich nicht grunds\u00e4tzlich um die Meinung der Redaktion handeln.<\/span><\/p>\n<table width=\"100%\" align=\"center\">\n<tbody>\n<tr>\n<td>\n<form action=\"https:\/\/www.paypal.com\/cgi-bin\/webscr\" method=\"post\" target=\"_top\"><input alt=\"Jetzt einfach, schnell und sicher online bezahlen \u2013 mit PayPal.\" name=\"submit\" src=\"https:\/\/www.paypalobjects.com\/de_DE\/DE\/i\/btn\/btn_donateCC_LG.gif\" type=\"image\" \/><\/form>\n<\/td>\n<td><span style=\"color: #993300;\"><strong>Auch linker Journalismus ist nicht kostenlos<br \/>\nund auch kleine Spenden k\u00f6nnen helfen Gro\u00dfes zu ver\u00f6ffentlichen!<\/strong><\/span><\/td>\n<\/tr>\n<\/tbody>\n<\/table>\n<div style=\"margin-left: 10px;\"><a title=\"zur Startseite\" href=\"http:\/\/www.americanrebel.de\/\"><img loading=\"lazy\" class=\"alignleft\" src=\"http:\/\/www.deanreed.de\/AmericanRebel\/2017\/wp-content\/uploads\/2017\/03\/back_ar.png\" alt=\"zur\u00fcck zur Startseite\" width=\"156\" height=\"15\" \/><\/a><\/div>\n<div style=\"margin-right: 10px;\"><a href=\"https:\/\/www.facebook.com\/groups\/1683837971860223\/permalink\/1987214344855916\/\" target=\"_blank\" rel=\"noopener noreferrer\"><img loading=\"lazy\" class=\"alignright\" src=\"http:\/\/www.deanreed.de\/AmericanRebel\/2017\/wp-content\/uploads\/2017\/03\/ar_zu_fb.png\" alt=\"hier geht es zur Facebook Diskussionsgruppe\" width=\"353\" height=\"15\" \/><\/a><\/div>\n<p style=\"text-align: center;\"><a href=\"#respond\" target=\"_blank\" rel=\"noopener noreferrer\"><img loading=\"lazy\" class=\"aligncenter\" src=\"http:\/\/www.deanreed.de\/AmericanRebel\/2017\/wp-content\/uploads\/2017\/03\/ar_kommentar-1.png\" alt=\"Sag uns deine Meinung zum Artikel mit einem Kommentar\/Leserbrief\" width=\"627\" height=\"20\" \/><\/a><\/p>\n<\/blockquote>\n<p><\/div><!-- .hide-this-part --><\/div><!-- hide-this-part-wrap --><\/p>\n","protected":false},"excerpt":{"rendered":"<p>Rui Filipe Gutschmidt UNO: Grundeinkommen f\u00fcr mehr als ein Drittel der Weltbev\u00f6lkerung Ein Grundeinkommen f\u00fcr 2,7 Milliarden Menschen in 132 L\u00e4ndern w\u00fcrde 199 Milliarden Dollar pro Monat kosten. Die UN sagt, dass diese Summe angesichts der Ersparnis, die das GE [&hellip;]<a class=\"more-link\" href=\"https:\/\/www.deanreed.de\/AmericanRebel\/2017\/2020\/08\/01\/uno-grundeinkommen-fuer-mehr-als-ein-drittel-der-weltbevoelkerung\/\">&darr; Lese den Rest von diesem Eintrag&#8230;<\/a><\/p>\n","protected":false},"author":2,"featured_media":0,"comment_status":"open","ping_status":"open","sticky":false,"template":"","format":"standard","meta":[],"categories":[1],"tags":[4744,4745,748,1409,4746,4747,4748,4387,4749,4750,4751,4362,4752,4753,4754,521,4755,1288,4756,4757,430,2405],"yoast_head":"<!-- This site is optimized with the Yoast SEO plugin v17.5 - https:\/\/yoast.com\/wordpress\/plugins\/seo\/ -->\n<title>- UNO: Grundeinkommen f\u00fcr mehr als ein Drittel der Weltbev\u00f6lkerung &ndash; Onlinezeitung AmericanRebel<\/title>\n<meta name=\"robots\" content=\"index, follow, max-snippet:-1, max-image-preview:large, max-video-preview:-1\" \/>\n<link rel=\"canonical\" href=\"https:\/\/www.deanreed.de\/AmericanRebel\/2017\/2020\/08\/01\/uno-grundeinkommen-fuer-mehr-als-ein-drittel-der-weltbevoelkerung\/\" \/>\n<meta property=\"og:locale\" content=\"de_DE\" \/>\n<meta property=\"og:type\" content=\"article\" \/>\n<meta property=\"og:title\" content=\"- UNO: Grundeinkommen f\u00fcr mehr als ein Drittel der Weltbev\u00f6lkerung &ndash; Onlinezeitung AmericanRebel\" \/>\n<meta property=\"og:description\" content=\"Rui Filipe Gutschmidt UNO: Grundeinkommen f\u00fcr mehr als ein Drittel der Weltbev\u00f6lkerung Ein Grundeinkommen f\u00fcr 2,7 Milliarden Menschen in 132 L\u00e4ndern w\u00fcrde 199 Milliarden Dollar pro Monat kosten. Die UN sagt, dass diese Summe angesichts der Ersparnis, die das GE [&hellip;]&darr; Lese den Rest von diesem Eintrag...\" \/>\n<meta property=\"og:url\" content=\"https:\/\/www.deanreed.de\/AmericanRebel\/2017\/2020\/08\/01\/uno-grundeinkommen-fuer-mehr-als-ein-drittel-der-weltbevoelkerung\/\" \/>\n<meta property=\"og:site_name\" content=\"Onlinezeitung AmericanRebel\" \/>\n<meta property=\"article:published_time\" content=\"2020-08-01T20:25:42+00:00\" \/>\n<meta property=\"article:modified_time\" content=\"2020-08-01T20:29:39+00:00\" \/>\n<meta property=\"og:image\" content=\"https:\/\/www.deanreed.de\/AmericanRebel\/2017\/wp-content\/uploads\/2020\/08\/eeer.jpg\" \/>\n\t<meta property=\"og:image:width\" content=\"678\" \/>\n\t<meta property=\"og:image:height\" content=\"381\" \/>\n<meta name=\"twitter:card\" content=\"summary_large_image\" \/>\n<meta name=\"twitter:label1\" content=\"Verfasst von\" \/>\n\t<meta name=\"twitter:data1\" content=\"Redaktion\" \/>\n\t<meta name=\"twitter:label2\" content=\"Gesch\u00e4tzte Lesezeit\" \/>\n\t<meta name=\"twitter:data2\" content=\"5\u00a0Minuten\" \/>\n<script type=\"application\/ld+json\" class=\"yoast-schema-graph\">{\"@context\":\"https:\/\/schema.org\",\"@graph\":[{\"@type\":\"WebSite\",\"@id\":\"https:\/\/www.deanreed.de\/AmericanRebel\/2017\/#website\",\"url\":\"https:\/\/www.deanreed.de\/AmericanRebel\/2017\/\",\"name\":\"Onlinezeitung AmericanRebel\",\"description\":\"Internationale Onlinezeitung f\\u00fcr Frieden, Humanismus, V\\u00f6lkerverst\\u00e4ndigung und Kultur\",\"potentialAction\":[{\"@type\":\"SearchAction\",\"target\":{\"@type\":\"EntryPoint\",\"urlTemplate\":\"https:\/\/www.deanreed.de\/AmericanRebel\/2017\/?s={search_term_string}\"},\"query-input\":\"required name=search_term_string\"}],\"inLanguage\":\"de\"},{\"@type\":\"ImageObject\",\"@id\":\"https:\/\/www.deanreed.de\/AmericanRebel\/2017\/2020\/08\/01\/uno-grundeinkommen-fuer-mehr-als-ein-drittel-der-weltbevoelkerung\/#primaryimage\",\"inLanguage\":\"de\",\"url\":\"https:\/\/www.deanreed.de\/AmericanRebel\/2017\/wp-content\/uploads\/2020\/08\/eeer.jpg\",\"contentUrl\":\"https:\/\/www.deanreed.de\/AmericanRebel\/2017\/wp-content\/uploads\/2020\/08\/eeer.jpg\",\"width\":678,\"height\":381,\"caption\":\"Die Fahne der Vereinten Nationen - Bild von Sanjitbakshi - flickr.com CC BY 2.0\"},{\"@type\":\"WebPage\",\"@id\":\"https:\/\/www.deanreed.de\/AmericanRebel\/2017\/2020\/08\/01\/uno-grundeinkommen-fuer-mehr-als-ein-drittel-der-weltbevoelkerung\/#webpage\",\"url\":\"https:\/\/www.deanreed.de\/AmericanRebel\/2017\/2020\/08\/01\/uno-grundeinkommen-fuer-mehr-als-ein-drittel-der-weltbevoelkerung\/\",\"name\":\"- UNO: Grundeinkommen f\\u00fcr mehr als ein Drittel der Weltbev\\u00f6lkerung &ndash; Onlinezeitung AmericanRebel\",\"isPartOf\":{\"@id\":\"https:\/\/www.deanreed.de\/AmericanRebel\/2017\/#website\"},\"primaryImageOfPage\":{\"@id\":\"https:\/\/www.deanreed.de\/AmericanRebel\/2017\/2020\/08\/01\/uno-grundeinkommen-fuer-mehr-als-ein-drittel-der-weltbevoelkerung\/#primaryimage\"},\"datePublished\":\"2020-08-01T20:25:42+00:00\",\"dateModified\":\"2020-08-01T20:29:39+00:00\",\"author\":{\"@id\":\"https:\/\/www.deanreed.de\/AmericanRebel\/2017\/#\/schema\/person\/9edfca7917cd10b75edaae51c6e7935a\"},\"breadcrumb\":{\"@id\":\"https:\/\/www.deanreed.de\/AmericanRebel\/2017\/2020\/08\/01\/uno-grundeinkommen-fuer-mehr-als-ein-drittel-der-weltbevoelkerung\/#breadcrumb\"},\"inLanguage\":\"de\",\"potentialAction\":[{\"@type\":\"ReadAction\",\"target\":[\"https:\/\/www.deanreed.de\/AmericanRebel\/2017\/2020\/08\/01\/uno-grundeinkommen-fuer-mehr-als-ein-drittel-der-weltbevoelkerung\/\"]}]},{\"@type\":\"BreadcrumbList\",\"@id\":\"https:\/\/www.deanreed.de\/AmericanRebel\/2017\/2020\/08\/01\/uno-grundeinkommen-fuer-mehr-als-ein-drittel-der-weltbevoelkerung\/#breadcrumb\",\"itemListElement\":[{\"@type\":\"ListItem\",\"position\":1,\"name\":\"Startseite\",\"item\":\"https:\/\/www.deanreed.de\/AmericanRebel\/2017\/\"},{\"@type\":\"ListItem\",\"position\":2,\"name\":\"&#8211; UNO: Grundeinkommen f\\u00fcr mehr als ein Drittel der Weltbev\\u00f6lkerung\"}]},{\"@type\":\"Person\",\"@id\":\"https:\/\/www.deanreed.de\/AmericanRebel\/2017\/#\/schema\/person\/9edfca7917cd10b75edaae51c6e7935a\",\"name\":\"Redaktion\",\"url\":\"https:\/\/www.deanreed.de\/AmericanRebel\/2017\/author\/redaktion\/\"}]}<\/script>\n<!-- \/ Yoast SEO plugin. -->","yoast_head_json":{"title":"- UNO: Grundeinkommen f\u00fcr mehr als ein Drittel der Weltbev\u00f6lkerung &ndash; Onlinezeitung AmericanRebel","robots":{"index":"index","follow":"follow","max-snippet":"max-snippet:-1","max-image-preview":"max-image-preview:large","max-video-preview":"max-video-preview:-1"},"canonical":"https:\/\/www.deanreed.de\/AmericanRebel\/2017\/2020\/08\/01\/uno-grundeinkommen-fuer-mehr-als-ein-drittel-der-weltbevoelkerung\/","og_locale":"de_DE","og_type":"article","og_title":"- UNO: Grundeinkommen f\u00fcr mehr als ein Drittel der Weltbev\u00f6lkerung &ndash; Onlinezeitung AmericanRebel","og_description":"Rui Filipe Gutschmidt UNO: Grundeinkommen f\u00fcr mehr als ein Drittel der Weltbev\u00f6lkerung Ein Grundeinkommen f\u00fcr 2,7 Milliarden Menschen in 132 L\u00e4ndern w\u00fcrde 199 Milliarden Dollar pro Monat kosten. Die UN sagt, dass diese Summe angesichts der Ersparnis, die das GE [&hellip;]&darr; Lese den Rest von diesem Eintrag...","og_url":"https:\/\/www.deanreed.de\/AmericanRebel\/2017\/2020\/08\/01\/uno-grundeinkommen-fuer-mehr-als-ein-drittel-der-weltbevoelkerung\/","og_site_name":"Onlinezeitung AmericanRebel","article_published_time":"2020-08-01T20:25:42+00:00","article_modified_time":"2020-08-01T20:29:39+00:00","og_image":[{"width":678,"height":381,"url":"https:\/\/www.deanreed.de\/AmericanRebel\/2017\/wp-content\/uploads\/2020\/08\/eeer.jpg","type":"image\/jpeg"}],"twitter_card":"summary_large_image","twitter_misc":{"Verfasst von":"Redaktion","Gesch\u00e4tzte Lesezeit":"5\u00a0Minuten"},"schema":{"@context":"https:\/\/schema.org","@graph":[{"@type":"WebSite","@id":"https:\/\/www.deanreed.de\/AmericanRebel\/2017\/#website","url":"https:\/\/www.deanreed.de\/AmericanRebel\/2017\/","name":"Onlinezeitung AmericanRebel","description":"Internationale Onlinezeitung f\u00fcr Frieden, Humanismus, V\u00f6lkerverst\u00e4ndigung und Kultur","potentialAction":[{"@type":"SearchAction","target":{"@type":"EntryPoint","urlTemplate":"https:\/\/www.deanreed.de\/AmericanRebel\/2017\/?s={search_term_string}"},"query-input":"required name=search_term_string"}],"inLanguage":"de"},{"@type":"ImageObject","@id":"https:\/\/www.deanreed.de\/AmericanRebel\/2017\/2020\/08\/01\/uno-grundeinkommen-fuer-mehr-als-ein-drittel-der-weltbevoelkerung\/#primaryimage","inLanguage":"de","url":"https:\/\/www.deanreed.de\/AmericanRebel\/2017\/wp-content\/uploads\/2020\/08\/eeer.jpg","contentUrl":"https:\/\/www.deanreed.de\/AmericanRebel\/2017\/wp-content\/uploads\/2020\/08\/eeer.jpg","width":678,"height":381,"caption":"Die Fahne der Vereinten Nationen - Bild von Sanjitbakshi - flickr.com CC BY 2.0"},{"@type":"WebPage","@id":"https:\/\/www.deanreed.de\/AmericanRebel\/2017\/2020\/08\/01\/uno-grundeinkommen-fuer-mehr-als-ein-drittel-der-weltbevoelkerung\/#webpage","url":"https:\/\/www.deanreed.de\/AmericanRebel\/2017\/2020\/08\/01\/uno-grundeinkommen-fuer-mehr-als-ein-drittel-der-weltbevoelkerung\/","name":"- UNO: Grundeinkommen f\u00fcr mehr als ein Drittel der Weltbev\u00f6lkerung &ndash; Onlinezeitung AmericanRebel","isPartOf":{"@id":"https:\/\/www.deanreed.de\/AmericanRebel\/2017\/#website"},"primaryImageOfPage":{"@id":"https:\/\/www.deanreed.de\/AmericanRebel\/2017\/2020\/08\/01\/uno-grundeinkommen-fuer-mehr-als-ein-drittel-der-weltbevoelkerung\/#primaryimage"},"datePublished":"2020-08-01T20:25:42+00:00","dateModified":"2020-08-01T20:29:39+00:00","author":{"@id":"https:\/\/www.deanreed.de\/AmericanRebel\/2017\/#\/schema\/person\/9edfca7917cd10b75edaae51c6e7935a"},"breadcrumb":{"@id":"https:\/\/www.deanreed.de\/AmericanRebel\/2017\/2020\/08\/01\/uno-grundeinkommen-fuer-mehr-als-ein-drittel-der-weltbevoelkerung\/#breadcrumb"},"inLanguage":"de","potentialAction":[{"@type":"ReadAction","target":["https:\/\/www.deanreed.de\/AmericanRebel\/2017\/2020\/08\/01\/uno-grundeinkommen-fuer-mehr-als-ein-drittel-der-weltbevoelkerung\/"]}]},{"@type":"BreadcrumbList","@id":"https:\/\/www.deanreed.de\/AmericanRebel\/2017\/2020\/08\/01\/uno-grundeinkommen-fuer-mehr-als-ein-drittel-der-weltbevoelkerung\/#breadcrumb","itemListElement":[{"@type":"ListItem","position":1,"name":"Startseite","item":"https:\/\/www.deanreed.de\/AmericanRebel\/2017\/"},{"@type":"ListItem","position":2,"name":"&#8211; UNO: Grundeinkommen f\u00fcr mehr als ein Drittel der Weltbev\u00f6lkerung"}]},{"@type":"Person","@id":"https:\/\/www.deanreed.de\/AmericanRebel\/2017\/#\/schema\/person\/9edfca7917cd10b75edaae51c6e7935a","name":"Redaktion","url":"https:\/\/www.deanreed.de\/AmericanRebel\/2017\/author\/redaktion\/"}]}},"_links":{"self":[{"href":"https:\/\/www.deanreed.de\/AmericanRebel\/2017\/wp-json\/wp\/v2\/posts\/25645"}],"collection":[{"href":"https:\/\/www.deanreed.de\/AmericanRebel\/2017\/wp-json\/wp\/v2\/posts"}],"about":[{"href":"https:\/\/www.deanreed.de\/AmericanRebel\/2017\/wp-json\/wp\/v2\/types\/post"}],"author":[{"embeddable":true,"href":"https:\/\/www.deanreed.de\/AmericanRebel\/2017\/wp-json\/wp\/v2\/users\/2"}],"replies":[{"embeddable":true,"href":"https:\/\/www.deanreed.de\/AmericanRebel\/2017\/wp-json\/wp\/v2\/comments?post=25645"}],"version-history":[{"count":7,"href":"https:\/\/www.deanreed.de\/AmericanRebel\/2017\/wp-json\/wp\/v2\/posts\/25645\/revisions"}],"predecessor-version":[{"id":25653,"href":"https:\/\/www.deanreed.de\/AmericanRebel\/2017\/wp-json\/wp\/v2\/posts\/25645\/revisions\/25653"}],"wp:attachment":[{"href":"https:\/\/www.deanreed.de\/AmericanRebel\/2017\/wp-json\/wp\/v2\/media?parent=25645"}],"wp:term":[{"taxonomy":"category","embeddable":true,"href":"https:\/\/www.deanreed.de\/AmericanRebel\/2017\/wp-json\/wp\/v2\/categories?post=25645"},{"taxonomy":"post_tag","embeddable":true,"href":"https:\/\/www.deanreed.de\/AmericanRebel\/2017\/wp-json\/wp\/v2\/tags?post=25645"}],"curies":[{"name":"wp","href":"https:\/\/api.w.org\/{rel}","templated":true}]}}