{"id":25074,"date":"2020-04-23T19:14:40","date_gmt":"2020-04-23T17:14:40","guid":{"rendered":"http:\/\/www.deanreed.de\/AmericanRebel\/2017\/?p=25074"},"modified":"2020-04-23T19:14:40","modified_gmt":"2020-04-23T17:14:40","slug":"brasiliens-praesident-bolsonaro-unterstuetzt-demo-die-militaerintervention-in-brasilien-fordern","status":"publish","type":"post","link":"https:\/\/www.deanreed.de\/AmericanRebel\/2017\/2020\/04\/23\/brasiliens-praesident-bolsonaro-unterstuetzt-demo-die-militaerintervention-in-brasilien-fordern\/","title":{"rendered":"&#8211; Brasiliens Pr\u00e4sident Bolsonaro unterst\u00fctzt Demo die Milit\u00e4rintervention in Brasilien fordern"},"content":{"rendered":"<h4>Rui Filipe Gutschmidt<\/h4>\n<h2><strong>Brasiliens Pr\u00e4sident Bolsonaro unterst\u00fctzt Demo<br \/>\ndie Milit\u00e4rintervention in Brasilien fordern<br \/>\n<\/strong><\/h2>\n<div id=\"attachment_8722\" style=\"width: 110px\" class=\"wp-caption alignleft\"><img aria-describedby=\"caption-attachment-8722\" loading=\"lazy\" class=\"size-full wp-image-8722\" src=\"http:\/\/www.deanreed.de\/AmericanRebel\/2017\/wp-content\/uploads\/2037\/12\/Rui_Gutschmidt.jpg\" alt=\"\" width=\"100\" height=\"150\" \/><p id=\"caption-attachment-8722\" class=\"wp-caption-text\"><span style=\"color: #808080;\">Rui Filipe Gutschmidt<\/span><\/p><\/div>\n<p style=\"text-align: justify;\"><strong>Sonntagabend hat in Brasiliens Hauptstadt Brasilia eine Veranstaltung zum \u201eTag der Armee\u201c stattgefunden. Am Rande des Festaktes demonstrierten Anh\u00e4nger der Milit\u00e4rdiktatur (1964-1985) f\u00fcr eine Milit\u00e4rintervention und die Reaktivierung des AI-5 Dekrets, mit dem Nationalkongress und die staatlichen gesetzgebenden Versammlungen geschlossen\u00a0werden k\u00f6nnen. Die Gefahr, dass sich ein Teil des Milit\u00e4rs hinter Bolsonaro stellt und die Corona-Krise nutzt ist real und kann nur mit einer klaren Unterst\u00fctzung der Weltgemeinschaft f\u00fcr die Verteidiger der demokratischen Werte in Brasilien verhindert werden.<\/strong><\/p>\n<p>Die Anh\u00e4nger von Pr\u00e4sident Jair Bolsonaro kommen aus dem ultrakonservativen, ultrareligi\u00f6sen und ultranationalistischen Lager. Sie w\u00fcnschen sich eine R\u00fcckkehr zur Milit\u00e4rdiktatur in Brasilien, mit der sie \u201eRecht und Ordnung\u201c verbinden. IHR Recht auf MEHR Eigentum und die Ordnung IHRER Macht \u00fcber den \u201eP\u00f6bel\u201c ist damit nat\u00fcrlich gemeint. Nein, das braucht Niemand und am allerwenigsten Brasilien.<\/p>\n<p>Der brasilianische Pr\u00e4sident nahm an diesem Sonntag an einem Protest in Brasilia anl\u00e4sslich des Tages der Armee teil, an dem eine milit\u00e4rische Intervention und die Reaktivierung von AI-5, einem Dekret der Milit\u00e4rdiktatur, das Ende der 1960er Jahre in Kraft trat, gefordert wurde.<\/p>\n<div id=\"attachment_25075\" style=\"width: 589px\" class=\"wp-caption aligncenter\"><img aria-describedby=\"caption-attachment-25075\" loading=\"lazy\" class=\" wp-image-25075\" src=\"http:\/\/www.deanreed.de\/AmericanRebel\/2017\/wp-content\/uploads\/2020\/04\/Bildschirmfoto-2020-04-22-um-23.27.47-300x210.png\" alt=\"\" width=\"579\" height=\"405\" srcset=\"https:\/\/www.deanreed.de\/AmericanRebel\/2017\/wp-content\/uploads\/2020\/04\/Bildschirmfoto-2020-04-22-um-23.27.47-300x210.png 300w, https:\/\/www.deanreed.de\/AmericanRebel\/2017\/wp-content\/uploads\/2020\/04\/Bildschirmfoto-2020-04-22-um-23.27.47.png 685w\" sizes=\"(max-width: 579px) 100vw, 579px\" \/><p id=\"caption-attachment-25075\" class=\"wp-caption-text\"><span style=\"color: #808080;\">Jair Bolsonaro h\u00e4lt Rede \u00fcber DAS LEBEN F\u00dcR DAS VATERLAND GEBEN &#8211; Screenshot YouTube<\/span><\/p><\/div>\n<p style=\"text-align: justify;\">Jair Bolsonaro trat erneut in der \u00d6ffentlichkeit auf, ohne die Empfehlungen der Gesundheitsorganisationen zur Eind\u00e4mmung\u00a0der Covid-19 Pandemie zu respektieren. Er bedeckte nicht einmal seinen Mund beim Husten und seine Anh\u00e4nger glauben seiner unsinnigen These, dass das Virus nur Menschen \u00fcber 60 gef\u00e4hrlich wird. Er blieb vor den Demonstranten stehen, die Anti-Demokratie-Plakate trugen, auf denen beispielsweise &#8222;Milit\u00e4rische Intervention mit Bolsonaro an der Macht&#8220; stand. <div class=\"hide-this-part-wrap\"><div class=\"hide-this-part-more\" id=\"hide-this-part-0\" morelink-text=\"hier geht es weiter\">hier geht es weiter \u00bb<\/div><div class=\"hide-this-part\" status=\"invisible\"><\/p>\n<p>Der Pr\u00e4sident begr\u00fc\u00dfte die Gruppe und sprach von einem Fahrzeugsdach zu den Demonstranten.<\/p>\n<p>Ohne die angeforderte milit\u00e4rische Intervention zu erw\u00e4hnen, sagte der Pr\u00e4sident, dass er an das &#8222;glaube&#8220;, was bei der Demonstration gefordert wurde und dass dort jeder, an Brasilien glauben w\u00fcrde.<br \/>\n<span style=\"color: #ffffff;\">.<\/span><br \/>\n<strong>Jair Bolsonaro immitiert Hitler<\/strong><\/p>\n<p>\u201eJeder in Brasilien muss verstehen, dass er dem Willen des brasilianischen Volkes unterliegt. Ich bin sicher, wir alle haben eines Tages geschworen, unser Leben f\u00fcr unser Vaterland zu geben, und wir werden alles tun, um das Schicksal Brasiliens zu \u00e4ndern. Es reicht uns mit alter Politik.\u201c<\/p>\n<p>Als der Pr\u00e4sident von Brasilien von \u201eunser Leben f\u00fcr unser Vaterland zu geben\u201c sprach, musste ich zwangsl\u00e4ufig an typische Phrasen der Nazis, wie \u201eich gebe mein Blut f\u00fcrs Vaterland\u201c oder \u201eBlut und Ehre\u201c denken. Es ist nichts Neues innerhalb der brasilianischen Regierung.<br \/>\nEnde letzter Woche ersetzte Jair Bolsonaro den Gesundheitsminister, der das Verhalten des Pr\u00e4sidenten wochenlang kritisiert hatte. Bolsonaro leugnet immer wieder die Gef\u00e4hrlichkeit des Coronavirus und macht sich lustig \u00fcber alle die sich sch\u00fctzen wollen. Das schlimmste aber ist die politisierung einer Krankheit. Die Menschen wollen nicht eingesperrt werden, haben Angst um ihre Jobs, ihre Gesch\u00e4fte, ihr Einkommen. Wenn ihnen ihr Pr\u00e4sident erz\u00e4hlt, dass irgend eine dunkle Macht die Wirtschaft Brasiliens schaden will, dann glauben sie das nur allzugerne.<\/p>\n<p>Ziel von Jair Bolsonaro ist es, die vom ehemaligen Gesundheitsminister auferlegten Ma\u00dfnahmen\u00a0zu beenden und die Wirtschaft des Landes so schnell wie m\u00f6glich zu reaktivieren. Dabei wurde er von mehreren Demonstrationen im ganzen Land unterst\u00fctzt, bei denen sich Tausende von Menschen auf den Stra\u00dfen versammelten, um die soziale und arbeitsrechtliche Beschr\u00e4nkung zu beenden.<\/p>\n<p>Die Opposition gegen den Pr\u00e4sidenten hat sich am Fenster manifestiert, n\u00e4mlich das Schlagen von T\u00f6pfen und Pfannen, wie es am Donnerstag nach dem Wechsel der Gesundheitsminister geschah.<\/p>\n<p>Der Pr\u00e4sident besteht darauf, Gesundheitsempfehlungen zur Eind\u00e4mmung der Epidemie entgegenzuwirken und ein Ende der sozialen Distanzierung zu f\u00f6rdern, obwohl sich die Trag\u00f6die durch das neue Coronavirus in Brasilien rapide verschlechtert.<\/p>\n<div id=\"sdfootnote12\">\n<p><span style=\"font-size: 10pt;\"><br \/>\nErstver\u00f6ffentlichung heute oder vor ein paar Tagen in unserer Partnerzeitung <a href=\"http:\/\/www.Info-Welt.eu\" target=\"_blank\" rel=\"noopener noreferrer\">INFO-WELT<\/a>. <\/span><br \/>\n<span style=\"color: #ffffff;\">.<\/span><br \/>\n<span style=\"font-size: 10pt;\"><a href=\"http:\/\/www.deanreed.de\/AmericanRebel\/2017\/?cat=122\" target=\"_blank\" rel=\"noopener noreferrer\">Weitere Artikel von Rui Filipe Gutschmidt<\/a><\/span><br \/>\n<span style=\"color: #ffffff;\">.<\/span><\/p>\n<\/div>\n<blockquote>\n<p style=\"text-align: center;\"><span style=\"font-size: 10pt; color: #000000;\">F\u00fcr den Inhalt dieses Artikels ist der Autor bzw. die Autorin verantwortlich.<br \/>\nDabei muss es sich nicht grunds\u00e4tzlich um die Meinung der Redaktion handeln.<\/span><\/p>\n<table width=\"100%\" align=\"center\">\n<tbody>\n<tr>\n<td>\n<form action=\"https:\/\/www.paypal.com\/cgi-bin\/webscr\" method=\"post\" target=\"_top\"><input alt=\"Jetzt einfach, schnell und sicher online bezahlen \u2013 mit PayPal.\" name=\"submit\" src=\"https:\/\/www.paypalobjects.com\/de_DE\/DE\/i\/btn\/btn_donateCC_LG.gif\" type=\"image\" \/><\/form>\n<\/td>\n<td><span style=\"color: #993300;\"><strong>Auch linker Journalismus ist nicht kostenlos<br \/>\nund auch kleine Spenden k\u00f6nnen helfen Gro\u00dfes zu ver\u00f6ffentlichen!<\/strong><\/span><\/td>\n<\/tr>\n<\/tbody>\n<\/table>\n<div style=\"margin-left: 10px;\"><a title=\"zur Startseite\" href=\"http:\/\/www.americanrebel.de\/\"><img loading=\"lazy\" class=\"alignleft\" src=\"http:\/\/www.deanreed.de\/AmericanRebel\/2017\/wp-content\/uploads\/2017\/03\/back_ar.png\" alt=\"zur\u00fcck zur Startseite\" width=\"156\" height=\"15\" \/><\/a><\/div>\n<div style=\"margin-right: 10px;\"><a href=\"https:\/\/www.facebook.com\/groups\/1683837971860223\/permalink\/1987214344855916\/\" target=\"_blank\" rel=\"noopener noreferrer\"><img loading=\"lazy\" class=\"alignright\" src=\"http:\/\/www.deanreed.de\/AmericanRebel\/2017\/wp-content\/uploads\/2017\/03\/ar_zu_fb.png\" alt=\"hier geht es zur Facebook Diskussionsgruppe\" width=\"353\" height=\"15\" \/><\/a><\/div>\n<p style=\"text-align: center;\"><a href=\"#respond\" target=\"_blank\" rel=\"noopener noreferrer\"><img loading=\"lazy\" class=\"aligncenter\" src=\"http:\/\/www.deanreed.de\/AmericanRebel\/2017\/wp-content\/uploads\/2017\/03\/ar_kommentar-1.png\" alt=\"Sag uns deine Meinung zum Artikel mit einem Kommentar\/Leserbrief\" width=\"627\" height=\"20\" \/><\/a><\/p>\n<\/blockquote>\n<p><\/div><!-- .hide-this-part --><\/div><!-- hide-this-part-wrap --><\/p>\n","protected":false},"excerpt":{"rendered":"<p>Rui Filipe Gutschmidt Brasiliens Pr\u00e4sident Bolsonaro unterst\u00fctzt Demo die Milit\u00e4rintervention in Brasilien fordern Sonntagabend hat in Brasiliens Hauptstadt Brasilia eine Veranstaltung zum \u201eTag der Armee\u201c stattgefunden. Am Rande des Festaktes demonstrierten Anh\u00e4nger der Milit\u00e4rdiktatur (1964-1985) f\u00fcr eine Milit\u00e4rintervention und die [&hellip;]<a class=\"more-link\" href=\"https:\/\/www.deanreed.de\/AmericanRebel\/2017\/2020\/04\/23\/brasiliens-praesident-bolsonaro-unterstuetzt-demo-die-militaerintervention-in-brasilien-fordern\/\">&darr; Lese den Rest von diesem Eintrag&#8230;<\/a><\/p>\n","protected":false},"author":2,"featured_media":0,"comment_status":"open","ping_status":"open","sticky":false,"template":"","format":"standard","meta":[],"categories":[1],"tags":[4530,4531,4474,2205,4532,4533,4534,4535,913,4536,4537,3822,4538,4539,4540],"yoast_head":"<!-- This site is optimized with the Yoast SEO plugin v17.5 - https:\/\/yoast.com\/wordpress\/plugins\/seo\/ -->\n<title>- Brasiliens Pr\u00e4sident Bolsonaro unterst\u00fctzt Demo die Milit\u00e4rintervention in Brasilien fordern &ndash; Onlinezeitung AmericanRebel<\/title>\n<meta name=\"robots\" content=\"index, follow, max-snippet:-1, max-image-preview:large, max-video-preview:-1\" \/>\n<link rel=\"canonical\" href=\"https:\/\/www.deanreed.de\/AmericanRebel\/2017\/2020\/04\/23\/brasiliens-praesident-bolsonaro-unterstuetzt-demo-die-militaerintervention-in-brasilien-fordern\/\" \/>\n<meta property=\"og:locale\" content=\"de_DE\" \/>\n<meta property=\"og:type\" content=\"article\" \/>\n<meta property=\"og:title\" content=\"- Brasiliens Pr\u00e4sident Bolsonaro unterst\u00fctzt Demo die Milit\u00e4rintervention in Brasilien fordern &ndash; Onlinezeitung AmericanRebel\" \/>\n<meta property=\"og:description\" content=\"Rui Filipe Gutschmidt Brasiliens Pr\u00e4sident Bolsonaro unterst\u00fctzt Demo die Milit\u00e4rintervention in Brasilien fordern Sonntagabend hat in Brasiliens Hauptstadt Brasilia eine Veranstaltung zum \u201eTag der Armee\u201c stattgefunden. Am Rande des Festaktes demonstrierten Anh\u00e4nger der Milit\u00e4rdiktatur (1964-1985) f\u00fcr eine Milit\u00e4rintervention und die [&hellip;]&darr; Lese den Rest von diesem Eintrag...\" \/>\n<meta property=\"og:url\" content=\"https:\/\/www.deanreed.de\/AmericanRebel\/2017\/2020\/04\/23\/brasiliens-praesident-bolsonaro-unterstuetzt-demo-die-militaerintervention-in-brasilien-fordern\/\" \/>\n<meta property=\"og:site_name\" content=\"Onlinezeitung AmericanRebel\" \/>\n<meta property=\"article:published_time\" content=\"2020-04-23T17:14:40+00:00\" \/>\n<meta property=\"og:image\" content=\"https:\/\/www.deanreed.de\/AmericanRebel\/2017\/wp-content\/uploads\/2020\/04\/Bildschirmfoto-2020-04-22-um-23.27.47.png\" \/>\n\t<meta property=\"og:image:width\" content=\"685\" \/>\n\t<meta property=\"og:image:height\" content=\"480\" \/>\n<meta name=\"twitter:card\" content=\"summary_large_image\" \/>\n<meta name=\"twitter:label1\" content=\"Verfasst von\" \/>\n\t<meta name=\"twitter:data1\" content=\"Redaktion\" \/>\n\t<meta name=\"twitter:label2\" content=\"Gesch\u00e4tzte Lesezeit\" \/>\n\t<meta name=\"twitter:data2\" content=\"4\u00a0Minuten\" \/>\n<script type=\"application\/ld+json\" class=\"yoast-schema-graph\">{\"@context\":\"https:\/\/schema.org\",\"@graph\":[{\"@type\":\"WebSite\",\"@id\":\"https:\/\/www.deanreed.de\/AmericanRebel\/2017\/#website\",\"url\":\"https:\/\/www.deanreed.de\/AmericanRebel\/2017\/\",\"name\":\"Onlinezeitung AmericanRebel\",\"description\":\"Internationale Onlinezeitung f\\u00fcr Frieden, Humanismus, V\\u00f6lkerverst\\u00e4ndigung und Kultur\",\"potentialAction\":[{\"@type\":\"SearchAction\",\"target\":{\"@type\":\"EntryPoint\",\"urlTemplate\":\"https:\/\/www.deanreed.de\/AmericanRebel\/2017\/?s={search_term_string}\"},\"query-input\":\"required name=search_term_string\"}],\"inLanguage\":\"de\"},{\"@type\":\"ImageObject\",\"@id\":\"https:\/\/www.deanreed.de\/AmericanRebel\/2017\/2020\/04\/23\/brasiliens-praesident-bolsonaro-unterstuetzt-demo-die-militaerintervention-in-brasilien-fordern\/#primaryimage\",\"inLanguage\":\"de\",\"url\":\"https:\/\/www.deanreed.de\/AmericanRebel\/2017\/wp-content\/uploads\/2020\/04\/Bildschirmfoto-2020-04-22-um-23.27.47.png\",\"contentUrl\":\"https:\/\/www.deanreed.de\/AmericanRebel\/2017\/wp-content\/uploads\/2020\/04\/Bildschirmfoto-2020-04-22-um-23.27.47.png\",\"width\":685,\"height\":480,\"caption\":\"Jair Bolsonaro h\\u00e4lt Rede \\u00fcber DAS LEBEN F\\u00dcR DAS VATERLAND GEBEN - Screenshot YouTube\"},{\"@type\":\"WebPage\",\"@id\":\"https:\/\/www.deanreed.de\/AmericanRebel\/2017\/2020\/04\/23\/brasiliens-praesident-bolsonaro-unterstuetzt-demo-die-militaerintervention-in-brasilien-fordern\/#webpage\",\"url\":\"https:\/\/www.deanreed.de\/AmericanRebel\/2017\/2020\/04\/23\/brasiliens-praesident-bolsonaro-unterstuetzt-demo-die-militaerintervention-in-brasilien-fordern\/\",\"name\":\"- Brasiliens Pr\\u00e4sident Bolsonaro unterst\\u00fctzt Demo die Milit\\u00e4rintervention in Brasilien fordern &ndash; Onlinezeitung AmericanRebel\",\"isPartOf\":{\"@id\":\"https:\/\/www.deanreed.de\/AmericanRebel\/2017\/#website\"},\"primaryImageOfPage\":{\"@id\":\"https:\/\/www.deanreed.de\/AmericanRebel\/2017\/2020\/04\/23\/brasiliens-praesident-bolsonaro-unterstuetzt-demo-die-militaerintervention-in-brasilien-fordern\/#primaryimage\"},\"datePublished\":\"2020-04-23T17:14:40+00:00\",\"dateModified\":\"2020-04-23T17:14:40+00:00\",\"author\":{\"@id\":\"https:\/\/www.deanreed.de\/AmericanRebel\/2017\/#\/schema\/person\/9edfca7917cd10b75edaae51c6e7935a\"},\"breadcrumb\":{\"@id\":\"https:\/\/www.deanreed.de\/AmericanRebel\/2017\/2020\/04\/23\/brasiliens-praesident-bolsonaro-unterstuetzt-demo-die-militaerintervention-in-brasilien-fordern\/#breadcrumb\"},\"inLanguage\":\"de\",\"potentialAction\":[{\"@type\":\"ReadAction\",\"target\":[\"https:\/\/www.deanreed.de\/AmericanRebel\/2017\/2020\/04\/23\/brasiliens-praesident-bolsonaro-unterstuetzt-demo-die-militaerintervention-in-brasilien-fordern\/\"]}]},{\"@type\":\"BreadcrumbList\",\"@id\":\"https:\/\/www.deanreed.de\/AmericanRebel\/2017\/2020\/04\/23\/brasiliens-praesident-bolsonaro-unterstuetzt-demo-die-militaerintervention-in-brasilien-fordern\/#breadcrumb\",\"itemListElement\":[{\"@type\":\"ListItem\",\"position\":1,\"name\":\"Startseite\",\"item\":\"https:\/\/www.deanreed.de\/AmericanRebel\/2017\/\"},{\"@type\":\"ListItem\",\"position\":2,\"name\":\"&#8211; Brasiliens Pr\\u00e4sident Bolsonaro unterst\\u00fctzt Demo die Milit\\u00e4rintervention in Brasilien fordern\"}]},{\"@type\":\"Person\",\"@id\":\"https:\/\/www.deanreed.de\/AmericanRebel\/2017\/#\/schema\/person\/9edfca7917cd10b75edaae51c6e7935a\",\"name\":\"Redaktion\",\"url\":\"https:\/\/www.deanreed.de\/AmericanRebel\/2017\/author\/redaktion\/\"}]}<\/script>\n<!-- \/ Yoast SEO plugin. -->","yoast_head_json":{"title":"- Brasiliens Pr\u00e4sident Bolsonaro unterst\u00fctzt Demo die Milit\u00e4rintervention in Brasilien fordern &ndash; Onlinezeitung AmericanRebel","robots":{"index":"index","follow":"follow","max-snippet":"max-snippet:-1","max-image-preview":"max-image-preview:large","max-video-preview":"max-video-preview:-1"},"canonical":"https:\/\/www.deanreed.de\/AmericanRebel\/2017\/2020\/04\/23\/brasiliens-praesident-bolsonaro-unterstuetzt-demo-die-militaerintervention-in-brasilien-fordern\/","og_locale":"de_DE","og_type":"article","og_title":"- Brasiliens Pr\u00e4sident Bolsonaro unterst\u00fctzt Demo die Milit\u00e4rintervention in Brasilien fordern &ndash; Onlinezeitung AmericanRebel","og_description":"Rui Filipe Gutschmidt Brasiliens Pr\u00e4sident Bolsonaro unterst\u00fctzt Demo die Milit\u00e4rintervention in Brasilien fordern Sonntagabend hat in Brasiliens Hauptstadt Brasilia eine Veranstaltung zum \u201eTag der Armee\u201c stattgefunden. Am Rande des Festaktes demonstrierten Anh\u00e4nger der Milit\u00e4rdiktatur (1964-1985) f\u00fcr eine Milit\u00e4rintervention und die [&hellip;]&darr; Lese den Rest von diesem Eintrag...","og_url":"https:\/\/www.deanreed.de\/AmericanRebel\/2017\/2020\/04\/23\/brasiliens-praesident-bolsonaro-unterstuetzt-demo-die-militaerintervention-in-brasilien-fordern\/","og_site_name":"Onlinezeitung AmericanRebel","article_published_time":"2020-04-23T17:14:40+00:00","og_image":[{"width":685,"height":480,"url":"https:\/\/www.deanreed.de\/AmericanRebel\/2017\/wp-content\/uploads\/2020\/04\/Bildschirmfoto-2020-04-22-um-23.27.47.png","type":"image\/png"}],"twitter_card":"summary_large_image","twitter_misc":{"Verfasst von":"Redaktion","Gesch\u00e4tzte Lesezeit":"4\u00a0Minuten"},"schema":{"@context":"https:\/\/schema.org","@graph":[{"@type":"WebSite","@id":"https:\/\/www.deanreed.de\/AmericanRebel\/2017\/#website","url":"https:\/\/www.deanreed.de\/AmericanRebel\/2017\/","name":"Onlinezeitung AmericanRebel","description":"Internationale Onlinezeitung f\u00fcr Frieden, Humanismus, V\u00f6lkerverst\u00e4ndigung und Kultur","potentialAction":[{"@type":"SearchAction","target":{"@type":"EntryPoint","urlTemplate":"https:\/\/www.deanreed.de\/AmericanRebel\/2017\/?s={search_term_string}"},"query-input":"required name=search_term_string"}],"inLanguage":"de"},{"@type":"ImageObject","@id":"https:\/\/www.deanreed.de\/AmericanRebel\/2017\/2020\/04\/23\/brasiliens-praesident-bolsonaro-unterstuetzt-demo-die-militaerintervention-in-brasilien-fordern\/#primaryimage","inLanguage":"de","url":"https:\/\/www.deanreed.de\/AmericanRebel\/2017\/wp-content\/uploads\/2020\/04\/Bildschirmfoto-2020-04-22-um-23.27.47.png","contentUrl":"https:\/\/www.deanreed.de\/AmericanRebel\/2017\/wp-content\/uploads\/2020\/04\/Bildschirmfoto-2020-04-22-um-23.27.47.png","width":685,"height":480,"caption":"Jair Bolsonaro h\u00e4lt Rede \u00fcber DAS LEBEN F\u00dcR DAS VATERLAND GEBEN - Screenshot YouTube"},{"@type":"WebPage","@id":"https:\/\/www.deanreed.de\/AmericanRebel\/2017\/2020\/04\/23\/brasiliens-praesident-bolsonaro-unterstuetzt-demo-die-militaerintervention-in-brasilien-fordern\/#webpage","url":"https:\/\/www.deanreed.de\/AmericanRebel\/2017\/2020\/04\/23\/brasiliens-praesident-bolsonaro-unterstuetzt-demo-die-militaerintervention-in-brasilien-fordern\/","name":"- Brasiliens Pr\u00e4sident Bolsonaro unterst\u00fctzt Demo die Milit\u00e4rintervention in Brasilien fordern &ndash; Onlinezeitung AmericanRebel","isPartOf":{"@id":"https:\/\/www.deanreed.de\/AmericanRebel\/2017\/#website"},"primaryImageOfPage":{"@id":"https:\/\/www.deanreed.de\/AmericanRebel\/2017\/2020\/04\/23\/brasiliens-praesident-bolsonaro-unterstuetzt-demo-die-militaerintervention-in-brasilien-fordern\/#primaryimage"},"datePublished":"2020-04-23T17:14:40+00:00","dateModified":"2020-04-23T17:14:40+00:00","author":{"@id":"https:\/\/www.deanreed.de\/AmericanRebel\/2017\/#\/schema\/person\/9edfca7917cd10b75edaae51c6e7935a"},"breadcrumb":{"@id":"https:\/\/www.deanreed.de\/AmericanRebel\/2017\/2020\/04\/23\/brasiliens-praesident-bolsonaro-unterstuetzt-demo-die-militaerintervention-in-brasilien-fordern\/#breadcrumb"},"inLanguage":"de","potentialAction":[{"@type":"ReadAction","target":["https:\/\/www.deanreed.de\/AmericanRebel\/2017\/2020\/04\/23\/brasiliens-praesident-bolsonaro-unterstuetzt-demo-die-militaerintervention-in-brasilien-fordern\/"]}]},{"@type":"BreadcrumbList","@id":"https:\/\/www.deanreed.de\/AmericanRebel\/2017\/2020\/04\/23\/brasiliens-praesident-bolsonaro-unterstuetzt-demo-die-militaerintervention-in-brasilien-fordern\/#breadcrumb","itemListElement":[{"@type":"ListItem","position":1,"name":"Startseite","item":"https:\/\/www.deanreed.de\/AmericanRebel\/2017\/"},{"@type":"ListItem","position":2,"name":"&#8211; Brasiliens Pr\u00e4sident Bolsonaro unterst\u00fctzt Demo die Milit\u00e4rintervention in Brasilien fordern"}]},{"@type":"Person","@id":"https:\/\/www.deanreed.de\/AmericanRebel\/2017\/#\/schema\/person\/9edfca7917cd10b75edaae51c6e7935a","name":"Redaktion","url":"https:\/\/www.deanreed.de\/AmericanRebel\/2017\/author\/redaktion\/"}]}},"_links":{"self":[{"href":"https:\/\/www.deanreed.de\/AmericanRebel\/2017\/wp-json\/wp\/v2\/posts\/25074"}],"collection":[{"href":"https:\/\/www.deanreed.de\/AmericanRebel\/2017\/wp-json\/wp\/v2\/posts"}],"about":[{"href":"https:\/\/www.deanreed.de\/AmericanRebel\/2017\/wp-json\/wp\/v2\/types\/post"}],"author":[{"embeddable":true,"href":"https:\/\/www.deanreed.de\/AmericanRebel\/2017\/wp-json\/wp\/v2\/users\/2"}],"replies":[{"embeddable":true,"href":"https:\/\/www.deanreed.de\/AmericanRebel\/2017\/wp-json\/wp\/v2\/comments?post=25074"}],"version-history":[{"count":1,"href":"https:\/\/www.deanreed.de\/AmericanRebel\/2017\/wp-json\/wp\/v2\/posts\/25074\/revisions"}],"predecessor-version":[{"id":25076,"href":"https:\/\/www.deanreed.de\/AmericanRebel\/2017\/wp-json\/wp\/v2\/posts\/25074\/revisions\/25076"}],"wp:attachment":[{"href":"https:\/\/www.deanreed.de\/AmericanRebel\/2017\/wp-json\/wp\/v2\/media?parent=25074"}],"wp:term":[{"taxonomy":"category","embeddable":true,"href":"https:\/\/www.deanreed.de\/AmericanRebel\/2017\/wp-json\/wp\/v2\/categories?post=25074"},{"taxonomy":"post_tag","embeddable":true,"href":"https:\/\/www.deanreed.de\/AmericanRebel\/2017\/wp-json\/wp\/v2\/tags?post=25074"}],"curies":[{"name":"wp","href":"https:\/\/api.w.org\/{rel}","templated":true}]}}