{"id":24928,"date":"2020-04-18T14:23:47","date_gmt":"2020-04-18T12:23:47","guid":{"rendered":"http:\/\/www.deanreed.de\/AmericanRebel\/2017\/?p=24928"},"modified":"2020-04-18T16:01:02","modified_gmt":"2020-04-18T14:01:02","slug":"corona-spekulationen-zur-gesamtsterberate-aeusserst-zweifelhaft","status":"publish","type":"post","link":"https:\/\/www.deanreed.de\/AmericanRebel\/2017\/2020\/04\/18\/corona-spekulationen-zur-gesamtsterberate-aeusserst-zweifelhaft\/","title":{"rendered":"&#8211; Corona: Spekulationen zur Gesamtsterberate \u00e4u\u00dferst zweifelhaft"},"content":{"rendered":"<h4>Redaktion AmericanRebel<\/h4>\n<h2>Corona: Spekulationen zur Gesamtsterberate \u00e4u\u00dferst zweifelhaft<\/h2>\n<h4 style=\"text-align: justify;\"><span style=\"color: #ffffff;\">.<\/span><br \/>\nKritik an dem Artikel <em>\u00bbCorona: Gesamtsterberate unter den Vorjahren \u2013 teils weit darunter\u00ab<\/em> von Ricardo Lerida, ver\u00f6ffentlicht am 10. April auf <a href=\"http:\/\/www.deanreed.de\/AmericanRebel\/2017\/?p=24870\" target=\"_blank\" rel=\"noopener noreferrer\">AmericanRebel<\/a> und <a href=\"https:\/\/info-welt.eu\/corona-gesammtsterberate-unter-den-vorjahren-teils-weit-darunter\/\" target=\"_blank\" rel=\"noopener noreferrer\">INFO-WELT<\/a><\/h4>\n<div id=\"attachment_180\" style=\"width: 110px\" class=\"wp-caption alignleft\"><img aria-describedby=\"caption-attachment-180\" loading=\"lazy\" class=\"size-full wp-image-180\" src=\"http:\/\/www.deanreed.de\/AmericanRebel\/2017\/wp-content\/uploads\/2017\/02\/Nico_Diener_Tagesshow.jpg\" alt=\"\" width=\"100\" height=\"150\" \/><p id=\"caption-attachment-180\" class=\"wp-caption-text\"><span style=\"color: #808080;\">Nico Diener<\/span><\/p><\/div>\n<p style=\"text-align: justify;\">Der oben genannte Artikel hat, mit Berechtigung, rege Emp\u00f6rungen ausgel\u00f6st, das beweisen die vielen Kritiken und Kommentare, die in der Redaktion eingegangen sind.<\/p>\n<p style=\"text-align: justify;\">Ich habe diesen Artikel, den mir Ricardo Leridas zur Ver\u00f6ffentlichung gesendet hat, hochgeladen. Ich habe ihn, aus Zeitgr\u00fcnden und weil ich mit Ricardos Texten immer gute Erfahrung gemacht habe, hochgeladen. Eine Pr\u00fcfung der Inhalte, in ausreichender Form, fand durch mich nicht statt. Das war ein Fehler denn, wenn ich es getan h\u00e4tte, w\u00e4re ich vermutlich auf die Ungereimtheiten in den zitierten Statistiken aufmerksam geworden.<\/p>\n<p style=\"text-align: justify;\">Mein langj\u00e4hriger gesch\u00e4tzter Genosse Niels, von ARBEIT-ZUKUNFT, machte mich nochmals darauf aufmerksam und kritisierte mein Verhalten. Daf\u00fcr bedanke ich mich an dieser Stelle und bitte alle Leser\/innen seine, nun folgende Kritik, zu lesen.<\/p>\n<p>Nico, 18. April 2020<\/p>\n<p style=\"text-align: center;\">______________________________________________________<\/p>\n<p style=\"text-align: justify;\">\u00bbHallo Nico,<\/p>\n<p style=\"text-align: justify;\">ich finde, wir leiden unter einem Problem, das sich massiv in Ricardo Leridas Artikel widerspiegelt. Es hei\u00dft: &#8222;Ist Sars-CoV2 rsp. Covid 19 ernst oder ist es ein besserer Fake?&#8220;<\/p>\n<p style=\"text-align: justify;\">Gestern traf ich mich mit einem befreundeten und aufgeschlossenen Paar. Als ich von unseren \u00dcberlegungen zum ersten Mai berichtete, wurde der Freund fast sauer. Dass wir f\u00fcr den Ersten Mai eine \u00e4u\u00dferst begrenzte, solidarische Aktion \u00fcberlegen, findet er verantwortungslos. Er sagte kategorisch, da werde er sich nicht beteiligen und die Leute w\u00fcrden uns f\u00fcr leichtsinntig und verantwortungslos halten, wenn wir eine \u00f6ffentliche Aktion am ersten Mai machen. Er selbst erschien mit Maske, einer mangels praktischer Alternative selbstgen\u00e4hten Atemmaske, zum Treffen und hielt sich konstant zu mir auf 2,5 bis drei Meter Abstand, meist sogar mehr. <div class=\"hide-this-part-wrap\"><div class=\"hide-this-part-more\" id=\"hide-this-part-0\" morelink-text=\"hier geht es weiter\">hier geht es weiter \u00bb<\/div><div class=\"hide-this-part\" status=\"invisible\"> <strong>Viele Leute wollen wie er eine klare Stellungnahme von uns.<\/strong><\/p>\n<p style=\"text-align: justify;\">Auch ich selbst betrete keinen Supermarkt (oder \u00e4hnliche noch offene Gesch\u00e4fte) mehr ohne Maske, halte 2 Meter Abstand wo m\u00f6glich. Ich vertrete das auch offensiv und kritisiere scharf das Gerede, dass die Maske doch nichts bringe. Wenn Frau Schwesig heute Maskenpflicht f\u00fcr alle in der \u00d6ffentlichkeit fordert, finde ich das richtig, diskutabel und akzeptabel \u2013 blo\u00df \u2013 wo sind die Masken?<\/p>\n<p style=\"text-align: justify;\">Masken bringen sehr wohl etwas und sind wichtig! Ich sch\u00fctze n\u00e4mlich andere vor mir! Als wenn das nichts w\u00e4re!! Ob ich infekti\u00f6s bin, wei\u00df ich ja nicht! Getestet wird ja nicht!<\/p>\n<p style=\"text-align: justify;\">Das haben wir auch in unserem bisher grunds\u00e4tzlichsten Artikel (<a href=\"https:\/\/www.arbeit-zukunft.de\/wp-content\/uploads\/2020\/04\/sonderausgabe-corona-krise-klein.pdf\" target=\"_blank\" rel=\"noopener noreferrer\">dem 4-seitigen Flyer<\/a>) vertreten.<\/p>\n<p style=\"text-align: justify;\">Nat\u00fcrlich hei\u00dft die &#8222;Grundkrankheit&#8220; Kapitalismus. Aber: Die Pandemie existiert!: M\u00fcssen wir uns nicht dem Kampf gegen diese anschlie\u00dfen, oder m\u00fcssen wir uns den Pandemie-Kritikern anschlie\u00dfen?<\/p>\n<p style=\"text-align: justify;\">Wir legen uns und anderen oft nicht Rechenschaft ab, was wirklich los ist. Wenn einen diese Krankheit echt erwischt, geht es dem Menschen sau-elend. Sollen wir verbreiten, dass es Fake ist, dass Mr. Johnson mit Sauerstoffe beatmet werden musste? Sollen wir sagen, Ja die &#8222;Herdendurchseuchung&#8220; von 70 % ist richtig, lassen wir die Epidemie einfach laufen?<br \/>\nDen Post von Lerida halte ich f\u00fcr ziemlich verantwortungslos.<\/p>\n<p style=\"text-align: justify;\">Ich wei\u00df von euromomo.eu, dass das Deutschland nicht erfasst! Und: dass 7 L\u00e4nder in Europa deutliche Statistische Nachweise einer erh\u00f6hten Sterblichkeit aufweisen und zwar seit einigen Tagen. <a href=\"https:\/\/www.spiegel.de\/wissenschaft\/medizin\/coronavirus-erhoeht-todesraten-in-mindestens-sieben-europaeischen-staaten-a-06dce7ce-a10c-4b2b-a4f2-9b92048698c4\" target=\"_blank\" rel=\"noopener noreferrer\">Der Spiegel berichtet<\/a>.<\/p>\n<p style=\"text-align: justify;\">Dort werden unter Berufung auf Euromomo genannt:<\/p>\n<ol style=\"text-align: justify;\">\n<li>Spanien,<\/li>\n<li>Italien,<\/li>\n<li>Frankreich,<\/li>\n<li>Schweiz,<\/li>\n<li>Belgien,<\/li>\n<li>Die Niederlande,<\/li>\n<li>England (Kurioser Weise nicht Gesamt-GB\/UK)<\/li>\n<\/ol>\n<p style=\"text-align: justify;\"><strong>Wieso f\u00e4llt dir nicht auf, dass:<\/strong><\/p>\n<ol style=\"text-align: justify;\">\n<li>die von &#8222;Ricardo Lerida&#8220; angef\u00fchrte Statistik\/Grafik bis 2015 geht, also mit den heutigen Ereignissen gar nichts zu tun hat?<\/li>\n<li>dass mit Formulierungen wie &#8222;Viele L\u00e4nder Afrikas sind seit vielen Jahren voller Chinesen,&#8220; rassistische Untert\u00f6ne daherkommen, und er eher das &#8222;Argument&#8220; ber\u00fccksichtigen m\u00fcsste, dass &#8222;die Chinesen&#8220; eventuell halt keine Virentr\u00e4ger waren. Niemand behauptet, dass jeder Chinese Virentr\u00e4ger ist, au\u00dfer faschistische Hetzer, die heute in Italien Menschen zu Gewalt gegen Chinesen und heute im Saarland gegen Franzosen aufhetzen (DLF zitiert gestern, 11.04., Franzosen, die in Saarbr\u00fccken zu h\u00f6ren bekamen: &#8222;Ihr Schei\u00df-Franzosen, verpisst Euch in euer Schei\u00df Corona-Land&#8220; (in Saarbr\u00fccken))<\/li>\n<li>dass die dramatische Entwicklung in den USA ausgeblendet wird.<\/li>\n<li>dass sich die Zahlen t\u00e4glich \u00e4ndern &#8211; und bislang eher selten nach unten sondern weiter nach oben. Da, wo sie expontiell und \/oder &#8222;nur&#8220; dramatisch steigen &#8211; und im Moment tun sie das &#8211; reden wir leider \u00fcbermorgen von ganz anderen Zahlen. Denken wir statisch-metaphysich oder dialektisch?? Wenn &#8222;Ricardo Lerida&#8220; sich auf Schweden beruft, dann haben wir zur Kenntnis zu nehmen, dass sich dort der Kurs gerade massiv dreht.<\/li>\n<\/ol>\n<p style=\"text-align: justify;\">&#8222;Heute wurde die Zahl von 15.000 Toten in Spanien mit (nicht \u201ean) Covid-19 \u00fcberschritten&#8230;&#8220; Ein zum Tode kranker, also gesundheitlich schwer angeschlagener Mensch infiziert sich mit dem Sars-CoV 2&#8230; Meint Ricardo im Ernst, dass das Virus sich seine Chance entgehen l\u00e4sst und den durch andere Gebrechen geschw\u00e4chten Menschen nicht vollends &#8222;fertig macht&#8220;?? Oder anders gesagt: Dass einer, der stirbt und das Virus in sich hat, sicherlich nicht ohne dessen Beteiligung stirbt. Ich halte diese Unterscheidung (mit\/an Corona) f\u00fcr abstrakt, theoretisch, unmaterialistisch! Ich bin zwar kein Mediziner, aber gesunder Menschenverstand?<br \/>\n<span style=\"color: #ffffff;\">.<\/span><br \/>\n<strong>Der Schweitzer Arzt Paul Vogt schreibt aktuell:<br \/>\n<\/strong><br \/>\n\u201eVergleichen wir Influenza und COVID19, hat man das Gef\u00fchl, bei Influenza seien immer alle Patienten \u00abwegen\u00bb Influenza gestorben und nie einer \u00abmit\u00bb? Sind wir Mediziner im Rahmen der COVID-19-Pandemie nun alle pl\u00f6tzlich so verbl\u00f6det, dass wir nicht mehr unterscheiden k\u00f6nnen, ob jemand \u00abmit\u00bb oder \u00abwegen\u00bb COVID-19 stirbt, wenn diese Patienten<br \/>\n+ eine typische Klinik, \u2028+ typische Laborbefunde und \u2028+ ein typisches Lungen-CT aufweisen?<\/p>\n<p style=\"text-align: justify;\">Aha, bei der Diagnose \u00abInfluenza\u00bb waren nat\u00fcrlich alle immer hellwach und haben immer die ganze Diagnostik bem\u00fcht und waren immer sicher: nein, bei der Influenza sterben alle \u00abwegen\u00bb und nur bei COVID-19 viele \u00abmit\u00bb. Zudem: wenn es in einem Jahr in der Schweiz angeblich 1600 Influenza-Tote gab, so sprechen wir \u00fcber 1600 Tote \u00fcber 12 Monate \u2013 ohne pr\u00e4ventive Ma\u00dfnahmen. Bei COVID-19 gab es jedoch 600 Tote in 1(!) Monat und das trotz massiver Gegenma\u00dfnahmen. Radikale Gegenma\u00dfnahmen k\u00f6nnen die Verbreitung von COVID-19 um 90% senken \u2013 man kann sich also vorstellen, welches Szenario ohne Gegenma\u00dfnahmen herrschen w\u00fcrde. Zudem: in einem Monat wurden in der Schweiz &gt;2200 Patienten wegen COVID-19 hospitalisiert, und es wurden gleichzeitig bis zu 500 Patienten auf verschiedenen Intensivstationen hospitalisiert. Nie hat jemand von uns auch nur ann\u00e4hernd solche Zust\u00e4nde im Rahmen einer \u00abInfluenza\u00bb gesehen&#8230;\u201c (Prof. Dr. Paul Robert Vogt: COVID-19 &#8211; <a href=\"https:\/\/www.mittellaendische.ch\/2020\/04\/07\/covid-19-eine-zwischenbilanz-oder-eine-analyse-der-moral-der-medizinischen-fakten-sowie-der-aktuellen-und-zuk\u00fcnftigen-politischen-entscheidungen\/?fbclid=IwAR2JhcV6wvDfjPv7yHUi3f_bsdqAFalS5zdUuC6kSZmBa3YMMx3xYdq4QC0\" target=\"_blank\" rel=\"noopener noreferrer\">eine Zwischenbilanz<\/a> oder eine Analyse der Moral, der medizinischen Fakten, sowie der aktuellen und zuk\u00fcnftigen politischen Entscheidungen.<br \/>\n<span style=\"color: #ffffff;\">.<\/span><br \/>\n<strong>Und Vogt sagt auch:<\/strong><\/p>\n<p>\u201eDie reine, statistische Beurteilung dieser Pandemie ist sowieso unmoralisch. Fragen muss man die Leute an der Front. Keiner meiner Kollegen \u2013 und ich nat\u00fcrlich auch nicht \u2013 und niemand vom Pflegepersonal kann sich erinnern, dass in den letzten 30 oder 40 Jahren folgende Zust\u00e4nde herrschten, n\u00e4mlich dass:<\/p>\n<ol style=\"text-align: justify;\">\n<li>ganze Kliniken mit Patienten gef\u00fcllt sind, welche alle dieselbe Diagnose besitzen;<\/li>\n<li>ganze Intensivstationen mit Patienten gef\u00fcllt sind, welche alle dieselbe Diagnose aufweisen;<\/li>\n<li>25% bis 30% der Pflegenden und der \u00c4rzteschaft genau jene Krankheit auch erwerben, welche jene Patienten haben, die sie betreuen;<\/li>\n<li>zu wenig Beatmungsger\u00e4te zur Verf\u00fcgung standen;<\/li>\n<li>eine Patientenselektion durchgef\u00fchrt werden musste, nicht aus medizinischen Gr\u00fcnden, sondern weil wegen der schieren Anzahl an Patienten schlicht das entsprechende Material gefehlt hat;<\/li>\n<li>die schwerer erkrankten Patienten alle dasselbe \u2013 ein uniformes \u2013 Krankheitsbild aufgewiesen haben;<\/li>\n<li>die Todesart jener, die auf der Intensivstationen verstorben sind, bei allen dieselbe ist; Medikamente und medizinisches Material auszugehen drohen&#8230;.&#8220;Deshalb kann American Rebel, kannst auch Du nicht an der Frage vorbei, ob das eine reale, wirkliche und ernsthafte Pandemie ist und die Sorgen und \u00c4ngste ernster Menschen ernst zu nehmen sind.<\/li>\n<\/ol>\n<p style=\"text-align: justify;\">Immerhin gab es auch in Deutschland betriebliche Auseinandersetzungen, in denen k\u00e4mpferische Kolleginnen und Kollegen gegen das Kapital, das es anders durchsetzen wollte, die Schlie\u00dfung der Produktion forderten, weil sie dort nicht auf 2 Meter Distanz arbeiten k\u00f6nnen!<\/p>\n<p style=\"text-align: justify;\">Ein wie auch immer zustande gekommenes Naturereignis (w\u00e4re das Virus aus einem Labor entwichen, machte dies die Sache und deren Konsequenzen doch um kein Deut besser \u2013 im Gegenteil!!) f\u00fchrt den Kapitalismus an seine Grenzen! Kein Kapitalist legt seine Gesch\u00e4fte ohne echte Not lahm.<\/p>\n<p style=\"text-align: justify;\">Wir fordern in unserem Grundsatzartikel (<a href=\"https:\/\/www.arbeit-zukunft.de\/wp-content\/uploads\/2020\/04\/sonderausgabe-corona-krise-klein.pdf\" target=\"_blank\" rel=\"noopener noreferrer\">4-seitiger Flyer<\/a>) die sofortige Schlie\u00dfung aller Bildungseinrichtungen und Betriebe mit Ausnahme derjenigen, die f\u00fcr lebensnotwendige Versorgungsabl\u00e4ufe gebraucht werden! Ich finde, dass American Rebel hier klar Stellung beziehen sollte und das m\u00f6glichst in dem Sinne, wie wir es auf www.arbeit-zukunft.de vertreten haben, es aber in dem genannten Beitrag nicht tut.<\/p>\n<p style=\"text-align: justify;\">Solidarische Gr\u00fc\u00dfe<br \/>\nNiels\u00ab<br \/>\n<span style=\"color: #ffffff;\">.<\/span><\/p>\n<blockquote>\n<p style=\"text-align: center;\"><span style=\"font-size: 10pt; color: #000000;\">F\u00fcr den Inhalt dieses Artikels ist der Autor bzw. die Autorin verantwortlich.<br \/>\nDabei muss es sich nicht grunds\u00e4tzlich um die Meinung der Redaktion handeln.<\/span><\/p>\n<table width=\"100%\" align=\"center\">\n<tbody>\n<tr>\n<td style=\"text-align: justify;\"><img loading=\"lazy\" class=\"size-full wp-image-7516 aligncenter\" src=\"http:\/\/www.deanreed.de\/AmericanRebel\/2017\/wp-content\/uploads\/2018\/10\/88x31.png\" alt=\"\" width=\"88\" height=\"31\" \/><\/td>\n<td style=\"text-align: justify; font-size: 10pt;\"><a href=\"https:\/\/creativecommons.org\/licenses\/by-nc-nd\/4.0\/\" target=\"_blank\" rel=\"license noopener noreferrer\">Dieses Werk ist lizenziert unter einer Creative Commons Namensnennung &#8211;<br \/>\nNicht kommerziell &#8211; Keine Bearbeitungen 4.0 International Lizenz.<\/a><\/td>\n<\/tr>\n<tr>\n<td>\n<form action=\"https:\/\/www.paypal.com\/cgi-bin\/webscr\" method=\"post\" target=\"_top\"><input alt=\"Jetzt einfach, schnell und sicher online bezahlen \u2013 mit PayPal.\" name=\"submit\" src=\"https:\/\/www.paypalobjects.com\/de_DE\/DE\/i\/btn\/btn_donateCC_LG.gif\" type=\"image\" \/><\/form>\n<\/td>\n<td><span style=\"color: #993300;\"><strong>Auch linker Journalismus ist nicht kostenlos<br \/>\nund auch kleine Spenden k\u00f6nnen helfen Gro\u00dfes zu ver\u00f6ffentlichen!<\/strong><\/span><\/td>\n<\/tr>\n<\/tbody>\n<\/table>\n<div style=\"margin-left: 10px;\"><a title=\"zur Startseite\" href=\"http:\/\/www.americanrebel.de\/\"><img loading=\"lazy\" class=\"alignleft\" src=\"http:\/\/www.deanreed.de\/AmericanRebel\/2017\/wp-content\/uploads\/2017\/03\/back_ar.png\" alt=\"zur\u00fcck zur Startseite\" width=\"156\" height=\"15\" \/><\/a><\/div>\n<div style=\"margin-right: 10px;\"><a href=\"https:\/\/www.facebook.com\/groups\/1683837971860223\/permalink\/1987214344855916\/\" target=\"_blank\" rel=\"noopener noreferrer\"><img loading=\"lazy\" class=\"alignright\" src=\"http:\/\/www.deanreed.de\/AmericanRebel\/2017\/wp-content\/uploads\/2017\/03\/ar_zu_fb.png\" alt=\"hier geht es zur Facebook Diskussionsgruppe\" width=\"353\" height=\"15\" \/><\/a><\/div>\n<p style=\"text-align: center;\"><a href=\"#respond\" target=\"_blank\" rel=\"noopener noreferrer\"><img loading=\"lazy\" class=\"aligncenter\" src=\"http:\/\/www.deanreed.de\/AmericanRebel\/2017\/wp-content\/uploads\/2017\/03\/ar_kommentar-1.png\" alt=\"Sag uns deine Meinung zum Artikel mit einem Kommentar\/Leserbrief\" width=\"627\" height=\"20\" \/><\/a><\/p>\n<\/blockquote>\n<p><\/div><!-- .hide-this-part --><\/div><!-- hide-this-part-wrap --><\/p>\n","protected":false},"excerpt":{"rendered":"<p>Redaktion AmericanRebel Corona: Spekulationen zur Gesamtsterberate \u00e4u\u00dferst zweifelhaft . Kritik an dem Artikel \u00bbCorona: Gesamtsterberate unter den Vorjahren \u2013 teils weit darunter\u00ab von Ricardo Lerida, ver\u00f6ffentlicht am 10. April auf AmericanRebel und INFO-WELT Der oben genannte Artikel hat, mit Berechtigung, [&hellip;]<a class=\"more-link\" href=\"https:\/\/www.deanreed.de\/AmericanRebel\/2017\/2020\/04\/18\/corona-spekulationen-zur-gesamtsterberate-aeusserst-zweifelhaft\/\">&darr; Lese den Rest von diesem Eintrag&#8230;<\/a><\/p>\n","protected":false},"author":2,"featured_media":0,"comment_status":"open","ping_status":"open","sticky":false,"template":"","format":"standard","meta":[],"categories":[1,79],"tags":[4445,4372,748,2987,135,4368,4359,4386,845,4378,4452,838,4382,4367,4444,4364,4360,4380,4387,4446,4381,2149,4377,4376,4451,2193,4454,4366,4370,4374,4373,4449,4388,4389,4390,829,3936,4391,4371,4441,3342,4447,4392,4448,1060,1053,4385,4442,4457,4375,4228,902,4393,4453,4361,4394,4395,4362,3154,4450,4396,2928,4384,3345,4379,4397,4398,4455,4443,4399,3832,4456,1219,4369,4383,430,4400],"yoast_head":"<!-- This site is optimized with the Yoast SEO plugin v17.5 - https:\/\/yoast.com\/wordpress\/plugins\/seo\/ -->\n<title>- Corona: Spekulationen zur Gesamtsterberate \u00e4u\u00dferst zweifelhaft &ndash; Onlinezeitung AmericanRebel<\/title>\n<meta name=\"robots\" content=\"index, follow, max-snippet:-1, max-image-preview:large, max-video-preview:-1\" \/>\n<link rel=\"canonical\" href=\"http:\/\/www.deanreed.de\/AmericanRebel\/2017\/2020\/04\/18\/corona-spekulationen-zur-gesamtsterberate-aeusserst-zweifelhaft\/\" \/>\n<meta property=\"og:locale\" content=\"de_DE\" \/>\n<meta property=\"og:type\" content=\"article\" \/>\n<meta property=\"og:title\" content=\"- Corona: Spekulationen zur Gesamtsterberate \u00e4u\u00dferst zweifelhaft &ndash; Onlinezeitung AmericanRebel\" \/>\n<meta property=\"og:description\" content=\"Redaktion AmericanRebel Corona: Spekulationen zur Gesamtsterberate \u00e4u\u00dferst zweifelhaft . Kritik an dem Artikel \u00bbCorona: Gesamtsterberate unter den Vorjahren \u2013 teils weit darunter\u00ab von Ricardo Lerida, ver\u00f6ffentlicht am 10. April auf AmericanRebel und INFO-WELT Der oben genannte Artikel hat, mit Berechtigung, [&hellip;]&darr; Lese den Rest von diesem Eintrag...\" \/>\n<meta property=\"og:url\" content=\"http:\/\/www.deanreed.de\/AmericanRebel\/2017\/2020\/04\/18\/corona-spekulationen-zur-gesamtsterberate-aeusserst-zweifelhaft\/\" \/>\n<meta property=\"og:site_name\" content=\"Onlinezeitung AmericanRebel\" \/>\n<meta property=\"article:published_time\" content=\"2020-04-18T12:23:47+00:00\" \/>\n<meta property=\"article:modified_time\" content=\"2020-04-18T14:01:02+00:00\" \/>\n<meta property=\"og:image\" content=\"http:\/\/www.deanreed.de\/AmericanRebel\/2017\/wp-content\/uploads\/2020\/04\/Corona-04-Bild-Askan-Worms-flickr-CC-0.png\" \/>\n\t<meta property=\"og:image:width\" content=\"640\" \/>\n\t<meta property=\"og:image:height\" content=\"460\" \/>\n<meta name=\"twitter:card\" content=\"summary_large_image\" \/>\n<meta name=\"twitter:label1\" content=\"Verfasst von\" \/>\n\t<meta name=\"twitter:data1\" content=\"Redaktion\" \/>\n\t<meta name=\"twitter:label2\" content=\"Gesch\u00e4tzte Lesezeit\" \/>\n\t<meta name=\"twitter:data2\" content=\"7\u00a0Minuten\" \/>\n<script type=\"application\/ld+json\" class=\"yoast-schema-graph\">{\"@context\":\"https:\/\/schema.org\",\"@graph\":[{\"@type\":\"WebSite\",\"@id\":\"https:\/\/www.deanreed.de\/AmericanRebel\/2017\/#website\",\"url\":\"https:\/\/www.deanreed.de\/AmericanRebel\/2017\/\",\"name\":\"Onlinezeitung AmericanRebel\",\"description\":\"Internationale Onlinezeitung f\\u00fcr Frieden, Humanismus, V\\u00f6lkerverst\\u00e4ndigung und Kultur\",\"potentialAction\":[{\"@type\":\"SearchAction\",\"target\":{\"@type\":\"EntryPoint\",\"urlTemplate\":\"https:\/\/www.deanreed.de\/AmericanRebel\/2017\/?s={search_term_string}\"},\"query-input\":\"required name=search_term_string\"}],\"inLanguage\":\"de\"},{\"@type\":\"ImageObject\",\"@id\":\"http:\/\/www.deanreed.de\/AmericanRebel\/2017\/2020\/04\/18\/corona-spekulationen-zur-gesamtsterberate-aeusserst-zweifelhaft\/#primaryimage\",\"inLanguage\":\"de\",\"url\":\"https:\/\/www.deanreed.de\/AmericanRebel\/2017\/wp-content\/uploads\/2020\/04\/Corona-04-Bild-Askan-Worms-flickr-CC-0.png\",\"contentUrl\":\"https:\/\/www.deanreed.de\/AmericanRebel\/2017\/wp-content\/uploads\/2020\/04\/Corona-04-Bild-Askan-Worms-flickr-CC-0.png\",\"width\":640,\"height\":460,\"caption\":\"Corona 04. Bild: Askan Worms, flickr CC 0\"},{\"@type\":\"WebPage\",\"@id\":\"http:\/\/www.deanreed.de\/AmericanRebel\/2017\/2020\/04\/18\/corona-spekulationen-zur-gesamtsterberate-aeusserst-zweifelhaft\/#webpage\",\"url\":\"http:\/\/www.deanreed.de\/AmericanRebel\/2017\/2020\/04\/18\/corona-spekulationen-zur-gesamtsterberate-aeusserst-zweifelhaft\/\",\"name\":\"- Corona: Spekulationen zur Gesamtsterberate \\u00e4u\\u00dferst zweifelhaft &ndash; Onlinezeitung AmericanRebel\",\"isPartOf\":{\"@id\":\"https:\/\/www.deanreed.de\/AmericanRebel\/2017\/#website\"},\"primaryImageOfPage\":{\"@id\":\"http:\/\/www.deanreed.de\/AmericanRebel\/2017\/2020\/04\/18\/corona-spekulationen-zur-gesamtsterberate-aeusserst-zweifelhaft\/#primaryimage\"},\"datePublished\":\"2020-04-18T12:23:47+00:00\",\"dateModified\":\"2020-04-18T14:01:02+00:00\",\"author\":{\"@id\":\"https:\/\/www.deanreed.de\/AmericanRebel\/2017\/#\/schema\/person\/9edfca7917cd10b75edaae51c6e7935a\"},\"breadcrumb\":{\"@id\":\"http:\/\/www.deanreed.de\/AmericanRebel\/2017\/2020\/04\/18\/corona-spekulationen-zur-gesamtsterberate-aeusserst-zweifelhaft\/#breadcrumb\"},\"inLanguage\":\"de\",\"potentialAction\":[{\"@type\":\"ReadAction\",\"target\":[\"http:\/\/www.deanreed.de\/AmericanRebel\/2017\/2020\/04\/18\/corona-spekulationen-zur-gesamtsterberate-aeusserst-zweifelhaft\/\"]}]},{\"@type\":\"BreadcrumbList\",\"@id\":\"http:\/\/www.deanreed.de\/AmericanRebel\/2017\/2020\/04\/18\/corona-spekulationen-zur-gesamtsterberate-aeusserst-zweifelhaft\/#breadcrumb\",\"itemListElement\":[{\"@type\":\"ListItem\",\"position\":1,\"name\":\"Startseite\",\"item\":\"https:\/\/www.deanreed.de\/AmericanRebel\/2017\/\"},{\"@type\":\"ListItem\",\"position\":2,\"name\":\"&#8211; Corona: Spekulationen zur Gesamtsterberate \\u00e4u\\u00dferst zweifelhaft\"}]},{\"@type\":\"Person\",\"@id\":\"https:\/\/www.deanreed.de\/AmericanRebel\/2017\/#\/schema\/person\/9edfca7917cd10b75edaae51c6e7935a\",\"name\":\"Redaktion\",\"url\":\"https:\/\/www.deanreed.de\/AmericanRebel\/2017\/author\/redaktion\/\"}]}<\/script>\n<!-- \/ Yoast SEO plugin. -->","yoast_head_json":{"title":"- Corona: Spekulationen zur Gesamtsterberate \u00e4u\u00dferst zweifelhaft &ndash; Onlinezeitung AmericanRebel","robots":{"index":"index","follow":"follow","max-snippet":"max-snippet:-1","max-image-preview":"max-image-preview:large","max-video-preview":"max-video-preview:-1"},"canonical":"http:\/\/www.deanreed.de\/AmericanRebel\/2017\/2020\/04\/18\/corona-spekulationen-zur-gesamtsterberate-aeusserst-zweifelhaft\/","og_locale":"de_DE","og_type":"article","og_title":"- Corona: Spekulationen zur Gesamtsterberate \u00e4u\u00dferst zweifelhaft &ndash; Onlinezeitung AmericanRebel","og_description":"Redaktion AmericanRebel Corona: Spekulationen zur Gesamtsterberate \u00e4u\u00dferst zweifelhaft . Kritik an dem Artikel \u00bbCorona: Gesamtsterberate unter den Vorjahren \u2013 teils weit darunter\u00ab von Ricardo Lerida, ver\u00f6ffentlicht am 10. April auf AmericanRebel und INFO-WELT Der oben genannte Artikel hat, mit Berechtigung, [&hellip;]&darr; Lese den Rest von diesem Eintrag...","og_url":"http:\/\/www.deanreed.de\/AmericanRebel\/2017\/2020\/04\/18\/corona-spekulationen-zur-gesamtsterberate-aeusserst-zweifelhaft\/","og_site_name":"Onlinezeitung AmericanRebel","article_published_time":"2020-04-18T12:23:47+00:00","article_modified_time":"2020-04-18T14:01:02+00:00","og_image":[{"width":640,"height":460,"url":"http:\/\/www.deanreed.de\/AmericanRebel\/2017\/wp-content\/uploads\/2020\/04\/Corona-04-Bild-Askan-Worms-flickr-CC-0.png","type":"image\/png"}],"twitter_card":"summary_large_image","twitter_misc":{"Verfasst von":"Redaktion","Gesch\u00e4tzte Lesezeit":"7\u00a0Minuten"},"schema":{"@context":"https:\/\/schema.org","@graph":[{"@type":"WebSite","@id":"https:\/\/www.deanreed.de\/AmericanRebel\/2017\/#website","url":"https:\/\/www.deanreed.de\/AmericanRebel\/2017\/","name":"Onlinezeitung AmericanRebel","description":"Internationale Onlinezeitung f\u00fcr Frieden, Humanismus, V\u00f6lkerverst\u00e4ndigung und Kultur","potentialAction":[{"@type":"SearchAction","target":{"@type":"EntryPoint","urlTemplate":"https:\/\/www.deanreed.de\/AmericanRebel\/2017\/?s={search_term_string}"},"query-input":"required name=search_term_string"}],"inLanguage":"de"},{"@type":"ImageObject","@id":"http:\/\/www.deanreed.de\/AmericanRebel\/2017\/2020\/04\/18\/corona-spekulationen-zur-gesamtsterberate-aeusserst-zweifelhaft\/#primaryimage","inLanguage":"de","url":"https:\/\/www.deanreed.de\/AmericanRebel\/2017\/wp-content\/uploads\/2020\/04\/Corona-04-Bild-Askan-Worms-flickr-CC-0.png","contentUrl":"https:\/\/www.deanreed.de\/AmericanRebel\/2017\/wp-content\/uploads\/2020\/04\/Corona-04-Bild-Askan-Worms-flickr-CC-0.png","width":640,"height":460,"caption":"Corona 04. Bild: Askan Worms, flickr CC 0"},{"@type":"WebPage","@id":"http:\/\/www.deanreed.de\/AmericanRebel\/2017\/2020\/04\/18\/corona-spekulationen-zur-gesamtsterberate-aeusserst-zweifelhaft\/#webpage","url":"http:\/\/www.deanreed.de\/AmericanRebel\/2017\/2020\/04\/18\/corona-spekulationen-zur-gesamtsterberate-aeusserst-zweifelhaft\/","name":"- Corona: Spekulationen zur Gesamtsterberate \u00e4u\u00dferst zweifelhaft &ndash; Onlinezeitung AmericanRebel","isPartOf":{"@id":"https:\/\/www.deanreed.de\/AmericanRebel\/2017\/#website"},"primaryImageOfPage":{"@id":"http:\/\/www.deanreed.de\/AmericanRebel\/2017\/2020\/04\/18\/corona-spekulationen-zur-gesamtsterberate-aeusserst-zweifelhaft\/#primaryimage"},"datePublished":"2020-04-18T12:23:47+00:00","dateModified":"2020-04-18T14:01:02+00:00","author":{"@id":"https:\/\/www.deanreed.de\/AmericanRebel\/2017\/#\/schema\/person\/9edfca7917cd10b75edaae51c6e7935a"},"breadcrumb":{"@id":"http:\/\/www.deanreed.de\/AmericanRebel\/2017\/2020\/04\/18\/corona-spekulationen-zur-gesamtsterberate-aeusserst-zweifelhaft\/#breadcrumb"},"inLanguage":"de","potentialAction":[{"@type":"ReadAction","target":["http:\/\/www.deanreed.de\/AmericanRebel\/2017\/2020\/04\/18\/corona-spekulationen-zur-gesamtsterberate-aeusserst-zweifelhaft\/"]}]},{"@type":"BreadcrumbList","@id":"http:\/\/www.deanreed.de\/AmericanRebel\/2017\/2020\/04\/18\/corona-spekulationen-zur-gesamtsterberate-aeusserst-zweifelhaft\/#breadcrumb","itemListElement":[{"@type":"ListItem","position":1,"name":"Startseite","item":"https:\/\/www.deanreed.de\/AmericanRebel\/2017\/"},{"@type":"ListItem","position":2,"name":"&#8211; Corona: Spekulationen zur Gesamtsterberate \u00e4u\u00dferst zweifelhaft"}]},{"@type":"Person","@id":"https:\/\/www.deanreed.de\/AmericanRebel\/2017\/#\/schema\/person\/9edfca7917cd10b75edaae51c6e7935a","name":"Redaktion","url":"https:\/\/www.deanreed.de\/AmericanRebel\/2017\/author\/redaktion\/"}]}},"_links":{"self":[{"href":"https:\/\/www.deanreed.de\/AmericanRebel\/2017\/wp-json\/wp\/v2\/posts\/24928"}],"collection":[{"href":"https:\/\/www.deanreed.de\/AmericanRebel\/2017\/wp-json\/wp\/v2\/posts"}],"about":[{"href":"https:\/\/www.deanreed.de\/AmericanRebel\/2017\/wp-json\/wp\/v2\/types\/post"}],"author":[{"embeddable":true,"href":"https:\/\/www.deanreed.de\/AmericanRebel\/2017\/wp-json\/wp\/v2\/users\/2"}],"replies":[{"embeddable":true,"href":"https:\/\/www.deanreed.de\/AmericanRebel\/2017\/wp-json\/wp\/v2\/comments?post=24928"}],"version-history":[{"count":16,"href":"https:\/\/www.deanreed.de\/AmericanRebel\/2017\/wp-json\/wp\/v2\/posts\/24928\/revisions"}],"predecessor-version":[{"id":25008,"href":"https:\/\/www.deanreed.de\/AmericanRebel\/2017\/wp-json\/wp\/v2\/posts\/24928\/revisions\/25008"}],"wp:attachment":[{"href":"https:\/\/www.deanreed.de\/AmericanRebel\/2017\/wp-json\/wp\/v2\/media?parent=24928"}],"wp:term":[{"taxonomy":"category","embeddable":true,"href":"https:\/\/www.deanreed.de\/AmericanRebel\/2017\/wp-json\/wp\/v2\/categories?post=24928"},{"taxonomy":"post_tag","embeddable":true,"href":"https:\/\/www.deanreed.de\/AmericanRebel\/2017\/wp-json\/wp\/v2\/tags?post=24928"}],"curies":[{"name":"wp","href":"https:\/\/api.w.org\/{rel}","templated":true}]}}