{"id":24765,"date":"2020-03-23T15:30:03","date_gmt":"2020-03-23T14:30:03","guid":{"rendered":"http:\/\/www.deanreed.de\/AmericanRebel\/2017\/?p=24765"},"modified":"2020-04-02T21:32:41","modified_gmt":"2020-04-02T19:32:41","slug":"ausgangssperren-sind-nicht-die-antwort-auf-corona","status":"publish","type":"post","link":"https:\/\/www.deanreed.de\/AmericanRebel\/2017\/2020\/03\/23\/ausgangssperren-sind-nicht-die-antwort-auf-corona\/","title":{"rendered":"&#8211; Ausgangssperren keine Antwort auf Corona"},"content":{"rendered":"<h4>Julius Jamal<span class=\"autor-artikel\"><strong><br \/>\n<\/strong><\/span><\/h4>\n<h2>Ausgangssperren sind nicht die Antwort auf Corona \u2013<br \/>\nIm Gespr\u00e4ch mit Niema Movassat<\/h2>\n<div id=\"attachment_9693\" style=\"width: 110px\" class=\"wp-caption alignleft\"><img aria-describedby=\"caption-attachment-9693\" loading=\"lazy\" class=\"size-full wp-image-9693\" src=\"http:\/\/www.deanreed.de\/AmericanRebel\/2017\/wp-content\/uploads\/2018\/02\/Julius_Jamal_2.jpg\" alt=\"\" width=\"100\" height=\"150\" \/><p id=\"caption-attachment-9693\" class=\"wp-caption-text\"><span style=\"color: #808080;\">Julius Jamal<\/span><\/p><\/div>\n<p style=\"text-align: justify;\"><strong>Corona breitet sich aktuell massiv aus, die Bundesregierung hat gemeinsam mit einem Gro\u00dfteil der Bundesl\u00e4nder gestern beschlossen, dass es erstmal keine Ausgangssperre aber massive Einschr\u00e4nkungen des \u00f6ffentlichen Lebens gibt. Wir haben mit Niema Movassat \u00fcber Corona, Ausgangssperren und L\u00f6sungen f\u00fcr die Krise gesprochen.<\/strong><\/p>\n<p style=\"text-align: justify;\"><strong>Die Freiheitsliebe:<\/strong> Du schreibst, die Bundesregierung habe den Virus zu lange untersch\u00e4tzt. Was h\u00e4tte fr\u00fcher geschehen k\u00f6nnen?<\/p>\n<p style=\"text-align: justify;\"><strong>Niema Movassat:<\/strong> Das neuartige Coronavirus ist sehr leicht \u00fcbertragbar. Daher h\u00e4tte in Deutschland schon im Januar klar sein m\u00fcssen: angesichts einer globalisierten Welt wird das Virus auch zu uns kommen. Sicherlich, niemand h\u00e4tte sich vorstellen k\u00f6nnen, wie heftig es werden wird. Aber man h\u00e4tte Vorbereitungen treffen k\u00f6nnen, etwa indem man einen Krisenstab einsetzt und f\u00fcr einen ausreichenden Vorrat an Mund- und Atemschutzmasken sowie Desinfektionsmittel sorgt. Wichtig w\u00e4re es auch gewesen, schon ganz am Anfang, als es die ersten F\u00e4lle gab, Gro\u00dfveranstaltungen abzusagen. Offenbar dachte man aber, man wird irgendwie verschont bleiben und alles wird gut. Das war die Bundesregierung zu leichtgl\u00e4ubig.<\/p>\n<p style=\"text-align: justify;\"><strong>Die Freiheitsliebe:<\/strong> Was sagst Du zu der Vereinbarung der Bundesregierung mit den Bundesl\u00e4ndern, die maximale Kontaktzahl auf zwei Personen zu reduzieren?<\/p>\n<div id=\"attachment_24767\" style=\"width: 201px\" class=\"wp-caption alignright\"><img aria-describedby=\"caption-attachment-24767\" loading=\"lazy\" class=\" wp-image-24767\" src=\"http:\/\/www.deanreed.de\/AmericanRebel\/2017\/wp-content\/uploads\/2020\/03\/ssss-280x300.jpg\" alt=\"\" width=\"191\" height=\"205\" srcset=\"https:\/\/www.deanreed.de\/AmericanRebel\/2017\/wp-content\/uploads\/2020\/03\/ssss-280x300.jpg 280w, https:\/\/www.deanreed.de\/AmericanRebel\/2017\/wp-content\/uploads\/2020\/03\/ssss.jpg 324w\" sizes=\"(max-width: 191px) 100vw, 191px\" \/><p id=\"caption-attachment-24767\" class=\"wp-caption-text\"><span style=\"color: #808080;\">Niema Movassat ist Abgeordneter der Linken im deutschen Bundestag<\/span><\/p><\/div>\n<p style=\"text-align: justify;\"><strong>Niema Movassat:<\/strong> Erstmal bin ich nat\u00fcrlich froh, dass wir keine Ausgangssperre wie in Spanien bekommen, die mit harten Strafen durchgesetzt wird. Gleichwohl ist die Vereinbarung an diesem Punkt zu kritisieren. Es ist doch abwegig, dass Menschen weiter zur Arbeit m\u00fcssen und da teils mit hunderten anderen in einer Werkshalle arbeiten, w\u00e4hrend es zugleich nun verboten ist, zu dritt in einem Park zu chillen. Versteh mich nicht falsch, ich finde die Kampagne #stayathome sehr richtig und jede und jeder sollte auf soziale Distanz achten zurzeit. Aber wenn wir das ernst nehmen, m\u00fcssen sofort alle Betriebe f\u00fcr drei Wochen zugemacht werden, die nichts lebensnotwichtiges herstellen oder essentielle Dienstleistungen anbieten. Die Besch\u00e4ftigen m\u00fcssen hierbei nat\u00fcrlich weiter bezahlt werden. Aber die jetzige Regelung ist absurd: wenn Du dich mit zwei Nachbarn im Hausflur unterh\u00e4ltst, handelst Du nun rechtswidrig. Wenn Du im Betrieb mit zwei Kollegen acht Stunden zusammen arbeitest, ist das aber voll in Ordnung. <div class=\"hide-this-part-wrap\"><div class=\"hide-this-part-more\" id=\"hide-this-part-0\" morelink-text=\"hier geht es weiter\">hier geht es weiter \u00bb<\/div><div class=\"hide-this-part\" status=\"invisible\"> <strong>Die Freiheitsliebe:<\/strong> Nun sind ja Ausgangssperren erstmal vom Tisch. Aber woher kommt aus Deiner Sicht der Wunsch vieler Menschen und einiger Medien, dass es Ausgangssperren geben sollte?<\/p>\n<p style=\"text-align: justify;\"><strong>Niema Movassat:<\/strong> Die Menschen haben Angst. Ich kann das gut verstehen. Niemand will sterben oder sehen, wie im nahestehende Menschen am Coronavirus sterben. Die dramatischen Bilder aus Italien steigern die Angst noch weiter. Deshalb w\u00fcnschen sich viele maximale staatliche Ma\u00dfnahmen. Viele sagen mir jetzt: \u201eGrundrechte sind egal, Hauptsache die Gesundheit\u201c. Ich halte das f\u00fcr gef\u00e4hrlich. Dahinter steht ein Verst\u00e4ndnis vom autorit\u00e4ren Staat \u2013 teilweise sogar von einem starken Mann \u2013 der alles regelt und die Probleme mit drastischen Ma\u00dfnahmen l\u00f6st. Grundrechte sind gerade dazu da, sie in st\u00fcrmischen Zeiten hochzuhalten. Sie sind keine Sch\u00f6nwetter-Instrumente, sondern immer dann essentiell, wenn sie bedroht werden.<\/p>\n<p style=\"text-align: justify;\"><strong>Die Freiheitsliebe:<\/strong> Was spricht denn inhaltlich gegen Ausgangssperren? In China wurde doch auch mit Hilfe von Ausgangssperren die Ausbreitung gestoppt.<\/p>\n<p style=\"text-align: justify;\"><strong>Niema Movassat:<\/strong> Richtig ist, dass harte Ausgangssperren, die strikt durchgesetzt werden wie in China, den Virus eind\u00e4mmen. Und es mag eine Situation geben, wo es schlicht anders nicht mehr geht. Zugleich muss man sich vor Augen f\u00fchren, dass es sich um einen dramatischen, kollektiven Eingriff in Grundrechte handelt. Das muss gut begr\u00fcndet sein in einer Demokratie. China ist eine Diktatur, da geht sowas einfacher. Ich glaube aber, dass niemand, der gr\u00fcndlich dar\u00fcber nachdenkt, ein unfreies System wie in China will. Zudem hat die Ausgangssperre in China zu einer Verdreifachung der h\u00e4uslichen Gewalt gegen Frauen und Kinder gef\u00fchrt.<\/p>\n<p style=\"text-align: justify;\">S\u00fcdkorea hat gezeigt, dass man den Coronavirus auch anders in den Griff kriegen kann. Ohne Ausgangssperren. Die bieten mehr Tests an, haben an jeder Haltestelle Desinfektionsmittel, alle tragen zum Schutz des anderen Mundschutz, es gibt eine freiwillige App, die anonym die Orte aufzeichnet an denen man war. Wenn man Corona hat, wird allen, die zur gleichen Zeit an dem Ort waren, eine Warnung geschickt. Au\u00dferdem wird man st\u00e4ndig \u00fcber das Gebot, Abstand zu halten, hingewiesen. Ich finde, man kann einiges da abgucken.<\/p>\n<p style=\"text-align: justify;\"><strong>Die Freiheitsliebe:<\/strong> Arme haben mit Ausgangssperren gr\u00f6\u00dfere Probleme als Reiche schreibst du, sind aber auch eher von Krankheiten betroffen, da sie dichter mit anderen auf einem Raum wohnen, wie k\u00f6nnen sie also gesch\u00fctzt werden?<\/p>\n<p style=\"text-align: justify;\"><strong>Niema Movassat:<\/strong> Wir wissen durch Studien, dass arme Menschen im Durchschnitt bis zu acht Jahre fr\u00fcher als Reiche sterben. Sie haben h\u00e4ufiger gesundheitssch\u00e4dliche Berufe, gehen seltener zum Arzt und sind nicht privatversichert. Und auch bei der Coronakrise macht es einen Unterschied, ob man arm oder eher wohlhabend ist. Arme k\u00f6nnen h\u00e4ufig kein Home Office machen, sie haben einen Garten, in dem sie w\u00e4hrend einer Ausgangssperre ausweichen k\u00f6nnen. Und jetzt schlie\u00dfen auch noch viele soziale und karitative Hilfsreinrichtungen f\u00fcr Arme. Um die Situation der Armen zu verbessern, m\u00fcssen die Hartz IV S\u00e4tze sofort erh\u00f6ht, die Sanktionen abgeschafft und Solo-Selbstst\u00e4ndige und K\u00fcnstler staatlich unterst\u00fctzt werden. Ferner m\u00fcssen wir von oben nach unten umverteilen, m\u00fcssen die Sozialsysteme wieder st\u00e4rken und brauchen ein Gesundheitssystem ohne Zweiklassenmedizin. Deshalb brauchen wir auch einen Wegfall der Privatversicherung, alle sollten in die gesetzliche Krankenversicherung einzahlen.<\/p>\n<p style=\"text-align: justify;\"><strong>Die Freiheitsliebe:<\/strong> Was bleibt also an Optionen, wenn man Menschen sch\u00fctzen will, sich der Virus aber weiter ausbreitet und das \u00f6ffentliche Leben schon stillsteht?<\/p>\n<p style=\"text-align: justify;\"><strong>Niema Movassat:<\/strong> Es gibt ganz viel, was getan werden kann und muss: Massive Forschung an einem Impfstoff und einem Medikament und Sicherstellung, dass beides, wenn es auf den Markt kommt, bezahlbar ist. Schnellstm\u00f6glich muss mehr Personal in den Krankenh\u00e4usern und Pflegeheimen eingestellt werden, etwa durch bessere Bezahlung und bessere Arbeitsbedingungen \u2013 wir haben zehntausende Pflegekr\u00e4fte die den Beruf aus Frustration verlassen haben, einen Teil kann man so zur\u00fcckholen. Zudem m\u00fcssen allerorts Desinfektionsmittel verf\u00fcgbar sein. Sehr wichtig: Wir brauchen einen dreiw\u00f6chigen bundesweiten Stopp aller T\u00e4tigkeiten und Produktionen, die f\u00fcr die Versorgung nicht n\u00f6tig ist. Es braucht mehr Kampagnen zum Thema \u201esoziale Distanz\u201c, st\u00e4ndig und \u00fcberall muss man damit konfrontiert werden. Und: Mehr kostenlose Tests, die Laborkapazit\u00e4ten m\u00fcssen massiv hochgefahren werden!<\/p>\n<p><strong>Die Freiheitsliebe:<\/strong> Danke dir f\u00fcr das Gespr\u00e4ch<br \/>\n<span style=\"color: #ffffff;\">.<\/span><\/p>\n<p style=\"text-align: justify;\"><span style=\"font-size: 10pt; color: #000000;\">Erstver\u00f6ffentlichung in <a style=\"color: #000000;\" href=\"https:\/\/diefreiheitsliebe.de\/\">\u201eDie Freiheitsliebe\u201c<\/a> am 23. M\u00e4rz 2020. Ver\u00f6ffentlichung mit freundlicher Genehmigung des Herausgebers und des Autors. <\/span><br \/>\n<span style=\"font-size: 10pt; color: #000000;\"><span style=\"color: #ffffff;\"> .<br \/>\n<\/span><\/span><span style=\"font-size: 10pt;\"><strong>\u00dcber den Autor: <\/strong><\/span><span style=\"font-size: 10pt;\">Julius Jamal hat 2009 aus dem Wunsch, einen Ort zu schaffen, wo es keine Grenzen gibt zwischen Menschen, den Blog &#8222;Die Freiheitsliebe&#8220; gegr\u00fcndet. Einen Ort an dem man sich mitteilen kann, unabh\u00e4ngig von Religion, Herkunft, sexuelle Orientierung und Geschlecht. Freiheit bedeutet immer die Freiheit von Ausbeutung. Als Autor dieser Webseite streitet er f\u00fcr eine Gesellschaft, in der nicht mehr die Mehrheit der Menschen das Umsetzen muss, was nur dem Wohlstand einiger Weniger dient<strong>.<br \/>\n<\/strong><\/span><\/p>\n<p><span style=\"font-size: 10pt;\"><span style=\"color: #000000;\"><a href=\"http:\/\/www.deanreed.de\/AmericanRebel\/2017\/?cat=114\" target=\"_blank\" rel=\"noopener noreferrer\">Weitere Artikel von Julius Jamal<\/a><br \/>\n<\/span><\/span><\/p>\n<p><span style=\"color: #ffffff;\">.<\/span><\/p>\n<blockquote>\n<p style=\"text-align: center;\"><span style=\"font-size: 10pt; color: #000000;\">F\u00fcr den Inhalt dieses Artikels ist der Autor bzw. die Autorin verantwortlich.<br \/>\nDabei muss es sich nicht grunds\u00e4tzlich um die Meinung der Redaktion handeln.<\/span><\/p>\n<table width=\"100%\" align=\"center\">\n<tbody>\n<tr>\n<td>\n<form action=\"https:\/\/www.paypal.com\/cgi-bin\/webscr\" method=\"post\" target=\"_top\"><input alt=\"Jetzt einfach, schnell und sicher online bezahlen \u2013 mit PayPal.\" name=\"submit\" src=\"https:\/\/www.paypalobjects.com\/de_DE\/DE\/i\/btn\/btn_donateCC_LG.gif\" type=\"image\" \/><\/form>\n<\/td>\n<td><span style=\"color: #993300;\"><strong>Auch linker Journalismus ist nicht kostenlos<br \/>\nund auch kleine Spenden k\u00f6nnen helfen Gro\u00dfes zu ver\u00f6ffentlichen!<\/strong><\/span><\/td>\n<\/tr>\n<\/tbody>\n<\/table>\n<div style=\"margin-left: 10px;\"><a title=\"zur Startseite\" href=\"http:\/\/www.americanrebel.de\/\"><img loading=\"lazy\" class=\"alignleft\" src=\"http:\/\/www.deanreed.de\/AmericanRebel\/2017\/wp-content\/uploads\/2017\/03\/back_ar.png\" alt=\"zur\u00fcck zur Startseite\" width=\"156\" height=\"15\" \/><\/a><\/div>\n<div style=\"margin-right: 10px;\"><a href=\"https:\/\/www.facebook.com\/groups\/1683837971860223\/permalink\/1987214344855916\/\" target=\"_blank\" rel=\"noopener noreferrer\"><img loading=\"lazy\" class=\"alignright\" src=\"http:\/\/www.deanreed.de\/AmericanRebel\/2017\/wp-content\/uploads\/2017\/03\/ar_zu_fb.png\" alt=\"hier geht es zur Facebook Diskussionsgruppe\" width=\"353\" height=\"15\" \/><\/a><\/div>\n<p style=\"text-align: center;\"><a href=\"#respond\" target=\"_blank\" rel=\"noopener noreferrer\"><img loading=\"lazy\" class=\"aligncenter\" src=\"http:\/\/www.deanreed.de\/AmericanRebel\/2017\/wp-content\/uploads\/2017\/03\/ar_kommentar-1.png\" alt=\"Sag uns deine Meinung zum Artikel mit einem Kommentar\/Leserbrief\" width=\"627\" height=\"20\" \/><\/a><span class=\"_4n-j _fbReactionComponent__eventDetailsContentTags fsl\" data-testid=\"event-permalink-details\"><\/div><!-- .hide-this-part --><\/div><!-- hide-this-part-wrap --><\/span><\/p>\n<\/blockquote>\n","protected":false},"excerpt":{"rendered":"<p>Julius Jamal Ausgangssperren sind nicht die Antwort auf Corona \u2013 Im Gespr\u00e4ch mit Niema Movassat Corona breitet sich aktuell massiv aus, die Bundesregierung hat gemeinsam mit einem Gro\u00dfteil der Bundesl\u00e4nder gestern beschlossen, dass es erstmal keine Ausgangssperre aber massive Einschr\u00e4nkungen [&hellip;]<a class=\"more-link\" href=\"https:\/\/www.deanreed.de\/AmericanRebel\/2017\/2020\/03\/23\/ausgangssperren-sind-nicht-die-antwort-auf-corona\/\">&darr; Lese den Rest von diesem Eintrag&#8230;<\/a><\/p>\n","protected":false},"author":2,"featured_media":0,"comment_status":"open","ping_status":"open","sticky":false,"template":"","format":"standard","meta":[],"categories":[1,114,2820],"tags":[4372,748,2987,135,4368,4359,4386,845,4378,838,4382,4367,4364,4360,4380,4387,4381,2149,4377,4376,4366,4370,4374,4373,4388,4389,4390,829,3936,4391,4371,4392,1060,1053,4385,4375,4228,902,4393,4361,4394,4395,4362,4396,2928,4384,3345,4379,4397,4398,4399,3832,1219,4369,4383,430,4400,1371],"yoast_head":"<!-- This site is optimized with the Yoast SEO plugin v17.5 - https:\/\/yoast.com\/wordpress\/plugins\/seo\/ -->\n<title>- Ausgangssperren keine Antwort auf Corona &ndash; Onlinezeitung AmericanRebel<\/title>\n<meta name=\"robots\" content=\"index, follow, max-snippet:-1, max-image-preview:large, max-video-preview:-1\" \/>\n<link rel=\"canonical\" href=\"https:\/\/www.deanreed.de\/AmericanRebel\/2017\/2020\/03\/23\/ausgangssperren-sind-nicht-die-antwort-auf-corona\/\" \/>\n<meta property=\"og:locale\" content=\"de_DE\" \/>\n<meta property=\"og:type\" content=\"article\" \/>\n<meta property=\"og:title\" content=\"- Ausgangssperren keine Antwort auf Corona &ndash; Onlinezeitung AmericanRebel\" \/>\n<meta property=\"og:description\" content=\"Julius Jamal Ausgangssperren sind nicht die Antwort auf Corona \u2013 Im Gespr\u00e4ch mit Niema Movassat Corona breitet sich aktuell massiv aus, die Bundesregierung hat gemeinsam mit einem Gro\u00dfteil der Bundesl\u00e4nder gestern beschlossen, dass es erstmal keine Ausgangssperre aber massive Einschr\u00e4nkungen [&hellip;]&darr; Lese den Rest von diesem Eintrag...\" \/>\n<meta property=\"og:url\" content=\"https:\/\/www.deanreed.de\/AmericanRebel\/2017\/2020\/03\/23\/ausgangssperren-sind-nicht-die-antwort-auf-corona\/\" \/>\n<meta property=\"og:site_name\" content=\"Onlinezeitung AmericanRebel\" \/>\n<meta property=\"article:published_time\" content=\"2020-03-23T14:30:03+00:00\" \/>\n<meta property=\"article:modified_time\" content=\"2020-04-02T19:32:41+00:00\" \/>\n<meta property=\"og:image\" content=\"http:\/\/www.deanreed.de\/AmericanRebel\/2017\/wp-content\/uploads\/2020\/03\/errr-1.jpg\" \/>\n\t<meta property=\"og:image:width\" content=\"640\" \/>\n\t<meta property=\"og:image:height\" content=\"320\" \/>\n<meta name=\"twitter:card\" content=\"summary_large_image\" \/>\n<meta name=\"twitter:label1\" content=\"Verfasst von\" \/>\n\t<meta name=\"twitter:data1\" content=\"Redaktion\" \/>\n\t<meta name=\"twitter:label2\" content=\"Gesch\u00e4tzte Lesezeit\" \/>\n\t<meta name=\"twitter:data2\" content=\"6\u00a0Minuten\" \/>\n<script type=\"application\/ld+json\" class=\"yoast-schema-graph\">{\"@context\":\"https:\/\/schema.org\",\"@graph\":[{\"@type\":\"WebSite\",\"@id\":\"https:\/\/www.deanreed.de\/AmericanRebel\/2017\/#website\",\"url\":\"https:\/\/www.deanreed.de\/AmericanRebel\/2017\/\",\"name\":\"Onlinezeitung AmericanRebel\",\"description\":\"Internationale Onlinezeitung f\\u00fcr Frieden, Humanismus, V\\u00f6lkerverst\\u00e4ndigung und Kultur\",\"potentialAction\":[{\"@type\":\"SearchAction\",\"target\":{\"@type\":\"EntryPoint\",\"urlTemplate\":\"https:\/\/www.deanreed.de\/AmericanRebel\/2017\/?s={search_term_string}\"},\"query-input\":\"required name=search_term_string\"}],\"inLanguage\":\"de\"},{\"@type\":\"ImageObject\",\"@id\":\"https:\/\/www.deanreed.de\/AmericanRebel\/2017\/2020\/03\/23\/ausgangssperren-sind-nicht-die-antwort-auf-corona\/#primaryimage\",\"inLanguage\":\"de\",\"url\":\"https:\/\/www.deanreed.de\/AmericanRebel\/2017\/wp-content\/uploads\/2020\/03\/errr-1.jpg\",\"contentUrl\":\"https:\/\/www.deanreed.de\/AmericanRebel\/2017\/wp-content\/uploads\/2020\/03\/errr-1.jpg\",\"width\":640,\"height\":320,\"caption\":\"Coronavirus. By CDC\/ Alissa Eckert\"},{\"@type\":\"WebPage\",\"@id\":\"https:\/\/www.deanreed.de\/AmericanRebel\/2017\/2020\/03\/23\/ausgangssperren-sind-nicht-die-antwort-auf-corona\/#webpage\",\"url\":\"https:\/\/www.deanreed.de\/AmericanRebel\/2017\/2020\/03\/23\/ausgangssperren-sind-nicht-die-antwort-auf-corona\/\",\"name\":\"- Ausgangssperren keine Antwort auf Corona &ndash; Onlinezeitung AmericanRebel\",\"isPartOf\":{\"@id\":\"https:\/\/www.deanreed.de\/AmericanRebel\/2017\/#website\"},\"primaryImageOfPage\":{\"@id\":\"https:\/\/www.deanreed.de\/AmericanRebel\/2017\/2020\/03\/23\/ausgangssperren-sind-nicht-die-antwort-auf-corona\/#primaryimage\"},\"datePublished\":\"2020-03-23T14:30:03+00:00\",\"dateModified\":\"2020-04-02T19:32:41+00:00\",\"author\":{\"@id\":\"https:\/\/www.deanreed.de\/AmericanRebel\/2017\/#\/schema\/person\/9edfca7917cd10b75edaae51c6e7935a\"},\"breadcrumb\":{\"@id\":\"https:\/\/www.deanreed.de\/AmericanRebel\/2017\/2020\/03\/23\/ausgangssperren-sind-nicht-die-antwort-auf-corona\/#breadcrumb\"},\"inLanguage\":\"de\",\"potentialAction\":[{\"@type\":\"ReadAction\",\"target\":[\"https:\/\/www.deanreed.de\/AmericanRebel\/2017\/2020\/03\/23\/ausgangssperren-sind-nicht-die-antwort-auf-corona\/\"]}]},{\"@type\":\"BreadcrumbList\",\"@id\":\"https:\/\/www.deanreed.de\/AmericanRebel\/2017\/2020\/03\/23\/ausgangssperren-sind-nicht-die-antwort-auf-corona\/#breadcrumb\",\"itemListElement\":[{\"@type\":\"ListItem\",\"position\":1,\"name\":\"Startseite\",\"item\":\"https:\/\/www.deanreed.de\/AmericanRebel\/2017\/\"},{\"@type\":\"ListItem\",\"position\":2,\"name\":\"&#8211; Ausgangssperren keine Antwort auf Corona\"}]},{\"@type\":\"Person\",\"@id\":\"https:\/\/www.deanreed.de\/AmericanRebel\/2017\/#\/schema\/person\/9edfca7917cd10b75edaae51c6e7935a\",\"name\":\"Redaktion\",\"url\":\"https:\/\/www.deanreed.de\/AmericanRebel\/2017\/author\/redaktion\/\"}]}<\/script>\n<!-- \/ Yoast SEO plugin. -->","yoast_head_json":{"title":"- Ausgangssperren keine Antwort auf Corona &ndash; Onlinezeitung AmericanRebel","robots":{"index":"index","follow":"follow","max-snippet":"max-snippet:-1","max-image-preview":"max-image-preview:large","max-video-preview":"max-video-preview:-1"},"canonical":"https:\/\/www.deanreed.de\/AmericanRebel\/2017\/2020\/03\/23\/ausgangssperren-sind-nicht-die-antwort-auf-corona\/","og_locale":"de_DE","og_type":"article","og_title":"- Ausgangssperren keine Antwort auf Corona &ndash; Onlinezeitung AmericanRebel","og_description":"Julius Jamal Ausgangssperren sind nicht die Antwort auf Corona \u2013 Im Gespr\u00e4ch mit Niema Movassat Corona breitet sich aktuell massiv aus, die Bundesregierung hat gemeinsam mit einem Gro\u00dfteil der Bundesl\u00e4nder gestern beschlossen, dass es erstmal keine Ausgangssperre aber massive Einschr\u00e4nkungen [&hellip;]&darr; Lese den Rest von diesem Eintrag...","og_url":"https:\/\/www.deanreed.de\/AmericanRebel\/2017\/2020\/03\/23\/ausgangssperren-sind-nicht-die-antwort-auf-corona\/","og_site_name":"Onlinezeitung AmericanRebel","article_published_time":"2020-03-23T14:30:03+00:00","article_modified_time":"2020-04-02T19:32:41+00:00","og_image":[{"width":640,"height":320,"url":"http:\/\/www.deanreed.de\/AmericanRebel\/2017\/wp-content\/uploads\/2020\/03\/errr-1.jpg","type":"image\/jpeg"}],"twitter_card":"summary_large_image","twitter_misc":{"Verfasst von":"Redaktion","Gesch\u00e4tzte Lesezeit":"6\u00a0Minuten"},"schema":{"@context":"https:\/\/schema.org","@graph":[{"@type":"WebSite","@id":"https:\/\/www.deanreed.de\/AmericanRebel\/2017\/#website","url":"https:\/\/www.deanreed.de\/AmericanRebel\/2017\/","name":"Onlinezeitung AmericanRebel","description":"Internationale Onlinezeitung f\u00fcr Frieden, Humanismus, V\u00f6lkerverst\u00e4ndigung und Kultur","potentialAction":[{"@type":"SearchAction","target":{"@type":"EntryPoint","urlTemplate":"https:\/\/www.deanreed.de\/AmericanRebel\/2017\/?s={search_term_string}"},"query-input":"required name=search_term_string"}],"inLanguage":"de"},{"@type":"ImageObject","@id":"https:\/\/www.deanreed.de\/AmericanRebel\/2017\/2020\/03\/23\/ausgangssperren-sind-nicht-die-antwort-auf-corona\/#primaryimage","inLanguage":"de","url":"https:\/\/www.deanreed.de\/AmericanRebel\/2017\/wp-content\/uploads\/2020\/03\/errr-1.jpg","contentUrl":"https:\/\/www.deanreed.de\/AmericanRebel\/2017\/wp-content\/uploads\/2020\/03\/errr-1.jpg","width":640,"height":320,"caption":"Coronavirus. By CDC\/ Alissa Eckert"},{"@type":"WebPage","@id":"https:\/\/www.deanreed.de\/AmericanRebel\/2017\/2020\/03\/23\/ausgangssperren-sind-nicht-die-antwort-auf-corona\/#webpage","url":"https:\/\/www.deanreed.de\/AmericanRebel\/2017\/2020\/03\/23\/ausgangssperren-sind-nicht-die-antwort-auf-corona\/","name":"- Ausgangssperren keine Antwort auf Corona &ndash; Onlinezeitung AmericanRebel","isPartOf":{"@id":"https:\/\/www.deanreed.de\/AmericanRebel\/2017\/#website"},"primaryImageOfPage":{"@id":"https:\/\/www.deanreed.de\/AmericanRebel\/2017\/2020\/03\/23\/ausgangssperren-sind-nicht-die-antwort-auf-corona\/#primaryimage"},"datePublished":"2020-03-23T14:30:03+00:00","dateModified":"2020-04-02T19:32:41+00:00","author":{"@id":"https:\/\/www.deanreed.de\/AmericanRebel\/2017\/#\/schema\/person\/9edfca7917cd10b75edaae51c6e7935a"},"breadcrumb":{"@id":"https:\/\/www.deanreed.de\/AmericanRebel\/2017\/2020\/03\/23\/ausgangssperren-sind-nicht-die-antwort-auf-corona\/#breadcrumb"},"inLanguage":"de","potentialAction":[{"@type":"ReadAction","target":["https:\/\/www.deanreed.de\/AmericanRebel\/2017\/2020\/03\/23\/ausgangssperren-sind-nicht-die-antwort-auf-corona\/"]}]},{"@type":"BreadcrumbList","@id":"https:\/\/www.deanreed.de\/AmericanRebel\/2017\/2020\/03\/23\/ausgangssperren-sind-nicht-die-antwort-auf-corona\/#breadcrumb","itemListElement":[{"@type":"ListItem","position":1,"name":"Startseite","item":"https:\/\/www.deanreed.de\/AmericanRebel\/2017\/"},{"@type":"ListItem","position":2,"name":"&#8211; Ausgangssperren keine Antwort auf Corona"}]},{"@type":"Person","@id":"https:\/\/www.deanreed.de\/AmericanRebel\/2017\/#\/schema\/person\/9edfca7917cd10b75edaae51c6e7935a","name":"Redaktion","url":"https:\/\/www.deanreed.de\/AmericanRebel\/2017\/author\/redaktion\/"}]}},"_links":{"self":[{"href":"https:\/\/www.deanreed.de\/AmericanRebel\/2017\/wp-json\/wp\/v2\/posts\/24765"}],"collection":[{"href":"https:\/\/www.deanreed.de\/AmericanRebel\/2017\/wp-json\/wp\/v2\/posts"}],"about":[{"href":"https:\/\/www.deanreed.de\/AmericanRebel\/2017\/wp-json\/wp\/v2\/types\/post"}],"author":[{"embeddable":true,"href":"https:\/\/www.deanreed.de\/AmericanRebel\/2017\/wp-json\/wp\/v2\/users\/2"}],"replies":[{"embeddable":true,"href":"https:\/\/www.deanreed.de\/AmericanRebel\/2017\/wp-json\/wp\/v2\/comments?post=24765"}],"version-history":[{"count":7,"href":"https:\/\/www.deanreed.de\/AmericanRebel\/2017\/wp-json\/wp\/v2\/posts\/24765\/revisions"}],"predecessor-version":[{"id":24816,"href":"https:\/\/www.deanreed.de\/AmericanRebel\/2017\/wp-json\/wp\/v2\/posts\/24765\/revisions\/24816"}],"wp:attachment":[{"href":"https:\/\/www.deanreed.de\/AmericanRebel\/2017\/wp-json\/wp\/v2\/media?parent=24765"}],"wp:term":[{"taxonomy":"category","embeddable":true,"href":"https:\/\/www.deanreed.de\/AmericanRebel\/2017\/wp-json\/wp\/v2\/categories?post=24765"},{"taxonomy":"post_tag","embeddable":true,"href":"https:\/\/www.deanreed.de\/AmericanRebel\/2017\/wp-json\/wp\/v2\/tags?post=24765"}],"curies":[{"name":"wp","href":"https:\/\/api.w.org\/{rel}","templated":true}]}}