{"id":23529,"date":"2019-12-20T02:50:57","date_gmt":"2019-12-20T01:50:57","guid":{"rendered":"http:\/\/www.deanreed.de\/AmericanRebel\/2017\/?p=23529"},"modified":"2019-12-20T03:05:42","modified_gmt":"2019-12-20T02:05:42","slug":"nach-kurzer-pause-schlaegt-sturmtief-elsa-heute-wieder-zu-warnstufe-rot-nach-grossen-schaeden-letzer-nacht","status":"publish","type":"post","link":"https:\/\/www.deanreed.de\/AmericanRebel\/2017\/2019\/12\/20\/nach-kurzer-pause-schlaegt-sturmtief-elsa-heute-wieder-zu-warnstufe-rot-nach-grossen-schaeden-letzer-nacht\/","title":{"rendered":"&#8211; Nach kurzer Pause schl\u00e4gt Sturmtief Elsa heute wieder zu"},"content":{"rendered":"<h4>Rui Filipe Gutschmidt<\/h4>\n<h2><strong>Nach kurzer Pause schl\u00e4gt Sturmtief Elsa heute wieder zu \u2013<br \/>\nWarnstufe ROT nach gro\u00dfen Sch\u00e4den letzer Nacht<\/strong><\/h2>\n<div id=\"attachment_8722\" style=\"width: 110px\" class=\"wp-caption alignleft\"><img aria-describedby=\"caption-attachment-8722\" loading=\"lazy\" class=\"size-full wp-image-8722\" src=\"http:\/\/www.deanreed.de\/AmericanRebel\/2017\/wp-content\/uploads\/2037\/12\/Rui_Gutschmidt.jpg\" alt=\"\" width=\"100\" height=\"150\" \/><p id=\"caption-attachment-8722\" class=\"wp-caption-text\"><span style=\"color: #808080;\">Rui Filipe Gutschmidt<\/span><\/p><\/div>\n<p style=\"text-align: justify;\"><span lang=\"de-DE\"><strong>In der Nacht von Mittwoch auf Donnertag wurde der Norden Portugals schwer vom Sturmtief Elsa erwischt. Der heftige Regen und der Sturm haben gro\u00dfe Sch\u00e4den verursacht und, nach einer kurzen Pause, wird ein weiterer Ausl\u00e4ufer des Tiefdruckgebiets Portugal und Spanien noch h\u00e4rter Treffen. Am Samstag kommt schon das n\u00e4chste Tief und vielleicht sollte man langsam an den Bau einer Arche denken&#8230;<\/strong><\/span><\/p>\n<p style=\"text-align: justify;\">Laut IPMA wird die Nordh\u00e4lfte der Iberischen Halbinsel diesen Nachmittag (19.12.2019) wieder hart von Sturmtief Elsa getroffen. Nachdem vergangene Nacht schon gro\u00dfe Sch\u00e4den verursacht wurden, steht den Portugiesen das schlimmste noch bevor. Vergangene Nacht wurden D\u00e4cher abgedeckt, B\u00e4ume entwurzelt und Tiefgaragen \u00fcberschwemmt.<\/p>\n<div id=\"attachment_23532\" style=\"width: 570px\" class=\"wp-caption aligncenter\"><img aria-describedby=\"caption-attachment-23532\" loading=\"lazy\" class=\" wp-image-23532\" src=\"http:\/\/www.deanreed.de\/AmericanRebel\/2017\/wp-content\/uploads\/2019\/12\/hem-300x163.jpg\" alt=\"\" width=\"560\" height=\"304\" srcset=\"https:\/\/www.deanreed.de\/AmericanRebel\/2017\/wp-content\/uploads\/2019\/12\/hem-300x163.jpg 300w, https:\/\/www.deanreed.de\/AmericanRebel\/2017\/wp-content\/uploads\/2019\/12\/hem.jpg 640w\" sizes=\"(max-width: 560px) 100vw, 560px\" \/><p id=\"caption-attachment-23532\" class=\"wp-caption-text\"><span style=\"color: #808080;\">\u00dcberschwemmung Stadtpark in Chaves, Portugal &#8211; Screenshot YouTube<\/span><\/p><\/div>\n<p style=\"text-align: justify;\">In Santo Tirso, im Distrikt Porto st\u00fcrzten B\u00e4ume auf das Haus und die Autos einer siebenk\u00f6pfigen Familie. Sie mussten vor\u00fcbergehend in einer Pension untergebracht werden. Der Kuhstall eines Milchbauern verlor ebenso Teile des Dachs und die Photovoltaikanlage, mit der die Produktion betrieben wurde. Im Distrikt Coimbra wurden zwei Br\u00fcder bei Waldarbeiten von der Maschine erschlagen, mit der sie umgest\u00fcrzte B\u00e4umen aus dem Weg r\u00e4umen wollten.<br \/>\n<div class=\"hide-this-part-wrap\"><div class=\"hide-this-part-more\" id=\"hide-this-part-0\" morelink-text=\"hier geht es weiter\">hier geht es weiter \u00bb<\/div><div class=\"hide-this-part\" status=\"invisible\"><\/p>\n<p style=\"text-align: justify;\">Die gestrige Vorhersage: \u201eMorgen (19.12.2019) zwischen 15 und 21 Uhr werden die Distrikte Viana do Castelo, Braga, Porto, Vila Real, Aveiro, Bragan\u00e7a, Viseu, Guarda, Castelo Branco und Coimbra wegen starker Windb\u00f6en von bis zu 85 Stundenkilometer, vor allem an der K\u00fcste, und bis zu 110 Kmh im Hochland, auf Warnstufe Gelb gesetzt.\u201c wurde also f\u00fcr den heutigen Tag noch einmal versch\u00e4rft. Die Warnstufe wurde auf Rot erh\u00f6ht und die erwarteten Windgeschwindigkeiten wurden auf 100 bis 120 Stundenkilometer nach oben korrigiert.<\/p>\n<p style=\"text-align: justify;\">Viele Menschen werden diese st\u00fcrmischen Stunden in H\u00e4usern ohne Strom, Gas und mit bereits schwer besch\u00e4digten D\u00e4chern, Fenster und T\u00fcren verleben. Mehrere Fl\u00fcsse k\u00f6nnen \u00fcber die Ufer treten: Lima, Tamega, Douro, Vouga und Mondego sind Fl\u00fcsse, die den Dauerregen auffangen und nicht schnell genug in Richtung Meer bringen.<\/p>\n<p style=\"text-align: justify;\">Inzwischen wird der Autor dieses Beitrags ebenfalls einpacken, bevor der Elsa wieder voll zuschl\u00e4gt! Erneut meine Warnung. Bleiben Sie in zuhause, wenn Sie raus m\u00fcssen, dann seien Sie besonders im Stra\u00dfenverkehr vorsichtig und bleiben sie fern von den Wellen am Ufer des Atlantiks. Unter B\u00e4umen oder in Garagen zu Parken ist auch keine gute Idee. Wenn ihre Garage \/ Keller volll\u00e4uft, dann versuchen sie nicht ihr Auto \u201ezu retten\u201c. Viele die dies versucht haben, sind dabei ertrunken. Luken dicht, Tauchstation!<\/p>\n<p><span style=\"font-size: 10pt;\">Erstver\u00f6ffentlichung heute in unserer Partnerzeitung <a href=\"http:\/\/www.Info-Welt.eu\" target=\"_blank\" rel=\"noopener noreferrer\">INFO-WELT<\/a>.<br \/>\n<span style=\"color: #ffffff;\">.<\/span><\/span><\/p>\n<p><span style=\"font-size: 12pt;\"><em><strong>Lest dazu auch:<\/strong><\/em><\/span><\/p>\n<blockquote class=\"wp-embedded-content\" data-secret=\"sDEtYMDEbt\"><p><a href=\"https:\/\/info-welt.eu\/sturmtief-elsa-zieht-ueber-portugals-norden-nach-wochenlangem-regen-drohen-lokale-ueberschwemmungen\/\">Sturmtief Elsa zieht \u00fcber Portugals Norden \u2013 nach wochenlangem Regen drohen lokale \u00dcberschwemmungen<\/a><\/p><\/blockquote>\n<p><iframe title=\"&#8222;Sturmtief Elsa zieht \u00fcber Portugals Norden \u2013 nach wochenlangem Regen drohen lokale \u00dcberschwemmungen&#8220; &#8212; info-welt.eu\" class=\"wp-embedded-content\" sandbox=\"allow-scripts\" security=\"restricted\" style=\"position: absolute; clip: rect(1px, 1px, 1px, 1px);\" src=\"https:\/\/info-welt.eu\/sturmtief-elsa-zieht-ueber-portugals-norden-nach-wochenlangem-regen-drohen-lokale-ueberschwemmungen\/embed\/#?secret=sDEtYMDEbt\" data-secret=\"sDEtYMDEbt\" width=\"500\" height=\"282\" frameborder=\"0\" marginwidth=\"0\" marginheight=\"0\" scrolling=\"no\"><\/iframe><\/p>\n<p><span style=\"color: #ffffff;\">.<\/span><br \/>\n<span style=\"font-size: 10pt;\"><a href=\"http:\/\/www.deanreed.de\/AmericanRebel\/2017\/?cat=122\" target=\"_blank\" rel=\"noopener noreferrer\">Weitere Artikel von Rui Filipe Gutschmidt<\/a><\/span><br \/>\n<span style=\"color: #ffffff;\">.<\/span><\/p>\n<blockquote>\n<p style=\"text-align: center;\"><span style=\"font-size: 10pt; color: #000000;\">F\u00fcr den Inhalt dieses Artikels ist der Autor bzw. die Autorin verantwortlich.<br \/>\nDabei muss es sich nicht grunds\u00e4tzlich um die Meinung der Redaktion handeln.<\/span><\/p>\n<table width=\"100%\" align=\"center\">\n<tbody>\n<tr>\n<td>\n<form action=\"https:\/\/www.paypal.com\/cgi-bin\/webscr\" method=\"post\" target=\"_top\"><input alt=\"Jetzt einfach, schnell und sicher online bezahlen \u2013 mit PayPal.\" name=\"submit\" src=\"https:\/\/www.paypalobjects.com\/de_DE\/DE\/i\/btn\/btn_donateCC_LG.gif\" type=\"image\" \/><\/form>\n<\/td>\n<td><span style=\"color: #993300;\"><strong>Auch linker Journalismus ist nicht kostenlos<br \/>\nund auch kleine Spenden k\u00f6nnen helfen Gro\u00dfes zu ver\u00f6ffentlichen!<\/strong><\/span><\/td>\n<\/tr>\n<\/tbody>\n<\/table>\n<div style=\"margin-left: 10px;\"><a title=\"zur Startseite\" href=\"http:\/\/www.americanrebel.de\/\"><img loading=\"lazy\" class=\"alignleft\" src=\"http:\/\/www.deanreed.de\/AmericanRebel\/2017\/wp-content\/uploads\/2017\/03\/back_ar.png\" alt=\"zur\u00fcck zur Startseite\" width=\"156\" height=\"15\" \/><\/a><\/div>\n<div style=\"margin-right: 10px;\"><a href=\"https:\/\/www.facebook.com\/groups\/1683837971860223\/permalink\/1987214344855916\/\" target=\"_blank\" rel=\"noopener noreferrer\"><img loading=\"lazy\" class=\"alignright\" src=\"http:\/\/www.deanreed.de\/AmericanRebel\/2017\/wp-content\/uploads\/2017\/03\/ar_zu_fb.png\" alt=\"hier geht es zur Facebook Diskussionsgruppe\" width=\"353\" height=\"15\" \/><\/a><\/div>\n<p style=\"text-align: center;\"><a href=\"#respond\" target=\"_blank\" rel=\"noopener noreferrer\"><img loading=\"lazy\" class=\"aligncenter\" src=\"http:\/\/www.deanreed.de\/AmericanRebel\/2017\/wp-content\/uploads\/2017\/03\/ar_kommentar-1.png\" alt=\"Sag uns deine Meinung zum Artikel mit einem Kommentar\/Leserbrief\" width=\"627\" height=\"20\" \/><\/a><span class=\"_4n-j _fbReactionComponent__eventDetailsContentTags fsl\" data-testid=\"event-permalink-details\"><\/div><!-- .hide-this-part --><\/div><!-- hide-this-part-wrap --><\/span><\/p>\n<\/blockquote>\n","protected":false},"excerpt":{"rendered":"<p>Rui Filipe Gutschmidt Nach kurzer Pause schl\u00e4gt Sturmtief Elsa heute wieder zu \u2013 Warnstufe ROT nach gro\u00dfen Sch\u00e4den letzer Nacht In der Nacht von Mittwoch auf Donnertag wurde der Norden Portugals schwer vom Sturmtief Elsa erwischt. Der heftige Regen und [&hellip;]<a class=\"more-link\" href=\"https:\/\/www.deanreed.de\/AmericanRebel\/2017\/2019\/12\/20\/nach-kurzer-pause-schlaegt-sturmtief-elsa-heute-wieder-zu-warnstufe-rot-nach-grossen-schaeden-letzer-nacht\/\">&darr; Lese den Rest von diesem Eintrag&#8230;<\/a><\/p>\n","protected":false},"author":2,"featured_media":0,"comment_status":"open","ping_status":"open","sticky":false,"template":"","format":"standard","meta":[],"categories":[1],"tags":[748,3523,135,1995,8,3538,3539,3540,3541,3413,3542,3543,3544,3545,3524,3546,3019,3536,1460,3547,1414,2876,3535,3548,2557,157,3526,3549,521,3550,3551,3552,3553,3554,3031,3354,733,3555,3556,3557,3558,2712,3559,3560],"yoast_head":"<!-- This site is optimized with the Yoast SEO plugin v17.5 - https:\/\/yoast.com\/wordpress\/plugins\/seo\/ -->\n<title>- Nach kurzer Pause schl\u00e4gt Sturmtief Elsa heute wieder zu &ndash; Onlinezeitung AmericanRebel<\/title>\n<meta name=\"robots\" content=\"index, follow, max-snippet:-1, max-image-preview:large, max-video-preview:-1\" \/>\n<link rel=\"canonical\" href=\"https:\/\/www.deanreed.de\/AmericanRebel\/2017\/2019\/12\/20\/nach-kurzer-pause-schlaegt-sturmtief-elsa-heute-wieder-zu-warnstufe-rot-nach-grossen-schaeden-letzer-nacht\/\" \/>\n<meta property=\"og:locale\" content=\"de_DE\" \/>\n<meta property=\"og:type\" content=\"article\" \/>\n<meta property=\"og:title\" content=\"- Nach kurzer Pause schl\u00e4gt Sturmtief Elsa heute wieder zu &ndash; Onlinezeitung AmericanRebel\" \/>\n<meta property=\"og:description\" content=\"Rui Filipe Gutschmidt Nach kurzer Pause schl\u00e4gt Sturmtief Elsa heute wieder zu \u2013 Warnstufe ROT nach gro\u00dfen Sch\u00e4den letzer Nacht In der Nacht von Mittwoch auf Donnertag wurde der Norden Portugals schwer vom Sturmtief Elsa erwischt. Der heftige Regen und [&hellip;]&darr; Lese den Rest von diesem Eintrag...\" \/>\n<meta property=\"og:url\" content=\"https:\/\/www.deanreed.de\/AmericanRebel\/2017\/2019\/12\/20\/nach-kurzer-pause-schlaegt-sturmtief-elsa-heute-wieder-zu-warnstufe-rot-nach-grossen-schaeden-letzer-nacht\/\" \/>\n<meta property=\"og:site_name\" content=\"Onlinezeitung AmericanRebel\" \/>\n<meta property=\"article:published_time\" content=\"2019-12-20T01:50:57+00:00\" \/>\n<meta property=\"article:modified_time\" content=\"2019-12-20T02:05:42+00:00\" \/>\n<meta property=\"og:image\" content=\"http:\/\/www.deanreed.de\/AmericanRebel\/2017\/wp-content\/uploads\/2019\/12\/hem.jpg\" \/>\n\t<meta property=\"og:image:width\" content=\"640\" \/>\n\t<meta property=\"og:image:height\" content=\"348\" \/>\n<meta name=\"twitter:card\" content=\"summary_large_image\" \/>\n<meta name=\"twitter:label1\" content=\"Verfasst von\" \/>\n\t<meta name=\"twitter:data1\" content=\"Redaktion\" \/>\n\t<meta name=\"twitter:label2\" content=\"Gesch\u00e4tzte Lesezeit\" \/>\n\t<meta name=\"twitter:data2\" content=\"3\u00a0Minuten\" \/>\n<script type=\"application\/ld+json\" class=\"yoast-schema-graph\">{\"@context\":\"https:\/\/schema.org\",\"@graph\":[{\"@type\":\"WebSite\",\"@id\":\"https:\/\/www.deanreed.de\/AmericanRebel\/2017\/#website\",\"url\":\"https:\/\/www.deanreed.de\/AmericanRebel\/2017\/\",\"name\":\"Onlinezeitung AmericanRebel\",\"description\":\"Internationale Onlinezeitung f\\u00fcr Frieden, Humanismus, V\\u00f6lkerverst\\u00e4ndigung und Kultur\",\"potentialAction\":[{\"@type\":\"SearchAction\",\"target\":{\"@type\":\"EntryPoint\",\"urlTemplate\":\"https:\/\/www.deanreed.de\/AmericanRebel\/2017\/?s={search_term_string}\"},\"query-input\":\"required name=search_term_string\"}],\"inLanguage\":\"de\"},{\"@type\":\"ImageObject\",\"@id\":\"https:\/\/www.deanreed.de\/AmericanRebel\/2017\/2019\/12\/20\/nach-kurzer-pause-schlaegt-sturmtief-elsa-heute-wieder-zu-warnstufe-rot-nach-grossen-schaeden-letzer-nacht\/#primaryimage\",\"inLanguage\":\"de\",\"url\":\"https:\/\/www.deanreed.de\/AmericanRebel\/2017\/wp-content\/uploads\/2019\/12\/hem.jpg\",\"contentUrl\":\"https:\/\/www.deanreed.de\/AmericanRebel\/2017\/wp-content\/uploads\/2019\/12\/hem.jpg\",\"width\":640,\"height\":348,\"caption\":\"\\u00dcberschwemmung Stadtpark in Chaves, Portugal - Screenshot YouTube\"},{\"@type\":\"WebPage\",\"@id\":\"https:\/\/www.deanreed.de\/AmericanRebel\/2017\/2019\/12\/20\/nach-kurzer-pause-schlaegt-sturmtief-elsa-heute-wieder-zu-warnstufe-rot-nach-grossen-schaeden-letzer-nacht\/#webpage\",\"url\":\"https:\/\/www.deanreed.de\/AmericanRebel\/2017\/2019\/12\/20\/nach-kurzer-pause-schlaegt-sturmtief-elsa-heute-wieder-zu-warnstufe-rot-nach-grossen-schaeden-letzer-nacht\/\",\"name\":\"- Nach kurzer Pause schl\\u00e4gt Sturmtief Elsa heute wieder zu &ndash; Onlinezeitung AmericanRebel\",\"isPartOf\":{\"@id\":\"https:\/\/www.deanreed.de\/AmericanRebel\/2017\/#website\"},\"primaryImageOfPage\":{\"@id\":\"https:\/\/www.deanreed.de\/AmericanRebel\/2017\/2019\/12\/20\/nach-kurzer-pause-schlaegt-sturmtief-elsa-heute-wieder-zu-warnstufe-rot-nach-grossen-schaeden-letzer-nacht\/#primaryimage\"},\"datePublished\":\"2019-12-20T01:50:57+00:00\",\"dateModified\":\"2019-12-20T02:05:42+00:00\",\"author\":{\"@id\":\"https:\/\/www.deanreed.de\/AmericanRebel\/2017\/#\/schema\/person\/9edfca7917cd10b75edaae51c6e7935a\"},\"breadcrumb\":{\"@id\":\"https:\/\/www.deanreed.de\/AmericanRebel\/2017\/2019\/12\/20\/nach-kurzer-pause-schlaegt-sturmtief-elsa-heute-wieder-zu-warnstufe-rot-nach-grossen-schaeden-letzer-nacht\/#breadcrumb\"},\"inLanguage\":\"de\",\"potentialAction\":[{\"@type\":\"ReadAction\",\"target\":[\"https:\/\/www.deanreed.de\/AmericanRebel\/2017\/2019\/12\/20\/nach-kurzer-pause-schlaegt-sturmtief-elsa-heute-wieder-zu-warnstufe-rot-nach-grossen-schaeden-letzer-nacht\/\"]}]},{\"@type\":\"BreadcrumbList\",\"@id\":\"https:\/\/www.deanreed.de\/AmericanRebel\/2017\/2019\/12\/20\/nach-kurzer-pause-schlaegt-sturmtief-elsa-heute-wieder-zu-warnstufe-rot-nach-grossen-schaeden-letzer-nacht\/#breadcrumb\",\"itemListElement\":[{\"@type\":\"ListItem\",\"position\":1,\"name\":\"Startseite\",\"item\":\"https:\/\/www.deanreed.de\/AmericanRebel\/2017\/\"},{\"@type\":\"ListItem\",\"position\":2,\"name\":\"&#8211; Nach kurzer Pause schl\\u00e4gt Sturmtief Elsa heute wieder zu\"}]},{\"@type\":\"Person\",\"@id\":\"https:\/\/www.deanreed.de\/AmericanRebel\/2017\/#\/schema\/person\/9edfca7917cd10b75edaae51c6e7935a\",\"name\":\"Redaktion\",\"url\":\"https:\/\/www.deanreed.de\/AmericanRebel\/2017\/author\/redaktion\/\"}]}<\/script>\n<!-- \/ Yoast SEO plugin. -->","yoast_head_json":{"title":"- Nach kurzer Pause schl\u00e4gt Sturmtief Elsa heute wieder zu &ndash; Onlinezeitung AmericanRebel","robots":{"index":"index","follow":"follow","max-snippet":"max-snippet:-1","max-image-preview":"max-image-preview:large","max-video-preview":"max-video-preview:-1"},"canonical":"https:\/\/www.deanreed.de\/AmericanRebel\/2017\/2019\/12\/20\/nach-kurzer-pause-schlaegt-sturmtief-elsa-heute-wieder-zu-warnstufe-rot-nach-grossen-schaeden-letzer-nacht\/","og_locale":"de_DE","og_type":"article","og_title":"- Nach kurzer Pause schl\u00e4gt Sturmtief Elsa heute wieder zu &ndash; Onlinezeitung AmericanRebel","og_description":"Rui Filipe Gutschmidt Nach kurzer Pause schl\u00e4gt Sturmtief Elsa heute wieder zu \u2013 Warnstufe ROT nach gro\u00dfen Sch\u00e4den letzer Nacht In der Nacht von Mittwoch auf Donnertag wurde der Norden Portugals schwer vom Sturmtief Elsa erwischt. Der heftige Regen und [&hellip;]&darr; Lese den Rest von diesem Eintrag...","og_url":"https:\/\/www.deanreed.de\/AmericanRebel\/2017\/2019\/12\/20\/nach-kurzer-pause-schlaegt-sturmtief-elsa-heute-wieder-zu-warnstufe-rot-nach-grossen-schaeden-letzer-nacht\/","og_site_name":"Onlinezeitung AmericanRebel","article_published_time":"2019-12-20T01:50:57+00:00","article_modified_time":"2019-12-20T02:05:42+00:00","og_image":[{"width":640,"height":348,"url":"http:\/\/www.deanreed.de\/AmericanRebel\/2017\/wp-content\/uploads\/2019\/12\/hem.jpg","type":"image\/jpeg"}],"twitter_card":"summary_large_image","twitter_misc":{"Verfasst von":"Redaktion","Gesch\u00e4tzte Lesezeit":"3\u00a0Minuten"},"schema":{"@context":"https:\/\/schema.org","@graph":[{"@type":"WebSite","@id":"https:\/\/www.deanreed.de\/AmericanRebel\/2017\/#website","url":"https:\/\/www.deanreed.de\/AmericanRebel\/2017\/","name":"Onlinezeitung AmericanRebel","description":"Internationale Onlinezeitung f\u00fcr Frieden, Humanismus, V\u00f6lkerverst\u00e4ndigung und Kultur","potentialAction":[{"@type":"SearchAction","target":{"@type":"EntryPoint","urlTemplate":"https:\/\/www.deanreed.de\/AmericanRebel\/2017\/?s={search_term_string}"},"query-input":"required name=search_term_string"}],"inLanguage":"de"},{"@type":"ImageObject","@id":"https:\/\/www.deanreed.de\/AmericanRebel\/2017\/2019\/12\/20\/nach-kurzer-pause-schlaegt-sturmtief-elsa-heute-wieder-zu-warnstufe-rot-nach-grossen-schaeden-letzer-nacht\/#primaryimage","inLanguage":"de","url":"https:\/\/www.deanreed.de\/AmericanRebel\/2017\/wp-content\/uploads\/2019\/12\/hem.jpg","contentUrl":"https:\/\/www.deanreed.de\/AmericanRebel\/2017\/wp-content\/uploads\/2019\/12\/hem.jpg","width":640,"height":348,"caption":"\u00dcberschwemmung Stadtpark in Chaves, Portugal - Screenshot YouTube"},{"@type":"WebPage","@id":"https:\/\/www.deanreed.de\/AmericanRebel\/2017\/2019\/12\/20\/nach-kurzer-pause-schlaegt-sturmtief-elsa-heute-wieder-zu-warnstufe-rot-nach-grossen-schaeden-letzer-nacht\/#webpage","url":"https:\/\/www.deanreed.de\/AmericanRebel\/2017\/2019\/12\/20\/nach-kurzer-pause-schlaegt-sturmtief-elsa-heute-wieder-zu-warnstufe-rot-nach-grossen-schaeden-letzer-nacht\/","name":"- Nach kurzer Pause schl\u00e4gt Sturmtief Elsa heute wieder zu &ndash; Onlinezeitung AmericanRebel","isPartOf":{"@id":"https:\/\/www.deanreed.de\/AmericanRebel\/2017\/#website"},"primaryImageOfPage":{"@id":"https:\/\/www.deanreed.de\/AmericanRebel\/2017\/2019\/12\/20\/nach-kurzer-pause-schlaegt-sturmtief-elsa-heute-wieder-zu-warnstufe-rot-nach-grossen-schaeden-letzer-nacht\/#primaryimage"},"datePublished":"2019-12-20T01:50:57+00:00","dateModified":"2019-12-20T02:05:42+00:00","author":{"@id":"https:\/\/www.deanreed.de\/AmericanRebel\/2017\/#\/schema\/person\/9edfca7917cd10b75edaae51c6e7935a"},"breadcrumb":{"@id":"https:\/\/www.deanreed.de\/AmericanRebel\/2017\/2019\/12\/20\/nach-kurzer-pause-schlaegt-sturmtief-elsa-heute-wieder-zu-warnstufe-rot-nach-grossen-schaeden-letzer-nacht\/#breadcrumb"},"inLanguage":"de","potentialAction":[{"@type":"ReadAction","target":["https:\/\/www.deanreed.de\/AmericanRebel\/2017\/2019\/12\/20\/nach-kurzer-pause-schlaegt-sturmtief-elsa-heute-wieder-zu-warnstufe-rot-nach-grossen-schaeden-letzer-nacht\/"]}]},{"@type":"BreadcrumbList","@id":"https:\/\/www.deanreed.de\/AmericanRebel\/2017\/2019\/12\/20\/nach-kurzer-pause-schlaegt-sturmtief-elsa-heute-wieder-zu-warnstufe-rot-nach-grossen-schaeden-letzer-nacht\/#breadcrumb","itemListElement":[{"@type":"ListItem","position":1,"name":"Startseite","item":"https:\/\/www.deanreed.de\/AmericanRebel\/2017\/"},{"@type":"ListItem","position":2,"name":"&#8211; Nach kurzer Pause schl\u00e4gt Sturmtief Elsa heute wieder zu"}]},{"@type":"Person","@id":"https:\/\/www.deanreed.de\/AmericanRebel\/2017\/#\/schema\/person\/9edfca7917cd10b75edaae51c6e7935a","name":"Redaktion","url":"https:\/\/www.deanreed.de\/AmericanRebel\/2017\/author\/redaktion\/"}]}},"_links":{"self":[{"href":"https:\/\/www.deanreed.de\/AmericanRebel\/2017\/wp-json\/wp\/v2\/posts\/23529"}],"collection":[{"href":"https:\/\/www.deanreed.de\/AmericanRebel\/2017\/wp-json\/wp\/v2\/posts"}],"about":[{"href":"https:\/\/www.deanreed.de\/AmericanRebel\/2017\/wp-json\/wp\/v2\/types\/post"}],"author":[{"embeddable":true,"href":"https:\/\/www.deanreed.de\/AmericanRebel\/2017\/wp-json\/wp\/v2\/users\/2"}],"replies":[{"embeddable":true,"href":"https:\/\/www.deanreed.de\/AmericanRebel\/2017\/wp-json\/wp\/v2\/comments?post=23529"}],"version-history":[{"count":9,"href":"https:\/\/www.deanreed.de\/AmericanRebel\/2017\/wp-json\/wp\/v2\/posts\/23529\/revisions"}],"predecessor-version":[{"id":23539,"href":"https:\/\/www.deanreed.de\/AmericanRebel\/2017\/wp-json\/wp\/v2\/posts\/23529\/revisions\/23539"}],"wp:attachment":[{"href":"https:\/\/www.deanreed.de\/AmericanRebel\/2017\/wp-json\/wp\/v2\/media?parent=23529"}],"wp:term":[{"taxonomy":"category","embeddable":true,"href":"https:\/\/www.deanreed.de\/AmericanRebel\/2017\/wp-json\/wp\/v2\/categories?post=23529"},{"taxonomy":"post_tag","embeddable":true,"href":"https:\/\/www.deanreed.de\/AmericanRebel\/2017\/wp-json\/wp\/v2\/tags?post=23529"}],"curies":[{"name":"wp","href":"https:\/\/api.w.org\/{rel}","templated":true}]}}